
{"id":213290,"date":"2020-02-06T09:02:00","date_gmt":"2020-02-06T14:02:00","guid":{"rendered":"https:\/\/oncubanews.com\/en\/?p=213290"},"modified":"2020-02-06T09:02:00","modified_gmt":"2020-02-06T14:02:00","slug":"cuban-foreign-minister-responds-to-trump-after-his-state-of-the-union-address","status":"publish","type":"post","link":"https:\/\/oncubanews.com\/en\/cuba-usa\/cuban-foreign-minister-responds-to-trump-after-his-state-of-the-union-address\/","title":{"rendered":"Cuban Foreign Minister responds to Trump after his State of the Union address"},"content":{"rendered":"<p><span style=\"font-weight: 400;\">Cuban Foreign Minister Bruno Rodr\u00edguez responded to President <\/span><a href=\"https:\/\/oncubanews.com\/tag\/donald-trump-es\/\" target=\"_blank\" rel=\"noopener noreferrer\"><span style=\"font-weight: 400;\">Donald Trump<\/span><\/a><span style=\"font-weight: 400;\">\u2019s allusions to Cuba in the State of the Union address, which the U.S. president gave this Tuesday night before Congress.<\/span><\/p>\n<p><span style=\"font-weight: 400;\">\u201cIf President Trump wanted to support the people of Cuba, he would have to lift the genocidal blockade, resume banned flights and grant visas to Cubans,\u201d Rodr\u00edguez wrote in his Twitter account.<\/span><\/p>\n<p><span style=\"font-weight: 400;\">\u201cHe should restore Americans\u2019 freedom to travel to Cuba,\u201d he added.<\/span><\/p>\n<blockquote class=\"twitter-tweet\" data-width=\"500\" data-dnt=\"true\">\n<p lang=\"es\" dir=\"ltr\">Si el pdte Trump (Estado de la Uni\u00f3n) quisiera apoyar al pueblo de <a href=\"https:\/\/twitter.com\/hashtag\/Cuba?src=hash&amp;ref_src=twsrc%5Etfw\">#Cuba<\/a>, tendr\u00eda que levantar el bloqueo genocida, reanudar vuelos prohibidos y otorgar visas a los cubanos. Deber\u00eda restablecer  la libertad de viajar a Cuba a los estadounidenses. <a href=\"https:\/\/twitter.com\/hashtag\/SOTUS?src=hash&amp;ref_src=twsrc%5Etfw\">#SOTUS<\/a> <a href=\"https:\/\/twitter.com\/hashtag\/StateOfTheUnion?src=hash&amp;ref_src=twsrc%5Etfw\">#StateOfTheUnion<\/a><\/p>\n<p>&mdash; Bruno Rodr\u00edguez P (@BrunoRguezP) <a href=\"https:\/\/twitter.com\/BrunoRguezP\/status\/1224889906960441344?ref_src=twsrc%5Etfw\">February 5, 2020<\/a><\/p><\/blockquote>\n<p><script async src=\"https:\/\/platform.twitter.com\/widgets.js\" charset=\"utf-8\"><\/script><\/p>\n<p><span style=\"font-weight: 400;\">The foreign minister\u2019s tweet came after Trump expressed in the Capitol his support for \u201cthe hopes\u201d of Cubans, Nicaraguans and Venezuelans \u201cto restore democracy.\u201d<\/span><\/p>\n<p><span style=\"font-weight: 400;\">\u201cAs we restore American leadership throughout the world, we are once again standing up for freedom in our hemisphere. That is why my administration reversed the failing policies of the previous administration on Cuba,\u201d said the president this Tuesday.<\/span><\/p>\n<p><span style=\"font-weight: 400;\">Rodr\u00edguez&#8217;s response was supported by other Cuban officials, such as Carlos Fern\u00e1ndez de Coss\u00edo, director of the Foreign Ministry\u2019s United States Department, and Johana Tablada, deputy director of this section of the Foreign Ministry.<\/span><\/p>\n<p><span style=\"font-weight: 400;\">Fern\u00e1ndez de Coss\u00edo said that \u201cU.S. policy seeks to use its immense and asymmetrical power to cause Cuba\u2019s economic collapse\u201d and shows \u201ca sickly dread at the possibility that a small Caribbean nation can show economic and social successes if it were allowed to live in peace.\u201d<\/span><\/p>\n<blockquote class=\"twitter-tweet\" data-width=\"500\" data-dnt=\"true\">\n<p lang=\"es\" dir=\"ltr\">La pol\u00edtica estadounidense busca aporvehcar su inmenso y asim\u00e9trico poder para provocar el colapso econ\u00f3mico de <a href=\"https:\/\/twitter.com\/hashtag\/Cuba?src=hash&amp;ref_src=twsrc%5Etfw\">#Cuba<\/a> .  Un pavor enfermizo ante la posibilidad de que una naci\u00f3n peque\u00f1a del Caribe pueda mostrar \u00e9xitos economicos y sociales si se le permite vivir en paz.<\/p>\n<p>&mdash; Carlos F. de Cossio (@CarlosFdeCossio) <a href=\"https:\/\/twitter.com\/CarlosFdeCossio\/status\/1224891835908345857?ref_src=twsrc%5Etfw\">February 5, 2020<\/a><\/p><\/blockquote>\n<p><script async src=\"https:\/\/platform.twitter.com\/widgets.js\" charset=\"utf-8\"><\/script><\/p>\n<p><span style=\"font-weight: 400;\">For her part, Tablada said she agreed with Rodr\u00edguez and wrote that \u201cwith the cynicism of unilateral measures of extermination against Cuba and its people, President Trump and other senior U.S. government officials have taken hypocrisy to unprecedented levels.\u201d<\/span><\/p>\n<blockquote class=\"twitter-tweet\" data-width=\"500\" data-dnt=\"true\">\n<p lang=\"es\" dir=\"ltr\">De acuerdo! Crece el abismo entre discurso y realidad.  Con cinismo de pol\u00edtica de medidas unilaterales exterminio contra <a href=\"https:\/\/twitter.com\/hashtag\/Cuba?src=hash&amp;ref_src=twsrc%5Etfw\">#Cuba<\/a> y su pueblo, el Presidente <a href=\"https:\/\/twitter.com\/hashtag\/Trump?src=hash&amp;ref_src=twsrc%5Etfw\">#Trump<\/a> y otros altos funcionarios gobierno de <a href=\"https:\/\/twitter.com\/hashtag\/EstadosUnidos?src=hash&amp;ref_src=twsrc%5Etfw\">#EstadosUnidos<\/a>  han llevado la hipocres\u00eda a niveles nunca antes vistos.<\/p>\n<p>&mdash; Johana Tablada de la Torre (@JohanaTablada) <a href=\"https:\/\/twitter.com\/JohanaTablada\/status\/1224908055663587328?ref_src=twsrc%5Etfw\">February 5, 2020<\/a><\/p><\/blockquote>\n<p><script async src=\"https:\/\/platform.twitter.com\/widgets.js\" charset=\"utf-8\"><\/script><\/p>\n<p><span style=\"font-weight: 400;\">After the thaw between Cuba and the U.S. promoted by former presidents Barack Obama and Ra\u00fal Castro, relations between the two countries have receded following the arrival of Donald Trump in the White House. The current U.S. government has rolled back Obama&#8217;s policies and imposed new sanctions on the island, including new restrictions on travel and remittances, the prohibition of cruises and the closure of consular services in Havana.\u00a0<\/span><\/p>\n<p><span style=\"font-weight: 400;\">In addition, it has returned to hostile rhetoric towards the island, and several incidents have occurred that have led to minimal bilateral ties, in a context marked by the upcoming presidential elections in the United States.<\/span><\/p>\n<blockquote class=\"wp-embedded-content\" data-secret=\"B0PLhQDTcE\"><p><a href=\"https:\/\/oncubanews.com\/en\/cuba-usa\/could-diplomatic-relations-between-cuba-and-the-united-states-be-broken\/\">Could diplomatic relations between Cuba and the United States be broken?<\/a><\/p><\/blockquote>\n<p><iframe loading=\"lazy\" class=\"wp-embedded-content\" sandbox=\"allow-scripts\" security=\"restricted\" style=\"position: absolute; clip: rect(1px, 1px, 1px, 1px);\" title=\"&#8220;Could diplomatic relations between Cuba and the United States be broken?&#8221; &#8212; OnCubaNews English\" src=\"https:\/\/oncubanews.com\/en\/cuba-usa\/could-diplomatic-relations-between-cuba-and-the-united-states-be-broken\/embed\/#?secret=Nnvdpg6b1B#?secret=B0PLhQDTcE\" data-secret=\"B0PLhQDTcE\" width=\"500\" height=\"282\" frameborder=\"0\" marginwidth=\"0\" marginheight=\"0\" scrolling=\"no\"><\/iframe><\/p>\n","protected":false},"excerpt":{"rendered":"<p>Cuban Foreign Minister Bruno Rodr\u00edguez responded to President Donald Trump\u2019s allusions to Cuba in the State of the Union address, which the U.S. president gave this Tuesday night before Congress. \u201cIf President Trump wanted to support the people of Cuba, he would have to lift the genocidal blockade, resume banned flights and grant visas to [&hellip;]<\/p>\n","protected":false},"author":3134,"featured_media":213296,"comment_status":"open","ping_status":"closed","sticky":false,"template":"","format":"standard","meta":{"_acf_changed":false,"footnotes":""},"categories":[13944],"tags":[18240,14891,14973],"ppma_author":[33546,8689],"class_list":["post-213290","post","type-post","status-publish","format-standard","has-post-thumbnail","hentry","category-cuba-usa","tag-cuba-foreign-affairs-ministry","tag-cuba-usa-relations","tag-donald-trump-administration"],"acf":[],"yoast_head":"<!-- This site is optimized with the Yoast SEO plugin v27.3 - https:\/\/yoast.com\/product\/yoast-seo-wordpress\/ -->\n<title>Cuban Foreign Minister responds to Trump after his State of the Union address | OnCubaNews English<\/title>\n<meta name=\"description\" content=\"The U.S. president had said his government supports \u201cthe hopes\u201d of Cubans, Nicaraguans and Venezuelans \u201cto restore democracy.\u201d\" \/>\n<meta name=\"robots\" content=\"index, follow, max-snippet:-1, max-image-preview:large, max-video-preview:-1\" \/>\n<link rel=\"canonical\" href=\"https:\/\/oncubanews.com\/en\/cuba-usa\/cuban-foreign-minister-responds-to-trump-after-his-state-of-the-union-address\/\" \/>\n<meta property=\"og:locale\" content=\"en_US\" \/>\n<meta property=\"og:type\" content=\"article\" \/>\n<meta property=\"og:title\" content=\"Cuban Foreign Minister responds to Trump after his State of the Union address | OnCubaNews English\" \/>\n<meta property=\"og:description\" content=\"The U.S. president had said his government supports \u201cthe hopes\u201d of Cubans, Nicaraguans and Venezuelans \u201cto restore democracy.\u201d\" \/>\n<meta property=\"og:url\" content=\"https:\/\/oncubanews.com\/en\/cuba-usa\/cuban-foreign-minister-responds-to-trump-after-his-state-of-the-union-address\/\" \/>\n<meta property=\"og:site_name\" content=\"OnCubaNews English\" \/>\n<meta property=\"article:published_time\" content=\"2020-02-06T14:02:00+00:00\" \/>\n<meta property=\"og:image\" content=\"https:\/\/oncubanews.com\/en\/wp-content\/uploads\/2020\/02\/bloqueo-2-1.jpg\" \/>\n\t<meta property=\"og:image:width\" content=\"750\" \/>\n\t<meta property=\"og:image:height\" content=\"536\" \/>\n\t<meta property=\"og:image:type\" content=\"image\/jpeg\" \/>\n<meta name=\"author\" content=\"OnCuba Staff, OnCuba editorial staff\" \/>\n<meta name=\"twitter:card\" content=\"summary_large_image\" \/>\n<meta name=\"twitter:label1\" content=\"Written by\" \/>\n\t<meta name=\"twitter:data1\" content=\"OnCuba Staff\" \/>\n\t<meta name=\"twitter:label2\" content=\"Est. reading time\" \/>\n\t<meta name=\"twitter:data2\" content=\"2 minutes\" \/>\n<script type=\"application\/ld+json\" class=\"yoast-schema-graph\">{\"@context\":\"https:\\\/\\\/schema.org\",\"@graph\":[{\"@type\":\"Article\",\"@id\":\"https:\\\/\\\/oncubanews.com\\\/en\\\/cuba-usa\\\/cuban-foreign-minister-responds-to-trump-after-his-state-of-the-union-address\\\/#article\",\"isPartOf\":{\"@id\":\"https:\\\/\\\/oncubanews.com\\\/en\\\/cuba-usa\\\/cuban-foreign-minister-responds-to-trump-after-his-state-of-the-union-address\\\/\"},\"author\":{\"name\":\"OnCuba Staff\",\"@id\":\"https:\\\/\\\/oncubanews.com\\\/en\\\/#\\\/schema\\\/person\\\/d7171bf311032ab1f557dd8332e714af\"},\"headline\":\"Cuban Foreign Minister responds to Trump after his State of the Union address\",\"datePublished\":\"2020-02-06T14:02:00+00:00\",\"mainEntityOfPage\":{\"@id\":\"https:\\\/\\\/oncubanews.com\\\/en\\\/cuba-usa\\\/cuban-foreign-minister-responds-to-trump-after-his-state-of-the-union-address\\\/\"},\"wordCount\":470,\"commentCount\":0,\"image\":{\"@id\":\"https:\\\/\\\/oncubanews.com\\\/en\\\/cuba-usa\\\/cuban-foreign-minister-responds-to-trump-after-his-state-of-the-union-address\\\/#primaryimage\"},\"thumbnailUrl\":\"https:\\\/\\\/oncubanews.com\\\/en\\\/wp-content\\\/uploads\\\/2020\\\/02\\\/bloqueo-2-1.jpg\",\"keywords\":[\"Cuba Foreign Affairs Ministry\",\"Cuba-USA Relations\",\"Donald Trump Administration\"],\"articleSection\":[\"Cuba-USA\"],\"inLanguage\":\"en-US\",\"potentialAction\":[{\"@type\":\"CommentAction\",\"name\":\"Comment\",\"target\":[\"https:\\\/\\\/oncubanews.com\\\/en\\\/cuba-usa\\\/cuban-foreign-minister-responds-to-trump-after-his-state-of-the-union-address\\\/#respond\"]}],\"copyrightYear\":\"2020\",\"copyrightHolder\":{\"@id\":\"https:\\\/\\\/oncubanews.com\\\/en\\\/#organization\"}},{\"@type\":\"WebPage\",\"@id\":\"https:\\\/\\\/oncubanews.com\\\/en\\\/cuba-usa\\\/cuban-foreign-minister-responds-to-trump-after-his-state-of-the-union-address\\\/\",\"url\":\"https:\\\/\\\/oncubanews.com\\\/en\\\/cuba-usa\\\/cuban-foreign-minister-responds-to-trump-after-his-state-of-the-union-address\\\/\",\"name\":\"Cuban Foreign Minister responds to Trump after his State of the Union address | OnCubaNews English\",\"isPartOf\":{\"@id\":\"https:\\\/\\\/oncubanews.com\\\/en\\\/#website\"},\"primaryImageOfPage\":{\"@id\":\"https:\\\/\\\/oncubanews.com\\\/en\\\/cuba-usa\\\/cuban-foreign-minister-responds-to-trump-after-his-state-of-the-union-address\\\/#primaryimage\"},\"image\":{\"@id\":\"https:\\\/\\\/oncubanews.com\\\/en\\\/cuba-usa\\\/cuban-foreign-minister-responds-to-trump-after-his-state-of-the-union-address\\\/#primaryimage\"},\"thumbnailUrl\":\"https:\\\/\\\/oncubanews.com\\\/en\\\/wp-content\\\/uploads\\\/2020\\\/02\\\/bloqueo-2-1.jpg\",\"datePublished\":\"2020-02-06T14:02:00+00:00\",\"author\":{\"@id\":\"https:\\\/\\\/oncubanews.com\\\/en\\\/#\\\/schema\\\/person\\\/d7171bf311032ab1f557dd8332e714af\"},\"description\":\"The U.S. president had said his government supports \u201cthe hopes\u201d of Cubans, Nicaraguans and Venezuelans \u201cto restore democracy.\u201d\",\"breadcrumb\":{\"@id\":\"https:\\\/\\\/oncubanews.com\\\/en\\\/cuba-usa\\\/cuban-foreign-minister-responds-to-trump-after-his-state-of-the-union-address\\\/#breadcrumb\"},\"inLanguage\":\"en-US\",\"potentialAction\":[{\"@type\":\"ReadAction\",\"target\":[\"https:\\\/\\\/oncubanews.com\\\/en\\\/cuba-usa\\\/cuban-foreign-minister-responds-to-trump-after-his-state-of-the-union-address\\\/\"]}]},{\"@type\":\"ImageObject\",\"inLanguage\":\"en-US\",\"@id\":\"https:\\\/\\\/oncubanews.com\\\/en\\\/cuba-usa\\\/cuban-foreign-minister-responds-to-trump-after-his-state-of-the-union-address\\\/#primaryimage\",\"url\":\"https:\\\/\\\/oncubanews.com\\\/en\\\/wp-content\\\/uploads\\\/2020\\\/02\\\/bloqueo-2-1.jpg\",\"contentUrl\":\"https:\\\/\\\/oncubanews.com\\\/en\\\/wp-content\\\/uploads\\\/2020\\\/02\\\/bloqueo-2-1.jpg\",\"width\":750,\"height\":536,\"caption\":\"Cuban Foreign Minister Bruno Rodr\u00edguez Parrilla gives press conference in Havana. Photo: Otmaro Rodr\u00edguez \\\/ Archive.\"},{\"@type\":\"BreadcrumbList\",\"@id\":\"https:\\\/\\\/oncubanews.com\\\/en\\\/cuba-usa\\\/cuban-foreign-minister-responds-to-trump-after-his-state-of-the-union-address\\\/#breadcrumb\",\"itemListElement\":[{\"@type\":\"ListItem\",\"position\":1,\"name\":\"Portada\",\"item\":\"https:\\\/\\\/oncubanews.com\\\/en\\\/\"},{\"@type\":\"ListItem\",\"position\":2,\"name\":\"Cuban Foreign Minister responds to Trump after his State of the Union address\"}]},{\"@type\":\"WebSite\",\"@id\":\"https:\\\/\\\/oncubanews.com\\\/en\\\/#website\",\"url\":\"https:\\\/\\\/oncubanews.com\\\/en\\\/\",\"name\":\"OnCubaNews English\",\"description\":\"Revista sobre Cuba\",\"potentialAction\":[{\"@type\":\"SearchAction\",\"target\":{\"@type\":\"EntryPoint\",\"urlTemplate\":\"https:\\\/\\\/oncubanews.com\\\/en\\\/?s={search_term_string}\"},\"query-input\":{\"@type\":\"PropertyValueSpecification\",\"valueRequired\":true,\"valueName\":\"search_term_string\"}}],\"inLanguage\":\"en-US\"},{\"@type\":\"Person\",\"@id\":\"https:\\\/\\\/oncubanews.com\\\/en\\\/#\\\/schema\\\/person\\\/d7171bf311032ab1f557dd8332e714af\",\"name\":\"OnCuba Staff\",\"image\":{\"@type\":\"ImageObject\",\"inLanguage\":\"en-US\",\"@id\":\"https:\\\/\\\/secure.gravatar.com\\\/avatar\\\/4b4c4d6109baadde898bb1af22ea4a4af5f4417b86a5d1800bf17531bfb128fc?s=96&r=g17310096d4dde63ebae0e54fbb19218a\",\"url\":\"https:\\\/\\\/secure.gravatar.com\\\/avatar\\\/4b4c4d6109baadde898bb1af22ea4a4af5f4417b86a5d1800bf17531bfb128fc?s=96&r=g\",\"contentUrl\":\"https:\\\/\\\/secure.gravatar.com\\\/avatar\\\/4b4c4d6109baadde898bb1af22ea4a4af5f4417b86a5d1800bf17531bfb128fc?s=96&r=g\",\"caption\":\"OnCuba Staff\"},\"url\":\"https:\\\/\\\/oncubanews.com\\\/en\\\/author\\\/oncuba-editorial-staff\\\/\"}]}<\/script>\n<!-- \/ Yoast SEO plugin. -->","yoast_head_json":{"title":"Cuban Foreign Minister responds to Trump after his State of the Union address | OnCubaNews English","description":"The U.S. president had said his government supports \u201cthe hopes\u201d of Cubans, Nicaraguans and Venezuelans \u201cto restore democracy.\u201d","robots":{"index":"index","follow":"follow","max-snippet":"max-snippet:-1","max-image-preview":"max-image-preview:large","max-video-preview":"max-video-preview:-1"},"canonical":"https:\/\/oncubanews.com\/en\/cuba-usa\/cuban-foreign-minister-responds-to-trump-after-his-state-of-the-union-address\/","og_locale":"en_US","og_type":"article","og_title":"Cuban Foreign Minister responds to Trump after his State of the Union address | OnCubaNews English","og_description":"The U.S. president had said his government supports \u201cthe hopes\u201d of Cubans, Nicaraguans and Venezuelans \u201cto restore democracy.\u201d","og_url":"https:\/\/oncubanews.com\/en\/cuba-usa\/cuban-foreign-minister-responds-to-trump-after-his-state-of-the-union-address\/","og_site_name":"OnCubaNews English","article_published_time":"2020-02-06T14:02:00+00:00","og_image":[{"width":750,"height":536,"url":"https:\/\/oncubanews.com\/en\/wp-content\/uploads\/2020\/02\/bloqueo-2-1.jpg","type":"image\/jpeg"}],"author":"OnCuba Staff, OnCuba editorial staff","twitter_card":"summary_large_image","twitter_misc":{"Written by":"OnCuba Staff","Est. reading time":"2 minutes"},"schema":{"@context":"https:\/\/schema.org","@graph":[{"@type":"Article","@id":"https:\/\/oncubanews.com\/en\/cuba-usa\/cuban-foreign-minister-responds-to-trump-after-his-state-of-the-union-address\/#article","isPartOf":{"@id":"https:\/\/oncubanews.com\/en\/cuba-usa\/cuban-foreign-minister-responds-to-trump-after-his-state-of-the-union-address\/"},"author":{"name":"OnCuba Staff","@id":"https:\/\/oncubanews.com\/en\/#\/schema\/person\/d7171bf311032ab1f557dd8332e714af"},"headline":"Cuban Foreign Minister responds to Trump after his State of the Union address","datePublished":"2020-02-06T14:02:00+00:00","mainEntityOfPage":{"@id":"https:\/\/oncubanews.com\/en\/cuba-usa\/cuban-foreign-minister-responds-to-trump-after-his-state-of-the-union-address\/"},"wordCount":470,"commentCount":0,"image":{"@id":"https:\/\/oncubanews.com\/en\/cuba-usa\/cuban-foreign-minister-responds-to-trump-after-his-state-of-the-union-address\/#primaryimage"},"thumbnailUrl":"https:\/\/oncubanews.com\/en\/wp-content\/uploads\/2020\/02\/bloqueo-2-1.jpg","keywords":["Cuba Foreign Affairs Ministry","Cuba-USA Relations","Donald Trump Administration"],"articleSection":["Cuba-USA"],"inLanguage":"en-US","potentialAction":[{"@type":"CommentAction","name":"Comment","target":["https:\/\/oncubanews.com\/en\/cuba-usa\/cuban-foreign-minister-responds-to-trump-after-his-state-of-the-union-address\/#respond"]}],"copyrightYear":"2020","copyrightHolder":{"@id":"https:\/\/oncubanews.com\/en\/#organization"}},{"@type":"WebPage","@id":"https:\/\/oncubanews.com\/en\/cuba-usa\/cuban-foreign-minister-responds-to-trump-after-his-state-of-the-union-address\/","url":"https:\/\/oncubanews.com\/en\/cuba-usa\/cuban-foreign-minister-responds-to-trump-after-his-state-of-the-union-address\/","name":"Cuban Foreign Minister responds to Trump after his State of the Union address | OnCubaNews English","isPartOf":{"@id":"https:\/\/oncubanews.com\/en\/#website"},"primaryImageOfPage":{"@id":"https:\/\/oncubanews.com\/en\/cuba-usa\/cuban-foreign-minister-responds-to-trump-after-his-state-of-the-union-address\/#primaryimage"},"image":{"@id":"https:\/\/oncubanews.com\/en\/cuba-usa\/cuban-foreign-minister-responds-to-trump-after-his-state-of-the-union-address\/#primaryimage"},"thumbnailUrl":"https:\/\/oncubanews.com\/en\/wp-content\/uploads\/2020\/02\/bloqueo-2-1.jpg","datePublished":"2020-02-06T14:02:00+00:00","author":{"@id":"https:\/\/oncubanews.com\/en\/#\/schema\/person\/d7171bf311032ab1f557dd8332e714af"},"description":"The U.S. president had said his government supports \u201cthe hopes\u201d of Cubans, Nicaraguans and Venezuelans \u201cto restore democracy.\u201d","breadcrumb":{"@id":"https:\/\/oncubanews.com\/en\/cuba-usa\/cuban-foreign-minister-responds-to-trump-after-his-state-of-the-union-address\/#breadcrumb"},"inLanguage":"en-US","potentialAction":[{"@type":"ReadAction","target":["https:\/\/oncubanews.com\/en\/cuba-usa\/cuban-foreign-minister-responds-to-trump-after-his-state-of-the-union-address\/"]}]},{"@type":"ImageObject","inLanguage":"en-US","@id":"https:\/\/oncubanews.com\/en\/cuba-usa\/cuban-foreign-minister-responds-to-trump-after-his-state-of-the-union-address\/#primaryimage","url":"https:\/\/oncubanews.com\/en\/wp-content\/uploads\/2020\/02\/bloqueo-2-1.jpg","contentUrl":"https:\/\/oncubanews.com\/en\/wp-content\/uploads\/2020\/02\/bloqueo-2-1.jpg","width":750,"height":536,"caption":"Cuban Foreign Minister Bruno Rodr\u00edguez Parrilla gives press conference in Havana. Photo: Otmaro Rodr\u00edguez \/ Archive."},{"@type":"BreadcrumbList","@id":"https:\/\/oncubanews.com\/en\/cuba-usa\/cuban-foreign-minister-responds-to-trump-after-his-state-of-the-union-address\/#breadcrumb","itemListElement":[{"@type":"ListItem","position":1,"name":"Portada","item":"https:\/\/oncubanews.com\/en\/"},{"@type":"ListItem","position":2,"name":"Cuban Foreign Minister responds to Trump after his State of the Union address"}]},{"@type":"WebSite","@id":"https:\/\/oncubanews.com\/en\/#website","url":"https:\/\/oncubanews.com\/en\/","name":"OnCubaNews English","description":"Revista sobre Cuba","potentialAction":[{"@type":"SearchAction","target":{"@type":"EntryPoint","urlTemplate":"https:\/\/oncubanews.com\/en\/?s={search_term_string}"},"query-input":{"@type":"PropertyValueSpecification","valueRequired":true,"valueName":"search_term_string"}}],"inLanguage":"en-US"},{"@type":"Person","@id":"https:\/\/oncubanews.com\/en\/#\/schema\/person\/d7171bf311032ab1f557dd8332e714af","name":"OnCuba Staff","image":{"@type":"ImageObject","inLanguage":"en-US","@id":"https:\/\/secure.gravatar.com\/avatar\/4b4c4d6109baadde898bb1af22ea4a4af5f4417b86a5d1800bf17531bfb128fc?s=96&r=g17310096d4dde63ebae0e54fbb19218a","url":"https:\/\/secure.gravatar.com\/avatar\/4b4c4d6109baadde898bb1af22ea4a4af5f4417b86a5d1800bf17531bfb128fc?s=96&r=g","contentUrl":"https:\/\/secure.gravatar.com\/avatar\/4b4c4d6109baadde898bb1af22ea4a4af5f4417b86a5d1800bf17531bfb128fc?s=96&r=g","caption":"OnCuba Staff"},"url":"https:\/\/oncubanews.com\/en\/author\/oncuba-editorial-staff\/"}]}},"authors":[{"term_id":33546,"user_id":3134,"is_guest":0,"slug":"oncuba-editorial-staff","display_name":"OnCuba Staff","avatar_url":"https:\/\/secure.gravatar.com\/avatar\/4b4c4d6109baadde898bb1af22ea4a4af5f4417b86a5d1800bf17531bfb128fc?s=96&r=g","0":null,"1":"","2":"","3":"","4":"","5":"","6":"","7":"","8":""},{"term_id":8689,"user_id":3134,"is_guest":0,"slug":"oncuba-editorial-staff","display_name":"OnCuba editorial staff","avatar_url":{"url":"https:\/\/oncubanews.com\/en\/wp-content\/uploads\/2018\/10\/avatar-ocnews-1.png","url2x":"https:\/\/oncubanews.com\/en\/wp-content\/uploads\/2018\/10\/avatar-ocnews-1.png"},"0":null,"1":"","2":"","3":"","4":"","5":"","6":"","7":"","8":""}],"_links":{"self":[{"href":"https:\/\/oncubanews.com\/en\/wp-json\/wp\/v2\/posts\/213290","targetHints":{"allow":["GET"]}}],"collection":[{"href":"https:\/\/oncubanews.com\/en\/wp-json\/wp\/v2\/posts"}],"about":[{"href":"https:\/\/oncubanews.com\/en\/wp-json\/wp\/v2\/types\/post"}],"author":[{"embeddable":true,"href":"https:\/\/oncubanews.com\/en\/wp-json\/wp\/v2\/users\/3134"}],"replies":[{"embeddable":true,"href":"https:\/\/oncubanews.com\/en\/wp-json\/wp\/v2\/comments?post=213290"}],"version-history":[{"count":0,"href":"https:\/\/oncubanews.com\/en\/wp-json\/wp\/v2\/posts\/213290\/revisions"}],"wp:featuredmedia":[{"embeddable":true,"href":"https:\/\/oncubanews.com\/en\/wp-json\/wp\/v2\/media\/213296"}],"wp:attachment":[{"href":"https:\/\/oncubanews.com\/en\/wp-json\/wp\/v2\/media?parent=213290"}],"wp:term":[{"taxonomy":"category","embeddable":true,"href":"https:\/\/oncubanews.com\/en\/wp-json\/wp\/v2\/categories?post=213290"},{"taxonomy":"post_tag","embeddable":true,"href":"https:\/\/oncubanews.com\/en\/wp-json\/wp\/v2\/tags?post=213290"},{"taxonomy":"author","embeddable":true,"href":"https:\/\/oncubanews.com\/en\/wp-json\/wp\/v2\/ppma_author?post=213290"}],"curies":[{"name":"wp","href":"https:\/\/api.w.org\/{rel}","templated":true}]}}