
{"id":213447,"date":"2020-02-09T16:34:04","date_gmt":"2020-02-09T21:34:04","guid":{"rendered":"https:\/\/oncubanews.com\/en\/?p=213447"},"modified":"2020-02-09T16:34:04","modified_gmt":"2020-02-09T21:34:04","slug":"global-cuba-fest-a-platform-without-borders-for-contemporary-cuban-music","status":"publish","type":"post","link":"https:\/\/oncubanews.com\/en\/culture\/music-culture\/global-cuba-fest-a-platform-without-borders-for-contemporary-cuban-music\/","title":{"rendered":"Global Cuba Fest: a platform without borders for contemporary Cuban music"},"content":{"rendered":"<p><span style=\"font-weight: 400;\">A group of Cuban artists and groups such as Brenda Navarrete, <\/span><a href=\"https:\/\/oncubanews.com\/cultura\/musica\/alain-perez-me-inspira-todo-lo-que-sea-de-corazon\/\" target=\"_blank\" rel=\"noopener noreferrer\"><span style=\"font-weight: 400;\">Alain P\u00e9rez<\/span><\/a><span style=\"font-weight: 400;\">, Julio Montalvo Orchesta, DJ Edgaro y Sol + The Tribu, make up the new edition of the Global Cuba Fest 2020, which will be held in Miami, United States, next March 7-14.<\/span><\/p>\n<p><span style=\"font-weight: 400;\">Participating musicians reside on the island and in the so-called \u201cSunshine City,\u201d among other regions, and will perform on the stages of North Beach Bandshell, The Citadel and the Miami-Dade County Auditorium. Its opening will be in charge of double bass player Yelsy Heredia, based in Spain and nominated for the Latin Grammy for Best Traditional Tropical Album.<\/span><\/p>\n<p><a href=\"https:\/\/www.facebook.com\/watch\/?v=1509392245879762\" target=\"_blank\" rel=\"noopener noreferrer\">Check Post Here<\/a><\/p>\n<p><em><span style=\"font-weight: 400;\">*Caption: How lucky I am&#8230;. On March 7 I will be inaugurating the Global Cuba Fest, in the city of Miami and I will be surrounded by a cast of friends whom I admire and want to name so you can put a face and name to them. Juan Carlos Gonzlez Fdes voice Magela Herrera flute Jos\u00e9 Alabr\u00e9 piano Yosmel Garceran Trombon Daniel Lopez Trombon Tany Allende percussion Asley Rosell Percussion Pach\u00e1 Portuondo percussion Tickets: <\/span><span style=\"font-weight: 400;\">&#x1f447;<\/span><span style=\"font-weight: 400;\">\u00a0 <\/span><span style=\"font-weight: 400;\">&#x1f447;<\/span><span style=\"font-weight: 400;\">\u00a0 https: \/\/fundarte.us\/fundarte-event\/global-cuba-fest- 2020\/ #Guantanamo # Chang\u00fci #Miami #GlobalCubaFest<\/span><\/em><\/p>\n<p><em><span style=\"font-weight: 400;\">Posted by <\/span><a href=\"https:\/\/www.facebook.com\/YelsyHeredia\/\" target=\"_blank\" rel=\"noopener noreferrer\"><span style=\"font-weight: 400;\">Yelsy Heredia<\/span><\/a><span style=\"font-weight: 400;\"> on Tuesday, February 4, 2020<\/span><\/em><\/p>\n<p><span style=\"font-weight: 400;\">The Global Cuba Fest, which throughout its editions has highlighted especially the work of the new generations of artists, will have a section for jazz, among other types of music, under the name Cuban Piano Marathon, with Jorge Luis Pacheco, Alain P\u00e9rez and Julio Montalvo Orchestra.<\/span><\/p>\n<p>https:\/\/www.facebook.com\/fundarte.us\/posts\/10157989665147480<\/p>\n<p><em><span style=\"font-weight: 400;\">*Caption: Mambo # 2020 \u201cMambo meets Timba,\u201d Alain P\u00e9rez and Julio Montalvo Orchestra in concert, March 14 at 8:00 p.m.\u2026.<\/span><\/em><\/p>\n<p><em><span style=\"font-weight: 400;\">Posted by <\/span><a href=\"https:\/\/www.facebook.com\/fundarte.us\/\" target=\"_blank\" rel=\"noopener noreferrer\"><span style=\"font-weight: 400;\">FUNDarte<\/span><\/a><span style=\"font-weight: 400;\"> on\u00a0<\/span><a href=\"https:\/\/www.facebook.com\/fundarte.us\/posts\/10157989665147480\" target=\"_blank\" rel=\"noopener noreferrer\"><span style=\"font-weight: 400;\">Friday, February 7, 2020<\/span><\/a><\/em><\/p>\n<p><span style=\"font-weight: 400;\">Since it started in 2008, this festival has brought Cuban music and the island\u2019s different contemporary manifestations to different audiences.<\/span><\/p>\n<p><span style=\"font-weight: 400;\">Organized by <\/span><a href=\"https:\/\/fundarte.us\/es\/\" target=\"_blank\" rel=\"noopener noreferrer\"><span style=\"font-weight: 400;\">FUNDarte<\/span><\/a><span style=\"font-weight: 400;\"> and The Rhythm Foundation, the event is also a bridge between artists living in Cuba and those of the diaspora, who come together during the days of this festival, which also allows them to give greater international projection to their work.<\/span><\/p>\n<blockquote class=\"wp-embedded-content\" data-secret=\"FQnyz9ELAi\"><p><a href=\"https:\/\/oncubanews.com\/cultura\/musica\/yusa-en-el-global-cuba-fest-de-miami-mi-musica-es-abierta\/\">Yusa en el Global Cuba Fest de Miami: \u201cMi m\u00fasica es abierta\u201d<\/a><\/p><\/blockquote>\n<p><iframe loading=\"lazy\" class=\"wp-embedded-content\" sandbox=\"allow-scripts\" security=\"restricted\" style=\"position: absolute; clip: rect(1px, 1px, 1px, 1px);\" title=\"\u00abYusa en el Global Cuba Fest de Miami: \u201cMi m\u00fasica es abierta\u201d\u00bb \u2014 OnCubaNews\" src=\"https:\/\/oncubanews.com\/cultura\/musica\/yusa-en-el-global-cuba-fest-de-miami-mi-musica-es-abierta\/embed\/#?secret=BRVI93KH1X#?secret=FQnyz9ELAi\" data-secret=\"FQnyz9ELAi\" width=\"500\" height=\"282\" frameborder=\"0\" marginwidth=\"0\" marginheight=\"0\" scrolling=\"no\"><\/iframe><\/p>\n<p><span style=\"font-weight: 400;\">Throughout its different editions, the Global Cuba Fest has hosted virtuoso musicians such as Tony P\u00e9rez, Yusa, Dafnis Prieto Sextet, Omar Sosa and Aym\u00e9e Nuviola.<\/span><\/p>\n<p><span style=\"font-weight: 400;\">In the most recent edition in 2019, Cimafunk\u2019s concert became one of the great events of the program and confirmed the driving force of this singer and composer both in Cuba and on American stages.<\/span><\/p>\n","protected":false},"excerpt":{"rendered":"<p>A group of Cuban artists and groups such as Brenda Navarrete, Alain P\u00e9rez, Julio Montalvo Orchesta, DJ Edgaro y Sol + The Tribu, make up the new edition of the Global Cuba Fest 2020, which will be held in Miami, United States, next March 7-14. Participating musicians reside on the island and in the so-called [&hellip;]<\/p>\n","protected":false},"author":3134,"featured_media":213451,"comment_status":"open","ping_status":"closed","sticky":false,"template":"","format":"standard","meta":{"_acf_changed":false,"footnotes":""},"categories":[13923],"tags":[14848,28833],"ppma_author":[33546,8689],"class_list":["post-213447","post","type-post","status-publish","format-standard","has-post-thumbnail","hentry","category-music-culture","tag-cuban-music","tag-global-cuba-fest"],"acf":[],"yoast_head":"<!-- This site is optimized with the Yoast SEO plugin v27.3 - https:\/\/yoast.com\/product\/yoast-seo-wordpress\/ -->\n<title>Global Cuba Fest: a platform without borders for contemporary Cuban music | OnCubaNews English<\/title>\n<meta name=\"description\" content=\"The Miami-based festival will host concerts by Cuban artists residing on the island and in the so-called \u201cSunshine City,\u201d among other regions, who will perform on the stages of North Beach Bandshell, The Citadel and the Miami-Dade County Auditorium.\" \/>\n<meta name=\"robots\" content=\"index, follow, max-snippet:-1, max-image-preview:large, max-video-preview:-1\" \/>\n<link rel=\"canonical\" href=\"https:\/\/oncubanews.com\/en\/culture\/music-culture\/global-cuba-fest-a-platform-without-borders-for-contemporary-cuban-music\/\" \/>\n<meta property=\"og:locale\" content=\"en_US\" \/>\n<meta property=\"og:type\" content=\"article\" \/>\n<meta property=\"og:title\" content=\"Global Cuba Fest: a platform without borders for contemporary Cuban music | OnCubaNews English\" \/>\n<meta property=\"og:description\" content=\"The Miami-based festival will host concerts by Cuban artists residing on the island and in the so-called \u201cSunshine City,\u201d among other regions, who will perform on the stages of North Beach Bandshell, The Citadel and the Miami-Dade County Auditorium.\" \/>\n<meta property=\"og:url\" content=\"https:\/\/oncubanews.com\/en\/culture\/music-culture\/global-cuba-fest-a-platform-without-borders-for-contemporary-cuban-music\/\" \/>\n<meta property=\"og:site_name\" content=\"OnCubaNews English\" \/>\n<meta property=\"article:published_time\" content=\"2020-02-09T21:34:04+00:00\" \/>\n<meta property=\"og:image\" content=\"https:\/\/oncubanews.com\/en\/wp-content\/uploads\/2020\/02\/Brenda-Navarrete_Ot_06.jpg\" \/>\n\t<meta property=\"og:image:width\" content=\"750\" \/>\n\t<meta property=\"og:image:height\" content=\"490\" \/>\n\t<meta property=\"og:image:type\" content=\"image\/jpeg\" \/>\n<meta name=\"author\" content=\"OnCuba Staff, OnCuba editorial staff\" \/>\n<meta name=\"twitter:card\" content=\"summary_large_image\" \/>\n<meta name=\"twitter:label1\" content=\"Written by\" \/>\n\t<meta name=\"twitter:data1\" content=\"OnCuba Staff\" \/>\n\t<meta name=\"twitter:label2\" content=\"Est. reading time\" \/>\n\t<meta name=\"twitter:data2\" content=\"2 minutes\" \/>\n<script type=\"application\/ld+json\" class=\"yoast-schema-graph\">{\"@context\":\"https:\\\/\\\/schema.org\",\"@graph\":[{\"@type\":\"Article\",\"@id\":\"https:\\\/\\\/oncubanews.com\\\/en\\\/culture\\\/music-culture\\\/global-cuba-fest-a-platform-without-borders-for-contemporary-cuban-music\\\/#article\",\"isPartOf\":{\"@id\":\"https:\\\/\\\/oncubanews.com\\\/en\\\/culture\\\/music-culture\\\/global-cuba-fest-a-platform-without-borders-for-contemporary-cuban-music\\\/\"},\"author\":{\"name\":\"OnCuba Staff\",\"@id\":\"https:\\\/\\\/oncubanews.com\\\/en\\\/#\\\/schema\\\/person\\\/d7171bf311032ab1f557dd8332e714af\"},\"headline\":\"Global Cuba Fest: a platform without borders for contemporary Cuban music\",\"datePublished\":\"2020-02-09T21:34:04+00:00\",\"mainEntityOfPage\":{\"@id\":\"https:\\\/\\\/oncubanews.com\\\/en\\\/culture\\\/music-culture\\\/global-cuba-fest-a-platform-without-borders-for-contemporary-cuban-music\\\/\"},\"wordCount\":421,\"commentCount\":0,\"image\":{\"@id\":\"https:\\\/\\\/oncubanews.com\\\/en\\\/culture\\\/music-culture\\\/global-cuba-fest-a-platform-without-borders-for-contemporary-cuban-music\\\/#primaryimage\"},\"thumbnailUrl\":\"https:\\\/\\\/oncubanews.com\\\/en\\\/wp-content\\\/uploads\\\/2020\\\/02\\\/Brenda-Navarrete_Ot_06.jpg\",\"keywords\":[\"cuban music\",\"Global Cuba Fest\"],\"articleSection\":[\"Music\"],\"inLanguage\":\"en-US\",\"potentialAction\":[{\"@type\":\"CommentAction\",\"name\":\"Comment\",\"target\":[\"https:\\\/\\\/oncubanews.com\\\/en\\\/culture\\\/music-culture\\\/global-cuba-fest-a-platform-without-borders-for-contemporary-cuban-music\\\/#respond\"]}],\"copyrightYear\":\"2020\",\"copyrightHolder\":{\"@id\":\"https:\\\/\\\/oncubanews.com\\\/en\\\/#organization\"}},{\"@type\":\"WebPage\",\"@id\":\"https:\\\/\\\/oncubanews.com\\\/en\\\/culture\\\/music-culture\\\/global-cuba-fest-a-platform-without-borders-for-contemporary-cuban-music\\\/\",\"url\":\"https:\\\/\\\/oncubanews.com\\\/en\\\/culture\\\/music-culture\\\/global-cuba-fest-a-platform-without-borders-for-contemporary-cuban-music\\\/\",\"name\":\"Global Cuba Fest: a platform without borders for contemporary Cuban music | OnCubaNews English\",\"isPartOf\":{\"@id\":\"https:\\\/\\\/oncubanews.com\\\/en\\\/#website\"},\"primaryImageOfPage\":{\"@id\":\"https:\\\/\\\/oncubanews.com\\\/en\\\/culture\\\/music-culture\\\/global-cuba-fest-a-platform-without-borders-for-contemporary-cuban-music\\\/#primaryimage\"},\"image\":{\"@id\":\"https:\\\/\\\/oncubanews.com\\\/en\\\/culture\\\/music-culture\\\/global-cuba-fest-a-platform-without-borders-for-contemporary-cuban-music\\\/#primaryimage\"},\"thumbnailUrl\":\"https:\\\/\\\/oncubanews.com\\\/en\\\/wp-content\\\/uploads\\\/2020\\\/02\\\/Brenda-Navarrete_Ot_06.jpg\",\"datePublished\":\"2020-02-09T21:34:04+00:00\",\"author\":{\"@id\":\"https:\\\/\\\/oncubanews.com\\\/en\\\/#\\\/schema\\\/person\\\/d7171bf311032ab1f557dd8332e714af\"},\"description\":\"The Miami-based festival will host concerts by Cuban artists residing on the island and in the so-called \u201cSunshine City,\u201d among other regions, who will perform on the stages of North Beach Bandshell, The Citadel and the Miami-Dade County Auditorium.\",\"breadcrumb\":{\"@id\":\"https:\\\/\\\/oncubanews.com\\\/en\\\/culture\\\/music-culture\\\/global-cuba-fest-a-platform-without-borders-for-contemporary-cuban-music\\\/#breadcrumb\"},\"inLanguage\":\"en-US\",\"potentialAction\":[{\"@type\":\"ReadAction\",\"target\":[\"https:\\\/\\\/oncubanews.com\\\/en\\\/culture\\\/music-culture\\\/global-cuba-fest-a-platform-without-borders-for-contemporary-cuban-music\\\/\"]}]},{\"@type\":\"ImageObject\",\"inLanguage\":\"en-US\",\"@id\":\"https:\\\/\\\/oncubanews.com\\\/en\\\/culture\\\/music-culture\\\/global-cuba-fest-a-platform-without-borders-for-contemporary-cuban-music\\\/#primaryimage\",\"url\":\"https:\\\/\\\/oncubanews.com\\\/en\\\/wp-content\\\/uploads\\\/2020\\\/02\\\/Brenda-Navarrete_Ot_06.jpg\",\"contentUrl\":\"https:\\\/\\\/oncubanews.com\\\/en\\\/wp-content\\\/uploads\\\/2020\\\/02\\\/Brenda-Navarrete_Ot_06.jpg\",\"width\":750,\"height\":490,\"caption\":\"Cuban percussionist Brenda Navarrete. Photo: Otmaro Rodr\u00edguez \\\/ Archive.\"},{\"@type\":\"BreadcrumbList\",\"@id\":\"https:\\\/\\\/oncubanews.com\\\/en\\\/culture\\\/music-culture\\\/global-cuba-fest-a-platform-without-borders-for-contemporary-cuban-music\\\/#breadcrumb\",\"itemListElement\":[{\"@type\":\"ListItem\",\"position\":1,\"name\":\"Portada\",\"item\":\"https:\\\/\\\/oncubanews.com\\\/en\\\/\"},{\"@type\":\"ListItem\",\"position\":2,\"name\":\"Global Cuba Fest: a platform without borders for contemporary Cuban music\"}]},{\"@type\":\"WebSite\",\"@id\":\"https:\\\/\\\/oncubanews.com\\\/en\\\/#website\",\"url\":\"https:\\\/\\\/oncubanews.com\\\/en\\\/\",\"name\":\"OnCubaNews English\",\"description\":\"Revista sobre Cuba\",\"potentialAction\":[{\"@type\":\"SearchAction\",\"target\":{\"@type\":\"EntryPoint\",\"urlTemplate\":\"https:\\\/\\\/oncubanews.com\\\/en\\\/?s={search_term_string}\"},\"query-input\":{\"@type\":\"PropertyValueSpecification\",\"valueRequired\":true,\"valueName\":\"search_term_string\"}}],\"inLanguage\":\"en-US\"},{\"@type\":\"Person\",\"@id\":\"https:\\\/\\\/oncubanews.com\\\/en\\\/#\\\/schema\\\/person\\\/d7171bf311032ab1f557dd8332e714af\",\"name\":\"OnCuba Staff\",\"image\":{\"@type\":\"ImageObject\",\"inLanguage\":\"en-US\",\"@id\":\"https:\\\/\\\/secure.gravatar.com\\\/avatar\\\/4b4c4d6109baadde898bb1af22ea4a4af5f4417b86a5d1800bf17531bfb128fc?s=96&r=g17310096d4dde63ebae0e54fbb19218a\",\"url\":\"https:\\\/\\\/secure.gravatar.com\\\/avatar\\\/4b4c4d6109baadde898bb1af22ea4a4af5f4417b86a5d1800bf17531bfb128fc?s=96&r=g\",\"contentUrl\":\"https:\\\/\\\/secure.gravatar.com\\\/avatar\\\/4b4c4d6109baadde898bb1af22ea4a4af5f4417b86a5d1800bf17531bfb128fc?s=96&r=g\",\"caption\":\"OnCuba Staff\"},\"url\":\"https:\\\/\\\/oncubanews.com\\\/en\\\/author\\\/oncuba-editorial-staff\\\/\"}]}<\/script>\n<!-- \/ Yoast SEO plugin. -->","yoast_head_json":{"title":"Global Cuba Fest: a platform without borders for contemporary Cuban music | OnCubaNews English","description":"The Miami-based festival will host concerts by Cuban artists residing on the island and in the so-called \u201cSunshine City,\u201d among other regions, who will perform on the stages of North Beach Bandshell, The Citadel and the Miami-Dade County Auditorium.","robots":{"index":"index","follow":"follow","max-snippet":"max-snippet:-1","max-image-preview":"max-image-preview:large","max-video-preview":"max-video-preview:-1"},"canonical":"https:\/\/oncubanews.com\/en\/culture\/music-culture\/global-cuba-fest-a-platform-without-borders-for-contemporary-cuban-music\/","og_locale":"en_US","og_type":"article","og_title":"Global Cuba Fest: a platform without borders for contemporary Cuban music | OnCubaNews English","og_description":"The Miami-based festival will host concerts by Cuban artists residing on the island and in the so-called \u201cSunshine City,\u201d among other regions, who will perform on the stages of North Beach Bandshell, The Citadel and the Miami-Dade County Auditorium.","og_url":"https:\/\/oncubanews.com\/en\/culture\/music-culture\/global-cuba-fest-a-platform-without-borders-for-contemporary-cuban-music\/","og_site_name":"OnCubaNews English","article_published_time":"2020-02-09T21:34:04+00:00","og_image":[{"width":750,"height":490,"url":"https:\/\/oncubanews.com\/en\/wp-content\/uploads\/2020\/02\/Brenda-Navarrete_Ot_06.jpg","type":"image\/jpeg"}],"author":"OnCuba Staff, OnCuba editorial staff","twitter_card":"summary_large_image","twitter_misc":{"Written by":"OnCuba Staff","Est. reading time":"2 minutes"},"schema":{"@context":"https:\/\/schema.org","@graph":[{"@type":"Article","@id":"https:\/\/oncubanews.com\/en\/culture\/music-culture\/global-cuba-fest-a-platform-without-borders-for-contemporary-cuban-music\/#article","isPartOf":{"@id":"https:\/\/oncubanews.com\/en\/culture\/music-culture\/global-cuba-fest-a-platform-without-borders-for-contemporary-cuban-music\/"},"author":{"name":"OnCuba Staff","@id":"https:\/\/oncubanews.com\/en\/#\/schema\/person\/d7171bf311032ab1f557dd8332e714af"},"headline":"Global Cuba Fest: a platform without borders for contemporary Cuban music","datePublished":"2020-02-09T21:34:04+00:00","mainEntityOfPage":{"@id":"https:\/\/oncubanews.com\/en\/culture\/music-culture\/global-cuba-fest-a-platform-without-borders-for-contemporary-cuban-music\/"},"wordCount":421,"commentCount":0,"image":{"@id":"https:\/\/oncubanews.com\/en\/culture\/music-culture\/global-cuba-fest-a-platform-without-borders-for-contemporary-cuban-music\/#primaryimage"},"thumbnailUrl":"https:\/\/oncubanews.com\/en\/wp-content\/uploads\/2020\/02\/Brenda-Navarrete_Ot_06.jpg","keywords":["cuban music","Global Cuba Fest"],"articleSection":["Music"],"inLanguage":"en-US","potentialAction":[{"@type":"CommentAction","name":"Comment","target":["https:\/\/oncubanews.com\/en\/culture\/music-culture\/global-cuba-fest-a-platform-without-borders-for-contemporary-cuban-music\/#respond"]}],"copyrightYear":"2020","copyrightHolder":{"@id":"https:\/\/oncubanews.com\/en\/#organization"}},{"@type":"WebPage","@id":"https:\/\/oncubanews.com\/en\/culture\/music-culture\/global-cuba-fest-a-platform-without-borders-for-contemporary-cuban-music\/","url":"https:\/\/oncubanews.com\/en\/culture\/music-culture\/global-cuba-fest-a-platform-without-borders-for-contemporary-cuban-music\/","name":"Global Cuba Fest: a platform without borders for contemporary Cuban music | OnCubaNews English","isPartOf":{"@id":"https:\/\/oncubanews.com\/en\/#website"},"primaryImageOfPage":{"@id":"https:\/\/oncubanews.com\/en\/culture\/music-culture\/global-cuba-fest-a-platform-without-borders-for-contemporary-cuban-music\/#primaryimage"},"image":{"@id":"https:\/\/oncubanews.com\/en\/culture\/music-culture\/global-cuba-fest-a-platform-without-borders-for-contemporary-cuban-music\/#primaryimage"},"thumbnailUrl":"https:\/\/oncubanews.com\/en\/wp-content\/uploads\/2020\/02\/Brenda-Navarrete_Ot_06.jpg","datePublished":"2020-02-09T21:34:04+00:00","author":{"@id":"https:\/\/oncubanews.com\/en\/#\/schema\/person\/d7171bf311032ab1f557dd8332e714af"},"description":"The Miami-based festival will host concerts by Cuban artists residing on the island and in the so-called \u201cSunshine City,\u201d among other regions, who will perform on the stages of North Beach Bandshell, The Citadel and the Miami-Dade County Auditorium.","breadcrumb":{"@id":"https:\/\/oncubanews.com\/en\/culture\/music-culture\/global-cuba-fest-a-platform-without-borders-for-contemporary-cuban-music\/#breadcrumb"},"inLanguage":"en-US","potentialAction":[{"@type":"ReadAction","target":["https:\/\/oncubanews.com\/en\/culture\/music-culture\/global-cuba-fest-a-platform-without-borders-for-contemporary-cuban-music\/"]}]},{"@type":"ImageObject","inLanguage":"en-US","@id":"https:\/\/oncubanews.com\/en\/culture\/music-culture\/global-cuba-fest-a-platform-without-borders-for-contemporary-cuban-music\/#primaryimage","url":"https:\/\/oncubanews.com\/en\/wp-content\/uploads\/2020\/02\/Brenda-Navarrete_Ot_06.jpg","contentUrl":"https:\/\/oncubanews.com\/en\/wp-content\/uploads\/2020\/02\/Brenda-Navarrete_Ot_06.jpg","width":750,"height":490,"caption":"Cuban percussionist Brenda Navarrete. Photo: Otmaro Rodr\u00edguez \/ Archive."},{"@type":"BreadcrumbList","@id":"https:\/\/oncubanews.com\/en\/culture\/music-culture\/global-cuba-fest-a-platform-without-borders-for-contemporary-cuban-music\/#breadcrumb","itemListElement":[{"@type":"ListItem","position":1,"name":"Portada","item":"https:\/\/oncubanews.com\/en\/"},{"@type":"ListItem","position":2,"name":"Global Cuba Fest: a platform without borders for contemporary Cuban music"}]},{"@type":"WebSite","@id":"https:\/\/oncubanews.com\/en\/#website","url":"https:\/\/oncubanews.com\/en\/","name":"OnCubaNews English","description":"Revista sobre Cuba","potentialAction":[{"@type":"SearchAction","target":{"@type":"EntryPoint","urlTemplate":"https:\/\/oncubanews.com\/en\/?s={search_term_string}"},"query-input":{"@type":"PropertyValueSpecification","valueRequired":true,"valueName":"search_term_string"}}],"inLanguage":"en-US"},{"@type":"Person","@id":"https:\/\/oncubanews.com\/en\/#\/schema\/person\/d7171bf311032ab1f557dd8332e714af","name":"OnCuba Staff","image":{"@type":"ImageObject","inLanguage":"en-US","@id":"https:\/\/secure.gravatar.com\/avatar\/4b4c4d6109baadde898bb1af22ea4a4af5f4417b86a5d1800bf17531bfb128fc?s=96&r=g17310096d4dde63ebae0e54fbb19218a","url":"https:\/\/secure.gravatar.com\/avatar\/4b4c4d6109baadde898bb1af22ea4a4af5f4417b86a5d1800bf17531bfb128fc?s=96&r=g","contentUrl":"https:\/\/secure.gravatar.com\/avatar\/4b4c4d6109baadde898bb1af22ea4a4af5f4417b86a5d1800bf17531bfb128fc?s=96&r=g","caption":"OnCuba Staff"},"url":"https:\/\/oncubanews.com\/en\/author\/oncuba-editorial-staff\/"}]}},"authors":[{"term_id":33546,"user_id":3134,"is_guest":0,"slug":"oncuba-editorial-staff","display_name":"OnCuba Staff","avatar_url":"https:\/\/secure.gravatar.com\/avatar\/4b4c4d6109baadde898bb1af22ea4a4af5f4417b86a5d1800bf17531bfb128fc?s=96&r=g","0":null,"1":"","2":"","3":"","4":"","5":"","6":"","7":"","8":""},{"term_id":8689,"user_id":3134,"is_guest":0,"slug":"oncuba-editorial-staff","display_name":"OnCuba editorial staff","avatar_url":{"url":"https:\/\/oncubanews.com\/en\/wp-content\/uploads\/2018\/10\/avatar-ocnews-1.png","url2x":"https:\/\/oncubanews.com\/en\/wp-content\/uploads\/2018\/10\/avatar-ocnews-1.png"},"0":null,"1":"","2":"","3":"","4":"","5":"","6":"","7":"","8":""}],"_links":{"self":[{"href":"https:\/\/oncubanews.com\/en\/wp-json\/wp\/v2\/posts\/213447","targetHints":{"allow":["GET"]}}],"collection":[{"href":"https:\/\/oncubanews.com\/en\/wp-json\/wp\/v2\/posts"}],"about":[{"href":"https:\/\/oncubanews.com\/en\/wp-json\/wp\/v2\/types\/post"}],"author":[{"embeddable":true,"href":"https:\/\/oncubanews.com\/en\/wp-json\/wp\/v2\/users\/3134"}],"replies":[{"embeddable":true,"href":"https:\/\/oncubanews.com\/en\/wp-json\/wp\/v2\/comments?post=213447"}],"version-history":[{"count":0,"href":"https:\/\/oncubanews.com\/en\/wp-json\/wp\/v2\/posts\/213447\/revisions"}],"wp:featuredmedia":[{"embeddable":true,"href":"https:\/\/oncubanews.com\/en\/wp-json\/wp\/v2\/media\/213451"}],"wp:attachment":[{"href":"https:\/\/oncubanews.com\/en\/wp-json\/wp\/v2\/media?parent=213447"}],"wp:term":[{"taxonomy":"category","embeddable":true,"href":"https:\/\/oncubanews.com\/en\/wp-json\/wp\/v2\/categories?post=213447"},{"taxonomy":"post_tag","embeddable":true,"href":"https:\/\/oncubanews.com\/en\/wp-json\/wp\/v2\/tags?post=213447"},{"taxonomy":"author","embeddable":true,"href":"https:\/\/oncubanews.com\/en\/wp-json\/wp\/v2\/ppma_author?post=213447"}],"curies":[{"name":"wp","href":"https:\/\/api.w.org\/{rel}","templated":true}]}}