
{"id":213925,"date":"2020-02-16T15:32:42","date_gmt":"2020-02-16T20:32:42","guid":{"rendered":"https:\/\/oncubanews.com\/en\/?p=213925"},"modified":"2020-02-16T15:56:13","modified_gmt":"2020-02-16T20:56:13","slug":"cuba-first-stop-of-director-of-the-royal-spanish-academy-in-the-caribbean","status":"publish","type":"post","link":"https:\/\/oncubanews.com\/en\/cuba\/cuba-first-stop-of-director-of-the-royal-spanish-academy-in-the-caribbean\/","title":{"rendered":"Cuba, first stop of director of the Royal Spanish Academy in the Caribbean"},"content":{"rendered":"<p><span style=\"font-weight: 400;\">The director of the Royal Spanish Academy of Language (RAE) and president of the Association of the Academies of the Spanish Language (ASALE), Santiago Mu\u00f1oz Machado, arrived in Cuba.<\/span><\/p>\n<p><span style=\"font-weight: 400;\">This is the first stop on a tour that will put him in touch with seven RAE representations in Central America and the Caribbean.<\/span><\/p>\n<p><span style=\"font-weight: 400;\">The essayist and author of historical stories will also visit the headquarters of the Cuban Academy of Language (ACL) this Saturday, in the Santo Domingo building, in Old Havana. There he will meet with City of Havana Historian Eusebio Leal, who is also a full member of the ACL.<\/span><\/p>\n<p><span style=\"font-weight: 400;\">Shortly after, Mu\u00f1oz Machado will attend an ordinary session where he will receive the status of corresponding member of the Cuban institution.<\/span><\/p>\n<p><a href=\"https:\/\/www.rae.es\/noticias\/el-director-de-la-rae-se-reunira-con-el-presidente-de-la-republica-de-cuba-miguel-diaz\" target=\"_blank\" rel=\"noopener noreferrer\"><span style=\"font-weight: 400;\">According to the RAE website<\/span><\/a><span style=\"font-weight: 400;\">, this afternoon he should meet with President Miguel D\u00edaz-Canel Berm\u00fadez to discuss the continuity of the Cuban Academy and the importance of supporting its work. At that meeting he would be accompanied by Rogelio Rodr\u00edguez Coronel, president of the ACL, Eusebio Leal and Abel Prieto, president of the Casa de las Am\u00e9ricas.<\/span><\/p>\n<p><span style=\"font-weight: 400;\">On Sunday, the visitor will visit places of interest in the Historic Center of Havana and on Monday 17 he will meet with Cuban jurists at the University of Havana, where he will be received by its rector, Dr. Miriam Nicado.<\/span><\/p>\n<p><span style=\"font-weight: 400;\">The ACL has been operating since 1926. Its first president was Enrique Jos\u00e9 Varona, and Jos\u00e9 Mar\u00eda Chac\u00f3n y Calvo and poet Dulce Mar\u00eda Loynaz, Miguel de Cervantes Prize 1992, are remembered among his successors.<\/span><\/p>\n<p><span style=\"font-weight: 400;\">The visit and tour of Santiago Mu\u00f1oz Machado, who is the thirty-first director of the RAE, seeks to strengthen the unity and good use of the Spanish language, a common heritage of 580 million persons, in addition to directly getting to know the situation, projects and activities of each of the academies.<\/span><\/p>\n<p><span style=\"font-weight: 400;\">Mu\u00f1oz Machado has been a professor of Administrative Law at the Complutense University of Madrid since 1994 and an academician of the Royal Academy of Moral and Political Sciences. His speech when he formed part of the RAE in 2013 is entitled: \u201cThe itineraries of freedom of speech.\u201d<\/span><\/p>\n","protected":false},"excerpt":{"rendered":"<p>The director of the Royal Spanish Academy of Language (RAE) and president of the Association of the Academies of the Spanish Language (ASALE), Santiago Mu\u00f1oz Machado, arrived in Cuba. This is the first stop on a tour that will put him in touch with seven RAE representations in Central America and the Caribbean. The essayist [&hellip;]<\/p>\n","protected":false},"author":3134,"featured_media":213926,"comment_status":"open","ping_status":"closed","sticky":false,"template":"","format":"standard","meta":{"_acf_changed":false,"footnotes":""},"categories":[13902],"tags":[17887,29046],"ppma_author":[33546,8689],"class_list":["post-213925","post","type-post","status-publish","format-standard","has-post-thumbnail","hentry","category-cuba","tag-cuba-and-spain","tag-royal-spanish-academy-of-language-rae"],"acf":[],"yoast_head":"<!-- This site is optimized with the Yoast SEO plugin v27.3 - https:\/\/yoast.com\/product\/yoast-seo-wordpress\/ -->\n<title>Cuba, first stop of director of the Royal Spanish Academy in the Caribbean | OnCubaNews English<\/title>\n<meta name=\"description\" content=\"The academician Santiago Mu\u00f1oz Machado to meet with President Miguel D\u00edaz-Canel Berm\u00fadez this Saturday.\" \/>\n<meta name=\"robots\" content=\"index, follow, max-snippet:-1, max-image-preview:large, max-video-preview:-1\" \/>\n<link rel=\"canonical\" href=\"https:\/\/oncubanews.com\/en\/cuba\/cuba-first-stop-of-director-of-the-royal-spanish-academy-in-the-caribbean\/\" \/>\n<meta property=\"og:locale\" content=\"en_US\" \/>\n<meta property=\"og:type\" content=\"article\" \/>\n<meta property=\"og:title\" content=\"Cuba, first stop of director of the Royal Spanish Academy in the Caribbean | OnCubaNews English\" \/>\n<meta property=\"og:description\" content=\"The academician Santiago Mu\u00f1oz Machado to meet with President Miguel D\u00edaz-Canel Berm\u00fadez this Saturday.\" \/>\n<meta property=\"og:url\" content=\"https:\/\/oncubanews.com\/en\/cuba\/cuba-first-stop-of-director-of-the-royal-spanish-academy-in-the-caribbean\/\" \/>\n<meta property=\"og:site_name\" content=\"OnCubaNews English\" \/>\n<meta property=\"article:published_time\" content=\"2020-02-16T20:32:42+00:00\" \/>\n<meta property=\"article:modified_time\" content=\"2020-02-16T20:56:13+00:00\" \/>\n<meta property=\"og:image\" content=\"https:\/\/oncubanews.com\/en\/wp-content\/uploads\/2020\/02\/santiago-mu\u00f1oz-machadoabc-1.jpg\" \/>\n\t<meta property=\"og:image:width\" content=\"750\" \/>\n\t<meta property=\"og:image:height\" content=\"419\" \/>\n\t<meta property=\"og:image:type\" content=\"image\/jpeg\" \/>\n<meta name=\"author\" content=\"OnCuba Staff, OnCuba editorial staff\" \/>\n<meta name=\"twitter:card\" content=\"summary_large_image\" \/>\n<meta name=\"twitter:label1\" content=\"Written by\" \/>\n\t<meta name=\"twitter:data1\" content=\"OnCuba Staff\" \/>\n\t<meta name=\"twitter:label2\" content=\"Est. reading time\" \/>\n\t<meta name=\"twitter:data2\" content=\"2 minutes\" \/>\n<script type=\"application\/ld+json\" class=\"yoast-schema-graph\">{\"@context\":\"https:\\\/\\\/schema.org\",\"@graph\":[{\"@type\":\"Article\",\"@id\":\"https:\\\/\\\/oncubanews.com\\\/en\\\/cuba\\\/cuba-first-stop-of-director-of-the-royal-spanish-academy-in-the-caribbean\\\/#article\",\"isPartOf\":{\"@id\":\"https:\\\/\\\/oncubanews.com\\\/en\\\/cuba\\\/cuba-first-stop-of-director-of-the-royal-spanish-academy-in-the-caribbean\\\/\"},\"author\":{\"name\":\"OnCuba Staff\",\"@id\":\"https:\\\/\\\/oncubanews.com\\\/en\\\/#\\\/schema\\\/person\\\/d7171bf311032ab1f557dd8332e714af\"},\"headline\":\"Cuba, first stop of director of the Royal Spanish Academy in the Caribbean\",\"datePublished\":\"2020-02-16T20:32:42+00:00\",\"dateModified\":\"2020-02-16T20:56:13+00:00\",\"mainEntityOfPage\":{\"@id\":\"https:\\\/\\\/oncubanews.com\\\/en\\\/cuba\\\/cuba-first-stop-of-director-of-the-royal-spanish-academy-in-the-caribbean\\\/\"},\"wordCount\":375,\"commentCount\":0,\"image\":{\"@id\":\"https:\\\/\\\/oncubanews.com\\\/en\\\/cuba\\\/cuba-first-stop-of-director-of-the-royal-spanish-academy-in-the-caribbean\\\/#primaryimage\"},\"thumbnailUrl\":\"https:\\\/\\\/oncubanews.com\\\/en\\\/wp-content\\\/uploads\\\/2020\\\/02\\\/santiago-mu\u00f1oz-machadoabc-1.jpg\",\"keywords\":[\"cuba and spain\",\"Royal Spanish Academy of Language (RAE)\"],\"articleSection\":[\"Cuba\"],\"inLanguage\":\"en-US\",\"potentialAction\":[{\"@type\":\"CommentAction\",\"name\":\"Comment\",\"target\":[\"https:\\\/\\\/oncubanews.com\\\/en\\\/cuba\\\/cuba-first-stop-of-director-of-the-royal-spanish-academy-in-the-caribbean\\\/#respond\"]}],\"copyrightYear\":\"2020\",\"copyrightHolder\":{\"@id\":\"https:\\\/\\\/oncubanews.com\\\/en\\\/#organization\"}},{\"@type\":\"WebPage\",\"@id\":\"https:\\\/\\\/oncubanews.com\\\/en\\\/cuba\\\/cuba-first-stop-of-director-of-the-royal-spanish-academy-in-the-caribbean\\\/\",\"url\":\"https:\\\/\\\/oncubanews.com\\\/en\\\/cuba\\\/cuba-first-stop-of-director-of-the-royal-spanish-academy-in-the-caribbean\\\/\",\"name\":\"Cuba, first stop of director of the Royal Spanish Academy in the Caribbean | OnCubaNews English\",\"isPartOf\":{\"@id\":\"https:\\\/\\\/oncubanews.com\\\/en\\\/#website\"},\"primaryImageOfPage\":{\"@id\":\"https:\\\/\\\/oncubanews.com\\\/en\\\/cuba\\\/cuba-first-stop-of-director-of-the-royal-spanish-academy-in-the-caribbean\\\/#primaryimage\"},\"image\":{\"@id\":\"https:\\\/\\\/oncubanews.com\\\/en\\\/cuba\\\/cuba-first-stop-of-director-of-the-royal-spanish-academy-in-the-caribbean\\\/#primaryimage\"},\"thumbnailUrl\":\"https:\\\/\\\/oncubanews.com\\\/en\\\/wp-content\\\/uploads\\\/2020\\\/02\\\/santiago-mu\u00f1oz-machadoabc-1.jpg\",\"datePublished\":\"2020-02-16T20:32:42+00:00\",\"dateModified\":\"2020-02-16T20:56:13+00:00\",\"author\":{\"@id\":\"https:\\\/\\\/oncubanews.com\\\/en\\\/#\\\/schema\\\/person\\\/d7171bf311032ab1f557dd8332e714af\"},\"description\":\"The academician Santiago Mu\u00f1oz Machado to meet with President Miguel D\u00edaz-Canel Berm\u00fadez this Saturday.\",\"breadcrumb\":{\"@id\":\"https:\\\/\\\/oncubanews.com\\\/en\\\/cuba\\\/cuba-first-stop-of-director-of-the-royal-spanish-academy-in-the-caribbean\\\/#breadcrumb\"},\"inLanguage\":\"en-US\",\"potentialAction\":[{\"@type\":\"ReadAction\",\"target\":[\"https:\\\/\\\/oncubanews.com\\\/en\\\/cuba\\\/cuba-first-stop-of-director-of-the-royal-spanish-academy-in-the-caribbean\\\/\"]}]},{\"@type\":\"ImageObject\",\"inLanguage\":\"en-US\",\"@id\":\"https:\\\/\\\/oncubanews.com\\\/en\\\/cuba\\\/cuba-first-stop-of-director-of-the-royal-spanish-academy-in-the-caribbean\\\/#primaryimage\",\"url\":\"https:\\\/\\\/oncubanews.com\\\/en\\\/wp-content\\\/uploads\\\/2020\\\/02\\\/santiago-mu\u00f1oz-machadoabc-1.jpg\",\"contentUrl\":\"https:\\\/\\\/oncubanews.com\\\/en\\\/wp-content\\\/uploads\\\/2020\\\/02\\\/santiago-mu\u00f1oz-machadoabc-1.jpg\",\"width\":750,\"height\":419,\"caption\":\"Santiago Mu\u00f1oz Machado. Photo: Mat\u00edas Nieto \\\/ ABC.\"},{\"@type\":\"BreadcrumbList\",\"@id\":\"https:\\\/\\\/oncubanews.com\\\/en\\\/cuba\\\/cuba-first-stop-of-director-of-the-royal-spanish-academy-in-the-caribbean\\\/#breadcrumb\",\"itemListElement\":[{\"@type\":\"ListItem\",\"position\":1,\"name\":\"Portada\",\"item\":\"https:\\\/\\\/oncubanews.com\\\/en\\\/\"},{\"@type\":\"ListItem\",\"position\":2,\"name\":\"Cuba, first stop of director of the Royal Spanish Academy in the Caribbean\"}]},{\"@type\":\"WebSite\",\"@id\":\"https:\\\/\\\/oncubanews.com\\\/en\\\/#website\",\"url\":\"https:\\\/\\\/oncubanews.com\\\/en\\\/\",\"name\":\"OnCubaNews English\",\"description\":\"Revista sobre Cuba\",\"potentialAction\":[{\"@type\":\"SearchAction\",\"target\":{\"@type\":\"EntryPoint\",\"urlTemplate\":\"https:\\\/\\\/oncubanews.com\\\/en\\\/?s={search_term_string}\"},\"query-input\":{\"@type\":\"PropertyValueSpecification\",\"valueRequired\":true,\"valueName\":\"search_term_string\"}}],\"inLanguage\":\"en-US\"},{\"@type\":\"Person\",\"@id\":\"https:\\\/\\\/oncubanews.com\\\/en\\\/#\\\/schema\\\/person\\\/d7171bf311032ab1f557dd8332e714af\",\"name\":\"OnCuba Staff\",\"image\":{\"@type\":\"ImageObject\",\"inLanguage\":\"en-US\",\"@id\":\"https:\\\/\\\/secure.gravatar.com\\\/avatar\\\/4b4c4d6109baadde898bb1af22ea4a4af5f4417b86a5d1800bf17531bfb128fc?s=96&r=g17310096d4dde63ebae0e54fbb19218a\",\"url\":\"https:\\\/\\\/secure.gravatar.com\\\/avatar\\\/4b4c4d6109baadde898bb1af22ea4a4af5f4417b86a5d1800bf17531bfb128fc?s=96&r=g\",\"contentUrl\":\"https:\\\/\\\/secure.gravatar.com\\\/avatar\\\/4b4c4d6109baadde898bb1af22ea4a4af5f4417b86a5d1800bf17531bfb128fc?s=96&r=g\",\"caption\":\"OnCuba Staff\"},\"url\":\"https:\\\/\\\/oncubanews.com\\\/en\\\/author\\\/oncuba-editorial-staff\\\/\"}]}<\/script>\n<!-- \/ Yoast SEO plugin. -->","yoast_head_json":{"title":"Cuba, first stop of director of the Royal Spanish Academy in the Caribbean | OnCubaNews English","description":"The academician Santiago Mu\u00f1oz Machado to meet with President Miguel D\u00edaz-Canel Berm\u00fadez this Saturday.","robots":{"index":"index","follow":"follow","max-snippet":"max-snippet:-1","max-image-preview":"max-image-preview:large","max-video-preview":"max-video-preview:-1"},"canonical":"https:\/\/oncubanews.com\/en\/cuba\/cuba-first-stop-of-director-of-the-royal-spanish-academy-in-the-caribbean\/","og_locale":"en_US","og_type":"article","og_title":"Cuba, first stop of director of the Royal Spanish Academy in the Caribbean | OnCubaNews English","og_description":"The academician Santiago Mu\u00f1oz Machado to meet with President Miguel D\u00edaz-Canel Berm\u00fadez this Saturday.","og_url":"https:\/\/oncubanews.com\/en\/cuba\/cuba-first-stop-of-director-of-the-royal-spanish-academy-in-the-caribbean\/","og_site_name":"OnCubaNews English","article_published_time":"2020-02-16T20:32:42+00:00","article_modified_time":"2020-02-16T20:56:13+00:00","og_image":[{"width":750,"height":419,"url":"https:\/\/oncubanews.com\/en\/wp-content\/uploads\/2020\/02\/santiago-mu\u00f1oz-machadoabc-1.jpg","type":"image\/jpeg"}],"author":"OnCuba Staff, OnCuba editorial staff","twitter_card":"summary_large_image","twitter_misc":{"Written by":"OnCuba Staff","Est. reading time":"2 minutes"},"schema":{"@context":"https:\/\/schema.org","@graph":[{"@type":"Article","@id":"https:\/\/oncubanews.com\/en\/cuba\/cuba-first-stop-of-director-of-the-royal-spanish-academy-in-the-caribbean\/#article","isPartOf":{"@id":"https:\/\/oncubanews.com\/en\/cuba\/cuba-first-stop-of-director-of-the-royal-spanish-academy-in-the-caribbean\/"},"author":{"name":"OnCuba Staff","@id":"https:\/\/oncubanews.com\/en\/#\/schema\/person\/d7171bf311032ab1f557dd8332e714af"},"headline":"Cuba, first stop of director of the Royal Spanish Academy in the Caribbean","datePublished":"2020-02-16T20:32:42+00:00","dateModified":"2020-02-16T20:56:13+00:00","mainEntityOfPage":{"@id":"https:\/\/oncubanews.com\/en\/cuba\/cuba-first-stop-of-director-of-the-royal-spanish-academy-in-the-caribbean\/"},"wordCount":375,"commentCount":0,"image":{"@id":"https:\/\/oncubanews.com\/en\/cuba\/cuba-first-stop-of-director-of-the-royal-spanish-academy-in-the-caribbean\/#primaryimage"},"thumbnailUrl":"https:\/\/oncubanews.com\/en\/wp-content\/uploads\/2020\/02\/santiago-mu\u00f1oz-machadoabc-1.jpg","keywords":["cuba and spain","Royal Spanish Academy of Language (RAE)"],"articleSection":["Cuba"],"inLanguage":"en-US","potentialAction":[{"@type":"CommentAction","name":"Comment","target":["https:\/\/oncubanews.com\/en\/cuba\/cuba-first-stop-of-director-of-the-royal-spanish-academy-in-the-caribbean\/#respond"]}],"copyrightYear":"2020","copyrightHolder":{"@id":"https:\/\/oncubanews.com\/en\/#organization"}},{"@type":"WebPage","@id":"https:\/\/oncubanews.com\/en\/cuba\/cuba-first-stop-of-director-of-the-royal-spanish-academy-in-the-caribbean\/","url":"https:\/\/oncubanews.com\/en\/cuba\/cuba-first-stop-of-director-of-the-royal-spanish-academy-in-the-caribbean\/","name":"Cuba, first stop of director of the Royal Spanish Academy in the Caribbean | OnCubaNews English","isPartOf":{"@id":"https:\/\/oncubanews.com\/en\/#website"},"primaryImageOfPage":{"@id":"https:\/\/oncubanews.com\/en\/cuba\/cuba-first-stop-of-director-of-the-royal-spanish-academy-in-the-caribbean\/#primaryimage"},"image":{"@id":"https:\/\/oncubanews.com\/en\/cuba\/cuba-first-stop-of-director-of-the-royal-spanish-academy-in-the-caribbean\/#primaryimage"},"thumbnailUrl":"https:\/\/oncubanews.com\/en\/wp-content\/uploads\/2020\/02\/santiago-mu\u00f1oz-machadoabc-1.jpg","datePublished":"2020-02-16T20:32:42+00:00","dateModified":"2020-02-16T20:56:13+00:00","author":{"@id":"https:\/\/oncubanews.com\/en\/#\/schema\/person\/d7171bf311032ab1f557dd8332e714af"},"description":"The academician Santiago Mu\u00f1oz Machado to meet with President Miguel D\u00edaz-Canel Berm\u00fadez this Saturday.","breadcrumb":{"@id":"https:\/\/oncubanews.com\/en\/cuba\/cuba-first-stop-of-director-of-the-royal-spanish-academy-in-the-caribbean\/#breadcrumb"},"inLanguage":"en-US","potentialAction":[{"@type":"ReadAction","target":["https:\/\/oncubanews.com\/en\/cuba\/cuba-first-stop-of-director-of-the-royal-spanish-academy-in-the-caribbean\/"]}]},{"@type":"ImageObject","inLanguage":"en-US","@id":"https:\/\/oncubanews.com\/en\/cuba\/cuba-first-stop-of-director-of-the-royal-spanish-academy-in-the-caribbean\/#primaryimage","url":"https:\/\/oncubanews.com\/en\/wp-content\/uploads\/2020\/02\/santiago-mu\u00f1oz-machadoabc-1.jpg","contentUrl":"https:\/\/oncubanews.com\/en\/wp-content\/uploads\/2020\/02\/santiago-mu\u00f1oz-machadoabc-1.jpg","width":750,"height":419,"caption":"Santiago Mu\u00f1oz Machado. Photo: Mat\u00edas Nieto \/ ABC."},{"@type":"BreadcrumbList","@id":"https:\/\/oncubanews.com\/en\/cuba\/cuba-first-stop-of-director-of-the-royal-spanish-academy-in-the-caribbean\/#breadcrumb","itemListElement":[{"@type":"ListItem","position":1,"name":"Portada","item":"https:\/\/oncubanews.com\/en\/"},{"@type":"ListItem","position":2,"name":"Cuba, first stop of director of the Royal Spanish Academy in the Caribbean"}]},{"@type":"WebSite","@id":"https:\/\/oncubanews.com\/en\/#website","url":"https:\/\/oncubanews.com\/en\/","name":"OnCubaNews English","description":"Revista sobre Cuba","potentialAction":[{"@type":"SearchAction","target":{"@type":"EntryPoint","urlTemplate":"https:\/\/oncubanews.com\/en\/?s={search_term_string}"},"query-input":{"@type":"PropertyValueSpecification","valueRequired":true,"valueName":"search_term_string"}}],"inLanguage":"en-US"},{"@type":"Person","@id":"https:\/\/oncubanews.com\/en\/#\/schema\/person\/d7171bf311032ab1f557dd8332e714af","name":"OnCuba Staff","image":{"@type":"ImageObject","inLanguage":"en-US","@id":"https:\/\/secure.gravatar.com\/avatar\/4b4c4d6109baadde898bb1af22ea4a4af5f4417b86a5d1800bf17531bfb128fc?s=96&r=g17310096d4dde63ebae0e54fbb19218a","url":"https:\/\/secure.gravatar.com\/avatar\/4b4c4d6109baadde898bb1af22ea4a4af5f4417b86a5d1800bf17531bfb128fc?s=96&r=g","contentUrl":"https:\/\/secure.gravatar.com\/avatar\/4b4c4d6109baadde898bb1af22ea4a4af5f4417b86a5d1800bf17531bfb128fc?s=96&r=g","caption":"OnCuba Staff"},"url":"https:\/\/oncubanews.com\/en\/author\/oncuba-editorial-staff\/"}]}},"authors":[{"term_id":33546,"user_id":3134,"is_guest":0,"slug":"oncuba-editorial-staff","display_name":"OnCuba Staff","avatar_url":"https:\/\/secure.gravatar.com\/avatar\/4b4c4d6109baadde898bb1af22ea4a4af5f4417b86a5d1800bf17531bfb128fc?s=96&r=g","0":null,"1":"","2":"","3":"","4":"","5":"","6":"","7":"","8":""},{"term_id":8689,"user_id":3134,"is_guest":0,"slug":"oncuba-editorial-staff","display_name":"OnCuba editorial staff","avatar_url":{"url":"https:\/\/oncubanews.com\/en\/wp-content\/uploads\/2018\/10\/avatar-ocnews-1.png","url2x":"https:\/\/oncubanews.com\/en\/wp-content\/uploads\/2018\/10\/avatar-ocnews-1.png"},"0":null,"1":"","2":"","3":"","4":"","5":"","6":"","7":"","8":""}],"_links":{"self":[{"href":"https:\/\/oncubanews.com\/en\/wp-json\/wp\/v2\/posts\/213925","targetHints":{"allow":["GET"]}}],"collection":[{"href":"https:\/\/oncubanews.com\/en\/wp-json\/wp\/v2\/posts"}],"about":[{"href":"https:\/\/oncubanews.com\/en\/wp-json\/wp\/v2\/types\/post"}],"author":[{"embeddable":true,"href":"https:\/\/oncubanews.com\/en\/wp-json\/wp\/v2\/users\/3134"}],"replies":[{"embeddable":true,"href":"https:\/\/oncubanews.com\/en\/wp-json\/wp\/v2\/comments?post=213925"}],"version-history":[{"count":0,"href":"https:\/\/oncubanews.com\/en\/wp-json\/wp\/v2\/posts\/213925\/revisions"}],"wp:featuredmedia":[{"embeddable":true,"href":"https:\/\/oncubanews.com\/en\/wp-json\/wp\/v2\/media\/213926"}],"wp:attachment":[{"href":"https:\/\/oncubanews.com\/en\/wp-json\/wp\/v2\/media?parent=213925"}],"wp:term":[{"taxonomy":"category","embeddable":true,"href":"https:\/\/oncubanews.com\/en\/wp-json\/wp\/v2\/categories?post=213925"},{"taxonomy":"post_tag","embeddable":true,"href":"https:\/\/oncubanews.com\/en\/wp-json\/wp\/v2\/tags?post=213925"},{"taxonomy":"author","embeddable":true,"href":"https:\/\/oncubanews.com\/en\/wp-json\/wp\/v2\/ppma_author?post=213925"}],"curies":[{"name":"wp","href":"https:\/\/api.w.org\/{rel}","templated":true}]}}