
{"id":213967,"date":"2020-02-17T13:45:29","date_gmt":"2020-02-17T18:45:29","guid":{"rendered":"https:\/\/oncubanews.com\/en\/?p=213967"},"modified":"2020-02-17T13:45:29","modified_gmt":"2020-02-17T18:45:29","slug":"dialogue-with-cuban-emigration-how-can-we-help-the-country-really-grow","status":"publish","type":"post","link":"https:\/\/oncubanews.com\/en\/opinion\/dialogue-with-cuban-emigration-how-can-we-help-the-country-really-grow\/","title":{"rendered":"Dialogue with Cuban emigration: how can we help the country really grow?"},"content":{"rendered":"<p><b>December 1977<\/b><\/p>\n<p><span style=\"font-weight: 400;\">That December of 1977 would be different for fifty-five young residents in the United States and Puerto Rico, who embarked on a trip that few imagined: that of the return to their home country, Cuba, from which they had been abruptly taken when they were children, because of what their parents would consider the worst threat to humanity: the arrival of communism.<\/span><\/p>\n<p><span style=\"font-weight: 400;\">Astonishment. Reunion. Tears. Hope. Mixed feelings, hard to explain. Everything is smaller; I remembered other colors; the smell is the same&#8230;. Could you let me go up to the roof? This is the house where I grew up\u2026. The Antonio Maceo Brigade was born.<\/span><\/p>\n<p><span style=\"font-weight: 400;\">The documentary <\/span><a href=\"https:\/\/www.youtube.com\/watch?v=MJUSCWl6VY8\" target=\"_blank\" rel=\"noopener noreferrer\"><i><span style=\"font-weight: 400;\">Cincuenctaicinco hermanos<\/span><\/i><\/a><span style=\"font-weight: 400;\">, by Jes\u00fas D\u00edaz, captures those rare seconds in which the loose ends of the universe seem to connect for an instant. Some of those who were now returning had been sent to the \u201cnorth\u201d alone, as part of the Peter Pan operation. They wonder in front of the camera, taking stock of the multiple traumas and even abuses they suffered, if all that had been really less bad than the communism that now opened the doors and welcomed them as prodigal children.<\/span><\/p>\n<p><span style=\"font-weight: 400;\">But that December was also different in Cuba: the nation wondered what to do with those who until then it had described as \u201cworms\u201d and \u201ctraitors to the homeland.\u201d How to call them now? How to trust?<\/span><\/p>\n<p><span style=\"font-weight: 400;\">No matter the term used, worms, some, butterflies, others, for the first time a small crack appeared in the great wall of hate that had been rising between those outside and those inside for almost two decades.<\/span><\/p>\n<p><b>The takeoff<\/b><\/p>\n<p><span style=\"font-weight: 400;\">That first visit of the 55 in 1977, in which members of the <\/span><i><span style=\"font-weight: 400;\">Are\u00edto<\/span><\/i><span style=\"font-weight: 400;\"> and <\/span><i><span style=\"font-weight: 400;\">Joven Cuba<\/span><\/i><span style=\"font-weight: 400;\"> magazines would participate, gave rise a year later to what is known as the 1978 Dialogue, which was followed by the 1st, 2nd and 3rd Conferences of the Nation and Emigration in 1994, 1995 and 2004, respectively. The 4th will be held from April 8 to 10, 2020. The meetings, although sporadic, have marked important compasses within the complex dynamics of the government and the diaspora.<\/span><\/p>\n<p><span style=\"font-weight: 400;\">If those who had left Cuba when they were of legal age or had committed acts of violence were not invited to the meeting of the 55, the 1978 Dialogue would generate a much more picturesque quorum. With a surprising gesture of relaxed tensions, Fidel Castro would invite, in addition to the youth of <\/span><i><span style=\"font-weight: 400;\">Are\u00edto<\/span><\/i><span style=\"font-weight: 400;\">, Casa de las Am\u00e9ricas, and other pro-dialogue organizations of the diaspora, former political prisoners and Bay of Pigs veterans.<\/span><\/p>\n<p><span style=\"font-weight: 400;\">The Antonio Maceo Brigade would present in that 1978 Dialogue important claims. They requested, for example: 1) a law that would allow the recovery of Cuban citizenship; 2) cultural, scientific and sports exchanges; 3) that young people outside of Cuba could study in Cuba; 4) participation, as observers, in activities of the State, the Communist Party, and mass organizations, as well as in professional and scientific events; 5) participation in the elections of the representatives to the organs of People\u2019s Power; 6) that the definitive return of those who so wish would begin to be considered legal; 7) the release of political prisoners; 8) that family visits be allowed; 9) that the Cuban government grant exit permits to those who want to reunite with their family in the United States.<\/span><\/p>\n<figure id=\"attachment_213969\" aria-describedby=\"caption-attachment-213969\" style=\"width: 1140px\" class=\"wp-caption aligncenter\"><a href=\"https:\/\/oncubanews.com\/en\/wp-content\/uploads\/2020\/02\/mun\u0303iz-varela-alzaga-y-ricardo-fraga-1975-1-1.jpg\"><img loading=\"lazy\" decoding=\"async\" class=\"size-full wp-image-213969\" src=\"https:\/\/oncubanews.com\/en\/wp-content\/uploads\/2020\/02\/mun\u0303iz-varela-alzaga-y-ricardo-fraga-1975-1-1.jpg\" alt=\"\" width=\"1140\" height=\"1452\" srcset=\"https:\/\/oncubanews.com\/en\/wp-content\/uploads\/2020\/02\/mun\u0303iz-varela-alzaga-y-ricardo-fraga-1975-1-1.jpg 1140w, https:\/\/oncubanews.com\/en\/wp-content\/uploads\/2020\/02\/mun\u0303iz-varela-alzaga-y-ricardo-fraga-1975-1-1-236x300.jpg 236w, https:\/\/oncubanews.com\/en\/wp-content\/uploads\/2020\/02\/mun\u0303iz-varela-alzaga-y-ricardo-fraga-1975-1-1-804x1024.jpg 804w, https:\/\/oncubanews.com\/en\/wp-content\/uploads\/2020\/02\/mun\u0303iz-varela-alzaga-y-ricardo-fraga-1975-1-1-768x978.jpg 768w, https:\/\/oncubanews.com\/en\/wp-content\/uploads\/2020\/02\/mun\u0303iz-varela-alzaga-y-ricardo-fraga-1975-1-1-750x955.jpg 750w\" sizes=\"auto, (max-width: 1140px) 100vw, 1140px\" \/><\/a><figcaption id=\"caption-attachment-213969\" class=\"wp-caption-text\">Carlos Mu\u00f1iz Varela, Ra\u00fal \u00c1lzaga and Ricardo Fraga, 1975.<\/figcaption><\/figure>\n<p><span style=\"font-weight: 400;\">\u201cWe believed at that time that all that was feasible. In practice it was a great utopia. We mistakenly thought we had a power of influence that was not real&#8230;. Behind all that was a whole State and a people, a people that didn\u2019t understand what was happening&#8230;,\u201d says Ra\u00fal \u00c1lzaga, founding member of the Brigade.<\/span><\/p>\n<p><span style=\"font-weight: 400;\">But although many of the demands, such as those related to the release of political prisoners, were produced through back channels, others were a direct result of these first claims of an emigration that knew how to place itself at a level of legitimate interlocution, beyond the violence to which they were subjected from outside; and the stigmatization and lack of confidence that they had to overcome from within.<\/span><\/p>\n<figure id=\"attachment_213970\" aria-describedby=\"caption-attachment-213970\" style=\"width: 1024px\" class=\"wp-caption aligncenter\"><a href=\"https:\/\/oncubanews.com\/en\/wp-content\/uploads\/2020\/02\/alzaga-y-carlos-mun\u0303iz-varela-2-1978-1979-circa-coppelia-1.jpg\"><img loading=\"lazy\" decoding=\"async\" class=\"size-full wp-image-213970\" src=\"https:\/\/oncubanews.com\/en\/wp-content\/uploads\/2020\/02\/alzaga-y-carlos-mun\u0303iz-varela-2-1978-1979-circa-coppelia-1.jpg\" alt=\"\" width=\"1024\" height=\"786\" srcset=\"https:\/\/oncubanews.com\/en\/wp-content\/uploads\/2020\/02\/alzaga-y-carlos-mun\u0303iz-varela-2-1978-1979-circa-coppelia-1.jpg 1024w, https:\/\/oncubanews.com\/en\/wp-content\/uploads\/2020\/02\/alzaga-y-carlos-mun\u0303iz-varela-2-1978-1979-circa-coppelia-1-300x230.jpg 300w, https:\/\/oncubanews.com\/en\/wp-content\/uploads\/2020\/02\/alzaga-y-carlos-mun\u0303iz-varela-2-1978-1979-circa-coppelia-1-768x590.jpg 768w, https:\/\/oncubanews.com\/en\/wp-content\/uploads\/2020\/02\/alzaga-y-carlos-mun\u0303iz-varela-2-1978-1979-circa-coppelia-1-750x576.jpg 750w\" sizes=\"auto, (max-width: 1024px) 100vw, 1024px\" \/><\/a><figcaption id=\"caption-attachment-213970\" class=\"wp-caption-text\">Carlos Mu\u00f1iz Varela and Ra\u00fal \u00c1lzaga, in Coppelia, Havana. 1978-1979 circa.<\/figcaption><\/figure>\n<p><b>Dynamite<\/b><\/p>\n<p><span style=\"font-weight: 400;\">Puerto Rico, San Juan. A few months before the 1978 Dialogue.<\/span><\/p>\n<p><span style=\"font-weight: 400;\">In its October 19 edition, the Puerto Rican weekly <\/span><i><span style=\"font-weight: 400;\">La Cr\u00f3nica<\/span><\/i><span style=\"font-weight: 400;\"> would publish:<\/span><\/p>\n<p><i><span style=\"font-weight: 400;\">\u201cOur intelligence sources inform us of the formation of a small group that will visit communist Cuba. This little group is formed and organized by one of Are\u00edto\u2019s communist children. We know his name, but we will only say that his surname is Mu\u00f1iz. Mr. Mu\u00f1iz has made countless trips to communist Cuba with Are\u00edto\u2019s group and his bosom friend, Ra\u00fal \u00c1lzaga.\u201d<\/span><\/i><\/p>\n<p><span style=\"font-weight: 400;\">On November 14, the same weekly published an interview with a hooded man, whose headline states: \u201cWe will not allow the Dialogue to advance, says Z, military commander Omega-7 command: Dynamite only language with which we are going to dialogue.\u201d [sic]<\/span><\/p>\n<p><span style=\"font-weight: 400;\">At the end of the Dialogue in Havana in December, \u00c1lzaga, upon his return to Puerto Rico, decided together with Mu\u00f1iz Varela and Ricardo Fraga to form a first group of Cuban families to travel to Cuba on December 21, something they had been working on for weeks before the Dialogue. Mu\u00f1iz Varela assumes the responsibility of the Varadero Travel Agency, contacting those of the Cuban community of Puerto Rico interested in traveling. On January 4, 1979, the first bomb of three that would be placed in the Agency explodes. On January 24, the Puerto Rican Senate passed a resolution condemning the Dialogue and travel to Cuba, giving the green light to the deployment of terror against Cubans interested in taking part in the trips.<\/span><\/p>\n<p><span style=\"font-weight: 400;\">Just four months later, Carlos would be shot arriving at his mother&#8217;s house. \u00c1lzaga recalls: \u201cWe were together that day, April 28, 1979\u2026. We returned to the office of the Varadero Travel Agency at about 5 p.m. Now from the present I think they were following us ever since we went to lunch at the Metropol&#8230;. When [Carlos] was arriving at his mother&#8217;s house, he was intercepted and shot. His sister contacted us, we run there. We see the overturned car. We ask where they have taken Carlos. They tell us to the Medical Center. We go running to the Medical Center. We arrive and see that there is a room that says \u2018Minimal-Access Surgery.\u201d I say to myself, \u2018Bloody hell, this bastard is scaring us for fun&#8230;now they have him in Minimal-Access Surgery and look at all our running around&#8230;. We didn\u2019t imagine that it was so serious. From there they took him to the operating room. I got to see him alive, intubated. He died at dawn on April 30.\u201d<\/span><\/p>\n<p><span style=\"font-weight: 400;\">\u00c1lzaga, Mu\u00f1iz Varela and Fraga, devoted to boosting travel from Puerto Rico, did not calculate the extent of hatred. \u201cWe believed that all the massive support we had received from people wanting to travel gave us some impunity\u2026we simply did not consider the consequences. If we had done so, they might not have killed him, because we had ways and knowledge of how to avoid such an attack, but we didn&#8217;t apply them because we thought that nothing was going to happen to us,\u201d says \u00c1lzaga.<\/span><\/p>\n<p><span style=\"font-weight: 400;\">Community trips continued. But already in mid-March, \u00c1lzaga along with his colleagues from the Varadero Travel Agency, Cuba Travel (today Marazul), and the progressive forces linked to <\/span><i><span style=\"font-weight: 400;\">Areito<\/span><\/i><span style=\"font-weight: 400;\"> magazine began to question the way in which the travel policy was being implemented.<\/span><\/p>\n<p><span style=\"font-weight: 400;\">\u201cWe got a lot of criticism; that one could go only once a year; that the hotel had to be paid, which was like 850 dollars, when nobody used it; and the problem of mass travel. That became&#8230;as if it were moving a mass of cattle from one pen to another. This was contrary to what we proposed; that is, that the trips should have more quality, less quantity, and that the political aspect should be emphasized. We wanted people to appreciate the positive aspects of the Cuban revolutionary process, which might have contributed to more normal dynamics as a result of travel. Unfortunately, it did not happen that way. The separation and differences between the two groups became greater.\u201d<\/span><\/p>\n<p><span style=\"font-weight: 400;\">\u201cSome modifications were made but very small. I think we lost that fight in the short term. It is only as of the 1st Conference of the Nation and Emigration in 1994 that it is possible to formalize the non-compulsory payment of a hotel to travel. The length of the stay is also extended, as well as the frequency of entry to Cuba, more than once a year. Those were our demands in 1979 and they were achieved 15 years later. In 1979 the government had two alternatives: the first\u2014the one we proposed\u2014to explain to the people why this situation occurred, those policy changes towards these people who had been enemies until the other day; that is, prepare and educate the people for that; the second, see travel as a source of economic income at a time when the country needed it. I understand why the second was chosen. Seek as much money as possible.\u201d\u00a0<\/span><\/p>\n<p><span style=\"font-weight: 400;\">The Mu\u00f1iz Varela case, although it was one of extreme violence, is far from being the only one. Omega 7, CORU and other terrorist organizations in exile would carry out countless <\/span><a href=\"http:\/\/www.cubadebate.cu\/especiales\/2018\/12\/10\/a-40-anos-del-primer-dialogo-con-la-emigracion\/#.XkYl0SV7mRs\" target=\"_blank\" rel=\"noopener noreferrer\"><span style=\"font-weight: 400;\">attacks<\/span><\/a><span style=\"font-weight: 400;\"> that would cost the lives of several Cubans in the diaspora.<\/span><\/p>\n<p><b>What followed<\/b><\/p>\n<p><span style=\"font-weight: 400;\">The efforts of rapprochement between the diaspora and the Cuban government did not stop. The 1978 Dialogue was continued in the 1st Conference of the Nation in April 1994. As a result, the creation of the Department of Attention to Resident Cubans abroad adjacent to the Ministry of Foreign Affairs was approved, which would later be named Department of Consular Affairs and of Cuban Residents Abroad (DACCRE). Hotel requirements would be eliminated thanks to countless efforts by \u00c1lzaga and others. Also, as of that date, the prohibition of the return to Cuba of the \u201cMarielitos\u201d was eliminated.<\/span><\/p>\n<p><span style=\"font-weight: 400;\">In the 2nd Conference of the Nation and the Emigration of 1995, the so-called travel validity, a multiple entry permit to the country, was introduced, which prevented carrying out new procedures each year. It was also authorized that young Cubans residing abroad could pursue university studies in Cuba as part of a non-free program, and recognition of the right of Cubans residing abroad to <\/span><a href=\"http:\/\/www.granma.cu\/granmad\/secciones\/emigracion\/art01.htm\" target=\"_blank\" rel=\"noopener noreferrer\"><span style=\"font-weight: 400;\">invest<\/span><\/a><span style=\"font-weight: 400;\"> in Cuba was established.<\/span><\/p>\n<p><span style=\"font-weight: 400;\">In the 3rd Conference held in 2004, the entry permit would be eliminated and the passport authorization would be instituted.<\/span><\/p>\n<p><span style=\"font-weight: 400;\">As of January 2013, the immigration reform enabled the elimination of <\/span><a href=\"https:\/\/www.dw.com\/es\/qu%C3%A9-libertad-para-viajar-tendr%C3%A1n-los-cubanos\/a-16309456\" target=\"_blank\" rel=\"noopener noreferrer\"><span style=\"font-weight: 400;\">the white card<\/span><\/a><span style=\"font-weight: 400;\"> and the mechanism of the Letter of Invitation. By 2017, the <\/span><a href=\"http:\/\/www.granma.cu\/cuba\/2018-01-03\/entraron-en-vigor-nuevas-medidas-migratorias-03-01-2018-00-01-29?page=5\" target=\"_blank\" rel=\"noopener noreferrer\"><span style=\"font-weight: 400;\">authorization in the passport<\/span><\/a><span style=\"font-weight: 400;\"> would be eradicated and the entry to and exit from Cuba in pleasure boats of Cuban citizens residing abroad would be authorized. Likewise, the permission to enter the country of Cubans who had left illegally was established, with the exception of those who had done so through the U.S. Guantanamo Naval Base.<\/span><\/p>\n<p><span style=\"font-weight: 400;\">There have been considerable advances. It is obvious that at all levels, relations between the government and the diaspora have been moving towards a stage of greater stability and functionality. This responds to a political (and pragmatic) will of rapprochement by the government, but also to the existence, from the beginning, as the case of the Antonio Maceo Brigade demonstrates, of a diaspora interested in promoting engagement positions, paying even with many lives, because of the belligerent behavior of a part of the exile.<\/span><\/p>\n<figure id=\"attachment_213971\" aria-describedby=\"caption-attachment-213971\" style=\"width: 1024px\" class=\"wp-caption aligncenter\"><a href=\"https:\/\/oncubanews.com\/en\/wp-content\/uploads\/2020\/02\/fidel-ricardo-fraga-y-alzaga-1.jpg\"><img loading=\"lazy\" decoding=\"async\" class=\"size-full wp-image-213971\" src=\"https:\/\/oncubanews.com\/en\/wp-content\/uploads\/2020\/02\/fidel-ricardo-fraga-y-alzaga-1.jpg\" alt=\"\" width=\"1024\" height=\"832\" srcset=\"https:\/\/oncubanews.com\/en\/wp-content\/uploads\/2020\/02\/fidel-ricardo-fraga-y-alzaga-1.jpg 1024w, https:\/\/oncubanews.com\/en\/wp-content\/uploads\/2020\/02\/fidel-ricardo-fraga-y-alzaga-1-300x244.jpg 300w, https:\/\/oncubanews.com\/en\/wp-content\/uploads\/2020\/02\/fidel-ricardo-fraga-y-alzaga-1-768x624.jpg 768w, https:\/\/oncubanews.com\/en\/wp-content\/uploads\/2020\/02\/fidel-ricardo-fraga-y-alzaga-1-750x609.jpg 750w\" sizes=\"auto, (max-width: 1024px) 100vw, 1024px\" \/><\/a><figcaption id=\"caption-attachment-213971\" class=\"wp-caption-text\">Fidel Castro, Ricardo Fraga and Ra\u00fal \u00c1lzaga.<\/figcaption><\/figure>\n<p><b>What else can we do?<\/b><\/p>\n<p><span style=\"font-weight: 400;\">The Cuban diaspora in the United States then arrives at this 4th Conference of the Nation and Emigration with new challenges and new rights. In the current context, with an administration that threatens to last four more years in power with a radical anti-Cuba agenda, we diaspora Cubans ask ourselves how we could not only cushion its impact, but develop new engagement patterns with a direct benefit in the country&#8217;s economy, beyond the blockade and Trump.<\/span><\/p>\n<p><span style=\"font-weight: 400;\">\u201cI think the country has grown,\u201d Fidel said as a corollary to that first meeting with the 55, in January 1978 (usually paraphrased as \u201cthe country has grown\u201d). Undeniably, the country grew. But has this growth been continuous? Has it been full? What course has it taken? What is meant by growing, when basic everyday issues become, again and again, an odyssey? In what areas can the country grow more? We believe that a more flexible and creative approach to the following topics can contribute to this.<\/span><\/p>\n<p><b>Migratory issues<\/b><\/p>\n<p><span style=\"font-weight: 400;\">One issue on which the diaspora continues to insist is that of reducing the price of passports, ours being one of the most expensive in the world for Cubans residing in the United States. It has two forced extensions that involve an additional expense, adding up to 695 dollars, including the issuance of a new passport and extensions (excluding agency costs).<\/span><\/p>\n<p><span style=\"font-weight: 400;\">Why not eliminate extensions? In this way, we Cubans could have a greater incentive to travel. This would in turn ensure a more constant and fluid participation by emigrants in dynamics of <\/span><a href=\"http:\/\/www.temas.cult.cu\/ultimo-jueves\/flujos-y-reflujos-migratorios-debate\" target=\"_blank\" rel=\"noopener noreferrer\"><span style=\"font-weight: 400;\">circular and transnational migration<\/span><\/a><span style=\"font-weight: 400;\">, with performances with greater importance and scope in the economic life of their country of origin.<\/span><\/p>\n<figure id=\"attachment_213973\" aria-describedby=\"caption-attachment-213973\" style=\"width: 1024px\" class=\"wp-caption aligncenter\"><a href=\"https:\/\/oncubanews.com\/en\/wp-content\/uploads\/2020\/02\/reunion-naci\u00f3n-y-emigraci\u00f3n-1.jpg\"><img loading=\"lazy\" decoding=\"async\" class=\"size-full wp-image-213973\" src=\"https:\/\/oncubanews.com\/en\/wp-content\/uploads\/2020\/02\/reunion-naci\u00f3n-y-emigraci\u00f3n-1.jpg\" alt=\"\" width=\"1024\" height=\"607\" srcset=\"https:\/\/oncubanews.com\/en\/wp-content\/uploads\/2020\/02\/reunion-naci\u00f3n-y-emigraci\u00f3n-1.jpg 1024w, https:\/\/oncubanews.com\/en\/wp-content\/uploads\/2020\/02\/reunion-naci\u00f3n-y-emigraci\u00f3n-1-300x178.jpg 300w, https:\/\/oncubanews.com\/en\/wp-content\/uploads\/2020\/02\/reunion-naci\u00f3n-y-emigraci\u00f3n-1-768x455.jpg 768w, https:\/\/oncubanews.com\/en\/wp-content\/uploads\/2020\/02\/reunion-naci\u00f3n-y-emigraci\u00f3n-1-750x445.jpg 750w\" sizes=\"auto, (max-width: 1024px) 100vw, 1024px\" \/><\/a><figcaption id=\"caption-attachment-213973\" class=\"wp-caption-text\">The Nation and Emigration meeting.<\/figcaption><\/figure>\n<p><b>Economy: investments, training, mental blockage<\/b><\/p>\n<p><span style=\"font-weight: 400;\">Despite the new restrictions on remittances and travel, and that some people who spend the night in Miami want to grab the baton of hatred in order to get positions paid by the Helms-Burton or YouTube ratings, the figures show that both <\/span><a href=\"https:\/\/mundo.sputniknews.com\/economia\/202002011090326665-aumentan-remesas-y-envios-desde-eeuu-a-cuba-a-pesar-de-prohibiciones-y-campanas\/\" target=\"_blank\" rel=\"noopener noreferrer\"><span style=\"font-weight: 400;\">remittances<\/span><\/a><span style=\"font-weight: 400;\"> and trips have been maintained. In 2018 alone, the amount of the first amounted to 3.691 billion dollars. More than 600,000 Cubans <\/span><a href=\"https:\/\/www.univision.com\/local\/miami-wltv\/subio-la-cifra-de-cubanos-que-visitaron-la-isla-en-el-ano-2019\" target=\"_blank\" rel=\"noopener noreferrer\"><span style=\"font-weight: 400;\">visited<\/span><\/a><span style=\"font-weight: 400;\"> the island in 2019 (a slightly higher number than in 2018), despite Washington&#8217;s sanctions.<\/span><\/p>\n<p><span style=\"font-weight: 400;\">However, despite the fact that the remittance market to Cuba has become the <\/span><a href=\"http:\/\/www.thehavanaconsultinggroup.com\/(X(1)S(wekzq1jywhggzbq5ldh4eykn))\/en-us\/Articles\/Article\/20\" target=\"_blank\" rel=\"noopener noreferrer\"><span style=\"font-weight: 400;\">seventh<\/span><\/a><span style=\"font-weight: 400;\"> largest of its kind in Latin America (only surpassed by Mexico, Guatemala, Dominican Republic, El Salvador, Colombia, and Honduras), the Cuban government has not been able to take full advantage of this. Perhaps because it remains to be understood that it is not only the amount of remittances that counts, but what is done with them. As in the case of the 1979 trips, it is not only about the quantity, but about the quality of the process.<\/span><\/p>\n<figure id=\"attachment_213974\" aria-describedby=\"caption-attachment-213974\" style=\"width: 1024px\" class=\"wp-caption aligncenter\"><a href=\"https:\/\/oncubanews.com\/en\/wp-content\/uploads\/2020\/02\/carriola-malecon-1.jpg\"><img loading=\"lazy\" decoding=\"async\" class=\"size-full wp-image-213974\" src=\"https:\/\/oncubanews.com\/en\/wp-content\/uploads\/2020\/02\/carriola-malecon-1.jpg\" alt=\"\" width=\"1024\" height=\"768\" srcset=\"https:\/\/oncubanews.com\/en\/wp-content\/uploads\/2020\/02\/carriola-malecon-1.jpg 1024w, https:\/\/oncubanews.com\/en\/wp-content\/uploads\/2020\/02\/carriola-malecon-1-300x225.jpg 300w, https:\/\/oncubanews.com\/en\/wp-content\/uploads\/2020\/02\/carriola-malecon-1-768x576.jpg 768w, https:\/\/oncubanews.com\/en\/wp-content\/uploads\/2020\/02\/carriola-malecon-1-750x563.jpg 750w\" sizes=\"auto, (max-width: 1024px) 100vw, 1024px\" \/><\/a><figcaption id=\"caption-attachment-213974\" class=\"wp-caption-text\">The electric stroller, a dream with obstacles for a repatriated Cuban.<\/figcaption><\/figure>\n<p><b>\u201cMany obstacles\u201d<\/b><\/p>\n<p><span style=\"font-weight: 400;\">Jorge Artiles is a repatriated Cuban-American who has resided in Havana since 2016. He left the island for Miami in 1994 when he was 15 years old. For years he has explored ways to reconnect with his country. Since 2008 he has been involved in the cultural exchange between Cuban artists on both shores. Now, he is trying to boost his own electric stroller business because these, \u201cin addition to having become an efficient alternative of ecological transport, resolve a great deal in countries with transportation problems, either because it is scarce or because there is a lot of traffic.\u201d However, Artiles complains that \u201cthere are many obstacles.\u201d<\/span><\/p>\n<p><span style=\"font-weight: 400;\">\u201cAs a result of the public transportation problem in Cuba, I had the idea of getting the recreational transport license (electric bicycles and strollers), but it was suspended. I went to the enterprise that regulates transportation in my municipality, Centro Habana, and they don&#8217;t give me real reasons why they suspended it. I can employ up to ten persons and help with social security, since as an employer and contractor I pay social security taxes, and in addition, employees also pay their taxes, but everything is simply an obstacle\u2026.\u201d\u00a0<\/span><\/p>\n<p><span style=\"font-weight: 400;\">What\u2019s the sense in canceling a license in an area of \u200b\u200bso much demand?<\/span><\/p>\n<p><span style=\"font-weight: 400;\">\u201cWhen I ride through Old Havana, even the tourists stop me and ask me where they can rent them. Then I thought about importing professional electric charging equipment for ecological transportation like in China and all of Europe, but before I found out about getting a license for fast charging points for motorcycles and electric bicycles, and they told me that they also don&#8217;t give a license for this type of self-employment. Any retiree could receive extra money by having this small business in their home, but everything is an obstacle.\u201d<\/span><\/p>\n<p><span style=\"font-weight: 400;\">Artiles also took out his Real Estate Advisor license for buying and selling properties. Neither has he been able to set up that business. \u201cWith that real estate license I can&#8217;t hire people. It has to be only me. I can&#8217;t have a secretary or someone to help me in the business. What if I am inspecting a property and a customer calls me to see another property? I wonder if we could then use our experience to teach how things are effectively done in other places.\u201d<\/span><\/p>\n<figure id=\"attachment_213975\" aria-describedby=\"caption-attachment-213975\" style=\"width: 1024px\" class=\"wp-caption aligncenter\"><a href=\"https:\/\/oncubanews.com\/en\/wp-content\/uploads\/2020\/02\/carriola-clientes-1.jpg\"><img loading=\"lazy\" decoding=\"async\" class=\"size-full wp-image-213975\" src=\"https:\/\/oncubanews.com\/en\/wp-content\/uploads\/2020\/02\/carriola-clientes-1.jpg\" alt=\"\" width=\"1024\" height=\"1024\" srcset=\"https:\/\/oncubanews.com\/en\/wp-content\/uploads\/2020\/02\/carriola-clientes-1.jpg 1024w, https:\/\/oncubanews.com\/en\/wp-content\/uploads\/2020\/02\/carriola-clientes-1-300x300.jpg 300w, https:\/\/oncubanews.com\/en\/wp-content\/uploads\/2020\/02\/carriola-clientes-1-150x150.jpg 150w, https:\/\/oncubanews.com\/en\/wp-content\/uploads\/2020\/02\/carriola-clientes-1-768x768.jpg 768w, https:\/\/oncubanews.com\/en\/wp-content\/uploads\/2020\/02\/carriola-clientes-1-75x75.jpg 75w, https:\/\/oncubanews.com\/en\/wp-content\/uploads\/2020\/02\/carriola-clientes-1-750x750.jpg 750w\" sizes=\"auto, (max-width: 1024px) 100vw, 1024px\" \/><\/a><figcaption id=\"caption-attachment-213975\" class=\"wp-caption-text\">Artiles with some clients.<\/figcaption><\/figure>\n<p><b>The best ally: experience<\/b><\/p>\n<p><span style=\"font-weight: 400;\">Let&#8217;s reflect. Has the person who drafted the license for buying and selling real estate ever had a real estate business? Wouldn&#8217;t anyone who decides to open a real estate business benefit from the advice of someone with experience in that field? We know that Cubans are creative, enterprising, intelligent. However, times are pressing and experience can be our best ally.<\/span><\/p>\n<p><span style=\"font-weight: 400;\">In the United States, companies, academia, and private and state-owned enterprises develop training to share lists of best practices based on the experience of the sector in question. Why not make use of this logic of \u201cbest practices\u201d for the benefit of setting up enterprises in Cuba like the ones Artiles wants to develop? He would be a perfect candidate to give these workshops. As he tells me, he would do it with the best disposition. \u201cNot everything is for profit,\u201d he says. \u201cFor many, the development of our nation is a priority.\u201d<\/span><\/p>\n<p><span style=\"font-weight: 400;\">Another related issue is that of the possibility for non-repatriated Cubans and foreigners to buy property.<\/span><\/p>\n<p><span style=\"font-weight: 400;\">\u201cI would like to suggest that they consider, as a way of attracting foreign currency in the real estate sector, that a Cuban born in Cuba without an identity card, or a foreigner, can participate in the purchase of a home, either as an owner or co-owner, as in any part of the world and, since he is not a permanent resident in the country, he is charged annual taxes on that purchase in freely convertible currency (MLC). That money would also serve to help the housing development for the neediest population, just as the sale of cars in MLC will supposedly help urban public transportation in the country. It is also necessary to develop online access to appointments for procedures related to housing. It would speed up the endless lines in the crowded law firms that can\u2019t cope with all the work.\u201d<\/span><\/p>\n<p><span style=\"font-weight: 400;\">Artiles insists that there is too much mental blockage, too much misinformation about the forms of relationship within a mixed economy model, to which people are not used to. \u201cThis is not born of a lack of disposition, but of ignorance, since they were years with a Soviet-style, vertical economic model.\u201d And he adds: \u201cif the blockade from abroad exists, that of the inside, that of bureaucratic obstacles and bad habits; that of not knowing that a client is always right and that the client must always be treated with respect, that type of blockade exists as well, and it is very bad&#8230;.\u201d<\/span><\/p>\n<p><span style=\"font-weight: 400;\">The diaspora could collaborate by offering seminars, workshops and training in which Cubans, from both here and there, would develop together brainstorming that incorporates strategies from both sides: from outside, the experience of best practices; from the inside, creativity and knowledge of factual aspects related to the demographic of markets, for example.<\/span><\/p>\n<p><span style=\"font-weight: 400;\">But for all this it is necessary to finish unblocking the granting of legal status to Small and Medium Enterprises (SMEs), both for Cubans on the island and for emigrants who want to invest.<\/span><\/p>\n<p><span style=\"font-weight: 400;\">It is already known that under Law 118 there is no distinction on the origin of the investor. However, experience has <\/span><a href=\"https:\/\/oncubanews.com\/ecos\/la-inversion-de-cubanos-residentes-en-el-exterior-una-invitacion-tardia\/\" target=\"_blank\" rel=\"noopener noreferrer\"><span style=\"font-weight: 400;\">demonstrated<\/span><\/a><span style=\"font-weight: 400;\"> that in practice, the areas of state investment are not attractive to the average Cuban, since they require large amounts of capital.<\/span><\/p>\n<p><span style=\"font-weight: 400;\">In addition, those capitals of Cubans residing abroad are already being mobilized in very precise areas such as food, transportation and rental businesses. According to Cuban economist Pedro Monreal, these investments already exist, without a law that protects them.<\/span><\/p>\n<p><span style=\"font-weight: 400;\">How to understand then that within the crisis being experienced, the Law of Enterprises that regulates SMEs will not be discussed until 2022, according to the legislative schedule? That the Law of Monuments and of Copyright has priority over the one for Enterprises, especially considering four more possible years of Trump government?<\/span><\/p>\n<p><span style=\"font-weight: 400;\">In <\/span><a href=\"https:\/\/oncubanews.com\/en\/cuba\/cuban-smes-still-waiting-for-law-to-regulate-them\/\" target=\"_blank\" rel=\"noopener noreferrer\"><span style=\"font-weight: 400;\">Latin America<\/span><\/a><span style=\"font-weight: 400;\">, SMEs play a fundamental role in the economic performance of countries. They are a considerable source of jobs and contribute significantly to the GDP, bringing together a high percentage of enterprises operating in industry, commerce and services.<\/span><\/p>\n<p><span style=\"font-weight: 400;\">Cuba must give priority to the medium private enterprise, first of all, giving it legal status. In this way, nationals could begin to invest in areas asking for capital injection. The diaspora, in turn, would see in this an incentive to promote the lifting of the embargo\/blockade, which would give it access to that market of which nationals would be part.<\/span><\/p>\n<p><span style=\"font-weight: 400;\">For this, the logic of convoluted and excessive regulations that, far from motivating the investment, slow it down and discourage it must be replaced. Only in this way could <\/span><a href=\"http:\/\/www.thehavanaconsultinggroup.com\/en-us\/Articles\/Article\/69\" target=\"_blank\" rel=\"noopener noreferrer\"><span style=\"font-weight: 400;\">three fundamental aspects<\/span><\/a><span style=\"font-weight: 400;\"> that damage the development of the Cuban economy be reversed: the erosion and underutilization of capital that arrives on the island in remittances; the massive departure of people who emigrate; and an atmosphere of distrust that discourages investors.<\/span><\/p>\n<p><a href=\"https:\/\/oncubanews.com\/en\/wp-content\/uploads\/2020\/02\/nacion-y-emigracion-1.jpg\"><img loading=\"lazy\" decoding=\"async\" class=\"aligncenter size-full wp-image-213976\" src=\"https:\/\/oncubanews.com\/en\/wp-content\/uploads\/2020\/02\/nacion-y-emigracion-1.jpg\" alt=\"\" width=\"297\" height=\"512\" srcset=\"https:\/\/oncubanews.com\/en\/wp-content\/uploads\/2020\/02\/nacion-y-emigracion-1.jpg 297w, https:\/\/oncubanews.com\/en\/wp-content\/uploads\/2020\/02\/nacion-y-emigracion-1-174x300.jpg 174w\" sizes=\"auto, (max-width: 297px) 100vw, 297px\" \/><\/a><\/p>\n<p style=\"text-align: center;\"><span style=\"font-weight: 400;\">***<\/span><\/p>\n<p><span style=\"font-weight: 400;\">Cubans residing abroad had the possibility of participating with comments (not anonymous) in recent debates for the new Constitution of the Republic. Steps like these are important, but the demands of the Antonio Maceo Brigade to have \u201cparticipation in the elections of the representatives to the organs of People\u2019s Power\u201d are still a pending dream. This demand is over 40 years old now. It is time for it to be considered.<\/span><\/p>\n<p><b>For the country to really grow<\/b><\/p>\n<p><span style=\"font-weight: 400;\">The Cuban economy is going through a difficult time, within a context of regional radicalization of right-wing forces and the possible extension of current U.S. policy. The conditions are terrible, but the power to improve them is in our hands, removing many of the obstacles that prevent us from moving forward. The diaspora can play a more proactive role in it than it has had so far. There is no time to lose.<\/span><\/p>\n<p><span style=\"font-weight: 400;\">We are not only useful for remittances. If we are given the opportunity, we can give them a truly fruitful use: creating jobs, promoting new professions, making the country grow in a true pragmatic dimension and of common benefit.<\/span><\/p>\n<p><span style=\"font-weight: 400;\">All Cubans deserve it. Those inside, who have gone through too many years of hardship and sacrifices; those from outside, who, by defending dialogue and normalization, have been subjected to real and virtual threats. Those like especially Carlos Mu\u00f1iz Varela and others who, like him, paid with their lives to give the diaspora the place it deserves, in the heart of the nation, deserve it. Let\u2019s hope that the 4th Conference of the Nation and the Emigration is really an opportunity to reflect on it.<\/span><\/p>\n","protected":false},"excerpt":{"rendered":"<p>December 1977 That December of 1977 would be different for fifty-five young residents in the United States and Puerto Rico, who embarked on a trip that few imagined: that of the return to their home country, Cuba, from which they had been abruptly taken when they were children, because of what their parents would consider [&hellip;]<\/p>\n","protected":false},"author":3344,"featured_media":213968,"comment_status":"open","ping_status":"closed","sticky":false,"template":"","format":"standard","meta":{"_acf_changed":false,"footnotes":""},"categories":[14135],"tags":[29093],"ppma_author":[33896,12790],"class_list":["post-213967","post","type-post","status-publish","format-standard","has-post-thumbnail","hentry","category-opinion","tag-cuban-emigration"],"acf":[],"yoast_head":"<!-- This site is optimized with the Yoast SEO plugin v27.3 - https:\/\/yoast.com\/product\/yoast-seo-wordpress\/ -->\n<title>Dialogue with Cuban emigration: how can we help the country really grow? | OnCubaNews English<\/title>\n<meta name=\"description\" content=\"We are not only useful for remittances. If we are given the opportunity, we can give them a truly fruitful use: creating jobs, promoting new professions, making the country grow.\" \/>\n<meta name=\"robots\" content=\"index, follow, max-snippet:-1, max-image-preview:large, max-video-preview:-1\" \/>\n<link rel=\"canonical\" href=\"https:\/\/oncubanews.com\/en\/opinion\/dialogue-with-cuban-emigration-how-can-we-help-the-country-really-grow\/\" \/>\n<meta property=\"og:locale\" content=\"en_US\" \/>\n<meta property=\"og:type\" content=\"article\" \/>\n<meta property=\"og:title\" content=\"Dialogue with Cuban emigration: how can we help the country really grow? | OnCubaNews English\" \/>\n<meta property=\"og:description\" content=\"We are not only useful for remittances. If we are given the opportunity, we can give them a truly fruitful use: creating jobs, promoting new professions, making the country grow.\" \/>\n<meta property=\"og:url\" content=\"https:\/\/oncubanews.com\/en\/opinion\/dialogue-with-cuban-emigration-how-can-we-help-the-country-really-grow\/\" \/>\n<meta property=\"og:site_name\" content=\"OnCubaNews English\" \/>\n<meta property=\"article:published_time\" content=\"2020-02-17T18:45:29+00:00\" \/>\n<meta property=\"og:image\" content=\"https:\/\/oncubanews.com\/en\/wp-content\/uploads\/2020\/02\/palma-kalo2-1.jpg\" \/>\n\t<meta property=\"og:image:width\" content=\"750\" \/>\n\t<meta property=\"og:image:height\" content=\"496\" \/>\n\t<meta property=\"og:image:type\" content=\"image\/jpeg\" \/>\n<meta name=\"author\" content=\"Mar\u00eda Isabel Alfonso, Maria Isabel Alfonso\" \/>\n<meta name=\"twitter:card\" content=\"summary_large_image\" \/>\n<meta name=\"twitter:label1\" content=\"Written by\" \/>\n\t<meta name=\"twitter:data1\" content=\"Mar\u00eda Isabel Alfonso\" \/>\n\t<meta name=\"twitter:label2\" content=\"Est. reading time\" \/>\n\t<meta name=\"twitter:data2\" content=\"20 minutes\" \/>\n<script type=\"application\/ld+json\" class=\"yoast-schema-graph\">{\"@context\":\"https:\\\/\\\/schema.org\",\"@graph\":[{\"@type\":\"Article\",\"@id\":\"https:\\\/\\\/oncubanews.com\\\/en\\\/opinion\\\/dialogue-with-cuban-emigration-how-can-we-help-the-country-really-grow\\\/#article\",\"isPartOf\":{\"@id\":\"https:\\\/\\\/oncubanews.com\\\/en\\\/opinion\\\/dialogue-with-cuban-emigration-how-can-we-help-the-country-really-grow\\\/\"},\"author\":{\"name\":\"Mar\u00eda Isabel Alfonso\",\"@id\":\"https:\\\/\\\/oncubanews.com\\\/en\\\/#\\\/schema\\\/person\\\/b5e561a03e9fd95fdaa845bd3c182447\"},\"headline\":\"Dialogue with Cuban emigration: how can we help the country really grow?\",\"datePublished\":\"2020-02-17T18:45:29+00:00\",\"mainEntityOfPage\":{\"@id\":\"https:\\\/\\\/oncubanews.com\\\/en\\\/opinion\\\/dialogue-with-cuban-emigration-how-can-we-help-the-country-really-grow\\\/\"},\"wordCount\":3921,\"commentCount\":0,\"image\":{\"@id\":\"https:\\\/\\\/oncubanews.com\\\/en\\\/opinion\\\/dialogue-with-cuban-emigration-how-can-we-help-the-country-really-grow\\\/#primaryimage\"},\"thumbnailUrl\":\"https:\\\/\\\/oncubanews.com\\\/en\\\/wp-content\\\/uploads\\\/2020\\\/02\\\/palma-kalo2-1.jpg\",\"keywords\":[\"Cuban emigration\"],\"articleSection\":[\"Opinion\"],\"inLanguage\":\"en-US\",\"potentialAction\":[{\"@type\":\"CommentAction\",\"name\":\"Comment\",\"target\":[\"https:\\\/\\\/oncubanews.com\\\/en\\\/opinion\\\/dialogue-with-cuban-emigration-how-can-we-help-the-country-really-grow\\\/#respond\"]}],\"copyrightYear\":\"2020\",\"copyrightHolder\":{\"@id\":\"https:\\\/\\\/oncubanews.com\\\/en\\\/#organization\"}},{\"@type\":\"WebPage\",\"@id\":\"https:\\\/\\\/oncubanews.com\\\/en\\\/opinion\\\/dialogue-with-cuban-emigration-how-can-we-help-the-country-really-grow\\\/\",\"url\":\"https:\\\/\\\/oncubanews.com\\\/en\\\/opinion\\\/dialogue-with-cuban-emigration-how-can-we-help-the-country-really-grow\\\/\",\"name\":\"Dialogue with Cuban emigration: how can we help the country really grow? | OnCubaNews English\",\"isPartOf\":{\"@id\":\"https:\\\/\\\/oncubanews.com\\\/en\\\/#website\"},\"primaryImageOfPage\":{\"@id\":\"https:\\\/\\\/oncubanews.com\\\/en\\\/opinion\\\/dialogue-with-cuban-emigration-how-can-we-help-the-country-really-grow\\\/#primaryimage\"},\"image\":{\"@id\":\"https:\\\/\\\/oncubanews.com\\\/en\\\/opinion\\\/dialogue-with-cuban-emigration-how-can-we-help-the-country-really-grow\\\/#primaryimage\"},\"thumbnailUrl\":\"https:\\\/\\\/oncubanews.com\\\/en\\\/wp-content\\\/uploads\\\/2020\\\/02\\\/palma-kalo2-1.jpg\",\"datePublished\":\"2020-02-17T18:45:29+00:00\",\"author\":{\"@id\":\"https:\\\/\\\/oncubanews.com\\\/en\\\/#\\\/schema\\\/person\\\/b5e561a03e9fd95fdaa845bd3c182447\"},\"description\":\"We are not only useful for remittances. If we are given the opportunity, we can give them a truly fruitful use: creating jobs, promoting new professions, making the country grow.\",\"breadcrumb\":{\"@id\":\"https:\\\/\\\/oncubanews.com\\\/en\\\/opinion\\\/dialogue-with-cuban-emigration-how-can-we-help-the-country-really-grow\\\/#breadcrumb\"},\"inLanguage\":\"en-US\",\"potentialAction\":[{\"@type\":\"ReadAction\",\"target\":[\"https:\\\/\\\/oncubanews.com\\\/en\\\/opinion\\\/dialogue-with-cuban-emigration-how-can-we-help-the-country-really-grow\\\/\"]}]},{\"@type\":\"ImageObject\",\"inLanguage\":\"en-US\",\"@id\":\"https:\\\/\\\/oncubanews.com\\\/en\\\/opinion\\\/dialogue-with-cuban-emigration-how-can-we-help-the-country-really-grow\\\/#primaryimage\",\"url\":\"https:\\\/\\\/oncubanews.com\\\/en\\\/wp-content\\\/uploads\\\/2020\\\/02\\\/palma-kalo2-1.jpg\",\"contentUrl\":\"https:\\\/\\\/oncubanews.com\\\/en\\\/wp-content\\\/uploads\\\/2020\\\/02\\\/palma-kalo2-1.jpg\",\"width\":750,\"height\":496,\"caption\":\"Photo: Kaloian\"},{\"@type\":\"BreadcrumbList\",\"@id\":\"https:\\\/\\\/oncubanews.com\\\/en\\\/opinion\\\/dialogue-with-cuban-emigration-how-can-we-help-the-country-really-grow\\\/#breadcrumb\",\"itemListElement\":[{\"@type\":\"ListItem\",\"position\":1,\"name\":\"Portada\",\"item\":\"https:\\\/\\\/oncubanews.com\\\/en\\\/\"},{\"@type\":\"ListItem\",\"position\":2,\"name\":\"Dialogue with Cuban emigration: how can we help the country really grow?\"}]},{\"@type\":\"WebSite\",\"@id\":\"https:\\\/\\\/oncubanews.com\\\/en\\\/#website\",\"url\":\"https:\\\/\\\/oncubanews.com\\\/en\\\/\",\"name\":\"OnCubaNews English\",\"description\":\"Revista sobre Cuba\",\"potentialAction\":[{\"@type\":\"SearchAction\",\"target\":{\"@type\":\"EntryPoint\",\"urlTemplate\":\"https:\\\/\\\/oncubanews.com\\\/en\\\/?s={search_term_string}\"},\"query-input\":{\"@type\":\"PropertyValueSpecification\",\"valueRequired\":true,\"valueName\":\"search_term_string\"}}],\"inLanguage\":\"en-US\"},{\"@type\":\"Person\",\"@id\":\"https:\\\/\\\/oncubanews.com\\\/en\\\/#\\\/schema\\\/person\\\/b5e561a03e9fd95fdaa845bd3c182447\",\"name\":\"Mar\u00eda Isabel Alfonso\",\"image\":{\"@type\":\"ImageObject\",\"inLanguage\":\"en-US\",\"@id\":\"https:\\\/\\\/oncubanews.com\\\/wp-content\\\/uploads\\\/2016\\\/03\\\/Mar\u00eda-Isabel-Alfonso_avatar_1458757879-96x96.jpgbdee118bccd026904fb75b06ae549878\",\"url\":\"https:\\\/\\\/oncubanews.com\\\/wp-content\\\/uploads\\\/2016\\\/03\\\/Mar\u00eda-Isabel-Alfonso_avatar_1458757879-96x96.jpg\",\"contentUrl\":\"https:\\\/\\\/oncubanews.com\\\/wp-content\\\/uploads\\\/2016\\\/03\\\/Mar\u00eda-Isabel-Alfonso_avatar_1458757879-96x96.jpg\",\"caption\":\"Mar\u00eda Isabel Alfonso\"},\"url\":\"https:\\\/\\\/oncubanews.com\\\/en\\\/author\\\/maria-isabel-alfonso\\\/\"}]}<\/script>\n<!-- \/ Yoast SEO plugin. -->","yoast_head_json":{"title":"Dialogue with Cuban emigration: how can we help the country really grow? | OnCubaNews English","description":"We are not only useful for remittances. If we are given the opportunity, we can give them a truly fruitful use: creating jobs, promoting new professions, making the country grow.","robots":{"index":"index","follow":"follow","max-snippet":"max-snippet:-1","max-image-preview":"max-image-preview:large","max-video-preview":"max-video-preview:-1"},"canonical":"https:\/\/oncubanews.com\/en\/opinion\/dialogue-with-cuban-emigration-how-can-we-help-the-country-really-grow\/","og_locale":"en_US","og_type":"article","og_title":"Dialogue with Cuban emigration: how can we help the country really grow? | OnCubaNews English","og_description":"We are not only useful for remittances. If we are given the opportunity, we can give them a truly fruitful use: creating jobs, promoting new professions, making the country grow.","og_url":"https:\/\/oncubanews.com\/en\/opinion\/dialogue-with-cuban-emigration-how-can-we-help-the-country-really-grow\/","og_site_name":"OnCubaNews English","article_published_time":"2020-02-17T18:45:29+00:00","og_image":[{"width":750,"height":496,"url":"https:\/\/oncubanews.com\/en\/wp-content\/uploads\/2020\/02\/palma-kalo2-1.jpg","type":"image\/jpeg"}],"author":"Mar\u00eda Isabel Alfonso, Maria Isabel Alfonso","twitter_card":"summary_large_image","twitter_misc":{"Written by":"Mar\u00eda Isabel Alfonso","Est. reading time":"20 minutes"},"schema":{"@context":"https:\/\/schema.org","@graph":[{"@type":"Article","@id":"https:\/\/oncubanews.com\/en\/opinion\/dialogue-with-cuban-emigration-how-can-we-help-the-country-really-grow\/#article","isPartOf":{"@id":"https:\/\/oncubanews.com\/en\/opinion\/dialogue-with-cuban-emigration-how-can-we-help-the-country-really-grow\/"},"author":{"name":"Mar\u00eda Isabel Alfonso","@id":"https:\/\/oncubanews.com\/en\/#\/schema\/person\/b5e561a03e9fd95fdaa845bd3c182447"},"headline":"Dialogue with Cuban emigration: how can we help the country really grow?","datePublished":"2020-02-17T18:45:29+00:00","mainEntityOfPage":{"@id":"https:\/\/oncubanews.com\/en\/opinion\/dialogue-with-cuban-emigration-how-can-we-help-the-country-really-grow\/"},"wordCount":3921,"commentCount":0,"image":{"@id":"https:\/\/oncubanews.com\/en\/opinion\/dialogue-with-cuban-emigration-how-can-we-help-the-country-really-grow\/#primaryimage"},"thumbnailUrl":"https:\/\/oncubanews.com\/en\/wp-content\/uploads\/2020\/02\/palma-kalo2-1.jpg","keywords":["Cuban emigration"],"articleSection":["Opinion"],"inLanguage":"en-US","potentialAction":[{"@type":"CommentAction","name":"Comment","target":["https:\/\/oncubanews.com\/en\/opinion\/dialogue-with-cuban-emigration-how-can-we-help-the-country-really-grow\/#respond"]}],"copyrightYear":"2020","copyrightHolder":{"@id":"https:\/\/oncubanews.com\/en\/#organization"}},{"@type":"WebPage","@id":"https:\/\/oncubanews.com\/en\/opinion\/dialogue-with-cuban-emigration-how-can-we-help-the-country-really-grow\/","url":"https:\/\/oncubanews.com\/en\/opinion\/dialogue-with-cuban-emigration-how-can-we-help-the-country-really-grow\/","name":"Dialogue with Cuban emigration: how can we help the country really grow? | OnCubaNews English","isPartOf":{"@id":"https:\/\/oncubanews.com\/en\/#website"},"primaryImageOfPage":{"@id":"https:\/\/oncubanews.com\/en\/opinion\/dialogue-with-cuban-emigration-how-can-we-help-the-country-really-grow\/#primaryimage"},"image":{"@id":"https:\/\/oncubanews.com\/en\/opinion\/dialogue-with-cuban-emigration-how-can-we-help-the-country-really-grow\/#primaryimage"},"thumbnailUrl":"https:\/\/oncubanews.com\/en\/wp-content\/uploads\/2020\/02\/palma-kalo2-1.jpg","datePublished":"2020-02-17T18:45:29+00:00","author":{"@id":"https:\/\/oncubanews.com\/en\/#\/schema\/person\/b5e561a03e9fd95fdaa845bd3c182447"},"description":"We are not only useful for remittances. If we are given the opportunity, we can give them a truly fruitful use: creating jobs, promoting new professions, making the country grow.","breadcrumb":{"@id":"https:\/\/oncubanews.com\/en\/opinion\/dialogue-with-cuban-emigration-how-can-we-help-the-country-really-grow\/#breadcrumb"},"inLanguage":"en-US","potentialAction":[{"@type":"ReadAction","target":["https:\/\/oncubanews.com\/en\/opinion\/dialogue-with-cuban-emigration-how-can-we-help-the-country-really-grow\/"]}]},{"@type":"ImageObject","inLanguage":"en-US","@id":"https:\/\/oncubanews.com\/en\/opinion\/dialogue-with-cuban-emigration-how-can-we-help-the-country-really-grow\/#primaryimage","url":"https:\/\/oncubanews.com\/en\/wp-content\/uploads\/2020\/02\/palma-kalo2-1.jpg","contentUrl":"https:\/\/oncubanews.com\/en\/wp-content\/uploads\/2020\/02\/palma-kalo2-1.jpg","width":750,"height":496,"caption":"Photo: Kaloian"},{"@type":"BreadcrumbList","@id":"https:\/\/oncubanews.com\/en\/opinion\/dialogue-with-cuban-emigration-how-can-we-help-the-country-really-grow\/#breadcrumb","itemListElement":[{"@type":"ListItem","position":1,"name":"Portada","item":"https:\/\/oncubanews.com\/en\/"},{"@type":"ListItem","position":2,"name":"Dialogue with Cuban emigration: how can we help the country really grow?"}]},{"@type":"WebSite","@id":"https:\/\/oncubanews.com\/en\/#website","url":"https:\/\/oncubanews.com\/en\/","name":"OnCubaNews English","description":"Revista sobre Cuba","potentialAction":[{"@type":"SearchAction","target":{"@type":"EntryPoint","urlTemplate":"https:\/\/oncubanews.com\/en\/?s={search_term_string}"},"query-input":{"@type":"PropertyValueSpecification","valueRequired":true,"valueName":"search_term_string"}}],"inLanguage":"en-US"},{"@type":"Person","@id":"https:\/\/oncubanews.com\/en\/#\/schema\/person\/b5e561a03e9fd95fdaa845bd3c182447","name":"Mar\u00eda Isabel Alfonso","image":{"@type":"ImageObject","inLanguage":"en-US","@id":"https:\/\/oncubanews.com\/wp-content\/uploads\/2016\/03\/Mar\u00eda-Isabel-Alfonso_avatar_1458757879-96x96.jpgbdee118bccd026904fb75b06ae549878","url":"https:\/\/oncubanews.com\/wp-content\/uploads\/2016\/03\/Mar\u00eda-Isabel-Alfonso_avatar_1458757879-96x96.jpg","contentUrl":"https:\/\/oncubanews.com\/wp-content\/uploads\/2016\/03\/Mar\u00eda-Isabel-Alfonso_avatar_1458757879-96x96.jpg","caption":"Mar\u00eda Isabel Alfonso"},"url":"https:\/\/oncubanews.com\/en\/author\/maria-isabel-alfonso\/"}]}},"authors":[{"term_id":33896,"user_id":3344,"is_guest":0,"slug":"maria-isabel-alfonso","display_name":"Mar\u00eda Isabel Alfonso","avatar_url":"https:\/\/oncubanews.com\/wp-content\/uploads\/2016\/03\/Mar\u00eda-Isabel-Alfonso_avatar_1458757879-96x96.jpg","0":null,"1":"","2":"","3":"","4":"","5":"","6":"","7":"","8":""},{"term_id":12790,"user_id":0,"is_guest":1,"slug":"cap-maria-isabel-alfonso","display_name":"Maria Isabel Alfonso","avatar_url":"https:\/\/secure.gravatar.com\/avatar\/?s=96&r=g","0":null,"1":"","2":"","3":"","4":"","5":"","6":"","7":"","8":""}],"_links":{"self":[{"href":"https:\/\/oncubanews.com\/en\/wp-json\/wp\/v2\/posts\/213967","targetHints":{"allow":["GET"]}}],"collection":[{"href":"https:\/\/oncubanews.com\/en\/wp-json\/wp\/v2\/posts"}],"about":[{"href":"https:\/\/oncubanews.com\/en\/wp-json\/wp\/v2\/types\/post"}],"author":[{"embeddable":true,"href":"https:\/\/oncubanews.com\/en\/wp-json\/wp\/v2\/users\/3344"}],"replies":[{"embeddable":true,"href":"https:\/\/oncubanews.com\/en\/wp-json\/wp\/v2\/comments?post=213967"}],"version-history":[{"count":0,"href":"https:\/\/oncubanews.com\/en\/wp-json\/wp\/v2\/posts\/213967\/revisions"}],"wp:featuredmedia":[{"embeddable":true,"href":"https:\/\/oncubanews.com\/en\/wp-json\/wp\/v2\/media\/213968"}],"wp:attachment":[{"href":"https:\/\/oncubanews.com\/en\/wp-json\/wp\/v2\/media?parent=213967"}],"wp:term":[{"taxonomy":"category","embeddable":true,"href":"https:\/\/oncubanews.com\/en\/wp-json\/wp\/v2\/categories?post=213967"},{"taxonomy":"post_tag","embeddable":true,"href":"https:\/\/oncubanews.com\/en\/wp-json\/wp\/v2\/tags?post=213967"},{"taxonomy":"author","embeddable":true,"href":"https:\/\/oncubanews.com\/en\/wp-json\/wp\/v2\/ppma_author?post=213967"}],"curies":[{"name":"wp","href":"https:\/\/api.w.org\/{rel}","templated":true}]}}