
{"id":213979,"date":"2020-02-17T14:55:12","date_gmt":"2020-02-17T19:55:12","guid":{"rendered":"https:\/\/oncubanews.com\/en\/?p=213979"},"modified":"2020-02-17T14:55:12","modified_gmt":"2020-02-17T19:55:12","slug":"cuba-u-s-we-have-to-cultivate-that-thought-of-normalization","status":"publish","type":"post","link":"https:\/\/oncubanews.com\/en\/cuba-usa\/cuba-u-s-we-have-to-cultivate-that-thought-of-normalization\/","title":{"rendered":"Cuba-U.S.: \u201cWe have to cultivate that thought of normalization\u201d"},"content":{"rendered":"<p>A brief review of the conflict between Cuba and the United States in the last decade was the main theme of the panel <em>Nuevas miradas a la historia del conflicto entre Cuba y Estados Unidos: \u00bfgeopol\u00edtico, econ\u00f3mico, ideol\u00f3gico, nacional o las cuatro cosas a la vez? (<\/em>New outlook on the history of the conflict between Cuba and the United States: geopolitical, economic, ideological, national or all four things at once?), held at the Casa del Alba as part of the program of activities of the 29th Havana International Book Fair.<\/p>\n<p>Specialists on the subject, such as Carlos Alzugaray Treto, Milagros Mart\u00ednez, together with historian Ernesto Limia and political scientist and essayist Rafael Hern\u00e1ndez, moderator of the colloquium, discussed the most important moments regarding the change relations underwent as of the presidential term of Barack Obama (2008-2016), a stage in which there was a substantial unprecedented turn in Cuba-U.S. diplomatic relations.<\/p>\n<p>Mart\u00ednez, a Master in Caribbean Studies and a specialist in Cuban studies in the United States, takes as a starting point for these changes the U.S. policy\u2019s failure throughout more than 50 years, and noted the change in Washington&#8217;s foreign policy towards Latin America in general.<\/p>\n<p>Another point would be the role played by various sectors within U.S. society and politics, which demanded a change in the handling of relations with the island\u2019s government. \u201cThe pressure of these sectors, together with the changes taking place in the Cuban emigration settled in the United States\u201d strengthened the turn in this policy during the Obama administration.<\/p>\n<figure id=\"attachment_213981\" aria-describedby=\"caption-attachment-213981\" style=\"width: 1024px\" class=\"wp-caption aligncenter\"><a href=\"https:\/\/oncubanews.com\/en\/wp-content\/uploads\/2020\/02\/filh-37-1.jpg\"><img loading=\"lazy\" decoding=\"async\" class=\"size-full wp-image-213981\" src=\"https:\/\/oncubanews.com\/en\/wp-content\/uploads\/2020\/02\/filh-37-1.jpg\" alt=\"\" width=\"1024\" height=\"683\" srcset=\"https:\/\/oncubanews.com\/en\/wp-content\/uploads\/2020\/02\/filh-37-1.jpg 1024w, https:\/\/oncubanews.com\/en\/wp-content\/uploads\/2020\/02\/filh-37-1-300x200.jpg 300w, https:\/\/oncubanews.com\/en\/wp-content\/uploads\/2020\/02\/filh-37-1-768x512.jpg 768w, https:\/\/oncubanews.com\/en\/wp-content\/uploads\/2020\/02\/filh-37-1-750x500.jpg 750w\" sizes=\"auto, (max-width: 1024px) 100vw, 1024px\" \/><\/a><figcaption id=\"caption-attachment-213981\" class=\"wp-caption-text\">Colloquium at the Casa del Alba on Cuba-U.S. relations, at the Havana International Book Fair. Photo: Otmaro Rodr\u00edguez.<\/figcaption><\/figure>\n<p><strong>New outlooks in new times<\/strong><\/p>\n<p>\u201cAmerican policy had a lot of continuity in the aspect of regime change, \u2018by force,\u2019 which advocated sweeping away the Revolution and all that it meant, a method that prevailed especially in Republican administrations. However, this policy was always criticized from different positions of the U.S. power elite,\u201d said Cuban political analyst and diplomat Carlos Alzugaray.<\/p>\n<p>In the past, several administrations sought a viable alternative for cooperation with Cuba, not only in economic issues, but also in national security issues, aspects which the U.S. governments focused on to see what these agreements had in store for them, without setting aside the main objective: to promote a regime change in Cuba.<\/p>\n<p>Historian Ernesto Limia recalled a figure about whom \u201cvirtually no one talks about, Ricardo Z\u00fa\u00f1iga, who was here and since 2001 had written a document with other specialists where he explained how to move forward in the policy change.\u201d Z\u00fa\u00f1iga, of Honduran origin, was the White House advisor for Latin American affairs during the Obama era.<\/p>\n<p>\u201cIt is a change of approach rather than objective,\u201d said Limia during the debate, who mentioned that the State Department official, Roberta Jacobson, on one occasion said that the U.S. government was \u201clooking for how to work the Cuban middle for it to be responsible for subverting the values \u200b\u200bof socialism in Cuba.\u201d<\/p>\n<p>Returning to the issue of national security, this has been at the center of the conflict for several years, although it was more important at the end of the Obama administration, who removed Cuba from the bottom of the foreign agenda and gave it greater relevance, commented Rafael Hern\u00e1ndez, moderator of the panel and director of the magazine <em>Temas<\/em>.<\/p>\n<p>\u201cFor the Americans, the cost-benefit analysis is very important, a parameter of thought and action that governs many sectors in the field of relations with Cuba, and I think it could also be applied to the field of security,\u201d Alzugaray emphasized.<\/p>\n<figure id=\"attachment_213982\" aria-describedby=\"caption-attachment-213982\" style=\"width: 1024px\" class=\"wp-caption aligncenter\"><a href=\"https:\/\/oncubanews.com\/en\/wp-content\/uploads\/2020\/02\/filh-36-1.jpg\"><img loading=\"lazy\" decoding=\"async\" class=\"size-full wp-image-213982\" src=\"https:\/\/oncubanews.com\/en\/wp-content\/uploads\/2020\/02\/filh-36-1.jpg\" alt=\"\" width=\"1024\" height=\"683\" srcset=\"https:\/\/oncubanews.com\/en\/wp-content\/uploads\/2020\/02\/filh-36-1.jpg 1024w, https:\/\/oncubanews.com\/en\/wp-content\/uploads\/2020\/02\/filh-36-1-300x200.jpg 300w, https:\/\/oncubanews.com\/en\/wp-content\/uploads\/2020\/02\/filh-36-1-768x512.jpg 768w, https:\/\/oncubanews.com\/en\/wp-content\/uploads\/2020\/02\/filh-36-1-750x500.jpg 750w\" sizes=\"auto, (max-width: 1024px) 100vw, 1024px\" \/><\/a><figcaption id=\"caption-attachment-213982\" class=\"wp-caption-text\">Colloquium at the Casa del Alba on Cuba-U.S. relations, at the Havana International Book Fair. Photo: Otmaro Rodr\u00edguez.<\/figcaption><\/figure>\n<p>\u201cI think that normalization cannot be seen as a perfect state which can be reached, if we see it as a process in which cooperation increases and conflicts diminish, Cuba&#8217;s objectives are achieved, which is to undermine the most aggressive positions and strengthen those that seek cooperation,\u201d a maxim that was present in administrations preceding Obama&#8217;s as in the Clinton era, Alzugaray recalled.<\/p>\n<p>The normalization process had several conditions, among which the interest of American businessmen to increase contacts with Cuba stands out; the pressure of security agencies to maintain cooperation, especially in the area of \u200b\u200bdrug trafficking, terrorism and human trafficking; and also the need to increase cultural and educational exchange between both countries.<\/p>\n<p>\u201cIf today we look at what Obama did, we have to agree that he was on a right path to normalization,\u201d Limia said in the panel, but not before acknowledging that he criticized the subversive part of the plan in the ideological sphere that Obama&#8217;s actions had at the time, according to the historian.<\/p>\n<p>For Cuba, this stage of changes meant having a hopeful economic and social outlook, while at the political-economic level the increase in the will of foreign investment. \u201cOn the political-ideological level, it also showed us how many failures we had, it was a different challenge, a path that we also have to travel and face without fear,\u201d added Limia.<\/p>\n<p>Entering a different relationship with the United States brought cultural changes to Cuban society that left a mark, beyond the measures approved by the Obama administration, perfectly changeable as the Trump administration has proven, \u201cbut the path to follow was marked, both for those here and for those there,\u201d concluded Limia.<\/p>\n<p><strong>Tangible deterioration<\/strong><\/p>\n<p>\u201cIs it possible to measure the deterioration?\u201d was one of the questions raised by Rafael Hern\u00e1ndez towards the end of the colloquium, which is in line with the current situation of diplomatic relations between both nations in recent years.<\/p>\n<blockquote class=\"wp-embedded-content\" data-secret=\"y8m7pOHvAK\"><p><a href=\"https:\/\/oncubanews.com\/en\/cuba-usa\/could-diplomatic-relations-between-cuba-and-the-united-states-be-broken\/\">Could diplomatic relations between Cuba and the United States be broken?<\/a><\/p><\/blockquote>\n<p><iframe loading=\"lazy\" class=\"wp-embedded-content\" sandbox=\"allow-scripts\" security=\"restricted\" style=\"position: absolute; clip: rect(1px, 1px, 1px, 1px);\" title=\"&#8220;Could diplomatic relations between Cuba and the United States be broken?&#8221; &#8212; OnCubaNews English\" src=\"https:\/\/oncubanews.com\/en\/cuba-usa\/could-diplomatic-relations-between-cuba-and-the-united-states-be-broken\/embed\/#?secret=sDiKGHpr9m#?secret=y8m7pOHvAK\" data-secret=\"y8m7pOHvAK\" width=\"500\" height=\"282\" frameborder=\"0\" marginwidth=\"0\" marginheight=\"0\" scrolling=\"no\"><\/iframe><\/p>\n<p>Among the influencing factors, Milagros Mart\u00ednez emphasized the personality of current President Donald Trump, \u201ca very arrogant man, obsessed with reelection and that\u2019s also where the danger lies. At one point he proposed to erase all of Obama&#8217;s legacy, not only in Latin America and the Caribbean, but in many areas of domestic and international policies.\u201d<\/p>\n<p>Another of the factors highlighted by the researcher is the \u201crebirth\u201d of the anti-Cuban lobby, which was neutralized by the previous administration, and which is currently in good health: \u201cperhaps not very good, but it has good health,\u201d warned Mart\u00ednez.<\/p>\n<p>\u201cToday the support that Trump has is from a large part of the Cuban emigration of the 1990s, which is different from that of the 2000s,\u201d clarified Ernesto Limia, groups that left Cuba under different precepts and perceptions of Cuban reality.<\/p>\n<blockquote class=\"wp-embedded-content\" data-secret=\"I9AAfoEcnX\"><p><a href=\"https:\/\/oncubanews.com\/en\/cuba-usa\/2019-the-annus-horribilis-for-cuba-u-s-relations\/\">2019, the \u201cannus horribilis\u201d for Cuba-U.S. relations<\/a><\/p><\/blockquote>\n<p><iframe loading=\"lazy\" class=\"wp-embedded-content\" sandbox=\"allow-scripts\" security=\"restricted\" style=\"position: absolute; clip: rect(1px, 1px, 1px, 1px);\" title=\"&#8220;2019, the \u201cannus horribilis\u201d for Cuba-U.S. relations&#8221; &#8212; OnCubaNews English\" src=\"https:\/\/oncubanews.com\/en\/cuba-usa\/2019-the-annus-horribilis-for-cuba-u-s-relations\/embed\/#?secret=jAqvkPrio9#?secret=I9AAfoEcnX\" data-secret=\"I9AAfoEcnX\" width=\"500\" height=\"282\" frameborder=\"0\" marginwidth=\"0\" marginheight=\"0\" scrolling=\"no\"><\/iframe><\/p>\n<p>\u201cWhat characterizes right now the position of the Cuban government in the face of growing hostility? Resistance with serenity,\u201d that is the key to the policy that the Cuban government must follow, according to Milagros Mart\u00ednez. \u201cThese nine months have to be taken advantage of and be more proactive\u201d to incentivize the interests towards Cuba that still persist in sectors of U.S. society and the economy.<\/p>\n<p>\u201cWe have wasted the opportunity for the United States academy to make more visible what is happening in Cuba, we are captives of social networks and we have to cultivate that thought of normalization, we have to promote more academic spaces, that also contributes,\u201d concluded Mart\u00ednez.<\/p>\n<p>\u201cAs before, the scenario of relations between Cuba and the United States is here. We have to be smarter now to have an influence on the positive side of American society. We have to make some moves with Cuban emigration, we must &#8216;pass the ball&#8217; to the side, move further in relations with our emigration, with less prejudice and more boldness and remember that many of our relatives and friends are there now,\u201d said Limia at the close of the dialogue.<\/p>\n","protected":false},"excerpt":{"rendered":"<p>A brief review of the conflict between Cuba and the United States in the last decade was the main theme of the panel Nuevas miradas a la historia del conflicto entre Cuba y Estados Unidos: \u00bfgeopol\u00edtico, econ\u00f3mico, ideol\u00f3gico, nacional o las cuatro cosas a la vez? (New outlook on the history of the conflict between [&hellip;]<\/p>\n","protected":false},"author":3757,"featured_media":213980,"comment_status":"open","ping_status":"closed","sticky":false,"template":"","format":"standard","meta":{"_acf_changed":false,"footnotes":""},"categories":[13944],"tags":[14891],"ppma_author":[34028,22444],"class_list":["post-213979","post","type-post","status-publish","format-standard","has-post-thumbnail","hentry","category-cuba-usa","tag-cuba-usa-relations"],"acf":[],"yoast_head":"<!-- This site is optimized with the Yoast SEO plugin v27.3 - https:\/\/yoast.com\/product\/yoast-seo-wordpress\/ -->\n<title>Cuba-U.S.: \u201cWe have to cultivate that thought of normalization\u201d | OnCubaNews English<\/title>\n<meta name=\"description\" content=\"Several scholars of relations between Cuba and the United States debated in a related colloquium that was part of the program of the 29th Havana International Book Fair.\" \/>\n<meta name=\"robots\" content=\"index, follow, max-snippet:-1, max-image-preview:large, max-video-preview:-1\" \/>\n<link rel=\"canonical\" href=\"https:\/\/oncubanews.com\/en\/cuba-usa\/cuba-u-s-we-have-to-cultivate-that-thought-of-normalization\/\" \/>\n<meta property=\"og:locale\" content=\"en_US\" \/>\n<meta property=\"og:type\" content=\"article\" \/>\n<meta property=\"og:title\" content=\"Cuba-U.S.: \u201cWe have to cultivate that thought of normalization\u201d | OnCubaNews English\" \/>\n<meta property=\"og:description\" content=\"Several scholars of relations between Cuba and the United States debated in a related colloquium that was part of the program of the 29th Havana International Book Fair.\" \/>\n<meta property=\"og:url\" content=\"https:\/\/oncubanews.com\/en\/cuba-usa\/cuba-u-s-we-have-to-cultivate-that-thought-of-normalization\/\" \/>\n<meta property=\"og:site_name\" content=\"OnCubaNews English\" \/>\n<meta property=\"article:published_time\" content=\"2020-02-17T19:55:12+00:00\" \/>\n<meta property=\"og:image\" content=\"https:\/\/oncubanews.com\/en\/wp-content\/uploads\/2020\/02\/filh-38-1.jpg\" \/>\n\t<meta property=\"og:image:width\" content=\"750\" \/>\n\t<meta property=\"og:image:height\" content=\"500\" \/>\n\t<meta property=\"og:image:type\" content=\"image\/jpeg\" \/>\n<meta name=\"author\" content=\"Yoel Rodriguez Tejeda, yoelrt\" \/>\n<meta name=\"twitter:card\" content=\"summary_large_image\" \/>\n<meta name=\"twitter:label1\" content=\"Written by\" \/>\n\t<meta name=\"twitter:data1\" content=\"Yoel Rodriguez Tejeda\" \/>\n\t<meta name=\"twitter:label2\" content=\"Est. reading time\" \/>\n\t<meta name=\"twitter:data2\" content=\"7 minutes\" \/>\n<script type=\"application\/ld+json\" class=\"yoast-schema-graph\">{\"@context\":\"https:\\\/\\\/schema.org\",\"@graph\":[{\"@type\":\"Article\",\"@id\":\"https:\\\/\\\/oncubanews.com\\\/en\\\/cuba-usa\\\/cuba-u-s-we-have-to-cultivate-that-thought-of-normalization\\\/#article\",\"isPartOf\":{\"@id\":\"https:\\\/\\\/oncubanews.com\\\/en\\\/cuba-usa\\\/cuba-u-s-we-have-to-cultivate-that-thought-of-normalization\\\/\"},\"author\":{\"name\":\"Yoel Rodriguez Tejeda\",\"@id\":\"https:\\\/\\\/oncubanews.com\\\/en\\\/#\\\/schema\\\/person\\\/a12080476afd486795549050c75abdc7\"},\"headline\":\"Cuba-U.S.: \u201cWe have to cultivate that thought of normalization\u201d\",\"datePublished\":\"2020-02-17T19:55:12+00:00\",\"mainEntityOfPage\":{\"@id\":\"https:\\\/\\\/oncubanews.com\\\/en\\\/cuba-usa\\\/cuba-u-s-we-have-to-cultivate-that-thought-of-normalization\\\/\"},\"wordCount\":1326,\"commentCount\":1,\"image\":{\"@id\":\"https:\\\/\\\/oncubanews.com\\\/en\\\/cuba-usa\\\/cuba-u-s-we-have-to-cultivate-that-thought-of-normalization\\\/#primaryimage\"},\"thumbnailUrl\":\"https:\\\/\\\/oncubanews.com\\\/en\\\/wp-content\\\/uploads\\\/2020\\\/02\\\/filh-38-1.jpg\",\"keywords\":[\"Cuba-USA Relations\"],\"articleSection\":[\"Cuba-USA\"],\"inLanguage\":\"en-US\",\"potentialAction\":[{\"@type\":\"CommentAction\",\"name\":\"Comment\",\"target\":[\"https:\\\/\\\/oncubanews.com\\\/en\\\/cuba-usa\\\/cuba-u-s-we-have-to-cultivate-that-thought-of-normalization\\\/#respond\"]}],\"copyrightYear\":\"2020\",\"copyrightHolder\":{\"@id\":\"https:\\\/\\\/oncubanews.com\\\/en\\\/#organization\"}},{\"@type\":\"WebPage\",\"@id\":\"https:\\\/\\\/oncubanews.com\\\/en\\\/cuba-usa\\\/cuba-u-s-we-have-to-cultivate-that-thought-of-normalization\\\/\",\"url\":\"https:\\\/\\\/oncubanews.com\\\/en\\\/cuba-usa\\\/cuba-u-s-we-have-to-cultivate-that-thought-of-normalization\\\/\",\"name\":\"Cuba-U.S.: \u201cWe have to cultivate that thought of normalization\u201d | OnCubaNews English\",\"isPartOf\":{\"@id\":\"https:\\\/\\\/oncubanews.com\\\/en\\\/#website\"},\"primaryImageOfPage\":{\"@id\":\"https:\\\/\\\/oncubanews.com\\\/en\\\/cuba-usa\\\/cuba-u-s-we-have-to-cultivate-that-thought-of-normalization\\\/#primaryimage\"},\"image\":{\"@id\":\"https:\\\/\\\/oncubanews.com\\\/en\\\/cuba-usa\\\/cuba-u-s-we-have-to-cultivate-that-thought-of-normalization\\\/#primaryimage\"},\"thumbnailUrl\":\"https:\\\/\\\/oncubanews.com\\\/en\\\/wp-content\\\/uploads\\\/2020\\\/02\\\/filh-38-1.jpg\",\"datePublished\":\"2020-02-17T19:55:12+00:00\",\"author\":{\"@id\":\"https:\\\/\\\/oncubanews.com\\\/en\\\/#\\\/schema\\\/person\\\/a12080476afd486795549050c75abdc7\"},\"description\":\"Several scholars of relations between Cuba and the United States debated in a related colloquium that was part of the program of the 29th Havana International Book Fair.\",\"breadcrumb\":{\"@id\":\"https:\\\/\\\/oncubanews.com\\\/en\\\/cuba-usa\\\/cuba-u-s-we-have-to-cultivate-that-thought-of-normalization\\\/#breadcrumb\"},\"inLanguage\":\"en-US\",\"potentialAction\":[{\"@type\":\"ReadAction\",\"target\":[\"https:\\\/\\\/oncubanews.com\\\/en\\\/cuba-usa\\\/cuba-u-s-we-have-to-cultivate-that-thought-of-normalization\\\/\"]}]},{\"@type\":\"ImageObject\",\"inLanguage\":\"en-US\",\"@id\":\"https:\\\/\\\/oncubanews.com\\\/en\\\/cuba-usa\\\/cuba-u-s-we-have-to-cultivate-that-thought-of-normalization\\\/#primaryimage\",\"url\":\"https:\\\/\\\/oncubanews.com\\\/en\\\/wp-content\\\/uploads\\\/2020\\\/02\\\/filh-38-1.jpg\",\"contentUrl\":\"https:\\\/\\\/oncubanews.com\\\/en\\\/wp-content\\\/uploads\\\/2020\\\/02\\\/filh-38-1.jpg\",\"width\":750,\"height\":500,\"caption\":\"Colloquium at the Casa del Alba on Cuba-U.S. relations, at the Havana International Book Fair. Photo: Otmaro Rodr\u00edguez\"},{\"@type\":\"BreadcrumbList\",\"@id\":\"https:\\\/\\\/oncubanews.com\\\/en\\\/cuba-usa\\\/cuba-u-s-we-have-to-cultivate-that-thought-of-normalization\\\/#breadcrumb\",\"itemListElement\":[{\"@type\":\"ListItem\",\"position\":1,\"name\":\"Portada\",\"item\":\"https:\\\/\\\/oncubanews.com\\\/en\\\/\"},{\"@type\":\"ListItem\",\"position\":2,\"name\":\"Cuba-U.S.: \u201cWe have to cultivate that thought of normalization\u201d\"}]},{\"@type\":\"WebSite\",\"@id\":\"https:\\\/\\\/oncubanews.com\\\/en\\\/#website\",\"url\":\"https:\\\/\\\/oncubanews.com\\\/en\\\/\",\"name\":\"OnCubaNews English\",\"description\":\"Revista sobre Cuba\",\"potentialAction\":[{\"@type\":\"SearchAction\",\"target\":{\"@type\":\"EntryPoint\",\"urlTemplate\":\"https:\\\/\\\/oncubanews.com\\\/en\\\/?s={search_term_string}\"},\"query-input\":{\"@type\":\"PropertyValueSpecification\",\"valueRequired\":true,\"valueName\":\"search_term_string\"}}],\"inLanguage\":\"en-US\"},{\"@type\":\"Person\",\"@id\":\"https:\\\/\\\/oncubanews.com\\\/en\\\/#\\\/schema\\\/person\\\/a12080476afd486795549050c75abdc7\",\"name\":\"Yoel Rodriguez Tejeda\",\"image\":{\"@type\":\"ImageObject\",\"inLanguage\":\"en-US\",\"@id\":\"https:\\\/\\\/secure.gravatar.com\\\/avatar\\\/87a5c7ef10df576a4e50174e664ec3926cad42ec9ca43ebd3219442026f4fca5?s=96&r=gedebc512888a9ec10a98e337d0161ec7\",\"url\":\"https:\\\/\\\/secure.gravatar.com\\\/avatar\\\/87a5c7ef10df576a4e50174e664ec3926cad42ec9ca43ebd3219442026f4fca5?s=96&r=g\",\"contentUrl\":\"https:\\\/\\\/secure.gravatar.com\\\/avatar\\\/87a5c7ef10df576a4e50174e664ec3926cad42ec9ca43ebd3219442026f4fca5?s=96&r=g\",\"caption\":\"Yoel Rodriguez Tejeda\"},\"url\":\"https:\\\/\\\/oncubanews.com\\\/en\\\/author\\\/yoelrodriguez\\\/\"}]}<\/script>\n<!-- \/ Yoast SEO plugin. -->","yoast_head_json":{"title":"Cuba-U.S.: \u201cWe have to cultivate that thought of normalization\u201d | OnCubaNews English","description":"Several scholars of relations between Cuba and the United States debated in a related colloquium that was part of the program of the 29th Havana International Book Fair.","robots":{"index":"index","follow":"follow","max-snippet":"max-snippet:-1","max-image-preview":"max-image-preview:large","max-video-preview":"max-video-preview:-1"},"canonical":"https:\/\/oncubanews.com\/en\/cuba-usa\/cuba-u-s-we-have-to-cultivate-that-thought-of-normalization\/","og_locale":"en_US","og_type":"article","og_title":"Cuba-U.S.: \u201cWe have to cultivate that thought of normalization\u201d | OnCubaNews English","og_description":"Several scholars of relations between Cuba and the United States debated in a related colloquium that was part of the program of the 29th Havana International Book Fair.","og_url":"https:\/\/oncubanews.com\/en\/cuba-usa\/cuba-u-s-we-have-to-cultivate-that-thought-of-normalization\/","og_site_name":"OnCubaNews English","article_published_time":"2020-02-17T19:55:12+00:00","og_image":[{"width":750,"height":500,"url":"https:\/\/oncubanews.com\/en\/wp-content\/uploads\/2020\/02\/filh-38-1.jpg","type":"image\/jpeg"}],"author":"Yoel Rodriguez Tejeda, yoelrt","twitter_card":"summary_large_image","twitter_misc":{"Written by":"Yoel Rodriguez Tejeda","Est. reading time":"7 minutes"},"schema":{"@context":"https:\/\/schema.org","@graph":[{"@type":"Article","@id":"https:\/\/oncubanews.com\/en\/cuba-usa\/cuba-u-s-we-have-to-cultivate-that-thought-of-normalization\/#article","isPartOf":{"@id":"https:\/\/oncubanews.com\/en\/cuba-usa\/cuba-u-s-we-have-to-cultivate-that-thought-of-normalization\/"},"author":{"name":"Yoel Rodriguez Tejeda","@id":"https:\/\/oncubanews.com\/en\/#\/schema\/person\/a12080476afd486795549050c75abdc7"},"headline":"Cuba-U.S.: \u201cWe have to cultivate that thought of normalization\u201d","datePublished":"2020-02-17T19:55:12+00:00","mainEntityOfPage":{"@id":"https:\/\/oncubanews.com\/en\/cuba-usa\/cuba-u-s-we-have-to-cultivate-that-thought-of-normalization\/"},"wordCount":1326,"commentCount":1,"image":{"@id":"https:\/\/oncubanews.com\/en\/cuba-usa\/cuba-u-s-we-have-to-cultivate-that-thought-of-normalization\/#primaryimage"},"thumbnailUrl":"https:\/\/oncubanews.com\/en\/wp-content\/uploads\/2020\/02\/filh-38-1.jpg","keywords":["Cuba-USA Relations"],"articleSection":["Cuba-USA"],"inLanguage":"en-US","potentialAction":[{"@type":"CommentAction","name":"Comment","target":["https:\/\/oncubanews.com\/en\/cuba-usa\/cuba-u-s-we-have-to-cultivate-that-thought-of-normalization\/#respond"]}],"copyrightYear":"2020","copyrightHolder":{"@id":"https:\/\/oncubanews.com\/en\/#organization"}},{"@type":"WebPage","@id":"https:\/\/oncubanews.com\/en\/cuba-usa\/cuba-u-s-we-have-to-cultivate-that-thought-of-normalization\/","url":"https:\/\/oncubanews.com\/en\/cuba-usa\/cuba-u-s-we-have-to-cultivate-that-thought-of-normalization\/","name":"Cuba-U.S.: \u201cWe have to cultivate that thought of normalization\u201d | OnCubaNews English","isPartOf":{"@id":"https:\/\/oncubanews.com\/en\/#website"},"primaryImageOfPage":{"@id":"https:\/\/oncubanews.com\/en\/cuba-usa\/cuba-u-s-we-have-to-cultivate-that-thought-of-normalization\/#primaryimage"},"image":{"@id":"https:\/\/oncubanews.com\/en\/cuba-usa\/cuba-u-s-we-have-to-cultivate-that-thought-of-normalization\/#primaryimage"},"thumbnailUrl":"https:\/\/oncubanews.com\/en\/wp-content\/uploads\/2020\/02\/filh-38-1.jpg","datePublished":"2020-02-17T19:55:12+00:00","author":{"@id":"https:\/\/oncubanews.com\/en\/#\/schema\/person\/a12080476afd486795549050c75abdc7"},"description":"Several scholars of relations between Cuba and the United States debated in a related colloquium that was part of the program of the 29th Havana International Book Fair.","breadcrumb":{"@id":"https:\/\/oncubanews.com\/en\/cuba-usa\/cuba-u-s-we-have-to-cultivate-that-thought-of-normalization\/#breadcrumb"},"inLanguage":"en-US","potentialAction":[{"@type":"ReadAction","target":["https:\/\/oncubanews.com\/en\/cuba-usa\/cuba-u-s-we-have-to-cultivate-that-thought-of-normalization\/"]}]},{"@type":"ImageObject","inLanguage":"en-US","@id":"https:\/\/oncubanews.com\/en\/cuba-usa\/cuba-u-s-we-have-to-cultivate-that-thought-of-normalization\/#primaryimage","url":"https:\/\/oncubanews.com\/en\/wp-content\/uploads\/2020\/02\/filh-38-1.jpg","contentUrl":"https:\/\/oncubanews.com\/en\/wp-content\/uploads\/2020\/02\/filh-38-1.jpg","width":750,"height":500,"caption":"Colloquium at the Casa del Alba on Cuba-U.S. relations, at the Havana International Book Fair. Photo: Otmaro Rodr\u00edguez"},{"@type":"BreadcrumbList","@id":"https:\/\/oncubanews.com\/en\/cuba-usa\/cuba-u-s-we-have-to-cultivate-that-thought-of-normalization\/#breadcrumb","itemListElement":[{"@type":"ListItem","position":1,"name":"Portada","item":"https:\/\/oncubanews.com\/en\/"},{"@type":"ListItem","position":2,"name":"Cuba-U.S.: \u201cWe have to cultivate that thought of normalization\u201d"}]},{"@type":"WebSite","@id":"https:\/\/oncubanews.com\/en\/#website","url":"https:\/\/oncubanews.com\/en\/","name":"OnCubaNews English","description":"Revista sobre Cuba","potentialAction":[{"@type":"SearchAction","target":{"@type":"EntryPoint","urlTemplate":"https:\/\/oncubanews.com\/en\/?s={search_term_string}"},"query-input":{"@type":"PropertyValueSpecification","valueRequired":true,"valueName":"search_term_string"}}],"inLanguage":"en-US"},{"@type":"Person","@id":"https:\/\/oncubanews.com\/en\/#\/schema\/person\/a12080476afd486795549050c75abdc7","name":"Yoel Rodriguez Tejeda","image":{"@type":"ImageObject","inLanguage":"en-US","@id":"https:\/\/secure.gravatar.com\/avatar\/87a5c7ef10df576a4e50174e664ec3926cad42ec9ca43ebd3219442026f4fca5?s=96&r=gedebc512888a9ec10a98e337d0161ec7","url":"https:\/\/secure.gravatar.com\/avatar\/87a5c7ef10df576a4e50174e664ec3926cad42ec9ca43ebd3219442026f4fca5?s=96&r=g","contentUrl":"https:\/\/secure.gravatar.com\/avatar\/87a5c7ef10df576a4e50174e664ec3926cad42ec9ca43ebd3219442026f4fca5?s=96&r=g","caption":"Yoel Rodriguez Tejeda"},"url":"https:\/\/oncubanews.com\/en\/author\/yoelrodriguez\/"}]}},"authors":[{"term_id":34028,"user_id":3757,"is_guest":0,"slug":"yoelrodriguez","display_name":"Yoel Rodriguez Tejeda","avatar_url":"https:\/\/secure.gravatar.com\/avatar\/87a5c7ef10df576a4e50174e664ec3926cad42ec9ca43ebd3219442026f4fca5?s=96&r=g","0":null,"1":"","2":"","3":"","4":"","5":"","6":"","7":"","8":""},{"term_id":22444,"user_id":0,"is_guest":1,"slug":"cap-yoelrodriguez","display_name":"yoelrt","avatar_url":"https:\/\/secure.gravatar.com\/avatar\/?s=96&r=g","0":null,"1":"","2":"","3":"","4":"","5":"","6":"","7":"","8":""}],"_links":{"self":[{"href":"https:\/\/oncubanews.com\/en\/wp-json\/wp\/v2\/posts\/213979","targetHints":{"allow":["GET"]}}],"collection":[{"href":"https:\/\/oncubanews.com\/en\/wp-json\/wp\/v2\/posts"}],"about":[{"href":"https:\/\/oncubanews.com\/en\/wp-json\/wp\/v2\/types\/post"}],"author":[{"embeddable":true,"href":"https:\/\/oncubanews.com\/en\/wp-json\/wp\/v2\/users\/3757"}],"replies":[{"embeddable":true,"href":"https:\/\/oncubanews.com\/en\/wp-json\/wp\/v2\/comments?post=213979"}],"version-history":[{"count":0,"href":"https:\/\/oncubanews.com\/en\/wp-json\/wp\/v2\/posts\/213979\/revisions"}],"wp:featuredmedia":[{"embeddable":true,"href":"https:\/\/oncubanews.com\/en\/wp-json\/wp\/v2\/media\/213980"}],"wp:attachment":[{"href":"https:\/\/oncubanews.com\/en\/wp-json\/wp\/v2\/media?parent=213979"}],"wp:term":[{"taxonomy":"category","embeddable":true,"href":"https:\/\/oncubanews.com\/en\/wp-json\/wp\/v2\/categories?post=213979"},{"taxonomy":"post_tag","embeddable":true,"href":"https:\/\/oncubanews.com\/en\/wp-json\/wp\/v2\/tags?post=213979"},{"taxonomy":"author","embeddable":true,"href":"https:\/\/oncubanews.com\/en\/wp-json\/wp\/v2\/ppma_author?post=213979"}],"curies":[{"name":"wp","href":"https:\/\/api.w.org\/{rel}","templated":true}]}}