
{"id":214455,"date":"2020-02-25T21:51:39","date_gmt":"2020-02-26T02:51:39","guid":{"rendered":"https:\/\/oncubanews.com\/en\/?p=214455"},"modified":"2020-02-25T21:51:39","modified_gmt":"2020-02-26T02:51:39","slug":"pompeo-demands-release-of-jose-daniel-ferrer-bruno-rodriguez-responds","status":"publish","type":"post","link":"https:\/\/oncubanews.com\/en\/cuba-usa\/pompeo-demands-release-of-jose-daniel-ferrer-bruno-rodriguez-responds\/","title":{"rendered":"Pompeo demands release of Jos\u00e9 Daniel Ferrer; Bruno Rodr\u00edguez responds"},"content":{"rendered":"<p>Secretary of State Mike Pompeo urged his Cuban counterpart, Bruno Rodr\u00edguez, this Monday to \u201cimmediately\u201d release dissident Jos\u00e9 Daniel Ferrer, leader of the Patriotic Union of Cuba (UNPACU), who has been imprisoned since last October.<\/p>\n<p>\u201cFor the sake of the Cuban people and for the betterment of your nation, we urge you to free Jose Daniel Ferrer immediately and take the first step toward a better future for Cuba,\u201d said the head of U.S. diplomacy in a letter to Rodr\u00edguez and released by the State Department.<\/p>\n<p>Pompeo alleges that, in the more than one hundred days that he has endured \u201cunjust\u201d imprisoned, Ferrer \u201chas been repeatedly dragged, chained, beaten and burned\u201d by agents of the Cuban government.<\/p>\n<blockquote class=\"twitter-tweet\" data-width=\"500\" data-dnt=\"true\">\n<p lang=\"en\" dir=\"ltr\">Cuban <a href=\"https:\/\/twitter.com\/hashtag\/HumanRights?src=hash&amp;ref_src=twsrc%5Etfw\">#HumanRights<\/a> defender <a href=\"https:\/\/twitter.com\/jdanielferrer?ref_src=twsrc%5Etfw\">@jdanielferrer<\/a> has been abused and imprisoned unjustly for 100+ days. In my letter to Foreign Minister <a href=\"https:\/\/twitter.com\/BrunoRguezP?ref_src=twsrc%5Etfw\">@BrunoRguezP<\/a>, I demand the release of all political prisoners held in <a href=\"https:\/\/twitter.com\/hashtag\/Cuba?src=hash&amp;ref_src=twsrc%5Etfw\">#Cuba<\/a>. We will continue to hold the <a href=\"https:\/\/twitter.com\/hashtag\/Castroregime?src=hash&amp;ref_src=twsrc%5Etfw\">#Castroregime<\/a> accountable for its abuses.<\/p>\n<p>&mdash; Secretary Pompeo (@SecPompeo) <a href=\"https:\/\/twitter.com\/SecPompeo\/status\/1231984531156217857?ref_src=twsrc%5Etfw\">February 24, 2020<\/a><\/p><\/blockquote>\n<p><script async src=\"https:\/\/platform.twitter.com\/widgets.js\" charset=\"utf-8\"><\/script><\/p>\n<p>In response to Pompeo&#8217;s demands, Cuban Foreign Minister Bruno Rodr\u00edguez published on his official Twitter account that the U.S. Secretary of State \u201cdoesn\u2019t care about the human rights situation in Cuba,\u201d adding that \u201cif so, he would try to lift the genocidal blockade.\u201d<\/p>\n<blockquote class=\"twitter-tweet\" data-width=\"500\" data-dnt=\"true\">\n<p lang=\"es\" dir=\"ltr\">A Sec. de Est. Pompeo no le importa la situaci\u00f3n de  <a href=\"https:\/\/twitter.com\/hashtag\/DerechosHumanos?src=hash&amp;ref_src=twsrc%5Etfw\">#DerechosHumanos<\/a> en <a href=\"https:\/\/twitter.com\/hashtag\/Cuba?src=hash&amp;ref_src=twsrc%5Etfw\">#Cuba<\/a>. Si as\u00ed fuera, intentar\u00eda levantar el bloqueo genocida. Podr\u00eda ocuparse en <a href=\"https:\/\/twitter.com\/hashtag\/EEUU?src=hash&amp;ref_src=twsrc%5Etfw\">#EEUU<\/a> del seguro m\u00e9dico, derechos de mujeres, afroamericanos, pobres, homeless, migrantes y ni\u00f1os detenidos. Cese \u201ctravel ban\u201d<\/p>\n<p>&mdash; Bruno Rodr\u00edguez P (@BrunoRguezP) <a href=\"https:\/\/twitter.com\/BrunoRguezP\/status\/1232015029945458688?ref_src=twsrc%5Etfw\">February 24, 2020<\/a><\/p><\/blockquote>\n<p><script async src=\"https:\/\/platform.twitter.com\/widgets.js\" charset=\"utf-8\"><\/script><\/p>\n<p>Rodr\u00edguez recommended that his U.S. counterpart take care of medical insurance in his country, of the \u201crights of women, Afro-Americans, the poor, homeless, migrants and detained children.\u201d<\/p>\n<p>Finally, he demanded that the ban on travel to Cuba imposed on his nationals by the U.S. government cease.<\/p>\n<p>Ferrer has been imprisoned since last October in Santiago de Cuba for an alleged assault on another man, a charge that his relatives deny while ensuring that it is a crime \u201cprefabricated\u201d by the government.<\/p>\n<p>Last November, the Cuban National Television Newscast broadcast a report in which it was affirmed that \u201cthe reason for his arrest responds to a complaint filed by a Cuban citizen\u201d accusing him of \u201ckidnapping and subsequently giving him a severe beating.\u201d<\/p>\n<p>In addition, the television material states that the opponent is a \u201csalaried agent at the service of the United States.\u201d<\/p>\n<blockquote class=\"wp-embedded-content\" data-secret=\"pXHk4dxxjE\"><p><a href=\"https:\/\/oncubanews.com\/cuba\/tv-cubana-transmite-reportaje-sobre-detencion-de-opositor-jose-daniel-ferrer\/\">TV cubana transmite reportaje sobre detenci\u00f3n de opositor Jos\u00e9 Daniel Ferrer<\/a><\/p><\/blockquote>\n<p><iframe loading=\"lazy\" class=\"wp-embedded-content\" sandbox=\"allow-scripts\" security=\"restricted\" style=\"position: absolute; clip: rect(1px, 1px, 1px, 1px);\" title=\"\u00abTV cubana transmite reportaje sobre detenci\u00f3n de opositor Jos\u00e9 Daniel Ferrer\u00bb \u2014 OnCubaNews\" src=\"https:\/\/oncubanews.com\/cuba\/tv-cubana-transmite-reportaje-sobre-detencion-de-opositor-jose-daniel-ferrer\/embed\/#?secret=lTL8JYCWki#?secret=pXHk4dxxjE\" data-secret=\"pXHk4dxxjE\" width=\"500\" height=\"282\" frameborder=\"0\" marginwidth=\"0\" marginheight=\"0\" scrolling=\"no\"><\/iframe><\/p>\n<p>Ferrer, 49, spent almost eight years in prison as part of the 75 opponents imprisoned in the so-called \u201cBlack Spring\u201d of 2003, in his case for being one of the promoters of the Varela Project, led by the late dissident Oswaldo Pay\u00e1.<\/p>\n<p>According to Pompeo, the \u201cspurious\u201d charges against Ferrer follow a \u201cfamiliar pattern of harassment, violence, and arbitrary arrests\u201d against the increasingly reduced dissidence inside the island.<\/p>\n<p>\u201cThe United States will never forget the brave Cubans who put their lives on the line for the sake of a free Cuba.\u00a0 Until there is democracy and respect for human rights in Cuba and all political prisoners are freed, the United States will continue to hold the regime accountable for its abuses,\u201d Pompeo promised.<\/p>\n<p>Since arriving at the White House in January 2017, U.S. President <a href=\"https:\/\/oncubanews.com\/tag\/donald-trump-es\/\" target=\"_blank\" rel=\"noopener noreferrer\">Donald Trump<\/a> has strengthened the policy toward Cuba with reductions in diplomatic personnel, increased trade embargo, cruise restrictions and limits to Americans\u2019 travel to the island.<\/p>\n<p>These measures have been enthusiastically welcomed by the Cuban exile in Florida, one of the key states for the November elections, in which Trump is opting for reelection.<\/p>\n<p><em>(EFE \/ OnCuba)<\/em><\/p>\n","protected":false},"excerpt":{"rendered":"<p>Secretary of State Mike Pompeo urged his Cuban counterpart, Bruno Rodr\u00edguez, this Monday to \u201cimmediately\u201d release dissident Jos\u00e9 Daniel Ferrer, leader of the Patriotic Union of Cuba (UNPACU), who has been imprisoned since last October. \u201cFor the sake of the Cuban people and for the betterment of your nation, we urge you to free Jose [&hellip;]<\/p>\n","protected":false},"author":3134,"featured_media":214456,"comment_status":"open","ping_status":"closed","sticky":false,"template":"","format":"standard","meta":{"_acf_changed":false,"footnotes":""},"categories":[13944],"tags":[18240,14891,26794],"ppma_author":[33546,8689],"class_list":["post-214455","post","type-post","status-publish","format-standard","has-post-thumbnail","hentry","category-cuba-usa","tag-cuba-foreign-affairs-ministry","tag-cuba-usa-relations","tag-mike-pompeo"],"acf":[],"yoast_head":"<!-- This site is optimized with the Yoast SEO plugin v27.3 - https:\/\/yoast.com\/product\/yoast-seo-wordpress\/ -->\n<title>Pompeo demands release of Jos\u00e9 Daniel Ferrer; Bruno Rodr\u00edguez responds | OnCubaNews English<\/title>\n<meta name=\"description\" content=\"\u201cFor the sake of the Cuban people and for the betterment of your nation, we urge you to free Jose Daniel Ferrer immediately and take the first step toward a better future for Cuba,\u201d said the head of U.S. diplomacy in a letter to the Cuban foreign minister.\" \/>\n<meta name=\"robots\" content=\"index, follow, max-snippet:-1, max-image-preview:large, max-video-preview:-1\" \/>\n<link rel=\"canonical\" href=\"https:\/\/oncubanews.com\/en\/cuba-usa\/pompeo-demands-release-of-jose-daniel-ferrer-bruno-rodriguez-responds\/\" \/>\n<meta property=\"og:locale\" content=\"en_US\" \/>\n<meta property=\"og:type\" content=\"article\" \/>\n<meta property=\"og:title\" content=\"Pompeo demands release of Jos\u00e9 Daniel Ferrer; Bruno Rodr\u00edguez responds | OnCubaNews English\" \/>\n<meta property=\"og:description\" content=\"\u201cFor the sake of the Cuban people and for the betterment of your nation, we urge you to free Jose Daniel Ferrer immediately and take the first step toward a better future for Cuba,\u201d said the head of U.S. diplomacy in a letter to the Cuban foreign minister.\" \/>\n<meta property=\"og:url\" content=\"https:\/\/oncubanews.com\/en\/cuba-usa\/pompeo-demands-release-of-jose-daniel-ferrer-bruno-rodriguez-responds\/\" \/>\n<meta property=\"og:site_name\" content=\"OnCubaNews English\" \/>\n<meta property=\"article:published_time\" content=\"2020-02-26T02:51:39+00:00\" \/>\n<meta property=\"og:image\" content=\"https:\/\/oncubanews.com\/en\/wp-content\/uploads\/2020\/02\/mike-pompeo-1.jpeg\" \/>\n\t<meta property=\"og:image:width\" content=\"750\" \/>\n\t<meta property=\"og:image:height\" content=\"517\" \/>\n\t<meta property=\"og:image:type\" content=\"image\/jpeg\" \/>\n<meta name=\"author\" content=\"OnCuba Staff, OnCuba editorial staff\" \/>\n<meta name=\"twitter:card\" content=\"summary_large_image\" \/>\n<meta name=\"twitter:label1\" content=\"Written by\" \/>\n\t<meta name=\"twitter:data1\" content=\"OnCuba Staff\" \/>\n\t<meta name=\"twitter:label2\" content=\"Est. reading time\" \/>\n\t<meta name=\"twitter:data2\" content=\"3 minutes\" \/>\n<script type=\"application\/ld+json\" class=\"yoast-schema-graph\">{\"@context\":\"https:\\\/\\\/schema.org\",\"@graph\":[{\"@type\":\"Article\",\"@id\":\"https:\\\/\\\/oncubanews.com\\\/en\\\/cuba-usa\\\/pompeo-demands-release-of-jose-daniel-ferrer-bruno-rodriguez-responds\\\/#article\",\"isPartOf\":{\"@id\":\"https:\\\/\\\/oncubanews.com\\\/en\\\/cuba-usa\\\/pompeo-demands-release-of-jose-daniel-ferrer-bruno-rodriguez-responds\\\/\"},\"author\":{\"name\":\"OnCuba Staff\",\"@id\":\"https:\\\/\\\/oncubanews.com\\\/en\\\/#\\\/schema\\\/person\\\/d7171bf311032ab1f557dd8332e714af\"},\"headline\":\"Pompeo demands release of Jos\u00e9 Daniel Ferrer; Bruno Rodr\u00edguez responds\",\"datePublished\":\"2020-02-26T02:51:39+00:00\",\"mainEntityOfPage\":{\"@id\":\"https:\\\/\\\/oncubanews.com\\\/en\\\/cuba-usa\\\/pompeo-demands-release-of-jose-daniel-ferrer-bruno-rodriguez-responds\\\/\"},\"wordCount\":562,\"commentCount\":0,\"image\":{\"@id\":\"https:\\\/\\\/oncubanews.com\\\/en\\\/cuba-usa\\\/pompeo-demands-release-of-jose-daniel-ferrer-bruno-rodriguez-responds\\\/#primaryimage\"},\"thumbnailUrl\":\"https:\\\/\\\/oncubanews.com\\\/en\\\/wp-content\\\/uploads\\\/2020\\\/02\\\/mike-pompeo-1.jpeg\",\"keywords\":[\"Cuba Foreign Affairs Ministry\",\"Cuba-USA Relations\",\"Mike Pompeo\"],\"articleSection\":[\"Cuba-USA\"],\"inLanguage\":\"en-US\",\"potentialAction\":[{\"@type\":\"CommentAction\",\"name\":\"Comment\",\"target\":[\"https:\\\/\\\/oncubanews.com\\\/en\\\/cuba-usa\\\/pompeo-demands-release-of-jose-daniel-ferrer-bruno-rodriguez-responds\\\/#respond\"]}],\"copyrightYear\":\"2020\",\"copyrightHolder\":{\"@id\":\"https:\\\/\\\/oncubanews.com\\\/en\\\/#organization\"}},{\"@type\":\"WebPage\",\"@id\":\"https:\\\/\\\/oncubanews.com\\\/en\\\/cuba-usa\\\/pompeo-demands-release-of-jose-daniel-ferrer-bruno-rodriguez-responds\\\/\",\"url\":\"https:\\\/\\\/oncubanews.com\\\/en\\\/cuba-usa\\\/pompeo-demands-release-of-jose-daniel-ferrer-bruno-rodriguez-responds\\\/\",\"name\":\"Pompeo demands release of Jos\u00e9 Daniel Ferrer; Bruno Rodr\u00edguez responds | OnCubaNews English\",\"isPartOf\":{\"@id\":\"https:\\\/\\\/oncubanews.com\\\/en\\\/#website\"},\"primaryImageOfPage\":{\"@id\":\"https:\\\/\\\/oncubanews.com\\\/en\\\/cuba-usa\\\/pompeo-demands-release-of-jose-daniel-ferrer-bruno-rodriguez-responds\\\/#primaryimage\"},\"image\":{\"@id\":\"https:\\\/\\\/oncubanews.com\\\/en\\\/cuba-usa\\\/pompeo-demands-release-of-jose-daniel-ferrer-bruno-rodriguez-responds\\\/#primaryimage\"},\"thumbnailUrl\":\"https:\\\/\\\/oncubanews.com\\\/en\\\/wp-content\\\/uploads\\\/2020\\\/02\\\/mike-pompeo-1.jpeg\",\"datePublished\":\"2020-02-26T02:51:39+00:00\",\"author\":{\"@id\":\"https:\\\/\\\/oncubanews.com\\\/en\\\/#\\\/schema\\\/person\\\/d7171bf311032ab1f557dd8332e714af\"},\"description\":\"\u201cFor the sake of the Cuban people and for the betterment of your nation, we urge you to free Jose Daniel Ferrer immediately and take the first step toward a better future for Cuba,\u201d said the head of U.S. diplomacy in a letter to the Cuban foreign minister.\",\"breadcrumb\":{\"@id\":\"https:\\\/\\\/oncubanews.com\\\/en\\\/cuba-usa\\\/pompeo-demands-release-of-jose-daniel-ferrer-bruno-rodriguez-responds\\\/#breadcrumb\"},\"inLanguage\":\"en-US\",\"potentialAction\":[{\"@type\":\"ReadAction\",\"target\":[\"https:\\\/\\\/oncubanews.com\\\/en\\\/cuba-usa\\\/pompeo-demands-release-of-jose-daniel-ferrer-bruno-rodriguez-responds\\\/\"]}]},{\"@type\":\"ImageObject\",\"inLanguage\":\"en-US\",\"@id\":\"https:\\\/\\\/oncubanews.com\\\/en\\\/cuba-usa\\\/pompeo-demands-release-of-jose-daniel-ferrer-bruno-rodriguez-responds\\\/#primaryimage\",\"url\":\"https:\\\/\\\/oncubanews.com\\\/en\\\/wp-content\\\/uploads\\\/2020\\\/02\\\/mike-pompeo-1.jpeg\",\"contentUrl\":\"https:\\\/\\\/oncubanews.com\\\/en\\\/wp-content\\\/uploads\\\/2020\\\/02\\\/mike-pompeo-1.jpeg\",\"width\":750,\"height\":517,\"caption\":\"U.S. Secretary of State Mike Pompeo, on February 19, 2020. Photo: Andrew Caballero-Reynolds \\\/ Pool via AP.\"},{\"@type\":\"BreadcrumbList\",\"@id\":\"https:\\\/\\\/oncubanews.com\\\/en\\\/cuba-usa\\\/pompeo-demands-release-of-jose-daniel-ferrer-bruno-rodriguez-responds\\\/#breadcrumb\",\"itemListElement\":[{\"@type\":\"ListItem\",\"position\":1,\"name\":\"Portada\",\"item\":\"https:\\\/\\\/oncubanews.com\\\/en\\\/\"},{\"@type\":\"ListItem\",\"position\":2,\"name\":\"Pompeo demands release of Jos\u00e9 Daniel Ferrer; Bruno Rodr\u00edguez responds\"}]},{\"@type\":\"WebSite\",\"@id\":\"https:\\\/\\\/oncubanews.com\\\/en\\\/#website\",\"url\":\"https:\\\/\\\/oncubanews.com\\\/en\\\/\",\"name\":\"OnCubaNews English\",\"description\":\"Revista sobre Cuba\",\"potentialAction\":[{\"@type\":\"SearchAction\",\"target\":{\"@type\":\"EntryPoint\",\"urlTemplate\":\"https:\\\/\\\/oncubanews.com\\\/en\\\/?s={search_term_string}\"},\"query-input\":{\"@type\":\"PropertyValueSpecification\",\"valueRequired\":true,\"valueName\":\"search_term_string\"}}],\"inLanguage\":\"en-US\"},{\"@type\":\"Person\",\"@id\":\"https:\\\/\\\/oncubanews.com\\\/en\\\/#\\\/schema\\\/person\\\/d7171bf311032ab1f557dd8332e714af\",\"name\":\"OnCuba Staff\",\"image\":{\"@type\":\"ImageObject\",\"inLanguage\":\"en-US\",\"@id\":\"https:\\\/\\\/secure.gravatar.com\\\/avatar\\\/4b4c4d6109baadde898bb1af22ea4a4af5f4417b86a5d1800bf17531bfb128fc?s=96&r=g17310096d4dde63ebae0e54fbb19218a\",\"url\":\"https:\\\/\\\/secure.gravatar.com\\\/avatar\\\/4b4c4d6109baadde898bb1af22ea4a4af5f4417b86a5d1800bf17531bfb128fc?s=96&r=g\",\"contentUrl\":\"https:\\\/\\\/secure.gravatar.com\\\/avatar\\\/4b4c4d6109baadde898bb1af22ea4a4af5f4417b86a5d1800bf17531bfb128fc?s=96&r=g\",\"caption\":\"OnCuba Staff\"},\"url\":\"https:\\\/\\\/oncubanews.com\\\/en\\\/author\\\/oncuba-editorial-staff\\\/\"}]}<\/script>\n<!-- \/ Yoast SEO plugin. -->","yoast_head_json":{"title":"Pompeo demands release of Jos\u00e9 Daniel Ferrer; Bruno Rodr\u00edguez responds | OnCubaNews English","description":"\u201cFor the sake of the Cuban people and for the betterment of your nation, we urge you to free Jose Daniel Ferrer immediately and take the first step toward a better future for Cuba,\u201d said the head of U.S. diplomacy in a letter to the Cuban foreign minister.","robots":{"index":"index","follow":"follow","max-snippet":"max-snippet:-1","max-image-preview":"max-image-preview:large","max-video-preview":"max-video-preview:-1"},"canonical":"https:\/\/oncubanews.com\/en\/cuba-usa\/pompeo-demands-release-of-jose-daniel-ferrer-bruno-rodriguez-responds\/","og_locale":"en_US","og_type":"article","og_title":"Pompeo demands release of Jos\u00e9 Daniel Ferrer; Bruno Rodr\u00edguez responds | OnCubaNews English","og_description":"\u201cFor the sake of the Cuban people and for the betterment of your nation, we urge you to free Jose Daniel Ferrer immediately and take the first step toward a better future for Cuba,\u201d said the head of U.S. diplomacy in a letter to the Cuban foreign minister.","og_url":"https:\/\/oncubanews.com\/en\/cuba-usa\/pompeo-demands-release-of-jose-daniel-ferrer-bruno-rodriguez-responds\/","og_site_name":"OnCubaNews English","article_published_time":"2020-02-26T02:51:39+00:00","og_image":[{"width":750,"height":517,"url":"https:\/\/oncubanews.com\/en\/wp-content\/uploads\/2020\/02\/mike-pompeo-1.jpeg","type":"image\/jpeg"}],"author":"OnCuba Staff, OnCuba editorial staff","twitter_card":"summary_large_image","twitter_misc":{"Written by":"OnCuba Staff","Est. reading time":"3 minutes"},"schema":{"@context":"https:\/\/schema.org","@graph":[{"@type":"Article","@id":"https:\/\/oncubanews.com\/en\/cuba-usa\/pompeo-demands-release-of-jose-daniel-ferrer-bruno-rodriguez-responds\/#article","isPartOf":{"@id":"https:\/\/oncubanews.com\/en\/cuba-usa\/pompeo-demands-release-of-jose-daniel-ferrer-bruno-rodriguez-responds\/"},"author":{"name":"OnCuba Staff","@id":"https:\/\/oncubanews.com\/en\/#\/schema\/person\/d7171bf311032ab1f557dd8332e714af"},"headline":"Pompeo demands release of Jos\u00e9 Daniel Ferrer; Bruno Rodr\u00edguez responds","datePublished":"2020-02-26T02:51:39+00:00","mainEntityOfPage":{"@id":"https:\/\/oncubanews.com\/en\/cuba-usa\/pompeo-demands-release-of-jose-daniel-ferrer-bruno-rodriguez-responds\/"},"wordCount":562,"commentCount":0,"image":{"@id":"https:\/\/oncubanews.com\/en\/cuba-usa\/pompeo-demands-release-of-jose-daniel-ferrer-bruno-rodriguez-responds\/#primaryimage"},"thumbnailUrl":"https:\/\/oncubanews.com\/en\/wp-content\/uploads\/2020\/02\/mike-pompeo-1.jpeg","keywords":["Cuba Foreign Affairs Ministry","Cuba-USA Relations","Mike Pompeo"],"articleSection":["Cuba-USA"],"inLanguage":"en-US","potentialAction":[{"@type":"CommentAction","name":"Comment","target":["https:\/\/oncubanews.com\/en\/cuba-usa\/pompeo-demands-release-of-jose-daniel-ferrer-bruno-rodriguez-responds\/#respond"]}],"copyrightYear":"2020","copyrightHolder":{"@id":"https:\/\/oncubanews.com\/en\/#organization"}},{"@type":"WebPage","@id":"https:\/\/oncubanews.com\/en\/cuba-usa\/pompeo-demands-release-of-jose-daniel-ferrer-bruno-rodriguez-responds\/","url":"https:\/\/oncubanews.com\/en\/cuba-usa\/pompeo-demands-release-of-jose-daniel-ferrer-bruno-rodriguez-responds\/","name":"Pompeo demands release of Jos\u00e9 Daniel Ferrer; Bruno Rodr\u00edguez responds | OnCubaNews English","isPartOf":{"@id":"https:\/\/oncubanews.com\/en\/#website"},"primaryImageOfPage":{"@id":"https:\/\/oncubanews.com\/en\/cuba-usa\/pompeo-demands-release-of-jose-daniel-ferrer-bruno-rodriguez-responds\/#primaryimage"},"image":{"@id":"https:\/\/oncubanews.com\/en\/cuba-usa\/pompeo-demands-release-of-jose-daniel-ferrer-bruno-rodriguez-responds\/#primaryimage"},"thumbnailUrl":"https:\/\/oncubanews.com\/en\/wp-content\/uploads\/2020\/02\/mike-pompeo-1.jpeg","datePublished":"2020-02-26T02:51:39+00:00","author":{"@id":"https:\/\/oncubanews.com\/en\/#\/schema\/person\/d7171bf311032ab1f557dd8332e714af"},"description":"\u201cFor the sake of the Cuban people and for the betterment of your nation, we urge you to free Jose Daniel Ferrer immediately and take the first step toward a better future for Cuba,\u201d said the head of U.S. diplomacy in a letter to the Cuban foreign minister.","breadcrumb":{"@id":"https:\/\/oncubanews.com\/en\/cuba-usa\/pompeo-demands-release-of-jose-daniel-ferrer-bruno-rodriguez-responds\/#breadcrumb"},"inLanguage":"en-US","potentialAction":[{"@type":"ReadAction","target":["https:\/\/oncubanews.com\/en\/cuba-usa\/pompeo-demands-release-of-jose-daniel-ferrer-bruno-rodriguez-responds\/"]}]},{"@type":"ImageObject","inLanguage":"en-US","@id":"https:\/\/oncubanews.com\/en\/cuba-usa\/pompeo-demands-release-of-jose-daniel-ferrer-bruno-rodriguez-responds\/#primaryimage","url":"https:\/\/oncubanews.com\/en\/wp-content\/uploads\/2020\/02\/mike-pompeo-1.jpeg","contentUrl":"https:\/\/oncubanews.com\/en\/wp-content\/uploads\/2020\/02\/mike-pompeo-1.jpeg","width":750,"height":517,"caption":"U.S. Secretary of State Mike Pompeo, on February 19, 2020. Photo: Andrew Caballero-Reynolds \/ Pool via AP."},{"@type":"BreadcrumbList","@id":"https:\/\/oncubanews.com\/en\/cuba-usa\/pompeo-demands-release-of-jose-daniel-ferrer-bruno-rodriguez-responds\/#breadcrumb","itemListElement":[{"@type":"ListItem","position":1,"name":"Portada","item":"https:\/\/oncubanews.com\/en\/"},{"@type":"ListItem","position":2,"name":"Pompeo demands release of Jos\u00e9 Daniel Ferrer; Bruno Rodr\u00edguez responds"}]},{"@type":"WebSite","@id":"https:\/\/oncubanews.com\/en\/#website","url":"https:\/\/oncubanews.com\/en\/","name":"OnCubaNews English","description":"Revista sobre Cuba","potentialAction":[{"@type":"SearchAction","target":{"@type":"EntryPoint","urlTemplate":"https:\/\/oncubanews.com\/en\/?s={search_term_string}"},"query-input":{"@type":"PropertyValueSpecification","valueRequired":true,"valueName":"search_term_string"}}],"inLanguage":"en-US"},{"@type":"Person","@id":"https:\/\/oncubanews.com\/en\/#\/schema\/person\/d7171bf311032ab1f557dd8332e714af","name":"OnCuba Staff","image":{"@type":"ImageObject","inLanguage":"en-US","@id":"https:\/\/secure.gravatar.com\/avatar\/4b4c4d6109baadde898bb1af22ea4a4af5f4417b86a5d1800bf17531bfb128fc?s=96&r=g17310096d4dde63ebae0e54fbb19218a","url":"https:\/\/secure.gravatar.com\/avatar\/4b4c4d6109baadde898bb1af22ea4a4af5f4417b86a5d1800bf17531bfb128fc?s=96&r=g","contentUrl":"https:\/\/secure.gravatar.com\/avatar\/4b4c4d6109baadde898bb1af22ea4a4af5f4417b86a5d1800bf17531bfb128fc?s=96&r=g","caption":"OnCuba Staff"},"url":"https:\/\/oncubanews.com\/en\/author\/oncuba-editorial-staff\/"}]}},"authors":[{"term_id":33546,"user_id":3134,"is_guest":0,"slug":"oncuba-editorial-staff","display_name":"OnCuba Staff","avatar_url":"https:\/\/secure.gravatar.com\/avatar\/4b4c4d6109baadde898bb1af22ea4a4af5f4417b86a5d1800bf17531bfb128fc?s=96&r=g","0":null,"1":"","2":"","3":"","4":"","5":"","6":"","7":"","8":""},{"term_id":8689,"user_id":3134,"is_guest":0,"slug":"oncuba-editorial-staff","display_name":"OnCuba editorial staff","avatar_url":{"url":"https:\/\/oncubanews.com\/en\/wp-content\/uploads\/2018\/10\/avatar-ocnews-1.png","url2x":"https:\/\/oncubanews.com\/en\/wp-content\/uploads\/2018\/10\/avatar-ocnews-1.png"},"0":null,"1":"","2":"","3":"","4":"","5":"","6":"","7":"","8":""}],"_links":{"self":[{"href":"https:\/\/oncubanews.com\/en\/wp-json\/wp\/v2\/posts\/214455","targetHints":{"allow":["GET"]}}],"collection":[{"href":"https:\/\/oncubanews.com\/en\/wp-json\/wp\/v2\/posts"}],"about":[{"href":"https:\/\/oncubanews.com\/en\/wp-json\/wp\/v2\/types\/post"}],"author":[{"embeddable":true,"href":"https:\/\/oncubanews.com\/en\/wp-json\/wp\/v2\/users\/3134"}],"replies":[{"embeddable":true,"href":"https:\/\/oncubanews.com\/en\/wp-json\/wp\/v2\/comments?post=214455"}],"version-history":[{"count":0,"href":"https:\/\/oncubanews.com\/en\/wp-json\/wp\/v2\/posts\/214455\/revisions"}],"wp:featuredmedia":[{"embeddable":true,"href":"https:\/\/oncubanews.com\/en\/wp-json\/wp\/v2\/media\/214456"}],"wp:attachment":[{"href":"https:\/\/oncubanews.com\/en\/wp-json\/wp\/v2\/media?parent=214455"}],"wp:term":[{"taxonomy":"category","embeddable":true,"href":"https:\/\/oncubanews.com\/en\/wp-json\/wp\/v2\/categories?post=214455"},{"taxonomy":"post_tag","embeddable":true,"href":"https:\/\/oncubanews.com\/en\/wp-json\/wp\/v2\/tags?post=214455"},{"taxonomy":"author","embeddable":true,"href":"https:\/\/oncubanews.com\/en\/wp-json\/wp\/v2\/ppma_author?post=214455"}],"curies":[{"name":"wp","href":"https:\/\/api.w.org\/{rel}","templated":true}]}}