
{"id":218279,"date":"2020-04-30T14:44:17","date_gmt":"2020-04-30T18:44:17","guid":{"rendered":"https:\/\/oncubanews.com\/en\/?p=218279"},"modified":"2020-04-30T14:44:17","modified_gmt":"2020-04-30T18:44:17","slug":"cuban-embassy-in-u-s-shot-at","status":"publish","type":"post","link":"https:\/\/oncubanews.com\/en\/cuba-usa\/cuban-embassy-in-u-s-shot-at\/","title":{"rendered":"Cuban Embassy in U.S. shot at"},"content":{"rendered":"<p>A stranger shot several times with a firearm at the Cuban Embassy building in the United States, as reported by the island\u2019s Ministry of Foreign Affairs (MINREX) in a note issued this morning.<\/p>\n<p>Although the mission\u2019s personnel were unharmed and are safe and protected, the impact of the shots left visible damage to the building. The motive for the events is unknown.<\/p>\n<p>The shooting occurred around two in the morning and several neighbors reported that they had been awakened by the barrage of gunshots and screams, according to <em>The Washington Post<\/em>.<\/p>\n<p>This newspaper also reported that the brown Nissan Pathfinder parked directly outside the embassy was subjected to intense police scrutiny and that on the ground, next to the driver\u2019s side door, there was a black jacket and what appeared to be a blanket.<\/p>\n<blockquote class=\"twitter-tweet\" data-width=\"500\" data-dnt=\"true\">\n<p lang=\"es\" dir=\"ltr\">Embajada <a href=\"https:\/\/twitter.com\/hashtag\/Cuba?src=hash&amp;ref_src=twsrc%5Etfw\">#Cuba<\/a> en <a href=\"https:\/\/twitter.com\/hashtag\/EEUU?src=hash&amp;ref_src=twsrc%5Etfw\">#EEUU<\/a> fue objeto hoy de una agresi\u00f3n armada por parte de un individuo no identificado<\/p>\n<p>Personal de la misi\u00f3n no sufri\u00f3 da\u00f1os y est\u00e1 seguro. Investigaci\u00f3n est\u00e1 en curso<\/p>\n<p>Es obligaci\u00f3n d los Estados proteger a los diplom\u00e1ticos en \u00e9l acreditados y sus instalaciones<\/p>\n<p>&mdash; Bruno Rodr\u00edguez P (@BrunoRguezP) <a href=\"https:\/\/twitter.com\/BrunoRguezP\/status\/1255838183553712128?ref_src=twsrc%5Etfw\">April 30, 2020<\/a><\/p><\/blockquote>\n<p><script async src=\"https:\/\/platform.twitter.com\/widgets.js\" charset=\"utf-8\"><\/script><\/p>\n<p>So far the identity of the attacker is unknown, but he was detained at the scene and is in the custody of local authorities.<\/p>\n<p>Agents had found the suspect with an assault rifle. The man, whose name was not released, was detained on charges of possession of an unregistered firearm and ammunition, attack with the intent to kill and possession of a high-capacity magazine, a Secret Service spokeswoman said.<\/p>\n<p>\u201cThe Cuban government is waiting for the corresponding investigation by the U.S. authorities on the identity and motivations of the author of this aggression, as well as on the circumstances surrounding the action,\u201d says the MINREX note.<\/p>\n<p>The State Department is aware of what happened.<\/p>\n<p>https:\/\/twitter.com\/CubaMINREX\/status\/1255850328412561409<\/p>\n<p>The Cuban diplomatic mission, located in the city of Washington D.C., has a protection and security system to face any threat against personnel and facilities.<\/p>\n<p>\u201cIt is an obligation of the States to adopt all the appropriate measures to protect the premises of an accredited diplomatic mission in their country against any intrusion or damage and to avoid that the tranquility of the mission is disturbed or its dignity violated,\u201d the MINREX text concludes.<\/p>\n<p><iframe loading=\"lazy\" style=\"border: none; overflow: hidden;\" src=\"https:\/\/www.facebook.com\/plugins\/video.php?href=https%3A%2F%2Fwww.facebook.com%2Ffox5dc%2Fvideos%2F1607581549390249%2F&amp;show_text=0&amp;width=560\" width=\"560\" height=\"315\" frameborder=\"0\" scrolling=\"no\" allowfullscreen=\"allowfullscreen\"><\/iframe><\/p>\n","protected":false},"excerpt":{"rendered":"<p>A stranger shot several times with a firearm at the Cuban Embassy building in the United States, as reported by the island\u2019s Ministry of Foreign Affairs (MINREX) in a note issued this morning. Although the mission\u2019s personnel were unharmed and are safe and protected, the impact of the shots left visible damage to the building. [&hellip;]<\/p>\n","protected":false},"author":3134,"featured_media":218280,"comment_status":"open","ping_status":"closed","sticky":false,"template":"","format":"standard","meta":{"_acf_changed":false,"footnotes":""},"categories":[13944],"tags":[18240,14891],"ppma_author":[33546,8689],"class_list":["post-218279","post","type-post","status-publish","format-standard","has-post-thumbnail","hentry","category-cuba-usa","tag-cuba-foreign-affairs-ministry","tag-cuba-usa-relations"],"acf":[],"yoast_head":"<!-- This site is optimized with the Yoast SEO plugin v27.3 - https:\/\/yoast.com\/product\/yoast-seo-wordpress\/ -->\n<title>Cuban Embassy in U.S. shot at | OnCubaNews English<\/title>\n<meta name=\"description\" content=\"There was no human damage. The attacker was detained at the scene and is in custody.\" \/>\n<meta name=\"robots\" content=\"index, follow, max-snippet:-1, max-image-preview:large, max-video-preview:-1\" \/>\n<link rel=\"canonical\" href=\"https:\/\/oncubanews.com\/en\/cuba-usa\/cuban-embassy-in-u-s-shot-at\/\" \/>\n<meta property=\"og:locale\" content=\"en_US\" \/>\n<meta property=\"og:type\" content=\"article\" \/>\n<meta property=\"og:title\" content=\"Cuban Embassy in U.S. shot at | OnCubaNews English\" \/>\n<meta property=\"og:description\" content=\"There was no human damage. The attacker was detained at the scene and is in custody.\" \/>\n<meta property=\"og:url\" content=\"https:\/\/oncubanews.com\/en\/cuba-usa\/cuban-embassy-in-u-s-shot-at\/\" \/>\n<meta property=\"og:site_name\" content=\"OnCubaNews English\" \/>\n<meta property=\"article:published_time\" content=\"2020-04-30T18:44:17+00:00\" \/>\n<meta property=\"og:image\" content=\"https:\/\/oncubanews.com\/en\/wp-content\/uploads\/2020\/04\/tiroteo-en-embajada-cubana-en-estados-unidos-1.jpg\" \/>\n\t<meta property=\"og:image:width\" content=\"750\" \/>\n\t<meta property=\"og:image:height\" content=\"536\" \/>\n\t<meta property=\"og:image:type\" content=\"image\/jpeg\" \/>\n<meta name=\"author\" content=\"OnCuba Staff, OnCuba editorial staff\" \/>\n<meta name=\"twitter:card\" content=\"summary_large_image\" \/>\n<meta name=\"twitter:label1\" content=\"Written by\" \/>\n\t<meta name=\"twitter:data1\" content=\"OnCuba Staff\" \/>\n\t<meta name=\"twitter:label2\" content=\"Est. reading time\" \/>\n\t<meta name=\"twitter:data2\" content=\"2 minutes\" \/>\n<script type=\"application\/ld+json\" class=\"yoast-schema-graph\">{\"@context\":\"https:\\\/\\\/schema.org\",\"@graph\":[{\"@type\":\"Article\",\"@id\":\"https:\\\/\\\/oncubanews.com\\\/en\\\/cuba-usa\\\/cuban-embassy-in-u-s-shot-at\\\/#article\",\"isPartOf\":{\"@id\":\"https:\\\/\\\/oncubanews.com\\\/en\\\/cuba-usa\\\/cuban-embassy-in-u-s-shot-at\\\/\"},\"author\":{\"name\":\"OnCuba Staff\",\"@id\":\"https:\\\/\\\/oncubanews.com\\\/en\\\/#\\\/schema\\\/person\\\/d7171bf311032ab1f557dd8332e714af\"},\"headline\":\"Cuban Embassy in U.S. shot at\",\"datePublished\":\"2020-04-30T18:44:17+00:00\",\"mainEntityOfPage\":{\"@id\":\"https:\\\/\\\/oncubanews.com\\\/en\\\/cuba-usa\\\/cuban-embassy-in-u-s-shot-at\\\/\"},\"wordCount\":344,\"commentCount\":0,\"image\":{\"@id\":\"https:\\\/\\\/oncubanews.com\\\/en\\\/cuba-usa\\\/cuban-embassy-in-u-s-shot-at\\\/#primaryimage\"},\"thumbnailUrl\":\"https:\\\/\\\/oncubanews.com\\\/en\\\/wp-content\\\/uploads\\\/2020\\\/04\\\/tiroteo-en-embajada-cubana-en-estados-unidos-1.jpg\",\"keywords\":[\"Cuba Foreign Affairs Ministry\",\"Cuba-USA Relations\"],\"articleSection\":[\"Cuba-USA\"],\"inLanguage\":\"en-US\",\"potentialAction\":[{\"@type\":\"CommentAction\",\"name\":\"Comment\",\"target\":[\"https:\\\/\\\/oncubanews.com\\\/en\\\/cuba-usa\\\/cuban-embassy-in-u-s-shot-at\\\/#respond\"]}],\"copyrightYear\":\"2020\",\"copyrightHolder\":{\"@id\":\"https:\\\/\\\/oncubanews.com\\\/en\\\/#organization\"}},{\"@type\":\"WebPage\",\"@id\":\"https:\\\/\\\/oncubanews.com\\\/en\\\/cuba-usa\\\/cuban-embassy-in-u-s-shot-at\\\/\",\"url\":\"https:\\\/\\\/oncubanews.com\\\/en\\\/cuba-usa\\\/cuban-embassy-in-u-s-shot-at\\\/\",\"name\":\"Cuban Embassy in U.S. shot at | OnCubaNews English\",\"isPartOf\":{\"@id\":\"https:\\\/\\\/oncubanews.com\\\/en\\\/#website\"},\"primaryImageOfPage\":{\"@id\":\"https:\\\/\\\/oncubanews.com\\\/en\\\/cuba-usa\\\/cuban-embassy-in-u-s-shot-at\\\/#primaryimage\"},\"image\":{\"@id\":\"https:\\\/\\\/oncubanews.com\\\/en\\\/cuba-usa\\\/cuban-embassy-in-u-s-shot-at\\\/#primaryimage\"},\"thumbnailUrl\":\"https:\\\/\\\/oncubanews.com\\\/en\\\/wp-content\\\/uploads\\\/2020\\\/04\\\/tiroteo-en-embajada-cubana-en-estados-unidos-1.jpg\",\"datePublished\":\"2020-04-30T18:44:17+00:00\",\"author\":{\"@id\":\"https:\\\/\\\/oncubanews.com\\\/en\\\/#\\\/schema\\\/person\\\/d7171bf311032ab1f557dd8332e714af\"},\"description\":\"There was no human damage. The attacker was detained at the scene and is in custody.\",\"breadcrumb\":{\"@id\":\"https:\\\/\\\/oncubanews.com\\\/en\\\/cuba-usa\\\/cuban-embassy-in-u-s-shot-at\\\/#breadcrumb\"},\"inLanguage\":\"en-US\",\"potentialAction\":[{\"@type\":\"ReadAction\",\"target\":[\"https:\\\/\\\/oncubanews.com\\\/en\\\/cuba-usa\\\/cuban-embassy-in-u-s-shot-at\\\/\"]}]},{\"@type\":\"ImageObject\",\"inLanguage\":\"en-US\",\"@id\":\"https:\\\/\\\/oncubanews.com\\\/en\\\/cuba-usa\\\/cuban-embassy-in-u-s-shot-at\\\/#primaryimage\",\"url\":\"https:\\\/\\\/oncubanews.com\\\/en\\\/wp-content\\\/uploads\\\/2020\\\/04\\\/tiroteo-en-embajada-cubana-en-estados-unidos-1.jpg\",\"contentUrl\":\"https:\\\/\\\/oncubanews.com\\\/en\\\/wp-content\\\/uploads\\\/2020\\\/04\\\/tiroteo-en-embajada-cubana-en-estados-unidos-1.jpg\",\"width\":750,\"height\":536,\"caption\":\"The vehicle related to the events parked outside the diplomatic headquarters. Photo: Antonia Noori Farzan\\\/The Washington Post.\"},{\"@type\":\"BreadcrumbList\",\"@id\":\"https:\\\/\\\/oncubanews.com\\\/en\\\/cuba-usa\\\/cuban-embassy-in-u-s-shot-at\\\/#breadcrumb\",\"itemListElement\":[{\"@type\":\"ListItem\",\"position\":1,\"name\":\"Portada\",\"item\":\"https:\\\/\\\/oncubanews.com\\\/en\\\/\"},{\"@type\":\"ListItem\",\"position\":2,\"name\":\"Cuban Embassy in U.S. shot at\"}]},{\"@type\":\"WebSite\",\"@id\":\"https:\\\/\\\/oncubanews.com\\\/en\\\/#website\",\"url\":\"https:\\\/\\\/oncubanews.com\\\/en\\\/\",\"name\":\"OnCubaNews English\",\"description\":\"Revista sobre Cuba\",\"potentialAction\":[{\"@type\":\"SearchAction\",\"target\":{\"@type\":\"EntryPoint\",\"urlTemplate\":\"https:\\\/\\\/oncubanews.com\\\/en\\\/?s={search_term_string}\"},\"query-input\":{\"@type\":\"PropertyValueSpecification\",\"valueRequired\":true,\"valueName\":\"search_term_string\"}}],\"inLanguage\":\"en-US\"},{\"@type\":\"Person\",\"@id\":\"https:\\\/\\\/oncubanews.com\\\/en\\\/#\\\/schema\\\/person\\\/d7171bf311032ab1f557dd8332e714af\",\"name\":\"OnCuba Staff\",\"image\":{\"@type\":\"ImageObject\",\"inLanguage\":\"en-US\",\"@id\":\"https:\\\/\\\/secure.gravatar.com\\\/avatar\\\/4b4c4d6109baadde898bb1af22ea4a4af5f4417b86a5d1800bf17531bfb128fc?s=96&r=g17310096d4dde63ebae0e54fbb19218a\",\"url\":\"https:\\\/\\\/secure.gravatar.com\\\/avatar\\\/4b4c4d6109baadde898bb1af22ea4a4af5f4417b86a5d1800bf17531bfb128fc?s=96&r=g\",\"contentUrl\":\"https:\\\/\\\/secure.gravatar.com\\\/avatar\\\/4b4c4d6109baadde898bb1af22ea4a4af5f4417b86a5d1800bf17531bfb128fc?s=96&r=g\",\"caption\":\"OnCuba Staff\"},\"url\":\"https:\\\/\\\/oncubanews.com\\\/en\\\/author\\\/oncuba-editorial-staff\\\/\"}]}<\/script>\n<!-- \/ Yoast SEO plugin. -->","yoast_head_json":{"title":"Cuban Embassy in U.S. shot at | OnCubaNews English","description":"There was no human damage. The attacker was detained at the scene and is in custody.","robots":{"index":"index","follow":"follow","max-snippet":"max-snippet:-1","max-image-preview":"max-image-preview:large","max-video-preview":"max-video-preview:-1"},"canonical":"https:\/\/oncubanews.com\/en\/cuba-usa\/cuban-embassy-in-u-s-shot-at\/","og_locale":"en_US","og_type":"article","og_title":"Cuban Embassy in U.S. shot at | OnCubaNews English","og_description":"There was no human damage. The attacker was detained at the scene and is in custody.","og_url":"https:\/\/oncubanews.com\/en\/cuba-usa\/cuban-embassy-in-u-s-shot-at\/","og_site_name":"OnCubaNews English","article_published_time":"2020-04-30T18:44:17+00:00","og_image":[{"width":750,"height":536,"url":"https:\/\/oncubanews.com\/en\/wp-content\/uploads\/2020\/04\/tiroteo-en-embajada-cubana-en-estados-unidos-1.jpg","type":"image\/jpeg"}],"author":"OnCuba Staff, OnCuba editorial staff","twitter_card":"summary_large_image","twitter_misc":{"Written by":"OnCuba Staff","Est. reading time":"2 minutes"},"schema":{"@context":"https:\/\/schema.org","@graph":[{"@type":"Article","@id":"https:\/\/oncubanews.com\/en\/cuba-usa\/cuban-embassy-in-u-s-shot-at\/#article","isPartOf":{"@id":"https:\/\/oncubanews.com\/en\/cuba-usa\/cuban-embassy-in-u-s-shot-at\/"},"author":{"name":"OnCuba Staff","@id":"https:\/\/oncubanews.com\/en\/#\/schema\/person\/d7171bf311032ab1f557dd8332e714af"},"headline":"Cuban Embassy in U.S. shot at","datePublished":"2020-04-30T18:44:17+00:00","mainEntityOfPage":{"@id":"https:\/\/oncubanews.com\/en\/cuba-usa\/cuban-embassy-in-u-s-shot-at\/"},"wordCount":344,"commentCount":0,"image":{"@id":"https:\/\/oncubanews.com\/en\/cuba-usa\/cuban-embassy-in-u-s-shot-at\/#primaryimage"},"thumbnailUrl":"https:\/\/oncubanews.com\/en\/wp-content\/uploads\/2020\/04\/tiroteo-en-embajada-cubana-en-estados-unidos-1.jpg","keywords":["Cuba Foreign Affairs Ministry","Cuba-USA Relations"],"articleSection":["Cuba-USA"],"inLanguage":"en-US","potentialAction":[{"@type":"CommentAction","name":"Comment","target":["https:\/\/oncubanews.com\/en\/cuba-usa\/cuban-embassy-in-u-s-shot-at\/#respond"]}],"copyrightYear":"2020","copyrightHolder":{"@id":"https:\/\/oncubanews.com\/en\/#organization"}},{"@type":"WebPage","@id":"https:\/\/oncubanews.com\/en\/cuba-usa\/cuban-embassy-in-u-s-shot-at\/","url":"https:\/\/oncubanews.com\/en\/cuba-usa\/cuban-embassy-in-u-s-shot-at\/","name":"Cuban Embassy in U.S. shot at | OnCubaNews English","isPartOf":{"@id":"https:\/\/oncubanews.com\/en\/#website"},"primaryImageOfPage":{"@id":"https:\/\/oncubanews.com\/en\/cuba-usa\/cuban-embassy-in-u-s-shot-at\/#primaryimage"},"image":{"@id":"https:\/\/oncubanews.com\/en\/cuba-usa\/cuban-embassy-in-u-s-shot-at\/#primaryimage"},"thumbnailUrl":"https:\/\/oncubanews.com\/en\/wp-content\/uploads\/2020\/04\/tiroteo-en-embajada-cubana-en-estados-unidos-1.jpg","datePublished":"2020-04-30T18:44:17+00:00","author":{"@id":"https:\/\/oncubanews.com\/en\/#\/schema\/person\/d7171bf311032ab1f557dd8332e714af"},"description":"There was no human damage. The attacker was detained at the scene and is in custody.","breadcrumb":{"@id":"https:\/\/oncubanews.com\/en\/cuba-usa\/cuban-embassy-in-u-s-shot-at\/#breadcrumb"},"inLanguage":"en-US","potentialAction":[{"@type":"ReadAction","target":["https:\/\/oncubanews.com\/en\/cuba-usa\/cuban-embassy-in-u-s-shot-at\/"]}]},{"@type":"ImageObject","inLanguage":"en-US","@id":"https:\/\/oncubanews.com\/en\/cuba-usa\/cuban-embassy-in-u-s-shot-at\/#primaryimage","url":"https:\/\/oncubanews.com\/en\/wp-content\/uploads\/2020\/04\/tiroteo-en-embajada-cubana-en-estados-unidos-1.jpg","contentUrl":"https:\/\/oncubanews.com\/en\/wp-content\/uploads\/2020\/04\/tiroteo-en-embajada-cubana-en-estados-unidos-1.jpg","width":750,"height":536,"caption":"The vehicle related to the events parked outside the diplomatic headquarters. Photo: Antonia Noori Farzan\/The Washington Post."},{"@type":"BreadcrumbList","@id":"https:\/\/oncubanews.com\/en\/cuba-usa\/cuban-embassy-in-u-s-shot-at\/#breadcrumb","itemListElement":[{"@type":"ListItem","position":1,"name":"Portada","item":"https:\/\/oncubanews.com\/en\/"},{"@type":"ListItem","position":2,"name":"Cuban Embassy in U.S. shot at"}]},{"@type":"WebSite","@id":"https:\/\/oncubanews.com\/en\/#website","url":"https:\/\/oncubanews.com\/en\/","name":"OnCubaNews English","description":"Revista sobre Cuba","potentialAction":[{"@type":"SearchAction","target":{"@type":"EntryPoint","urlTemplate":"https:\/\/oncubanews.com\/en\/?s={search_term_string}"},"query-input":{"@type":"PropertyValueSpecification","valueRequired":true,"valueName":"search_term_string"}}],"inLanguage":"en-US"},{"@type":"Person","@id":"https:\/\/oncubanews.com\/en\/#\/schema\/person\/d7171bf311032ab1f557dd8332e714af","name":"OnCuba Staff","image":{"@type":"ImageObject","inLanguage":"en-US","@id":"https:\/\/secure.gravatar.com\/avatar\/4b4c4d6109baadde898bb1af22ea4a4af5f4417b86a5d1800bf17531bfb128fc?s=96&r=g17310096d4dde63ebae0e54fbb19218a","url":"https:\/\/secure.gravatar.com\/avatar\/4b4c4d6109baadde898bb1af22ea4a4af5f4417b86a5d1800bf17531bfb128fc?s=96&r=g","contentUrl":"https:\/\/secure.gravatar.com\/avatar\/4b4c4d6109baadde898bb1af22ea4a4af5f4417b86a5d1800bf17531bfb128fc?s=96&r=g","caption":"OnCuba Staff"},"url":"https:\/\/oncubanews.com\/en\/author\/oncuba-editorial-staff\/"}]}},"authors":[{"term_id":33546,"user_id":3134,"is_guest":0,"slug":"oncuba-editorial-staff","display_name":"OnCuba Staff","avatar_url":"https:\/\/secure.gravatar.com\/avatar\/4b4c4d6109baadde898bb1af22ea4a4af5f4417b86a5d1800bf17531bfb128fc?s=96&r=g","0":null,"1":"","2":"","3":"","4":"","5":"","6":"","7":"","8":""},{"term_id":8689,"user_id":3134,"is_guest":0,"slug":"oncuba-editorial-staff","display_name":"OnCuba editorial staff","avatar_url":{"url":"https:\/\/oncubanews.com\/en\/wp-content\/uploads\/2018\/10\/avatar-ocnews-1.png","url2x":"https:\/\/oncubanews.com\/en\/wp-content\/uploads\/2018\/10\/avatar-ocnews-1.png"},"0":null,"1":"","2":"","3":"","4":"","5":"","6":"","7":"","8":""}],"_links":{"self":[{"href":"https:\/\/oncubanews.com\/en\/wp-json\/wp\/v2\/posts\/218279","targetHints":{"allow":["GET"]}}],"collection":[{"href":"https:\/\/oncubanews.com\/en\/wp-json\/wp\/v2\/posts"}],"about":[{"href":"https:\/\/oncubanews.com\/en\/wp-json\/wp\/v2\/types\/post"}],"author":[{"embeddable":true,"href":"https:\/\/oncubanews.com\/en\/wp-json\/wp\/v2\/users\/3134"}],"replies":[{"embeddable":true,"href":"https:\/\/oncubanews.com\/en\/wp-json\/wp\/v2\/comments?post=218279"}],"version-history":[{"count":0,"href":"https:\/\/oncubanews.com\/en\/wp-json\/wp\/v2\/posts\/218279\/revisions"}],"wp:featuredmedia":[{"embeddable":true,"href":"https:\/\/oncubanews.com\/en\/wp-json\/wp\/v2\/media\/218280"}],"wp:attachment":[{"href":"https:\/\/oncubanews.com\/en\/wp-json\/wp\/v2\/media?parent=218279"}],"wp:term":[{"taxonomy":"category","embeddable":true,"href":"https:\/\/oncubanews.com\/en\/wp-json\/wp\/v2\/categories?post=218279"},{"taxonomy":"post_tag","embeddable":true,"href":"https:\/\/oncubanews.com\/en\/wp-json\/wp\/v2\/tags?post=218279"},{"taxonomy":"author","embeddable":true,"href":"https:\/\/oncubanews.com\/en\/wp-json\/wp\/v2\/ppma_author?post=218279"}],"curies":[{"name":"wp","href":"https:\/\/api.w.org\/{rel}","templated":true}]}}