
{"id":222639,"date":"2020-06-10T14:24:16","date_gmt":"2020-06-10T18:24:16","guid":{"rendered":"https:\/\/oncubanews.com\/en\/?p=222639"},"modified":"2020-06-10T14:55:33","modified_gmt":"2020-06-10T18:55:33","slug":"the-great-rosa-fornes-dies-at-97","status":"publish","type":"post","link":"https:\/\/oncubanews.com\/en\/culture\/the-great-rosa-fornes-dies-at-97\/","title":{"rendered":"The great Rosa Forn\u00e9s dies at 97"},"content":{"rendered":"<p>Actress and singer Rosa Forn\u00e9s died in the early hours of this Wednesday, June 10, the official Rosa Fornes Facebook profile reported minutes ago.<\/p>\n<p>\u201cOur dear Rosita has left us, by law of life, after an illness against which she struggled for several years, surrounded by love and without suffering,\u201d explains the note, which reports that the death occurred in her Miami residence, where family and friends accompanied her.<\/p>\n<p>Details of his funeral services are still unknown.<\/p>\n<p>&#8220;Cuba is in mourning, the Spanish-speaking culture loses, perhaps, the last of its great Divas, the most versatile Cuban artist, the actress, singer and dancer who conquered the hearts not only of Cubans, but also of Mexicans, Spaniards and all audiences where she displayed he unequal art.\u201d<\/p>\n<figure id=\"attachment_222636\" aria-describedby=\"caption-attachment-222636\" style=\"width: 1024px\" class=\"wp-caption aligncenter\"><a href=\"https:\/\/oncubanews.com\/en\/wp-content\/uploads\/2020\/06\/rosa-forn\u00e9s-1024x795-1.jpg\"><img loading=\"lazy\" decoding=\"async\" class=\"size-full wp-image-222636\" src=\"https:\/\/oncubanews.com\/en\/wp-content\/uploads\/2020\/06\/rosa-forn\u00e9s-1024x795-1.jpg\" alt=\"\" width=\"1024\" height=\"795\" srcset=\"https:\/\/oncubanews.com\/en\/wp-content\/uploads\/2020\/06\/rosa-forn\u00e9s-1024x795-1.jpg 1024w, https:\/\/oncubanews.com\/en\/wp-content\/uploads\/2020\/06\/rosa-forn\u00e9s-1024x795-1-300x233.jpg 300w, https:\/\/oncubanews.com\/en\/wp-content\/uploads\/2020\/06\/rosa-forn\u00e9s-1024x795-1-768x596.jpg 768w, https:\/\/oncubanews.com\/en\/wp-content\/uploads\/2020\/06\/rosa-forn\u00e9s-1024x795-1-750x582.jpg 750w\" sizes=\"auto, (max-width: 1024px) 100vw, 1024px\" \/><\/a><figcaption id=\"caption-attachment-222636\" class=\"wp-caption-text\">Rosita Forn\u00e9s (1947). Photo by Armando Herrera. Taken from Rosa Forn\u00e9s Oficial<\/figcaption><\/figure>\n<p>Although her real name is Rosal\u00eda Palet Bonav\u00eda, and she had been born in New York, in 1923, the world knew her as Rosa Forn\u00e9s since she began her career on September 12, 1938 when she appeared at the famous CMQ radio station\u2019s Corte Suprema del Arte program.<\/p>\n<p>Her theater debut was in 1940 with the zarzuela <em>El asombro de Damasco<\/em> at the La Comedia theater.<\/p>\n<p>A year earlier, he had started her film career.<\/p>\n<p>Since then, her grace, talent and versatility have made her one of the most popular figures in Cuba with triumphs in theater and cinema.<\/p>\n<p>Her last great appearance was on the anniversary of Meme Solis\u2019 60-year artistic career, late last year.<\/p>\n<p><em>News \u00edtem under construction &#8230;<\/em><\/p>\n","protected":false},"excerpt":{"rendered":"<p>Actress and singer Rosa Forn\u00e9s died in the early hours of this Wednesday, June 10, the official Rosa Fornes Facebook profile reported minutes ago. \u201cOur dear Rosita has left us, by law of life, after an illness against which she struggled for several years, surrounded by love and without suffering,\u201d explains the note, which reports [&hellip;]<\/p>\n","protected":false},"author":3134,"featured_media":222635,"comment_status":"open","ping_status":"closed","sticky":false,"template":"","format":"standard","meta":{"_acf_changed":false,"footnotes":""},"categories":[33],"tags":[14851,31970],"ppma_author":[33546,8689],"class_list":["post-222639","post","type-post","status-publish","format-standard","has-post-thumbnail","hentry","category-culture","tag-cuban-culture-es","tag-rosita-fornes"],"acf":[],"yoast_head":"<!-- This site is optimized with the Yoast SEO plugin v27.3 - https:\/\/yoast.com\/product\/yoast-seo-wordpress\/ -->\n<title>The great Rosa Forn\u00e9s dies at 97 | OnCubaNews English<\/title>\n<meta name=\"description\" content=\"She reached her stardom in theater, cinema and television.\" \/>\n<meta name=\"robots\" content=\"index, follow, max-snippet:-1, max-image-preview:large, max-video-preview:-1\" \/>\n<link rel=\"canonical\" href=\"https:\/\/oncubanews.com\/en\/culture\/the-great-rosa-fornes-dies-at-97\/\" \/>\n<meta property=\"og:locale\" content=\"en_US\" \/>\n<meta property=\"og:type\" content=\"article\" \/>\n<meta property=\"og:title\" content=\"The great Rosa Forn\u00e9s dies at 97 | OnCubaNews English\" \/>\n<meta property=\"og:description\" content=\"She reached her stardom in theater, cinema and television.\" \/>\n<meta property=\"og:url\" content=\"https:\/\/oncubanews.com\/en\/culture\/the-great-rosa-fornes-dies-at-97\/\" \/>\n<meta property=\"og:site_name\" content=\"OnCubaNews English\" \/>\n<meta property=\"article:published_time\" content=\"2020-06-10T18:24:16+00:00\" \/>\n<meta property=\"article:modified_time\" content=\"2020-06-10T18:55:33+00:00\" \/>\n<meta property=\"og:image\" content=\"https:\/\/oncubanews.com\/en\/wp-content\/uploads\/2020\/06\/rosita-forn\u00e9s-750x536-1.png\" \/>\n\t<meta property=\"og:image:width\" content=\"750\" \/>\n\t<meta property=\"og:image:height\" content=\"536\" \/>\n\t<meta property=\"og:image:type\" content=\"image\/png\" \/>\n<meta name=\"author\" content=\"OnCuba Staff, OnCuba editorial staff\" \/>\n<meta name=\"twitter:card\" content=\"summary_large_image\" \/>\n<meta name=\"twitter:label1\" content=\"Written by\" \/>\n\t<meta name=\"twitter:data1\" content=\"OnCuba Staff\" \/>\n\t<meta name=\"twitter:label2\" content=\"Est. reading time\" \/>\n\t<meta name=\"twitter:data2\" content=\"1 minute\" \/>\n<script type=\"application\/ld+json\" class=\"yoast-schema-graph\">{\"@context\":\"https:\\\/\\\/schema.org\",\"@graph\":[{\"@type\":\"Article\",\"@id\":\"https:\\\/\\\/oncubanews.com\\\/en\\\/culture\\\/the-great-rosa-fornes-dies-at-97\\\/#article\",\"isPartOf\":{\"@id\":\"https:\\\/\\\/oncubanews.com\\\/en\\\/culture\\\/the-great-rosa-fornes-dies-at-97\\\/\"},\"author\":{\"name\":\"OnCuba Staff\",\"@id\":\"https:\\\/\\\/oncubanews.com\\\/en\\\/#\\\/schema\\\/person\\\/d7171bf311032ab1f557dd8332e714af\"},\"headline\":\"The great Rosa Forn\u00e9s dies at 97\",\"datePublished\":\"2020-06-10T18:24:16+00:00\",\"dateModified\":\"2020-06-10T18:55:33+00:00\",\"mainEntityOfPage\":{\"@id\":\"https:\\\/\\\/oncubanews.com\\\/en\\\/culture\\\/the-great-rosa-fornes-dies-at-97\\\/\"},\"wordCount\":271,\"commentCount\":0,\"image\":{\"@id\":\"https:\\\/\\\/oncubanews.com\\\/en\\\/culture\\\/the-great-rosa-fornes-dies-at-97\\\/#primaryimage\"},\"thumbnailUrl\":\"https:\\\/\\\/oncubanews.com\\\/en\\\/wp-content\\\/uploads\\\/2020\\\/06\\\/rosita-forn\u00e9s-750x536-1.png\",\"keywords\":[\"Cuban culture\",\"Rosita Forn\u00e9s\"],\"articleSection\":[\"Culture\"],\"inLanguage\":\"en-US\",\"potentialAction\":[{\"@type\":\"CommentAction\",\"name\":\"Comment\",\"target\":[\"https:\\\/\\\/oncubanews.com\\\/en\\\/culture\\\/the-great-rosa-fornes-dies-at-97\\\/#respond\"]}],\"copyrightYear\":\"2020\",\"copyrightHolder\":{\"@id\":\"https:\\\/\\\/oncubanews.com\\\/en\\\/#organization\"}},{\"@type\":\"WebPage\",\"@id\":\"https:\\\/\\\/oncubanews.com\\\/en\\\/culture\\\/the-great-rosa-fornes-dies-at-97\\\/\",\"url\":\"https:\\\/\\\/oncubanews.com\\\/en\\\/culture\\\/the-great-rosa-fornes-dies-at-97\\\/\",\"name\":\"The great Rosa Forn\u00e9s dies at 97 | OnCubaNews English\",\"isPartOf\":{\"@id\":\"https:\\\/\\\/oncubanews.com\\\/en\\\/#website\"},\"primaryImageOfPage\":{\"@id\":\"https:\\\/\\\/oncubanews.com\\\/en\\\/culture\\\/the-great-rosa-fornes-dies-at-97\\\/#primaryimage\"},\"image\":{\"@id\":\"https:\\\/\\\/oncubanews.com\\\/en\\\/culture\\\/the-great-rosa-fornes-dies-at-97\\\/#primaryimage\"},\"thumbnailUrl\":\"https:\\\/\\\/oncubanews.com\\\/en\\\/wp-content\\\/uploads\\\/2020\\\/06\\\/rosita-forn\u00e9s-750x536-1.png\",\"datePublished\":\"2020-06-10T18:24:16+00:00\",\"dateModified\":\"2020-06-10T18:55:33+00:00\",\"author\":{\"@id\":\"https:\\\/\\\/oncubanews.com\\\/en\\\/#\\\/schema\\\/person\\\/d7171bf311032ab1f557dd8332e714af\"},\"description\":\"She reached her stardom in theater, cinema and television.\",\"breadcrumb\":{\"@id\":\"https:\\\/\\\/oncubanews.com\\\/en\\\/culture\\\/the-great-rosa-fornes-dies-at-97\\\/#breadcrumb\"},\"inLanguage\":\"en-US\",\"potentialAction\":[{\"@type\":\"ReadAction\",\"target\":[\"https:\\\/\\\/oncubanews.com\\\/en\\\/culture\\\/the-great-rosa-fornes-dies-at-97\\\/\"]}]},{\"@type\":\"ImageObject\",\"inLanguage\":\"en-US\",\"@id\":\"https:\\\/\\\/oncubanews.com\\\/en\\\/culture\\\/the-great-rosa-fornes-dies-at-97\\\/#primaryimage\",\"url\":\"https:\\\/\\\/oncubanews.com\\\/en\\\/wp-content\\\/uploads\\\/2020\\\/06\\\/rosita-forn\u00e9s-750x536-1.png\",\"contentUrl\":\"https:\\\/\\\/oncubanews.com\\\/en\\\/wp-content\\\/uploads\\\/2020\\\/06\\\/rosita-forn\u00e9s-750x536-1.png\",\"width\":750,\"height\":536,\"caption\":\"Rosita Forn\u00e9s, in 1947. Photo by Armando Herrera, the photographer of Mexican stars, Taken from Rosa Forn\u00e9s Oficial\"},{\"@type\":\"BreadcrumbList\",\"@id\":\"https:\\\/\\\/oncubanews.com\\\/en\\\/culture\\\/the-great-rosa-fornes-dies-at-97\\\/#breadcrumb\",\"itemListElement\":[{\"@type\":\"ListItem\",\"position\":1,\"name\":\"Portada\",\"item\":\"https:\\\/\\\/oncubanews.com\\\/en\\\/\"},{\"@type\":\"ListItem\",\"position\":2,\"name\":\"The great Rosa Forn\u00e9s dies at 97\"}]},{\"@type\":\"WebSite\",\"@id\":\"https:\\\/\\\/oncubanews.com\\\/en\\\/#website\",\"url\":\"https:\\\/\\\/oncubanews.com\\\/en\\\/\",\"name\":\"OnCubaNews English\",\"description\":\"Revista sobre Cuba\",\"potentialAction\":[{\"@type\":\"SearchAction\",\"target\":{\"@type\":\"EntryPoint\",\"urlTemplate\":\"https:\\\/\\\/oncubanews.com\\\/en\\\/?s={search_term_string}\"},\"query-input\":{\"@type\":\"PropertyValueSpecification\",\"valueRequired\":true,\"valueName\":\"search_term_string\"}}],\"inLanguage\":\"en-US\"},{\"@type\":\"Person\",\"@id\":\"https:\\\/\\\/oncubanews.com\\\/en\\\/#\\\/schema\\\/person\\\/d7171bf311032ab1f557dd8332e714af\",\"name\":\"OnCuba Staff\",\"image\":{\"@type\":\"ImageObject\",\"inLanguage\":\"en-US\",\"@id\":\"https:\\\/\\\/secure.gravatar.com\\\/avatar\\\/4b4c4d6109baadde898bb1af22ea4a4af5f4417b86a5d1800bf17531bfb128fc?s=96&r=g17310096d4dde63ebae0e54fbb19218a\",\"url\":\"https:\\\/\\\/secure.gravatar.com\\\/avatar\\\/4b4c4d6109baadde898bb1af22ea4a4af5f4417b86a5d1800bf17531bfb128fc?s=96&r=g\",\"contentUrl\":\"https:\\\/\\\/secure.gravatar.com\\\/avatar\\\/4b4c4d6109baadde898bb1af22ea4a4af5f4417b86a5d1800bf17531bfb128fc?s=96&r=g\",\"caption\":\"OnCuba Staff\"},\"url\":\"https:\\\/\\\/oncubanews.com\\\/en\\\/author\\\/oncuba-editorial-staff\\\/\"}]}<\/script>\n<!-- \/ Yoast SEO plugin. -->","yoast_head_json":{"title":"The great Rosa Forn\u00e9s dies at 97 | OnCubaNews English","description":"She reached her stardom in theater, cinema and television.","robots":{"index":"index","follow":"follow","max-snippet":"max-snippet:-1","max-image-preview":"max-image-preview:large","max-video-preview":"max-video-preview:-1"},"canonical":"https:\/\/oncubanews.com\/en\/culture\/the-great-rosa-fornes-dies-at-97\/","og_locale":"en_US","og_type":"article","og_title":"The great Rosa Forn\u00e9s dies at 97 | OnCubaNews English","og_description":"She reached her stardom in theater, cinema and television.","og_url":"https:\/\/oncubanews.com\/en\/culture\/the-great-rosa-fornes-dies-at-97\/","og_site_name":"OnCubaNews English","article_published_time":"2020-06-10T18:24:16+00:00","article_modified_time":"2020-06-10T18:55:33+00:00","og_image":[{"width":750,"height":536,"url":"https:\/\/oncubanews.com\/en\/wp-content\/uploads\/2020\/06\/rosita-forn\u00e9s-750x536-1.png","type":"image\/png"}],"author":"OnCuba Staff, OnCuba editorial staff","twitter_card":"summary_large_image","twitter_misc":{"Written by":"OnCuba Staff","Est. reading time":"1 minute"},"schema":{"@context":"https:\/\/schema.org","@graph":[{"@type":"Article","@id":"https:\/\/oncubanews.com\/en\/culture\/the-great-rosa-fornes-dies-at-97\/#article","isPartOf":{"@id":"https:\/\/oncubanews.com\/en\/culture\/the-great-rosa-fornes-dies-at-97\/"},"author":{"name":"OnCuba Staff","@id":"https:\/\/oncubanews.com\/en\/#\/schema\/person\/d7171bf311032ab1f557dd8332e714af"},"headline":"The great Rosa Forn\u00e9s dies at 97","datePublished":"2020-06-10T18:24:16+00:00","dateModified":"2020-06-10T18:55:33+00:00","mainEntityOfPage":{"@id":"https:\/\/oncubanews.com\/en\/culture\/the-great-rosa-fornes-dies-at-97\/"},"wordCount":271,"commentCount":0,"image":{"@id":"https:\/\/oncubanews.com\/en\/culture\/the-great-rosa-fornes-dies-at-97\/#primaryimage"},"thumbnailUrl":"https:\/\/oncubanews.com\/en\/wp-content\/uploads\/2020\/06\/rosita-forn\u00e9s-750x536-1.png","keywords":["Cuban culture","Rosita Forn\u00e9s"],"articleSection":["Culture"],"inLanguage":"en-US","potentialAction":[{"@type":"CommentAction","name":"Comment","target":["https:\/\/oncubanews.com\/en\/culture\/the-great-rosa-fornes-dies-at-97\/#respond"]}],"copyrightYear":"2020","copyrightHolder":{"@id":"https:\/\/oncubanews.com\/en\/#organization"}},{"@type":"WebPage","@id":"https:\/\/oncubanews.com\/en\/culture\/the-great-rosa-fornes-dies-at-97\/","url":"https:\/\/oncubanews.com\/en\/culture\/the-great-rosa-fornes-dies-at-97\/","name":"The great Rosa Forn\u00e9s dies at 97 | OnCubaNews English","isPartOf":{"@id":"https:\/\/oncubanews.com\/en\/#website"},"primaryImageOfPage":{"@id":"https:\/\/oncubanews.com\/en\/culture\/the-great-rosa-fornes-dies-at-97\/#primaryimage"},"image":{"@id":"https:\/\/oncubanews.com\/en\/culture\/the-great-rosa-fornes-dies-at-97\/#primaryimage"},"thumbnailUrl":"https:\/\/oncubanews.com\/en\/wp-content\/uploads\/2020\/06\/rosita-forn\u00e9s-750x536-1.png","datePublished":"2020-06-10T18:24:16+00:00","dateModified":"2020-06-10T18:55:33+00:00","author":{"@id":"https:\/\/oncubanews.com\/en\/#\/schema\/person\/d7171bf311032ab1f557dd8332e714af"},"description":"She reached her stardom in theater, cinema and television.","breadcrumb":{"@id":"https:\/\/oncubanews.com\/en\/culture\/the-great-rosa-fornes-dies-at-97\/#breadcrumb"},"inLanguage":"en-US","potentialAction":[{"@type":"ReadAction","target":["https:\/\/oncubanews.com\/en\/culture\/the-great-rosa-fornes-dies-at-97\/"]}]},{"@type":"ImageObject","inLanguage":"en-US","@id":"https:\/\/oncubanews.com\/en\/culture\/the-great-rosa-fornes-dies-at-97\/#primaryimage","url":"https:\/\/oncubanews.com\/en\/wp-content\/uploads\/2020\/06\/rosita-forn\u00e9s-750x536-1.png","contentUrl":"https:\/\/oncubanews.com\/en\/wp-content\/uploads\/2020\/06\/rosita-forn\u00e9s-750x536-1.png","width":750,"height":536,"caption":"Rosita Forn\u00e9s, in 1947. Photo by Armando Herrera, the photographer of Mexican stars, Taken from Rosa Forn\u00e9s Oficial"},{"@type":"BreadcrumbList","@id":"https:\/\/oncubanews.com\/en\/culture\/the-great-rosa-fornes-dies-at-97\/#breadcrumb","itemListElement":[{"@type":"ListItem","position":1,"name":"Portada","item":"https:\/\/oncubanews.com\/en\/"},{"@type":"ListItem","position":2,"name":"The great Rosa Forn\u00e9s dies at 97"}]},{"@type":"WebSite","@id":"https:\/\/oncubanews.com\/en\/#website","url":"https:\/\/oncubanews.com\/en\/","name":"OnCubaNews English","description":"Revista sobre Cuba","potentialAction":[{"@type":"SearchAction","target":{"@type":"EntryPoint","urlTemplate":"https:\/\/oncubanews.com\/en\/?s={search_term_string}"},"query-input":{"@type":"PropertyValueSpecification","valueRequired":true,"valueName":"search_term_string"}}],"inLanguage":"en-US"},{"@type":"Person","@id":"https:\/\/oncubanews.com\/en\/#\/schema\/person\/d7171bf311032ab1f557dd8332e714af","name":"OnCuba Staff","image":{"@type":"ImageObject","inLanguage":"en-US","@id":"https:\/\/secure.gravatar.com\/avatar\/4b4c4d6109baadde898bb1af22ea4a4af5f4417b86a5d1800bf17531bfb128fc?s=96&r=g17310096d4dde63ebae0e54fbb19218a","url":"https:\/\/secure.gravatar.com\/avatar\/4b4c4d6109baadde898bb1af22ea4a4af5f4417b86a5d1800bf17531bfb128fc?s=96&r=g","contentUrl":"https:\/\/secure.gravatar.com\/avatar\/4b4c4d6109baadde898bb1af22ea4a4af5f4417b86a5d1800bf17531bfb128fc?s=96&r=g","caption":"OnCuba Staff"},"url":"https:\/\/oncubanews.com\/en\/author\/oncuba-editorial-staff\/"}]}},"authors":[{"term_id":33546,"user_id":3134,"is_guest":0,"slug":"oncuba-editorial-staff","display_name":"OnCuba Staff","avatar_url":"https:\/\/secure.gravatar.com\/avatar\/4b4c4d6109baadde898bb1af22ea4a4af5f4417b86a5d1800bf17531bfb128fc?s=96&r=g","0":null,"1":"","2":"","3":"","4":"","5":"","6":"","7":"","8":""},{"term_id":8689,"user_id":3134,"is_guest":0,"slug":"oncuba-editorial-staff","display_name":"OnCuba editorial staff","avatar_url":{"url":"https:\/\/oncubanews.com\/en\/wp-content\/uploads\/2018\/10\/avatar-ocnews-1.png","url2x":"https:\/\/oncubanews.com\/en\/wp-content\/uploads\/2018\/10\/avatar-ocnews-1.png"},"0":null,"1":"","2":"","3":"","4":"","5":"","6":"","7":"","8":""}],"_links":{"self":[{"href":"https:\/\/oncubanews.com\/en\/wp-json\/wp\/v2\/posts\/222639","targetHints":{"allow":["GET"]}}],"collection":[{"href":"https:\/\/oncubanews.com\/en\/wp-json\/wp\/v2\/posts"}],"about":[{"href":"https:\/\/oncubanews.com\/en\/wp-json\/wp\/v2\/types\/post"}],"author":[{"embeddable":true,"href":"https:\/\/oncubanews.com\/en\/wp-json\/wp\/v2\/users\/3134"}],"replies":[{"embeddable":true,"href":"https:\/\/oncubanews.com\/en\/wp-json\/wp\/v2\/comments?post=222639"}],"version-history":[{"count":0,"href":"https:\/\/oncubanews.com\/en\/wp-json\/wp\/v2\/posts\/222639\/revisions"}],"wp:featuredmedia":[{"embeddable":true,"href":"https:\/\/oncubanews.com\/en\/wp-json\/wp\/v2\/media\/222635"}],"wp:attachment":[{"href":"https:\/\/oncubanews.com\/en\/wp-json\/wp\/v2\/media?parent=222639"}],"wp:term":[{"taxonomy":"category","embeddable":true,"href":"https:\/\/oncubanews.com\/en\/wp-json\/wp\/v2\/categories?post=222639"},{"taxonomy":"post_tag","embeddable":true,"href":"https:\/\/oncubanews.com\/en\/wp-json\/wp\/v2\/tags?post=222639"},{"taxonomy":"author","embeddable":true,"href":"https:\/\/oncubanews.com\/en\/wp-json\/wp\/v2\/ppma_author?post=222639"}],"curies":[{"name":"wp","href":"https:\/\/api.w.org\/{rel}","templated":true}]}}