
{"id":22540,"date":"2014-01-31T19:01:18","date_gmt":"2014-01-31T19:01:18","guid":{"rendered":"http:\/\/www.oncubamagazine.com\/?p=22540"},"modified":"2014-02-01T19:09:00","modified_gmt":"2014-02-01T19:09:00","slug":"colombia-the-most-awarded-nation-in-casa-de-las-americas-2014-literary-contest","status":"publish","type":"post","link":"https:\/\/oncubanews.com\/en\/styles-trends\/technologies-of-communication-and-media\/colombia-the-most-awarded-nation-in-casa-de-las-americas-2014-literary-contest\/","title":{"rendered":"Colombia the most awarded nation in Casa de las Am\u00e9ricas 2014 literary contest"},"content":{"rendered":"<p style=\"text-align: justify;\">After last night&#8217;s award ceremony, Colombia was the most awarded nation in the 55th edition of the Casa de las Am\u00e9ricas 2014 literary contest.<\/p>\n<p style=\"text-align: justify;\">After evaluating around 376 works, the competition jury, made up by 22 intellectuals from 12 countries of the region, announced its decision in the genres of short stories, theater, artistic and literary essay, Brazilian and Caribbean literature in English or Creole, plus the Award for studies on woman.<\/p>\n<p style=\"text-align: justify;\">\u00a8Cosas peores\u00a8, by Colombian writer Margarita Garcia, won the prize in Story category, a &#8220;consistent&#8221;, &#8220;unitary&#8221; manuscript, with &#8220;solid narrative architecture&#8221;, which gives priority to &#8220;insinuation&#8221; over &#8220;explicit&#8221; according to the jury&#8217;s minutes.<\/p>\n<p style=\"text-align: justify;\">Her compatriot Carlos Orlando Fino was awarded by \u00a8 Jos\u00e9 Lezama Lima: est\u00e9tica e historiograf\u00eda del arte en su obra cr\u00edtica, \u00a8in the category of artistic-literary theme. The experts considered it a &#8220;convincing and illuminating&#8221; text and full of &#8220;articulated movements&#8221; due to Cuban writer Jos\u00e9 Lezama Lima\u2019s aesthetic and artistic ideas.<\/p>\n<p style=\"text-align: justify;\">The third award-winning author from that South American nation was Piedad Bonnett who won the Jos\u00e9 Lezama Lima Poetry Honorary Award for her work \u00a8 Explicaciones no pedidas. \u00a8<\/p>\n<p style=\"text-align: justify;\">The Casa de las Americas Literary Award is organized every year by the cultural institution that bears that same name, based in Havana.<\/p>\n<p style=\"text-align: justify;\">Consequently OnCuba provides the list of the contest winning works:<\/p>\n<p style=\"text-align: justify;\">STORY<\/p>\n<p style=\"text-align: justify;\">Winner: Cosas peores, by Margarita Garc\u00eda (Colombia).<\/p>\n<p style=\"text-align: justify;\">THEATER<\/p>\n<p style=\"text-align: justify;\">Winner: Blanco con sangre negra, by Alejandro Rom\u00e1n (Mexico).<\/p>\n<p style=\"text-align: justify;\">Mention: Sistema, by Abel Gonz\u00e1lez (Cuba).<\/p>\n<p style=\"text-align: justify;\">ARTISTIC-LITERARY ESSAY<\/p>\n<p style=\"text-align: justify;\">Winner: Jos\u00e9 Lezama Lima: est\u00e9tica e historiograf\u00eda del arte en su obra cr\u00edtica, by Carlos Orlando Fino (Colombia).<\/p>\n<p style=\"text-align: justify;\">Mentions:<\/p>\n<p style=\"text-align: justify;\">Juli\u00e1n del Casal: modernidad y periodismo, by Mar\u00eda Antonia Borroto (Cuba).<\/p>\n<p style=\"text-align: justify;\">Hombres en el desierto. Otredad en Am\u00e9rica Latina. (Auto) biograf\u00edas, cartas y diarios. Di\u00e1logo con la narrativa actual, by Marina Porcelli (Argentina).<\/p>\n<p style=\"text-align: justify;\">BRAZILEAN LITERATURE<\/p>\n<p style=\"text-align: justify;\">Winner: Marighella: o guerrilheiro que incendiou o mundo, by M\u00e1rio Magalh\u00e3es<\/p>\n<p style=\"text-align: justify;\">CARIBBEAN LITERATURE IN ENGLISH OR CREOLE<\/p>\n<p style=\"text-align: justify;\">Winner: Fear of a Black Nation-Race, Sex, and Security in Sixties Montreal, by David Austin (Jamaica).<\/p>\n<p style=\"text-align: justify;\">Mentions: The Night of the Rambler, by Montague Kobbe (Anguila) and Light Falling on Bamboo, by Lawrence Scott (Trinity and Tobago).<\/p>\n<p style=\"text-align: justify;\">AWARD FOR STUDIES ON WOMAN<\/p>\n<p style=\"text-align: justify;\">Winner: La loca inconfirmable. Apropiaciones feministas de Manuela S\u00e1enz (1944-1963), by Mariana Libertad Su\u00e1rez (Venezuela).<\/p>\n<p style=\"text-align: justify;\">Mentions: El desorden de la democracia. Partidos pol\u00edticos de mujeres en Chile, by Alejandra Castillo (Chile).<\/p>\n<p style=\"text-align: justify;\">Escritoras latinoamericanas: aportes al discurso de la transgresi\u00f3n, by Guisela L\u00f3pez (Guatemala).<\/p>\n<p style=\"text-align: justify;\">HONORARY AWARDS:<\/p>\n<p style=\"text-align: justify;\">JOS\u00c9 LEZAMA LIMA POETRY AWARD<\/p>\n<p style=\"text-align: justify;\">Explicaciones no pedidas, by Piedad Bonnett (Colombia).<\/p>\n<p style=\"text-align: justify;\">JOS\u00c9 MAR\u00cdA ARGUEDAS NARRATIVE AWARD<\/p>\n<p style=\"text-align: justify;\">Arrecife, by Juan Villoro (Mexico).<\/p>\n<p style=\"text-align: justify;\">EZEQUIEL MART\u00cdNEZ ESTRADA ESSAY AWARD<\/p>\n<p style=\"text-align: justify;\">Che Guevara y el debate econ\u00f3mico en Cuba, by Luiz Bernardo Peric\u00e1s (Brazil).<\/p>\n","protected":false},"excerpt":{"rendered":"<p>After last night&#8217;s award ceremony, Colombia was the most awarded nation in the 55th edition of the Casa de las Am\u00e9ricas 2014 literary contest. After evaluating around 376 works, the competition jury, made up by 22 intellectuals from 12 countries of the region, announced its decision in the genres of short stories, theater, artistic and [&hellip;]<\/p>\n","protected":false},"author":2445,"featured_media":22526,"comment_status":"open","ping_status":"closed","sticky":false,"template":"","format":"standard","meta":{"_acf_changed":false,"footnotes":""},"categories":[13930],"tags":[4254],"ppma_author":[33669],"class_list":["post-22540","post","type-post","status-publish","format-standard","has-post-thumbnail","hentry","category-technologies-of-communication-and-media","tag-casa-de-las-americas-2014"],"acf":[],"yoast_head":"<!-- This site is optimized with the Yoast SEO plugin v27.3 - https:\/\/yoast.com\/product\/yoast-seo-wordpress\/ -->\n<title>Colombia the most awarded nation in Casa de las Am\u00e9ricas 2014 literary contest | OnCubaNews English<\/title>\n<meta name=\"robots\" content=\"index, follow, max-snippet:-1, max-image-preview:large, max-video-preview:-1\" \/>\n<link rel=\"canonical\" href=\"https:\/\/oncubanews.com\/en\/styles-trends\/technologies-of-communication-and-media\/colombia-the-most-awarded-nation-in-casa-de-las-americas-2014-literary-contest\/\" \/>\n<meta property=\"og:locale\" content=\"en_US\" \/>\n<meta property=\"og:type\" content=\"article\" \/>\n<meta property=\"og:title\" content=\"Colombia the most awarded nation in Casa de las Am\u00e9ricas 2014 literary contest | OnCubaNews English\" \/>\n<meta property=\"og:description\" content=\"After last night&#8217;s award ceremony, Colombia was the most awarded nation in the 55th edition of the Casa de las Am\u00e9ricas 2014 literary contest. After evaluating around 376 works, the competition jury, made up by 22 intellectuals from 12 countries of the region, announced its decision in the genres of short stories, theater, artistic and [&hellip;]\" \/>\n<meta property=\"og:url\" content=\"https:\/\/oncubanews.com\/en\/styles-trends\/technologies-of-communication-and-media\/colombia-the-most-awarded-nation-in-casa-de-las-americas-2014-literary-contest\/\" \/>\n<meta property=\"og:site_name\" content=\"OnCubaNews English\" \/>\n<meta property=\"article:published_time\" content=\"2014-01-31T19:01:18+00:00\" \/>\n<meta property=\"article:modified_time\" content=\"2014-02-01T19:09:00+00:00\" \/>\n<meta property=\"og:image\" content=\"https:\/\/oncubanews.com\/en\/wp-content\/uploads\/2014\/01\/casa141.jpg\" \/>\n\t<meta property=\"og:image:width\" content=\"620\" \/>\n\t<meta property=\"og:image:height\" content=\"340\" \/>\n\t<meta property=\"og:image:type\" content=\"image\/jpeg\" \/>\n<meta name=\"author\" content=\"Redacci\u00f3n OnCuba\" \/>\n<meta name=\"twitter:card\" content=\"summary_large_image\" \/>\n<meta name=\"twitter:label1\" content=\"Written by\" \/>\n\t<meta name=\"twitter:data1\" content=\"Redacci\u00f3n OnCuba\" \/>\n\t<meta name=\"twitter:label2\" content=\"Est. reading time\" \/>\n\t<meta name=\"twitter:data2\" content=\"2 minutes\" \/>\n<script type=\"application\/ld+json\" class=\"yoast-schema-graph\">{\"@context\":\"https:\\\/\\\/schema.org\",\"@graph\":[{\"@type\":\"Article\",\"@id\":\"https:\\\/\\\/oncubanews.com\\\/en\\\/styles-trends\\\/technologies-of-communication-and-media\\\/colombia-the-most-awarded-nation-in-casa-de-las-americas-2014-literary-contest\\\/#article\",\"isPartOf\":{\"@id\":\"https:\\\/\\\/oncubanews.com\\\/en\\\/styles-trends\\\/technologies-of-communication-and-media\\\/colombia-the-most-awarded-nation-in-casa-de-las-americas-2014-literary-contest\\\/\"},\"author\":{\"name\":\"Redacci\u00f3n OnCuba\",\"@id\":\"https:\\\/\\\/oncubanews.com\\\/en\\\/#\\\/schema\\\/person\\\/4535f9d2f7fea460b318de6542dd014a\"},\"headline\":\"Colombia the most awarded nation in Casa de las Am\u00e9ricas 2014 literary contest\",\"datePublished\":\"2014-01-31T19:01:18+00:00\",\"dateModified\":\"2014-02-01T19:09:00+00:00\",\"mainEntityOfPage\":{\"@id\":\"https:\\\/\\\/oncubanews.com\\\/en\\\/styles-trends\\\/technologies-of-communication-and-media\\\/colombia-the-most-awarded-nation-in-casa-de-las-americas-2014-literary-contest\\\/\"},\"wordCount\":476,\"commentCount\":0,\"image\":{\"@id\":\"https:\\\/\\\/oncubanews.com\\\/en\\\/styles-trends\\\/technologies-of-communication-and-media\\\/colombia-the-most-awarded-nation-in-casa-de-las-americas-2014-literary-contest\\\/#primaryimage\"},\"thumbnailUrl\":\"https:\\\/\\\/oncubanews.com\\\/en\\\/wp-content\\\/uploads\\\/2014\\\/01\\\/casa141.jpg\",\"keywords\":[\"Casa de las Am\u00e9ricas 2014\"],\"articleSection\":[\"Technologies of Communication and Media\"],\"inLanguage\":\"en-US\",\"potentialAction\":[{\"@type\":\"CommentAction\",\"name\":\"Comment\",\"target\":[\"https:\\\/\\\/oncubanews.com\\\/en\\\/styles-trends\\\/technologies-of-communication-and-media\\\/colombia-the-most-awarded-nation-in-casa-de-las-americas-2014-literary-contest\\\/#respond\"]}],\"copyrightYear\":\"2014\",\"copyrightHolder\":{\"@id\":\"https:\\\/\\\/oncubanews.com\\\/en\\\/#organization\"}},{\"@type\":\"WebPage\",\"@id\":\"https:\\\/\\\/oncubanews.com\\\/en\\\/styles-trends\\\/technologies-of-communication-and-media\\\/colombia-the-most-awarded-nation-in-casa-de-las-americas-2014-literary-contest\\\/\",\"url\":\"https:\\\/\\\/oncubanews.com\\\/en\\\/styles-trends\\\/technologies-of-communication-and-media\\\/colombia-the-most-awarded-nation-in-casa-de-las-americas-2014-literary-contest\\\/\",\"name\":\"Colombia the most awarded nation in Casa de las Am\u00e9ricas 2014 literary contest | OnCubaNews English\",\"isPartOf\":{\"@id\":\"https:\\\/\\\/oncubanews.com\\\/en\\\/#website\"},\"primaryImageOfPage\":{\"@id\":\"https:\\\/\\\/oncubanews.com\\\/en\\\/styles-trends\\\/technologies-of-communication-and-media\\\/colombia-the-most-awarded-nation-in-casa-de-las-americas-2014-literary-contest\\\/#primaryimage\"},\"image\":{\"@id\":\"https:\\\/\\\/oncubanews.com\\\/en\\\/styles-trends\\\/technologies-of-communication-and-media\\\/colombia-the-most-awarded-nation-in-casa-de-las-americas-2014-literary-contest\\\/#primaryimage\"},\"thumbnailUrl\":\"https:\\\/\\\/oncubanews.com\\\/en\\\/wp-content\\\/uploads\\\/2014\\\/01\\\/casa141.jpg\",\"datePublished\":\"2014-01-31T19:01:18+00:00\",\"dateModified\":\"2014-02-01T19:09:00+00:00\",\"author\":{\"@id\":\"https:\\\/\\\/oncubanews.com\\\/en\\\/#\\\/schema\\\/person\\\/4535f9d2f7fea460b318de6542dd014a\"},\"breadcrumb\":{\"@id\":\"https:\\\/\\\/oncubanews.com\\\/en\\\/styles-trends\\\/technologies-of-communication-and-media\\\/colombia-the-most-awarded-nation-in-casa-de-las-americas-2014-literary-contest\\\/#breadcrumb\"},\"inLanguage\":\"en-US\",\"potentialAction\":[{\"@type\":\"ReadAction\",\"target\":[\"https:\\\/\\\/oncubanews.com\\\/en\\\/styles-trends\\\/technologies-of-communication-and-media\\\/colombia-the-most-awarded-nation-in-casa-de-las-americas-2014-literary-contest\\\/\"]}]},{\"@type\":\"ImageObject\",\"inLanguage\":\"en-US\",\"@id\":\"https:\\\/\\\/oncubanews.com\\\/en\\\/styles-trends\\\/technologies-of-communication-and-media\\\/colombia-the-most-awarded-nation-in-casa-de-las-americas-2014-literary-contest\\\/#primaryimage\",\"url\":\"https:\\\/\\\/oncubanews.com\\\/en\\\/wp-content\\\/uploads\\\/2014\\\/01\\\/casa141.jpg\",\"contentUrl\":\"https:\\\/\\\/oncubanews.com\\\/en\\\/wp-content\\\/uploads\\\/2014\\\/01\\\/casa141.jpg\",\"width\":620,\"height\":340},{\"@type\":\"BreadcrumbList\",\"@id\":\"https:\\\/\\\/oncubanews.com\\\/en\\\/styles-trends\\\/technologies-of-communication-and-media\\\/colombia-the-most-awarded-nation-in-casa-de-las-americas-2014-literary-contest\\\/#breadcrumb\",\"itemListElement\":[{\"@type\":\"ListItem\",\"position\":1,\"name\":\"Portada\",\"item\":\"https:\\\/\\\/oncubanews.com\\\/en\\\/\"},{\"@type\":\"ListItem\",\"position\":2,\"name\":\"Colombia the most awarded nation in Casa de las Am\u00e9ricas 2014 literary contest\"}]},{\"@type\":\"WebSite\",\"@id\":\"https:\\\/\\\/oncubanews.com\\\/en\\\/#website\",\"url\":\"https:\\\/\\\/oncubanews.com\\\/en\\\/\",\"name\":\"OnCubaNews English\",\"description\":\"Revista sobre Cuba\",\"potentialAction\":[{\"@type\":\"SearchAction\",\"target\":{\"@type\":\"EntryPoint\",\"urlTemplate\":\"https:\\\/\\\/oncubanews.com\\\/en\\\/?s={search_term_string}\"},\"query-input\":{\"@type\":\"PropertyValueSpecification\",\"valueRequired\":true,\"valueName\":\"search_term_string\"}}],\"inLanguage\":\"en-US\"},{\"@type\":\"Person\",\"@id\":\"https:\\\/\\\/oncubanews.com\\\/en\\\/#\\\/schema\\\/person\\\/4535f9d2f7fea460b318de6542dd014a\",\"name\":\"Redacci\u00f3n OnCuba\",\"image\":{\"@type\":\"ImageObject\",\"inLanguage\":\"en-US\",\"@id\":\"https:\\\/\\\/oncubanews.com\\\/wp-content\\\/uploads\\\/2016\\\/03\\\/Redacci\u00f3n-OnCuba_avatar_1458497335-96x96.jpg6797a64e11ac1191b82e1afa71768a75\",\"url\":\"https:\\\/\\\/oncubanews.com\\\/wp-content\\\/uploads\\\/2016\\\/03\\\/Redacci\u00f3n-OnCuba_avatar_1458497335-96x96.jpg\",\"contentUrl\":\"https:\\\/\\\/oncubanews.com\\\/wp-content\\\/uploads\\\/2016\\\/03\\\/Redacci\u00f3n-OnCuba_avatar_1458497335-96x96.jpg\",\"caption\":\"Redacci\u00f3n OnCuba\"},\"url\":\"https:\\\/\\\/oncubanews.com\\\/en\\\/author\\\/oncuba\\\/\"}]}<\/script>\n<!-- \/ Yoast SEO plugin. -->","yoast_head_json":{"title":"Colombia the most awarded nation in Casa de las Am\u00e9ricas 2014 literary contest | OnCubaNews English","robots":{"index":"index","follow":"follow","max-snippet":"max-snippet:-1","max-image-preview":"max-image-preview:large","max-video-preview":"max-video-preview:-1"},"canonical":"https:\/\/oncubanews.com\/en\/styles-trends\/technologies-of-communication-and-media\/colombia-the-most-awarded-nation-in-casa-de-las-americas-2014-literary-contest\/","og_locale":"en_US","og_type":"article","og_title":"Colombia the most awarded nation in Casa de las Am\u00e9ricas 2014 literary contest | OnCubaNews English","og_description":"After last night&#8217;s award ceremony, Colombia was the most awarded nation in the 55th edition of the Casa de las Am\u00e9ricas 2014 literary contest. After evaluating around 376 works, the competition jury, made up by 22 intellectuals from 12 countries of the region, announced its decision in the genres of short stories, theater, artistic and [&hellip;]","og_url":"https:\/\/oncubanews.com\/en\/styles-trends\/technologies-of-communication-and-media\/colombia-the-most-awarded-nation-in-casa-de-las-americas-2014-literary-contest\/","og_site_name":"OnCubaNews English","article_published_time":"2014-01-31T19:01:18+00:00","article_modified_time":"2014-02-01T19:09:00+00:00","og_image":[{"width":620,"height":340,"url":"https:\/\/oncubanews.com\/en\/wp-content\/uploads\/2014\/01\/casa141.jpg","type":"image\/jpeg"}],"author":"Redacci\u00f3n OnCuba","twitter_card":"summary_large_image","twitter_misc":{"Written by":"Redacci\u00f3n OnCuba","Est. reading time":"2 minutes"},"schema":{"@context":"https:\/\/schema.org","@graph":[{"@type":"Article","@id":"https:\/\/oncubanews.com\/en\/styles-trends\/technologies-of-communication-and-media\/colombia-the-most-awarded-nation-in-casa-de-las-americas-2014-literary-contest\/#article","isPartOf":{"@id":"https:\/\/oncubanews.com\/en\/styles-trends\/technologies-of-communication-and-media\/colombia-the-most-awarded-nation-in-casa-de-las-americas-2014-literary-contest\/"},"author":{"name":"Redacci\u00f3n OnCuba","@id":"https:\/\/oncubanews.com\/en\/#\/schema\/person\/4535f9d2f7fea460b318de6542dd014a"},"headline":"Colombia the most awarded nation in Casa de las Am\u00e9ricas 2014 literary contest","datePublished":"2014-01-31T19:01:18+00:00","dateModified":"2014-02-01T19:09:00+00:00","mainEntityOfPage":{"@id":"https:\/\/oncubanews.com\/en\/styles-trends\/technologies-of-communication-and-media\/colombia-the-most-awarded-nation-in-casa-de-las-americas-2014-literary-contest\/"},"wordCount":476,"commentCount":0,"image":{"@id":"https:\/\/oncubanews.com\/en\/styles-trends\/technologies-of-communication-and-media\/colombia-the-most-awarded-nation-in-casa-de-las-americas-2014-literary-contest\/#primaryimage"},"thumbnailUrl":"https:\/\/oncubanews.com\/en\/wp-content\/uploads\/2014\/01\/casa141.jpg","keywords":["Casa de las Am\u00e9ricas 2014"],"articleSection":["Technologies of Communication and Media"],"inLanguage":"en-US","potentialAction":[{"@type":"CommentAction","name":"Comment","target":["https:\/\/oncubanews.com\/en\/styles-trends\/technologies-of-communication-and-media\/colombia-the-most-awarded-nation-in-casa-de-las-americas-2014-literary-contest\/#respond"]}],"copyrightYear":"2014","copyrightHolder":{"@id":"https:\/\/oncubanews.com\/en\/#organization"}},{"@type":"WebPage","@id":"https:\/\/oncubanews.com\/en\/styles-trends\/technologies-of-communication-and-media\/colombia-the-most-awarded-nation-in-casa-de-las-americas-2014-literary-contest\/","url":"https:\/\/oncubanews.com\/en\/styles-trends\/technologies-of-communication-and-media\/colombia-the-most-awarded-nation-in-casa-de-las-americas-2014-literary-contest\/","name":"Colombia the most awarded nation in Casa de las Am\u00e9ricas 2014 literary contest | OnCubaNews English","isPartOf":{"@id":"https:\/\/oncubanews.com\/en\/#website"},"primaryImageOfPage":{"@id":"https:\/\/oncubanews.com\/en\/styles-trends\/technologies-of-communication-and-media\/colombia-the-most-awarded-nation-in-casa-de-las-americas-2014-literary-contest\/#primaryimage"},"image":{"@id":"https:\/\/oncubanews.com\/en\/styles-trends\/technologies-of-communication-and-media\/colombia-the-most-awarded-nation-in-casa-de-las-americas-2014-literary-contest\/#primaryimage"},"thumbnailUrl":"https:\/\/oncubanews.com\/en\/wp-content\/uploads\/2014\/01\/casa141.jpg","datePublished":"2014-01-31T19:01:18+00:00","dateModified":"2014-02-01T19:09:00+00:00","author":{"@id":"https:\/\/oncubanews.com\/en\/#\/schema\/person\/4535f9d2f7fea460b318de6542dd014a"},"breadcrumb":{"@id":"https:\/\/oncubanews.com\/en\/styles-trends\/technologies-of-communication-and-media\/colombia-the-most-awarded-nation-in-casa-de-las-americas-2014-literary-contest\/#breadcrumb"},"inLanguage":"en-US","potentialAction":[{"@type":"ReadAction","target":["https:\/\/oncubanews.com\/en\/styles-trends\/technologies-of-communication-and-media\/colombia-the-most-awarded-nation-in-casa-de-las-americas-2014-literary-contest\/"]}]},{"@type":"ImageObject","inLanguage":"en-US","@id":"https:\/\/oncubanews.com\/en\/styles-trends\/technologies-of-communication-and-media\/colombia-the-most-awarded-nation-in-casa-de-las-americas-2014-literary-contest\/#primaryimage","url":"https:\/\/oncubanews.com\/en\/wp-content\/uploads\/2014\/01\/casa141.jpg","contentUrl":"https:\/\/oncubanews.com\/en\/wp-content\/uploads\/2014\/01\/casa141.jpg","width":620,"height":340},{"@type":"BreadcrumbList","@id":"https:\/\/oncubanews.com\/en\/styles-trends\/technologies-of-communication-and-media\/colombia-the-most-awarded-nation-in-casa-de-las-americas-2014-literary-contest\/#breadcrumb","itemListElement":[{"@type":"ListItem","position":1,"name":"Portada","item":"https:\/\/oncubanews.com\/en\/"},{"@type":"ListItem","position":2,"name":"Colombia the most awarded nation in Casa de las Am\u00e9ricas 2014 literary contest"}]},{"@type":"WebSite","@id":"https:\/\/oncubanews.com\/en\/#website","url":"https:\/\/oncubanews.com\/en\/","name":"OnCubaNews English","description":"Revista sobre Cuba","potentialAction":[{"@type":"SearchAction","target":{"@type":"EntryPoint","urlTemplate":"https:\/\/oncubanews.com\/en\/?s={search_term_string}"},"query-input":{"@type":"PropertyValueSpecification","valueRequired":true,"valueName":"search_term_string"}}],"inLanguage":"en-US"},{"@type":"Person","@id":"https:\/\/oncubanews.com\/en\/#\/schema\/person\/4535f9d2f7fea460b318de6542dd014a","name":"Redacci\u00f3n OnCuba","image":{"@type":"ImageObject","inLanguage":"en-US","@id":"https:\/\/oncubanews.com\/wp-content\/uploads\/2016\/03\/Redacci\u00f3n-OnCuba_avatar_1458497335-96x96.jpg6797a64e11ac1191b82e1afa71768a75","url":"https:\/\/oncubanews.com\/wp-content\/uploads\/2016\/03\/Redacci\u00f3n-OnCuba_avatar_1458497335-96x96.jpg","contentUrl":"https:\/\/oncubanews.com\/wp-content\/uploads\/2016\/03\/Redacci\u00f3n-OnCuba_avatar_1458497335-96x96.jpg","caption":"Redacci\u00f3n OnCuba"},"url":"https:\/\/oncubanews.com\/en\/author\/oncuba\/"}]}},"authors":[{"term_id":33669,"user_id":2445,"is_guest":0,"slug":"oncuba","display_name":"Redacci\u00f3n OnCuba","avatar_url":"https:\/\/oncubanews.com\/wp-content\/uploads\/2016\/03\/Redacci\u00f3n-OnCuba_avatar_1458497335-96x96.jpg","0":null,"1":"","2":"","3":"","4":"","5":"","6":"","7":"","8":""}],"_links":{"self":[{"href":"https:\/\/oncubanews.com\/en\/wp-json\/wp\/v2\/posts\/22540","targetHints":{"allow":["GET"]}}],"collection":[{"href":"https:\/\/oncubanews.com\/en\/wp-json\/wp\/v2\/posts"}],"about":[{"href":"https:\/\/oncubanews.com\/en\/wp-json\/wp\/v2\/types\/post"}],"author":[{"embeddable":true,"href":"https:\/\/oncubanews.com\/en\/wp-json\/wp\/v2\/users\/2445"}],"replies":[{"embeddable":true,"href":"https:\/\/oncubanews.com\/en\/wp-json\/wp\/v2\/comments?post=22540"}],"version-history":[{"count":0,"href":"https:\/\/oncubanews.com\/en\/wp-json\/wp\/v2\/posts\/22540\/revisions"}],"wp:featuredmedia":[{"embeddable":true,"href":"https:\/\/oncubanews.com\/en\/wp-json\/wp\/v2\/media\/22526"}],"wp:attachment":[{"href":"https:\/\/oncubanews.com\/en\/wp-json\/wp\/v2\/media?parent=22540"}],"wp:term":[{"taxonomy":"category","embeddable":true,"href":"https:\/\/oncubanews.com\/en\/wp-json\/wp\/v2\/categories?post=22540"},{"taxonomy":"post_tag","embeddable":true,"href":"https:\/\/oncubanews.com\/en\/wp-json\/wp\/v2\/tags?post=22540"},{"taxonomy":"author","embeddable":true,"href":"https:\/\/oncubanews.com\/en\/wp-json\/wp\/v2\/ppma_author?post=22540"}],"curies":[{"name":"wp","href":"https:\/\/api.w.org\/{rel}","templated":true}]}}