
{"id":225406,"date":"2020-08-01T11:41:32","date_gmt":"2020-08-01T15:41:32","guid":{"rendered":"https:\/\/oncubanews.com\/en\/?p=225406"},"modified":"2020-08-01T11:42:11","modified_gmt":"2020-08-01T15:42:11","slug":"cuba-closes-july-with-25-new-covid-19-cases-one-is-a-foreigner","status":"publish","type":"post","link":"https:\/\/oncubanews.com\/en\/cuba\/cuba-closes-july-with-25-new-covid-19-cases-one-is-a-foreigner\/","title":{"rendered":"Cuba closes July with 25 new COVID-19 cases, one is a foreigner"},"content":{"rendered":"<p><a href=\"https:\/\/salud.msp.gob.cu\/parte-de-cierre-de-diia-31-de-julio-a-las-12-de-la-noche\/\" target=\"_blank\" rel=\"noopener noreferrer\">The last day of July<\/a> has left Cubans with another warning that COVID-19 will not end until a vaccine is available and that the only way to not catch it is by being cautious: there were 25 were new infections and the number of active cases rose to 177.<\/p>\n<p>\u201cI\u2019m making a call to attention,\u201d said Dr. Francisco Dur\u00e1n, national director of epidemiology, in his daily appearance: \u201cThere\u2019s a slight increase in the curve of hospitalized patients.\u201d<\/p>\n<p>In fact, until midnight this Friday, 459 people remained hospitalized and 3,531 were under primary healthcare surveillance. The good news is that there have been no deaths from the new coronavirus for 20 days.<\/p>\n<blockquote class=\"twitter-tweet\" data-width=\"500\" data-dnt=\"true\">\n<p lang=\"es\" dir=\"ltr\">|Informaci\u00f3n diaria|<br \/>Se confirmaron 23 nuevos casos de <a href=\"https:\/\/twitter.com\/hashtag\/COVID19?src=hash&amp;ref_src=twsrc%5Etfw\">#COVID19<\/a>, para un acumulado de 2 633 en <a href=\"https:\/\/twitter.com\/hashtag\/Cuba?src=hash&amp;ref_src=twsrc%5Etfw\">#Cuba<\/a><\/p>\n<p>177 positivos activos<br \/>176 con evoluci\u00f3n cl\u00ednica estable<br \/>0 pacientes en estado grave<br \/>1 paciente en estado cr\u00edtico<br \/>87 fallecidos <br \/>2 367 altas<br \/>2 evacuados<a href=\"https:\/\/t.co\/1PLRJCwQkC\">https:\/\/t.co\/1PLRJCwQkC<\/a> <a href=\"https:\/\/t.co\/5xdVFLTTVv\">pic.twitter.com\/5xdVFLTTVv<\/a><\/p>\n<p>&mdash; Ministerio de Salud P\u00fablica de Cuba (@MINSAPCuba) <a href=\"https:\/\/twitter.com\/MINSAPCuba\/status\/1289569645985296384?ref_src=twsrc%5Etfw\">August 1, 2020<\/a><\/p><\/blockquote>\n<p><script async src=\"https:\/\/platform.twitter.com\/widgets.js\" charset=\"utf-8\"><\/script><\/p>\n<p>Twenty-four of the patients registered in the last 24 hours are Cuban and, after months without reporting cases, one of the positive SARS-CoV-2 cases on the island is a foreigner; 16 of the total were contacts of confirmed cases, in one individual the source of infection is not specified and seven were infected abroad.<\/p>\n<p>The foreigner is a 43-year-old Frenchman, who resides in the Havana municipality of Playa. This time around the infections were also reported in Plaza de la Revoluci\u00f3n, Arroyo Naranjo, Marianao, Habana del Este and La Lisa. Artemisa had seven new cases in Bauta.<\/p>\n<p>The imported cases were registered in Santa Cruz (Mayabeque), Arroyo Naranjo (Havana), Cabaigu\u00e1n (Santi Sp\u00edritus), Bayamo (Granma), and the provincial capitals of Santiago de Cuba and Guant\u00e1namo. The origin of all cases was from Venezuela and the United States.<\/p>\n<p>By age group, the most affected are concentrated in those over 60 years, with 12 cases; between 20 and 30, there were 6; 40 to 60, 5 and two do not exceed 20 years; 15 were asymptomatic at the time of their diagnosis.<\/p>\n<p>Yesterday 3,502 tests were made, with which the country has processed a total of 267,649 to date; 2,633 of them have been positive.<\/p>\n","protected":false},"excerpt":{"rendered":"<p>The last day of July has left Cubans with another warning that COVID-19 will not end until a vaccine is available and that the only way to not catch it is by being cautious: there were 25 were new infections and the number of active cases rose to 177. \u201cI\u2019m making a call to attention,\u201d [&hellip;]<\/p>\n","protected":false},"author":3134,"featured_media":225407,"comment_status":"open","ping_status":"closed","sticky":false,"template":"","format":"standard","meta":{"_acf_changed":false,"footnotes":""},"categories":[13902],"tags":[29532],"ppma_author":[33546,8689],"class_list":["post-225406","post","type-post","status-publish","format-standard","has-post-thumbnail","hentry","category-cuba","tag-coronavirus-in-cuba"],"acf":[],"yoast_head":"<!-- This site is optimized with the Yoast SEO plugin v27.3 - https:\/\/yoast.com\/product\/yoast-seo-wordpress\/ -->\n<title>Cuba closes July with 25 new COVID-19 cases, one is a foreigner | OnCubaNews English<\/title>\n<meta name=\"description\" content=\"12 patients were discharged yesterday and one person was still reported as critical.\" \/>\n<meta name=\"robots\" content=\"index, follow, max-snippet:-1, max-image-preview:large, max-video-preview:-1\" \/>\n<link rel=\"canonical\" href=\"https:\/\/oncubanews.com\/en\/cuba\/cuba-closes-july-with-25-new-covid-19-cases-one-is-a-foreigner\/\" \/>\n<meta property=\"og:locale\" content=\"en_US\" \/>\n<meta property=\"og:type\" content=\"article\" \/>\n<meta property=\"og:title\" content=\"Cuba closes July with 25 new COVID-19 cases, one is a foreigner | OnCubaNews English\" \/>\n<meta property=\"og:description\" content=\"12 patients were discharged yesterday and one person was still reported as critical.\" \/>\n<meta property=\"og:url\" content=\"https:\/\/oncubanews.com\/en\/cuba\/cuba-closes-july-with-25-new-covid-19-cases-one-is-a-foreigner\/\" \/>\n<meta property=\"og:site_name\" content=\"OnCubaNews English\" \/>\n<meta property=\"article:published_time\" content=\"2020-08-01T15:41:32+00:00\" \/>\n<meta property=\"article:modified_time\" content=\"2020-08-01T15:42:11+00:00\" \/>\n<meta property=\"og:image\" content=\"https:\/\/oncubanews.com\/en\/wp-content\/uploads\/2020\/08\/mujeres-con-paraguas-en-la-habana-750x536-1.jpg\" \/>\n\t<meta property=\"og:image:width\" content=\"750\" \/>\n\t<meta property=\"og:image:height\" content=\"536\" \/>\n\t<meta property=\"og:image:type\" content=\"image\/jpeg\" \/>\n<meta name=\"author\" content=\"OnCuba Staff, OnCuba editorial staff\" \/>\n<meta name=\"twitter:card\" content=\"summary_large_image\" \/>\n<meta name=\"twitter:label1\" content=\"Written by\" \/>\n\t<meta name=\"twitter:data1\" content=\"OnCuba Staff\" \/>\n\t<meta name=\"twitter:label2\" content=\"Est. reading time\" \/>\n\t<meta name=\"twitter:data2\" content=\"2 minutes\" \/>\n<script type=\"application\/ld+json\" class=\"yoast-schema-graph\">{\"@context\":\"https:\\\/\\\/schema.org\",\"@graph\":[{\"@type\":\"Article\",\"@id\":\"https:\\\/\\\/oncubanews.com\\\/en\\\/cuba\\\/cuba-closes-july-with-25-new-covid-19-cases-one-is-a-foreigner\\\/#article\",\"isPartOf\":{\"@id\":\"https:\\\/\\\/oncubanews.com\\\/en\\\/cuba\\\/cuba-closes-july-with-25-new-covid-19-cases-one-is-a-foreigner\\\/\"},\"author\":{\"name\":\"OnCuba Staff\",\"@id\":\"https:\\\/\\\/oncubanews.com\\\/en\\\/#\\\/schema\\\/person\\\/d7171bf311032ab1f557dd8332e714af\"},\"headline\":\"Cuba closes July with 25 new COVID-19 cases, one is a foreigner\",\"datePublished\":\"2020-08-01T15:41:32+00:00\",\"dateModified\":\"2020-08-01T15:42:11+00:00\",\"mainEntityOfPage\":{\"@id\":\"https:\\\/\\\/oncubanews.com\\\/en\\\/cuba\\\/cuba-closes-july-with-25-new-covid-19-cases-one-is-a-foreigner\\\/\"},\"wordCount\":339,\"commentCount\":0,\"image\":{\"@id\":\"https:\\\/\\\/oncubanews.com\\\/en\\\/cuba\\\/cuba-closes-july-with-25-new-covid-19-cases-one-is-a-foreigner\\\/#primaryimage\"},\"thumbnailUrl\":\"https:\\\/\\\/oncubanews.com\\\/en\\\/wp-content\\\/uploads\\\/2020\\\/08\\\/mujeres-con-paraguas-en-la-habana-750x536-1.jpg\",\"keywords\":[\"coronavirus in Cuba\"],\"articleSection\":[\"Cuba\"],\"inLanguage\":\"en-US\",\"potentialAction\":[{\"@type\":\"CommentAction\",\"name\":\"Comment\",\"target\":[\"https:\\\/\\\/oncubanews.com\\\/en\\\/cuba\\\/cuba-closes-july-with-25-new-covid-19-cases-one-is-a-foreigner\\\/#respond\"]}],\"copyrightYear\":\"2020\",\"copyrightHolder\":{\"@id\":\"https:\\\/\\\/oncubanews.com\\\/en\\\/#organization\"}},{\"@type\":\"WebPage\",\"@id\":\"https:\\\/\\\/oncubanews.com\\\/en\\\/cuba\\\/cuba-closes-july-with-25-new-covid-19-cases-one-is-a-foreigner\\\/\",\"url\":\"https:\\\/\\\/oncubanews.com\\\/en\\\/cuba\\\/cuba-closes-july-with-25-new-covid-19-cases-one-is-a-foreigner\\\/\",\"name\":\"Cuba closes July with 25 new COVID-19 cases, one is a foreigner | OnCubaNews English\",\"isPartOf\":{\"@id\":\"https:\\\/\\\/oncubanews.com\\\/en\\\/#website\"},\"primaryImageOfPage\":{\"@id\":\"https:\\\/\\\/oncubanews.com\\\/en\\\/cuba\\\/cuba-closes-july-with-25-new-covid-19-cases-one-is-a-foreigner\\\/#primaryimage\"},\"image\":{\"@id\":\"https:\\\/\\\/oncubanews.com\\\/en\\\/cuba\\\/cuba-closes-july-with-25-new-covid-19-cases-one-is-a-foreigner\\\/#primaryimage\"},\"thumbnailUrl\":\"https:\\\/\\\/oncubanews.com\\\/en\\\/wp-content\\\/uploads\\\/2020\\\/08\\\/mujeres-con-paraguas-en-la-habana-750x536-1.jpg\",\"datePublished\":\"2020-08-01T15:41:32+00:00\",\"dateModified\":\"2020-08-01T15:42:11+00:00\",\"author\":{\"@id\":\"https:\\\/\\\/oncubanews.com\\\/en\\\/#\\\/schema\\\/person\\\/d7171bf311032ab1f557dd8332e714af\"},\"description\":\"12 patients were discharged yesterday and one person was still reported as critical.\",\"breadcrumb\":{\"@id\":\"https:\\\/\\\/oncubanews.com\\\/en\\\/cuba\\\/cuba-closes-july-with-25-new-covid-19-cases-one-is-a-foreigner\\\/#breadcrumb\"},\"inLanguage\":\"en-US\",\"potentialAction\":[{\"@type\":\"ReadAction\",\"target\":[\"https:\\\/\\\/oncubanews.com\\\/en\\\/cuba\\\/cuba-closes-july-with-25-new-covid-19-cases-one-is-a-foreigner\\\/\"]}]},{\"@type\":\"ImageObject\",\"inLanguage\":\"en-US\",\"@id\":\"https:\\\/\\\/oncubanews.com\\\/en\\\/cuba\\\/cuba-closes-july-with-25-new-covid-19-cases-one-is-a-foreigner\\\/#primaryimage\",\"url\":\"https:\\\/\\\/oncubanews.com\\\/en\\\/wp-content\\\/uploads\\\/2020\\\/08\\\/mujeres-con-paraguas-en-la-habana-750x536-1.jpg\",\"contentUrl\":\"https:\\\/\\\/oncubanews.com\\\/en\\\/wp-content\\\/uploads\\\/2020\\\/08\\\/mujeres-con-paraguas-en-la-habana-750x536-1.jpg\",\"width\":750,\"height\":536,\"caption\":\"Yesterday 3,502 tests were made, with which the country has processed a total of 267,649 to date; 2,633 of them have been positive. Photo: Yander Zamora\\\/EFE\"},{\"@type\":\"BreadcrumbList\",\"@id\":\"https:\\\/\\\/oncubanews.com\\\/en\\\/cuba\\\/cuba-closes-july-with-25-new-covid-19-cases-one-is-a-foreigner\\\/#breadcrumb\",\"itemListElement\":[{\"@type\":\"ListItem\",\"position\":1,\"name\":\"Portada\",\"item\":\"https:\\\/\\\/oncubanews.com\\\/en\\\/\"},{\"@type\":\"ListItem\",\"position\":2,\"name\":\"Cuba closes July with 25 new COVID-19 cases, one is a foreigner\"}]},{\"@type\":\"WebSite\",\"@id\":\"https:\\\/\\\/oncubanews.com\\\/en\\\/#website\",\"url\":\"https:\\\/\\\/oncubanews.com\\\/en\\\/\",\"name\":\"OnCubaNews English\",\"description\":\"Revista sobre Cuba\",\"potentialAction\":[{\"@type\":\"SearchAction\",\"target\":{\"@type\":\"EntryPoint\",\"urlTemplate\":\"https:\\\/\\\/oncubanews.com\\\/en\\\/?s={search_term_string}\"},\"query-input\":{\"@type\":\"PropertyValueSpecification\",\"valueRequired\":true,\"valueName\":\"search_term_string\"}}],\"inLanguage\":\"en-US\"},{\"@type\":\"Person\",\"@id\":\"https:\\\/\\\/oncubanews.com\\\/en\\\/#\\\/schema\\\/person\\\/d7171bf311032ab1f557dd8332e714af\",\"name\":\"OnCuba Staff\",\"image\":{\"@type\":\"ImageObject\",\"inLanguage\":\"en-US\",\"@id\":\"https:\\\/\\\/secure.gravatar.com\\\/avatar\\\/4b4c4d6109baadde898bb1af22ea4a4af5f4417b86a5d1800bf17531bfb128fc?s=96&r=g17310096d4dde63ebae0e54fbb19218a\",\"url\":\"https:\\\/\\\/secure.gravatar.com\\\/avatar\\\/4b4c4d6109baadde898bb1af22ea4a4af5f4417b86a5d1800bf17531bfb128fc?s=96&r=g\",\"contentUrl\":\"https:\\\/\\\/secure.gravatar.com\\\/avatar\\\/4b4c4d6109baadde898bb1af22ea4a4af5f4417b86a5d1800bf17531bfb128fc?s=96&r=g\",\"caption\":\"OnCuba Staff\"},\"url\":\"https:\\\/\\\/oncubanews.com\\\/en\\\/author\\\/oncuba-editorial-staff\\\/\"}]}<\/script>\n<!-- \/ Yoast SEO plugin. -->","yoast_head_json":{"title":"Cuba closes July with 25 new COVID-19 cases, one is a foreigner | OnCubaNews English","description":"12 patients were discharged yesterday and one person was still reported as critical.","robots":{"index":"index","follow":"follow","max-snippet":"max-snippet:-1","max-image-preview":"max-image-preview:large","max-video-preview":"max-video-preview:-1"},"canonical":"https:\/\/oncubanews.com\/en\/cuba\/cuba-closes-july-with-25-new-covid-19-cases-one-is-a-foreigner\/","og_locale":"en_US","og_type":"article","og_title":"Cuba closes July with 25 new COVID-19 cases, one is a foreigner | OnCubaNews English","og_description":"12 patients were discharged yesterday and one person was still reported as critical.","og_url":"https:\/\/oncubanews.com\/en\/cuba\/cuba-closes-july-with-25-new-covid-19-cases-one-is-a-foreigner\/","og_site_name":"OnCubaNews English","article_published_time":"2020-08-01T15:41:32+00:00","article_modified_time":"2020-08-01T15:42:11+00:00","og_image":[{"width":750,"height":536,"url":"https:\/\/oncubanews.com\/en\/wp-content\/uploads\/2020\/08\/mujeres-con-paraguas-en-la-habana-750x536-1.jpg","type":"image\/jpeg"}],"author":"OnCuba Staff, OnCuba editorial staff","twitter_card":"summary_large_image","twitter_misc":{"Written by":"OnCuba Staff","Est. reading time":"2 minutes"},"schema":{"@context":"https:\/\/schema.org","@graph":[{"@type":"Article","@id":"https:\/\/oncubanews.com\/en\/cuba\/cuba-closes-july-with-25-new-covid-19-cases-one-is-a-foreigner\/#article","isPartOf":{"@id":"https:\/\/oncubanews.com\/en\/cuba\/cuba-closes-july-with-25-new-covid-19-cases-one-is-a-foreigner\/"},"author":{"name":"OnCuba Staff","@id":"https:\/\/oncubanews.com\/en\/#\/schema\/person\/d7171bf311032ab1f557dd8332e714af"},"headline":"Cuba closes July with 25 new COVID-19 cases, one is a foreigner","datePublished":"2020-08-01T15:41:32+00:00","dateModified":"2020-08-01T15:42:11+00:00","mainEntityOfPage":{"@id":"https:\/\/oncubanews.com\/en\/cuba\/cuba-closes-july-with-25-new-covid-19-cases-one-is-a-foreigner\/"},"wordCount":339,"commentCount":0,"image":{"@id":"https:\/\/oncubanews.com\/en\/cuba\/cuba-closes-july-with-25-new-covid-19-cases-one-is-a-foreigner\/#primaryimage"},"thumbnailUrl":"https:\/\/oncubanews.com\/en\/wp-content\/uploads\/2020\/08\/mujeres-con-paraguas-en-la-habana-750x536-1.jpg","keywords":["coronavirus in Cuba"],"articleSection":["Cuba"],"inLanguage":"en-US","potentialAction":[{"@type":"CommentAction","name":"Comment","target":["https:\/\/oncubanews.com\/en\/cuba\/cuba-closes-july-with-25-new-covid-19-cases-one-is-a-foreigner\/#respond"]}],"copyrightYear":"2020","copyrightHolder":{"@id":"https:\/\/oncubanews.com\/en\/#organization"}},{"@type":"WebPage","@id":"https:\/\/oncubanews.com\/en\/cuba\/cuba-closes-july-with-25-new-covid-19-cases-one-is-a-foreigner\/","url":"https:\/\/oncubanews.com\/en\/cuba\/cuba-closes-july-with-25-new-covid-19-cases-one-is-a-foreigner\/","name":"Cuba closes July with 25 new COVID-19 cases, one is a foreigner | OnCubaNews English","isPartOf":{"@id":"https:\/\/oncubanews.com\/en\/#website"},"primaryImageOfPage":{"@id":"https:\/\/oncubanews.com\/en\/cuba\/cuba-closes-july-with-25-new-covid-19-cases-one-is-a-foreigner\/#primaryimage"},"image":{"@id":"https:\/\/oncubanews.com\/en\/cuba\/cuba-closes-july-with-25-new-covid-19-cases-one-is-a-foreigner\/#primaryimage"},"thumbnailUrl":"https:\/\/oncubanews.com\/en\/wp-content\/uploads\/2020\/08\/mujeres-con-paraguas-en-la-habana-750x536-1.jpg","datePublished":"2020-08-01T15:41:32+00:00","dateModified":"2020-08-01T15:42:11+00:00","author":{"@id":"https:\/\/oncubanews.com\/en\/#\/schema\/person\/d7171bf311032ab1f557dd8332e714af"},"description":"12 patients were discharged yesterday and one person was still reported as critical.","breadcrumb":{"@id":"https:\/\/oncubanews.com\/en\/cuba\/cuba-closes-july-with-25-new-covid-19-cases-one-is-a-foreigner\/#breadcrumb"},"inLanguage":"en-US","potentialAction":[{"@type":"ReadAction","target":["https:\/\/oncubanews.com\/en\/cuba\/cuba-closes-july-with-25-new-covid-19-cases-one-is-a-foreigner\/"]}]},{"@type":"ImageObject","inLanguage":"en-US","@id":"https:\/\/oncubanews.com\/en\/cuba\/cuba-closes-july-with-25-new-covid-19-cases-one-is-a-foreigner\/#primaryimage","url":"https:\/\/oncubanews.com\/en\/wp-content\/uploads\/2020\/08\/mujeres-con-paraguas-en-la-habana-750x536-1.jpg","contentUrl":"https:\/\/oncubanews.com\/en\/wp-content\/uploads\/2020\/08\/mujeres-con-paraguas-en-la-habana-750x536-1.jpg","width":750,"height":536,"caption":"Yesterday 3,502 tests were made, with which the country has processed a total of 267,649 to date; 2,633 of them have been positive. Photo: Yander Zamora\/EFE"},{"@type":"BreadcrumbList","@id":"https:\/\/oncubanews.com\/en\/cuba\/cuba-closes-july-with-25-new-covid-19-cases-one-is-a-foreigner\/#breadcrumb","itemListElement":[{"@type":"ListItem","position":1,"name":"Portada","item":"https:\/\/oncubanews.com\/en\/"},{"@type":"ListItem","position":2,"name":"Cuba closes July with 25 new COVID-19 cases, one is a foreigner"}]},{"@type":"WebSite","@id":"https:\/\/oncubanews.com\/en\/#website","url":"https:\/\/oncubanews.com\/en\/","name":"OnCubaNews English","description":"Revista sobre Cuba","potentialAction":[{"@type":"SearchAction","target":{"@type":"EntryPoint","urlTemplate":"https:\/\/oncubanews.com\/en\/?s={search_term_string}"},"query-input":{"@type":"PropertyValueSpecification","valueRequired":true,"valueName":"search_term_string"}}],"inLanguage":"en-US"},{"@type":"Person","@id":"https:\/\/oncubanews.com\/en\/#\/schema\/person\/d7171bf311032ab1f557dd8332e714af","name":"OnCuba Staff","image":{"@type":"ImageObject","inLanguage":"en-US","@id":"https:\/\/secure.gravatar.com\/avatar\/4b4c4d6109baadde898bb1af22ea4a4af5f4417b86a5d1800bf17531bfb128fc?s=96&r=g17310096d4dde63ebae0e54fbb19218a","url":"https:\/\/secure.gravatar.com\/avatar\/4b4c4d6109baadde898bb1af22ea4a4af5f4417b86a5d1800bf17531bfb128fc?s=96&r=g","contentUrl":"https:\/\/secure.gravatar.com\/avatar\/4b4c4d6109baadde898bb1af22ea4a4af5f4417b86a5d1800bf17531bfb128fc?s=96&r=g","caption":"OnCuba Staff"},"url":"https:\/\/oncubanews.com\/en\/author\/oncuba-editorial-staff\/"}]}},"authors":[{"term_id":33546,"user_id":3134,"is_guest":0,"slug":"oncuba-editorial-staff","display_name":"OnCuba Staff","avatar_url":"https:\/\/secure.gravatar.com\/avatar\/4b4c4d6109baadde898bb1af22ea4a4af5f4417b86a5d1800bf17531bfb128fc?s=96&r=g","0":null,"1":"","2":"","3":"","4":"","5":"","6":"","7":"","8":""},{"term_id":8689,"user_id":3134,"is_guest":0,"slug":"oncuba-editorial-staff","display_name":"OnCuba editorial staff","avatar_url":{"url":"https:\/\/oncubanews.com\/en\/wp-content\/uploads\/2018\/10\/avatar-ocnews-1.png","url2x":"https:\/\/oncubanews.com\/en\/wp-content\/uploads\/2018\/10\/avatar-ocnews-1.png"},"0":null,"1":"","2":"","3":"","4":"","5":"","6":"","7":"","8":""}],"_links":{"self":[{"href":"https:\/\/oncubanews.com\/en\/wp-json\/wp\/v2\/posts\/225406","targetHints":{"allow":["GET"]}}],"collection":[{"href":"https:\/\/oncubanews.com\/en\/wp-json\/wp\/v2\/posts"}],"about":[{"href":"https:\/\/oncubanews.com\/en\/wp-json\/wp\/v2\/types\/post"}],"author":[{"embeddable":true,"href":"https:\/\/oncubanews.com\/en\/wp-json\/wp\/v2\/users\/3134"}],"replies":[{"embeddable":true,"href":"https:\/\/oncubanews.com\/en\/wp-json\/wp\/v2\/comments?post=225406"}],"version-history":[{"count":0,"href":"https:\/\/oncubanews.com\/en\/wp-json\/wp\/v2\/posts\/225406\/revisions"}],"wp:featuredmedia":[{"embeddable":true,"href":"https:\/\/oncubanews.com\/en\/wp-json\/wp\/v2\/media\/225407"}],"wp:attachment":[{"href":"https:\/\/oncubanews.com\/en\/wp-json\/wp\/v2\/media?parent=225406"}],"wp:term":[{"taxonomy":"category","embeddable":true,"href":"https:\/\/oncubanews.com\/en\/wp-json\/wp\/v2\/categories?post=225406"},{"taxonomy":"post_tag","embeddable":true,"href":"https:\/\/oncubanews.com\/en\/wp-json\/wp\/v2\/tags?post=225406"},{"taxonomy":"author","embeddable":true,"href":"https:\/\/oncubanews.com\/en\/wp-json\/wp\/v2\/ppma_author?post=225406"}],"curies":[{"name":"wp","href":"https:\/\/api.w.org\/{rel}","templated":true}]}}