
{"id":227146,"date":"2020-09-06T12:07:52","date_gmt":"2020-09-06T16:07:52","guid":{"rendered":"https:\/\/oncubanews.com\/en\/?p=227146"},"modified":"2020-09-06T12:07:52","modified_gmt":"2020-09-06T16:07:52","slug":"cuba-reports-lowest-number-of-daily-confirmed-cases-since-july-30","status":"publish","type":"post","link":"https:\/\/oncubanews.com\/en\/cuba\/science-cuba\/health-in-cuba\/cuba-reports-lowest-number-of-daily-confirmed-cases-since-july-30\/","title":{"rendered":"Cuba reports lowest number of daily confirmed cases since July 30"},"content":{"rendered":"<p><span style=\"font-weight: 400;\">The Ministry of Public Health of Cuba (MINSAP) this Sunday reported 11 contagions from the new coronavirus\u2015the lowest number of confirmed daily cases on the island since July 30\u2015, thus the number of confirmed cases on the island amounted to 4,309, while one death was reported (101 to date) and 20 medical discharges at the end of Saturday, September 5.<\/span><\/p>\n<p><span style=\"font-weight: 400;\">Dr. Francisco Dur\u00e1n, director of epidemiology of the MINSAP, specified in a press conference that there are three people in critical condition and the number of seriously ill decreased to 13, after five patients improved. The remaining 600 active cases have a stable clinical evolution.<\/span><\/p>\n<p><span style=\"font-weight: 400;\">The MINSAP report specifies that a total of 1,573 patients have been hospitalized and there are 936 suspects, while another 24 people are under surveillance.<\/span><\/p>\n<blockquote class=\"twitter-tweet\" data-width=\"500\" data-dnt=\"true\">\n<p lang=\"es\" dir=\"ltr\">Se confirmaron 11 nuevos casos de <a href=\"https:\/\/twitter.com\/hashtag\/COVID19?src=hash&amp;ref_src=twsrc%5Etfw\">#COVID19<\/a>, para un acumulado de 4 309 en <a href=\"https:\/\/twitter.com\/hashtag\/Cuba?src=hash&amp;ref_src=twsrc%5Etfw\">#Cuba<\/a><\/p>\n<p>616 positivos activos<br \/>600 con evoluci\u00f3n cl\u00ednica estable<br \/>3 pacientes en estado cr\u00edtico<br \/>13 pacientes en estado grave<br \/>101 fallecidos <br \/>3 590 altas m\u00e9dicas<br \/>2 evacuados<a href=\"https:\/\/t.co\/YFTc2tIHSo\">https:\/\/t.co\/YFTc2tIHSo<\/a> <a href=\"https:\/\/t.co\/78haMHXyUH\">pic.twitter.com\/78haMHXyUH<\/a><\/p>\n<p>&mdash; Ministerio de Salud P\u00fablica de Cuba (@MINSAPCuba) <a href=\"https:\/\/twitter.com\/MINSAPCuba\/status\/1302598975476969472?ref_src=twsrc%5Etfw\">September 6, 2020<\/a><\/p><\/blockquote>\n<p><script async src=\"https:\/\/platform.twitter.com\/widgets.js\" charset=\"utf-8\"><\/script><\/p>\n<p><span style=\"font-weight: 400;\">Of the new positive cases, eight are contacts of already confirmed cases (there have been 3,840 since the pandemic began in Cuba, 89.1%), the source of infection of two is being investigated, and one comes from abroad.<\/span><\/p>\n<p><span style=\"font-weight: 400;\">On the other hand, seven of Saturday\u2019s cases were asymptomatic. According to the daily reports of the MINSAP, 58.6% of all those infected on the island have not presented symptoms, an indicator that increases to 61.4%, taking only the positive cases of the last 15 days as a reference. The authorities started providing this information on April 9.<\/span><\/p>\n<p><span style=\"font-weight: 400;\">By age group, the most affected is the one from 20-39 years old, with five cases, followed by those under 20 years of age, with four (so far, 458 positive cases have been detected in pediatric patients, of which 84.7% has recovered). Meanwhile, one case over 60 years and another in the 40-60 age group was reported.<\/span><\/p>\n<p><span style=\"font-weight: 400;\">Divided by provinces, Havana added a total of five cases this Saturday; Ciego de \u00c1vila, four; Artemisa and Camag\u00fcey, one each, although that of Camag\u00fcey is imported.<\/span><\/p>\n<p><span style=\"font-weight: 400;\">As an encouraging data, 20 medical discharges were given this Saturday, for a total of 3,590, although the death of a 56-year-old person was reported, hospitalized since August 22 due to contact with a confirmed case. The patient remained in intensive care for six days, but presented complications and hemodynamic instability that led to his death, despite the efforts of the health personnel.<\/span><\/p>\n<p><span style=\"font-weight: 400;\">According to official sources, 432,040 diagnostic tests (PCR) have already been carried out on the island. In recent days the number of tests has increased, and this Saturday 5,760 samples were processed, slightly lower than the previous day\u2019s record of 6,007. The authorities\u2019 plan is to surpass the 7,000 tests in the future days.<\/span><\/p>\n<p><span style=\"font-weight: 400;\">Despite the fact that the numbers of contagions have had a slight downward trend in recent days, Dr. Francisco Dur\u00e1n insisted that there are still risks of transmission, which is why security measures must be maximized.<\/span><\/p>\n","protected":false},"excerpt":{"rendered":"<p>The Ministry of Public Health reported 11 new cases of coronavirus this Sunday, thus the total number of contagions amounts to 4,309. The authorities also confirmed the death of one person and 20 discharges.<\/p>\n","protected":false},"author":3134,"featured_media":227147,"comment_status":"open","ping_status":"closed","sticky":false,"template":"","format":"standard","meta":{"_acf_changed":false,"footnotes":""},"categories":[13918],"tags":[29532],"ppma_author":[33546,8689],"class_list":["post-227146","post","type-post","status-publish","format-standard","has-post-thumbnail","hentry","category-health-in-cuba","tag-coronavirus-in-cuba"],"acf":[],"yoast_head":"<!-- This site is optimized with the Yoast SEO plugin v27.3 - https:\/\/yoast.com\/product\/yoast-seo-wordpress\/ -->\n<title>Cuba reports lowest number of daily confirmed cases since July 30 | OnCubaNews English<\/title>\n<meta name=\"robots\" content=\"index, follow, max-snippet:-1, max-image-preview:large, max-video-preview:-1\" \/>\n<link rel=\"canonical\" href=\"https:\/\/oncubanews.com\/en\/cuba\/science-cuba\/health-in-cuba\/cuba-reports-lowest-number-of-daily-confirmed-cases-since-july-30\/\" \/>\n<meta property=\"og:locale\" content=\"en_US\" \/>\n<meta property=\"og:type\" content=\"article\" \/>\n<meta property=\"og:title\" content=\"Cuba reports lowest number of daily confirmed cases since July 30 | OnCubaNews English\" \/>\n<meta property=\"og:description\" content=\"The Ministry of Public Health reported 11 new cases of coronavirus this Sunday, thus the total number of contagions amounts to 4,309. The authorities also confirmed the death of one person and 20 discharges.\" \/>\n<meta property=\"og:url\" content=\"https:\/\/oncubanews.com\/en\/cuba\/science-cuba\/health-in-cuba\/cuba-reports-lowest-number-of-daily-confirmed-cases-since-july-30\/\" \/>\n<meta property=\"og:site_name\" content=\"OnCubaNews English\" \/>\n<meta property=\"article:published_time\" content=\"2020-09-06T16:07:52+00:00\" \/>\n<meta property=\"og:image\" content=\"https:\/\/oncubanews.com\/en\/wp-content\/uploads\/2020\/09\/Tiempos-de-coronavirus_otm20200526_0149-1-750x536-1.jpg\" \/>\n\t<meta property=\"og:image:width\" content=\"750\" \/>\n\t<meta property=\"og:image:height\" content=\"536\" \/>\n\t<meta property=\"og:image:type\" content=\"image\/jpeg\" \/>\n<meta name=\"author\" content=\"OnCuba Staff, OnCuba editorial staff\" \/>\n<meta name=\"twitter:card\" content=\"summary_large_image\" \/>\n<meta name=\"twitter:label1\" content=\"Written by\" \/>\n\t<meta name=\"twitter:data1\" content=\"OnCuba Staff\" \/>\n\t<meta name=\"twitter:label2\" content=\"Est. reading time\" \/>\n\t<meta name=\"twitter:data2\" content=\"2 minutes\" \/>\n<script type=\"application\/ld+json\" class=\"yoast-schema-graph\">{\"@context\":\"https:\\\/\\\/schema.org\",\"@graph\":[{\"@type\":\"Article\",\"@id\":\"https:\\\/\\\/oncubanews.com\\\/en\\\/cuba\\\/science-cuba\\\/health-in-cuba\\\/cuba-reports-lowest-number-of-daily-confirmed-cases-since-july-30\\\/#article\",\"isPartOf\":{\"@id\":\"https:\\\/\\\/oncubanews.com\\\/en\\\/cuba\\\/science-cuba\\\/health-in-cuba\\\/cuba-reports-lowest-number-of-daily-confirmed-cases-since-july-30\\\/\"},\"author\":{\"name\":\"OnCuba Staff\",\"@id\":\"https:\\\/\\\/oncubanews.com\\\/en\\\/#\\\/schema\\\/person\\\/d7171bf311032ab1f557dd8332e714af\"},\"headline\":\"Cuba reports lowest number of daily confirmed cases since July 30\",\"datePublished\":\"2020-09-06T16:07:52+00:00\",\"mainEntityOfPage\":{\"@id\":\"https:\\\/\\\/oncubanews.com\\\/en\\\/cuba\\\/science-cuba\\\/health-in-cuba\\\/cuba-reports-lowest-number-of-daily-confirmed-cases-since-july-30\\\/\"},\"wordCount\":478,\"commentCount\":0,\"image\":{\"@id\":\"https:\\\/\\\/oncubanews.com\\\/en\\\/cuba\\\/science-cuba\\\/health-in-cuba\\\/cuba-reports-lowest-number-of-daily-confirmed-cases-since-july-30\\\/#primaryimage\"},\"thumbnailUrl\":\"https:\\\/\\\/oncubanews.com\\\/en\\\/wp-content\\\/uploads\\\/2020\\\/09\\\/Tiempos-de-coronavirus_otm20200526_0149-1-750x536-1.jpg\",\"keywords\":[\"coronavirus in Cuba\"],\"articleSection\":[\"Health in Cuba\"],\"inLanguage\":\"en-US\",\"potentialAction\":[{\"@type\":\"CommentAction\",\"name\":\"Comment\",\"target\":[\"https:\\\/\\\/oncubanews.com\\\/en\\\/cuba\\\/science-cuba\\\/health-in-cuba\\\/cuba-reports-lowest-number-of-daily-confirmed-cases-since-july-30\\\/#respond\"]}],\"copyrightYear\":\"2020\",\"copyrightHolder\":{\"@id\":\"https:\\\/\\\/oncubanews.com\\\/en\\\/#organization\"}},{\"@type\":\"WebPage\",\"@id\":\"https:\\\/\\\/oncubanews.com\\\/en\\\/cuba\\\/science-cuba\\\/health-in-cuba\\\/cuba-reports-lowest-number-of-daily-confirmed-cases-since-july-30\\\/\",\"url\":\"https:\\\/\\\/oncubanews.com\\\/en\\\/cuba\\\/science-cuba\\\/health-in-cuba\\\/cuba-reports-lowest-number-of-daily-confirmed-cases-since-july-30\\\/\",\"name\":\"Cuba reports lowest number of daily confirmed cases since July 30 | OnCubaNews English\",\"isPartOf\":{\"@id\":\"https:\\\/\\\/oncubanews.com\\\/en\\\/#website\"},\"primaryImageOfPage\":{\"@id\":\"https:\\\/\\\/oncubanews.com\\\/en\\\/cuba\\\/science-cuba\\\/health-in-cuba\\\/cuba-reports-lowest-number-of-daily-confirmed-cases-since-july-30\\\/#primaryimage\"},\"image\":{\"@id\":\"https:\\\/\\\/oncubanews.com\\\/en\\\/cuba\\\/science-cuba\\\/health-in-cuba\\\/cuba-reports-lowest-number-of-daily-confirmed-cases-since-july-30\\\/#primaryimage\"},\"thumbnailUrl\":\"https:\\\/\\\/oncubanews.com\\\/en\\\/wp-content\\\/uploads\\\/2020\\\/09\\\/Tiempos-de-coronavirus_otm20200526_0149-1-750x536-1.jpg\",\"datePublished\":\"2020-09-06T16:07:52+00:00\",\"author\":{\"@id\":\"https:\\\/\\\/oncubanews.com\\\/en\\\/#\\\/schema\\\/person\\\/d7171bf311032ab1f557dd8332e714af\"},\"breadcrumb\":{\"@id\":\"https:\\\/\\\/oncubanews.com\\\/en\\\/cuba\\\/science-cuba\\\/health-in-cuba\\\/cuba-reports-lowest-number-of-daily-confirmed-cases-since-july-30\\\/#breadcrumb\"},\"inLanguage\":\"en-US\",\"potentialAction\":[{\"@type\":\"ReadAction\",\"target\":[\"https:\\\/\\\/oncubanews.com\\\/en\\\/cuba\\\/science-cuba\\\/health-in-cuba\\\/cuba-reports-lowest-number-of-daily-confirmed-cases-since-july-30\\\/\"]}]},{\"@type\":\"ImageObject\",\"inLanguage\":\"en-US\",\"@id\":\"https:\\\/\\\/oncubanews.com\\\/en\\\/cuba\\\/science-cuba\\\/health-in-cuba\\\/cuba-reports-lowest-number-of-daily-confirmed-cases-since-july-30\\\/#primaryimage\",\"url\":\"https:\\\/\\\/oncubanews.com\\\/en\\\/wp-content\\\/uploads\\\/2020\\\/09\\\/Tiempos-de-coronavirus_otm20200526_0149-1-750x536-1.jpg\",\"contentUrl\":\"https:\\\/\\\/oncubanews.com\\\/en\\\/wp-content\\\/uploads\\\/2020\\\/09\\\/Tiempos-de-coronavirus_otm20200526_0149-1-750x536-1.jpg\",\"width\":750,\"height\":536,\"caption\":\"The Cuban capital remains with restrictions to try to stop the increase and spread of coronavirus cases. Photo: Otmaro Rodr\u00edguez\"},{\"@type\":\"BreadcrumbList\",\"@id\":\"https:\\\/\\\/oncubanews.com\\\/en\\\/cuba\\\/science-cuba\\\/health-in-cuba\\\/cuba-reports-lowest-number-of-daily-confirmed-cases-since-july-30\\\/#breadcrumb\",\"itemListElement\":[{\"@type\":\"ListItem\",\"position\":1,\"name\":\"Portada\",\"item\":\"https:\\\/\\\/oncubanews.com\\\/en\\\/\"},{\"@type\":\"ListItem\",\"position\":2,\"name\":\"Cuba reports lowest number of daily confirmed cases since July 30\"}]},{\"@type\":\"WebSite\",\"@id\":\"https:\\\/\\\/oncubanews.com\\\/en\\\/#website\",\"url\":\"https:\\\/\\\/oncubanews.com\\\/en\\\/\",\"name\":\"OnCubaNews English\",\"description\":\"Revista sobre Cuba\",\"potentialAction\":[{\"@type\":\"SearchAction\",\"target\":{\"@type\":\"EntryPoint\",\"urlTemplate\":\"https:\\\/\\\/oncubanews.com\\\/en\\\/?s={search_term_string}\"},\"query-input\":{\"@type\":\"PropertyValueSpecification\",\"valueRequired\":true,\"valueName\":\"search_term_string\"}}],\"inLanguage\":\"en-US\"},{\"@type\":\"Person\",\"@id\":\"https:\\\/\\\/oncubanews.com\\\/en\\\/#\\\/schema\\\/person\\\/d7171bf311032ab1f557dd8332e714af\",\"name\":\"OnCuba Staff\",\"image\":{\"@type\":\"ImageObject\",\"inLanguage\":\"en-US\",\"@id\":\"https:\\\/\\\/secure.gravatar.com\\\/avatar\\\/4b4c4d6109baadde898bb1af22ea4a4af5f4417b86a5d1800bf17531bfb128fc?s=96&r=g17310096d4dde63ebae0e54fbb19218a\",\"url\":\"https:\\\/\\\/secure.gravatar.com\\\/avatar\\\/4b4c4d6109baadde898bb1af22ea4a4af5f4417b86a5d1800bf17531bfb128fc?s=96&r=g\",\"contentUrl\":\"https:\\\/\\\/secure.gravatar.com\\\/avatar\\\/4b4c4d6109baadde898bb1af22ea4a4af5f4417b86a5d1800bf17531bfb128fc?s=96&r=g\",\"caption\":\"OnCuba Staff\"},\"url\":\"https:\\\/\\\/oncubanews.com\\\/en\\\/author\\\/oncuba-editorial-staff\\\/\"}]}<\/script>\n<!-- \/ Yoast SEO plugin. -->","yoast_head_json":{"title":"Cuba reports lowest number of daily confirmed cases since July 30 | OnCubaNews English","robots":{"index":"index","follow":"follow","max-snippet":"max-snippet:-1","max-image-preview":"max-image-preview:large","max-video-preview":"max-video-preview:-1"},"canonical":"https:\/\/oncubanews.com\/en\/cuba\/science-cuba\/health-in-cuba\/cuba-reports-lowest-number-of-daily-confirmed-cases-since-july-30\/","og_locale":"en_US","og_type":"article","og_title":"Cuba reports lowest number of daily confirmed cases since July 30 | OnCubaNews English","og_description":"The Ministry of Public Health reported 11 new cases of coronavirus this Sunday, thus the total number of contagions amounts to 4,309. The authorities also confirmed the death of one person and 20 discharges.","og_url":"https:\/\/oncubanews.com\/en\/cuba\/science-cuba\/health-in-cuba\/cuba-reports-lowest-number-of-daily-confirmed-cases-since-july-30\/","og_site_name":"OnCubaNews English","article_published_time":"2020-09-06T16:07:52+00:00","og_image":[{"width":750,"height":536,"url":"https:\/\/oncubanews.com\/en\/wp-content\/uploads\/2020\/09\/Tiempos-de-coronavirus_otm20200526_0149-1-750x536-1.jpg","type":"image\/jpeg"}],"author":"OnCuba Staff, OnCuba editorial staff","twitter_card":"summary_large_image","twitter_misc":{"Written by":"OnCuba Staff","Est. reading time":"2 minutes"},"schema":{"@context":"https:\/\/schema.org","@graph":[{"@type":"Article","@id":"https:\/\/oncubanews.com\/en\/cuba\/science-cuba\/health-in-cuba\/cuba-reports-lowest-number-of-daily-confirmed-cases-since-july-30\/#article","isPartOf":{"@id":"https:\/\/oncubanews.com\/en\/cuba\/science-cuba\/health-in-cuba\/cuba-reports-lowest-number-of-daily-confirmed-cases-since-july-30\/"},"author":{"name":"OnCuba Staff","@id":"https:\/\/oncubanews.com\/en\/#\/schema\/person\/d7171bf311032ab1f557dd8332e714af"},"headline":"Cuba reports lowest number of daily confirmed cases since July 30","datePublished":"2020-09-06T16:07:52+00:00","mainEntityOfPage":{"@id":"https:\/\/oncubanews.com\/en\/cuba\/science-cuba\/health-in-cuba\/cuba-reports-lowest-number-of-daily-confirmed-cases-since-july-30\/"},"wordCount":478,"commentCount":0,"image":{"@id":"https:\/\/oncubanews.com\/en\/cuba\/science-cuba\/health-in-cuba\/cuba-reports-lowest-number-of-daily-confirmed-cases-since-july-30\/#primaryimage"},"thumbnailUrl":"https:\/\/oncubanews.com\/en\/wp-content\/uploads\/2020\/09\/Tiempos-de-coronavirus_otm20200526_0149-1-750x536-1.jpg","keywords":["coronavirus in Cuba"],"articleSection":["Health in Cuba"],"inLanguage":"en-US","potentialAction":[{"@type":"CommentAction","name":"Comment","target":["https:\/\/oncubanews.com\/en\/cuba\/science-cuba\/health-in-cuba\/cuba-reports-lowest-number-of-daily-confirmed-cases-since-july-30\/#respond"]}],"copyrightYear":"2020","copyrightHolder":{"@id":"https:\/\/oncubanews.com\/en\/#organization"}},{"@type":"WebPage","@id":"https:\/\/oncubanews.com\/en\/cuba\/science-cuba\/health-in-cuba\/cuba-reports-lowest-number-of-daily-confirmed-cases-since-july-30\/","url":"https:\/\/oncubanews.com\/en\/cuba\/science-cuba\/health-in-cuba\/cuba-reports-lowest-number-of-daily-confirmed-cases-since-july-30\/","name":"Cuba reports lowest number of daily confirmed cases since July 30 | OnCubaNews English","isPartOf":{"@id":"https:\/\/oncubanews.com\/en\/#website"},"primaryImageOfPage":{"@id":"https:\/\/oncubanews.com\/en\/cuba\/science-cuba\/health-in-cuba\/cuba-reports-lowest-number-of-daily-confirmed-cases-since-july-30\/#primaryimage"},"image":{"@id":"https:\/\/oncubanews.com\/en\/cuba\/science-cuba\/health-in-cuba\/cuba-reports-lowest-number-of-daily-confirmed-cases-since-july-30\/#primaryimage"},"thumbnailUrl":"https:\/\/oncubanews.com\/en\/wp-content\/uploads\/2020\/09\/Tiempos-de-coronavirus_otm20200526_0149-1-750x536-1.jpg","datePublished":"2020-09-06T16:07:52+00:00","author":{"@id":"https:\/\/oncubanews.com\/en\/#\/schema\/person\/d7171bf311032ab1f557dd8332e714af"},"breadcrumb":{"@id":"https:\/\/oncubanews.com\/en\/cuba\/science-cuba\/health-in-cuba\/cuba-reports-lowest-number-of-daily-confirmed-cases-since-july-30\/#breadcrumb"},"inLanguage":"en-US","potentialAction":[{"@type":"ReadAction","target":["https:\/\/oncubanews.com\/en\/cuba\/science-cuba\/health-in-cuba\/cuba-reports-lowest-number-of-daily-confirmed-cases-since-july-30\/"]}]},{"@type":"ImageObject","inLanguage":"en-US","@id":"https:\/\/oncubanews.com\/en\/cuba\/science-cuba\/health-in-cuba\/cuba-reports-lowest-number-of-daily-confirmed-cases-since-july-30\/#primaryimage","url":"https:\/\/oncubanews.com\/en\/wp-content\/uploads\/2020\/09\/Tiempos-de-coronavirus_otm20200526_0149-1-750x536-1.jpg","contentUrl":"https:\/\/oncubanews.com\/en\/wp-content\/uploads\/2020\/09\/Tiempos-de-coronavirus_otm20200526_0149-1-750x536-1.jpg","width":750,"height":536,"caption":"The Cuban capital remains with restrictions to try to stop the increase and spread of coronavirus cases. Photo: Otmaro Rodr\u00edguez"},{"@type":"BreadcrumbList","@id":"https:\/\/oncubanews.com\/en\/cuba\/science-cuba\/health-in-cuba\/cuba-reports-lowest-number-of-daily-confirmed-cases-since-july-30\/#breadcrumb","itemListElement":[{"@type":"ListItem","position":1,"name":"Portada","item":"https:\/\/oncubanews.com\/en\/"},{"@type":"ListItem","position":2,"name":"Cuba reports lowest number of daily confirmed cases since July 30"}]},{"@type":"WebSite","@id":"https:\/\/oncubanews.com\/en\/#website","url":"https:\/\/oncubanews.com\/en\/","name":"OnCubaNews English","description":"Revista sobre Cuba","potentialAction":[{"@type":"SearchAction","target":{"@type":"EntryPoint","urlTemplate":"https:\/\/oncubanews.com\/en\/?s={search_term_string}"},"query-input":{"@type":"PropertyValueSpecification","valueRequired":true,"valueName":"search_term_string"}}],"inLanguage":"en-US"},{"@type":"Person","@id":"https:\/\/oncubanews.com\/en\/#\/schema\/person\/d7171bf311032ab1f557dd8332e714af","name":"OnCuba Staff","image":{"@type":"ImageObject","inLanguage":"en-US","@id":"https:\/\/secure.gravatar.com\/avatar\/4b4c4d6109baadde898bb1af22ea4a4af5f4417b86a5d1800bf17531bfb128fc?s=96&r=g17310096d4dde63ebae0e54fbb19218a","url":"https:\/\/secure.gravatar.com\/avatar\/4b4c4d6109baadde898bb1af22ea4a4af5f4417b86a5d1800bf17531bfb128fc?s=96&r=g","contentUrl":"https:\/\/secure.gravatar.com\/avatar\/4b4c4d6109baadde898bb1af22ea4a4af5f4417b86a5d1800bf17531bfb128fc?s=96&r=g","caption":"OnCuba Staff"},"url":"https:\/\/oncubanews.com\/en\/author\/oncuba-editorial-staff\/"}]}},"authors":[{"term_id":33546,"user_id":3134,"is_guest":0,"slug":"oncuba-editorial-staff","display_name":"OnCuba Staff","avatar_url":"https:\/\/secure.gravatar.com\/avatar\/4b4c4d6109baadde898bb1af22ea4a4af5f4417b86a5d1800bf17531bfb128fc?s=96&r=g","0":null,"1":"","2":"","3":"","4":"","5":"","6":"","7":"","8":""},{"term_id":8689,"user_id":3134,"is_guest":0,"slug":"oncuba-editorial-staff","display_name":"OnCuba editorial staff","avatar_url":{"url":"https:\/\/oncubanews.com\/en\/wp-content\/uploads\/2018\/10\/avatar-ocnews-1.png","url2x":"https:\/\/oncubanews.com\/en\/wp-content\/uploads\/2018\/10\/avatar-ocnews-1.png"},"0":null,"1":"","2":"","3":"","4":"","5":"","6":"","7":"","8":""}],"_links":{"self":[{"href":"https:\/\/oncubanews.com\/en\/wp-json\/wp\/v2\/posts\/227146","targetHints":{"allow":["GET"]}}],"collection":[{"href":"https:\/\/oncubanews.com\/en\/wp-json\/wp\/v2\/posts"}],"about":[{"href":"https:\/\/oncubanews.com\/en\/wp-json\/wp\/v2\/types\/post"}],"author":[{"embeddable":true,"href":"https:\/\/oncubanews.com\/en\/wp-json\/wp\/v2\/users\/3134"}],"replies":[{"embeddable":true,"href":"https:\/\/oncubanews.com\/en\/wp-json\/wp\/v2\/comments?post=227146"}],"version-history":[{"count":0,"href":"https:\/\/oncubanews.com\/en\/wp-json\/wp\/v2\/posts\/227146\/revisions"}],"wp:featuredmedia":[{"embeddable":true,"href":"https:\/\/oncubanews.com\/en\/wp-json\/wp\/v2\/media\/227147"}],"wp:attachment":[{"href":"https:\/\/oncubanews.com\/en\/wp-json\/wp\/v2\/media?parent=227146"}],"wp:term":[{"taxonomy":"category","embeddable":true,"href":"https:\/\/oncubanews.com\/en\/wp-json\/wp\/v2\/categories?post=227146"},{"taxonomy":"post_tag","embeddable":true,"href":"https:\/\/oncubanews.com\/en\/wp-json\/wp\/v2\/tags?post=227146"},{"taxonomy":"author","embeddable":true,"href":"https:\/\/oncubanews.com\/en\/wp-json\/wp\/v2\/ppma_author?post=227146"}],"curies":[{"name":"wp","href":"https:\/\/api.w.org\/{rel}","templated":true}]}}