
{"id":22760,"date":"2014-02-05T15:58:41","date_gmt":"2014-02-05T15:58:41","guid":{"rendered":"http:\/\/www.oncubamagazine.com\/?p=22760"},"modified":"2014-02-06T17:25:10","modified_gmt":"2014-02-06T17:25:10","slug":"what-was-lost-inside-and-outside-the-classrooms","status":"publish","type":"post","link":"https:\/\/oncubanews.com\/en\/culture\/cinema\/what-was-lost-inside-and-outside-the-classrooms\/","title":{"rendered":"What was lost inside and outside the classrooms"},"content":{"rendered":"<p style=\"text-align: justify;\">&#8220;Conducta is a simple story that tells of a boy with a lot of problems, and the importance for him of his veteran sixth grade teacher.&#8221; So simple is the synopsis that in a couple of lines the director Ernesto Daranas sums up his second feature film, produced by the Ministry of Culture, the ICAIC and RTV Commercial that this month will be released nationwide.<\/p>\n<p style=\"text-align: justify;\">&#8220;Conducta is based on our reality, he adds, in the aftermath of a quarter century of special period and the impact of a set of measures has failed to impact on the real lives of our poorest sectors. How will all mark the children of those families? How important is the teacher to those guys? &#8220;.<\/p>\n<p style=\"text-align: justify;\">With these concerns, Daranas gathered a group of students from the Faculty of Arts and Media Communication at the Higher Institute of Art, and began with their collaboration a research process that allowed him to see firsthand the reality of children and parents living in the poorest districts, visit schools and meet with teachers.<\/p>\n<p style=\"text-align: justify;\">Of these revelatory experiences a screenplay was written by the director that tells the story of Chala, an eleven- year-old living alone with his addicted mother and trains fighting dogs to have a financial support. Carmela is his sixth-grade teacher and the boy has great respect for her, but when Carmela gets ill and is forced to leave the classroom for several months, a new teacher, unable to handle the character of Chala, sent him to a school of conduct. This action will trigger a series of conflicts whose vortex is the relationship between Carmela and Chala.<\/p>\n<p style=\"text-align: justify;\">For the director of Los Dioses Rotos (2009), his debut with a feature film that won the Audience Award and the Cuban Association of Film Critics on the thirtieth International Festival of New Latin American Cinema, the biggest challenge Conducta raised him apart from the complexity and responsibility of the subject, was working with children.<\/p>\n<p style=\"text-align: justify;\">&#8220;The greatest truth that can transmit the movie comes from children; none of them had acted before and come from the same areas of reality that the film addresses. We worked with every boy looking not to lose their freshness and could address the complexity of a shooting in which there was very difficult sequences. It was a hard work, but very rewarding. &#8220;<\/p>\n<p style=\"text-align: justify;\">Aside from getting the child cast, headed by Armando Valdes and Amaly Junco , to be convincing , the director must find the right actress to play the other role on which rested the weight of the film : the teacher Carmela , whose character reference a teacher of the same name real and whose wealth of life experience particularly nurtured the script. After repeated tests and long hours of rehearsals, the choice fell on Alina Rodriguez, an actress of proven talent and ductility in uncountable roles she has played both in film and theater and television.<\/p>\n<p style=\"text-align: justify;\">\u201cI was interested in this character since I read the script, Alina says &#8211; because, as I always say, the experiences are very important for an actor. I started the teaching career, and although I didn\u2019t conclude it, I learned in it what was instrumental in my formation as a person and then as an actress. That\u2019s why my meeting with the real Carmela as part of the table work was like I was talking to a colleague in career and generation, we communicated very well, and her help was essential to the building of the character. &#8220;<\/p>\n<p style=\"text-align: justify;\">The film\u2019s Carmela, however, could not be limited exclusively to the original one, but the director and the star had made clear that should transcend: &#8220;My character comes to represent many educators, as Carmela, who are making their best day after day to educate the new generations, regain what is lost inside and outside the classroom, the actress says. In this sense, it is vital for an actor that the director knows exactly what he wants to express, and guide us in that direction. For his professionalism, sensitivity and respect for actors, a director like Daranas motivates you to give your best, no matter what the effort. Let me tell you in Conducta there were scenes of 50 shots, and shooting days fourteen hours long, if days proved exhausting for professional actors, you can imagine what that meant for kids, but we were all committed to keep pace and take the rest in this work. &#8220;<\/p>\n<p style=\"text-align: justify;\">Conducta also features performances by Silvia Aguila, Miriel Cejas, Armando Miguel G\u00f3mez, Yuliet Cruz, H\u00e9ctor Noas, Idalmis Garc\u00eda, Aramis Delgado and Thomas Cao, among others, photography is by Alexander P\u00e9rez, and Pedro Su\u00e1rez did the editing and direction of Art by Erick Grass. Osmani Olivares designed the sound and Vladimir Cuenca, costumes, while the music was composed by Juan Antonio Leyva and Magda Rosa Galban. The casting director was Mariela Lopez and production, Esther Masero.<\/p>\n","protected":false},"excerpt":{"rendered":"<p>&#8220;Conducta is a simple story that tells of a boy with a lot of problems, and the importance for him of his veteran sixth grade teacher.&#8221; So simple is the synopsis that in a couple of lines the director Ernesto Daranas sums up his second feature film, produced by the Ministry of Culture, the ICAIC [&hellip;]<\/p>\n","protected":false},"author":412,"featured_media":22731,"comment_status":"open","ping_status":"closed","sticky":false,"template":"","format":"standard","meta":{"_acf_changed":false,"footnotes":""},"categories":[13921],"tags":[],"ppma_author":[33731],"class_list":["post-22760","post","type-post","status-publish","format-standard","has-post-thumbnail","hentry","category-cinema"],"acf":[],"yoast_head":"<!-- This site is optimized with the Yoast SEO plugin v27.3 - https:\/\/yoast.com\/product\/yoast-seo-wordpress\/ -->\n<title>What was lost inside and outside the classrooms | OnCubaNews English<\/title>\n<meta name=\"robots\" content=\"index, follow, max-snippet:-1, max-image-preview:large, max-video-preview:-1\" \/>\n<link rel=\"canonical\" href=\"https:\/\/oncubanews.com\/en\/culture\/cinema\/what-was-lost-inside-and-outside-the-classrooms\/\" \/>\n<meta property=\"og:locale\" content=\"en_US\" \/>\n<meta property=\"og:type\" content=\"article\" \/>\n<meta property=\"og:title\" content=\"What was lost inside and outside the classrooms | OnCubaNews English\" \/>\n<meta property=\"og:description\" content=\"&#8220;Conducta is a simple story that tells of a boy with a lot of problems, and the importance for him of his veteran sixth grade teacher.&#8221; So simple is the synopsis that in a couple of lines the director Ernesto Daranas sums up his second feature film, produced by the Ministry of Culture, the ICAIC [&hellip;]\" \/>\n<meta property=\"og:url\" content=\"https:\/\/oncubanews.com\/en\/culture\/cinema\/what-was-lost-inside-and-outside-the-classrooms\/\" \/>\n<meta property=\"og:site_name\" content=\"OnCubaNews English\" \/>\n<meta property=\"article:published_time\" content=\"2014-02-05T15:58:41+00:00\" \/>\n<meta property=\"article:modified_time\" content=\"2014-02-06T17:25:10+00:00\" \/>\n<meta property=\"og:image\" content=\"https:\/\/oncubanews.com\/en\/wp-content\/uploads\/2014\/02\/MALAS-NOTICIAS-580x384.jpg\" \/>\n\t<meta property=\"og:image:width\" content=\"620\" \/>\n\t<meta property=\"og:image:height\" content=\"340\" \/>\n\t<meta property=\"og:image:type\" content=\"image\/jpeg\" \/>\n<meta name=\"author\" content=\"Cecilia Crespo\" \/>\n<meta name=\"twitter:card\" content=\"summary_large_image\" \/>\n<meta name=\"twitter:label1\" content=\"Written by\" \/>\n\t<meta name=\"twitter:data1\" content=\"Cecilia Crespo\" \/>\n\t<meta name=\"twitter:label2\" content=\"Est. reading time\" \/>\n\t<meta name=\"twitter:data2\" content=\"4 minutes\" \/>\n<script type=\"application\/ld+json\" class=\"yoast-schema-graph\">{\"@context\":\"https:\\\/\\\/schema.org\",\"@graph\":[{\"@type\":\"Article\",\"@id\":\"https:\\\/\\\/oncubanews.com\\\/en\\\/culture\\\/cinema\\\/what-was-lost-inside-and-outside-the-classrooms\\\/#article\",\"isPartOf\":{\"@id\":\"https:\\\/\\\/oncubanews.com\\\/en\\\/culture\\\/cinema\\\/what-was-lost-inside-and-outside-the-classrooms\\\/\"},\"author\":{\"name\":\"Cecilia Crespo\",\"@id\":\"https:\\\/\\\/oncubanews.com\\\/en\\\/#\\\/schema\\\/person\\\/5c5ced51b0593f0b42c037e4a95ee658\"},\"headline\":\"What was lost inside and outside the classrooms\",\"datePublished\":\"2014-02-05T15:58:41+00:00\",\"dateModified\":\"2014-02-06T17:25:10+00:00\",\"mainEntityOfPage\":{\"@id\":\"https:\\\/\\\/oncubanews.com\\\/en\\\/culture\\\/cinema\\\/what-was-lost-inside-and-outside-the-classrooms\\\/\"},\"wordCount\":823,\"commentCount\":0,\"image\":{\"@id\":\"https:\\\/\\\/oncubanews.com\\\/en\\\/culture\\\/cinema\\\/what-was-lost-inside-and-outside-the-classrooms\\\/#primaryimage\"},\"thumbnailUrl\":\"https:\\\/\\\/oncubanews.com\\\/en\\\/wp-content\\\/uploads\\\/2014\\\/02\\\/MALAS-NOTICIAS-580x384.jpg\",\"articleSection\":[\"Cinema\"],\"inLanguage\":\"en-US\",\"potentialAction\":[{\"@type\":\"CommentAction\",\"name\":\"Comment\",\"target\":[\"https:\\\/\\\/oncubanews.com\\\/en\\\/culture\\\/cinema\\\/what-was-lost-inside-and-outside-the-classrooms\\\/#respond\"]}],\"copyrightYear\":\"2014\",\"copyrightHolder\":{\"@id\":\"https:\\\/\\\/oncubanews.com\\\/en\\\/#organization\"}},{\"@type\":\"WebPage\",\"@id\":\"https:\\\/\\\/oncubanews.com\\\/en\\\/culture\\\/cinema\\\/what-was-lost-inside-and-outside-the-classrooms\\\/\",\"url\":\"https:\\\/\\\/oncubanews.com\\\/en\\\/culture\\\/cinema\\\/what-was-lost-inside-and-outside-the-classrooms\\\/\",\"name\":\"What was lost inside and outside the classrooms | OnCubaNews English\",\"isPartOf\":{\"@id\":\"https:\\\/\\\/oncubanews.com\\\/en\\\/#website\"},\"primaryImageOfPage\":{\"@id\":\"https:\\\/\\\/oncubanews.com\\\/en\\\/culture\\\/cinema\\\/what-was-lost-inside-and-outside-the-classrooms\\\/#primaryimage\"},\"image\":{\"@id\":\"https:\\\/\\\/oncubanews.com\\\/en\\\/culture\\\/cinema\\\/what-was-lost-inside-and-outside-the-classrooms\\\/#primaryimage\"},\"thumbnailUrl\":\"https:\\\/\\\/oncubanews.com\\\/en\\\/wp-content\\\/uploads\\\/2014\\\/02\\\/MALAS-NOTICIAS-580x384.jpg\",\"datePublished\":\"2014-02-05T15:58:41+00:00\",\"dateModified\":\"2014-02-06T17:25:10+00:00\",\"author\":{\"@id\":\"https:\\\/\\\/oncubanews.com\\\/en\\\/#\\\/schema\\\/person\\\/5c5ced51b0593f0b42c037e4a95ee658\"},\"breadcrumb\":{\"@id\":\"https:\\\/\\\/oncubanews.com\\\/en\\\/culture\\\/cinema\\\/what-was-lost-inside-and-outside-the-classrooms\\\/#breadcrumb\"},\"inLanguage\":\"en-US\",\"potentialAction\":[{\"@type\":\"ReadAction\",\"target\":[\"https:\\\/\\\/oncubanews.com\\\/en\\\/culture\\\/cinema\\\/what-was-lost-inside-and-outside-the-classrooms\\\/\"]}]},{\"@type\":\"ImageObject\",\"inLanguage\":\"en-US\",\"@id\":\"https:\\\/\\\/oncubanews.com\\\/en\\\/culture\\\/cinema\\\/what-was-lost-inside-and-outside-the-classrooms\\\/#primaryimage\",\"url\":\"https:\\\/\\\/oncubanews.com\\\/en\\\/wp-content\\\/uploads\\\/2014\\\/02\\\/MALAS-NOTICIAS-580x384.jpg\",\"contentUrl\":\"https:\\\/\\\/oncubanews.com\\\/en\\\/wp-content\\\/uploads\\\/2014\\\/02\\\/MALAS-NOTICIAS-580x384.jpg\",\"width\":620,\"height\":340},{\"@type\":\"BreadcrumbList\",\"@id\":\"https:\\\/\\\/oncubanews.com\\\/en\\\/culture\\\/cinema\\\/what-was-lost-inside-and-outside-the-classrooms\\\/#breadcrumb\",\"itemListElement\":[{\"@type\":\"ListItem\",\"position\":1,\"name\":\"Portada\",\"item\":\"https:\\\/\\\/oncubanews.com\\\/en\\\/\"},{\"@type\":\"ListItem\",\"position\":2,\"name\":\"What was lost inside and outside the classrooms\"}]},{\"@type\":\"WebSite\",\"@id\":\"https:\\\/\\\/oncubanews.com\\\/en\\\/#website\",\"url\":\"https:\\\/\\\/oncubanews.com\\\/en\\\/\",\"name\":\"OnCubaNews English\",\"description\":\"Revista sobre Cuba\",\"potentialAction\":[{\"@type\":\"SearchAction\",\"target\":{\"@type\":\"EntryPoint\",\"urlTemplate\":\"https:\\\/\\\/oncubanews.com\\\/en\\\/?s={search_term_string}\"},\"query-input\":{\"@type\":\"PropertyValueSpecification\",\"valueRequired\":true,\"valueName\":\"search_term_string\"}}],\"inLanguage\":\"en-US\"},{\"@type\":\"Person\",\"@id\":\"https:\\\/\\\/oncubanews.com\\\/en\\\/#\\\/schema\\\/person\\\/5c5ced51b0593f0b42c037e4a95ee658\",\"name\":\"Cecilia Crespo\",\"image\":{\"@type\":\"ImageObject\",\"inLanguage\":\"en-US\",\"@id\":\"http:\\\/\\\/www.oncubanews.com\\\/wp-content\\\/uploads\\\/2014\\\/03\\\/Cecilia-Crespo_avatar_1394942428-96x96.jpg73eb8813778f733429dbe69e4b26621e\",\"url\":\"http:\\\/\\\/www.oncubanews.com\\\/wp-content\\\/uploads\\\/2014\\\/03\\\/Cecilia-Crespo_avatar_1394942428-96x96.jpg\",\"contentUrl\":\"http:\\\/\\\/www.oncubanews.com\\\/wp-content\\\/uploads\\\/2014\\\/03\\\/Cecilia-Crespo_avatar_1394942428-96x96.jpg\",\"caption\":\"Cecilia Crespo\"},\"description\":\"Cecilia habla sin parar, aunque tambi\u00e9n escucha, pregunta y responde gran parte del d\u00eda. Su arista silente solo se vislumbra cuando se aferra a su teclado o cuando lee. Le apasiona su familia y desde hace rato, la cultura cubana y un delicioso libro que escribe para distribuirlo gratuitamente entre sus amigos(as): Manual de cocina pr\u00e1ctica y ex\u00f3tica.\",\"url\":\"https:\\\/\\\/oncubanews.com\\\/en\\\/author\\\/cecilia\\\/\"}]}<\/script>\n<!-- \/ Yoast SEO plugin. -->","yoast_head_json":{"title":"What was lost inside and outside the classrooms | OnCubaNews English","robots":{"index":"index","follow":"follow","max-snippet":"max-snippet:-1","max-image-preview":"max-image-preview:large","max-video-preview":"max-video-preview:-1"},"canonical":"https:\/\/oncubanews.com\/en\/culture\/cinema\/what-was-lost-inside-and-outside-the-classrooms\/","og_locale":"en_US","og_type":"article","og_title":"What was lost inside and outside the classrooms | OnCubaNews English","og_description":"&#8220;Conducta is a simple story that tells of a boy with a lot of problems, and the importance for him of his veteran sixth grade teacher.&#8221; So simple is the synopsis that in a couple of lines the director Ernesto Daranas sums up his second feature film, produced by the Ministry of Culture, the ICAIC [&hellip;]","og_url":"https:\/\/oncubanews.com\/en\/culture\/cinema\/what-was-lost-inside-and-outside-the-classrooms\/","og_site_name":"OnCubaNews English","article_published_time":"2014-02-05T15:58:41+00:00","article_modified_time":"2014-02-06T17:25:10+00:00","og_image":[{"width":620,"height":340,"url":"https:\/\/oncubanews.com\/en\/wp-content\/uploads\/2014\/02\/MALAS-NOTICIAS-580x384.jpg","type":"image\/jpeg"}],"author":"Cecilia Crespo","twitter_card":"summary_large_image","twitter_misc":{"Written by":"Cecilia Crespo","Est. reading time":"4 minutes"},"schema":{"@context":"https:\/\/schema.org","@graph":[{"@type":"Article","@id":"https:\/\/oncubanews.com\/en\/culture\/cinema\/what-was-lost-inside-and-outside-the-classrooms\/#article","isPartOf":{"@id":"https:\/\/oncubanews.com\/en\/culture\/cinema\/what-was-lost-inside-and-outside-the-classrooms\/"},"author":{"name":"Cecilia Crespo","@id":"https:\/\/oncubanews.com\/en\/#\/schema\/person\/5c5ced51b0593f0b42c037e4a95ee658"},"headline":"What was lost inside and outside the classrooms","datePublished":"2014-02-05T15:58:41+00:00","dateModified":"2014-02-06T17:25:10+00:00","mainEntityOfPage":{"@id":"https:\/\/oncubanews.com\/en\/culture\/cinema\/what-was-lost-inside-and-outside-the-classrooms\/"},"wordCount":823,"commentCount":0,"image":{"@id":"https:\/\/oncubanews.com\/en\/culture\/cinema\/what-was-lost-inside-and-outside-the-classrooms\/#primaryimage"},"thumbnailUrl":"https:\/\/oncubanews.com\/en\/wp-content\/uploads\/2014\/02\/MALAS-NOTICIAS-580x384.jpg","articleSection":["Cinema"],"inLanguage":"en-US","potentialAction":[{"@type":"CommentAction","name":"Comment","target":["https:\/\/oncubanews.com\/en\/culture\/cinema\/what-was-lost-inside-and-outside-the-classrooms\/#respond"]}],"copyrightYear":"2014","copyrightHolder":{"@id":"https:\/\/oncubanews.com\/en\/#organization"}},{"@type":"WebPage","@id":"https:\/\/oncubanews.com\/en\/culture\/cinema\/what-was-lost-inside-and-outside-the-classrooms\/","url":"https:\/\/oncubanews.com\/en\/culture\/cinema\/what-was-lost-inside-and-outside-the-classrooms\/","name":"What was lost inside and outside the classrooms | OnCubaNews English","isPartOf":{"@id":"https:\/\/oncubanews.com\/en\/#website"},"primaryImageOfPage":{"@id":"https:\/\/oncubanews.com\/en\/culture\/cinema\/what-was-lost-inside-and-outside-the-classrooms\/#primaryimage"},"image":{"@id":"https:\/\/oncubanews.com\/en\/culture\/cinema\/what-was-lost-inside-and-outside-the-classrooms\/#primaryimage"},"thumbnailUrl":"https:\/\/oncubanews.com\/en\/wp-content\/uploads\/2014\/02\/MALAS-NOTICIAS-580x384.jpg","datePublished":"2014-02-05T15:58:41+00:00","dateModified":"2014-02-06T17:25:10+00:00","author":{"@id":"https:\/\/oncubanews.com\/en\/#\/schema\/person\/5c5ced51b0593f0b42c037e4a95ee658"},"breadcrumb":{"@id":"https:\/\/oncubanews.com\/en\/culture\/cinema\/what-was-lost-inside-and-outside-the-classrooms\/#breadcrumb"},"inLanguage":"en-US","potentialAction":[{"@type":"ReadAction","target":["https:\/\/oncubanews.com\/en\/culture\/cinema\/what-was-lost-inside-and-outside-the-classrooms\/"]}]},{"@type":"ImageObject","inLanguage":"en-US","@id":"https:\/\/oncubanews.com\/en\/culture\/cinema\/what-was-lost-inside-and-outside-the-classrooms\/#primaryimage","url":"https:\/\/oncubanews.com\/en\/wp-content\/uploads\/2014\/02\/MALAS-NOTICIAS-580x384.jpg","contentUrl":"https:\/\/oncubanews.com\/en\/wp-content\/uploads\/2014\/02\/MALAS-NOTICIAS-580x384.jpg","width":620,"height":340},{"@type":"BreadcrumbList","@id":"https:\/\/oncubanews.com\/en\/culture\/cinema\/what-was-lost-inside-and-outside-the-classrooms\/#breadcrumb","itemListElement":[{"@type":"ListItem","position":1,"name":"Portada","item":"https:\/\/oncubanews.com\/en\/"},{"@type":"ListItem","position":2,"name":"What was lost inside and outside the classrooms"}]},{"@type":"WebSite","@id":"https:\/\/oncubanews.com\/en\/#website","url":"https:\/\/oncubanews.com\/en\/","name":"OnCubaNews English","description":"Revista sobre Cuba","potentialAction":[{"@type":"SearchAction","target":{"@type":"EntryPoint","urlTemplate":"https:\/\/oncubanews.com\/en\/?s={search_term_string}"},"query-input":{"@type":"PropertyValueSpecification","valueRequired":true,"valueName":"search_term_string"}}],"inLanguage":"en-US"},{"@type":"Person","@id":"https:\/\/oncubanews.com\/en\/#\/schema\/person\/5c5ced51b0593f0b42c037e4a95ee658","name":"Cecilia Crespo","image":{"@type":"ImageObject","inLanguage":"en-US","@id":"http:\/\/www.oncubanews.com\/wp-content\/uploads\/2014\/03\/Cecilia-Crespo_avatar_1394942428-96x96.jpg73eb8813778f733429dbe69e4b26621e","url":"http:\/\/www.oncubanews.com\/wp-content\/uploads\/2014\/03\/Cecilia-Crespo_avatar_1394942428-96x96.jpg","contentUrl":"http:\/\/www.oncubanews.com\/wp-content\/uploads\/2014\/03\/Cecilia-Crespo_avatar_1394942428-96x96.jpg","caption":"Cecilia Crespo"},"description":"Cecilia habla sin parar, aunque tambi\u00e9n escucha, pregunta y responde gran parte del d\u00eda. Su arista silente solo se vislumbra cuando se aferra a su teclado o cuando lee. Le apasiona su familia y desde hace rato, la cultura cubana y un delicioso libro que escribe para distribuirlo gratuitamente entre sus amigos(as): Manual de cocina pr\u00e1ctica y ex\u00f3tica.","url":"https:\/\/oncubanews.com\/en\/author\/cecilia\/"}]}},"authors":[{"term_id":33731,"user_id":412,"is_guest":0,"slug":"cecilia","display_name":"Cecilia Crespo","avatar_url":"http:\/\/www.oncubanews.com\/wp-content\/uploads\/2014\/03\/Cecilia-Crespo_avatar_1394942428-96x96.jpg","0":null,"1":"","2":"","3":"","4":"","5":"","6":"","7":"","8":""}],"_links":{"self":[{"href":"https:\/\/oncubanews.com\/en\/wp-json\/wp\/v2\/posts\/22760","targetHints":{"allow":["GET"]}}],"collection":[{"href":"https:\/\/oncubanews.com\/en\/wp-json\/wp\/v2\/posts"}],"about":[{"href":"https:\/\/oncubanews.com\/en\/wp-json\/wp\/v2\/types\/post"}],"author":[{"embeddable":true,"href":"https:\/\/oncubanews.com\/en\/wp-json\/wp\/v2\/users\/412"}],"replies":[{"embeddable":true,"href":"https:\/\/oncubanews.com\/en\/wp-json\/wp\/v2\/comments?post=22760"}],"version-history":[{"count":0,"href":"https:\/\/oncubanews.com\/en\/wp-json\/wp\/v2\/posts\/22760\/revisions"}],"wp:featuredmedia":[{"embeddable":true,"href":"https:\/\/oncubanews.com\/en\/wp-json\/wp\/v2\/media\/22731"}],"wp:attachment":[{"href":"https:\/\/oncubanews.com\/en\/wp-json\/wp\/v2\/media?parent=22760"}],"wp:term":[{"taxonomy":"category","embeddable":true,"href":"https:\/\/oncubanews.com\/en\/wp-json\/wp\/v2\/categories?post=22760"},{"taxonomy":"post_tag","embeddable":true,"href":"https:\/\/oncubanews.com\/en\/wp-json\/wp\/v2\/tags?post=22760"},{"taxonomy":"author","embeddable":true,"href":"https:\/\/oncubanews.com\/en\/wp-json\/wp\/v2\/ppma_author?post=22760"}],"curies":[{"name":"wp","href":"https:\/\/api.w.org\/{rel}","templated":true}]}}