
{"id":227736,"date":"2020-09-18T23:21:26","date_gmt":"2020-09-19T03:21:26","guid":{"rendered":"https:\/\/oncubanews.com\/en\/?p=227736"},"modified":"2020-09-19T10:09:46","modified_gmt":"2020-09-19T14:09:46","slug":"japan-to-donate-medical-equipment-to-cuba","status":"publish","type":"post","link":"https:\/\/oncubanews.com\/en\/cuba\/japan-to-donate-medical-equipment-to-cuba\/","title":{"rendered":"Japan to donate medical equipment to Cuba"},"content":{"rendered":"<p><a href=\"https:\/\/oncubanews.com\/tag\/japon\/\" target=\"_blank\" rel=\"noopener noreferrer\"><span style=\"font-weight: 400;\">Japan<\/span><\/a><span style=\"font-weight: 400;\"> will donate medical equipment to Cuba to deal with the spread of COVID-19 on the Caribbean island, as part of the Japanese government\u2019s Non-Reimbursable Financial Cooperation program.<\/span><\/p>\n<p><span style=\"font-weight: 400;\">The signing ceremony for the donation, worth 500 million Japanese yen (approximately US$ 4.7 million), was held this Wednesday by the Asian country\u2019s ambassador in Havana, Fujimura Kazuhiro, and Cuban Deputy Minister of Foreign Trade and Investment D\u00e9borah Rivas, <em>Cubadebate<\/em> reported.<\/span><\/p>\n<blockquote class=\"twitter-tweet\" data-width=\"500\" data-dnt=\"true\">\n<p lang=\"es\" dir=\"ltr\">Firmado hoy en <a href=\"https:\/\/twitter.com\/MINCEX_CUBA?ref_src=twsrc%5Etfw\">@MINCEX_CUBA<\/a> nuevo convenio de cooperaci\u00f3n entre <a href=\"https:\/\/twitter.com\/hashtag\/Cuba?src=hash&amp;ref_src=twsrc%5Etfw\">#Cuba<\/a> y <a href=\"https:\/\/twitter.com\/hashtag\/Japon?src=hash&amp;ref_src=twsrc%5Etfw\">#Japon<\/a>, consistente en donaci\u00f3n equipos m\u00e9dicos para nuestros hospitales. No estamos s\u00f3los. <a href=\"https:\/\/twitter.com\/hashtag\/SomosCuba?src=hash&amp;ref_src=twsrc%5Etfw\">#SomosCuba<\/a> <a href=\"https:\/\/twitter.com\/hashtag\/NoMasBloqueo?src=hash&amp;ref_src=twsrc%5Etfw\">#NoMasBloqueo<\/a> <a href=\"https:\/\/t.co\/m4kJDok386\">pic.twitter.com\/m4kJDok386<\/a><\/p>\n<p>&mdash; Rodrigo Malmierca D\u00edaz (@R_Malmierca) <a href=\"https:\/\/twitter.com\/R_Malmierca\/status\/1306340216278528001?ref_src=twsrc%5Etfw\">September 16, 2020<\/a><\/p><\/blockquote>\n<p><script async src=\"https:\/\/platform.twitter.com\/widgets.js\" charset=\"utf-8\"><\/script><\/p>\n<p><span style=\"font-weight: 400;\">With the donation made up of high-quality health equipment, the Japanese executive hopes to contribute to the strengthening of the health system and the measures to control infectious diseases in Cuba, the source indicated.<\/span><\/p>\n<p><span style=\"font-weight: 400;\">This is the first international assistance that Japan has signed under the new government of Prime Minister Suga Yoshihide, who has just assumed office, following the resignation of Shinzo Abe.<\/span><\/p>\n<blockquote class=\"wp-embedded-content\" data-secret=\"4dVIlG1SsN\"><p><a href=\"https:\/\/oncubanews.com\/cuba\/japon-incluye-a-cuba-entre-los-paises-con-veto-migratorio-por-la-pandemia\/\">Jap\u00f3n incluye a Cuba entre los pa\u00edses con veto migratorio por la pandemia<\/a><\/p><\/blockquote>\n<p><iframe loading=\"lazy\" class=\"wp-embedded-content\" sandbox=\"allow-scripts\" security=\"restricted\" style=\"position: absolute; clip: rect(1px, 1px, 1px, 1px);\" title=\"\u00abJap\u00f3n incluye a Cuba entre los pa\u00edses con veto migratorio por la pandemia\u00bb \u2014 OnCubaNews\" src=\"https:\/\/oncubanews.com\/cuba\/japon-incluye-a-cuba-entre-los-paises-con-veto-migratorio-por-la-pandemia\/embed\/#?secret=MrqNI18vb6#?secret=4dVIlG1SsN\" data-secret=\"4dVIlG1SsN\" width=\"500\" height=\"282\" frameborder=\"0\" marginwidth=\"0\" marginheight=\"0\" scrolling=\"no\"><\/iframe><\/p>\n<p><span style=\"font-weight: 400;\">Abe, 65, notified at the end of August his intention to resign for the same health reasons that led to his first resignation as prime minister thirteen years ago: chronic ulcerative colitis, which he has suffered since he was a teenager.<\/span><\/p>\n<p><span style=\"font-weight: 400;\">\u201cIf you are sick and not in good physical shape, you should not make important political decisions or stop producing results,\u201d said the then prime minister at a press conference at the government headquarters.<\/span><\/p>\n","protected":false},"excerpt":{"rendered":"<p>Japan will donate medical equipment to Cuba to deal with the spread of COVID-19 on the Caribbean island, as part of the Japanese government\u2019s Non-Reimbursable Financial Cooperation program. The signing ceremony for the donation, worth 500 million Japanese yen (approximately US$ 4.7 million), was held this Wednesday by the Asian country\u2019s ambassador in Havana, Fujimura [&hellip;]<\/p>\n","protected":false},"author":3134,"featured_media":227737,"comment_status":"open","ping_status":"closed","sticky":false,"template":"","format":"standard","meta":{"_acf_changed":false,"footnotes":""},"categories":[13902],"tags":[29532,19736],"ppma_author":[33546,8689],"class_list":["post-227736","post","type-post","status-publish","format-standard","has-post-thumbnail","hentry","category-cuba","tag-coronavirus-in-cuba","tag-cuba-and-japan"],"acf":[],"yoast_head":"<!-- This site is optimized with the Yoast SEO plugin v27.3 - https:\/\/yoast.com\/product\/yoast-seo-wordpress\/ -->\n<title>Japan to donate medical equipment to Cuba | OnCubaNews English<\/title>\n<meta name=\"description\" content=\"The signing ceremony for the donation, worth 500 million Japanese yen (approximately US$ 4.7 million), was held this Wednesday by the Asian country\u2019s ambassador in Havana, Fujimura Kazuhiro, and Cuban Deputy Minister of Foreign Trade and Investment D\u00e9borah Rivas.\" \/>\n<meta name=\"robots\" content=\"index, follow, max-snippet:-1, max-image-preview:large, max-video-preview:-1\" \/>\n<link rel=\"canonical\" href=\"https:\/\/oncubanews.com\/en\/cuba\/japan-to-donate-medical-equipment-to-cuba\/\" \/>\n<meta property=\"og:locale\" content=\"en_US\" \/>\n<meta property=\"og:type\" content=\"article\" \/>\n<meta property=\"og:title\" content=\"Japan to donate medical equipment to Cuba | OnCubaNews English\" \/>\n<meta property=\"og:description\" content=\"The signing ceremony for the donation, worth 500 million Japanese yen (approximately US$ 4.7 million), was held this Wednesday by the Asian country\u2019s ambassador in Havana, Fujimura Kazuhiro, and Cuban Deputy Minister of Foreign Trade and Investment D\u00e9borah Rivas.\" \/>\n<meta property=\"og:url\" content=\"https:\/\/oncubanews.com\/en\/cuba\/japan-to-donate-medical-equipment-to-cuba\/\" \/>\n<meta property=\"og:site_name\" content=\"OnCubaNews English\" \/>\n<meta property=\"article:published_time\" content=\"2020-09-19T03:21:26+00:00\" \/>\n<meta property=\"article:modified_time\" content=\"2020-09-19T14:09:46+00:00\" \/>\n<meta property=\"og:image\" content=\"https:\/\/oncubanews.com\/en\/wp-content\/uploads\/2020\/09\/Japon-donacion-Cuba-750x536-1.jpg\" \/>\n\t<meta property=\"og:image:width\" content=\"750\" \/>\n\t<meta property=\"og:image:height\" content=\"536\" \/>\n\t<meta property=\"og:image:type\" content=\"image\/jpeg\" \/>\n<meta name=\"author\" content=\"OnCuba Staff, OnCuba editorial staff\" \/>\n<meta name=\"twitter:card\" content=\"summary_large_image\" \/>\n<meta name=\"twitter:label1\" content=\"Written by\" \/>\n\t<meta name=\"twitter:data1\" content=\"OnCuba Staff\" \/>\n\t<meta name=\"twitter:label2\" content=\"Est. reading time\" \/>\n\t<meta name=\"twitter:data2\" content=\"1 minute\" \/>\n<script type=\"application\/ld+json\" class=\"yoast-schema-graph\">{\"@context\":\"https:\\\/\\\/schema.org\",\"@graph\":[{\"@type\":\"Article\",\"@id\":\"https:\\\/\\\/oncubanews.com\\\/en\\\/cuba\\\/japan-to-donate-medical-equipment-to-cuba\\\/#article\",\"isPartOf\":{\"@id\":\"https:\\\/\\\/oncubanews.com\\\/en\\\/cuba\\\/japan-to-donate-medical-equipment-to-cuba\\\/\"},\"author\":{\"name\":\"OnCuba Staff\",\"@id\":\"https:\\\/\\\/oncubanews.com\\\/en\\\/#\\\/schema\\\/person\\\/d7171bf311032ab1f557dd8332e714af\"},\"headline\":\"Japan to donate medical equipment to Cuba\",\"datePublished\":\"2020-09-19T03:21:26+00:00\",\"dateModified\":\"2020-09-19T14:09:46+00:00\",\"mainEntityOfPage\":{\"@id\":\"https:\\\/\\\/oncubanews.com\\\/en\\\/cuba\\\/japan-to-donate-medical-equipment-to-cuba\\\/\"},\"wordCount\":248,\"commentCount\":0,\"image\":{\"@id\":\"https:\\\/\\\/oncubanews.com\\\/en\\\/cuba\\\/japan-to-donate-medical-equipment-to-cuba\\\/#primaryimage\"},\"thumbnailUrl\":\"https:\\\/\\\/oncubanews.com\\\/en\\\/wp-content\\\/uploads\\\/2020\\\/09\\\/Japon-donacion-Cuba-750x536-1.jpg\",\"keywords\":[\"coronavirus in Cuba\",\"Cuba and Japan\"],\"articleSection\":[\"Cuba\"],\"inLanguage\":\"en-US\",\"potentialAction\":[{\"@type\":\"CommentAction\",\"name\":\"Comment\",\"target\":[\"https:\\\/\\\/oncubanews.com\\\/en\\\/cuba\\\/japan-to-donate-medical-equipment-to-cuba\\\/#respond\"]}],\"copyrightYear\":\"2020\",\"copyrightHolder\":{\"@id\":\"https:\\\/\\\/oncubanews.com\\\/en\\\/#organization\"}},{\"@type\":\"WebPage\",\"@id\":\"https:\\\/\\\/oncubanews.com\\\/en\\\/cuba\\\/japan-to-donate-medical-equipment-to-cuba\\\/\",\"url\":\"https:\\\/\\\/oncubanews.com\\\/en\\\/cuba\\\/japan-to-donate-medical-equipment-to-cuba\\\/\",\"name\":\"Japan to donate medical equipment to Cuba | OnCubaNews English\",\"isPartOf\":{\"@id\":\"https:\\\/\\\/oncubanews.com\\\/en\\\/#website\"},\"primaryImageOfPage\":{\"@id\":\"https:\\\/\\\/oncubanews.com\\\/en\\\/cuba\\\/japan-to-donate-medical-equipment-to-cuba\\\/#primaryimage\"},\"image\":{\"@id\":\"https:\\\/\\\/oncubanews.com\\\/en\\\/cuba\\\/japan-to-donate-medical-equipment-to-cuba\\\/#primaryimage\"},\"thumbnailUrl\":\"https:\\\/\\\/oncubanews.com\\\/en\\\/wp-content\\\/uploads\\\/2020\\\/09\\\/Japon-donacion-Cuba-750x536-1.jpg\",\"datePublished\":\"2020-09-19T03:21:26+00:00\",\"dateModified\":\"2020-09-19T14:09:46+00:00\",\"author\":{\"@id\":\"https:\\\/\\\/oncubanews.com\\\/en\\\/#\\\/schema\\\/person\\\/d7171bf311032ab1f557dd8332e714af\"},\"description\":\"The signing ceremony for the donation, worth 500 million Japanese yen (approximately US$ 4.7 million), was held this Wednesday by the Asian country\u2019s ambassador in Havana, Fujimura Kazuhiro, and Cuban Deputy Minister of Foreign Trade and Investment D\u00e9borah Rivas.\",\"breadcrumb\":{\"@id\":\"https:\\\/\\\/oncubanews.com\\\/en\\\/cuba\\\/japan-to-donate-medical-equipment-to-cuba\\\/#breadcrumb\"},\"inLanguage\":\"en-US\",\"potentialAction\":[{\"@type\":\"ReadAction\",\"target\":[\"https:\\\/\\\/oncubanews.com\\\/en\\\/cuba\\\/japan-to-donate-medical-equipment-to-cuba\\\/\"]}]},{\"@type\":\"ImageObject\",\"inLanguage\":\"en-US\",\"@id\":\"https:\\\/\\\/oncubanews.com\\\/en\\\/cuba\\\/japan-to-donate-medical-equipment-to-cuba\\\/#primaryimage\",\"url\":\"https:\\\/\\\/oncubanews.com\\\/en\\\/wp-content\\\/uploads\\\/2020\\\/09\\\/Japon-donacion-Cuba-750x536-1.jpg\",\"contentUrl\":\"https:\\\/\\\/oncubanews.com\\\/en\\\/wp-content\\\/uploads\\\/2020\\\/09\\\/Japon-donacion-Cuba-750x536-1.jpg\",\"width\":750,\"height\":536,\"caption\":\"This is the first international assistance that Japan has signed under the new government of Prime Minister Suga Yoshihide, who has just assumed office, following the resignation of Shinzo Abe. Photo: @Deb_invexCuba\\\/Twitter.\"},{\"@type\":\"BreadcrumbList\",\"@id\":\"https:\\\/\\\/oncubanews.com\\\/en\\\/cuba\\\/japan-to-donate-medical-equipment-to-cuba\\\/#breadcrumb\",\"itemListElement\":[{\"@type\":\"ListItem\",\"position\":1,\"name\":\"Portada\",\"item\":\"https:\\\/\\\/oncubanews.com\\\/en\\\/\"},{\"@type\":\"ListItem\",\"position\":2,\"name\":\"Japan to donate medical equipment to Cuba\"}]},{\"@type\":\"WebSite\",\"@id\":\"https:\\\/\\\/oncubanews.com\\\/en\\\/#website\",\"url\":\"https:\\\/\\\/oncubanews.com\\\/en\\\/\",\"name\":\"OnCubaNews English\",\"description\":\"Revista sobre Cuba\",\"potentialAction\":[{\"@type\":\"SearchAction\",\"target\":{\"@type\":\"EntryPoint\",\"urlTemplate\":\"https:\\\/\\\/oncubanews.com\\\/en\\\/?s={search_term_string}\"},\"query-input\":{\"@type\":\"PropertyValueSpecification\",\"valueRequired\":true,\"valueName\":\"search_term_string\"}}],\"inLanguage\":\"en-US\"},{\"@type\":\"Person\",\"@id\":\"https:\\\/\\\/oncubanews.com\\\/en\\\/#\\\/schema\\\/person\\\/d7171bf311032ab1f557dd8332e714af\",\"name\":\"OnCuba Staff\",\"image\":{\"@type\":\"ImageObject\",\"inLanguage\":\"en-US\",\"@id\":\"https:\\\/\\\/secure.gravatar.com\\\/avatar\\\/4b4c4d6109baadde898bb1af22ea4a4af5f4417b86a5d1800bf17531bfb128fc?s=96&r=g17310096d4dde63ebae0e54fbb19218a\",\"url\":\"https:\\\/\\\/secure.gravatar.com\\\/avatar\\\/4b4c4d6109baadde898bb1af22ea4a4af5f4417b86a5d1800bf17531bfb128fc?s=96&r=g\",\"contentUrl\":\"https:\\\/\\\/secure.gravatar.com\\\/avatar\\\/4b4c4d6109baadde898bb1af22ea4a4af5f4417b86a5d1800bf17531bfb128fc?s=96&r=g\",\"caption\":\"OnCuba Staff\"},\"url\":\"https:\\\/\\\/oncubanews.com\\\/en\\\/author\\\/oncuba-editorial-staff\\\/\"}]}<\/script>\n<!-- \/ Yoast SEO plugin. -->","yoast_head_json":{"title":"Japan to donate medical equipment to Cuba | OnCubaNews English","description":"The signing ceremony for the donation, worth 500 million Japanese yen (approximately US$ 4.7 million), was held this Wednesday by the Asian country\u2019s ambassador in Havana, Fujimura Kazuhiro, and Cuban Deputy Minister of Foreign Trade and Investment D\u00e9borah Rivas.","robots":{"index":"index","follow":"follow","max-snippet":"max-snippet:-1","max-image-preview":"max-image-preview:large","max-video-preview":"max-video-preview:-1"},"canonical":"https:\/\/oncubanews.com\/en\/cuba\/japan-to-donate-medical-equipment-to-cuba\/","og_locale":"en_US","og_type":"article","og_title":"Japan to donate medical equipment to Cuba | OnCubaNews English","og_description":"The signing ceremony for the donation, worth 500 million Japanese yen (approximately US$ 4.7 million), was held this Wednesday by the Asian country\u2019s ambassador in Havana, Fujimura Kazuhiro, and Cuban Deputy Minister of Foreign Trade and Investment D\u00e9borah Rivas.","og_url":"https:\/\/oncubanews.com\/en\/cuba\/japan-to-donate-medical-equipment-to-cuba\/","og_site_name":"OnCubaNews English","article_published_time":"2020-09-19T03:21:26+00:00","article_modified_time":"2020-09-19T14:09:46+00:00","og_image":[{"width":750,"height":536,"url":"https:\/\/oncubanews.com\/en\/wp-content\/uploads\/2020\/09\/Japon-donacion-Cuba-750x536-1.jpg","type":"image\/jpeg"}],"author":"OnCuba Staff, OnCuba editorial staff","twitter_card":"summary_large_image","twitter_misc":{"Written by":"OnCuba Staff","Est. reading time":"1 minute"},"schema":{"@context":"https:\/\/schema.org","@graph":[{"@type":"Article","@id":"https:\/\/oncubanews.com\/en\/cuba\/japan-to-donate-medical-equipment-to-cuba\/#article","isPartOf":{"@id":"https:\/\/oncubanews.com\/en\/cuba\/japan-to-donate-medical-equipment-to-cuba\/"},"author":{"name":"OnCuba Staff","@id":"https:\/\/oncubanews.com\/en\/#\/schema\/person\/d7171bf311032ab1f557dd8332e714af"},"headline":"Japan to donate medical equipment to Cuba","datePublished":"2020-09-19T03:21:26+00:00","dateModified":"2020-09-19T14:09:46+00:00","mainEntityOfPage":{"@id":"https:\/\/oncubanews.com\/en\/cuba\/japan-to-donate-medical-equipment-to-cuba\/"},"wordCount":248,"commentCount":0,"image":{"@id":"https:\/\/oncubanews.com\/en\/cuba\/japan-to-donate-medical-equipment-to-cuba\/#primaryimage"},"thumbnailUrl":"https:\/\/oncubanews.com\/en\/wp-content\/uploads\/2020\/09\/Japon-donacion-Cuba-750x536-1.jpg","keywords":["coronavirus in Cuba","Cuba and Japan"],"articleSection":["Cuba"],"inLanguage":"en-US","potentialAction":[{"@type":"CommentAction","name":"Comment","target":["https:\/\/oncubanews.com\/en\/cuba\/japan-to-donate-medical-equipment-to-cuba\/#respond"]}],"copyrightYear":"2020","copyrightHolder":{"@id":"https:\/\/oncubanews.com\/en\/#organization"}},{"@type":"WebPage","@id":"https:\/\/oncubanews.com\/en\/cuba\/japan-to-donate-medical-equipment-to-cuba\/","url":"https:\/\/oncubanews.com\/en\/cuba\/japan-to-donate-medical-equipment-to-cuba\/","name":"Japan to donate medical equipment to Cuba | OnCubaNews English","isPartOf":{"@id":"https:\/\/oncubanews.com\/en\/#website"},"primaryImageOfPage":{"@id":"https:\/\/oncubanews.com\/en\/cuba\/japan-to-donate-medical-equipment-to-cuba\/#primaryimage"},"image":{"@id":"https:\/\/oncubanews.com\/en\/cuba\/japan-to-donate-medical-equipment-to-cuba\/#primaryimage"},"thumbnailUrl":"https:\/\/oncubanews.com\/en\/wp-content\/uploads\/2020\/09\/Japon-donacion-Cuba-750x536-1.jpg","datePublished":"2020-09-19T03:21:26+00:00","dateModified":"2020-09-19T14:09:46+00:00","author":{"@id":"https:\/\/oncubanews.com\/en\/#\/schema\/person\/d7171bf311032ab1f557dd8332e714af"},"description":"The signing ceremony for the donation, worth 500 million Japanese yen (approximately US$ 4.7 million), was held this Wednesday by the Asian country\u2019s ambassador in Havana, Fujimura Kazuhiro, and Cuban Deputy Minister of Foreign Trade and Investment D\u00e9borah Rivas.","breadcrumb":{"@id":"https:\/\/oncubanews.com\/en\/cuba\/japan-to-donate-medical-equipment-to-cuba\/#breadcrumb"},"inLanguage":"en-US","potentialAction":[{"@type":"ReadAction","target":["https:\/\/oncubanews.com\/en\/cuba\/japan-to-donate-medical-equipment-to-cuba\/"]}]},{"@type":"ImageObject","inLanguage":"en-US","@id":"https:\/\/oncubanews.com\/en\/cuba\/japan-to-donate-medical-equipment-to-cuba\/#primaryimage","url":"https:\/\/oncubanews.com\/en\/wp-content\/uploads\/2020\/09\/Japon-donacion-Cuba-750x536-1.jpg","contentUrl":"https:\/\/oncubanews.com\/en\/wp-content\/uploads\/2020\/09\/Japon-donacion-Cuba-750x536-1.jpg","width":750,"height":536,"caption":"This is the first international assistance that Japan has signed under the new government of Prime Minister Suga Yoshihide, who has just assumed office, following the resignation of Shinzo Abe. Photo: @Deb_invexCuba\/Twitter."},{"@type":"BreadcrumbList","@id":"https:\/\/oncubanews.com\/en\/cuba\/japan-to-donate-medical-equipment-to-cuba\/#breadcrumb","itemListElement":[{"@type":"ListItem","position":1,"name":"Portada","item":"https:\/\/oncubanews.com\/en\/"},{"@type":"ListItem","position":2,"name":"Japan to donate medical equipment to Cuba"}]},{"@type":"WebSite","@id":"https:\/\/oncubanews.com\/en\/#website","url":"https:\/\/oncubanews.com\/en\/","name":"OnCubaNews English","description":"Revista sobre Cuba","potentialAction":[{"@type":"SearchAction","target":{"@type":"EntryPoint","urlTemplate":"https:\/\/oncubanews.com\/en\/?s={search_term_string}"},"query-input":{"@type":"PropertyValueSpecification","valueRequired":true,"valueName":"search_term_string"}}],"inLanguage":"en-US"},{"@type":"Person","@id":"https:\/\/oncubanews.com\/en\/#\/schema\/person\/d7171bf311032ab1f557dd8332e714af","name":"OnCuba Staff","image":{"@type":"ImageObject","inLanguage":"en-US","@id":"https:\/\/secure.gravatar.com\/avatar\/4b4c4d6109baadde898bb1af22ea4a4af5f4417b86a5d1800bf17531bfb128fc?s=96&r=g17310096d4dde63ebae0e54fbb19218a","url":"https:\/\/secure.gravatar.com\/avatar\/4b4c4d6109baadde898bb1af22ea4a4af5f4417b86a5d1800bf17531bfb128fc?s=96&r=g","contentUrl":"https:\/\/secure.gravatar.com\/avatar\/4b4c4d6109baadde898bb1af22ea4a4af5f4417b86a5d1800bf17531bfb128fc?s=96&r=g","caption":"OnCuba Staff"},"url":"https:\/\/oncubanews.com\/en\/author\/oncuba-editorial-staff\/"}]}},"authors":[{"term_id":33546,"user_id":3134,"is_guest":0,"slug":"oncuba-editorial-staff","display_name":"OnCuba Staff","avatar_url":"https:\/\/secure.gravatar.com\/avatar\/4b4c4d6109baadde898bb1af22ea4a4af5f4417b86a5d1800bf17531bfb128fc?s=96&r=g","0":null,"1":"","2":"","3":"","4":"","5":"","6":"","7":"","8":""},{"term_id":8689,"user_id":3134,"is_guest":0,"slug":"oncuba-editorial-staff","display_name":"OnCuba editorial staff","avatar_url":{"url":"https:\/\/oncubanews.com\/en\/wp-content\/uploads\/2018\/10\/avatar-ocnews-1.png","url2x":"https:\/\/oncubanews.com\/en\/wp-content\/uploads\/2018\/10\/avatar-ocnews-1.png"},"0":null,"1":"","2":"","3":"","4":"","5":"","6":"","7":"","8":""}],"_links":{"self":[{"href":"https:\/\/oncubanews.com\/en\/wp-json\/wp\/v2\/posts\/227736","targetHints":{"allow":["GET"]}}],"collection":[{"href":"https:\/\/oncubanews.com\/en\/wp-json\/wp\/v2\/posts"}],"about":[{"href":"https:\/\/oncubanews.com\/en\/wp-json\/wp\/v2\/types\/post"}],"author":[{"embeddable":true,"href":"https:\/\/oncubanews.com\/en\/wp-json\/wp\/v2\/users\/3134"}],"replies":[{"embeddable":true,"href":"https:\/\/oncubanews.com\/en\/wp-json\/wp\/v2\/comments?post=227736"}],"version-history":[{"count":0,"href":"https:\/\/oncubanews.com\/en\/wp-json\/wp\/v2\/posts\/227736\/revisions"}],"wp:featuredmedia":[{"embeddable":true,"href":"https:\/\/oncubanews.com\/en\/wp-json\/wp\/v2\/media\/227737"}],"wp:attachment":[{"href":"https:\/\/oncubanews.com\/en\/wp-json\/wp\/v2\/media?parent=227736"}],"wp:term":[{"taxonomy":"category","embeddable":true,"href":"https:\/\/oncubanews.com\/en\/wp-json\/wp\/v2\/categories?post=227736"},{"taxonomy":"post_tag","embeddable":true,"href":"https:\/\/oncubanews.com\/en\/wp-json\/wp\/v2\/tags?post=227736"},{"taxonomy":"author","embeddable":true,"href":"https:\/\/oncubanews.com\/en\/wp-json\/wp\/v2\/ppma_author?post=227736"}],"curies":[{"name":"wp","href":"https:\/\/api.w.org\/{rel}","templated":true}]}}