
{"id":227845,"date":"2020-09-21T13:20:23","date_gmt":"2020-09-21T17:20:23","guid":{"rendered":"https:\/\/oncubanews.com\/en\/?p=227845"},"modified":"2020-09-21T13:20:23","modified_gmt":"2020-09-21T17:20:23","slug":"tamayo-and-me","status":"publish","type":"post","link":"https:\/\/oncubanews.com\/en\/cuba\/tamayo-and-me\/","title":{"rendered":"Tamayo and me"},"content":{"rendered":"<p><a href=\"https:\/\/oncubanews.com\/opinion\/columnas\/los-mil-y-un-cuentos-yuris-norido\/un-cubano-en-el-cosmos\/\" target=\"_blank\" rel=\"noopener noreferrer\"><span style=\"font-weight: 400;\">Arnaldo Tamayo M\u00e9ndez<\/span><\/a><span style=\"font-weight: 400;\"> was 38 years old when he flew into outer space. I was not yet four. By then, Tamayo had already been in the process of selection and arduous preparation for the joint Soviet-Cuban flight of the <\/span><i><span style=\"font-weight: 400;\">Soyuz 38<\/span><\/i><span style=\"font-weight: 400;\"> for nearly three years. During that time, I had learned things that were very important to anyone, such as talking, walking and not peeing in my pants, which, however, cannot be remotely compared to flying to the <\/span><i><span style=\"font-weight: 400;\">Saliut 6<\/span><\/i><span style=\"font-weight: 400;\"> orbital station alongside Soviet Yuri Romanenko to spend more than a week in space and go around the Earth\u2019s orbit 128 times.<\/span><\/p>\n<figure id=\"attachment_227847\" aria-describedby=\"caption-attachment-227847\" style=\"width: 550px\" class=\"wp-caption aligncenter\"><a href=\"https:\/\/oncubanews.com\/en\/wp-content\/uploads\/2020\/09\/40561-fotografia-g-1.jpg\"><img loading=\"lazy\" decoding=\"async\" class=\"size-full wp-image-227847\" src=\"https:\/\/oncubanews.com\/en\/wp-content\/uploads\/2020\/09\/40561-fotografia-g-1.jpg\" alt=\"\" width=\"550\" height=\"427\" srcset=\"https:\/\/oncubanews.com\/en\/wp-content\/uploads\/2020\/09\/40561-fotografia-g-1.jpg 550w, https:\/\/oncubanews.com\/en\/wp-content\/uploads\/2020\/09\/40561-fotografia-g-1-300x233.jpg 300w\" sizes=\"auto, (max-width: 550px) 100vw, 550px\" \/><\/a><figcaption id=\"caption-attachment-227847\" class=\"wp-caption-text\">Two crews were prepared for this flight. One, formed by Romanenko and Tamayo and another by Eugeni Jrunov and Revolutionary Armed Forces Captain Jos\u00e9 Armando L\u00f3pez Falc\u00f3n. Photo: Perfecto Romero via Juventud Rebelde<\/figcaption><\/figure>\n<p><span style=\"font-weight: 400;\">On September 18, 1980, <\/span><a href=\"https:\/\/oncubanews.com\/cuba\/cuba-celebra-40-anos-de-la-gesta-de-arnaldo-tamayo-primer-cosmonauta-latinoamericano\/\" target=\"_blank\" rel=\"noopener noreferrer\"><span style=\"font-weight: 400;\">40 years ago<\/span><\/a><span style=\"font-weight: 400;\">, at 10:11 p.m. Moscow time, 3:11 p.m. Cuban time, Tamayo and Romanenko took off from the Baikonur cosmodrome in Kazakhstan. The Cuban was traveling as a research cosmonaut; the Soviet\u2015who had already flown to the <\/span><i><span style=\"font-weight: 400;\">Saliut<\/span><\/i><span style=\"font-weight: 400;\"> space station in 1977, to spend more than three months and even do a spacewalk\u2015as commander of the spacecraft. Leonid Popov and Valeri Riumin were also waiting for them at the orbital station.<\/span><\/p>\n<p><span style=\"font-weight: 400;\">I don\u2019t know if it was that night or one of the next six that my father carried me to the balcony to show me the starry sky. The Cuban cosmonaut was up there, thousands of kilometers from my native Camag\u00fcey, somewhere lost between the blackness and the late reflection of the stars, and the whole country celebrated it as if it were the decisive victory over imperialism. My father, who had just returned from Bulgaria, from where he had brought me, among other things, some huge towels with the smiling image of the little bear Misha\u2015the Moscow 1980 Olympics mascot\u2015told me something about outer space and pointed to the night sky.<\/span><\/p>\n<p><span style=\"font-weight: 400;\">This is one of the first memories I have of my childhood. I, in my father\u2019s arms; him, showing me the night sky, without being able to distinguish exactly what he was pointing for me. Or perhaps he was not pointing out anything, he was just making me notice the immensity of the universe in which that intrepid Cuban, black and eastern Cuban pilot had immersed himself for more signs, and then, over the years, I added to his gesture the meanings I never had and for which I never got to ask him.<\/span><\/p>\n<figure id=\"attachment_227849\" aria-describedby=\"caption-attachment-227849\" style=\"width: 550px\" class=\"wp-caption aligncenter\"><a href=\"https:\/\/oncubanews.com\/en\/wp-content\/uploads\/2020\/09\/40572-fotografia-g-1.jpg\"><img loading=\"lazy\" decoding=\"async\" class=\"size-full wp-image-227849\" src=\"https:\/\/oncubanews.com\/en\/wp-content\/uploads\/2020\/09\/40572-fotografia-g-1.jpg\" alt=\"\" width=\"550\" height=\"413\" srcset=\"https:\/\/oncubanews.com\/en\/wp-content\/uploads\/2020\/09\/40572-fotografia-g-1.jpg 550w, https:\/\/oncubanews.com\/en\/wp-content\/uploads\/2020\/09\/40572-fotografia-g-1-300x225.jpg 300w\" sizes=\"auto, (max-width: 550px) 100vw, 550px\" \/><\/a><figcaption id=\"caption-attachment-227849\" class=\"wp-caption-text\">On September 19, the Soyuz 38 docked with the Saliut 6 orbital spacecraft, a space station that operated for almost 5 years (from September 1977 to July 1982). There they joined the fourth resident crew on Saliut 6, made up of cosmonauts Leonid Popov and Valeri Riumin. Photo: Juventud Rebelde<\/figcaption><\/figure>\n<p><span style=\"font-weight: 400;\">Tamayo and Romanenko\u2019s flight, which was part of the Intercosmos program promoted by the former socialist power, would last 159 hours, 49 minutes and nine seconds. While they were on <\/span><i><span style=\"font-weight: 400;\">Saliut 6<\/span><\/i><span style=\"font-weight: 400;\"> they moved at just over 28,000 kilometers per hour, about eight kilometers per second, taking an hour and a half to bypass the planet. The Cuban, <\/span><a href=\"http:\/\/www.venceremos.cu\/41-arnaldo-tamayo-mendez\/3609-yo-vengo-de-alla-abajo\" target=\"_blank\" rel=\"noopener noreferrer\"><span style=\"font-weight: 400;\">according to himself<\/span><\/a><span style=\"font-weight: 400;\">, did not have a very good time at first and took three days to adjust to the weightlessness. However, he was able to recover and participated in a score of experiments and research tasks, most of them proposed by Cuban scientists. Finally, he returned to Earth on the 26th with Romanenko, and both were received as heroes and decorated in Cuba and the Soviet Union.<\/span><\/p>\n<figure id=\"attachment_227850\" aria-describedby=\"caption-attachment-227850\" style=\"width: 550px\" class=\"wp-caption aligncenter\"><a href=\"https:\/\/oncubanews.com\/en\/wp-content\/uploads\/2020\/09\/40568-fotografia-g-1.jpg\"><img loading=\"lazy\" decoding=\"async\" class=\"size-full wp-image-227850\" src=\"https:\/\/oncubanews.com\/en\/wp-content\/uploads\/2020\/09\/40568-fotografia-g-1.jpg\" alt=\"\" width=\"550\" height=\"356\" srcset=\"https:\/\/oncubanews.com\/en\/wp-content\/uploads\/2020\/09\/40568-fotografia-g-1.jpg 550w, https:\/\/oncubanews.com\/en\/wp-content\/uploads\/2020\/09\/40568-fotografia-g-1-300x194.jpg 300w\" sizes=\"auto, (max-width: 550px) 100vw, 550px\" \/><\/a><figcaption id=\"caption-attachment-227850\" class=\"wp-caption-text\">On September 26, 1980, Tamayo and Romanenko return to Earth in the descent capsule of the Soyuz 38 spacecraft that landed at the Kazakhstan cosmodrome. Photo: Juventud Rebelde<\/figcaption><\/figure>\n<p><span style=\"font-weight: 400;\">By then, I was far from knowing what the Cold War and the Space Race were, or how the socialist propaganda worked, which quickly, even before the historic flight, multiplied Tamayo\u2019s face and name throughout Cuba, and turned his feat into children\u2019s songs and contests. The dark-skinned, Guant\u00e1namo-born cosmonaut, son of a humble family, who had made a career in the Cuban air force until reaching the rank of lieutenant colonel, was praised as an example of the greatness of Socialism, that there were no limits for human beings in our luminous social system. Going to outer space, after all, was not impossible for those born on the island.<\/span><\/p>\n<p><span style=\"font-weight: 400;\">I grew up, like the rest of my generation, with that image. The dream of flying into space, of discovering the mysteries of the universe, of wearing a spacesuit and contemplating the Earth from the hatch of a spacecraft, encouraged us all at some point. It didn\u2019t matter that in our fantasies science fiction films were mixed with instructive publications that arrived many times from the Soviet Union itself, the battles in Star Wars and Japanese animes with school reading notebooks that glorified the conquest of outer space. In our stellar pantheon, along with Luke Skywalker and Voltus V, was\u2015perhaps not at the same height, but he was there\u2015Arnaldo Tamayo M\u00e9ndez.<\/span><\/p>\n<p><span style=\"font-weight: 400;\">The illusion would gradually dissipate. The 1980s would pass without any other compatriot following in Tamayo\u2019s footsteps. Nor did he return to space, as did his partner Romanenko, who in 1987 spent almost a year on the <\/span><i><span style=\"font-weight: 400;\">Mir<\/span><\/i><span style=\"font-weight: 400;\"> orbital station and definitively inscribed his name among the legends of cosmonautics. Personally, I found that short-sighted as I was, I couldn\u2019t fly even an escape module, even if I still fantasized about robot explorers and lightsabers. My father would return to Bulgaria and upon his final return to Cuba he would end up divorcing my mother. The cosmos was never a topic of our many conversations since then.<\/span><\/p>\n<figure id=\"attachment_227851\" aria-describedby=\"caption-attachment-227851\" style=\"width: 550px\" class=\"wp-caption aligncenter\"><a href=\"https:\/\/oncubanews.com\/en\/wp-content\/uploads\/2020\/09\/40575-fotografia-g-1-1.jpg\"><img loading=\"lazy\" decoding=\"async\" class=\"wp-image-227851 size-full\" src=\"https:\/\/oncubanews.com\/en\/wp-content\/uploads\/2020\/09\/40575-fotografia-g-1-1.jpg\" alt=\"\" width=\"550\" height=\"594\" srcset=\"https:\/\/oncubanews.com\/en\/wp-content\/uploads\/2020\/09\/40575-fotografia-g-1-1.jpg 550w, https:\/\/oncubanews.com\/en\/wp-content\/uploads\/2020\/09\/40575-fotografia-g-1-1-278x300.jpg 278w\" sizes=\"auto, (max-width: 550px) 100vw, 550px\" \/><\/a><figcaption id=\"caption-attachment-227851\" class=\"wp-caption-text\">Yuri Romanenko and Arnaldo Tamayo<\/figcaption><\/figure>\n<p><span style=\"font-weight: 400;\">However, I kept thinking that before 2000 a lot could happen. And it was so, although not exactly as I imagined. Among them, the collapse of the socialist camp, the arrival of the Special Period and the death of my father.<\/span><\/p>\n<p><span style=\"font-weight: 400;\">In the 1990s, with the constant power cuts and the demise of the Soviet Union, the cosmos became much more distant than it already was. At least for the Cubans. Getting on a spacecraft and looking at the Earth from up there definitely became a utopia. In an illusory and meaningless mission in the midst of so many shortcomings, so many earthly needs. Those of my generation barely talked about Tamayo, even when his face appeared from time to time in the newspapers and newscasts, and when we did, the\u2015unfairly\u2015ridicule, typical of that national taste for making jokes, surfaced not infrequently, laughing at even the most sacred things. (I remember a recurring joke from senior high, according to which the Cuban had returned from space with his hands swollen, due to the slaps that Romanenko gave him when he tried to touch something on the ship.)<\/span><\/p>\n<p><span style=\"font-weight: 400;\">Another 20 years have passed since 2000. Cuba is certainly no longer the same as two decades or, much less, four decades ago, although in some ways it still resembles it. Neither is the world. The Soviet Union does not exist and its heir, Russia, although it maintains an active space program and has strengthened ties with the island, has not invited any Cubans to return to space. The United States leads the space race and a Cuban-American, astronaut and NASA surgeon Serena M. Au\u00f1\u00f3n\u2015who like I was three years old when Tamayo M\u00e9ndez flew in the <\/span><i><span style=\"font-weight: 400;\">Soyuz 38<\/span><\/i><span style=\"font-weight: 400;\">\u2015<\/span><a href=\"https:\/\/peopleenespanol.com\/noticias\/astronauta-lleva-comida-cubana-al-espacio\/\" target=\"_blank\" rel=\"noopener noreferrer\"><span style=\"font-weight: 400;\">went into space in 2018 taking some black beans prepared by her family<\/span><\/a><span style=\"font-weight: 400;\">.<\/span><\/p>\n<p><span style=\"font-weight: 400;\">However, beyond the jokes and time, Tamayo\u2019s feat has not been dwarfed. Conversely. Even though many others have flown from our planet since then, today\u2019s Cuban Brigadier General continues to be a pioneer: the first Latin American, Spanish-speaking and Afro-descendant to do so. Not because of a photo or a political campaign, but because of the events that build posterity. That merit, such as having been among the first hundred men to travel to outer space\u2015and placing Cuba as the ninth country to send one of its own into space\u2015will forever accompany his name.<\/span><\/p>\n<p><span style=\"font-weight: 400;\">At 78, Tamayo keeps that flight fresh in his memories as if it had happened yesterday. And I, as I suppose many other Cubans will, too. So 40 years ago, I had no idea what was happening, why my father would carry me to the balcony to show me the starry sky. But that night would be permanently etched in my memory and would forever give the Cuban cosmonaut a special place in my affections. Even if I don\u2019t know him personally. Even though his trip also had a political and propaganda sense. Four decades ago he was up there with Romanenko, and I was down here in my father\u2019s arms. And that\u2019s enough so that, even as the years go by, he continues to be in my stellar pantheon, along with Luke Skywalker and Voltus V.<\/span><\/p>\n","protected":false},"excerpt":{"rendered":"<p>Arnaldo Tamayo M\u00e9ndez was 38 years old when he flew into outer space. I was not yet four. By then, Tamayo had already been in the process of selection and arduous preparation for the joint Soviet-Cuban flight of the Soyuz 38 for nearly three years. During that time, I had learned things that were very [&hellip;]<\/p>\n","protected":false},"author":3261,"featured_media":227846,"comment_status":"open","ping_status":"closed","sticky":false,"template":"","format":"standard","meta":{"_acf_changed":false,"footnotes":""},"categories":[13902,13915],"tags":[33414,15273],"ppma_author":[33550,14826],"class_list":["post-227845","post","type-post","status-publish","format-standard","has-post-thumbnail","hentry","category-cuba","category-science-cuba","tag-arnaldo-tamayo-mendez","tag-cuban-science"],"acf":[],"yoast_head":"<!-- This site is optimized with the Yoast SEO plugin v27.3 - https:\/\/yoast.com\/product\/yoast-seo-wordpress\/ -->\n<title>Tamayo and me | OnCubaNews English<\/title>\n<meta name=\"description\" content=\"Cuban cosmonaut Arnaldo Tamayo M\u00e9ndez (left) at the Saliut 6 orbital station, in September 1980. Photo: Juventud Rebelde\/Archive.\" \/>\n<meta name=\"robots\" content=\"index, follow, max-snippet:-1, max-image-preview:large, max-video-preview:-1\" \/>\n<link rel=\"canonical\" href=\"https:\/\/oncubanews.com\/en\/cuba\/tamayo-and-me\/\" \/>\n<meta property=\"og:locale\" content=\"en_US\" \/>\n<meta property=\"og:type\" content=\"article\" \/>\n<meta property=\"og:title\" content=\"Tamayo and me | OnCubaNews English\" \/>\n<meta property=\"og:description\" content=\"Cuban cosmonaut Arnaldo Tamayo M\u00e9ndez (left) at the Saliut 6 orbital station, in September 1980. Photo: Juventud Rebelde\/Archive.\" \/>\n<meta property=\"og:url\" content=\"https:\/\/oncubanews.com\/en\/cuba\/tamayo-and-me\/\" \/>\n<meta property=\"og:site_name\" content=\"OnCubaNews English\" \/>\n<meta property=\"article:published_time\" content=\"2020-09-21T17:20:23+00:00\" \/>\n<meta property=\"og:image\" content=\"https:\/\/oncubanews.com\/en\/wp-content\/uploads\/2020\/09\/40562-fotografia-g-1.jpg\" \/>\n\t<meta property=\"og:image:width\" content=\"550\" \/>\n\t<meta property=\"og:image:height\" content=\"416\" \/>\n\t<meta property=\"og:image:type\" content=\"image\/jpeg\" \/>\n<meta name=\"author\" content=\"Eric Caraballoso, Eric Caraballosa\" \/>\n<meta name=\"twitter:card\" content=\"summary_large_image\" \/>\n<meta name=\"twitter:label1\" content=\"Written by\" \/>\n\t<meta name=\"twitter:data1\" content=\"Eric Caraballoso\" \/>\n\t<meta name=\"twitter:label2\" content=\"Est. reading time\" \/>\n\t<meta name=\"twitter:data2\" content=\"8 minutes\" \/>\n<script type=\"application\/ld+json\" class=\"yoast-schema-graph\">{\"@context\":\"https:\\\/\\\/schema.org\",\"@graph\":[{\"@type\":\"Article\",\"@id\":\"https:\\\/\\\/oncubanews.com\\\/en\\\/cuba\\\/tamayo-and-me\\\/#article\",\"isPartOf\":{\"@id\":\"https:\\\/\\\/oncubanews.com\\\/en\\\/cuba\\\/tamayo-and-me\\\/\"},\"author\":{\"name\":\"Eric Caraballoso\",\"@id\":\"https:\\\/\\\/oncubanews.com\\\/en\\\/#\\\/schema\\\/person\\\/ab0162526e61405906a4732727689ef7\"},\"headline\":\"Tamayo and me\",\"datePublished\":\"2020-09-21T17:20:23+00:00\",\"mainEntityOfPage\":{\"@id\":\"https:\\\/\\\/oncubanews.com\\\/en\\\/cuba\\\/tamayo-and-me\\\/\"},\"wordCount\":1516,\"commentCount\":0,\"image\":{\"@id\":\"https:\\\/\\\/oncubanews.com\\\/en\\\/cuba\\\/tamayo-and-me\\\/#primaryimage\"},\"thumbnailUrl\":\"https:\\\/\\\/oncubanews.com\\\/en\\\/wp-content\\\/uploads\\\/2020\\\/09\\\/40562-fotografia-g-1.jpg\",\"keywords\":[\"Arnaldo Tamayo M\u00e9ndez\",\"Cuban science\"],\"articleSection\":[\"Cuba\",\"Science\"],\"inLanguage\":\"en-US\",\"potentialAction\":[{\"@type\":\"CommentAction\",\"name\":\"Comment\",\"target\":[\"https:\\\/\\\/oncubanews.com\\\/en\\\/cuba\\\/tamayo-and-me\\\/#respond\"]}],\"copyrightYear\":\"2020\",\"copyrightHolder\":{\"@id\":\"https:\\\/\\\/oncubanews.com\\\/en\\\/#organization\"}},{\"@type\":\"WebPage\",\"@id\":\"https:\\\/\\\/oncubanews.com\\\/en\\\/cuba\\\/tamayo-and-me\\\/\",\"url\":\"https:\\\/\\\/oncubanews.com\\\/en\\\/cuba\\\/tamayo-and-me\\\/\",\"name\":\"Tamayo and me | OnCubaNews English\",\"isPartOf\":{\"@id\":\"https:\\\/\\\/oncubanews.com\\\/en\\\/#website\"},\"primaryImageOfPage\":{\"@id\":\"https:\\\/\\\/oncubanews.com\\\/en\\\/cuba\\\/tamayo-and-me\\\/#primaryimage\"},\"image\":{\"@id\":\"https:\\\/\\\/oncubanews.com\\\/en\\\/cuba\\\/tamayo-and-me\\\/#primaryimage\"},\"thumbnailUrl\":\"https:\\\/\\\/oncubanews.com\\\/en\\\/wp-content\\\/uploads\\\/2020\\\/09\\\/40562-fotografia-g-1.jpg\",\"datePublished\":\"2020-09-21T17:20:23+00:00\",\"author\":{\"@id\":\"https:\\\/\\\/oncubanews.com\\\/en\\\/#\\\/schema\\\/person\\\/ab0162526e61405906a4732727689ef7\"},\"description\":\"Cuban cosmonaut Arnaldo Tamayo M\u00e9ndez (left) at the Saliut 6 orbital station, in September 1980. Photo: Juventud Rebelde\\\/Archive.\",\"breadcrumb\":{\"@id\":\"https:\\\/\\\/oncubanews.com\\\/en\\\/cuba\\\/tamayo-and-me\\\/#breadcrumb\"},\"inLanguage\":\"en-US\",\"potentialAction\":[{\"@type\":\"ReadAction\",\"target\":[\"https:\\\/\\\/oncubanews.com\\\/en\\\/cuba\\\/tamayo-and-me\\\/\"]}]},{\"@type\":\"ImageObject\",\"inLanguage\":\"en-US\",\"@id\":\"https:\\\/\\\/oncubanews.com\\\/en\\\/cuba\\\/tamayo-and-me\\\/#primaryimage\",\"url\":\"https:\\\/\\\/oncubanews.com\\\/en\\\/wp-content\\\/uploads\\\/2020\\\/09\\\/40562-fotografia-g-1.jpg\",\"contentUrl\":\"https:\\\/\\\/oncubanews.com\\\/en\\\/wp-content\\\/uploads\\\/2020\\\/09\\\/40562-fotografia-g-1.jpg\",\"width\":550,\"height\":416,\"caption\":\"Cuban cosmonaut Arnaldo Tamayo M\u00e9ndez (left) at the Saliut 6 orbital station, in September 1980. Photo: Juventud Rebelde\\\/Archive.\"},{\"@type\":\"BreadcrumbList\",\"@id\":\"https:\\\/\\\/oncubanews.com\\\/en\\\/cuba\\\/tamayo-and-me\\\/#breadcrumb\",\"itemListElement\":[{\"@type\":\"ListItem\",\"position\":1,\"name\":\"Portada\",\"item\":\"https:\\\/\\\/oncubanews.com\\\/en\\\/\"},{\"@type\":\"ListItem\",\"position\":2,\"name\":\"Tamayo and me\"}]},{\"@type\":\"WebSite\",\"@id\":\"https:\\\/\\\/oncubanews.com\\\/en\\\/#website\",\"url\":\"https:\\\/\\\/oncubanews.com\\\/en\\\/\",\"name\":\"OnCubaNews English\",\"description\":\"Revista sobre Cuba\",\"potentialAction\":[{\"@type\":\"SearchAction\",\"target\":{\"@type\":\"EntryPoint\",\"urlTemplate\":\"https:\\\/\\\/oncubanews.com\\\/en\\\/?s={search_term_string}\"},\"query-input\":{\"@type\":\"PropertyValueSpecification\",\"valueRequired\":true,\"valueName\":\"search_term_string\"}}],\"inLanguage\":\"en-US\"},{\"@type\":\"Person\",\"@id\":\"https:\\\/\\\/oncubanews.com\\\/en\\\/#\\\/schema\\\/person\\\/ab0162526e61405906a4732727689ef7\",\"name\":\"Eric Caraballoso\",\"image\":{\"@type\":\"ImageObject\",\"inLanguage\":\"en-US\",\"@id\":\"https:\\\/\\\/oncubanews.com\\\/wp-content\\\/uploads\\\/2015\\\/09\\\/Eric-Caraballosa_avatar_1442265168-96x96.jpg78fa763b15fce7416ea24dbfe94bf6e6\",\"url\":\"https:\\\/\\\/oncubanews.com\\\/wp-content\\\/uploads\\\/2015\\\/09\\\/Eric-Caraballosa_avatar_1442265168-96x96.jpg\",\"contentUrl\":\"https:\\\/\\\/oncubanews.com\\\/wp-content\\\/uploads\\\/2015\\\/09\\\/Eric-Caraballosa_avatar_1442265168-96x96.jpg\",\"caption\":\"Eric Caraballoso\"},\"url\":\"https:\\\/\\\/oncubanews.com\\\/en\\\/author\\\/eric-caraballoso\\\/\"}]}<\/script>\n<!-- \/ Yoast SEO plugin. -->","yoast_head_json":{"title":"Tamayo and me | OnCubaNews English","description":"Cuban cosmonaut Arnaldo Tamayo M\u00e9ndez (left) at the Saliut 6 orbital station, in September 1980. Photo: Juventud Rebelde\/Archive.","robots":{"index":"index","follow":"follow","max-snippet":"max-snippet:-1","max-image-preview":"max-image-preview:large","max-video-preview":"max-video-preview:-1"},"canonical":"https:\/\/oncubanews.com\/en\/cuba\/tamayo-and-me\/","og_locale":"en_US","og_type":"article","og_title":"Tamayo and me | OnCubaNews English","og_description":"Cuban cosmonaut Arnaldo Tamayo M\u00e9ndez (left) at the Saliut 6 orbital station, in September 1980. Photo: Juventud Rebelde\/Archive.","og_url":"https:\/\/oncubanews.com\/en\/cuba\/tamayo-and-me\/","og_site_name":"OnCubaNews English","article_published_time":"2020-09-21T17:20:23+00:00","og_image":[{"width":550,"height":416,"url":"https:\/\/oncubanews.com\/en\/wp-content\/uploads\/2020\/09\/40562-fotografia-g-1.jpg","type":"image\/jpeg"}],"author":"Eric Caraballoso, Eric Caraballosa","twitter_card":"summary_large_image","twitter_misc":{"Written by":"Eric Caraballoso","Est. reading time":"8 minutes"},"schema":{"@context":"https:\/\/schema.org","@graph":[{"@type":"Article","@id":"https:\/\/oncubanews.com\/en\/cuba\/tamayo-and-me\/#article","isPartOf":{"@id":"https:\/\/oncubanews.com\/en\/cuba\/tamayo-and-me\/"},"author":{"name":"Eric Caraballoso","@id":"https:\/\/oncubanews.com\/en\/#\/schema\/person\/ab0162526e61405906a4732727689ef7"},"headline":"Tamayo and me","datePublished":"2020-09-21T17:20:23+00:00","mainEntityOfPage":{"@id":"https:\/\/oncubanews.com\/en\/cuba\/tamayo-and-me\/"},"wordCount":1516,"commentCount":0,"image":{"@id":"https:\/\/oncubanews.com\/en\/cuba\/tamayo-and-me\/#primaryimage"},"thumbnailUrl":"https:\/\/oncubanews.com\/en\/wp-content\/uploads\/2020\/09\/40562-fotografia-g-1.jpg","keywords":["Arnaldo Tamayo M\u00e9ndez","Cuban science"],"articleSection":["Cuba","Science"],"inLanguage":"en-US","potentialAction":[{"@type":"CommentAction","name":"Comment","target":["https:\/\/oncubanews.com\/en\/cuba\/tamayo-and-me\/#respond"]}],"copyrightYear":"2020","copyrightHolder":{"@id":"https:\/\/oncubanews.com\/en\/#organization"}},{"@type":"WebPage","@id":"https:\/\/oncubanews.com\/en\/cuba\/tamayo-and-me\/","url":"https:\/\/oncubanews.com\/en\/cuba\/tamayo-and-me\/","name":"Tamayo and me | OnCubaNews English","isPartOf":{"@id":"https:\/\/oncubanews.com\/en\/#website"},"primaryImageOfPage":{"@id":"https:\/\/oncubanews.com\/en\/cuba\/tamayo-and-me\/#primaryimage"},"image":{"@id":"https:\/\/oncubanews.com\/en\/cuba\/tamayo-and-me\/#primaryimage"},"thumbnailUrl":"https:\/\/oncubanews.com\/en\/wp-content\/uploads\/2020\/09\/40562-fotografia-g-1.jpg","datePublished":"2020-09-21T17:20:23+00:00","author":{"@id":"https:\/\/oncubanews.com\/en\/#\/schema\/person\/ab0162526e61405906a4732727689ef7"},"description":"Cuban cosmonaut Arnaldo Tamayo M\u00e9ndez (left) at the Saliut 6 orbital station, in September 1980. Photo: Juventud Rebelde\/Archive.","breadcrumb":{"@id":"https:\/\/oncubanews.com\/en\/cuba\/tamayo-and-me\/#breadcrumb"},"inLanguage":"en-US","potentialAction":[{"@type":"ReadAction","target":["https:\/\/oncubanews.com\/en\/cuba\/tamayo-and-me\/"]}]},{"@type":"ImageObject","inLanguage":"en-US","@id":"https:\/\/oncubanews.com\/en\/cuba\/tamayo-and-me\/#primaryimage","url":"https:\/\/oncubanews.com\/en\/wp-content\/uploads\/2020\/09\/40562-fotografia-g-1.jpg","contentUrl":"https:\/\/oncubanews.com\/en\/wp-content\/uploads\/2020\/09\/40562-fotografia-g-1.jpg","width":550,"height":416,"caption":"Cuban cosmonaut Arnaldo Tamayo M\u00e9ndez (left) at the Saliut 6 orbital station, in September 1980. Photo: Juventud Rebelde\/Archive."},{"@type":"BreadcrumbList","@id":"https:\/\/oncubanews.com\/en\/cuba\/tamayo-and-me\/#breadcrumb","itemListElement":[{"@type":"ListItem","position":1,"name":"Portada","item":"https:\/\/oncubanews.com\/en\/"},{"@type":"ListItem","position":2,"name":"Tamayo and me"}]},{"@type":"WebSite","@id":"https:\/\/oncubanews.com\/en\/#website","url":"https:\/\/oncubanews.com\/en\/","name":"OnCubaNews English","description":"Revista sobre Cuba","potentialAction":[{"@type":"SearchAction","target":{"@type":"EntryPoint","urlTemplate":"https:\/\/oncubanews.com\/en\/?s={search_term_string}"},"query-input":{"@type":"PropertyValueSpecification","valueRequired":true,"valueName":"search_term_string"}}],"inLanguage":"en-US"},{"@type":"Person","@id":"https:\/\/oncubanews.com\/en\/#\/schema\/person\/ab0162526e61405906a4732727689ef7","name":"Eric Caraballoso","image":{"@type":"ImageObject","inLanguage":"en-US","@id":"https:\/\/oncubanews.com\/wp-content\/uploads\/2015\/09\/Eric-Caraballosa_avatar_1442265168-96x96.jpg78fa763b15fce7416ea24dbfe94bf6e6","url":"https:\/\/oncubanews.com\/wp-content\/uploads\/2015\/09\/Eric-Caraballosa_avatar_1442265168-96x96.jpg","contentUrl":"https:\/\/oncubanews.com\/wp-content\/uploads\/2015\/09\/Eric-Caraballosa_avatar_1442265168-96x96.jpg","caption":"Eric Caraballoso"},"url":"https:\/\/oncubanews.com\/en\/author\/eric-caraballoso\/"}]}},"authors":[{"term_id":33550,"user_id":3261,"is_guest":0,"slug":"eric-caraballoso","display_name":"Eric Caraballoso","avatar_url":"https:\/\/oncubanews.com\/wp-content\/uploads\/2015\/09\/Eric-Caraballosa_avatar_1442265168-96x96.jpg","0":null,"1":"","2":"","3":"","4":"","5":"","6":"","7":"","8":""},{"term_id":14826,"user_id":0,"is_guest":1,"slug":"cap-eric-caraballoso","display_name":"Eric Caraballosa","avatar_url":"https:\/\/secure.gravatar.com\/avatar\/?s=96&r=g","0":null,"1":"","2":"","3":"","4":"","5":"","6":"","7":"","8":""}],"_links":{"self":[{"href":"https:\/\/oncubanews.com\/en\/wp-json\/wp\/v2\/posts\/227845","targetHints":{"allow":["GET"]}}],"collection":[{"href":"https:\/\/oncubanews.com\/en\/wp-json\/wp\/v2\/posts"}],"about":[{"href":"https:\/\/oncubanews.com\/en\/wp-json\/wp\/v2\/types\/post"}],"author":[{"embeddable":true,"href":"https:\/\/oncubanews.com\/en\/wp-json\/wp\/v2\/users\/3261"}],"replies":[{"embeddable":true,"href":"https:\/\/oncubanews.com\/en\/wp-json\/wp\/v2\/comments?post=227845"}],"version-history":[{"count":0,"href":"https:\/\/oncubanews.com\/en\/wp-json\/wp\/v2\/posts\/227845\/revisions"}],"wp:featuredmedia":[{"embeddable":true,"href":"https:\/\/oncubanews.com\/en\/wp-json\/wp\/v2\/media\/227846"}],"wp:attachment":[{"href":"https:\/\/oncubanews.com\/en\/wp-json\/wp\/v2\/media?parent=227845"}],"wp:term":[{"taxonomy":"category","embeddable":true,"href":"https:\/\/oncubanews.com\/en\/wp-json\/wp\/v2\/categories?post=227845"},{"taxonomy":"post_tag","embeddable":true,"href":"https:\/\/oncubanews.com\/en\/wp-json\/wp\/v2\/tags?post=227845"},{"taxonomy":"author","embeddable":true,"href":"https:\/\/oncubanews.com\/en\/wp-json\/wp\/v2\/ppma_author?post=227845"}],"curies":[{"name":"wp","href":"https:\/\/api.w.org\/{rel}","templated":true}]}}