
{"id":228651,"date":"2020-10-07T12:03:08","date_gmt":"2020-10-07T16:03:08","guid":{"rendered":"https:\/\/oncubanews.com\/en\/?p=228651"},"modified":"2020-10-07T12:03:08","modified_gmt":"2020-10-07T16:03:08","slug":"more-than-26000-people-evacuated-in-western-cuba-during-passage-of-hurricane-delta","status":"publish","type":"post","link":"https:\/\/oncubanews.com\/en\/cuba\/more-than-26000-people-evacuated-in-western-cuba-during-passage-of-hurricane-delta\/","title":{"rendered":"More than 26,000 people evacuated in western Cuba during passage of Hurricane Delta"},"content":{"rendered":"<p><span style=\"font-weight: 400;\">More than 26,000 people remain evacuated in western Cuba due to the proximity of the dangerous <\/span><a href=\"https:\/\/oncubanews.com\/tag\/huracanes\/\"><span style=\"font-weight: 400;\">Hurricane<\/span><\/a><span style=\"font-weight: 400;\"> Delta, which is advancing through Caribbean waters towards the northeast coast of the Yucatan Peninsula (Mexico) with a category 4.<\/span><\/p>\n<p><span style=\"font-weight: 400;\">In Pinar del R\u00edo, the country\u2019s westernmost province, some 22,030 people have been evacuated, in Isla de la Juventud another 4,045 and in Artemisa, 696, in most cases they were transferred to the homes of relatives and centers prepared to house them, according to the information that <\/span><a href=\"https:\/\/www.facebook.com\/guerrillero.cu\/\" target=\"_blank\" rel=\"noopener noreferrer\"><span style=\"font-weight: 400;\">local media offers from social networks<\/span><\/a><span style=\"font-weight: 400;\">.<\/span><\/p>\n<blockquote class=\"twitter-tweet\" data-width=\"500\" data-dnt=\"true\">\n<p lang=\"es\" dir=\"ltr\"><a href=\"https:\/\/twitter.com\/hashtag\/Delta?src=hash&amp;ref_src=twsrc%5Etfw\">#Delta<\/a> contin\u00faa siendo un intenso hurac\u00e1n categor\u00eda 4, aunque sus vientos m\u00e1ximos descendieron hasta los 215 km\/h. Los vientos se mantendr\u00e1n con velocidades entre 40 y 55 km\/h y rachas superiores en la Isla de la Juventud y el extremo occidental de Pinar del R\u00edo. <a href=\"https:\/\/t.co\/lNoqhaModk\">pic.twitter.com\/lNoqhaModk<\/a><\/p>\n<p>&mdash; Centro de Pron\u00f3sticos, Insmet (@cnp_insmet_cuba) <a href=\"https:\/\/twitter.com\/cnp_insmet_cuba\/status\/1313689885669236740?ref_src=twsrc%5Etfw\">October 7, 2020<\/a><\/p><\/blockquote>\n<p><script async src=\"https:\/\/platform.twitter.com\/widgets.js\" charset=\"utf-8\"><\/script><\/p>\n<p><span style=\"font-weight: 400;\">The provinces of Pinar del R\u00edo, Artemisa and the special municipality of Isla de la Juventud are in a cyclonic alarm phase due to the proximity of Delta, whose trajectory forecasts don\u2019t foresee that it will touch Cuban land, although its effects will be felt in the form of rain, wind, swells and coastal flooding.<\/span><\/p>\n<p><span style=\"font-weight: 400;\">Given the possibility of heavy rains associated with this natural phenomenon, the reservoirs in these areas are kept under \u201cconstant observation,\u201d some of which have already begun to pour water as prevention.<\/span><\/p>\n<p><span style=\"font-weight: 400;\">According to <\/span><a href=\"http:\/\/www.insmet.cu\/asp\/genesis.asp?TB0=PLANTILLAS&amp;TB1=AVISO2&amp;TB2=0\" target=\"_blank\" rel=\"noopener noreferrer\"><span style=\"font-weight: 400;\">an update issued at 6:00 by the Forecast Center of the Institute of Meteorology<\/span><\/a><span style=\"font-weight: 400;\">, Delta registered a slight weakening and its center was located about 45 kilometers east northeast of Cozumel, Mexico and 55 kilometers south of Islas Mujeres in Yucat\u00e1n.<\/span><\/p>\n<p><span style=\"font-weight: 400;\">The highest rainfall was registered in the Isla de la Juventud, with 84 millimeters in Nueva Gerona, 61 millimeters in La Fe and 55 millimeters in Punta del Este; as well as in Playa Gir\u00f3n, Matanzas, where 52 millimeters of precipitation were registered.<\/span><\/p>\n<p><span style=\"font-weight: 400;\">The Temporary Working Group for the control of COVID-19 also held an exchange this Tuesday with the authorities of Pinar del R\u00edo, Isla de la Juventud and Artemisa about the circumstance generated by Hurricane Delta.<\/span><\/p>\n<p><span style=\"font-weight: 400;\">In Havana, bad weather had left intermittent rainfall since Tuesday afternoon, although the authorities were keeping an eye on the evolution of hurricane number 25 of the current hurricane season in the Atlantic.<\/span><\/p>\n<p><span style=\"font-weight: 400;\">Since Monday, in the westernmost part of Cuba, the information phase was established, classes were suspended and vessels, merchandise and crops were put under shelter.<\/span><\/p>\n<blockquote class=\"wp-embedded-content\" data-secret=\"oQ1v6VmNfk\"><p><a href=\"https:\/\/oncubanews.com\/cuba\/declaran-fase-de-alarma-ciclonica-para-pinar-del-rio-artemisa-y-la-isla-de-la-juventud\/\">Declaran fase de alarma cicl\u00f3nica para Pinar del R\u00edo, Artemisa y la Isla de la Juventud<\/a><\/p><\/blockquote>\n<p><iframe loading=\"lazy\" class=\"wp-embedded-content\" sandbox=\"allow-scripts\" security=\"restricted\" style=\"position: absolute; clip: rect(1px, 1px, 1px, 1px);\" title=\"\u00abDeclaran fase de alarma cicl\u00f3nica para Pinar del R\u00edo, Artemisa y la Isla de la Juventud\u00bb \u2014 OnCubaNews\" src=\"https:\/\/oncubanews.com\/cuba\/declaran-fase-de-alarma-ciclonica-para-pinar-del-rio-artemisa-y-la-isla-de-la-juventud\/embed\/#?secret=2kOpN2wvAs#?secret=oQ1v6VmNfk\" data-secret=\"oQ1v6VmNfk\" width=\"500\" height=\"282\" frameborder=\"0\" marginwidth=\"0\" marginheight=\"0\" scrolling=\"no\"><\/iframe><\/p>\n<p><span style=\"font-weight: 400;\">The protocol of the Cuban Civil Defense establishes the informative, alert, alarm and recovery stages before, during and after the passage of a storm.<\/span><\/p>\n<p><span style=\"font-weight: 400;\">The cyclonic threat is added this year to the current COVID-19 epidemic on the island, which already registers 5,883 positive cases and 123 deaths.<\/span><\/p>\n<p><span style=\"font-weight: 400;\">Of the three provinces in alarm, only Artemisa reports cases, although regional governments say they have taken health measures to prevent outbreaks.<\/span><\/p>\n<p><i><span style=\"font-weight: 400;\">EFE\/OnCuba<\/span><\/i><\/p>\n","protected":false},"excerpt":{"rendered":"<p>More than 26,000 people remain evacuated in western Cuba due to the proximity of the dangerous Hurricane Delta, which is advancing through Caribbean waters towards the northeast coast of the Yucatan Peninsula (Mexico) with a category 4. In Pinar del R\u00edo, the country\u2019s westernmost province, some 22,030 people have been evacuated, in Isla de la [&hellip;]<\/p>\n","protected":false},"author":3134,"featured_media":228652,"comment_status":"open","ping_status":"closed","sticky":false,"template":"","format":"standard","meta":{"_acf_changed":false,"footnotes":""},"categories":[13902],"tags":[8863,33426],"ppma_author":[33546,8689],"class_list":["post-228651","post","type-post","status-publish","format-standard","has-post-thumbnail","hentry","category-cuba","tag-cuban-society","tag-hurricane-delta"],"acf":[],"yoast_head":"<!-- This site is optimized with the Yoast SEO plugin v27.3 - https:\/\/yoast.com\/product\/yoast-seo-wordpress\/ -->\n<title>More than 26,000 people evacuated in western Cuba during passage of Hurricane Delta | OnCubaNews English<\/title>\n<meta name=\"description\" content=\"The provinces of Pinar del R\u00edo, Artemisa and the special municipality of Isla de la Juventud are in a cyclonic alarm phase due to the proximity of Delta, whose trajectory forecasts don\u2019t foresee that it will touch Cuban land, although its effects will be felt in the form of rain, wind, swells and coastal flooding.\" \/>\n<meta name=\"robots\" content=\"index, follow, max-snippet:-1, max-image-preview:large, max-video-preview:-1\" \/>\n<link rel=\"canonical\" href=\"https:\/\/oncubanews.com\/en\/cuba\/more-than-26000-people-evacuated-in-western-cuba-during-passage-of-hurricane-delta\/\" \/>\n<meta property=\"og:locale\" content=\"en_US\" \/>\n<meta property=\"og:type\" content=\"article\" \/>\n<meta property=\"og:title\" content=\"More than 26,000 people evacuated in western Cuba during passage of Hurricane Delta | OnCubaNews English\" \/>\n<meta property=\"og:description\" content=\"The provinces of Pinar del R\u00edo, Artemisa and the special municipality of Isla de la Juventud are in a cyclonic alarm phase due to the proximity of Delta, whose trajectory forecasts don\u2019t foresee that it will touch Cuban land, although its effects will be felt in the form of rain, wind, swells and coastal flooding.\" \/>\n<meta property=\"og:url\" content=\"https:\/\/oncubanews.com\/en\/cuba\/more-than-26000-people-evacuated-in-western-cuba-during-passage-of-hurricane-delta\/\" \/>\n<meta property=\"og:site_name\" content=\"OnCubaNews English\" \/>\n<meta property=\"article:published_time\" content=\"2020-10-07T16:03:08+00:00\" \/>\n<meta property=\"og:image\" content=\"https:\/\/oncubanews.com\/en\/wp-content\/uploads\/2020\/10\/evacuados-por-Delta-huracanes-750x536-1.jpg\" \/>\n\t<meta property=\"og:image:width\" content=\"750\" \/>\n\t<meta property=\"og:image:height\" content=\"536\" \/>\n\t<meta property=\"og:image:type\" content=\"image\/jpeg\" \/>\n<meta name=\"author\" content=\"OnCuba Staff, OnCuba editorial staff\" \/>\n<meta name=\"twitter:card\" content=\"summary_large_image\" \/>\n<meta name=\"twitter:label1\" content=\"Written by\" \/>\n\t<meta name=\"twitter:data1\" content=\"OnCuba Staff\" \/>\n\t<meta name=\"twitter:label2\" content=\"Est. reading time\" \/>\n\t<meta name=\"twitter:data2\" content=\"2 minutes\" \/>\n<script type=\"application\/ld+json\" class=\"yoast-schema-graph\">{\"@context\":\"https:\\\/\\\/schema.org\",\"@graph\":[{\"@type\":\"Article\",\"@id\":\"https:\\\/\\\/oncubanews.com\\\/en\\\/cuba\\\/more-than-26000-people-evacuated-in-western-cuba-during-passage-of-hurricane-delta\\\/#article\",\"isPartOf\":{\"@id\":\"https:\\\/\\\/oncubanews.com\\\/en\\\/cuba\\\/more-than-26000-people-evacuated-in-western-cuba-during-passage-of-hurricane-delta\\\/\"},\"author\":{\"name\":\"OnCuba Staff\",\"@id\":\"https:\\\/\\\/oncubanews.com\\\/en\\\/#\\\/schema\\\/person\\\/d7171bf311032ab1f557dd8332e714af\"},\"headline\":\"More than 26,000 people evacuated in western Cuba during passage of Hurricane Delta\",\"datePublished\":\"2020-10-07T16:03:08+00:00\",\"mainEntityOfPage\":{\"@id\":\"https:\\\/\\\/oncubanews.com\\\/en\\\/cuba\\\/more-than-26000-people-evacuated-in-western-cuba-during-passage-of-hurricane-delta\\\/\"},\"wordCount\":467,\"commentCount\":0,\"image\":{\"@id\":\"https:\\\/\\\/oncubanews.com\\\/en\\\/cuba\\\/more-than-26000-people-evacuated-in-western-cuba-during-passage-of-hurricane-delta\\\/#primaryimage\"},\"thumbnailUrl\":\"https:\\\/\\\/oncubanews.com\\\/en\\\/wp-content\\\/uploads\\\/2020\\\/10\\\/evacuados-por-Delta-huracanes-750x536-1.jpg\",\"keywords\":[\"cuban society\",\"hurricane Delta\"],\"articleSection\":[\"Cuba\"],\"inLanguage\":\"en-US\",\"potentialAction\":[{\"@type\":\"CommentAction\",\"name\":\"Comment\",\"target\":[\"https:\\\/\\\/oncubanews.com\\\/en\\\/cuba\\\/more-than-26000-people-evacuated-in-western-cuba-during-passage-of-hurricane-delta\\\/#respond\"]}],\"copyrightYear\":\"2020\",\"copyrightHolder\":{\"@id\":\"https:\\\/\\\/oncubanews.com\\\/en\\\/#organization\"}},{\"@type\":\"WebPage\",\"@id\":\"https:\\\/\\\/oncubanews.com\\\/en\\\/cuba\\\/more-than-26000-people-evacuated-in-western-cuba-during-passage-of-hurricane-delta\\\/\",\"url\":\"https:\\\/\\\/oncubanews.com\\\/en\\\/cuba\\\/more-than-26000-people-evacuated-in-western-cuba-during-passage-of-hurricane-delta\\\/\",\"name\":\"More than 26,000 people evacuated in western Cuba during passage of Hurricane Delta | OnCubaNews English\",\"isPartOf\":{\"@id\":\"https:\\\/\\\/oncubanews.com\\\/en\\\/#website\"},\"primaryImageOfPage\":{\"@id\":\"https:\\\/\\\/oncubanews.com\\\/en\\\/cuba\\\/more-than-26000-people-evacuated-in-western-cuba-during-passage-of-hurricane-delta\\\/#primaryimage\"},\"image\":{\"@id\":\"https:\\\/\\\/oncubanews.com\\\/en\\\/cuba\\\/more-than-26000-people-evacuated-in-western-cuba-during-passage-of-hurricane-delta\\\/#primaryimage\"},\"thumbnailUrl\":\"https:\\\/\\\/oncubanews.com\\\/en\\\/wp-content\\\/uploads\\\/2020\\\/10\\\/evacuados-por-Delta-huracanes-750x536-1.jpg\",\"datePublished\":\"2020-10-07T16:03:08+00:00\",\"author\":{\"@id\":\"https:\\\/\\\/oncubanews.com\\\/en\\\/#\\\/schema\\\/person\\\/d7171bf311032ab1f557dd8332e714af\"},\"description\":\"The provinces of Pinar del R\u00edo, Artemisa and the special municipality of Isla de la Juventud are in a cyclonic alarm phase due to the proximity of Delta, whose trajectory forecasts don\u2019t foresee that it will touch Cuban land, although its effects will be felt in the form of rain, wind, swells and coastal flooding.\",\"breadcrumb\":{\"@id\":\"https:\\\/\\\/oncubanews.com\\\/en\\\/cuba\\\/more-than-26000-people-evacuated-in-western-cuba-during-passage-of-hurricane-delta\\\/#breadcrumb\"},\"inLanguage\":\"en-US\",\"potentialAction\":[{\"@type\":\"ReadAction\",\"target\":[\"https:\\\/\\\/oncubanews.com\\\/en\\\/cuba\\\/more-than-26000-people-evacuated-in-western-cuba-during-passage-of-hurricane-delta\\\/\"]}]},{\"@type\":\"ImageObject\",\"inLanguage\":\"en-US\",\"@id\":\"https:\\\/\\\/oncubanews.com\\\/en\\\/cuba\\\/more-than-26000-people-evacuated-in-western-cuba-during-passage-of-hurricane-delta\\\/#primaryimage\",\"url\":\"https:\\\/\\\/oncubanews.com\\\/en\\\/wp-content\\\/uploads\\\/2020\\\/10\\\/evacuados-por-Delta-huracanes-750x536-1.jpg\",\"contentUrl\":\"https:\\\/\\\/oncubanews.com\\\/en\\\/wp-content\\\/uploads\\\/2020\\\/10\\\/evacuados-por-Delta-huracanes-750x536-1.jpg\",\"width\":750,\"height\":536,\"caption\":\"People are evacuated in Pinar de R\u00edo. According to local media, some 22,030 people remain evacuated in the homes of relatives and neighbors, as well as in 527 evacuation centers. Photos: Alberto Peralta\\\/guerrillero.cu\"},{\"@type\":\"BreadcrumbList\",\"@id\":\"https:\\\/\\\/oncubanews.com\\\/en\\\/cuba\\\/more-than-26000-people-evacuated-in-western-cuba-during-passage-of-hurricane-delta\\\/#breadcrumb\",\"itemListElement\":[{\"@type\":\"ListItem\",\"position\":1,\"name\":\"Portada\",\"item\":\"https:\\\/\\\/oncubanews.com\\\/en\\\/\"},{\"@type\":\"ListItem\",\"position\":2,\"name\":\"More than 26,000 people evacuated in western Cuba during passage of Hurricane Delta\"}]},{\"@type\":\"WebSite\",\"@id\":\"https:\\\/\\\/oncubanews.com\\\/en\\\/#website\",\"url\":\"https:\\\/\\\/oncubanews.com\\\/en\\\/\",\"name\":\"OnCubaNews English\",\"description\":\"Revista sobre Cuba\",\"potentialAction\":[{\"@type\":\"SearchAction\",\"target\":{\"@type\":\"EntryPoint\",\"urlTemplate\":\"https:\\\/\\\/oncubanews.com\\\/en\\\/?s={search_term_string}\"},\"query-input\":{\"@type\":\"PropertyValueSpecification\",\"valueRequired\":true,\"valueName\":\"search_term_string\"}}],\"inLanguage\":\"en-US\"},{\"@type\":\"Person\",\"@id\":\"https:\\\/\\\/oncubanews.com\\\/en\\\/#\\\/schema\\\/person\\\/d7171bf311032ab1f557dd8332e714af\",\"name\":\"OnCuba Staff\",\"image\":{\"@type\":\"ImageObject\",\"inLanguage\":\"en-US\",\"@id\":\"https:\\\/\\\/secure.gravatar.com\\\/avatar\\\/4b4c4d6109baadde898bb1af22ea4a4af5f4417b86a5d1800bf17531bfb128fc?s=96&r=g17310096d4dde63ebae0e54fbb19218a\",\"url\":\"https:\\\/\\\/secure.gravatar.com\\\/avatar\\\/4b4c4d6109baadde898bb1af22ea4a4af5f4417b86a5d1800bf17531bfb128fc?s=96&r=g\",\"contentUrl\":\"https:\\\/\\\/secure.gravatar.com\\\/avatar\\\/4b4c4d6109baadde898bb1af22ea4a4af5f4417b86a5d1800bf17531bfb128fc?s=96&r=g\",\"caption\":\"OnCuba Staff\"},\"url\":\"https:\\\/\\\/oncubanews.com\\\/en\\\/author\\\/oncuba-editorial-staff\\\/\"}]}<\/script>\n<!-- \/ Yoast SEO plugin. -->","yoast_head_json":{"title":"More than 26,000 people evacuated in western Cuba during passage of Hurricane Delta | OnCubaNews English","description":"The provinces of Pinar del R\u00edo, Artemisa and the special municipality of Isla de la Juventud are in a cyclonic alarm phase due to the proximity of Delta, whose trajectory forecasts don\u2019t foresee that it will touch Cuban land, although its effects will be felt in the form of rain, wind, swells and coastal flooding.","robots":{"index":"index","follow":"follow","max-snippet":"max-snippet:-1","max-image-preview":"max-image-preview:large","max-video-preview":"max-video-preview:-1"},"canonical":"https:\/\/oncubanews.com\/en\/cuba\/more-than-26000-people-evacuated-in-western-cuba-during-passage-of-hurricane-delta\/","og_locale":"en_US","og_type":"article","og_title":"More than 26,000 people evacuated in western Cuba during passage of Hurricane Delta | OnCubaNews English","og_description":"The provinces of Pinar del R\u00edo, Artemisa and the special municipality of Isla de la Juventud are in a cyclonic alarm phase due to the proximity of Delta, whose trajectory forecasts don\u2019t foresee that it will touch Cuban land, although its effects will be felt in the form of rain, wind, swells and coastal flooding.","og_url":"https:\/\/oncubanews.com\/en\/cuba\/more-than-26000-people-evacuated-in-western-cuba-during-passage-of-hurricane-delta\/","og_site_name":"OnCubaNews English","article_published_time":"2020-10-07T16:03:08+00:00","og_image":[{"width":750,"height":536,"url":"https:\/\/oncubanews.com\/en\/wp-content\/uploads\/2020\/10\/evacuados-por-Delta-huracanes-750x536-1.jpg","type":"image\/jpeg"}],"author":"OnCuba Staff, OnCuba editorial staff","twitter_card":"summary_large_image","twitter_misc":{"Written by":"OnCuba Staff","Est. reading time":"2 minutes"},"schema":{"@context":"https:\/\/schema.org","@graph":[{"@type":"Article","@id":"https:\/\/oncubanews.com\/en\/cuba\/more-than-26000-people-evacuated-in-western-cuba-during-passage-of-hurricane-delta\/#article","isPartOf":{"@id":"https:\/\/oncubanews.com\/en\/cuba\/more-than-26000-people-evacuated-in-western-cuba-during-passage-of-hurricane-delta\/"},"author":{"name":"OnCuba Staff","@id":"https:\/\/oncubanews.com\/en\/#\/schema\/person\/d7171bf311032ab1f557dd8332e714af"},"headline":"More than 26,000 people evacuated in western Cuba during passage of Hurricane Delta","datePublished":"2020-10-07T16:03:08+00:00","mainEntityOfPage":{"@id":"https:\/\/oncubanews.com\/en\/cuba\/more-than-26000-people-evacuated-in-western-cuba-during-passage-of-hurricane-delta\/"},"wordCount":467,"commentCount":0,"image":{"@id":"https:\/\/oncubanews.com\/en\/cuba\/more-than-26000-people-evacuated-in-western-cuba-during-passage-of-hurricane-delta\/#primaryimage"},"thumbnailUrl":"https:\/\/oncubanews.com\/en\/wp-content\/uploads\/2020\/10\/evacuados-por-Delta-huracanes-750x536-1.jpg","keywords":["cuban society","hurricane Delta"],"articleSection":["Cuba"],"inLanguage":"en-US","potentialAction":[{"@type":"CommentAction","name":"Comment","target":["https:\/\/oncubanews.com\/en\/cuba\/more-than-26000-people-evacuated-in-western-cuba-during-passage-of-hurricane-delta\/#respond"]}],"copyrightYear":"2020","copyrightHolder":{"@id":"https:\/\/oncubanews.com\/en\/#organization"}},{"@type":"WebPage","@id":"https:\/\/oncubanews.com\/en\/cuba\/more-than-26000-people-evacuated-in-western-cuba-during-passage-of-hurricane-delta\/","url":"https:\/\/oncubanews.com\/en\/cuba\/more-than-26000-people-evacuated-in-western-cuba-during-passage-of-hurricane-delta\/","name":"More than 26,000 people evacuated in western Cuba during passage of Hurricane Delta | OnCubaNews English","isPartOf":{"@id":"https:\/\/oncubanews.com\/en\/#website"},"primaryImageOfPage":{"@id":"https:\/\/oncubanews.com\/en\/cuba\/more-than-26000-people-evacuated-in-western-cuba-during-passage-of-hurricane-delta\/#primaryimage"},"image":{"@id":"https:\/\/oncubanews.com\/en\/cuba\/more-than-26000-people-evacuated-in-western-cuba-during-passage-of-hurricane-delta\/#primaryimage"},"thumbnailUrl":"https:\/\/oncubanews.com\/en\/wp-content\/uploads\/2020\/10\/evacuados-por-Delta-huracanes-750x536-1.jpg","datePublished":"2020-10-07T16:03:08+00:00","author":{"@id":"https:\/\/oncubanews.com\/en\/#\/schema\/person\/d7171bf311032ab1f557dd8332e714af"},"description":"The provinces of Pinar del R\u00edo, Artemisa and the special municipality of Isla de la Juventud are in a cyclonic alarm phase due to the proximity of Delta, whose trajectory forecasts don\u2019t foresee that it will touch Cuban land, although its effects will be felt in the form of rain, wind, swells and coastal flooding.","breadcrumb":{"@id":"https:\/\/oncubanews.com\/en\/cuba\/more-than-26000-people-evacuated-in-western-cuba-during-passage-of-hurricane-delta\/#breadcrumb"},"inLanguage":"en-US","potentialAction":[{"@type":"ReadAction","target":["https:\/\/oncubanews.com\/en\/cuba\/more-than-26000-people-evacuated-in-western-cuba-during-passage-of-hurricane-delta\/"]}]},{"@type":"ImageObject","inLanguage":"en-US","@id":"https:\/\/oncubanews.com\/en\/cuba\/more-than-26000-people-evacuated-in-western-cuba-during-passage-of-hurricane-delta\/#primaryimage","url":"https:\/\/oncubanews.com\/en\/wp-content\/uploads\/2020\/10\/evacuados-por-Delta-huracanes-750x536-1.jpg","contentUrl":"https:\/\/oncubanews.com\/en\/wp-content\/uploads\/2020\/10\/evacuados-por-Delta-huracanes-750x536-1.jpg","width":750,"height":536,"caption":"People are evacuated in Pinar de R\u00edo. According to local media, some 22,030 people remain evacuated in the homes of relatives and neighbors, as well as in 527 evacuation centers. Photos: Alberto Peralta\/guerrillero.cu"},{"@type":"BreadcrumbList","@id":"https:\/\/oncubanews.com\/en\/cuba\/more-than-26000-people-evacuated-in-western-cuba-during-passage-of-hurricane-delta\/#breadcrumb","itemListElement":[{"@type":"ListItem","position":1,"name":"Portada","item":"https:\/\/oncubanews.com\/en\/"},{"@type":"ListItem","position":2,"name":"More than 26,000 people evacuated in western Cuba during passage of Hurricane Delta"}]},{"@type":"WebSite","@id":"https:\/\/oncubanews.com\/en\/#website","url":"https:\/\/oncubanews.com\/en\/","name":"OnCubaNews English","description":"Revista sobre Cuba","potentialAction":[{"@type":"SearchAction","target":{"@type":"EntryPoint","urlTemplate":"https:\/\/oncubanews.com\/en\/?s={search_term_string}"},"query-input":{"@type":"PropertyValueSpecification","valueRequired":true,"valueName":"search_term_string"}}],"inLanguage":"en-US"},{"@type":"Person","@id":"https:\/\/oncubanews.com\/en\/#\/schema\/person\/d7171bf311032ab1f557dd8332e714af","name":"OnCuba Staff","image":{"@type":"ImageObject","inLanguage":"en-US","@id":"https:\/\/secure.gravatar.com\/avatar\/4b4c4d6109baadde898bb1af22ea4a4af5f4417b86a5d1800bf17531bfb128fc?s=96&r=g17310096d4dde63ebae0e54fbb19218a","url":"https:\/\/secure.gravatar.com\/avatar\/4b4c4d6109baadde898bb1af22ea4a4af5f4417b86a5d1800bf17531bfb128fc?s=96&r=g","contentUrl":"https:\/\/secure.gravatar.com\/avatar\/4b4c4d6109baadde898bb1af22ea4a4af5f4417b86a5d1800bf17531bfb128fc?s=96&r=g","caption":"OnCuba Staff"},"url":"https:\/\/oncubanews.com\/en\/author\/oncuba-editorial-staff\/"}]}},"authors":[{"term_id":33546,"user_id":3134,"is_guest":0,"slug":"oncuba-editorial-staff","display_name":"OnCuba Staff","avatar_url":"https:\/\/secure.gravatar.com\/avatar\/4b4c4d6109baadde898bb1af22ea4a4af5f4417b86a5d1800bf17531bfb128fc?s=96&r=g","0":null,"1":"","2":"","3":"","4":"","5":"","6":"","7":"","8":""},{"term_id":8689,"user_id":3134,"is_guest":0,"slug":"oncuba-editorial-staff","display_name":"OnCuba editorial staff","avatar_url":{"url":"https:\/\/oncubanews.com\/en\/wp-content\/uploads\/2018\/10\/avatar-ocnews-1.png","url2x":"https:\/\/oncubanews.com\/en\/wp-content\/uploads\/2018\/10\/avatar-ocnews-1.png"},"0":null,"1":"","2":"","3":"","4":"","5":"","6":"","7":"","8":""}],"_links":{"self":[{"href":"https:\/\/oncubanews.com\/en\/wp-json\/wp\/v2\/posts\/228651","targetHints":{"allow":["GET"]}}],"collection":[{"href":"https:\/\/oncubanews.com\/en\/wp-json\/wp\/v2\/posts"}],"about":[{"href":"https:\/\/oncubanews.com\/en\/wp-json\/wp\/v2\/types\/post"}],"author":[{"embeddable":true,"href":"https:\/\/oncubanews.com\/en\/wp-json\/wp\/v2\/users\/3134"}],"replies":[{"embeddable":true,"href":"https:\/\/oncubanews.com\/en\/wp-json\/wp\/v2\/comments?post=228651"}],"version-history":[{"count":0,"href":"https:\/\/oncubanews.com\/en\/wp-json\/wp\/v2\/posts\/228651\/revisions"}],"wp:featuredmedia":[{"embeddable":true,"href":"https:\/\/oncubanews.com\/en\/wp-json\/wp\/v2\/media\/228652"}],"wp:attachment":[{"href":"https:\/\/oncubanews.com\/en\/wp-json\/wp\/v2\/media?parent=228651"}],"wp:term":[{"taxonomy":"category","embeddable":true,"href":"https:\/\/oncubanews.com\/en\/wp-json\/wp\/v2\/categories?post=228651"},{"taxonomy":"post_tag","embeddable":true,"href":"https:\/\/oncubanews.com\/en\/wp-json\/wp\/v2\/tags?post=228651"},{"taxonomy":"author","embeddable":true,"href":"https:\/\/oncubanews.com\/en\/wp-json\/wp\/v2\/ppma_author?post=228651"}],"curies":[{"name":"wp","href":"https:\/\/api.w.org\/{rel}","templated":true}]}}