
{"id":229071,"date":"2020-10-16T11:16:23","date_gmt":"2020-10-16T15:16:23","guid":{"rendered":"https:\/\/oncubanews.com\/en\/?p=229071"},"modified":"2020-10-16T11:16:23","modified_gmt":"2020-10-16T15:16:23","slug":"another-death-in-cuba-from-coronavirus-and-new-contagions-rise-to-56","status":"publish","type":"post","link":"https:\/\/oncubanews.com\/en\/cuba\/another-death-in-cuba-from-coronavirus-and-new-contagions-rise-to-56\/","title":{"rendered":"Another death in Cuba from coronavirus and new contagions rise to 56"},"content":{"rendered":"<p style=\"text-align: right;\"><a href=\"https:\/\/oncubanews.com\/contribute\/\" target=\"_blank\" rel=\"noopener noreferrer\"><em><strong>Help us keep OnCuba alive<\/strong><\/em><\/a><\/p>\n<p><span style=\"font-weight: 400;\">One deceased and 56 new contagions from <\/span><a href=\"https:\/\/oncubanews.com\/tag\/coronavirus\/\" target=\"_blank\" rel=\"noopener noreferrer\"><span style=\"font-weight: 400;\">SARS-CoV-2<\/span><\/a><span style=\"font-weight: 400;\"> is the balance this virus leaves in Cuba today, according to the explanation offered by Dr. Francisco Dur\u00e1n, back on national television to give an update on the epidemiological situation of the island due to the new coronavirus.<\/span><\/p>\n<p><span style=\"font-weight: 400;\">Victim number 124 is a 74-year-old woman, resident in the Havana municipality of Marianao, whose evolution is detailed in <\/span><a href=\"https:\/\/salud.msp.gob.cu\/parte-de-cierre-del-dia-15-de-octubre-a-las-12-de-la-noche\/\" target=\"_blank\" rel=\"noopener noreferrer\"><span style=\"font-weight: 400;\">today\u2019s report<\/span><\/a><span style=\"font-weight: 400;\"> by the health authorities.<\/span><\/p>\n<blockquote class=\"twitter-tweet\" data-width=\"500\" data-dnt=\"true\">\n<p lang=\"es\" dir=\"ltr\">Se confirmaron 56 nuevos casos de <a href=\"https:\/\/twitter.com\/hashtag\/COVID19?src=hash&amp;ref_src=twsrc%5Etfw\">#COVID19<\/a>, para un acumulado de 6 mil 118 en <a href=\"https:\/\/twitter.com\/hashtag\/Cuba?src=hash&amp;ref_src=twsrc%5Etfw\">#Cuba<\/a> <\/p>\n<p>290 casos activos <br \/>285 con evoluci\u00f3n cl\u00ednica estable <br \/>2 pacientes en estado cr\u00edtico<br \/>3 pacientes en estado grave<br \/>124 fallecidos <br \/>5 mil 702 altas m\u00e9dicas <br \/>2 evacuados<a href=\"https:\/\/t.co\/79vgQcaOzY\">https:\/\/t.co\/79vgQcaOzY<\/a> <a href=\"https:\/\/t.co\/vIPfj2lI2W\">pic.twitter.com\/vIPfj2lI2W<\/a><\/p>\n<p>&mdash; Ministerio de Salud P\u00fablica de Cuba (@MINSAPCuba) <a href=\"https:\/\/twitter.com\/MINSAPCuba\/status\/1317103219168972800?ref_src=twsrc%5Etfw\">October 16, 2020<\/a><\/p><\/blockquote>\n<p><script async src=\"https:\/\/platform.twitter.com\/widgets.js\" charset=\"utf-8\"><\/script><\/p>\n<p><span style=\"font-weight: 400;\">Regarding the new infections: all correspond to Cubans, 46 were indigenous cases and 10 were imported.<\/span><\/p>\n<p><span style=\"font-weight: 400;\">Of the total, 40 were related to confirmed cases, a group in which there has been a change in protocol, according to Dr. Dur\u00e1n, national director of epidemiology of the Ministry of Public Health (MINSAP): \u201cContacts of confirmed and suspected cases are isolated at home.\u201d<\/span><\/p>\n<p><span style=\"font-weight: 400;\">In three individuals the source of infection is not specified.<\/span><\/p>\n<p><span style=\"font-weight: 400;\">The ten imported cases, although they do not reveal a local transmission, are registered in the provinces of Guant\u00e1namo (three cases), Camag\u00fcey (two), Granma (two), the special municipality of Isla de la Juventud (one), Holgu\u00edn (one) and Santiago de Cuba (one).<\/span><\/p>\n<p><span style=\"font-weight: 400;\">For their part, Havana, Sancti Sp\u00edritus, Pinar del R\u00edo and Ciego de \u00c1vila reported the autochthonous cases of the last day.<\/span><\/p>\n<p><span style=\"font-weight: 400;\">Taking into account the incidence rate, the provinces with the \u201cgreatest epidemiological complexity\u201d are Sancti Sp\u00edritus and Ciego de \u00c1vila, with rates of 35.84 and 20.82 per 100,000 inhabitants, respectively.<\/span><\/p>\n<p><span style=\"font-weight: 400;\">\u201cIn Havana there has been a significant reduction. Also in Guane, Pinar del R\u00edo, the situation has been complex,\u201d added the specialist.<\/span><\/p>\n<p><span style=\"font-weight: 400;\">By age group, the most affected this time were between 40 and 59 years old, with 31 cases, followed by that of 20 to 39, with 12 cases; over 60, 12 cases and one under 20, who is also of pediatric age.<\/span><\/p>\n<p><span style=\"font-weight: 400;\">As of early morning yesterday, 2,062 people were hospitalized and the number of patients in intensive care had dropped to five.<\/span><\/p>\n<p><span style=\"font-weight: 400;\">Yesterday, 7,592 samples were taken to detect the virus, in a day with different results from the \u201cbehavior we had been having,\u201d according to Dr. Dur\u00e1n.<\/span><\/p>\n","protected":false},"excerpt":{"rendered":"<p>Help us keep OnCuba alive One deceased and 56 new contagions from SARS-CoV-2 is the balance this virus leaves in Cuba today, according to the explanation offered by Dr. Francisco Dur\u00e1n, back on national television to give an update on the epidemiological situation of the island due to the new coronavirus. Victim number 124 is [&hellip;]<\/p>\n","protected":false},"author":3134,"featured_media":229072,"comment_status":"open","ping_status":"closed","sticky":false,"template":"","format":"standard","meta":{"_acf_changed":false,"footnotes":""},"categories":[13902],"tags":[29532,8863],"ppma_author":[33546,8689],"class_list":["post-229071","post","type-post","status-publish","format-standard","has-post-thumbnail","hentry","category-cuba","tag-coronavirus-in-cuba","tag-cuban-society"],"acf":[],"yoast_head":"<!-- This site is optimized with the Yoast SEO plugin v27.3 - https:\/\/yoast.com\/product\/yoast-seo-wordpress\/ -->\n<title>Another death in Cuba from coronavirus and new contagions rise to 56 | OnCubaNews English<\/title>\n<meta name=\"description\" content=\"After 12 days, the MINSAP returns and reports a death from COVID-19. 46 autochthonous cases and 10 imported.\" \/>\n<meta name=\"robots\" content=\"index, follow, max-snippet:-1, max-image-preview:large, max-video-preview:-1\" \/>\n<link rel=\"canonical\" href=\"https:\/\/oncubanews.com\/en\/cuba\/another-death-in-cuba-from-coronavirus-and-new-contagions-rise-to-56\/\" \/>\n<meta property=\"og:locale\" content=\"en_US\" \/>\n<meta property=\"og:type\" content=\"article\" \/>\n<meta property=\"og:title\" content=\"Another death in Cuba from coronavirus and new contagions rise to 56 | OnCubaNews English\" \/>\n<meta property=\"og:description\" content=\"After 12 days, the MINSAP returns and reports a death from COVID-19. 46 autochthonous cases and 10 imported.\" \/>\n<meta property=\"og:url\" content=\"https:\/\/oncubanews.com\/en\/cuba\/another-death-in-cuba-from-coronavirus-and-new-contagions-rise-to-56\/\" \/>\n<meta property=\"og:site_name\" content=\"OnCubaNews English\" \/>\n<meta property=\"article:published_time\" content=\"2020-10-16T15:16:23+00:00\" \/>\n<meta property=\"og:image\" content=\"https:\/\/oncubanews.com\/en\/wp-content\/uploads\/2020\/10\/Calle-Obispo_Otm0053-1-750x536-1.jpg\" \/>\n\t<meta property=\"og:image:width\" content=\"750\" \/>\n\t<meta property=\"og:image:height\" content=\"536\" \/>\n\t<meta property=\"og:image:type\" content=\"image\/jpeg\" \/>\n<meta name=\"author\" content=\"OnCuba Staff, OnCuba editorial staff\" \/>\n<meta name=\"twitter:card\" content=\"summary_large_image\" \/>\n<meta name=\"twitter:label1\" content=\"Written by\" \/>\n\t<meta name=\"twitter:data1\" content=\"OnCuba Staff\" \/>\n\t<meta name=\"twitter:label2\" content=\"Est. reading time\" \/>\n\t<meta name=\"twitter:data2\" content=\"2 minutes\" \/>\n<script type=\"application\/ld+json\" class=\"yoast-schema-graph\">{\"@context\":\"https:\\\/\\\/schema.org\",\"@graph\":[{\"@type\":\"Article\",\"@id\":\"https:\\\/\\\/oncubanews.com\\\/en\\\/cuba\\\/another-death-in-cuba-from-coronavirus-and-new-contagions-rise-to-56\\\/#article\",\"isPartOf\":{\"@id\":\"https:\\\/\\\/oncubanews.com\\\/en\\\/cuba\\\/another-death-in-cuba-from-coronavirus-and-new-contagions-rise-to-56\\\/\"},\"author\":{\"name\":\"OnCuba Staff\",\"@id\":\"https:\\\/\\\/oncubanews.com\\\/en\\\/#\\\/schema\\\/person\\\/d7171bf311032ab1f557dd8332e714af\"},\"headline\":\"Another death in Cuba from coronavirus and new contagions rise to 56\",\"datePublished\":\"2020-10-16T15:16:23+00:00\",\"mainEntityOfPage\":{\"@id\":\"https:\\\/\\\/oncubanews.com\\\/en\\\/cuba\\\/another-death-in-cuba-from-coronavirus-and-new-contagions-rise-to-56\\\/\"},\"wordCount\":380,\"commentCount\":0,\"image\":{\"@id\":\"https:\\\/\\\/oncubanews.com\\\/en\\\/cuba\\\/another-death-in-cuba-from-coronavirus-and-new-contagions-rise-to-56\\\/#primaryimage\"},\"thumbnailUrl\":\"https:\\\/\\\/oncubanews.com\\\/en\\\/wp-content\\\/uploads\\\/2020\\\/10\\\/Calle-Obispo_Otm0053-1-750x536-1.jpg\",\"keywords\":[\"coronavirus in Cuba\",\"cuban society\"],\"articleSection\":[\"Cuba\"],\"inLanguage\":\"en-US\",\"potentialAction\":[{\"@type\":\"CommentAction\",\"name\":\"Comment\",\"target\":[\"https:\\\/\\\/oncubanews.com\\\/en\\\/cuba\\\/another-death-in-cuba-from-coronavirus-and-new-contagions-rise-to-56\\\/#respond\"]}],\"copyrightYear\":\"2020\",\"copyrightHolder\":{\"@id\":\"https:\\\/\\\/oncubanews.com\\\/en\\\/#organization\"}},{\"@type\":\"WebPage\",\"@id\":\"https:\\\/\\\/oncubanews.com\\\/en\\\/cuba\\\/another-death-in-cuba-from-coronavirus-and-new-contagions-rise-to-56\\\/\",\"url\":\"https:\\\/\\\/oncubanews.com\\\/en\\\/cuba\\\/another-death-in-cuba-from-coronavirus-and-new-contagions-rise-to-56\\\/\",\"name\":\"Another death in Cuba from coronavirus and new contagions rise to 56 | OnCubaNews English\",\"isPartOf\":{\"@id\":\"https:\\\/\\\/oncubanews.com\\\/en\\\/#website\"},\"primaryImageOfPage\":{\"@id\":\"https:\\\/\\\/oncubanews.com\\\/en\\\/cuba\\\/another-death-in-cuba-from-coronavirus-and-new-contagions-rise-to-56\\\/#primaryimage\"},\"image\":{\"@id\":\"https:\\\/\\\/oncubanews.com\\\/en\\\/cuba\\\/another-death-in-cuba-from-coronavirus-and-new-contagions-rise-to-56\\\/#primaryimage\"},\"thumbnailUrl\":\"https:\\\/\\\/oncubanews.com\\\/en\\\/wp-content\\\/uploads\\\/2020\\\/10\\\/Calle-Obispo_Otm0053-1-750x536-1.jpg\",\"datePublished\":\"2020-10-16T15:16:23+00:00\",\"author\":{\"@id\":\"https:\\\/\\\/oncubanews.com\\\/en\\\/#\\\/schema\\\/person\\\/d7171bf311032ab1f557dd8332e714af\"},\"description\":\"After 12 days, the MINSAP returns and reports a death from COVID-19. 46 autochthonous cases and 10 imported.\",\"breadcrumb\":{\"@id\":\"https:\\\/\\\/oncubanews.com\\\/en\\\/cuba\\\/another-death-in-cuba-from-coronavirus-and-new-contagions-rise-to-56\\\/#breadcrumb\"},\"inLanguage\":\"en-US\",\"potentialAction\":[{\"@type\":\"ReadAction\",\"target\":[\"https:\\\/\\\/oncubanews.com\\\/en\\\/cuba\\\/another-death-in-cuba-from-coronavirus-and-new-contagions-rise-to-56\\\/\"]}]},{\"@type\":\"ImageObject\",\"inLanguage\":\"en-US\",\"@id\":\"https:\\\/\\\/oncubanews.com\\\/en\\\/cuba\\\/another-death-in-cuba-from-coronavirus-and-new-contagions-rise-to-56\\\/#primaryimage\",\"url\":\"https:\\\/\\\/oncubanews.com\\\/en\\\/wp-content\\\/uploads\\\/2020\\\/10\\\/Calle-Obispo_Otm0053-1-750x536-1.jpg\",\"contentUrl\":\"https:\\\/\\\/oncubanews.com\\\/en\\\/wp-content\\\/uploads\\\/2020\\\/10\\\/Calle-Obispo_Otm0053-1-750x536-1.jpg\",\"width\":750,\"height\":536,\"caption\":\"For their part, Havana, Sancti Sp\u00edritus, Pinar del R\u00edo and Ciego de \u00c1vila reported the autochthonous cases of the last day. Photo: Otmaro Rodr\u00edguez\"},{\"@type\":\"BreadcrumbList\",\"@id\":\"https:\\\/\\\/oncubanews.com\\\/en\\\/cuba\\\/another-death-in-cuba-from-coronavirus-and-new-contagions-rise-to-56\\\/#breadcrumb\",\"itemListElement\":[{\"@type\":\"ListItem\",\"position\":1,\"name\":\"Portada\",\"item\":\"https:\\\/\\\/oncubanews.com\\\/en\\\/\"},{\"@type\":\"ListItem\",\"position\":2,\"name\":\"Another death in Cuba from coronavirus and new contagions rise to 56\"}]},{\"@type\":\"WebSite\",\"@id\":\"https:\\\/\\\/oncubanews.com\\\/en\\\/#website\",\"url\":\"https:\\\/\\\/oncubanews.com\\\/en\\\/\",\"name\":\"OnCubaNews English\",\"description\":\"Revista sobre Cuba\",\"potentialAction\":[{\"@type\":\"SearchAction\",\"target\":{\"@type\":\"EntryPoint\",\"urlTemplate\":\"https:\\\/\\\/oncubanews.com\\\/en\\\/?s={search_term_string}\"},\"query-input\":{\"@type\":\"PropertyValueSpecification\",\"valueRequired\":true,\"valueName\":\"search_term_string\"}}],\"inLanguage\":\"en-US\"},{\"@type\":\"Person\",\"@id\":\"https:\\\/\\\/oncubanews.com\\\/en\\\/#\\\/schema\\\/person\\\/d7171bf311032ab1f557dd8332e714af\",\"name\":\"OnCuba Staff\",\"image\":{\"@type\":\"ImageObject\",\"inLanguage\":\"en-US\",\"@id\":\"https:\\\/\\\/secure.gravatar.com\\\/avatar\\\/4b4c4d6109baadde898bb1af22ea4a4af5f4417b86a5d1800bf17531bfb128fc?s=96&r=g17310096d4dde63ebae0e54fbb19218a\",\"url\":\"https:\\\/\\\/secure.gravatar.com\\\/avatar\\\/4b4c4d6109baadde898bb1af22ea4a4af5f4417b86a5d1800bf17531bfb128fc?s=96&r=g\",\"contentUrl\":\"https:\\\/\\\/secure.gravatar.com\\\/avatar\\\/4b4c4d6109baadde898bb1af22ea4a4af5f4417b86a5d1800bf17531bfb128fc?s=96&r=g\",\"caption\":\"OnCuba Staff\"},\"url\":\"https:\\\/\\\/oncubanews.com\\\/en\\\/author\\\/oncuba-editorial-staff\\\/\"}]}<\/script>\n<!-- \/ Yoast SEO plugin. -->","yoast_head_json":{"title":"Another death in Cuba from coronavirus and new contagions rise to 56 | OnCubaNews English","description":"After 12 days, the MINSAP returns and reports a death from COVID-19. 46 autochthonous cases and 10 imported.","robots":{"index":"index","follow":"follow","max-snippet":"max-snippet:-1","max-image-preview":"max-image-preview:large","max-video-preview":"max-video-preview:-1"},"canonical":"https:\/\/oncubanews.com\/en\/cuba\/another-death-in-cuba-from-coronavirus-and-new-contagions-rise-to-56\/","og_locale":"en_US","og_type":"article","og_title":"Another death in Cuba from coronavirus and new contagions rise to 56 | OnCubaNews English","og_description":"After 12 days, the MINSAP returns and reports a death from COVID-19. 46 autochthonous cases and 10 imported.","og_url":"https:\/\/oncubanews.com\/en\/cuba\/another-death-in-cuba-from-coronavirus-and-new-contagions-rise-to-56\/","og_site_name":"OnCubaNews English","article_published_time":"2020-10-16T15:16:23+00:00","og_image":[{"width":750,"height":536,"url":"https:\/\/oncubanews.com\/en\/wp-content\/uploads\/2020\/10\/Calle-Obispo_Otm0053-1-750x536-1.jpg","type":"image\/jpeg"}],"author":"OnCuba Staff, OnCuba editorial staff","twitter_card":"summary_large_image","twitter_misc":{"Written by":"OnCuba Staff","Est. reading time":"2 minutes"},"schema":{"@context":"https:\/\/schema.org","@graph":[{"@type":"Article","@id":"https:\/\/oncubanews.com\/en\/cuba\/another-death-in-cuba-from-coronavirus-and-new-contagions-rise-to-56\/#article","isPartOf":{"@id":"https:\/\/oncubanews.com\/en\/cuba\/another-death-in-cuba-from-coronavirus-and-new-contagions-rise-to-56\/"},"author":{"name":"OnCuba Staff","@id":"https:\/\/oncubanews.com\/en\/#\/schema\/person\/d7171bf311032ab1f557dd8332e714af"},"headline":"Another death in Cuba from coronavirus and new contagions rise to 56","datePublished":"2020-10-16T15:16:23+00:00","mainEntityOfPage":{"@id":"https:\/\/oncubanews.com\/en\/cuba\/another-death-in-cuba-from-coronavirus-and-new-contagions-rise-to-56\/"},"wordCount":380,"commentCount":0,"image":{"@id":"https:\/\/oncubanews.com\/en\/cuba\/another-death-in-cuba-from-coronavirus-and-new-contagions-rise-to-56\/#primaryimage"},"thumbnailUrl":"https:\/\/oncubanews.com\/en\/wp-content\/uploads\/2020\/10\/Calle-Obispo_Otm0053-1-750x536-1.jpg","keywords":["coronavirus in Cuba","cuban society"],"articleSection":["Cuba"],"inLanguage":"en-US","potentialAction":[{"@type":"CommentAction","name":"Comment","target":["https:\/\/oncubanews.com\/en\/cuba\/another-death-in-cuba-from-coronavirus-and-new-contagions-rise-to-56\/#respond"]}],"copyrightYear":"2020","copyrightHolder":{"@id":"https:\/\/oncubanews.com\/en\/#organization"}},{"@type":"WebPage","@id":"https:\/\/oncubanews.com\/en\/cuba\/another-death-in-cuba-from-coronavirus-and-new-contagions-rise-to-56\/","url":"https:\/\/oncubanews.com\/en\/cuba\/another-death-in-cuba-from-coronavirus-and-new-contagions-rise-to-56\/","name":"Another death in Cuba from coronavirus and new contagions rise to 56 | OnCubaNews English","isPartOf":{"@id":"https:\/\/oncubanews.com\/en\/#website"},"primaryImageOfPage":{"@id":"https:\/\/oncubanews.com\/en\/cuba\/another-death-in-cuba-from-coronavirus-and-new-contagions-rise-to-56\/#primaryimage"},"image":{"@id":"https:\/\/oncubanews.com\/en\/cuba\/another-death-in-cuba-from-coronavirus-and-new-contagions-rise-to-56\/#primaryimage"},"thumbnailUrl":"https:\/\/oncubanews.com\/en\/wp-content\/uploads\/2020\/10\/Calle-Obispo_Otm0053-1-750x536-1.jpg","datePublished":"2020-10-16T15:16:23+00:00","author":{"@id":"https:\/\/oncubanews.com\/en\/#\/schema\/person\/d7171bf311032ab1f557dd8332e714af"},"description":"After 12 days, the MINSAP returns and reports a death from COVID-19. 46 autochthonous cases and 10 imported.","breadcrumb":{"@id":"https:\/\/oncubanews.com\/en\/cuba\/another-death-in-cuba-from-coronavirus-and-new-contagions-rise-to-56\/#breadcrumb"},"inLanguage":"en-US","potentialAction":[{"@type":"ReadAction","target":["https:\/\/oncubanews.com\/en\/cuba\/another-death-in-cuba-from-coronavirus-and-new-contagions-rise-to-56\/"]}]},{"@type":"ImageObject","inLanguage":"en-US","@id":"https:\/\/oncubanews.com\/en\/cuba\/another-death-in-cuba-from-coronavirus-and-new-contagions-rise-to-56\/#primaryimage","url":"https:\/\/oncubanews.com\/en\/wp-content\/uploads\/2020\/10\/Calle-Obispo_Otm0053-1-750x536-1.jpg","contentUrl":"https:\/\/oncubanews.com\/en\/wp-content\/uploads\/2020\/10\/Calle-Obispo_Otm0053-1-750x536-1.jpg","width":750,"height":536,"caption":"For their part, Havana, Sancti Sp\u00edritus, Pinar del R\u00edo and Ciego de \u00c1vila reported the autochthonous cases of the last day. Photo: Otmaro Rodr\u00edguez"},{"@type":"BreadcrumbList","@id":"https:\/\/oncubanews.com\/en\/cuba\/another-death-in-cuba-from-coronavirus-and-new-contagions-rise-to-56\/#breadcrumb","itemListElement":[{"@type":"ListItem","position":1,"name":"Portada","item":"https:\/\/oncubanews.com\/en\/"},{"@type":"ListItem","position":2,"name":"Another death in Cuba from coronavirus and new contagions rise to 56"}]},{"@type":"WebSite","@id":"https:\/\/oncubanews.com\/en\/#website","url":"https:\/\/oncubanews.com\/en\/","name":"OnCubaNews English","description":"Revista sobre Cuba","potentialAction":[{"@type":"SearchAction","target":{"@type":"EntryPoint","urlTemplate":"https:\/\/oncubanews.com\/en\/?s={search_term_string}"},"query-input":{"@type":"PropertyValueSpecification","valueRequired":true,"valueName":"search_term_string"}}],"inLanguage":"en-US"},{"@type":"Person","@id":"https:\/\/oncubanews.com\/en\/#\/schema\/person\/d7171bf311032ab1f557dd8332e714af","name":"OnCuba Staff","image":{"@type":"ImageObject","inLanguage":"en-US","@id":"https:\/\/secure.gravatar.com\/avatar\/4b4c4d6109baadde898bb1af22ea4a4af5f4417b86a5d1800bf17531bfb128fc?s=96&r=g17310096d4dde63ebae0e54fbb19218a","url":"https:\/\/secure.gravatar.com\/avatar\/4b4c4d6109baadde898bb1af22ea4a4af5f4417b86a5d1800bf17531bfb128fc?s=96&r=g","contentUrl":"https:\/\/secure.gravatar.com\/avatar\/4b4c4d6109baadde898bb1af22ea4a4af5f4417b86a5d1800bf17531bfb128fc?s=96&r=g","caption":"OnCuba Staff"},"url":"https:\/\/oncubanews.com\/en\/author\/oncuba-editorial-staff\/"}]}},"authors":[{"term_id":33546,"user_id":3134,"is_guest":0,"slug":"oncuba-editorial-staff","display_name":"OnCuba Staff","avatar_url":"https:\/\/secure.gravatar.com\/avatar\/4b4c4d6109baadde898bb1af22ea4a4af5f4417b86a5d1800bf17531bfb128fc?s=96&r=g","0":null,"1":"","2":"","3":"","4":"","5":"","6":"","7":"","8":""},{"term_id":8689,"user_id":3134,"is_guest":0,"slug":"oncuba-editorial-staff","display_name":"OnCuba editorial staff","avatar_url":{"url":"https:\/\/oncubanews.com\/en\/wp-content\/uploads\/2018\/10\/avatar-ocnews-1.png","url2x":"https:\/\/oncubanews.com\/en\/wp-content\/uploads\/2018\/10\/avatar-ocnews-1.png"},"0":null,"1":"","2":"","3":"","4":"","5":"","6":"","7":"","8":""}],"_links":{"self":[{"href":"https:\/\/oncubanews.com\/en\/wp-json\/wp\/v2\/posts\/229071","targetHints":{"allow":["GET"]}}],"collection":[{"href":"https:\/\/oncubanews.com\/en\/wp-json\/wp\/v2\/posts"}],"about":[{"href":"https:\/\/oncubanews.com\/en\/wp-json\/wp\/v2\/types\/post"}],"author":[{"embeddable":true,"href":"https:\/\/oncubanews.com\/en\/wp-json\/wp\/v2\/users\/3134"}],"replies":[{"embeddable":true,"href":"https:\/\/oncubanews.com\/en\/wp-json\/wp\/v2\/comments?post=229071"}],"version-history":[{"count":0,"href":"https:\/\/oncubanews.com\/en\/wp-json\/wp\/v2\/posts\/229071\/revisions"}],"wp:featuredmedia":[{"embeddable":true,"href":"https:\/\/oncubanews.com\/en\/wp-json\/wp\/v2\/media\/229072"}],"wp:attachment":[{"href":"https:\/\/oncubanews.com\/en\/wp-json\/wp\/v2\/media?parent=229071"}],"wp:term":[{"taxonomy":"category","embeddable":true,"href":"https:\/\/oncubanews.com\/en\/wp-json\/wp\/v2\/categories?post=229071"},{"taxonomy":"post_tag","embeddable":true,"href":"https:\/\/oncubanews.com\/en\/wp-json\/wp\/v2\/tags?post=229071"},{"taxonomy":"author","embeddable":true,"href":"https:\/\/oncubanews.com\/en\/wp-json\/wp\/v2\/ppma_author?post=229071"}],"curies":[{"name":"wp","href":"https:\/\/api.w.org\/{rel}","templated":true}]}}