
{"id":229216,"date":"2020-10-19T11:42:53","date_gmt":"2020-10-19T15:42:53","guid":{"rendered":"https:\/\/oncubanews.com\/en\/?p=229216"},"modified":"2020-10-19T11:42:53","modified_gmt":"2020-10-19T15:42:53","slug":"havana-scenes-from-a-particular-de-escalation","status":"publish","type":"post","link":"https:\/\/oncubanews.com\/en\/cuba\/havana-scenes-from-a-particular-de-escalation\/","title":{"rendered":"Havana: scenes from a particular de-escalation"},"content":{"rendered":"<p><a href=\"https:\/\/oncubanews.com\/tag\/la-habana\/\" target=\"_blank\" rel=\"noopener noreferrer\"><span style=\"font-weight: 400;\">Havana<\/span><\/a><span style=\"font-weight: 400;\"> is already experiencing its new de-escalation. Its own, the particular one. Since last Monday, the city entered phase 3 of the post-COVID-19 recovery stage, after reporting an improvement in its epidemiological indicators. Its inhabitants seem to have taken the pulse of that awaited moment quickly.<\/span><\/p>\n<p><span style=\"font-weight: 400;\">The capital is currently the only Cuban province in this phase, in which \u201ca greater standardization of services and productive activities is envisaged, bringing those considered to be of lower risk to normal, keeping the measures to reduce it in place,\u201d according to <\/span><a href=\"http:\/\/www.granma.cu\/cuba-covid-19\/2020-10-09\/como-funcionara-en-cuba-la-nueva-normalidad-a-partir-del-12-de-octubre-09-10-2020-02-10-14\" target=\"_blank\" rel=\"noopener noreferrer\"><span style=\"font-weight: 400;\">the new strategy<\/span><\/a><span style=\"font-weight: 400;\"> for confronting the pandemic on the island.<\/span><\/p>\n<figure id=\"attachment_229218\" aria-describedby=\"caption-attachment-229218\" style=\"width: 1140px\" class=\"wp-caption aligncenter\"><a href=\"https:\/\/oncubanews.com\/en\/wp-content\/uploads\/2020\/10\/Peluquero_Otm0116-1.jpg\"><img loading=\"lazy\" decoding=\"async\" class=\"size-full wp-image-229218\" src=\"https:\/\/oncubanews.com\/en\/wp-content\/uploads\/2020\/10\/Peluquero_Otm0116-1.jpg\" alt=\"\" width=\"1140\" height=\"760\" srcset=\"https:\/\/oncubanews.com\/en\/wp-content\/uploads\/2020\/10\/Peluquero_Otm0116-1.jpg 1140w, https:\/\/oncubanews.com\/en\/wp-content\/uploads\/2020\/10\/Peluquero_Otm0116-1-300x200.jpg 300w, https:\/\/oncubanews.com\/en\/wp-content\/uploads\/2020\/10\/Peluquero_Otm0116-1-1024x683.jpg 1024w, https:\/\/oncubanews.com\/en\/wp-content\/uploads\/2020\/10\/Peluquero_Otm0116-1-768x512.jpg 768w, https:\/\/oncubanews.com\/en\/wp-content\/uploads\/2020\/10\/Peluquero_Otm0116-1-750x500.jpg 750w\" sizes=\"auto, (max-width: 1140px) 100vw, 1140px\" \/><\/a><figcaption id=\"caption-attachment-229218\" class=\"wp-caption-text\">A hairdresser resumes his private business in Havana, during the post-COVID-19 de-escalation. Photo: Otmaro Rodr\u00edguez.<\/figcaption><\/figure>\n<p><span style=\"font-weight: 400;\">However, due to the complexities involved in the territorial characteristics\u2015 a street is often just the boundary between two municipalities\u2015and the population density of Havana, its authorities chose to launch <\/span><a href=\"http:\/\/tribuna.cu\/coronavirus\/2020-10-14\/medidas-para-la-fase-iii-en-la-habana\" target=\"_blank\" rel=\"noopener noreferrer\"><span style=\"font-weight: 400;\">their own recovery plan<\/span><\/a><span style=\"font-weight: 400;\"> in which, at least for the moment, not all the measures originally planned for phase 3 of the de-escalation will be applied.<\/span><\/p>\n<p><span style=\"font-weight: 400;\">Thus, for example, regular flights are suspended throughout October, while trips by buses and trains to other provinces will begin next week. Neither can gyms in closed premises, nor bars, nightspots, discos and party rooms function; while previously established capacity restrictions for public transportation, restaurants and swimming pools remain in effect.<\/span><\/p>\n<div id='gallery-1' class='gallery galleryid-229216 gallery-columns-1 gallery-size-full'><figure class='gallery-item'>\n\t\t\t<div class='gallery-icon landscape'>\n\t\t\t\t<a href='https:\/\/oncubanews.com\/en\/cuba\/havana-scenes-from-a-particular-de-escalation\/attachment\/rebrote-coronavirus-35\/'><img loading=\"lazy\" decoding=\"async\" width=\"1140\" height=\"760\" src=\"https:\/\/oncubanews.com\/en\/wp-content\/uploads\/2020\/10\/Colchones_Otm0111-1.jpg\" class=\"attachment-full size-full\" alt=\"\" aria-describedby=\"gallery-1-229219\" srcset=\"https:\/\/oncubanews.com\/en\/wp-content\/uploads\/2020\/10\/Colchones_Otm0111-1.jpg 1140w, https:\/\/oncubanews.com\/en\/wp-content\/uploads\/2020\/10\/Colchones_Otm0111-1-300x200.jpg 300w, https:\/\/oncubanews.com\/en\/wp-content\/uploads\/2020\/10\/Colchones_Otm0111-1-1024x683.jpg 1024w, https:\/\/oncubanews.com\/en\/wp-content\/uploads\/2020\/10\/Colchones_Otm0111-1-768x512.jpg 768w, https:\/\/oncubanews.com\/en\/wp-content\/uploads\/2020\/10\/Colchones_Otm0111-1-750x500.jpg 750w\" sizes=\"auto, (max-width: 1140px) 100vw, 1140px\" \/><\/a>\n\t\t\t<\/div>\n\t\t\t\t<figcaption class='wp-caption-text gallery-caption' id='gallery-1-229219'>\n\t\t\t\tPhoto: Otmaro Rodr\u00edguez.\n\t\t\t\t<\/figcaption><\/figure><figure class='gallery-item'>\n\t\t\t<div class='gallery-icon landscape'>\n\t\t\t\t<a href='https:\/\/oncubanews.com\/en\/cuba\/havana-scenes-from-a-particular-de-escalation\/attachment\/morro-3\/'><img loading=\"lazy\" decoding=\"async\" width=\"1140\" height=\"760\" src=\"https:\/\/oncubanews.com\/en\/wp-content\/uploads\/2020\/10\/La-Habana-Covid19_2_otm_1-1.jpg\" class=\"attachment-full size-full\" alt=\"\" aria-describedby=\"gallery-1-229220\" srcset=\"https:\/\/oncubanews.com\/en\/wp-content\/uploads\/2020\/10\/La-Habana-Covid19_2_otm_1-1.jpg 1140w, https:\/\/oncubanews.com\/en\/wp-content\/uploads\/2020\/10\/La-Habana-Covid19_2_otm_1-1-300x200.jpg 300w, https:\/\/oncubanews.com\/en\/wp-content\/uploads\/2020\/10\/La-Habana-Covid19_2_otm_1-1-1024x683.jpg 1024w, https:\/\/oncubanews.com\/en\/wp-content\/uploads\/2020\/10\/La-Habana-Covid19_2_otm_1-1-768x512.jpg 768w, https:\/\/oncubanews.com\/en\/wp-content\/uploads\/2020\/10\/La-Habana-Covid19_2_otm_1-1-750x500.jpg 750w\" sizes=\"auto, (max-width: 1140px) 100vw, 1140px\" \/><\/a>\n\t\t\t<\/div>\n\t\t\t\t<figcaption class='wp-caption-text gallery-caption' id='gallery-1-229220'>\n\t\t\t\tPhoto: Otmaro Rodr\u00edguez.\n\t\t\t\t<\/figcaption><\/figure><figure class='gallery-item'>\n\t\t\t<div class='gallery-icon landscape'>\n\t\t\t\t<a href='https:\/\/oncubanews.com\/en\/cuba\/havana-scenes-from-a-particular-de-escalation\/attachment\/bici-2\/'><img loading=\"lazy\" decoding=\"async\" width=\"1140\" height=\"760\" src=\"https:\/\/oncubanews.com\/en\/wp-content\/uploads\/2020\/10\/La-Habana-Covid19_2_otm_4-1.jpg\" class=\"attachment-full size-full\" alt=\"\" aria-describedby=\"gallery-1-229221\" srcset=\"https:\/\/oncubanews.com\/en\/wp-content\/uploads\/2020\/10\/La-Habana-Covid19_2_otm_4-1.jpg 1140w, https:\/\/oncubanews.com\/en\/wp-content\/uploads\/2020\/10\/La-Habana-Covid19_2_otm_4-1-300x200.jpg 300w, https:\/\/oncubanews.com\/en\/wp-content\/uploads\/2020\/10\/La-Habana-Covid19_2_otm_4-1-1024x683.jpg 1024w, https:\/\/oncubanews.com\/en\/wp-content\/uploads\/2020\/10\/La-Habana-Covid19_2_otm_4-1-768x512.jpg 768w, https:\/\/oncubanews.com\/en\/wp-content\/uploads\/2020\/10\/La-Habana-Covid19_2_otm_4-1-750x500.jpg 750w\" sizes=\"auto, (max-width: 1140px) 100vw, 1140px\" \/><\/a>\n\t\t\t<\/div>\n\t\t\t\t<figcaption class='wp-caption-text gallery-caption' id='gallery-1-229221'>\n\t\t\t\tPhoto: Otmaro Rodr\u00edguez.\n\t\t\t\t<\/figcaption><\/figure><figure class='gallery-item'>\n\t\t\t<div class='gallery-icon landscape'>\n\t\t\t\t<a href='https:\/\/oncubanews.com\/en\/cuba\/havana-scenes-from-a-particular-de-escalation\/attachment\/carlos-iii-9\/'><img loading=\"lazy\" decoding=\"async\" width=\"1140\" height=\"760\" src=\"https:\/\/oncubanews.com\/en\/wp-content\/uploads\/2020\/10\/La-Habana-Covid19_2_otm_5-1.jpg\" class=\"attachment-full size-full\" alt=\"\" aria-describedby=\"gallery-1-229222\" srcset=\"https:\/\/oncubanews.com\/en\/wp-content\/uploads\/2020\/10\/La-Habana-Covid19_2_otm_5-1.jpg 1140w, https:\/\/oncubanews.com\/en\/wp-content\/uploads\/2020\/10\/La-Habana-Covid19_2_otm_5-1-300x200.jpg 300w, https:\/\/oncubanews.com\/en\/wp-content\/uploads\/2020\/10\/La-Habana-Covid19_2_otm_5-1-1024x683.jpg 1024w, https:\/\/oncubanews.com\/en\/wp-content\/uploads\/2020\/10\/La-Habana-Covid19_2_otm_5-1-768x512.jpg 768w, https:\/\/oncubanews.com\/en\/wp-content\/uploads\/2020\/10\/La-Habana-Covid19_2_otm_5-1-750x500.jpg 750w\" sizes=\"auto, (max-width: 1140px) 100vw, 1140px\" \/><\/a>\n\t\t\t<\/div>\n\t\t\t\t<figcaption class='wp-caption-text gallery-caption' id='gallery-1-229222'>\n\t\t\t\tPhoto: Otmaro Rodr\u00edguez.\n\t\t\t\t<\/figcaption><\/figure><figure class='gallery-item'>\n\t\t\t<div class='gallery-icon landscape'>\n\t\t\t\t<a href='https:\/\/oncubanews.com\/en\/cuba\/havana-scenes-from-a-particular-de-escalation\/attachment\/galiano-2\/'><img loading=\"lazy\" decoding=\"async\" width=\"1140\" height=\"760\" src=\"https:\/\/oncubanews.com\/en\/wp-content\/uploads\/2020\/10\/La-Habana-Covid19_2_otm_10-1.jpg\" class=\"attachment-full size-full\" alt=\"\" aria-describedby=\"gallery-1-229223\" srcset=\"https:\/\/oncubanews.com\/en\/wp-content\/uploads\/2020\/10\/La-Habana-Covid19_2_otm_10-1.jpg 1140w, https:\/\/oncubanews.com\/en\/wp-content\/uploads\/2020\/10\/La-Habana-Covid19_2_otm_10-1-300x200.jpg 300w, https:\/\/oncubanews.com\/en\/wp-content\/uploads\/2020\/10\/La-Habana-Covid19_2_otm_10-1-1024x683.jpg 1024w, https:\/\/oncubanews.com\/en\/wp-content\/uploads\/2020\/10\/La-Habana-Covid19_2_otm_10-1-768x512.jpg 768w, https:\/\/oncubanews.com\/en\/wp-content\/uploads\/2020\/10\/La-Habana-Covid19_2_otm_10-1-750x500.jpg 750w\" sizes=\"auto, (max-width: 1140px) 100vw, 1140px\" \/><\/a>\n\t\t\t<\/div>\n\t\t\t\t<figcaption class='wp-caption-text gallery-caption' id='gallery-1-229223'>\n\t\t\t\tPhoto: Otmaro Rodr\u00edguez.\n\t\t\t\t<\/figcaption><\/figure><figure class='gallery-item'>\n\t\t\t<div class='gallery-icon landscape'>\n\t\t\t\t<a href='https:\/\/oncubanews.com\/en\/cuba\/havana-scenes-from-a-particular-de-escalation\/attachment\/calle-san-rafael-foto-otmaro-rodriguez-2\/'><img loading=\"lazy\" decoding=\"async\" width=\"1140\" height=\"760\" src=\"https:\/\/oncubanews.com\/en\/wp-content\/uploads\/2020\/10\/La-Habana-Covid19_2_otm_11-1.jpg\" class=\"attachment-full size-full\" alt=\"\" aria-describedby=\"gallery-1-229224\" srcset=\"https:\/\/oncubanews.com\/en\/wp-content\/uploads\/2020\/10\/La-Habana-Covid19_2_otm_11-1.jpg 1140w, https:\/\/oncubanews.com\/en\/wp-content\/uploads\/2020\/10\/La-Habana-Covid19_2_otm_11-1-300x200.jpg 300w, https:\/\/oncubanews.com\/en\/wp-content\/uploads\/2020\/10\/La-Habana-Covid19_2_otm_11-1-1024x683.jpg 1024w, https:\/\/oncubanews.com\/en\/wp-content\/uploads\/2020\/10\/La-Habana-Covid19_2_otm_11-1-768x512.jpg 768w, https:\/\/oncubanews.com\/en\/wp-content\/uploads\/2020\/10\/La-Habana-Covid19_2_otm_11-1-750x500.jpg 750w\" sizes=\"auto, (max-width: 1140px) 100vw, 1140px\" \/><\/a>\n\t\t\t<\/div>\n\t\t\t\t<figcaption class='wp-caption-text gallery-caption' id='gallery-1-229224'>\n\t\t\t\tPhoto: Otmaro Rodr\u00edguez.\n\t\t\t\t<\/figcaption><\/figure><figure class='gallery-item'>\n\t\t\t<div class='gallery-icon landscape'>\n\t\t\t\t<a href='https:\/\/oncubanews.com\/en\/cuba\/havana-scenes-from-a-particular-de-escalation\/attachment\/sol-y-lluvia-en-la-capital-cubana-por-estos-tiempos-foto-otmaro-rodriguez-2\/'><img loading=\"lazy\" decoding=\"async\" width=\"1140\" height=\"760\" src=\"https:\/\/oncubanews.com\/en\/wp-content\/uploads\/2020\/10\/La-Habana-Covid19_2_otm_13-1.jpg\" class=\"attachment-full size-full\" alt=\"\" aria-describedby=\"gallery-1-229225\" srcset=\"https:\/\/oncubanews.com\/en\/wp-content\/uploads\/2020\/10\/La-Habana-Covid19_2_otm_13-1.jpg 1140w, https:\/\/oncubanews.com\/en\/wp-content\/uploads\/2020\/10\/La-Habana-Covid19_2_otm_13-1-300x200.jpg 300w, https:\/\/oncubanews.com\/en\/wp-content\/uploads\/2020\/10\/La-Habana-Covid19_2_otm_13-1-1024x683.jpg 1024w, https:\/\/oncubanews.com\/en\/wp-content\/uploads\/2020\/10\/La-Habana-Covid19_2_otm_13-1-768x512.jpg 768w, https:\/\/oncubanews.com\/en\/wp-content\/uploads\/2020\/10\/La-Habana-Covid19_2_otm_13-1-750x500.jpg 750w\" sizes=\"auto, (max-width: 1140px) 100vw, 1140px\" \/><\/a>\n\t\t\t<\/div>\n\t\t\t\t<figcaption class='wp-caption-text gallery-caption' id='gallery-1-229225'>\n\t\t\t\tPhoto: Otmaro Rodr\u00edguez.\n\t\t\t\t<\/figcaption><\/figure><figure class='gallery-item'>\n\t\t\t<div class='gallery-icon landscape'>\n\t\t\t\t<a href='https:\/\/oncubanews.com\/en\/cuba\/havana-scenes-from-a-particular-de-escalation\/attachment\/continuan-las-colas-para-adquirir-alimentos-y-aseo-foto-otmaro-rodriguez-2\/'><img loading=\"lazy\" decoding=\"async\" width=\"1140\" height=\"760\" src=\"https:\/\/oncubanews.com\/en\/wp-content\/uploads\/2020\/10\/La-Habana-Covid19_2_otm_14-1.jpg\" class=\"attachment-full size-full\" alt=\"\" aria-describedby=\"gallery-1-229226\" srcset=\"https:\/\/oncubanews.com\/en\/wp-content\/uploads\/2020\/10\/La-Habana-Covid19_2_otm_14-1.jpg 1140w, https:\/\/oncubanews.com\/en\/wp-content\/uploads\/2020\/10\/La-Habana-Covid19_2_otm_14-1-300x200.jpg 300w, https:\/\/oncubanews.com\/en\/wp-content\/uploads\/2020\/10\/La-Habana-Covid19_2_otm_14-1-1024x683.jpg 1024w, https:\/\/oncubanews.com\/en\/wp-content\/uploads\/2020\/10\/La-Habana-Covid19_2_otm_14-1-768x512.jpg 768w, https:\/\/oncubanews.com\/en\/wp-content\/uploads\/2020\/10\/La-Habana-Covid19_2_otm_14-1-750x500.jpg 750w\" sizes=\"auto, (max-width: 1140px) 100vw, 1140px\" \/><\/a>\n\t\t\t<\/div>\n\t\t\t\t<figcaption class='wp-caption-text gallery-caption' id='gallery-1-229226'>\n\t\t\t\tPhoto: Otmaro Rodr\u00edguez.\n\t\t\t\t<\/figcaption><\/figure><figure class='gallery-item'>\n\t\t\t<div class='gallery-icon landscape'>\n\t\t\t\t<a href='https:\/\/oncubanews.com\/en\/cuba\/havana-scenes-from-a-particular-de-escalation\/attachment\/internet-6\/'><img loading=\"lazy\" decoding=\"async\" width=\"1140\" height=\"760\" src=\"https:\/\/oncubanews.com\/en\/wp-content\/uploads\/2020\/10\/La-Habana-Covid19_2_otm_15-1.jpg\" class=\"attachment-full size-full\" alt=\"\" aria-describedby=\"gallery-1-229227\" srcset=\"https:\/\/oncubanews.com\/en\/wp-content\/uploads\/2020\/10\/La-Habana-Covid19_2_otm_15-1.jpg 1140w, https:\/\/oncubanews.com\/en\/wp-content\/uploads\/2020\/10\/La-Habana-Covid19_2_otm_15-1-300x200.jpg 300w, https:\/\/oncubanews.com\/en\/wp-content\/uploads\/2020\/10\/La-Habana-Covid19_2_otm_15-1-1024x683.jpg 1024w, https:\/\/oncubanews.com\/en\/wp-content\/uploads\/2020\/10\/La-Habana-Covid19_2_otm_15-1-768x512.jpg 768w, https:\/\/oncubanews.com\/en\/wp-content\/uploads\/2020\/10\/La-Habana-Covid19_2_otm_15-1-750x500.jpg 750w\" sizes=\"auto, (max-width: 1140px) 100vw, 1140px\" \/><\/a>\n\t\t\t<\/div>\n\t\t\t\t<figcaption class='wp-caption-text gallery-caption' id='gallery-1-229227'>\n\t\t\t\tPhoto: Otmaro Rodr\u00edguez.\n\t\t\t\t<\/figcaption><\/figure><figure class='gallery-item'>\n\t\t\t<div class='gallery-icon landscape'>\n\t\t\t\t<a href='https:\/\/oncubanews.com\/en\/cuba\/havana-scenes-from-a-particular-de-escalation\/attachment\/rebrote-coronavirus-36\/'><img loading=\"lazy\" decoding=\"async\" width=\"1140\" height=\"760\" src=\"https:\/\/oncubanews.com\/en\/wp-content\/uploads\/2020\/10\/La-Habana-Covid19_2_otm_16-1.jpg\" class=\"attachment-full size-full\" alt=\"\" aria-describedby=\"gallery-1-229228\" srcset=\"https:\/\/oncubanews.com\/en\/wp-content\/uploads\/2020\/10\/La-Habana-Covid19_2_otm_16-1.jpg 1140w, https:\/\/oncubanews.com\/en\/wp-content\/uploads\/2020\/10\/La-Habana-Covid19_2_otm_16-1-300x200.jpg 300w, https:\/\/oncubanews.com\/en\/wp-content\/uploads\/2020\/10\/La-Habana-Covid19_2_otm_16-1-1024x683.jpg 1024w, https:\/\/oncubanews.com\/en\/wp-content\/uploads\/2020\/10\/La-Habana-Covid19_2_otm_16-1-768x512.jpg 768w, https:\/\/oncubanews.com\/en\/wp-content\/uploads\/2020\/10\/La-Habana-Covid19_2_otm_16-1-750x500.jpg 750w\" sizes=\"auto, (max-width: 1140px) 100vw, 1140px\" \/><\/a>\n\t\t\t<\/div>\n\t\t\t\t<figcaption class='wp-caption-text gallery-caption' id='gallery-1-229228'>\n\t\t\t\tPhoto: Otmaro Rodr\u00edguez.\n\t\t\t\t<\/figcaption><\/figure><figure class='gallery-item'>\n\t\t\t<div class='gallery-icon landscape'>\n\t\t\t\t<a href='https:\/\/oncubanews.com\/en\/cuba\/havana-scenes-from-a-particular-de-escalation\/attachment\/rebrote-coronavirus-37\/'><img loading=\"lazy\" decoding=\"async\" width=\"1140\" height=\"760\" src=\"https:\/\/oncubanews.com\/en\/wp-content\/uploads\/2020\/10\/Sitios_Otm0090-1.jpg\" class=\"attachment-full size-full\" alt=\"\" aria-describedby=\"gallery-1-229229\" srcset=\"https:\/\/oncubanews.com\/en\/wp-content\/uploads\/2020\/10\/Sitios_Otm0090-1.jpg 1140w, https:\/\/oncubanews.com\/en\/wp-content\/uploads\/2020\/10\/Sitios_Otm0090-1-300x200.jpg 300w, https:\/\/oncubanews.com\/en\/wp-content\/uploads\/2020\/10\/Sitios_Otm0090-1-1024x683.jpg 1024w, https:\/\/oncubanews.com\/en\/wp-content\/uploads\/2020\/10\/Sitios_Otm0090-1-768x512.jpg 768w, https:\/\/oncubanews.com\/en\/wp-content\/uploads\/2020\/10\/Sitios_Otm0090-1-750x500.jpg 750w\" sizes=\"auto, (max-width: 1140px) 100vw, 1140px\" \/><\/a>\n\t\t\t<\/div>\n\t\t\t\t<figcaption class='wp-caption-text gallery-caption' id='gallery-1-229229'>\n\t\t\t\tPhoto: Otmaro Rodr\u00edguez.\n\t\t\t\t<\/figcaption><\/figure><figure class='gallery-item'>\n\t\t\t<div class='gallery-icon landscape'>\n\t\t\t\t<a href='https:\/\/oncubanews.com\/en\/cuba\/havana-scenes-from-a-particular-de-escalation\/attachment\/rebrote-coronavirus-38\/'><img loading=\"lazy\" decoding=\"async\" width=\"1140\" height=\"760\" src=\"https:\/\/oncubanews.com\/en\/wp-content\/uploads\/2020\/10\/Transporte_Otm0059-1.jpg\" class=\"attachment-full size-full\" alt=\"\" aria-describedby=\"gallery-1-229230\" srcset=\"https:\/\/oncubanews.com\/en\/wp-content\/uploads\/2020\/10\/Transporte_Otm0059-1.jpg 1140w, https:\/\/oncubanews.com\/en\/wp-content\/uploads\/2020\/10\/Transporte_Otm0059-1-300x200.jpg 300w, https:\/\/oncubanews.com\/en\/wp-content\/uploads\/2020\/10\/Transporte_Otm0059-1-1024x683.jpg 1024w, https:\/\/oncubanews.com\/en\/wp-content\/uploads\/2020\/10\/Transporte_Otm0059-1-768x512.jpg 768w, https:\/\/oncubanews.com\/en\/wp-content\/uploads\/2020\/10\/Transporte_Otm0059-1-750x500.jpg 750w\" sizes=\"auto, (max-width: 1140px) 100vw, 1140px\" \/><\/a>\n\t\t\t<\/div>\n\t\t\t\t<figcaption class='wp-caption-text gallery-caption' id='gallery-1-229230'>\n\t\t\t\tPhoto: Otmaro Rodr\u00edguez.\n\t\t\t\t<\/figcaption><\/figure>\n\t\t<\/div>\n\n<p><span style=\"font-weight: 400;\">The use of a mask continues to be mandatory \u201cin all settings\u201d of social life, as well as physical distancing and the hygienic-sanitary measures established since the arrival of COVID-19.<\/span><\/p>\n<p><span style=\"font-weight: 400;\">However, even with the regulations and restrictions still in force, the Cuban capital today wears a different face. The shortages, the lines, or the usual problems have not disappeared, nor has the risk of contagion with the new coronavirus, but there is more relief, more joy, more \u201cnormality\u201d among Havanans.<\/span><\/p>\n<figure id=\"attachment_229231\" aria-describedby=\"caption-attachment-229231\" style=\"width: 1140px\" class=\"wp-caption aligncenter\"><a href=\"https:\/\/oncubanews.com\/en\/wp-content\/uploads\/2020\/10\/Restaurante_Otm0129-1.jpg\"><img loading=\"lazy\" decoding=\"async\" class=\"size-full wp-image-229231\" src=\"https:\/\/oncubanews.com\/en\/wp-content\/uploads\/2020\/10\/Restaurante_Otm0129-1.jpg\" alt=\"\" width=\"1140\" height=\"760\" srcset=\"https:\/\/oncubanews.com\/en\/wp-content\/uploads\/2020\/10\/Restaurante_Otm0129-1.jpg 1140w, https:\/\/oncubanews.com\/en\/wp-content\/uploads\/2020\/10\/Restaurante_Otm0129-1-300x200.jpg 300w, https:\/\/oncubanews.com\/en\/wp-content\/uploads\/2020\/10\/Restaurante_Otm0129-1-1024x683.jpg 1024w, https:\/\/oncubanews.com\/en\/wp-content\/uploads\/2020\/10\/Restaurante_Otm0129-1-768x512.jpg 768w, https:\/\/oncubanews.com\/en\/wp-content\/uploads\/2020\/10\/Restaurante_Otm0129-1-750x500.jpg 750w\" sizes=\"auto, (max-width: 1140px) 100vw, 1140px\" \/><\/a><figcaption id=\"caption-attachment-229231\" class=\"wp-caption-text\">Reopening of a cafeteria under sanitary measures, during the post COVID-19 de-escalation in Havana. Photo: Otmaro Rodr\u00edguez.<\/figcaption><\/figure>\n<p><span style=\"font-weight: 400;\">Children have returned to play in the parks, fishermen and lovers to the Malec\u00f3n, family outings so far postponed have been resumed. Smiles and distractions have returned to tinge everyday concerns, to color the shadows of daily life and also those caused by the pandemic.<\/span><\/p>\n<p><span style=\"font-weight: 400;\">This reality, however, cannot be turned into carelessness, into excessive confidence. Havana has managed to contain the coronavirus, but not defeat it. It is no longer the epicenter of the epidemic in Cuba\u2015a sad condition now being suffered by the provinces of Sancti Sp\u00edritus and Ciego de \u00c1vila\u2014, but at the slightest oversight it could become so again. The images that we show you today are, then, the testimony of a moment that, we hope, lasts as much in the streets as in the memory of its protagonists.<\/span><\/p>\n<div id='gallery-2' class='gallery galleryid-229216 gallery-columns-1 gallery-size-full'><figure class='gallery-item'>\n\t\t\t<div class='gallery-icon landscape'>\n\t\t\t\t<a href='https:\/\/oncubanews.com\/en\/cuba\/havana-scenes-from-a-particular-de-escalation\/attachment\/rebrote-coronavirus-40\/'><img loading=\"lazy\" decoding=\"async\" width=\"1140\" height=\"760\" src=\"https:\/\/oncubanews.com\/en\/wp-content\/uploads\/2020\/10\/Carretillero_Otm3-1.jpg\" class=\"attachment-full size-full\" alt=\"\" aria-describedby=\"gallery-2-229233\" srcset=\"https:\/\/oncubanews.com\/en\/wp-content\/uploads\/2020\/10\/Carretillero_Otm3-1.jpg 1140w, https:\/\/oncubanews.com\/en\/wp-content\/uploads\/2020\/10\/Carretillero_Otm3-1-300x200.jpg 300w, https:\/\/oncubanews.com\/en\/wp-content\/uploads\/2020\/10\/Carretillero_Otm3-1-1024x683.jpg 1024w, https:\/\/oncubanews.com\/en\/wp-content\/uploads\/2020\/10\/Carretillero_Otm3-1-768x512.jpg 768w, https:\/\/oncubanews.com\/en\/wp-content\/uploads\/2020\/10\/Carretillero_Otm3-1-750x500.jpg 750w\" sizes=\"auto, (max-width: 1140px) 100vw, 1140px\" \/><\/a>\n\t\t\t<\/div>\n\t\t\t\t<figcaption class='wp-caption-text gallery-caption' id='gallery-2-229233'>\n\t\t\t\tCarretilleros inundan las calle de La Habana. Foto: Otmaro Rodr\u00edguez\n\t\t\t\t<\/figcaption><\/figure><figure class='gallery-item'>\n\t\t\t<div class='gallery-icon landscape'>\n\t\t\t\t<a href='https:\/\/oncubanews.com\/en\/cuba\/havana-scenes-from-a-particular-de-escalation\/attachment\/rebrote-coronavirus-41\/'><img loading=\"lazy\" decoding=\"async\" width=\"1140\" height=\"760\" src=\"https:\/\/oncubanews.com\/en\/wp-content\/uploads\/2020\/10\/Higiene_Otm0119-1.jpg\" class=\"attachment-full size-full\" alt=\"\" aria-describedby=\"gallery-2-229234\" srcset=\"https:\/\/oncubanews.com\/en\/wp-content\/uploads\/2020\/10\/Higiene_Otm0119-1.jpg 1140w, https:\/\/oncubanews.com\/en\/wp-content\/uploads\/2020\/10\/Higiene_Otm0119-1-300x200.jpg 300w, https:\/\/oncubanews.com\/en\/wp-content\/uploads\/2020\/10\/Higiene_Otm0119-1-1024x683.jpg 1024w, https:\/\/oncubanews.com\/en\/wp-content\/uploads\/2020\/10\/Higiene_Otm0119-1-768x512.jpg 768w, https:\/\/oncubanews.com\/en\/wp-content\/uploads\/2020\/10\/Higiene_Otm0119-1-750x500.jpg 750w\" sizes=\"auto, (max-width: 1140px) 100vw, 1140px\" \/><\/a>\n\t\t\t<\/div>\n\t\t\t\t<figcaption class='wp-caption-text gallery-caption' id='gallery-2-229234'>\n\t\t\t\tPhoto: Otmaro Rodr\u00edguez.\n\t\t\t\t<\/figcaption><\/figure><figure class='gallery-item'>\n\t\t\t<div class='gallery-icon landscape'>\n\t\t\t\t<a href='https:\/\/oncubanews.com\/en\/cuba\/havana-scenes-from-a-particular-de-escalation\/attachment\/comunales-2\/'><img loading=\"lazy\" decoding=\"async\" width=\"1140\" height=\"760\" src=\"https:\/\/oncubanews.com\/en\/wp-content\/uploads\/2020\/10\/La-Habana-Covid19_2_otm_2-1.jpg\" class=\"attachment-full size-full\" alt=\"\" aria-describedby=\"gallery-2-229235\" srcset=\"https:\/\/oncubanews.com\/en\/wp-content\/uploads\/2020\/10\/La-Habana-Covid19_2_otm_2-1.jpg 1140w, https:\/\/oncubanews.com\/en\/wp-content\/uploads\/2020\/10\/La-Habana-Covid19_2_otm_2-1-300x200.jpg 300w, https:\/\/oncubanews.com\/en\/wp-content\/uploads\/2020\/10\/La-Habana-Covid19_2_otm_2-1-1024x683.jpg 1024w, https:\/\/oncubanews.com\/en\/wp-content\/uploads\/2020\/10\/La-Habana-Covid19_2_otm_2-1-768x512.jpg 768w, https:\/\/oncubanews.com\/en\/wp-content\/uploads\/2020\/10\/La-Habana-Covid19_2_otm_2-1-750x500.jpg 750w\" sizes=\"auto, (max-width: 1140px) 100vw, 1140px\" \/><\/a>\n\t\t\t<\/div>\n\t\t\t\t<figcaption class='wp-caption-text gallery-caption' id='gallery-2-229235'>\n\t\t\t\tEl trabajador de comunales nunca ha dejado de trabajar durante la Covid-19. Foto: Otmaro Rodr\u00edguez\n\t\t\t\t<\/figcaption><\/figure><figure class='gallery-item'>\n\t\t\t<div class='gallery-icon landscape'>\n\t\t\t\t<a href='https:\/\/oncubanews.com\/en\/cuba\/havana-scenes-from-a-particular-de-escalation\/attachment\/ponis-2\/'><img loading=\"lazy\" decoding=\"async\" width=\"1140\" height=\"760\" src=\"https:\/\/oncubanews.com\/en\/wp-content\/uploads\/2020\/10\/La-Habana-Covid19_2_otm_6-1.jpg\" class=\"attachment-full size-full\" alt=\"\" aria-describedby=\"gallery-2-229236\" srcset=\"https:\/\/oncubanews.com\/en\/wp-content\/uploads\/2020\/10\/La-Habana-Covid19_2_otm_6-1.jpg 1140w, https:\/\/oncubanews.com\/en\/wp-content\/uploads\/2020\/10\/La-Habana-Covid19_2_otm_6-1-300x200.jpg 300w, https:\/\/oncubanews.com\/en\/wp-content\/uploads\/2020\/10\/La-Habana-Covid19_2_otm_6-1-1024x683.jpg 1024w, https:\/\/oncubanews.com\/en\/wp-content\/uploads\/2020\/10\/La-Habana-Covid19_2_otm_6-1-768x512.jpg 768w, https:\/\/oncubanews.com\/en\/wp-content\/uploads\/2020\/10\/La-Habana-Covid19_2_otm_6-1-750x500.jpg 750w\" sizes=\"auto, (max-width: 1140px) 100vw, 1140px\" \/><\/a>\n\t\t\t<\/div>\n\t\t\t\t<figcaption class='wp-caption-text gallery-caption' id='gallery-2-229236'>\n\t\t\t\tEl amor y sus huellas. Foto: Otmaro Rodr\u00edguez\n\t\t\t\t<\/figcaption><\/figure><figure class='gallery-item'>\n\t\t\t<div class='gallery-icon landscape'>\n\t\t\t\t<a href='https:\/\/oncubanews.com\/en\/cuba\/havana-scenes-from-a-particular-de-escalation\/attachment\/futbol-17\/'><img loading=\"lazy\" decoding=\"async\" width=\"1140\" height=\"760\" src=\"https:\/\/oncubanews.com\/en\/wp-content\/uploads\/2020\/10\/La-Habana-Covid19_2_otm_8-1.jpg\" class=\"attachment-full size-full\" alt=\"\" aria-describedby=\"gallery-2-229237\" srcset=\"https:\/\/oncubanews.com\/en\/wp-content\/uploads\/2020\/10\/La-Habana-Covid19_2_otm_8-1.jpg 1140w, https:\/\/oncubanews.com\/en\/wp-content\/uploads\/2020\/10\/La-Habana-Covid19_2_otm_8-1-300x200.jpg 300w, https:\/\/oncubanews.com\/en\/wp-content\/uploads\/2020\/10\/La-Habana-Covid19_2_otm_8-1-1024x683.jpg 1024w, https:\/\/oncubanews.com\/en\/wp-content\/uploads\/2020\/10\/La-Habana-Covid19_2_otm_8-1-768x512.jpg 768w, https:\/\/oncubanews.com\/en\/wp-content\/uploads\/2020\/10\/La-Habana-Covid19_2_otm_8-1-750x500.jpg 750w\" sizes=\"auto, (max-width: 1140px) 100vw, 1140px\" \/><\/a>\n\t\t\t<\/div>\n\t\t\t\t<figcaption class='wp-caption-text gallery-caption' id='gallery-2-229237'>\n\t\t\t\tEn el Parque M\u00e1ximo G\u00f3mez, j\u00f3venes juegan f\u00fatbol y se practican otros deportes, regreso a la nueva normalidad. Foto: Otmaro Rodr\u00edguez\n\t\t\t\t<\/figcaption><\/figure><figure class='gallery-item'>\n\t\t\t<div class='gallery-icon landscape'>\n\t\t\t\t<a href='https:\/\/oncubanews.com\/en\/cuba\/havana-scenes-from-a-particular-de-escalation\/attachment\/muro-3\/'><img loading=\"lazy\" decoding=\"async\" width=\"1140\" height=\"760\" src=\"https:\/\/oncubanews.com\/en\/wp-content\/uploads\/2020\/10\/La-Habana-Covid19_2_otm_9-1.jpg\" class=\"attachment-full size-full\" alt=\"\" aria-describedby=\"gallery-2-229238\" srcset=\"https:\/\/oncubanews.com\/en\/wp-content\/uploads\/2020\/10\/La-Habana-Covid19_2_otm_9-1.jpg 1140w, https:\/\/oncubanews.com\/en\/wp-content\/uploads\/2020\/10\/La-Habana-Covid19_2_otm_9-1-300x200.jpg 300w, https:\/\/oncubanews.com\/en\/wp-content\/uploads\/2020\/10\/La-Habana-Covid19_2_otm_9-1-1024x683.jpg 1024w, https:\/\/oncubanews.com\/en\/wp-content\/uploads\/2020\/10\/La-Habana-Covid19_2_otm_9-1-768x512.jpg 768w, https:\/\/oncubanews.com\/en\/wp-content\/uploads\/2020\/10\/La-Habana-Covid19_2_otm_9-1-750x500.jpg 750w\" sizes=\"auto, (max-width: 1140px) 100vw, 1140px\" \/><\/a>\n\t\t\t<\/div>\n\t\t\t\t<figcaption class='wp-caption-text gallery-caption' id='gallery-2-229238'>\n\t\t\t\tPescadores en el muro del malec\u00f3n en La Habana. Foto: Otmaro Rodr\u00edguez\n\t\t\t\t<\/figcaption><\/figure><figure class='gallery-item'>\n\t\t\t<div class='gallery-icon landscape'>\n\t\t\t\t<a href='https:\/\/oncubanews.com\/en\/cuba\/havana-scenes-from-a-particular-de-escalation\/attachment\/habana-63\/'><img loading=\"lazy\" decoding=\"async\" width=\"1140\" height=\"760\" src=\"https:\/\/oncubanews.com\/en\/wp-content\/uploads\/2020\/10\/La-Habana-Covid19_2_otm_12-1.jpg\" class=\"attachment-full size-full\" alt=\"\" aria-describedby=\"gallery-2-229239\" srcset=\"https:\/\/oncubanews.com\/en\/wp-content\/uploads\/2020\/10\/La-Habana-Covid19_2_otm_12-1.jpg 1140w, https:\/\/oncubanews.com\/en\/wp-content\/uploads\/2020\/10\/La-Habana-Covid19_2_otm_12-1-300x200.jpg 300w, https:\/\/oncubanews.com\/en\/wp-content\/uploads\/2020\/10\/La-Habana-Covid19_2_otm_12-1-1024x683.jpg 1024w, https:\/\/oncubanews.com\/en\/wp-content\/uploads\/2020\/10\/La-Habana-Covid19_2_otm_12-1-768x512.jpg 768w, https:\/\/oncubanews.com\/en\/wp-content\/uploads\/2020\/10\/La-Habana-Covid19_2_otm_12-1-750x500.jpg 750w\" sizes=\"auto, (max-width: 1140px) 100vw, 1140px\" \/><\/a>\n\t\t\t<\/div>\n\t\t\t\t<figcaption class='wp-caption-text gallery-caption' id='gallery-2-229239'>\n\t\t\t\tLas personas vistan una de las boulevard de San Rafael. Foto: Otmar Rodr\u00edguez\n\t\t\t\t<\/figcaption><\/figure><figure class='gallery-item'>\n\t\t\t<div class='gallery-icon landscape'>\n\t\t\t\t<a href='https:\/\/oncubanews.com\/en\/cuba\/havana-scenes-from-a-particular-de-escalation\/attachment\/rebrote-coronavirus-42\/'><img loading=\"lazy\" decoding=\"async\" width=\"1140\" height=\"760\" src=\"https:\/\/oncubanews.com\/en\/wp-content\/uploads\/2020\/10\/Limpiando-el-parque_Otm0082-1.jpg\" class=\"attachment-full size-full\" alt=\"\" aria-describedby=\"gallery-2-229240\" srcset=\"https:\/\/oncubanews.com\/en\/wp-content\/uploads\/2020\/10\/Limpiando-el-parque_Otm0082-1.jpg 1140w, https:\/\/oncubanews.com\/en\/wp-content\/uploads\/2020\/10\/Limpiando-el-parque_Otm0082-1-300x200.jpg 300w, https:\/\/oncubanews.com\/en\/wp-content\/uploads\/2020\/10\/Limpiando-el-parque_Otm0082-1-1024x683.jpg 1024w, https:\/\/oncubanews.com\/en\/wp-content\/uploads\/2020\/10\/Limpiando-el-parque_Otm0082-1-768x512.jpg 768w, https:\/\/oncubanews.com\/en\/wp-content\/uploads\/2020\/10\/Limpiando-el-parque_Otm0082-1-750x500.jpg 750w\" sizes=\"auto, (max-width: 1140px) 100vw, 1140px\" \/><\/a>\n\t\t\t<\/div>\n\t\t\t\t<figcaption class='wp-caption-text gallery-caption' id='gallery-2-229240'>\n\t\t\t\tLimpieza en el Parque de La Fraternidad de La Habana. Foto: Otmaro Rodriguez\n\t\t\t\t<\/figcaption><\/figure><figure class='gallery-item'>\n\t\t\t<div class='gallery-icon landscape'>\n\t\t\t\t<a href='https:\/\/oncubanews.com\/en\/cuba\/havana-scenes-from-a-particular-de-escalation\/attachment\/rebrote-coronavirus-43\/'><img loading=\"lazy\" decoding=\"async\" width=\"1140\" height=\"760\" src=\"https:\/\/oncubanews.com\/en\/wp-content\/uploads\/2020\/10\/Manicero_Otm0095-1-1.jpg\" class=\"attachment-full size-full\" alt=\"\" aria-describedby=\"gallery-2-229241\" srcset=\"https:\/\/oncubanews.com\/en\/wp-content\/uploads\/2020\/10\/Manicero_Otm0095-1-1.jpg 1140w, https:\/\/oncubanews.com\/en\/wp-content\/uploads\/2020\/10\/Manicero_Otm0095-1-1-300x200.jpg 300w, https:\/\/oncubanews.com\/en\/wp-content\/uploads\/2020\/10\/Manicero_Otm0095-1-1-1024x683.jpg 1024w, https:\/\/oncubanews.com\/en\/wp-content\/uploads\/2020\/10\/Manicero_Otm0095-1-1-768x512.jpg 768w, https:\/\/oncubanews.com\/en\/wp-content\/uploads\/2020\/10\/Manicero_Otm0095-1-1-750x500.jpg 750w\" sizes=\"auto, (max-width: 1140px) 100vw, 1140px\" \/><\/a>\n\t\t\t<\/div>\n\t\t\t\t<figcaption class='wp-caption-text gallery-caption' id='gallery-2-229241'>\n\t\t\t\tRebrote del covid-19. Foto: Otmaro Rodr\u00edguez\n\t\t\t\t<\/figcaption><\/figure><figure class='gallery-item'>\n\t\t\t<div class='gallery-icon landscape'>\n\t\t\t\t<a href='https:\/\/oncubanews.com\/en\/cuba\/havana-scenes-from-a-particular-de-escalation\/attachment\/rebrote-coronavirus-44\/'><img loading=\"lazy\" decoding=\"async\" width=\"1140\" height=\"760\" src=\"https:\/\/oncubanews.com\/en\/wp-content\/uploads\/2020\/10\/Tienda_Otm4-1.jpg\" class=\"attachment-full size-full\" alt=\"\" aria-describedby=\"gallery-2-229242\" srcset=\"https:\/\/oncubanews.com\/en\/wp-content\/uploads\/2020\/10\/Tienda_Otm4-1.jpg 1140w, https:\/\/oncubanews.com\/en\/wp-content\/uploads\/2020\/10\/Tienda_Otm4-1-300x200.jpg 300w, https:\/\/oncubanews.com\/en\/wp-content\/uploads\/2020\/10\/Tienda_Otm4-1-1024x683.jpg 1024w, https:\/\/oncubanews.com\/en\/wp-content\/uploads\/2020\/10\/Tienda_Otm4-1-768x512.jpg 768w, https:\/\/oncubanews.com\/en\/wp-content\/uploads\/2020\/10\/Tienda_Otm4-1-750x500.jpg 750w\" sizes=\"auto, (max-width: 1140px) 100vw, 1140px\" \/><\/a>\n\t\t\t<\/div>\n\t\t\t\t<figcaption class='wp-caption-text gallery-caption' id='gallery-2-229242'>\n\t\t\t\tVenta de la canasta b\u00e1sica a la poblaci\u00f3n. Foto: Otmaro Rodr\u00edguez\n\t\t\t\t<\/figcaption><\/figure>\n\t\t<\/div>\n\n","protected":false},"excerpt":{"rendered":"<p>Havana is already experiencing its new de-escalation. Its own, the particular one. Since last Monday, the city entered phase 3 of the post-COVID-19 recovery stage, after reporting an improvement in its epidemiological indicators. Its inhabitants seem to have taken the pulse of that awaited moment quickly. The capital is currently the only Cuban province in [&hellip;]<\/p>\n","protected":false},"author":3261,"featured_media":229217,"comment_status":"open","ping_status":"closed","sticky":false,"template":"","format":"standard","meta":{"_acf_changed":false,"footnotes":""},"categories":[13902],"tags":[29532,14872],"ppma_author":[33550,14826,13070],"class_list":["post-229216","post","type-post","status-publish","format-standard","has-post-thumbnail","hentry","category-cuba","tag-coronavirus-in-cuba","tag-havana"],"acf":[],"yoast_head":"<!-- This site is optimized with the Yoast SEO plugin v27.3 - https:\/\/yoast.com\/product\/yoast-seo-wordpress\/ -->\n<title>Havana: scenes from a particular de-escalation | OnCubaNews English<\/title>\n<meta name=\"description\" content=\"The capital is currently the only Cuban province in phase 3 of the post-COVID-19 recovery stage, and its inhabitants seem to have taken the pulse of this awaited moment quickly.\" \/>\n<meta name=\"robots\" content=\"index, follow, max-snippet:-1, max-image-preview:large, max-video-preview:-1\" \/>\n<link rel=\"canonical\" href=\"https:\/\/oncubanews.com\/en\/cuba\/havana-scenes-from-a-particular-de-escalation\/\" \/>\n<meta property=\"og:locale\" content=\"en_US\" \/>\n<meta property=\"og:type\" content=\"article\" \/>\n<meta property=\"og:title\" content=\"Havana: scenes from a particular de-escalation | OnCubaNews English\" \/>\n<meta property=\"og:description\" content=\"The capital is currently the only Cuban province in phase 3 of the post-COVID-19 recovery stage, and its inhabitants seem to have taken the pulse of this awaited moment quickly.\" \/>\n<meta property=\"og:url\" content=\"https:\/\/oncubanews.com\/en\/cuba\/havana-scenes-from-a-particular-de-escalation\/\" \/>\n<meta property=\"og:site_name\" content=\"OnCubaNews English\" \/>\n<meta property=\"article:published_time\" content=\"2020-10-19T15:42:53+00:00\" \/>\n<meta property=\"og:image\" content=\"https:\/\/oncubanews.com\/en\/wp-content\/uploads\/2020\/10\/La-Habana-Covid19_2_otm_3-1024x683-1.jpg\" \/>\n\t<meta property=\"og:image:width\" content=\"1024\" \/>\n\t<meta property=\"og:image:height\" content=\"683\" \/>\n\t<meta property=\"og:image:type\" content=\"image\/jpeg\" \/>\n<meta name=\"author\" content=\"Eric Caraballoso, Eric Caraballosa, otmaro\" \/>\n<meta name=\"twitter:card\" content=\"summary_large_image\" \/>\n<meta name=\"twitter:label1\" content=\"Written by\" \/>\n\t<meta name=\"twitter:data1\" content=\"Eric Caraballoso\" \/>\n\t<meta name=\"twitter:label2\" content=\"Est. reading time\" \/>\n\t<meta name=\"twitter:data2\" content=\"2 minutes\" \/>\n<script type=\"application\/ld+json\" class=\"yoast-schema-graph\">{\"@context\":\"https:\\\/\\\/schema.org\",\"@graph\":[{\"@type\":\"Article\",\"@id\":\"https:\\\/\\\/oncubanews.com\\\/en\\\/cuba\\\/havana-scenes-from-a-particular-de-escalation\\\/#article\",\"isPartOf\":{\"@id\":\"https:\\\/\\\/oncubanews.com\\\/en\\\/cuba\\\/havana-scenes-from-a-particular-de-escalation\\\/\"},\"author\":{\"name\":\"Eric Caraballoso\",\"@id\":\"https:\\\/\\\/oncubanews.com\\\/en\\\/#\\\/schema\\\/person\\\/ab0162526e61405906a4732727689ef7\"},\"headline\":\"Havana: scenes from a particular de-escalation\",\"datePublished\":\"2020-10-19T15:42:53+00:00\",\"mainEntityOfPage\":{\"@id\":\"https:\\\/\\\/oncubanews.com\\\/en\\\/cuba\\\/havana-scenes-from-a-particular-de-escalation\\\/\"},\"wordCount\":495,\"commentCount\":0,\"image\":{\"@id\":\"https:\\\/\\\/oncubanews.com\\\/en\\\/cuba\\\/havana-scenes-from-a-particular-de-escalation\\\/#primaryimage\"},\"thumbnailUrl\":\"https:\\\/\\\/oncubanews.com\\\/en\\\/wp-content\\\/uploads\\\/2020\\\/10\\\/La-Habana-Covid19_2_otm_3-1024x683-1.jpg\",\"keywords\":[\"coronavirus in Cuba\",\"Havana\"],\"articleSection\":[\"Cuba\"],\"inLanguage\":\"en-US\",\"potentialAction\":[{\"@type\":\"CommentAction\",\"name\":\"Comment\",\"target\":[\"https:\\\/\\\/oncubanews.com\\\/en\\\/cuba\\\/havana-scenes-from-a-particular-de-escalation\\\/#respond\"]}],\"copyrightYear\":\"2020\",\"copyrightHolder\":{\"@id\":\"https:\\\/\\\/oncubanews.com\\\/en\\\/#organization\"}},{\"@type\":\"WebPage\",\"@id\":\"https:\\\/\\\/oncubanews.com\\\/en\\\/cuba\\\/havana-scenes-from-a-particular-de-escalation\\\/\",\"url\":\"https:\\\/\\\/oncubanews.com\\\/en\\\/cuba\\\/havana-scenes-from-a-particular-de-escalation\\\/\",\"name\":\"Havana: scenes from a particular de-escalation | OnCubaNews English\",\"isPartOf\":{\"@id\":\"https:\\\/\\\/oncubanews.com\\\/en\\\/#website\"},\"primaryImageOfPage\":{\"@id\":\"https:\\\/\\\/oncubanews.com\\\/en\\\/cuba\\\/havana-scenes-from-a-particular-de-escalation\\\/#primaryimage\"},\"image\":{\"@id\":\"https:\\\/\\\/oncubanews.com\\\/en\\\/cuba\\\/havana-scenes-from-a-particular-de-escalation\\\/#primaryimage\"},\"thumbnailUrl\":\"https:\\\/\\\/oncubanews.com\\\/en\\\/wp-content\\\/uploads\\\/2020\\\/10\\\/La-Habana-Covid19_2_otm_3-1024x683-1.jpg\",\"datePublished\":\"2020-10-19T15:42:53+00:00\",\"author\":{\"@id\":\"https:\\\/\\\/oncubanews.com\\\/en\\\/#\\\/schema\\\/person\\\/ab0162526e61405906a4732727689ef7\"},\"description\":\"The capital is currently the only Cuban province in phase 3 of the post-COVID-19 recovery stage, and its inhabitants seem to have taken the pulse of this awaited moment quickly.\",\"breadcrumb\":{\"@id\":\"https:\\\/\\\/oncubanews.com\\\/en\\\/cuba\\\/havana-scenes-from-a-particular-de-escalation\\\/#breadcrumb\"},\"inLanguage\":\"en-US\",\"potentialAction\":[{\"@type\":\"ReadAction\",\"target\":[\"https:\\\/\\\/oncubanews.com\\\/en\\\/cuba\\\/havana-scenes-from-a-particular-de-escalation\\\/\"]}]},{\"@type\":\"ImageObject\",\"inLanguage\":\"en-US\",\"@id\":\"https:\\\/\\\/oncubanews.com\\\/en\\\/cuba\\\/havana-scenes-from-a-particular-de-escalation\\\/#primaryimage\",\"url\":\"https:\\\/\\\/oncubanews.com\\\/en\\\/wp-content\\\/uploads\\\/2020\\\/10\\\/La-Habana-Covid19_2_otm_3-1024x683-1.jpg\",\"contentUrl\":\"https:\\\/\\\/oncubanews.com\\\/en\\\/wp-content\\\/uploads\\\/2020\\\/10\\\/La-Habana-Covid19_2_otm_3-1024x683-1.jpg\",\"width\":1024,\"height\":683,\"caption\":\"A boy plays in a square in Havana, during the post-COVID-19 de-escalation. Photo: Otmaro Rodr\u00edguez.\"},{\"@type\":\"BreadcrumbList\",\"@id\":\"https:\\\/\\\/oncubanews.com\\\/en\\\/cuba\\\/havana-scenes-from-a-particular-de-escalation\\\/#breadcrumb\",\"itemListElement\":[{\"@type\":\"ListItem\",\"position\":1,\"name\":\"Portada\",\"item\":\"https:\\\/\\\/oncubanews.com\\\/en\\\/\"},{\"@type\":\"ListItem\",\"position\":2,\"name\":\"Havana: scenes from a particular de-escalation\"}]},{\"@type\":\"WebSite\",\"@id\":\"https:\\\/\\\/oncubanews.com\\\/en\\\/#website\",\"url\":\"https:\\\/\\\/oncubanews.com\\\/en\\\/\",\"name\":\"OnCubaNews English\",\"description\":\"Revista sobre Cuba\",\"potentialAction\":[{\"@type\":\"SearchAction\",\"target\":{\"@type\":\"EntryPoint\",\"urlTemplate\":\"https:\\\/\\\/oncubanews.com\\\/en\\\/?s={search_term_string}\"},\"query-input\":{\"@type\":\"PropertyValueSpecification\",\"valueRequired\":true,\"valueName\":\"search_term_string\"}}],\"inLanguage\":\"en-US\"},{\"@type\":\"Person\",\"@id\":\"https:\\\/\\\/oncubanews.com\\\/en\\\/#\\\/schema\\\/person\\\/ab0162526e61405906a4732727689ef7\",\"name\":\"Eric Caraballoso\",\"image\":{\"@type\":\"ImageObject\",\"inLanguage\":\"en-US\",\"@id\":\"https:\\\/\\\/oncubanews.com\\\/wp-content\\\/uploads\\\/2015\\\/09\\\/Eric-Caraballosa_avatar_1442265168-96x96.jpg78fa763b15fce7416ea24dbfe94bf6e6\",\"url\":\"https:\\\/\\\/oncubanews.com\\\/wp-content\\\/uploads\\\/2015\\\/09\\\/Eric-Caraballosa_avatar_1442265168-96x96.jpg\",\"contentUrl\":\"https:\\\/\\\/oncubanews.com\\\/wp-content\\\/uploads\\\/2015\\\/09\\\/Eric-Caraballosa_avatar_1442265168-96x96.jpg\",\"caption\":\"Eric Caraballoso\"},\"url\":\"https:\\\/\\\/oncubanews.com\\\/en\\\/author\\\/eric-caraballoso\\\/\"}]}<\/script>\n<!-- \/ Yoast SEO plugin. -->","yoast_head_json":{"title":"Havana: scenes from a particular de-escalation | OnCubaNews English","description":"The capital is currently the only Cuban province in phase 3 of the post-COVID-19 recovery stage, and its inhabitants seem to have taken the pulse of this awaited moment quickly.","robots":{"index":"index","follow":"follow","max-snippet":"max-snippet:-1","max-image-preview":"max-image-preview:large","max-video-preview":"max-video-preview:-1"},"canonical":"https:\/\/oncubanews.com\/en\/cuba\/havana-scenes-from-a-particular-de-escalation\/","og_locale":"en_US","og_type":"article","og_title":"Havana: scenes from a particular de-escalation | OnCubaNews English","og_description":"The capital is currently the only Cuban province in phase 3 of the post-COVID-19 recovery stage, and its inhabitants seem to have taken the pulse of this awaited moment quickly.","og_url":"https:\/\/oncubanews.com\/en\/cuba\/havana-scenes-from-a-particular-de-escalation\/","og_site_name":"OnCubaNews English","article_published_time":"2020-10-19T15:42:53+00:00","og_image":[{"width":1024,"height":683,"url":"https:\/\/oncubanews.com\/en\/wp-content\/uploads\/2020\/10\/La-Habana-Covid19_2_otm_3-1024x683-1.jpg","type":"image\/jpeg"}],"author":"Eric Caraballoso, Eric Caraballosa, otmaro","twitter_card":"summary_large_image","twitter_misc":{"Written by":"Eric Caraballoso","Est. reading time":"2 minutes"},"schema":{"@context":"https:\/\/schema.org","@graph":[{"@type":"Article","@id":"https:\/\/oncubanews.com\/en\/cuba\/havana-scenes-from-a-particular-de-escalation\/#article","isPartOf":{"@id":"https:\/\/oncubanews.com\/en\/cuba\/havana-scenes-from-a-particular-de-escalation\/"},"author":{"name":"Eric Caraballoso","@id":"https:\/\/oncubanews.com\/en\/#\/schema\/person\/ab0162526e61405906a4732727689ef7"},"headline":"Havana: scenes from a particular de-escalation","datePublished":"2020-10-19T15:42:53+00:00","mainEntityOfPage":{"@id":"https:\/\/oncubanews.com\/en\/cuba\/havana-scenes-from-a-particular-de-escalation\/"},"wordCount":495,"commentCount":0,"image":{"@id":"https:\/\/oncubanews.com\/en\/cuba\/havana-scenes-from-a-particular-de-escalation\/#primaryimage"},"thumbnailUrl":"https:\/\/oncubanews.com\/en\/wp-content\/uploads\/2020\/10\/La-Habana-Covid19_2_otm_3-1024x683-1.jpg","keywords":["coronavirus in Cuba","Havana"],"articleSection":["Cuba"],"inLanguage":"en-US","potentialAction":[{"@type":"CommentAction","name":"Comment","target":["https:\/\/oncubanews.com\/en\/cuba\/havana-scenes-from-a-particular-de-escalation\/#respond"]}],"copyrightYear":"2020","copyrightHolder":{"@id":"https:\/\/oncubanews.com\/en\/#organization"}},{"@type":"WebPage","@id":"https:\/\/oncubanews.com\/en\/cuba\/havana-scenes-from-a-particular-de-escalation\/","url":"https:\/\/oncubanews.com\/en\/cuba\/havana-scenes-from-a-particular-de-escalation\/","name":"Havana: scenes from a particular de-escalation | OnCubaNews English","isPartOf":{"@id":"https:\/\/oncubanews.com\/en\/#website"},"primaryImageOfPage":{"@id":"https:\/\/oncubanews.com\/en\/cuba\/havana-scenes-from-a-particular-de-escalation\/#primaryimage"},"image":{"@id":"https:\/\/oncubanews.com\/en\/cuba\/havana-scenes-from-a-particular-de-escalation\/#primaryimage"},"thumbnailUrl":"https:\/\/oncubanews.com\/en\/wp-content\/uploads\/2020\/10\/La-Habana-Covid19_2_otm_3-1024x683-1.jpg","datePublished":"2020-10-19T15:42:53+00:00","author":{"@id":"https:\/\/oncubanews.com\/en\/#\/schema\/person\/ab0162526e61405906a4732727689ef7"},"description":"The capital is currently the only Cuban province in phase 3 of the post-COVID-19 recovery stage, and its inhabitants seem to have taken the pulse of this awaited moment quickly.","breadcrumb":{"@id":"https:\/\/oncubanews.com\/en\/cuba\/havana-scenes-from-a-particular-de-escalation\/#breadcrumb"},"inLanguage":"en-US","potentialAction":[{"@type":"ReadAction","target":["https:\/\/oncubanews.com\/en\/cuba\/havana-scenes-from-a-particular-de-escalation\/"]}]},{"@type":"ImageObject","inLanguage":"en-US","@id":"https:\/\/oncubanews.com\/en\/cuba\/havana-scenes-from-a-particular-de-escalation\/#primaryimage","url":"https:\/\/oncubanews.com\/en\/wp-content\/uploads\/2020\/10\/La-Habana-Covid19_2_otm_3-1024x683-1.jpg","contentUrl":"https:\/\/oncubanews.com\/en\/wp-content\/uploads\/2020\/10\/La-Habana-Covid19_2_otm_3-1024x683-1.jpg","width":1024,"height":683,"caption":"A boy plays in a square in Havana, during the post-COVID-19 de-escalation. Photo: Otmaro Rodr\u00edguez."},{"@type":"BreadcrumbList","@id":"https:\/\/oncubanews.com\/en\/cuba\/havana-scenes-from-a-particular-de-escalation\/#breadcrumb","itemListElement":[{"@type":"ListItem","position":1,"name":"Portada","item":"https:\/\/oncubanews.com\/en\/"},{"@type":"ListItem","position":2,"name":"Havana: scenes from a particular de-escalation"}]},{"@type":"WebSite","@id":"https:\/\/oncubanews.com\/en\/#website","url":"https:\/\/oncubanews.com\/en\/","name":"OnCubaNews English","description":"Revista sobre Cuba","potentialAction":[{"@type":"SearchAction","target":{"@type":"EntryPoint","urlTemplate":"https:\/\/oncubanews.com\/en\/?s={search_term_string}"},"query-input":{"@type":"PropertyValueSpecification","valueRequired":true,"valueName":"search_term_string"}}],"inLanguage":"en-US"},{"@type":"Person","@id":"https:\/\/oncubanews.com\/en\/#\/schema\/person\/ab0162526e61405906a4732727689ef7","name":"Eric Caraballoso","image":{"@type":"ImageObject","inLanguage":"en-US","@id":"https:\/\/oncubanews.com\/wp-content\/uploads\/2015\/09\/Eric-Caraballosa_avatar_1442265168-96x96.jpg78fa763b15fce7416ea24dbfe94bf6e6","url":"https:\/\/oncubanews.com\/wp-content\/uploads\/2015\/09\/Eric-Caraballosa_avatar_1442265168-96x96.jpg","contentUrl":"https:\/\/oncubanews.com\/wp-content\/uploads\/2015\/09\/Eric-Caraballosa_avatar_1442265168-96x96.jpg","caption":"Eric Caraballoso"},"url":"https:\/\/oncubanews.com\/en\/author\/eric-caraballoso\/"}]}},"authors":[{"term_id":33550,"user_id":3261,"is_guest":0,"slug":"eric-caraballoso","display_name":"Eric Caraballoso","avatar_url":"https:\/\/oncubanews.com\/wp-content\/uploads\/2015\/09\/Eric-Caraballosa_avatar_1442265168-96x96.jpg","0":null,"1":"","2":"","3":"","4":"","5":"","6":"","7":"","8":""},{"term_id":14826,"user_id":0,"is_guest":1,"slug":"cap-eric-caraballoso","display_name":"Eric Caraballosa","avatar_url":"https:\/\/secure.gravatar.com\/avatar\/?s=96&r=g","0":null,"1":"","2":"","3":"","4":"","5":"","6":"","7":"","8":""},{"term_id":13070,"user_id":0,"is_guest":1,"slug":"cap-otmaro","display_name":"otmaro","avatar_url":"https:\/\/secure.gravatar.com\/avatar\/?s=96&r=g","0":null,"1":"","2":"","3":"","4":"","5":"","6":"","7":"","8":""}],"_links":{"self":[{"href":"https:\/\/oncubanews.com\/en\/wp-json\/wp\/v2\/posts\/229216","targetHints":{"allow":["GET"]}}],"collection":[{"href":"https:\/\/oncubanews.com\/en\/wp-json\/wp\/v2\/posts"}],"about":[{"href":"https:\/\/oncubanews.com\/en\/wp-json\/wp\/v2\/types\/post"}],"author":[{"embeddable":true,"href":"https:\/\/oncubanews.com\/en\/wp-json\/wp\/v2\/users\/3261"}],"replies":[{"embeddable":true,"href":"https:\/\/oncubanews.com\/en\/wp-json\/wp\/v2\/comments?post=229216"}],"version-history":[{"count":0,"href":"https:\/\/oncubanews.com\/en\/wp-json\/wp\/v2\/posts\/229216\/revisions"}],"wp:featuredmedia":[{"embeddable":true,"href":"https:\/\/oncubanews.com\/en\/wp-json\/wp\/v2\/media\/229217"}],"wp:attachment":[{"href":"https:\/\/oncubanews.com\/en\/wp-json\/wp\/v2\/media?parent=229216"}],"wp:term":[{"taxonomy":"category","embeddable":true,"href":"https:\/\/oncubanews.com\/en\/wp-json\/wp\/v2\/categories?post=229216"},{"taxonomy":"post_tag","embeddable":true,"href":"https:\/\/oncubanews.com\/en\/wp-json\/wp\/v2\/tags?post=229216"},{"taxonomy":"author","embeddable":true,"href":"https:\/\/oncubanews.com\/en\/wp-json\/wp\/v2\/ppma_author?post=229216"}],"curies":[{"name":"wp","href":"https:\/\/api.w.org\/{rel}","templated":true}]}}