
{"id":229846,"date":"2020-10-31T12:33:07","date_gmt":"2020-10-31T16:33:07","guid":{"rendered":"https:\/\/oncubanews.com\/en\/?p=229846"},"modified":"2020-10-31T12:33:07","modified_gmt":"2020-10-31T16:33:07","slug":"the-arrow-is-in-the-air","status":"publish","type":"post","link":"https:\/\/oncubanews.com\/en\/world\/usa\/the-arrow-is-in-the-air\/","title":{"rendered":"The arrow is in the air"},"content":{"rendered":"<p>The expression \u201cthe most important elections of our lives\u201d is sweeping the national scene today with unusual force. Of course, it is not the first time it has been used in the history of this country, but on few occasions it has referred to the struggle between two diametrically opposite visions about the United States and its relationship with the world, perhaps as it has not been seen since the 1860s, in the context of the Civil War.<\/p>\n<p>A clear and distinct manifestation of that importance is early voting. As of October 27, more than <a href=\"https:\/\/www.msn.com\/en-us\/news\/politics\/where-voting-stands-6-days-from-election-day\/ar-BB1atNbo?ocid=msedgdhp\" target=\"_blank\" rel=\"noopener noreferrer\">73 million<\/a> ballots had been marked in elections that have broken historical records for citizen participation. And with very high marks in the states of Texas, Georgia, North Carolina, Florida and Arizona. A clear indicator that politics has penetrated with unusual force in the lives of Americans, in times of crisis.<\/p>\n<p>\u201cAnxiety\u201d is perhaps the word that best describes the nature of this process. And the unprecedented: lines of five or more hours have been reported to exercise the right to vote.<\/p>\n<p>With just a few days to go before the election, polls broadly favor Democratic candidate Joe Biden. But in the middle of it all are two scenarios. On the one hand, some predict a \u201cblue wave\u201d that, like a pendulum swing, will expel Donald Trump from the Oval Office on January 20. On the other, when facing these disadvantages in the projections, the Trumpists maintain, on the contrary, that a last minute \u201cred wave,\u201d like cavalry to the sound of the trumpet, will manage to undo the sorcerers\u2019 spell and win the victory.<\/p>\n<figure style=\"width: 1160px\" class=\"wp-caption aligncenter\"><img loading=\"lazy\" decoding=\"async\" src=\"https:\/\/oncubanews.com\/wp-content\/uploads\/2020\/10\/Debate-1.jpg\" alt=\"The first debate. Photo: Politico\" width=\"1160\" height=\"773\" \/><figcaption class=\"wp-caption-text\">The first debate. Photo: Politico.<\/figcaption><\/figure>\n<p>It is clear: since last May, analysts and observers have been verifying\/discussing Biden\u2019s growing tendency to dominate in the average of the national polls, data that can be followed step by step on the <a href=\"https:\/\/www.realclearpolitics.com\/epolls\/latest_polls\/\" target=\"_blank\" rel=\"noopener noreferrer\">RealClear Politics<\/a> and <a href=\"https:\/\/fivethirtyeight.com\/\" target=\"_blank\" rel=\"noopener noreferrer\">FiveThirtyEight<\/a> sites. Speaking badly and soon, if right now I were forced to mark an important turning point in this fight, I would say that immediately after the first debate between Trump and Biden.<\/p>\n<p>As can be recalled, that day was a real disaster because of the president\u2019s systematic interruptions, but Biden\u2019s average national lead almost doubled. It was perhaps Trump\u2019s first shot in the foot of his many others from then on. At one end, there was the celebration of a social event at the White House to present his judge Amy Coney Barret, who ended up contaminating a few members of his inner circle, and a couple of Republican senators, due to the promiscuity and sparring masks. In another, Trump said that COVID-19 was benign in 99.9% of cases, an idea that is contrary to reality: in the United States, more than 230,000 people have died from this disease.<\/p>\n<p>The truth is, according to an <a href=\"https:\/\/www.wsj.com\/articles\/biden-scores-14-point-lead-over-trump-in-poll-after-debate-11601816400\" target=\"_blank\" rel=\"noopener noreferrer\">NBC News\/<em>The Wall Street Journal<\/em><\/a> poll, that prospective voters then said, by a 2-to-1 margin, that Biden had more the makings of a president. The Democrat was 14 points ahead of Trump (53% vs. 39%), one of the largest differences recorded throughout the day. The survey was conducted two days later, on September 29, before Trump tested positive for the coronavirus and was admitted to the Walter Reed National Military Medical Center. The strategy of interrupting and avoiding responses worked for him, but like a boomerang: \u201cBasically, last night was a snapshot of the last three and a half years. He couldn\u2019t say anything about white supremacists, he was negative and not very presidential,\u201d said one of the respondents.<\/p>\n<figure style=\"width: 992px\" class=\"wp-caption aligncenter\"><img loading=\"lazy\" decoding=\"async\" src=\"https:\/\/oncubanews.com\/wp-content\/uploads\/2020\/10\/Micgigan.jpg\" alt=\"Trump at a rally in Michigan. Photo: Fortune.\" width=\"992\" height=\"558\" \/><figcaption class=\"wp-caption-text\">Trump at a rally in Michigan. Photo: Fortune.<\/figcaption><\/figure>\n<p>This measurement also had an important peculiarity: having been among the first to report that Trump\u2019s greatest decreases were among older adults (62% vs. 35% supported Biden in the poll) and suburban women (58% vs. 33%).<\/p>\n<p>But if the national polls are an abstraction, at the height of October, those of several critical states also favored the Democratic candidate. The data is especially relevant in some of the states that make up the \u201cblue wall,\u201d lost by the Democrats in 2016 and practically decisive in these elections. In Michigan, for example, 52% of likely voters said they preferred Biden; only 40% Trump. Meanwhile, in Wisconsin and Pennsylvania, Biden led by 5 percentage points, obtaining 49% and 50% of the support of likely voters in each state, respectively. 44% of Wisconsin respondents and 45% of Pennsylvania respondents said they support Trump.<\/p>\n<p>But it was not just a matter of measurements by liberals. In pro-Trump territories there were also some that showed problems for the incumbent. On October 16, for example, a Fox poll found that Trump had a narrow lead over Biden in Ohio, but that voters in the three states he had won in 2016\u2015Michigan, Wisconsin and Pennsylvania\u2015preferred Biden, who by then led by 12 points in Michigan (52-40%), by 5 in Pennsylvania (50-45%) and by 5 in Wisconsin (49-44%). (It was out of the margin of error in Michigan, but not in Pennsylvania and Wisconsin.)<\/p>\n<p>Another relevant fact, because in this the current polls differ from those of 2016: there are fewer undecided voters or ticking the box of a third candidate. In each of those states, less than 10% of respondents were undecided or supported the candidate of a third party. And 8 out of 10 voters said they were \u201cextremely committed\u201d to their candidate.<\/p>\n<figure style=\"width: 1250px\" class=\"wp-caption aligncenter\"><img loading=\"lazy\" decoding=\"async\" src=\"https:\/\/oncubanews.com\/wp-content\/uploads\/2020\/10\/Biden-Wisconsin.jpg\" alt=\"Biden in Wisconsin. Photo: Carolyn Kaster\/AP.\" width=\"1250\" height=\"703\" \/><figcaption class=\"wp-caption-text\">Biden in Wisconsin. Photo: Carolyn Kaster\/AP.<\/figcaption><\/figure>\n<p>As for the female vote, it was overwhelmingly aligned with Biden. He won by 19 points in Michigan, by 6 in Ohio, by 12 in Pennsylvania and by 17 in Wisconsin. Among suburban women, in Michigan he led by +35 points, Ohio +18, Pennsylvania +29 and Wisconsin +21.<\/p>\n<p>On October 27, a <a href=\"https:\/\/www.nytimes.com\/2020\/10\/28\/us\/politics\/michigan-poll-trump-biden.html\" target=\"_blank\" rel=\"noopener noreferrer\">new poll<\/a> found that Biden was increasing his lead over President Trump in Michigan, Wisconsin and Pennsylvania, and confirmed that undecided voters intended to back the Democratic presidential candidate. Biden had more than 50% in all three states, while Trump remained stuck in the 40s. In Michigan, Biden led by 10 points (52% vs. 42%) with only 5% undecided voters. The same September poll found Biden with a 6-point lead.<\/p>\n<p>On the other hand, in terms of financing, an index that naturally goes beyond money and, for that very reason, is significant, since September the Trump campaign has been showing signs of having fallen short. According to <em>The Wall Street Journal<\/em>, as of mid-October, Biden\u2019s campaign reported having $162 million in cash on hand\u2015nearly four times the $43 million that Trump\u2019s had. Overall, as of mid-October, Biden and the Democratic Party had $331 million in cash on hand, compared to $223.5 million of Trump and the Republican Party.<\/p>\n<p>This had an immediate practical result: a predominance of <a href=\"https:\/\/www.wral.com\/cash-strapped-trump-campaign-shifts-resources-in-florida-as-democrats-dominate-the-airwaves\/19357304\/\" target=\"_blank\" rel=\"noopener noreferrer\">Democratic political ads<\/a> on television. According to Kantar\/CMAG data, from September 29 to October 19, the Biden campaign and the Democratic National Committee spent $114.3 million on television advertising across the Union, compared to $56.3 million in the case of Trump and the Republican National Committee. Democrats had more money than Republicans to spend in Florida, Georgia, Nevada, Ohio, and Wisconsin. In early October, Biden\u2019s campaign spent $2 million on television ads in Texas, and they had $3.6 million available to spend between October 20 and election day, according to the same source.<\/p>\n<figure style=\"width: 1620px\" class=\"wp-caption aligncenter\"><img loading=\"lazy\" decoding=\"async\" src=\"https:\/\/oncubanews.com\/wp-content\/uploads\/2020\/10\/Trump-1-1.jpg\" alt=\"Trump speaks during a rally at Lansing International Airport, Michigan, on Tuesday, October 27. Photo: Evan Vucci\/AP.\" width=\"1620\" height=\"1080\" \/><figcaption class=\"wp-caption-text\">Trump speaks during a rally at Lansing International Airport, Michigan, on Tuesday, October 27. Photo: Evan Vucci\/AP.<\/figcaption><\/figure>\n<p>Jim Messina, a former executive for President Obama\u2019s reelection campaign, said that the number one priority should be making sure the \u201cblue wall\u201d is closed.<\/p>\n<p>Finally, just a few days before the election, Biden maintains a national advantage of 9.2 percentage points over Trump, according to <a href=\"https:\/\/projects.fivethirtyeight.com\/polls\/president-general\/national\/\" target=\"_blank\" rel=\"noopener noreferrer\">FiveThirtyEight.<\/a><\/p>\n<p>An <a href=\"https:\/\/www.msn.com\/en-us\/news\/politics\/texas-is-now-rated-a-toss-up-in-the-race-between-president-trump-and-joe-biden\/ar-BB1atRII?ocid=msedgdhp\">NBC<\/a> poll placed Texas in the tie zone, along with Iowa, Florida, Georgia, and North Carolina and Ohio. The first is not just any data. Since the 1970s, the lone star state has dressed in red, the color of the Republicans. Six other states lean toward Democrats, according to NBC. Among them, Michigan, Minnesota, Nevada, New Hampshire, Pennsylvania and Wisconsin. Meanwhile, <a href=\"https:\/\/www.msn.com\/en-us\/news\/politics\/trump-supporters-more-confident-in-election-victory-than-biden-supporters-polling-suggests\/ar-BB1au71N?ocid=msedgdhp\" target=\"_blank\" rel=\"noopener noreferrer\">two YouGov polls<\/a> found that 87% of Trump supporters believe he will be reelected.<\/p>\n<p>The arrow has been released. It will soon be known whether or not the polls hit the mark; whether or not there was a blue or red wave; whether this toxic variant of populism will continue in power or be replaced by a liberal tradition, necessarily renewed. In short, if the United States will continue at war against itself or if it will try to redeem itself from that polarization that is killing it (and not gently), fueled by an executive that has trampled on all the rules of conduct, including one of the most elementary: decency.<\/p>\n","protected":false},"excerpt":{"rendered":"<p>It will soon be known whether or not the polls hit the target; whether or not there was a blue or red wave; whether this toxic variant of populism will continue in power or be replaced by a liberal tradition, necessarily renewed.<\/p>\n","protected":false},"author":3462,"featured_media":229847,"comment_status":"open","ping_status":"closed","sticky":false,"template":"","format":"standard","meta":{"_acf_changed":false,"footnotes":""},"categories":[13940],"tags":[14823],"ppma_author":[33935,18535],"class_list":["post-229846","post","type-post","status-publish","format-standard","has-post-thumbnail","hentry","category-usa","tag-u-s-elections"],"acf":[],"yoast_head":"<!-- This site is optimized with the Yoast SEO plugin v27.3 - https:\/\/yoast.com\/product\/yoast-seo-wordpress\/ -->\n<title>The arrow is in the air | OnCubaNews English<\/title>\n<meta name=\"robots\" content=\"index, follow, max-snippet:-1, max-image-preview:large, max-video-preview:-1\" \/>\n<link rel=\"canonical\" href=\"https:\/\/oncubanews.com\/en\/world\/usa\/the-arrow-is-in-the-air\/\" \/>\n<meta property=\"og:locale\" content=\"en_US\" \/>\n<meta property=\"og:type\" content=\"article\" \/>\n<meta property=\"og:title\" content=\"The arrow is in the air | OnCubaNews English\" \/>\n<meta property=\"og:description\" content=\"It will soon be known whether or not the polls hit the target; whether or not there was a blue or red wave; whether this toxic variant of populism will continue in power or be replaced by a liberal tradition, necessarily renewed.\" \/>\n<meta property=\"og:url\" content=\"https:\/\/oncubanews.com\/en\/world\/usa\/the-arrow-is-in-the-air\/\" \/>\n<meta property=\"og:site_name\" content=\"OnCubaNews English\" \/>\n<meta property=\"article:published_time\" content=\"2020-10-31T16:33:07+00:00\" \/>\n<meta property=\"og:image\" content=\"https:\/\/oncubanews.com\/en\/wp-content\/uploads\/2020\/10\/IMG_3440-750x536-1.jpg\" \/>\n\t<meta property=\"og:image:width\" content=\"750\" \/>\n\t<meta property=\"og:image:height\" content=\"536\" \/>\n\t<meta property=\"og:image:type\" content=\"image\/jpeg\" \/>\n<meta name=\"author\" content=\"Alfredo Prieto, alfredo_prieto\" \/>\n<meta name=\"twitter:card\" content=\"summary_large_image\" \/>\n<meta name=\"twitter:label1\" content=\"Written by\" \/>\n\t<meta name=\"twitter:data1\" content=\"Alfredo Prieto\" \/>\n\t<meta name=\"twitter:label2\" content=\"Est. reading time\" \/>\n\t<meta name=\"twitter:data2\" content=\"7 minutes\" \/>\n<script type=\"application\/ld+json\" class=\"yoast-schema-graph\">{\"@context\":\"https:\\\/\\\/schema.org\",\"@graph\":[{\"@type\":\"Article\",\"@id\":\"https:\\\/\\\/oncubanews.com\\\/en\\\/world\\\/usa\\\/the-arrow-is-in-the-air\\\/#article\",\"isPartOf\":{\"@id\":\"https:\\\/\\\/oncubanews.com\\\/en\\\/world\\\/usa\\\/the-arrow-is-in-the-air\\\/\"},\"author\":{\"name\":\"Alfredo Prieto\",\"@id\":\"https:\\\/\\\/oncubanews.com\\\/en\\\/#\\\/schema\\\/person\\\/d48f92f9024c8ee23fa3311de3bde1bb\"},\"headline\":\"The arrow is in the air\",\"datePublished\":\"2020-10-31T16:33:07+00:00\",\"mainEntityOfPage\":{\"@id\":\"https:\\\/\\\/oncubanews.com\\\/en\\\/world\\\/usa\\\/the-arrow-is-in-the-air\\\/\"},\"wordCount\":1438,\"commentCount\":0,\"image\":{\"@id\":\"https:\\\/\\\/oncubanews.com\\\/en\\\/world\\\/usa\\\/the-arrow-is-in-the-air\\\/#primaryimage\"},\"thumbnailUrl\":\"https:\\\/\\\/oncubanews.com\\\/en\\\/wp-content\\\/uploads\\\/2020\\\/10\\\/IMG_3440-750x536-1.jpg\",\"keywords\":[\"u.s elections\"],\"articleSection\":[\"USA\"],\"inLanguage\":\"en-US\",\"potentialAction\":[{\"@type\":\"CommentAction\",\"name\":\"Comment\",\"target\":[\"https:\\\/\\\/oncubanews.com\\\/en\\\/world\\\/usa\\\/the-arrow-is-in-the-air\\\/#respond\"]}],\"copyrightYear\":\"2020\",\"copyrightHolder\":{\"@id\":\"https:\\\/\\\/oncubanews.com\\\/en\\\/#organization\"}},{\"@type\":\"WebPage\",\"@id\":\"https:\\\/\\\/oncubanews.com\\\/en\\\/world\\\/usa\\\/the-arrow-is-in-the-air\\\/\",\"url\":\"https:\\\/\\\/oncubanews.com\\\/en\\\/world\\\/usa\\\/the-arrow-is-in-the-air\\\/\",\"name\":\"The arrow is in the air | OnCubaNews English\",\"isPartOf\":{\"@id\":\"https:\\\/\\\/oncubanews.com\\\/en\\\/#website\"},\"primaryImageOfPage\":{\"@id\":\"https:\\\/\\\/oncubanews.com\\\/en\\\/world\\\/usa\\\/the-arrow-is-in-the-air\\\/#primaryimage\"},\"image\":{\"@id\":\"https:\\\/\\\/oncubanews.com\\\/en\\\/world\\\/usa\\\/the-arrow-is-in-the-air\\\/#primaryimage\"},\"thumbnailUrl\":\"https:\\\/\\\/oncubanews.com\\\/en\\\/wp-content\\\/uploads\\\/2020\\\/10\\\/IMG_3440-750x536-1.jpg\",\"datePublished\":\"2020-10-31T16:33:07+00:00\",\"author\":{\"@id\":\"https:\\\/\\\/oncubanews.com\\\/en\\\/#\\\/schema\\\/person\\\/d48f92f9024c8ee23fa3311de3bde1bb\"},\"breadcrumb\":{\"@id\":\"https:\\\/\\\/oncubanews.com\\\/en\\\/world\\\/usa\\\/the-arrow-is-in-the-air\\\/#breadcrumb\"},\"inLanguage\":\"en-US\",\"potentialAction\":[{\"@type\":\"ReadAction\",\"target\":[\"https:\\\/\\\/oncubanews.com\\\/en\\\/world\\\/usa\\\/the-arrow-is-in-the-air\\\/\"]}]},{\"@type\":\"ImageObject\",\"inLanguage\":\"en-US\",\"@id\":\"https:\\\/\\\/oncubanews.com\\\/en\\\/world\\\/usa\\\/the-arrow-is-in-the-air\\\/#primaryimage\",\"url\":\"https:\\\/\\\/oncubanews.com\\\/en\\\/wp-content\\\/uploads\\\/2020\\\/10\\\/IMG_3440-750x536-1.jpg\",\"contentUrl\":\"https:\\\/\\\/oncubanews.com\\\/en\\\/wp-content\\\/uploads\\\/2020\\\/10\\\/IMG_3440-750x536-1.jpg\",\"width\":750,\"height\":536,\"caption\":\"Photo: Tahimi Arboleya\"},{\"@type\":\"BreadcrumbList\",\"@id\":\"https:\\\/\\\/oncubanews.com\\\/en\\\/world\\\/usa\\\/the-arrow-is-in-the-air\\\/#breadcrumb\",\"itemListElement\":[{\"@type\":\"ListItem\",\"position\":1,\"name\":\"Portada\",\"item\":\"https:\\\/\\\/oncubanews.com\\\/en\\\/\"},{\"@type\":\"ListItem\",\"position\":2,\"name\":\"The arrow is in the air\"}]},{\"@type\":\"WebSite\",\"@id\":\"https:\\\/\\\/oncubanews.com\\\/en\\\/#website\",\"url\":\"https:\\\/\\\/oncubanews.com\\\/en\\\/\",\"name\":\"OnCubaNews English\",\"description\":\"Revista sobre Cuba\",\"potentialAction\":[{\"@type\":\"SearchAction\",\"target\":{\"@type\":\"EntryPoint\",\"urlTemplate\":\"https:\\\/\\\/oncubanews.com\\\/en\\\/?s={search_term_string}\"},\"query-input\":{\"@type\":\"PropertyValueSpecification\",\"valueRequired\":true,\"valueName\":\"search_term_string\"}}],\"inLanguage\":\"en-US\"},{\"@type\":\"Person\",\"@id\":\"https:\\\/\\\/oncubanews.com\\\/en\\\/#\\\/schema\\\/person\\\/d48f92f9024c8ee23fa3311de3bde1bb\",\"name\":\"Alfredo Prieto\",\"image\":{\"@type\":\"ImageObject\",\"inLanguage\":\"en-US\",\"@id\":\"https:\\\/\\\/oncubanews.com\\\/wp-content\\\/uploads\\\/2016\\\/12\\\/Alfredo-Prieto_avatar_1481560104-96x96.jpgdb7880e33c09eaa662b7df867ae2a977\",\"url\":\"https:\\\/\\\/oncubanews.com\\\/wp-content\\\/uploads\\\/2016\\\/12\\\/Alfredo-Prieto_avatar_1481560104-96x96.jpg\",\"contentUrl\":\"https:\\\/\\\/oncubanews.com\\\/wp-content\\\/uploads\\\/2016\\\/12\\\/Alfredo-Prieto_avatar_1481560104-96x96.jpg\",\"caption\":\"Alfredo Prieto\"},\"description\":\"Investigador, editor y periodista. Ha trabajado como Jefe de Redacci\u00f3n de Cuadernos de Nuestra Am\u00e9rica, Caminos, Temas y Cultura y Desarrollo, y ejercido la investigaci\u00f3n y la docencia en varias universidades. Autor de La prensa de los Estados Unidos y la agenda interamericana y El otro en el espejo.\",\"url\":\"https:\\\/\\\/oncubanews.com\\\/en\\\/author\\\/alfredoprieto\\\/\"}]}<\/script>\n<!-- \/ Yoast SEO plugin. -->","yoast_head_json":{"title":"The arrow is in the air | OnCubaNews English","robots":{"index":"index","follow":"follow","max-snippet":"max-snippet:-1","max-image-preview":"max-image-preview:large","max-video-preview":"max-video-preview:-1"},"canonical":"https:\/\/oncubanews.com\/en\/world\/usa\/the-arrow-is-in-the-air\/","og_locale":"en_US","og_type":"article","og_title":"The arrow is in the air | OnCubaNews English","og_description":"It will soon be known whether or not the polls hit the target; whether or not there was a blue or red wave; whether this toxic variant of populism will continue in power or be replaced by a liberal tradition, necessarily renewed.","og_url":"https:\/\/oncubanews.com\/en\/world\/usa\/the-arrow-is-in-the-air\/","og_site_name":"OnCubaNews English","article_published_time":"2020-10-31T16:33:07+00:00","og_image":[{"width":750,"height":536,"url":"https:\/\/oncubanews.com\/en\/wp-content\/uploads\/2020\/10\/IMG_3440-750x536-1.jpg","type":"image\/jpeg"}],"author":"Alfredo Prieto, alfredo_prieto","twitter_card":"summary_large_image","twitter_misc":{"Written by":"Alfredo Prieto","Est. reading time":"7 minutes"},"schema":{"@context":"https:\/\/schema.org","@graph":[{"@type":"Article","@id":"https:\/\/oncubanews.com\/en\/world\/usa\/the-arrow-is-in-the-air\/#article","isPartOf":{"@id":"https:\/\/oncubanews.com\/en\/world\/usa\/the-arrow-is-in-the-air\/"},"author":{"name":"Alfredo Prieto","@id":"https:\/\/oncubanews.com\/en\/#\/schema\/person\/d48f92f9024c8ee23fa3311de3bde1bb"},"headline":"The arrow is in the air","datePublished":"2020-10-31T16:33:07+00:00","mainEntityOfPage":{"@id":"https:\/\/oncubanews.com\/en\/world\/usa\/the-arrow-is-in-the-air\/"},"wordCount":1438,"commentCount":0,"image":{"@id":"https:\/\/oncubanews.com\/en\/world\/usa\/the-arrow-is-in-the-air\/#primaryimage"},"thumbnailUrl":"https:\/\/oncubanews.com\/en\/wp-content\/uploads\/2020\/10\/IMG_3440-750x536-1.jpg","keywords":["u.s elections"],"articleSection":["USA"],"inLanguage":"en-US","potentialAction":[{"@type":"CommentAction","name":"Comment","target":["https:\/\/oncubanews.com\/en\/world\/usa\/the-arrow-is-in-the-air\/#respond"]}],"copyrightYear":"2020","copyrightHolder":{"@id":"https:\/\/oncubanews.com\/en\/#organization"}},{"@type":"WebPage","@id":"https:\/\/oncubanews.com\/en\/world\/usa\/the-arrow-is-in-the-air\/","url":"https:\/\/oncubanews.com\/en\/world\/usa\/the-arrow-is-in-the-air\/","name":"The arrow is in the air | OnCubaNews English","isPartOf":{"@id":"https:\/\/oncubanews.com\/en\/#website"},"primaryImageOfPage":{"@id":"https:\/\/oncubanews.com\/en\/world\/usa\/the-arrow-is-in-the-air\/#primaryimage"},"image":{"@id":"https:\/\/oncubanews.com\/en\/world\/usa\/the-arrow-is-in-the-air\/#primaryimage"},"thumbnailUrl":"https:\/\/oncubanews.com\/en\/wp-content\/uploads\/2020\/10\/IMG_3440-750x536-1.jpg","datePublished":"2020-10-31T16:33:07+00:00","author":{"@id":"https:\/\/oncubanews.com\/en\/#\/schema\/person\/d48f92f9024c8ee23fa3311de3bde1bb"},"breadcrumb":{"@id":"https:\/\/oncubanews.com\/en\/world\/usa\/the-arrow-is-in-the-air\/#breadcrumb"},"inLanguage":"en-US","potentialAction":[{"@type":"ReadAction","target":["https:\/\/oncubanews.com\/en\/world\/usa\/the-arrow-is-in-the-air\/"]}]},{"@type":"ImageObject","inLanguage":"en-US","@id":"https:\/\/oncubanews.com\/en\/world\/usa\/the-arrow-is-in-the-air\/#primaryimage","url":"https:\/\/oncubanews.com\/en\/wp-content\/uploads\/2020\/10\/IMG_3440-750x536-1.jpg","contentUrl":"https:\/\/oncubanews.com\/en\/wp-content\/uploads\/2020\/10\/IMG_3440-750x536-1.jpg","width":750,"height":536,"caption":"Photo: Tahimi Arboleya"},{"@type":"BreadcrumbList","@id":"https:\/\/oncubanews.com\/en\/world\/usa\/the-arrow-is-in-the-air\/#breadcrumb","itemListElement":[{"@type":"ListItem","position":1,"name":"Portada","item":"https:\/\/oncubanews.com\/en\/"},{"@type":"ListItem","position":2,"name":"The arrow is in the air"}]},{"@type":"WebSite","@id":"https:\/\/oncubanews.com\/en\/#website","url":"https:\/\/oncubanews.com\/en\/","name":"OnCubaNews English","description":"Revista sobre Cuba","potentialAction":[{"@type":"SearchAction","target":{"@type":"EntryPoint","urlTemplate":"https:\/\/oncubanews.com\/en\/?s={search_term_string}"},"query-input":{"@type":"PropertyValueSpecification","valueRequired":true,"valueName":"search_term_string"}}],"inLanguage":"en-US"},{"@type":"Person","@id":"https:\/\/oncubanews.com\/en\/#\/schema\/person\/d48f92f9024c8ee23fa3311de3bde1bb","name":"Alfredo Prieto","image":{"@type":"ImageObject","inLanguage":"en-US","@id":"https:\/\/oncubanews.com\/wp-content\/uploads\/2016\/12\/Alfredo-Prieto_avatar_1481560104-96x96.jpgdb7880e33c09eaa662b7df867ae2a977","url":"https:\/\/oncubanews.com\/wp-content\/uploads\/2016\/12\/Alfredo-Prieto_avatar_1481560104-96x96.jpg","contentUrl":"https:\/\/oncubanews.com\/wp-content\/uploads\/2016\/12\/Alfredo-Prieto_avatar_1481560104-96x96.jpg","caption":"Alfredo Prieto"},"description":"Investigador, editor y periodista. Ha trabajado como Jefe de Redacci\u00f3n de Cuadernos de Nuestra Am\u00e9rica, Caminos, Temas y Cultura y Desarrollo, y ejercido la investigaci\u00f3n y la docencia en varias universidades. Autor de La prensa de los Estados Unidos y la agenda interamericana y El otro en el espejo.","url":"https:\/\/oncubanews.com\/en\/author\/alfredoprieto\/"}]}},"authors":[{"term_id":33935,"user_id":3462,"is_guest":0,"slug":"alfredoprieto","display_name":"Alfredo Prieto","avatar_url":"https:\/\/oncubanews.com\/wp-content\/uploads\/2016\/12\/Alfredo-Prieto_avatar_1481560104-96x96.jpg","0":null,"1":"","2":"","3":"","4":"","5":"","6":"","7":"","8":""},{"term_id":18535,"user_id":0,"is_guest":1,"slug":"cap-alfredoprieto","display_name":"alfredo_prieto","avatar_url":"https:\/\/secure.gravatar.com\/avatar\/?s=96&r=g","0":null,"1":"","2":"","3":"","4":"","5":"","6":"","7":"","8":""}],"_links":{"self":[{"href":"https:\/\/oncubanews.com\/en\/wp-json\/wp\/v2\/posts\/229846","targetHints":{"allow":["GET"]}}],"collection":[{"href":"https:\/\/oncubanews.com\/en\/wp-json\/wp\/v2\/posts"}],"about":[{"href":"https:\/\/oncubanews.com\/en\/wp-json\/wp\/v2\/types\/post"}],"author":[{"embeddable":true,"href":"https:\/\/oncubanews.com\/en\/wp-json\/wp\/v2\/users\/3462"}],"replies":[{"embeddable":true,"href":"https:\/\/oncubanews.com\/en\/wp-json\/wp\/v2\/comments?post=229846"}],"version-history":[{"count":0,"href":"https:\/\/oncubanews.com\/en\/wp-json\/wp\/v2\/posts\/229846\/revisions"}],"wp:featuredmedia":[{"embeddable":true,"href":"https:\/\/oncubanews.com\/en\/wp-json\/wp\/v2\/media\/229847"}],"wp:attachment":[{"href":"https:\/\/oncubanews.com\/en\/wp-json\/wp\/v2\/media?parent=229846"}],"wp:term":[{"taxonomy":"category","embeddable":true,"href":"https:\/\/oncubanews.com\/en\/wp-json\/wp\/v2\/categories?post=229846"},{"taxonomy":"post_tag","embeddable":true,"href":"https:\/\/oncubanews.com\/en\/wp-json\/wp\/v2\/tags?post=229846"},{"taxonomy":"author","embeddable":true,"href":"https:\/\/oncubanews.com\/en\/wp-json\/wp\/v2\/ppma_author?post=229846"}],"curies":[{"name":"wp","href":"https:\/\/api.w.org\/{rel}","templated":true}]}}