
{"id":230231,"date":"2020-11-10T11:24:23","date_gmt":"2020-11-10T16:24:23","guid":{"rendered":"https:\/\/oncubanews.com\/en\/?p=230231"},"modified":"2020-11-10T11:24:23","modified_gmt":"2020-11-10T16:24:23","slug":"cuba-villa-clara-and-sancti-spiritus-in-alarm-phase-due-to-heavy-rains","status":"publish","type":"post","link":"https:\/\/oncubanews.com\/en\/cuba\/cuba-villa-clara-and-sancti-spiritus-in-alarm-phase-due-to-heavy-rains\/","title":{"rendered":"Cuba: Villa Clara and Sancti Sp\u00edritus in alarm phase due to heavy rains"},"content":{"rendered":"<p><span style=\"font-weight: 400;\">The provinces of Villa Clara and Sancti Sp\u00edritus, located in the central region of the country, have gone into the alarm phase due to heavy rains, according to a Civil Defense statement issued at 8:30 a.m.<\/span><\/p>\n<p><span style=\"font-weight: 400;\">\u201cDuring the early morning hours of today the rainfall has remained strong and locally intense, with significant accumulations in the provinces of Villa Clara and Sancti Sp\u00edritus, creating a complex hydrometeorological situation, which is why it was decided to establish the Alarm Phase due to heavy rains in both territories,\u201d says the note.<\/span><\/p>\n<blockquote class=\"twitter-tweet\" data-width=\"500\" data-dnt=\"true\">\n<p lang=\"es\" dir=\"ltr\"><a href=\"https:\/\/twitter.com\/hashtag\/IntensasLluvias?src=hash&amp;ref_src=twsrc%5Etfw\">#IntensasLluvias<\/a> Dada la compleja situaci\u00f3n hidrometeorol\u00f3gica originada por las \u00e1reas de nublados y lluvias asociadas a Eta sobre el territorio central del pa\u00eds, se decidi\u00f3 establecer la Fase de Alarma por intensas lluvias a Villa Clara y Sancti Sp\u00edritus a partir de las 08:30 h<\/p>\n<p>&mdash; Defensa Civil Cuba (@CubaCivil) <a href=\"https:\/\/twitter.com\/CubaCivil\/status\/1326156304583438343?ref_src=twsrc%5Etfw\">November 10, 2020<\/a><\/p><\/blockquote>\n<p><script async src=\"https:\/\/platform.twitter.com\/widgets.js\" charset=\"utf-8\"><\/script><\/p>\n<p><span style=\"font-weight: 400;\">The provision responds to the \u201ccomplex hydrometeorological situation\u201d originated by the cloudy and rainy areas associated with Eta over the central territory of the country.<\/span><\/p>\n<p><span style=\"font-weight: 400;\">Given this measure, the governing bodies of said provinces must adopt measures for the protection of people and the resources of the economy, in correspondence with their particular situation.<\/span><\/p>\n<p>https:\/\/oncubanews.com\/cuba\/cuba-entra-en-fase-recuperativa-salvo-pinar-del-rio-aun-alerta-por-eta\/<\/p>\n<p><span style=\"font-weight: 400;\">Yesterday, almost all of Cuba had returned to normal, after the recovery phase was decreed, except in Pinar del R\u00edo, which remains on Cyclonic Alert due to the proximity of <\/span><a href=\"https:\/\/oncubanews.com\/cuba\/eta-se-debilita-a-tormenta-tropical-pero-podria-afectar-a-cuba\/\" target=\"_blank\" rel=\"noopener noreferrer\"><span style=\"font-weight: 400;\">Tropical Storm Eta\u00a0<\/span><\/a><span style=\"font-weight: 400;\">.<\/span><\/p>\n","protected":false},"excerpt":{"rendered":"<p>The provinces of Villa Clara and Sancti Sp\u00edritus, located in the central region of the country, have gone into the alarm phase due to heavy rains, according to a Civil Defense statement issued at 8:30 a.m. \u201cDuring the early morning hours of today the rainfall has remained strong and locally intense, with significant accumulations in [&hellip;]<\/p>\n","protected":false},"author":3134,"featured_media":230232,"comment_status":"open","ping_status":"closed","sticky":false,"template":"","format":"standard","meta":{"_acf_changed":false,"footnotes":""},"categories":[13902],"tags":[8863],"ppma_author":[33546,8689],"class_list":["post-230231","post","type-post","status-publish","format-standard","has-post-thumbnail","hentry","category-cuba","tag-cuban-society"],"acf":[],"yoast_head":"<!-- This site is optimized with the Yoast SEO plugin v27.3 - https:\/\/yoast.com\/product\/yoast-seo-wordpress\/ -->\n<title>Cuba: Villa Clara and Sancti Sp\u00edritus in alarm phase due to heavy rains | OnCubaNews English<\/title>\n<meta name=\"description\" content=\"The provision responds to the \u201ccomplex hydrometeorological situation\u201d caused by the cloudy and rainy areas associated with Eta over the central territory.\" \/>\n<meta name=\"robots\" content=\"index, follow, max-snippet:-1, max-image-preview:large, max-video-preview:-1\" \/>\n<link rel=\"canonical\" href=\"https:\/\/oncubanews.com\/en\/cuba\/cuba-villa-clara-and-sancti-spiritus-in-alarm-phase-due-to-heavy-rains\/\" \/>\n<meta property=\"og:locale\" content=\"en_US\" \/>\n<meta property=\"og:type\" content=\"article\" \/>\n<meta property=\"og:title\" content=\"Cuba: Villa Clara and Sancti Sp\u00edritus in alarm phase due to heavy rains | OnCubaNews English\" \/>\n<meta property=\"og:description\" content=\"The provision responds to the \u201ccomplex hydrometeorological situation\u201d caused by the cloudy and rainy areas associated with Eta over the central territory.\" \/>\n<meta property=\"og:url\" content=\"https:\/\/oncubanews.com\/en\/cuba\/cuba-villa-clara-and-sancti-spiritus-in-alarm-phase-due-to-heavy-rains\/\" \/>\n<meta property=\"og:site_name\" content=\"OnCubaNews English\" \/>\n<meta property=\"article:published_time\" content=\"2020-11-10T16:24:23+00:00\" \/>\n<meta property=\"og:image\" content=\"https:\/\/oncubanews.com\/en\/wp-content\/uploads\/2020\/11\/intensas-lluvias-villa-clara-750x536-1.jpg\" \/>\n\t<meta property=\"og:image:width\" content=\"750\" \/>\n\t<meta property=\"og:image:height\" content=\"536\" \/>\n\t<meta property=\"og:image:type\" content=\"image\/jpeg\" \/>\n<meta name=\"author\" content=\"OnCuba Staff, OnCuba editorial staff\" \/>\n<meta name=\"twitter:card\" content=\"summary_large_image\" \/>\n<meta name=\"twitter:label1\" content=\"Written by\" \/>\n\t<meta name=\"twitter:data1\" content=\"OnCuba Staff\" \/>\n\t<meta name=\"twitter:label2\" content=\"Est. reading time\" \/>\n\t<meta name=\"twitter:data2\" content=\"1 minute\" \/>\n<script type=\"application\/ld+json\" class=\"yoast-schema-graph\">{\"@context\":\"https:\\\/\\\/schema.org\",\"@graph\":[{\"@type\":\"Article\",\"@id\":\"https:\\\/\\\/oncubanews.com\\\/en\\\/cuba\\\/cuba-villa-clara-and-sancti-spiritus-in-alarm-phase-due-to-heavy-rains\\\/#article\",\"isPartOf\":{\"@id\":\"https:\\\/\\\/oncubanews.com\\\/en\\\/cuba\\\/cuba-villa-clara-and-sancti-spiritus-in-alarm-phase-due-to-heavy-rains\\\/\"},\"author\":{\"name\":\"OnCuba Staff\",\"@id\":\"https:\\\/\\\/oncubanews.com\\\/en\\\/#\\\/schema\\\/person\\\/d7171bf311032ab1f557dd8332e714af\"},\"headline\":\"Cuba: Villa Clara and Sancti Sp\u00edritus in alarm phase due to heavy rains\",\"datePublished\":\"2020-11-10T16:24:23+00:00\",\"mainEntityOfPage\":{\"@id\":\"https:\\\/\\\/oncubanews.com\\\/en\\\/cuba\\\/cuba-villa-clara-and-sancti-spiritus-in-alarm-phase-due-to-heavy-rains\\\/\"},\"wordCount\":224,\"commentCount\":0,\"image\":{\"@id\":\"https:\\\/\\\/oncubanews.com\\\/en\\\/cuba\\\/cuba-villa-clara-and-sancti-spiritus-in-alarm-phase-due-to-heavy-rains\\\/#primaryimage\"},\"thumbnailUrl\":\"https:\\\/\\\/oncubanews.com\\\/en\\\/wp-content\\\/uploads\\\/2020\\\/11\\\/intensas-lluvias-villa-clara-750x536-1.jpg\",\"keywords\":[\"cuban society\"],\"articleSection\":[\"Cuba\"],\"inLanguage\":\"en-US\",\"potentialAction\":[{\"@type\":\"CommentAction\",\"name\":\"Comment\",\"target\":[\"https:\\\/\\\/oncubanews.com\\\/en\\\/cuba\\\/cuba-villa-clara-and-sancti-spiritus-in-alarm-phase-due-to-heavy-rains\\\/#respond\"]}],\"copyrightYear\":\"2020\",\"copyrightHolder\":{\"@id\":\"https:\\\/\\\/oncubanews.com\\\/en\\\/#organization\"}},{\"@type\":\"WebPage\",\"@id\":\"https:\\\/\\\/oncubanews.com\\\/en\\\/cuba\\\/cuba-villa-clara-and-sancti-spiritus-in-alarm-phase-due-to-heavy-rains\\\/\",\"url\":\"https:\\\/\\\/oncubanews.com\\\/en\\\/cuba\\\/cuba-villa-clara-and-sancti-spiritus-in-alarm-phase-due-to-heavy-rains\\\/\",\"name\":\"Cuba: Villa Clara and Sancti Sp\u00edritus in alarm phase due to heavy rains | OnCubaNews English\",\"isPartOf\":{\"@id\":\"https:\\\/\\\/oncubanews.com\\\/en\\\/#website\"},\"primaryImageOfPage\":{\"@id\":\"https:\\\/\\\/oncubanews.com\\\/en\\\/cuba\\\/cuba-villa-clara-and-sancti-spiritus-in-alarm-phase-due-to-heavy-rains\\\/#primaryimage\"},\"image\":{\"@id\":\"https:\\\/\\\/oncubanews.com\\\/en\\\/cuba\\\/cuba-villa-clara-and-sancti-spiritus-in-alarm-phase-due-to-heavy-rains\\\/#primaryimage\"},\"thumbnailUrl\":\"https:\\\/\\\/oncubanews.com\\\/en\\\/wp-content\\\/uploads\\\/2020\\\/11\\\/intensas-lluvias-villa-clara-750x536-1.jpg\",\"datePublished\":\"2020-11-10T16:24:23+00:00\",\"author\":{\"@id\":\"https:\\\/\\\/oncubanews.com\\\/en\\\/#\\\/schema\\\/person\\\/d7171bf311032ab1f557dd8332e714af\"},\"description\":\"The provision responds to the \u201ccomplex hydrometeorological situation\u201d caused by the cloudy and rainy areas associated with Eta over the central territory.\",\"breadcrumb\":{\"@id\":\"https:\\\/\\\/oncubanews.com\\\/en\\\/cuba\\\/cuba-villa-clara-and-sancti-spiritus-in-alarm-phase-due-to-heavy-rains\\\/#breadcrumb\"},\"inLanguage\":\"en-US\",\"potentialAction\":[{\"@type\":\"ReadAction\",\"target\":[\"https:\\\/\\\/oncubanews.com\\\/en\\\/cuba\\\/cuba-villa-clara-and-sancti-spiritus-in-alarm-phase-due-to-heavy-rains\\\/\"]}]},{\"@type\":\"ImageObject\",\"inLanguage\":\"en-US\",\"@id\":\"https:\\\/\\\/oncubanews.com\\\/en\\\/cuba\\\/cuba-villa-clara-and-sancti-spiritus-in-alarm-phase-due-to-heavy-rains\\\/#primaryimage\",\"url\":\"https:\\\/\\\/oncubanews.com\\\/en\\\/wp-content\\\/uploads\\\/2020\\\/11\\\/intensas-lluvias-villa-clara-750x536-1.jpg\",\"contentUrl\":\"https:\\\/\\\/oncubanews.com\\\/en\\\/wp-content\\\/uploads\\\/2020\\\/11\\\/intensas-lluvias-villa-clara-750x536-1.jpg\",\"width\":750,\"height\":536,\"caption\":\"Photo: twitter.com\\\/VanguardiaCuba\"},{\"@type\":\"BreadcrumbList\",\"@id\":\"https:\\\/\\\/oncubanews.com\\\/en\\\/cuba\\\/cuba-villa-clara-and-sancti-spiritus-in-alarm-phase-due-to-heavy-rains\\\/#breadcrumb\",\"itemListElement\":[{\"@type\":\"ListItem\",\"position\":1,\"name\":\"Portada\",\"item\":\"https:\\\/\\\/oncubanews.com\\\/en\\\/\"},{\"@type\":\"ListItem\",\"position\":2,\"name\":\"Cuba: Villa Clara and Sancti Sp\u00edritus in alarm phase due to heavy rains\"}]},{\"@type\":\"WebSite\",\"@id\":\"https:\\\/\\\/oncubanews.com\\\/en\\\/#website\",\"url\":\"https:\\\/\\\/oncubanews.com\\\/en\\\/\",\"name\":\"OnCubaNews English\",\"description\":\"Revista sobre Cuba\",\"potentialAction\":[{\"@type\":\"SearchAction\",\"target\":{\"@type\":\"EntryPoint\",\"urlTemplate\":\"https:\\\/\\\/oncubanews.com\\\/en\\\/?s={search_term_string}\"},\"query-input\":{\"@type\":\"PropertyValueSpecification\",\"valueRequired\":true,\"valueName\":\"search_term_string\"}}],\"inLanguage\":\"en-US\"},{\"@type\":\"Person\",\"@id\":\"https:\\\/\\\/oncubanews.com\\\/en\\\/#\\\/schema\\\/person\\\/d7171bf311032ab1f557dd8332e714af\",\"name\":\"OnCuba Staff\",\"image\":{\"@type\":\"ImageObject\",\"inLanguage\":\"en-US\",\"@id\":\"https:\\\/\\\/secure.gravatar.com\\\/avatar\\\/4b4c4d6109baadde898bb1af22ea4a4af5f4417b86a5d1800bf17531bfb128fc?s=96&r=g17310096d4dde63ebae0e54fbb19218a\",\"url\":\"https:\\\/\\\/secure.gravatar.com\\\/avatar\\\/4b4c4d6109baadde898bb1af22ea4a4af5f4417b86a5d1800bf17531bfb128fc?s=96&r=g\",\"contentUrl\":\"https:\\\/\\\/secure.gravatar.com\\\/avatar\\\/4b4c4d6109baadde898bb1af22ea4a4af5f4417b86a5d1800bf17531bfb128fc?s=96&r=g\",\"caption\":\"OnCuba Staff\"},\"url\":\"https:\\\/\\\/oncubanews.com\\\/en\\\/author\\\/oncuba-editorial-staff\\\/\"}]}<\/script>\n<!-- \/ Yoast SEO plugin. -->","yoast_head_json":{"title":"Cuba: Villa Clara and Sancti Sp\u00edritus in alarm phase due to heavy rains | OnCubaNews English","description":"The provision responds to the \u201ccomplex hydrometeorological situation\u201d caused by the cloudy and rainy areas associated with Eta over the central territory.","robots":{"index":"index","follow":"follow","max-snippet":"max-snippet:-1","max-image-preview":"max-image-preview:large","max-video-preview":"max-video-preview:-1"},"canonical":"https:\/\/oncubanews.com\/en\/cuba\/cuba-villa-clara-and-sancti-spiritus-in-alarm-phase-due-to-heavy-rains\/","og_locale":"en_US","og_type":"article","og_title":"Cuba: Villa Clara and Sancti Sp\u00edritus in alarm phase due to heavy rains | OnCubaNews English","og_description":"The provision responds to the \u201ccomplex hydrometeorological situation\u201d caused by the cloudy and rainy areas associated with Eta over the central territory.","og_url":"https:\/\/oncubanews.com\/en\/cuba\/cuba-villa-clara-and-sancti-spiritus-in-alarm-phase-due-to-heavy-rains\/","og_site_name":"OnCubaNews English","article_published_time":"2020-11-10T16:24:23+00:00","og_image":[{"width":750,"height":536,"url":"https:\/\/oncubanews.com\/en\/wp-content\/uploads\/2020\/11\/intensas-lluvias-villa-clara-750x536-1.jpg","type":"image\/jpeg"}],"author":"OnCuba Staff, OnCuba editorial staff","twitter_card":"summary_large_image","twitter_misc":{"Written by":"OnCuba Staff","Est. reading time":"1 minute"},"schema":{"@context":"https:\/\/schema.org","@graph":[{"@type":"Article","@id":"https:\/\/oncubanews.com\/en\/cuba\/cuba-villa-clara-and-sancti-spiritus-in-alarm-phase-due-to-heavy-rains\/#article","isPartOf":{"@id":"https:\/\/oncubanews.com\/en\/cuba\/cuba-villa-clara-and-sancti-spiritus-in-alarm-phase-due-to-heavy-rains\/"},"author":{"name":"OnCuba Staff","@id":"https:\/\/oncubanews.com\/en\/#\/schema\/person\/d7171bf311032ab1f557dd8332e714af"},"headline":"Cuba: Villa Clara and Sancti Sp\u00edritus in alarm phase due to heavy rains","datePublished":"2020-11-10T16:24:23+00:00","mainEntityOfPage":{"@id":"https:\/\/oncubanews.com\/en\/cuba\/cuba-villa-clara-and-sancti-spiritus-in-alarm-phase-due-to-heavy-rains\/"},"wordCount":224,"commentCount":0,"image":{"@id":"https:\/\/oncubanews.com\/en\/cuba\/cuba-villa-clara-and-sancti-spiritus-in-alarm-phase-due-to-heavy-rains\/#primaryimage"},"thumbnailUrl":"https:\/\/oncubanews.com\/en\/wp-content\/uploads\/2020\/11\/intensas-lluvias-villa-clara-750x536-1.jpg","keywords":["cuban society"],"articleSection":["Cuba"],"inLanguage":"en-US","potentialAction":[{"@type":"CommentAction","name":"Comment","target":["https:\/\/oncubanews.com\/en\/cuba\/cuba-villa-clara-and-sancti-spiritus-in-alarm-phase-due-to-heavy-rains\/#respond"]}],"copyrightYear":"2020","copyrightHolder":{"@id":"https:\/\/oncubanews.com\/en\/#organization"}},{"@type":"WebPage","@id":"https:\/\/oncubanews.com\/en\/cuba\/cuba-villa-clara-and-sancti-spiritus-in-alarm-phase-due-to-heavy-rains\/","url":"https:\/\/oncubanews.com\/en\/cuba\/cuba-villa-clara-and-sancti-spiritus-in-alarm-phase-due-to-heavy-rains\/","name":"Cuba: Villa Clara and Sancti Sp\u00edritus in alarm phase due to heavy rains | OnCubaNews English","isPartOf":{"@id":"https:\/\/oncubanews.com\/en\/#website"},"primaryImageOfPage":{"@id":"https:\/\/oncubanews.com\/en\/cuba\/cuba-villa-clara-and-sancti-spiritus-in-alarm-phase-due-to-heavy-rains\/#primaryimage"},"image":{"@id":"https:\/\/oncubanews.com\/en\/cuba\/cuba-villa-clara-and-sancti-spiritus-in-alarm-phase-due-to-heavy-rains\/#primaryimage"},"thumbnailUrl":"https:\/\/oncubanews.com\/en\/wp-content\/uploads\/2020\/11\/intensas-lluvias-villa-clara-750x536-1.jpg","datePublished":"2020-11-10T16:24:23+00:00","author":{"@id":"https:\/\/oncubanews.com\/en\/#\/schema\/person\/d7171bf311032ab1f557dd8332e714af"},"description":"The provision responds to the \u201ccomplex hydrometeorological situation\u201d caused by the cloudy and rainy areas associated with Eta over the central territory.","breadcrumb":{"@id":"https:\/\/oncubanews.com\/en\/cuba\/cuba-villa-clara-and-sancti-spiritus-in-alarm-phase-due-to-heavy-rains\/#breadcrumb"},"inLanguage":"en-US","potentialAction":[{"@type":"ReadAction","target":["https:\/\/oncubanews.com\/en\/cuba\/cuba-villa-clara-and-sancti-spiritus-in-alarm-phase-due-to-heavy-rains\/"]}]},{"@type":"ImageObject","inLanguage":"en-US","@id":"https:\/\/oncubanews.com\/en\/cuba\/cuba-villa-clara-and-sancti-spiritus-in-alarm-phase-due-to-heavy-rains\/#primaryimage","url":"https:\/\/oncubanews.com\/en\/wp-content\/uploads\/2020\/11\/intensas-lluvias-villa-clara-750x536-1.jpg","contentUrl":"https:\/\/oncubanews.com\/en\/wp-content\/uploads\/2020\/11\/intensas-lluvias-villa-clara-750x536-1.jpg","width":750,"height":536,"caption":"Photo: twitter.com\/VanguardiaCuba"},{"@type":"BreadcrumbList","@id":"https:\/\/oncubanews.com\/en\/cuba\/cuba-villa-clara-and-sancti-spiritus-in-alarm-phase-due-to-heavy-rains\/#breadcrumb","itemListElement":[{"@type":"ListItem","position":1,"name":"Portada","item":"https:\/\/oncubanews.com\/en\/"},{"@type":"ListItem","position":2,"name":"Cuba: Villa Clara and Sancti Sp\u00edritus in alarm phase due to heavy rains"}]},{"@type":"WebSite","@id":"https:\/\/oncubanews.com\/en\/#website","url":"https:\/\/oncubanews.com\/en\/","name":"OnCubaNews English","description":"Revista sobre Cuba","potentialAction":[{"@type":"SearchAction","target":{"@type":"EntryPoint","urlTemplate":"https:\/\/oncubanews.com\/en\/?s={search_term_string}"},"query-input":{"@type":"PropertyValueSpecification","valueRequired":true,"valueName":"search_term_string"}}],"inLanguage":"en-US"},{"@type":"Person","@id":"https:\/\/oncubanews.com\/en\/#\/schema\/person\/d7171bf311032ab1f557dd8332e714af","name":"OnCuba Staff","image":{"@type":"ImageObject","inLanguage":"en-US","@id":"https:\/\/secure.gravatar.com\/avatar\/4b4c4d6109baadde898bb1af22ea4a4af5f4417b86a5d1800bf17531bfb128fc?s=96&r=g17310096d4dde63ebae0e54fbb19218a","url":"https:\/\/secure.gravatar.com\/avatar\/4b4c4d6109baadde898bb1af22ea4a4af5f4417b86a5d1800bf17531bfb128fc?s=96&r=g","contentUrl":"https:\/\/secure.gravatar.com\/avatar\/4b4c4d6109baadde898bb1af22ea4a4af5f4417b86a5d1800bf17531bfb128fc?s=96&r=g","caption":"OnCuba Staff"},"url":"https:\/\/oncubanews.com\/en\/author\/oncuba-editorial-staff\/"}]}},"authors":[{"term_id":33546,"user_id":3134,"is_guest":0,"slug":"oncuba-editorial-staff","display_name":"OnCuba Staff","avatar_url":"https:\/\/secure.gravatar.com\/avatar\/4b4c4d6109baadde898bb1af22ea4a4af5f4417b86a5d1800bf17531bfb128fc?s=96&r=g","0":null,"1":"","2":"","3":"","4":"","5":"","6":"","7":"","8":""},{"term_id":8689,"user_id":3134,"is_guest":0,"slug":"oncuba-editorial-staff","display_name":"OnCuba editorial staff","avatar_url":{"url":"https:\/\/oncubanews.com\/en\/wp-content\/uploads\/2018\/10\/avatar-ocnews-1.png","url2x":"https:\/\/oncubanews.com\/en\/wp-content\/uploads\/2018\/10\/avatar-ocnews-1.png"},"0":null,"1":"","2":"","3":"","4":"","5":"","6":"","7":"","8":""}],"_links":{"self":[{"href":"https:\/\/oncubanews.com\/en\/wp-json\/wp\/v2\/posts\/230231","targetHints":{"allow":["GET"]}}],"collection":[{"href":"https:\/\/oncubanews.com\/en\/wp-json\/wp\/v2\/posts"}],"about":[{"href":"https:\/\/oncubanews.com\/en\/wp-json\/wp\/v2\/types\/post"}],"author":[{"embeddable":true,"href":"https:\/\/oncubanews.com\/en\/wp-json\/wp\/v2\/users\/3134"}],"replies":[{"embeddable":true,"href":"https:\/\/oncubanews.com\/en\/wp-json\/wp\/v2\/comments?post=230231"}],"version-history":[{"count":0,"href":"https:\/\/oncubanews.com\/en\/wp-json\/wp\/v2\/posts\/230231\/revisions"}],"wp:featuredmedia":[{"embeddable":true,"href":"https:\/\/oncubanews.com\/en\/wp-json\/wp\/v2\/media\/230232"}],"wp:attachment":[{"href":"https:\/\/oncubanews.com\/en\/wp-json\/wp\/v2\/media?parent=230231"}],"wp:term":[{"taxonomy":"category","embeddable":true,"href":"https:\/\/oncubanews.com\/en\/wp-json\/wp\/v2\/categories?post=230231"},{"taxonomy":"post_tag","embeddable":true,"href":"https:\/\/oncubanews.com\/en\/wp-json\/wp\/v2\/tags?post=230231"},{"taxonomy":"author","embeddable":true,"href":"https:\/\/oncubanews.com\/en\/wp-json\/wp\/v2\/ppma_author?post=230231"}],"curies":[{"name":"wp","href":"https:\/\/api.w.org\/{rel}","templated":true}]}}