
{"id":232569,"date":"2021-01-03T07:09:40","date_gmt":"2021-01-03T12:09:40","guid":{"rendered":"https:\/\/oncubanews.com\/en\/?p=232569"},"modified":"2021-01-03T07:51:33","modified_gmt":"2021-01-03T12:51:33","slug":"united-states-puts-banco-financiero-internacional-on-its-black-list","status":"publish","type":"post","link":"https:\/\/oncubanews.com\/en\/cuba-usa\/united-states-puts-banco-financiero-internacional-on-its-black-list\/","title":{"rendered":"United States puts Banco Financiero Internacional on its \u201cblack list\u201d"},"content":{"rendered":"<p><span style=\"font-weight: 400;\">The United States announced this Friday the inclusion of Banco Financiero Internacional S.A. (BFI), on the \u201cblack list\u201d of Cuban companies with which Americans are prohibited from carrying out transactions.<\/span><\/p>\n<p><span style=\"font-weight: 400;\">U.S. Secretary of State Mike Pompeo revealed in a statement the new sanction, which <\/span><a href=\"https:\/\/oncubanews.com\/tag\/embargo\/\" target=\"_blank\" rel=\"noopener\"><span style=\"font-weight: 400;\">is part of an escalation of pressure<\/span><\/a><span style=\"font-weight: 400;\"> on the island before outgoing President Donald Trump cedes power on January 20 to the president-elect, Democrat Joe Biden.<\/span><\/p>\n<p><span style=\"font-weight: 400;\">\u201cBFI is a Cuban military-controlled commercial bank that benefits directly from financial transactions at the expense of the Cuban people,\u201d <\/span><a href=\"https:\/\/www.state.gov\/removing-the-cuban-militarys-grip-from-cubas-banking-sector\/\" target=\"_blank\" rel=\"noopener\"><span style=\"font-weight: 400;\">Pompeo said in a statement<\/span><\/a><span style=\"font-weight: 400;\">.<\/span><\/p>\n<p><span style=\"font-weight: 400;\">The measure will become effective \u201cat the beginning of January,\u201d once the State Department publishes the updated version of the Cuba Restricted List on its website, Pompeo explained, without specifying a specific date.<\/span><\/p>\n<p><span style=\"font-weight: 400;\">The Trump administration has tried to maximize pressure on the powerful military conglomerate Gaesa, which manages Cuba\u2019s economic jewels, such as tourism, trade and oil.<\/span><\/p>\n<p><span style=\"font-weight: 400;\">In 2016, Gaesa took over the reins of Banco Financiero Internacional, and since then \u201cuses BFI\u2019s key role in foreign exchange to give military and state companies preferential access, secure advantageous exchange rates, and finance government-controlled projects that enrich the regime,\u201d alleged Pompeo.<\/span><\/p>\n<p><span style=\"font-weight: 400;\">\u201cThe profits earned from these operations disproportionately benefit the Cuban military rather than independent Cuban entrepreneurs, furthering repression of the Cuban people and funding Cuba\u2019s interference in Venezuela,\u201d said the Secretary of State.<\/span><\/p>\n<blockquote class=\"twitter-tweet\" data-width=\"500\" data-dnt=\"true\">\n<p lang=\"es\" dir=\"ltr\">Rechazo nueva medida punitiva del Departamento de Estado <a href=\"https:\/\/twitter.com\/hashtag\/EEUU?src=hash&amp;ref_src=twsrc%5Etfw\">#EEUU<\/a> para recrudecer el bloqueo a <a href=\"https:\/\/twitter.com\/hashtag\/Cuba?src=hash&amp;ref_src=twsrc%5Etfw\">#Cuba<\/a>.<\/p>\n<p>La inclusi\u00f3n de entidades en sus listas pretende reforzar un cerco econ\u00f3mico que no ha podido destruir la Revoluci\u00f3n Cubana en 62 a\u00f1os.<\/p>\n<p>&mdash; Bruno Rodr\u00edguez P (@BrunoRguezP) <a href=\"https:\/\/twitter.com\/BrunoRguezP\/status\/1345034094179213316?ref_src=twsrc%5Etfw\">January 1, 2021<\/a><\/p><\/blockquote>\n<p><script async src=\"https:\/\/platform.twitter.com\/widgets.js\" charset=\"utf-8\"><\/script><\/p>\n<p><span style=\"font-weight: 400;\">Although Pompeo did not confirm it, it is possible that the sanction to BFI responds to the recent resolutions approved by the Cuban government to favor the import and export of the non-state sector, which gave an important role to that bank.<\/span><\/p>\n<p><span style=\"font-weight: 400;\">According to a report published in December by The Havana Consulting Group, a consulting firm based in Miami, any Cuban entrepreneur who considers entering a business of import or export of products or services on the island would have the obligation to open a bank account at the BFI, controlled by Gaesa.<\/span><\/p>\n<p><span style=\"font-weight: 400;\">The sanctions that Trump has imposed during his four years in power on strategic sectors of Cuba have deteriorated the already battered Cuban economy, which is going through its worst crisis in three decades.<\/span><\/p>\n<p><span style=\"font-weight: 400;\">In the less than three weeks they have left in power, Trump and Pompeo are evaluating dealing a final setback to Cuba and returning it to the list of state sponsors of terrorism, from which the island was taken out in 2015 during the thaw with the previous government of Barack Obama.<\/span><\/p>\n<blockquote class=\"wp-embedded-content\" data-secret=\"efM16d7xAn\"><p><a href=\"https:\/\/oncubanews.com\/cuba-ee-uu\/eeuu-sanciona-a-compania-estadounidense-por-violar-embargo-a-cuba\/\">EEUU sanciona a compa\u00f1\u00eda estadounidense por violar embargo a Cuba<\/a><\/p><\/blockquote>\n<p><iframe loading=\"lazy\" class=\"wp-embedded-content\" sandbox=\"allow-scripts\" security=\"restricted\" style=\"position: absolute; clip: rect(1px, 1px, 1px, 1px);\" title=\"\u00abEEUU sanciona a compa\u00f1\u00eda estadounidense por violar embargo a Cuba\u00bb \u2014 OnCubaNews\" src=\"https:\/\/oncubanews.com\/cuba-ee-uu\/eeuu-sanciona-a-compania-estadounidense-por-violar-embargo-a-cuba\/embed\/#?secret=n3MoGBbbBp#?secret=efM16d7xAn\" data-secret=\"efM16d7xAn\" width=\"500\" height=\"282\" frameborder=\"0\" marginwidth=\"0\" marginheight=\"0\" scrolling=\"no\"><\/iframe><\/p>\n<p><span style=\"font-weight: 400;\">Trump\u2019s tough Cuba policy had a lot to do with his attempt to win over the vote of Cuban and Venezuelan Americans in the key state of Florida, and that last measure could be a gesture of appreciation for the support they gave him in the November elections.<\/span><\/p>\n<p><span style=\"font-weight: 400;\">Biden has promised to unfreeze the process of rapprochement with the island that Obama began and to reverse many of the sanctions that Trump has imposed on Cuba, but it is not clear if he will undo all the restrictions or when those changes can be expected.<\/span><\/p>\n<p><i><span style=\"font-weight: 400;\">EFE\/OnCuba<\/span><\/i><\/p>\n","protected":false},"excerpt":{"rendered":"<p>Although Pompeo did not confirm it, it is possible that the sanction to BFI responds to the recent resolutions approved by the Cuban government to favor the import and export of the non-state sector, which gave an important role to that bank.<\/p>\n","protected":false},"author":3134,"featured_media":232572,"comment_status":"open","ping_status":"closed","sticky":false,"template":"","format":"standard","meta":{"_acf_changed":false,"footnotes":""},"categories":[13944],"tags":[19106],"ppma_author":[33546,8689],"class_list":["post-232569","post","type-post","status-publish","format-standard","has-post-thumbnail","hentry","category-cuba-usa","tag-cuba-embargo"],"acf":[],"yoast_head":"<!-- This site is optimized with the Yoast SEO plugin v27.3 - https:\/\/yoast.com\/product\/yoast-seo-wordpress\/ -->\n<title>United States puts Banco Financiero Internacional on its \u201cblack list\u201d | OnCubaNews English<\/title>\n<meta name=\"robots\" content=\"index, follow, max-snippet:-1, max-image-preview:large, max-video-preview:-1\" \/>\n<link rel=\"canonical\" href=\"https:\/\/oncubanews.com\/en\/cuba-usa\/united-states-puts-banco-financiero-internacional-on-its-black-list\/\" \/>\n<meta property=\"og:locale\" content=\"en_US\" \/>\n<meta property=\"og:type\" content=\"article\" \/>\n<meta property=\"og:title\" content=\"United States puts Banco Financiero Internacional on its \u201cblack list\u201d | OnCubaNews English\" \/>\n<meta property=\"og:description\" content=\"Although Pompeo did not confirm it, it is possible that the sanction to BFI responds to the recent resolutions approved by the Cuban government to favor the import and export of the non-state sector, which gave an important role to that bank.\" \/>\n<meta property=\"og:url\" content=\"https:\/\/oncubanews.com\/en\/cuba-usa\/united-states-puts-banco-financiero-internacional-on-its-black-list\/\" \/>\n<meta property=\"og:site_name\" content=\"OnCubaNews English\" \/>\n<meta property=\"article:published_time\" content=\"2021-01-03T12:09:40+00:00\" \/>\n<meta property=\"article:modified_time\" content=\"2021-01-03T12:51:33+00:00\" \/>\n<meta property=\"og:image\" content=\"https:\/\/oncubanews.com\/en\/wp-content\/uploads\/2021\/01\/pompeo-2-750x536-1.jpg\" \/>\n\t<meta property=\"og:image:width\" content=\"750\" \/>\n\t<meta property=\"og:image:height\" content=\"536\" \/>\n\t<meta property=\"og:image:type\" content=\"image\/jpeg\" \/>\n<meta name=\"author\" content=\"OnCuba Staff, OnCuba editorial staff\" \/>\n<meta name=\"twitter:card\" content=\"summary_large_image\" \/>\n<meta name=\"twitter:label1\" content=\"Written by\" \/>\n\t<meta name=\"twitter:data1\" content=\"OnCuba Staff\" \/>\n\t<meta name=\"twitter:label2\" content=\"Est. reading time\" \/>\n\t<meta name=\"twitter:data2\" content=\"3 minutes\" \/>\n<script type=\"application\/ld+json\" class=\"yoast-schema-graph\">{\"@context\":\"https:\\\/\\\/schema.org\",\"@graph\":[{\"@type\":\"Article\",\"@id\":\"https:\\\/\\\/oncubanews.com\\\/en\\\/cuba-usa\\\/united-states-puts-banco-financiero-internacional-on-its-black-list\\\/#article\",\"isPartOf\":{\"@id\":\"https:\\\/\\\/oncubanews.com\\\/en\\\/cuba-usa\\\/united-states-puts-banco-financiero-internacional-on-its-black-list\\\/\"},\"author\":{\"name\":\"OnCuba Staff\",\"@id\":\"https:\\\/\\\/oncubanews.com\\\/en\\\/#\\\/schema\\\/person\\\/d7171bf311032ab1f557dd8332e714af\"},\"headline\":\"United States puts Banco Financiero Internacional on its \u201cblack list\u201d\",\"datePublished\":\"2021-01-03T12:09:40+00:00\",\"dateModified\":\"2021-01-03T12:51:33+00:00\",\"mainEntityOfPage\":{\"@id\":\"https:\\\/\\\/oncubanews.com\\\/en\\\/cuba-usa\\\/united-states-puts-banco-financiero-internacional-on-its-black-list\\\/\"},\"wordCount\":552,\"commentCount\":0,\"image\":{\"@id\":\"https:\\\/\\\/oncubanews.com\\\/en\\\/cuba-usa\\\/united-states-puts-banco-financiero-internacional-on-its-black-list\\\/#primaryimage\"},\"thumbnailUrl\":\"https:\\\/\\\/oncubanews.com\\\/en\\\/wp-content\\\/uploads\\\/2021\\\/01\\\/pompeo-2-750x536-1.jpg\",\"keywords\":[\"Cuba embargo\"],\"articleSection\":[\"Cuba-USA\"],\"inLanguage\":\"en-US\",\"potentialAction\":[{\"@type\":\"CommentAction\",\"name\":\"Comment\",\"target\":[\"https:\\\/\\\/oncubanews.com\\\/en\\\/cuba-usa\\\/united-states-puts-banco-financiero-internacional-on-its-black-list\\\/#respond\"]}],\"copyrightYear\":\"2021\",\"copyrightHolder\":{\"@id\":\"https:\\\/\\\/oncubanews.com\\\/en\\\/#organization\"}},{\"@type\":\"WebPage\",\"@id\":\"https:\\\/\\\/oncubanews.com\\\/en\\\/cuba-usa\\\/united-states-puts-banco-financiero-internacional-on-its-black-list\\\/\",\"url\":\"https:\\\/\\\/oncubanews.com\\\/en\\\/cuba-usa\\\/united-states-puts-banco-financiero-internacional-on-its-black-list\\\/\",\"name\":\"United States puts Banco Financiero Internacional on its \u201cblack list\u201d | OnCubaNews English\",\"isPartOf\":{\"@id\":\"https:\\\/\\\/oncubanews.com\\\/en\\\/#website\"},\"primaryImageOfPage\":{\"@id\":\"https:\\\/\\\/oncubanews.com\\\/en\\\/cuba-usa\\\/united-states-puts-banco-financiero-internacional-on-its-black-list\\\/#primaryimage\"},\"image\":{\"@id\":\"https:\\\/\\\/oncubanews.com\\\/en\\\/cuba-usa\\\/united-states-puts-banco-financiero-internacional-on-its-black-list\\\/#primaryimage\"},\"thumbnailUrl\":\"https:\\\/\\\/oncubanews.com\\\/en\\\/wp-content\\\/uploads\\\/2021\\\/01\\\/pompeo-2-750x536-1.jpg\",\"datePublished\":\"2021-01-03T12:09:40+00:00\",\"dateModified\":\"2021-01-03T12:51:33+00:00\",\"author\":{\"@id\":\"https:\\\/\\\/oncubanews.com\\\/en\\\/#\\\/schema\\\/person\\\/d7171bf311032ab1f557dd8332e714af\"},\"breadcrumb\":{\"@id\":\"https:\\\/\\\/oncubanews.com\\\/en\\\/cuba-usa\\\/united-states-puts-banco-financiero-internacional-on-its-black-list\\\/#breadcrumb\"},\"inLanguage\":\"en-US\",\"potentialAction\":[{\"@type\":\"ReadAction\",\"target\":[\"https:\\\/\\\/oncubanews.com\\\/en\\\/cuba-usa\\\/united-states-puts-banco-financiero-internacional-on-its-black-list\\\/\"]}]},{\"@type\":\"ImageObject\",\"inLanguage\":\"en-US\",\"@id\":\"https:\\\/\\\/oncubanews.com\\\/en\\\/cuba-usa\\\/united-states-puts-banco-financiero-internacional-on-its-black-list\\\/#primaryimage\",\"url\":\"https:\\\/\\\/oncubanews.com\\\/en\\\/wp-content\\\/uploads\\\/2021\\\/01\\\/pompeo-2-750x536-1.jpg\",\"contentUrl\":\"https:\\\/\\\/oncubanews.com\\\/en\\\/wp-content\\\/uploads\\\/2021\\\/01\\\/pompeo-2-750x536-1.jpg\",\"width\":750,\"height\":536,\"caption\":\"U.S. Secretary of State Mike Pompeo during a press conference at the State Department in Washington. Photo: Erik S. Menor\\\/EFE.\"},{\"@type\":\"BreadcrumbList\",\"@id\":\"https:\\\/\\\/oncubanews.com\\\/en\\\/cuba-usa\\\/united-states-puts-banco-financiero-internacional-on-its-black-list\\\/#breadcrumb\",\"itemListElement\":[{\"@type\":\"ListItem\",\"position\":1,\"name\":\"Portada\",\"item\":\"https:\\\/\\\/oncubanews.com\\\/en\\\/\"},{\"@type\":\"ListItem\",\"position\":2,\"name\":\"United States puts Banco Financiero Internacional on its \u201cblack list\u201d\"}]},{\"@type\":\"WebSite\",\"@id\":\"https:\\\/\\\/oncubanews.com\\\/en\\\/#website\",\"url\":\"https:\\\/\\\/oncubanews.com\\\/en\\\/\",\"name\":\"OnCubaNews English\",\"description\":\"Revista sobre Cuba\",\"potentialAction\":[{\"@type\":\"SearchAction\",\"target\":{\"@type\":\"EntryPoint\",\"urlTemplate\":\"https:\\\/\\\/oncubanews.com\\\/en\\\/?s={search_term_string}\"},\"query-input\":{\"@type\":\"PropertyValueSpecification\",\"valueRequired\":true,\"valueName\":\"search_term_string\"}}],\"inLanguage\":\"en-US\"},{\"@type\":\"Person\",\"@id\":\"https:\\\/\\\/oncubanews.com\\\/en\\\/#\\\/schema\\\/person\\\/d7171bf311032ab1f557dd8332e714af\",\"name\":\"OnCuba Staff\",\"image\":{\"@type\":\"ImageObject\",\"inLanguage\":\"en-US\",\"@id\":\"https:\\\/\\\/secure.gravatar.com\\\/avatar\\\/4b4c4d6109baadde898bb1af22ea4a4af5f4417b86a5d1800bf17531bfb128fc?s=96&r=g17310096d4dde63ebae0e54fbb19218a\",\"url\":\"https:\\\/\\\/secure.gravatar.com\\\/avatar\\\/4b4c4d6109baadde898bb1af22ea4a4af5f4417b86a5d1800bf17531bfb128fc?s=96&r=g\",\"contentUrl\":\"https:\\\/\\\/secure.gravatar.com\\\/avatar\\\/4b4c4d6109baadde898bb1af22ea4a4af5f4417b86a5d1800bf17531bfb128fc?s=96&r=g\",\"caption\":\"OnCuba Staff\"},\"url\":\"https:\\\/\\\/oncubanews.com\\\/en\\\/author\\\/oncuba-editorial-staff\\\/\"}]}<\/script>\n<!-- \/ Yoast SEO plugin. -->","yoast_head_json":{"title":"United States puts Banco Financiero Internacional on its \u201cblack list\u201d | OnCubaNews English","robots":{"index":"index","follow":"follow","max-snippet":"max-snippet:-1","max-image-preview":"max-image-preview:large","max-video-preview":"max-video-preview:-1"},"canonical":"https:\/\/oncubanews.com\/en\/cuba-usa\/united-states-puts-banco-financiero-internacional-on-its-black-list\/","og_locale":"en_US","og_type":"article","og_title":"United States puts Banco Financiero Internacional on its \u201cblack list\u201d | OnCubaNews English","og_description":"Although Pompeo did not confirm it, it is possible that the sanction to BFI responds to the recent resolutions approved by the Cuban government to favor the import and export of the non-state sector, which gave an important role to that bank.","og_url":"https:\/\/oncubanews.com\/en\/cuba-usa\/united-states-puts-banco-financiero-internacional-on-its-black-list\/","og_site_name":"OnCubaNews English","article_published_time":"2021-01-03T12:09:40+00:00","article_modified_time":"2021-01-03T12:51:33+00:00","og_image":[{"width":750,"height":536,"url":"https:\/\/oncubanews.com\/en\/wp-content\/uploads\/2021\/01\/pompeo-2-750x536-1.jpg","type":"image\/jpeg"}],"author":"OnCuba Staff, OnCuba editorial staff","twitter_card":"summary_large_image","twitter_misc":{"Written by":"OnCuba Staff","Est. reading time":"3 minutes"},"schema":{"@context":"https:\/\/schema.org","@graph":[{"@type":"Article","@id":"https:\/\/oncubanews.com\/en\/cuba-usa\/united-states-puts-banco-financiero-internacional-on-its-black-list\/#article","isPartOf":{"@id":"https:\/\/oncubanews.com\/en\/cuba-usa\/united-states-puts-banco-financiero-internacional-on-its-black-list\/"},"author":{"name":"OnCuba Staff","@id":"https:\/\/oncubanews.com\/en\/#\/schema\/person\/d7171bf311032ab1f557dd8332e714af"},"headline":"United States puts Banco Financiero Internacional on its \u201cblack list\u201d","datePublished":"2021-01-03T12:09:40+00:00","dateModified":"2021-01-03T12:51:33+00:00","mainEntityOfPage":{"@id":"https:\/\/oncubanews.com\/en\/cuba-usa\/united-states-puts-banco-financiero-internacional-on-its-black-list\/"},"wordCount":552,"commentCount":0,"image":{"@id":"https:\/\/oncubanews.com\/en\/cuba-usa\/united-states-puts-banco-financiero-internacional-on-its-black-list\/#primaryimage"},"thumbnailUrl":"https:\/\/oncubanews.com\/en\/wp-content\/uploads\/2021\/01\/pompeo-2-750x536-1.jpg","keywords":["Cuba embargo"],"articleSection":["Cuba-USA"],"inLanguage":"en-US","potentialAction":[{"@type":"CommentAction","name":"Comment","target":["https:\/\/oncubanews.com\/en\/cuba-usa\/united-states-puts-banco-financiero-internacional-on-its-black-list\/#respond"]}],"copyrightYear":"2021","copyrightHolder":{"@id":"https:\/\/oncubanews.com\/en\/#organization"}},{"@type":"WebPage","@id":"https:\/\/oncubanews.com\/en\/cuba-usa\/united-states-puts-banco-financiero-internacional-on-its-black-list\/","url":"https:\/\/oncubanews.com\/en\/cuba-usa\/united-states-puts-banco-financiero-internacional-on-its-black-list\/","name":"United States puts Banco Financiero Internacional on its \u201cblack list\u201d | OnCubaNews English","isPartOf":{"@id":"https:\/\/oncubanews.com\/en\/#website"},"primaryImageOfPage":{"@id":"https:\/\/oncubanews.com\/en\/cuba-usa\/united-states-puts-banco-financiero-internacional-on-its-black-list\/#primaryimage"},"image":{"@id":"https:\/\/oncubanews.com\/en\/cuba-usa\/united-states-puts-banco-financiero-internacional-on-its-black-list\/#primaryimage"},"thumbnailUrl":"https:\/\/oncubanews.com\/en\/wp-content\/uploads\/2021\/01\/pompeo-2-750x536-1.jpg","datePublished":"2021-01-03T12:09:40+00:00","dateModified":"2021-01-03T12:51:33+00:00","author":{"@id":"https:\/\/oncubanews.com\/en\/#\/schema\/person\/d7171bf311032ab1f557dd8332e714af"},"breadcrumb":{"@id":"https:\/\/oncubanews.com\/en\/cuba-usa\/united-states-puts-banco-financiero-internacional-on-its-black-list\/#breadcrumb"},"inLanguage":"en-US","potentialAction":[{"@type":"ReadAction","target":["https:\/\/oncubanews.com\/en\/cuba-usa\/united-states-puts-banco-financiero-internacional-on-its-black-list\/"]}]},{"@type":"ImageObject","inLanguage":"en-US","@id":"https:\/\/oncubanews.com\/en\/cuba-usa\/united-states-puts-banco-financiero-internacional-on-its-black-list\/#primaryimage","url":"https:\/\/oncubanews.com\/en\/wp-content\/uploads\/2021\/01\/pompeo-2-750x536-1.jpg","contentUrl":"https:\/\/oncubanews.com\/en\/wp-content\/uploads\/2021\/01\/pompeo-2-750x536-1.jpg","width":750,"height":536,"caption":"U.S. Secretary of State Mike Pompeo during a press conference at the State Department in Washington. Photo: Erik S. Menor\/EFE."},{"@type":"BreadcrumbList","@id":"https:\/\/oncubanews.com\/en\/cuba-usa\/united-states-puts-banco-financiero-internacional-on-its-black-list\/#breadcrumb","itemListElement":[{"@type":"ListItem","position":1,"name":"Portada","item":"https:\/\/oncubanews.com\/en\/"},{"@type":"ListItem","position":2,"name":"United States puts Banco Financiero Internacional on its \u201cblack list\u201d"}]},{"@type":"WebSite","@id":"https:\/\/oncubanews.com\/en\/#website","url":"https:\/\/oncubanews.com\/en\/","name":"OnCubaNews English","description":"Revista sobre Cuba","potentialAction":[{"@type":"SearchAction","target":{"@type":"EntryPoint","urlTemplate":"https:\/\/oncubanews.com\/en\/?s={search_term_string}"},"query-input":{"@type":"PropertyValueSpecification","valueRequired":true,"valueName":"search_term_string"}}],"inLanguage":"en-US"},{"@type":"Person","@id":"https:\/\/oncubanews.com\/en\/#\/schema\/person\/d7171bf311032ab1f557dd8332e714af","name":"OnCuba Staff","image":{"@type":"ImageObject","inLanguage":"en-US","@id":"https:\/\/secure.gravatar.com\/avatar\/4b4c4d6109baadde898bb1af22ea4a4af5f4417b86a5d1800bf17531bfb128fc?s=96&r=g17310096d4dde63ebae0e54fbb19218a","url":"https:\/\/secure.gravatar.com\/avatar\/4b4c4d6109baadde898bb1af22ea4a4af5f4417b86a5d1800bf17531bfb128fc?s=96&r=g","contentUrl":"https:\/\/secure.gravatar.com\/avatar\/4b4c4d6109baadde898bb1af22ea4a4af5f4417b86a5d1800bf17531bfb128fc?s=96&r=g","caption":"OnCuba Staff"},"url":"https:\/\/oncubanews.com\/en\/author\/oncuba-editorial-staff\/"}]}},"authors":[{"term_id":33546,"user_id":3134,"is_guest":0,"slug":"oncuba-editorial-staff","display_name":"OnCuba Staff","avatar_url":"https:\/\/secure.gravatar.com\/avatar\/4b4c4d6109baadde898bb1af22ea4a4af5f4417b86a5d1800bf17531bfb128fc?s=96&r=g","0":null,"1":"","2":"","3":"","4":"","5":"","6":"","7":"","8":""},{"term_id":8689,"user_id":3134,"is_guest":0,"slug":"oncuba-editorial-staff","display_name":"OnCuba editorial staff","avatar_url":{"url":"https:\/\/oncubanews.com\/en\/wp-content\/uploads\/2018\/10\/avatar-ocnews-1.png","url2x":"https:\/\/oncubanews.com\/en\/wp-content\/uploads\/2018\/10\/avatar-ocnews-1.png"},"0":null,"1":"","2":"","3":"","4":"","5":"","6":"","7":"","8":""}],"_links":{"self":[{"href":"https:\/\/oncubanews.com\/en\/wp-json\/wp\/v2\/posts\/232569","targetHints":{"allow":["GET"]}}],"collection":[{"href":"https:\/\/oncubanews.com\/en\/wp-json\/wp\/v2\/posts"}],"about":[{"href":"https:\/\/oncubanews.com\/en\/wp-json\/wp\/v2\/types\/post"}],"author":[{"embeddable":true,"href":"https:\/\/oncubanews.com\/en\/wp-json\/wp\/v2\/users\/3134"}],"replies":[{"embeddable":true,"href":"https:\/\/oncubanews.com\/en\/wp-json\/wp\/v2\/comments?post=232569"}],"version-history":[{"count":0,"href":"https:\/\/oncubanews.com\/en\/wp-json\/wp\/v2\/posts\/232569\/revisions"}],"wp:featuredmedia":[{"embeddable":true,"href":"https:\/\/oncubanews.com\/en\/wp-json\/wp\/v2\/media\/232572"}],"wp:attachment":[{"href":"https:\/\/oncubanews.com\/en\/wp-json\/wp\/v2\/media?parent=232569"}],"wp:term":[{"taxonomy":"category","embeddable":true,"href":"https:\/\/oncubanews.com\/en\/wp-json\/wp\/v2\/categories?post=232569"},{"taxonomy":"post_tag","embeddable":true,"href":"https:\/\/oncubanews.com\/en\/wp-json\/wp\/v2\/tags?post=232569"},{"taxonomy":"author","embeddable":true,"href":"https:\/\/oncubanews.com\/en\/wp-json\/wp\/v2\/ppma_author?post=232569"}],"curies":[{"name":"wp","href":"https:\/\/api.w.org\/{rel}","templated":true}]}}