
{"id":233045,"date":"2021-01-13T12:57:26","date_gmt":"2021-01-13T17:57:26","guid":{"rendered":"https:\/\/oncubanews.com\/en\/?p=233045"},"modified":"2021-01-13T12:57:26","modified_gmt":"2021-01-13T17:57:26","slug":"guantanamo-closes-schools-due-to-covid-19-outbreak","status":"publish","type":"post","link":"https:\/\/oncubanews.com\/en\/cuba\/guantanamo-closes-schools-due-to-covid-19-outbreak\/","title":{"rendered":"Guant\u00e1namo closes schools due to COVID-19 outbreak"},"content":{"rendered":"<p><span style=\"font-weight: 400;\">Around 80 schools in the province of <\/span><a href=\"https:\/\/oncubanews.com\/tag\/guantanamo\/\" target=\"_blank\" rel=\"noopener\"><span style=\"font-weight: 400;\">Guant\u00e1namo<\/span><\/a><span style=\"font-weight: 400;\">, Cuba\u2019s easternmost province, will temporarily close their doors due to the rebound in <\/span><a href=\"https:\/\/oncubanews.com\/tag\/coronavirus\/\"><span style=\"font-weight: 400;\">COVID-19<\/span><\/a><span style=\"font-weight: 400;\"> cases in that territory.<\/span><\/p>\n<p><span style=\"font-weight: 400;\">According to the Department of Education in Guant\u00e1namo, 82 educational institutions are suspending their teaching activities, of the 779 open in the province, the local newspaper <\/span><i><span style=\"font-weight: 400;\">Venceremos<\/span><\/i> <a href=\"http:\/\/www.venceremos.cu\/guantanamo-noticias\/22789-suspenden-actividades-82-escuelas-en-guantanamo-por-situacion-epidemiologica\" target=\"_blank\" rel=\"noopener\"><span style=\"font-weight: 400;\">reported<\/span><\/a><span style=\"font-weight: 400;\"> this Tuesday.<\/span><\/p>\n<p><span style=\"font-weight: 400;\">The most affected municipality is the provincial capital\u2015currently in the autochthonous transmission phase of the disease\u2015where 70 of its 106 schools have recessed since Monday, a measure that affects 30,850 students, the source noted.<\/span><\/p>\n<p><span style=\"font-weight: 400;\">For its part, in Niceto P\u00e9rez\u2015also in the autochthonous transmission phase\u2015seven schools located in the La Yaya and Vilorio people\u2019s councils closed, while the 46 remaining schools located in that municipality will maintain their functions for the time being.<\/span><\/p>\n<p><span style=\"font-weight: 400;\">The city of Guant\u00e1namo also saw the closure of five provincial centers, in which students from various municipalities study, while the departure of students from eight boarding schools, four of them provincial and the same number in Niceto P\u00e9rez, was ordered, <\/span><i><span style=\"font-weight: 400;\">Venceremos<\/span><\/i><span style=\"font-weight: 400;\"> said, according to which eight day-care centers and six semi-boarding schools were reorganized in the provincial capital and classes are maintained in 13 primary schools and a mixed center in peripheral areas of the Guant\u00e1namo capital, as well as in the remaining municipalities, under strict sanitary measures.<\/span><\/p>\n<blockquote class=\"wp-embedded-content\" data-secret=\"SYnkm4tSN1\"><p><a href=\"https:\/\/oncubanews.com\/en\/cuba\/coronavirus-in-cuba-487-new-infections-two-deaths-and-3057-active-cases\/\">Coronavirus in Cuba: 487 new infections, two deaths and 3,057 active cases<\/a><\/p><\/blockquote>\n<p><iframe loading=\"lazy\" class=\"wp-embedded-content\" sandbox=\"allow-scripts\" security=\"restricted\" style=\"position: absolute; clip: rect(1px, 1px, 1px, 1px);\" title=\"&#8220;Coronavirus in Cuba: 487 new infections, two deaths and 3,057 active cases&#8221; &#8212; OnCubaNews English\" src=\"https:\/\/oncubanews.com\/en\/cuba\/coronavirus-in-cuba-487-new-infections-two-deaths-and-3057-active-cases\/embed\/#?secret=SFK5aErMvw#?secret=SYnkm4tSN1\" data-secret=\"SYnkm4tSN1\" width=\"500\" height=\"282\" frameborder=\"0\" marginwidth=\"0\" marginheight=\"0\" scrolling=\"no\"><\/iframe><\/p>\n<p><span style=\"font-weight: 400;\">Among the institutions affected by the suspension of classes in Guant\u00e1namo are the Jos\u00e9 Maceo Exact Sciences Vocational Complex, the Sim\u00f3n Tames Polytechnic Institute, the Music and Dance schools, the 14 de junio special education school and the Rafael Freyre Sports Initiation School, <\/span><a href=\"http:\/\/www.granma.cu\/cuba-covid-19\/2021-01-11\/cierre-temporal-de-escuelas-e-interrupcion-del-transporte-publico-en-guantanamo-11-01-2021-22-01-26\" target=\"_blank\" rel=\"noopener\"><span style=\"font-weight: 400;\">says<\/span><\/a><span style=\"font-weight: 400;\">, for its part, <\/span><i><span style=\"font-weight: 400;\">Granma<\/span><\/i><span style=\"font-weight: 400;\"> newspaper, which quotes Raquel Laviste, provincial director of education.<\/span><\/p>\n<p><span style=\"font-weight: 400;\">Laviste announced the opening of television spaces, in coordination with the territorial telecentre, aimed at the more than 38,000 students of the different educational levels that are affected throughout the province. These spaces will be maintained \u201cas long as the current epidemiological situation lasts,\u201d the publication noted.<\/span><\/p>\n<p><i><span style=\"font-weight: 400;\">Granma<\/span><\/i><span style=\"font-weight: 400;\"> added that public passenger transportation was also suspended in the state and private sectors in the two municipalities with autochthonous transmission of the virus\u2015Guant\u00e1namo and Niceto P\u00e9rez\u2015and that as of this Tuesday, \u201cinterprovincial passenger transportation is interrupted until the territory returns to normality.\u201d<\/span><\/p>\n<p><span style=\"font-weight: 400;\">Guant\u00e1namo is, along with Havana, Matanzas, Santiago de Cuba and Villa Clara, one of the provinces hardest hit by the current COVID-19 outbreak in Cuba, which according to the authorities was triggered by the opening of the Cuban borders and non-compliance of the sanitary standards established for international travelers and their families. This situation has set off alarms on the island, which in recent weeks has seen infections grow steadily and several negative records in daily and active cases in the country.<\/span><\/p>\n","protected":false},"excerpt":{"rendered":"<p>Around 80 schools in the province of Guant\u00e1namo, Cuba\u2019s easternmost province, will temporarily close their doors due to the rebound in COVID-19 cases in that territory. According to the Department of Education in Guant\u00e1namo, 82 educational institutions are suspending their teaching activities, of the 779 open in the province, the local newspaper Venceremos reported this [&hellip;]<\/p>\n","protected":false},"author":3134,"featured_media":233046,"comment_status":"open","ping_status":"closed","sticky":false,"template":"","format":"standard","meta":{"_acf_changed":false,"footnotes":""},"categories":[33393,13902],"tags":[29532,30745],"ppma_author":[33546,8689],"class_list":["post-233045","post","type-post","status-publish","format-standard","has-post-thumbnail","hentry","category-coronavirus","category-cuba","tag-coronavirus-in-cuba","tag-school-year-in-cuba"],"acf":[],"yoast_head":"<!-- This site is optimized with the Yoast SEO plugin v27.3 - https:\/\/yoast.com\/product\/yoast-seo-wordpress\/ -->\n<title>Guant\u00e1namo closes schools due to COVID-19 outbreak | OnCubaNews English<\/title>\n<meta name=\"description\" content=\"The most affected municipality is the provincial capital\u2015currently in the autochthonous transmission phase of the disease\u2015where 70 of its 106 schools have recessed since Monday, a measure that affects 30,850 students.\" \/>\n<meta name=\"robots\" content=\"index, follow, max-snippet:-1, max-image-preview:large, max-video-preview:-1\" \/>\n<link rel=\"canonical\" href=\"https:\/\/oncubanews.com\/en\/cuba\/guantanamo-closes-schools-due-to-covid-19-outbreak\/\" \/>\n<meta property=\"og:locale\" content=\"en_US\" \/>\n<meta property=\"og:type\" content=\"article\" \/>\n<meta property=\"og:title\" content=\"Guant\u00e1namo closes schools due to COVID-19 outbreak | OnCubaNews English\" \/>\n<meta property=\"og:description\" content=\"The most affected municipality is the provincial capital\u2015currently in the autochthonous transmission phase of the disease\u2015where 70 of its 106 schools have recessed since Monday, a measure that affects 30,850 students.\" \/>\n<meta property=\"og:url\" content=\"https:\/\/oncubanews.com\/en\/cuba\/guantanamo-closes-schools-due-to-covid-19-outbreak\/\" \/>\n<meta property=\"og:site_name\" content=\"OnCubaNews English\" \/>\n<meta property=\"article:published_time\" content=\"2021-01-13T17:57:26+00:00\" \/>\n<meta property=\"og:image\" content=\"https:\/\/oncubanews.com\/en\/wp-content\/uploads\/2021\/01\/Reinico-del-curso_otm_7-750x500-1.jpg\" \/>\n\t<meta property=\"og:image:width\" content=\"750\" \/>\n\t<meta property=\"og:image:height\" content=\"500\" \/>\n\t<meta property=\"og:image:type\" content=\"image\/jpeg\" \/>\n<meta name=\"author\" content=\"OnCuba Staff, OnCuba editorial staff\" \/>\n<meta name=\"twitter:card\" content=\"summary_large_image\" \/>\n<meta name=\"twitter:label1\" content=\"Written by\" \/>\n\t<meta name=\"twitter:data1\" content=\"OnCuba Staff\" \/>\n\t<meta name=\"twitter:label2\" content=\"Est. reading time\" \/>\n\t<meta name=\"twitter:data2\" content=\"2 minutes\" \/>\n<script type=\"application\/ld+json\" class=\"yoast-schema-graph\">{\"@context\":\"https:\\\/\\\/schema.org\",\"@graph\":[{\"@type\":\"Article\",\"@id\":\"https:\\\/\\\/oncubanews.com\\\/en\\\/cuba\\\/guantanamo-closes-schools-due-to-covid-19-outbreak\\\/#article\",\"isPartOf\":{\"@id\":\"https:\\\/\\\/oncubanews.com\\\/en\\\/cuba\\\/guantanamo-closes-schools-due-to-covid-19-outbreak\\\/\"},\"author\":{\"name\":\"OnCuba Staff\",\"@id\":\"https:\\\/\\\/oncubanews.com\\\/en\\\/#\\\/schema\\\/person\\\/d7171bf311032ab1f557dd8332e714af\"},\"headline\":\"Guant\u00e1namo closes schools due to COVID-19 outbreak\",\"datePublished\":\"2021-01-13T17:57:26+00:00\",\"mainEntityOfPage\":{\"@id\":\"https:\\\/\\\/oncubanews.com\\\/en\\\/cuba\\\/guantanamo-closes-schools-due-to-covid-19-outbreak\\\/\"},\"wordCount\":473,\"commentCount\":0,\"image\":{\"@id\":\"https:\\\/\\\/oncubanews.com\\\/en\\\/cuba\\\/guantanamo-closes-schools-due-to-covid-19-outbreak\\\/#primaryimage\"},\"thumbnailUrl\":\"https:\\\/\\\/oncubanews.com\\\/en\\\/wp-content\\\/uploads\\\/2021\\\/01\\\/Reinico-del-curso_otm_7-750x500-1.jpg\",\"keywords\":[\"coronavirus in Cuba\",\"school year in Cuba\"],\"articleSection\":[\"Coronavirus\",\"Cuba\"],\"inLanguage\":\"en-US\",\"potentialAction\":[{\"@type\":\"CommentAction\",\"name\":\"Comment\",\"target\":[\"https:\\\/\\\/oncubanews.com\\\/en\\\/cuba\\\/guantanamo-closes-schools-due-to-covid-19-outbreak\\\/#respond\"]}],\"copyrightYear\":\"2021\",\"copyrightHolder\":{\"@id\":\"https:\\\/\\\/oncubanews.com\\\/en\\\/#organization\"}},{\"@type\":\"WebPage\",\"@id\":\"https:\\\/\\\/oncubanews.com\\\/en\\\/cuba\\\/guantanamo-closes-schools-due-to-covid-19-outbreak\\\/\",\"url\":\"https:\\\/\\\/oncubanews.com\\\/en\\\/cuba\\\/guantanamo-closes-schools-due-to-covid-19-outbreak\\\/\",\"name\":\"Guant\u00e1namo closes schools due to COVID-19 outbreak | OnCubaNews English\",\"isPartOf\":{\"@id\":\"https:\\\/\\\/oncubanews.com\\\/en\\\/#website\"},\"primaryImageOfPage\":{\"@id\":\"https:\\\/\\\/oncubanews.com\\\/en\\\/cuba\\\/guantanamo-closes-schools-due-to-covid-19-outbreak\\\/#primaryimage\"},\"image\":{\"@id\":\"https:\\\/\\\/oncubanews.com\\\/en\\\/cuba\\\/guantanamo-closes-schools-due-to-covid-19-outbreak\\\/#primaryimage\"},\"thumbnailUrl\":\"https:\\\/\\\/oncubanews.com\\\/en\\\/wp-content\\\/uploads\\\/2021\\\/01\\\/Reinico-del-curso_otm_7-750x500-1.jpg\",\"datePublished\":\"2021-01-13T17:57:26+00:00\",\"author\":{\"@id\":\"https:\\\/\\\/oncubanews.com\\\/en\\\/#\\\/schema\\\/person\\\/d7171bf311032ab1f557dd8332e714af\"},\"description\":\"The most affected municipality is the provincial capital\u2015currently in the autochthonous transmission phase of the disease\u2015where 70 of its 106 schools have recessed since Monday, a measure that affects 30,850 students.\",\"breadcrumb\":{\"@id\":\"https:\\\/\\\/oncubanews.com\\\/en\\\/cuba\\\/guantanamo-closes-schools-due-to-covid-19-outbreak\\\/#breadcrumb\"},\"inLanguage\":\"en-US\",\"potentialAction\":[{\"@type\":\"ReadAction\",\"target\":[\"https:\\\/\\\/oncubanews.com\\\/en\\\/cuba\\\/guantanamo-closes-schools-due-to-covid-19-outbreak\\\/\"]}]},{\"@type\":\"ImageObject\",\"inLanguage\":\"en-US\",\"@id\":\"https:\\\/\\\/oncubanews.com\\\/en\\\/cuba\\\/guantanamo-closes-schools-due-to-covid-19-outbreak\\\/#primaryimage\",\"url\":\"https:\\\/\\\/oncubanews.com\\\/en\\\/wp-content\\\/uploads\\\/2021\\\/01\\\/Reinico-del-curso_otm_7-750x500-1.jpg\",\"contentUrl\":\"https:\\\/\\\/oncubanews.com\\\/en\\\/wp-content\\\/uploads\\\/2021\\\/01\\\/Reinico-del-curso_otm_7-750x500-1.jpg\",\"width\":750,\"height\":500,\"caption\":\"Three children greet each other before entering their school. Photo: Otmaro Rodr\u00edguez\\\/Archive.\"},{\"@type\":\"BreadcrumbList\",\"@id\":\"https:\\\/\\\/oncubanews.com\\\/en\\\/cuba\\\/guantanamo-closes-schools-due-to-covid-19-outbreak\\\/#breadcrumb\",\"itemListElement\":[{\"@type\":\"ListItem\",\"position\":1,\"name\":\"Portada\",\"item\":\"https:\\\/\\\/oncubanews.com\\\/en\\\/\"},{\"@type\":\"ListItem\",\"position\":2,\"name\":\"Guant\u00e1namo closes schools due to COVID-19 outbreak\"}]},{\"@type\":\"WebSite\",\"@id\":\"https:\\\/\\\/oncubanews.com\\\/en\\\/#website\",\"url\":\"https:\\\/\\\/oncubanews.com\\\/en\\\/\",\"name\":\"OnCubaNews English\",\"description\":\"Revista sobre Cuba\",\"potentialAction\":[{\"@type\":\"SearchAction\",\"target\":{\"@type\":\"EntryPoint\",\"urlTemplate\":\"https:\\\/\\\/oncubanews.com\\\/en\\\/?s={search_term_string}\"},\"query-input\":{\"@type\":\"PropertyValueSpecification\",\"valueRequired\":true,\"valueName\":\"search_term_string\"}}],\"inLanguage\":\"en-US\"},{\"@type\":\"Person\",\"@id\":\"https:\\\/\\\/oncubanews.com\\\/en\\\/#\\\/schema\\\/person\\\/d7171bf311032ab1f557dd8332e714af\",\"name\":\"OnCuba Staff\",\"image\":{\"@type\":\"ImageObject\",\"inLanguage\":\"en-US\",\"@id\":\"https:\\\/\\\/secure.gravatar.com\\\/avatar\\\/4b4c4d6109baadde898bb1af22ea4a4af5f4417b86a5d1800bf17531bfb128fc?s=96&r=g17310096d4dde63ebae0e54fbb19218a\",\"url\":\"https:\\\/\\\/secure.gravatar.com\\\/avatar\\\/4b4c4d6109baadde898bb1af22ea4a4af5f4417b86a5d1800bf17531bfb128fc?s=96&r=g\",\"contentUrl\":\"https:\\\/\\\/secure.gravatar.com\\\/avatar\\\/4b4c4d6109baadde898bb1af22ea4a4af5f4417b86a5d1800bf17531bfb128fc?s=96&r=g\",\"caption\":\"OnCuba Staff\"},\"url\":\"https:\\\/\\\/oncubanews.com\\\/en\\\/author\\\/oncuba-editorial-staff\\\/\"}]}<\/script>\n<!-- \/ Yoast SEO plugin. -->","yoast_head_json":{"title":"Guant\u00e1namo closes schools due to COVID-19 outbreak | OnCubaNews English","description":"The most affected municipality is the provincial capital\u2015currently in the autochthonous transmission phase of the disease\u2015where 70 of its 106 schools have recessed since Monday, a measure that affects 30,850 students.","robots":{"index":"index","follow":"follow","max-snippet":"max-snippet:-1","max-image-preview":"max-image-preview:large","max-video-preview":"max-video-preview:-1"},"canonical":"https:\/\/oncubanews.com\/en\/cuba\/guantanamo-closes-schools-due-to-covid-19-outbreak\/","og_locale":"en_US","og_type":"article","og_title":"Guant\u00e1namo closes schools due to COVID-19 outbreak | OnCubaNews English","og_description":"The most affected municipality is the provincial capital\u2015currently in the autochthonous transmission phase of the disease\u2015where 70 of its 106 schools have recessed since Monday, a measure that affects 30,850 students.","og_url":"https:\/\/oncubanews.com\/en\/cuba\/guantanamo-closes-schools-due-to-covid-19-outbreak\/","og_site_name":"OnCubaNews English","article_published_time":"2021-01-13T17:57:26+00:00","og_image":[{"width":750,"height":500,"url":"https:\/\/oncubanews.com\/en\/wp-content\/uploads\/2021\/01\/Reinico-del-curso_otm_7-750x500-1.jpg","type":"image\/jpeg"}],"author":"OnCuba Staff, OnCuba editorial staff","twitter_card":"summary_large_image","twitter_misc":{"Written by":"OnCuba Staff","Est. reading time":"2 minutes"},"schema":{"@context":"https:\/\/schema.org","@graph":[{"@type":"Article","@id":"https:\/\/oncubanews.com\/en\/cuba\/guantanamo-closes-schools-due-to-covid-19-outbreak\/#article","isPartOf":{"@id":"https:\/\/oncubanews.com\/en\/cuba\/guantanamo-closes-schools-due-to-covid-19-outbreak\/"},"author":{"name":"OnCuba Staff","@id":"https:\/\/oncubanews.com\/en\/#\/schema\/person\/d7171bf311032ab1f557dd8332e714af"},"headline":"Guant\u00e1namo closes schools due to COVID-19 outbreak","datePublished":"2021-01-13T17:57:26+00:00","mainEntityOfPage":{"@id":"https:\/\/oncubanews.com\/en\/cuba\/guantanamo-closes-schools-due-to-covid-19-outbreak\/"},"wordCount":473,"commentCount":0,"image":{"@id":"https:\/\/oncubanews.com\/en\/cuba\/guantanamo-closes-schools-due-to-covid-19-outbreak\/#primaryimage"},"thumbnailUrl":"https:\/\/oncubanews.com\/en\/wp-content\/uploads\/2021\/01\/Reinico-del-curso_otm_7-750x500-1.jpg","keywords":["coronavirus in Cuba","school year in Cuba"],"articleSection":["Coronavirus","Cuba"],"inLanguage":"en-US","potentialAction":[{"@type":"CommentAction","name":"Comment","target":["https:\/\/oncubanews.com\/en\/cuba\/guantanamo-closes-schools-due-to-covid-19-outbreak\/#respond"]}],"copyrightYear":"2021","copyrightHolder":{"@id":"https:\/\/oncubanews.com\/en\/#organization"}},{"@type":"WebPage","@id":"https:\/\/oncubanews.com\/en\/cuba\/guantanamo-closes-schools-due-to-covid-19-outbreak\/","url":"https:\/\/oncubanews.com\/en\/cuba\/guantanamo-closes-schools-due-to-covid-19-outbreak\/","name":"Guant\u00e1namo closes schools due to COVID-19 outbreak | OnCubaNews English","isPartOf":{"@id":"https:\/\/oncubanews.com\/en\/#website"},"primaryImageOfPage":{"@id":"https:\/\/oncubanews.com\/en\/cuba\/guantanamo-closes-schools-due-to-covid-19-outbreak\/#primaryimage"},"image":{"@id":"https:\/\/oncubanews.com\/en\/cuba\/guantanamo-closes-schools-due-to-covid-19-outbreak\/#primaryimage"},"thumbnailUrl":"https:\/\/oncubanews.com\/en\/wp-content\/uploads\/2021\/01\/Reinico-del-curso_otm_7-750x500-1.jpg","datePublished":"2021-01-13T17:57:26+00:00","author":{"@id":"https:\/\/oncubanews.com\/en\/#\/schema\/person\/d7171bf311032ab1f557dd8332e714af"},"description":"The most affected municipality is the provincial capital\u2015currently in the autochthonous transmission phase of the disease\u2015where 70 of its 106 schools have recessed since Monday, a measure that affects 30,850 students.","breadcrumb":{"@id":"https:\/\/oncubanews.com\/en\/cuba\/guantanamo-closes-schools-due-to-covid-19-outbreak\/#breadcrumb"},"inLanguage":"en-US","potentialAction":[{"@type":"ReadAction","target":["https:\/\/oncubanews.com\/en\/cuba\/guantanamo-closes-schools-due-to-covid-19-outbreak\/"]}]},{"@type":"ImageObject","inLanguage":"en-US","@id":"https:\/\/oncubanews.com\/en\/cuba\/guantanamo-closes-schools-due-to-covid-19-outbreak\/#primaryimage","url":"https:\/\/oncubanews.com\/en\/wp-content\/uploads\/2021\/01\/Reinico-del-curso_otm_7-750x500-1.jpg","contentUrl":"https:\/\/oncubanews.com\/en\/wp-content\/uploads\/2021\/01\/Reinico-del-curso_otm_7-750x500-1.jpg","width":750,"height":500,"caption":"Three children greet each other before entering their school. Photo: Otmaro Rodr\u00edguez\/Archive."},{"@type":"BreadcrumbList","@id":"https:\/\/oncubanews.com\/en\/cuba\/guantanamo-closes-schools-due-to-covid-19-outbreak\/#breadcrumb","itemListElement":[{"@type":"ListItem","position":1,"name":"Portada","item":"https:\/\/oncubanews.com\/en\/"},{"@type":"ListItem","position":2,"name":"Guant\u00e1namo closes schools due to COVID-19 outbreak"}]},{"@type":"WebSite","@id":"https:\/\/oncubanews.com\/en\/#website","url":"https:\/\/oncubanews.com\/en\/","name":"OnCubaNews English","description":"Revista sobre Cuba","potentialAction":[{"@type":"SearchAction","target":{"@type":"EntryPoint","urlTemplate":"https:\/\/oncubanews.com\/en\/?s={search_term_string}"},"query-input":{"@type":"PropertyValueSpecification","valueRequired":true,"valueName":"search_term_string"}}],"inLanguage":"en-US"},{"@type":"Person","@id":"https:\/\/oncubanews.com\/en\/#\/schema\/person\/d7171bf311032ab1f557dd8332e714af","name":"OnCuba Staff","image":{"@type":"ImageObject","inLanguage":"en-US","@id":"https:\/\/secure.gravatar.com\/avatar\/4b4c4d6109baadde898bb1af22ea4a4af5f4417b86a5d1800bf17531bfb128fc?s=96&r=g17310096d4dde63ebae0e54fbb19218a","url":"https:\/\/secure.gravatar.com\/avatar\/4b4c4d6109baadde898bb1af22ea4a4af5f4417b86a5d1800bf17531bfb128fc?s=96&r=g","contentUrl":"https:\/\/secure.gravatar.com\/avatar\/4b4c4d6109baadde898bb1af22ea4a4af5f4417b86a5d1800bf17531bfb128fc?s=96&r=g","caption":"OnCuba Staff"},"url":"https:\/\/oncubanews.com\/en\/author\/oncuba-editorial-staff\/"}]}},"authors":[{"term_id":33546,"user_id":3134,"is_guest":0,"slug":"oncuba-editorial-staff","display_name":"OnCuba Staff","avatar_url":"https:\/\/secure.gravatar.com\/avatar\/4b4c4d6109baadde898bb1af22ea4a4af5f4417b86a5d1800bf17531bfb128fc?s=96&r=g","0":null,"1":"","2":"","3":"","4":"","5":"","6":"","7":"","8":""},{"term_id":8689,"user_id":3134,"is_guest":0,"slug":"oncuba-editorial-staff","display_name":"OnCuba editorial staff","avatar_url":{"url":"https:\/\/oncubanews.com\/en\/wp-content\/uploads\/2018\/10\/avatar-ocnews-1.png","url2x":"https:\/\/oncubanews.com\/en\/wp-content\/uploads\/2018\/10\/avatar-ocnews-1.png"},"0":null,"1":"","2":"","3":"","4":"","5":"","6":"","7":"","8":""}],"_links":{"self":[{"href":"https:\/\/oncubanews.com\/en\/wp-json\/wp\/v2\/posts\/233045","targetHints":{"allow":["GET"]}}],"collection":[{"href":"https:\/\/oncubanews.com\/en\/wp-json\/wp\/v2\/posts"}],"about":[{"href":"https:\/\/oncubanews.com\/en\/wp-json\/wp\/v2\/types\/post"}],"author":[{"embeddable":true,"href":"https:\/\/oncubanews.com\/en\/wp-json\/wp\/v2\/users\/3134"}],"replies":[{"embeddable":true,"href":"https:\/\/oncubanews.com\/en\/wp-json\/wp\/v2\/comments?post=233045"}],"version-history":[{"count":0,"href":"https:\/\/oncubanews.com\/en\/wp-json\/wp\/v2\/posts\/233045\/revisions"}],"wp:featuredmedia":[{"embeddable":true,"href":"https:\/\/oncubanews.com\/en\/wp-json\/wp\/v2\/media\/233046"}],"wp:attachment":[{"href":"https:\/\/oncubanews.com\/en\/wp-json\/wp\/v2\/media?parent=233045"}],"wp:term":[{"taxonomy":"category","embeddable":true,"href":"https:\/\/oncubanews.com\/en\/wp-json\/wp\/v2\/categories?post=233045"},{"taxonomy":"post_tag","embeddable":true,"href":"https:\/\/oncubanews.com\/en\/wp-json\/wp\/v2\/tags?post=233045"},{"taxonomy":"author","embeddable":true,"href":"https:\/\/oncubanews.com\/en\/wp-json\/wp\/v2\/ppma_author?post=233045"}],"curies":[{"name":"wp","href":"https:\/\/api.w.org\/{rel}","templated":true}]}}