
{"id":233264,"date":"2021-01-18T10:58:38","date_gmt":"2021-01-18T15:58:38","guid":{"rendered":"https:\/\/oncubanews.com\/en\/?p=233264"},"modified":"2021-01-18T10:58:38","modified_gmt":"2021-01-18T15:58:38","slug":"united-states-agricultural-coalition-with-cuba-asks-biden-to-resume-policies-favorable-to-bilateral-development","status":"publish","type":"post","link":"https:\/\/oncubanews.com\/en\/cuba-usa\/united-states-agricultural-coalition-with-cuba-asks-biden-to-resume-policies-favorable-to-bilateral-development\/","title":{"rendered":"United States Agricultural Coalition with Cuba asks Biden to resume policies favorable to bilateral development"},"content":{"rendered":"<p><span style=\"font-weight: 400;\">The <\/span><a href=\"https:\/\/www.usagcoalition.com\/our-efforts-2\" target=\"_blank\" rel=\"noopener\"><span style=\"font-weight: 400;\">United States Agricultural Coalition for Cuba (USACC) <\/span><\/a><span style=\"font-weight: 400;\">asked President-elect Joe Biden to resume the policies that develop relations between the agricultural sector of both countries, <\/span><a href=\"http:\/\/www.cubadebate.cu\/noticias\/2021\/01\/17\/coalicion-agricola-estadounidense-para-cuba-aboga-por-retorno-a-politicas-para-el-desarrollo-bilateral\/\" target=\"_blank\" rel=\"noopener\"><span style=\"font-weight: 400;\">reported<em> Cubadebate<\/em><\/span><\/a><span style=\"font-weight: 400;\">.<\/span><\/p>\n<p><span style=\"font-weight: 400;\">According to the source, <\/span><a href=\"https:\/\/www.usagcoalition.com\/post\/biden-harris-transition-letter\" target=\"_blank\" rel=\"noopener\"><span style=\"font-weight: 400;\">the petition<\/span><\/a><span style=\"font-weight: 400;\">, dated January 14, states that the sanctions harm the Cuban people and that lifting them can contribute to \u201cimportant economic and humanitarian benefits.\u201d<\/span><\/p>\n<p><span style=\"font-weight: 400;\">Signed by 24 member groups of the USACC that lead the U.S. Rice Federation, the National Corn Growers Association and the American Soybean Association, the letter also proposes that farmers, companies, private organizations, NGOs and universities in the United States work with Cuban counterparts on the challenges of increasing productivity, adapting to climate change, and building solid business strategies.<\/span><\/p>\n<p><span style=\"font-weight: 400;\">The document highlights the possibilities that the island\u2019s private sector now has to import and export, as well as recalls the invitation made by the island\u2019s government to foreign investment in private agricultural cooperatives, \u201cwhich represents an opportunity for Americans to help the growth of this sector.\u201d It also urges President Biden to make an effort to normalize bilateral relations and eliminate the embargo in its entirety.<\/span><\/p>\n<blockquote class=\"wp-embedded-content\" data-secret=\"5I2YBzmmtw\"><p><a href=\"https:\/\/oncubanews.com\/cuba-ee-uu\/las-ventas-agricolas-a-cuba-se-debaten-entre-los-creditos-y-la-dinamica-mundial\/\">Las ventas agr\u00edcolas a Cuba se debaten entre los cr\u00e9ditos y la din\u00e1mica mundial<\/a><\/p><\/blockquote>\n<p><iframe loading=\"lazy\" class=\"wp-embedded-content\" sandbox=\"allow-scripts\" security=\"restricted\" style=\"position: absolute; clip: rect(1px, 1px, 1px, 1px);\" title=\"\u00abLas ventas agr\u00edcolas a Cuba se debaten entre los cr\u00e9ditos y la din\u00e1mica mundial\u00bb \u2014 OnCubaNews\" src=\"https:\/\/oncubanews.com\/cuba-ee-uu\/las-ventas-agricolas-a-cuba-se-debaten-entre-los-creditos-y-la-dinamica-mundial\/embed\/#?secret=YXBgrOrHQw#?secret=5I2YBzmmtw\" data-secret=\"5I2YBzmmtw\" width=\"500\" height=\"282\" frameborder=\"0\" marginwidth=\"0\" marginheight=\"0\" scrolling=\"no\"><\/iframe><\/p>\n<p><span style=\"font-weight: 400;\">The Agricultural Coalition also requests that early measures be taken to restore the Cuban Assets Control Regulations (in force since January 20, 2017) and suspend Title III of the <\/span><a href=\"https:\/\/oncubanews.com\/tag\/helms-burton\/\" target=\"_blank\" rel=\"noopener\"><span style=\"font-weight: 400;\">Helms-Burton Act<\/span><\/a><span style=\"font-weight: 400;\">, important regulatory steps for agriculture in the United States and companies in general.<\/span><\/p>\n<p><span style=\"font-weight: 400;\">Established in January 2015 with the aim of promoting the development of agricultural trade between the two countries, the U.S. Agricultural Coalition with Cuba brings together American associations, producers, study centers and universities.<\/span><\/p>\n","protected":false},"excerpt":{"rendered":"<p>The United States Agricultural Coalition for Cuba (USACC) asked President-elect Joe Biden to resume the policies that develop relations between the agricultural sector of both countries, reported Cubadebate. According to the source, the petition, dated January 14, states that the sanctions harm the Cuban people and that lifting them can contribute to \u201cimportant economic and [&hellip;]<\/p>\n","protected":false},"author":3134,"featured_media":233265,"comment_status":"open","ping_status":"closed","sticky":false,"template":"","format":"standard","meta":{"_acf_changed":false,"footnotes":""},"categories":[13944],"tags":[14891,14816,33419],"ppma_author":[33546,8689],"class_list":["post-233264","post","type-post","status-publish","format-standard","has-post-thumbnail","hentry","category-cuba-usa","tag-cuba-usa-relations","tag-cuban-economy","tag-joe-biden"],"acf":[],"yoast_head":"<!-- This site is optimized with the Yoast SEO plugin v27.3 - https:\/\/yoast.com\/product\/yoast-seo-wordpress\/ -->\n<title>United States Agricultural Coalition with Cuba asks Biden to resume policies favorable to bilateral development | OnCubaNews English<\/title>\n<meta name=\"description\" content=\"The document urges President Biden to make effort to \u201cnormalize bilateral relations and eliminate the embargo in its entirety.\u201d\" \/>\n<meta name=\"robots\" content=\"index, follow, max-snippet:-1, max-image-preview:large, max-video-preview:-1\" \/>\n<link rel=\"canonical\" href=\"https:\/\/oncubanews.com\/en\/cuba-usa\/united-states-agricultural-coalition-with-cuba-asks-biden-to-resume-policies-favorable-to-bilateral-development\/\" \/>\n<meta property=\"og:locale\" content=\"en_US\" \/>\n<meta property=\"og:type\" content=\"article\" \/>\n<meta property=\"og:title\" content=\"United States Agricultural Coalition with Cuba asks Biden to resume policies favorable to bilateral development | OnCubaNews English\" \/>\n<meta property=\"og:description\" content=\"The document urges President Biden to make effort to \u201cnormalize bilateral relations and eliminate the embargo in its entirety.\u201d\" \/>\n<meta property=\"og:url\" content=\"https:\/\/oncubanews.com\/en\/cuba-usa\/united-states-agricultural-coalition-with-cuba-asks-biden-to-resume-policies-favorable-to-bilateral-development\/\" \/>\n<meta property=\"og:site_name\" content=\"OnCubaNews English\" \/>\n<meta property=\"article:published_time\" content=\"2021-01-18T15:58:38+00:00\" \/>\n<meta property=\"og:image\" content=\"https:\/\/oncubanews.com\/en\/wp-content\/uploads\/2021\/01\/Cuba-EEUU-750x519-1.jpg\" \/>\n\t<meta property=\"og:image:width\" content=\"750\" \/>\n\t<meta property=\"og:image:height\" content=\"519\" \/>\n\t<meta property=\"og:image:type\" content=\"image\/jpeg\" \/>\n<meta name=\"author\" content=\"OnCuba Staff, OnCuba editorial staff\" \/>\n<meta name=\"twitter:card\" content=\"summary_large_image\" \/>\n<meta name=\"twitter:label1\" content=\"Written by\" \/>\n\t<meta name=\"twitter:data1\" content=\"OnCuba Staff\" \/>\n\t<meta name=\"twitter:label2\" content=\"Est. reading time\" \/>\n\t<meta name=\"twitter:data2\" content=\"1 minute\" \/>\n<script type=\"application\/ld+json\" class=\"yoast-schema-graph\">{\"@context\":\"https:\\\/\\\/schema.org\",\"@graph\":[{\"@type\":\"Article\",\"@id\":\"https:\\\/\\\/oncubanews.com\\\/en\\\/cuba-usa\\\/united-states-agricultural-coalition-with-cuba-asks-biden-to-resume-policies-favorable-to-bilateral-development\\\/#article\",\"isPartOf\":{\"@id\":\"https:\\\/\\\/oncubanews.com\\\/en\\\/cuba-usa\\\/united-states-agricultural-coalition-with-cuba-asks-biden-to-resume-policies-favorable-to-bilateral-development\\\/\"},\"author\":{\"name\":\"OnCuba Staff\",\"@id\":\"https:\\\/\\\/oncubanews.com\\\/en\\\/#\\\/schema\\\/person\\\/d7171bf311032ab1f557dd8332e714af\"},\"headline\":\"United States Agricultural Coalition with Cuba asks Biden to resume policies favorable to bilateral development\",\"datePublished\":\"2021-01-18T15:58:38+00:00\",\"mainEntityOfPage\":{\"@id\":\"https:\\\/\\\/oncubanews.com\\\/en\\\/cuba-usa\\\/united-states-agricultural-coalition-with-cuba-asks-biden-to-resume-policies-favorable-to-bilateral-development\\\/\"},\"wordCount\":279,\"commentCount\":0,\"image\":{\"@id\":\"https:\\\/\\\/oncubanews.com\\\/en\\\/cuba-usa\\\/united-states-agricultural-coalition-with-cuba-asks-biden-to-resume-policies-favorable-to-bilateral-development\\\/#primaryimage\"},\"thumbnailUrl\":\"https:\\\/\\\/oncubanews.com\\\/en\\\/wp-content\\\/uploads\\\/2021\\\/01\\\/Cuba-EEUU-750x519-1.jpg\",\"keywords\":[\"Cuba-USA Relations\",\"Cuban Economy\",\"Joe Biden\"],\"articleSection\":[\"Cuba-USA\"],\"inLanguage\":\"en-US\",\"potentialAction\":[{\"@type\":\"CommentAction\",\"name\":\"Comment\",\"target\":[\"https:\\\/\\\/oncubanews.com\\\/en\\\/cuba-usa\\\/united-states-agricultural-coalition-with-cuba-asks-biden-to-resume-policies-favorable-to-bilateral-development\\\/#respond\"]}],\"copyrightYear\":\"2021\",\"copyrightHolder\":{\"@id\":\"https:\\\/\\\/oncubanews.com\\\/en\\\/#organization\"}},{\"@type\":\"WebPage\",\"@id\":\"https:\\\/\\\/oncubanews.com\\\/en\\\/cuba-usa\\\/united-states-agricultural-coalition-with-cuba-asks-biden-to-resume-policies-favorable-to-bilateral-development\\\/\",\"url\":\"https:\\\/\\\/oncubanews.com\\\/en\\\/cuba-usa\\\/united-states-agricultural-coalition-with-cuba-asks-biden-to-resume-policies-favorable-to-bilateral-development\\\/\",\"name\":\"United States Agricultural Coalition with Cuba asks Biden to resume policies favorable to bilateral development | OnCubaNews English\",\"isPartOf\":{\"@id\":\"https:\\\/\\\/oncubanews.com\\\/en\\\/#website\"},\"primaryImageOfPage\":{\"@id\":\"https:\\\/\\\/oncubanews.com\\\/en\\\/cuba-usa\\\/united-states-agricultural-coalition-with-cuba-asks-biden-to-resume-policies-favorable-to-bilateral-development\\\/#primaryimage\"},\"image\":{\"@id\":\"https:\\\/\\\/oncubanews.com\\\/en\\\/cuba-usa\\\/united-states-agricultural-coalition-with-cuba-asks-biden-to-resume-policies-favorable-to-bilateral-development\\\/#primaryimage\"},\"thumbnailUrl\":\"https:\\\/\\\/oncubanews.com\\\/en\\\/wp-content\\\/uploads\\\/2021\\\/01\\\/Cuba-EEUU-750x519-1.jpg\",\"datePublished\":\"2021-01-18T15:58:38+00:00\",\"author\":{\"@id\":\"https:\\\/\\\/oncubanews.com\\\/en\\\/#\\\/schema\\\/person\\\/d7171bf311032ab1f557dd8332e714af\"},\"description\":\"The document urges President Biden to make effort to \u201cnormalize bilateral relations and eliminate the embargo in its entirety.\u201d\",\"breadcrumb\":{\"@id\":\"https:\\\/\\\/oncubanews.com\\\/en\\\/cuba-usa\\\/united-states-agricultural-coalition-with-cuba-asks-biden-to-resume-policies-favorable-to-bilateral-development\\\/#breadcrumb\"},\"inLanguage\":\"en-US\",\"potentialAction\":[{\"@type\":\"ReadAction\",\"target\":[\"https:\\\/\\\/oncubanews.com\\\/en\\\/cuba-usa\\\/united-states-agricultural-coalition-with-cuba-asks-biden-to-resume-policies-favorable-to-bilateral-development\\\/\"]}]},{\"@type\":\"ImageObject\",\"inLanguage\":\"en-US\",\"@id\":\"https:\\\/\\\/oncubanews.com\\\/en\\\/cuba-usa\\\/united-states-agricultural-coalition-with-cuba-asks-biden-to-resume-policies-favorable-to-bilateral-development\\\/#primaryimage\",\"url\":\"https:\\\/\\\/oncubanews.com\\\/en\\\/wp-content\\\/uploads\\\/2021\\\/01\\\/Cuba-EEUU-750x519-1.jpg\",\"contentUrl\":\"https:\\\/\\\/oncubanews.com\\\/en\\\/wp-content\\\/uploads\\\/2021\\\/01\\\/Cuba-EEUU-750x519-1.jpg\",\"width\":750,\"height\":519,\"caption\":\"Cuban and U.S. flags on the facade of the La Moneda Cubana Restaurant in Havana. Photo: Yamil Lage\\\/AFP\\\/Getty Images.\"},{\"@type\":\"BreadcrumbList\",\"@id\":\"https:\\\/\\\/oncubanews.com\\\/en\\\/cuba-usa\\\/united-states-agricultural-coalition-with-cuba-asks-biden-to-resume-policies-favorable-to-bilateral-development\\\/#breadcrumb\",\"itemListElement\":[{\"@type\":\"ListItem\",\"position\":1,\"name\":\"Portada\",\"item\":\"https:\\\/\\\/oncubanews.com\\\/en\\\/\"},{\"@type\":\"ListItem\",\"position\":2,\"name\":\"United States Agricultural Coalition with Cuba asks Biden to resume policies favorable to bilateral development\"}]},{\"@type\":\"WebSite\",\"@id\":\"https:\\\/\\\/oncubanews.com\\\/en\\\/#website\",\"url\":\"https:\\\/\\\/oncubanews.com\\\/en\\\/\",\"name\":\"OnCubaNews English\",\"description\":\"Revista sobre Cuba\",\"potentialAction\":[{\"@type\":\"SearchAction\",\"target\":{\"@type\":\"EntryPoint\",\"urlTemplate\":\"https:\\\/\\\/oncubanews.com\\\/en\\\/?s={search_term_string}\"},\"query-input\":{\"@type\":\"PropertyValueSpecification\",\"valueRequired\":true,\"valueName\":\"search_term_string\"}}],\"inLanguage\":\"en-US\"},{\"@type\":\"Person\",\"@id\":\"https:\\\/\\\/oncubanews.com\\\/en\\\/#\\\/schema\\\/person\\\/d7171bf311032ab1f557dd8332e714af\",\"name\":\"OnCuba Staff\",\"image\":{\"@type\":\"ImageObject\",\"inLanguage\":\"en-US\",\"@id\":\"https:\\\/\\\/secure.gravatar.com\\\/avatar\\\/4b4c4d6109baadde898bb1af22ea4a4af5f4417b86a5d1800bf17531bfb128fc?s=96&r=g17310096d4dde63ebae0e54fbb19218a\",\"url\":\"https:\\\/\\\/secure.gravatar.com\\\/avatar\\\/4b4c4d6109baadde898bb1af22ea4a4af5f4417b86a5d1800bf17531bfb128fc?s=96&r=g\",\"contentUrl\":\"https:\\\/\\\/secure.gravatar.com\\\/avatar\\\/4b4c4d6109baadde898bb1af22ea4a4af5f4417b86a5d1800bf17531bfb128fc?s=96&r=g\",\"caption\":\"OnCuba Staff\"},\"url\":\"https:\\\/\\\/oncubanews.com\\\/en\\\/author\\\/oncuba-editorial-staff\\\/\"}]}<\/script>\n<!-- \/ Yoast SEO plugin. -->","yoast_head_json":{"title":"United States Agricultural Coalition with Cuba asks Biden to resume policies favorable to bilateral development | OnCubaNews English","description":"The document urges President Biden to make effort to \u201cnormalize bilateral relations and eliminate the embargo in its entirety.\u201d","robots":{"index":"index","follow":"follow","max-snippet":"max-snippet:-1","max-image-preview":"max-image-preview:large","max-video-preview":"max-video-preview:-1"},"canonical":"https:\/\/oncubanews.com\/en\/cuba-usa\/united-states-agricultural-coalition-with-cuba-asks-biden-to-resume-policies-favorable-to-bilateral-development\/","og_locale":"en_US","og_type":"article","og_title":"United States Agricultural Coalition with Cuba asks Biden to resume policies favorable to bilateral development | OnCubaNews English","og_description":"The document urges President Biden to make effort to \u201cnormalize bilateral relations and eliminate the embargo in its entirety.\u201d","og_url":"https:\/\/oncubanews.com\/en\/cuba-usa\/united-states-agricultural-coalition-with-cuba-asks-biden-to-resume-policies-favorable-to-bilateral-development\/","og_site_name":"OnCubaNews English","article_published_time":"2021-01-18T15:58:38+00:00","og_image":[{"width":750,"height":519,"url":"https:\/\/oncubanews.com\/en\/wp-content\/uploads\/2021\/01\/Cuba-EEUU-750x519-1.jpg","type":"image\/jpeg"}],"author":"OnCuba Staff, OnCuba editorial staff","twitter_card":"summary_large_image","twitter_misc":{"Written by":"OnCuba Staff","Est. reading time":"1 minute"},"schema":{"@context":"https:\/\/schema.org","@graph":[{"@type":"Article","@id":"https:\/\/oncubanews.com\/en\/cuba-usa\/united-states-agricultural-coalition-with-cuba-asks-biden-to-resume-policies-favorable-to-bilateral-development\/#article","isPartOf":{"@id":"https:\/\/oncubanews.com\/en\/cuba-usa\/united-states-agricultural-coalition-with-cuba-asks-biden-to-resume-policies-favorable-to-bilateral-development\/"},"author":{"name":"OnCuba Staff","@id":"https:\/\/oncubanews.com\/en\/#\/schema\/person\/d7171bf311032ab1f557dd8332e714af"},"headline":"United States Agricultural Coalition with Cuba asks Biden to resume policies favorable to bilateral development","datePublished":"2021-01-18T15:58:38+00:00","mainEntityOfPage":{"@id":"https:\/\/oncubanews.com\/en\/cuba-usa\/united-states-agricultural-coalition-with-cuba-asks-biden-to-resume-policies-favorable-to-bilateral-development\/"},"wordCount":279,"commentCount":0,"image":{"@id":"https:\/\/oncubanews.com\/en\/cuba-usa\/united-states-agricultural-coalition-with-cuba-asks-biden-to-resume-policies-favorable-to-bilateral-development\/#primaryimage"},"thumbnailUrl":"https:\/\/oncubanews.com\/en\/wp-content\/uploads\/2021\/01\/Cuba-EEUU-750x519-1.jpg","keywords":["Cuba-USA Relations","Cuban Economy","Joe Biden"],"articleSection":["Cuba-USA"],"inLanguage":"en-US","potentialAction":[{"@type":"CommentAction","name":"Comment","target":["https:\/\/oncubanews.com\/en\/cuba-usa\/united-states-agricultural-coalition-with-cuba-asks-biden-to-resume-policies-favorable-to-bilateral-development\/#respond"]}],"copyrightYear":"2021","copyrightHolder":{"@id":"https:\/\/oncubanews.com\/en\/#organization"}},{"@type":"WebPage","@id":"https:\/\/oncubanews.com\/en\/cuba-usa\/united-states-agricultural-coalition-with-cuba-asks-biden-to-resume-policies-favorable-to-bilateral-development\/","url":"https:\/\/oncubanews.com\/en\/cuba-usa\/united-states-agricultural-coalition-with-cuba-asks-biden-to-resume-policies-favorable-to-bilateral-development\/","name":"United States Agricultural Coalition with Cuba asks Biden to resume policies favorable to bilateral development | OnCubaNews English","isPartOf":{"@id":"https:\/\/oncubanews.com\/en\/#website"},"primaryImageOfPage":{"@id":"https:\/\/oncubanews.com\/en\/cuba-usa\/united-states-agricultural-coalition-with-cuba-asks-biden-to-resume-policies-favorable-to-bilateral-development\/#primaryimage"},"image":{"@id":"https:\/\/oncubanews.com\/en\/cuba-usa\/united-states-agricultural-coalition-with-cuba-asks-biden-to-resume-policies-favorable-to-bilateral-development\/#primaryimage"},"thumbnailUrl":"https:\/\/oncubanews.com\/en\/wp-content\/uploads\/2021\/01\/Cuba-EEUU-750x519-1.jpg","datePublished":"2021-01-18T15:58:38+00:00","author":{"@id":"https:\/\/oncubanews.com\/en\/#\/schema\/person\/d7171bf311032ab1f557dd8332e714af"},"description":"The document urges President Biden to make effort to \u201cnormalize bilateral relations and eliminate the embargo in its entirety.\u201d","breadcrumb":{"@id":"https:\/\/oncubanews.com\/en\/cuba-usa\/united-states-agricultural-coalition-with-cuba-asks-biden-to-resume-policies-favorable-to-bilateral-development\/#breadcrumb"},"inLanguage":"en-US","potentialAction":[{"@type":"ReadAction","target":["https:\/\/oncubanews.com\/en\/cuba-usa\/united-states-agricultural-coalition-with-cuba-asks-biden-to-resume-policies-favorable-to-bilateral-development\/"]}]},{"@type":"ImageObject","inLanguage":"en-US","@id":"https:\/\/oncubanews.com\/en\/cuba-usa\/united-states-agricultural-coalition-with-cuba-asks-biden-to-resume-policies-favorable-to-bilateral-development\/#primaryimage","url":"https:\/\/oncubanews.com\/en\/wp-content\/uploads\/2021\/01\/Cuba-EEUU-750x519-1.jpg","contentUrl":"https:\/\/oncubanews.com\/en\/wp-content\/uploads\/2021\/01\/Cuba-EEUU-750x519-1.jpg","width":750,"height":519,"caption":"Cuban and U.S. flags on the facade of the La Moneda Cubana Restaurant in Havana. Photo: Yamil Lage\/AFP\/Getty Images."},{"@type":"BreadcrumbList","@id":"https:\/\/oncubanews.com\/en\/cuba-usa\/united-states-agricultural-coalition-with-cuba-asks-biden-to-resume-policies-favorable-to-bilateral-development\/#breadcrumb","itemListElement":[{"@type":"ListItem","position":1,"name":"Portada","item":"https:\/\/oncubanews.com\/en\/"},{"@type":"ListItem","position":2,"name":"United States Agricultural Coalition with Cuba asks Biden to resume policies favorable to bilateral development"}]},{"@type":"WebSite","@id":"https:\/\/oncubanews.com\/en\/#website","url":"https:\/\/oncubanews.com\/en\/","name":"OnCubaNews English","description":"Revista sobre Cuba","potentialAction":[{"@type":"SearchAction","target":{"@type":"EntryPoint","urlTemplate":"https:\/\/oncubanews.com\/en\/?s={search_term_string}"},"query-input":{"@type":"PropertyValueSpecification","valueRequired":true,"valueName":"search_term_string"}}],"inLanguage":"en-US"},{"@type":"Person","@id":"https:\/\/oncubanews.com\/en\/#\/schema\/person\/d7171bf311032ab1f557dd8332e714af","name":"OnCuba Staff","image":{"@type":"ImageObject","inLanguage":"en-US","@id":"https:\/\/secure.gravatar.com\/avatar\/4b4c4d6109baadde898bb1af22ea4a4af5f4417b86a5d1800bf17531bfb128fc?s=96&r=g17310096d4dde63ebae0e54fbb19218a","url":"https:\/\/secure.gravatar.com\/avatar\/4b4c4d6109baadde898bb1af22ea4a4af5f4417b86a5d1800bf17531bfb128fc?s=96&r=g","contentUrl":"https:\/\/secure.gravatar.com\/avatar\/4b4c4d6109baadde898bb1af22ea4a4af5f4417b86a5d1800bf17531bfb128fc?s=96&r=g","caption":"OnCuba Staff"},"url":"https:\/\/oncubanews.com\/en\/author\/oncuba-editorial-staff\/"}]}},"authors":[{"term_id":33546,"user_id":3134,"is_guest":0,"slug":"oncuba-editorial-staff","display_name":"OnCuba Staff","avatar_url":"https:\/\/secure.gravatar.com\/avatar\/4b4c4d6109baadde898bb1af22ea4a4af5f4417b86a5d1800bf17531bfb128fc?s=96&r=g","0":null,"1":"","2":"","3":"","4":"","5":"","6":"","7":"","8":""},{"term_id":8689,"user_id":3134,"is_guest":0,"slug":"oncuba-editorial-staff","display_name":"OnCuba editorial staff","avatar_url":{"url":"https:\/\/oncubanews.com\/en\/wp-content\/uploads\/2018\/10\/avatar-ocnews-1.png","url2x":"https:\/\/oncubanews.com\/en\/wp-content\/uploads\/2018\/10\/avatar-ocnews-1.png"},"0":null,"1":"","2":"","3":"","4":"","5":"","6":"","7":"","8":""}],"_links":{"self":[{"href":"https:\/\/oncubanews.com\/en\/wp-json\/wp\/v2\/posts\/233264","targetHints":{"allow":["GET"]}}],"collection":[{"href":"https:\/\/oncubanews.com\/en\/wp-json\/wp\/v2\/posts"}],"about":[{"href":"https:\/\/oncubanews.com\/en\/wp-json\/wp\/v2\/types\/post"}],"author":[{"embeddable":true,"href":"https:\/\/oncubanews.com\/en\/wp-json\/wp\/v2\/users\/3134"}],"replies":[{"embeddable":true,"href":"https:\/\/oncubanews.com\/en\/wp-json\/wp\/v2\/comments?post=233264"}],"version-history":[{"count":0,"href":"https:\/\/oncubanews.com\/en\/wp-json\/wp\/v2\/posts\/233264\/revisions"}],"wp:featuredmedia":[{"embeddable":true,"href":"https:\/\/oncubanews.com\/en\/wp-json\/wp\/v2\/media\/233265"}],"wp:attachment":[{"href":"https:\/\/oncubanews.com\/en\/wp-json\/wp\/v2\/media?parent=233264"}],"wp:term":[{"taxonomy":"category","embeddable":true,"href":"https:\/\/oncubanews.com\/en\/wp-json\/wp\/v2\/categories?post=233264"},{"taxonomy":"post_tag","embeddable":true,"href":"https:\/\/oncubanews.com\/en\/wp-json\/wp\/v2\/tags?post=233264"},{"taxonomy":"author","embeddable":true,"href":"https:\/\/oncubanews.com\/en\/wp-json\/wp\/v2\/ppma_author?post=233264"}],"curies":[{"name":"wp","href":"https:\/\/api.w.org\/{rel}","templated":true}]}}