
{"id":235018,"date":"2021-02-22T09:19:30","date_gmt":"2021-02-22T14:19:30","guid":{"rendered":"https:\/\/oncubanews.com\/en\/?p=235018"},"modified":"2021-02-22T10:03:03","modified_gmt":"2021-02-22T15:03:03","slug":"faces-and-stories-of-the-parque-de-la-fraternidad","status":"publish","type":"post","link":"https:\/\/oncubanews.com\/en\/cuba\/faces-and-stories-of-the-parque-de-la-fraternidad\/","title":{"rendered":"Faces and stories of the Parque de la Fraternidad"},"content":{"rendered":"<p><span style=\"font-weight: 400;\">The daily and cosmopolitan life of <\/span><a href=\"https:\/\/oncubanews.com\/tag\/la-habana\/\"><span style=\"font-weight: 400;\">Havana<\/span><\/a><span style=\"font-weight: 400;\"> has one of its most representative places in the Parque de la Fraternidad. This vast esplanade, with its trees, benches, and monuments, is one of the Cuban capital\u2019s points of greatest confluence, a place of passage and meeting, of rest and contemplation, and even of love dates and sexual skirmishes, although today the pandemic imposes an unusual landscape to its days and nights.<\/span><\/p>\n<p><span style=\"font-weight: 400;\">Its real name, shortened by popular usage and rationality, is Parque de la Fraternidad Americana, and long before it is what it is today, the lands it currently occupies were mangroves and groves, in a colonial Havana that grew to encounter it. At the end of the 18th century, it would become a field for military exercises that would improve in its layout and infrastructure, and as such, with the name of Campo de Marte, it would reach the Republic. Then it would renew its image again and almost hosted a zoo, but the devastating cyclone of 1926 would destroy it and change its future.<\/span><\/p>\n<figure id=\"attachment_235021\" aria-describedby=\"caption-attachment-235021\" style=\"width: 1140px\" class=\"wp-caption aligncenter\"><a href=\"https:\/\/oncubanews.com\/en\/wp-content\/uploads\/2021\/02\/Parque-Fraternidad_otm1-1.jpg\"><img loading=\"lazy\" decoding=\"async\" class=\"size-full wp-image-235021\" src=\"https:\/\/oncubanews.com\/en\/wp-content\/uploads\/2021\/02\/Parque-Fraternidad_otm1-1.jpg\" alt=\"\" width=\"1140\" height=\"760\" srcset=\"https:\/\/oncubanews.com\/en\/wp-content\/uploads\/2021\/02\/Parque-Fraternidad_otm1-1.jpg 1140w, https:\/\/oncubanews.com\/en\/wp-content\/uploads\/2021\/02\/Parque-Fraternidad_otm1-1-300x200.jpg 300w, https:\/\/oncubanews.com\/en\/wp-content\/uploads\/2021\/02\/Parque-Fraternidad_otm1-1-1024x683.jpg 1024w, https:\/\/oncubanews.com\/en\/wp-content\/uploads\/2021\/02\/Parque-Fraternidad_otm1-1-768x512.jpg 768w, https:\/\/oncubanews.com\/en\/wp-content\/uploads\/2021\/02\/Parque-Fraternidad_otm1-1-750x500.jpg 750w\" sizes=\"auto, (max-width: 1140px) 100vw, 1140px\" \/><\/a><figcaption id=\"caption-attachment-235021\" class=\"wp-caption-text\">The Parque de la Fraternidad, in Havana. Photo: Otmaro Rodr\u00edguez.<\/figcaption><\/figure>\n<p><span style=\"font-weight: 400;\">In a short time, it would recover from nature\u2019s fury to emerge as the Parque de la Fraternidad. Its metamorphosis was catalyzed by the intense constructive movement promoted in its beginnings by the government of Gerardo Machado\u2014the same one that would later try to perpetuate itself in power through blood and fire\u2014and by the city\u2019s celebration of the 6th Pan American Conference, which would serve as a reason for its new name and for the planting of the iconic ceiba tree that has crowned the place ever since.<\/span><\/p>\n<p><span style=\"font-weight: 400;\">Famous French urban planner Jean Claude Nicolas Forestier would be in charge of the design of the park, made up of several plots of different dimensions that play with the layout of the surrounding streets and sidewalks, and in which, together with benches, lampposts, and other ornamental elements, highlighted its meticulous gardening. The larger plot would then be planted with the ceiba tree, designated the \u201cTree of American Fraternity,\u201d and which, according to some sources, was brought from the town of San Antonio de los Ba\u00f1os and, according to others, from the Cerro neighborhood.<\/span><\/p>\n<div id='gallery-1' class='gallery galleryid-235018 gallery-columns-3 gallery-size-thumbnail'><figure class='gallery-item'>\n\t\t\t<div class='gallery-icon landscape'>\n\t\t\t\t<a href='https:\/\/oncubanews.com\/en\/cuba\/faces-and-stories-of-the-parque-de-la-fraternidad\/attachment\/parque-fraternidad_otm7-2\/'><img loading=\"lazy\" decoding=\"async\" width=\"150\" height=\"150\" src=\"https:\/\/oncubanews.com\/en\/wp-content\/uploads\/2021\/02\/Parque-Fraternidad_otm7-1-150x150.jpg\" class=\"attachment-thumbnail size-thumbnail\" alt=\"Railing that surrounds the ceiba tree in Parque de la Fraternidad, in Havana. In the background, the dome of the National Capitol. Photo: Otmaro Rodr\u00edguez.\" aria-describedby=\"gallery-1-235026\" srcset=\"https:\/\/oncubanews.com\/en\/wp-content\/uploads\/2021\/02\/Parque-Fraternidad_otm7-1-150x150.jpg 150w, https:\/\/oncubanews.com\/en\/wp-content\/uploads\/2021\/02\/Parque-Fraternidad_otm7-1-75x75.jpg 75w\" sizes=\"auto, (max-width: 150px) 100vw, 150px\" \/><\/a>\n\t\t\t<\/div>\n\t\t\t\t<figcaption class='wp-caption-text gallery-caption' id='gallery-1-235026'>\n\t\t\t\tRailing that surrounds the ceiba tree in Parque de la Fraternidad, in Havana. In the background, the dome of the National Capitol. Photo: Otmaro Rodr\u00edguez.\n\t\t\t\t<\/figcaption><\/figure><figure class='gallery-item'>\n\t\t\t<div class='gallery-icon landscape'>\n\t\t\t\t<a href='https:\/\/oncubanews.com\/en\/cuba\/faces-and-stories-of-the-parque-de-la-fraternidad\/attachment\/parque-fraternidad_otm2-2\/'><img loading=\"lazy\" decoding=\"async\" width=\"150\" height=\"150\" src=\"https:\/\/oncubanews.com\/en\/wp-content\/uploads\/2021\/02\/Parque-Fraternidad_otm2-1-150x150.jpg\" class=\"attachment-thumbnail size-thumbnail\" alt=\"The ceiba tree in the Parque de la Fraternidad, in Havana. Photo: Otmaro Rodr\u00edguez.\" aria-describedby=\"gallery-1-235022\" srcset=\"https:\/\/oncubanews.com\/en\/wp-content\/uploads\/2021\/02\/Parque-Fraternidad_otm2-1-150x150.jpg 150w, https:\/\/oncubanews.com\/en\/wp-content\/uploads\/2021\/02\/Parque-Fraternidad_otm2-1-75x75.jpg 75w\" sizes=\"auto, (max-width: 150px) 100vw, 150px\" \/><\/a>\n\t\t\t<\/div>\n\t\t\t\t<figcaption class='wp-caption-text gallery-caption' id='gallery-1-235022'>\n\t\t\t\tThe ceiba tree in the Parque de la Fraternidad, in Havana. Photo: Otmaro Rodr\u00edguez.\n\n\t\t\t\t<\/figcaption><\/figure><figure class='gallery-item'>\n\t\t\t<div class='gallery-icon landscape'>\n\t\t\t\t<a href='https:\/\/oncubanews.com\/en\/cuba\/faces-and-stories-of-the-parque-de-la-fraternidad\/attachment\/parque-fraternidad_otm8-2\/'><img loading=\"lazy\" decoding=\"async\" width=\"150\" height=\"150\" src=\"https:\/\/oncubanews.com\/en\/wp-content\/uploads\/2021\/02\/Parque-Fraternidad_otm8-1-150x150.jpg\" class=\"attachment-thumbnail size-thumbnail\" alt=\"Shield of Cuba on the railing that surrounds the ceiba tree in Parque de la Fraternidad in Havana. Photo: Otmaro Rodr\u00edguez.\" aria-describedby=\"gallery-1-235027\" srcset=\"https:\/\/oncubanews.com\/en\/wp-content\/uploads\/2021\/02\/Parque-Fraternidad_otm8-1-150x150.jpg 150w, https:\/\/oncubanews.com\/en\/wp-content\/uploads\/2021\/02\/Parque-Fraternidad_otm8-1-75x75.jpg 75w\" sizes=\"auto, (max-width: 150px) 100vw, 150px\" \/><\/a>\n\t\t\t<\/div>\n\t\t\t\t<figcaption class='wp-caption-text gallery-caption' id='gallery-1-235027'>\n\t\t\t\tShield of Cuba on the railing that surrounds the ceiba tree in Parque de la Fraternidad in Havana. Photo: Otmaro Rodr\u00edguez.\n\n\t\t\t\t<\/figcaption><\/figure><figure class='gallery-item'>\n\t\t\t<div class='gallery-icon landscape'>\n\t\t\t\t<a href='https:\/\/oncubanews.com\/en\/cuba\/faces-and-stories-of-the-parque-de-la-fraternidad\/attachment\/parque-fraternidad_otm9-2\/'><img loading=\"lazy\" decoding=\"async\" width=\"150\" height=\"150\" src=\"https:\/\/oncubanews.com\/en\/wp-content\/uploads\/2021\/02\/Parque-Fraternidad_otm9-1-150x150.jpg\" class=\"attachment-thumbnail size-thumbnail\" alt=\"Shield of the United States on the railing that surrounds the ceiba tree in the Parque de la Fraternidad in Havana. Photo: Otmaro Rodr\u00edguez.\" aria-describedby=\"gallery-1-235028\" srcset=\"https:\/\/oncubanews.com\/en\/wp-content\/uploads\/2021\/02\/Parque-Fraternidad_otm9-1-150x150.jpg 150w, https:\/\/oncubanews.com\/en\/wp-content\/uploads\/2021\/02\/Parque-Fraternidad_otm9-1-75x75.jpg 75w\" sizes=\"auto, (max-width: 150px) 100vw, 150px\" \/><\/a>\n\t\t\t<\/div>\n\t\t\t\t<figcaption class='wp-caption-text gallery-caption' id='gallery-1-235028'>\n\t\t\t\tShield of the United States on the railing that surrounds the ceiba tree in the Parque de la Fraternidad in Havana. Photo: Otmaro Rodr\u00edguez.\n\t\t\t\t<\/figcaption><\/figure><figure class='gallery-item'>\n\t\t\t<div class='gallery-icon landscape'>\n\t\t\t\t<a href='https:\/\/oncubanews.com\/en\/cuba\/faces-and-stories-of-the-parque-de-la-fraternidad\/attachment\/parque-fraternidad_otm10-2\/'><img loading=\"lazy\" decoding=\"async\" width=\"150\" height=\"150\" src=\"https:\/\/oncubanews.com\/en\/wp-content\/uploads\/2021\/02\/Parque-Fraternidad_otm10-1-150x150.jpg\" class=\"attachment-thumbnail size-thumbnail\" alt=\"Detail of the railing that surrounds the ceiba tree in the Parque de la Fraternidad in Havana. Photo: Otmaro Rodr\u00edguez.\" aria-describedby=\"gallery-1-235029\" srcset=\"https:\/\/oncubanews.com\/en\/wp-content\/uploads\/2021\/02\/Parque-Fraternidad_otm10-1-150x150.jpg 150w, https:\/\/oncubanews.com\/en\/wp-content\/uploads\/2021\/02\/Parque-Fraternidad_otm10-1-75x75.jpg 75w\" sizes=\"auto, (max-width: 150px) 100vw, 150px\" \/><\/a>\n\t\t\t<\/div>\n\t\t\t\t<figcaption class='wp-caption-text gallery-caption' id='gallery-1-235029'>\n\t\t\t\tDetail of the railing that surrounds the ceiba tree in the Parque de la Fraternidad in Havana. Photo: Otmaro Rodr\u00edguez.\n\n\t\t\t\t<\/figcaption><\/figure><figure class='gallery-item'>\n\t\t\t<div class='gallery-icon landscape'>\n\t\t\t\t<a href='https:\/\/oncubanews.com\/en\/cuba\/faces-and-stories-of-the-parque-de-la-fraternidad\/attachment\/parque-fraternidad_otm4-2\/'><img loading=\"lazy\" decoding=\"async\" width=\"150\" height=\"150\" src=\"https:\/\/oncubanews.com\/en\/wp-content\/uploads\/2021\/02\/Parque-Fraternidad_otm4-1-150x150.jpg\" class=\"attachment-thumbnail size-thumbnail\" alt=\"\" aria-describedby=\"gallery-1-235023\" srcset=\"https:\/\/oncubanews.com\/en\/wp-content\/uploads\/2021\/02\/Parque-Fraternidad_otm4-1-150x150.jpg 150w, https:\/\/oncubanews.com\/en\/wp-content\/uploads\/2021\/02\/Parque-Fraternidad_otm4-1-75x75.jpg 75w\" sizes=\"auto, (max-width: 150px) 100vw, 150px\" \/><\/a>\n\t\t\t<\/div>\n\t\t\t\t<figcaption class='wp-caption-text gallery-caption' id='gallery-1-235023'>\n\t\t\t\tPlaque with the countries that accompanies the ceiba tree in Parque de la Fraternidad, in Havana. In the background, the dome of the National Capitol. Photo: Otmaro Rodr\u00edguez.\n\t\t\t\t<\/figcaption><\/figure><figure class='gallery-item'>\n\t\t\t<div class='gallery-icon landscape'>\n\t\t\t\t<a href='https:\/\/oncubanews.com\/en\/cuba\/faces-and-stories-of-the-parque-de-la-fraternidad\/attachment\/parque-fraternidad_otm6-2\/'><img loading=\"lazy\" decoding=\"async\" width=\"150\" height=\"150\" src=\"https:\/\/oncubanews.com\/en\/wp-content\/uploads\/2021\/02\/Parque-Fraternidad_otm6-1-150x150.jpg\" class=\"attachment-thumbnail size-thumbnail\" alt=\"Plaque located on the railing surrounding the ceiba in the Parque de la Fraternidad, in Havana. Photo: Otmaro Rodr\u00edguez.\" aria-describedby=\"gallery-1-235025\" srcset=\"https:\/\/oncubanews.com\/en\/wp-content\/uploads\/2021\/02\/Parque-Fraternidad_otm6-1-150x150.jpg 150w, https:\/\/oncubanews.com\/en\/wp-content\/uploads\/2021\/02\/Parque-Fraternidad_otm6-1-75x75.jpg 75w\" sizes=\"auto, (max-width: 150px) 100vw, 150px\" \/><\/a>\n\t\t\t<\/div>\n\t\t\t\t<figcaption class='wp-caption-text gallery-caption' id='gallery-1-235025'>\n\t\t\t\tPlaque located on the railing surrounding the ceiba in the Parque de la Fraternidad, in Havana. Photo: Otmaro Rodr\u00edguez.\n\t\t\t\t<\/figcaption><\/figure>\n\t\t<\/div>\n\n<p><span style=\"font-weight: 400;\">In any case, when the ceiba tree was transplanted in the park on February 24, 1928\u2014a tree in itself sacred in Cuba, particularly for the religions of African origin\u2014it would be fertilized with soil from each of the American republics participating in the conference and surrounded by a railing in which the national shields were placed and words of Jos\u00e9 Mart\u00ed belonging to his memorable essay \u201cOur America\u201d \u200b\u200bwere inscribed. &#8220;The peoples,\u201d it is written on it, \u201cdo not unite except with ties of friendship, brotherhood, and love.\u201d<\/span><\/p>\n<p><span style=\"font-weight: 400;\">This is how the Parque de la Fraternidad Americana was born, which, in reality, according to Forestier\u2019s design, is more than a single park, it is a group of several, located at the southern end of the no less known Paseo del Prado and in whose surroundings other important Havana arteries are located, such as Monte, Reina and Dragones, and also buildings and emblematic places of the city such as the monumental <a href=\"https:\/\/oncubanews.com\/en\/oncuba-media-en\/havana-capitol\/\" target=\"_blank\" rel=\"noopener\">Capitol<\/a>, the Aldama Palace, the Saratoga Hotel, the Central Computer Science Center, the India Fountain and the entrance to Chinatown. Over the years, busts of heroes and relevant figures of the continent such as Sim\u00f3n Bol\u00edvar, Benito Ju\u00e1rez, Abraham Lincoln, Jos\u00e9 de San Mart\u00edn, and Toussaint Louverture would be placed on its grounds.<\/span><\/p>\n<div id='gallery-2' class='gallery galleryid-235018 gallery-columns-3 gallery-size-thumbnail'><figure class='gallery-item'>\n\t\t\t<div class='gallery-icon landscape'>\n\t\t\t\t<a href='https:\/\/oncubanews.com\/en\/cuba\/faces-and-stories-of-the-parque-de-la-fraternidad\/attachment\/parque-fraternidad_otm29-2\/'><img loading=\"lazy\" decoding=\"async\" width=\"150\" height=\"150\" src=\"https:\/\/oncubanews.com\/en\/wp-content\/uploads\/2021\/02\/Parque-Fraternidad_otm29-1-150x150.jpg\" class=\"attachment-thumbnail size-thumbnail\" alt=\"\" aria-describedby=\"gallery-2-235035\" srcset=\"https:\/\/oncubanews.com\/en\/wp-content\/uploads\/2021\/02\/Parque-Fraternidad_otm29-1-150x150.jpg 150w, https:\/\/oncubanews.com\/en\/wp-content\/uploads\/2021\/02\/Parque-Fraternidad_otm29-1-75x75.jpg 75w\" sizes=\"auto, (max-width: 150px) 100vw, 150px\" \/><\/a>\n\t\t\t<\/div>\n\t\t\t\t<figcaption class='wp-caption-text gallery-caption' id='gallery-2-235035'>\n\t\t\t\tThe India Fountain and the National Capitol, in the surroundings of the Parque de la Fraternidad, in Havana. Photo: Otmaro Rodr\u00edguez.\n\t\t\t\t<\/figcaption><\/figure><figure class='gallery-item'>\n\t\t\t<div class='gallery-icon landscape'>\n\t\t\t\t<a href='https:\/\/oncubanews.com\/en\/cuba\/faces-and-stories-of-the-parque-de-la-fraternidad\/attachment\/parque-fraternidad_otm25-2\/'><img loading=\"lazy\" decoding=\"async\" width=\"150\" height=\"150\" src=\"https:\/\/oncubanews.com\/en\/wp-content\/uploads\/2021\/02\/Parque-Fraternidad_otm25-1-150x150.jpg\" class=\"attachment-thumbnail size-thumbnail\" alt=\"\" aria-describedby=\"gallery-2-235034\" srcset=\"https:\/\/oncubanews.com\/en\/wp-content\/uploads\/2021\/02\/Parque-Fraternidad_otm25-1-150x150.jpg 150w, https:\/\/oncubanews.com\/en\/wp-content\/uploads\/2021\/02\/Parque-Fraternidad_otm25-1-75x75.jpg 75w\" sizes=\"auto, (max-width: 150px) 100vw, 150px\" \/><\/a>\n\t\t\t<\/div>\n\t\t\t\t<figcaption class='wp-caption-text gallery-caption' id='gallery-2-235034'>\n\t\t\t\tView of the Parque de la Fraternidad, in Havana. In the background, the Saratoga Hotel. Photo: Otmaro Rodr\u00edguez.\n\t\t\t\t<\/figcaption><\/figure><figure class='gallery-item'>\n\t\t\t<div class='gallery-icon landscape'>\n\t\t\t\t<a href='https:\/\/oncubanews.com\/en\/cuba\/faces-and-stories-of-the-parque-de-la-fraternidad\/attachment\/parque-fraternidad_otm21-2\/'><img loading=\"lazy\" decoding=\"async\" width=\"150\" height=\"150\" src=\"https:\/\/oncubanews.com\/en\/wp-content\/uploads\/2021\/02\/Parque-Fraternidad_otm21-1-150x150.jpg\" class=\"attachment-thumbnail size-thumbnail\" alt=\"\" aria-describedby=\"gallery-2-235032\" srcset=\"https:\/\/oncubanews.com\/en\/wp-content\/uploads\/2021\/02\/Parque-Fraternidad_otm21-1-150x150.jpg 150w, https:\/\/oncubanews.com\/en\/wp-content\/uploads\/2021\/02\/Parque-Fraternidad_otm21-1-75x75.jpg 75w\" sizes=\"auto, (max-width: 150px) 100vw, 150px\" \/><\/a>\n\t\t\t<\/div>\n\t\t\t\t<figcaption class='wp-caption-text gallery-caption' id='gallery-2-235032'>\n\t\t\t\tBusts of American heroes in the Parque de la Fraternidad, in Havana. Photo: Otmaro Rodr\u00edguez.\n\t\t\t\t<\/figcaption><\/figure><figure class='gallery-item'>\n\t\t\t<div class='gallery-icon landscape'>\n\t\t\t\t<a href='https:\/\/oncubanews.com\/en\/cuba\/faces-and-stories-of-the-parque-de-la-fraternidad\/attachment\/parque-fraternidad_otm23-2\/'><img loading=\"lazy\" decoding=\"async\" width=\"150\" height=\"150\" src=\"https:\/\/oncubanews.com\/en\/wp-content\/uploads\/2021\/02\/Parque-Fraternidad_otm23-1-150x150.jpg\" class=\"attachment-thumbnail size-thumbnail\" alt=\"\" aria-describedby=\"gallery-2-235033\" srcset=\"https:\/\/oncubanews.com\/en\/wp-content\/uploads\/2021\/02\/Parque-Fraternidad_otm23-1-150x150.jpg 150w, https:\/\/oncubanews.com\/en\/wp-content\/uploads\/2021\/02\/Parque-Fraternidad_otm23-1-75x75.jpg 75w\" sizes=\"auto, (max-width: 150px) 100vw, 150px\" \/><\/a>\n\t\t\t<\/div>\n\t\t\t\t<figcaption class='wp-caption-text gallery-caption' id='gallery-2-235033'>\n\t\t\t\tA bust in the Parque de la Fraternidad, in Havana. Photo: Otmaro Rodr\u00edguez.\n\t\t\t\t<\/figcaption><\/figure><figure class='gallery-item'>\n\t\t\t<div class='gallery-icon landscape'>\n\t\t\t\t<a href='https:\/\/oncubanews.com\/en\/cuba\/faces-and-stories-of-the-parque-de-la-fraternidad\/attachment\/parque-fraternidad_otm13-2\/'><img loading=\"lazy\" decoding=\"async\" width=\"150\" height=\"150\" src=\"https:\/\/oncubanews.com\/en\/wp-content\/uploads\/2021\/02\/Parque-Fraternidad_otm13-1-150x150.jpg\" class=\"attachment-thumbnail size-thumbnail\" alt=\"\" aria-describedby=\"gallery-2-235037\" srcset=\"https:\/\/oncubanews.com\/en\/wp-content\/uploads\/2021\/02\/Parque-Fraternidad_otm13-1-150x150.jpg 150w, https:\/\/oncubanews.com\/en\/wp-content\/uploads\/2021\/02\/Parque-Fraternidad_otm13-1-75x75.jpg 75w\" sizes=\"auto, (max-width: 150px) 100vw, 150px\" \/><\/a>\n\t\t\t<\/div>\n\t\t\t\t<figcaption class='wp-caption-text gallery-caption' id='gallery-2-235037'>\n\t\t\t\tA bust in the Parque de la Fraternidad, in Havana. Photo: Otmaro Rodr\u00edguez.\n\t\t\t\t<\/figcaption><\/figure><figure class='gallery-item'>\n\t\t\t<div class='gallery-icon landscape'>\n\t\t\t\t<a href='https:\/\/oncubanews.com\/en\/cuba\/faces-and-stories-of-the-parque-de-la-fraternidad\/attachment\/parque-fraternidad_otm17-2\/'><img loading=\"lazy\" decoding=\"async\" width=\"150\" height=\"150\" src=\"https:\/\/oncubanews.com\/en\/wp-content\/uploads\/2021\/02\/Parque-Fraternidad_otm17-1-150x150.jpg\" class=\"attachment-thumbnail size-thumbnail\" alt=\"\" aria-describedby=\"gallery-2-235039\" srcset=\"https:\/\/oncubanews.com\/en\/wp-content\/uploads\/2021\/02\/Parque-Fraternidad_otm17-1-150x150.jpg 150w, https:\/\/oncubanews.com\/en\/wp-content\/uploads\/2021\/02\/Parque-Fraternidad_otm17-1-75x75.jpg 75w\" sizes=\"auto, (max-width: 150px) 100vw, 150px\" \/><\/a>\n\t\t\t<\/div>\n\t\t\t\t<figcaption class='wp-caption-text gallery-caption' id='gallery-2-235039'>\n\t\t\t\tCentral Computer Science Center, in the surroundings of the Parque de la Fraternidad, in Havana. Photo: Otmaro Rodr\u00edguez.\n\t\t\t\t<\/figcaption><\/figure><figure class='gallery-item'>\n\t\t\t<div class='gallery-icon landscape'>\n\t\t\t\t<a href='https:\/\/oncubanews.com\/en\/cuba\/faces-and-stories-of-the-parque-de-la-fraternidad\/attachment\/parque-fraternidad_otm14-2\/'><img loading=\"lazy\" decoding=\"async\" width=\"150\" height=\"150\" src=\"https:\/\/oncubanews.com\/en\/wp-content\/uploads\/2021\/02\/Parque-Fraternidad_otm14-1-150x150.jpg\" class=\"attachment-thumbnail size-thumbnail\" alt=\"\" aria-describedby=\"gallery-2-235038\" srcset=\"https:\/\/oncubanews.com\/en\/wp-content\/uploads\/2021\/02\/Parque-Fraternidad_otm14-1-150x150.jpg 150w, https:\/\/oncubanews.com\/en\/wp-content\/uploads\/2021\/02\/Parque-Fraternidad_otm14-1-75x75.jpg 75w\" sizes=\"auto, (max-width: 150px) 100vw, 150px\" \/><\/a>\n\t\t\t<\/div>\n\t\t\t\t<figcaption class='wp-caption-text gallery-caption' id='gallery-2-235038'>\n\t\t\t\tEntrance to Chinatown, in the surroundings of the Parque de la Fraternidad, in Havana. Photo: Otmaro Rodr\u00edguez.\n\t\t\t\t<\/figcaption><\/figure><figure class='gallery-item'>\n\t\t\t<div class='gallery-icon landscape'>\n\t\t\t\t<a href='https:\/\/oncubanews.com\/en\/cuba\/faces-and-stories-of-the-parque-de-la-fraternidad\/attachment\/parque-fraternidad_otm18-2\/'><img loading=\"lazy\" decoding=\"async\" width=\"150\" height=\"150\" src=\"https:\/\/oncubanews.com\/en\/wp-content\/uploads\/2021\/02\/Parque-Fraternidad_otm18-1-150x150.jpg\" class=\"attachment-thumbnail size-thumbnail\" alt=\"\" aria-describedby=\"gallery-2-235040\" srcset=\"https:\/\/oncubanews.com\/en\/wp-content\/uploads\/2021\/02\/Parque-Fraternidad_otm18-1-150x150.jpg 150w, https:\/\/oncubanews.com\/en\/wp-content\/uploads\/2021\/02\/Parque-Fraternidad_otm18-1-75x75.jpg 75w\" sizes=\"auto, (max-width: 150px) 100vw, 150px\" \/><\/a>\n\t\t\t<\/div>\n\t\t\t\t<figcaption class='wp-caption-text gallery-caption' id='gallery-2-235040'>\n\t\t\t\tStreets in the surroundings of Parque de la Fraternidad, in Havana. Photo: Otmaro Rodr\u00edguez.\n\t\t\t\t<\/figcaption><\/figure><figure class='gallery-item'>\n\t\t\t<div class='gallery-icon landscape'>\n\t\t\t\t<a href='https:\/\/oncubanews.com\/en\/cuba\/faces-and-stories-of-the-parque-de-la-fraternidad\/attachment\/parque-fraternidad_otm19-2\/'><img loading=\"lazy\" decoding=\"async\" width=\"150\" height=\"150\" src=\"https:\/\/oncubanews.com\/en\/wp-content\/uploads\/2021\/02\/Parque-Fraternidad_otm19-1-150x150.jpg\" class=\"attachment-thumbnail size-thumbnail\" alt=\"\" aria-describedby=\"gallery-2-235031\" srcset=\"https:\/\/oncubanews.com\/en\/wp-content\/uploads\/2021\/02\/Parque-Fraternidad_otm19-1-150x150.jpg 150w, https:\/\/oncubanews.com\/en\/wp-content\/uploads\/2021\/02\/Parque-Fraternidad_otm19-1-75x75.jpg 75w\" sizes=\"auto, (max-width: 150px) 100vw, 150px\" \/><\/a>\n\t\t\t<\/div>\n\t\t\t\t<figcaption class='wp-caption-text gallery-caption' id='gallery-2-235031'>\n\t\t\t\tStreets in the surroundings of Parque de la Fraternidad, in Havana. Photo: Otmaro Rodr\u00edguez.\n\t\t\t\t<\/figcaption><\/figure><figure class='gallery-item'>\n\t\t\t<div class='gallery-icon landscape'>\n\t\t\t\t<a href='https:\/\/oncubanews.com\/en\/cuba\/faces-and-stories-of-the-parque-de-la-fraternidad\/attachment\/parque-fraternidad_otm12-2\/'><img loading=\"lazy\" decoding=\"async\" width=\"150\" height=\"150\" src=\"https:\/\/oncubanews.com\/en\/wp-content\/uploads\/2021\/02\/Parque-Fraternidad_otm12-1-150x150.jpg\" class=\"attachment-thumbnail size-thumbnail\" alt=\"\" aria-describedby=\"gallery-2-235036\" srcset=\"https:\/\/oncubanews.com\/en\/wp-content\/uploads\/2021\/02\/Parque-Fraternidad_otm12-1-150x150.jpg 150w, https:\/\/oncubanews.com\/en\/wp-content\/uploads\/2021\/02\/Parque-Fraternidad_otm12-1-75x75.jpg 75w\" sizes=\"auto, (max-width: 150px) 100vw, 150px\" \/><\/a>\n\t\t\t<\/div>\n\t\t\t\t<figcaption class='wp-caption-text gallery-caption' id='gallery-2-235036'>\n\t\t\t\tStreets in the surroundings of Parque de la Fraternidad, in Havana. Photo: Otmaro Rodr\u00edguez.\n\t\t\t\t<\/figcaption><\/figure>\n\t\t<\/div>\n\n<p><span style=\"font-weight: 400;\">Life would, however, give it a less solemn, more worldly character. And there, where the colonial troops once paraded, where in 1856 Mat\u00edas P\u00e9rez took off on his balloon and where the American republics sealed their brotherly commitment in iron and earth, the townspeople would end up imposing their walk, letting off steam and carrying out their routines. And the crowded bus stops, the hurried passersby, the lovers, the fortune-tellers, the street vendors, playing children, the tourists, the transvestites, the police would arrive. And the symbolic ceiba, now without the greenery of yesteryear, would also receive offerings and waste that those who planted it could never have imagined.<\/span><\/p>\n<p><span style=\"font-weight: 400;\">This is how it has survived until today, until the third decade of the 21st century, becoming a witness and, at the same time, a protagonist of the passage of time in Havana. It is no longer the Campo de Marte that it once was, nor the pristine and presumptuous park that the French urban planner envisioned, but it has not lost life, grace, or beauty, although the years have left its wounds and many Havanans today ignore its history and pass it with a hurried pace in the midst of the coronavirus pandemic.<\/span><\/p>\n<div id='gallery-3' class='gallery galleryid-235018 gallery-columns-3 gallery-size-thumbnail'><figure class='gallery-item'>\n\t\t\t<div class='gallery-icon landscape'>\n\t\t\t\t<a href='https:\/\/oncubanews.com\/en\/cuba\/faces-and-stories-of-the-parque-de-la-fraternidad\/attachment\/rebrote-coronavirus-49\/'><img loading=\"lazy\" decoding=\"async\" width=\"150\" height=\"150\" src=\"https:\/\/oncubanews.com\/en\/wp-content\/uploads\/2021\/02\/Parque-Fraternidad-ninos-1-150x150.jpg\" class=\"attachment-thumbnail size-thumbnail\" alt=\"\" aria-describedby=\"gallery-3-235048\" srcset=\"https:\/\/oncubanews.com\/en\/wp-content\/uploads\/2021\/02\/Parque-Fraternidad-ninos-1-150x150.jpg 150w, https:\/\/oncubanews.com\/en\/wp-content\/uploads\/2021\/02\/Parque-Fraternidad-ninos-1-75x75.jpg 75w\" sizes=\"auto, (max-width: 150px) 100vw, 150px\" \/><\/a>\n\t\t\t<\/div>\n\t\t\t\t<figcaption class='wp-caption-text gallery-caption' id='gallery-3-235048'>\n\t\t\t\tFoto: Otmaro Rodr\u00edguez\n\t\t\t\t<\/figcaption><\/figure><figure class='gallery-item'>\n\t\t\t<div class='gallery-icon landscape'>\n\t\t\t\t<a href='https:\/\/oncubanews.com\/en\/cuba\/faces-and-stories-of-the-parque-de-la-fraternidad\/attachment\/parque-fraternidad_otm11-2\/'><img loading=\"lazy\" decoding=\"async\" width=\"150\" height=\"150\" src=\"https:\/\/oncubanews.com\/en\/wp-content\/uploads\/2021\/02\/Parque-Fraternidad_otm11-1-150x150.jpg\" class=\"attachment-thumbnail size-thumbnail\" alt=\"\" aria-describedby=\"gallery-3-235043\" srcset=\"https:\/\/oncubanews.com\/en\/wp-content\/uploads\/2021\/02\/Parque-Fraternidad_otm11-1-150x150.jpg 150w, https:\/\/oncubanews.com\/en\/wp-content\/uploads\/2021\/02\/Parque-Fraternidad_otm11-1-75x75.jpg 75w\" sizes=\"auto, (max-width: 150px) 100vw, 150px\" \/><\/a>\n\t\t\t<\/div>\n\t\t\t\t<figcaption class='wp-caption-text gallery-caption' id='gallery-3-235043'>\n\t\t\t\tA fortune-teller in the Parque de la Fraternidad, in Havana. Photo: Otmaro Rodr\u00edguez.\n\t\t\t\t<\/figcaption><\/figure><figure class='gallery-item'>\n\t\t\t<div class='gallery-icon landscape'>\n\t\t\t\t<a href='https:\/\/oncubanews.com\/en\/cuba\/faces-and-stories-of-the-parque-de-la-fraternidad\/attachment\/parque-fraternidad_otm24-2\/'><img loading=\"lazy\" decoding=\"async\" width=\"150\" height=\"150\" src=\"https:\/\/oncubanews.com\/en\/wp-content\/uploads\/2021\/02\/Parque-Fraternidad_otm24-1-150x150.jpg\" class=\"attachment-thumbnail size-thumbnail\" alt=\"\" aria-describedby=\"gallery-3-235047\" srcset=\"https:\/\/oncubanews.com\/en\/wp-content\/uploads\/2021\/02\/Parque-Fraternidad_otm24-1-150x150.jpg 150w, https:\/\/oncubanews.com\/en\/wp-content\/uploads\/2021\/02\/Parque-Fraternidad_otm24-1-75x75.jpg 75w\" sizes=\"auto, (max-width: 150px) 100vw, 150px\" \/><\/a>\n\t\t\t<\/div>\n\t\t\t\t<figcaption class='wp-caption-text gallery-caption' id='gallery-3-235047'>\n\t\t\t\tPeople in the Parque de la Fraternidad, in Havana. Photo: Otmaro Rodr\u00edguez.\n\t\t\t\t<\/figcaption><\/figure><figure class='gallery-item'>\n\t\t\t<div class='gallery-icon landscape'>\n\t\t\t\t<a href='https:\/\/oncubanews.com\/en\/cuba\/faces-and-stories-of-the-parque-de-la-fraternidad\/attachment\/parque-fraternidad_otm16-2\/'><img loading=\"lazy\" decoding=\"async\" width=\"150\" height=\"150\" src=\"https:\/\/oncubanews.com\/en\/wp-content\/uploads\/2021\/02\/Parque-Fraternidad_otm16-1-150x150.jpg\" class=\"attachment-thumbnail size-thumbnail\" alt=\"\" aria-describedby=\"gallery-3-235045\" srcset=\"https:\/\/oncubanews.com\/en\/wp-content\/uploads\/2021\/02\/Parque-Fraternidad_otm16-1-150x150.jpg 150w, https:\/\/oncubanews.com\/en\/wp-content\/uploads\/2021\/02\/Parque-Fraternidad_otm16-1-75x75.jpg 75w\" sizes=\"auto, (max-width: 150px) 100vw, 150px\" \/><\/a>\n\t\t\t<\/div>\n\t\t\t\t<figcaption class='wp-caption-text gallery-caption' id='gallery-3-235045'>\n\t\t\t\tPeople in the Parque de la Fraternidad, in Havana. Photo: Otmaro Rodr\u00edguez.\n\t\t\t\t<\/figcaption><\/figure><figure class='gallery-item'>\n\t\t\t<div class='gallery-icon landscape'>\n\t\t\t\t<a href='https:\/\/oncubanews.com\/en\/cuba\/faces-and-stories-of-the-parque-de-la-fraternidad\/attachment\/parque-fraternidad_otm15-2\/'><img loading=\"lazy\" decoding=\"async\" width=\"150\" height=\"150\" src=\"https:\/\/oncubanews.com\/en\/wp-content\/uploads\/2021\/02\/Parque-Fraternidad_otm15-1-150x150.jpg\" class=\"attachment-thumbnail size-thumbnail\" alt=\"\" aria-describedby=\"gallery-3-235044\" srcset=\"https:\/\/oncubanews.com\/en\/wp-content\/uploads\/2021\/02\/Parque-Fraternidad_otm15-1-150x150.jpg 150w, https:\/\/oncubanews.com\/en\/wp-content\/uploads\/2021\/02\/Parque-Fraternidad_otm15-1-75x75.jpg 75w\" sizes=\"auto, (max-width: 150px) 100vw, 150px\" \/><\/a>\n\t\t\t<\/div>\n\t\t\t\t<figcaption class='wp-caption-text gallery-caption' id='gallery-3-235044'>\n\t\t\t\tPeople in the Parque de la Fraternidad, in Havana. Photo: Otmaro Rodr\u00edguez.\n\t\t\t\t<\/figcaption><\/figure><figure class='gallery-item'>\n\t\t\t<div class='gallery-icon landscape'>\n\t\t\t\t<a href='https:\/\/oncubanews.com\/en\/cuba\/faces-and-stories-of-the-parque-de-la-fraternidad\/attachment\/parque-fraternidad_otm22-2\/'><img loading=\"lazy\" decoding=\"async\" width=\"150\" height=\"150\" src=\"https:\/\/oncubanews.com\/en\/wp-content\/uploads\/2021\/02\/Parque-Fraternidad_otm22-1-150x150.jpg\" class=\"attachment-thumbnail size-thumbnail\" alt=\"\" aria-describedby=\"gallery-3-235046\" srcset=\"https:\/\/oncubanews.com\/en\/wp-content\/uploads\/2021\/02\/Parque-Fraternidad_otm22-1-150x150.jpg 150w, https:\/\/oncubanews.com\/en\/wp-content\/uploads\/2021\/02\/Parque-Fraternidad_otm22-1-75x75.jpg 75w\" sizes=\"auto, (max-width: 150px) 100vw, 150px\" \/><\/a>\n\t\t\t<\/div>\n\t\t\t\t<figcaption class='wp-caption-text gallery-caption' id='gallery-3-235046'>\n\t\t\t\tPeople in the Parque de la Fraternidad, in Havana. Photo: Otmaro Rodr\u00edguez.\n\t\t\t\t<\/figcaption><\/figure><figure class='gallery-item'>\n\t\t\t<div class='gallery-icon landscape'>\n\t\t\t\t<a href='https:\/\/oncubanews.com\/en\/cuba\/faces-and-stories-of-the-parque-de-la-fraternidad\/attachment\/la-habana-otmaro-21-1\/'><img loading=\"lazy\" decoding=\"async\" width=\"150\" height=\"150\" src=\"https:\/\/oncubanews.com\/en\/wp-content\/uploads\/2021\/02\/la-habana-otmaro-21-1-150x150.jpg\" class=\"attachment-thumbnail size-thumbnail\" alt=\"\" aria-describedby=\"gallery-3-235041\" srcset=\"https:\/\/oncubanews.com\/en\/wp-content\/uploads\/2021\/02\/la-habana-otmaro-21-1-150x150.jpg 150w, https:\/\/oncubanews.com\/en\/wp-content\/uploads\/2021\/02\/la-habana-otmaro-21-1-75x75.jpg 75w\" sizes=\"auto, (max-width: 150px) 100vw, 150px\" \/><\/a>\n\t\t\t<\/div>\n\t\t\t\t<figcaption class='wp-caption-text gallery-caption' id='gallery-3-235041'>\n\t\t\t\tPeople at a bus stop in Parque de la Fraternidad, in Havana. Photo: Otmaro Rodr\u00edguez.\n\t\t\t\t<\/figcaption><\/figure><figure class='gallery-item'>\n\t\t\t<div class='gallery-icon landscape'>\n\t\t\t\t<a href='https:\/\/oncubanews.com\/en\/cuba\/faces-and-stories-of-the-parque-de-la-fraternidad\/attachment\/la-habana-otmaro-22-2\/'><img loading=\"lazy\" decoding=\"async\" width=\"150\" height=\"150\" src=\"https:\/\/oncubanews.com\/en\/wp-content\/uploads\/2021\/02\/la-habana-otmaro-22-150x150.jpg\" class=\"attachment-thumbnail size-thumbnail\" alt=\"\" aria-describedby=\"gallery-3-235042\" srcset=\"https:\/\/oncubanews.com\/en\/wp-content\/uploads\/2021\/02\/la-habana-otmaro-22-150x150.jpg 150w, https:\/\/oncubanews.com\/en\/wp-content\/uploads\/2021\/02\/la-habana-otmaro-22-75x75.jpg 75w\" sizes=\"auto, (max-width: 150px) 100vw, 150px\" \/><\/a>\n\t\t\t<\/div>\n\t\t\t\t<figcaption class='wp-caption-text gallery-caption' id='gallery-3-235042'>\n\t\t\t\tPeople in the Parque de la Fraternidad, in Havana. Photo: Otmaro Rodr\u00edguez.\n\t\t\t\t<\/figcaption><\/figure>\n\t\t<\/div>\n\n","protected":false},"excerpt":{"rendered":"<p>The daily and cosmopolitan life of Havana has one of its most representative places in the Parque de la Fraternidad. This vast esplanade, with its trees, benches, and monuments, is one of the Cuban capital\u2019s points of greatest confluence, a place of passage and meeting, of rest and contemplation, and even of love dates and [&hellip;]<\/p>\n","protected":false},"author":3261,"featured_media":235020,"comment_status":"open","ping_status":"closed","sticky":false,"template":"","format":"standard","meta":{"_acf_changed":false,"footnotes":""},"categories":[13902],"tags":[33509,33510],"ppma_author":[33550,14826],"class_list":["post-235018","post","type-post","status-publish","format-standard","has-post-thumbnail","hentry","category-cuba","tag-cuban-places","tag-parque-de-la-fraternidad"],"acf":[],"yoast_head":"<!-- This site is optimized with the Yoast SEO plugin v27.3 - https:\/\/yoast.com\/product\/yoast-seo-wordpress\/ -->\n<title>Faces and stories of the Parque de la Fraternidad | OnCubaNews English<\/title>\n<meta name=\"description\" content=\"The once Campo de Marte, now Parque de la Fraternidad, is one of the Cuban capital\u2019s points of greatest confluence, although today the pandemic imposes an unusual landscape to its days and nights.\" \/>\n<meta name=\"robots\" content=\"index, follow, max-snippet:-1, max-image-preview:large, max-video-preview:-1\" \/>\n<link rel=\"canonical\" href=\"https:\/\/oncubanews.com\/en\/cuba\/faces-and-stories-of-the-parque-de-la-fraternidad\/\" \/>\n<meta property=\"og:locale\" content=\"en_US\" \/>\n<meta property=\"og:type\" content=\"article\" \/>\n<meta property=\"og:title\" content=\"Faces and stories of the Parque de la Fraternidad | OnCubaNews English\" \/>\n<meta property=\"og:description\" content=\"The once Campo de Marte, now Parque de la Fraternidad, is one of the Cuban capital\u2019s points of greatest confluence, although today the pandemic imposes an unusual landscape to its days and nights.\" \/>\n<meta property=\"og:url\" content=\"https:\/\/oncubanews.com\/en\/cuba\/faces-and-stories-of-the-parque-de-la-fraternidad\/\" \/>\n<meta property=\"og:site_name\" content=\"OnCubaNews English\" \/>\n<meta property=\"article:published_time\" content=\"2021-02-22T14:19:30+00:00\" \/>\n<meta property=\"article:modified_time\" content=\"2021-02-22T15:03:03+00:00\" \/>\n<meta property=\"og:image\" content=\"https:\/\/oncubanews.com\/en\/wp-content\/uploads\/2021\/02\/Parque-Fraternidad_otm3-1-750x500-1.jpg\" \/>\n\t<meta property=\"og:image:width\" content=\"750\" \/>\n\t<meta property=\"og:image:height\" content=\"500\" \/>\n\t<meta property=\"og:image:type\" content=\"image\/jpeg\" \/>\n<meta name=\"author\" content=\"Eric Caraballoso, Eric Caraballosa\" \/>\n<meta name=\"twitter:card\" content=\"summary_large_image\" \/>\n<meta name=\"twitter:label1\" content=\"Written by\" \/>\n\t<meta name=\"twitter:data1\" content=\"Eric Caraballoso\" \/>\n\t<meta name=\"twitter:label2\" content=\"Est. reading time\" \/>\n\t<meta name=\"twitter:data2\" content=\"4 minutes\" \/>\n<script type=\"application\/ld+json\" class=\"yoast-schema-graph\">{\"@context\":\"https:\\\/\\\/schema.org\",\"@graph\":[{\"@type\":\"Article\",\"@id\":\"https:\\\/\\\/oncubanews.com\\\/en\\\/cuba\\\/faces-and-stories-of-the-parque-de-la-fraternidad\\\/#article\",\"isPartOf\":{\"@id\":\"https:\\\/\\\/oncubanews.com\\\/en\\\/cuba\\\/faces-and-stories-of-the-parque-de-la-fraternidad\\\/\"},\"author\":{\"name\":\"Eric Caraballoso\",\"@id\":\"https:\\\/\\\/oncubanews.com\\\/en\\\/#\\\/schema\\\/person\\\/ab0162526e61405906a4732727689ef7\"},\"headline\":\"Faces and stories of the Parque de la Fraternidad\",\"datePublished\":\"2021-02-22T14:19:30+00:00\",\"dateModified\":\"2021-02-22T15:03:03+00:00\",\"mainEntityOfPage\":{\"@id\":\"https:\\\/\\\/oncubanews.com\\\/en\\\/cuba\\\/faces-and-stories-of-the-parque-de-la-fraternidad\\\/\"},\"wordCount\":816,\"commentCount\":0,\"image\":{\"@id\":\"https:\\\/\\\/oncubanews.com\\\/en\\\/cuba\\\/faces-and-stories-of-the-parque-de-la-fraternidad\\\/#primaryimage\"},\"thumbnailUrl\":\"https:\\\/\\\/oncubanews.com\\\/en\\\/wp-content\\\/uploads\\\/2021\\\/02\\\/Parque-Fraternidad_otm3-1-750x500-1.jpg\",\"keywords\":[\"Cuban places\",\"Parque de la Fraternidad\"],\"articleSection\":[\"Cuba\"],\"inLanguage\":\"en-US\",\"potentialAction\":[{\"@type\":\"CommentAction\",\"name\":\"Comment\",\"target\":[\"https:\\\/\\\/oncubanews.com\\\/en\\\/cuba\\\/faces-and-stories-of-the-parque-de-la-fraternidad\\\/#respond\"]}],\"copyrightYear\":\"2021\",\"copyrightHolder\":{\"@id\":\"https:\\\/\\\/oncubanews.com\\\/en\\\/#organization\"}},{\"@type\":\"WebPage\",\"@id\":\"https:\\\/\\\/oncubanews.com\\\/en\\\/cuba\\\/faces-and-stories-of-the-parque-de-la-fraternidad\\\/\",\"url\":\"https:\\\/\\\/oncubanews.com\\\/en\\\/cuba\\\/faces-and-stories-of-the-parque-de-la-fraternidad\\\/\",\"name\":\"Faces and stories of the Parque de la Fraternidad | OnCubaNews English\",\"isPartOf\":{\"@id\":\"https:\\\/\\\/oncubanews.com\\\/en\\\/#website\"},\"primaryImageOfPage\":{\"@id\":\"https:\\\/\\\/oncubanews.com\\\/en\\\/cuba\\\/faces-and-stories-of-the-parque-de-la-fraternidad\\\/#primaryimage\"},\"image\":{\"@id\":\"https:\\\/\\\/oncubanews.com\\\/en\\\/cuba\\\/faces-and-stories-of-the-parque-de-la-fraternidad\\\/#primaryimage\"},\"thumbnailUrl\":\"https:\\\/\\\/oncubanews.com\\\/en\\\/wp-content\\\/uploads\\\/2021\\\/02\\\/Parque-Fraternidad_otm3-1-750x500-1.jpg\",\"datePublished\":\"2021-02-22T14:19:30+00:00\",\"dateModified\":\"2021-02-22T15:03:03+00:00\",\"author\":{\"@id\":\"https:\\\/\\\/oncubanews.com\\\/en\\\/#\\\/schema\\\/person\\\/ab0162526e61405906a4732727689ef7\"},\"description\":\"The once Campo de Marte, now Parque de la Fraternidad, is one of the Cuban capital\u2019s points of greatest confluence, although today the pandemic imposes an unusual landscape to its days and nights.\",\"breadcrumb\":{\"@id\":\"https:\\\/\\\/oncubanews.com\\\/en\\\/cuba\\\/faces-and-stories-of-the-parque-de-la-fraternidad\\\/#breadcrumb\"},\"inLanguage\":\"en-US\",\"potentialAction\":[{\"@type\":\"ReadAction\",\"target\":[\"https:\\\/\\\/oncubanews.com\\\/en\\\/cuba\\\/faces-and-stories-of-the-parque-de-la-fraternidad\\\/\"]}]},{\"@type\":\"ImageObject\",\"inLanguage\":\"en-US\",\"@id\":\"https:\\\/\\\/oncubanews.com\\\/en\\\/cuba\\\/faces-and-stories-of-the-parque-de-la-fraternidad\\\/#primaryimage\",\"url\":\"https:\\\/\\\/oncubanews.com\\\/en\\\/wp-content\\\/uploads\\\/2021\\\/02\\\/Parque-Fraternidad_otm3-1-750x500-1.jpg\",\"contentUrl\":\"https:\\\/\\\/oncubanews.com\\\/en\\\/wp-content\\\/uploads\\\/2021\\\/02\\\/Parque-Fraternidad_otm3-1-750x500-1.jpg\",\"width\":750,\"height\":500,\"caption\":\"The Parque de la Fraternidad, in Havana. In the background, the dome of the National Capitol. Photo: Otmaro Rodr\u00edguez.\"},{\"@type\":\"BreadcrumbList\",\"@id\":\"https:\\\/\\\/oncubanews.com\\\/en\\\/cuba\\\/faces-and-stories-of-the-parque-de-la-fraternidad\\\/#breadcrumb\",\"itemListElement\":[{\"@type\":\"ListItem\",\"position\":1,\"name\":\"Portada\",\"item\":\"https:\\\/\\\/oncubanews.com\\\/en\\\/\"},{\"@type\":\"ListItem\",\"position\":2,\"name\":\"Faces and stories of the Parque de la Fraternidad\"}]},{\"@type\":\"WebSite\",\"@id\":\"https:\\\/\\\/oncubanews.com\\\/en\\\/#website\",\"url\":\"https:\\\/\\\/oncubanews.com\\\/en\\\/\",\"name\":\"OnCubaNews English\",\"description\":\"Revista sobre Cuba\",\"potentialAction\":[{\"@type\":\"SearchAction\",\"target\":{\"@type\":\"EntryPoint\",\"urlTemplate\":\"https:\\\/\\\/oncubanews.com\\\/en\\\/?s={search_term_string}\"},\"query-input\":{\"@type\":\"PropertyValueSpecification\",\"valueRequired\":true,\"valueName\":\"search_term_string\"}}],\"inLanguage\":\"en-US\"},{\"@type\":\"Person\",\"@id\":\"https:\\\/\\\/oncubanews.com\\\/en\\\/#\\\/schema\\\/person\\\/ab0162526e61405906a4732727689ef7\",\"name\":\"Eric Caraballoso\",\"image\":{\"@type\":\"ImageObject\",\"inLanguage\":\"en-US\",\"@id\":\"https:\\\/\\\/oncubanews.com\\\/wp-content\\\/uploads\\\/2015\\\/09\\\/Eric-Caraballosa_avatar_1442265168-96x96.jpg78fa763b15fce7416ea24dbfe94bf6e6\",\"url\":\"https:\\\/\\\/oncubanews.com\\\/wp-content\\\/uploads\\\/2015\\\/09\\\/Eric-Caraballosa_avatar_1442265168-96x96.jpg\",\"contentUrl\":\"https:\\\/\\\/oncubanews.com\\\/wp-content\\\/uploads\\\/2015\\\/09\\\/Eric-Caraballosa_avatar_1442265168-96x96.jpg\",\"caption\":\"Eric Caraballoso\"},\"url\":\"https:\\\/\\\/oncubanews.com\\\/en\\\/author\\\/eric-caraballoso\\\/\"}]}<\/script>\n<!-- \/ Yoast SEO plugin. -->","yoast_head_json":{"title":"Faces and stories of the Parque de la Fraternidad | OnCubaNews English","description":"The once Campo de Marte, now Parque de la Fraternidad, is one of the Cuban capital\u2019s points of greatest confluence, although today the pandemic imposes an unusual landscape to its days and nights.","robots":{"index":"index","follow":"follow","max-snippet":"max-snippet:-1","max-image-preview":"max-image-preview:large","max-video-preview":"max-video-preview:-1"},"canonical":"https:\/\/oncubanews.com\/en\/cuba\/faces-and-stories-of-the-parque-de-la-fraternidad\/","og_locale":"en_US","og_type":"article","og_title":"Faces and stories of the Parque de la Fraternidad | OnCubaNews English","og_description":"The once Campo de Marte, now Parque de la Fraternidad, is one of the Cuban capital\u2019s points of greatest confluence, although today the pandemic imposes an unusual landscape to its days and nights.","og_url":"https:\/\/oncubanews.com\/en\/cuba\/faces-and-stories-of-the-parque-de-la-fraternidad\/","og_site_name":"OnCubaNews English","article_published_time":"2021-02-22T14:19:30+00:00","article_modified_time":"2021-02-22T15:03:03+00:00","og_image":[{"width":750,"height":500,"url":"https:\/\/oncubanews.com\/en\/wp-content\/uploads\/2021\/02\/Parque-Fraternidad_otm3-1-750x500-1.jpg","type":"image\/jpeg"}],"author":"Eric Caraballoso, Eric Caraballosa","twitter_card":"summary_large_image","twitter_misc":{"Written by":"Eric Caraballoso","Est. reading time":"4 minutes"},"schema":{"@context":"https:\/\/schema.org","@graph":[{"@type":"Article","@id":"https:\/\/oncubanews.com\/en\/cuba\/faces-and-stories-of-the-parque-de-la-fraternidad\/#article","isPartOf":{"@id":"https:\/\/oncubanews.com\/en\/cuba\/faces-and-stories-of-the-parque-de-la-fraternidad\/"},"author":{"name":"Eric Caraballoso","@id":"https:\/\/oncubanews.com\/en\/#\/schema\/person\/ab0162526e61405906a4732727689ef7"},"headline":"Faces and stories of the Parque de la Fraternidad","datePublished":"2021-02-22T14:19:30+00:00","dateModified":"2021-02-22T15:03:03+00:00","mainEntityOfPage":{"@id":"https:\/\/oncubanews.com\/en\/cuba\/faces-and-stories-of-the-parque-de-la-fraternidad\/"},"wordCount":816,"commentCount":0,"image":{"@id":"https:\/\/oncubanews.com\/en\/cuba\/faces-and-stories-of-the-parque-de-la-fraternidad\/#primaryimage"},"thumbnailUrl":"https:\/\/oncubanews.com\/en\/wp-content\/uploads\/2021\/02\/Parque-Fraternidad_otm3-1-750x500-1.jpg","keywords":["Cuban places","Parque de la Fraternidad"],"articleSection":["Cuba"],"inLanguage":"en-US","potentialAction":[{"@type":"CommentAction","name":"Comment","target":["https:\/\/oncubanews.com\/en\/cuba\/faces-and-stories-of-the-parque-de-la-fraternidad\/#respond"]}],"copyrightYear":"2021","copyrightHolder":{"@id":"https:\/\/oncubanews.com\/en\/#organization"}},{"@type":"WebPage","@id":"https:\/\/oncubanews.com\/en\/cuba\/faces-and-stories-of-the-parque-de-la-fraternidad\/","url":"https:\/\/oncubanews.com\/en\/cuba\/faces-and-stories-of-the-parque-de-la-fraternidad\/","name":"Faces and stories of the Parque de la Fraternidad | OnCubaNews English","isPartOf":{"@id":"https:\/\/oncubanews.com\/en\/#website"},"primaryImageOfPage":{"@id":"https:\/\/oncubanews.com\/en\/cuba\/faces-and-stories-of-the-parque-de-la-fraternidad\/#primaryimage"},"image":{"@id":"https:\/\/oncubanews.com\/en\/cuba\/faces-and-stories-of-the-parque-de-la-fraternidad\/#primaryimage"},"thumbnailUrl":"https:\/\/oncubanews.com\/en\/wp-content\/uploads\/2021\/02\/Parque-Fraternidad_otm3-1-750x500-1.jpg","datePublished":"2021-02-22T14:19:30+00:00","dateModified":"2021-02-22T15:03:03+00:00","author":{"@id":"https:\/\/oncubanews.com\/en\/#\/schema\/person\/ab0162526e61405906a4732727689ef7"},"description":"The once Campo de Marte, now Parque de la Fraternidad, is one of the Cuban capital\u2019s points of greatest confluence, although today the pandemic imposes an unusual landscape to its days and nights.","breadcrumb":{"@id":"https:\/\/oncubanews.com\/en\/cuba\/faces-and-stories-of-the-parque-de-la-fraternidad\/#breadcrumb"},"inLanguage":"en-US","potentialAction":[{"@type":"ReadAction","target":["https:\/\/oncubanews.com\/en\/cuba\/faces-and-stories-of-the-parque-de-la-fraternidad\/"]}]},{"@type":"ImageObject","inLanguage":"en-US","@id":"https:\/\/oncubanews.com\/en\/cuba\/faces-and-stories-of-the-parque-de-la-fraternidad\/#primaryimage","url":"https:\/\/oncubanews.com\/en\/wp-content\/uploads\/2021\/02\/Parque-Fraternidad_otm3-1-750x500-1.jpg","contentUrl":"https:\/\/oncubanews.com\/en\/wp-content\/uploads\/2021\/02\/Parque-Fraternidad_otm3-1-750x500-1.jpg","width":750,"height":500,"caption":"The Parque de la Fraternidad, in Havana. In the background, the dome of the National Capitol. Photo: Otmaro Rodr\u00edguez."},{"@type":"BreadcrumbList","@id":"https:\/\/oncubanews.com\/en\/cuba\/faces-and-stories-of-the-parque-de-la-fraternidad\/#breadcrumb","itemListElement":[{"@type":"ListItem","position":1,"name":"Portada","item":"https:\/\/oncubanews.com\/en\/"},{"@type":"ListItem","position":2,"name":"Faces and stories of the Parque de la Fraternidad"}]},{"@type":"WebSite","@id":"https:\/\/oncubanews.com\/en\/#website","url":"https:\/\/oncubanews.com\/en\/","name":"OnCubaNews English","description":"Revista sobre Cuba","potentialAction":[{"@type":"SearchAction","target":{"@type":"EntryPoint","urlTemplate":"https:\/\/oncubanews.com\/en\/?s={search_term_string}"},"query-input":{"@type":"PropertyValueSpecification","valueRequired":true,"valueName":"search_term_string"}}],"inLanguage":"en-US"},{"@type":"Person","@id":"https:\/\/oncubanews.com\/en\/#\/schema\/person\/ab0162526e61405906a4732727689ef7","name":"Eric Caraballoso","image":{"@type":"ImageObject","inLanguage":"en-US","@id":"https:\/\/oncubanews.com\/wp-content\/uploads\/2015\/09\/Eric-Caraballosa_avatar_1442265168-96x96.jpg78fa763b15fce7416ea24dbfe94bf6e6","url":"https:\/\/oncubanews.com\/wp-content\/uploads\/2015\/09\/Eric-Caraballosa_avatar_1442265168-96x96.jpg","contentUrl":"https:\/\/oncubanews.com\/wp-content\/uploads\/2015\/09\/Eric-Caraballosa_avatar_1442265168-96x96.jpg","caption":"Eric Caraballoso"},"url":"https:\/\/oncubanews.com\/en\/author\/eric-caraballoso\/"}]}},"authors":[{"term_id":33550,"user_id":3261,"is_guest":0,"slug":"eric-caraballoso","display_name":"Eric Caraballoso","avatar_url":"https:\/\/oncubanews.com\/wp-content\/uploads\/2015\/09\/Eric-Caraballosa_avatar_1442265168-96x96.jpg","0":null,"1":"","2":"","3":"","4":"","5":"","6":"","7":"","8":""},{"term_id":14826,"user_id":0,"is_guest":1,"slug":"cap-eric-caraballoso","display_name":"Eric Caraballosa","avatar_url":"https:\/\/secure.gravatar.com\/avatar\/?s=96&r=g","0":null,"1":"","2":"","3":"","4":"","5":"","6":"","7":"","8":""}],"_links":{"self":[{"href":"https:\/\/oncubanews.com\/en\/wp-json\/wp\/v2\/posts\/235018","targetHints":{"allow":["GET"]}}],"collection":[{"href":"https:\/\/oncubanews.com\/en\/wp-json\/wp\/v2\/posts"}],"about":[{"href":"https:\/\/oncubanews.com\/en\/wp-json\/wp\/v2\/types\/post"}],"author":[{"embeddable":true,"href":"https:\/\/oncubanews.com\/en\/wp-json\/wp\/v2\/users\/3261"}],"replies":[{"embeddable":true,"href":"https:\/\/oncubanews.com\/en\/wp-json\/wp\/v2\/comments?post=235018"}],"version-history":[{"count":0,"href":"https:\/\/oncubanews.com\/en\/wp-json\/wp\/v2\/posts\/235018\/revisions"}],"wp:featuredmedia":[{"embeddable":true,"href":"https:\/\/oncubanews.com\/en\/wp-json\/wp\/v2\/media\/235020"}],"wp:attachment":[{"href":"https:\/\/oncubanews.com\/en\/wp-json\/wp\/v2\/media?parent=235018"}],"wp:term":[{"taxonomy":"category","embeddable":true,"href":"https:\/\/oncubanews.com\/en\/wp-json\/wp\/v2\/categories?post=235018"},{"taxonomy":"post_tag","embeddable":true,"href":"https:\/\/oncubanews.com\/en\/wp-json\/wp\/v2\/tags?post=235018"},{"taxonomy":"author","embeddable":true,"href":"https:\/\/oncubanews.com\/en\/wp-json\/wp\/v2\/ppma_author?post=235018"}],"curies":[{"name":"wp","href":"https:\/\/api.w.org\/{rel}","templated":true}]}}