
{"id":235225,"date":"2021-02-25T11:56:42","date_gmt":"2021-02-25T16:56:42","guid":{"rendered":"https:\/\/oncubanews.com\/en\/?p=235225"},"modified":"2021-02-25T11:56:42","modified_gmt":"2021-02-25T16:56:42","slug":"cuba-reports-lowest-number-of-coronavirus-infections-in-last-21-days","status":"publish","type":"post","link":"https:\/\/oncubanews.com\/en\/coronavirus\/cuba-reports-lowest-number-of-coronavirus-infections-in-last-21-days\/","title":{"rendered":"Cuba reports lowest number of coronavirus infections in last 21 days"},"content":{"rendered":"<p><span style=\"font-weight: 400;\">The 670 infections from the <\/span><a href=\"https:\/\/oncubanews.com\/en\/coronavirus\/\" target=\"_blank\" rel=\"noopener\"><span style=\"font-weight: 400;\">SARS-CoV-2 virus <\/span><\/a><span style=\"font-weight: 400;\">reported until midnight this Tuesday represent the lowest figure in the last 21 days, according to Dr. Francisco Dur\u00e1n in his daily televised appearance.<\/span><\/p>\n<p><span style=\"font-weight: 400;\">\u201cAlthough the figure has dropped, we have a high risk; and in certain provinces the risk is higher\u201d, Dur\u00e1n pointed out.<\/span><\/p>\n<p><span style=\"font-weight: 400;\">The provinces that report the highest number of cases are still led by Havana, with 364 infections, followed by Santiago de Cuba (83), Pinar del R\u00edo (53), Camag\u00fcey (41), and Ciego de \u00c1vila (33).<\/span><\/p>\n<blockquote class=\"twitter-tweet\" data-width=\"500\" data-dnt=\"true\">\n<p lang=\"es\" dir=\"ltr\">Se confirmaron 670 nuevos casos de <a href=\"https:\/\/twitter.com\/hashtag\/COVID19?src=hash&amp;ref_src=twsrc%5Etfw\">#COVID19<\/a>, para un acumulado de 47566.<\/p>\n<p>4389 casos activos <br \/>4328 evoluci\u00f3n cl\u00ednica estable <br \/>33 pacientes en estado cr\u00edtico<br \/>28 pacientes en estado grave<br \/>312 fallecidos (4 en el d\u00eda)<br \/>42809 pacientes recuperados <br \/>2 evacuados<a href=\"https:\/\/t.co\/iiWPmQIiZz\">https:\/\/t.co\/iiWPmQIiZz<\/a> <a href=\"https:\/\/t.co\/QiaAo4oqOs\">pic.twitter.com\/QiaAo4oqOs<\/a><\/p>\n<p>&mdash; Ministerio de Salud P\u00fablica de Cuba (@MINSAPCuba) <a href=\"https:\/\/twitter.com\/MINSAPCuba\/status\/1364954487916531716?ref_src=twsrc%5Etfw\">February 25, 2021<\/a><\/p><\/blockquote>\n<p><script async src=\"https:\/\/platform.twitter.com\/widgets.js\" charset=\"utf-8\"><\/script><\/p>\n<p><span style=\"font-weight: 400;\">The capital is also at the top of incidence rates, with nine municipalities among those with the highest rates. In general terms, they are followed by Mayabeque, Santiago de Cuba, and Guant\u00e1namo.<\/span><\/p>\n<p><span style=\"font-weight: 400;\">The epidemiology specialist once again underlined the number of children and adolescents reported daily with COVID-19. The figure was 96 this time, two of them under one-year-old. But, a total of 114 children under 20 years of age were diagnosed with the coronavirus on this day.<\/span><\/p>\n<p><span style=\"font-weight: 400;\">Most of the new cases (656) are due to autochthonous transmission, 641 were contacts of confirmed cases, and in 14 individuals the virus was acquired abroad.<\/span><\/p>\n<p><span style=\"font-weight: 400;\">There were 905 discharges, but again four deaths were reported, residents of the provinces of Havana and Pinar del R\u00edo: three men, one woman, aged between 67 and 85.<\/span><\/p>\n<p><span style=\"font-weight: 400;\">The number of deaths is already 312 and 96 of them have lost their lives so far this month. The fatality rate on the island is 0.66%.<\/span><\/p>\n<p><span style=\"font-weight: 400;\">The imported cases mainly involved travelers from the United States, Italy, Spain and Russia. Three foreigners were also reported with the disease, with nationalities from Chile, the United States and Ecuador, although they resided on the island.<\/span><\/p>\n<p><span style=\"font-weight: 400;\">Until midnight, 19,887 people remained hospitalized; 61 in intensive care: 33 in critical condition and 28 in serious condition.<\/span><\/p>\n<p><a href=\"https:\/\/salud.msp.gob.cu\/parte-de-cierre-del-dia-24-de-febrero-a-las-12-de-la-noche\/\" target=\"_blank\" rel=\"noopener\"><span style=\"font-weight: 400;\">According to the Ministry of Public Health (MINSAP)<\/span><\/a><span style=\"font-weight: 400;\">, yesterday 18,337 samples were processed in 21 of the 22 laboratories that the country already has to study the coronavirus.<\/span><\/p>\n","protected":false},"excerpt":{"rendered":"<p>Daily COVID-19 cases drop to 670, discharges reached 906 patients; but again four deaths were reported.<\/p>\n","protected":false},"author":3134,"featured_media":235227,"comment_status":"open","ping_status":"closed","sticky":false,"template":"","format":"standard","meta":{"_acf_changed":false,"footnotes":""},"categories":[33393],"tags":[29532,33482],"ppma_author":[33546,8689],"class_list":["post-235225","post","type-post","status-publish","format-standard","has-post-thumbnail","hentry","category-coronavirus","tag-coronavirus-in-cuba","tag-covid-19"],"acf":[],"yoast_head":"<!-- This site is optimized with the Yoast SEO plugin v27.3 - https:\/\/yoast.com\/product\/yoast-seo-wordpress\/ -->\n<title>Cuba reports lowest number of coronavirus infections in last 21 days | OnCubaNews English<\/title>\n<meta name=\"description\" content=\"Daily COVID-19 cases drop to 670, discharges reached 906 patients; but again four deaths were reported.\" \/>\n<meta name=\"robots\" content=\"index, follow, max-snippet:-1, max-image-preview:large, max-video-preview:-1\" \/>\n<link rel=\"canonical\" href=\"https:\/\/oncubanews.com\/en\/coronavirus\/cuba-reports-lowest-number-of-coronavirus-infections-in-last-21-days\/\" \/>\n<meta property=\"og:locale\" content=\"en_US\" \/>\n<meta property=\"og:type\" content=\"article\" \/>\n<meta property=\"og:title\" content=\"Cuba reports lowest number of coronavirus infections in last 21 days | OnCubaNews English\" \/>\n<meta property=\"og:description\" content=\"Daily COVID-19 cases drop to 670, discharges reached 906 patients; but again four deaths were reported.\" \/>\n<meta property=\"og:url\" content=\"https:\/\/oncubanews.com\/en\/coronavirus\/cuba-reports-lowest-number-of-coronavirus-infections-in-last-21-days\/\" \/>\n<meta property=\"og:site_name\" content=\"OnCubaNews English\" \/>\n<meta property=\"article:published_time\" content=\"2021-02-25T16:56:42+00:00\" \/>\n<meta property=\"og:image\" content=\"https:\/\/oncubanews.com\/en\/wp-content\/uploads\/2021\/02\/Parque-Fraternidad_otm24-2.jpg\" \/>\n\t<meta property=\"og:image:width\" content=\"1140\" \/>\n\t<meta property=\"og:image:height\" content=\"760\" \/>\n\t<meta property=\"og:image:type\" content=\"image\/jpeg\" \/>\n<meta name=\"author\" content=\"OnCuba Staff, OnCuba editorial staff\" \/>\n<meta name=\"twitter:card\" content=\"summary_large_image\" \/>\n<meta name=\"twitter:label1\" content=\"Written by\" \/>\n\t<meta name=\"twitter:data1\" content=\"OnCuba Staff\" \/>\n\t<meta name=\"twitter:label2\" content=\"Est. reading time\" \/>\n\t<meta name=\"twitter:data2\" content=\"2 minutes\" \/>\n<script type=\"application\/ld+json\" class=\"yoast-schema-graph\">{\"@context\":\"https:\\\/\\\/schema.org\",\"@graph\":[{\"@type\":\"Article\",\"@id\":\"https:\\\/\\\/oncubanews.com\\\/en\\\/coronavirus\\\/cuba-reports-lowest-number-of-coronavirus-infections-in-last-21-days\\\/#article\",\"isPartOf\":{\"@id\":\"https:\\\/\\\/oncubanews.com\\\/en\\\/coronavirus\\\/cuba-reports-lowest-number-of-coronavirus-infections-in-last-21-days\\\/\"},\"author\":{\"name\":\"OnCuba Staff\",\"@id\":\"https:\\\/\\\/oncubanews.com\\\/en\\\/#\\\/schema\\\/person\\\/d7171bf311032ab1f557dd8332e714af\"},\"headline\":\"Cuba reports lowest number of coronavirus infections in last 21 days\",\"datePublished\":\"2021-02-25T16:56:42+00:00\",\"mainEntityOfPage\":{\"@id\":\"https:\\\/\\\/oncubanews.com\\\/en\\\/coronavirus\\\/cuba-reports-lowest-number-of-coronavirus-infections-in-last-21-days\\\/\"},\"wordCount\":349,\"commentCount\":0,\"image\":{\"@id\":\"https:\\\/\\\/oncubanews.com\\\/en\\\/coronavirus\\\/cuba-reports-lowest-number-of-coronavirus-infections-in-last-21-days\\\/#primaryimage\"},\"thumbnailUrl\":\"https:\\\/\\\/oncubanews.com\\\/en\\\/wp-content\\\/uploads\\\/2021\\\/02\\\/Parque-Fraternidad_otm24-2.jpg\",\"keywords\":[\"coronavirus in Cuba\",\"covid-19\"],\"articleSection\":[\"Coronavirus\"],\"inLanguage\":\"en-US\",\"potentialAction\":[{\"@type\":\"CommentAction\",\"name\":\"Comment\",\"target\":[\"https:\\\/\\\/oncubanews.com\\\/en\\\/coronavirus\\\/cuba-reports-lowest-number-of-coronavirus-infections-in-last-21-days\\\/#respond\"]}],\"copyrightYear\":\"2021\",\"copyrightHolder\":{\"@id\":\"https:\\\/\\\/oncubanews.com\\\/en\\\/#organization\"}},{\"@type\":\"WebPage\",\"@id\":\"https:\\\/\\\/oncubanews.com\\\/en\\\/coronavirus\\\/cuba-reports-lowest-number-of-coronavirus-infections-in-last-21-days\\\/\",\"url\":\"https:\\\/\\\/oncubanews.com\\\/en\\\/coronavirus\\\/cuba-reports-lowest-number-of-coronavirus-infections-in-last-21-days\\\/\",\"name\":\"Cuba reports lowest number of coronavirus infections in last 21 days | OnCubaNews English\",\"isPartOf\":{\"@id\":\"https:\\\/\\\/oncubanews.com\\\/en\\\/#website\"},\"primaryImageOfPage\":{\"@id\":\"https:\\\/\\\/oncubanews.com\\\/en\\\/coronavirus\\\/cuba-reports-lowest-number-of-coronavirus-infections-in-last-21-days\\\/#primaryimage\"},\"image\":{\"@id\":\"https:\\\/\\\/oncubanews.com\\\/en\\\/coronavirus\\\/cuba-reports-lowest-number-of-coronavirus-infections-in-last-21-days\\\/#primaryimage\"},\"thumbnailUrl\":\"https:\\\/\\\/oncubanews.com\\\/en\\\/wp-content\\\/uploads\\\/2021\\\/02\\\/Parque-Fraternidad_otm24-2.jpg\",\"datePublished\":\"2021-02-25T16:56:42+00:00\",\"author\":{\"@id\":\"https:\\\/\\\/oncubanews.com\\\/en\\\/#\\\/schema\\\/person\\\/d7171bf311032ab1f557dd8332e714af\"},\"description\":\"Daily COVID-19 cases drop to 670, discharges reached 906 patients; but again four deaths were reported.\",\"breadcrumb\":{\"@id\":\"https:\\\/\\\/oncubanews.com\\\/en\\\/coronavirus\\\/cuba-reports-lowest-number-of-coronavirus-infections-in-last-21-days\\\/#breadcrumb\"},\"inLanguage\":\"en-US\",\"potentialAction\":[{\"@type\":\"ReadAction\",\"target\":[\"https:\\\/\\\/oncubanews.com\\\/en\\\/coronavirus\\\/cuba-reports-lowest-number-of-coronavirus-infections-in-last-21-days\\\/\"]}]},{\"@type\":\"ImageObject\",\"inLanguage\":\"en-US\",\"@id\":\"https:\\\/\\\/oncubanews.com\\\/en\\\/coronavirus\\\/cuba-reports-lowest-number-of-coronavirus-infections-in-last-21-days\\\/#primaryimage\",\"url\":\"https:\\\/\\\/oncubanews.com\\\/en\\\/wp-content\\\/uploads\\\/2021\\\/02\\\/Parque-Fraternidad_otm24-2.jpg\",\"contentUrl\":\"https:\\\/\\\/oncubanews.com\\\/en\\\/wp-content\\\/uploads\\\/2021\\\/02\\\/Parque-Fraternidad_otm24-2.jpg\",\"width\":1140,\"height\":760,\"caption\":\"Havana, February 2021. Photo: Otmaro Rodr\u00edguez\"},{\"@type\":\"BreadcrumbList\",\"@id\":\"https:\\\/\\\/oncubanews.com\\\/en\\\/coronavirus\\\/cuba-reports-lowest-number-of-coronavirus-infections-in-last-21-days\\\/#breadcrumb\",\"itemListElement\":[{\"@type\":\"ListItem\",\"position\":1,\"name\":\"Portada\",\"item\":\"https:\\\/\\\/oncubanews.com\\\/en\\\/\"},{\"@type\":\"ListItem\",\"position\":2,\"name\":\"Cuba reports lowest number of coronavirus infections in last 21 days\"}]},{\"@type\":\"WebSite\",\"@id\":\"https:\\\/\\\/oncubanews.com\\\/en\\\/#website\",\"url\":\"https:\\\/\\\/oncubanews.com\\\/en\\\/\",\"name\":\"OnCubaNews English\",\"description\":\"Revista sobre Cuba\",\"potentialAction\":[{\"@type\":\"SearchAction\",\"target\":{\"@type\":\"EntryPoint\",\"urlTemplate\":\"https:\\\/\\\/oncubanews.com\\\/en\\\/?s={search_term_string}\"},\"query-input\":{\"@type\":\"PropertyValueSpecification\",\"valueRequired\":true,\"valueName\":\"search_term_string\"}}],\"inLanguage\":\"en-US\"},{\"@type\":\"Person\",\"@id\":\"https:\\\/\\\/oncubanews.com\\\/en\\\/#\\\/schema\\\/person\\\/d7171bf311032ab1f557dd8332e714af\",\"name\":\"OnCuba Staff\",\"image\":{\"@type\":\"ImageObject\",\"inLanguage\":\"en-US\",\"@id\":\"https:\\\/\\\/secure.gravatar.com\\\/avatar\\\/4b4c4d6109baadde898bb1af22ea4a4af5f4417b86a5d1800bf17531bfb128fc?s=96&r=g17310096d4dde63ebae0e54fbb19218a\",\"url\":\"https:\\\/\\\/secure.gravatar.com\\\/avatar\\\/4b4c4d6109baadde898bb1af22ea4a4af5f4417b86a5d1800bf17531bfb128fc?s=96&r=g\",\"contentUrl\":\"https:\\\/\\\/secure.gravatar.com\\\/avatar\\\/4b4c4d6109baadde898bb1af22ea4a4af5f4417b86a5d1800bf17531bfb128fc?s=96&r=g\",\"caption\":\"OnCuba Staff\"},\"url\":\"https:\\\/\\\/oncubanews.com\\\/en\\\/author\\\/oncuba-editorial-staff\\\/\"}]}<\/script>\n<!-- \/ Yoast SEO plugin. -->","yoast_head_json":{"title":"Cuba reports lowest number of coronavirus infections in last 21 days | OnCubaNews English","description":"Daily COVID-19 cases drop to 670, discharges reached 906 patients; but again four deaths were reported.","robots":{"index":"index","follow":"follow","max-snippet":"max-snippet:-1","max-image-preview":"max-image-preview:large","max-video-preview":"max-video-preview:-1"},"canonical":"https:\/\/oncubanews.com\/en\/coronavirus\/cuba-reports-lowest-number-of-coronavirus-infections-in-last-21-days\/","og_locale":"en_US","og_type":"article","og_title":"Cuba reports lowest number of coronavirus infections in last 21 days | OnCubaNews English","og_description":"Daily COVID-19 cases drop to 670, discharges reached 906 patients; but again four deaths were reported.","og_url":"https:\/\/oncubanews.com\/en\/coronavirus\/cuba-reports-lowest-number-of-coronavirus-infections-in-last-21-days\/","og_site_name":"OnCubaNews English","article_published_time":"2021-02-25T16:56:42+00:00","og_image":[{"width":1140,"height":760,"url":"https:\/\/oncubanews.com\/en\/wp-content\/uploads\/2021\/02\/Parque-Fraternidad_otm24-2.jpg","type":"image\/jpeg"}],"author":"OnCuba Staff, OnCuba editorial staff","twitter_card":"summary_large_image","twitter_misc":{"Written by":"OnCuba Staff","Est. reading time":"2 minutes"},"schema":{"@context":"https:\/\/schema.org","@graph":[{"@type":"Article","@id":"https:\/\/oncubanews.com\/en\/coronavirus\/cuba-reports-lowest-number-of-coronavirus-infections-in-last-21-days\/#article","isPartOf":{"@id":"https:\/\/oncubanews.com\/en\/coronavirus\/cuba-reports-lowest-number-of-coronavirus-infections-in-last-21-days\/"},"author":{"name":"OnCuba Staff","@id":"https:\/\/oncubanews.com\/en\/#\/schema\/person\/d7171bf311032ab1f557dd8332e714af"},"headline":"Cuba reports lowest number of coronavirus infections in last 21 days","datePublished":"2021-02-25T16:56:42+00:00","mainEntityOfPage":{"@id":"https:\/\/oncubanews.com\/en\/coronavirus\/cuba-reports-lowest-number-of-coronavirus-infections-in-last-21-days\/"},"wordCount":349,"commentCount":0,"image":{"@id":"https:\/\/oncubanews.com\/en\/coronavirus\/cuba-reports-lowest-number-of-coronavirus-infections-in-last-21-days\/#primaryimage"},"thumbnailUrl":"https:\/\/oncubanews.com\/en\/wp-content\/uploads\/2021\/02\/Parque-Fraternidad_otm24-2.jpg","keywords":["coronavirus in Cuba","covid-19"],"articleSection":["Coronavirus"],"inLanguage":"en-US","potentialAction":[{"@type":"CommentAction","name":"Comment","target":["https:\/\/oncubanews.com\/en\/coronavirus\/cuba-reports-lowest-number-of-coronavirus-infections-in-last-21-days\/#respond"]}],"copyrightYear":"2021","copyrightHolder":{"@id":"https:\/\/oncubanews.com\/en\/#organization"}},{"@type":"WebPage","@id":"https:\/\/oncubanews.com\/en\/coronavirus\/cuba-reports-lowest-number-of-coronavirus-infections-in-last-21-days\/","url":"https:\/\/oncubanews.com\/en\/coronavirus\/cuba-reports-lowest-number-of-coronavirus-infections-in-last-21-days\/","name":"Cuba reports lowest number of coronavirus infections in last 21 days | OnCubaNews English","isPartOf":{"@id":"https:\/\/oncubanews.com\/en\/#website"},"primaryImageOfPage":{"@id":"https:\/\/oncubanews.com\/en\/coronavirus\/cuba-reports-lowest-number-of-coronavirus-infections-in-last-21-days\/#primaryimage"},"image":{"@id":"https:\/\/oncubanews.com\/en\/coronavirus\/cuba-reports-lowest-number-of-coronavirus-infections-in-last-21-days\/#primaryimage"},"thumbnailUrl":"https:\/\/oncubanews.com\/en\/wp-content\/uploads\/2021\/02\/Parque-Fraternidad_otm24-2.jpg","datePublished":"2021-02-25T16:56:42+00:00","author":{"@id":"https:\/\/oncubanews.com\/en\/#\/schema\/person\/d7171bf311032ab1f557dd8332e714af"},"description":"Daily COVID-19 cases drop to 670, discharges reached 906 patients; but again four deaths were reported.","breadcrumb":{"@id":"https:\/\/oncubanews.com\/en\/coronavirus\/cuba-reports-lowest-number-of-coronavirus-infections-in-last-21-days\/#breadcrumb"},"inLanguage":"en-US","potentialAction":[{"@type":"ReadAction","target":["https:\/\/oncubanews.com\/en\/coronavirus\/cuba-reports-lowest-number-of-coronavirus-infections-in-last-21-days\/"]}]},{"@type":"ImageObject","inLanguage":"en-US","@id":"https:\/\/oncubanews.com\/en\/coronavirus\/cuba-reports-lowest-number-of-coronavirus-infections-in-last-21-days\/#primaryimage","url":"https:\/\/oncubanews.com\/en\/wp-content\/uploads\/2021\/02\/Parque-Fraternidad_otm24-2.jpg","contentUrl":"https:\/\/oncubanews.com\/en\/wp-content\/uploads\/2021\/02\/Parque-Fraternidad_otm24-2.jpg","width":1140,"height":760,"caption":"Havana, February 2021. Photo: Otmaro Rodr\u00edguez"},{"@type":"BreadcrumbList","@id":"https:\/\/oncubanews.com\/en\/coronavirus\/cuba-reports-lowest-number-of-coronavirus-infections-in-last-21-days\/#breadcrumb","itemListElement":[{"@type":"ListItem","position":1,"name":"Portada","item":"https:\/\/oncubanews.com\/en\/"},{"@type":"ListItem","position":2,"name":"Cuba reports lowest number of coronavirus infections in last 21 days"}]},{"@type":"WebSite","@id":"https:\/\/oncubanews.com\/en\/#website","url":"https:\/\/oncubanews.com\/en\/","name":"OnCubaNews English","description":"Revista sobre Cuba","potentialAction":[{"@type":"SearchAction","target":{"@type":"EntryPoint","urlTemplate":"https:\/\/oncubanews.com\/en\/?s={search_term_string}"},"query-input":{"@type":"PropertyValueSpecification","valueRequired":true,"valueName":"search_term_string"}}],"inLanguage":"en-US"},{"@type":"Person","@id":"https:\/\/oncubanews.com\/en\/#\/schema\/person\/d7171bf311032ab1f557dd8332e714af","name":"OnCuba Staff","image":{"@type":"ImageObject","inLanguage":"en-US","@id":"https:\/\/secure.gravatar.com\/avatar\/4b4c4d6109baadde898bb1af22ea4a4af5f4417b86a5d1800bf17531bfb128fc?s=96&r=g17310096d4dde63ebae0e54fbb19218a","url":"https:\/\/secure.gravatar.com\/avatar\/4b4c4d6109baadde898bb1af22ea4a4af5f4417b86a5d1800bf17531bfb128fc?s=96&r=g","contentUrl":"https:\/\/secure.gravatar.com\/avatar\/4b4c4d6109baadde898bb1af22ea4a4af5f4417b86a5d1800bf17531bfb128fc?s=96&r=g","caption":"OnCuba Staff"},"url":"https:\/\/oncubanews.com\/en\/author\/oncuba-editorial-staff\/"}]}},"authors":[{"term_id":33546,"user_id":3134,"is_guest":0,"slug":"oncuba-editorial-staff","display_name":"OnCuba Staff","avatar_url":"https:\/\/secure.gravatar.com\/avatar\/4b4c4d6109baadde898bb1af22ea4a4af5f4417b86a5d1800bf17531bfb128fc?s=96&r=g","0":null,"1":"","2":"","3":"","4":"","5":"","6":"","7":"","8":""},{"term_id":8689,"user_id":3134,"is_guest":0,"slug":"oncuba-editorial-staff","display_name":"OnCuba editorial staff","avatar_url":{"url":"https:\/\/oncubanews.com\/en\/wp-content\/uploads\/2018\/10\/avatar-ocnews-1.png","url2x":"https:\/\/oncubanews.com\/en\/wp-content\/uploads\/2018\/10\/avatar-ocnews-1.png"},"0":null,"1":"","2":"","3":"","4":"","5":"","6":"","7":"","8":""}],"_links":{"self":[{"href":"https:\/\/oncubanews.com\/en\/wp-json\/wp\/v2\/posts\/235225","targetHints":{"allow":["GET"]}}],"collection":[{"href":"https:\/\/oncubanews.com\/en\/wp-json\/wp\/v2\/posts"}],"about":[{"href":"https:\/\/oncubanews.com\/en\/wp-json\/wp\/v2\/types\/post"}],"author":[{"embeddable":true,"href":"https:\/\/oncubanews.com\/en\/wp-json\/wp\/v2\/users\/3134"}],"replies":[{"embeddable":true,"href":"https:\/\/oncubanews.com\/en\/wp-json\/wp\/v2\/comments?post=235225"}],"version-history":[{"count":0,"href":"https:\/\/oncubanews.com\/en\/wp-json\/wp\/v2\/posts\/235225\/revisions"}],"wp:featuredmedia":[{"embeddable":true,"href":"https:\/\/oncubanews.com\/en\/wp-json\/wp\/v2\/media\/235227"}],"wp:attachment":[{"href":"https:\/\/oncubanews.com\/en\/wp-json\/wp\/v2\/media?parent=235225"}],"wp:term":[{"taxonomy":"category","embeddable":true,"href":"https:\/\/oncubanews.com\/en\/wp-json\/wp\/v2\/categories?post=235225"},{"taxonomy":"post_tag","embeddable":true,"href":"https:\/\/oncubanews.com\/en\/wp-json\/wp\/v2\/tags?post=235225"},{"taxonomy":"author","embeddable":true,"href":"https:\/\/oncubanews.com\/en\/wp-json\/wp\/v2\/ppma_author?post=235225"}],"curies":[{"name":"wp","href":"https:\/\/api.w.org\/{rel}","templated":true}]}}