
{"id":238219,"date":"2021-04-29T13:41:05","date_gmt":"2021-04-29T17:41:05","guid":{"rendered":"https:\/\/oncubanews.com\/en\/?p=238219"},"modified":"2021-04-29T13:42:14","modified_gmt":"2021-04-29T17:42:14","slug":"cuba-reports-18-deaths-from-coronavirus-in-its-deadliest-day","status":"publish","type":"post","link":"https:\/\/oncubanews.com\/en\/coronavirus\/cuba-reports-18-deaths-from-coronavirus-in-its-deadliest-day\/","title":{"rendered":"Cuba reports 18 deaths from coronavirus in its deadliest day"},"content":{"rendered":"<p><span style=\"font-weight: 400;\">The number of deaths from <\/span><a href=\"https:\/\/oncubanews.com\/en\/coronavirus\/\"><span style=\"font-weight: 400;\">COVID-19<\/span><\/a><span style=\"font-weight: 400;\"> yesterday reached its highest figure in almost fourteen months: 18, of which 16 were in ICUs in Havana. Although it is already customary to offer these reports, <\/span><a href=\"https:\/\/salud.msp.gob.cu\/parte-de-cierre-del-dia-28-de-abril-a-las-12-de-la-noche-2\/\" target=\"_blank\" rel=\"noopener\"><span style=\"font-weight: 400;\">issued<\/span><\/a><span style=\"font-weight: 400;\"> daily by the Ministry of Public Health (MINSAP), today it was not easy for Dr. Francisco Dur\u00e1n in his daily appearance on television.<\/span><\/p>\n<p><span style=\"font-weight: 400;\">When he had to mention the <\/span><a href=\"https:\/\/oncubanews.com\/cuba\/fallece-notable-cientifico-cubano-gustavo-sierra-a-causa-de-la-covid-19\/\" target=\"_blank\" rel=\"noopener\"><span style=\"font-weight: 400;\">case of the deceased Dr. Gustavo Sierra<\/span><\/a><span style=\"font-weight: 400;\">, Dur\u00e1n could not withhold himself and broke down in front of the cameras. \u201cHe is a man who has done a lot for humanity,\u201d he said, and stressed that all deaths are very regrettable.<\/span><\/p>\n<p><span style=\"font-weight: 400;\">In addition to Sierra, creator with Concepci\u00f3n Campa of the Cuban meningococcal vaccine and a resident of Plaza, the deceased, nine women and the same number of men, were aged between 48 and 85, and they resided in the municipalities of Camag\u00fcey (Camag\u00fcey) , Bejucal (Mayabeque), Plaza de la Revoluci\u00f3n, Habana del Este, Diez de Octubre, Regla, Playa, San Miguel del Padr\u00f3n, Marianao and Boyeros (Havana).<\/span><\/p>\n<blockquote class=\"twitter-tweet\" data-width=\"500\" data-dnt=\"true\">\n<p lang=\"es\" dir=\"ltr\">Se confirmaron 1149 nuevos casos de <a href=\"https:\/\/twitter.com\/hashtag\/COVID19?src=hash&amp;ref_src=twsrc%5Etfw\">#COVID19<\/a>, para un acumulado de 105661 <br \/>5343 casos activos <br \/>5270 evoluci\u00f3n cl\u00ednica estable <br \/>33 pacientes en estado cr\u00edtico<br \/>40 pacientes en estado grave<br \/>632 fallecidos<br \/>99630 pacientes recuperados <br \/>2 evacuados<a href=\"https:\/\/t.co\/yLGHLt5DkB\">https:\/\/t.co\/yLGHLt5DkB<\/a> <a href=\"https:\/\/t.co\/LqYeTJuLxb\">pic.twitter.com\/LqYeTJuLxb<\/a><\/p>\n<p>&mdash; Ministerio de Salud P\u00fablica de Cuba (@MINSAPCuba) <a href=\"https:\/\/twitter.com\/MINSAPCuba\/status\/1387775288252194826?ref_src=twsrc%5Etfw\">April 29, 2021<\/a><\/p><\/blockquote>\n<p><script async src=\"https:\/\/platform.twitter.com\/widgets.js\" charset=\"utf-8\"><\/script><\/p>\n<p><span style=\"font-weight: 400;\">Cuba\u2019s death toll due to this disease is now 632 and the fatality rate is 0.59%, \u201clower than the world\u2019s,\u201d stressed the national director of Epidemiology, \u201cbut extremely high for our country.\u201d<\/span><\/p>\n<p><span style=\"font-weight: 400;\">Contagions also experienced an increase this Wednesday, with 161 more cases than those reported the previous day. They were 1,149, of which 1,117 were due to autochthonous transmission, 1,085 were contacts of confirmed cases and in 32 individuals the contagion occurred abroad.<\/span><\/p>\n<p><span style=\"font-weight: 400;\">The imported cases are due to Cuban travelers from Russia, Mexico, France, the United States and Bolivia. In addition, three foreigners tested positive, although two of them owe the contagion to autochthonous transmission.<\/span><\/p>\n<p><span style=\"font-weight: 400;\">By age, 191 were under 20 years of age, and 172 of these had not even reached 18. Active cases confirmed in pediatric ages have reached 842. The rest, 347 classify between 20 and 39; 414 between 40 and 59, and 197 are over 60.<\/span><\/p>\n<p><span style=\"font-weight: 400;\">The highest transmission, according to daily contagion figures, is in the West and East. Havana added 758 cases (eight imported), followed by Matanzas (63, two imported), Holgu\u00edn (72, 11 imported) and Santiago de Cuba (53 autochthonous).<\/span><\/p>\n<p><span style=\"font-weight: 400;\">On the contrary, Ciego de \u00c1vila reported four cases and Villa Clara one. The special municipality of Isla de la Juventud did not process any of yesterday\u2019s 22,805 samples taken on the island.<\/span><\/p>\n<p><span style=\"font-weight: 400;\">Twelve Cuban municipalities concentrate 44.7% of the transmission and these belong to Havana (10) and Matanzas (two). Havana and Matanzas have the highest incidence rates in the country in the last two weeks.<\/span><\/p>\n<p><span style=\"font-weight: 400;\">There were 1,094 discharges, with which there are already 99,630 recovered patients.<\/span><\/p>\n<p><span style=\"font-weight: 400;\">Until midnight, 21,370 people were hospitalized and, of them, 73 were in intensive care: 33 in critical condition and 40 in serious condition.<\/span><\/p>\n<p><span style=\"font-weight: 400;\">39.3% of the diagnosed were asymptomatic.<\/span><\/p>\n","protected":false},"excerpt":{"rendered":"<p>The country\u2019s death toll due to this disease is now 632 and the fatality rate is 0.59%, \u201clower than the world\u2019s,\u201d stressed the national director of Epidemiology, \u201cbut extremely high for our country.\u201d<\/p>\n","protected":false},"author":3134,"featured_media":238221,"comment_status":"open","ping_status":"closed","sticky":false,"template":"","format":"standard","meta":{"_acf_changed":false,"jnews-multi-image_gallery":[],"jnews_single_post":{"source_name":"","source_url":"","via_name":"","via_url":"","override_template":"0","override":[{"template":"1","single_blog_custom":"","parallax":"1","fullscreen":"1","layout":"right-sidebar","sidebar":"default-sidebar","second_sidebar":"default-sidebar","sticky_sidebar":"1","share_position":"top","share_float_style":"share-monocrhome","show_share_counter":"1","show_view_counter":"1","show_featured":"1","show_post_meta":"1","show_post_author":"1","show_post_author_image":"1","show_post_date":"1","post_date_format":"default","post_date_format_custom":"Y\/m\/d","show_post_category":"1","show_post_reading_time":"0","post_reading_time_wpm":"300","show_zoom_button":"0","zoom_button_out_step":"2","zoom_button_in_step":"3","show_post_tag":"1","show_prev_next_post":"1","show_popup_post":"1","number_popup_post":"1","show_author_box":"0","show_post_related":"0","show_inline_post_related":"0"}],"override_image_size":"0","image_override":[{"single_post_thumbnail_size":"crop-500","single_post_gallery_size":"crop-500"}],"trending_post":"0","trending_post_position":"meta","trending_post_label":"Trending","sponsored_post":"0","sponsored_post_label":"Sponsored by","sponsored_post_name":"","sponsored_post_url":"","sponsored_post_logo_enable":"0","sponsored_post_logo":"","sponsored_post_desc":""},"jnews_primary_category":{"id":""},"jnews_social_meta":{"fb_title":"","fb_description":"","fb_image":"","twitter_title":"","twitter_description":"","twitter_image":""},"jnews_override_counter":{"override_view_counter":"0","view_counter_number":"0","override_share_counter":"0","share_counter_number":"0","override_like_counter":"0","like_counter_number":"0","override_dislike_counter":"0","dislike_counter_number":"0"},"footnotes":""},"categories":[33393],"tags":[29532],"ppma_author":[33546],"class_list":["post-238219","post","type-post","status-publish","format-standard","has-post-thumbnail","hentry","category-coronavirus","tag-coronavirus-in-cuba"],"acf":[],"yoast_head":"<!-- This site is optimized with the Yoast SEO plugin v28.3 - https:\/\/yoast.com\/product\/yoast-seo-wordpress\/ -->\n<title>Cuba reports 18 deaths from coronavirus in its deadliest day | OnCubaNews English<\/title>\n<meta name=\"description\" content=\"The country\u2019s death toll due to this disease is now 632 and the fatality rate is 0.59%, \u201clower than the world\u2019s,\u201d stressed the national director of Epidemiology, \u201cbut extremely high for our country.\u201d\" \/>\n<meta name=\"robots\" content=\"index, follow, max-snippet:-1, max-image-preview:large, max-video-preview:-1\" \/>\n<link rel=\"canonical\" href=\"https:\/\/oncubanews.com\/en\/coronavirus\/cuba-reports-18-deaths-from-coronavirus-in-its-deadliest-day\/\" \/>\n<meta property=\"og:locale\" content=\"en_US\" \/>\n<meta property=\"og:type\" content=\"article\" \/>\n<meta property=\"og:title\" content=\"Cuba reports 18 deaths from coronavirus in its deadliest day | OnCubaNews English\" \/>\n<meta property=\"og:description\" content=\"The country\u2019s death toll due to this disease is now 632 and the fatality rate is 0.59%, \u201clower than the world\u2019s,\u201d stressed the national director of Epidemiology, \u201cbut extremely high for our country.\u201d\" \/>\n<meta property=\"og:url\" content=\"https:\/\/oncubanews.com\/en\/coronavirus\/cuba-reports-18-deaths-from-coronavirus-in-its-deadliest-day\/\" \/>\n<meta property=\"og:site_name\" content=\"OnCubaNews English\" \/>\n<meta property=\"article:published_time\" content=\"2021-04-29T17:41:05+00:00\" \/>\n<meta property=\"article:modified_time\" content=\"2021-04-29T17:42:14+00:00\" \/>\n<meta property=\"og:image\" content=\"https:\/\/oncubanews.com\/en\/wp-content\/uploads\/2021\/04\/Covid_otm_3.jpg\" \/>\n\t<meta property=\"og:image:width\" content=\"1140\" \/>\n\t<meta property=\"og:image:height\" content=\"760\" \/>\n\t<meta property=\"og:image:type\" content=\"image\/jpeg\" \/>\n<meta name=\"author\" content=\"OnCuba Staff\" \/>\n<meta name=\"twitter:card\" content=\"summary_large_image\" \/>\n<meta name=\"twitter:label1\" content=\"Written by\" \/>\n\t<meta name=\"twitter:data1\" content=\"OnCuba Staff\" \/>\n\t<meta name=\"twitter:label2\" content=\"Est. reading time\" \/>\n\t<meta name=\"twitter:data2\" content=\"3 minutes\" \/>\n<script type=\"application\/ld+json\" class=\"yoast-schema-graph\">{\"@context\":\"https:\\\/\\\/schema.org\",\"@graph\":[{\"@type\":\"Article\",\"@id\":\"https:\\\/\\\/oncubanews.com\\\/en\\\/coronavirus\\\/cuba-reports-18-deaths-from-coronavirus-in-its-deadliest-day\\\/#article\",\"isPartOf\":{\"@id\":\"https:\\\/\\\/oncubanews.com\\\/en\\\/coronavirus\\\/cuba-reports-18-deaths-from-coronavirus-in-its-deadliest-day\\\/\"},\"author\":{\"name\":\"OnCuba Staff\",\"@id\":\"https:\\\/\\\/oncubanews.com\\\/en\\\/#\\\/schema\\\/person\\\/d7171bf311032ab1f557dd8332e714af\"},\"headline\":\"Cuba reports 18 deaths from coronavirus in its deadliest day\",\"datePublished\":\"2021-04-29T17:41:05+00:00\",\"dateModified\":\"2021-04-29T17:42:14+00:00\",\"mainEntityOfPage\":{\"@id\":\"https:\\\/\\\/oncubanews.com\\\/en\\\/coronavirus\\\/cuba-reports-18-deaths-from-coronavirus-in-its-deadliest-day\\\/\"},\"wordCount\":451,\"commentCount\":0,\"image\":{\"@id\":\"https:\\\/\\\/oncubanews.com\\\/en\\\/coronavirus\\\/cuba-reports-18-deaths-from-coronavirus-in-its-deadliest-day\\\/#primaryimage\"},\"thumbnailUrl\":\"https:\\\/\\\/oncubanews.com\\\/en\\\/wp-content\\\/uploads\\\/2021\\\/04\\\/Covid_otm_3.jpg\",\"keywords\":[\"coronavirus in Cuba\"],\"articleSection\":[\"Coronavirus\"],\"inLanguage\":\"en-US\",\"potentialAction\":[{\"@type\":\"CommentAction\",\"name\":\"Comment\",\"target\":[\"https:\\\/\\\/oncubanews.com\\\/en\\\/coronavirus\\\/cuba-reports-18-deaths-from-coronavirus-in-its-deadliest-day\\\/#respond\"]}],\"copyrightYear\":\"2021\",\"copyrightHolder\":{\"@id\":\"https:\\\/\\\/oncubanews.com\\\/en\\\/#organization\"}},{\"@type\":\"WebPage\",\"@id\":\"https:\\\/\\\/oncubanews.com\\\/en\\\/coronavirus\\\/cuba-reports-18-deaths-from-coronavirus-in-its-deadliest-day\\\/\",\"url\":\"https:\\\/\\\/oncubanews.com\\\/en\\\/coronavirus\\\/cuba-reports-18-deaths-from-coronavirus-in-its-deadliest-day\\\/\",\"name\":\"Cuba reports 18 deaths from coronavirus in its deadliest day | OnCubaNews English\",\"isPartOf\":{\"@id\":\"https:\\\/\\\/oncubanews.com\\\/en\\\/#website\"},\"primaryImageOfPage\":{\"@id\":\"https:\\\/\\\/oncubanews.com\\\/en\\\/coronavirus\\\/cuba-reports-18-deaths-from-coronavirus-in-its-deadliest-day\\\/#primaryimage\"},\"image\":{\"@id\":\"https:\\\/\\\/oncubanews.com\\\/en\\\/coronavirus\\\/cuba-reports-18-deaths-from-coronavirus-in-its-deadliest-day\\\/#primaryimage\"},\"thumbnailUrl\":\"https:\\\/\\\/oncubanews.com\\\/en\\\/wp-content\\\/uploads\\\/2021\\\/04\\\/Covid_otm_3.jpg\",\"datePublished\":\"2021-04-29T17:41:05+00:00\",\"dateModified\":\"2021-04-29T17:42:14+00:00\",\"author\":{\"@id\":\"https:\\\/\\\/oncubanews.com\\\/en\\\/#\\\/schema\\\/person\\\/d7171bf311032ab1f557dd8332e714af\"},\"description\":\"The country\u2019s death toll due to this disease is now 632 and the fatality rate is 0.59%, \u201clower than the world\u2019s,\u201d stressed the national director of Epidemiology, \u201cbut extremely high for our country.\u201d\",\"breadcrumb\":{\"@id\":\"https:\\\/\\\/oncubanews.com\\\/en\\\/coronavirus\\\/cuba-reports-18-deaths-from-coronavirus-in-its-deadliest-day\\\/#breadcrumb\"},\"inLanguage\":\"en-US\",\"potentialAction\":[{\"@type\":\"ReadAction\",\"target\":[\"https:\\\/\\\/oncubanews.com\\\/en\\\/coronavirus\\\/cuba-reports-18-deaths-from-coronavirus-in-its-deadliest-day\\\/\"]}]},{\"@type\":\"ImageObject\",\"inLanguage\":\"en-US\",\"@id\":\"https:\\\/\\\/oncubanews.com\\\/en\\\/coronavirus\\\/cuba-reports-18-deaths-from-coronavirus-in-its-deadliest-day\\\/#primaryimage\",\"url\":\"https:\\\/\\\/oncubanews.com\\\/en\\\/wp-content\\\/uploads\\\/2021\\\/04\\\/Covid_otm_3.jpg\",\"contentUrl\":\"https:\\\/\\\/oncubanews.com\\\/en\\\/wp-content\\\/uploads\\\/2021\\\/04\\\/Covid_otm_3.jpg\",\"width\":1140,\"height\":760,\"caption\":\"Photo: Otmaro Rodr\u00edguez\"},{\"@type\":\"BreadcrumbList\",\"@id\":\"https:\\\/\\\/oncubanews.com\\\/en\\\/coronavirus\\\/cuba-reports-18-deaths-from-coronavirus-in-its-deadliest-day\\\/#breadcrumb\",\"itemListElement\":[{\"@type\":\"ListItem\",\"position\":1,\"name\":\"Portada\",\"item\":\"https:\\\/\\\/oncubanews.com\\\/en\\\/\"},{\"@type\":\"ListItem\",\"position\":2,\"name\":\"Cuba reports 18 deaths from coronavirus in its deadliest day\"}]},{\"@type\":\"WebSite\",\"@id\":\"https:\\\/\\\/oncubanews.com\\\/en\\\/#website\",\"url\":\"https:\\\/\\\/oncubanews.com\\\/en\\\/\",\"name\":\"OnCubaNews English\",\"description\":\"Revista sobre Cuba\",\"potentialAction\":[{\"@type\":\"SearchAction\",\"target\":{\"@type\":\"EntryPoint\",\"urlTemplate\":\"https:\\\/\\\/oncubanews.com\\\/en\\\/?s={search_term_string}\"},\"query-input\":{\"@type\":\"PropertyValueSpecification\",\"valueRequired\":true,\"valueName\":\"search_term_string\"}}],\"inLanguage\":\"en-US\"},{\"@type\":\"Person\",\"@id\":\"https:\\\/\\\/oncubanews.com\\\/en\\\/#\\\/schema\\\/person\\\/d7171bf311032ab1f557dd8332e714af\",\"name\":\"OnCuba Staff\",\"image\":{\"@type\":\"ImageObject\",\"inLanguage\":\"en-US\",\"@id\":\"https:\\\/\\\/secure.gravatar.com\\\/avatar\\\/4b4c4d6109baadde898bb1af22ea4a4af5f4417b86a5d1800bf17531bfb128fc?s=96&r=g17310096d4dde63ebae0e54fbb19218a\",\"url\":\"https:\\\/\\\/secure.gravatar.com\\\/avatar\\\/4b4c4d6109baadde898bb1af22ea4a4af5f4417b86a5d1800bf17531bfb128fc?s=96&r=g\",\"contentUrl\":\"https:\\\/\\\/secure.gravatar.com\\\/avatar\\\/4b4c4d6109baadde898bb1af22ea4a4af5f4417b86a5d1800bf17531bfb128fc?s=96&r=g\",\"caption\":\"OnCuba Staff\"},\"url\":\"https:\\\/\\\/oncubanews.com\\\/en\\\/author\\\/oncuba-editorial-staff\\\/\"}]}<\/script>\n<!-- \/ Yoast SEO plugin. -->","yoast_head_json":{"title":"Cuba reports 18 deaths from coronavirus in its deadliest day | OnCubaNews English","description":"The country\u2019s death toll due to this disease is now 632 and the fatality rate is 0.59%, \u201clower than the world\u2019s,\u201d stressed the national director of Epidemiology, \u201cbut extremely high for our country.\u201d","robots":{"index":"index","follow":"follow","max-snippet":"max-snippet:-1","max-image-preview":"max-image-preview:large","max-video-preview":"max-video-preview:-1"},"canonical":"https:\/\/oncubanews.com\/en\/coronavirus\/cuba-reports-18-deaths-from-coronavirus-in-its-deadliest-day\/","og_locale":"en_US","og_type":"article","og_title":"Cuba reports 18 deaths from coronavirus in its deadliest day | OnCubaNews English","og_description":"The country\u2019s death toll due to this disease is now 632 and the fatality rate is 0.59%, \u201clower than the world\u2019s,\u201d stressed the national director of Epidemiology, \u201cbut extremely high for our country.\u201d","og_url":"https:\/\/oncubanews.com\/en\/coronavirus\/cuba-reports-18-deaths-from-coronavirus-in-its-deadliest-day\/","og_site_name":"OnCubaNews English","article_published_time":"2021-04-29T17:41:05+00:00","article_modified_time":"2021-04-29T17:42:14+00:00","og_image":[{"width":1140,"height":760,"url":"https:\/\/oncubanews.com\/en\/wp-content\/uploads\/2021\/04\/Covid_otm_3.jpg","type":"image\/jpeg"}],"author":"OnCuba Staff","twitter_card":"summary_large_image","twitter_misc":{"Written by":"OnCuba Staff","Est. reading time":"3 minutes"},"schema":{"@context":"https:\/\/schema.org","@graph":[{"@type":"Article","@id":"https:\/\/oncubanews.com\/en\/coronavirus\/cuba-reports-18-deaths-from-coronavirus-in-its-deadliest-day\/#article","isPartOf":{"@id":"https:\/\/oncubanews.com\/en\/coronavirus\/cuba-reports-18-deaths-from-coronavirus-in-its-deadliest-day\/"},"author":{"name":"OnCuba Staff","@id":"https:\/\/oncubanews.com\/en\/#\/schema\/person\/d7171bf311032ab1f557dd8332e714af"},"headline":"Cuba reports 18 deaths from coronavirus in its deadliest day","datePublished":"2021-04-29T17:41:05+00:00","dateModified":"2021-04-29T17:42:14+00:00","mainEntityOfPage":{"@id":"https:\/\/oncubanews.com\/en\/coronavirus\/cuba-reports-18-deaths-from-coronavirus-in-its-deadliest-day\/"},"wordCount":451,"commentCount":0,"image":{"@id":"https:\/\/oncubanews.com\/en\/coronavirus\/cuba-reports-18-deaths-from-coronavirus-in-its-deadliest-day\/#primaryimage"},"thumbnailUrl":"https:\/\/oncubanews.com\/en\/wp-content\/uploads\/2021\/04\/Covid_otm_3.jpg","keywords":["coronavirus in Cuba"],"articleSection":["Coronavirus"],"inLanguage":"en-US","potentialAction":[{"@type":"CommentAction","name":"Comment","target":["https:\/\/oncubanews.com\/en\/coronavirus\/cuba-reports-18-deaths-from-coronavirus-in-its-deadliest-day\/#respond"]}],"copyrightYear":"2021","copyrightHolder":{"@id":"https:\/\/oncubanews.com\/en\/#organization"}},{"@type":"WebPage","@id":"https:\/\/oncubanews.com\/en\/coronavirus\/cuba-reports-18-deaths-from-coronavirus-in-its-deadliest-day\/","url":"https:\/\/oncubanews.com\/en\/coronavirus\/cuba-reports-18-deaths-from-coronavirus-in-its-deadliest-day\/","name":"Cuba reports 18 deaths from coronavirus in its deadliest day | OnCubaNews English","isPartOf":{"@id":"https:\/\/oncubanews.com\/en\/#website"},"primaryImageOfPage":{"@id":"https:\/\/oncubanews.com\/en\/coronavirus\/cuba-reports-18-deaths-from-coronavirus-in-its-deadliest-day\/#primaryimage"},"image":{"@id":"https:\/\/oncubanews.com\/en\/coronavirus\/cuba-reports-18-deaths-from-coronavirus-in-its-deadliest-day\/#primaryimage"},"thumbnailUrl":"https:\/\/oncubanews.com\/en\/wp-content\/uploads\/2021\/04\/Covid_otm_3.jpg","datePublished":"2021-04-29T17:41:05+00:00","dateModified":"2021-04-29T17:42:14+00:00","author":{"@id":"https:\/\/oncubanews.com\/en\/#\/schema\/person\/d7171bf311032ab1f557dd8332e714af"},"description":"The country\u2019s death toll due to this disease is now 632 and the fatality rate is 0.59%, \u201clower than the world\u2019s,\u201d stressed the national director of Epidemiology, \u201cbut extremely high for our country.\u201d","breadcrumb":{"@id":"https:\/\/oncubanews.com\/en\/coronavirus\/cuba-reports-18-deaths-from-coronavirus-in-its-deadliest-day\/#breadcrumb"},"inLanguage":"en-US","potentialAction":[{"@type":"ReadAction","target":["https:\/\/oncubanews.com\/en\/coronavirus\/cuba-reports-18-deaths-from-coronavirus-in-its-deadliest-day\/"]}]},{"@type":"ImageObject","inLanguage":"en-US","@id":"https:\/\/oncubanews.com\/en\/coronavirus\/cuba-reports-18-deaths-from-coronavirus-in-its-deadliest-day\/#primaryimage","url":"https:\/\/oncubanews.com\/en\/wp-content\/uploads\/2021\/04\/Covid_otm_3.jpg","contentUrl":"https:\/\/oncubanews.com\/en\/wp-content\/uploads\/2021\/04\/Covid_otm_3.jpg","width":1140,"height":760,"caption":"Photo: Otmaro Rodr\u00edguez"},{"@type":"BreadcrumbList","@id":"https:\/\/oncubanews.com\/en\/coronavirus\/cuba-reports-18-deaths-from-coronavirus-in-its-deadliest-day\/#breadcrumb","itemListElement":[{"@type":"ListItem","position":1,"name":"Portada","item":"https:\/\/oncubanews.com\/en\/"},{"@type":"ListItem","position":2,"name":"Cuba reports 18 deaths from coronavirus in its deadliest day"}]},{"@type":"WebSite","@id":"https:\/\/oncubanews.com\/en\/#website","url":"https:\/\/oncubanews.com\/en\/","name":"OnCubaNews English","description":"Revista sobre Cuba","potentialAction":[{"@type":"SearchAction","target":{"@type":"EntryPoint","urlTemplate":"https:\/\/oncubanews.com\/en\/?s={search_term_string}"},"query-input":{"@type":"PropertyValueSpecification","valueRequired":true,"valueName":"search_term_string"}}],"inLanguage":"en-US"},{"@type":"Person","@id":"https:\/\/oncubanews.com\/en\/#\/schema\/person\/d7171bf311032ab1f557dd8332e714af","name":"OnCuba Staff","image":{"@type":"ImageObject","inLanguage":"en-US","@id":"https:\/\/secure.gravatar.com\/avatar\/4b4c4d6109baadde898bb1af22ea4a4af5f4417b86a5d1800bf17531bfb128fc?s=96&r=g17310096d4dde63ebae0e54fbb19218a","url":"https:\/\/secure.gravatar.com\/avatar\/4b4c4d6109baadde898bb1af22ea4a4af5f4417b86a5d1800bf17531bfb128fc?s=96&r=g","contentUrl":"https:\/\/secure.gravatar.com\/avatar\/4b4c4d6109baadde898bb1af22ea4a4af5f4417b86a5d1800bf17531bfb128fc?s=96&r=g","caption":"OnCuba Staff"},"url":"https:\/\/oncubanews.com\/en\/author\/oncuba-editorial-staff\/"}]}},"authors":[{"term_id":33546,"user_id":3134,"is_guest":0,"slug":"oncuba-editorial-staff","display_name":"OnCuba Staff","avatar_url":"https:\/\/secure.gravatar.com\/avatar\/4b4c4d6109baadde898bb1af22ea4a4af5f4417b86a5d1800bf17531bfb128fc?s=96&r=g","author_category":"","last_name":"Staff","first_name":"OnCuba","job_title":"","user_url":"","description":""}],"_links":{"self":[{"href":"https:\/\/oncubanews.com\/en\/wp-json\/wp\/v2\/posts\/238219","targetHints":{"allow":["GET"]}}],"collection":[{"href":"https:\/\/oncubanews.com\/en\/wp-json\/wp\/v2\/posts"}],"about":[{"href":"https:\/\/oncubanews.com\/en\/wp-json\/wp\/v2\/types\/post"}],"author":[{"embeddable":true,"href":"https:\/\/oncubanews.com\/en\/wp-json\/wp\/v2\/users\/3134"}],"replies":[{"embeddable":true,"href":"https:\/\/oncubanews.com\/en\/wp-json\/wp\/v2\/comments?post=238219"}],"version-history":[{"count":0,"href":"https:\/\/oncubanews.com\/en\/wp-json\/wp\/v2\/posts\/238219\/revisions"}],"wp:featuredmedia":[{"embeddable":true,"href":"https:\/\/oncubanews.com\/en\/wp-json\/wp\/v2\/media\/238221"}],"wp:attachment":[{"href":"https:\/\/oncubanews.com\/en\/wp-json\/wp\/v2\/media?parent=238219"}],"wp:term":[{"taxonomy":"category","embeddable":true,"href":"https:\/\/oncubanews.com\/en\/wp-json\/wp\/v2\/categories?post=238219"},{"taxonomy":"post_tag","embeddable":true,"href":"https:\/\/oncubanews.com\/en\/wp-json\/wp\/v2\/tags?post=238219"},{"taxonomy":"author","embeddable":true,"href":"https:\/\/oncubanews.com\/en\/wp-json\/wp\/v2\/ppma_author?post=238219"}],"curies":[{"name":"wp","href":"https:\/\/api.w.org\/{rel}","templated":true}]}}