
{"id":238320,"date":"2021-05-01T08:31:19","date_gmt":"2021-05-01T12:31:19","guid":{"rendered":"https:\/\/oncubanews.com\/en\/?p=238320"},"modified":"2021-05-01T08:31:19","modified_gmt":"2021-05-01T12:31:19","slug":"more-than-80-of-the-cuc-in-hands-of-cuban-population-collected-to-date","status":"publish","type":"post","link":"https:\/\/oncubanews.com\/en\/cuba\/more-than-80-of-the-cuc-in-hands-of-cuban-population-collected-to-date\/","title":{"rendered":"More than 80% of the CUC in hands of Cuban population collected to date"},"content":{"rendered":"<p><span style=\"font-weight: 400;\">According to <\/span><a href=\"http:\/\/witter.com\/MarinoMurilloJ\/status\/1367873910172160007?ref_src=twsrc%5Etfw%7Ctwcamp%5Eembeddedtimeline%7Ctwterm%5Eprofile%3AMarinoMurilloJ%7Ctwgr%5EeyJ0ZndfZXhwZXJpbWVudHNfY29va2llX2V4cGlyYXRpb24iOnsiYnVja2V0IjoxMjA5NjAwLCJ2ZXJzaW9uIjpudWxsfSwidGZ3X2hvcml6b25fdHdlZXRfZW1iZWRfOTU1NSI6eyJidWNrZXQiOiJodGUiLCJ2ZXJzaW9uIjpudWxsfX0%3D&amp;ref_url=https%3A%2F%2Foncubanews.com%2Fwp-admin%2Fpost-new.php\" target=\"_blank\" rel=\"noopener\"><span style=\"font-weight: 400;\">Marino Murillo,<\/span><\/a><span style=\"font-weight: 400;\"> the head of the Guidelines Implementation Commission, the process of collecting the Cuban convertible peso (CUC), which was in the hands of the population on January 1, 2021, is going well. To date, more than 80% has been collected.<\/span><\/p>\n<p><span style=\"font-weight: 400;\">He also said that there are still two months left in the deadline for collecting that money that is no longer circulating in the country.<\/span><\/p>\n<blockquote class=\"wp-embedded-content\" data-secret=\"3sbxXeTmT4\"><p><a href=\"https:\/\/oncubanews.com\/cuba\/marino-murillo-mas-del-50-de-los-cuc-ya-estan-fuera-de-circulacion\/\">Marino Murillo: M\u00e1s del 50% de los CUC ya est\u00e1n fuera de circulaci\u00f3n<\/a><\/p><\/blockquote>\n<p><iframe loading=\"lazy\" class=\"wp-embedded-content\" sandbox=\"allow-scripts\" security=\"restricted\" style=\"position: absolute; clip: rect(1px, 1px, 1px, 1px);\" title=\"\u00abMarino Murillo: M\u00e1s del 50% de los CUC ya est\u00e1n fuera de circulaci\u00f3n\u00bb \u2014 OnCubaNews\" src=\"https:\/\/oncubanews.com\/cuba\/marino-murillo-mas-del-50-de-los-cuc-ya-estan-fuera-de-circulacion\/embed\/#?secret=oBFt3hdKND#?secret=3sbxXeTmT4\" data-secret=\"3sbxXeTmT4\" width=\"500\" height=\"282\" frameborder=\"0\" marginwidth=\"0\" marginheight=\"0\" scrolling=\"no\"><\/iframe><\/p>\n<p><span style=\"font-weight: 400;\">Until the beginning of March, 57% of the 600\/700 million CUC that must be withdrawn had been collected.<\/span><\/p>\n<p><span style=\"font-weight: 400;\">The <\/span><a href=\"http:\/\/www.acn.cu\/ordenamiento-monetario\" target=\"_blank\" rel=\"noopener\"><span style=\"font-weight: 400;\">monetary reorganization<\/span><\/a><span style=\"font-weight: 400;\"> process, which began last January, has among its objectives to eliminate the monetary and exchange duality.<\/span><\/p>\n","protected":false},"excerpt":{"rendered":"<p>Marino Murillo, the head of the Guidelines Implementation Commission, said in a tweet.<\/p>\n","protected":false},"author":3134,"featured_media":238322,"comment_status":"open","ping_status":"closed","sticky":false,"template":"","format":"standard","meta":{"_acf_changed":false,"footnotes":""},"categories":[13902,13903],"tags":[14816],"ppma_author":[33546],"class_list":["post-238320","post","type-post","status-publish","format-standard","has-post-thumbnail","hentry","category-cuba","category-economy","tag-cuban-economy"],"acf":[],"yoast_head":"<!-- This site is optimized with the Yoast SEO plugin v27.3 - https:\/\/yoast.com\/product\/yoast-seo-wordpress\/ -->\n<title>More than 80% of the CUC in hands of Cuban population collected to date | OnCubaNews English<\/title>\n<meta name=\"robots\" content=\"index, follow, max-snippet:-1, max-image-preview:large, max-video-preview:-1\" \/>\n<link rel=\"canonical\" href=\"https:\/\/oncubanews.com\/en\/cuba\/more-than-80-of-the-cuc-in-hands-of-cuban-population-collected-to-date\/\" \/>\n<meta property=\"og:locale\" content=\"en_US\" \/>\n<meta property=\"og:type\" content=\"article\" \/>\n<meta property=\"og:title\" content=\"More than 80% of the CUC in hands of Cuban population collected to date | OnCubaNews English\" \/>\n<meta property=\"og:description\" content=\"Marino Murillo, the head of the Guidelines Implementation Commission, said in a tweet.\" \/>\n<meta property=\"og:url\" content=\"https:\/\/oncubanews.com\/en\/cuba\/more-than-80-of-the-cuc-in-hands-of-cuban-population-collected-to-date\/\" \/>\n<meta property=\"og:site_name\" content=\"OnCubaNews English\" \/>\n<meta property=\"article:published_time\" content=\"2021-05-01T12:31:19+00:00\" \/>\n<meta property=\"og:image\" content=\"https:\/\/oncubanews.com\/en\/wp-content\/uploads\/2021\/05\/Cuc-1140x815-1.jpg\" \/>\n\t<meta property=\"og:image:width\" content=\"1140\" \/>\n\t<meta property=\"og:image:height\" content=\"815\" \/>\n\t<meta property=\"og:image:type\" content=\"image\/jpeg\" \/>\n<meta name=\"author\" content=\"OnCuba Staff\" \/>\n<meta name=\"twitter:card\" content=\"summary_large_image\" \/>\n<meta name=\"twitter:label1\" content=\"Written by\" \/>\n\t<meta name=\"twitter:data1\" content=\"OnCuba Staff\" \/>\n\t<meta name=\"twitter:label2\" content=\"Est. reading time\" \/>\n\t<meta name=\"twitter:data2\" content=\"1 minute\" \/>\n<script type=\"application\/ld+json\" class=\"yoast-schema-graph\">{\"@context\":\"https:\\\/\\\/schema.org\",\"@graph\":[{\"@type\":\"Article\",\"@id\":\"https:\\\/\\\/oncubanews.com\\\/en\\\/cuba\\\/more-than-80-of-the-cuc-in-hands-of-cuban-population-collected-to-date\\\/#article\",\"isPartOf\":{\"@id\":\"https:\\\/\\\/oncubanews.com\\\/en\\\/cuba\\\/more-than-80-of-the-cuc-in-hands-of-cuban-population-collected-to-date\\\/\"},\"author\":{\"name\":\"OnCuba Staff\",\"@id\":\"https:\\\/\\\/oncubanews.com\\\/en\\\/#\\\/schema\\\/person\\\/d7171bf311032ab1f557dd8332e714af\"},\"headline\":\"More than 80% of the CUC in hands of Cuban population collected to date\",\"datePublished\":\"2021-05-01T12:31:19+00:00\",\"mainEntityOfPage\":{\"@id\":\"https:\\\/\\\/oncubanews.com\\\/en\\\/cuba\\\/more-than-80-of-the-cuc-in-hands-of-cuban-population-collected-to-date\\\/\"},\"wordCount\":119,\"commentCount\":0,\"image\":{\"@id\":\"https:\\\/\\\/oncubanews.com\\\/en\\\/cuba\\\/more-than-80-of-the-cuc-in-hands-of-cuban-population-collected-to-date\\\/#primaryimage\"},\"thumbnailUrl\":\"https:\\\/\\\/oncubanews.com\\\/en\\\/wp-content\\\/uploads\\\/2021\\\/05\\\/Cuc-1140x815-1.jpg\",\"keywords\":[\"Cuban Economy\"],\"articleSection\":[\"Cuba\",\"Economy\"],\"inLanguage\":\"en-US\",\"potentialAction\":[{\"@type\":\"CommentAction\",\"name\":\"Comment\",\"target\":[\"https:\\\/\\\/oncubanews.com\\\/en\\\/cuba\\\/more-than-80-of-the-cuc-in-hands-of-cuban-population-collected-to-date\\\/#respond\"]}],\"copyrightYear\":\"2021\",\"copyrightHolder\":{\"@id\":\"https:\\\/\\\/oncubanews.com\\\/en\\\/#organization\"}},{\"@type\":\"WebPage\",\"@id\":\"https:\\\/\\\/oncubanews.com\\\/en\\\/cuba\\\/more-than-80-of-the-cuc-in-hands-of-cuban-population-collected-to-date\\\/\",\"url\":\"https:\\\/\\\/oncubanews.com\\\/en\\\/cuba\\\/more-than-80-of-the-cuc-in-hands-of-cuban-population-collected-to-date\\\/\",\"name\":\"More than 80% of the CUC in hands of Cuban population collected to date | OnCubaNews English\",\"isPartOf\":{\"@id\":\"https:\\\/\\\/oncubanews.com\\\/en\\\/#website\"},\"primaryImageOfPage\":{\"@id\":\"https:\\\/\\\/oncubanews.com\\\/en\\\/cuba\\\/more-than-80-of-the-cuc-in-hands-of-cuban-population-collected-to-date\\\/#primaryimage\"},\"image\":{\"@id\":\"https:\\\/\\\/oncubanews.com\\\/en\\\/cuba\\\/more-than-80-of-the-cuc-in-hands-of-cuban-population-collected-to-date\\\/#primaryimage\"},\"thumbnailUrl\":\"https:\\\/\\\/oncubanews.com\\\/en\\\/wp-content\\\/uploads\\\/2021\\\/05\\\/Cuc-1140x815-1.jpg\",\"datePublished\":\"2021-05-01T12:31:19+00:00\",\"author\":{\"@id\":\"https:\\\/\\\/oncubanews.com\\\/en\\\/#\\\/schema\\\/person\\\/d7171bf311032ab1f557dd8332e714af\"},\"breadcrumb\":{\"@id\":\"https:\\\/\\\/oncubanews.com\\\/en\\\/cuba\\\/more-than-80-of-the-cuc-in-hands-of-cuban-population-collected-to-date\\\/#breadcrumb\"},\"inLanguage\":\"en-US\",\"potentialAction\":[{\"@type\":\"ReadAction\",\"target\":[\"https:\\\/\\\/oncubanews.com\\\/en\\\/cuba\\\/more-than-80-of-the-cuc-in-hands-of-cuban-population-collected-to-date\\\/\"]}]},{\"@type\":\"ImageObject\",\"inLanguage\":\"en-US\",\"@id\":\"https:\\\/\\\/oncubanews.com\\\/en\\\/cuba\\\/more-than-80-of-the-cuc-in-hands-of-cuban-population-collected-to-date\\\/#primaryimage\",\"url\":\"https:\\\/\\\/oncubanews.com\\\/en\\\/wp-content\\\/uploads\\\/2021\\\/05\\\/Cuc-1140x815-1.jpg\",\"contentUrl\":\"https:\\\/\\\/oncubanews.com\\\/en\\\/wp-content\\\/uploads\\\/2021\\\/05\\\/Cuc-1140x815-1.jpg\",\"width\":1140,\"height\":815,\"caption\":\"Photo: Infobae.\"},{\"@type\":\"BreadcrumbList\",\"@id\":\"https:\\\/\\\/oncubanews.com\\\/en\\\/cuba\\\/more-than-80-of-the-cuc-in-hands-of-cuban-population-collected-to-date\\\/#breadcrumb\",\"itemListElement\":[{\"@type\":\"ListItem\",\"position\":1,\"name\":\"Portada\",\"item\":\"https:\\\/\\\/oncubanews.com\\\/en\\\/\"},{\"@type\":\"ListItem\",\"position\":2,\"name\":\"More than 80% of the CUC in hands of Cuban population collected to date\"}]},{\"@type\":\"WebSite\",\"@id\":\"https:\\\/\\\/oncubanews.com\\\/en\\\/#website\",\"url\":\"https:\\\/\\\/oncubanews.com\\\/en\\\/\",\"name\":\"OnCubaNews English\",\"description\":\"Revista sobre Cuba\",\"potentialAction\":[{\"@type\":\"SearchAction\",\"target\":{\"@type\":\"EntryPoint\",\"urlTemplate\":\"https:\\\/\\\/oncubanews.com\\\/en\\\/?s={search_term_string}\"},\"query-input\":{\"@type\":\"PropertyValueSpecification\",\"valueRequired\":true,\"valueName\":\"search_term_string\"}}],\"inLanguage\":\"en-US\"},{\"@type\":\"Person\",\"@id\":\"https:\\\/\\\/oncubanews.com\\\/en\\\/#\\\/schema\\\/person\\\/d7171bf311032ab1f557dd8332e714af\",\"name\":\"OnCuba Staff\",\"image\":{\"@type\":\"ImageObject\",\"inLanguage\":\"en-US\",\"@id\":\"https:\\\/\\\/secure.gravatar.com\\\/avatar\\\/4b4c4d6109baadde898bb1af22ea4a4af5f4417b86a5d1800bf17531bfb128fc?s=96&r=g17310096d4dde63ebae0e54fbb19218a\",\"url\":\"https:\\\/\\\/secure.gravatar.com\\\/avatar\\\/4b4c4d6109baadde898bb1af22ea4a4af5f4417b86a5d1800bf17531bfb128fc?s=96&r=g\",\"contentUrl\":\"https:\\\/\\\/secure.gravatar.com\\\/avatar\\\/4b4c4d6109baadde898bb1af22ea4a4af5f4417b86a5d1800bf17531bfb128fc?s=96&r=g\",\"caption\":\"OnCuba Staff\"},\"url\":\"https:\\\/\\\/oncubanews.com\\\/en\\\/author\\\/oncuba-editorial-staff\\\/\"}]}<\/script>\n<!-- \/ Yoast SEO plugin. -->","yoast_head_json":{"title":"More than 80% of the CUC in hands of Cuban population collected to date | OnCubaNews English","robots":{"index":"index","follow":"follow","max-snippet":"max-snippet:-1","max-image-preview":"max-image-preview:large","max-video-preview":"max-video-preview:-1"},"canonical":"https:\/\/oncubanews.com\/en\/cuba\/more-than-80-of-the-cuc-in-hands-of-cuban-population-collected-to-date\/","og_locale":"en_US","og_type":"article","og_title":"More than 80% of the CUC in hands of Cuban population collected to date | OnCubaNews English","og_description":"Marino Murillo, the head of the Guidelines Implementation Commission, said in a tweet.","og_url":"https:\/\/oncubanews.com\/en\/cuba\/more-than-80-of-the-cuc-in-hands-of-cuban-population-collected-to-date\/","og_site_name":"OnCubaNews English","article_published_time":"2021-05-01T12:31:19+00:00","og_image":[{"width":1140,"height":815,"url":"https:\/\/oncubanews.com\/en\/wp-content\/uploads\/2021\/05\/Cuc-1140x815-1.jpg","type":"image\/jpeg"}],"author":"OnCuba Staff","twitter_card":"summary_large_image","twitter_misc":{"Written by":"OnCuba Staff","Est. reading time":"1 minute"},"schema":{"@context":"https:\/\/schema.org","@graph":[{"@type":"Article","@id":"https:\/\/oncubanews.com\/en\/cuba\/more-than-80-of-the-cuc-in-hands-of-cuban-population-collected-to-date\/#article","isPartOf":{"@id":"https:\/\/oncubanews.com\/en\/cuba\/more-than-80-of-the-cuc-in-hands-of-cuban-population-collected-to-date\/"},"author":{"name":"OnCuba Staff","@id":"https:\/\/oncubanews.com\/en\/#\/schema\/person\/d7171bf311032ab1f557dd8332e714af"},"headline":"More than 80% of the CUC in hands of Cuban population collected to date","datePublished":"2021-05-01T12:31:19+00:00","mainEntityOfPage":{"@id":"https:\/\/oncubanews.com\/en\/cuba\/more-than-80-of-the-cuc-in-hands-of-cuban-population-collected-to-date\/"},"wordCount":119,"commentCount":0,"image":{"@id":"https:\/\/oncubanews.com\/en\/cuba\/more-than-80-of-the-cuc-in-hands-of-cuban-population-collected-to-date\/#primaryimage"},"thumbnailUrl":"https:\/\/oncubanews.com\/en\/wp-content\/uploads\/2021\/05\/Cuc-1140x815-1.jpg","keywords":["Cuban Economy"],"articleSection":["Cuba","Economy"],"inLanguage":"en-US","potentialAction":[{"@type":"CommentAction","name":"Comment","target":["https:\/\/oncubanews.com\/en\/cuba\/more-than-80-of-the-cuc-in-hands-of-cuban-population-collected-to-date\/#respond"]}],"copyrightYear":"2021","copyrightHolder":{"@id":"https:\/\/oncubanews.com\/en\/#organization"}},{"@type":"WebPage","@id":"https:\/\/oncubanews.com\/en\/cuba\/more-than-80-of-the-cuc-in-hands-of-cuban-population-collected-to-date\/","url":"https:\/\/oncubanews.com\/en\/cuba\/more-than-80-of-the-cuc-in-hands-of-cuban-population-collected-to-date\/","name":"More than 80% of the CUC in hands of Cuban population collected to date | OnCubaNews English","isPartOf":{"@id":"https:\/\/oncubanews.com\/en\/#website"},"primaryImageOfPage":{"@id":"https:\/\/oncubanews.com\/en\/cuba\/more-than-80-of-the-cuc-in-hands-of-cuban-population-collected-to-date\/#primaryimage"},"image":{"@id":"https:\/\/oncubanews.com\/en\/cuba\/more-than-80-of-the-cuc-in-hands-of-cuban-population-collected-to-date\/#primaryimage"},"thumbnailUrl":"https:\/\/oncubanews.com\/en\/wp-content\/uploads\/2021\/05\/Cuc-1140x815-1.jpg","datePublished":"2021-05-01T12:31:19+00:00","author":{"@id":"https:\/\/oncubanews.com\/en\/#\/schema\/person\/d7171bf311032ab1f557dd8332e714af"},"breadcrumb":{"@id":"https:\/\/oncubanews.com\/en\/cuba\/more-than-80-of-the-cuc-in-hands-of-cuban-population-collected-to-date\/#breadcrumb"},"inLanguage":"en-US","potentialAction":[{"@type":"ReadAction","target":["https:\/\/oncubanews.com\/en\/cuba\/more-than-80-of-the-cuc-in-hands-of-cuban-population-collected-to-date\/"]}]},{"@type":"ImageObject","inLanguage":"en-US","@id":"https:\/\/oncubanews.com\/en\/cuba\/more-than-80-of-the-cuc-in-hands-of-cuban-population-collected-to-date\/#primaryimage","url":"https:\/\/oncubanews.com\/en\/wp-content\/uploads\/2021\/05\/Cuc-1140x815-1.jpg","contentUrl":"https:\/\/oncubanews.com\/en\/wp-content\/uploads\/2021\/05\/Cuc-1140x815-1.jpg","width":1140,"height":815,"caption":"Photo: Infobae."},{"@type":"BreadcrumbList","@id":"https:\/\/oncubanews.com\/en\/cuba\/more-than-80-of-the-cuc-in-hands-of-cuban-population-collected-to-date\/#breadcrumb","itemListElement":[{"@type":"ListItem","position":1,"name":"Portada","item":"https:\/\/oncubanews.com\/en\/"},{"@type":"ListItem","position":2,"name":"More than 80% of the CUC in hands of Cuban population collected to date"}]},{"@type":"WebSite","@id":"https:\/\/oncubanews.com\/en\/#website","url":"https:\/\/oncubanews.com\/en\/","name":"OnCubaNews English","description":"Revista sobre Cuba","potentialAction":[{"@type":"SearchAction","target":{"@type":"EntryPoint","urlTemplate":"https:\/\/oncubanews.com\/en\/?s={search_term_string}"},"query-input":{"@type":"PropertyValueSpecification","valueRequired":true,"valueName":"search_term_string"}}],"inLanguage":"en-US"},{"@type":"Person","@id":"https:\/\/oncubanews.com\/en\/#\/schema\/person\/d7171bf311032ab1f557dd8332e714af","name":"OnCuba Staff","image":{"@type":"ImageObject","inLanguage":"en-US","@id":"https:\/\/secure.gravatar.com\/avatar\/4b4c4d6109baadde898bb1af22ea4a4af5f4417b86a5d1800bf17531bfb128fc?s=96&r=g17310096d4dde63ebae0e54fbb19218a","url":"https:\/\/secure.gravatar.com\/avatar\/4b4c4d6109baadde898bb1af22ea4a4af5f4417b86a5d1800bf17531bfb128fc?s=96&r=g","contentUrl":"https:\/\/secure.gravatar.com\/avatar\/4b4c4d6109baadde898bb1af22ea4a4af5f4417b86a5d1800bf17531bfb128fc?s=96&r=g","caption":"OnCuba Staff"},"url":"https:\/\/oncubanews.com\/en\/author\/oncuba-editorial-staff\/"}]}},"authors":[{"term_id":33546,"user_id":3134,"is_guest":0,"slug":"oncuba-editorial-staff","display_name":"OnCuba Staff","avatar_url":"https:\/\/secure.gravatar.com\/avatar\/4b4c4d6109baadde898bb1af22ea4a4af5f4417b86a5d1800bf17531bfb128fc?s=96&r=g","0":null,"1":"","2":"","3":"","4":"","5":"","6":"","7":"","8":""}],"_links":{"self":[{"href":"https:\/\/oncubanews.com\/en\/wp-json\/wp\/v2\/posts\/238320","targetHints":{"allow":["GET"]}}],"collection":[{"href":"https:\/\/oncubanews.com\/en\/wp-json\/wp\/v2\/posts"}],"about":[{"href":"https:\/\/oncubanews.com\/en\/wp-json\/wp\/v2\/types\/post"}],"author":[{"embeddable":true,"href":"https:\/\/oncubanews.com\/en\/wp-json\/wp\/v2\/users\/3134"}],"replies":[{"embeddable":true,"href":"https:\/\/oncubanews.com\/en\/wp-json\/wp\/v2\/comments?post=238320"}],"version-history":[{"count":0,"href":"https:\/\/oncubanews.com\/en\/wp-json\/wp\/v2\/posts\/238320\/revisions"}],"wp:featuredmedia":[{"embeddable":true,"href":"https:\/\/oncubanews.com\/en\/wp-json\/wp\/v2\/media\/238322"}],"wp:attachment":[{"href":"https:\/\/oncubanews.com\/en\/wp-json\/wp\/v2\/media?parent=238320"}],"wp:term":[{"taxonomy":"category","embeddable":true,"href":"https:\/\/oncubanews.com\/en\/wp-json\/wp\/v2\/categories?post=238320"},{"taxonomy":"post_tag","embeddable":true,"href":"https:\/\/oncubanews.com\/en\/wp-json\/wp\/v2\/tags?post=238320"},{"taxonomy":"author","embeddable":true,"href":"https:\/\/oncubanews.com\/en\/wp-json\/wp\/v2\/ppma_author?post=238320"}],"curies":[{"name":"wp","href":"https:\/\/api.w.org\/{rel}","templated":true}]}}