
{"id":238816,"date":"2021-05-12T14:12:11","date_gmt":"2021-05-12T18:12:11","guid":{"rendered":"https:\/\/oncubanews.com\/en\/?p=238816"},"modified":"2021-05-12T14:12:11","modified_gmt":"2021-05-12T18:12:11","slug":"why-doesnt-biden-want-anything-to-do-with-cuba-for-now","status":"publish","type":"post","link":"https:\/\/oncubanews.com\/en\/opinion\/columns\/why-doesnt-biden-want-anything-to-do-with-cuba-for-now\/","title":{"rendered":"Why doesn\u2019t Biden want anything to do with Cuba &#8230; for now?"},"content":{"rendered":"<p><span style=\"font-weight: 400;\">The principal director for the Western Hemisphere of the White House National Security Council and assistant to President Joe Biden, Juan Gonz\u00e1lez, has recently given two interviews in which he has spoken about the current state and possible future of Cuba-U.S. relations. The first was with Juan Carlos L\u00f3pez from <\/span><a href=\"https:\/\/cnnespanol.cnn.com\/2021\/04\/08\/juan-gonzalez-biden-obama-cuba-maduro-directo-usa-orix\/\" target=\"_blank\" rel=\"noopener\"><span style=\"font-weight: 400;\">CNN in Spanish<\/span><\/a><span style=\"font-weight: 400;\"> and later with Andr\u00e9s Oppenheimer for <\/span><a href=\"https:\/\/tribunecontentagency.com\/article\/oppenheimer-espanol-biden-sin-prisa-por-acercarse-a-cuba\/\" target=\"_blank\" rel=\"noopener\"><span style=\"font-weight: 400;\">The Miami Herald<\/span><\/a><span style=\"font-weight: 400;\">. For those who hoped that a Democratic victory would easily resume Obama\u2019s policy with the island, these two interviews were like a bucket of cold water.<\/span><\/p>\n<p><span style=\"font-weight: 400;\">What Juan Gonz\u00e1lez said was blunt: Regarding Cuba, Biden is not Obama. But before the elections, Biden had assured that he would return to Obama\u2019s Cuba policy. Why this position now?<\/span><\/p>\n<p><span style=\"font-weight: 400;\">Because, first of all, and as always: Cuba is not something central or fundamental for United States politics, unlike the United States, which does hold a relevant place in Cuban politics. The Cuba-U.S. dispute is real, but not the same for both parties. You just have to notice how many times the top Cuban leaders allude to the United States and how many times the Americans mention Cuba. This does not mean that \u201cthe dispute\u201d does not affect the island much, but rather that for the United States the concern is much less. It is almost always related to the elections in Florida or to the games of power in the U.S. Congress, where there are ten Cuban-Americans: three senators and seven representatives to the federal house. And among them, all arch-enemies of the Cuban government, some currently very powerful, such as Democrat Robert Men\u00e9ndez, a prominent member of the Senate Foreign Relations Committee. Men\u00e9ndez holds the key for Biden\u2019s various legislative, domestic and international projects to come to fruition. And we already know the place that the \u201cright\u201d or the \u201cfair\u201d occupies in the priorities of politicians: always behind their own objectives. The support of Men\u00e9ndez, along with three other senators who are also against the Cuba-U.S. rapprochement, such as Marco Rubio, Ted Cruz and Rick Scott, is crucial to the bipartisan consensus policy that Biden says he wants to achieve in the legislature.<\/span><\/p>\n<p><span style=\"font-weight: 400;\">The first sign that things would not go very well with Biden did not come to me from a \u201creliable source,\u201d or the responsible analysis of some columnist. And it got to me very early, just two days after the Democratic victory. And it came from Havana. It was the message of \u201cno congratulations\u201d sent by Cuban President Miguel D\u00edaz-Canel to Joe Biden, where he <\/span><a href=\"https:\/\/twitter.com\/DiazCanelB\/status\/1325437613986213890\" target=\"_blank\" rel=\"noopener\"><span style=\"font-weight: 400;\">said verbatim<\/span><\/a><span style=\"font-weight: 400;\">: \u201cWe recognize that, in their presidential elections, the U.S. people have chosen a new course. We believe in the possibility of constructive bilateral relations respectful of differences. #SomosCuba #SomosContinuidad.\u201d Not a wink, no buttering up.<\/span><\/p>\n<p><span style=\"font-weight: 400;\">However, the previous Cuban president, Ra\u00fal Castro, did <\/span><a href=\"https:\/\/www.reuters.com\/article\/cuba-defensa-ejercicios-idLTAKBN1342M2\" target=\"_blank\" rel=\"noopener\"><span style=\"font-weight: 400;\">congratulate Donald Trump<\/span><\/a><span style=\"font-weight: 400;\"> when he won the elections, four years earlier. Life has a lot in store, right? Because Trump has been the most aggressive president against the Cuban government after Kennedy and his Bay of Pigs invasion in 1961. And Biden was expected to be the most sympathetic to Cuba, after Obama, who caused a media and political phenomenon of understanding with Cuba that unfortunately will never be repeated.<\/span><\/p>\n<p><span style=\"font-weight: 400;\">Biden is in no hurry to repair relations with the island, in fact, he possibly doesn\u2019t even intend to, because since he arrived at the White House he has done nothing more than deactivate dozens and dozens of Trump policies, but not even one related to Cuba. Despite the fact that he promised it in his election campaign, Biden seems to agree with his predecessor\u2019s Cuba policy. The island is in a more difficult socioeconomic situation than before the thaw with Obama, when the reforms carried out by the Cuban state already inspired calm optimism and the opening of relations between the two countries seemed to bless that optimism&#8230;and as now the situation is tougher, the Biden administration decides to wait. It is not the tactic of simply postponing the less important for national interest, it is the tactic laying siege to a city. The worse things are inside, the calmer, the more excuses.<\/span><\/p>\n<p><span style=\"font-weight: 400;\">And it will be true that Cuba is not important to the United States, rather the other way around. That the problem is not the Americans\u2019, but the Cubans\u2019. Juan Gonz\u00e1lez also told Oppenheimer that they were <\/span><a href=\"https:\/\/www.miamiherald.com\/article251081979.html\"><span style=\"font-weight: 400;\">willing to talk to Cuba<\/span><\/a><span style=\"font-weight: 400;\">, but that they had to see \u201cconcrete things\u201d from the Cuban government before \u201cwasting time\u201d in talks \u201cto completely return to Obama\u2019s policy.\u201d What are the concrete things they hope to hear from the Cuban state? People understand each other by speaking, when they speak the same language. And so far there has been no news that such talks exist or will exist. Nothing unusual otherwise in the intricate diplomatic world.<\/span><\/p>\n","protected":false},"excerpt":{"rendered":"<p>Biden is in no hurry to repair relations with the island, in fact, he possibly doesn\u2019t even intend to.<\/p>\n","protected":false},"author":3876,"featured_media":238818,"comment_status":"open","ping_status":"closed","sticky":false,"template":"","format":"standard","meta":{"_acf_changed":false,"footnotes":""},"categories":[27],"tags":[14891,33419],"ppma_author":[34359],"class_list":["post-238816","post","type-post","status-publish","format-standard","has-post-thumbnail","hentry","category-columns","tag-cuba-usa-relations","tag-joe-biden"],"acf":[],"yoast_head":"<!-- This site is optimized with the Yoast SEO plugin v27.3 - https:\/\/yoast.com\/product\/yoast-seo-wordpress\/ -->\n<title>Why doesn\u2019t Biden want anything to do with Cuba ... for now? | OnCubaNews English<\/title>\n<meta name=\"description\" content=\"Biden is in no hurry to repair relations with the island, in fact, he possibly doesn\u2019t even intend to.\" \/>\n<meta name=\"robots\" content=\"index, follow, max-snippet:-1, max-image-preview:large, max-video-preview:-1\" \/>\n<link rel=\"canonical\" href=\"https:\/\/oncubanews.com\/en\/opinion\/columns\/why-doesnt-biden-want-anything-to-do-with-cuba-for-now\/\" \/>\n<meta property=\"og:locale\" content=\"en_US\" \/>\n<meta property=\"og:type\" content=\"article\" \/>\n<meta property=\"og:title\" content=\"Why doesn\u2019t Biden want anything to do with Cuba ... for now? | OnCubaNews English\" \/>\n<meta property=\"og:description\" content=\"Biden is in no hurry to repair relations with the island, in fact, he possibly doesn\u2019t even intend to.\" \/>\n<meta property=\"og:url\" content=\"https:\/\/oncubanews.com\/en\/opinion\/columns\/why-doesnt-biden-want-anything-to-do-with-cuba-for-now\/\" \/>\n<meta property=\"og:site_name\" content=\"OnCubaNews English\" \/>\n<meta property=\"article:published_time\" content=\"2021-05-12T18:12:11+00:00\" \/>\n<meta property=\"og:image\" content=\"https:\/\/oncubanews.com\/en\/wp-content\/uploads\/2021\/05\/181869648_297241618719212_8444596098155500912_n-1.png\" \/>\n\t<meta property=\"og:image:width\" content=\"600\" \/>\n\t<meta property=\"og:image:height\" content=\"400\" \/>\n\t<meta property=\"og:image:type\" content=\"image\/png\" \/>\n<meta name=\"author\" content=\"Jorge D\u00e1vila Miguel\" \/>\n<meta name=\"twitter:card\" content=\"summary_large_image\" \/>\n<meta name=\"twitter:label1\" content=\"Written by\" \/>\n\t<meta name=\"twitter:data1\" content=\"Jorge D\u00e1vila Miguel\" \/>\n\t<meta name=\"twitter:label2\" content=\"Est. reading time\" \/>\n\t<meta name=\"twitter:data2\" content=\"4 minutes\" \/>\n<script type=\"application\/ld+json\" class=\"yoast-schema-graph\">{\"@context\":\"https:\\\/\\\/schema.org\",\"@graph\":[{\"@type\":\"Article\",\"@id\":\"https:\\\/\\\/oncubanews.com\\\/en\\\/opinion\\\/columns\\\/why-doesnt-biden-want-anything-to-do-with-cuba-for-now\\\/#article\",\"isPartOf\":{\"@id\":\"https:\\\/\\\/oncubanews.com\\\/en\\\/opinion\\\/columns\\\/why-doesnt-biden-want-anything-to-do-with-cuba-for-now\\\/\"},\"author\":{\"name\":\"Jorge D\u00e1vila Miguel\",\"@id\":\"https:\\\/\\\/oncubanews.com\\\/en\\\/#\\\/schema\\\/person\\\/b6257457de0fab77813c3696514d436d\"},\"headline\":\"Why doesn\u2019t Biden want anything to do with Cuba &#8230; for now?\",\"datePublished\":\"2021-05-12T18:12:11+00:00\",\"mainEntityOfPage\":{\"@id\":\"https:\\\/\\\/oncubanews.com\\\/en\\\/opinion\\\/columns\\\/why-doesnt-biden-want-anything-to-do-with-cuba-for-now\\\/\"},\"wordCount\":834,\"commentCount\":0,\"image\":{\"@id\":\"https:\\\/\\\/oncubanews.com\\\/en\\\/opinion\\\/columns\\\/why-doesnt-biden-want-anything-to-do-with-cuba-for-now\\\/#primaryimage\"},\"thumbnailUrl\":\"https:\\\/\\\/oncubanews.com\\\/en\\\/wp-content\\\/uploads\\\/2021\\\/05\\\/181869648_297241618719212_8444596098155500912_n-1.png\",\"keywords\":[\"Cuba-USA Relations\",\"Joe Biden\"],\"articleSection\":[\"Columns\"],\"inLanguage\":\"en-US\",\"potentialAction\":[{\"@type\":\"CommentAction\",\"name\":\"Comment\",\"target\":[\"https:\\\/\\\/oncubanews.com\\\/en\\\/opinion\\\/columns\\\/why-doesnt-biden-want-anything-to-do-with-cuba-for-now\\\/#respond\"]}],\"copyrightYear\":\"2021\",\"copyrightHolder\":{\"@id\":\"https:\\\/\\\/oncubanews.com\\\/en\\\/#organization\"}},{\"@type\":\"WebPage\",\"@id\":\"https:\\\/\\\/oncubanews.com\\\/en\\\/opinion\\\/columns\\\/why-doesnt-biden-want-anything-to-do-with-cuba-for-now\\\/\",\"url\":\"https:\\\/\\\/oncubanews.com\\\/en\\\/opinion\\\/columns\\\/why-doesnt-biden-want-anything-to-do-with-cuba-for-now\\\/\",\"name\":\"Why doesn\u2019t Biden want anything to do with Cuba ... for now? | OnCubaNews English\",\"isPartOf\":{\"@id\":\"https:\\\/\\\/oncubanews.com\\\/en\\\/#website\"},\"primaryImageOfPage\":{\"@id\":\"https:\\\/\\\/oncubanews.com\\\/en\\\/opinion\\\/columns\\\/why-doesnt-biden-want-anything-to-do-with-cuba-for-now\\\/#primaryimage\"},\"image\":{\"@id\":\"https:\\\/\\\/oncubanews.com\\\/en\\\/opinion\\\/columns\\\/why-doesnt-biden-want-anything-to-do-with-cuba-for-now\\\/#primaryimage\"},\"thumbnailUrl\":\"https:\\\/\\\/oncubanews.com\\\/en\\\/wp-content\\\/uploads\\\/2021\\\/05\\\/181869648_297241618719212_8444596098155500912_n-1.png\",\"datePublished\":\"2021-05-12T18:12:11+00:00\",\"author\":{\"@id\":\"https:\\\/\\\/oncubanews.com\\\/en\\\/#\\\/schema\\\/person\\\/b6257457de0fab77813c3696514d436d\"},\"description\":\"Biden is in no hurry to repair relations with the island, in fact, he possibly doesn\u2019t even intend to.\",\"breadcrumb\":{\"@id\":\"https:\\\/\\\/oncubanews.com\\\/en\\\/opinion\\\/columns\\\/why-doesnt-biden-want-anything-to-do-with-cuba-for-now\\\/#breadcrumb\"},\"inLanguage\":\"en-US\",\"potentialAction\":[{\"@type\":\"ReadAction\",\"target\":[\"https:\\\/\\\/oncubanews.com\\\/en\\\/opinion\\\/columns\\\/why-doesnt-biden-want-anything-to-do-with-cuba-for-now\\\/\"]}]},{\"@type\":\"ImageObject\",\"inLanguage\":\"en-US\",\"@id\":\"https:\\\/\\\/oncubanews.com\\\/en\\\/opinion\\\/columns\\\/why-doesnt-biden-want-anything-to-do-with-cuba-for-now\\\/#primaryimage\",\"url\":\"https:\\\/\\\/oncubanews.com\\\/en\\\/wp-content\\\/uploads\\\/2021\\\/05\\\/181869648_297241618719212_8444596098155500912_n-1.png\",\"contentUrl\":\"https:\\\/\\\/oncubanews.com\\\/en\\\/wp-content\\\/uploads\\\/2021\\\/05\\\/181869648_297241618719212_8444596098155500912_n-1.png\",\"width\":600,\"height\":400,\"caption\":\"Photo: Otmaro Rodr\u00edguez\"},{\"@type\":\"BreadcrumbList\",\"@id\":\"https:\\\/\\\/oncubanews.com\\\/en\\\/opinion\\\/columns\\\/why-doesnt-biden-want-anything-to-do-with-cuba-for-now\\\/#breadcrumb\",\"itemListElement\":[{\"@type\":\"ListItem\",\"position\":1,\"name\":\"Portada\",\"item\":\"https:\\\/\\\/oncubanews.com\\\/en\\\/\"},{\"@type\":\"ListItem\",\"position\":2,\"name\":\"Why doesn\u2019t Biden want anything to do with Cuba &#8230; for now?\"}]},{\"@type\":\"WebSite\",\"@id\":\"https:\\\/\\\/oncubanews.com\\\/en\\\/#website\",\"url\":\"https:\\\/\\\/oncubanews.com\\\/en\\\/\",\"name\":\"OnCubaNews English\",\"description\":\"Revista sobre Cuba\",\"potentialAction\":[{\"@type\":\"SearchAction\",\"target\":{\"@type\":\"EntryPoint\",\"urlTemplate\":\"https:\\\/\\\/oncubanews.com\\\/en\\\/?s={search_term_string}\"},\"query-input\":{\"@type\":\"PropertyValueSpecification\",\"valueRequired\":true,\"valueName\":\"search_term_string\"}}],\"inLanguage\":\"en-US\"},{\"@type\":\"Person\",\"@id\":\"https:\\\/\\\/oncubanews.com\\\/en\\\/#\\\/schema\\\/person\\\/b6257457de0fab77813c3696514d436d\",\"name\":\"Jorge D\u00e1vila Miguel\",\"image\":{\"@type\":\"ImageObject\",\"inLanguage\":\"en-US\",\"@id\":\"https:\\\/\\\/oncubanews.com\\\/wp-content\\\/uploads\\\/2020\\\/10\\\/jorge-davila-96x96.jpg136a5aba81837acdea24f5c8d3b43c5b\",\"url\":\"https:\\\/\\\/oncubanews.com\\\/wp-content\\\/uploads\\\/2020\\\/10\\\/jorge-davila-96x96.jpg\",\"contentUrl\":\"https:\\\/\\\/oncubanews.com\\\/wp-content\\\/uploads\\\/2020\\\/10\\\/jorge-davila-96x96.jpg\",\"caption\":\"Jorge D\u00e1vila Miguel\"},\"description\":\"Columnista de El Nuevo Herald y CNN en Espa\u00f1ol, donde tambi\u00e9n es comentarista pol\u00edtico.\",\"url\":\"https:\\\/\\\/oncubanews.com\\\/en\\\/author\\\/jorgedavila\\\/\"}]}<\/script>\n<!-- \/ Yoast SEO plugin. -->","yoast_head_json":{"title":"Why doesn\u2019t Biden want anything to do with Cuba ... for now? | OnCubaNews English","description":"Biden is in no hurry to repair relations with the island, in fact, he possibly doesn\u2019t even intend to.","robots":{"index":"index","follow":"follow","max-snippet":"max-snippet:-1","max-image-preview":"max-image-preview:large","max-video-preview":"max-video-preview:-1"},"canonical":"https:\/\/oncubanews.com\/en\/opinion\/columns\/why-doesnt-biden-want-anything-to-do-with-cuba-for-now\/","og_locale":"en_US","og_type":"article","og_title":"Why doesn\u2019t Biden want anything to do with Cuba ... for now? | OnCubaNews English","og_description":"Biden is in no hurry to repair relations with the island, in fact, he possibly doesn\u2019t even intend to.","og_url":"https:\/\/oncubanews.com\/en\/opinion\/columns\/why-doesnt-biden-want-anything-to-do-with-cuba-for-now\/","og_site_name":"OnCubaNews English","article_published_time":"2021-05-12T18:12:11+00:00","og_image":[{"width":600,"height":400,"url":"https:\/\/oncubanews.com\/en\/wp-content\/uploads\/2021\/05\/181869648_297241618719212_8444596098155500912_n-1.png","type":"image\/png"}],"author":"Jorge D\u00e1vila Miguel","twitter_card":"summary_large_image","twitter_misc":{"Written by":"Jorge D\u00e1vila Miguel","Est. reading time":"4 minutes"},"schema":{"@context":"https:\/\/schema.org","@graph":[{"@type":"Article","@id":"https:\/\/oncubanews.com\/en\/opinion\/columns\/why-doesnt-biden-want-anything-to-do-with-cuba-for-now\/#article","isPartOf":{"@id":"https:\/\/oncubanews.com\/en\/opinion\/columns\/why-doesnt-biden-want-anything-to-do-with-cuba-for-now\/"},"author":{"name":"Jorge D\u00e1vila Miguel","@id":"https:\/\/oncubanews.com\/en\/#\/schema\/person\/b6257457de0fab77813c3696514d436d"},"headline":"Why doesn\u2019t Biden want anything to do with Cuba &#8230; for now?","datePublished":"2021-05-12T18:12:11+00:00","mainEntityOfPage":{"@id":"https:\/\/oncubanews.com\/en\/opinion\/columns\/why-doesnt-biden-want-anything-to-do-with-cuba-for-now\/"},"wordCount":834,"commentCount":0,"image":{"@id":"https:\/\/oncubanews.com\/en\/opinion\/columns\/why-doesnt-biden-want-anything-to-do-with-cuba-for-now\/#primaryimage"},"thumbnailUrl":"https:\/\/oncubanews.com\/en\/wp-content\/uploads\/2021\/05\/181869648_297241618719212_8444596098155500912_n-1.png","keywords":["Cuba-USA Relations","Joe Biden"],"articleSection":["Columns"],"inLanguage":"en-US","potentialAction":[{"@type":"CommentAction","name":"Comment","target":["https:\/\/oncubanews.com\/en\/opinion\/columns\/why-doesnt-biden-want-anything-to-do-with-cuba-for-now\/#respond"]}],"copyrightYear":"2021","copyrightHolder":{"@id":"https:\/\/oncubanews.com\/en\/#organization"}},{"@type":"WebPage","@id":"https:\/\/oncubanews.com\/en\/opinion\/columns\/why-doesnt-biden-want-anything-to-do-with-cuba-for-now\/","url":"https:\/\/oncubanews.com\/en\/opinion\/columns\/why-doesnt-biden-want-anything-to-do-with-cuba-for-now\/","name":"Why doesn\u2019t Biden want anything to do with Cuba ... for now? | OnCubaNews English","isPartOf":{"@id":"https:\/\/oncubanews.com\/en\/#website"},"primaryImageOfPage":{"@id":"https:\/\/oncubanews.com\/en\/opinion\/columns\/why-doesnt-biden-want-anything-to-do-with-cuba-for-now\/#primaryimage"},"image":{"@id":"https:\/\/oncubanews.com\/en\/opinion\/columns\/why-doesnt-biden-want-anything-to-do-with-cuba-for-now\/#primaryimage"},"thumbnailUrl":"https:\/\/oncubanews.com\/en\/wp-content\/uploads\/2021\/05\/181869648_297241618719212_8444596098155500912_n-1.png","datePublished":"2021-05-12T18:12:11+00:00","author":{"@id":"https:\/\/oncubanews.com\/en\/#\/schema\/person\/b6257457de0fab77813c3696514d436d"},"description":"Biden is in no hurry to repair relations with the island, in fact, he possibly doesn\u2019t even intend to.","breadcrumb":{"@id":"https:\/\/oncubanews.com\/en\/opinion\/columns\/why-doesnt-biden-want-anything-to-do-with-cuba-for-now\/#breadcrumb"},"inLanguage":"en-US","potentialAction":[{"@type":"ReadAction","target":["https:\/\/oncubanews.com\/en\/opinion\/columns\/why-doesnt-biden-want-anything-to-do-with-cuba-for-now\/"]}]},{"@type":"ImageObject","inLanguage":"en-US","@id":"https:\/\/oncubanews.com\/en\/opinion\/columns\/why-doesnt-biden-want-anything-to-do-with-cuba-for-now\/#primaryimage","url":"https:\/\/oncubanews.com\/en\/wp-content\/uploads\/2021\/05\/181869648_297241618719212_8444596098155500912_n-1.png","contentUrl":"https:\/\/oncubanews.com\/en\/wp-content\/uploads\/2021\/05\/181869648_297241618719212_8444596098155500912_n-1.png","width":600,"height":400,"caption":"Photo: Otmaro Rodr\u00edguez"},{"@type":"BreadcrumbList","@id":"https:\/\/oncubanews.com\/en\/opinion\/columns\/why-doesnt-biden-want-anything-to-do-with-cuba-for-now\/#breadcrumb","itemListElement":[{"@type":"ListItem","position":1,"name":"Portada","item":"https:\/\/oncubanews.com\/en\/"},{"@type":"ListItem","position":2,"name":"Why doesn\u2019t Biden want anything to do with Cuba &#8230; for now?"}]},{"@type":"WebSite","@id":"https:\/\/oncubanews.com\/en\/#website","url":"https:\/\/oncubanews.com\/en\/","name":"OnCubaNews English","description":"Revista sobre Cuba","potentialAction":[{"@type":"SearchAction","target":{"@type":"EntryPoint","urlTemplate":"https:\/\/oncubanews.com\/en\/?s={search_term_string}"},"query-input":{"@type":"PropertyValueSpecification","valueRequired":true,"valueName":"search_term_string"}}],"inLanguage":"en-US"},{"@type":"Person","@id":"https:\/\/oncubanews.com\/en\/#\/schema\/person\/b6257457de0fab77813c3696514d436d","name":"Jorge D\u00e1vila Miguel","image":{"@type":"ImageObject","inLanguage":"en-US","@id":"https:\/\/oncubanews.com\/wp-content\/uploads\/2020\/10\/jorge-davila-96x96.jpg136a5aba81837acdea24f5c8d3b43c5b","url":"https:\/\/oncubanews.com\/wp-content\/uploads\/2020\/10\/jorge-davila-96x96.jpg","contentUrl":"https:\/\/oncubanews.com\/wp-content\/uploads\/2020\/10\/jorge-davila-96x96.jpg","caption":"Jorge D\u00e1vila Miguel"},"description":"Columnista de El Nuevo Herald y CNN en Espa\u00f1ol, donde tambi\u00e9n es comentarista pol\u00edtico.","url":"https:\/\/oncubanews.com\/en\/author\/jorgedavila\/"}]}},"authors":[{"term_id":34359,"user_id":3876,"is_guest":0,"slug":"jorgedavila","display_name":"Jorge D\u00e1vila Miguel","avatar_url":"https:\/\/oncubanews.com\/wp-content\/uploads\/2020\/10\/jorge-davila-96x96.jpg","0":null,"1":"","2":"","3":"","4":"","5":"","6":"","7":"","8":""}],"_links":{"self":[{"href":"https:\/\/oncubanews.com\/en\/wp-json\/wp\/v2\/posts\/238816","targetHints":{"allow":["GET"]}}],"collection":[{"href":"https:\/\/oncubanews.com\/en\/wp-json\/wp\/v2\/posts"}],"about":[{"href":"https:\/\/oncubanews.com\/en\/wp-json\/wp\/v2\/types\/post"}],"author":[{"embeddable":true,"href":"https:\/\/oncubanews.com\/en\/wp-json\/wp\/v2\/users\/3876"}],"replies":[{"embeddable":true,"href":"https:\/\/oncubanews.com\/en\/wp-json\/wp\/v2\/comments?post=238816"}],"version-history":[{"count":0,"href":"https:\/\/oncubanews.com\/en\/wp-json\/wp\/v2\/posts\/238816\/revisions"}],"wp:featuredmedia":[{"embeddable":true,"href":"https:\/\/oncubanews.com\/en\/wp-json\/wp\/v2\/media\/238818"}],"wp:attachment":[{"href":"https:\/\/oncubanews.com\/en\/wp-json\/wp\/v2\/media?parent=238816"}],"wp:term":[{"taxonomy":"category","embeddable":true,"href":"https:\/\/oncubanews.com\/en\/wp-json\/wp\/v2\/categories?post=238816"},{"taxonomy":"post_tag","embeddable":true,"href":"https:\/\/oncubanews.com\/en\/wp-json\/wp\/v2\/tags?post=238816"},{"taxonomy":"author","embeddable":true,"href":"https:\/\/oncubanews.com\/en\/wp-json\/wp\/v2\/ppma_author?post=238816"}],"curies":[{"name":"wp","href":"https:\/\/api.w.org\/{rel}","templated":true}]}}