
{"id":238943,"date":"2021-05-14T11:13:04","date_gmt":"2021-05-14T15:13:04","guid":{"rendered":"https:\/\/oncubanews.com\/en\/?p=238943"},"modified":"2021-05-14T11:13:54","modified_gmt":"2021-05-14T15:13:54","slug":"cuba-qualifies-seven-boxers-for-tokyo-olympics","status":"publish","type":"post","link":"https:\/\/oncubanews.com\/en\/sports\/boxing\/cuba-qualifies-seven-boxers-for-tokyo-olympics\/","title":{"rendered":"Cuba qualifies seven boxers for Tokyo Olympics"},"content":{"rendered":"<p><a href=\"https:\/\/oncubanews.com\/en\/tag\/cuban-boxing\" target=\"_blank\" rel=\"noopener\"><span style=\"font-weight: 400;\">Cuba has qualified seven fighters<\/span><\/a><span style=\"font-weight: 400;\"> for the Tokyo Olympic Games boxing tournament after receiving their tickets in the distribution among the ranks of those registered for the American contest that was canceled due to the coronavirus pandemic.<\/span><\/p>\n<p><span style=\"font-weight: 400;\">Tickets were assigned to boxers Yosbany Veit\u00eda (52 kg), L\u00e1zaro \u00c1lvarez (57 kg), Andy Cruz (63 kg), Roniel Iglesias (69 kg), Arlen L\u00f3pez (81 kg), Julio C\u00e9sar La Cruz (91 kg) and Leinier Per\u00f3 (+91 kg), as reported this Wednesday by the sports page <\/span><a href=\"http:\/\/www.jit.cu\/NewsDetails.aspx?idnoticia=204396\" target=\"_blank\" rel=\"noopener\"><i><span style=\"font-weight: 400;\">Jit<\/span><\/i><\/a><span style=\"font-weight: 400;\">.<\/span><\/p>\n<p><span style=\"font-weight: 400;\">The Pan-American <\/span><a href=\"https:\/\/oncubanews.com\/sports\/boxing\/\" target=\"_blank\" rel=\"noopener\"><span style=\"font-weight: 400;\">Boxing<\/span><\/a><span style=\"font-weight: 400;\"> Pre-Olympic, which was scheduled to take place from May 10 to 16 in Buenos Aires and was canceled due to the coronavirus, had planned 33 spots for men and 16 for women in the American continent.<\/span><\/p>\n<p><span style=\"font-weight: 400;\">The distribution of the places for the world championship is still pending, 13 of them for America, where Cuba aspires that boxer Yoenlis Feliciano Hern\u00e1ndez, of the 75 kg division, will be qualified.<\/span><\/p>\n<p><span style=\"font-weight: 400;\">Cuban boxing won three medals at the 2016 Rio de Janeiro Olympics and so far has accumulated 37 wins in 13 participations in the Olympic Games.<\/span><\/p>\n<p>https:\/\/oncubanews.com\/deportes\/boxeo\/ernesto-aroche-el-boxeo-es-mi-vida\/?amp<\/p>\n<p><span style=\"font-weight: 400;\">Boxing, judo, wrestling, shooting and canoeing are disciplines with great chances of winning medals in Tokyo, according to Cuban sports authorities.<\/span><\/p>\n<p><span style=\"font-weight: 400;\">In the Athens 2004, Beijing 2008, London 2012 and Rio de Janeiro 2016 Olympics, Cubans won medals in 12 sports and half achieved titles: 10 were for boxing, 5 for wrestling, 3 for track and field, and one each for judo, baseball and shooting.<\/span><\/p>\n<p><span style=\"font-weight: 400;\">In Rio de Janeiro, the Cuban delegation was made up of 123 athletes in 19 sports disciplines, and won 11 medals, of which 5 were gold, 2 silver and 4 bronze.<\/span><\/p>\n","protected":false},"excerpt":{"rendered":"<p>The Pan American Boxing Pre-Olympic, which was scheduled to take place from May 10 to 16 in Buenos Aires and was canceled due to the coronavirus, had planned 33 spots for men and 16 for women in the American continent.<\/p>\n","protected":false},"author":3134,"featured_media":238948,"comment_status":"open","ping_status":"closed","sticky":false,"template":"","format":"standard","meta":{"_acf_changed":false,"footnotes":""},"categories":[13927],"tags":[24071,14967],"ppma_author":[17270,33546],"class_list":["post-238943","post","type-post","status-publish","format-standard","has-post-thumbnail","hentry","category-boxing","tag-cuban-boxing","tag-cuban-sports"],"acf":[],"yoast_head":"<!-- This site is optimized with the Yoast SEO plugin v27.3 - https:\/\/yoast.com\/product\/yoast-seo-wordpress\/ -->\n<title>Cuba qualifies seven boxers for Tokyo Olympics | OnCubaNews English<\/title>\n<meta name=\"description\" content=\"The Pan American Boxing Pre-Olympic, which was scheduled to take place from May 10 to 16 in Buenos Aires and was canceled due to the coronavirus, had planned 33 spots for men and 16 for women in the American continent.\" \/>\n<meta name=\"robots\" content=\"index, follow, max-snippet:-1, max-image-preview:large, max-video-preview:-1\" \/>\n<link rel=\"canonical\" href=\"https:\/\/oncubanews.com\/en\/sports\/boxing\/cuba-qualifies-seven-boxers-for-tokyo-olympics\/\" \/>\n<meta property=\"og:locale\" content=\"en_US\" \/>\n<meta property=\"og:type\" content=\"article\" \/>\n<meta property=\"og:title\" content=\"Cuba qualifies seven boxers for Tokyo Olympics | OnCubaNews English\" \/>\n<meta property=\"og:description\" content=\"The Pan American Boxing Pre-Olympic, which was scheduled to take place from May 10 to 16 in Buenos Aires and was canceled due to the coronavirus, had planned 33 spots for men and 16 for women in the American continent.\" \/>\n<meta property=\"og:url\" content=\"https:\/\/oncubanews.com\/en\/sports\/boxing\/cuba-qualifies-seven-boxers-for-tokyo-olympics\/\" \/>\n<meta property=\"og:site_name\" content=\"OnCubaNews English\" \/>\n<meta property=\"article:published_time\" content=\"2021-05-14T15:13:04+00:00\" \/>\n<meta property=\"article:modified_time\" content=\"2021-05-14T15:13:54+00:00\" \/>\n<meta property=\"og:image\" content=\"https:\/\/oncubanews.com\/en\/wp-content\/uploads\/2021\/05\/boxeo_otm__2.jpg\" \/>\n\t<meta property=\"og:image:width\" content=\"1024\" \/>\n\t<meta property=\"og:image:height\" content=\"683\" \/>\n\t<meta property=\"og:image:type\" content=\"image\/jpeg\" \/>\n<meta name=\"author\" content=\"EFE, OnCuba Staff\" \/>\n<meta name=\"twitter:card\" content=\"summary_large_image\" \/>\n<meta name=\"twitter:label1\" content=\"Written by\" \/>\n\t<meta name=\"twitter:data1\" content=\"OnCuba Staff\" \/>\n\t<meta name=\"twitter:label2\" content=\"Est. reading time\" \/>\n\t<meta name=\"twitter:data2\" content=\"2 minutes\" \/>\n<script type=\"application\/ld+json\" class=\"yoast-schema-graph\">{\"@context\":\"https:\\\/\\\/schema.org\",\"@graph\":[{\"@type\":\"Article\",\"@id\":\"https:\\\/\\\/oncubanews.com\\\/en\\\/sports\\\/boxing\\\/cuba-qualifies-seven-boxers-for-tokyo-olympics\\\/#article\",\"isPartOf\":{\"@id\":\"https:\\\/\\\/oncubanews.com\\\/en\\\/sports\\\/boxing\\\/cuba-qualifies-seven-boxers-for-tokyo-olympics\\\/\"},\"author\":{\"name\":\"OnCuba Staff\",\"@id\":\"https:\\\/\\\/oncubanews.com\\\/en\\\/#\\\/schema\\\/person\\\/d7171bf311032ab1f557dd8332e714af\"},\"headline\":\"Cuba qualifies seven boxers for Tokyo Olympics\",\"datePublished\":\"2021-05-14T15:13:04+00:00\",\"dateModified\":\"2021-05-14T15:13:54+00:00\",\"mainEntityOfPage\":{\"@id\":\"https:\\\/\\\/oncubanews.com\\\/en\\\/sports\\\/boxing\\\/cuba-qualifies-seven-boxers-for-tokyo-olympics\\\/\"},\"wordCount\":265,\"commentCount\":0,\"image\":{\"@id\":\"https:\\\/\\\/oncubanews.com\\\/en\\\/sports\\\/boxing\\\/cuba-qualifies-seven-boxers-for-tokyo-olympics\\\/#primaryimage\"},\"thumbnailUrl\":\"https:\\\/\\\/oncubanews.com\\\/en\\\/wp-content\\\/uploads\\\/2021\\\/05\\\/boxeo_otm__2.jpg\",\"keywords\":[\"Cuban boxing\",\"Cuban sports\"],\"articleSection\":[\"Boxing\"],\"inLanguage\":\"en-US\",\"potentialAction\":[{\"@type\":\"CommentAction\",\"name\":\"Comment\",\"target\":[\"https:\\\/\\\/oncubanews.com\\\/en\\\/sports\\\/boxing\\\/cuba-qualifies-seven-boxers-for-tokyo-olympics\\\/#respond\"]}],\"copyrightYear\":\"2021\",\"copyrightHolder\":{\"@id\":\"https:\\\/\\\/oncubanews.com\\\/en\\\/#organization\"}},{\"@type\":\"WebPage\",\"@id\":\"https:\\\/\\\/oncubanews.com\\\/en\\\/sports\\\/boxing\\\/cuba-qualifies-seven-boxers-for-tokyo-olympics\\\/\",\"url\":\"https:\\\/\\\/oncubanews.com\\\/en\\\/sports\\\/boxing\\\/cuba-qualifies-seven-boxers-for-tokyo-olympics\\\/\",\"name\":\"Cuba qualifies seven boxers for Tokyo Olympics | OnCubaNews English\",\"isPartOf\":{\"@id\":\"https:\\\/\\\/oncubanews.com\\\/en\\\/#website\"},\"primaryImageOfPage\":{\"@id\":\"https:\\\/\\\/oncubanews.com\\\/en\\\/sports\\\/boxing\\\/cuba-qualifies-seven-boxers-for-tokyo-olympics\\\/#primaryimage\"},\"image\":{\"@id\":\"https:\\\/\\\/oncubanews.com\\\/en\\\/sports\\\/boxing\\\/cuba-qualifies-seven-boxers-for-tokyo-olympics\\\/#primaryimage\"},\"thumbnailUrl\":\"https:\\\/\\\/oncubanews.com\\\/en\\\/wp-content\\\/uploads\\\/2021\\\/05\\\/boxeo_otm__2.jpg\",\"datePublished\":\"2021-05-14T15:13:04+00:00\",\"dateModified\":\"2021-05-14T15:13:54+00:00\",\"author\":{\"@id\":\"https:\\\/\\\/oncubanews.com\\\/en\\\/#\\\/schema\\\/person\\\/d7171bf311032ab1f557dd8332e714af\"},\"description\":\"The Pan American Boxing Pre-Olympic, which was scheduled to take place from May 10 to 16 in Buenos Aires and was canceled due to the coronavirus, had planned 33 spots for men and 16 for women in the American continent.\",\"breadcrumb\":{\"@id\":\"https:\\\/\\\/oncubanews.com\\\/en\\\/sports\\\/boxing\\\/cuba-qualifies-seven-boxers-for-tokyo-olympics\\\/#breadcrumb\"},\"inLanguage\":\"en-US\",\"potentialAction\":[{\"@type\":\"ReadAction\",\"target\":[\"https:\\\/\\\/oncubanews.com\\\/en\\\/sports\\\/boxing\\\/cuba-qualifies-seven-boxers-for-tokyo-olympics\\\/\"]}]},{\"@type\":\"ImageObject\",\"inLanguage\":\"en-US\",\"@id\":\"https:\\\/\\\/oncubanews.com\\\/en\\\/sports\\\/boxing\\\/cuba-qualifies-seven-boxers-for-tokyo-olympics\\\/#primaryimage\",\"url\":\"https:\\\/\\\/oncubanews.com\\\/en\\\/wp-content\\\/uploads\\\/2021\\\/05\\\/boxeo_otm__2.jpg\",\"contentUrl\":\"https:\\\/\\\/oncubanews.com\\\/en\\\/wp-content\\\/uploads\\\/2021\\\/05\\\/boxeo_otm__2.jpg\",\"width\":1024,\"height\":683,\"caption\":\"Photo: Otmaro Rodr\u00edguez\\\/ Archive\"},{\"@type\":\"BreadcrumbList\",\"@id\":\"https:\\\/\\\/oncubanews.com\\\/en\\\/sports\\\/boxing\\\/cuba-qualifies-seven-boxers-for-tokyo-olympics\\\/#breadcrumb\",\"itemListElement\":[{\"@type\":\"ListItem\",\"position\":1,\"name\":\"Portada\",\"item\":\"https:\\\/\\\/oncubanews.com\\\/en\\\/\"},{\"@type\":\"ListItem\",\"position\":2,\"name\":\"Cuba qualifies seven boxers for Tokyo Olympics\"}]},{\"@type\":\"WebSite\",\"@id\":\"https:\\\/\\\/oncubanews.com\\\/en\\\/#website\",\"url\":\"https:\\\/\\\/oncubanews.com\\\/en\\\/\",\"name\":\"OnCubaNews English\",\"description\":\"Revista sobre Cuba\",\"potentialAction\":[{\"@type\":\"SearchAction\",\"target\":{\"@type\":\"EntryPoint\",\"urlTemplate\":\"https:\\\/\\\/oncubanews.com\\\/en\\\/?s={search_term_string}\"},\"query-input\":{\"@type\":\"PropertyValueSpecification\",\"valueRequired\":true,\"valueName\":\"search_term_string\"}}],\"inLanguage\":\"en-US\"},{\"@type\":\"Person\",\"@id\":\"https:\\\/\\\/oncubanews.com\\\/en\\\/#\\\/schema\\\/person\\\/d7171bf311032ab1f557dd8332e714af\",\"name\":\"OnCuba Staff\",\"image\":{\"@type\":\"ImageObject\",\"inLanguage\":\"en-US\",\"@id\":\"https:\\\/\\\/secure.gravatar.com\\\/avatar\\\/4b4c4d6109baadde898bb1af22ea4a4af5f4417b86a5d1800bf17531bfb128fc?s=96&r=g17310096d4dde63ebae0e54fbb19218a\",\"url\":\"https:\\\/\\\/secure.gravatar.com\\\/avatar\\\/4b4c4d6109baadde898bb1af22ea4a4af5f4417b86a5d1800bf17531bfb128fc?s=96&r=g\",\"contentUrl\":\"https:\\\/\\\/secure.gravatar.com\\\/avatar\\\/4b4c4d6109baadde898bb1af22ea4a4af5f4417b86a5d1800bf17531bfb128fc?s=96&r=g\",\"caption\":\"OnCuba Staff\"},\"url\":\"https:\\\/\\\/oncubanews.com\\\/en\\\/author\\\/oncuba-editorial-staff\\\/\"}]}<\/script>\n<!-- \/ Yoast SEO plugin. -->","yoast_head_json":{"title":"Cuba qualifies seven boxers for Tokyo Olympics | OnCubaNews English","description":"The Pan American Boxing Pre-Olympic, which was scheduled to take place from May 10 to 16 in Buenos Aires and was canceled due to the coronavirus, had planned 33 spots for men and 16 for women in the American continent.","robots":{"index":"index","follow":"follow","max-snippet":"max-snippet:-1","max-image-preview":"max-image-preview:large","max-video-preview":"max-video-preview:-1"},"canonical":"https:\/\/oncubanews.com\/en\/sports\/boxing\/cuba-qualifies-seven-boxers-for-tokyo-olympics\/","og_locale":"en_US","og_type":"article","og_title":"Cuba qualifies seven boxers for Tokyo Olympics | OnCubaNews English","og_description":"The Pan American Boxing Pre-Olympic, which was scheduled to take place from May 10 to 16 in Buenos Aires and was canceled due to the coronavirus, had planned 33 spots for men and 16 for women in the American continent.","og_url":"https:\/\/oncubanews.com\/en\/sports\/boxing\/cuba-qualifies-seven-boxers-for-tokyo-olympics\/","og_site_name":"OnCubaNews English","article_published_time":"2021-05-14T15:13:04+00:00","article_modified_time":"2021-05-14T15:13:54+00:00","og_image":[{"width":1024,"height":683,"url":"https:\/\/oncubanews.com\/en\/wp-content\/uploads\/2021\/05\/boxeo_otm__2.jpg","type":"image\/jpeg"}],"author":"EFE, OnCuba Staff","twitter_card":"summary_large_image","twitter_misc":{"Written by":"OnCuba Staff","Est. reading time":"2 minutes"},"schema":{"@context":"https:\/\/schema.org","@graph":[{"@type":"Article","@id":"https:\/\/oncubanews.com\/en\/sports\/boxing\/cuba-qualifies-seven-boxers-for-tokyo-olympics\/#article","isPartOf":{"@id":"https:\/\/oncubanews.com\/en\/sports\/boxing\/cuba-qualifies-seven-boxers-for-tokyo-olympics\/"},"author":{"name":"OnCuba Staff","@id":"https:\/\/oncubanews.com\/en\/#\/schema\/person\/d7171bf311032ab1f557dd8332e714af"},"headline":"Cuba qualifies seven boxers for Tokyo Olympics","datePublished":"2021-05-14T15:13:04+00:00","dateModified":"2021-05-14T15:13:54+00:00","mainEntityOfPage":{"@id":"https:\/\/oncubanews.com\/en\/sports\/boxing\/cuba-qualifies-seven-boxers-for-tokyo-olympics\/"},"wordCount":265,"commentCount":0,"image":{"@id":"https:\/\/oncubanews.com\/en\/sports\/boxing\/cuba-qualifies-seven-boxers-for-tokyo-olympics\/#primaryimage"},"thumbnailUrl":"https:\/\/oncubanews.com\/en\/wp-content\/uploads\/2021\/05\/boxeo_otm__2.jpg","keywords":["Cuban boxing","Cuban sports"],"articleSection":["Boxing"],"inLanguage":"en-US","potentialAction":[{"@type":"CommentAction","name":"Comment","target":["https:\/\/oncubanews.com\/en\/sports\/boxing\/cuba-qualifies-seven-boxers-for-tokyo-olympics\/#respond"]}],"copyrightYear":"2021","copyrightHolder":{"@id":"https:\/\/oncubanews.com\/en\/#organization"}},{"@type":"WebPage","@id":"https:\/\/oncubanews.com\/en\/sports\/boxing\/cuba-qualifies-seven-boxers-for-tokyo-olympics\/","url":"https:\/\/oncubanews.com\/en\/sports\/boxing\/cuba-qualifies-seven-boxers-for-tokyo-olympics\/","name":"Cuba qualifies seven boxers for Tokyo Olympics | OnCubaNews English","isPartOf":{"@id":"https:\/\/oncubanews.com\/en\/#website"},"primaryImageOfPage":{"@id":"https:\/\/oncubanews.com\/en\/sports\/boxing\/cuba-qualifies-seven-boxers-for-tokyo-olympics\/#primaryimage"},"image":{"@id":"https:\/\/oncubanews.com\/en\/sports\/boxing\/cuba-qualifies-seven-boxers-for-tokyo-olympics\/#primaryimage"},"thumbnailUrl":"https:\/\/oncubanews.com\/en\/wp-content\/uploads\/2021\/05\/boxeo_otm__2.jpg","datePublished":"2021-05-14T15:13:04+00:00","dateModified":"2021-05-14T15:13:54+00:00","author":{"@id":"https:\/\/oncubanews.com\/en\/#\/schema\/person\/d7171bf311032ab1f557dd8332e714af"},"description":"The Pan American Boxing Pre-Olympic, which was scheduled to take place from May 10 to 16 in Buenos Aires and was canceled due to the coronavirus, had planned 33 spots for men and 16 for women in the American continent.","breadcrumb":{"@id":"https:\/\/oncubanews.com\/en\/sports\/boxing\/cuba-qualifies-seven-boxers-for-tokyo-olympics\/#breadcrumb"},"inLanguage":"en-US","potentialAction":[{"@type":"ReadAction","target":["https:\/\/oncubanews.com\/en\/sports\/boxing\/cuba-qualifies-seven-boxers-for-tokyo-olympics\/"]}]},{"@type":"ImageObject","inLanguage":"en-US","@id":"https:\/\/oncubanews.com\/en\/sports\/boxing\/cuba-qualifies-seven-boxers-for-tokyo-olympics\/#primaryimage","url":"https:\/\/oncubanews.com\/en\/wp-content\/uploads\/2021\/05\/boxeo_otm__2.jpg","contentUrl":"https:\/\/oncubanews.com\/en\/wp-content\/uploads\/2021\/05\/boxeo_otm__2.jpg","width":1024,"height":683,"caption":"Photo: Otmaro Rodr\u00edguez\/ Archive"},{"@type":"BreadcrumbList","@id":"https:\/\/oncubanews.com\/en\/sports\/boxing\/cuba-qualifies-seven-boxers-for-tokyo-olympics\/#breadcrumb","itemListElement":[{"@type":"ListItem","position":1,"name":"Portada","item":"https:\/\/oncubanews.com\/en\/"},{"@type":"ListItem","position":2,"name":"Cuba qualifies seven boxers for Tokyo Olympics"}]},{"@type":"WebSite","@id":"https:\/\/oncubanews.com\/en\/#website","url":"https:\/\/oncubanews.com\/en\/","name":"OnCubaNews English","description":"Revista sobre Cuba","potentialAction":[{"@type":"SearchAction","target":{"@type":"EntryPoint","urlTemplate":"https:\/\/oncubanews.com\/en\/?s={search_term_string}"},"query-input":{"@type":"PropertyValueSpecification","valueRequired":true,"valueName":"search_term_string"}}],"inLanguage":"en-US"},{"@type":"Person","@id":"https:\/\/oncubanews.com\/en\/#\/schema\/person\/d7171bf311032ab1f557dd8332e714af","name":"OnCuba Staff","image":{"@type":"ImageObject","inLanguage":"en-US","@id":"https:\/\/secure.gravatar.com\/avatar\/4b4c4d6109baadde898bb1af22ea4a4af5f4417b86a5d1800bf17531bfb128fc?s=96&r=g17310096d4dde63ebae0e54fbb19218a","url":"https:\/\/secure.gravatar.com\/avatar\/4b4c4d6109baadde898bb1af22ea4a4af5f4417b86a5d1800bf17531bfb128fc?s=96&r=g","contentUrl":"https:\/\/secure.gravatar.com\/avatar\/4b4c4d6109baadde898bb1af22ea4a4af5f4417b86a5d1800bf17531bfb128fc?s=96&r=g","caption":"OnCuba Staff"},"url":"https:\/\/oncubanews.com\/en\/author\/oncuba-editorial-staff\/"}]}},"authors":[{"term_id":17270,"user_id":0,"is_guest":1,"slug":"cap-efe","display_name":"EFE","avatar_url":"https:\/\/secure.gravatar.com\/avatar\/?s=96&r=g","0":null,"1":"","2":"","3":"","4":"","5":"","6":"","7":"","8":""},{"term_id":33546,"user_id":3134,"is_guest":0,"slug":"oncuba-editorial-staff","display_name":"OnCuba Staff","avatar_url":"https:\/\/secure.gravatar.com\/avatar\/4b4c4d6109baadde898bb1af22ea4a4af5f4417b86a5d1800bf17531bfb128fc?s=96&r=g","0":null,"1":"","2":"","3":"","4":"","5":"","6":"","7":"","8":""}],"_links":{"self":[{"href":"https:\/\/oncubanews.com\/en\/wp-json\/wp\/v2\/posts\/238943","targetHints":{"allow":["GET"]}}],"collection":[{"href":"https:\/\/oncubanews.com\/en\/wp-json\/wp\/v2\/posts"}],"about":[{"href":"https:\/\/oncubanews.com\/en\/wp-json\/wp\/v2\/types\/post"}],"author":[{"embeddable":true,"href":"https:\/\/oncubanews.com\/en\/wp-json\/wp\/v2\/users\/3134"}],"replies":[{"embeddable":true,"href":"https:\/\/oncubanews.com\/en\/wp-json\/wp\/v2\/comments?post=238943"}],"version-history":[{"count":0,"href":"https:\/\/oncubanews.com\/en\/wp-json\/wp\/v2\/posts\/238943\/revisions"}],"wp:featuredmedia":[{"embeddable":true,"href":"https:\/\/oncubanews.com\/en\/wp-json\/wp\/v2\/media\/238948"}],"wp:attachment":[{"href":"https:\/\/oncubanews.com\/en\/wp-json\/wp\/v2\/media?parent=238943"}],"wp:term":[{"taxonomy":"category","embeddable":true,"href":"https:\/\/oncubanews.com\/en\/wp-json\/wp\/v2\/categories?post=238943"},{"taxonomy":"post_tag","embeddable":true,"href":"https:\/\/oncubanews.com\/en\/wp-json\/wp\/v2\/tags?post=238943"},{"taxonomy":"author","embeddable":true,"href":"https:\/\/oncubanews.com\/en\/wp-json\/wp\/v2\/ppma_author?post=238943"}],"curies":[{"name":"wp","href":"https:\/\/api.w.org\/{rel}","templated":true}]}}