
{"id":240013,"date":"2021-06-07T09:53:44","date_gmt":"2021-06-07T13:53:44","guid":{"rendered":"https:\/\/oncubanews.com\/en\/?p=240013"},"modified":"2021-06-07T09:53:44","modified_gmt":"2021-06-07T13:53:44","slug":"dont-say-storm-say-ana-fidelia-quiros","status":"publish","type":"post","link":"https:\/\/oncubanews.com\/en\/sports\/athletics\/dont-say-storm-say-ana-fidelia-quiros\/","title":{"rendered":"Don\u2019t say storm, say Ana Fidelia Quir\u00f3s"},"content":{"rendered":"<p><span style=\"font-weight: 400;\">It\u2019s a crime that Cuban cinema has not dedicated a feature film to Ana Fidelia Quir\u00f3s (Palma Soriano, 1963), the indomitable storm that circled the track twice at an indescribable pace. Her life has everything to put together a script that would perfectly intertwine human talent with her will for sacrifice to come out ahead in the most difficult moments.<\/span><\/p>\n<p><span style=\"font-weight: 400;\">The plot would have its starting point in Maribel, a neighborhood in Palma Soriano where Ana Fidelia won her first races, not on a track, but in parks and roads. There she began her training, her take-off until she became the best runner of her generation and the fifth at the international level who has devoured the fastest the 800 meters in the history of athletics.<\/span><\/p>\n<p><span style=\"font-weight: 400;\">Then would come the tragic chapter, the accident that put her on the brink of death, and the subsequent recovery \u2014 almost miraculous \u2014 that allowed her to return to the tracks with a force never seen before, to the point of registering her name as the only Cuban Olympic multi-medalist runner in individual events.<\/span><\/p>\n<p><span style=\"font-weight: 400;\">Those are, broadly speaking, the cardinal points in the history of Ana Fidelia, the last great star of the Cuban tracks, a woman who never loses her smile and who still transmits that feeling of inexhaustible strength, with which she imposes on us an extremely fast pace from the first curve and leads us to a fabulous race, full of revelations.<\/span><\/p>\n<figure id=\"attachment_342082\" aria-describedby=\"caption-attachment-342082\" style=\"width: 2000px\" class=\"wp-caption alignnone\"><img loading=\"lazy\" decoding=\"async\" class=\"lazyloaded wp-image-342082 size-full\" title=\"Ana Fidelia Quir\u00f3s is one of the essential names in the history of Cuban athletics and sports. Photo: Anders Wiklund.\" src=\"https:\/\/oncubanews.com\/wp-content\/uploads\/2021\/06\/ana-fidelia.jpg\" sizes=\"auto, (max-width: 2000px) 100vw, 2000px\" srcset=\"https:\/\/oncubanews.com\/wp-content\/uploads\/2021\/06\/ana-fidelia.jpg 2000w, https:\/\/oncubanews.com\/wp-content\/uploads\/2021\/06\/ana-fidelia-300x204.jpg 300w, https:\/\/oncubanews.com\/wp-content\/uploads\/2021\/06\/ana-fidelia-1024x698.jpg 1024w, https:\/\/oncubanews.com\/wp-content\/uploads\/2021\/06\/ana-fidelia-768x523.jpg 768w, https:\/\/oncubanews.com\/wp-content\/uploads\/2021\/06\/ana-fidelia-1536x1047.jpg 1536w, https:\/\/oncubanews.com\/wp-content\/uploads\/2021\/06\/ana-fidelia-750x511.jpg 750w, https:\/\/oncubanews.com\/wp-content\/uploads\/2021\/06\/ana-fidelia-1140x777.jpg 1140w\" alt=\"\" width=\"2000\" height=\"1363\" data-src=\"https:\/\/oncubanews.com\/wp-content\/uploads\/2021\/06\/ana-fidelia.jpg\" data-srcset=\"https:\/\/oncubanews.com\/wp-content\/uploads\/2021\/06\/ana-fidelia.jpg 2000w, https:\/\/oncubanews.com\/wp-content\/uploads\/2021\/06\/ana-fidelia-300x204.jpg 300w, https:\/\/oncubanews.com\/wp-content\/uploads\/2021\/06\/ana-fidelia-1024x698.jpg 1024w, https:\/\/oncubanews.com\/wp-content\/uploads\/2021\/06\/ana-fidelia-768x523.jpg 768w, https:\/\/oncubanews.com\/wp-content\/uploads\/2021\/06\/ana-fidelia-1536x1047.jpg 1536w, https:\/\/oncubanews.com\/wp-content\/uploads\/2021\/06\/ana-fidelia-750x511.jpg 750w, https:\/\/oncubanews.com\/wp-content\/uploads\/2021\/06\/ana-fidelia-1140x777.jpg 1140w\" data-pin-no-hover=\"true\" \/><figcaption id=\"caption-attachment-342082\" class=\"wp-caption-text\">Ana Fidelia Quir\u00f3s is one of the essential names in the history of Cuban athletics and sports. Photo: Anders Wiklund.<\/figcaption><\/figure>\n<p><b><i>What are roots for Ana Fidelia?<\/i><\/b><\/p>\n<p><span style=\"font-weight: 400;\">I always talk about my roots because I have not forgotten the humble neighborhood where I started in sports, my people, my friends, and because one must be consistent and grateful to the people who love you, to the people who supported you, to your people, to your family. I don\u2019t do it as often anymore because of all the activities and now because of the pandemic, but I like to go back there, walk the streets of Palma Soriano, walk down the river as I used to do&#8230;.<\/span><\/p>\n<p><span style=\"font-weight: 400;\">I love to go back and talk with people, remember happy moments from my childhood, from when I was little. Every time I go and walk through Maribel, my neighborhood, people don\u2019t let me get to my house. I always see my relatives last, because on every corner I have to greet someone. It is something that characterizes us Cubans; being unassuming, being kind, and being grateful.<\/span><\/p>\n<p><span style=\"font-weight: 400;\">I am very grateful to all the people in Palma who influenced my growth as an athlete. For them I will always be \u201cLa Pille,\u201d that\u2019s how they called me and still call me. All of this is part of our identity, of our roots.<\/span><\/p>\n<p><b><i>Palma Soriano has as many Olympic and world champions and medalists as many countries. What is the territory\u2019s secret?<\/i><\/b><\/p>\n<p><span style=\"font-weight: 400;\">What\u2019s happened with Palma has been going on for a long time and it is not about one or two disciplines, because we have champions in wrestling, judo, boxing, athletics, baseball, fencing, basketball&#8230;. The pioneer in the sport is Ram\u00f3n Echevarr\u00eda, catcher of the Oriente teams and of the national team in the 1960s, and later in baseball there were Orestes Kindel\u00e1n, Antonio Pacheco&#8230;.<\/span><\/p>\n<p><span style=\"font-weight: 400;\">But that\u2019s not all. Guillermo Betancourt was a silver medalist in foil at the Barcelona Olympic Games, Estela Rodr\u00edguez shone in judo, the Caballero brothers in basketball. And so many more, so much so that, for example, if Palma Soriano competed as a country it would have been among the top ten in the table of medals at the Pan American Games in Havana in 1991.<\/span><\/p>\n<p><span style=\"font-weight: 400;\">I think that boom has to do with how future athletes were attracted. I remember that when I started in sports, I saw how coaches, without having a designed program, went to schools and looked for children who liked sports, those with the best somatotype, the fastest, the tallest, and tried to \u201cwoo\u201d them to do physical activities.<\/span><\/p>\n<p><span style=\"font-weight: 400;\">Starting that, a period of splendor came that today we need to recover, because the results we have in the sports field are not even remotely the same.<\/span><\/p>\n<p><b><i>What has changed and what has caused this setback? Do you see many differences between the talent recruitment and development process of 50 years ago and today?<\/i><\/b><\/p>\n<p><span style=\"font-weight: 400;\">From my perspective, the grassroots work, which for decades was one of the main strengths of the Cuban sports movement, has been lost a bit. Before, the teacher of the area had to go out, without anyone sending him, to observe everything there was in the schools, to look for kids with certain qualities. The fundamental objective was to bring as many athletes as possible to the Provincial Games so that the municipality would stand out. I don\u2019t see that now.<\/span><\/p>\n<p><span style=\"font-weight: 400;\">It\u2019s true that times have changed, they are different times, but one has to find motivation on one\u2019s own, set goals for oneself and work to achieve them. I think that from the moment you have a result, then the incentives can come, but you have to earn it. Before there were no free awards, good coaches were recognized for the number of athletes they managed to take to higher levels.<\/span><\/p>\n<p><span style=\"font-weight: 400;\">That\u2019s why I think you have to do a bit of awareness, encourage the work of the coaches, the activists, the physical education teachers, because many of the athletes who have formed part of national teams at different times come from those same classes. I myself was selected for what I did at school, and so was my sister.<\/span><\/p>\n<p><span style=\"font-weight: 400;\">I think we must see what was done in the past and take the best, the positive, what can be adapted to the new, and apply it together with modern trends for the recruitment and training of talents. This is an essential way to recover, little by little, the level of the Cuban sports movement.<\/span><\/p>\n<figure id=\"attachment_342080\" aria-describedby=\"caption-attachment-342080\" style=\"width: 1140px\" class=\"wp-caption alignnone\"><img loading=\"lazy\" decoding=\"async\" class=\"lazyloaded wp-image-342080 size-full\" title=\"In a room in her home, Ana Fidelia Quir\u00f3s keeps many of the medals and awards she received during her career. Photo: Otmaro Rodr\u00edguez.\" src=\"https:\/\/oncubanews.com\/wp-content\/uploads\/2021\/06\/Ana-Fidelia_otm_5.jpg\" sizes=\"auto, (max-width: 1140px) 100vw, 1140px\" srcset=\"https:\/\/oncubanews.com\/wp-content\/uploads\/2021\/06\/Ana-Fidelia_otm_5.jpg 1140w, https:\/\/oncubanews.com\/wp-content\/uploads\/2021\/06\/Ana-Fidelia_otm_5-300x200.jpg 300w, https:\/\/oncubanews.com\/wp-content\/uploads\/2021\/06\/Ana-Fidelia_otm_5-1024x683.jpg 1024w, https:\/\/oncubanews.com\/wp-content\/uploads\/2021\/06\/Ana-Fidelia_otm_5-768x512.jpg 768w, https:\/\/oncubanews.com\/wp-content\/uploads\/2021\/06\/Ana-Fidelia_otm_5-750x500.jpg 750w\" alt=\"\" width=\"1140\" height=\"760\" data-src=\"https:\/\/oncubanews.com\/wp-content\/uploads\/2021\/06\/Ana-Fidelia_otm_5.jpg\" data-srcset=\"https:\/\/oncubanews.com\/wp-content\/uploads\/2021\/06\/Ana-Fidelia_otm_5.jpg 1140w, https:\/\/oncubanews.com\/wp-content\/uploads\/2021\/06\/Ana-Fidelia_otm_5-300x200.jpg 300w, https:\/\/oncubanews.com\/wp-content\/uploads\/2021\/06\/Ana-Fidelia_otm_5-1024x683.jpg 1024w, https:\/\/oncubanews.com\/wp-content\/uploads\/2021\/06\/Ana-Fidelia_otm_5-768x512.jpg 768w, https:\/\/oncubanews.com\/wp-content\/uploads\/2021\/06\/Ana-Fidelia_otm_5-750x500.jpg 750w\" data-pin-no-hover=\"true\" \/><figcaption id=\"caption-attachment-342080\" class=\"wp-caption-text\">In a room in her home, Ana Fidelia Quir\u00f3s keeps many of the medals and awards she received during her career. Photo: Otmaro Rodr\u00edguez.<\/figcaption><\/figure>\n<p><b><i>Who discovered Ana Fidelia?<\/i><\/b><\/p>\n<p><span style=\"font-weight: 400;\">As I already told you, everything starts with physical education. I really liked running and doing any sporting activity, whether volleyball or basketball, and I liked to compete. In the relays, if my team was at a disadvantage, I would go out and put it ahead.<\/span><\/p>\n<p><span style=\"font-weight: 400;\">Then, one day in October 1974, Professor H\u00e9ctor took me and a group of girls from the Primero de Mayo school to do some physical efficiency tests at the Jos\u00e9 Mart\u00ed Sports Center, in Palma Soriano. I ran 20 meters and Jos\u00e9 Luis Ara\u00f1ado, who took my time, was impressed.<\/span><\/p>\n<p><span style=\"font-weight: 400;\">Right away he told Juan Heredia Salazar, who would later be my first coach, and they both talked with me to see if I wanted to do sports. At that time, I was in a special school because I had problems with mathematics, but I overcame them; they took me out of that center and I started practicing athletics in the mornings and in the afternoon I received classes.<\/span><\/p>\n<p><span style=\"font-weight: 400;\">More or less that\u2019s the story of how they discovered me. I only remember that everything was very fast, already at 12 I was competing with athletes older than me and I was beating them. Shortly after, I would be representing Cuba in an international tournament in Hungary.<\/span><\/p>\n<p><b><i>What was the youthful Ana Fidelia like? What were your dreams in those 1970s?<\/i><\/b><\/p>\n<p><span style=\"font-weight: 400;\">My dream was to represent Cuba in the Olympic Games, especially after the rage unleashed with Juantorena\u2019s two titles in Montreal (1976). Imagine then how I felt when I was with him, Silvio Leonard or Alejandro Casa\u00f1as on the same team during the Central American and Caribbean Games in Medellin in 1978.<\/span><\/p>\n<p><span style=\"font-weight: 400;\">I was a 14-15-year-old girl when I competed there in the 4 \u00d7 400 relay and I felt that I was in the clouds, because it is an event of great magnitude and, in addition, I had the opportunity to be next to those stars. It was a great inspiration and motivation to work and try to be like them.<\/span><\/p>\n<p><b><i>Your <\/i><\/b><a href=\"https:\/\/worldathletics.org\/athletes\/cuba\/ana-fidelia-quirot-14263414\" target=\"_blank\" rel=\"noopener\"><b><i>progression<\/i><\/b><\/a><b><i> as a runner was meteoric and at 26 you already had the fifth best record of all time (1:54.44 minutes) in <\/i><\/b><a href=\"https:\/\/worldathletics.org\/records\/all-time-toplists\/middle-long\/800-metres\/outdoor\/women\/senior?regionType=world&amp;timing=electronic&amp;page=1&amp;bestResultsOnly=false&amp;firstDay=1899-12-31&amp;lastDay=2021-05-14\" target=\"_blank\" rel=\"noopener\"><b><i>800 meters<\/i><\/b><\/a><b><i>, as well as the national and continental record. What were the keys to preparation in those first years in the elite?<\/i><\/b><\/p>\n<p><span style=\"font-weight: 400;\">The most important thing was to achieve continuity when I was in good shape, and to know how to recover when I went through a bad moment. You have to deal with both, because the life of an athlete is one of constant ups and downs.<\/span><\/p>\n<p><span style=\"font-weight: 400;\">For example, during the 1980-1981 period I was removed from the national team due to a supposed drop in my performance and because I had returned from an international event a little overweight. I kept running fast and my criteria was that they had made a wrong decision, but I did not protest too much, I only focused on working and training hard.<\/span><\/p>\n<p><span style=\"font-weight: 400;\">In the end, in 1981, I got my place back. I never gave up, I knew that I was not finished, that I had youth, desire to continue in the sport and support from many people, and with that I got ahead. Now, both in these circumstances and when everything is fine, the fundamental thing is to do your best.<\/span><\/p>\n<p><span style=\"font-weight: 400;\">I would get up early and go out to train along the beach or in Lenin Park. I would run barefoot on the sand from the M\u00e9gano to the end of Guanabo, or I would jump or do shot puts. I rested at noon and in the evening another three-hour training session. Therein lay the keys to success. I was never afraid of work, no matter how strong it was.<\/span><\/p>\n<p><b><i>You won more than 30 races in a row between 1987 and 1990. Did you see yourself as a champion at the 1988 Seoul Olympics?<\/i><\/b><\/p>\n<p><span style=\"font-weight: 400;\">Yes, I saw myself as an Olympic champion. Maybe not in 400 meters, but in the 800 I did see myself as a champion. I had beaten all the runners, even the Soviet one who took the 400 and I had defeated her in a Grand Prix before the Games. But hey, it was decided that Cuba would not participate and I had to withdraw without that title.<\/span><\/p>\n<figure id=\"attachment_342085\" aria-describedby=\"caption-attachment-342085\" style=\"width: 1140px\" class=\"wp-caption alignnone\"><img loading=\"lazy\" decoding=\"async\" class=\"lazyloaded wp-image-342085 size-full\" title=\"Ana Fidelia did not win the Olympic title on that occasion, but she was convinced that she would achieve gold at the 1988 Seoul Games, in which Cuba did not participate. Photo: Otmaro Rodr\u00edguez.\" src=\"https:\/\/oncubanews.com\/wp-content\/uploads\/2021\/06\/Ana-Fidelia_otm_3.jpg\" sizes=\"auto, (max-width: 1140px) 100vw, 1140px\" srcset=\"https:\/\/oncubanews.com\/wp-content\/uploads\/2021\/06\/Ana-Fidelia_otm_3.jpg 1140w, https:\/\/oncubanews.com\/wp-content\/uploads\/2021\/06\/Ana-Fidelia_otm_3-300x200.jpg 300w, https:\/\/oncubanews.com\/wp-content\/uploads\/2021\/06\/Ana-Fidelia_otm_3-1024x683.jpg 1024w, https:\/\/oncubanews.com\/wp-content\/uploads\/2021\/06\/Ana-Fidelia_otm_3-768x512.jpg 768w, https:\/\/oncubanews.com\/wp-content\/uploads\/2021\/06\/Ana-Fidelia_otm_3-750x500.jpg 750w\" alt=\"\" width=\"1140\" height=\"760\" data-src=\"https:\/\/oncubanews.com\/wp-content\/uploads\/2021\/06\/Ana-Fidelia_otm_3.jpg\" data-srcset=\"https:\/\/oncubanews.com\/wp-content\/uploads\/2021\/06\/Ana-Fidelia_otm_3.jpg 1140w, https:\/\/oncubanews.com\/wp-content\/uploads\/2021\/06\/Ana-Fidelia_otm_3-300x200.jpg 300w, https:\/\/oncubanews.com\/wp-content\/uploads\/2021\/06\/Ana-Fidelia_otm_3-1024x683.jpg 1024w, https:\/\/oncubanews.com\/wp-content\/uploads\/2021\/06\/Ana-Fidelia_otm_3-768x512.jpg 768w, https:\/\/oncubanews.com\/wp-content\/uploads\/2021\/06\/Ana-Fidelia_otm_3-750x500.jpg 750w\" data-pin-no-hover=\"true\" \/><figcaption id=\"caption-attachment-342085\" class=\"wp-caption-text\">Ana Fidelia did not win the Olympic title on that occasion, but she was convinced that she would achieve gold at the 1988 Seoul Games, in which Cuba did not participate. Photo: Otmaro Rodr\u00edguez.<\/figcaption><\/figure>\n<p><b><i>In the Olympic finals in Barcelona (1992), the Dutch Ellen van Langen \u2014 a woman who had never run below 1:56 and who never fell below that time again \u2014 recorded the best mark of her career and took the crown. To what extent were you surprised by that performance?<\/i><\/b><\/p>\n<p><span style=\"font-weight: 400;\">I knew that Van Langen was running well, as was Liliya Nurutdinova (the silver medal winner), who, by the way, it was discovered she was doped in 1993, a few months after the Games. That they were ahead of me in Barcelona did not surprise me, because that year was very difficult due to the few competitions with which I arrived at the Olympics.<\/span><\/p>\n<p><span style=\"font-weight: 400;\">I injured my right leg during the altitude training base that we did in Mexico and I couldn\u2019t do an intensity race, a misfortune, because I depended a lot on speed. Add to that the fact that, one month before the Games, my coach Blas Beato, who had taken me to the top, passed away.<\/span><\/p>\n<p><span style=\"font-weight: 400;\">They were all abnormal circumstances, mostly from a competitive point of view, because before my fundamental event each year I always had between 15 and 20 races in which I was progressively improving the records. In 1992 I did not run, and I felt it.<\/span><\/p>\n<p><span style=\"font-weight: 400;\">However, the fact of setting my best mark of the season in the finals, despite all the setbacks I had, gives me a certain level of satisfaction, because also, from a tactical point of view, my career was good and that allowed me win the bronze. The one who made a mistake in the strategy was Nurutdinova, who in the final stretch left a gap inside lane one for Van Langen and that did her in. In these races, if you want to pass, you have to pass on the outside, never on the inside.<\/span><\/p>\n<p><b><i>Was the Olympic title a pending account for you?<\/i><\/b><\/p>\n<p><span style=\"font-weight: 400;\">Definitely. Everyone prefers the gold medal, especially when you\u2019ve been at the top for so long, being the best runner in the world in that distance, winning every competition. Let\u2019s say I deserved the title, but the sport is like that. Sometimes you go to the top, make a tactical mistake and lose, as I did in 1996.<\/span><\/p>\n<p><span style=\"font-weight: 400;\">In Atlanta I was in great shape, but my strategy failed and I had to settle for silver, behind Russia\u2019s <\/span><a href=\"https:\/\/worldathletics.org\/athletes\/russia\/svetlana-masterkova-14298569\" target=\"_blank\" rel=\"noopener\"><span style=\"font-weight: 400;\">Svetlana Masterkova<\/span><\/a><span style=\"font-weight: 400;\">. Winning an Olympic gold is not easy, much less when you go alone, while some of the main rivals had teammates who ran for them. In 1996, (Yelena) Afanasyeva helped Masterkova a lot. I was alone against the world.<\/span><\/p>\n<p><b><i>You speak of many rivals. Which one was the most difficult you faced in your career?<\/i><\/b><\/p>\n<p><a href=\"https:\/\/worldathletics.org\/athletes\/mozambique\/maria-de-lurdes-mutola-14291362\" target=\"_blank\" rel=\"noopener\"><span style=\"font-weight: 400;\">Mar\u00eda de Lurdes Mutola<\/span><\/a><span style=\"font-weight: 400;\">. She made me very uncomfortable, she was very strong, very fast and very competitive. Many of my main battles were against her, we won, we lost, but in a general sense I think we made each other better.<\/span><\/p>\n<p><span style=\"font-weight: 400;\">Mutola knew how far I could go and I liked to challenge her, push her to the limit, especially when they took her into account with the nickname of \u201chare\u201d to set relevant marks and they didn\u2019t even say anything about me. That happened, to tell you just one case, in 1997, during a competition in Cologne, Germany, 15 days after my victory at the World Cup in Athens.<\/span><\/p>\n<p><span style=\"font-weight: 400;\">If I was the world champion, the number one, what were the reasons for giving Mutola the nickname of \u201chare\u201d and not saying anything to me. It wasn\u2019t that I disliked her, but she did give me a lot of strength to show what I could do. And that race in Cologne is a good example, because even though everything was set up for Mutola to set a good time, despite the fact that Mutola pushed me at 600 meters and almost took me off the track, despite all that, I won with 1: 54.82, the tenth best mark of all time in the 800 meters.<\/span><\/p>\n<p><span style=\"font-weight: 400;\">But hey, regardless of these things, I have always had very good relationships with all my rivals. Mutola, Masterkova, Leticia Vriesde\u2026. I have tried to keep in touch with them after my retirement and show them my affection. I have written emails to them, although not all of them have responded.<\/span><\/p>\n<figure id=\"attachment_342086\" aria-describedby=\"caption-attachment-342086\" style=\"width: 450px\" class=\"wp-caption alignright\"><img loading=\"lazy\" decoding=\"async\" class=\"lazyloaded wp-image-342086\" title=\"Ana Fidelia Quir\u00f3s on a catwalk of the Clandestina brand in November 2019. Photo: Gabriel Guerra Bianchini.\" src=\"https:\/\/oncubanews.com\/wp-content\/uploads\/2021\/06\/glorias-deportivas-VISTAR-6.jpg\" sizes=\"auto, (max-width: 450px) 100vw, 450px\" srcset=\"https:\/\/oncubanews.com\/wp-content\/uploads\/2021\/06\/glorias-deportivas-VISTAR-6.jpg 768w, https:\/\/oncubanews.com\/wp-content\/uploads\/2021\/06\/glorias-deportivas-VISTAR-6-225x300.jpg 225w, https:\/\/oncubanews.com\/wp-content\/uploads\/2021\/06\/glorias-deportivas-VISTAR-6-750x1000.jpg 750w\" alt=\"\" width=\"450\" height=\"600\" data-src=\"https:\/\/oncubanews.com\/wp-content\/uploads\/2021\/06\/glorias-deportivas-VISTAR-6.jpg\" data-srcset=\"https:\/\/oncubanews.com\/wp-content\/uploads\/2021\/06\/glorias-deportivas-VISTAR-6.jpg 768w, https:\/\/oncubanews.com\/wp-content\/uploads\/2021\/06\/glorias-deportivas-VISTAR-6-225x300.jpg 225w, https:\/\/oncubanews.com\/wp-content\/uploads\/2021\/06\/glorias-deportivas-VISTAR-6-750x1000.jpg 750w\" data-pin-no-hover=\"true\" \/><figcaption id=\"caption-attachment-342086\" class=\"wp-caption-text\">Ana Fidelia Quir\u00f3s on a catwalk of the Clandestina brand in November 2019. Photo: Gabriel Guerra Bianchini.<\/figcaption><\/figure>\n<p><b><i>January 22, 1993. Have you ever counted the memories you have of that day?<\/i><\/b><\/p>\n<p><span style=\"font-weight: 400;\">One always recounts the pleasant, positive things, but not the ugly and sad things one has lived. That day was horrible for me, for my family. I thought my sports career was going to end, but with the support of the people who inspired me, with the support of Fidel who was in the hospital right from the beginning, I found the strength and reasons to get out of bed.<\/span><\/p>\n<p><span style=\"font-weight: 400;\">They were moments of great anguish for the family, of great suffering, because after the doctors saved my life came a very hard recovery process. Regaining mobility, not only for sports exercise, but for everyday life, was extremely painful. It was not so important that I return to sports as that I recover physically and mentally to lead a normal life.<\/span><\/p>\n<p><span style=\"font-weight: 400;\">Many people doubted my recovery, but I did not doubt, especially based on the verbal commitment I made to the Comandante (Fidel Castro), and the letters or phone calls of many people. From that, I had to get the \u201cextra\u201d of the champions.<\/span><\/p>\n<p><span style=\"font-weight: 400;\">Fortunately, with the support of Cuban medicine and psychology, I was able to join high-performance sports again. Fighting for it was the best decision I ever made. Visible effects may remain from the accident, but there were no internal consequences. I am a fulfilled person from many points of view, first because of the family that I have managed to form and because of the successes in my professional career.<\/span><\/p>\n<p><b><i>Before the accident you were an indisputable star, but afterwards you became a kind of fighting banner for many people who put you at the top of their altars. Were you fully aware that you had made such a deep impression among the Cuban and world fans?<\/i><\/b><\/p>\n<p><span style=\"font-weight: 400;\">I have always been unassuming, honest, modest, kind and that has allowed me to be very close to the fans all over the world. I have never believed that because I\u2019m a public figure or a glory I am better than others, nor do I have the right to look down on anyone. It is my way of being and nobody is going to change it; I will continue to be the same smiling Ana Fidelia. Even the accident didn\u2019t dampen my smile.<\/span><\/p>\n<p><span style=\"font-weight: 400;\">I say you can be a star, but to make a deep impression in the hearts of the people of your country or of any other place the most important thing is your way of being, your way of conducting yourself, your character, your behavior in front of anyone. Sometimes they greet me in the street and my son asks me if I know the people, but in reality that is the least of it. If someone greets you, why not smile back; if they ask me for a photo, why not say yes.<\/span><\/p>\n<p><span style=\"font-weight: 400;\">You have to be grateful, as they are with me. Sometimes they don\u2019t let me stand in line, or if I get in a car they won\u2019t let me pay. They are small details, but of great value, because they show me that people remember me and esteem me.<\/span><\/p>\n<p><span style=\"font-weight: 400;\">I\u2019ve seen champions, or artists, who may have more merits than me, but they do not transcend so much among the people because they are arrogant, conceited. If you are a public figure, you owe it to the people. In the end we are all human beings, equal.<\/span><\/p>\n<p><b>Fidel Castro said that \u201ca miracle of science and technology came together with a miracle of human will\u201d in order to save you. How much is there of a miracle, science and will in your recovery?<\/b><\/p>\n<p><span style=\"font-weight: 400;\">I think it\u2019s half and half. When I got to the hospital I had second and third degree burns on 38% of my body, and it was impossible to guarantee that I would be saved, so certainly some see it as a miracle. But, on the other hand, the doctors made an enormous effort and deserve all the credit for their work.<\/span><\/p>\n<p><span style=\"font-weight: 400;\">They won their Olympic medal for the treatment they gave me, for the attention, for their efforts, for their perseverance. They helped me to take my first steps inside the Hermanos Ameijeiras Hospital, where I did almost the entire rehabilitation process. I say that it\u2019s is my second home, and today I still have the best relations with the doctors and paramedics who treated me. I will be eternally grateful.<\/span><\/p>\n<p><span style=\"font-weight: 400;\">The other percent of the recovery is mine. I drew strength from where there was none because I wanted to live, and those desires always kept me firm and focused on achieving new goals. I know that many people doubted that I would make it back, but every time I heard anything negative about my rehabilitation, it didn\u2019t even bother me, that pushed me to work harder, to fight and fight.<\/span><\/p>\n<p><b><i>In a <\/i><\/b><a href=\"https:\/\/elpais.com\/diario\/1995\/08\/14\/deportes\/808351202_850215.html\" target=\"_blank\" rel=\"noopener\"><b><i>work<\/i><\/b><\/a><b><i> for the newspaper <\/i><\/b><b>El Pa\u00eds<\/b><b><i> from 1995 you say that you never thought of recovering your previous state, however, you achieved a very high level again. From an athletic point of view, when did you realize that you could regain your usual potential?<\/i><\/b><\/p>\n<p><span style=\"font-weight: 400;\">When Fidel saw me for the first time after the accident, he told me that it didn\u2019t matter if I didn\u2019t run again, the important thing was that I recover and that I could continue with my life. But I made the commitment to return to the tracks, I wanted to return to the tracks, which I never thought to do at such a good level.<\/span><\/p>\n<p><span style=\"font-weight: 400;\">He had many doubts because I had practically lost the mobility of my arms and neck, which made it very difficult to move in the race. This problem could not be solved in the short term, since I had to wait a year for plastic surgeries, as indicated in the protocol with burn injuries.<\/span><\/p>\n<p><span style=\"font-weight: 400;\">Despite these limitations, I managed to run in the Central American and Caribbean Games in Ponce at the end of 1993, only a few months after the accident. At that moment, without even being at 60% of my capacity, I won a silver medal and I understood that if I underwent the surgeries I could compete at the highest level again.<\/span><\/p>\n<p><span style=\"font-weight: 400;\">It was when I began an intense process of plastic and reconstructive surgeries to regain the oscillation of the arms and the mobility in the damaged parts of the upper body (the hands, the armpits, the neck). I didn\u2019t know if that would restore my strength, but I made it a point to go through all the necessary medical procedures and see if I could then get close to my best marks in training.<\/span><\/p>\n<p><span style=\"font-weight: 400;\">The subsequent physical preparation was very hard, but I saw the fruits right away. I remember that the illustrious Dr. Mario Granda always accompanied me to training sessions on the beach, on the Santa Mar\u00eda hill. I would run downhill and he was in the car; he traveled a stretch, stopped, took my pulse, returned at the other stretch, and so on. He told me that my ability to recover from one stretch to another was impressive.<\/span><\/p>\n<p><span style=\"font-weight: 400;\">I think that was only possible because of the physical base that I had from before the accident, that helped me a lot to train hard and have the possibility of competing at the highest level again.<\/span><\/p>\n<p><b><i>In November 1993, just ten months after the accident, you returned to the tracks at the Central American and Caribbean Games of Ponce in 1993. What memories do you have before the starting shot at the Francisco Montaner Stadium?<\/i><\/b><\/p>\n<p><span style=\"font-weight: 400;\">That race was the awakening. I remember people cheering for me in the stadium, and that gave me more confidence, it gave me strength to continue my big challenges, to really consider all surgical interventions.<\/span><\/p>\n<p><span style=\"font-weight: 400;\">I couldn\u2019t win. I had a significant competitive and training deficit, in addition to having a great rival in the Surinamese Leticia Vriesde, who had reached bronze at the Pan American Games in Havana. I ended up with the silver medal, but the most important thing is that I started to lose my stage fright in the conditions I was in.<\/span><\/p>\n<div class=\"jeg_video_container jeg_video_content\"><iframe loading=\"lazy\" title=\"Ponce 93 el regreso de Ana Fidelia CUBA\" width=\"500\" height=\"375\" src=\"https:\/\/www.youtube.com\/embed\/pcBQSYuo6vY?feature=oembed\" frameborder=\"0\" allow=\"accelerometer; autoplay; clipboard-write; encrypted-media; gyroscope; picture-in-picture; web-share\" referrerpolicy=\"strict-origin-when-cross-origin\" allowfullscreen><\/iframe><\/div>\n<p><b><i>The Ponce 1993, Goteborg 1995, Atlanta 1996 and Athens 1997 finals must have a special flavor for you. Could any of them be said to be the most important race of your life?<\/i><\/b><\/p>\n<p><span style=\"font-weight: 400;\">I have two important races. The first, due to the magnitude of the mark, was in 1989 at the Barcelona World Cup, when I made the 1:54.44, the fifth record of all time in the 800 meters and the best in Cuba and the Americas. At that time, I was unbeatable, in a spectacular physical shape.<\/span><\/p>\n<p><span style=\"font-weight: 400;\">Now, on top of that, even though I didn\u2019t achieve a superior result in terms of mark, is the 1995 World Cup finals in Goteborg, Sweden. It was August 13, I can\u2019t forget it. That day, after losing almost a year of competition, after being on the verge of death, I was number one on the planet again.<\/span><\/p>\n<p><span style=\"font-weight: 400;\">I remember that that season was not easy, because I did not have the time to compete in the World Cup. At that time, the International Association of Athletics Federations (IAAF) gave a classification mark and each country could modify it minimally, but Cuba has always been committed to having finalists in major events and therefore wanted athletes to meet IAAF requirements.<\/span><\/p>\n<p><span style=\"font-weight: 400;\">The problem is that here in Havana, having no rivals, it was practically impossible for me to achieve the qualifying mark. I tried it in the Cup and in the Barrientos and I did not go below two minutes. So it was decided that I should leave the country without the required registration, to look for it abroad. There were some doubts about that idea, but I was convinced that if I tried myself in six or seven races before the World Cup, I could get what the IAAF wanted.<\/span><\/p>\n<p><span style=\"font-weight: 400;\">And that\u2019s exactly how it was, in Monte Carlo, on July 25, 1995, I did 1:57.69 in a race that Mutola beat me with 1:57.40, both of us exhausted at the finish line. That was my mark for the Goteborg World Cup, where I lowered it even further to 1:56.11, and I took the gold.<\/span><\/p>\n<p>https:\/\/youtu.be\/CGO-GqvSN5Q<\/p>\n<p><span style=\"font-weight: 400;\">That final in Sweden was the race of my dreams, the race of my life, and the race of gratitude, above all else. Thanks to the people who supported me, who encouraged me; gratitude to Cuban medicine; gratitude to the one who never abandoned me: my dear Comandante Fidel Castro.<\/span><\/p>\n<p><b><i>Your last 800-meter race recorded by World Athletics is the final of the Central American and Caribbean Games in Maracaibo, Venezuela, in 1998, the year in which you weren\u2019t able to get below two minutes in any competition. Looking back, would you have preferred not to race that season?<\/i><\/b><\/p>\n<p><span style=\"font-weight: 400;\">I wanted to retire in 1998 and I didn\u2019t want to go to the Maracaibo Games, because I had not met the volume and intensity parameters in training, and had not participated in any competition. I got sick with hepatitis C and for a long time I was treated with Interferon, but I was not well, I could not achieve in the preparation things that I usually do with my eyes closed.<\/span><\/p>\n<p><span style=\"font-weight: 400;\">Look, I never stopped in a work session because of any pain, I never stopped, but that year I had to stop at different stages of the race. It was very difficult for me to maintain the pace and I did not feel prepared for those Central American and Caribbean Games, but they told me that I should be there as a standard bearer of the Games.<\/span><\/p>\n<p><span style=\"font-weight: 400;\">That\u2019s why I went to Maracaibo, but in the long run I was right. I didn\u2019t even enter the table of medals, despite the fact that the best in the 800 meters did not fall below two minutes. It was a very sad moment, because I would have liked to retire with a big bang.<\/span><\/p>\n<p><b><i>Doping has greatly affected sports, particularly athletics. In that sense you are one of the world stars who nothing can be pointed out to her. How does one manage to stay totally apart from these tendencies in which many rivals have used to help themselves? How to isolate yourself and say \u201cI\u2019m not going to fall for this\u201d?<\/i><\/b><\/p>\n<p><span style=\"font-weight: 400;\">The main thing is the education you get. In Cuba, since you start in high-performance sports, they tell you what doping is, that you can die young, that you can face different health problems or bear consequences as a human being.<\/span><\/p>\n<p><span style=\"font-weight: 400;\">Based on this, from that knowledge you learn, you can always stay away from doping in any of its manifestations. In Cuba we have always sought the best results, we have always been very competitive, but we have always ensured that we have healthy athletes, that when they retire they can lead a healthy life, form a family without risks.<\/span><\/p>\n<p><span style=\"font-weight: 400;\">In my case, I never took a spoonful of anything, it was difficult for me to take the recuperation drugs the medical staff gave us. They did hundreds of doping tests on me, I lost count, they even came to test me when I was pregnant. But my doping has always been to work hard, eat my training sessions and follow to the letter what the trainers told me.<\/span><\/p>\n<figure id=\"attachment_342087\" aria-describedby=\"caption-attachment-342087\" style=\"width: 1140px\" class=\"wp-caption alignnone\"><img loading=\"lazy\" decoding=\"async\" class=\"lazyloaded wp-image-342087 size-full\" title=\"\u201cMy doping has always been to work hard, eat my training sessions and follow to the letter what the trainers told me.\u201d Photo: Otmaro Rodr\u00edguez.\" src=\"https:\/\/oncubanews.com\/wp-content\/uploads\/2021\/06\/Ana-Fidelia_otm_8.jpg\" sizes=\"auto, (max-width: 1140px) 100vw, 1140px\" srcset=\"https:\/\/oncubanews.com\/wp-content\/uploads\/2021\/06\/Ana-Fidelia_otm_8.jpg 1140w, https:\/\/oncubanews.com\/wp-content\/uploads\/2021\/06\/Ana-Fidelia_otm_8-300x200.jpg 300w, https:\/\/oncubanews.com\/wp-content\/uploads\/2021\/06\/Ana-Fidelia_otm_8-1024x683.jpg 1024w, https:\/\/oncubanews.com\/wp-content\/uploads\/2021\/06\/Ana-Fidelia_otm_8-768x512.jpg 768w, https:\/\/oncubanews.com\/wp-content\/uploads\/2021\/06\/Ana-Fidelia_otm_8-750x500.jpg 750w\" alt=\"\" width=\"1140\" height=\"760\" data-src=\"https:\/\/oncubanews.com\/wp-content\/uploads\/2021\/06\/Ana-Fidelia_otm_8.jpg\" data-srcset=\"https:\/\/oncubanews.com\/wp-content\/uploads\/2021\/06\/Ana-Fidelia_otm_8.jpg 1140w, https:\/\/oncubanews.com\/wp-content\/uploads\/2021\/06\/Ana-Fidelia_otm_8-300x200.jpg 300w, https:\/\/oncubanews.com\/wp-content\/uploads\/2021\/06\/Ana-Fidelia_otm_8-1024x683.jpg 1024w, https:\/\/oncubanews.com\/wp-content\/uploads\/2021\/06\/Ana-Fidelia_otm_8-768x512.jpg 768w, https:\/\/oncubanews.com\/wp-content\/uploads\/2021\/06\/Ana-Fidelia_otm_8-750x500.jpg 750w\" data-pin-no-hover=\"true\" \/><figcaption id=\"caption-attachment-342087\" class=\"wp-caption-text\">\u201cMy doping has always been to work hard, eat my training sessions and follow to the letter what the trainers told me.\u201d Photo: Otmaro Rodr\u00edguez.<\/figcaption><\/figure>\n<p><b><i>Why hasn\u2019t a new Ana Fidelia emerged in Cuban athletics?<\/i><\/b><\/p>\n<p><span style=\"font-weight: 400;\">Some athletes who have been able to compete with good results at the international level have done very good races today and horrible ones tomorrow. It is a phenomenon to analyze. We have been characterized for having runners in the 800 meters, from Juantorena, Norberto T\u00e9llez or Zulia Calatayud, who to a greater or lesser extent based their success on the stability of their performance, which is not seen now, there are many fluctuations.<\/span><\/p>\n<p><span style=\"font-weight: 400;\">I have no intention to judge anyone, but I think that is largely due to a lack of discipline. The athletes of today are not like those of my time. I can\u2019t generalize, but many now question the coaches\u2019 plans and want to do whatever they want. To me, the coach told me \u201cturn upside down,\u201d and I turned upside down, because doing what he was telling me I was a world champion. Now there are athletes who get to have good results and then they don\u2019t want to listen to anyone.<\/span><\/p>\n<p><span style=\"font-weight: 400;\">I don\u2019t mean that they shouldn\u2019t complain, that they not argue, that they not question, that there be no debate, because that doesn\u2019t make sense either, but what cannot happen is that you insubordinate and stop doing what they tell you to do.<\/span><\/p>\n<p><b><i>In addition to talent, effort and the will to excel, what would be the other essential pillar in Ana Fidelia\u2019s career?<\/i><\/b><\/p>\n<p><span style=\"font-weight: 400;\">My family. My mother always supported me unconditionally, since I was in the Capit\u00e1n Orestes Acosta EIDE school, in Santiago de Cuba. Also, I come from a purely sports home. My dad was a professional boxer in the 1960s, good, but not disciplined. My sister was a member of the national basketball team, she decided the game that gave Cuba the ticket to the 1984 Olympic Games. My brother also passed through the ranks of the national athletics team.<\/span><\/p>\n<p><span style=\"font-weight: 400;\">We have been very supportive of each other throughout this time, but I owe them all twice as much because they have been a very important support for me, particularly during those difficult years after the accident.<\/span><\/p>\n<p><span style=\"font-weight: 400;\">After that, my children and my husband have been a kind of third Olympic medal in my career. They arrived at the right time and they have made me very happy during the last 20 years, they have given me new airs and strength to pursue new goals.<\/span><\/p>\n<p><span style=\"font-weight: 400;\">Without them, for example, I might not have achieved a Master\u2019s degree in Sports Psychology, a huge achievement in my life. It\u2019s something I don\u2019t talk about much, but I take pride in struggling to improve myself and in applying in some way everything I learned from a psychological point of view during my recovery after the accident.<\/span><\/p>\n<p><span style=\"font-weight: 400;\">At first, I was a little afraid to get into that specialty, but thanks to the support of my family and the efforts of my tutor Marta Ca\u00f1izares, I managed to graduate at the end of last year.<\/span><\/p>\n<p><b><i>What does Cuba mean for you?<\/i><\/b><\/p>\n<p><span style=\"font-weight: 400;\">Perhaps in another country, being a poor black woman from a country town, I could have also become a champion, but it would have cost me much more work. Here I have received all the support to become what I am; here I have been able to study and prepare myself, I have been able to train as an athlete and professional; here I have not had to give up my dreams&#8230;.<\/span><\/p>\n<p><span style=\"font-weight: 400;\">Cuba represents a lot. I\u2019m eternally grateful to the country that saved my life. With all the money in the world, I wouldn\u2019t be able to pay for all the treatment I got in the hospitals, all the plastic surgeries.\u2026 If I am born again, I would like it to be on this beautiful island, of solidarity, brotherhood and so much charisma.<\/span><\/p>\n<p><span style=\"font-weight: 400;\">For me, Cuba is my life.<\/span><\/p>\n","protected":false},"excerpt":{"rendered":"<p>Ana Fidelia\u2019s life, marked by success and the traps of destiny, is an example of human betterment.<\/p>\n","protected":false},"author":2213,"featured_media":240015,"comment_status":"open","ping_status":"closed","sticky":false,"template":"","format":"standard","meta":{"_acf_changed":false,"footnotes":""},"categories":[13925],"tags":[33456,25695],"ppma_author":[33652],"class_list":["post-240013","post","type-post","status-publish","format-standard","has-post-thumbnail","hentry","category-athletics","tag-ana-fidelia-quiros","tag-cuban-athletics"],"acf":[],"yoast_head":"<!-- This site is optimized with the Yoast SEO plugin v27.3 - https:\/\/yoast.com\/product\/yoast-seo-wordpress\/ -->\n<title>Don\u2019t say storm, say Ana Fidelia Quir\u00f3s | OnCubaNews English<\/title>\n<meta name=\"description\" content=\"Ana Fidelia\u2019s life, marked by success and the traps of destiny, is an example of human betterment.\" \/>\n<meta name=\"robots\" content=\"index, follow, max-snippet:-1, max-image-preview:large, max-video-preview:-1\" \/>\n<link rel=\"canonical\" href=\"https:\/\/oncubanews.com\/en\/sports\/athletics\/dont-say-storm-say-ana-fidelia-quiros\/\" \/>\n<meta property=\"og:locale\" content=\"en_US\" \/>\n<meta property=\"og:type\" content=\"article\" \/>\n<meta property=\"og:title\" content=\"Don\u2019t say storm, say Ana Fidelia Quir\u00f3s | OnCubaNews English\" \/>\n<meta property=\"og:description\" content=\"Ana Fidelia\u2019s life, marked by success and the traps of destiny, is an example of human betterment.\" \/>\n<meta property=\"og:url\" content=\"https:\/\/oncubanews.com\/en\/sports\/athletics\/dont-say-storm-say-ana-fidelia-quiros\/\" \/>\n<meta property=\"og:site_name\" content=\"OnCubaNews English\" \/>\n<meta property=\"article:published_time\" content=\"2021-06-07T13:53:44+00:00\" \/>\n<meta property=\"og:image\" content=\"https:\/\/oncubanews.com\/en\/wp-content\/uploads\/2021\/06\/Ana-Fidelia_otm_4-750x500-1.jpg\" \/>\n\t<meta property=\"og:image:width\" content=\"750\" \/>\n\t<meta property=\"og:image:height\" content=\"500\" \/>\n\t<meta property=\"og:image:type\" content=\"image\/jpeg\" \/>\n<meta name=\"author\" content=\"Aliet Arzola Lima\" \/>\n<meta name=\"twitter:card\" content=\"summary_large_image\" \/>\n<meta name=\"twitter:label1\" content=\"Written by\" \/>\n\t<meta name=\"twitter:data1\" content=\"Aliet Arzola Lima\" \/>\n\t<meta name=\"twitter:label2\" content=\"Est. reading time\" \/>\n\t<meta name=\"twitter:data2\" content=\"25 minutes\" \/>\n<script type=\"application\/ld+json\" class=\"yoast-schema-graph\">{\"@context\":\"https:\\\/\\\/schema.org\",\"@graph\":[{\"@type\":\"Article\",\"@id\":\"https:\\\/\\\/oncubanews.com\\\/en\\\/sports\\\/athletics\\\/dont-say-storm-say-ana-fidelia-quiros\\\/#article\",\"isPartOf\":{\"@id\":\"https:\\\/\\\/oncubanews.com\\\/en\\\/sports\\\/athletics\\\/dont-say-storm-say-ana-fidelia-quiros\\\/\"},\"author\":{\"name\":\"Aliet Arzola Lima\",\"@id\":\"https:\\\/\\\/oncubanews.com\\\/en\\\/#\\\/schema\\\/person\\\/fc8ba5a5baf987202175210471061cbf\"},\"headline\":\"Don\u2019t say storm, say Ana Fidelia Quir\u00f3s\",\"datePublished\":\"2021-06-07T13:53:44+00:00\",\"mainEntityOfPage\":{\"@id\":\"https:\\\/\\\/oncubanews.com\\\/en\\\/sports\\\/athletics\\\/dont-say-storm-say-ana-fidelia-quiros\\\/\"},\"wordCount\":5484,\"commentCount\":1,\"image\":{\"@id\":\"https:\\\/\\\/oncubanews.com\\\/en\\\/sports\\\/athletics\\\/dont-say-storm-say-ana-fidelia-quiros\\\/#primaryimage\"},\"thumbnailUrl\":\"https:\\\/\\\/oncubanews.com\\\/en\\\/wp-content\\\/uploads\\\/2021\\\/06\\\/Ana-Fidelia_otm_4-750x500-1.jpg\",\"keywords\":[\"Ana Fidelia Quir\u00f3s\",\"Cuban athletics\"],\"articleSection\":[\"Athletics\"],\"inLanguage\":\"en-US\",\"potentialAction\":[{\"@type\":\"CommentAction\",\"name\":\"Comment\",\"target\":[\"https:\\\/\\\/oncubanews.com\\\/en\\\/sports\\\/athletics\\\/dont-say-storm-say-ana-fidelia-quiros\\\/#respond\"]}],\"copyrightYear\":\"2021\",\"copyrightHolder\":{\"@id\":\"https:\\\/\\\/oncubanews.com\\\/en\\\/#organization\"}},{\"@type\":\"WebPage\",\"@id\":\"https:\\\/\\\/oncubanews.com\\\/en\\\/sports\\\/athletics\\\/dont-say-storm-say-ana-fidelia-quiros\\\/\",\"url\":\"https:\\\/\\\/oncubanews.com\\\/en\\\/sports\\\/athletics\\\/dont-say-storm-say-ana-fidelia-quiros\\\/\",\"name\":\"Don\u2019t say storm, say Ana Fidelia Quir\u00f3s | OnCubaNews English\",\"isPartOf\":{\"@id\":\"https:\\\/\\\/oncubanews.com\\\/en\\\/#website\"},\"primaryImageOfPage\":{\"@id\":\"https:\\\/\\\/oncubanews.com\\\/en\\\/sports\\\/athletics\\\/dont-say-storm-say-ana-fidelia-quiros\\\/#primaryimage\"},\"image\":{\"@id\":\"https:\\\/\\\/oncubanews.com\\\/en\\\/sports\\\/athletics\\\/dont-say-storm-say-ana-fidelia-quiros\\\/#primaryimage\"},\"thumbnailUrl\":\"https:\\\/\\\/oncubanews.com\\\/en\\\/wp-content\\\/uploads\\\/2021\\\/06\\\/Ana-Fidelia_otm_4-750x500-1.jpg\",\"datePublished\":\"2021-06-07T13:53:44+00:00\",\"author\":{\"@id\":\"https:\\\/\\\/oncubanews.com\\\/en\\\/#\\\/schema\\\/person\\\/fc8ba5a5baf987202175210471061cbf\"},\"description\":\"Ana Fidelia\u2019s life, marked by success and the traps of destiny, is an example of human betterment.\",\"breadcrumb\":{\"@id\":\"https:\\\/\\\/oncubanews.com\\\/en\\\/sports\\\/athletics\\\/dont-say-storm-say-ana-fidelia-quiros\\\/#breadcrumb\"},\"inLanguage\":\"en-US\",\"potentialAction\":[{\"@type\":\"ReadAction\",\"target\":[\"https:\\\/\\\/oncubanews.com\\\/en\\\/sports\\\/athletics\\\/dont-say-storm-say-ana-fidelia-quiros\\\/\"]}]},{\"@type\":\"ImageObject\",\"inLanguage\":\"en-US\",\"@id\":\"https:\\\/\\\/oncubanews.com\\\/en\\\/sports\\\/athletics\\\/dont-say-storm-say-ana-fidelia-quiros\\\/#primaryimage\",\"url\":\"https:\\\/\\\/oncubanews.com\\\/en\\\/wp-content\\\/uploads\\\/2021\\\/06\\\/Ana-Fidelia_otm_4-750x500-1.jpg\",\"contentUrl\":\"https:\\\/\\\/oncubanews.com\\\/en\\\/wp-content\\\/uploads\\\/2021\\\/06\\\/Ana-Fidelia_otm_4-750x500-1.jpg\",\"width\":750,\"height\":500,\"caption\":\"Ana Fidelia Quir\u00f3s, the last Cuban athletics star runner. Photo: Otmaro Rodr\u00edguez.\"},{\"@type\":\"BreadcrumbList\",\"@id\":\"https:\\\/\\\/oncubanews.com\\\/en\\\/sports\\\/athletics\\\/dont-say-storm-say-ana-fidelia-quiros\\\/#breadcrumb\",\"itemListElement\":[{\"@type\":\"ListItem\",\"position\":1,\"name\":\"Portada\",\"item\":\"https:\\\/\\\/oncubanews.com\\\/en\\\/\"},{\"@type\":\"ListItem\",\"position\":2,\"name\":\"Don\u2019t say storm, say Ana Fidelia Quir\u00f3s\"}]},{\"@type\":\"WebSite\",\"@id\":\"https:\\\/\\\/oncubanews.com\\\/en\\\/#website\",\"url\":\"https:\\\/\\\/oncubanews.com\\\/en\\\/\",\"name\":\"OnCubaNews English\",\"description\":\"Revista sobre Cuba\",\"potentialAction\":[{\"@type\":\"SearchAction\",\"target\":{\"@type\":\"EntryPoint\",\"urlTemplate\":\"https:\\\/\\\/oncubanews.com\\\/en\\\/?s={search_term_string}\"},\"query-input\":{\"@type\":\"PropertyValueSpecification\",\"valueRequired\":true,\"valueName\":\"search_term_string\"}}],\"inLanguage\":\"en-US\"},{\"@type\":\"Person\",\"@id\":\"https:\\\/\\\/oncubanews.com\\\/en\\\/#\\\/schema\\\/person\\\/fc8ba5a5baf987202175210471061cbf\",\"name\":\"Aliet Arzola Lima\",\"image\":{\"@type\":\"ImageObject\",\"inLanguage\":\"en-US\",\"@id\":\"http:\\\/\\\/www.oncubanews.com\\\/wmag\\\/wp-content\\\/uploads\\\/2013\\\/10\\\/Aliet-Arzola-Lima_avatar_1383068575-96x96.jpg6a7e6b541f7f05cd2e5caaee109f2fa9\",\"url\":\"http:\\\/\\\/www.oncubanews.com\\\/wmag\\\/wp-content\\\/uploads\\\/2013\\\/10\\\/Aliet-Arzola-Lima_avatar_1383068575-96x96.jpg\",\"contentUrl\":\"http:\\\/\\\/www.oncubanews.com\\\/wmag\\\/wp-content\\\/uploads\\\/2013\\\/10\\\/Aliet-Arzola-Lima_avatar_1383068575-96x96.jpg\",\"caption\":\"Aliet Arzola Lima\"},\"description\":\"Journalist, sports analyst, both in the Cuban and international sphere. Interested in keeping track of the island\u2019s athletes and coaches, regardless of where they are.\",\"url\":\"https:\\\/\\\/oncubanews.com\\\/en\\\/author\\\/alietarzola\\\/\"}]}<\/script>\n<!-- \/ Yoast SEO plugin. -->","yoast_head_json":{"title":"Don\u2019t say storm, say Ana Fidelia Quir\u00f3s | OnCubaNews English","description":"Ana Fidelia\u2019s life, marked by success and the traps of destiny, is an example of human betterment.","robots":{"index":"index","follow":"follow","max-snippet":"max-snippet:-1","max-image-preview":"max-image-preview:large","max-video-preview":"max-video-preview:-1"},"canonical":"https:\/\/oncubanews.com\/en\/sports\/athletics\/dont-say-storm-say-ana-fidelia-quiros\/","og_locale":"en_US","og_type":"article","og_title":"Don\u2019t say storm, say Ana Fidelia Quir\u00f3s | OnCubaNews English","og_description":"Ana Fidelia\u2019s life, marked by success and the traps of destiny, is an example of human betterment.","og_url":"https:\/\/oncubanews.com\/en\/sports\/athletics\/dont-say-storm-say-ana-fidelia-quiros\/","og_site_name":"OnCubaNews English","article_published_time":"2021-06-07T13:53:44+00:00","og_image":[{"width":750,"height":500,"url":"https:\/\/oncubanews.com\/en\/wp-content\/uploads\/2021\/06\/Ana-Fidelia_otm_4-750x500-1.jpg","type":"image\/jpeg"}],"author":"Aliet Arzola Lima","twitter_card":"summary_large_image","twitter_misc":{"Written by":"Aliet Arzola Lima","Est. reading time":"25 minutes"},"schema":{"@context":"https:\/\/schema.org","@graph":[{"@type":"Article","@id":"https:\/\/oncubanews.com\/en\/sports\/athletics\/dont-say-storm-say-ana-fidelia-quiros\/#article","isPartOf":{"@id":"https:\/\/oncubanews.com\/en\/sports\/athletics\/dont-say-storm-say-ana-fidelia-quiros\/"},"author":{"name":"Aliet Arzola Lima","@id":"https:\/\/oncubanews.com\/en\/#\/schema\/person\/fc8ba5a5baf987202175210471061cbf"},"headline":"Don\u2019t say storm, say Ana Fidelia Quir\u00f3s","datePublished":"2021-06-07T13:53:44+00:00","mainEntityOfPage":{"@id":"https:\/\/oncubanews.com\/en\/sports\/athletics\/dont-say-storm-say-ana-fidelia-quiros\/"},"wordCount":5484,"commentCount":1,"image":{"@id":"https:\/\/oncubanews.com\/en\/sports\/athletics\/dont-say-storm-say-ana-fidelia-quiros\/#primaryimage"},"thumbnailUrl":"https:\/\/oncubanews.com\/en\/wp-content\/uploads\/2021\/06\/Ana-Fidelia_otm_4-750x500-1.jpg","keywords":["Ana Fidelia Quir\u00f3s","Cuban athletics"],"articleSection":["Athletics"],"inLanguage":"en-US","potentialAction":[{"@type":"CommentAction","name":"Comment","target":["https:\/\/oncubanews.com\/en\/sports\/athletics\/dont-say-storm-say-ana-fidelia-quiros\/#respond"]}],"copyrightYear":"2021","copyrightHolder":{"@id":"https:\/\/oncubanews.com\/en\/#organization"}},{"@type":"WebPage","@id":"https:\/\/oncubanews.com\/en\/sports\/athletics\/dont-say-storm-say-ana-fidelia-quiros\/","url":"https:\/\/oncubanews.com\/en\/sports\/athletics\/dont-say-storm-say-ana-fidelia-quiros\/","name":"Don\u2019t say storm, say Ana Fidelia Quir\u00f3s | OnCubaNews English","isPartOf":{"@id":"https:\/\/oncubanews.com\/en\/#website"},"primaryImageOfPage":{"@id":"https:\/\/oncubanews.com\/en\/sports\/athletics\/dont-say-storm-say-ana-fidelia-quiros\/#primaryimage"},"image":{"@id":"https:\/\/oncubanews.com\/en\/sports\/athletics\/dont-say-storm-say-ana-fidelia-quiros\/#primaryimage"},"thumbnailUrl":"https:\/\/oncubanews.com\/en\/wp-content\/uploads\/2021\/06\/Ana-Fidelia_otm_4-750x500-1.jpg","datePublished":"2021-06-07T13:53:44+00:00","author":{"@id":"https:\/\/oncubanews.com\/en\/#\/schema\/person\/fc8ba5a5baf987202175210471061cbf"},"description":"Ana Fidelia\u2019s life, marked by success and the traps of destiny, is an example of human betterment.","breadcrumb":{"@id":"https:\/\/oncubanews.com\/en\/sports\/athletics\/dont-say-storm-say-ana-fidelia-quiros\/#breadcrumb"},"inLanguage":"en-US","potentialAction":[{"@type":"ReadAction","target":["https:\/\/oncubanews.com\/en\/sports\/athletics\/dont-say-storm-say-ana-fidelia-quiros\/"]}]},{"@type":"ImageObject","inLanguage":"en-US","@id":"https:\/\/oncubanews.com\/en\/sports\/athletics\/dont-say-storm-say-ana-fidelia-quiros\/#primaryimage","url":"https:\/\/oncubanews.com\/en\/wp-content\/uploads\/2021\/06\/Ana-Fidelia_otm_4-750x500-1.jpg","contentUrl":"https:\/\/oncubanews.com\/en\/wp-content\/uploads\/2021\/06\/Ana-Fidelia_otm_4-750x500-1.jpg","width":750,"height":500,"caption":"Ana Fidelia Quir\u00f3s, the last Cuban athletics star runner. Photo: Otmaro Rodr\u00edguez."},{"@type":"BreadcrumbList","@id":"https:\/\/oncubanews.com\/en\/sports\/athletics\/dont-say-storm-say-ana-fidelia-quiros\/#breadcrumb","itemListElement":[{"@type":"ListItem","position":1,"name":"Portada","item":"https:\/\/oncubanews.com\/en\/"},{"@type":"ListItem","position":2,"name":"Don\u2019t say storm, say Ana Fidelia Quir\u00f3s"}]},{"@type":"WebSite","@id":"https:\/\/oncubanews.com\/en\/#website","url":"https:\/\/oncubanews.com\/en\/","name":"OnCubaNews English","description":"Revista sobre Cuba","potentialAction":[{"@type":"SearchAction","target":{"@type":"EntryPoint","urlTemplate":"https:\/\/oncubanews.com\/en\/?s={search_term_string}"},"query-input":{"@type":"PropertyValueSpecification","valueRequired":true,"valueName":"search_term_string"}}],"inLanguage":"en-US"},{"@type":"Person","@id":"https:\/\/oncubanews.com\/en\/#\/schema\/person\/fc8ba5a5baf987202175210471061cbf","name":"Aliet Arzola Lima","image":{"@type":"ImageObject","inLanguage":"en-US","@id":"http:\/\/www.oncubanews.com\/wmag\/wp-content\/uploads\/2013\/10\/Aliet-Arzola-Lima_avatar_1383068575-96x96.jpg6a7e6b541f7f05cd2e5caaee109f2fa9","url":"http:\/\/www.oncubanews.com\/wmag\/wp-content\/uploads\/2013\/10\/Aliet-Arzola-Lima_avatar_1383068575-96x96.jpg","contentUrl":"http:\/\/www.oncubanews.com\/wmag\/wp-content\/uploads\/2013\/10\/Aliet-Arzola-Lima_avatar_1383068575-96x96.jpg","caption":"Aliet Arzola Lima"},"description":"Journalist, sports analyst, both in the Cuban and international sphere. Interested in keeping track of the island\u2019s athletes and coaches, regardless of where they are.","url":"https:\/\/oncubanews.com\/en\/author\/alietarzola\/"}]}},"authors":[{"term_id":33652,"user_id":2213,"is_guest":0,"slug":"alietarzola","display_name":"Aliet Arzola Lima","avatar_url":"http:\/\/www.oncubanews.com\/wmag\/wp-content\/uploads\/2013\/10\/Aliet-Arzola-Lima_avatar_1383068575-96x96.jpg","0":null,"1":"","2":"","3":"","4":"","5":"","6":"","7":"","8":""}],"_links":{"self":[{"href":"https:\/\/oncubanews.com\/en\/wp-json\/wp\/v2\/posts\/240013","targetHints":{"allow":["GET"]}}],"collection":[{"href":"https:\/\/oncubanews.com\/en\/wp-json\/wp\/v2\/posts"}],"about":[{"href":"https:\/\/oncubanews.com\/en\/wp-json\/wp\/v2\/types\/post"}],"author":[{"embeddable":true,"href":"https:\/\/oncubanews.com\/en\/wp-json\/wp\/v2\/users\/2213"}],"replies":[{"embeddable":true,"href":"https:\/\/oncubanews.com\/en\/wp-json\/wp\/v2\/comments?post=240013"}],"version-history":[{"count":0,"href":"https:\/\/oncubanews.com\/en\/wp-json\/wp\/v2\/posts\/240013\/revisions"}],"wp:featuredmedia":[{"embeddable":true,"href":"https:\/\/oncubanews.com\/en\/wp-json\/wp\/v2\/media\/240015"}],"wp:attachment":[{"href":"https:\/\/oncubanews.com\/en\/wp-json\/wp\/v2\/media?parent=240013"}],"wp:term":[{"taxonomy":"category","embeddable":true,"href":"https:\/\/oncubanews.com\/en\/wp-json\/wp\/v2\/categories?post=240013"},{"taxonomy":"post_tag","embeddable":true,"href":"https:\/\/oncubanews.com\/en\/wp-json\/wp\/v2\/tags?post=240013"},{"taxonomy":"author","embeddable":true,"href":"https:\/\/oncubanews.com\/en\/wp-json\/wp\/v2\/ppma_author?post=240013"}],"curies":[{"name":"wp","href":"https:\/\/api.w.org\/{rel}","templated":true}]}}