
{"id":240521,"date":"2021-06-18T17:39:07","date_gmt":"2021-06-18T21:39:07","guid":{"rendered":"https:\/\/oncubanews.com\/en\/?p=240521"},"modified":"2021-06-18T17:39:07","modified_gmt":"2021-06-18T21:39:07","slug":"cuban-government-raises-war-veterans-pensions","status":"publish","type":"post","link":"https:\/\/oncubanews.com\/en\/cuba\/cuban-government-raises-war-veterans-pensions\/","title":{"rendered":"Cuban government raises war veterans\u2019 pensions"},"content":{"rendered":"<p><span style=\"font-weight: 400;\">The Cuban government approved an increase in the pensions of veterans of the clandestine struggle and of the Rebel Army retired by the General Social Security Scheme, and of combatants who have suffered partial disability while carrying out their missions.<\/span><\/p>\n<p><span style=\"font-weight: 400;\">The measure benefits more than 13,000 combatants, who will see an increase of 1,528 pesos in their pensions as of August, <\/span><a href=\"http:\/\/www.cubadebate.cu\/noticias\/2021\/06\/16\/incrementan-pensiones-a-combatientes-de-la-revolucion-cubana\/\" target=\"_blank\" rel=\"noopener\"><span style=\"font-weight: 400;\">Cubadebate<\/span><\/a><span style=\"font-weight: 400;\"> reported.<\/span><\/p>\n<blockquote class=\"twitter-tweet\" data-width=\"500\" data-dnt=\"true\">\n<p lang=\"es\" dir=\"ltr\">Una justa decisi\u00f3n: como parte de la Tarea Ordenamiento se aprob\u00f3 elevar las pensiones a veteranos de la lucha clandestina y del Ej\u00e9rcito Rebelde, tambi\u00e9n a combatientes de las FAR y el MININT que hayan sufrido invalidez en el cumplimiento de sus misiones.<a href=\"https:\/\/t.co\/QVldn13rrM\">https:\/\/t.co\/QVldn13rrM<\/a> <a href=\"https:\/\/t.co\/8vcXcB8s8c\">pic.twitter.com\/8vcXcB8s8c<\/a><\/p>\n<p>&mdash; Miguel D\u00edaz-Canel Berm\u00fadez (@DiazCanelB) <a href=\"https:\/\/twitter.com\/DiazCanelB\/status\/1405469788634243072?ref_src=twsrc%5Etfw\">June 17, 2021<\/a><\/p><\/blockquote>\n<p><script async src=\"https:\/\/platform.twitter.com\/widgets.js\" charset=\"utf-8\"><\/script><\/p>\n<p><span style=\"font-weight: 400;\">In addition to the 12,379 former members of the Rebel Army and the clandestine struggle retired by age, the increase will apply to another 4,288 combatants who did not have this benefit from Social Assistance, the source indicates.<\/span><\/p>\n<p><span style=\"font-weight: 400;\">Another 3,691 pensioners from the Revolutionary Armed Forces (FAR) and the Cuban Ministry of the Interior (MININT), who suffered disability while carrying out missions, most of them international, will also receive the pension increase of up to 1,528 pesos.<\/span><\/p>\n<p><span style=\"font-weight: 400;\">Cuban President Miguel D\u00edaz-Canel highlighted \u201cthe justness of a decision in favor of Cubans who have given the best of themselves to the nation.\u201d<\/span><\/p>\n<p><span style=\"font-weight: 400;\">At the government meeting, it was stressed that these people have \u201can extensive military and revolutionary trajectory,\u201d because they are combatants of the Rebel Army, of the clandestine struggle, of the \u201cfight against bandits,\u201d of Playa Gir\u00f3n and that they fulfilled military missions in other countries.<\/span><\/p>\n<p><span style=\"font-weight: 400;\">As part of the so-called Task of Reorganization, the Cuban executive raised the scale of salaries, pensions and social assistance benefits on the island.<\/span><\/p>\n<blockquote class=\"wp-embedded-content\" data-secret=\"KicGyN5G9B\"><p><a href=\"https:\/\/oncubanews.com\/en\/cuba\/salary-increase-and-distributive-tensions\/\">Salary increase and distributive tensions<\/a><\/p><\/blockquote>\n<p><iframe loading=\"lazy\" class=\"wp-embedded-content\" sandbox=\"allow-scripts\" security=\"restricted\" style=\"position: absolute; clip: rect(1px, 1px, 1px, 1px);\" title=\"&#8220;Salary increase and distributive tensions&#8221; &#8212; OnCubaNews English\" src=\"https:\/\/oncubanews.com\/en\/cuba\/salary-increase-and-distributive-tensions\/embed\/#?secret=tYzEJttYLd#?secret=KicGyN5G9B\" data-secret=\"KicGyN5G9B\" width=\"500\" height=\"282\" frameborder=\"0\" marginwidth=\"0\" marginheight=\"0\" scrolling=\"no\"><\/iframe><\/p>\n<p><span style=\"font-weight: 400;\">Regarding the pensions governed by the General Social Security Scheme, an increase was established in correspondence with the scale that starts from 1,528 pesos (for those who received between 280 and up to 300 pesos) and 1,733 (for those who received from 446 to 500 pesos).<\/span><\/p>\n<p><span style=\"font-weight: 400;\">Meanwhile, pensions above 501 pesos per month received an increase of 1,528 pesos each.<\/span><\/p>\n","protected":false},"excerpt":{"rendered":"<p>The Cuban government approved an increase in the pensions of veterans of the clandestine struggle and of the Rebel Army retired by the General Social Security Scheme, and of combatants who have suffered partial disability while carrying out their missions. The measure benefits more than 13,000 combatants, who will see an increase of 1,528 pesos [&hellip;]<\/p>\n","protected":false},"author":3134,"featured_media":240540,"comment_status":"open","ping_status":"closed","sticky":false,"template":"","format":"standard","meta":{"_acf_changed":false,"footnotes":""},"categories":[13902],"tags":[22925],"ppma_author":[33546],"class_list":["post-240521","post","type-post","status-publish","format-standard","has-post-thumbnail","hentry","category-cuba","tag-salary-increase-in-cuba"],"acf":[],"yoast_head":"<!-- This site is optimized with the Yoast SEO plugin v27.3 - https:\/\/yoast.com\/product\/yoast-seo-wordpress\/ -->\n<title>Cuban government raises war veterans\u2019 pensions | OnCubaNews English<\/title>\n<meta name=\"description\" content=\"The measure benefits more than 13,000 combatants, who will see an increase of 1,528 pesos in their pensions as of August.\" \/>\n<meta name=\"robots\" content=\"index, follow, max-snippet:-1, max-image-preview:large, max-video-preview:-1\" \/>\n<link rel=\"canonical\" href=\"https:\/\/oncubanews.com\/en\/cuba\/cuban-government-raises-war-veterans-pensions\/\" \/>\n<meta property=\"og:locale\" content=\"en_US\" \/>\n<meta property=\"og:type\" content=\"article\" \/>\n<meta property=\"og:title\" content=\"Cuban government raises war veterans\u2019 pensions | OnCubaNews English\" \/>\n<meta property=\"og:description\" content=\"The measure benefits more than 13,000 combatants, who will see an increase of 1,528 pesos in their pensions as of August.\" \/>\n<meta property=\"og:url\" content=\"https:\/\/oncubanews.com\/en\/cuba\/cuban-government-raises-war-veterans-pensions\/\" \/>\n<meta property=\"og:site_name\" content=\"OnCubaNews English\" \/>\n<meta property=\"article:published_time\" content=\"2021-06-18T21:39:07+00:00\" \/>\n<meta property=\"og:image\" content=\"https:\/\/oncubanews.com\/en\/wp-content\/uploads\/2021\/06\/Marcha-pueblo-fotos-Kaloian-10-750x487-1.jpg\" \/>\n\t<meta property=\"og:image:width\" content=\"750\" \/>\n\t<meta property=\"og:image:height\" content=\"487\" \/>\n\t<meta property=\"og:image:type\" content=\"image\/jpeg\" \/>\n<meta name=\"author\" content=\"OnCuba Staff\" \/>\n<meta name=\"twitter:card\" content=\"summary_large_image\" \/>\n<meta name=\"twitter:label1\" content=\"Written by\" \/>\n\t<meta name=\"twitter:data1\" content=\"OnCuba Staff\" \/>\n\t<meta name=\"twitter:label2\" content=\"Est. reading time\" \/>\n\t<meta name=\"twitter:data2\" content=\"2 minutes\" \/>\n<script type=\"application\/ld+json\" class=\"yoast-schema-graph\">{\"@context\":\"https:\\\/\\\/schema.org\",\"@graph\":[{\"@type\":\"Article\",\"@id\":\"https:\\\/\\\/oncubanews.com\\\/en\\\/cuba\\\/cuban-government-raises-war-veterans-pensions\\\/#article\",\"isPartOf\":{\"@id\":\"https:\\\/\\\/oncubanews.com\\\/en\\\/cuba\\\/cuban-government-raises-war-veterans-pensions\\\/\"},\"author\":{\"name\":\"OnCuba Staff\",\"@id\":\"https:\\\/\\\/oncubanews.com\\\/en\\\/#\\\/schema\\\/person\\\/d7171bf311032ab1f557dd8332e714af\"},\"headline\":\"Cuban government raises war veterans\u2019 pensions\",\"datePublished\":\"2021-06-18T21:39:07+00:00\",\"mainEntityOfPage\":{\"@id\":\"https:\\\/\\\/oncubanews.com\\\/en\\\/cuba\\\/cuban-government-raises-war-veterans-pensions\\\/\"},\"wordCount\":322,\"commentCount\":0,\"image\":{\"@id\":\"https:\\\/\\\/oncubanews.com\\\/en\\\/cuba\\\/cuban-government-raises-war-veterans-pensions\\\/#primaryimage\"},\"thumbnailUrl\":\"https:\\\/\\\/oncubanews.com\\\/en\\\/wp-content\\\/uploads\\\/2021\\\/06\\\/Marcha-pueblo-fotos-Kaloian-10-750x487-1.jpg\",\"keywords\":[\"salary increase in Cuba\"],\"articleSection\":[\"Cuba\"],\"inLanguage\":\"en-US\",\"potentialAction\":[{\"@type\":\"CommentAction\",\"name\":\"Comment\",\"target\":[\"https:\\\/\\\/oncubanews.com\\\/en\\\/cuba\\\/cuban-government-raises-war-veterans-pensions\\\/#respond\"]}],\"copyrightYear\":\"2021\",\"copyrightHolder\":{\"@id\":\"https:\\\/\\\/oncubanews.com\\\/en\\\/#organization\"}},{\"@type\":\"WebPage\",\"@id\":\"https:\\\/\\\/oncubanews.com\\\/en\\\/cuba\\\/cuban-government-raises-war-veterans-pensions\\\/\",\"url\":\"https:\\\/\\\/oncubanews.com\\\/en\\\/cuba\\\/cuban-government-raises-war-veterans-pensions\\\/\",\"name\":\"Cuban government raises war veterans\u2019 pensions | OnCubaNews English\",\"isPartOf\":{\"@id\":\"https:\\\/\\\/oncubanews.com\\\/en\\\/#website\"},\"primaryImageOfPage\":{\"@id\":\"https:\\\/\\\/oncubanews.com\\\/en\\\/cuba\\\/cuban-government-raises-war-veterans-pensions\\\/#primaryimage\"},\"image\":{\"@id\":\"https:\\\/\\\/oncubanews.com\\\/en\\\/cuba\\\/cuban-government-raises-war-veterans-pensions\\\/#primaryimage\"},\"thumbnailUrl\":\"https:\\\/\\\/oncubanews.com\\\/en\\\/wp-content\\\/uploads\\\/2021\\\/06\\\/Marcha-pueblo-fotos-Kaloian-10-750x487-1.jpg\",\"datePublished\":\"2021-06-18T21:39:07+00:00\",\"author\":{\"@id\":\"https:\\\/\\\/oncubanews.com\\\/en\\\/#\\\/schema\\\/person\\\/d7171bf311032ab1f557dd8332e714af\"},\"description\":\"The measure benefits more than 13,000 combatants, who will see an increase of 1,528 pesos in their pensions as of August.\",\"breadcrumb\":{\"@id\":\"https:\\\/\\\/oncubanews.com\\\/en\\\/cuba\\\/cuban-government-raises-war-veterans-pensions\\\/#breadcrumb\"},\"inLanguage\":\"en-US\",\"potentialAction\":[{\"@type\":\"ReadAction\",\"target\":[\"https:\\\/\\\/oncubanews.com\\\/en\\\/cuba\\\/cuban-government-raises-war-veterans-pensions\\\/\"]}]},{\"@type\":\"ImageObject\",\"inLanguage\":\"en-US\",\"@id\":\"https:\\\/\\\/oncubanews.com\\\/en\\\/cuba\\\/cuban-government-raises-war-veterans-pensions\\\/#primaryimage\",\"url\":\"https:\\\/\\\/oncubanews.com\\\/en\\\/wp-content\\\/uploads\\\/2021\\\/06\\\/Marcha-pueblo-fotos-Kaloian-10-750x487-1.jpg\",\"contentUrl\":\"https:\\\/\\\/oncubanews.com\\\/en\\\/wp-content\\\/uploads\\\/2021\\\/06\\\/Marcha-pueblo-fotos-Kaloian-10-750x487-1.jpg\",\"width\":750,\"height\":487,\"caption\":\"Photo: Kaloian Santos Cabrera.\"},{\"@type\":\"BreadcrumbList\",\"@id\":\"https:\\\/\\\/oncubanews.com\\\/en\\\/cuba\\\/cuban-government-raises-war-veterans-pensions\\\/#breadcrumb\",\"itemListElement\":[{\"@type\":\"ListItem\",\"position\":1,\"name\":\"Portada\",\"item\":\"https:\\\/\\\/oncubanews.com\\\/en\\\/\"},{\"@type\":\"ListItem\",\"position\":2,\"name\":\"Cuban government raises war veterans\u2019 pensions\"}]},{\"@type\":\"WebSite\",\"@id\":\"https:\\\/\\\/oncubanews.com\\\/en\\\/#website\",\"url\":\"https:\\\/\\\/oncubanews.com\\\/en\\\/\",\"name\":\"OnCubaNews English\",\"description\":\"Revista sobre Cuba\",\"potentialAction\":[{\"@type\":\"SearchAction\",\"target\":{\"@type\":\"EntryPoint\",\"urlTemplate\":\"https:\\\/\\\/oncubanews.com\\\/en\\\/?s={search_term_string}\"},\"query-input\":{\"@type\":\"PropertyValueSpecification\",\"valueRequired\":true,\"valueName\":\"search_term_string\"}}],\"inLanguage\":\"en-US\"},{\"@type\":\"Person\",\"@id\":\"https:\\\/\\\/oncubanews.com\\\/en\\\/#\\\/schema\\\/person\\\/d7171bf311032ab1f557dd8332e714af\",\"name\":\"OnCuba Staff\",\"image\":{\"@type\":\"ImageObject\",\"inLanguage\":\"en-US\",\"@id\":\"https:\\\/\\\/secure.gravatar.com\\\/avatar\\\/4b4c4d6109baadde898bb1af22ea4a4af5f4417b86a5d1800bf17531bfb128fc?s=96&r=g17310096d4dde63ebae0e54fbb19218a\",\"url\":\"https:\\\/\\\/secure.gravatar.com\\\/avatar\\\/4b4c4d6109baadde898bb1af22ea4a4af5f4417b86a5d1800bf17531bfb128fc?s=96&r=g\",\"contentUrl\":\"https:\\\/\\\/secure.gravatar.com\\\/avatar\\\/4b4c4d6109baadde898bb1af22ea4a4af5f4417b86a5d1800bf17531bfb128fc?s=96&r=g\",\"caption\":\"OnCuba Staff\"},\"url\":\"https:\\\/\\\/oncubanews.com\\\/en\\\/author\\\/oncuba-editorial-staff\\\/\"}]}<\/script>\n<!-- \/ Yoast SEO plugin. -->","yoast_head_json":{"title":"Cuban government raises war veterans\u2019 pensions | OnCubaNews English","description":"The measure benefits more than 13,000 combatants, who will see an increase of 1,528 pesos in their pensions as of August.","robots":{"index":"index","follow":"follow","max-snippet":"max-snippet:-1","max-image-preview":"max-image-preview:large","max-video-preview":"max-video-preview:-1"},"canonical":"https:\/\/oncubanews.com\/en\/cuba\/cuban-government-raises-war-veterans-pensions\/","og_locale":"en_US","og_type":"article","og_title":"Cuban government raises war veterans\u2019 pensions | OnCubaNews English","og_description":"The measure benefits more than 13,000 combatants, who will see an increase of 1,528 pesos in their pensions as of August.","og_url":"https:\/\/oncubanews.com\/en\/cuba\/cuban-government-raises-war-veterans-pensions\/","og_site_name":"OnCubaNews English","article_published_time":"2021-06-18T21:39:07+00:00","og_image":[{"width":750,"height":487,"url":"https:\/\/oncubanews.com\/en\/wp-content\/uploads\/2021\/06\/Marcha-pueblo-fotos-Kaloian-10-750x487-1.jpg","type":"image\/jpeg"}],"author":"OnCuba Staff","twitter_card":"summary_large_image","twitter_misc":{"Written by":"OnCuba Staff","Est. reading time":"2 minutes"},"schema":{"@context":"https:\/\/schema.org","@graph":[{"@type":"Article","@id":"https:\/\/oncubanews.com\/en\/cuba\/cuban-government-raises-war-veterans-pensions\/#article","isPartOf":{"@id":"https:\/\/oncubanews.com\/en\/cuba\/cuban-government-raises-war-veterans-pensions\/"},"author":{"name":"OnCuba Staff","@id":"https:\/\/oncubanews.com\/en\/#\/schema\/person\/d7171bf311032ab1f557dd8332e714af"},"headline":"Cuban government raises war veterans\u2019 pensions","datePublished":"2021-06-18T21:39:07+00:00","mainEntityOfPage":{"@id":"https:\/\/oncubanews.com\/en\/cuba\/cuban-government-raises-war-veterans-pensions\/"},"wordCount":322,"commentCount":0,"image":{"@id":"https:\/\/oncubanews.com\/en\/cuba\/cuban-government-raises-war-veterans-pensions\/#primaryimage"},"thumbnailUrl":"https:\/\/oncubanews.com\/en\/wp-content\/uploads\/2021\/06\/Marcha-pueblo-fotos-Kaloian-10-750x487-1.jpg","keywords":["salary increase in Cuba"],"articleSection":["Cuba"],"inLanguage":"en-US","potentialAction":[{"@type":"CommentAction","name":"Comment","target":["https:\/\/oncubanews.com\/en\/cuba\/cuban-government-raises-war-veterans-pensions\/#respond"]}],"copyrightYear":"2021","copyrightHolder":{"@id":"https:\/\/oncubanews.com\/en\/#organization"}},{"@type":"WebPage","@id":"https:\/\/oncubanews.com\/en\/cuba\/cuban-government-raises-war-veterans-pensions\/","url":"https:\/\/oncubanews.com\/en\/cuba\/cuban-government-raises-war-veterans-pensions\/","name":"Cuban government raises war veterans\u2019 pensions | OnCubaNews English","isPartOf":{"@id":"https:\/\/oncubanews.com\/en\/#website"},"primaryImageOfPage":{"@id":"https:\/\/oncubanews.com\/en\/cuba\/cuban-government-raises-war-veterans-pensions\/#primaryimage"},"image":{"@id":"https:\/\/oncubanews.com\/en\/cuba\/cuban-government-raises-war-veterans-pensions\/#primaryimage"},"thumbnailUrl":"https:\/\/oncubanews.com\/en\/wp-content\/uploads\/2021\/06\/Marcha-pueblo-fotos-Kaloian-10-750x487-1.jpg","datePublished":"2021-06-18T21:39:07+00:00","author":{"@id":"https:\/\/oncubanews.com\/en\/#\/schema\/person\/d7171bf311032ab1f557dd8332e714af"},"description":"The measure benefits more than 13,000 combatants, who will see an increase of 1,528 pesos in their pensions as of August.","breadcrumb":{"@id":"https:\/\/oncubanews.com\/en\/cuba\/cuban-government-raises-war-veterans-pensions\/#breadcrumb"},"inLanguage":"en-US","potentialAction":[{"@type":"ReadAction","target":["https:\/\/oncubanews.com\/en\/cuba\/cuban-government-raises-war-veterans-pensions\/"]}]},{"@type":"ImageObject","inLanguage":"en-US","@id":"https:\/\/oncubanews.com\/en\/cuba\/cuban-government-raises-war-veterans-pensions\/#primaryimage","url":"https:\/\/oncubanews.com\/en\/wp-content\/uploads\/2021\/06\/Marcha-pueblo-fotos-Kaloian-10-750x487-1.jpg","contentUrl":"https:\/\/oncubanews.com\/en\/wp-content\/uploads\/2021\/06\/Marcha-pueblo-fotos-Kaloian-10-750x487-1.jpg","width":750,"height":487,"caption":"Photo: Kaloian Santos Cabrera."},{"@type":"BreadcrumbList","@id":"https:\/\/oncubanews.com\/en\/cuba\/cuban-government-raises-war-veterans-pensions\/#breadcrumb","itemListElement":[{"@type":"ListItem","position":1,"name":"Portada","item":"https:\/\/oncubanews.com\/en\/"},{"@type":"ListItem","position":2,"name":"Cuban government raises war veterans\u2019 pensions"}]},{"@type":"WebSite","@id":"https:\/\/oncubanews.com\/en\/#website","url":"https:\/\/oncubanews.com\/en\/","name":"OnCubaNews English","description":"Revista sobre Cuba","potentialAction":[{"@type":"SearchAction","target":{"@type":"EntryPoint","urlTemplate":"https:\/\/oncubanews.com\/en\/?s={search_term_string}"},"query-input":{"@type":"PropertyValueSpecification","valueRequired":true,"valueName":"search_term_string"}}],"inLanguage":"en-US"},{"@type":"Person","@id":"https:\/\/oncubanews.com\/en\/#\/schema\/person\/d7171bf311032ab1f557dd8332e714af","name":"OnCuba Staff","image":{"@type":"ImageObject","inLanguage":"en-US","@id":"https:\/\/secure.gravatar.com\/avatar\/4b4c4d6109baadde898bb1af22ea4a4af5f4417b86a5d1800bf17531bfb128fc?s=96&r=g17310096d4dde63ebae0e54fbb19218a","url":"https:\/\/secure.gravatar.com\/avatar\/4b4c4d6109baadde898bb1af22ea4a4af5f4417b86a5d1800bf17531bfb128fc?s=96&r=g","contentUrl":"https:\/\/secure.gravatar.com\/avatar\/4b4c4d6109baadde898bb1af22ea4a4af5f4417b86a5d1800bf17531bfb128fc?s=96&r=g","caption":"OnCuba Staff"},"url":"https:\/\/oncubanews.com\/en\/author\/oncuba-editorial-staff\/"}]}},"authors":[{"term_id":33546,"user_id":3134,"is_guest":0,"slug":"oncuba-editorial-staff","display_name":"OnCuba Staff","avatar_url":"https:\/\/secure.gravatar.com\/avatar\/4b4c4d6109baadde898bb1af22ea4a4af5f4417b86a5d1800bf17531bfb128fc?s=96&r=g","0":null,"1":"","2":"","3":"","4":"","5":"","6":"","7":"","8":""}],"_links":{"self":[{"href":"https:\/\/oncubanews.com\/en\/wp-json\/wp\/v2\/posts\/240521","targetHints":{"allow":["GET"]}}],"collection":[{"href":"https:\/\/oncubanews.com\/en\/wp-json\/wp\/v2\/posts"}],"about":[{"href":"https:\/\/oncubanews.com\/en\/wp-json\/wp\/v2\/types\/post"}],"author":[{"embeddable":true,"href":"https:\/\/oncubanews.com\/en\/wp-json\/wp\/v2\/users\/3134"}],"replies":[{"embeddable":true,"href":"https:\/\/oncubanews.com\/en\/wp-json\/wp\/v2\/comments?post=240521"}],"version-history":[{"count":0,"href":"https:\/\/oncubanews.com\/en\/wp-json\/wp\/v2\/posts\/240521\/revisions"}],"wp:featuredmedia":[{"embeddable":true,"href":"https:\/\/oncubanews.com\/en\/wp-json\/wp\/v2\/media\/240540"}],"wp:attachment":[{"href":"https:\/\/oncubanews.com\/en\/wp-json\/wp\/v2\/media?parent=240521"}],"wp:term":[{"taxonomy":"category","embeddable":true,"href":"https:\/\/oncubanews.com\/en\/wp-json\/wp\/v2\/categories?post=240521"},{"taxonomy":"post_tag","embeddable":true,"href":"https:\/\/oncubanews.com\/en\/wp-json\/wp\/v2\/tags?post=240521"},{"taxonomy":"author","embeddable":true,"href":"https:\/\/oncubanews.com\/en\/wp-json\/wp\/v2\/ppma_author?post=240521"}],"curies":[{"name":"wp","href":"https:\/\/api.w.org\/{rel}","templated":true}]}}