
{"id":240912,"date":"2021-06-29T14:19:38","date_gmt":"2021-06-29T18:19:38","guid":{"rendered":"https:\/\/oncubanews.com\/en\/?p=240912"},"modified":"2021-06-29T14:19:38","modified_gmt":"2021-06-29T18:19:38","slug":"clinical-trials-with-cuban-vaccine-candidates-extended-to-children-up-to-three-years-of-age","status":"publish","type":"post","link":"https:\/\/oncubanews.com\/en\/coronavirus\/clinical-trials-with-cuban-vaccine-candidates-extended-to-children-up-to-three-years-of-age\/","title":{"rendered":"Clinical trials with Cuban vaccine candidates extended to children up to three years of age"},"content":{"rendered":"<p><span style=\"font-weight: 400;\">Cuba began testing on Monday its Soberana 02 and Soberana Plus <\/span><a href=\"https:\/\/oncubanews.com\/en\/tag\/cuban-vaccine-against-covid-19\/\" target=\"_blank\" rel=\"noopener\"><span style=\"font-weight: 400;\">vaccine candidates<\/span><\/a><span style=\"font-weight: 400;\"> in 25 <\/span><a href=\"https:\/\/oncubanews.com\/en\/tag\/cuban-children\/\" target=\"_blank\" rel=\"noopener\"><span style=\"font-weight: 400;\">children<\/span><\/a><span style=\"font-weight: 400;\"> between the ages of three and 11, as part of the clinical trial called Soberana Pediatr\u00eda.<\/span><\/p>\n<p><span style=\"font-weight: 400;\">The volunteer selection process was carried out after verifying the safety of the drug in volunteers aged 12 to 18, who received the first dose, according to executives of the Finlay Vaccine Institute (IFV), quoted by the official <\/span><a href=\"http:\/\/www.cubadebate.cu\/noticias\/2021\/06\/28\/soberana-pediatria-avanza-ensayo-clinico-con-soberana-02-en-ninos-de-tres-a-11-anos\/\"><span style=\"font-weight: 400;\">Cubadebate<\/span><\/a><span style=\"font-weight: 400;\"> website.<\/span><\/p>\n<blockquote class=\"twitter-tweet\" data-width=\"500\" data-dnt=\"true\">\n<p lang=\"es\" dir=\"ltr\"><a href=\"https:\/\/twitter.com\/hashtag\/SoberanaPediatr%C3%ADa?src=hash&amp;ref_src=twsrc%5Etfw\">#SoberanaPediatr\u00eda<\/a> involucra a 350 ni\u00f1os y adolescentes, 50 en la Fase\u00a0I y 300 en la Fase II, etapas que se desarrollar\u00e1n de manera escalonada y solapada, cumpliendo con el estricto protocolo \u00e9tico, las buenas pr\u00e1cticas cl\u00ednicas. <a href=\"https:\/\/twitter.com\/BioCubaFarma?ref_src=twsrc%5Etfw\">@BioCubaFarma<\/a><a href=\"https:\/\/twitter.com\/hashtag\/CubaViva?src=hash&amp;ref_src=twsrc%5Etfw\">#CubaViva<\/a><br \/> <a href=\"https:\/\/t.co\/EuWqJmUZb4\">https:\/\/t.co\/EuWqJmUZb4<\/a><\/p>\n<p>&mdash; Instituto Finlay de Vacunas (@FinlayInstituto) <a href=\"https:\/\/twitter.com\/FinlayInstituto\/status\/1409470773589327872?ref_src=twsrc%5Etfw\">June 28, 2021<\/a><\/p><\/blockquote>\n<p><script async src=\"https:\/\/platform.twitter.com\/widgets.js\" charset=\"utf-8\"><\/script><\/p>\n<p><span style=\"font-weight: 400;\">The IFV deputy director, Dr. Yury Vald\u00e9s, explained that the specialists conducting the study followed up on the first group that received the vaccine candidate after 24, 48, 72 hours and a week after being vaccinated.<\/span><\/p>\n<p><span style=\"font-weight: 400;\">Soberana Pediatr\u00eda will have 350 subjects from three to 18 years old, who will receive two doses of Soberana 02 and one of Soberana Plus at 28-day intervals.<\/span><\/p>\n<p><span style=\"font-weight: 400;\">As announced by the director of clinical research at IFV, Dr. Meiby de la Caridad Rodr\u00edguez, in this clinical trial they will not wait for phase 1 to finish before moving on to the next \u201cbut it will happen in a gradual way, overlapping one stage with another, following a strict ethical protocol and complying with established good practices.\u201d<\/span><\/p>\n<p><span style=\"font-weight: 400;\">The sample of teenagers participating in the trial will be extended to 150 as of this Monday, the source said.<\/span><\/p>\n<blockquote class=\"wp-embedded-content\" data-secret=\"MpEsqjSYzp\"><p><a href=\"https:\/\/oncubanews.com\/en\/coronavirus\/cuba-to-begin-pediatric-clinical-trial-with-soberana-02-and-soberana-plus\/\">Cuba to begin pediatric clinical trial with Soberana 02 and Soberana Plus<\/a><\/p><\/blockquote>\n<p><iframe loading=\"lazy\" class=\"wp-embedded-content\" sandbox=\"allow-scripts\" security=\"restricted\" style=\"position: absolute; clip: rect(1px, 1px, 1px, 1px);\" title=\"&#8220;Cuba to begin pediatric clinical trial with Soberana 02 and Soberana Plus&#8221; &#8212; OnCubaNews English\" src=\"https:\/\/oncubanews.com\/en\/coronavirus\/cuba-to-begin-pediatric-clinical-trial-with-soberana-02-and-soberana-plus\/embed\/#?secret=XXGvvDVHCX#?secret=MpEsqjSYzp\" data-secret=\"MpEsqjSYzp\" width=\"500\" height=\"282\" frameborder=\"0\" marginwidth=\"0\" marginheight=\"0\" scrolling=\"no\"><\/iframe><\/p>\n<p><span style=\"font-weight: 400;\">In the midst of its worst wave of <\/span><a href=\"https:\/\/oncubanews.com\/en\/coronavirus\/\" target=\"_blank\" rel=\"noopener\"><span style=\"font-weight: 400;\">COVID-19<\/span><\/a><span style=\"font-weight: 400;\"> infections, the immunization of the pediatric population against the contagious disease is vital to stop the transmission of the virus that has already affected 24,982 patients under 18 years of age, the specialists highlighted.<\/span><\/p>\n<p><span style=\"font-weight: 400;\">The vaccine candidate developed by the Finlay Institute, Soberana 02, showed an efficacy of 62% against the coronavirus with the two-dose scheme in phase III of clinical trials in the adult population, although specialists foresee better results from the three-dose scheme, which includes a booster with Soberana Plus.<\/span><\/p>\n","protected":false},"excerpt":{"rendered":"<p>The volunteer selection process was carried out after verifying the safety of the drug in volunteers aged 12 to 18 who received the first dose, according to executives of the Finlay Vaccine Institute (IFV).<\/p>\n","protected":false},"author":3134,"featured_media":240914,"comment_status":"open","ping_status":"closed","sticky":false,"template":"","format":"standard","meta":{"_acf_changed":false,"footnotes":""},"categories":[33393],"tags":[29532,30902,33386],"ppma_author":[33546],"class_list":["post-240912","post","type-post","status-publish","format-standard","has-post-thumbnail","hentry","category-coronavirus","tag-coronavirus-in-cuba","tag-cuban-children","tag-cuban-vaccine-against-covid-19"],"acf":[],"yoast_head":"<!-- This site is optimized with the Yoast SEO plugin v27.3 - https:\/\/yoast.com\/product\/yoast-seo-wordpress\/ -->\n<title>Clinical trials with Cuban vaccine candidates extended to children up to three years of age | OnCubaNews English<\/title>\n<meta name=\"description\" content=\"The volunteer selection process was carried out after verifying the safety of the drug in volunteers aged 12 to 18 who received the first dose, according to executives of the Finlay Vaccine Institute (IFV).\" \/>\n<meta name=\"robots\" content=\"index, follow, max-snippet:-1, max-image-preview:large, max-video-preview:-1\" \/>\n<link rel=\"canonical\" href=\"https:\/\/oncubanews.com\/en\/coronavirus\/clinical-trials-with-cuban-vaccine-candidates-extended-to-children-up-to-three-years-of-age\/\" \/>\n<meta property=\"og:locale\" content=\"en_US\" \/>\n<meta property=\"og:type\" content=\"article\" \/>\n<meta property=\"og:title\" content=\"Clinical trials with Cuban vaccine candidates extended to children up to three years of age | OnCubaNews English\" \/>\n<meta property=\"og:description\" content=\"The volunteer selection process was carried out after verifying the safety of the drug in volunteers aged 12 to 18 who received the first dose, according to executives of the Finlay Vaccine Institute (IFV).\" \/>\n<meta property=\"og:url\" content=\"https:\/\/oncubanews.com\/en\/coronavirus\/clinical-trials-with-cuban-vaccine-candidates-extended-to-children-up-to-three-years-of-age\/\" \/>\n<meta property=\"og:site_name\" content=\"OnCubaNews English\" \/>\n<meta property=\"article:published_time\" content=\"2021-06-29T18:19:38+00:00\" \/>\n<meta property=\"og:image\" content=\"https:\/\/oncubanews.com\/en\/wp-content\/uploads\/2021\/06\/Ninos-calle_otm_1-1-750x500-1.jpg\" \/>\n\t<meta property=\"og:image:width\" content=\"750\" \/>\n\t<meta property=\"og:image:height\" content=\"500\" \/>\n\t<meta property=\"og:image:type\" content=\"image\/jpeg\" \/>\n<meta name=\"author\" content=\"OnCuba Staff\" \/>\n<meta name=\"twitter:card\" content=\"summary_large_image\" \/>\n<meta name=\"twitter:label1\" content=\"Written by\" \/>\n\t<meta name=\"twitter:data1\" content=\"OnCuba Staff\" \/>\n\t<meta name=\"twitter:label2\" content=\"Est. reading time\" \/>\n\t<meta name=\"twitter:data2\" content=\"2 minutes\" \/>\n<script type=\"application\/ld+json\" class=\"yoast-schema-graph\">{\"@context\":\"https:\\\/\\\/schema.org\",\"@graph\":[{\"@type\":\"Article\",\"@id\":\"https:\\\/\\\/oncubanews.com\\\/en\\\/coronavirus\\\/clinical-trials-with-cuban-vaccine-candidates-extended-to-children-up-to-three-years-of-age\\\/#article\",\"isPartOf\":{\"@id\":\"https:\\\/\\\/oncubanews.com\\\/en\\\/coronavirus\\\/clinical-trials-with-cuban-vaccine-candidates-extended-to-children-up-to-three-years-of-age\\\/\"},\"author\":{\"name\":\"OnCuba Staff\",\"@id\":\"https:\\\/\\\/oncubanews.com\\\/en\\\/#\\\/schema\\\/person\\\/d7171bf311032ab1f557dd8332e714af\"},\"headline\":\"Clinical trials with Cuban vaccine candidates extended to children up to three years of age\",\"datePublished\":\"2021-06-29T18:19:38+00:00\",\"mainEntityOfPage\":{\"@id\":\"https:\\\/\\\/oncubanews.com\\\/en\\\/coronavirus\\\/clinical-trials-with-cuban-vaccine-candidates-extended-to-children-up-to-three-years-of-age\\\/\"},\"wordCount\":343,\"commentCount\":1,\"image\":{\"@id\":\"https:\\\/\\\/oncubanews.com\\\/en\\\/coronavirus\\\/clinical-trials-with-cuban-vaccine-candidates-extended-to-children-up-to-three-years-of-age\\\/#primaryimage\"},\"thumbnailUrl\":\"https:\\\/\\\/oncubanews.com\\\/en\\\/wp-content\\\/uploads\\\/2021\\\/06\\\/Ninos-calle_otm_1-1-750x500-1.jpg\",\"keywords\":[\"coronavirus in Cuba\",\"cuban children\",\"Cuban vaccine against COVID-19\"],\"articleSection\":[\"Coronavirus\"],\"inLanguage\":\"en-US\",\"potentialAction\":[{\"@type\":\"CommentAction\",\"name\":\"Comment\",\"target\":[\"https:\\\/\\\/oncubanews.com\\\/en\\\/coronavirus\\\/clinical-trials-with-cuban-vaccine-candidates-extended-to-children-up-to-three-years-of-age\\\/#respond\"]}],\"copyrightYear\":\"2021\",\"copyrightHolder\":{\"@id\":\"https:\\\/\\\/oncubanews.com\\\/en\\\/#organization\"}},{\"@type\":\"WebPage\",\"@id\":\"https:\\\/\\\/oncubanews.com\\\/en\\\/coronavirus\\\/clinical-trials-with-cuban-vaccine-candidates-extended-to-children-up-to-three-years-of-age\\\/\",\"url\":\"https:\\\/\\\/oncubanews.com\\\/en\\\/coronavirus\\\/clinical-trials-with-cuban-vaccine-candidates-extended-to-children-up-to-three-years-of-age\\\/\",\"name\":\"Clinical trials with Cuban vaccine candidates extended to children up to three years of age | OnCubaNews English\",\"isPartOf\":{\"@id\":\"https:\\\/\\\/oncubanews.com\\\/en\\\/#website\"},\"primaryImageOfPage\":{\"@id\":\"https:\\\/\\\/oncubanews.com\\\/en\\\/coronavirus\\\/clinical-trials-with-cuban-vaccine-candidates-extended-to-children-up-to-three-years-of-age\\\/#primaryimage\"},\"image\":{\"@id\":\"https:\\\/\\\/oncubanews.com\\\/en\\\/coronavirus\\\/clinical-trials-with-cuban-vaccine-candidates-extended-to-children-up-to-three-years-of-age\\\/#primaryimage\"},\"thumbnailUrl\":\"https:\\\/\\\/oncubanews.com\\\/en\\\/wp-content\\\/uploads\\\/2021\\\/06\\\/Ninos-calle_otm_1-1-750x500-1.jpg\",\"datePublished\":\"2021-06-29T18:19:38+00:00\",\"author\":{\"@id\":\"https:\\\/\\\/oncubanews.com\\\/en\\\/#\\\/schema\\\/person\\\/d7171bf311032ab1f557dd8332e714af\"},\"description\":\"The volunteer selection process was carried out after verifying the safety of the drug in volunteers aged 12 to 18 who received the first dose, according to executives of the Finlay Vaccine Institute (IFV).\",\"breadcrumb\":{\"@id\":\"https:\\\/\\\/oncubanews.com\\\/en\\\/coronavirus\\\/clinical-trials-with-cuban-vaccine-candidates-extended-to-children-up-to-three-years-of-age\\\/#breadcrumb\"},\"inLanguage\":\"en-US\",\"potentialAction\":[{\"@type\":\"ReadAction\",\"target\":[\"https:\\\/\\\/oncubanews.com\\\/en\\\/coronavirus\\\/clinical-trials-with-cuban-vaccine-candidates-extended-to-children-up-to-three-years-of-age\\\/\"]}]},{\"@type\":\"ImageObject\",\"inLanguage\":\"en-US\",\"@id\":\"https:\\\/\\\/oncubanews.com\\\/en\\\/coronavirus\\\/clinical-trials-with-cuban-vaccine-candidates-extended-to-children-up-to-three-years-of-age\\\/#primaryimage\",\"url\":\"https:\\\/\\\/oncubanews.com\\\/en\\\/wp-content\\\/uploads\\\/2021\\\/06\\\/Ninos-calle_otm_1-1-750x500-1.jpg\",\"contentUrl\":\"https:\\\/\\\/oncubanews.com\\\/en\\\/wp-content\\\/uploads\\\/2021\\\/06\\\/Ninos-calle_otm_1-1-750x500-1.jpg\",\"width\":750,\"height\":500,\"caption\":\"Photo: Otmaro Rodr\u00edguez\\\/OnCuba Archive\"},{\"@type\":\"BreadcrumbList\",\"@id\":\"https:\\\/\\\/oncubanews.com\\\/en\\\/coronavirus\\\/clinical-trials-with-cuban-vaccine-candidates-extended-to-children-up-to-three-years-of-age\\\/#breadcrumb\",\"itemListElement\":[{\"@type\":\"ListItem\",\"position\":1,\"name\":\"Portada\",\"item\":\"https:\\\/\\\/oncubanews.com\\\/en\\\/\"},{\"@type\":\"ListItem\",\"position\":2,\"name\":\"Clinical trials with Cuban vaccine candidates extended to children up to three years of age\"}]},{\"@type\":\"WebSite\",\"@id\":\"https:\\\/\\\/oncubanews.com\\\/en\\\/#website\",\"url\":\"https:\\\/\\\/oncubanews.com\\\/en\\\/\",\"name\":\"OnCubaNews English\",\"description\":\"Revista sobre Cuba\",\"potentialAction\":[{\"@type\":\"SearchAction\",\"target\":{\"@type\":\"EntryPoint\",\"urlTemplate\":\"https:\\\/\\\/oncubanews.com\\\/en\\\/?s={search_term_string}\"},\"query-input\":{\"@type\":\"PropertyValueSpecification\",\"valueRequired\":true,\"valueName\":\"search_term_string\"}}],\"inLanguage\":\"en-US\"},{\"@type\":\"Person\",\"@id\":\"https:\\\/\\\/oncubanews.com\\\/en\\\/#\\\/schema\\\/person\\\/d7171bf311032ab1f557dd8332e714af\",\"name\":\"OnCuba Staff\",\"image\":{\"@type\":\"ImageObject\",\"inLanguage\":\"en-US\",\"@id\":\"https:\\\/\\\/secure.gravatar.com\\\/avatar\\\/4b4c4d6109baadde898bb1af22ea4a4af5f4417b86a5d1800bf17531bfb128fc?s=96&r=g17310096d4dde63ebae0e54fbb19218a\",\"url\":\"https:\\\/\\\/secure.gravatar.com\\\/avatar\\\/4b4c4d6109baadde898bb1af22ea4a4af5f4417b86a5d1800bf17531bfb128fc?s=96&r=g\",\"contentUrl\":\"https:\\\/\\\/secure.gravatar.com\\\/avatar\\\/4b4c4d6109baadde898bb1af22ea4a4af5f4417b86a5d1800bf17531bfb128fc?s=96&r=g\",\"caption\":\"OnCuba Staff\"},\"url\":\"https:\\\/\\\/oncubanews.com\\\/en\\\/author\\\/oncuba-editorial-staff\\\/\"}]}<\/script>\n<!-- \/ Yoast SEO plugin. -->","yoast_head_json":{"title":"Clinical trials with Cuban vaccine candidates extended to children up to three years of age | OnCubaNews English","description":"The volunteer selection process was carried out after verifying the safety of the drug in volunteers aged 12 to 18 who received the first dose, according to executives of the Finlay Vaccine Institute (IFV).","robots":{"index":"index","follow":"follow","max-snippet":"max-snippet:-1","max-image-preview":"max-image-preview:large","max-video-preview":"max-video-preview:-1"},"canonical":"https:\/\/oncubanews.com\/en\/coronavirus\/clinical-trials-with-cuban-vaccine-candidates-extended-to-children-up-to-three-years-of-age\/","og_locale":"en_US","og_type":"article","og_title":"Clinical trials with Cuban vaccine candidates extended to children up to three years of age | OnCubaNews English","og_description":"The volunteer selection process was carried out after verifying the safety of the drug in volunteers aged 12 to 18 who received the first dose, according to executives of the Finlay Vaccine Institute (IFV).","og_url":"https:\/\/oncubanews.com\/en\/coronavirus\/clinical-trials-with-cuban-vaccine-candidates-extended-to-children-up-to-three-years-of-age\/","og_site_name":"OnCubaNews English","article_published_time":"2021-06-29T18:19:38+00:00","og_image":[{"width":750,"height":500,"url":"https:\/\/oncubanews.com\/en\/wp-content\/uploads\/2021\/06\/Ninos-calle_otm_1-1-750x500-1.jpg","type":"image\/jpeg"}],"author":"OnCuba Staff","twitter_card":"summary_large_image","twitter_misc":{"Written by":"OnCuba Staff","Est. reading time":"2 minutes"},"schema":{"@context":"https:\/\/schema.org","@graph":[{"@type":"Article","@id":"https:\/\/oncubanews.com\/en\/coronavirus\/clinical-trials-with-cuban-vaccine-candidates-extended-to-children-up-to-three-years-of-age\/#article","isPartOf":{"@id":"https:\/\/oncubanews.com\/en\/coronavirus\/clinical-trials-with-cuban-vaccine-candidates-extended-to-children-up-to-three-years-of-age\/"},"author":{"name":"OnCuba Staff","@id":"https:\/\/oncubanews.com\/en\/#\/schema\/person\/d7171bf311032ab1f557dd8332e714af"},"headline":"Clinical trials with Cuban vaccine candidates extended to children up to three years of age","datePublished":"2021-06-29T18:19:38+00:00","mainEntityOfPage":{"@id":"https:\/\/oncubanews.com\/en\/coronavirus\/clinical-trials-with-cuban-vaccine-candidates-extended-to-children-up-to-three-years-of-age\/"},"wordCount":343,"commentCount":1,"image":{"@id":"https:\/\/oncubanews.com\/en\/coronavirus\/clinical-trials-with-cuban-vaccine-candidates-extended-to-children-up-to-three-years-of-age\/#primaryimage"},"thumbnailUrl":"https:\/\/oncubanews.com\/en\/wp-content\/uploads\/2021\/06\/Ninos-calle_otm_1-1-750x500-1.jpg","keywords":["coronavirus in Cuba","cuban children","Cuban vaccine against COVID-19"],"articleSection":["Coronavirus"],"inLanguage":"en-US","potentialAction":[{"@type":"CommentAction","name":"Comment","target":["https:\/\/oncubanews.com\/en\/coronavirus\/clinical-trials-with-cuban-vaccine-candidates-extended-to-children-up-to-three-years-of-age\/#respond"]}],"copyrightYear":"2021","copyrightHolder":{"@id":"https:\/\/oncubanews.com\/en\/#organization"}},{"@type":"WebPage","@id":"https:\/\/oncubanews.com\/en\/coronavirus\/clinical-trials-with-cuban-vaccine-candidates-extended-to-children-up-to-three-years-of-age\/","url":"https:\/\/oncubanews.com\/en\/coronavirus\/clinical-trials-with-cuban-vaccine-candidates-extended-to-children-up-to-three-years-of-age\/","name":"Clinical trials with Cuban vaccine candidates extended to children up to three years of age | OnCubaNews English","isPartOf":{"@id":"https:\/\/oncubanews.com\/en\/#website"},"primaryImageOfPage":{"@id":"https:\/\/oncubanews.com\/en\/coronavirus\/clinical-trials-with-cuban-vaccine-candidates-extended-to-children-up-to-three-years-of-age\/#primaryimage"},"image":{"@id":"https:\/\/oncubanews.com\/en\/coronavirus\/clinical-trials-with-cuban-vaccine-candidates-extended-to-children-up-to-three-years-of-age\/#primaryimage"},"thumbnailUrl":"https:\/\/oncubanews.com\/en\/wp-content\/uploads\/2021\/06\/Ninos-calle_otm_1-1-750x500-1.jpg","datePublished":"2021-06-29T18:19:38+00:00","author":{"@id":"https:\/\/oncubanews.com\/en\/#\/schema\/person\/d7171bf311032ab1f557dd8332e714af"},"description":"The volunteer selection process was carried out after verifying the safety of the drug in volunteers aged 12 to 18 who received the first dose, according to executives of the Finlay Vaccine Institute (IFV).","breadcrumb":{"@id":"https:\/\/oncubanews.com\/en\/coronavirus\/clinical-trials-with-cuban-vaccine-candidates-extended-to-children-up-to-three-years-of-age\/#breadcrumb"},"inLanguage":"en-US","potentialAction":[{"@type":"ReadAction","target":["https:\/\/oncubanews.com\/en\/coronavirus\/clinical-trials-with-cuban-vaccine-candidates-extended-to-children-up-to-three-years-of-age\/"]}]},{"@type":"ImageObject","inLanguage":"en-US","@id":"https:\/\/oncubanews.com\/en\/coronavirus\/clinical-trials-with-cuban-vaccine-candidates-extended-to-children-up-to-three-years-of-age\/#primaryimage","url":"https:\/\/oncubanews.com\/en\/wp-content\/uploads\/2021\/06\/Ninos-calle_otm_1-1-750x500-1.jpg","contentUrl":"https:\/\/oncubanews.com\/en\/wp-content\/uploads\/2021\/06\/Ninos-calle_otm_1-1-750x500-1.jpg","width":750,"height":500,"caption":"Photo: Otmaro Rodr\u00edguez\/OnCuba Archive"},{"@type":"BreadcrumbList","@id":"https:\/\/oncubanews.com\/en\/coronavirus\/clinical-trials-with-cuban-vaccine-candidates-extended-to-children-up-to-three-years-of-age\/#breadcrumb","itemListElement":[{"@type":"ListItem","position":1,"name":"Portada","item":"https:\/\/oncubanews.com\/en\/"},{"@type":"ListItem","position":2,"name":"Clinical trials with Cuban vaccine candidates extended to children up to three years of age"}]},{"@type":"WebSite","@id":"https:\/\/oncubanews.com\/en\/#website","url":"https:\/\/oncubanews.com\/en\/","name":"OnCubaNews English","description":"Revista sobre Cuba","potentialAction":[{"@type":"SearchAction","target":{"@type":"EntryPoint","urlTemplate":"https:\/\/oncubanews.com\/en\/?s={search_term_string}"},"query-input":{"@type":"PropertyValueSpecification","valueRequired":true,"valueName":"search_term_string"}}],"inLanguage":"en-US"},{"@type":"Person","@id":"https:\/\/oncubanews.com\/en\/#\/schema\/person\/d7171bf311032ab1f557dd8332e714af","name":"OnCuba Staff","image":{"@type":"ImageObject","inLanguage":"en-US","@id":"https:\/\/secure.gravatar.com\/avatar\/4b4c4d6109baadde898bb1af22ea4a4af5f4417b86a5d1800bf17531bfb128fc?s=96&r=g17310096d4dde63ebae0e54fbb19218a","url":"https:\/\/secure.gravatar.com\/avatar\/4b4c4d6109baadde898bb1af22ea4a4af5f4417b86a5d1800bf17531bfb128fc?s=96&r=g","contentUrl":"https:\/\/secure.gravatar.com\/avatar\/4b4c4d6109baadde898bb1af22ea4a4af5f4417b86a5d1800bf17531bfb128fc?s=96&r=g","caption":"OnCuba Staff"},"url":"https:\/\/oncubanews.com\/en\/author\/oncuba-editorial-staff\/"}]}},"authors":[{"term_id":33546,"user_id":3134,"is_guest":0,"slug":"oncuba-editorial-staff","display_name":"OnCuba Staff","avatar_url":"https:\/\/secure.gravatar.com\/avatar\/4b4c4d6109baadde898bb1af22ea4a4af5f4417b86a5d1800bf17531bfb128fc?s=96&r=g","0":null,"1":"","2":"","3":"","4":"","5":"","6":"","7":"","8":""}],"_links":{"self":[{"href":"https:\/\/oncubanews.com\/en\/wp-json\/wp\/v2\/posts\/240912","targetHints":{"allow":["GET"]}}],"collection":[{"href":"https:\/\/oncubanews.com\/en\/wp-json\/wp\/v2\/posts"}],"about":[{"href":"https:\/\/oncubanews.com\/en\/wp-json\/wp\/v2\/types\/post"}],"author":[{"embeddable":true,"href":"https:\/\/oncubanews.com\/en\/wp-json\/wp\/v2\/users\/3134"}],"replies":[{"embeddable":true,"href":"https:\/\/oncubanews.com\/en\/wp-json\/wp\/v2\/comments?post=240912"}],"version-history":[{"count":0,"href":"https:\/\/oncubanews.com\/en\/wp-json\/wp\/v2\/posts\/240912\/revisions"}],"wp:featuredmedia":[{"embeddable":true,"href":"https:\/\/oncubanews.com\/en\/wp-json\/wp\/v2\/media\/240914"}],"wp:attachment":[{"href":"https:\/\/oncubanews.com\/en\/wp-json\/wp\/v2\/media?parent=240912"}],"wp:term":[{"taxonomy":"category","embeddable":true,"href":"https:\/\/oncubanews.com\/en\/wp-json\/wp\/v2\/categories?post=240912"},{"taxonomy":"post_tag","embeddable":true,"href":"https:\/\/oncubanews.com\/en\/wp-json\/wp\/v2\/tags?post=240912"},{"taxonomy":"author","embeddable":true,"href":"https:\/\/oncubanews.com\/en\/wp-json\/wp\/v2\/ppma_author?post=240912"}],"curies":[{"name":"wp","href":"https:\/\/api.w.org\/{rel}","templated":true}]}}