
{"id":241217,"date":"2021-07-06T21:16:58","date_gmt":"2021-07-07T01:16:58","guid":{"rendered":"https:\/\/oncubanews.com\/en\/?p=241217"},"modified":"2021-07-06T21:16:58","modified_gmt":"2021-07-07T01:16:58","slug":"cuba-returns-to-normal-elsa-moves-through-straits-of-florida","status":"publish","type":"post","link":"https:\/\/oncubanews.com\/en\/cuba\/cuba-returns-to-normal-elsa-moves-through-straits-of-florida\/","title":{"rendered":"Cuba returns to normal, Elsa moves through Straits of Florida"},"content":{"rendered":"<p><span style=\"font-weight: 400;\">After keeping all of Cuba on guard, and adding to the already complex situation caused by the outbreak of SARS-CoV-2 a series of measures to save human lives and to protect the main and scarce economic resources, Tropical Storm Elsa left the national territory last night and is moving away through the Straits of Florida.<\/span><\/p>\n<p><span style=\"font-weight: 400;\">Its speed was about 19 kilometers per hour and its cloudy areas, with showers and heavy rains, continued to affect Matanzas, Mayabeque and the special municipality of Isla de la Juventud, according to the report issued by the Forecast Center of the Cuban Institute of Meteorology (INSMET) at 7:00 a.m. (local time).<\/span><\/p>\n<p><span style=\"font-weight: 400;\">But, given its trajectory and consequences, which do not represent a danger to the island, the Civil Defense General Staff decreed a return to normality as of 8:00 a.m. (local time) to the western provinces that since yesterday were in the Cyclonic Alarm and Alert phase.<\/span><\/p>\n<blockquote class=\"twitter-tweet\" data-width=\"500\" data-dnt=\"true\">\n<p lang=\"es\" dir=\"ltr\"><a href=\"https:\/\/twitter.com\/hashtag\/TTElsa?src=hash&amp;ref_src=twsrc%5Etfw\">#TTElsa<\/a> se aleja de Cuba por lo que se decidi\u00f3 pasar a la normalidad a las provincias de Sancti Sp\u00edritus, Cienfuegos, Villa Clara, Matanzas, Mayabeque, La Habana, Artemisa, Pinar del R\u00edo y el Municipio Especial Isla de la Juventud, a partir de las 08:00 horas de hoy.<\/p>\n<p>&mdash; Defensa Civil Cuba (@CubaCivil) <a href=\"https:\/\/twitter.com\/CubaCivil\/status\/1412372704422940672?ref_src=twsrc%5Etfw\">July 6, 2021<\/a><\/p><\/blockquote>\n<p><script async src=\"https:\/\/platform.twitter.com\/widgets.js\" charset=\"utf-8\"><\/script><\/p>\n<p><span style=\"font-weight: 400;\">Outstanding in the INSMET information is the report of heavy rainfall in territories such as Matanzas (210 millimeters in C\u00e1rdenas; 170 millimeters in Uni\u00f3n de Reyes, 112 millimeters in Jovellanos, 82 millimeters in Varadero and 51 millimeters in Indio Hatuey); Mayabeque (104 millimeters in Bainoa and 103 millimeters in Tapaste) and Isla de la Juventud (86 millimeters in Punta del Este).<\/span><\/p>\n<p><span style=\"font-weight: 400;\">Floods were reported in low-lying areas of territories such as Ci\u00e9naga de Zapata, the point through which the tropical storm penetrated Cuba yesterday, being the first meteorological phenomenon affecting the national territory this year, the fifth storm that, in addition, was the first hurricane of the season in the Atlantic.<\/span><\/p>\n<p><span style=\"font-weight: 400;\">In addition to the reports of floods in the Ci\u00e9naga de Zapata, it was known from Matanzas that the Yumur\u00ed River had dawned overflowing due to high tide. Situations like these also force residents of low-lying areas, whose homes are beginning to feel the effect of the waters, to be evacuated.<\/span><\/p>\n<p><span style=\"font-weight: 400;\">At the time of issuing the last report, the central region of Elsa was estimated at 24.3 degrees North latitude and 82.5 degrees West longitude, a position that placed it about 125 kilometers north of Havana and 75 kilometers west-southwest of Key West. The maximum sustained winds were 95 kilometers per hour, with higher gusts, while the central pressure had barely varied at 1007 hPa.<\/span><\/p>\n<p><span style=\"font-weight: 400;\">Specialists warn that it will continue its gradual strengthening over the Straits of Florida and the Gulf of Mexico, although for Cuba the strength of the winds will gradually decrease, while the storm clouds and rains associated with the feeding bands of this meteorological phenomenon will continue affecting the provinces from Pinar del R\u00edo to Cienfuegos and Villa Clara, including the special municipality of Isla de la Juventud.<\/span><\/p>\n<p><span style=\"font-weight: 400;\">Havana, which yesterday had entered the Alarm phase, has just experienced light and occasional drizzles.<\/span><\/p>\n<p><span style=\"font-weight: 400;\">At 8 a.m. in Miami, Elsa was about 50 miles (90 km) west of Key West and 240 miles (385 km) from Tampa, on the central western coast of Florida, according to the U.S. National Hurricane Center (NHC).\u00a0<\/span><\/p>\n<p><span style=\"font-weight: 400;\">The NHC has issued, among other warnings, a hurricane watch for an area of \u200b\u200bthe Florida coast, between Egmont Key and Steinhatchee River, in the north of the state, the area where the impact could occur on land.<\/span><\/p>\n","protected":false},"excerpt":{"rendered":"<p>At 6:00 a.m. (local time), the central region of Elsa was estimated at 24.3 degrees North latitude and 82.5 degrees West longitude, a position that placed it about 125 kilometers north of Havana and 75 kilometers to the west-southwest of Key West.<\/p>\n","protected":false},"author":3134,"featured_media":241219,"comment_status":"open","ping_status":"closed","sticky":false,"template":"","format":"standard","meta":{"_acf_changed":false,"footnotes":""},"categories":[13902],"tags":[34380],"ppma_author":[33546],"class_list":["post-241217","post","type-post","status-publish","format-standard","has-post-thumbnail","hentry","category-cuba","tag-tropical-storm-elsa"],"acf":[],"yoast_head":"<!-- This site is optimized with the Yoast SEO plugin v27.3 - https:\/\/yoast.com\/product\/yoast-seo-wordpress\/ -->\n<title>Cuba returns to normal, Elsa moves through Straits of Florida | OnCubaNews English<\/title>\n<meta name=\"description\" content=\"At 6:00 a.m. (local time), the central region of Elsa was estimated at 24.3 degrees North latitude and 82.5 degrees West longitude, a position that placed it about 125 kilometers north of Havana and 75 kilometers to the west-southwest of Key West.\" \/>\n<meta name=\"robots\" content=\"index, follow, max-snippet:-1, max-image-preview:large, max-video-preview:-1\" \/>\n<link rel=\"canonical\" href=\"https:\/\/oncubanews.com\/en\/cuba\/cuba-returns-to-normal-elsa-moves-through-straits-of-florida\/\" \/>\n<meta property=\"og:locale\" content=\"en_US\" \/>\n<meta property=\"og:type\" content=\"article\" \/>\n<meta property=\"og:title\" content=\"Cuba returns to normal, Elsa moves through Straits of Florida | OnCubaNews English\" \/>\n<meta property=\"og:description\" content=\"At 6:00 a.m. (local time), the central region of Elsa was estimated at 24.3 degrees North latitude and 82.5 degrees West longitude, a position that placed it about 125 kilometers north of Havana and 75 kilometers to the west-southwest of Key West.\" \/>\n<meta property=\"og:url\" content=\"https:\/\/oncubanews.com\/en\/cuba\/cuba-returns-to-normal-elsa-moves-through-straits-of-florida\/\" \/>\n<meta property=\"og:site_name\" content=\"OnCubaNews English\" \/>\n<meta property=\"article:published_time\" content=\"2021-07-07T01:16:58+00:00\" \/>\n<meta property=\"og:image\" content=\"https:\/\/oncubanews.com\/en\/wp-content\/uploads\/2021\/07\/Minist-trab_otm__14.jpg\" \/>\n\t<meta property=\"og:image:width\" content=\"1140\" \/>\n\t<meta property=\"og:image:height\" content=\"760\" \/>\n\t<meta property=\"og:image:type\" content=\"image\/jpeg\" \/>\n<meta name=\"author\" content=\"OnCuba Staff\" \/>\n<meta name=\"twitter:card\" content=\"summary_large_image\" \/>\n<meta name=\"twitter:label1\" content=\"Written by\" \/>\n\t<meta name=\"twitter:data1\" content=\"OnCuba Staff\" \/>\n\t<meta name=\"twitter:label2\" content=\"Est. reading time\" \/>\n\t<meta name=\"twitter:data2\" content=\"3 minutes\" \/>\n<script type=\"application\/ld+json\" class=\"yoast-schema-graph\">{\"@context\":\"https:\\\/\\\/schema.org\",\"@graph\":[{\"@type\":\"Article\",\"@id\":\"https:\\\/\\\/oncubanews.com\\\/en\\\/cuba\\\/cuba-returns-to-normal-elsa-moves-through-straits-of-florida\\\/#article\",\"isPartOf\":{\"@id\":\"https:\\\/\\\/oncubanews.com\\\/en\\\/cuba\\\/cuba-returns-to-normal-elsa-moves-through-straits-of-florida\\\/\"},\"author\":{\"name\":\"OnCuba Staff\",\"@id\":\"https:\\\/\\\/oncubanews.com\\\/en\\\/#\\\/schema\\\/person\\\/d7171bf311032ab1f557dd8332e714af\"},\"headline\":\"Cuba returns to normal, Elsa moves through Straits of Florida\",\"datePublished\":\"2021-07-07T01:16:58+00:00\",\"mainEntityOfPage\":{\"@id\":\"https:\\\/\\\/oncubanews.com\\\/en\\\/cuba\\\/cuba-returns-to-normal-elsa-moves-through-straits-of-florida\\\/\"},\"wordCount\":564,\"commentCount\":0,\"image\":{\"@id\":\"https:\\\/\\\/oncubanews.com\\\/en\\\/cuba\\\/cuba-returns-to-normal-elsa-moves-through-straits-of-florida\\\/#primaryimage\"},\"thumbnailUrl\":\"https:\\\/\\\/oncubanews.com\\\/en\\\/wp-content\\\/uploads\\\/2021\\\/07\\\/Minist-trab_otm__14.jpg\",\"keywords\":[\"Tropical storm Elsa\"],\"articleSection\":[\"Cuba\"],\"inLanguage\":\"en-US\",\"potentialAction\":[{\"@type\":\"CommentAction\",\"name\":\"Comment\",\"target\":[\"https:\\\/\\\/oncubanews.com\\\/en\\\/cuba\\\/cuba-returns-to-normal-elsa-moves-through-straits-of-florida\\\/#respond\"]}],\"copyrightYear\":\"2021\",\"copyrightHolder\":{\"@id\":\"https:\\\/\\\/oncubanews.com\\\/en\\\/#organization\"}},{\"@type\":\"WebPage\",\"@id\":\"https:\\\/\\\/oncubanews.com\\\/en\\\/cuba\\\/cuba-returns-to-normal-elsa-moves-through-straits-of-florida\\\/\",\"url\":\"https:\\\/\\\/oncubanews.com\\\/en\\\/cuba\\\/cuba-returns-to-normal-elsa-moves-through-straits-of-florida\\\/\",\"name\":\"Cuba returns to normal, Elsa moves through Straits of Florida | OnCubaNews English\",\"isPartOf\":{\"@id\":\"https:\\\/\\\/oncubanews.com\\\/en\\\/#website\"},\"primaryImageOfPage\":{\"@id\":\"https:\\\/\\\/oncubanews.com\\\/en\\\/cuba\\\/cuba-returns-to-normal-elsa-moves-through-straits-of-florida\\\/#primaryimage\"},\"image\":{\"@id\":\"https:\\\/\\\/oncubanews.com\\\/en\\\/cuba\\\/cuba-returns-to-normal-elsa-moves-through-straits-of-florida\\\/#primaryimage\"},\"thumbnailUrl\":\"https:\\\/\\\/oncubanews.com\\\/en\\\/wp-content\\\/uploads\\\/2021\\\/07\\\/Minist-trab_otm__14.jpg\",\"datePublished\":\"2021-07-07T01:16:58+00:00\",\"author\":{\"@id\":\"https:\\\/\\\/oncubanews.com\\\/en\\\/#\\\/schema\\\/person\\\/d7171bf311032ab1f557dd8332e714af\"},\"description\":\"At 6:00 a.m. (local time), the central region of Elsa was estimated at 24.3 degrees North latitude and 82.5 degrees West longitude, a position that placed it about 125 kilometers north of Havana and 75 kilometers to the west-southwest of Key West.\",\"breadcrumb\":{\"@id\":\"https:\\\/\\\/oncubanews.com\\\/en\\\/cuba\\\/cuba-returns-to-normal-elsa-moves-through-straits-of-florida\\\/#breadcrumb\"},\"inLanguage\":\"en-US\",\"potentialAction\":[{\"@type\":\"ReadAction\",\"target\":[\"https:\\\/\\\/oncubanews.com\\\/en\\\/cuba\\\/cuba-returns-to-normal-elsa-moves-through-straits-of-florida\\\/\"]}]},{\"@type\":\"ImageObject\",\"inLanguage\":\"en-US\",\"@id\":\"https:\\\/\\\/oncubanews.com\\\/en\\\/cuba\\\/cuba-returns-to-normal-elsa-moves-through-straits-of-florida\\\/#primaryimage\",\"url\":\"https:\\\/\\\/oncubanews.com\\\/en\\\/wp-content\\\/uploads\\\/2021\\\/07\\\/Minist-trab_otm__14.jpg\",\"contentUrl\":\"https:\\\/\\\/oncubanews.com\\\/en\\\/wp-content\\\/uploads\\\/2021\\\/07\\\/Minist-trab_otm__14.jpg\",\"width\":1140,\"height\":760,\"caption\":\"Photo: Otmaro Rodr\u00edguez \\\/ Archive\"},{\"@type\":\"BreadcrumbList\",\"@id\":\"https:\\\/\\\/oncubanews.com\\\/en\\\/cuba\\\/cuba-returns-to-normal-elsa-moves-through-straits-of-florida\\\/#breadcrumb\",\"itemListElement\":[{\"@type\":\"ListItem\",\"position\":1,\"name\":\"Portada\",\"item\":\"https:\\\/\\\/oncubanews.com\\\/en\\\/\"},{\"@type\":\"ListItem\",\"position\":2,\"name\":\"Cuba returns to normal, Elsa moves through Straits of Florida\"}]},{\"@type\":\"WebSite\",\"@id\":\"https:\\\/\\\/oncubanews.com\\\/en\\\/#website\",\"url\":\"https:\\\/\\\/oncubanews.com\\\/en\\\/\",\"name\":\"OnCubaNews English\",\"description\":\"Revista sobre Cuba\",\"potentialAction\":[{\"@type\":\"SearchAction\",\"target\":{\"@type\":\"EntryPoint\",\"urlTemplate\":\"https:\\\/\\\/oncubanews.com\\\/en\\\/?s={search_term_string}\"},\"query-input\":{\"@type\":\"PropertyValueSpecification\",\"valueRequired\":true,\"valueName\":\"search_term_string\"}}],\"inLanguage\":\"en-US\"},{\"@type\":\"Person\",\"@id\":\"https:\\\/\\\/oncubanews.com\\\/en\\\/#\\\/schema\\\/person\\\/d7171bf311032ab1f557dd8332e714af\",\"name\":\"OnCuba Staff\",\"image\":{\"@type\":\"ImageObject\",\"inLanguage\":\"en-US\",\"@id\":\"https:\\\/\\\/secure.gravatar.com\\\/avatar\\\/4b4c4d6109baadde898bb1af22ea4a4af5f4417b86a5d1800bf17531bfb128fc?s=96&r=g17310096d4dde63ebae0e54fbb19218a\",\"url\":\"https:\\\/\\\/secure.gravatar.com\\\/avatar\\\/4b4c4d6109baadde898bb1af22ea4a4af5f4417b86a5d1800bf17531bfb128fc?s=96&r=g\",\"contentUrl\":\"https:\\\/\\\/secure.gravatar.com\\\/avatar\\\/4b4c4d6109baadde898bb1af22ea4a4af5f4417b86a5d1800bf17531bfb128fc?s=96&r=g\",\"caption\":\"OnCuba Staff\"},\"url\":\"https:\\\/\\\/oncubanews.com\\\/en\\\/author\\\/oncuba-editorial-staff\\\/\"}]}<\/script>\n<!-- \/ Yoast SEO plugin. -->","yoast_head_json":{"title":"Cuba returns to normal, Elsa moves through Straits of Florida | OnCubaNews English","description":"At 6:00 a.m. (local time), the central region of Elsa was estimated at 24.3 degrees North latitude and 82.5 degrees West longitude, a position that placed it about 125 kilometers north of Havana and 75 kilometers to the west-southwest of Key West.","robots":{"index":"index","follow":"follow","max-snippet":"max-snippet:-1","max-image-preview":"max-image-preview:large","max-video-preview":"max-video-preview:-1"},"canonical":"https:\/\/oncubanews.com\/en\/cuba\/cuba-returns-to-normal-elsa-moves-through-straits-of-florida\/","og_locale":"en_US","og_type":"article","og_title":"Cuba returns to normal, Elsa moves through Straits of Florida | OnCubaNews English","og_description":"At 6:00 a.m. (local time), the central region of Elsa was estimated at 24.3 degrees North latitude and 82.5 degrees West longitude, a position that placed it about 125 kilometers north of Havana and 75 kilometers to the west-southwest of Key West.","og_url":"https:\/\/oncubanews.com\/en\/cuba\/cuba-returns-to-normal-elsa-moves-through-straits-of-florida\/","og_site_name":"OnCubaNews English","article_published_time":"2021-07-07T01:16:58+00:00","og_image":[{"width":1140,"height":760,"url":"https:\/\/oncubanews.com\/en\/wp-content\/uploads\/2021\/07\/Minist-trab_otm__14.jpg","type":"image\/jpeg"}],"author":"OnCuba Staff","twitter_card":"summary_large_image","twitter_misc":{"Written by":"OnCuba Staff","Est. reading time":"3 minutes"},"schema":{"@context":"https:\/\/schema.org","@graph":[{"@type":"Article","@id":"https:\/\/oncubanews.com\/en\/cuba\/cuba-returns-to-normal-elsa-moves-through-straits-of-florida\/#article","isPartOf":{"@id":"https:\/\/oncubanews.com\/en\/cuba\/cuba-returns-to-normal-elsa-moves-through-straits-of-florida\/"},"author":{"name":"OnCuba Staff","@id":"https:\/\/oncubanews.com\/en\/#\/schema\/person\/d7171bf311032ab1f557dd8332e714af"},"headline":"Cuba returns to normal, Elsa moves through Straits of Florida","datePublished":"2021-07-07T01:16:58+00:00","mainEntityOfPage":{"@id":"https:\/\/oncubanews.com\/en\/cuba\/cuba-returns-to-normal-elsa-moves-through-straits-of-florida\/"},"wordCount":564,"commentCount":0,"image":{"@id":"https:\/\/oncubanews.com\/en\/cuba\/cuba-returns-to-normal-elsa-moves-through-straits-of-florida\/#primaryimage"},"thumbnailUrl":"https:\/\/oncubanews.com\/en\/wp-content\/uploads\/2021\/07\/Minist-trab_otm__14.jpg","keywords":["Tropical storm Elsa"],"articleSection":["Cuba"],"inLanguage":"en-US","potentialAction":[{"@type":"CommentAction","name":"Comment","target":["https:\/\/oncubanews.com\/en\/cuba\/cuba-returns-to-normal-elsa-moves-through-straits-of-florida\/#respond"]}],"copyrightYear":"2021","copyrightHolder":{"@id":"https:\/\/oncubanews.com\/en\/#organization"}},{"@type":"WebPage","@id":"https:\/\/oncubanews.com\/en\/cuba\/cuba-returns-to-normal-elsa-moves-through-straits-of-florida\/","url":"https:\/\/oncubanews.com\/en\/cuba\/cuba-returns-to-normal-elsa-moves-through-straits-of-florida\/","name":"Cuba returns to normal, Elsa moves through Straits of Florida | OnCubaNews English","isPartOf":{"@id":"https:\/\/oncubanews.com\/en\/#website"},"primaryImageOfPage":{"@id":"https:\/\/oncubanews.com\/en\/cuba\/cuba-returns-to-normal-elsa-moves-through-straits-of-florida\/#primaryimage"},"image":{"@id":"https:\/\/oncubanews.com\/en\/cuba\/cuba-returns-to-normal-elsa-moves-through-straits-of-florida\/#primaryimage"},"thumbnailUrl":"https:\/\/oncubanews.com\/en\/wp-content\/uploads\/2021\/07\/Minist-trab_otm__14.jpg","datePublished":"2021-07-07T01:16:58+00:00","author":{"@id":"https:\/\/oncubanews.com\/en\/#\/schema\/person\/d7171bf311032ab1f557dd8332e714af"},"description":"At 6:00 a.m. (local time), the central region of Elsa was estimated at 24.3 degrees North latitude and 82.5 degrees West longitude, a position that placed it about 125 kilometers north of Havana and 75 kilometers to the west-southwest of Key West.","breadcrumb":{"@id":"https:\/\/oncubanews.com\/en\/cuba\/cuba-returns-to-normal-elsa-moves-through-straits-of-florida\/#breadcrumb"},"inLanguage":"en-US","potentialAction":[{"@type":"ReadAction","target":["https:\/\/oncubanews.com\/en\/cuba\/cuba-returns-to-normal-elsa-moves-through-straits-of-florida\/"]}]},{"@type":"ImageObject","inLanguage":"en-US","@id":"https:\/\/oncubanews.com\/en\/cuba\/cuba-returns-to-normal-elsa-moves-through-straits-of-florida\/#primaryimage","url":"https:\/\/oncubanews.com\/en\/wp-content\/uploads\/2021\/07\/Minist-trab_otm__14.jpg","contentUrl":"https:\/\/oncubanews.com\/en\/wp-content\/uploads\/2021\/07\/Minist-trab_otm__14.jpg","width":1140,"height":760,"caption":"Photo: Otmaro Rodr\u00edguez \/ Archive"},{"@type":"BreadcrumbList","@id":"https:\/\/oncubanews.com\/en\/cuba\/cuba-returns-to-normal-elsa-moves-through-straits-of-florida\/#breadcrumb","itemListElement":[{"@type":"ListItem","position":1,"name":"Portada","item":"https:\/\/oncubanews.com\/en\/"},{"@type":"ListItem","position":2,"name":"Cuba returns to normal, Elsa moves through Straits of Florida"}]},{"@type":"WebSite","@id":"https:\/\/oncubanews.com\/en\/#website","url":"https:\/\/oncubanews.com\/en\/","name":"OnCubaNews English","description":"Revista sobre Cuba","potentialAction":[{"@type":"SearchAction","target":{"@type":"EntryPoint","urlTemplate":"https:\/\/oncubanews.com\/en\/?s={search_term_string}"},"query-input":{"@type":"PropertyValueSpecification","valueRequired":true,"valueName":"search_term_string"}}],"inLanguage":"en-US"},{"@type":"Person","@id":"https:\/\/oncubanews.com\/en\/#\/schema\/person\/d7171bf311032ab1f557dd8332e714af","name":"OnCuba Staff","image":{"@type":"ImageObject","inLanguage":"en-US","@id":"https:\/\/secure.gravatar.com\/avatar\/4b4c4d6109baadde898bb1af22ea4a4af5f4417b86a5d1800bf17531bfb128fc?s=96&r=g17310096d4dde63ebae0e54fbb19218a","url":"https:\/\/secure.gravatar.com\/avatar\/4b4c4d6109baadde898bb1af22ea4a4af5f4417b86a5d1800bf17531bfb128fc?s=96&r=g","contentUrl":"https:\/\/secure.gravatar.com\/avatar\/4b4c4d6109baadde898bb1af22ea4a4af5f4417b86a5d1800bf17531bfb128fc?s=96&r=g","caption":"OnCuba Staff"},"url":"https:\/\/oncubanews.com\/en\/author\/oncuba-editorial-staff\/"}]}},"authors":[{"term_id":33546,"user_id":3134,"is_guest":0,"slug":"oncuba-editorial-staff","display_name":"OnCuba Staff","avatar_url":"https:\/\/secure.gravatar.com\/avatar\/4b4c4d6109baadde898bb1af22ea4a4af5f4417b86a5d1800bf17531bfb128fc?s=96&r=g","0":null,"1":"","2":"","3":"","4":"","5":"","6":"","7":"","8":""}],"_links":{"self":[{"href":"https:\/\/oncubanews.com\/en\/wp-json\/wp\/v2\/posts\/241217","targetHints":{"allow":["GET"]}}],"collection":[{"href":"https:\/\/oncubanews.com\/en\/wp-json\/wp\/v2\/posts"}],"about":[{"href":"https:\/\/oncubanews.com\/en\/wp-json\/wp\/v2\/types\/post"}],"author":[{"embeddable":true,"href":"https:\/\/oncubanews.com\/en\/wp-json\/wp\/v2\/users\/3134"}],"replies":[{"embeddable":true,"href":"https:\/\/oncubanews.com\/en\/wp-json\/wp\/v2\/comments?post=241217"}],"version-history":[{"count":0,"href":"https:\/\/oncubanews.com\/en\/wp-json\/wp\/v2\/posts\/241217\/revisions"}],"wp:featuredmedia":[{"embeddable":true,"href":"https:\/\/oncubanews.com\/en\/wp-json\/wp\/v2\/media\/241219"}],"wp:attachment":[{"href":"https:\/\/oncubanews.com\/en\/wp-json\/wp\/v2\/media?parent=241217"}],"wp:term":[{"taxonomy":"category","embeddable":true,"href":"https:\/\/oncubanews.com\/en\/wp-json\/wp\/v2\/categories?post=241217"},{"taxonomy":"post_tag","embeddable":true,"href":"https:\/\/oncubanews.com\/en\/wp-json\/wp\/v2\/tags?post=241217"},{"taxonomy":"author","embeddable":true,"href":"https:\/\/oncubanews.com\/en\/wp-json\/wp\/v2\/ppma_author?post=241217"}],"curies":[{"name":"wp","href":"https:\/\/api.w.org\/{rel}","templated":true}]}}