
{"id":241564,"date":"2021-07-16T13:19:55","date_gmt":"2021-07-16T17:19:55","guid":{"rendered":"https:\/\/oncubanews.com\/en\/?p=241564"},"modified":"2021-07-16T13:19:55","modified_gmt":"2021-07-16T17:19:55","slug":"cuban-government-announces-new-economic-measures-and-on-the-import-of-food-and-medicines","status":"publish","type":"post","link":"https:\/\/oncubanews.com\/en\/cuba\/cuban-government-announces-new-economic-measures-and-on-the-import-of-food-and-medicines\/","title":{"rendered":"Cuban government announces new economic measures and on the import of food and medicines"},"content":{"rendered":"<p><span style=\"font-weight: 400;\">This Wednesday the Cuban government announced new measures, including the elimination of limits on the import of food and medicine, at a time when the island is going through a severe economic and health crisis, and after <\/span><a href=\"https:\/\/oncubanews.com\/en\/tag\/protests-in-cuba\/\" target=\"_blank\" rel=\"noopener\"><span style=\"font-weight: 400;\">the protests<\/span><\/a><span style=\"font-weight: 400;\"> that occurred in recent days in different locations of the country.<\/span><\/p>\n<p><span style=\"font-weight: 400;\">President <\/span><a href=\"https:\/\/oncubanews.com\/en\/tag\/miguel-diaz-canel\/\" target=\"_blank\" rel=\"noopener\"><span style=\"font-weight: 400;\">Miguel D\u00edaz-Canel<\/span><\/a><span style=\"font-weight: 400;\">, together with Prime Minister Manuel Marrero and Minister of Economy, Alejandro Gil, made the announcements on the television program Mesa Redonda, in an appearance in which the issue of electricity generation was also addressed, affected in recent weeks and one of the problems that triggered the recent protests, as well as changes related to state-run enterprises and micro, small and medium-sized enterprises (MSMEs).<\/span><\/p>\n<p><b>Normalization in power generation<\/b><\/p>\n<p><span style=\"font-weight: 400;\">On this matter, the prime minister announced the incorporation, in the test and adjustment mode, of the number one unit of the Lidio Ram\u00f3n P\u00e9rez (Felton) thermoelectric plant, in the eastern province of Holgu\u00edn, whose operations had been interrupted. He explained that the plant is still working below its potential, but it is estimated that it will complete its full capacity (260 megawatts) this week, once the adjustments conclude.<\/span><\/p>\n<p><span style=\"font-weight: 400;\">Marrero pointed out that during the week the Antonio Guiteras thermoelectric plant in Matanzas was also synchronized with the National Electric System, which started up with a contribution of 237 megawatts and should reach its maximum potential (280) in the coming days, while anticipating that unit six of the M\u00e1ximo G\u00f3mez thermoelectric plant, located in the Mariel municipality (Artemisa) will carry out its first synchronization in August.<\/span><\/p>\n<blockquote class=\"twitter-tweet\" data-width=\"500\" data-dnt=\"true\">\n<p lang=\"es\" dir=\"ltr\">\u26a1\ufe0f Con la entrada en funcionamiento de las termoel\u00e9ctricas de Felton y de la &quot;Antonio Guiteras&quot; mejora de manera considerable la capacidad de generaci\u00f3n, lo que permitir\u00e1 reducir las afectaciones. Para garantizar una estabilidad del sistema se requieren 500 megawatt de reservas. <a href=\"https:\/\/t.co\/DQvjjy22ea\">pic.twitter.com\/DQvjjy22ea<\/a><\/p>\n<p>&mdash; Mesa Redonda (@mesaredondacuba) <a href=\"https:\/\/twitter.com\/mesaredondacuba\/status\/1415435112666304521?ref_src=twsrc%5Etfw\">July 14, 2021<\/a><\/p><\/blockquote>\n<p><script async src=\"https:\/\/platform.twitter.com\/widgets.js\" charset=\"utf-8\"><\/script><\/p>\n<p><span style=\"font-weight: 400;\">On the other hand, he acknowledged that despite the incorporation of these plants, which should lead to a reduction in power cuts \u2014 the annoying blackouts \u2014, work is still under way on the generation of permanent energy reserves. The estimate necessary for there to be a guarantee of stability in the long-term energy supply is 500 megawatts, but today the country has 133 megawatts, he said.<\/span><\/p>\n<p><span style=\"font-weight: 400;\">The problems, according to the prime minister, were aggravated by the lack of fuel and other supplies due to the U.S. embargo, as well as the needs derived from the current outbreak of COVID-19, which has made it necessary to create new isolation centers for the sick and suspects with protected circuits.<\/span><\/p>\n<p><span style=\"font-weight: 400;\">\u201cThere have always been protected circuits for hospitals, but they have increased due to the situation of the pandemic. Therefore, there has been a little more frequency of blackouts\u2026that have affected the same people,\u201d he explained.<\/span><\/p>\n<p><b>Import of food, toiletries and medicines<\/b><\/p>\n<p><span style=\"font-weight: 400;\">Regarding the lack of medicines in hospitals and pharmacies, Marrero alluded to problems with suppliers and financing, mainly motivated by the impact of the pandemic and the increase in prices due to the U.S. economic sanctions.<\/span><\/p>\n<p><span style=\"font-weight: 400;\">Among the most affected products are medicine for high blood pressure, antibiotics, analgesics, contraceptives, vitamins and products for dentistry use, many of them for regulated use through the \u201ccard,\u201d as the control card for the sale of these drugs is known on the island.\u00a0<\/span><\/p>\n<p><span style=\"font-weight: 400;\">He also referred to the import substitution that the pharmaceutical industry has undertaken. Of the 619 drugs included in the basic table in Cuba, 365 are produced by the national industry, he said, and assured that, currently, \u201cwe have available in the country a significant level of raw materials\u201d to produce drugs to fill the existing deficiencies. \u201cAmong the production priorities are drugs against COVID-19 and those destined for the hospital network, for hemodialysis, hypertension, antibiotics, diabetics and oncology patients, as well as for isolation centers and the pharmacy network,\u201d he said.<\/span><\/p>\n<p><span style=\"font-weight: 400;\">According to the prime minister, local authorities have been \u201coriented\u201d to identify people in need of these regulated drugs in short supply, and to make home deliveries once these drugs are re-established in the network of pharmacies.<\/span><\/p>\n<p><span style=\"font-weight: 400;\">Among the measures taken to minimize the impact of the crisis facing the Cuban population today in terms of essential products, Marrero also announced that the duty-free import of food, medicine and toiletries will be allowed \u201cexceptionally.\u201d<\/span><\/p>\n<p><span style=\"font-weight: 400;\">He affirmed that it was approved by the government \u201cto authorize exceptionally and on a temporary basis the import of food, toiletries and medicines by passengers with accompanying luggage, without limit of duty-free import value until December 31, 2021. The airlines are the ones that set the limits.\u201d<\/span><\/p>\n<blockquote class=\"wp-embedded-content\" data-secret=\"TU0DBH8nrp\"><p><a href=\"https:\/\/oncubanews.com\/el-marabuzal\/importar-por-cuenta-propia\/\">\u00bfImportar por cuenta propia?<\/a><\/p><\/blockquote>\n<p><iframe loading=\"lazy\" class=\"wp-embedded-content\" sandbox=\"allow-scripts\" security=\"restricted\" style=\"position: absolute; clip: rect(1px, 1px, 1px, 1px);\" title=\"\u00ab\u00bfImportar por cuenta propia?\u00bb \u2014 OnCubaNews\" src=\"https:\/\/oncubanews.com\/el-marabuzal\/importar-por-cuenta-propia\/embed\/#?secret=W3Ae8pkVSf#?secret=TU0DBH8nrp\" data-secret=\"TU0DBH8nrp\" width=\"500\" height=\"282\" frameborder=\"0\" marginwidth=\"0\" marginheight=\"0\" scrolling=\"no\"><\/iframe><\/p>\n<p><span style=\"font-weight: 400;\">The measure, which takes effect as of Monday, July 19, requires that the products described be separated from the rest of the personal luggage. Food products must continue to comply with plant and animal health regulations and medicines must be transported in their original containers.<\/span><\/p>\n<p><span style=\"font-weight: 400;\">Additional restrictions will be applied to travelers arriving on the island <\/span><a href=\"https:\/\/oncubanews.com\/cuba\/nuevas-medidas-para-cubanos-que-arriben-a-la-isla-por-varadero-y-cayo-coco\/\"><span style=\"font-weight: 400;\">through Cayo Coco and Varadero<\/span><\/a><span style=\"font-weight: 400;\">, whose maximum limit is a single suitcase, according to the hygienic-sanitary measures in force due to COVID-19.<\/span><\/p>\n<p><b>On internal migration and regulated food products<\/b><\/p>\n<p><span style=\"font-weight: 400;\">Referring to people who have left their provinces to settle in other territories without completing the legal procedures, Marrero pointed out that they are working \u201cto update the regulations, respecting the right of the population to decide where they want to live, but in an organized manner.\u201d<\/span><\/p>\n<p><span style=\"font-weight: 400;\">In the midst of the island\u2019s worst pandemic surge, during which more than 6,000 infections have been reported daily in recent days, these people do not have a ration book in their current place of residence, making it impossible for them to access the basic food basket.<\/span><\/p>\n<p><span style=\"font-weight: 400;\">To resolve this problem, Marrero pointed out that local governments, together with the domestic trade system, are developing a \u201cprovisional mechanism\u201d so that people in this situation can purchase the basic food basket, regardless of where they reside. The leader estimated a figure of around 300,000 people in these conditions.<\/span><\/p>\n<p><span style=\"font-weight: 400;\">According to what he said, the head of the Ministry of Domestic Trade (MINCIN) must appear at the Mesa Redonda program next week to explain and guide the population on the implementation of this mechanism.<\/span><\/p>\n<p><b>Socialist state-run enterprise and the salary scale<\/b><\/p>\n<p><span style=\"font-weight: 400;\">For his part, Cuban Deputy Prime Minister and Minister of Economy and Planning Alejandro Gil referred to the measures approved in the framework of the restructuring of state-run enterprises.<\/span><\/p>\n<p><span style=\"font-weight: 400;\">After announcing last June the approval for the creation of micro, small and medium-sized enterprises, the leader pointed out that work is under way to finalize their legal regulations, as well as other categories such as self-employment and non-agricultural cooperatives.<\/span><\/p>\n<p><span style=\"font-weight: 400;\">Gil recalled that the measures seek to place state-run enterprises \u201cas the main subject of our economic model,\u201d through \u201cdecisions and measures that promote greater efficiency in the state-run enterprises and allow for greater autonomy in management.\u201d<\/span><\/p>\n<p><span style=\"font-weight: 400;\">The first measure adopted in this regard is the improvement of the payment system of state-run enterprises. Gil recalled that the mechanisms that imposed limits on the payment for productivity (profits) were recently withdrawn and said that they are working on eliminating the obligation to use the salary scale to define the payment of wages in these enterprises.<\/span><\/p>\n<p><span style=\"font-weight: 400;\">This measure, \u201cunprecedented in the country, gives autonomy to state-run enterprises to pay salaries, but it also constitutes a great responsibility,\u201d said the deputy prime minister.<\/span><\/p>\n<p><span style=\"font-weight: 400;\">In the place of a salary scale as it exists today, an approved salary fund has been proposed to be distributed among the workers, according to the parameters defined by each enterprise.<\/span><\/p>\n<p><span style=\"font-weight: 400;\">The measure, which will be implemented gradually in a group of enterprises, has gone through a risk assessment process together with academics and specialists, and is expected to have a \u201cfavorable impact\u201d on the economy. \u201cRisks exist, but we will have to deal with them,\u201d Gil said.<\/span><\/p>\n<blockquote class=\"twitter-tweet\" data-width=\"500\" data-dnt=\"true\">\n<p lang=\"es\" dir=\"ltr\">La eliminaci\u00f3n de la obligatoriedad de aplicar la escala salarial en las empresas estatales, dota de mayor autonom\u00eda y responsabilidad a la empresa, que podr\u00e1 estimular de manera diferenciada a los trabajadores que m\u00e1s aportan. <a href=\"https:\/\/twitter.com\/hashtag\/SomosCuba?src=hash&amp;ref_src=twsrc%5Etfw\">#SomosCuba<\/a> <a href=\"https:\/\/twitter.com\/hashtag\/SomosContinuidad?src=hash&amp;ref_src=twsrc%5Etfw\">#SomosContinuidad<\/a> <a href=\"https:\/\/twitter.com\/MEP_CUBA?ref_src=twsrc%5Etfw\">@MEP_CUBA<\/a> <a href=\"https:\/\/t.co\/J6DmTsFnSB\">pic.twitter.com\/J6DmTsFnSB<\/a><\/p>\n<p>&mdash; Alejandro Gil Fern\u00e1ndez (@AlejandroGilF) <a href=\"https:\/\/twitter.com\/AlejandroGilF\/status\/1415646304915664899?ref_src=twsrc%5Etfw\">July 15, 2021<\/a><\/p><\/blockquote>\n<p><script async src=\"https:\/\/platform.twitter.com\/widgets.js\" charset=\"utf-8\"><\/script><\/p>\n<p><b>Micro, small and medium-sized state-run enterprises<\/b><\/p>\n<p><span style=\"font-weight: 400;\">Another measure pointed out by the minister is the relationship between owner and management within the micro, small and medium-sized state-run enterprises.<\/span><\/p>\n<p><span style=\"font-weight: 400;\">\u201cWhile the micro, small and medium-sized private enterprise has an owner who is a natural person, in the case of micro, small and medium-sized state-run enterprises, the owner is the State, which is represented through a legal entity,\u201d he explained.<\/span><\/p>\n<p><span style=\"font-weight: 400;\">In this case, the idea is being evaluated so that budgeted units, enterprises or Higher Organizations of Business Management (OSDE) and also scientific centers and universities can act as partners or owners of these state-run enterprises.<\/span><\/p>\n<p><span style=\"font-weight: 400;\">According to the minister of economy, the measure seeks to establish a clear division between owner and administrator, a transformation aimed at \u201cpromoting high value-added enterprises.\u201d<\/span><\/p>\n<p><span style=\"font-weight: 400;\">\u201cIt is not an improvised process.\u2026 It is an important step in the redesign of state property,\u201d stated Gil.<\/span><\/p>\n<p><b>Final words by D\u00edaz-Canel<\/b><\/p>\n<p><span style=\"font-weight: 400;\">The Cuban president was in charge of closing the television program. He began his participation by referring to the \u201ccomplex and challenging situation\u201d that the country is experiencing.<\/span><\/p>\n<p><span style=\"font-weight: 400;\">He affirmed that the context is complex due to the confluence of several issues, including the U.S. policy towards the island and the current pandemic surge, but also the \u201cenergy situation,\u201d shortages, dissatisfactions and \u201caccumulated problems\u201d that the island is experiencing.<\/span><\/p>\n<p><span style=\"font-weight: 400;\">D\u00edaz-Canel pointed out that, despite the current crisis, the context is different from that of the Special Period \u2014 the harsh economic crisis of the 1990s \u2014 when due to dependence on imports from the socialist camp, the country entered a deep depression.<\/span><\/p>\n<p><span style=\"font-weight: 400;\">\u201cWe learned from that and today that is not the same scenario,\u201d said the president and pointed out that today Cuba is capable of being self-sufficient in various sectors. \u201cAt that time we received and wasted,\u201d he acknowledged and in contrast he said that today strategies are being developed to seek self-sustainability in sectors such as tourism, and investment projects that have served to supply the population and create reserves. These projects, however, are currently being stifled by the economic sanctions derived from the embargo\/blockade, he said.<\/span><\/p>\n<p><span style=\"font-weight: 400;\">He also extoled, as he has been doing in his most recent interventions, that, despite the current crisis, the country has managed to develop five vaccine candidates. \u201cWe were forced because we did not have the money to buy vaccines from others, but it was able to be done because the country has scientific capacity and it was the only alternative,\u201d he added.<\/span><\/p>\n<blockquote class=\"wp-embedded-content\" data-secret=\"UbAGmmrZBz\"><p><a href=\"https:\/\/oncubanews.com\/cuba\/cuba-protestas-en-las-calles\/\">Cuba: protestas en las calles<\/a><\/p><\/blockquote>\n<p><iframe loading=\"lazy\" class=\"wp-embedded-content\" sandbox=\"allow-scripts\" security=\"restricted\" style=\"position: absolute; clip: rect(1px, 1px, 1px, 1px);\" title=\"\u00abCuba: protestas en las calles\u00bb \u2014 OnCubaNews\" src=\"https:\/\/oncubanews.com\/cuba\/cuba-protestas-en-las-calles\/embed\/#?secret=Fiu6SI25Py#?secret=UbAGmmrZBz\" data-secret=\"UbAGmmrZBz\" width=\"500\" height=\"282\" frameborder=\"0\" marginwidth=\"0\" marginheight=\"0\" scrolling=\"no\"><\/iframe><\/p>\n<p><b>About the protests<\/b><\/p>\n<p><span style=\"font-weight: 400;\">In reference to the protests that have shaken the island in recent days, D\u00edaz-Canel reiterated that there is a strategy of \u201csoft coup,\u201d organized from the United States, which has used the demonstrations as a lever to filter out \u201cannexationist and destabilizing\u201d guidelines.\u00a0<\/span><\/p>\n<p><span style=\"font-weight: 400;\">He insisted that among the protesters are people with criminal records, but this time he used a more moderate tone than in previous interventions, such as the one on Sunday, July 11 in the afternoon, and acknowledged that these people are also part of the population and that their demands need to be heard.<\/span><\/p>\n<p><span style=\"font-weight: 400;\">He also recognized that the government must deal with the \u201cfractures\u201d that exist in the population and that have been the fundamental catalyst of the demonstrations in recent days, and, in his opinion, it is necessary to act with greater efficiency and sensitivity in vulnerable neighborhoods.<\/span><\/p>\n<p><span style=\"font-weight: 400;\">\u201cThat [the protests] tells us that we have to enhance attention to the population, sensitivity to the problems, specify the humanist vision of Revolution,\u201d he said. In this sense, he emphasized the need to revive the mechanisms of social participation and the work of local and community organizations and structures.<\/span><\/p>\n<p><span style=\"font-weight: 400;\">\u201cWe have to see what our failures are, what makes these people get to this point (&#8230;). We have to identify and cut these causes. We need a greater approach to the neighborhoods, with institutions, structures, mechanisms of popular and mass participation.\u201d<\/span><\/p>\n<p><span style=\"font-weight: 400;\">Referring to the attacks and detainees in recent days, D\u00edaz-Canel affirmed that the corresponding sanctions will be applied to those who violated the law, but acknowledged that \u201cit will be necessary to apologize to people who were confused or mistreated\u201d by the forces of law and order during the protests.<\/span><\/p>\n<p><span style=\"font-weight: 400;\">Finally, he called for \u201cpeace, harmony and respect,\u201d and to \u201crecover the security that people feel living in Cuba,\u201d because \u201cCuban society does not generate hatred,\u201d he said. In addition, he called for \u201cthe unity of the people and the institutions,\u201d as well as \u201cpeace and citizen solidarity\u201d inside and outside of Cuba.<\/span><\/p>\n","protected":false},"excerpt":{"rendered":"<p>During a television appearance this Wednesday of President D\u00edaz-Canel, the Prime Minister and the Minister of Economy, the issue of problems with electricity generation, the recent protests against the government, as well as changes related to state-run enterprises and micro, small and medium-sized enterprises.<\/p>\n","protected":false},"author":3134,"featured_media":241567,"comment_status":"open","ping_status":"closed","sticky":false,"template":"","format":"standard","meta":{"_acf_changed":false,"footnotes":""},"categories":[13902],"tags":[34383,5418,33441],"ppma_author":[33546],"class_list":["post-241564","post","type-post","status-publish","format-standard","has-post-thumbnail","hentry","category-cuba","tag-july-11","tag-miguel-diaz-canel-en","tag-protests-in-cuba"],"acf":[],"yoast_head":"<!-- This site is optimized with the Yoast SEO plugin v27.3 - https:\/\/yoast.com\/product\/yoast-seo-wordpress\/ -->\n<title>Cuban government announces new economic measures and on the import of food and medicines | OnCubaNews English<\/title>\n<meta name=\"description\" content=\"During a television appearance this Wednesday of President D\u00edaz-Canel, the Prime Minister and the Minister of Economy, the issue of problems with electricity generation, the recent protests against the government, as well as changes related to state-run enterprises and micro, small and medium-sized enterprises.\" \/>\n<meta name=\"robots\" content=\"index, follow, max-snippet:-1, max-image-preview:large, max-video-preview:-1\" \/>\n<link rel=\"canonical\" href=\"https:\/\/oncubanews.com\/en\/cuba\/cuban-government-announces-new-economic-measures-and-on-the-import-of-food-and-medicines\/\" \/>\n<meta property=\"og:locale\" content=\"en_US\" \/>\n<meta property=\"og:type\" content=\"article\" \/>\n<meta property=\"og:title\" content=\"Cuban government announces new economic measures and on the import of food and medicines | OnCubaNews English\" \/>\n<meta property=\"og:description\" content=\"During a television appearance this Wednesday of President D\u00edaz-Canel, the Prime Minister and the Minister of Economy, the issue of problems with electricity generation, the recent protests against the government, as well as changes related to state-run enterprises and micro, small and medium-sized enterprises.\" \/>\n<meta property=\"og:url\" content=\"https:\/\/oncubanews.com\/en\/cuba\/cuban-government-announces-new-economic-measures-and-on-the-import-of-food-and-medicines\/\" \/>\n<meta property=\"og:site_name\" content=\"OnCubaNews English\" \/>\n<meta property=\"article:published_time\" content=\"2021-07-16T17:19:55+00:00\" \/>\n<meta property=\"og:image\" content=\"https:\/\/oncubanews.com\/en\/wp-content\/uploads\/2021\/07\/E6SuyVdXMAc2_L_-750x422-1.jpeg\" \/>\n\t<meta property=\"og:image:width\" content=\"750\" \/>\n\t<meta property=\"og:image:height\" content=\"422\" \/>\n\t<meta property=\"og:image:type\" content=\"image\/jpeg\" \/>\n<meta name=\"author\" content=\"OnCuba Staff\" \/>\n<meta name=\"twitter:card\" content=\"summary_large_image\" \/>\n<meta name=\"twitter:label1\" content=\"Written by\" \/>\n\t<meta name=\"twitter:data1\" content=\"OnCuba Staff\" \/>\n\t<meta name=\"twitter:label2\" content=\"Est. reading time\" \/>\n\t<meta name=\"twitter:data2\" content=\"9 minutes\" \/>\n<script type=\"application\/ld+json\" class=\"yoast-schema-graph\">{\"@context\":\"https:\\\/\\\/schema.org\",\"@graph\":[{\"@type\":\"Article\",\"@id\":\"https:\\\/\\\/oncubanews.com\\\/en\\\/cuba\\\/cuban-government-announces-new-economic-measures-and-on-the-import-of-food-and-medicines\\\/#article\",\"isPartOf\":{\"@id\":\"https:\\\/\\\/oncubanews.com\\\/en\\\/cuba\\\/cuban-government-announces-new-economic-measures-and-on-the-import-of-food-and-medicines\\\/\"},\"author\":{\"name\":\"OnCuba Staff\",\"@id\":\"https:\\\/\\\/oncubanews.com\\\/en\\\/#\\\/schema\\\/person\\\/d7171bf311032ab1f557dd8332e714af\"},\"headline\":\"Cuban government announces new economic measures and on the import of food and medicines\",\"datePublished\":\"2021-07-16T17:19:55+00:00\",\"mainEntityOfPage\":{\"@id\":\"https:\\\/\\\/oncubanews.com\\\/en\\\/cuba\\\/cuban-government-announces-new-economic-measures-and-on-the-import-of-food-and-medicines\\\/\"},\"wordCount\":2085,\"commentCount\":0,\"image\":{\"@id\":\"https:\\\/\\\/oncubanews.com\\\/en\\\/cuba\\\/cuban-government-announces-new-economic-measures-and-on-the-import-of-food-and-medicines\\\/#primaryimage\"},\"thumbnailUrl\":\"https:\\\/\\\/oncubanews.com\\\/en\\\/wp-content\\\/uploads\\\/2021\\\/07\\\/E6SuyVdXMAc2_L_-750x422-1.jpeg\",\"keywords\":[\"July 11\",\"Miguel D\u00edaz-Canel\",\"protests in Cuba\"],\"articleSection\":[\"Cuba\"],\"inLanguage\":\"en-US\",\"potentialAction\":[{\"@type\":\"CommentAction\",\"name\":\"Comment\",\"target\":[\"https:\\\/\\\/oncubanews.com\\\/en\\\/cuba\\\/cuban-government-announces-new-economic-measures-and-on-the-import-of-food-and-medicines\\\/#respond\"]}],\"copyrightYear\":\"2021\",\"copyrightHolder\":{\"@id\":\"https:\\\/\\\/oncubanews.com\\\/en\\\/#organization\"}},{\"@type\":\"WebPage\",\"@id\":\"https:\\\/\\\/oncubanews.com\\\/en\\\/cuba\\\/cuban-government-announces-new-economic-measures-and-on-the-import-of-food-and-medicines\\\/\",\"url\":\"https:\\\/\\\/oncubanews.com\\\/en\\\/cuba\\\/cuban-government-announces-new-economic-measures-and-on-the-import-of-food-and-medicines\\\/\",\"name\":\"Cuban government announces new economic measures and on the import of food and medicines | OnCubaNews English\",\"isPartOf\":{\"@id\":\"https:\\\/\\\/oncubanews.com\\\/en\\\/#website\"},\"primaryImageOfPage\":{\"@id\":\"https:\\\/\\\/oncubanews.com\\\/en\\\/cuba\\\/cuban-government-announces-new-economic-measures-and-on-the-import-of-food-and-medicines\\\/#primaryimage\"},\"image\":{\"@id\":\"https:\\\/\\\/oncubanews.com\\\/en\\\/cuba\\\/cuban-government-announces-new-economic-measures-and-on-the-import-of-food-and-medicines\\\/#primaryimage\"},\"thumbnailUrl\":\"https:\\\/\\\/oncubanews.com\\\/en\\\/wp-content\\\/uploads\\\/2021\\\/07\\\/E6SuyVdXMAc2_L_-750x422-1.jpeg\",\"datePublished\":\"2021-07-16T17:19:55+00:00\",\"author\":{\"@id\":\"https:\\\/\\\/oncubanews.com\\\/en\\\/#\\\/schema\\\/person\\\/d7171bf311032ab1f557dd8332e714af\"},\"description\":\"During a television appearance this Wednesday of President D\u00edaz-Canel, the Prime Minister and the Minister of Economy, the issue of problems with electricity generation, the recent protests against the government, as well as changes related to state-run enterprises and micro, small and medium-sized enterprises.\",\"breadcrumb\":{\"@id\":\"https:\\\/\\\/oncubanews.com\\\/en\\\/cuba\\\/cuban-government-announces-new-economic-measures-and-on-the-import-of-food-and-medicines\\\/#breadcrumb\"},\"inLanguage\":\"en-US\",\"potentialAction\":[{\"@type\":\"ReadAction\",\"target\":[\"https:\\\/\\\/oncubanews.com\\\/en\\\/cuba\\\/cuban-government-announces-new-economic-measures-and-on-the-import-of-food-and-medicines\\\/\"]}]},{\"@type\":\"ImageObject\",\"inLanguage\":\"en-US\",\"@id\":\"https:\\\/\\\/oncubanews.com\\\/en\\\/cuba\\\/cuban-government-announces-new-economic-measures-and-on-the-import-of-food-and-medicines\\\/#primaryimage\",\"url\":\"https:\\\/\\\/oncubanews.com\\\/en\\\/wp-content\\\/uploads\\\/2021\\\/07\\\/E6SuyVdXMAc2_L_-750x422-1.jpeg\",\"contentUrl\":\"https:\\\/\\\/oncubanews.com\\\/en\\\/wp-content\\\/uploads\\\/2021\\\/07\\\/E6SuyVdXMAc2_L_-750x422-1.jpeg\",\"width\":750,\"height\":422,\"caption\":\"President Migual D\u00edaz-Canel (c), together with the Prime Minister and the Minister of Economy of Cuba (both on the right) during the television program Mesa Redonda on July 14, 2021 in which new measures taken by the Cuban government were announced. Photo: Mesa Redonda\\\/Twitter.\"},{\"@type\":\"BreadcrumbList\",\"@id\":\"https:\\\/\\\/oncubanews.com\\\/en\\\/cuba\\\/cuban-government-announces-new-economic-measures-and-on-the-import-of-food-and-medicines\\\/#breadcrumb\",\"itemListElement\":[{\"@type\":\"ListItem\",\"position\":1,\"name\":\"Portada\",\"item\":\"https:\\\/\\\/oncubanews.com\\\/en\\\/\"},{\"@type\":\"ListItem\",\"position\":2,\"name\":\"Cuban government announces new economic measures and on the import of food and medicines\"}]},{\"@type\":\"WebSite\",\"@id\":\"https:\\\/\\\/oncubanews.com\\\/en\\\/#website\",\"url\":\"https:\\\/\\\/oncubanews.com\\\/en\\\/\",\"name\":\"OnCubaNews English\",\"description\":\"Revista sobre Cuba\",\"potentialAction\":[{\"@type\":\"SearchAction\",\"target\":{\"@type\":\"EntryPoint\",\"urlTemplate\":\"https:\\\/\\\/oncubanews.com\\\/en\\\/?s={search_term_string}\"},\"query-input\":{\"@type\":\"PropertyValueSpecification\",\"valueRequired\":true,\"valueName\":\"search_term_string\"}}],\"inLanguage\":\"en-US\"},{\"@type\":\"Person\",\"@id\":\"https:\\\/\\\/oncubanews.com\\\/en\\\/#\\\/schema\\\/person\\\/d7171bf311032ab1f557dd8332e714af\",\"name\":\"OnCuba Staff\",\"image\":{\"@type\":\"ImageObject\",\"inLanguage\":\"en-US\",\"@id\":\"https:\\\/\\\/secure.gravatar.com\\\/avatar\\\/4b4c4d6109baadde898bb1af22ea4a4af5f4417b86a5d1800bf17531bfb128fc?s=96&r=g17310096d4dde63ebae0e54fbb19218a\",\"url\":\"https:\\\/\\\/secure.gravatar.com\\\/avatar\\\/4b4c4d6109baadde898bb1af22ea4a4af5f4417b86a5d1800bf17531bfb128fc?s=96&r=g\",\"contentUrl\":\"https:\\\/\\\/secure.gravatar.com\\\/avatar\\\/4b4c4d6109baadde898bb1af22ea4a4af5f4417b86a5d1800bf17531bfb128fc?s=96&r=g\",\"caption\":\"OnCuba Staff\"},\"url\":\"https:\\\/\\\/oncubanews.com\\\/en\\\/author\\\/oncuba-editorial-staff\\\/\"}]}<\/script>\n<!-- \/ Yoast SEO plugin. -->","yoast_head_json":{"title":"Cuban government announces new economic measures and on the import of food and medicines | OnCubaNews English","description":"During a television appearance this Wednesday of President D\u00edaz-Canel, the Prime Minister and the Minister of Economy, the issue of problems with electricity generation, the recent protests against the government, as well as changes related to state-run enterprises and micro, small and medium-sized enterprises.","robots":{"index":"index","follow":"follow","max-snippet":"max-snippet:-1","max-image-preview":"max-image-preview:large","max-video-preview":"max-video-preview:-1"},"canonical":"https:\/\/oncubanews.com\/en\/cuba\/cuban-government-announces-new-economic-measures-and-on-the-import-of-food-and-medicines\/","og_locale":"en_US","og_type":"article","og_title":"Cuban government announces new economic measures and on the import of food and medicines | OnCubaNews English","og_description":"During a television appearance this Wednesday of President D\u00edaz-Canel, the Prime Minister and the Minister of Economy, the issue of problems with electricity generation, the recent protests against the government, as well as changes related to state-run enterprises and micro, small and medium-sized enterprises.","og_url":"https:\/\/oncubanews.com\/en\/cuba\/cuban-government-announces-new-economic-measures-and-on-the-import-of-food-and-medicines\/","og_site_name":"OnCubaNews English","article_published_time":"2021-07-16T17:19:55+00:00","og_image":[{"width":750,"height":422,"url":"https:\/\/oncubanews.com\/en\/wp-content\/uploads\/2021\/07\/E6SuyVdXMAc2_L_-750x422-1.jpeg","type":"image\/jpeg"}],"author":"OnCuba Staff","twitter_card":"summary_large_image","twitter_misc":{"Written by":"OnCuba Staff","Est. reading time":"9 minutes"},"schema":{"@context":"https:\/\/schema.org","@graph":[{"@type":"Article","@id":"https:\/\/oncubanews.com\/en\/cuba\/cuban-government-announces-new-economic-measures-and-on-the-import-of-food-and-medicines\/#article","isPartOf":{"@id":"https:\/\/oncubanews.com\/en\/cuba\/cuban-government-announces-new-economic-measures-and-on-the-import-of-food-and-medicines\/"},"author":{"name":"OnCuba Staff","@id":"https:\/\/oncubanews.com\/en\/#\/schema\/person\/d7171bf311032ab1f557dd8332e714af"},"headline":"Cuban government announces new economic measures and on the import of food and medicines","datePublished":"2021-07-16T17:19:55+00:00","mainEntityOfPage":{"@id":"https:\/\/oncubanews.com\/en\/cuba\/cuban-government-announces-new-economic-measures-and-on-the-import-of-food-and-medicines\/"},"wordCount":2085,"commentCount":0,"image":{"@id":"https:\/\/oncubanews.com\/en\/cuba\/cuban-government-announces-new-economic-measures-and-on-the-import-of-food-and-medicines\/#primaryimage"},"thumbnailUrl":"https:\/\/oncubanews.com\/en\/wp-content\/uploads\/2021\/07\/E6SuyVdXMAc2_L_-750x422-1.jpeg","keywords":["July 11","Miguel D\u00edaz-Canel","protests in Cuba"],"articleSection":["Cuba"],"inLanguage":"en-US","potentialAction":[{"@type":"CommentAction","name":"Comment","target":["https:\/\/oncubanews.com\/en\/cuba\/cuban-government-announces-new-economic-measures-and-on-the-import-of-food-and-medicines\/#respond"]}],"copyrightYear":"2021","copyrightHolder":{"@id":"https:\/\/oncubanews.com\/en\/#organization"}},{"@type":"WebPage","@id":"https:\/\/oncubanews.com\/en\/cuba\/cuban-government-announces-new-economic-measures-and-on-the-import-of-food-and-medicines\/","url":"https:\/\/oncubanews.com\/en\/cuba\/cuban-government-announces-new-economic-measures-and-on-the-import-of-food-and-medicines\/","name":"Cuban government announces new economic measures and on the import of food and medicines | OnCubaNews English","isPartOf":{"@id":"https:\/\/oncubanews.com\/en\/#website"},"primaryImageOfPage":{"@id":"https:\/\/oncubanews.com\/en\/cuba\/cuban-government-announces-new-economic-measures-and-on-the-import-of-food-and-medicines\/#primaryimage"},"image":{"@id":"https:\/\/oncubanews.com\/en\/cuba\/cuban-government-announces-new-economic-measures-and-on-the-import-of-food-and-medicines\/#primaryimage"},"thumbnailUrl":"https:\/\/oncubanews.com\/en\/wp-content\/uploads\/2021\/07\/E6SuyVdXMAc2_L_-750x422-1.jpeg","datePublished":"2021-07-16T17:19:55+00:00","author":{"@id":"https:\/\/oncubanews.com\/en\/#\/schema\/person\/d7171bf311032ab1f557dd8332e714af"},"description":"During a television appearance this Wednesday of President D\u00edaz-Canel, the Prime Minister and the Minister of Economy, the issue of problems with electricity generation, the recent protests against the government, as well as changes related to state-run enterprises and micro, small and medium-sized enterprises.","breadcrumb":{"@id":"https:\/\/oncubanews.com\/en\/cuba\/cuban-government-announces-new-economic-measures-and-on-the-import-of-food-and-medicines\/#breadcrumb"},"inLanguage":"en-US","potentialAction":[{"@type":"ReadAction","target":["https:\/\/oncubanews.com\/en\/cuba\/cuban-government-announces-new-economic-measures-and-on-the-import-of-food-and-medicines\/"]}]},{"@type":"ImageObject","inLanguage":"en-US","@id":"https:\/\/oncubanews.com\/en\/cuba\/cuban-government-announces-new-economic-measures-and-on-the-import-of-food-and-medicines\/#primaryimage","url":"https:\/\/oncubanews.com\/en\/wp-content\/uploads\/2021\/07\/E6SuyVdXMAc2_L_-750x422-1.jpeg","contentUrl":"https:\/\/oncubanews.com\/en\/wp-content\/uploads\/2021\/07\/E6SuyVdXMAc2_L_-750x422-1.jpeg","width":750,"height":422,"caption":"President Migual D\u00edaz-Canel (c), together with the Prime Minister and the Minister of Economy of Cuba (both on the right) during the television program Mesa Redonda on July 14, 2021 in which new measures taken by the Cuban government were announced. Photo: Mesa Redonda\/Twitter."},{"@type":"BreadcrumbList","@id":"https:\/\/oncubanews.com\/en\/cuba\/cuban-government-announces-new-economic-measures-and-on-the-import-of-food-and-medicines\/#breadcrumb","itemListElement":[{"@type":"ListItem","position":1,"name":"Portada","item":"https:\/\/oncubanews.com\/en\/"},{"@type":"ListItem","position":2,"name":"Cuban government announces new economic measures and on the import of food and medicines"}]},{"@type":"WebSite","@id":"https:\/\/oncubanews.com\/en\/#website","url":"https:\/\/oncubanews.com\/en\/","name":"OnCubaNews English","description":"Revista sobre Cuba","potentialAction":[{"@type":"SearchAction","target":{"@type":"EntryPoint","urlTemplate":"https:\/\/oncubanews.com\/en\/?s={search_term_string}"},"query-input":{"@type":"PropertyValueSpecification","valueRequired":true,"valueName":"search_term_string"}}],"inLanguage":"en-US"},{"@type":"Person","@id":"https:\/\/oncubanews.com\/en\/#\/schema\/person\/d7171bf311032ab1f557dd8332e714af","name":"OnCuba Staff","image":{"@type":"ImageObject","inLanguage":"en-US","@id":"https:\/\/secure.gravatar.com\/avatar\/4b4c4d6109baadde898bb1af22ea4a4af5f4417b86a5d1800bf17531bfb128fc?s=96&r=g17310096d4dde63ebae0e54fbb19218a","url":"https:\/\/secure.gravatar.com\/avatar\/4b4c4d6109baadde898bb1af22ea4a4af5f4417b86a5d1800bf17531bfb128fc?s=96&r=g","contentUrl":"https:\/\/secure.gravatar.com\/avatar\/4b4c4d6109baadde898bb1af22ea4a4af5f4417b86a5d1800bf17531bfb128fc?s=96&r=g","caption":"OnCuba Staff"},"url":"https:\/\/oncubanews.com\/en\/author\/oncuba-editorial-staff\/"}]}},"authors":[{"term_id":33546,"user_id":3134,"is_guest":0,"slug":"oncuba-editorial-staff","display_name":"OnCuba Staff","avatar_url":"https:\/\/secure.gravatar.com\/avatar\/4b4c4d6109baadde898bb1af22ea4a4af5f4417b86a5d1800bf17531bfb128fc?s=96&r=g","0":null,"1":"","2":"","3":"","4":"","5":"","6":"","7":"","8":""}],"_links":{"self":[{"href":"https:\/\/oncubanews.com\/en\/wp-json\/wp\/v2\/posts\/241564","targetHints":{"allow":["GET"]}}],"collection":[{"href":"https:\/\/oncubanews.com\/en\/wp-json\/wp\/v2\/posts"}],"about":[{"href":"https:\/\/oncubanews.com\/en\/wp-json\/wp\/v2\/types\/post"}],"author":[{"embeddable":true,"href":"https:\/\/oncubanews.com\/en\/wp-json\/wp\/v2\/users\/3134"}],"replies":[{"embeddable":true,"href":"https:\/\/oncubanews.com\/en\/wp-json\/wp\/v2\/comments?post=241564"}],"version-history":[{"count":0,"href":"https:\/\/oncubanews.com\/en\/wp-json\/wp\/v2\/posts\/241564\/revisions"}],"wp:featuredmedia":[{"embeddable":true,"href":"https:\/\/oncubanews.com\/en\/wp-json\/wp\/v2\/media\/241567"}],"wp:attachment":[{"href":"https:\/\/oncubanews.com\/en\/wp-json\/wp\/v2\/media?parent=241564"}],"wp:term":[{"taxonomy":"category","embeddable":true,"href":"https:\/\/oncubanews.com\/en\/wp-json\/wp\/v2\/categories?post=241564"},{"taxonomy":"post_tag","embeddable":true,"href":"https:\/\/oncubanews.com\/en\/wp-json\/wp\/v2\/tags?post=241564"},{"taxonomy":"author","embeddable":true,"href":"https:\/\/oncubanews.com\/en\/wp-json\/wp\/v2\/ppma_author?post=241564"}],"curies":[{"name":"wp","href":"https:\/\/api.w.org\/{rel}","templated":true}]}}