
{"id":241754,"date":"2021-07-23T12:48:27","date_gmt":"2021-07-23T16:48:27","guid":{"rendered":"https:\/\/oncubanews.com\/en\/?p=241754"},"modified":"2022-01-24T16:02:43","modified_gmt":"2022-01-24T21:02:43","slug":"conflict-consensus-crisis-three-minimum-notes-on-the-protests","status":"publish","type":"post","link":"https:\/\/oncubanews.com\/en\/opinion\/columns\/in-plain-words\/conflict-consensus-crisis-three-minimum-notes-on-the-protests\/","title":{"rendered":"Conflict, consensus, crisis. Three minimum notes on the protests"},"content":{"rendered":"<p><span style=\"font-weight: 400;\">Most of the opinions circulating about the <\/span><a href=\"https:\/\/oncubanews.com\/en\/tag\/july-11\" target=\"_blank\" rel=\"noopener\"><span style=\"font-weight: 400;\">July 11 protests<\/span><\/a><span style=\"font-weight: 400;\"> in Cuba, particularly those that reject disorder and violence, as well as those that interpret and propose solutions to the conflict, must be right. Many reflect civic concern and commitment to issues that go beyond personal interest. Seen like this, they would be a sign of \u201csocial glue,\u201d of citizen participation and consensus. At the same time, they are the mirror of a significant conflictiveness.<\/span><\/p>\n<p><span style=\"font-weight: 400;\">In this brief space, I will avoid discussing good or bad intentioned interpretations, experiences lived, read or heard, recommendations to the government, etc. I only propose to take a step back, to coldly examine some basic problems, among the many that lie ahead.<\/span><\/p>\n<p><b>What do the protests mean?<\/b><\/p>\n<p><span style=\"font-weight: 400;\">If we were to ask \u00c9mile Durkheim, one of the founders of Sociology, what is the nature of these protests, he could answer that it is a classic case of anomie. Anomie defines a situation where previously established <\/span><i><span style=\"font-weight: 400;\">norms and values<\/span><\/i><span style=\"font-weight: 400;\"> \u200b\u200bdisintegrate; a typical reaction of periods of <\/span><i><span style=\"font-weight: 400;\">drastic and rapid changes<\/span><\/i><span style=\"font-weight: 400;\"> in the <\/span><i><span style=\"font-weight: 400;\">social, economic or political structures<\/span><\/i><span style=\"font-weight: 400;\"> of society. Social groups that experience anomic reactions may feel <\/span><i><span style=\"font-weight: 400;\">disconnected<\/span><\/i><span style=\"font-weight: 400;\">, as if they do not <\/span><i><span style=\"font-weight: 400;\">belong<\/span><\/i><span style=\"font-weight: 400;\"> to their society, and as if their society does not value their <\/span><i><span style=\"font-weight: 400;\">identity<\/span><\/i><span style=\"font-weight: 400;\">. Anomie can cause purposelessness, <\/span><i><span style=\"font-weight: 400;\">hopelessness<\/span><\/i><span style=\"font-weight: 400;\">, and encourage <\/span><i><span style=\"font-weight: 400;\">deviance<\/span><\/i><span style=\"font-weight: 400;\"> and <\/span><i><span style=\"font-weight: 400;\">crime<\/span><\/i><span style=\"font-weight: 400;\">. I have intentionally underlined a few keywords in this classic definition, which is the ABCs of sociology.<\/span><\/p>\n<p><span style=\"font-weight: 400;\">In Cuba, we have been going through a transition process for more than two decades, characterized by profound changes in the social structures and in the economic life of the people, but also in the relations between civil society and political power. Among other changes, let\u2019s say, there is the very idea of \u200b\u200bsocialism, which now incorporates conceptions different from those defended for half a century, as well as unprecedented policies. This transition has made visible a crisis of norms and values, widely debated in various public spaces and media. Likewise, the weakening of the sense of belonging has been pointed out; and the reproduction of marginality and its typical behaviors, within subordinate neighborhoods and social groups, but also the proliferation of crime in other social and institutional spaces, where corruption grows. As for despair, the art and literature disseminated on the island are a good mirror.<\/span><\/p>\n<p><span style=\"font-weight: 400;\">In other words, what is happening in Cuba is an anomie that should not catch us by surprise, because its factors and manifestations have not remained hidden or muzzled, as anyone can see without having to read social networks or anti-government newspapers. It has been there, in front of everyone, analyzed and discussed for too long, to ask ourselves now where the protests come from, as if they were thunder in a clear sky. Rather, one should ask why they have not happened before.<\/span><\/p>\n<p><span style=\"font-weight: 400;\">How is it that the Cuban opposition, on the island and in Miami, using the fashionable unconventional war manuals, and the CIA itself, have not managed to unleash something like this until now? And why precisely now? Durkheim would resort to another concept shared by social sciences and civil engineering: fatigue. After a year and a half of <\/span><a href=\"https:\/\/oncubanews.com\/en\/coronavirus\/\" target=\"_blank\" rel=\"noopener\"><span style=\"font-weight: 400;\">COVID-19<\/span><\/a><span style=\"font-weight: 400;\"> and six months of queues to buy basic products \u2014 as Dr. Dur\u00e1n would say \u2014 we are all more vulnerable.<\/span><\/p>\n<p><b>What is happening to the <\/b><b><i>new<\/i><\/b><b> government?<\/b><\/p>\n<p><span style=\"font-weight: 400;\">I <\/span><a href=\"https:\/\/oncubanews.com\/en\/opinion\/consensus-and-dissent-i\/\" target=\"_blank\" rel=\"noopener\"><span style=\"font-weight: 400;\">have pointed out<\/span><\/a><span style=\"font-weight: 400;\"> before that the consensus has become more heterogeneous and contradictory in Cuba, that it has incorporated dissent, and that the Cuban government knows it. Before taking office as president, Ra\u00fal recognized that the leadership of the founder of the Revolution, Fidel, was not inherited. D\u00edaz-Canel, who was already in the Political Bureau in Fidel\u2019s time, was also able to know this; and in any case, he has experienced it firsthand since he took office in 2018. In fact, continuity has entailed different ways than the historical ones did before. Circumstances, which are the benchmark of politics, had already been imposed on them before they retired.<\/span><\/p>\n<p><span style=\"font-weight: 400;\">I underline what I say about a <\/span><i><span style=\"font-weight: 400;\">new<\/span><\/i><span style=\"font-weight: 400;\"> government, because if it is postulated that this is \u201cthe same Cuba as Fidel and Ra\u00fal,\u201d witty literary metaphors can be constructed, but the country\u2019s political and social process is difficult to understand. This government has sought to build its own consensus from the beginning, instead of resting on what some call \u201cthe political capital\u201d of the Revolution. However, the yardstick to measure change is already another.<\/span><\/p>\n<p><span style=\"font-weight: 400;\">In effect, the new government has proposed unprecedented reforms since 1960, beginning with a new <\/span><a href=\"https:\/\/oncubanews.com\/tag\/constitucion-cubana\/\"><span style=\"font-weight: 400;\">Constitution<\/span><\/a><span style=\"font-weight: 400;\">, which admits a mixed economy, with markets and the <\/span><a href=\"https:\/\/oncubanews.com\/en\/tag\/private-sector-in-cuba\/\" target=\"_blank\" rel=\"noopener\"><span style=\"font-weight: 400;\">private sector<\/span><\/a><span style=\"font-weight: 400;\">, and which grants unprecedented autonomy to local powers. Its new style, learned by holding leadership positions in the provinces, emphasizes the interaction between the central and local level; and it has ministers under the age of 60 explaining problems and answering questions on television. Unlike previous periods, citizens can identify them by their names, judge them, praise them or openly mock them.<\/span><\/p>\n<p><span style=\"font-weight: 400;\">There has never been a moment like this before in terms of freedom to criticize the government, on social networks, but neither in public media, nor to access information from very diverse sources, including those of the opposition; nor is there greater freedom to enter and leave the country. Article 56 of the Constitution approved in 2019 establishes the right of association and public demonstration. In fact, a demonstration law was scheduled in the legislative calendar for October 2020 \u2014 postponed, along with a dozen other bills due to the coronavirus. Regardless, the prevailing yardstick dictates that this government has done far less than it should. According to that rod, its glass would be almost empty.<\/span><\/p>\n<p><span style=\"font-weight: 400;\">As if that were not enough, after a year and a half focused on a formidable global human security crisis called a pandemic, without resources or protective alliances like those of yesteryear, this government has had to deal with the largest manifestations of discontent that occurred since 1959 Going down the streets of San Antonio de los Ba\u00f1os, President D\u00edaz-Canel must have remembered, like all of us who lived the summer of 1994, Fidel followed by a sea of \u200b\u200bpeople, going down San L\u00e1zaro street, to control that outbreak of anomie on the Malec\u00f3n, without weapons or specialized forces to deal with riots. In a certain way, he did exactly the same thing as Fidel: to appear at the scene of the events, and summon the revolutionaries to take to the streets and face violence, by force, if necessary.<\/span><\/p>\n<p><span style=\"font-weight: 400;\">The same media, however, may produce different results in other circumstances. It took him a few hours to realize it. But his first slogan was carried out to the letter, not only by the police, but by the summoned organizations, first of all, the Party. Across the street, the opposition, as on November 27, 2020, capitalized on the discontent and increased the tensions. The classic escalation of violence studied by experts in conflict resolution<\/span><b>1<\/b><span style=\"font-weight: 400;\"> was immediate.<\/span><\/p>\n<p><span style=\"font-weight: 400;\">A more complicated scenario could not be imagined to maintain the route outlined in the <\/span><a href=\"https:\/\/oncubanews.com\/tag\/viii-congreso-del-partido-comunista-de-cuba\/\" target=\"_blank\" rel=\"noopener\"><span style=\"font-weight: 400;\">8th Party Congress<\/span><\/a><span style=\"font-weight: 400;\">, just 90 days ago.<\/span><\/p>\n<p><span style=\"font-weight: 400;\">\u00a0<\/span><b>What violence and how?<\/b><\/p>\n<p><span style=\"font-weight: 400;\">In a model country for many in terms of stability, citizen respect and internal order, such as Japan, protests against police brutality against foreigners or racism are not uncommon. A group of \u201cforeign\u201d (that is, Korean) protesters can gather around them a cloud of police officers dressed as characters from Star Wars, with polycarbonate helmets and armor, armored shields and tonfas.<\/span><\/p>\n<p><span style=\"font-weight: 400;\">We are used to seeing images of violent demonstrations in other countries. Those who throw stones are part of the people, who rebel against injustice; those who shoot jets of water from riot control vehicles, tear gas, rubber bullets, or real ones, are the repressive forces. These global images do not discriminate between countries such as Chile, South Africa, Kyrgyzstan or the United States, with hundreds of wounded and dozens of deaths that are their balance.<\/span><\/p>\n<p><span style=\"font-weight: 400;\">The photos and videos that circulate in the media \u2014 such as <\/span><i><span style=\"font-weight: 400;\">BBC Mundo<\/span><\/i><span style=\"font-weight: 400;\"> \u2014 above all suspicion of collusion with the \u201cCuban regime\u201d reveal that neither the National Revolutionary Police (PNR), which here in Cuba is the only police institution, nor the special troops from the Ministry of the Interior (MININT) or the Revolutionary Armed Forces (FAR) deploy those resources. Surely the Institute of Police Sciences of the MININT teaches how to face violent scenarios. But no class or exercise is equivalent to dealing with 700 angry people marching down the street under the summer sun \u2014 or doing it by force if necessary \u2014 even if its instructions say to avoid injuring them or using lethal means.<\/span><\/p>\n<p><span style=\"font-weight: 400;\">This is not a technical or circumstantial detail. Among the images of the protests that went viral on social networks, a dozen protesters turned police cars upside down, and even other vehicles, jumped on them and destroyed them. Compared to any capital in Latin America, there are no forces that prevent these attacks on authority, and that repress them at that time. At the same time, some police officers and civilians, summoned to mobilize in the theater of the confrontation, incurred excesses.<\/span><\/p>\n<p><span style=\"font-weight: 400;\">Among the few data available to measure physical violence is the looting of stores, in freely convertible currency and in Cuban pesos. There were none in San Antonio de los Ba\u00f1os; nor in Havana until after the television appearance of President D\u00edaz-Canel (4:30 pm). Of the 28 assaults registered up to that time, 68% (19) occurred in Matanzas, the province most affected by the pandemic; almost all of them in C\u00e1rdenas (13), where the combination of the drop in tourism in Varadero plus the quarantine has hit a relatively higher standard of living than in other places in the province. In that period, there was only significant looting (4) in Col\u00f3n (Matanzas), and G\u00fcines (Mayabeque); and others scattered in Holgu\u00edn, Bayamo, G\u00fcira (1). After the President\u2019s intervention, 13 stores were raided, including 4 in Havana.<\/span><\/p>\n<p><span style=\"font-weight: 400;\">The social polarization that this violence shows is inversely proportional to unity, that is, to the construction of consensus. In addition, it has a negative impact on the image of the country, which works in favor of the cornerstone of U.S. policy: isolation. Preventing <\/span><a href=\"https:\/\/oncubanews.com\/cuba-ee-uu\/la-onu-vota-de-nuevo-contra-el-bloqueo\/\" target=\"_blank\" rel=\"noopener\"><span style=\"font-weight: 400;\">the battle won at the UN <\/span><\/a><span style=\"font-weight: 400;\">\u00a0from being lost in the streets of C\u00e1rdenas or Paseo del Prado is also a national interest.<\/span><\/p>\n<p><span style=\"font-weight: 400;\">After having tried everything with Fidel and Ra\u00fal, and 25 years after the end of the Cold War, Barack Obama and his government considered that this policy was ineffective, according to their national interest. However, although Joseph Biden, vice president of that government, supported normalization, things have changed for them. What if D\u00edaz-Canel, without the wisdom and experience of \u201cthe Castros,\u201d were not able to deal, at this moment of vulnerability, with the Cuban crisis? They might reason that it is better not to lower the heat on the blockade right now, but to let it continue to simmer the island. As you would say in Cuban: what\u2019s the rush?<\/span><\/p>\n<p><span style=\"font-weight: 400;\">The protests are lessons for all who want to read them. They could teach some economists that the success of the reforms does not depend only on technically solving planning, the market, the socialist state enterprise or the private sector, but on tackling problems such as income redistribution, consumption stratification, the adjoining economically \u201cbrilliant\u201d or \u201cdark\u201d spaces, the inequalities and territorial and local setbacks, the state of the productive forces called <\/span><i><span style=\"font-weight: 400;\">workers<\/span><\/i><span style=\"font-weight: 400;\">. They have also shown politicians that the problem of national unity is that of consensus, and that it is not solved only with summoning mobilizations of revolutionaries, but through sustained dialogue with all citizens. They have shown the Party apparatuses, once again, that the effectiveness of a public media system is not ideological, but political, and that it is measured by its credibility and capacity to convince (the unconvinced, of course). They have confirmed that law enforcement agencies can provide first aid to outbreaks of violence, but at the cost of other damage, and that it is not they who should deal with the social and political problems where dissent takes root. Finally, it has shown U.S. politicians that its alliances with this bellicose opposition reinforces the hard line on both sides, and damages the real exercise of freedom and <\/span><a href=\"https:\/\/oncubanews.com\/en\/opinion\/columns\/vox-populi\/human-rights-guide-for-dialogue-in-cuba-i\/\" target=\"_blank\" rel=\"noopener\"><span style=\"font-weight: 400;\">human rights<\/span><\/a><span style=\"font-weight: 400;\"> in Cuba.<\/span><\/p>\n<p><span style=\"font-weight: 400;\">The common denominator of these lessons is Cuban society, with its lights and shadows. Knowing how to decipher its present, without bipolar roadmaps, will decide what will come.<\/span><\/p>\n<p><span style=\"font-weight: 400;\">\u00a0<\/span><\/p>\n<p><span style=\"font-weight: 400;\">Note:<\/span><\/p>\n<p><b>1<\/b><span style=\"font-weight: 400;\"> \u201cViolencia y soluci\u00f3n de conflictos,\u201d in <\/span><i><span style=\"font-weight: 400;\">Temas<\/span><\/i><span style=\"font-weight: 400;\"> magazine # 53, January-March, 2008.<\/span><\/p>\n","protected":false},"excerpt":{"rendered":"<p>The protests are lessons for all who want to read them.<\/p>\n","protected":false},"author":3343,"featured_media":241756,"comment_status":"open","ping_status":"closed","sticky":false,"template":"","format":"standard","meta":{"_acf_changed":false,"footnotes":""},"categories":[34473],"tags":[34383,33441],"ppma_author":[34051],"class_list":["post-241754","post","type-post","status-publish","format-standard","has-post-thumbnail","hentry","category-in-plain-words","tag-july-11","tag-protests-in-cuba"],"acf":[],"yoast_head":"<!-- This site is optimized with the Yoast SEO plugin v27.3 - https:\/\/yoast.com\/product\/yoast-seo-wordpress\/ -->\n<title>Conflict, consensus, crisis. Three minimum notes on the protests | OnCubaNews English<\/title>\n<meta name=\"description\" content=\"The protests are lessons for all who want to read them.\" \/>\n<meta name=\"robots\" content=\"index, follow, max-snippet:-1, max-image-preview:large, max-video-preview:-1\" \/>\n<link rel=\"canonical\" href=\"https:\/\/oncubanews.com\/en\/opinion\/columns\/in-plain-words\/conflict-consensus-crisis-three-minimum-notes-on-the-protests\/\" \/>\n<meta property=\"og:locale\" content=\"en_US\" \/>\n<meta property=\"og:type\" content=\"article\" \/>\n<meta property=\"og:title\" content=\"Conflict, consensus, crisis. Three minimum notes on the protests | OnCubaNews English\" \/>\n<meta property=\"og:description\" content=\"The protests are lessons for all who want to read them.\" \/>\n<meta property=\"og:url\" content=\"https:\/\/oncubanews.com\/en\/opinion\/columns\/in-plain-words\/conflict-consensus-crisis-three-minimum-notes-on-the-protests\/\" \/>\n<meta property=\"og:site_name\" content=\"OnCubaNews English\" \/>\n<meta property=\"article:published_time\" content=\"2021-07-23T16:48:27+00:00\" \/>\n<meta property=\"article:modified_time\" content=\"2022-01-24T21:02:43+00:00\" \/>\n<meta property=\"og:image\" content=\"https:\/\/oncubanews.com\/en\/wp-content\/uploads\/2021\/07\/Cuba-y-sus-cubanos-Alain-Guti-23-750x501-1.jpg\" \/>\n\t<meta property=\"og:image:width\" content=\"750\" \/>\n\t<meta property=\"og:image:height\" content=\"501\" \/>\n\t<meta property=\"og:image:type\" content=\"image\/jpeg\" \/>\n<meta name=\"author\" content=\"Rafael Hern\u00e1ndez\" \/>\n<meta name=\"twitter:card\" content=\"summary_large_image\" \/>\n<meta name=\"twitter:label1\" content=\"Written by\" \/>\n\t<meta name=\"twitter:data1\" content=\"Rafael Hern\u00e1ndez\" \/>\n\t<meta name=\"twitter:label2\" content=\"Est. reading time\" \/>\n\t<meta name=\"twitter:data2\" content=\"10 minutes\" \/>\n<script type=\"application\/ld+json\" class=\"yoast-schema-graph\">{\"@context\":\"https:\\\/\\\/schema.org\",\"@graph\":[{\"@type\":\"Article\",\"@id\":\"https:\\\/\\\/oncubanews.com\\\/en\\\/opinion\\\/columns\\\/in-plain-words\\\/conflict-consensus-crisis-three-minimum-notes-on-the-protests\\\/#article\",\"isPartOf\":{\"@id\":\"https:\\\/\\\/oncubanews.com\\\/en\\\/opinion\\\/columns\\\/in-plain-words\\\/conflict-consensus-crisis-three-minimum-notes-on-the-protests\\\/\"},\"author\":{\"name\":\"Rafael Hern\u00e1ndez\",\"@id\":\"https:\\\/\\\/oncubanews.com\\\/en\\\/#\\\/schema\\\/person\\\/5650cb74c449fac8f3768e437ebedc96\"},\"headline\":\"Conflict, consensus, crisis. Three minimum notes on the protests\",\"datePublished\":\"2021-07-23T16:48:27+00:00\",\"dateModified\":\"2022-01-24T21:02:43+00:00\",\"mainEntityOfPage\":{\"@id\":\"https:\\\/\\\/oncubanews.com\\\/en\\\/opinion\\\/columns\\\/in-plain-words\\\/conflict-consensus-crisis-three-minimum-notes-on-the-protests\\\/\"},\"wordCount\":2096,\"commentCount\":0,\"image\":{\"@id\":\"https:\\\/\\\/oncubanews.com\\\/en\\\/opinion\\\/columns\\\/in-plain-words\\\/conflict-consensus-crisis-three-minimum-notes-on-the-protests\\\/#primaryimage\"},\"thumbnailUrl\":\"https:\\\/\\\/oncubanews.com\\\/en\\\/wp-content\\\/uploads\\\/2021\\\/07\\\/Cuba-y-sus-cubanos-Alain-Guti-23-750x501-1.jpg\",\"keywords\":[\"July 11\",\"protests in Cuba\"],\"articleSection\":[\"In plain words\"],\"inLanguage\":\"en-US\",\"potentialAction\":[{\"@type\":\"CommentAction\",\"name\":\"Comment\",\"target\":[\"https:\\\/\\\/oncubanews.com\\\/en\\\/opinion\\\/columns\\\/in-plain-words\\\/conflict-consensus-crisis-three-minimum-notes-on-the-protests\\\/#respond\"]}],\"copyrightYear\":\"2021\",\"copyrightHolder\":{\"@id\":\"https:\\\/\\\/oncubanews.com\\\/en\\\/#organization\"}},{\"@type\":\"WebPage\",\"@id\":\"https:\\\/\\\/oncubanews.com\\\/en\\\/opinion\\\/columns\\\/in-plain-words\\\/conflict-consensus-crisis-three-minimum-notes-on-the-protests\\\/\",\"url\":\"https:\\\/\\\/oncubanews.com\\\/en\\\/opinion\\\/columns\\\/in-plain-words\\\/conflict-consensus-crisis-three-minimum-notes-on-the-protests\\\/\",\"name\":\"Conflict, consensus, crisis. Three minimum notes on the protests | OnCubaNews English\",\"isPartOf\":{\"@id\":\"https:\\\/\\\/oncubanews.com\\\/en\\\/#website\"},\"primaryImageOfPage\":{\"@id\":\"https:\\\/\\\/oncubanews.com\\\/en\\\/opinion\\\/columns\\\/in-plain-words\\\/conflict-consensus-crisis-three-minimum-notes-on-the-protests\\\/#primaryimage\"},\"image\":{\"@id\":\"https:\\\/\\\/oncubanews.com\\\/en\\\/opinion\\\/columns\\\/in-plain-words\\\/conflict-consensus-crisis-three-minimum-notes-on-the-protests\\\/#primaryimage\"},\"thumbnailUrl\":\"https:\\\/\\\/oncubanews.com\\\/en\\\/wp-content\\\/uploads\\\/2021\\\/07\\\/Cuba-y-sus-cubanos-Alain-Guti-23-750x501-1.jpg\",\"datePublished\":\"2021-07-23T16:48:27+00:00\",\"dateModified\":\"2022-01-24T21:02:43+00:00\",\"author\":{\"@id\":\"https:\\\/\\\/oncubanews.com\\\/en\\\/#\\\/schema\\\/person\\\/5650cb74c449fac8f3768e437ebedc96\"},\"description\":\"The protests are lessons for all who want to read them.\",\"breadcrumb\":{\"@id\":\"https:\\\/\\\/oncubanews.com\\\/en\\\/opinion\\\/columns\\\/in-plain-words\\\/conflict-consensus-crisis-three-minimum-notes-on-the-protests\\\/#breadcrumb\"},\"inLanguage\":\"en-US\",\"potentialAction\":[{\"@type\":\"ReadAction\",\"target\":[\"https:\\\/\\\/oncubanews.com\\\/en\\\/opinion\\\/columns\\\/in-plain-words\\\/conflict-consensus-crisis-three-minimum-notes-on-the-protests\\\/\"]}]},{\"@type\":\"ImageObject\",\"inLanguage\":\"en-US\",\"@id\":\"https:\\\/\\\/oncubanews.com\\\/en\\\/opinion\\\/columns\\\/in-plain-words\\\/conflict-consensus-crisis-three-minimum-notes-on-the-protests\\\/#primaryimage\",\"url\":\"https:\\\/\\\/oncubanews.com\\\/en\\\/wp-content\\\/uploads\\\/2021\\\/07\\\/Cuba-y-sus-cubanos-Alain-Guti-23-750x501-1.jpg\",\"contentUrl\":\"https:\\\/\\\/oncubanews.com\\\/en\\\/wp-content\\\/uploads\\\/2021\\\/07\\\/Cuba-y-sus-cubanos-Alain-Guti-23-750x501-1.jpg\",\"width\":750,\"height\":501,\"caption\":\"Photo: Alain L. Guti\u00e9rrez Almeida (Archive).\"},{\"@type\":\"BreadcrumbList\",\"@id\":\"https:\\\/\\\/oncubanews.com\\\/en\\\/opinion\\\/columns\\\/in-plain-words\\\/conflict-consensus-crisis-three-minimum-notes-on-the-protests\\\/#breadcrumb\",\"itemListElement\":[{\"@type\":\"ListItem\",\"position\":1,\"name\":\"Portada\",\"item\":\"https:\\\/\\\/oncubanews.com\\\/en\\\/\"},{\"@type\":\"ListItem\",\"position\":2,\"name\":\"Conflict, consensus, crisis. Three minimum notes on the protests\"}]},{\"@type\":\"WebSite\",\"@id\":\"https:\\\/\\\/oncubanews.com\\\/en\\\/#website\",\"url\":\"https:\\\/\\\/oncubanews.com\\\/en\\\/\",\"name\":\"OnCubaNews English\",\"description\":\"Revista sobre Cuba\",\"potentialAction\":[{\"@type\":\"SearchAction\",\"target\":{\"@type\":\"EntryPoint\",\"urlTemplate\":\"https:\\\/\\\/oncubanews.com\\\/en\\\/?s={search_term_string}\"},\"query-input\":{\"@type\":\"PropertyValueSpecification\",\"valueRequired\":true,\"valueName\":\"search_term_string\"}}],\"inLanguage\":\"en-US\"},{\"@type\":\"Person\",\"@id\":\"https:\\\/\\\/oncubanews.com\\\/en\\\/#\\\/schema\\\/person\\\/5650cb74c449fac8f3768e437ebedc96\",\"name\":\"Rafael Hern\u00e1ndez\",\"image\":{\"@type\":\"ImageObject\",\"inLanguage\":\"en-US\",\"@id\":\"https:\\\/\\\/oncubanews.com\\\/wp-content\\\/uploads\\\/2023\\\/02\\\/cropped-Rafael-hernandez-96x96.jpg87617760fa3158b53a80504cba03e955\",\"url\":\"https:\\\/\\\/oncubanews.com\\\/wp-content\\\/uploads\\\/2023\\\/02\\\/cropped-Rafael-hernandez-96x96.jpg\",\"contentUrl\":\"https:\\\/\\\/oncubanews.com\\\/wp-content\\\/uploads\\\/2023\\\/02\\\/cropped-Rafael-hernandez-96x96.jpg\",\"caption\":\"Rafael Hern\u00e1ndez\"},\"description\":\"Polit\u00f3logo, profesor, escritor. Autor de libros y ensayos sobre EEUU, Cuba, sociedad, historia, cultura. Dirige la\u00a0revista\u00a0Temas.\",\"url\":\"https:\\\/\\\/oncubanews.com\\\/en\\\/author\\\/rafael_hernandez1\\\/\"}]}<\/script>\n<!-- \/ Yoast SEO plugin. -->","yoast_head_json":{"title":"Conflict, consensus, crisis. Three minimum notes on the protests | OnCubaNews English","description":"The protests are lessons for all who want to read them.","robots":{"index":"index","follow":"follow","max-snippet":"max-snippet:-1","max-image-preview":"max-image-preview:large","max-video-preview":"max-video-preview:-1"},"canonical":"https:\/\/oncubanews.com\/en\/opinion\/columns\/in-plain-words\/conflict-consensus-crisis-three-minimum-notes-on-the-protests\/","og_locale":"en_US","og_type":"article","og_title":"Conflict, consensus, crisis. Three minimum notes on the protests | OnCubaNews English","og_description":"The protests are lessons for all who want to read them.","og_url":"https:\/\/oncubanews.com\/en\/opinion\/columns\/in-plain-words\/conflict-consensus-crisis-three-minimum-notes-on-the-protests\/","og_site_name":"OnCubaNews English","article_published_time":"2021-07-23T16:48:27+00:00","article_modified_time":"2022-01-24T21:02:43+00:00","og_image":[{"width":750,"height":501,"url":"https:\/\/oncubanews.com\/en\/wp-content\/uploads\/2021\/07\/Cuba-y-sus-cubanos-Alain-Guti-23-750x501-1.jpg","type":"image\/jpeg"}],"author":"Rafael Hern\u00e1ndez","twitter_card":"summary_large_image","twitter_misc":{"Written by":"Rafael Hern\u00e1ndez","Est. reading time":"10 minutes"},"schema":{"@context":"https:\/\/schema.org","@graph":[{"@type":"Article","@id":"https:\/\/oncubanews.com\/en\/opinion\/columns\/in-plain-words\/conflict-consensus-crisis-three-minimum-notes-on-the-protests\/#article","isPartOf":{"@id":"https:\/\/oncubanews.com\/en\/opinion\/columns\/in-plain-words\/conflict-consensus-crisis-three-minimum-notes-on-the-protests\/"},"author":{"name":"Rafael Hern\u00e1ndez","@id":"https:\/\/oncubanews.com\/en\/#\/schema\/person\/5650cb74c449fac8f3768e437ebedc96"},"headline":"Conflict, consensus, crisis. Three minimum notes on the protests","datePublished":"2021-07-23T16:48:27+00:00","dateModified":"2022-01-24T21:02:43+00:00","mainEntityOfPage":{"@id":"https:\/\/oncubanews.com\/en\/opinion\/columns\/in-plain-words\/conflict-consensus-crisis-three-minimum-notes-on-the-protests\/"},"wordCount":2096,"commentCount":0,"image":{"@id":"https:\/\/oncubanews.com\/en\/opinion\/columns\/in-plain-words\/conflict-consensus-crisis-three-minimum-notes-on-the-protests\/#primaryimage"},"thumbnailUrl":"https:\/\/oncubanews.com\/en\/wp-content\/uploads\/2021\/07\/Cuba-y-sus-cubanos-Alain-Guti-23-750x501-1.jpg","keywords":["July 11","protests in Cuba"],"articleSection":["In plain words"],"inLanguage":"en-US","potentialAction":[{"@type":"CommentAction","name":"Comment","target":["https:\/\/oncubanews.com\/en\/opinion\/columns\/in-plain-words\/conflict-consensus-crisis-three-minimum-notes-on-the-protests\/#respond"]}],"copyrightYear":"2021","copyrightHolder":{"@id":"https:\/\/oncubanews.com\/en\/#organization"}},{"@type":"WebPage","@id":"https:\/\/oncubanews.com\/en\/opinion\/columns\/in-plain-words\/conflict-consensus-crisis-three-minimum-notes-on-the-protests\/","url":"https:\/\/oncubanews.com\/en\/opinion\/columns\/in-plain-words\/conflict-consensus-crisis-three-minimum-notes-on-the-protests\/","name":"Conflict, consensus, crisis. Three minimum notes on the protests | OnCubaNews English","isPartOf":{"@id":"https:\/\/oncubanews.com\/en\/#website"},"primaryImageOfPage":{"@id":"https:\/\/oncubanews.com\/en\/opinion\/columns\/in-plain-words\/conflict-consensus-crisis-three-minimum-notes-on-the-protests\/#primaryimage"},"image":{"@id":"https:\/\/oncubanews.com\/en\/opinion\/columns\/in-plain-words\/conflict-consensus-crisis-three-minimum-notes-on-the-protests\/#primaryimage"},"thumbnailUrl":"https:\/\/oncubanews.com\/en\/wp-content\/uploads\/2021\/07\/Cuba-y-sus-cubanos-Alain-Guti-23-750x501-1.jpg","datePublished":"2021-07-23T16:48:27+00:00","dateModified":"2022-01-24T21:02:43+00:00","author":{"@id":"https:\/\/oncubanews.com\/en\/#\/schema\/person\/5650cb74c449fac8f3768e437ebedc96"},"description":"The protests are lessons for all who want to read them.","breadcrumb":{"@id":"https:\/\/oncubanews.com\/en\/opinion\/columns\/in-plain-words\/conflict-consensus-crisis-three-minimum-notes-on-the-protests\/#breadcrumb"},"inLanguage":"en-US","potentialAction":[{"@type":"ReadAction","target":["https:\/\/oncubanews.com\/en\/opinion\/columns\/in-plain-words\/conflict-consensus-crisis-three-minimum-notes-on-the-protests\/"]}]},{"@type":"ImageObject","inLanguage":"en-US","@id":"https:\/\/oncubanews.com\/en\/opinion\/columns\/in-plain-words\/conflict-consensus-crisis-three-minimum-notes-on-the-protests\/#primaryimage","url":"https:\/\/oncubanews.com\/en\/wp-content\/uploads\/2021\/07\/Cuba-y-sus-cubanos-Alain-Guti-23-750x501-1.jpg","contentUrl":"https:\/\/oncubanews.com\/en\/wp-content\/uploads\/2021\/07\/Cuba-y-sus-cubanos-Alain-Guti-23-750x501-1.jpg","width":750,"height":501,"caption":"Photo: Alain L. Guti\u00e9rrez Almeida (Archive)."},{"@type":"BreadcrumbList","@id":"https:\/\/oncubanews.com\/en\/opinion\/columns\/in-plain-words\/conflict-consensus-crisis-three-minimum-notes-on-the-protests\/#breadcrumb","itemListElement":[{"@type":"ListItem","position":1,"name":"Portada","item":"https:\/\/oncubanews.com\/en\/"},{"@type":"ListItem","position":2,"name":"Conflict, consensus, crisis. Three minimum notes on the protests"}]},{"@type":"WebSite","@id":"https:\/\/oncubanews.com\/en\/#website","url":"https:\/\/oncubanews.com\/en\/","name":"OnCubaNews English","description":"Revista sobre Cuba","potentialAction":[{"@type":"SearchAction","target":{"@type":"EntryPoint","urlTemplate":"https:\/\/oncubanews.com\/en\/?s={search_term_string}"},"query-input":{"@type":"PropertyValueSpecification","valueRequired":true,"valueName":"search_term_string"}}],"inLanguage":"en-US"},{"@type":"Person","@id":"https:\/\/oncubanews.com\/en\/#\/schema\/person\/5650cb74c449fac8f3768e437ebedc96","name":"Rafael Hern\u00e1ndez","image":{"@type":"ImageObject","inLanguage":"en-US","@id":"https:\/\/oncubanews.com\/wp-content\/uploads\/2023\/02\/cropped-Rafael-hernandez-96x96.jpg87617760fa3158b53a80504cba03e955","url":"https:\/\/oncubanews.com\/wp-content\/uploads\/2023\/02\/cropped-Rafael-hernandez-96x96.jpg","contentUrl":"https:\/\/oncubanews.com\/wp-content\/uploads\/2023\/02\/cropped-Rafael-hernandez-96x96.jpg","caption":"Rafael Hern\u00e1ndez"},"description":"Polit\u00f3logo, profesor, escritor. Autor de libros y ensayos sobre EEUU, Cuba, sociedad, historia, cultura. Dirige la\u00a0revista\u00a0Temas.","url":"https:\/\/oncubanews.com\/en\/author\/rafael_hernandez1\/"}]}},"authors":[{"term_id":34051,"user_id":3343,"is_guest":0,"slug":"rafael_hernandez1","display_name":"Rafael Hern\u00e1ndez","avatar_url":"https:\/\/oncubanews.com\/wp-content\/uploads\/2023\/02\/cropped-Rafael-hernandez-96x96.jpg","0":null,"1":"","2":"","3":"","4":"","5":"","6":"","7":"","8":""}],"_links":{"self":[{"href":"https:\/\/oncubanews.com\/en\/wp-json\/wp\/v2\/posts\/241754","targetHints":{"allow":["GET"]}}],"collection":[{"href":"https:\/\/oncubanews.com\/en\/wp-json\/wp\/v2\/posts"}],"about":[{"href":"https:\/\/oncubanews.com\/en\/wp-json\/wp\/v2\/types\/post"}],"author":[{"embeddable":true,"href":"https:\/\/oncubanews.com\/en\/wp-json\/wp\/v2\/users\/3343"}],"replies":[{"embeddable":true,"href":"https:\/\/oncubanews.com\/en\/wp-json\/wp\/v2\/comments?post=241754"}],"version-history":[{"count":1,"href":"https:\/\/oncubanews.com\/en\/wp-json\/wp\/v2\/posts\/241754\/revisions"}],"predecessor-version":[{"id":248419,"href":"https:\/\/oncubanews.com\/en\/wp-json\/wp\/v2\/posts\/241754\/revisions\/248419"}],"wp:featuredmedia":[{"embeddable":true,"href":"https:\/\/oncubanews.com\/en\/wp-json\/wp\/v2\/media\/241756"}],"wp:attachment":[{"href":"https:\/\/oncubanews.com\/en\/wp-json\/wp\/v2\/media?parent=241754"}],"wp:term":[{"taxonomy":"category","embeddable":true,"href":"https:\/\/oncubanews.com\/en\/wp-json\/wp\/v2\/categories?post=241754"},{"taxonomy":"post_tag","embeddable":true,"href":"https:\/\/oncubanews.com\/en\/wp-json\/wp\/v2\/tags?post=241754"},{"taxonomy":"author","embeddable":true,"href":"https:\/\/oncubanews.com\/en\/wp-json\/wp\/v2\/ppma_author?post=241754"}],"curies":[{"name":"wp","href":"https:\/\/api.w.org\/{rel}","templated":true}]}}