
{"id":242391,"date":"2021-08-11T10:05:27","date_gmt":"2021-08-11T14:05:27","guid":{"rendered":"https:\/\/oncubanews.com\/en\/?p=242391"},"modified":"2021-08-11T10:05:27","modified_gmt":"2021-08-11T14:05:27","slug":"cuba-in-tokyo-2020","status":"publish","type":"post","link":"https:\/\/oncubanews.com\/en\/sports\/cuba-in-tokyo-2020\/","title":{"rendered":"Cuba in Tokyo 2020"},"content":{"rendered":"<p><span style=\"font-weight: 400;\">This Sunday, August 8, Tokyo gave the official farewell to thousands of athletes who participated in a historic Olympic Games, both because of the conditions in which they took place \u2014 pandemic, safety measures, empty stands \u2014 and because of the extraordinary competitive level evidenced in multiple events.<\/span><\/p>\n<p><span style=\"font-weight: 400;\">A total of 65 countries won gold medals and 93 nations placed at least one athlete on the podium, impressive records that tell us how much the distribution of forces has changed in the summer games.<\/span><\/p>\n<p><span style=\"font-weight: 400;\">Amid this increasingly demanding landscape, Cuba registered its best performance since Athens 2004, with seven titles and 15 metals overall. Three sports (wrestling, boxing and canoeing) won gold, while seven disciplines took at least one medal. What\u2019s most impressive is that this result has been achieved with the island\u2019s smallest Olympic delegation (only 69 athletes) in the last 57 years.<\/span><\/p>\n<p><span style=\"font-weight: 400;\">Cuba showed high levels of efficiency in modalities with medal aspirations, and that allowed it to become the fourth delegation to win seven gold medals with less than 70 athletes since the 1960 Rome Games.<\/span><\/p>\n<p><b>CUBA IN THE TABLE OF MEDALS<\/b><\/p>\n<figure id=\"attachment_242394\" aria-describedby=\"caption-attachment-242394\" style=\"width: 950px\" class=\"wp-caption aligncenter\"><a href=\"https:\/\/oncubanews.com\/en\/wp-content\/uploads\/2021\/08\/medal-table.jpg\"><img loading=\"lazy\" decoding=\"async\" class=\"wp-image-242394\" src=\"https:\/\/oncubanews.com\/en\/wp-content\/uploads\/2021\/08\/medal-table.jpg\" alt=\" The first 20 places in the table of medals of the Tokyo 2020 Olympic Games.\" width=\"950\" height=\"900\" srcset=\"https:\/\/oncubanews.com\/en\/wp-content\/uploads\/2021\/08\/medal-table.jpg 621w, https:\/\/oncubanews.com\/en\/wp-content\/uploads\/2021\/08\/medal-table-300x284.jpg 300w\" sizes=\"auto, (max-width: 950px) 100vw, 950px\" \/><\/a><figcaption id=\"caption-attachment-242394\" class=\"wp-caption-text\">The first 20 places in the table of medals of the Tokyo 2020 Olympic Games.<\/figcaption><\/figure>\n<p><b>CUBANS WITH GOLD MEDAL<\/b><\/p>\n<figure id=\"attachment_350474\" aria-describedby=\"caption-attachment-350474\" style=\"width: 1024px\" class=\"wp-caption aligncenter\"><img loading=\"lazy\" decoding=\"async\" class=\"lazyloaded wp-image-350474 size-large\" title=\"MIJA\u00cdN L\u00d3PEZ GRECO-ROMAN WRESTLING OLYMPIC GAMES WORLD CHAMPIONSHIPS PINAR DEL R\u00cdO AUGUST 20, 1982 (38 YEARS OLD) FIVE PARTICIPATIONS IN OLYMPIC GAMES\" src=\"https:\/\/oncubanews.com\/wp-content\/uploads\/2021\/08\/Mijain-ed-1024x579.png\" sizes=\"auto, (max-width: 1024px) 100vw, 1024px\" srcset=\"https:\/\/oncubanews.com\/wp-content\/uploads\/2021\/08\/Mijain-ed-1024x579.png 1024w, https:\/\/oncubanews.com\/wp-content\/uploads\/2021\/08\/Mijain-ed-300x170.png 300w, https:\/\/oncubanews.com\/wp-content\/uploads\/2021\/08\/Mijain-ed-768x434.png 768w, https:\/\/oncubanews.com\/wp-content\/uploads\/2021\/08\/Mijain-ed-750x424.png 750w, https:\/\/oncubanews.com\/wp-content\/uploads\/2021\/08\/Mijain-ed.png 1120w\" alt=\"MIJA\u00cdN L\u00d3PEZ GRECO-ROMAN WRESTLING OLYMPIC GAMES WORLD CHAMPIONSHIPS PINAR DEL R\u00cdO AUGUST 20, 1982 (38 YEARS OLD) FIVE PARTICIPATIONS IN OLYMPIC GAMES\" width=\"1024\" height=\"579\" data-src=\"https:\/\/oncubanews.com\/wp-content\/uploads\/2021\/08\/Mijain-ed-1024x579.png\" data-srcset=\"https:\/\/oncubanews.com\/wp-content\/uploads\/2021\/08\/Mijain-ed-1024x579.png 1024w, https:\/\/oncubanews.com\/wp-content\/uploads\/2021\/08\/Mijain-ed-300x170.png 300w, https:\/\/oncubanews.com\/wp-content\/uploads\/2021\/08\/Mijain-ed-768x434.png 768w, https:\/\/oncubanews.com\/wp-content\/uploads\/2021\/08\/Mijain-ed-750x424.png 750w, https:\/\/oncubanews.com\/wp-content\/uploads\/2021\/08\/Mijain-ed.png 1120w\" data-pin-no-hover=\"true\" \/><figcaption id=\"caption-attachment-350474\" class=\"wp-caption-text\">MIJA\u00cdN L\u00d3PEZ &#8211; GRECO-ROMAN WRESTLING OLYMPIC GAMES WORLD CHAMPIONSHIPS \/ PINAR DEL R\u00cdO, AUGUST 20, 1982 (38 YEARS OLD) \/ FIVE PARTICIPATIONS IN OLYMPIC GAMES<\/figcaption><\/figure>\n<p><span style=\"font-weight: 400;\">The legend continues with a fourth Olympic title. Mija\u00edn L\u00f3pez showed that he has what it takes to be the best wrestler in history. In the Japanese capital he again laid waste to his rivals without allowing a single point in four bouts. If we add up all his fights from London 2012 to Tokyo 2020, the Pinar del Rio wrestler has 12 victories in a row, 55 scored units and none allowed. Many think that this is the end for him, but so far he\u2019s left a door open to Paris 2024.<\/span><\/p>\n<p style=\"text-align: center;\"><span style=\"font-weight: 400;\">***<\/span><\/p>\n<figure id=\"attachment_350473\" aria-describedby=\"caption-attachment-350473\" style=\"width: 1024px\" class=\"wp-caption aligncenter\"><img loading=\"lazy\" decoding=\"async\" class=\"lazyloaded wp-image-350473 size-large\" title=\"JULIO LA CRUZ - BOXING OLYMPIC GAMES WORLD CHAMPIONSHIPS \/ CAMAGUEY, AUGUST 11, 1989 (31 YEARS OLD) \/ THREE PARTICIPATIONS IN OLYMPIC GAMES\" src=\"https:\/\/oncubanews.com\/wp-content\/uploads\/2021\/08\/la-cruz-ed-1024x579.png\" sizes=\"auto, (max-width: 1024px) 100vw, 1024px\" srcset=\"https:\/\/oncubanews.com\/wp-content\/uploads\/2021\/08\/la-cruz-ed-1024x579.png 1024w, https:\/\/oncubanews.com\/wp-content\/uploads\/2021\/08\/la-cruz-ed-300x170.png 300w, https:\/\/oncubanews.com\/wp-content\/uploads\/2021\/08\/la-cruz-ed-768x434.png 768w, https:\/\/oncubanews.com\/wp-content\/uploads\/2021\/08\/la-cruz-ed-750x424.png 750w, https:\/\/oncubanews.com\/wp-content\/uploads\/2021\/08\/la-cruz-ed.png 1120w\" alt=\"\" width=\"1024\" height=\"579\" data-src=\"https:\/\/oncubanews.com\/wp-content\/uploads\/2021\/08\/la-cruz-ed-1024x579.png\" data-srcset=\"https:\/\/oncubanews.com\/wp-content\/uploads\/2021\/08\/la-cruz-ed-1024x579.png 1024w, https:\/\/oncubanews.com\/wp-content\/uploads\/2021\/08\/la-cruz-ed-300x170.png 300w, https:\/\/oncubanews.com\/wp-content\/uploads\/2021\/08\/la-cruz-ed-768x434.png 768w, https:\/\/oncubanews.com\/wp-content\/uploads\/2021\/08\/la-cruz-ed-750x424.png 750w, https:\/\/oncubanews.com\/wp-content\/uploads\/2021\/08\/la-cruz-ed.png 1120w\" data-pin-no-hover=\"true\" \/><figcaption id=\"caption-attachment-350473\" class=\"wp-caption-text\">JULIO LA CRUZ &#8211; BOXING OLYMPIC GAMES WORLD CHAMPIONSHIPS \/ CAMAGUEY, AUGUST 11, 1989 (31 YEARS OLD) \/ THREE PARTICIPATIONS IN OLYMPIC GAMES<\/figcaption><\/figure>\n<p><span style=\"font-weight: 400;\">The \u201cShadow\u201d of the rings. There were doubts about his fighting style in a division like 91 kilograms, but La Cruz showed that he has the physical ability to keep in constant motion and, based on speed and reflexes, ware out his opponents\u2019 reserves. We can eternally demand more aggressiveness from him, but at this point the Camag\u00fcey boxer is not going to change the strategies that he perfectly managed to put into practice. After this title, the goal is in Paris, where he could emulate Te\u00f3filo Stevenson, F\u00e9lix Sav\u00f3n and the Hungarian L\u00e1szl\u00f3 Papp as the only ones with three Olympic crowns.<\/span><\/p>\n<p style=\"text-align: center;\"><span style=\"font-weight: 400;\">***<\/span><\/p>\n<figure id=\"attachment_350472\" aria-describedby=\"caption-attachment-350472\" style=\"width: 1024px\" class=\"wp-caption aligncenter\"><img loading=\"lazy\" decoding=\"async\" class=\"lazyloaded wp-image-350472 size-large\" title=\"RONIEL IGLESIAS BOXING  OLYMPIC GAMES WORLD CHAMPIONSHIPS PINAR DEL RIO AUGUST 14, 1988 (32 YEARS OLD) FOUR PARTICIPATIONS IN OLYMPIC GAMES\" src=\"https:\/\/oncubanews.com\/wp-content\/uploads\/2021\/08\/Roniel-ed-1024x579.png\" sizes=\"auto, (max-width: 1024px) 100vw, 1024px\" srcset=\"https:\/\/oncubanews.com\/wp-content\/uploads\/2021\/08\/Roniel-ed-1024x579.png 1024w, https:\/\/oncubanews.com\/wp-content\/uploads\/2021\/08\/Roniel-ed-300x170.png 300w, https:\/\/oncubanews.com\/wp-content\/uploads\/2021\/08\/Roniel-ed-768x434.png 768w, https:\/\/oncubanews.com\/wp-content\/uploads\/2021\/08\/Roniel-ed-750x424.png 750w, https:\/\/oncubanews.com\/wp-content\/uploads\/2021\/08\/Roniel-ed.png 1120w\" alt=\"\" width=\"1024\" height=\"579\" data-src=\"https:\/\/oncubanews.com\/wp-content\/uploads\/2021\/08\/Roniel-ed-1024x579.png\" data-srcset=\"https:\/\/oncubanews.com\/wp-content\/uploads\/2021\/08\/Roniel-ed-1024x579.png 1024w, https:\/\/oncubanews.com\/wp-content\/uploads\/2021\/08\/Roniel-ed-300x170.png 300w, https:\/\/oncubanews.com\/wp-content\/uploads\/2021\/08\/Roniel-ed-768x434.png 768w, https:\/\/oncubanews.com\/wp-content\/uploads\/2021\/08\/Roniel-ed-750x424.png 750w, https:\/\/oncubanews.com\/wp-content\/uploads\/2021\/08\/Roniel-ed.png 1120w\" data-pin-no-hover=\"true\" \/><figcaption id=\"caption-attachment-350472\" class=\"wp-caption-text\">RONIEL IGLESIAS \/ BOXING OLYMPIC GAMES WORLD CHAMPIONSHIPS \/ PINAR DEL RIO, AUGUST 14, 1988 (32 YEARS OLD) \/ FOUR PARTICIPATIONS IN OLYMPIC GAMES<\/figcaption><\/figure>\n<p><span style=\"font-weight: 400;\">The Revenant. Not many counted on such a brutal rebound of the Pinar del Rio boxer, who appeared in Tokyo at full speed, in an enviable physical shape. Roniel reminded us of his sweeping version from almost ten years ago, when he was crowned in London. Despite his experience and record, we can consider his triumph in Tokyo to be a (very pleasant) surprise, which opens the doors for him to remain in the national team. By the way, Roniel joined the exclusive club of seven boxers with three Olympic medals. Living history.<\/span><\/p>\n<p style=\"text-align: center;\"><span style=\"font-weight: 400;\">***<\/span><\/p>\n<figure id=\"attachment_350470\" aria-describedby=\"caption-attachment-350470\" style=\"width: 1024px\" class=\"wp-caption aligncenter\"><img loading=\"lazy\" decoding=\"async\" class=\"lazyloaded wp-image-350470 size-large\" title=\"ARLEN LOPEZ BOXING OLYMPIC GAMES WORLD CHAMPIONSHIPS GUANTANAMO FEBRUARY 21, 1993 (28 YEARS OLD) TWO PARTICIPATIONS IN OLYMPIC GAMES\" src=\"https:\/\/oncubanews.com\/wp-content\/uploads\/2021\/08\/arlen-ed-1024x579.png\" sizes=\"auto, (max-width: 1024px) 100vw, 1024px\" srcset=\"https:\/\/oncubanews.com\/wp-content\/uploads\/2021\/08\/arlen-ed-1024x579.png 1024w, https:\/\/oncubanews.com\/wp-content\/uploads\/2021\/08\/arlen-ed-300x170.png 300w, https:\/\/oncubanews.com\/wp-content\/uploads\/2021\/08\/arlen-ed-768x434.png 768w, https:\/\/oncubanews.com\/wp-content\/uploads\/2021\/08\/arlen-ed-750x424.png 750w, https:\/\/oncubanews.com\/wp-content\/uploads\/2021\/08\/arlen-ed.png 1120w\" alt=\"\" width=\"1024\" height=\"579\" data-src=\"https:\/\/oncubanews.com\/wp-content\/uploads\/2021\/08\/arlen-ed-1024x579.png\" data-srcset=\"https:\/\/oncubanews.com\/wp-content\/uploads\/2021\/08\/arlen-ed-1024x579.png 1024w, https:\/\/oncubanews.com\/wp-content\/uploads\/2021\/08\/arlen-ed-300x170.png 300w, https:\/\/oncubanews.com\/wp-content\/uploads\/2021\/08\/arlen-ed-768x434.png 768w, https:\/\/oncubanews.com\/wp-content\/uploads\/2021\/08\/arlen-ed-750x424.png 750w, https:\/\/oncubanews.com\/wp-content\/uploads\/2021\/08\/arlen-ed.png 1120w\" data-pin-no-hover=\"true\" \/><figcaption id=\"caption-attachment-350470\" class=\"wp-caption-text\">ARLEN LOPEZ \/ BOXING OLYMPIC GAMES WORLD CHAMPIONSHIPS \/ GUANTANAMO, FEBRUARY 21, 1993 (28 YEARS OLD) \/ TWO PARTICIPATIONS IN OLYMPIC GAMES<\/figcaption><\/figure>\n<p><span style=\"font-weight: 400;\">Sobriety personified. After a mediocre Olympic cycle, the 2016 Rio de Janeiro champion did not lose his composure and appeared in Tokyo like a rock. Arlen donned his overalls and did not stop until he was in optimal shape to seek a second Olympic crown in another division, which made the challenge more complex. But the Guant\u00e1namo boxer fought with a great deal of cold blood, knew how to counteract the different styles and attacks of his rivals, who ended up asking for time out.<\/span><\/p>\n<p style=\"text-align: center;\"><span style=\"font-weight: 400;\">***<\/span><\/p>\n<figure id=\"attachment_350484\" aria-describedby=\"caption-attachment-350484\" style=\"width: 1024px\" class=\"wp-caption aligncenter\"><img loading=\"lazy\" decoding=\"async\" class=\"lazyloaded wp-image-350484 size-large\" title=\"LUIS ALBERTO ORTA GRECO-ROMAN WRESTLING OLYMPIC GAMES WORLD CHAMPIONSHIPS HAVANA AUGUST 22, 1994 (26 YEARS OLD) ONE PARTICIPATION IN OLYMPIC GAMES\" src=\"https:\/\/oncubanews.com\/wp-content\/uploads\/2021\/08\/orta-ed-1024x579.png\" sizes=\"auto, (max-width: 1024px) 100vw, 1024px\" srcset=\"https:\/\/oncubanews.com\/wp-content\/uploads\/2021\/08\/orta-ed-1024x579.png 1024w, https:\/\/oncubanews.com\/wp-content\/uploads\/2021\/08\/orta-ed-300x170.png 300w, https:\/\/oncubanews.com\/wp-content\/uploads\/2021\/08\/orta-ed-768x434.png 768w, https:\/\/oncubanews.com\/wp-content\/uploads\/2021\/08\/orta-ed-750x424.png 750w, https:\/\/oncubanews.com\/wp-content\/uploads\/2021\/08\/orta-ed.png 1120w\" alt=\"\" width=\"1024\" height=\"579\" data-src=\"https:\/\/oncubanews.com\/wp-content\/uploads\/2021\/08\/orta-ed-1024x579.png\" data-srcset=\"https:\/\/oncubanews.com\/wp-content\/uploads\/2021\/08\/orta-ed-1024x579.png 1024w, https:\/\/oncubanews.com\/wp-content\/uploads\/2021\/08\/orta-ed-300x170.png 300w, https:\/\/oncubanews.com\/wp-content\/uploads\/2021\/08\/orta-ed-768x434.png 768w, https:\/\/oncubanews.com\/wp-content\/uploads\/2021\/08\/orta-ed-750x424.png 750w, https:\/\/oncubanews.com\/wp-content\/uploads\/2021\/08\/orta-ed.png 1120w\" data-pin-no-hover=\"true\" \/><figcaption id=\"caption-attachment-350484\" class=\"wp-caption-text\">LUIS ALBERTO ORTA \/ GRECO-ROMAN WRESTLING OLYMPIC GAMES WORLD CHAMPIONSHIPS \/ HAVANA, AUGUST 22, 1994 (26 YEARS OLD) \/ ONE PARTICIPATION IN OLYMPIC GAMES<\/figcaption><\/figure>\n<p><span style=\"font-weight: 400;\">The most unexpected crown of the delegation. He arrived in Tokyo almost as an unknown, without even relevant results in the area, and he leaves as an Olympic champion and a revelation of Cuban sports. His energy, speed and consistency on the mats at Makuhari Messe Hall allowed him to go beyond predictions and opponents with impressive track records. Orta goes down in history as the man who paved the golden road for Cuba in Tokyo.<\/span><\/p>\n<p style=\"text-align: center;\"><span style=\"font-weight: 400;\">***<\/span><\/p>\n<figure id=\"attachment_350483\" aria-describedby=\"caption-attachment-350483\" style=\"width: 1024px\" class=\"wp-caption aligncenter\"><img loading=\"lazy\" decoding=\"async\" class=\"lazyloaded wp-image-350483 size-large\" title=\"SERGUEY TORRES MADRIGAL FERNANDO DAY\u00c1N JORGE ENRIQUEZ  CANOEING SERGUEY TORRES OLYMPIC GAMES WORLD CHAMPIONSHIPS SANCTI SPIRITUS JANUARY 20, 1987 (34 YEARS OLD) FOUR PARTICIPATIONS IN OLYMPIC GAMES FERNANDO DAYAN OLYMPIC GAMES WORLD CHAMPIONSHIPS CIENFUEGOS DECEMBER 3, 1998 (22 YEARS OLD)  TWO PARTICIPATIONS IN OLYMPIC GAMES\" src=\"https:\/\/oncubanews.com\/wp-content\/uploads\/2021\/08\/canoa-ed-1024x579.png\" sizes=\"auto, (max-width: 1024px) 100vw, 1024px\" srcset=\"https:\/\/oncubanews.com\/wp-content\/uploads\/2021\/08\/canoa-ed-1024x579.png 1024w, https:\/\/oncubanews.com\/wp-content\/uploads\/2021\/08\/canoa-ed-300x170.png 300w, https:\/\/oncubanews.com\/wp-content\/uploads\/2021\/08\/canoa-ed-768x434.png 768w, https:\/\/oncubanews.com\/wp-content\/uploads\/2021\/08\/canoa-ed-750x424.png 750w, https:\/\/oncubanews.com\/wp-content\/uploads\/2021\/08\/canoa-ed.png 1120w\" alt=\"\" width=\"1024\" height=\"579\" data-src=\"https:\/\/oncubanews.com\/wp-content\/uploads\/2021\/08\/canoa-ed-1024x579.png\" data-srcset=\"https:\/\/oncubanews.com\/wp-content\/uploads\/2021\/08\/canoa-ed-1024x579.png 1024w, https:\/\/oncubanews.com\/wp-content\/uploads\/2021\/08\/canoa-ed-300x170.png 300w, https:\/\/oncubanews.com\/wp-content\/uploads\/2021\/08\/canoa-ed-768x434.png 768w, https:\/\/oncubanews.com\/wp-content\/uploads\/2021\/08\/canoa-ed-750x424.png 750w, https:\/\/oncubanews.com\/wp-content\/uploads\/2021\/08\/canoa-ed.png 1120w\" data-pin-no-hover=\"true\" \/><figcaption id=\"caption-attachment-350483\" class=\"wp-caption-text\">SERGUEY TORRES MADRIGAL &#8211; FERNANDO DAY\u00c1N JORGE ENRIQUEZ \/ CANOEING: SERGUEY TORRES OLYMPIC GAMES WORLD CHAMPIONSHIPS SANCTI SPIRITUS JANUARY 20, 1987 (34 YEARS OLD) FOUR PARTICIPATIONS IN OLYMPIC GAMES || FERNANDO DAYAN OLYMPIC GAMES WORLD CHAMPIONSHIPS CIENFUEGOS DECEMBER 3, 1998 (22 YEARS OLD) TWO PARTICIPATIONS IN OLYMPIC GAMES<\/figcaption><\/figure>\n<p><span style=\"font-weight: 400;\">An Olympic gold medal had not been celebrated so much for a long time. Don\u2019t get me wrong, we enjoy all of Cuba\u2019s summer titles to the fullest, but when we win in the finish line in a test full of \u201cmonsters\u201d the adrenaline levels skyrocket. That happened in canoeing, with Fernando Day\u00e1n Jorge and Serguey Torres, who stirred the calm waters of the Sea Forest channel to win the first scepter of Cuban canoeing in games under the five rings and finish the job that Leobaldo Pereira, Ibrahim Rojas and Ledys Frank Balceiro began 20 years ago.<\/span><\/p>\n<p style=\"text-align: center;\"><span style=\"font-weight: 400;\">***<\/span><\/p>\n<figure id=\"attachment_350714\" aria-describedby=\"caption-attachment-350714\" style=\"width: 1024px\" class=\"wp-caption aligncenter\"><img loading=\"lazy\" decoding=\"async\" class=\"lazyloaded wp-image-350714 size-large\" title=\"ANDY CRUZ BOXING OLYMPIC GAMES WORLD CHAMPIONSHIPS MATANZAS AUGUST 12, 1995 (25 YEARS OLD) ONE PARTICIPATION IN OLYMPIC GAMES\" src=\"https:\/\/oncubanews.com\/wp-content\/uploads\/2021\/08\/andy-cruz-1024x579.png\" sizes=\"auto, (max-width: 1024px) 100vw, 1024px\" srcset=\"https:\/\/oncubanews.com\/wp-content\/uploads\/2021\/08\/andy-cruz-1024x579.png 1024w, https:\/\/oncubanews.com\/wp-content\/uploads\/2021\/08\/andy-cruz-300x170.png 300w, https:\/\/oncubanews.com\/wp-content\/uploads\/2021\/08\/andy-cruz-768x434.png 768w, https:\/\/oncubanews.com\/wp-content\/uploads\/2021\/08\/andy-cruz-750x424.png 750w, https:\/\/oncubanews.com\/wp-content\/uploads\/2021\/08\/andy-cruz.png 1120w\" alt=\"\" width=\"1024\" height=\"579\" data-src=\"https:\/\/oncubanews.com\/wp-content\/uploads\/2021\/08\/andy-cruz-1024x579.png\" data-srcset=\"https:\/\/oncubanews.com\/wp-content\/uploads\/2021\/08\/andy-cruz-1024x579.png 1024w, https:\/\/oncubanews.com\/wp-content\/uploads\/2021\/08\/andy-cruz-300x170.png 300w, https:\/\/oncubanews.com\/wp-content\/uploads\/2021\/08\/andy-cruz-768x434.png 768w, https:\/\/oncubanews.com\/wp-content\/uploads\/2021\/08\/andy-cruz-750x424.png 750w, https:\/\/oncubanews.com\/wp-content\/uploads\/2021\/08\/andy-cruz.png 1120w\" data-pin-no-hover=\"true\" \/><figcaption id=\"caption-attachment-350714\" class=\"wp-caption-text\">ANDY CRUZ &#8211; BOXING OLYMPIC GAMES WORLD CHAMPIONSHIPS \/ MATANZAS, AUGUST 12, 1995 (25 YEARS OLD) \/ ONE PARTICIPATION IN OLYMPIC GAMES<\/figcaption><\/figure>\n<p><span style=\"font-weight: 400;\">The Cuban boxing dancer did not let us down in Tokyo. He arrived at the Games under the sign of the best boxer in the national team and responded as such. Intensity, speed of movements, precision and ability to fight at all distances were enough arguments to displace all his rivals and become the 28th Cuban boxer with an Olympic title. At 25, Andy has his sights set on Paris, where he has it all to raise to 12 the number of national boxers with a pair of Olympic crowns.<\/span><\/p>\n<p style=\"text-align: center;\"><span style=\"font-weight: 400;\">***<\/span><\/p>\n<p><b>CUBANS WITH SILVER MEDAL<\/b><\/p>\n<figure id=\"attachment_350551\" aria-describedby=\"caption-attachment-350551\" style=\"width: 1024px\" class=\"wp-caption aligncenter\"><img loading=\"lazy\" decoding=\"async\" class=\"lazyloaded wp-image-350551 size-large\" title=\"LEURIS PUPO SHOOTING OLYMPIC GAMES WORLD CHAMPIONSHIPS HOLGUIN APRIL 9, 1977 (44 YEARS OLD) SIX PARTICIPATIONS IN OLYMPIC GAMES\" src=\"https:\/\/oncubanews.com\/wp-content\/uploads\/2021\/08\/pupo-ed-1024x579.png\" sizes=\"auto, (max-width: 1024px) 100vw, 1024px\" srcset=\"https:\/\/oncubanews.com\/wp-content\/uploads\/2021\/08\/pupo-ed-1024x579.png 1024w, https:\/\/oncubanews.com\/wp-content\/uploads\/2021\/08\/pupo-ed-300x170.png 300w, https:\/\/oncubanews.com\/wp-content\/uploads\/2021\/08\/pupo-ed-768x434.png 768w, https:\/\/oncubanews.com\/wp-content\/uploads\/2021\/08\/pupo-ed-750x424.png 750w, https:\/\/oncubanews.com\/wp-content\/uploads\/2021\/08\/pupo-ed.png 1120w\" alt=\"\" width=\"1024\" height=\"579\" data-src=\"https:\/\/oncubanews.com\/wp-content\/uploads\/2021\/08\/pupo-ed-1024x579.png\" data-srcset=\"https:\/\/oncubanews.com\/wp-content\/uploads\/2021\/08\/pupo-ed-1024x579.png 1024w, https:\/\/oncubanews.com\/wp-content\/uploads\/2021\/08\/pupo-ed-300x170.png 300w, https:\/\/oncubanews.com\/wp-content\/uploads\/2021\/08\/pupo-ed-768x434.png 768w, https:\/\/oncubanews.com\/wp-content\/uploads\/2021\/08\/pupo-ed-750x424.png 750w, https:\/\/oncubanews.com\/wp-content\/uploads\/2021\/08\/pupo-ed.png 1120w\" data-pin-no-hover=\"true\" \/><figcaption id=\"caption-attachment-350551\" class=\"wp-caption-text\">LEURIS PUPO \/ SHOOTING OLYMPIC GAMES WORLD CHAMPIONSHIPS \/ HOLGUIN, APRIL 9, 1977 (44 YEARS OLD) \/ SIX PARTICIPATIONS IN OLYMPIC GAMES<\/figcaption><\/figure>\n<p><span style=\"font-weight: 400;\">Could Robin Hood have done as much without arrows as Leuris Pupo did without bullets? I doubt it. The Cuban shooter, after months without minimum conditions to train and shoot, has appeared in Tokyo with an Olympic subtitle that we will remember forever. As was the case with his crown in London nine years ago, Pupo brought out the colors in us and showed us that sometimes \u2014 only sometimes \u2014 more can be done with less. The athlete from Holguin gave a class on mettle, concentration and marksmanship to give us the fifth medal for sports shooting in the history of the Olympic Games.<\/span><\/p>\n<p style=\"text-align: center;\"><span style=\"font-weight: 400;\">***<\/span><\/p>\n<figure id=\"attachment_350550\" aria-describedby=\"caption-attachment-350550\" style=\"width: 1024px\" class=\"wp-caption aligncenter\"><img loading=\"lazy\" decoding=\"async\" class=\"lazyloaded wp-image-350550 size-large\" title=\"IDALYS ORTIZ JUDO OLYMPIC GAMES  WORLD CHAMPIONSHIPS ARTEMISA SEPTEMBER 27, 1989 (31 YEARS OLD) FOUR PARTICIPATIONS IN OLYMPIC GAMES\" src=\"https:\/\/oncubanews.com\/wp-content\/uploads\/2021\/08\/idalys-ed-1024x579.png\" sizes=\"auto, (max-width: 1024px) 100vw, 1024px\" srcset=\"https:\/\/oncubanews.com\/wp-content\/uploads\/2021\/08\/idalys-ed-1024x579.png 1024w, https:\/\/oncubanews.com\/wp-content\/uploads\/2021\/08\/idalys-ed-300x170.png 300w, https:\/\/oncubanews.com\/wp-content\/uploads\/2021\/08\/idalys-ed-768x434.png 768w, https:\/\/oncubanews.com\/wp-content\/uploads\/2021\/08\/idalys-ed-750x424.png 750w, https:\/\/oncubanews.com\/wp-content\/uploads\/2021\/08\/idalys-ed.png 1120w\" alt=\"\" width=\"1024\" height=\"579\" data-src=\"https:\/\/oncubanews.com\/wp-content\/uploads\/2021\/08\/idalys-ed-1024x579.png\" data-srcset=\"https:\/\/oncubanews.com\/wp-content\/uploads\/2021\/08\/idalys-ed-1024x579.png 1024w, https:\/\/oncubanews.com\/wp-content\/uploads\/2021\/08\/idalys-ed-300x170.png 300w, https:\/\/oncubanews.com\/wp-content\/uploads\/2021\/08\/idalys-ed-768x434.png 768w, https:\/\/oncubanews.com\/wp-content\/uploads\/2021\/08\/idalys-ed-750x424.png 750w, https:\/\/oncubanews.com\/wp-content\/uploads\/2021\/08\/idalys-ed.png 1120w\" data-pin-no-hover=\"true\" \/><figcaption id=\"caption-attachment-350550\" class=\"wp-caption-text\">IDALYS ORTIZ \/ JUDO OLYMPIC GAMES WORLD CHAMPIONSHIPS \/ ARTEMISA. SEPTEMBER 27, 1989 (31 YEARS OLD) \/ FOUR PARTICIPATIONS IN OLYMPIC GAMES<\/figcaption><\/figure>\n<p><span style=\"font-weight: 400;\">Who says we can\u2019t have two legends in the same delegation? If Mija\u00edn L\u00f3pez made history in Greco-Roman wrestling, Idalys Ortiz emulated him in judo with her fourth medal under the five rings, the third woman to achieve such a feat in the history of the Games. But this performance of the Artemisa judoka has a special flavor, because she arrived in Tokyo under minimal conditions, almost without participating in international competitions, with a couple of months of rigorous training and after overcoming two coronavirus infections. Imperial! At this point, I still wonder how she was not selected to be Cuba\u2019s standard bearer with Mija\u00edn&#8230;<\/span><\/p>\n<p style=\"text-align: center;\"><span style=\"font-weight: 400;\">***<\/span><\/p>\n<figure id=\"attachment_350549\" aria-describedby=\"caption-attachment-350549\" style=\"width: 1024px\" class=\"wp-caption aligncenter\"><img loading=\"lazy\" decoding=\"async\" class=\"lazyloaded wp-image-350549 size-large\" title=\"JUAN MIGUEL ECHEVARRIA LONG JUMP OLYMPIC GAMES WORLD CHAMPIONSHIPS CAMAGUEY AUGUST 11, 1998 (22 YEARS OLD) ONE PARTICIPATION IN OLYMPIC GAMES \" src=\"https:\/\/oncubanews.com\/wp-content\/uploads\/2021\/08\/juan-miguel-ed-1024x579.png\" sizes=\"auto, (max-width: 1024px) 100vw, 1024px\" srcset=\"https:\/\/oncubanews.com\/wp-content\/uploads\/2021\/08\/juan-miguel-ed-1024x579.png 1024w, https:\/\/oncubanews.com\/wp-content\/uploads\/2021\/08\/juan-miguel-ed-300x170.png 300w, https:\/\/oncubanews.com\/wp-content\/uploads\/2021\/08\/juan-miguel-ed-768x434.png 768w, https:\/\/oncubanews.com\/wp-content\/uploads\/2021\/08\/juan-miguel-ed-750x424.png 750w, https:\/\/oncubanews.com\/wp-content\/uploads\/2021\/08\/juan-miguel-ed.png 1120w\" alt=\"\" width=\"1024\" height=\"579\" data-src=\"https:\/\/oncubanews.com\/wp-content\/uploads\/2021\/08\/juan-miguel-ed-1024x579.png\" data-srcset=\"https:\/\/oncubanews.com\/wp-content\/uploads\/2021\/08\/juan-miguel-ed-1024x579.png 1024w, https:\/\/oncubanews.com\/wp-content\/uploads\/2021\/08\/juan-miguel-ed-300x170.png 300w, https:\/\/oncubanews.com\/wp-content\/uploads\/2021\/08\/juan-miguel-ed-768x434.png 768w, https:\/\/oncubanews.com\/wp-content\/uploads\/2021\/08\/juan-miguel-ed-750x424.png 750w, https:\/\/oncubanews.com\/wp-content\/uploads\/2021\/08\/juan-miguel-ed.png 1120w\" data-pin-no-hover=\"true\" \/><figcaption id=\"caption-attachment-350549\" class=\"wp-caption-text\">JUAN MIGUEL ECHEVARRIA \/ LONG JUMP OLYMPIC GAMES WORLD CHAMPIONSHIPS \/ CAMAGUEY, AUGUST 11, 1998 (22 YEARS OLD) \/ ONE PARTICIPATION IN OLYMPIC GAMES<\/figcaption><\/figure>\n<p><span style=\"font-weight: 400;\">No silver medal in Cuban history at the Olympic Games has probably come so close to being gold. Juan Miguel commanded the long jump until the last jump of the Greek Miltiadis Tentoglou, who invented \u201can Iv\u00e1n Pedroso\u201d and won the gold medal. Perhaps the story would be different if the Camag\u00fcey athlete had had the opportunity to complete his last three attempts, but an injury prevented him from doing so. Echevarr\u00eda is 22 years old, so this episode should not torment him, he has two Olympic cycles left to change the story.<\/span><\/p>\n<p style=\"text-align: center;\"><span style=\"font-weight: 400;\">***<\/span><\/p>\n<p><b>CUBANS WITH BRONZE MEDAL<\/b><\/p>\n<figure id=\"attachment_350557\" aria-describedby=\"caption-attachment-350557\" style=\"width: 1024px\" class=\"wp-caption aligncenter\"><img loading=\"lazy\" decoding=\"async\" class=\"lazyloaded wp-image-350557 size-large\" src=\"https:\/\/oncubanews.com\/wp-content\/uploads\/2021\/08\/masso-ed-1024x579.png\" sizes=\"auto, (max-width: 1024px) 100vw, 1024px\" srcset=\"https:\/\/oncubanews.com\/wp-content\/uploads\/2021\/08\/masso-ed-1024x579.png 1024w, https:\/\/oncubanews.com\/wp-content\/uploads\/2021\/08\/masso-ed-300x170.png 300w, https:\/\/oncubanews.com\/wp-content\/uploads\/2021\/08\/masso-ed-768x434.png 768w, https:\/\/oncubanews.com\/wp-content\/uploads\/2021\/08\/masso-ed-750x424.png 750w, https:\/\/oncubanews.com\/wp-content\/uploads\/2021\/08\/masso-ed.png 1120w\" alt=\"\" width=\"1024\" height=\"579\" data-src=\"https:\/\/oncubanews.com\/wp-content\/uploads\/2021\/08\/masso-ed-1024x579.png\" data-srcset=\"https:\/\/oncubanews.com\/wp-content\/uploads\/2021\/08\/masso-ed-1024x579.png 1024w, https:\/\/oncubanews.com\/wp-content\/uploads\/2021\/08\/masso-ed-300x170.png 300w, https:\/\/oncubanews.com\/wp-content\/uploads\/2021\/08\/masso-ed-768x434.png 768w, https:\/\/oncubanews.com\/wp-content\/uploads\/2021\/08\/masso-ed-750x424.png 750w, https:\/\/oncubanews.com\/wp-content\/uploads\/2021\/08\/masso-ed.png 1120w\" data-pin-no-hover=\"true\" \/><figcaption id=\"caption-attachment-350557\" class=\"wp-caption-text\">MAYKEL MASSO \/ LONG JUMP OLYMPIC GAMES WORLD CHAMPIONSHIPS \/ SANTIAGO DE CUBA, MAY 8, 1999 (22 YEARS OLD) \/ TWO PARTICIPATIONS IN OLYMPIC GAMES<\/figcaption><\/figure>\n<p><span style=\"font-weight: 400;\">He was not in the plans, but one jump was enough to get him a creditable third place. Like Juan Miguel, the Santiago athlete was also affected by physical discomfort at the time of the competition and could not go for higher marks. However, with his medal, Cuba manages for the first time in history to include two men on the long jump Olympic podium.<\/span><\/p>\n<p style=\"text-align: center;\"><span style=\"font-weight: 400;\">***<\/span><\/p>\n<figure id=\"attachment_350556\" aria-describedby=\"caption-attachment-350556\" style=\"width: 1024px\" class=\"wp-caption aligncenter\"><img loading=\"lazy\" decoding=\"async\" class=\"lazyloaded wp-image-350556 size-large\" title=\"YAIME PEREZ DISCUS THROW OLYMPIC GAMES WORLD CHAMPIONSHIPS SANTIAGO DE CUBA MAY 29, 1991 (30 YEARS OLD) THREE PARTICIPATIONS IN OLYMPIC GAMES \" src=\"https:\/\/oncubanews.com\/wp-content\/uploads\/2021\/08\/yaime-ed-1024x579.png\" sizes=\"auto, (max-width: 1024px) 100vw, 1024px\" srcset=\"https:\/\/oncubanews.com\/wp-content\/uploads\/2021\/08\/yaime-ed-1024x579.png 1024w, https:\/\/oncubanews.com\/wp-content\/uploads\/2021\/08\/yaime-ed-300x170.png 300w, https:\/\/oncubanews.com\/wp-content\/uploads\/2021\/08\/yaime-ed-768x434.png 768w, https:\/\/oncubanews.com\/wp-content\/uploads\/2021\/08\/yaime-ed-750x424.png 750w, https:\/\/oncubanews.com\/wp-content\/uploads\/2021\/08\/yaime-ed.png 1120w\" alt=\"\" width=\"1024\" height=\"579\" data-src=\"https:\/\/oncubanews.com\/wp-content\/uploads\/2021\/08\/yaime-ed-1024x579.png\" data-srcset=\"https:\/\/oncubanews.com\/wp-content\/uploads\/2021\/08\/yaime-ed-1024x579.png 1024w, https:\/\/oncubanews.com\/wp-content\/uploads\/2021\/08\/yaime-ed-300x170.png 300w, https:\/\/oncubanews.com\/wp-content\/uploads\/2021\/08\/yaime-ed-768x434.png 768w, https:\/\/oncubanews.com\/wp-content\/uploads\/2021\/08\/yaime-ed-750x424.png 750w, https:\/\/oncubanews.com\/wp-content\/uploads\/2021\/08\/yaime-ed.png 1120w\" data-pin-no-hover=\"true\" \/><figcaption id=\"caption-attachment-350556\" class=\"wp-caption-text\">YAIME PEREZ \/ DISCUS THROW OLYMPIC GAMES WORLD CHAMPIONSHIPS \/ SANTIAGO DE CUBA, MAY 29, 1991 (30 YEARS OLD) \/ THREE PARTICIPATIONS IN OLYMPIC GAMES<\/figcaption><\/figure>\n<p><span style=\"font-weight: 400;\">After being the clearest dominator of the discus throw in the last two years, many thought that she was going to impose her law in Tokyo, but these stories are not written so fast. The United States Valarie Allman appeared with a \u201ckiller\u201d throw at the start of the competition and she cooled all of her rivals, who were later unable to recover in the middle of a torrential downpour. Yaim\u00e9, in any case, did not lose her composure and was able to sneak onto the podium, a result that she fully celebrated. If you are a bronze medal winner in an Olympic Games, you have not lost anything.<\/span><\/p>\n<p style=\"text-align: center;\"><span style=\"font-weight: 400;\">***<\/span><\/p>\n<figure id=\"attachment_350555\" aria-describedby=\"caption-attachment-350555\" style=\"width: 1024px\" class=\"wp-caption aligncenter\"><img loading=\"lazy\" decoding=\"async\" class=\"lazyloaded wp-image-350555 size-large\" title=\"LAZARO ALVAREZ BOXING OLYMPIC GAMES WORLD CHAMPIONSHIPS PINAR DEL RIO JANUARY 28, 1991 (30 YEARS OLD) THREE PARTICIPATIONS IN OLYMPIC GAMES \" src=\"https:\/\/oncubanews.com\/wp-content\/uploads\/2021\/08\/lazaro-ed-1024x579.png\" sizes=\"auto, (max-width: 1024px) 100vw, 1024px\" srcset=\"https:\/\/oncubanews.com\/wp-content\/uploads\/2021\/08\/lazaro-ed-1024x579.png 1024w, https:\/\/oncubanews.com\/wp-content\/uploads\/2021\/08\/lazaro-ed-300x170.png 300w, https:\/\/oncubanews.com\/wp-content\/uploads\/2021\/08\/lazaro-ed-768x434.png 768w, https:\/\/oncubanews.com\/wp-content\/uploads\/2021\/08\/lazaro-ed-750x424.png 750w, https:\/\/oncubanews.com\/wp-content\/uploads\/2021\/08\/lazaro-ed.png 1120w\" alt=\"\" width=\"1024\" height=\"579\" data-src=\"https:\/\/oncubanews.com\/wp-content\/uploads\/2021\/08\/lazaro-ed-1024x579.png\" data-srcset=\"https:\/\/oncubanews.com\/wp-content\/uploads\/2021\/08\/lazaro-ed-1024x579.png 1024w, https:\/\/oncubanews.com\/wp-content\/uploads\/2021\/08\/lazaro-ed-300x170.png 300w, https:\/\/oncubanews.com\/wp-content\/uploads\/2021\/08\/lazaro-ed-768x434.png 768w, https:\/\/oncubanews.com\/wp-content\/uploads\/2021\/08\/lazaro-ed-750x424.png 750w, https:\/\/oncubanews.com\/wp-content\/uploads\/2021\/08\/lazaro-ed.png 1120w\" data-pin-no-hover=\"true\" \/><figcaption id=\"caption-attachment-350555\" class=\"wp-caption-text\">LAZARO ALVAREZ \/ BOXING OLYMPIC GAMES WORLD CHAMPIONSHIPS \/ PINAR DEL RIO, JANUARY 28, 1991 (30 YEARS OLD) \/ THREE PARTICIPATIONS IN OLYMPIC GAMES<\/figcaption><\/figure>\n<p><span style=\"font-weight: 400;\">A controversial verdict prevented him from sneaking into the finals of his division, but he did not leave Tokyo empty-handed since he earned his third consecutive Olympic medal. The Pinar del Rio boxer is 30 years old and he will surely increase the local competition for the leadership of the category in Cuba, but he can dream of Paris 2024.<\/span><\/p>\n<p style=\"text-align: center;\"><span style=\"font-weight: 400;\">***<\/span><\/p>\n<figure id=\"attachment_350554\" aria-describedby=\"caption-attachment-350554\" style=\"width: 1024px\" class=\"wp-caption aligncenter\"><img loading=\"lazy\" decoding=\"async\" class=\"lazyloaded wp-image-350554 size-large\" title=\"RAFAEL YUNIER ALBA CASTILLO TAEKWONDO OLYMPIC GAMES WORLD CHAMPIONSHIPS SANTIAGO DE CUBA AUGUST 12, 1993 (27 YEARS OLD) TWO PARTICIPATIONSIN OLYMPIC GAMES\" src=\"https:\/\/oncubanews.com\/wp-content\/uploads\/2021\/08\/rafael-yunier-ed-1024x579.png\" sizes=\"auto, (max-width: 1024px) 100vw, 1024px\" srcset=\"https:\/\/oncubanews.com\/wp-content\/uploads\/2021\/08\/rafael-yunier-ed-1024x579.png 1024w, https:\/\/oncubanews.com\/wp-content\/uploads\/2021\/08\/rafael-yunier-ed-300x170.png 300w, https:\/\/oncubanews.com\/wp-content\/uploads\/2021\/08\/rafael-yunier-ed-768x434.png 768w, https:\/\/oncubanews.com\/wp-content\/uploads\/2021\/08\/rafael-yunier-ed-750x424.png 750w, https:\/\/oncubanews.com\/wp-content\/uploads\/2021\/08\/rafael-yunier-ed.png 1120w\" alt=\"\" width=\"1024\" height=\"579\" data-src=\"https:\/\/oncubanews.com\/wp-content\/uploads\/2021\/08\/rafael-yunier-ed-1024x579.png\" data-srcset=\"https:\/\/oncubanews.com\/wp-content\/uploads\/2021\/08\/rafael-yunier-ed-1024x579.png 1024w, https:\/\/oncubanews.com\/wp-content\/uploads\/2021\/08\/rafael-yunier-ed-300x170.png 300w, https:\/\/oncubanews.com\/wp-content\/uploads\/2021\/08\/rafael-yunier-ed-768x434.png 768w, https:\/\/oncubanews.com\/wp-content\/uploads\/2021\/08\/rafael-yunier-ed-750x424.png 750w, https:\/\/oncubanews.com\/wp-content\/uploads\/2021\/08\/rafael-yunier-ed.png 1120w\" data-pin-no-hover=\"true\" \/><figcaption id=\"caption-attachment-350554\" class=\"wp-caption-text\">RAFAEL YUNIER ALBA CASTILLO \/ TAEKWONDO OLYMPIC GAMES WORLD CHAMPIONSHIPS \/ SANTIAGO DE CUBA, AUGUST 12, 1993 (27 YEARS OLD) \/ TWO PARTICIPATIONSIN OLYMPIC GAMES<\/figcaption><\/figure>\n<p><span style=\"font-weight: 400;\">Everyone left him for dead after he lost to a not too strong Macedonian in his first presentation, but Rafael Alba had luck on his side and he became the first Cuban medal winner in Tokyo. It was precisely, Dejan Georgievski, the Macedonian, who advanced to the finals and dragged the Cuban straight to the repechage, where he did not fail. Two well-worked triumphs gave Alba the Olympic medal, the only one that was missing from his record.<\/span><\/p>\n<p style=\"text-align: center;\"><span style=\"font-weight: 400;\">***<\/span><\/p>\n<figure id=\"attachment_350713\" aria-describedby=\"caption-attachment-350713\" style=\"width: 1024px\" class=\"wp-caption aligncenter\"><img loading=\"lazy\" decoding=\"async\" class=\"lazyloaded wp-image-350713 size-large\" title=\"REINIERIS SALAS FREE-STYLE WRESTLING OLYMPIC GAMES WORLD CHAMPIONSHIPS HAVANA MARCH 17, 1987 (34 YEARS OLD) THREE PARTICIPATIONSIN OLYMPIC GAMES\" src=\"https:\/\/oncubanews.com\/wp-content\/uploads\/2021\/08\/reinieris-1024x579.png\" sizes=\"auto, (max-width: 1024px) 100vw, 1024px\" srcset=\"https:\/\/oncubanews.com\/wp-content\/uploads\/2021\/08\/reinieris-1024x579.png 1024w, https:\/\/oncubanews.com\/wp-content\/uploads\/2021\/08\/reinieris-300x170.png 300w, https:\/\/oncubanews.com\/wp-content\/uploads\/2021\/08\/reinieris-768x434.png 768w, https:\/\/oncubanews.com\/wp-content\/uploads\/2021\/08\/reinieris-750x424.png 750w, https:\/\/oncubanews.com\/wp-content\/uploads\/2021\/08\/reinieris.png 1120w\" alt=\"\" width=\"1024\" height=\"579\" data-src=\"https:\/\/oncubanews.com\/wp-content\/uploads\/2021\/08\/reinieris-1024x579.png\" data-srcset=\"https:\/\/oncubanews.com\/wp-content\/uploads\/2021\/08\/reinieris-1024x579.png 1024w, https:\/\/oncubanews.com\/wp-content\/uploads\/2021\/08\/reinieris-300x170.png 300w, https:\/\/oncubanews.com\/wp-content\/uploads\/2021\/08\/reinieris-768x434.png 768w, https:\/\/oncubanews.com\/wp-content\/uploads\/2021\/08\/reinieris-750x424.png 750w, https:\/\/oncubanews.com\/wp-content\/uploads\/2021\/08\/reinieris.png 1120w\" data-pin-no-hover=\"true\" \/><figcaption id=\"caption-attachment-350713\" class=\"wp-caption-text\">REINIERIS SALAS \/ FREE-STYLE WRESTLING OLYMPIC GAMES WORLD CHAMPIONSHIPS \/ HAVANA, MARCH 17, 1987 (34 YEARS OLD) \/ THREE PARTICIPATIONSIN OLYMPIC GAMES<\/figcaption><\/figure>\n<p><span style=\"font-weight: 400;\">A story traumatized Salas since the Rio Olympics, where a referee decision buried his dream of being a medal winner under the five rings. In Tokyo he did not have many options due to different physical discomforts and the demand for a change of division, but the Havana athlete rose to the challenge and fought tooth and nail for his medal. In the Japanese capital bronze is the definitive award for a great career that comes to an end.<\/span><\/p>\n","protected":false},"excerpt":{"rendered":"<p>In the Japanese capital, Cuba surpassed its performance in the last three Olympic Games.<\/p>\n","protected":false},"author":2213,"featured_media":242393,"comment_status":"open","ping_status":"closed","sticky":false,"template":"","format":"standard","meta":{"_acf_changed":false,"footnotes":""},"categories":[34],"tags":[14967,34100,34382],"ppma_author":[33652],"class_list":["post-242391","post","type-post","status-publish","format-standard","has-post-thumbnail","hentry","category-sports","tag-cuban-sports","tag-olympic-games","tag-tokyo-olympic-games"],"acf":[],"yoast_head":"<!-- This site is optimized with the Yoast SEO plugin v27.3 - https:\/\/yoast.com\/product\/yoast-seo-wordpress\/ -->\n<title>Cuba in Tokyo 2020 | OnCubaNews English<\/title>\n<meta name=\"description\" content=\"In the Japanese capital, Cuba surpassed its performance in the last three Olympic Games.\" \/>\n<meta name=\"robots\" content=\"index, follow, max-snippet:-1, max-image-preview:large, max-video-preview:-1\" \/>\n<link rel=\"canonical\" href=\"https:\/\/oncubanews.com\/en\/sports\/cuba-in-tokyo-2020\/\" \/>\n<meta property=\"og:locale\" content=\"en_US\" \/>\n<meta property=\"og:type\" content=\"article\" \/>\n<meta property=\"og:title\" content=\"Cuba in Tokyo 2020 | OnCubaNews English\" \/>\n<meta property=\"og:description\" content=\"In the Japanese capital, Cuba surpassed its performance in the last three Olympic Games.\" \/>\n<meta property=\"og:url\" content=\"https:\/\/oncubanews.com\/en\/sports\/cuba-in-tokyo-2020\/\" \/>\n<meta property=\"og:site_name\" content=\"OnCubaNews English\" \/>\n<meta property=\"article:published_time\" content=\"2021-08-11T14:05:27+00:00\" \/>\n<meta property=\"og:image\" content=\"https:\/\/oncubanews.com\/en\/wp-content\/uploads\/2021\/08\/Foto-Principal-8-2-750x422-1.jpeg\" \/>\n\t<meta property=\"og:image:width\" content=\"750\" \/>\n\t<meta property=\"og:image:height\" content=\"422\" \/>\n\t<meta property=\"og:image:type\" content=\"image\/jpeg\" \/>\n<meta name=\"author\" content=\"Aliet Arzola Lima\" \/>\n<meta name=\"twitter:card\" content=\"summary_large_image\" \/>\n<meta name=\"twitter:label1\" content=\"Written by\" \/>\n\t<meta name=\"twitter:data1\" content=\"Aliet Arzola Lima\" \/>\n\t<meta name=\"twitter:label2\" content=\"Est. reading time\" \/>\n\t<meta name=\"twitter:data2\" content=\"12 minutes\" \/>\n<script type=\"application\/ld+json\" class=\"yoast-schema-graph\">{\"@context\":\"https:\\\/\\\/schema.org\",\"@graph\":[{\"@type\":\"Article\",\"@id\":\"https:\\\/\\\/oncubanews.com\\\/en\\\/sports\\\/cuba-in-tokyo-2020\\\/#article\",\"isPartOf\":{\"@id\":\"https:\\\/\\\/oncubanews.com\\\/en\\\/sports\\\/cuba-in-tokyo-2020\\\/\"},\"author\":{\"name\":\"Aliet Arzola Lima\",\"@id\":\"https:\\\/\\\/oncubanews.com\\\/en\\\/#\\\/schema\\\/person\\\/fc8ba5a5baf987202175210471061cbf\"},\"headline\":\"Cuba in Tokyo 2020\",\"datePublished\":\"2021-08-11T14:05:27+00:00\",\"mainEntityOfPage\":{\"@id\":\"https:\\\/\\\/oncubanews.com\\\/en\\\/sports\\\/cuba-in-tokyo-2020\\\/\"},\"wordCount\":1945,\"commentCount\":0,\"image\":{\"@id\":\"https:\\\/\\\/oncubanews.com\\\/en\\\/sports\\\/cuba-in-tokyo-2020\\\/#primaryimage\"},\"thumbnailUrl\":\"https:\\\/\\\/oncubanews.com\\\/en\\\/wp-content\\\/uploads\\\/2021\\\/08\\\/Foto-Principal-8-2-750x422-1.jpeg\",\"keywords\":[\"Cuban sports\",\"Olympic Games\",\"Tokyo Olympic Games\"],\"articleSection\":[\"Sports\"],\"inLanguage\":\"en-US\",\"potentialAction\":[{\"@type\":\"CommentAction\",\"name\":\"Comment\",\"target\":[\"https:\\\/\\\/oncubanews.com\\\/en\\\/sports\\\/cuba-in-tokyo-2020\\\/#respond\"]}],\"copyrightYear\":\"2021\",\"copyrightHolder\":{\"@id\":\"https:\\\/\\\/oncubanews.com\\\/en\\\/#organization\"}},{\"@type\":\"WebPage\",\"@id\":\"https:\\\/\\\/oncubanews.com\\\/en\\\/sports\\\/cuba-in-tokyo-2020\\\/\",\"url\":\"https:\\\/\\\/oncubanews.com\\\/en\\\/sports\\\/cuba-in-tokyo-2020\\\/\",\"name\":\"Cuba in Tokyo 2020 | OnCubaNews English\",\"isPartOf\":{\"@id\":\"https:\\\/\\\/oncubanews.com\\\/en\\\/#website\"},\"primaryImageOfPage\":{\"@id\":\"https:\\\/\\\/oncubanews.com\\\/en\\\/sports\\\/cuba-in-tokyo-2020\\\/#primaryimage\"},\"image\":{\"@id\":\"https:\\\/\\\/oncubanews.com\\\/en\\\/sports\\\/cuba-in-tokyo-2020\\\/#primaryimage\"},\"thumbnailUrl\":\"https:\\\/\\\/oncubanews.com\\\/en\\\/wp-content\\\/uploads\\\/2021\\\/08\\\/Foto-Principal-8-2-750x422-1.jpeg\",\"datePublished\":\"2021-08-11T14:05:27+00:00\",\"author\":{\"@id\":\"https:\\\/\\\/oncubanews.com\\\/en\\\/#\\\/schema\\\/person\\\/fc8ba5a5baf987202175210471061cbf\"},\"description\":\"In the Japanese capital, Cuba surpassed its performance in the last three Olympic Games.\",\"breadcrumb\":{\"@id\":\"https:\\\/\\\/oncubanews.com\\\/en\\\/sports\\\/cuba-in-tokyo-2020\\\/#breadcrumb\"},\"inLanguage\":\"en-US\",\"potentialAction\":[{\"@type\":\"ReadAction\",\"target\":[\"https:\\\/\\\/oncubanews.com\\\/en\\\/sports\\\/cuba-in-tokyo-2020\\\/\"]}]},{\"@type\":\"ImageObject\",\"inLanguage\":\"en-US\",\"@id\":\"https:\\\/\\\/oncubanews.com\\\/en\\\/sports\\\/cuba-in-tokyo-2020\\\/#primaryimage\",\"url\":\"https:\\\/\\\/oncubanews.com\\\/en\\\/wp-content\\\/uploads\\\/2021\\\/08\\\/Foto-Principal-8-2-750x422-1.jpeg\",\"contentUrl\":\"https:\\\/\\\/oncubanews.com\\\/en\\\/wp-content\\\/uploads\\\/2021\\\/08\\\/Foto-Principal-8-2-750x422-1.jpeg\",\"width\":750,\"height\":422,\"caption\":\"Mija\u00edn L\u00f3pez, the standard bearer of the Cuban delegation, celebrates his fourth consecutive Olympic gold medal. Photo: Martin Alipaz\\\/AP\"},{\"@type\":\"BreadcrumbList\",\"@id\":\"https:\\\/\\\/oncubanews.com\\\/en\\\/sports\\\/cuba-in-tokyo-2020\\\/#breadcrumb\",\"itemListElement\":[{\"@type\":\"ListItem\",\"position\":1,\"name\":\"Portada\",\"item\":\"https:\\\/\\\/oncubanews.com\\\/en\\\/\"},{\"@type\":\"ListItem\",\"position\":2,\"name\":\"Cuba in Tokyo 2020\"}]},{\"@type\":\"WebSite\",\"@id\":\"https:\\\/\\\/oncubanews.com\\\/en\\\/#website\",\"url\":\"https:\\\/\\\/oncubanews.com\\\/en\\\/\",\"name\":\"OnCubaNews English\",\"description\":\"Revista sobre Cuba\",\"potentialAction\":[{\"@type\":\"SearchAction\",\"target\":{\"@type\":\"EntryPoint\",\"urlTemplate\":\"https:\\\/\\\/oncubanews.com\\\/en\\\/?s={search_term_string}\"},\"query-input\":{\"@type\":\"PropertyValueSpecification\",\"valueRequired\":true,\"valueName\":\"search_term_string\"}}],\"inLanguage\":\"en-US\"},{\"@type\":\"Person\",\"@id\":\"https:\\\/\\\/oncubanews.com\\\/en\\\/#\\\/schema\\\/person\\\/fc8ba5a5baf987202175210471061cbf\",\"name\":\"Aliet Arzola Lima\",\"image\":{\"@type\":\"ImageObject\",\"inLanguage\":\"en-US\",\"@id\":\"http:\\\/\\\/www.oncubanews.com\\\/wmag\\\/wp-content\\\/uploads\\\/2013\\\/10\\\/Aliet-Arzola-Lima_avatar_1383068575-96x96.jpg6a7e6b541f7f05cd2e5caaee109f2fa9\",\"url\":\"http:\\\/\\\/www.oncubanews.com\\\/wmag\\\/wp-content\\\/uploads\\\/2013\\\/10\\\/Aliet-Arzola-Lima_avatar_1383068575-96x96.jpg\",\"contentUrl\":\"http:\\\/\\\/www.oncubanews.com\\\/wmag\\\/wp-content\\\/uploads\\\/2013\\\/10\\\/Aliet-Arzola-Lima_avatar_1383068575-96x96.jpg\",\"caption\":\"Aliet Arzola Lima\"},\"description\":\"Journalist, sports analyst, both in the Cuban and international sphere. Interested in keeping track of the island\u2019s athletes and coaches, regardless of where they are.\",\"url\":\"https:\\\/\\\/oncubanews.com\\\/en\\\/author\\\/alietarzola\\\/\"}]}<\/script>\n<!-- \/ Yoast SEO plugin. -->","yoast_head_json":{"title":"Cuba in Tokyo 2020 | OnCubaNews English","description":"In the Japanese capital, Cuba surpassed its performance in the last three Olympic Games.","robots":{"index":"index","follow":"follow","max-snippet":"max-snippet:-1","max-image-preview":"max-image-preview:large","max-video-preview":"max-video-preview:-1"},"canonical":"https:\/\/oncubanews.com\/en\/sports\/cuba-in-tokyo-2020\/","og_locale":"en_US","og_type":"article","og_title":"Cuba in Tokyo 2020 | OnCubaNews English","og_description":"In the Japanese capital, Cuba surpassed its performance in the last three Olympic Games.","og_url":"https:\/\/oncubanews.com\/en\/sports\/cuba-in-tokyo-2020\/","og_site_name":"OnCubaNews English","article_published_time":"2021-08-11T14:05:27+00:00","og_image":[{"width":750,"height":422,"url":"https:\/\/oncubanews.com\/en\/wp-content\/uploads\/2021\/08\/Foto-Principal-8-2-750x422-1.jpeg","type":"image\/jpeg"}],"author":"Aliet Arzola Lima","twitter_card":"summary_large_image","twitter_misc":{"Written by":"Aliet Arzola Lima","Est. reading time":"12 minutes"},"schema":{"@context":"https:\/\/schema.org","@graph":[{"@type":"Article","@id":"https:\/\/oncubanews.com\/en\/sports\/cuba-in-tokyo-2020\/#article","isPartOf":{"@id":"https:\/\/oncubanews.com\/en\/sports\/cuba-in-tokyo-2020\/"},"author":{"name":"Aliet Arzola Lima","@id":"https:\/\/oncubanews.com\/en\/#\/schema\/person\/fc8ba5a5baf987202175210471061cbf"},"headline":"Cuba in Tokyo 2020","datePublished":"2021-08-11T14:05:27+00:00","mainEntityOfPage":{"@id":"https:\/\/oncubanews.com\/en\/sports\/cuba-in-tokyo-2020\/"},"wordCount":1945,"commentCount":0,"image":{"@id":"https:\/\/oncubanews.com\/en\/sports\/cuba-in-tokyo-2020\/#primaryimage"},"thumbnailUrl":"https:\/\/oncubanews.com\/en\/wp-content\/uploads\/2021\/08\/Foto-Principal-8-2-750x422-1.jpeg","keywords":["Cuban sports","Olympic Games","Tokyo Olympic Games"],"articleSection":["Sports"],"inLanguage":"en-US","potentialAction":[{"@type":"CommentAction","name":"Comment","target":["https:\/\/oncubanews.com\/en\/sports\/cuba-in-tokyo-2020\/#respond"]}],"copyrightYear":"2021","copyrightHolder":{"@id":"https:\/\/oncubanews.com\/en\/#organization"}},{"@type":"WebPage","@id":"https:\/\/oncubanews.com\/en\/sports\/cuba-in-tokyo-2020\/","url":"https:\/\/oncubanews.com\/en\/sports\/cuba-in-tokyo-2020\/","name":"Cuba in Tokyo 2020 | OnCubaNews English","isPartOf":{"@id":"https:\/\/oncubanews.com\/en\/#website"},"primaryImageOfPage":{"@id":"https:\/\/oncubanews.com\/en\/sports\/cuba-in-tokyo-2020\/#primaryimage"},"image":{"@id":"https:\/\/oncubanews.com\/en\/sports\/cuba-in-tokyo-2020\/#primaryimage"},"thumbnailUrl":"https:\/\/oncubanews.com\/en\/wp-content\/uploads\/2021\/08\/Foto-Principal-8-2-750x422-1.jpeg","datePublished":"2021-08-11T14:05:27+00:00","author":{"@id":"https:\/\/oncubanews.com\/en\/#\/schema\/person\/fc8ba5a5baf987202175210471061cbf"},"description":"In the Japanese capital, Cuba surpassed its performance in the last three Olympic Games.","breadcrumb":{"@id":"https:\/\/oncubanews.com\/en\/sports\/cuba-in-tokyo-2020\/#breadcrumb"},"inLanguage":"en-US","potentialAction":[{"@type":"ReadAction","target":["https:\/\/oncubanews.com\/en\/sports\/cuba-in-tokyo-2020\/"]}]},{"@type":"ImageObject","inLanguage":"en-US","@id":"https:\/\/oncubanews.com\/en\/sports\/cuba-in-tokyo-2020\/#primaryimage","url":"https:\/\/oncubanews.com\/en\/wp-content\/uploads\/2021\/08\/Foto-Principal-8-2-750x422-1.jpeg","contentUrl":"https:\/\/oncubanews.com\/en\/wp-content\/uploads\/2021\/08\/Foto-Principal-8-2-750x422-1.jpeg","width":750,"height":422,"caption":"Mija\u00edn L\u00f3pez, the standard bearer of the Cuban delegation, celebrates his fourth consecutive Olympic gold medal. Photo: Martin Alipaz\/AP"},{"@type":"BreadcrumbList","@id":"https:\/\/oncubanews.com\/en\/sports\/cuba-in-tokyo-2020\/#breadcrumb","itemListElement":[{"@type":"ListItem","position":1,"name":"Portada","item":"https:\/\/oncubanews.com\/en\/"},{"@type":"ListItem","position":2,"name":"Cuba in Tokyo 2020"}]},{"@type":"WebSite","@id":"https:\/\/oncubanews.com\/en\/#website","url":"https:\/\/oncubanews.com\/en\/","name":"OnCubaNews English","description":"Revista sobre Cuba","potentialAction":[{"@type":"SearchAction","target":{"@type":"EntryPoint","urlTemplate":"https:\/\/oncubanews.com\/en\/?s={search_term_string}"},"query-input":{"@type":"PropertyValueSpecification","valueRequired":true,"valueName":"search_term_string"}}],"inLanguage":"en-US"},{"@type":"Person","@id":"https:\/\/oncubanews.com\/en\/#\/schema\/person\/fc8ba5a5baf987202175210471061cbf","name":"Aliet Arzola Lima","image":{"@type":"ImageObject","inLanguage":"en-US","@id":"http:\/\/www.oncubanews.com\/wmag\/wp-content\/uploads\/2013\/10\/Aliet-Arzola-Lima_avatar_1383068575-96x96.jpg6a7e6b541f7f05cd2e5caaee109f2fa9","url":"http:\/\/www.oncubanews.com\/wmag\/wp-content\/uploads\/2013\/10\/Aliet-Arzola-Lima_avatar_1383068575-96x96.jpg","contentUrl":"http:\/\/www.oncubanews.com\/wmag\/wp-content\/uploads\/2013\/10\/Aliet-Arzola-Lima_avatar_1383068575-96x96.jpg","caption":"Aliet Arzola Lima"},"description":"Journalist, sports analyst, both in the Cuban and international sphere. Interested in keeping track of the island\u2019s athletes and coaches, regardless of where they are.","url":"https:\/\/oncubanews.com\/en\/author\/alietarzola\/"}]}},"authors":[{"term_id":33652,"user_id":2213,"is_guest":0,"slug":"alietarzola","display_name":"Aliet Arzola Lima","avatar_url":"http:\/\/www.oncubanews.com\/wmag\/wp-content\/uploads\/2013\/10\/Aliet-Arzola-Lima_avatar_1383068575-96x96.jpg","0":null,"1":"","2":"","3":"","4":"","5":"","6":"","7":"","8":""}],"_links":{"self":[{"href":"https:\/\/oncubanews.com\/en\/wp-json\/wp\/v2\/posts\/242391","targetHints":{"allow":["GET"]}}],"collection":[{"href":"https:\/\/oncubanews.com\/en\/wp-json\/wp\/v2\/posts"}],"about":[{"href":"https:\/\/oncubanews.com\/en\/wp-json\/wp\/v2\/types\/post"}],"author":[{"embeddable":true,"href":"https:\/\/oncubanews.com\/en\/wp-json\/wp\/v2\/users\/2213"}],"replies":[{"embeddable":true,"href":"https:\/\/oncubanews.com\/en\/wp-json\/wp\/v2\/comments?post=242391"}],"version-history":[{"count":0,"href":"https:\/\/oncubanews.com\/en\/wp-json\/wp\/v2\/posts\/242391\/revisions"}],"wp:featuredmedia":[{"embeddable":true,"href":"https:\/\/oncubanews.com\/en\/wp-json\/wp\/v2\/media\/242393"}],"wp:attachment":[{"href":"https:\/\/oncubanews.com\/en\/wp-json\/wp\/v2\/media?parent=242391"}],"wp:term":[{"taxonomy":"category","embeddable":true,"href":"https:\/\/oncubanews.com\/en\/wp-json\/wp\/v2\/categories?post=242391"},{"taxonomy":"post_tag","embeddable":true,"href":"https:\/\/oncubanews.com\/en\/wp-json\/wp\/v2\/tags?post=242391"},{"taxonomy":"author","embeddable":true,"href":"https:\/\/oncubanews.com\/en\/wp-json\/wp\/v2\/ppma_author?post=242391"}],"curies":[{"name":"wp","href":"https:\/\/api.w.org\/{rel}","templated":true}]}}