
{"id":244006,"date":"2021-09-24T15:21:49","date_gmt":"2021-09-24T19:21:49","guid":{"rendered":"https:\/\/oncubanews.com\/en\/?p=244006"},"modified":"2021-09-24T15:21:49","modified_gmt":"2021-09-24T19:21:49","slug":"cuban-voices-we-are-not-the-same-country-and-we-should-concern-ourselves-and-look-at-this-more-frankly","status":"publish","type":"post","link":"https:\/\/oncubanews.com\/en\/opinion\/cuban-voices\/cuban-voices-we-are-not-the-same-country-and-we-should-concern-ourselves-and-look-at-this-more-frankly\/","title":{"rendered":"Cuban Voices: \u201cWe are not the same country, and we should concern ourselves and look at this more frankly\u201d"},"content":{"rendered":"<p><a href=\"https:\/\/oncubanews.com\/en\/cuban-voices\/\" target=\"_blank\" rel=\"noopener\"><i><span style=\"font-weight: 400;\">Cuban Voices<\/span><\/i><\/a><span style=\"font-weight: 400;\"> has talked, this time, with Norge Espinosa Mendoza (Santa Clara, 1971), a poet, critic, playwright, and also theatrical consultant. His poems and plays have been published and performed in Cuba and abroad. He is currently working on the edition of the memoirs of choreographer Ramiro Guerra<\/span><\/p>\n<p><b><i>For some time, Cuban society has been transformed socially and economically and demands of various kinds are seen by various sectors. Is the Cuban State capable of absorbing and managing these demands?<\/i><\/b><\/p>\n<p><span style=\"font-weight: 400;\">This question implies responding like someone who shoots at a moving target, because the process in which we Cubans are involved lacks a series of sedimentations, guarantees, points of consolidation, which should already exist at this point, but which in everyday life, in our landscape that has been so rugged for decades, still do not operate properly or are just beginning to be reclaimed or re-functionalized.<\/span><\/p>\n<p><span style=\"font-weight: 400;\">The inflection imposed by the death of Fidel Castro, as leader and administrator of a concept of Revolution that was measured based on his presence and influence, has weakened the rhetoric, discourses, and procedures of a State that has not managed to renew those projections, and that at the same time knows that it must do it without too much delay.<\/span><\/p>\n<p><span style=\"font-weight: 400;\">The collective imagination also dialogues in different ways with this absence, with the idea of \u200b\u200ba Cuba in which, keeping alive the notion of Revolution, moves between the image of a museum and the urgent need for the country to open other channels of dialogue and benefit for its own good.<\/span><\/p>\n<p><span style=\"font-weight: 400;\">It is not that part of this is not being done, the problem lies in the effectiveness of how it is implemented when bureaucracy, institutional laziness, and clumsiness in establishing new protocols persist, and furthermore, the deficiencies are so obviously increasing.\u00a0<\/span><\/p>\n<p><span style=\"font-weight: 400;\">For decades the State exercised an almost monolithic control over the productive forces, and today that reality changes, although we are witnesses and part of a tension that seems to struggle between granting these freedoms and making flexible all the mechanisms that must work for such a thing to be really effective.\u00a0<\/span><\/p>\n<p><span style=\"font-weight: 400;\">Under undoubtedly strong pressure, Cuba would have to reformat from the ground up a series of methodologies and practices that would reconnect it to the way the world operates today, at a speed from which we are far away.<\/span><\/p>\n<p><span style=\"font-weight: 400;\">And that does not only have to do with the weight of some of these pressures but with an opening of minds and efforts that stop seeing the enemy everywhere and continue to use that pretext to stop the potential that this country possesses, starting with its human capital.<\/span><\/p>\n<p><span style=\"font-weight: 400;\">It is time to attend not only to a political idea of \u200b\u200bthe Nation, but to many other qualities of the political among us, and that includes, of course, the voice of that individual who needs something more than the saturation imposed from the same and no longer always useful words.<\/span><\/p>\n<p><b><i>What is your opinion on the intensification of sanctions against Cuba that took place during the Trump administration in the midst of this crisis aggravated by the pandemic and its consequences for the country?<\/i><\/b><\/p>\n<p><span style=\"font-weight: 400;\">It must be recognized that, regarding Cuba, Trump knew how to fulfill his <\/span><a href=\"https:\/\/oncubanews.com\/en\/cuba-usa\/trumps-changes\/\" target=\"_blank\" rel=\"noopener\"><span style=\"font-weight: 400;\">promise<\/span><\/a><span style=\"font-weight: 400;\"> at the Artime Theater in Miami. And that to prove it, he cyclically tightened the screws on the Cuba issue, with sanctions that only stopped after the end of his presidential term.<\/span><\/p>\n<p><span style=\"font-weight: 400;\">His advisers pointed out the weak points of the Cuban reality, and worked on these neuralgic points, closing access to visas and remittances, thus cutting off a food channel that, as demonstrated, had a much more sensitive influence than some believed and accepted about our reality.<\/span><\/p>\n<p><span style=\"font-weight: 400;\">This indicates that it was not difficult to organize a \u201ccold\u201d attack plan against such palliatives, which were already part of our reality and which easily collapsed.<\/span><\/p>\n<p><span style=\"font-weight: 400;\">During the Obama \u201cidyll\u201d with our country, as intense as it was brief, I always wondered how much of what was advanced in that period would remain standing if, as we suspected, a Republican president were to replace him.<\/span><\/p>\n<p><span style=\"font-weight: 400;\">They are not only measures that suffocate a large part of our population, under the excuse of cutting income from the State coffers, but they have increased a series of quarrels, misunderstandings and hatred between Cuba and the exile than in another order, no less important than the material, leaves a painful trail that speaks in its own fashion, of the traumas and discomforts that Cuba continues to be in the lives of many people, wherever they are.<\/span><\/p>\n<p><span style=\"font-weight: 400;\">It may take us a long time to recover from this damage, which has been a breeding ground for the new misinformation campaigns about our country.\u00a0<\/span><\/p>\n<p><b><i>The current socioeconomic dynamics generates changes in the class composition or of sectors of Cuban society and its dynamics of inequality. How do you see this problem and its possible solutions?<\/i><\/b><\/p>\n<p><span style=\"font-weight: 400;\">One thing is seeing it and another being able to describe it, when we lack a lot of internal information about the reality in which all that is stirring right now.<\/span><\/p>\n<p><span style=\"font-weight: 400;\">Classism, racism, sexism survive in a society that rises daily \u201cto fight\u201d very immediate issues and accelerated by a political notion that is also feverish.<\/span><\/p>\n<p><span style=\"font-weight: 400;\">I\u2019m answering after the events of <\/span><a href=\"https:\/\/oncubanews.com\/en\/tag\/july-11\" target=\"_blank\" rel=\"noopener\"><span style=\"font-weight: 400;\">July 11<\/span><\/a><span style=\"font-weight: 400;\">, which undoubtedly left a very serious warning signal about these issues and others that a thorough investigation should clarify.<\/span><\/p>\n<p><span style=\"font-weight: 400;\">Despite the advancement and inclusion campaigns that the State has promoted, its own discourse becomes blurred when it refers to our society as a mass that, depending on how it supports or disagrees with certain measures, goes from being an affirmative group to the revolutionary cause, or is reduced to small groups of mercenaries, sellouts, traitors, etc. when the dissent grows.<\/span><\/p>\n<p><span style=\"font-weight: 400;\">For example, the State itself must have recognized that the opening of the stores in freely convertible currency has had an echo of unpopularity among us.<\/span><\/p>\n<p><span style=\"font-weight: 400;\">The current approach of state officials to peripheral areas, after the events of J11, shows how little connected to the reality of those who inhabit them has been for a long time, and that is not solved only by painting streets or repairing flowerbeds.<\/span><\/p>\n<p><span style=\"font-weight: 400;\">The differences, now increased by the currency exchange and the ineffectiveness of such a fact (undoubtedly expected and necessary, although advisable in a less overwhelming period like this), and the inflation that triggers the prices of everything in the streets, including medicines.<\/span><\/p>\n<p><span style=\"font-weight: 400;\">I think that an in-depth analysis of that concept that is right now \u201cCuban society\u201d is necessary, distant from what we were in the 1980s and even in the 1990s, where the level of schooling has dropped (you just have to look at the networks to see that bad spelling abounds in a country that prided itself on the educational level of its citizens).<\/span><\/p>\n<p><span style=\"font-weight: 400;\">Add to this that the high generational contrast, between those who were educated and born during the Revolution, and those who today do not find those references in what they confront every day, also adds fuel to the fire. No, we are not the same country. And we should also concern ourselves and look at this more frankly. That is where the solutions should begin.<\/span><\/p>\n<p><b><i>In an economic and social context like the current one, what is the space that social criticism has today? What space does citizen activism have, and should have, such as that aimed at defending the rights of the LGTBIQ+ community?<\/i><\/b><\/p>\n<p><span style=\"font-weight: 400;\">I confess that I ask myself this: what is that space? The recent meetings of the president and his team with some young university students and journalists give the measure of their real absence among us. Of the severe lack of training that not only they have, in several cases, to objectively name the problems that should be part of their work and their perspectives, after years of an idle exercise in our press, in whose most legitimizing media there is hardly room for it.<\/span><\/p>\n<p><span style=\"font-weight: 400;\">The idea of \u200b\u200ba falsely constructive criticism, the tepidity with which we refer to certain issues, the way in which sometimes rather than exercise criticism we seem to apologize because we are going to issue a criterion, are serious signs of that fragmented reality: that of the country at its ordinary level and that generated by the media, based on a will that appeals to doctrine and the hollow use of grand phrases.<\/span><\/p>\n<p><span style=\"font-weight: 400;\">What we lack is not criticism, but a critical awareness of our reality, understood as an attitude and aptitude, and for which no one should feel ashamed or fear when it comes to expressing it. That space has been replaced by the heated territory of the networks, where the will to say in \u201cmy space\u201d what I want has been confused, with the keys that ethics, dialogue based on respect and confirmation of data should make more noticeable.<\/span><\/p>\n<p><span style=\"font-weight: 400;\">As for citizen activism, they are voices that constantly collide against those walls. After the events of J11, it was said that it was necessary to open spaces so that all the voices involved in them, whatever their criteria, were addressed.<\/span><\/p>\n<p><span style=\"font-weight: 400;\">At this point, with very few exceptions (<\/span><i><span style=\"font-weight: 400;\">Alma Mater<\/span><\/i><span style=\"font-weight: 400;\">, let\u2019s say), the official Cuban \u201cbig press\u201d has us waiting. Television, in particular, remains blind and deaf to such a claim, generally anchored in extreme positions.<\/span><\/p>\n<p><span style=\"font-weight: 400;\">We must not forget what happened on <\/span><a href=\"https:\/\/oncubanews.com\/cuba\/marcha-independiente-lgbtiq-en-la-habana-termina-con-interrupcion-de-la-policia\/\" target=\"_blank\" rel=\"noopener\"><span style=\"font-weight: 400;\">May 11, 2019<\/span><\/a><span style=\"font-weight: 400;\">, when the Cuban LGBTIQ+ community called a march in the Prado in order not to lose the visibility gained after years of silence.<\/span><\/p>\n<p><span style=\"font-weight: 400;\">That was one of the signs that I referred to after J11: a warning of how other sources of opinion and convocation were being organized in our society to which the State should be more attentive, in order to create a channel for dialogue and transparency that did not have to be created in a hurry when the outbreak was already inevitable.<\/span><\/p>\n<p><span style=\"font-weight: 400;\">We must demand the participation of these activisms in the decisions that affect us all, whether or not we are part of animal protection, ecological, racial or sexual groups&#8230;, especially so that no one feels helpless when legislation that affects their life, and about which their opinion was not taken into account, as a truly participatory context should be.<\/span><\/p>\n<p><span style=\"font-weight: 400;\">That we care not only about History but also Biographies. Right now the <\/span><a href=\"https:\/\/oncubanews.com\/en\/opinion\/a-code-of-justice-dignity-and-rights\/\" target=\"_blank\" rel=\"noopener\"><span style=\"font-weight: 400;\">Family Code is about to come up for discussion<\/span><\/a><span style=\"font-weight: 400;\">, in which the recognition of homoparental nuclei is again discussed and in which we do not know if there were LGBTIQ+ people in the commission that drafted it, whose criteria were part of that procedure. It is time for this to be our voice, and not that of those who represent us from privileges that we lack, that speak for us.<\/span><\/p>\n<p><b><i>What do you think are the most complex challenges for the Cuban nation, socialism and culture at this time?<\/i><\/b><\/p>\n<p><span style=\"font-weight: 400;\">I will be brief; I have already spoken a lot. Perhaps the greatest challenge has to do with trust, with the ability to create a channel of reliability that heals a degree of mutual respect between the representatives of the State and the society to which it owes itself, so that this produces an in-depth conversation between both parties, honest and not filtered from certain prerogatives and narrownesses, especially of thought.<\/span><\/p>\n<p><span style=\"font-weight: 400;\">A balanced debate, where the positive is emphasized, although everything that cannot be postponed is not blurred. It is a mutual and gradual process, but one that must have concrete results, from the table and the pocket of each one according to their work, to the spirituality and individual faith of what makes us recognize ourselves as part of Cuba, from any cardinal point of view. And in that, frankly, we still have a lot, a lot, to do.<\/span><\/p>\n","protected":false},"excerpt":{"rendered":"<p>Interview with Norge Espinosa<\/p>\n","protected":false},"author":80,"featured_media":244008,"comment_status":"open","ping_status":"closed","sticky":false,"template":"","format":"standard","meta":{"_acf_changed":false,"footnotes":""},"categories":[34121],"tags":[34115,14835],"ppma_author":[33569,34058],"class_list":["post-244006","post","type-post","status-publish","format-standard","has-post-thumbnail","hentry","category-cuban-voices","tag-cuban-voices","tag-democracy-in-cuba"],"acf":[],"yoast_head":"<!-- This site is optimized with the Yoast SEO plugin v27.3 - https:\/\/yoast.com\/product\/yoast-seo-wordpress\/ -->\n<title>Cuban Voices: \u201cWe are not the same country, and we should concern ourselves and look at this more frankly\u201d | OnCubaNews English<\/title>\n<meta name=\"description\" content=\"Interview with Norge Espinosa\" \/>\n<meta name=\"robots\" content=\"index, follow, max-snippet:-1, max-image-preview:large, max-video-preview:-1\" \/>\n<link rel=\"canonical\" href=\"https:\/\/oncubanews.com\/en\/opinion\/cuban-voices\/cuban-voices-we-are-not-the-same-country-and-we-should-concern-ourselves-and-look-at-this-more-frankly\/\" \/>\n<meta property=\"og:locale\" content=\"en_US\" \/>\n<meta property=\"og:type\" content=\"article\" \/>\n<meta property=\"og:title\" content=\"Cuban Voices: \u201cWe are not the same country, and we should concern ourselves and look at this more frankly\u201d | OnCubaNews English\" \/>\n<meta property=\"og:description\" content=\"Interview with Norge Espinosa\" \/>\n<meta property=\"og:url\" content=\"https:\/\/oncubanews.com\/en\/opinion\/cuban-voices\/cuban-voices-we-are-not-the-same-country-and-we-should-concern-ourselves-and-look-at-this-more-frankly\/\" \/>\n<meta property=\"og:site_name\" content=\"OnCubaNews English\" \/>\n<meta property=\"article:published_time\" content=\"2021-09-24T19:21:49+00:00\" \/>\n<meta property=\"og:image\" content=\"https:\/\/oncubanews.com\/en\/wp-content\/uploads\/2021\/09\/Cuban-Voices-Norges.jpg\" \/>\n\t<meta property=\"og:image:width\" content=\"750\" \/>\n\t<meta property=\"og:image:height\" content=\"536\" \/>\n\t<meta property=\"og:image:type\" content=\"image\/jpeg\" \/>\n<meta name=\"author\" content=\"Julio C\u00e9sar Guanche, Harold Bertot Triana\" \/>\n<meta name=\"twitter:card\" content=\"summary_large_image\" \/>\n<meta name=\"twitter:label1\" content=\"Written by\" \/>\n\t<meta name=\"twitter:data1\" content=\"Julio C\u00e9sar Guanche\" \/>\n\t<meta name=\"twitter:label2\" content=\"Est. reading time\" \/>\n\t<meta name=\"twitter:data2\" content=\"9 minutes\" \/>\n<script type=\"application\/ld+json\" class=\"yoast-schema-graph\">{\"@context\":\"https:\\\/\\\/schema.org\",\"@graph\":[{\"@type\":\"Article\",\"@id\":\"https:\\\/\\\/oncubanews.com\\\/en\\\/opinion\\\/cuban-voices\\\/cuban-voices-we-are-not-the-same-country-and-we-should-concern-ourselves-and-look-at-this-more-frankly\\\/#article\",\"isPartOf\":{\"@id\":\"https:\\\/\\\/oncubanews.com\\\/en\\\/opinion\\\/cuban-voices\\\/cuban-voices-we-are-not-the-same-country-and-we-should-concern-ourselves-and-look-at-this-more-frankly\\\/\"},\"author\":{\"name\":\"Julio C\u00e9sar Guanche\",\"@id\":\"https:\\\/\\\/oncubanews.com\\\/en\\\/#\\\/schema\\\/person\\\/4f1a29152c3ffe008e93d35637c06d81\"},\"headline\":\"Cuban Voices: \u201cWe are not the same country, and we should concern ourselves and look at this more frankly\u201d\",\"datePublished\":\"2021-09-24T19:21:49+00:00\",\"mainEntityOfPage\":{\"@id\":\"https:\\\/\\\/oncubanews.com\\\/en\\\/opinion\\\/cuban-voices\\\/cuban-voices-we-are-not-the-same-country-and-we-should-concern-ourselves-and-look-at-this-more-frankly\\\/\"},\"wordCount\":1977,\"commentCount\":0,\"image\":{\"@id\":\"https:\\\/\\\/oncubanews.com\\\/en\\\/opinion\\\/cuban-voices\\\/cuban-voices-we-are-not-the-same-country-and-we-should-concern-ourselves-and-look-at-this-more-frankly\\\/#primaryimage\"},\"thumbnailUrl\":\"https:\\\/\\\/oncubanews.com\\\/en\\\/wp-content\\\/uploads\\\/2021\\\/09\\\/Cuban-Voices-Norges.jpg\",\"keywords\":[\"Cuban voices\",\"democracy in Cuba\"],\"articleSection\":[\"Cuban Voices\"],\"inLanguage\":\"en-US\",\"potentialAction\":[{\"@type\":\"CommentAction\",\"name\":\"Comment\",\"target\":[\"https:\\\/\\\/oncubanews.com\\\/en\\\/opinion\\\/cuban-voices\\\/cuban-voices-we-are-not-the-same-country-and-we-should-concern-ourselves-and-look-at-this-more-frankly\\\/#respond\"]}],\"copyrightYear\":\"2021\",\"copyrightHolder\":{\"@id\":\"https:\\\/\\\/oncubanews.com\\\/en\\\/#organization\"}},{\"@type\":\"WebPage\",\"@id\":\"https:\\\/\\\/oncubanews.com\\\/en\\\/opinion\\\/cuban-voices\\\/cuban-voices-we-are-not-the-same-country-and-we-should-concern-ourselves-and-look-at-this-more-frankly\\\/\",\"url\":\"https:\\\/\\\/oncubanews.com\\\/en\\\/opinion\\\/cuban-voices\\\/cuban-voices-we-are-not-the-same-country-and-we-should-concern-ourselves-and-look-at-this-more-frankly\\\/\",\"name\":\"Cuban Voices: \u201cWe are not the same country, and we should concern ourselves and look at this more frankly\u201d | OnCubaNews English\",\"isPartOf\":{\"@id\":\"https:\\\/\\\/oncubanews.com\\\/en\\\/#website\"},\"primaryImageOfPage\":{\"@id\":\"https:\\\/\\\/oncubanews.com\\\/en\\\/opinion\\\/cuban-voices\\\/cuban-voices-we-are-not-the-same-country-and-we-should-concern-ourselves-and-look-at-this-more-frankly\\\/#primaryimage\"},\"image\":{\"@id\":\"https:\\\/\\\/oncubanews.com\\\/en\\\/opinion\\\/cuban-voices\\\/cuban-voices-we-are-not-the-same-country-and-we-should-concern-ourselves-and-look-at-this-more-frankly\\\/#primaryimage\"},\"thumbnailUrl\":\"https:\\\/\\\/oncubanews.com\\\/en\\\/wp-content\\\/uploads\\\/2021\\\/09\\\/Cuban-Voices-Norges.jpg\",\"datePublished\":\"2021-09-24T19:21:49+00:00\",\"author\":{\"@id\":\"https:\\\/\\\/oncubanews.com\\\/en\\\/#\\\/schema\\\/person\\\/4f1a29152c3ffe008e93d35637c06d81\"},\"description\":\"Interview with Norge Espinosa\",\"breadcrumb\":{\"@id\":\"https:\\\/\\\/oncubanews.com\\\/en\\\/opinion\\\/cuban-voices\\\/cuban-voices-we-are-not-the-same-country-and-we-should-concern-ourselves-and-look-at-this-more-frankly\\\/#breadcrumb\"},\"inLanguage\":\"en-US\",\"potentialAction\":[{\"@type\":\"ReadAction\",\"target\":[\"https:\\\/\\\/oncubanews.com\\\/en\\\/opinion\\\/cuban-voices\\\/cuban-voices-we-are-not-the-same-country-and-we-should-concern-ourselves-and-look-at-this-more-frankly\\\/\"]}]},{\"@type\":\"ImageObject\",\"inLanguage\":\"en-US\",\"@id\":\"https:\\\/\\\/oncubanews.com\\\/en\\\/opinion\\\/cuban-voices\\\/cuban-voices-we-are-not-the-same-country-and-we-should-concern-ourselves-and-look-at-this-more-frankly\\\/#primaryimage\",\"url\":\"https:\\\/\\\/oncubanews.com\\\/en\\\/wp-content\\\/uploads\\\/2021\\\/09\\\/Cuban-Voices-Norges.jpg\",\"contentUrl\":\"https:\\\/\\\/oncubanews.com\\\/en\\\/wp-content\\\/uploads\\\/2021\\\/09\\\/Cuban-Voices-Norges.jpg\",\"width\":750,\"height\":536,\"caption\":\"Photo: Alejandro Gonz\u00e1lez\"},{\"@type\":\"BreadcrumbList\",\"@id\":\"https:\\\/\\\/oncubanews.com\\\/en\\\/opinion\\\/cuban-voices\\\/cuban-voices-we-are-not-the-same-country-and-we-should-concern-ourselves-and-look-at-this-more-frankly\\\/#breadcrumb\",\"itemListElement\":[{\"@type\":\"ListItem\",\"position\":1,\"name\":\"Portada\",\"item\":\"https:\\\/\\\/oncubanews.com\\\/en\\\/\"},{\"@type\":\"ListItem\",\"position\":2,\"name\":\"Cuban Voices: \u201cWe are not the same country, and we should concern ourselves and look at this more frankly\u201d\"}]},{\"@type\":\"WebSite\",\"@id\":\"https:\\\/\\\/oncubanews.com\\\/en\\\/#website\",\"url\":\"https:\\\/\\\/oncubanews.com\\\/en\\\/\",\"name\":\"OnCubaNews English\",\"description\":\"Revista sobre Cuba\",\"potentialAction\":[{\"@type\":\"SearchAction\",\"target\":{\"@type\":\"EntryPoint\",\"urlTemplate\":\"https:\\\/\\\/oncubanews.com\\\/en\\\/?s={search_term_string}\"},\"query-input\":{\"@type\":\"PropertyValueSpecification\",\"valueRequired\":true,\"valueName\":\"search_term_string\"}}],\"inLanguage\":\"en-US\"},{\"@type\":\"Person\",\"@id\":\"https:\\\/\\\/oncubanews.com\\\/en\\\/#\\\/schema\\\/person\\\/4f1a29152c3ffe008e93d35637c06d81\",\"name\":\"Julio C\u00e9sar Guanche\",\"image\":{\"@type\":\"ImageObject\",\"inLanguage\":\"en-US\",\"@id\":\"https:\\\/\\\/oncubanews.com\\\/wp-content\\\/uploads\\\/2023\\\/09\\\/guanchep-96x96.jpgb03a24b035aecf3a518128f772fe97e4\",\"url\":\"https:\\\/\\\/oncubanews.com\\\/wp-content\\\/uploads\\\/2023\\\/09\\\/guanchep-96x96.jpg\",\"contentUrl\":\"https:\\\/\\\/oncubanews.com\\\/wp-content\\\/uploads\\\/2023\\\/09\\\/guanchep-96x96.jpg\",\"caption\":\"Julio C\u00e9sar Guanche\"},\"description\":\"Profesor e investigador. Ha escrito varios libros y un n\u00famero largo de ensayos y art\u00edculos. Hubiera querido ser trompetista, pero la vida es como es. Siente la misma pasi\u00f3n por el cine, la historia, la m\u00fasica y la cultura popular. Descree, en profundidad, de quien no sepa cocinar. Investiga temas de pol\u00edtica, historia y derecho, pues cada cual se divierte como puede.\",\"url\":\"https:\\\/\\\/oncubanews.com\\\/en\\\/author\\\/juliocesarguanche1\\\/\"}]}<\/script>\n<!-- \/ Yoast SEO plugin. -->","yoast_head_json":{"title":"Cuban Voices: \u201cWe are not the same country, and we should concern ourselves and look at this more frankly\u201d | OnCubaNews English","description":"Interview with Norge Espinosa","robots":{"index":"index","follow":"follow","max-snippet":"max-snippet:-1","max-image-preview":"max-image-preview:large","max-video-preview":"max-video-preview:-1"},"canonical":"https:\/\/oncubanews.com\/en\/opinion\/cuban-voices\/cuban-voices-we-are-not-the-same-country-and-we-should-concern-ourselves-and-look-at-this-more-frankly\/","og_locale":"en_US","og_type":"article","og_title":"Cuban Voices: \u201cWe are not the same country, and we should concern ourselves and look at this more frankly\u201d | OnCubaNews English","og_description":"Interview with Norge Espinosa","og_url":"https:\/\/oncubanews.com\/en\/opinion\/cuban-voices\/cuban-voices-we-are-not-the-same-country-and-we-should-concern-ourselves-and-look-at-this-more-frankly\/","og_site_name":"OnCubaNews English","article_published_time":"2021-09-24T19:21:49+00:00","og_image":[{"width":750,"height":536,"url":"https:\/\/oncubanews.com\/en\/wp-content\/uploads\/2021\/09\/Cuban-Voices-Norges.jpg","type":"image\/jpeg"}],"author":"Julio C\u00e9sar Guanche, Harold Bertot Triana","twitter_card":"summary_large_image","twitter_misc":{"Written by":"Julio C\u00e9sar Guanche","Est. reading time":"9 minutes"},"schema":{"@context":"https:\/\/schema.org","@graph":[{"@type":"Article","@id":"https:\/\/oncubanews.com\/en\/opinion\/cuban-voices\/cuban-voices-we-are-not-the-same-country-and-we-should-concern-ourselves-and-look-at-this-more-frankly\/#article","isPartOf":{"@id":"https:\/\/oncubanews.com\/en\/opinion\/cuban-voices\/cuban-voices-we-are-not-the-same-country-and-we-should-concern-ourselves-and-look-at-this-more-frankly\/"},"author":{"name":"Julio C\u00e9sar Guanche","@id":"https:\/\/oncubanews.com\/en\/#\/schema\/person\/4f1a29152c3ffe008e93d35637c06d81"},"headline":"Cuban Voices: \u201cWe are not the same country, and we should concern ourselves and look at this more frankly\u201d","datePublished":"2021-09-24T19:21:49+00:00","mainEntityOfPage":{"@id":"https:\/\/oncubanews.com\/en\/opinion\/cuban-voices\/cuban-voices-we-are-not-the-same-country-and-we-should-concern-ourselves-and-look-at-this-more-frankly\/"},"wordCount":1977,"commentCount":0,"image":{"@id":"https:\/\/oncubanews.com\/en\/opinion\/cuban-voices\/cuban-voices-we-are-not-the-same-country-and-we-should-concern-ourselves-and-look-at-this-more-frankly\/#primaryimage"},"thumbnailUrl":"https:\/\/oncubanews.com\/en\/wp-content\/uploads\/2021\/09\/Cuban-Voices-Norges.jpg","keywords":["Cuban voices","democracy in Cuba"],"articleSection":["Cuban Voices"],"inLanguage":"en-US","potentialAction":[{"@type":"CommentAction","name":"Comment","target":["https:\/\/oncubanews.com\/en\/opinion\/cuban-voices\/cuban-voices-we-are-not-the-same-country-and-we-should-concern-ourselves-and-look-at-this-more-frankly\/#respond"]}],"copyrightYear":"2021","copyrightHolder":{"@id":"https:\/\/oncubanews.com\/en\/#organization"}},{"@type":"WebPage","@id":"https:\/\/oncubanews.com\/en\/opinion\/cuban-voices\/cuban-voices-we-are-not-the-same-country-and-we-should-concern-ourselves-and-look-at-this-more-frankly\/","url":"https:\/\/oncubanews.com\/en\/opinion\/cuban-voices\/cuban-voices-we-are-not-the-same-country-and-we-should-concern-ourselves-and-look-at-this-more-frankly\/","name":"Cuban Voices: \u201cWe are not the same country, and we should concern ourselves and look at this more frankly\u201d | OnCubaNews English","isPartOf":{"@id":"https:\/\/oncubanews.com\/en\/#website"},"primaryImageOfPage":{"@id":"https:\/\/oncubanews.com\/en\/opinion\/cuban-voices\/cuban-voices-we-are-not-the-same-country-and-we-should-concern-ourselves-and-look-at-this-more-frankly\/#primaryimage"},"image":{"@id":"https:\/\/oncubanews.com\/en\/opinion\/cuban-voices\/cuban-voices-we-are-not-the-same-country-and-we-should-concern-ourselves-and-look-at-this-more-frankly\/#primaryimage"},"thumbnailUrl":"https:\/\/oncubanews.com\/en\/wp-content\/uploads\/2021\/09\/Cuban-Voices-Norges.jpg","datePublished":"2021-09-24T19:21:49+00:00","author":{"@id":"https:\/\/oncubanews.com\/en\/#\/schema\/person\/4f1a29152c3ffe008e93d35637c06d81"},"description":"Interview with Norge Espinosa","breadcrumb":{"@id":"https:\/\/oncubanews.com\/en\/opinion\/cuban-voices\/cuban-voices-we-are-not-the-same-country-and-we-should-concern-ourselves-and-look-at-this-more-frankly\/#breadcrumb"},"inLanguage":"en-US","potentialAction":[{"@type":"ReadAction","target":["https:\/\/oncubanews.com\/en\/opinion\/cuban-voices\/cuban-voices-we-are-not-the-same-country-and-we-should-concern-ourselves-and-look-at-this-more-frankly\/"]}]},{"@type":"ImageObject","inLanguage":"en-US","@id":"https:\/\/oncubanews.com\/en\/opinion\/cuban-voices\/cuban-voices-we-are-not-the-same-country-and-we-should-concern-ourselves-and-look-at-this-more-frankly\/#primaryimage","url":"https:\/\/oncubanews.com\/en\/wp-content\/uploads\/2021\/09\/Cuban-Voices-Norges.jpg","contentUrl":"https:\/\/oncubanews.com\/en\/wp-content\/uploads\/2021\/09\/Cuban-Voices-Norges.jpg","width":750,"height":536,"caption":"Photo: Alejandro Gonz\u00e1lez"},{"@type":"BreadcrumbList","@id":"https:\/\/oncubanews.com\/en\/opinion\/cuban-voices\/cuban-voices-we-are-not-the-same-country-and-we-should-concern-ourselves-and-look-at-this-more-frankly\/#breadcrumb","itemListElement":[{"@type":"ListItem","position":1,"name":"Portada","item":"https:\/\/oncubanews.com\/en\/"},{"@type":"ListItem","position":2,"name":"Cuban Voices: \u201cWe are not the same country, and we should concern ourselves and look at this more frankly\u201d"}]},{"@type":"WebSite","@id":"https:\/\/oncubanews.com\/en\/#website","url":"https:\/\/oncubanews.com\/en\/","name":"OnCubaNews English","description":"Revista sobre Cuba","potentialAction":[{"@type":"SearchAction","target":{"@type":"EntryPoint","urlTemplate":"https:\/\/oncubanews.com\/en\/?s={search_term_string}"},"query-input":{"@type":"PropertyValueSpecification","valueRequired":true,"valueName":"search_term_string"}}],"inLanguage":"en-US"},{"@type":"Person","@id":"https:\/\/oncubanews.com\/en\/#\/schema\/person\/4f1a29152c3ffe008e93d35637c06d81","name":"Julio C\u00e9sar Guanche","image":{"@type":"ImageObject","inLanguage":"en-US","@id":"https:\/\/oncubanews.com\/wp-content\/uploads\/2023\/09\/guanchep-96x96.jpgb03a24b035aecf3a518128f772fe97e4","url":"https:\/\/oncubanews.com\/wp-content\/uploads\/2023\/09\/guanchep-96x96.jpg","contentUrl":"https:\/\/oncubanews.com\/wp-content\/uploads\/2023\/09\/guanchep-96x96.jpg","caption":"Julio C\u00e9sar Guanche"},"description":"Profesor e investigador. Ha escrito varios libros y un n\u00famero largo de ensayos y art\u00edculos. Hubiera querido ser trompetista, pero la vida es como es. Siente la misma pasi\u00f3n por el cine, la historia, la m\u00fasica y la cultura popular. Descree, en profundidad, de quien no sepa cocinar. Investiga temas de pol\u00edtica, historia y derecho, pues cada cual se divierte como puede.","url":"https:\/\/oncubanews.com\/en\/author\/juliocesarguanche1\/"}]}},"authors":[{"term_id":33569,"user_id":80,"is_guest":0,"slug":"juliocesarguanche1","display_name":"Julio C\u00e9sar Guanche","avatar_url":"https:\/\/oncubanews.com\/wp-content\/uploads\/2023\/09\/guanchep-96x96.jpg","0":null,"1":"","2":"","3":"","4":"","5":"","6":"","7":"","8":""},{"term_id":34058,"user_id":3796,"is_guest":0,"slug":"haroldbertott","display_name":"Harold Bertot Triana","avatar_url":"https:\/\/secure.gravatar.com\/avatar\/fbab4d2850594437934f5ad24f2009947ad621b941a2dc4a563744e856a478a6?s=96&r=g","0":null,"1":"","2":"","3":"","4":"","5":"","6":"","7":"","8":""}],"_links":{"self":[{"href":"https:\/\/oncubanews.com\/en\/wp-json\/wp\/v2\/posts\/244006","targetHints":{"allow":["GET"]}}],"collection":[{"href":"https:\/\/oncubanews.com\/en\/wp-json\/wp\/v2\/posts"}],"about":[{"href":"https:\/\/oncubanews.com\/en\/wp-json\/wp\/v2\/types\/post"}],"author":[{"embeddable":true,"href":"https:\/\/oncubanews.com\/en\/wp-json\/wp\/v2\/users\/80"}],"replies":[{"embeddable":true,"href":"https:\/\/oncubanews.com\/en\/wp-json\/wp\/v2\/comments?post=244006"}],"version-history":[{"count":0,"href":"https:\/\/oncubanews.com\/en\/wp-json\/wp\/v2\/posts\/244006\/revisions"}],"wp:featuredmedia":[{"embeddable":true,"href":"https:\/\/oncubanews.com\/en\/wp-json\/wp\/v2\/media\/244008"}],"wp:attachment":[{"href":"https:\/\/oncubanews.com\/en\/wp-json\/wp\/v2\/media?parent=244006"}],"wp:term":[{"taxonomy":"category","embeddable":true,"href":"https:\/\/oncubanews.com\/en\/wp-json\/wp\/v2\/categories?post=244006"},{"taxonomy":"post_tag","embeddable":true,"href":"https:\/\/oncubanews.com\/en\/wp-json\/wp\/v2\/tags?post=244006"},{"taxonomy":"author","embeddable":true,"href":"https:\/\/oncubanews.com\/en\/wp-json\/wp\/v2\/ppma_author?post=244006"}],"curies":[{"name":"wp","href":"https:\/\/api.w.org\/{rel}","templated":true}]}}