
{"id":244132,"date":"2021-09-28T13:05:47","date_gmt":"2021-09-28T17:05:47","guid":{"rendered":"https:\/\/oncubanews.com\/en\/?p=244132"},"modified":"2021-09-28T13:05:47","modified_gmt":"2021-09-28T17:05:47","slug":"constitutional-regulation-of-private-property-in-cuba-normative-order-cultural-narrative-and-unwritten-rules","status":"publish","type":"post","link":"https:\/\/oncubanews.com\/en\/cuba\/constitutional-regulation-of-private-property-in-cuba-normative-order-cultural-narrative-and-unwritten-rules\/","title":{"rendered":"Constitutional regulation of private property in Cuba. Normative order, cultural narrative and unwritten rules"},"content":{"rendered":"<p><span style=\"font-weight: 400;\">The new Cuban <\/span><a href=\"https:\/\/www.gacetaoficial.gob.cu\/es\/constitucion-de-la-republica-de-cuba-proclamada-el-10-de-abril-de-2019\" target=\"_blank\" rel=\"noopener\"><span style=\"font-weight: 400;\">Constitution\u00a0<\/span><\/a><span style=\"font-weight: 400;\">(NCC), promulgated in 2019, recognizes for the first time since 1976 the existence of private property. The new regulation enables individuals or legal entities, Cuban or foreign, to be owners of private property and allows the creation of micro, small and medium-sized enterprises (MSMEs) with this type of property, as well as for the state one.<\/span><\/p>\n<p><span style=\"font-weight: 400;\">It is a process that finds firm ground: more than 600,000 Cubans are currently self-employed and there is a package of progressive approval of measures in this regard, such as the one that <\/span><a href=\"http:\/\/www.cubadebate.cu\/noticias\/2021\/02\/09\/cuales-son-las-nuevas-disposiciones-para-el-trabajo-por-cuenta-propia-en-cuba-video\/\" target=\"_blank\" rel=\"noopener\"><span style=\"font-weight: 400;\">eliminated the list of 127 activities approved<\/span><\/a><span style=\"font-weight: 400;\"> to authorize in its time close to 2,000, and a <\/span><a href=\"https:\/\/www.gacetaoficial.gob.cu\/es\/gaceta-oficial-no-94-ordinaria-de-2021\" target=\"_blank\" rel=\"noopener\"><span style=\"font-weight: 400;\">package of decree laws on MSMEs<\/span><\/a><span style=\"font-weight: 400;\"> has already been approved.<\/span><sup><b>1<\/b><\/sup><\/p>\n<p><b>Normative order, cultural narrative and unwritten rules<\/b><\/p>\n<p><span style=\"font-weight: 400;\">The <\/span><a href=\"https:\/\/www.ruthcasaeditorial.org\/publicaciones\/analisis-de-la-constitucion-cubana\/\" target=\"_blank\" rel=\"noopener\"><span style=\"font-weight: 400;\">constitutionalist Hugo Azcuy<\/span><\/a><span style=\"font-weight: 400;\"> identified an important change in the property regimen with the 1992 reform. From then on, not \u201call,\u201d but only the \u201cfundamental\u201d means of production would be state-owned. For Azcuy, this fact implicitly enabled private property for goods that were outside the scope defined by the term \u201cfundamental.\u201d<\/span><sup><b>2<\/b><\/sup><\/p>\n<p><span style=\"font-weight: 400;\">However, the absence of formal recognition of private property originated, with the economic transformations experienced after the 1990s, several legislative developments without constitutional foundation or even contrary to the spirit of the text then in force.<\/span><\/p>\n<p><span style=\"font-weight: 400;\">One of them was the deployment of self-employment, which did not have a regulation on the private means of their investment, while constitutional article no. 21 (1976), prohibitive of \u201cthe exploitation of man by man,\u201d which should have prevented the private hiring of wage labor.<\/span><sup><b>3<\/b><\/sup><\/p>\n<p><span style=\"font-weight: 400;\">The current constitutional regulation of \u201cforms of ownership\u201d leaves without support, or at least without clarification, the distinction between \u201cpersonal\u201d and \u201cprivate\u201d property .<\/span><sup><b>4<\/b><\/sup><span style=\"font-weight: 400;\"> The fact is that, for example, housing, a good considered after 1976 as personal property, in turn is private property if it is subject to rent.<\/span><\/p>\n<p><span style=\"font-weight: 400;\">In this case, housing can be part of a business investment, but it cannot be pledged or mortgaged as a guarantee of the investment made.<\/span><sup><b>5<\/b><\/sup><span style=\"font-weight: 400;\"> It is a (poorly) regulated asset, located \u201chalfway\u201d between personal property and private property, without provision of clear rules on when it can be considered one or the other.<\/span><\/p>\n<p><span style=\"font-weight: 400;\">Another regulatory problem in this field is the term \u201ccertain\u201d contained in article no. 22 of the NCC. So far, there is no regulatory clarity on which and how these \u201ccertain\u201d assets would be defined.<\/span><\/p>\n<p><span style=\"font-weight: 400;\">This problem is similar to that experienced by the expression \u201cfundamental means of production\u201d \u2014 whose ownership is inalienable, but whose definition of \u201cfundamental\u201d is variable, which is why some means may no longer be considered as fundamental.<\/span><\/p>\n<p><span style=\"font-weight: 400;\">The concept of \u201cfundamental,\u201d however, has received greater attention after its introduction by the 1992 reform, in search of greater protection <\/span><a href=\"http:\/\/scielo.sld.cu\/scielo.php?script=sci_arttext&amp;pid=S0253-92762020000100044\" target=\"_blank\" rel=\"noopener\"><span style=\"font-weight: 400;\">for what can be considered as \u201cpublic domain assets.\u201d<\/span><\/a><span style=\"font-weight: 400;\">\u00a0<\/span><\/p>\n<p><span style=\"font-weight: 400;\">It is to be expected that the term \u201ccertain,\u201d now applied to private property, will produce increasing legislative development and doctrinal argumentation.<\/span><\/p>\n<p><b>Equality and difference in the treatment of forms of ownership<\/b><\/p>\n<p><span style=\"font-weight: 400;\">Another problem to be solved by future legislation on forms of property is equal treatment between its different holders.<\/span><\/p>\n<p><span style=\"font-weight: 400;\">It is a problem similar to that experienced by the expression \u201cfundamental means of production\u201d \u2014 whose ownership is inalienable, but whose definition of \u201cfundamental\u201d is variable, which is why some means may no longer be considered as fundamental.<\/span><\/p>\n<p><span style=\"font-weight: 400;\">On the one hand, it has been \u201creaffirmed\u201d \u201c<\/span><a href=\"http:\/\/www.cubadebate.cu\/noticias\/2021\/06\/18\/mipymes-poner-a-los-actores-de-la-economia-en-el-lugar-que-les-corresponde-video\/\" target=\"_blank\" rel=\"noopener\"><span style=\"font-weight: 400;\">that the self-employed workers have the same social security benefits<\/span><\/a><span style=\"font-weight: 400;\"> as those in the state sector.\u201d According to <\/span><a href=\"http:\/\/www.cubadebate.cu\/noticias\/2021\/02\/09\/cuales-son-las-nuevas-disposiciones-para-el-trabajo-por-cuenta-propia-en-cuba-video\/\" target=\"_blank\" rel=\"noopener\"><span style=\"font-weight: 400;\">Minister of Economy Alejandro Gil:<\/span><\/a><span style=\"font-weight: 400;\"> \u201cWe start from a base: the economy is one. We do not have one that is state-run and one that is non-state. We are taking steps so that the Economy Plan recognizes all economic actors. There is no them and no us. We are all one.\u2026\u201d<\/span><\/p>\n<p><span style=\"font-weight: 400;\">However, and to the contrary, there are differences in the current Labor Code in the treatment of those employed in both sectors according to their forms of ownership.<\/span><\/p>\n<p><a href=\"http:\/\/www.calas.lat\/es\/publicaciones\/revistas\/trabajo-decente-y-sociedad\" target=\"_blank\" rel=\"noopener\"><span style=\"font-weight: 400;\">A study on the Labor Code concluded<\/span><\/a><span style=\"font-weight: 400;\"> that \u201cit has not been able to establish the legal equality of labor rights and duties between salaried workers in the state sector and workers hired in the non-state sector,\u201d since while for the \u201cstate sector labor rights and broad social benefits are valid, minimum standards are imposed for contracted private workers.\u201d<\/span><sup><b>6<\/b><\/sup><\/p>\n<p><span style=\"font-weight: 400;\">Then, the lack of proper legislation for MSMEs until August of this year, has had <\/span><a href=\"https:\/\/elestadocomotal.com\/2020\/07\/23\/las-pymes-y-la-reforma-del-modelo-cubano-ayudame-que-yo-te-ayudare\/\" target=\"_blank\" rel=\"noopener\"><span style=\"font-weight: 400;\">negative consequences<\/span><\/a><span style=\"font-weight: 400;\">, and not only for productive relationships. Although it limited the commercial relations between the associative forms that really existed among them, and with other national and foreign economic actors, to the detriment of their dynamism and productive results, it also prevented the State from developing effective mechanisms to <\/span><a href=\"https:\/\/oncubanews.com\/opinion\/columnas\/sin-filtro\/debate-economico-en-cuba-hablamos-tambien-de-derechos-laborales-en-el-sector-privado\/\" target=\"_blank\" rel=\"noopener\"><span style=\"font-weight: 400;\">guarantee labor rights <\/span><\/a><span style=\"font-weight: 400;\">for self-employment.<\/span><\/p>\n<p><span style=\"font-weight: 400;\">There are also differences in the ability to organize. Certainly, the effectiveness of labor representation by the Cuban trade union organization presents very serious questions, but at this point, there is a differentiating fact: in the state sector, the administration is recognized as a subject other than the worker, while in the private sector, the employer and the workers hired by him are integrated under equal conditions as members of the same union.<\/span><sup><b>7<\/b><\/sup><\/p>\n<p><span style=\"font-weight: 400;\">As part of this process, a cultural narrative has insisted on purely associating any openness to private work to \u201cneoliberalism.\u201d<\/span><\/p>\n<p><i><span style=\"font-weight: 400;\">Granma<\/span><\/i><span style=\"font-weight: 400;\">, the main newspaper in the country, has helped spread <\/span><a href=\"http:\/\/www.granma.cu\/cuba\/2020-05-06\/la-bondad-neoliberal-de-los-entusiastas-consejeros-06-05-2020-23-05-55\" target=\"_blank\" rel=\"noopener\"><span style=\"font-weight: 400;\">that narrative<\/span><\/a><span style=\"font-weight: 400;\">. Despite contradicting principles enunciated by the Party and the Government, and the great theoretical poverty of this position, its impact on the reproduction of differences in the treatment of this sector and on the exclusion of alternatives for it should not be underestimated.<\/span><\/p>\n<p><span style=\"font-weight: 400;\">For its part, civil society had made proposals on possible contents of future legislation, such as those of the economists <\/span><a href=\"https:\/\/progresosemanal.us\/20200604\/implementar-las-pymes-un-posible-como\/\" target=\"_blank\" rel=\"noopener\"><span style=\"font-weight: 400;\">Oscar Fern\u00e1ndez<\/span><\/a><span style=\"font-weight: 400;\">\u00a0and\u00a0<\/span><a href=\"https:\/\/elestadocomotal.com\/2020\/10\/05\/hacia-un-esquema-de-autonomos-propuesta-para-reformar-el-trabajo-por-cuenta-propia-en-cuba\/\" target=\"_blank\" rel=\"noopener\"><span style=\"font-weight: 400;\">Pedro Monreal<\/span><\/a><span style=\"font-weight: 400;\">. Interest is not \u201cunwarranted.\u201d Monreal has estimated that the establishment of SMEs could increase Cuba\u2019s Gross Domestic Product between 1.5 and 1.7%.<\/span><\/p>\n<p><span style=\"font-weight: 400;\">However, there is government awareness of several of the problems mentioned here. <\/span><a href=\"http:\/\/www.cubadebate.cu\/especiales\/2021\/02\/26\/cuba-en-datos-se-rompe-el-esquema-tradicional-para-el-trabajo-por-cuenta-propia\/\" target=\"_blank\" rel=\"noopener\"><span style=\"font-weight: 400;\">Official positions have emphasized that<\/span><\/a><span style=\"font-weight: 400;\"> \u201cvalidating that the initiatives conform to what is established is a responsibility that must be based on well-defined rules so that misinterpretations or personal judgments do not arise.\u201d<\/span><\/p>\n<p><span style=\"font-weight: 400;\">It is a \u201ccall\u201d to avoid the persistence of unwritten rules and negative cultural habits on self-employment from hindering the reform process. Good news is the appearance of the legislative package on MSMEs, already mentioned, which seems to have been driven by the July 11 <\/span><a href=\"https:\/\/oncubanews.com\/en\/tag\/july-11\" target=\"_blank\" rel=\"noopener\"><span style=\"font-weight: 400;\">protests<\/span><\/a><span style=\"font-weight: 400;\">.<\/span><\/p>\n<p><b>Private property, market and competition<\/b><\/p>\n<p><span style=\"font-weight: 400;\">The new constitutional regulation on private property regulates its \u201ccomplementary role\u201d in the economy. Even so, the range of action of the spaces of concurrence in the national economy will thereby increase.<\/span><\/p>\n<p><span style=\"font-weight: 400;\">As part of this process, a cultural narrative has insisted on purely associating any openness to private work to \u201cneoliberalism.\u201d<\/span><\/p>\n<p><span style=\"font-weight: 400;\">Since 2004, Johana Odriozola \u2014 then a professor at the University of Havana, currently deputy minister of economy and planning \u2014 demanded the regulation of competition law based on the existence of spaces such as agricultural, industrial and artisan products markets, of the products and services of self-employed workers and of goods, and services supplied in convertible currency.<\/span><sup><b>8<\/b><\/sup><\/p>\n<p><span style=\"font-weight: 400;\">The professor also substantiated the existence of competition within the state sector itself, in the area of \u200b\u200bforeign trade, which in several cases had more than one entity to develop its activity or, where, as happened in the area of the \u200b\u200bimport of paints and varnishes, and new tires, there was competition with the national industry. For all this, \u201ccompetition is (was) established even within the same system.\u201d<\/span><\/p>\n<p><span style=\"font-weight: 400;\">The NCC recognizes the existence of the market, but left essential institutional configurations on them unregulated. <\/span><a href=\"http:\/\/www.cubadebate.cu\/especiales\/2018\/09\/20\/reforma-constitucional-en-cuba-apuntes-economicos-i-infografias\/#.W6TYDWhKiM8\" target=\"_blank\" rel=\"noopener\"><span style=\"font-weight: 400;\">For example<\/span><\/a><span style=\"font-weight: 400;\">: the right of all economic actors to have access in equal conditions to the markets of their productions and inputs, the regulation of competition, the prohibition of monopolistic practices (by any type of property), the principles of protection of consumers and public policies of economic contracting.<\/span><\/p>\n<p><span style=\"font-weight: 400;\">Competition has existed, in practice, without recognition of the principle of freedom of enterprise, but also without recognition of the nature of the private entrepreneur of the so-called \u201cself-employed worker,\u201d if it is taken into account that he may in turn hire workers, who would then be \u201cemployed.\u201d\u00a0<\/span><\/p>\n<p><span style=\"font-weight: 400;\">With this, its activity has been withdrawn from the commercial sphere and it has been denied protections that such coverage would provide, under the protection of institutions provided by the current, although in disuse, Commercial Code,<\/span><sup><b>9<\/b><\/sup><span style=\"font-weight: 400;\"> including registration in the Mercantile Registry.<\/span><\/p>\n<p><span style=\"font-weight: 400;\">There is a consensus in that the status of legal entity, in the business sphere, grants protections in the areas of contracting, access to financing, patrimonial liability and limitation of liability, and of resources in the event of bankruptcy. In contrast, up to now, as a consequence of the type of Law that regulates self-employment, in this it is unlimitedly liable for its own acts and there are no guarantees such as those mentioned.<\/span><\/p>\n<p><span style=\"font-weight: 400;\">For all these reasons, there has been an urgent need for the approval of regulations in the field of commercial companies for quite some time. In this way, the recently approved <\/span><a href=\"https:\/\/www.gacetaoficial.gob.cu\/sites\/default\/files\/goc-2021-o94.pdf\" target=\"_blank\" rel=\"noopener\"><span style=\"font-weight: 400;\">DL 46\/2021 constitutes MSMEs as (art. 11)<\/span><\/a><span style=\"font-weight: 400;\"> \u201cmercantile companies, which adopt the form of a limited liability company, hereinafter Ltd, by means of a public deed, which is registered in the Mercantile Registry and with their registration they acquire legal personality.\u201d<\/span><\/p>\n<p><span style=\"font-weight: 400;\">The Limited Liability Company (Ltd) is regulated in the Commercial Code and has a history in Cuba, such as, for example, the regulations on the matter promulgated in 1929, which modified the Fourteenth Section of the Commercial Code.<\/span><\/p>\n<p><span style=\"font-weight: 400;\">According to that regulation, in the Ltd none of the associates was obliged beyond their contribution, which is why they were not liable for social debts, they could have any legal object of commerce (with the exception of the activities listed in article 123 of that Code), they would bear a company name in which the names of one or more of the partners plus the word \u201cLtd\u201d should appear and they could be constituted with two partners, without exceeding ten.<\/span><\/p>\n<p><span style=\"font-weight: 400;\">The Limited Liability Company (Ltd) is regulated in the Commercial Code and has a history in Cuba, such as the regulations on the matter promulgated in 1929.<\/span><\/p>\n<p><span style=\"font-weight: 400;\">The book <\/span><a href=\"https:\/\/books.google.com\/books\/about\/Las_Empresas_de_Cuba_1958.html?id=_JSrtAEACAAJ\" target=\"_blank\" rel=\"noopener\"><i><span style=\"font-weight: 400;\">Las empresas de Cuba<\/span><\/i><span style=\"font-weight: 400;\">, by Guillermo Jim\u00e9nez Soler,<\/span><\/a><span style=\"font-weight: 400;\"> documents the existence of the Ltd in Cuba, but the number of public limited companies was always much higher in the country due to the facilities granted to this form by the Commercial Code.<\/span><\/p>\n<p><span style=\"font-weight: 400;\">At the international level, it is generally recognized as useful in small and medium-scale trade. Among its problems, <\/span><a href=\"https:\/\/ambitojuridico.com.br\/edicoes\/revista-28\/los-sujetos-del-derecho-mercantil-en-la-legislacion-cubana\/\" target=\"_blank\" rel=\"noopener\"><span style=\"font-weight: 400;\">one opinion indicates<\/span><\/a><span style=\"font-weight: 400;\"> that it leaves less room for the autonomy of the will of the associates, for example, with respect to statutory regulation, since in the Ltd \u201ceverything is imposed by law [and] very little is left to the will of the associates. \u201c<\/span><\/p>\n<p><b>The cultural narrative on private property and the market in Cuban socialism<\/b><\/p>\n<p><span style=\"font-weight: 400;\">This idea, <\/span><a href=\"http:\/\/scielo.sld.cu\/scielo.php?script=sci_arttext&amp;pid=S0253-92762020000100044\" target=\"_blank\" rel=\"noopener\"><span style=\"font-weight: 400;\">formulated by Marta Moreno<\/span><\/a><span style=\"font-weight: 400;\">, has been at the bottom of the debate on the relationship between property and socialism in Cuba: \u201cthe dominant form of property conditions the relations of production, distribution, exchange and consumption in society.\u201d<\/span><\/p>\n<p><span style=\"font-weight: 400;\">Based on this, the \u201csocialist property of all the people\u201d has been considered as the main form of property in socialism and, as a derivation, the state enterprise has been taken as the basis of that regimen.<\/span><\/p>\n<p><span style=\"font-weight: 400;\">On the same horizon, the Communist Party document \u201c<\/span><a href=\"http:\/\/www.granma.cu\/octavo-congreso-pcc\/2021-05-26\/descargue-en-pdf-el-compendio-de-ideas-conceptos-y-directrices-del-8vo-congreso-del-pcc-26-05-2021-19-05-45\" target=\"_blank\" rel=\"noopener\"><span style=\"font-weight: 400;\">Ideas, conceptos y directrices del VIII Congreso del PCC<\/span><\/a><span style=\"font-weight: 400;\">\u201c (2021) assures: \u201cIt can never be forgotten that the ownership of all the people over the fundamental means of production constitutes the basis of the real power of the workers.\u201d<\/span><\/p>\n<p><span style=\"font-weight: 400;\">A \u201cfundamental principle, <\/span><a href=\"http:\/\/www.cubadebate.cu\/noticias\/2021\/06\/18\/mipymes-poner-a-los-actores-de-la-economia-en-el-lugar-que-les-corresponde-video\/\" target=\"_blank\" rel=\"noopener\"><span style=\"font-weight: 400;\">according to official statements<\/span><\/a><span style=\"font-weight: 400;\">, is that the state enterprise \u2014 the basis of socialism \u2014 which should and can be efficient, cannot be harmed or relegated to the background.\u201d<\/span><\/p>\n<p><span style=\"font-weight: 400;\">The constitutional regulation on state property codifies that idea about the need for its primacy as a support for socialism. Thus, it is regulated as part of the more general map of the \u201cEconomic Foundations\u201d of the Cuban State.<\/span><\/p>\n<p><span style=\"font-weight: 400;\">In this map, Article 18 adds to \u201cthe property of all the people\u201d the principle of planned direction of the economy; Article 19 grants the State the ability to direct, regulate and control economic activity; and Article 20 regulates the concentration of property in non-state individuals or legal entities by the State in order to guarantee the \u201cfairer redistribution of wealth\u201d and the preservation of \u201climits compatible with the socialist values \u200b\u200bof equity and social justice.\u201d<\/span><\/p>\n<p><span style=\"font-weight: 400;\">An in-depth analysis of the theoretical and ideological bases of these ideas, and of that regulation, shows problems little addressed by the official Cuban discourse and public debate, which are part of the cultural framework in which the new regulation on private property in Cuba should operate.<\/span><\/p>\n<p><span style=\"font-weight: 400;\">These problems include the lack of differentiation between the nationalization of property with respect to social property, a classic dilemma of the historical experiences of socialist construction, with a sustained presence in the Cuban process.<\/span><\/p>\n<p><span style=\"font-weight: 400;\">This lack of distinction creates structural problems in vindicate property rights. The universal owner is the State itself and not, for example, workers\u2019 associations. The \u201cpeople\u201d is, theoretically, the owner of the resource, but does not have the resources of an owner over the asset that is the object of property.<\/span><\/p>\n<p><span style=\"font-weight: 400;\">In a very traditional way, the market has been thought by the bulk of the Cuban state discourse through the contradiction \u201cplan against market,\u201d but this antagonism is a false opposition: the plan can be as capitalist as the market.<\/span><\/p>\n<p><span style=\"font-weight: 400;\">In this way, private property has been challenged and state property defended as the only \u201csocialist\u201d one, but no progress has been made in the democratic consequences of a distributed property regimen under the real control of its social owners.<\/span><\/p>\n<p><span style=\"font-weight: 400;\">It is a political as well as a technical problem. First, the private property vs. state property dichotomy has served to make invisible the citizen disempowerment that is implied by the lack of access to property rights. Second, the \u201cpeople\u201d invoked as the owner of social property is a concept of complex translation in the legal sphere of the subjects of Law.<\/span><\/p>\n<p><span style=\"font-weight: 400;\">The market has functioned for almost the entire discursive history of Cuban socialism as a straight-out synonym for \u201ccapitalism,\u201d which justified its virtual closure. The 1976 Constitution did not even mention the word \u201cmarket.\u201d<\/span><\/p>\n<p><span style=\"font-weight: 400;\">However, in critical Marxism, abolishing the market or prohibiting private property by law, without having created the conditions of possibility to overcome it, leads to what Marx called \u201cpolitical communism\u201d or \u201cdespotic communism.\u201d<\/span><\/p>\n<p><span style=\"font-weight: 400;\">In a very traditional way, the market has been thought by the bulk of the Cuban state discourse through the contradiction \u201cplan against market,\u201d but this antagonism is a false opposition: the plan can be as capitalist as the market.<\/span><\/p>\n<p><span style=\"font-weight: 400;\">Socialism is not reduced to the existence of a central plan, nor to mere opposition against the market: it supposes both the existence of the market and the program of its challenge as the articulating center of social life.<\/span><\/p>\n<p><b>Private property and concentration of wealth<\/b><\/p>\n<p><span style=\"font-weight: 400;\">Within Cuba, the discussion on private property has focused on avoiding its concentration and the inequality it generates. This narrative well identifies one of the most problematic fields of contemporary political life at the international level.<\/span><\/p>\n<p><span style=\"font-weight: 400;\">The presence of this concern in the Cuban Constitution is consistent, then, with global criticisms about the concentration of income and in favor of the need for distributive justice.<\/span><\/p>\n<p><span style=\"font-weight: 400;\">This international reaction to the enormous concentration and polarization of property \u2014 for example, in land and patents on natural heritage \u2014 has led to a revival of \u201ccommunist\u201d ideas in various parts of the globe, in their original sense of \u201cdefense of the common.\u201d<\/span><\/p>\n<p><span style=\"font-weight: 400;\">Reflection on common goods is relevant for Cuba. It seeks to avoid conflicts generated by private property but also by the proven inefficiency of its sole state management. For the latter, it offers solutions to the bureaucratic expropriation of social property, a persistent evil, as I said before, of the Cuban experience.<\/span><\/p>\n<p><span style=\"font-weight: 400;\">However, Cuban regulation is not very \u201ccreative.\u201d The NCC regulates the state enterprise, not the public enterprise. The problem is bigger when the Cuban system presents a trajectory of confusion between what is public and what is state-run, and between the state and the government.<\/span><\/p>\n<p><span style=\"font-weight: 400;\">In contrast, with the notion of \u201cpublic\u201d it is ensured that the State is not the only actor in solving public problems, it insists on the need to seek solutions together with other social actors and the need for social control over the social property.<\/span><\/p>\n<p><span style=\"font-weight: 400;\">The NCC raises other issues on the issue of property. It prohibits, consistently from a socialist perspective, the concentration of private property, but not its concentration in an exclusive state actor (monopolist). And it omits to regulate, as the socialist perspective would also demand, guarantees of self-supervision (self-management, co-management, savings banks, community enterprises, communes and other associative forms guided by the values \u200b\u200bof cooperation and solidarity).<\/span><\/p>\n<p><span style=\"font-weight: 400;\">Nor does it mention issues of home economics, self-employed individual jobs (not to be confused with self-employment), micro-enterprises, or popular networks of producers or supplies. Therefore, it does not explore the principles of the so-called \u201cSocial and Solidarity Economy,\u201d a trend that has been spreading in several countries due to its possibilities to face peremptory issues such as employment and the provision of services, and to promote inclusion and social cohesion.\u00a0<\/span><\/p>\n<p><span style=\"font-weight: 400;\">On the other hand, in Cuba there has been less deliberation on how to expand the democratic defense of property: that is, on the establishment of rights <\/span><i><span style=\"font-weight: 400;\">to<\/span><\/i><span style=\"font-weight: 400;\"> property, <\/span><i><span style=\"font-weight: 400;\">in the face of<\/span><\/i><span style=\"font-weight: 400;\"> property and <\/span><i><span style=\"font-weight: 400;\">access to<\/span><\/i><span style=\"font-weight: 400;\"> property.<\/span><\/p>\n<p><span style=\"font-weight: 400;\">The central principle collected by the NCC is that all forms of property have a social purpose: they grant rights, but they also require duties, which are bound to a social function. It is the inalienable starting point for a democratic conception of property \u2014 contrary to the exclusive and excluding meaning of typically capitalist private property \u2014 but the text does not commit to other necessary items of that approach.<\/span><\/p>\n<p><span style=\"font-weight: 400;\">A right historically defended by popular sectors, that of access to property, is not mentioned. Other constitutional texts, which are part of the latest wave of constitutionalism at a global level, such as the Ecuadorian Constitution, establish it.<\/span><\/p>\n<p><span style=\"font-weight: 400;\">That understanding would open the doors in Cuba to promote public policies for access to property in favor of those dispossessed of it, in a scenario that <\/span><a href=\"https:\/\/oncubanews.com\/en\/opinion\/columns\/no-filter\/economic-debate-in-cuba-shall-we-also-talk-about-labor-rights-in-the-private-sector\/\" target=\"_blank\" rel=\"noopener\"><span style=\"font-weight: 400;\">shows significant inequality gaps<\/span><\/a><span style=\"font-weight: 400;\"> with respect to, for example, women and racialized subjects.<\/span><\/p>\n<p><span style=\"font-weight: 400;\">The idea would also open the door to a renewed understanding of socialism:<\/span><\/p>\n<p><span style=\"font-weight: 400;\">You are not more socialist because you have fewer but more owners. For making each citizen owner of the conditions to reproduce their life. If property is power and power is property, much more needs to be done in this regard in favor of the social majorities.<\/span><\/p>\n<p><span style=\"font-weight: 400;\">***<\/span><\/p>\n<p><b>Notes:<\/b><\/p>\n<p><b>1 <\/b><span style=\"font-weight: 400;\">This text was written before the approval of these MSMEs regulations. As his interest is the constitutional analysis of the regulation on private ownership, I will not elaborate here on them. On those regulations, see <\/span><a href=\"https:\/\/eltoque.com\/al-fin-tenemos-mipymes\" target=\"_blank\" rel=\"noopener\"><span style=\"font-weight: 400;\">Omar Everleny Villanueva<\/span><\/a><span style=\"font-weight: 400;\">\u00a0and\u00a0<\/span><a href=\"https:\/\/horizontecubano.law.columbia.edu\/news\/las-pymes-en-cuba\" target=\"_blank\" rel=\"noopener\"><span style=\"font-weight: 400;\">Aldo \u00c1lvarez<\/span><\/a><span style=\"font-weight: 400;\">.<\/span><\/p>\n<p><b>2<\/b><span style=\"font-weight: 400;\"> For details of ownership transformations after the economic reform, see <\/span><a href=\"http:\/\/www.espaciolaical.net\/contens\/esp\/sd_223.pdf\" target=\"_blank\" rel=\"noopener\"><span style=\"font-weight: 400;\">Carmelo Mesa Lago: los cambios en la propiedad en las reformas econ\u00f3micas estructurales de Cuba.<\/span><\/a><\/p>\n<p><b>3<\/b><span style=\"font-weight: 400;\"> That content was removed from the NCC.<\/span><\/p>\n<p><b>4<\/b><span style=\"font-weight: 400;\"> Personal property was understood to be that which falls \u201con the income and savings from one\u2019s own work on the house that is owned with just title of ownership, other goods and objects that serve to satisfy the material and cultural needs of the person, and ownership over means and instruments of personal or family work that are not used to exploit the work of others.\u201d Armando Torres Santrayll: \u201c<\/span><i><span style=\"font-weight: 400;\">Antecedentes hist\u00f3ricos y principios que informan<\/span><\/i><span style=\"font-weight: 400;\">\u2026 ob. cit.<\/span><\/p>\n<p><b>5<\/b><span style=\"font-weight: 400;\"> Real press and mortgage guarantees can only be constituted in favor of financial institutions, and on real estate, which can be houses located in areas destined for rest and summer vacations and barren lots. See <\/span><a href=\"https:\/\/oncubanews.com\/cuba\/la-prenda-y-la-hipoteca-garantias-reales\/\" target=\"_blank\" rel=\"noopener\"><span style=\"font-weight: 400;\">Jennifer Garc\u00eda Capote, La prenda y la hipoteca, garant\u00edas reales. Una mirada jur\u00eddica a su nueva regulaci\u00f3n en Cuba.<\/span><\/a><span style=\"font-weight: 400;\"> If the legislator\u2019s interest was to protect housing as a right in its own right, it would entail a special regulation, aimed at de-commodifying that right, that is, to place the conditions of access to housing outside the market.\u00a0<\/span><\/p>\n<p><b>6 <\/b><span style=\"font-weight: 400;\">These differences can be seen in: type of contract (definite\/indefinite time), the number of paid vacation days, the right to return to one\u2019s job at the end of maternity leave, benefits for certified sickness payments for short-term medical care (less than six months), and the stipulated legal path for workers to defend themselves from labor law violations by private employers (private business owners).<\/span><\/p>\n<p><b>7<\/b><span style=\"font-weight: 400;\"> For an in-depth investigation on this topic, see <\/span><a href=\"http:\/\/biblioteca.clacso.edu.ar\/gsdl\/cgi-bin\/library.cgi?e=d-11000-00---off-0clacso--00-1----0-10-0---0---0direct-10-AU--4-------0-0l--11-es-Zz-1---20-about-%22S%C3%A1nchez+Quiroz%2C+Magdiel%22--00-3-1-00-0--4----0-2-01-00-0utfZz-8-00&amp;a=d&amp;cl=search&amp;d=D14008.1\"><span style=\"font-weight: 400;\">Fernando Luis Rojas: Cuba: el legado revolucionario y los dilemas de la izquierda y las fuerzas progresistas en Am\u00e9rica Latina<\/span><\/a><span style=\"font-weight: 400;\">. For an example of the political debate around current unionism in Cuba, see <\/span><a href=\"https:\/\/jovencuba.com\/confirmacion\/\"><span style=\"font-weight: 400;\">Alina B. L\u00f3pez: Confirmaci\u00f3n<\/span><\/a><\/p>\n<p><b>8<\/b><span style=\"font-weight: 400;\"> Johana Odriozola Guitart: \u201cDerecho de la competencia strictu sensu. \u00bfMito o realidad para Cuba?\u201d <\/span><i><span style=\"font-weight: 400;\">Revista Cubana\u00a0de Derecho<\/span><\/i><span style=\"font-weight: 400;\">, no. 23 and 24, January-December 2004, pp. 108-111.<\/span><\/p>\n<p><b>9<\/b><span style=\"font-weight: 400;\"> This is the Spanish Commercial Code, in force since 1886 in Cuba, with subsequent modifications.<\/span><\/p>\n<p><span style=\"font-weight: 400;\">\u00a0<\/span><\/p>\n<p><span style=\"font-weight: 400;\">\u00a0<\/span><\/p>\n<p><span style=\"font-weight: 400;\">* This article was originally published in Columbia Law School\u2019s Cuban Horizon (https:\/\/horizontecubano.law.columbia.edu\/news\/la-regulacion-constitucional) and is reproduced here with the express permission of its author.<\/span><\/p>\n","protected":false},"excerpt":{"rendered":"<p>The new Constitution regulates the state enterprise, not the public enterprise. The problem is bigger when the Cuban system presents a trajectory of confusion between what is public and what is state-run, and between the state and the government.<\/p>\n","protected":false},"author":80,"featured_media":244134,"comment_status":"open","ping_status":"closed","sticky":false,"template":"","format":"standard","meta":{"_acf_changed":false,"footnotes":""},"categories":[13902],"tags":[14908,14816,19494],"ppma_author":[33569],"class_list":["post-244132","post","type-post","status-publish","format-standard","has-post-thumbnail","hentry","category-cuba","tag-cuban-constitution","tag-cuban-economy","tag-cuban-enterprises"],"acf":[],"yoast_head":"<!-- This site is optimized with the Yoast SEO plugin v27.3 - https:\/\/yoast.com\/product\/yoast-seo-wordpress\/ -->\n<title>Constitutional regulation of private property in Cuba. Normative order, cultural narrative and unwritten rules | OnCubaNews English<\/title>\n<meta name=\"description\" content=\"The new Constitution regulates the state enterprise, not the public enterprise. The problem is bigger when the Cuban system presents a trajectory of confusion between what is public and what is state-run, and between the state and the government.\" \/>\n<meta name=\"robots\" content=\"index, follow, max-snippet:-1, max-image-preview:large, max-video-preview:-1\" \/>\n<link rel=\"canonical\" href=\"https:\/\/oncubanews.com\/en\/cuba\/constitutional-regulation-of-private-property-in-cuba-normative-order-cultural-narrative-and-unwritten-rules\/\" \/>\n<meta property=\"og:locale\" content=\"en_US\" \/>\n<meta property=\"og:type\" content=\"article\" \/>\n<meta property=\"og:title\" content=\"Constitutional regulation of private property in Cuba. Normative order, cultural narrative and unwritten rules | OnCubaNews English\" \/>\n<meta property=\"og:description\" content=\"The new Constitution regulates the state enterprise, not the public enterprise. The problem is bigger when the Cuban system presents a trajectory of confusion between what is public and what is state-run, and between the state and the government.\" \/>\n<meta property=\"og:url\" content=\"https:\/\/oncubanews.com\/en\/cuba\/constitutional-regulation-of-private-property-in-cuba-normative-order-cultural-narrative-and-unwritten-rules\/\" \/>\n<meta property=\"og:site_name\" content=\"OnCubaNews English\" \/>\n<meta property=\"article:published_time\" content=\"2021-09-28T17:05:47+00:00\" \/>\n<meta property=\"og:image\" content=\"https:\/\/oncubanews.com\/en\/wp-content\/uploads\/2021\/09\/Emprendedores-AP-3-750x517-1.jpg\" \/>\n\t<meta property=\"og:image:width\" content=\"750\" \/>\n\t<meta property=\"og:image:height\" content=\"517\" \/>\n\t<meta property=\"og:image:type\" content=\"image\/jpeg\" \/>\n<meta name=\"author\" content=\"Julio C\u00e9sar Guanche\" \/>\n<meta name=\"twitter:card\" content=\"summary_large_image\" \/>\n<meta name=\"twitter:label1\" content=\"Written by\" \/>\n\t<meta name=\"twitter:data1\" content=\"Julio C\u00e9sar Guanche\" \/>\n\t<meta name=\"twitter:label2\" content=\"Est. reading time\" \/>\n\t<meta name=\"twitter:data2\" content=\"16 minutes\" \/>\n<script type=\"application\/ld+json\" class=\"yoast-schema-graph\">{\"@context\":\"https:\\\/\\\/schema.org\",\"@graph\":[{\"@type\":\"Article\",\"@id\":\"https:\\\/\\\/oncubanews.com\\\/en\\\/cuba\\\/constitutional-regulation-of-private-property-in-cuba-normative-order-cultural-narrative-and-unwritten-rules\\\/#article\",\"isPartOf\":{\"@id\":\"https:\\\/\\\/oncubanews.com\\\/en\\\/cuba\\\/constitutional-regulation-of-private-property-in-cuba-normative-order-cultural-narrative-and-unwritten-rules\\\/\"},\"author\":{\"name\":\"Julio C\u00e9sar Guanche\",\"@id\":\"https:\\\/\\\/oncubanews.com\\\/en\\\/#\\\/schema\\\/person\\\/4f1a29152c3ffe008e93d35637c06d81\"},\"headline\":\"Constitutional regulation of private property in Cuba. Normative order, cultural narrative and unwritten rules\",\"datePublished\":\"2021-09-28T17:05:47+00:00\",\"mainEntityOfPage\":{\"@id\":\"https:\\\/\\\/oncubanews.com\\\/en\\\/cuba\\\/constitutional-regulation-of-private-property-in-cuba-normative-order-cultural-narrative-and-unwritten-rules\\\/\"},\"wordCount\":3569,\"commentCount\":0,\"image\":{\"@id\":\"https:\\\/\\\/oncubanews.com\\\/en\\\/cuba\\\/constitutional-regulation-of-private-property-in-cuba-normative-order-cultural-narrative-and-unwritten-rules\\\/#primaryimage\"},\"thumbnailUrl\":\"https:\\\/\\\/oncubanews.com\\\/en\\\/wp-content\\\/uploads\\\/2021\\\/09\\\/Emprendedores-AP-3-750x517-1.jpg\",\"keywords\":[\"Cuban Constitution\",\"Cuban Economy\",\"cuban enterprises\"],\"articleSection\":[\"Cuba\"],\"inLanguage\":\"en-US\",\"potentialAction\":[{\"@type\":\"CommentAction\",\"name\":\"Comment\",\"target\":[\"https:\\\/\\\/oncubanews.com\\\/en\\\/cuba\\\/constitutional-regulation-of-private-property-in-cuba-normative-order-cultural-narrative-and-unwritten-rules\\\/#respond\"]}],\"copyrightYear\":\"2021\",\"copyrightHolder\":{\"@id\":\"https:\\\/\\\/oncubanews.com\\\/en\\\/#organization\"}},{\"@type\":\"WebPage\",\"@id\":\"https:\\\/\\\/oncubanews.com\\\/en\\\/cuba\\\/constitutional-regulation-of-private-property-in-cuba-normative-order-cultural-narrative-and-unwritten-rules\\\/\",\"url\":\"https:\\\/\\\/oncubanews.com\\\/en\\\/cuba\\\/constitutional-regulation-of-private-property-in-cuba-normative-order-cultural-narrative-and-unwritten-rules\\\/\",\"name\":\"Constitutional regulation of private property in Cuba. Normative order, cultural narrative and unwritten rules | OnCubaNews English\",\"isPartOf\":{\"@id\":\"https:\\\/\\\/oncubanews.com\\\/en\\\/#website\"},\"primaryImageOfPage\":{\"@id\":\"https:\\\/\\\/oncubanews.com\\\/en\\\/cuba\\\/constitutional-regulation-of-private-property-in-cuba-normative-order-cultural-narrative-and-unwritten-rules\\\/#primaryimage\"},\"image\":{\"@id\":\"https:\\\/\\\/oncubanews.com\\\/en\\\/cuba\\\/constitutional-regulation-of-private-property-in-cuba-normative-order-cultural-narrative-and-unwritten-rules\\\/#primaryimage\"},\"thumbnailUrl\":\"https:\\\/\\\/oncubanews.com\\\/en\\\/wp-content\\\/uploads\\\/2021\\\/09\\\/Emprendedores-AP-3-750x517-1.jpg\",\"datePublished\":\"2021-09-28T17:05:47+00:00\",\"author\":{\"@id\":\"https:\\\/\\\/oncubanews.com\\\/en\\\/#\\\/schema\\\/person\\\/4f1a29152c3ffe008e93d35637c06d81\"},\"description\":\"The new Constitution regulates the state enterprise, not the public enterprise. The problem is bigger when the Cuban system presents a trajectory of confusion between what is public and what is state-run, and between the state and the government.\",\"breadcrumb\":{\"@id\":\"https:\\\/\\\/oncubanews.com\\\/en\\\/cuba\\\/constitutional-regulation-of-private-property-in-cuba-normative-order-cultural-narrative-and-unwritten-rules\\\/#breadcrumb\"},\"inLanguage\":\"en-US\",\"potentialAction\":[{\"@type\":\"ReadAction\",\"target\":[\"https:\\\/\\\/oncubanews.com\\\/en\\\/cuba\\\/constitutional-regulation-of-private-property-in-cuba-normative-order-cultural-narrative-and-unwritten-rules\\\/\"]}]},{\"@type\":\"ImageObject\",\"inLanguage\":\"en-US\",\"@id\":\"https:\\\/\\\/oncubanews.com\\\/en\\\/cuba\\\/constitutional-regulation-of-private-property-in-cuba-normative-order-cultural-narrative-and-unwritten-rules\\\/#primaryimage\",\"url\":\"https:\\\/\\\/oncubanews.com\\\/en\\\/wp-content\\\/uploads\\\/2021\\\/09\\\/Emprendedores-AP-3-750x517-1.jpg\",\"contentUrl\":\"https:\\\/\\\/oncubanews.com\\\/en\\\/wp-content\\\/uploads\\\/2021\\\/09\\\/Emprendedores-AP-3-750x517-1.jpg\",\"width\":750,\"height\":517,\"caption\":\"Photo: Ram\u00f3n Espinosa\\\/AP (Archive)\"},{\"@type\":\"BreadcrumbList\",\"@id\":\"https:\\\/\\\/oncubanews.com\\\/en\\\/cuba\\\/constitutional-regulation-of-private-property-in-cuba-normative-order-cultural-narrative-and-unwritten-rules\\\/#breadcrumb\",\"itemListElement\":[{\"@type\":\"ListItem\",\"position\":1,\"name\":\"Portada\",\"item\":\"https:\\\/\\\/oncubanews.com\\\/en\\\/\"},{\"@type\":\"ListItem\",\"position\":2,\"name\":\"Constitutional regulation of private property in Cuba. Normative order, cultural narrative and unwritten rules\"}]},{\"@type\":\"WebSite\",\"@id\":\"https:\\\/\\\/oncubanews.com\\\/en\\\/#website\",\"url\":\"https:\\\/\\\/oncubanews.com\\\/en\\\/\",\"name\":\"OnCubaNews English\",\"description\":\"Revista sobre Cuba\",\"potentialAction\":[{\"@type\":\"SearchAction\",\"target\":{\"@type\":\"EntryPoint\",\"urlTemplate\":\"https:\\\/\\\/oncubanews.com\\\/en\\\/?s={search_term_string}\"},\"query-input\":{\"@type\":\"PropertyValueSpecification\",\"valueRequired\":true,\"valueName\":\"search_term_string\"}}],\"inLanguage\":\"en-US\"},{\"@type\":\"Person\",\"@id\":\"https:\\\/\\\/oncubanews.com\\\/en\\\/#\\\/schema\\\/person\\\/4f1a29152c3ffe008e93d35637c06d81\",\"name\":\"Julio C\u00e9sar Guanche\",\"image\":{\"@type\":\"ImageObject\",\"inLanguage\":\"en-US\",\"@id\":\"https:\\\/\\\/oncubanews.com\\\/wp-content\\\/uploads\\\/2023\\\/09\\\/guanchep-96x96.jpgb03a24b035aecf3a518128f772fe97e4\",\"url\":\"https:\\\/\\\/oncubanews.com\\\/wp-content\\\/uploads\\\/2023\\\/09\\\/guanchep-96x96.jpg\",\"contentUrl\":\"https:\\\/\\\/oncubanews.com\\\/wp-content\\\/uploads\\\/2023\\\/09\\\/guanchep-96x96.jpg\",\"caption\":\"Julio C\u00e9sar Guanche\"},\"description\":\"Profesor e investigador. Ha escrito varios libros y un n\u00famero largo de ensayos y art\u00edculos. Hubiera querido ser trompetista, pero la vida es como es. Siente la misma pasi\u00f3n por el cine, la historia, la m\u00fasica y la cultura popular. Descree, en profundidad, de quien no sepa cocinar. Investiga temas de pol\u00edtica, historia y derecho, pues cada cual se divierte como puede.\",\"url\":\"https:\\\/\\\/oncubanews.com\\\/en\\\/author\\\/juliocesarguanche1\\\/\"}]}<\/script>\n<!-- \/ Yoast SEO plugin. -->","yoast_head_json":{"title":"Constitutional regulation of private property in Cuba. Normative order, cultural narrative and unwritten rules | OnCubaNews English","description":"The new Constitution regulates the state enterprise, not the public enterprise. The problem is bigger when the Cuban system presents a trajectory of confusion between what is public and what is state-run, and between the state and the government.","robots":{"index":"index","follow":"follow","max-snippet":"max-snippet:-1","max-image-preview":"max-image-preview:large","max-video-preview":"max-video-preview:-1"},"canonical":"https:\/\/oncubanews.com\/en\/cuba\/constitutional-regulation-of-private-property-in-cuba-normative-order-cultural-narrative-and-unwritten-rules\/","og_locale":"en_US","og_type":"article","og_title":"Constitutional regulation of private property in Cuba. Normative order, cultural narrative and unwritten rules | OnCubaNews English","og_description":"The new Constitution regulates the state enterprise, not the public enterprise. The problem is bigger when the Cuban system presents a trajectory of confusion between what is public and what is state-run, and between the state and the government.","og_url":"https:\/\/oncubanews.com\/en\/cuba\/constitutional-regulation-of-private-property-in-cuba-normative-order-cultural-narrative-and-unwritten-rules\/","og_site_name":"OnCubaNews English","article_published_time":"2021-09-28T17:05:47+00:00","og_image":[{"width":750,"height":517,"url":"https:\/\/oncubanews.com\/en\/wp-content\/uploads\/2021\/09\/Emprendedores-AP-3-750x517-1.jpg","type":"image\/jpeg"}],"author":"Julio C\u00e9sar Guanche","twitter_card":"summary_large_image","twitter_misc":{"Written by":"Julio C\u00e9sar Guanche","Est. reading time":"16 minutes"},"schema":{"@context":"https:\/\/schema.org","@graph":[{"@type":"Article","@id":"https:\/\/oncubanews.com\/en\/cuba\/constitutional-regulation-of-private-property-in-cuba-normative-order-cultural-narrative-and-unwritten-rules\/#article","isPartOf":{"@id":"https:\/\/oncubanews.com\/en\/cuba\/constitutional-regulation-of-private-property-in-cuba-normative-order-cultural-narrative-and-unwritten-rules\/"},"author":{"name":"Julio C\u00e9sar Guanche","@id":"https:\/\/oncubanews.com\/en\/#\/schema\/person\/4f1a29152c3ffe008e93d35637c06d81"},"headline":"Constitutional regulation of private property in Cuba. Normative order, cultural narrative and unwritten rules","datePublished":"2021-09-28T17:05:47+00:00","mainEntityOfPage":{"@id":"https:\/\/oncubanews.com\/en\/cuba\/constitutional-regulation-of-private-property-in-cuba-normative-order-cultural-narrative-and-unwritten-rules\/"},"wordCount":3569,"commentCount":0,"image":{"@id":"https:\/\/oncubanews.com\/en\/cuba\/constitutional-regulation-of-private-property-in-cuba-normative-order-cultural-narrative-and-unwritten-rules\/#primaryimage"},"thumbnailUrl":"https:\/\/oncubanews.com\/en\/wp-content\/uploads\/2021\/09\/Emprendedores-AP-3-750x517-1.jpg","keywords":["Cuban Constitution","Cuban Economy","cuban enterprises"],"articleSection":["Cuba"],"inLanguage":"en-US","potentialAction":[{"@type":"CommentAction","name":"Comment","target":["https:\/\/oncubanews.com\/en\/cuba\/constitutional-regulation-of-private-property-in-cuba-normative-order-cultural-narrative-and-unwritten-rules\/#respond"]}],"copyrightYear":"2021","copyrightHolder":{"@id":"https:\/\/oncubanews.com\/en\/#organization"}},{"@type":"WebPage","@id":"https:\/\/oncubanews.com\/en\/cuba\/constitutional-regulation-of-private-property-in-cuba-normative-order-cultural-narrative-and-unwritten-rules\/","url":"https:\/\/oncubanews.com\/en\/cuba\/constitutional-regulation-of-private-property-in-cuba-normative-order-cultural-narrative-and-unwritten-rules\/","name":"Constitutional regulation of private property in Cuba. Normative order, cultural narrative and unwritten rules | OnCubaNews English","isPartOf":{"@id":"https:\/\/oncubanews.com\/en\/#website"},"primaryImageOfPage":{"@id":"https:\/\/oncubanews.com\/en\/cuba\/constitutional-regulation-of-private-property-in-cuba-normative-order-cultural-narrative-and-unwritten-rules\/#primaryimage"},"image":{"@id":"https:\/\/oncubanews.com\/en\/cuba\/constitutional-regulation-of-private-property-in-cuba-normative-order-cultural-narrative-and-unwritten-rules\/#primaryimage"},"thumbnailUrl":"https:\/\/oncubanews.com\/en\/wp-content\/uploads\/2021\/09\/Emprendedores-AP-3-750x517-1.jpg","datePublished":"2021-09-28T17:05:47+00:00","author":{"@id":"https:\/\/oncubanews.com\/en\/#\/schema\/person\/4f1a29152c3ffe008e93d35637c06d81"},"description":"The new Constitution regulates the state enterprise, not the public enterprise. The problem is bigger when the Cuban system presents a trajectory of confusion between what is public and what is state-run, and between the state and the government.","breadcrumb":{"@id":"https:\/\/oncubanews.com\/en\/cuba\/constitutional-regulation-of-private-property-in-cuba-normative-order-cultural-narrative-and-unwritten-rules\/#breadcrumb"},"inLanguage":"en-US","potentialAction":[{"@type":"ReadAction","target":["https:\/\/oncubanews.com\/en\/cuba\/constitutional-regulation-of-private-property-in-cuba-normative-order-cultural-narrative-and-unwritten-rules\/"]}]},{"@type":"ImageObject","inLanguage":"en-US","@id":"https:\/\/oncubanews.com\/en\/cuba\/constitutional-regulation-of-private-property-in-cuba-normative-order-cultural-narrative-and-unwritten-rules\/#primaryimage","url":"https:\/\/oncubanews.com\/en\/wp-content\/uploads\/2021\/09\/Emprendedores-AP-3-750x517-1.jpg","contentUrl":"https:\/\/oncubanews.com\/en\/wp-content\/uploads\/2021\/09\/Emprendedores-AP-3-750x517-1.jpg","width":750,"height":517,"caption":"Photo: Ram\u00f3n Espinosa\/AP (Archive)"},{"@type":"BreadcrumbList","@id":"https:\/\/oncubanews.com\/en\/cuba\/constitutional-regulation-of-private-property-in-cuba-normative-order-cultural-narrative-and-unwritten-rules\/#breadcrumb","itemListElement":[{"@type":"ListItem","position":1,"name":"Portada","item":"https:\/\/oncubanews.com\/en\/"},{"@type":"ListItem","position":2,"name":"Constitutional regulation of private property in Cuba. Normative order, cultural narrative and unwritten rules"}]},{"@type":"WebSite","@id":"https:\/\/oncubanews.com\/en\/#website","url":"https:\/\/oncubanews.com\/en\/","name":"OnCubaNews English","description":"Revista sobre Cuba","potentialAction":[{"@type":"SearchAction","target":{"@type":"EntryPoint","urlTemplate":"https:\/\/oncubanews.com\/en\/?s={search_term_string}"},"query-input":{"@type":"PropertyValueSpecification","valueRequired":true,"valueName":"search_term_string"}}],"inLanguage":"en-US"},{"@type":"Person","@id":"https:\/\/oncubanews.com\/en\/#\/schema\/person\/4f1a29152c3ffe008e93d35637c06d81","name":"Julio C\u00e9sar Guanche","image":{"@type":"ImageObject","inLanguage":"en-US","@id":"https:\/\/oncubanews.com\/wp-content\/uploads\/2023\/09\/guanchep-96x96.jpgb03a24b035aecf3a518128f772fe97e4","url":"https:\/\/oncubanews.com\/wp-content\/uploads\/2023\/09\/guanchep-96x96.jpg","contentUrl":"https:\/\/oncubanews.com\/wp-content\/uploads\/2023\/09\/guanchep-96x96.jpg","caption":"Julio C\u00e9sar Guanche"},"description":"Profesor e investigador. Ha escrito varios libros y un n\u00famero largo de ensayos y art\u00edculos. Hubiera querido ser trompetista, pero la vida es como es. Siente la misma pasi\u00f3n por el cine, la historia, la m\u00fasica y la cultura popular. Descree, en profundidad, de quien no sepa cocinar. Investiga temas de pol\u00edtica, historia y derecho, pues cada cual se divierte como puede.","url":"https:\/\/oncubanews.com\/en\/author\/juliocesarguanche1\/"}]}},"authors":[{"term_id":33569,"user_id":80,"is_guest":0,"slug":"juliocesarguanche1","display_name":"Julio C\u00e9sar Guanche","avatar_url":"https:\/\/oncubanews.com\/wp-content\/uploads\/2023\/09\/guanchep-96x96.jpg","0":null,"1":"","2":"","3":"","4":"","5":"","6":"","7":"","8":""}],"_links":{"self":[{"href":"https:\/\/oncubanews.com\/en\/wp-json\/wp\/v2\/posts\/244132","targetHints":{"allow":["GET"]}}],"collection":[{"href":"https:\/\/oncubanews.com\/en\/wp-json\/wp\/v2\/posts"}],"about":[{"href":"https:\/\/oncubanews.com\/en\/wp-json\/wp\/v2\/types\/post"}],"author":[{"embeddable":true,"href":"https:\/\/oncubanews.com\/en\/wp-json\/wp\/v2\/users\/80"}],"replies":[{"embeddable":true,"href":"https:\/\/oncubanews.com\/en\/wp-json\/wp\/v2\/comments?post=244132"}],"version-history":[{"count":0,"href":"https:\/\/oncubanews.com\/en\/wp-json\/wp\/v2\/posts\/244132\/revisions"}],"wp:featuredmedia":[{"embeddable":true,"href":"https:\/\/oncubanews.com\/en\/wp-json\/wp\/v2\/media\/244134"}],"wp:attachment":[{"href":"https:\/\/oncubanews.com\/en\/wp-json\/wp\/v2\/media?parent=244132"}],"wp:term":[{"taxonomy":"category","embeddable":true,"href":"https:\/\/oncubanews.com\/en\/wp-json\/wp\/v2\/categories?post=244132"},{"taxonomy":"post_tag","embeddable":true,"href":"https:\/\/oncubanews.com\/en\/wp-json\/wp\/v2\/tags?post=244132"},{"taxonomy":"author","embeddable":true,"href":"https:\/\/oncubanews.com\/en\/wp-json\/wp\/v2\/ppma_author?post=244132"}],"curies":[{"name":"wp","href":"https:\/\/api.w.org\/{rel}","templated":true}]}}