
{"id":244700,"date":"2021-10-13T12:14:20","date_gmt":"2021-10-13T16:14:20","guid":{"rendered":"https:\/\/oncubanews.com\/en\/?p=244700"},"modified":"2021-10-13T12:51:02","modified_gmt":"2021-10-13T16:51:02","slug":"cuba-to-apply-booster-doses-of-its-covid-19-vaccines","status":"publish","type":"post","link":"https:\/\/oncubanews.com\/en\/coronavirus\/cuba-to-apply-booster-doses-of-its-covid-19-vaccines\/","title":{"rendered":"Cuba to apply booster doses of its COVID-19 vaccines"},"content":{"rendered":"<p><span style=\"font-weight: 400;\">Cuban health authorities announced this Tuesday that they will apply booster doses of their own <\/span><a href=\"https:\/\/oncubanews.com\/en\/coronavirus\/\" target=\"_blank\" rel=\"noopener\"><span style=\"font-weight: 400;\">COVID-19<\/span><\/a><span style=\"font-weight: 400;\"> vaccines and are considering conducting a clinical trial with 2-year-old children or below, as part of the mass immunization process.<\/span><\/p>\n<p><span style=\"font-weight: 400;\">The president of the BioCubaFarma state business group, Eduardo Mart\u00ednez, told reporters that antibody levels remain high six months after Cuban vaccines are applied, but some people are more susceptible to re-infection and others are immunosuppressed patients.<\/span><\/p>\n<p><span style=\"font-weight: 400;\">The objective is to increase the protection of these people against new variants with a high viral load, explained the director of the group that produces and markets drugs of the biotechnology industry, who added that the effectiveness of Cuban formulas supports the eventual application of extra doses.<\/span><\/p>\n<p><span style=\"font-weight: 400;\">That process could begin in November with the Soberana Plus, Soberana 01, Abdala injectable formulas and the Mambisa nasal application, he said.<\/span><\/p>\n<p><span style=\"font-weight: 400;\">Regarding the eventual start of clinical trials in children under 2 years of age, he commented that the decision is due to the high safety of Cuban immunogens shown in the different studies in other population groups.<\/span><\/p>\n<p><span style=\"font-weight: 400;\">Cuba began vaccinating its pediatric population (ages 2 to 18) with COVID-19 vaccines created in scientific institutions on the island in September, a step prior to resuming the 2020-2021 school year.<\/span><\/p>\n<p><span style=\"font-weight: 400;\">In this regard, Cuban Minister of Health Jos\u00e9 \u00c1ngel Portal affirmed that 92% of the total of 1,912,470 belonging to that group have already received a dose to date.<\/span><\/p>\n<p><span style=\"font-weight: 400;\">Portal also reported that 86% of Cuba\u2019s 11.2 million inhabitants already have at least one dose, while more than 55% have already completed the immunization scheme.<\/span><\/p>\n","protected":false},"excerpt":{"rendered":"<p>In addition, Cuban health authorities announced that they are considering conducting a clinical trial in children under 2 years of age as part of the mass immunization process against COVID-19.<\/p>\n","protected":false},"author":3546,"featured_media":244702,"comment_status":"open","ping_status":"closed","sticky":false,"template":"","format":"standard","meta":{"_acf_changed":false,"footnotes":""},"categories":[33393],"tags":[33386],"ppma_author":[17270],"class_list":["post-244700","post","type-post","status-publish","format-standard","has-post-thumbnail","hentry","category-coronavirus","tag-cuban-vaccine-against-covid-19"],"acf":[],"yoast_head":"<!-- This site is optimized with the Yoast SEO plugin v27.3 - https:\/\/yoast.com\/product\/yoast-seo-wordpress\/ -->\n<title>Cuba to apply booster doses of its COVID-19 vaccines | OnCubaNews English<\/title>\n<meta name=\"description\" content=\"In addition, Cuban health authorities announced that they are considering conducting a clinical trial in children under 2 years of age as part of the mass immunization process against COVID-19.\" \/>\n<meta name=\"robots\" content=\"index, follow, max-snippet:-1, max-image-preview:large, max-video-preview:-1\" \/>\n<link rel=\"canonical\" href=\"https:\/\/oncubanews.com\/en\/coronavirus\/cuba-to-apply-booster-doses-of-its-covid-19-vaccines\/\" \/>\n<meta property=\"og:locale\" content=\"en_US\" \/>\n<meta property=\"og:type\" content=\"article\" \/>\n<meta property=\"og:title\" content=\"Cuba to apply booster doses of its COVID-19 vaccines | OnCubaNews English\" \/>\n<meta property=\"og:description\" content=\"In addition, Cuban health authorities announced that they are considering conducting a clinical trial in children under 2 years of age as part of the mass immunization process against COVID-19.\" \/>\n<meta property=\"og:url\" content=\"https:\/\/oncubanews.com\/en\/coronavirus\/cuba-to-apply-booster-doses-of-its-covid-19-vaccines\/\" \/>\n<meta property=\"og:site_name\" content=\"OnCubaNews English\" \/>\n<meta property=\"article:published_time\" content=\"2021-10-13T16:14:20+00:00\" \/>\n<meta property=\"article:modified_time\" content=\"2021-10-13T16:51:02+00:00\" \/>\n<meta property=\"og:image\" content=\"https:\/\/oncubanews.com\/en\/wp-content\/uploads\/2021\/10\/e2925376ade32960753c5cf777cdfac7bc5fa911-750x434-1.jpg\" \/>\n\t<meta property=\"og:image:width\" content=\"750\" \/>\n\t<meta property=\"og:image:height\" content=\"434\" \/>\n\t<meta property=\"og:image:type\" content=\"image\/jpeg\" \/>\n<meta name=\"author\" content=\"EFE\" \/>\n<meta name=\"twitter:card\" content=\"summary_large_image\" \/>\n<meta name=\"twitter:label1\" content=\"Written by\" \/>\n\t<meta name=\"twitter:data1\" content=\"ghtsyl\" \/>\n\t<meta name=\"twitter:label2\" content=\"Est. reading time\" \/>\n\t<meta name=\"twitter:data2\" content=\"2 minutes\" \/>\n<script type=\"application\/ld+json\" class=\"yoast-schema-graph\">{\"@context\":\"https:\\\/\\\/schema.org\",\"@graph\":[{\"@type\":\"Article\",\"@id\":\"https:\\\/\\\/oncubanews.com\\\/en\\\/coronavirus\\\/cuba-to-apply-booster-doses-of-its-covid-19-vaccines\\\/#article\",\"isPartOf\":{\"@id\":\"https:\\\/\\\/oncubanews.com\\\/en\\\/coronavirus\\\/cuba-to-apply-booster-doses-of-its-covid-19-vaccines\\\/\"},\"author\":{\"name\":\"ghtsyl\",\"@id\":\"https:\\\/\\\/oncubanews.com\\\/en\\\/#\\\/schema\\\/person\\\/68eba7d13688d47079511e199d7027a1\"},\"headline\":\"Cuba to apply booster doses of its COVID-19 vaccines\",\"datePublished\":\"2021-10-13T16:14:20+00:00\",\"dateModified\":\"2021-10-13T16:51:02+00:00\",\"mainEntityOfPage\":{\"@id\":\"https:\\\/\\\/oncubanews.com\\\/en\\\/coronavirus\\\/cuba-to-apply-booster-doses-of-its-covid-19-vaccines\\\/\"},\"wordCount\":268,\"commentCount\":0,\"image\":{\"@id\":\"https:\\\/\\\/oncubanews.com\\\/en\\\/coronavirus\\\/cuba-to-apply-booster-doses-of-its-covid-19-vaccines\\\/#primaryimage\"},\"thumbnailUrl\":\"https:\\\/\\\/oncubanews.com\\\/en\\\/wp-content\\\/uploads\\\/2021\\\/10\\\/e2925376ade32960753c5cf777cdfac7bc5fa911-750x434-1.jpg\",\"keywords\":[\"Cuban vaccine against COVID-19\"],\"articleSection\":[\"Coronavirus\"],\"inLanguage\":\"en-US\",\"potentialAction\":[{\"@type\":\"CommentAction\",\"name\":\"Comment\",\"target\":[\"https:\\\/\\\/oncubanews.com\\\/en\\\/coronavirus\\\/cuba-to-apply-booster-doses-of-its-covid-19-vaccines\\\/#respond\"]}],\"copyrightYear\":\"2021\",\"copyrightHolder\":{\"@id\":\"https:\\\/\\\/oncubanews.com\\\/en\\\/#organization\"}},{\"@type\":\"WebPage\",\"@id\":\"https:\\\/\\\/oncubanews.com\\\/en\\\/coronavirus\\\/cuba-to-apply-booster-doses-of-its-covid-19-vaccines\\\/\",\"url\":\"https:\\\/\\\/oncubanews.com\\\/en\\\/coronavirus\\\/cuba-to-apply-booster-doses-of-its-covid-19-vaccines\\\/\",\"name\":\"Cuba to apply booster doses of its COVID-19 vaccines | OnCubaNews English\",\"isPartOf\":{\"@id\":\"https:\\\/\\\/oncubanews.com\\\/en\\\/#website\"},\"primaryImageOfPage\":{\"@id\":\"https:\\\/\\\/oncubanews.com\\\/en\\\/coronavirus\\\/cuba-to-apply-booster-doses-of-its-covid-19-vaccines\\\/#primaryimage\"},\"image\":{\"@id\":\"https:\\\/\\\/oncubanews.com\\\/en\\\/coronavirus\\\/cuba-to-apply-booster-doses-of-its-covid-19-vaccines\\\/#primaryimage\"},\"thumbnailUrl\":\"https:\\\/\\\/oncubanews.com\\\/en\\\/wp-content\\\/uploads\\\/2021\\\/10\\\/e2925376ade32960753c5cf777cdfac7bc5fa911-750x434-1.jpg\",\"datePublished\":\"2021-10-13T16:14:20+00:00\",\"dateModified\":\"2021-10-13T16:51:02+00:00\",\"author\":{\"@id\":\"https:\\\/\\\/oncubanews.com\\\/en\\\/#\\\/schema\\\/person\\\/68eba7d13688d47079511e199d7027a1\"},\"description\":\"In addition, Cuban health authorities announced that they are considering conducting a clinical trial in children under 2 years of age as part of the mass immunization process against COVID-19.\",\"breadcrumb\":{\"@id\":\"https:\\\/\\\/oncubanews.com\\\/en\\\/coronavirus\\\/cuba-to-apply-booster-doses-of-its-covid-19-vaccines\\\/#breadcrumb\"},\"inLanguage\":\"en-US\",\"potentialAction\":[{\"@type\":\"ReadAction\",\"target\":[\"https:\\\/\\\/oncubanews.com\\\/en\\\/coronavirus\\\/cuba-to-apply-booster-doses-of-its-covid-19-vaccines\\\/\"]}]},{\"@type\":\"ImageObject\",\"inLanguage\":\"en-US\",\"@id\":\"https:\\\/\\\/oncubanews.com\\\/en\\\/coronavirus\\\/cuba-to-apply-booster-doses-of-its-covid-19-vaccines\\\/#primaryimage\",\"url\":\"https:\\\/\\\/oncubanews.com\\\/en\\\/wp-content\\\/uploads\\\/2021\\\/10\\\/e2925376ade32960753c5cf777cdfac7bc5fa911-750x434-1.jpg\",\"contentUrl\":\"https:\\\/\\\/oncubanews.com\\\/en\\\/wp-content\\\/uploads\\\/2021\\\/10\\\/e2925376ade32960753c5cf777cdfac7bc5fa911-750x434-1.jpg\",\"width\":750,\"height\":434,\"caption\":\"Cuban Public Health Minister Jos\u00e9 \u00c1ngel Portal (l) and the president of the BioCubaFarma business group, Eduardo Mart\u00ednez (r), participate in a press conference in Havana, on October 12, 2021, in which they announced that Cuba plans to apply booster doses of its own COVID-19 vaccines. Photo: Ernesto Mastrascusa\\\/EFE.\"},{\"@type\":\"BreadcrumbList\",\"@id\":\"https:\\\/\\\/oncubanews.com\\\/en\\\/coronavirus\\\/cuba-to-apply-booster-doses-of-its-covid-19-vaccines\\\/#breadcrumb\",\"itemListElement\":[{\"@type\":\"ListItem\",\"position\":1,\"name\":\"Portada\",\"item\":\"https:\\\/\\\/oncubanews.com\\\/en\\\/\"},{\"@type\":\"ListItem\",\"position\":2,\"name\":\"Cuba to apply booster doses of its COVID-19 vaccines\"}]},{\"@type\":\"WebSite\",\"@id\":\"https:\\\/\\\/oncubanews.com\\\/en\\\/#website\",\"url\":\"https:\\\/\\\/oncubanews.com\\\/en\\\/\",\"name\":\"OnCubaNews English\",\"description\":\"Revista sobre Cuba\",\"potentialAction\":[{\"@type\":\"SearchAction\",\"target\":{\"@type\":\"EntryPoint\",\"urlTemplate\":\"https:\\\/\\\/oncubanews.com\\\/en\\\/?s={search_term_string}\"},\"query-input\":{\"@type\":\"PropertyValueSpecification\",\"valueRequired\":true,\"valueName\":\"search_term_string\"}}],\"inLanguage\":\"en-US\"},{\"@type\":\"Person\",\"@id\":\"https:\\\/\\\/oncubanews.com\\\/en\\\/#\\\/schema\\\/person\\\/68eba7d13688d47079511e199d7027a1\",\"name\":\"ghtsyl\",\"image\":{\"@type\":\"ImageObject\",\"inLanguage\":\"en-US\",\"@id\":\"https:\\\/\\\/secure.gravatar.com\\\/avatar\\\/aa621867ee80322073ff21607dc117a68888c9f4f659e8765ddcabe0eddd1951?s=96&r=gf6b1d3e493f9196e98f780a0eebd2ce3\",\"url\":\"https:\\\/\\\/secure.gravatar.com\\\/avatar\\\/aa621867ee80322073ff21607dc117a68888c9f4f659e8765ddcabe0eddd1951?s=96&r=g\",\"contentUrl\":\"https:\\\/\\\/secure.gravatar.com\\\/avatar\\\/aa621867ee80322073ff21607dc117a68888c9f4f659e8765ddcabe0eddd1951?s=96&r=g\",\"caption\":\"ghtsyl\"},\"url\":\"https:\\\/\\\/oncubanews.com\\\/en\\\/author\\\/ghtsyltu\\\/\"}]}<\/script>\n<!-- \/ Yoast SEO plugin. -->","yoast_head_json":{"title":"Cuba to apply booster doses of its COVID-19 vaccines | OnCubaNews English","description":"In addition, Cuban health authorities announced that they are considering conducting a clinical trial in children under 2 years of age as part of the mass immunization process against COVID-19.","robots":{"index":"index","follow":"follow","max-snippet":"max-snippet:-1","max-image-preview":"max-image-preview:large","max-video-preview":"max-video-preview:-1"},"canonical":"https:\/\/oncubanews.com\/en\/coronavirus\/cuba-to-apply-booster-doses-of-its-covid-19-vaccines\/","og_locale":"en_US","og_type":"article","og_title":"Cuba to apply booster doses of its COVID-19 vaccines | OnCubaNews English","og_description":"In addition, Cuban health authorities announced that they are considering conducting a clinical trial in children under 2 years of age as part of the mass immunization process against COVID-19.","og_url":"https:\/\/oncubanews.com\/en\/coronavirus\/cuba-to-apply-booster-doses-of-its-covid-19-vaccines\/","og_site_name":"OnCubaNews English","article_published_time":"2021-10-13T16:14:20+00:00","article_modified_time":"2021-10-13T16:51:02+00:00","og_image":[{"width":750,"height":434,"url":"https:\/\/oncubanews.com\/en\/wp-content\/uploads\/2021\/10\/e2925376ade32960753c5cf777cdfac7bc5fa911-750x434-1.jpg","type":"image\/jpeg"}],"author":"EFE","twitter_card":"summary_large_image","twitter_misc":{"Written by":"ghtsyl","Est. reading time":"2 minutes"},"schema":{"@context":"https:\/\/schema.org","@graph":[{"@type":"Article","@id":"https:\/\/oncubanews.com\/en\/coronavirus\/cuba-to-apply-booster-doses-of-its-covid-19-vaccines\/#article","isPartOf":{"@id":"https:\/\/oncubanews.com\/en\/coronavirus\/cuba-to-apply-booster-doses-of-its-covid-19-vaccines\/"},"author":{"name":"ghtsyl","@id":"https:\/\/oncubanews.com\/en\/#\/schema\/person\/68eba7d13688d47079511e199d7027a1"},"headline":"Cuba to apply booster doses of its COVID-19 vaccines","datePublished":"2021-10-13T16:14:20+00:00","dateModified":"2021-10-13T16:51:02+00:00","mainEntityOfPage":{"@id":"https:\/\/oncubanews.com\/en\/coronavirus\/cuba-to-apply-booster-doses-of-its-covid-19-vaccines\/"},"wordCount":268,"commentCount":0,"image":{"@id":"https:\/\/oncubanews.com\/en\/coronavirus\/cuba-to-apply-booster-doses-of-its-covid-19-vaccines\/#primaryimage"},"thumbnailUrl":"https:\/\/oncubanews.com\/en\/wp-content\/uploads\/2021\/10\/e2925376ade32960753c5cf777cdfac7bc5fa911-750x434-1.jpg","keywords":["Cuban vaccine against COVID-19"],"articleSection":["Coronavirus"],"inLanguage":"en-US","potentialAction":[{"@type":"CommentAction","name":"Comment","target":["https:\/\/oncubanews.com\/en\/coronavirus\/cuba-to-apply-booster-doses-of-its-covid-19-vaccines\/#respond"]}],"copyrightYear":"2021","copyrightHolder":{"@id":"https:\/\/oncubanews.com\/en\/#organization"}},{"@type":"WebPage","@id":"https:\/\/oncubanews.com\/en\/coronavirus\/cuba-to-apply-booster-doses-of-its-covid-19-vaccines\/","url":"https:\/\/oncubanews.com\/en\/coronavirus\/cuba-to-apply-booster-doses-of-its-covid-19-vaccines\/","name":"Cuba to apply booster doses of its COVID-19 vaccines | OnCubaNews English","isPartOf":{"@id":"https:\/\/oncubanews.com\/en\/#website"},"primaryImageOfPage":{"@id":"https:\/\/oncubanews.com\/en\/coronavirus\/cuba-to-apply-booster-doses-of-its-covid-19-vaccines\/#primaryimage"},"image":{"@id":"https:\/\/oncubanews.com\/en\/coronavirus\/cuba-to-apply-booster-doses-of-its-covid-19-vaccines\/#primaryimage"},"thumbnailUrl":"https:\/\/oncubanews.com\/en\/wp-content\/uploads\/2021\/10\/e2925376ade32960753c5cf777cdfac7bc5fa911-750x434-1.jpg","datePublished":"2021-10-13T16:14:20+00:00","dateModified":"2021-10-13T16:51:02+00:00","author":{"@id":"https:\/\/oncubanews.com\/en\/#\/schema\/person\/68eba7d13688d47079511e199d7027a1"},"description":"In addition, Cuban health authorities announced that they are considering conducting a clinical trial in children under 2 years of age as part of the mass immunization process against COVID-19.","breadcrumb":{"@id":"https:\/\/oncubanews.com\/en\/coronavirus\/cuba-to-apply-booster-doses-of-its-covid-19-vaccines\/#breadcrumb"},"inLanguage":"en-US","potentialAction":[{"@type":"ReadAction","target":["https:\/\/oncubanews.com\/en\/coronavirus\/cuba-to-apply-booster-doses-of-its-covid-19-vaccines\/"]}]},{"@type":"ImageObject","inLanguage":"en-US","@id":"https:\/\/oncubanews.com\/en\/coronavirus\/cuba-to-apply-booster-doses-of-its-covid-19-vaccines\/#primaryimage","url":"https:\/\/oncubanews.com\/en\/wp-content\/uploads\/2021\/10\/e2925376ade32960753c5cf777cdfac7bc5fa911-750x434-1.jpg","contentUrl":"https:\/\/oncubanews.com\/en\/wp-content\/uploads\/2021\/10\/e2925376ade32960753c5cf777cdfac7bc5fa911-750x434-1.jpg","width":750,"height":434,"caption":"Cuban Public Health Minister Jos\u00e9 \u00c1ngel Portal (l) and the president of the BioCubaFarma business group, Eduardo Mart\u00ednez (r), participate in a press conference in Havana, on October 12, 2021, in which they announced that Cuba plans to apply booster doses of its own COVID-19 vaccines. Photo: Ernesto Mastrascusa\/EFE."},{"@type":"BreadcrumbList","@id":"https:\/\/oncubanews.com\/en\/coronavirus\/cuba-to-apply-booster-doses-of-its-covid-19-vaccines\/#breadcrumb","itemListElement":[{"@type":"ListItem","position":1,"name":"Portada","item":"https:\/\/oncubanews.com\/en\/"},{"@type":"ListItem","position":2,"name":"Cuba to apply booster doses of its COVID-19 vaccines"}]},{"@type":"WebSite","@id":"https:\/\/oncubanews.com\/en\/#website","url":"https:\/\/oncubanews.com\/en\/","name":"OnCubaNews English","description":"Revista sobre Cuba","potentialAction":[{"@type":"SearchAction","target":{"@type":"EntryPoint","urlTemplate":"https:\/\/oncubanews.com\/en\/?s={search_term_string}"},"query-input":{"@type":"PropertyValueSpecification","valueRequired":true,"valueName":"search_term_string"}}],"inLanguage":"en-US"},{"@type":"Person","@id":"https:\/\/oncubanews.com\/en\/#\/schema\/person\/68eba7d13688d47079511e199d7027a1","name":"ghtsyl","image":{"@type":"ImageObject","inLanguage":"en-US","@id":"https:\/\/secure.gravatar.com\/avatar\/aa621867ee80322073ff21607dc117a68888c9f4f659e8765ddcabe0eddd1951?s=96&r=gf6b1d3e493f9196e98f780a0eebd2ce3","url":"https:\/\/secure.gravatar.com\/avatar\/aa621867ee80322073ff21607dc117a68888c9f4f659e8765ddcabe0eddd1951?s=96&r=g","contentUrl":"https:\/\/secure.gravatar.com\/avatar\/aa621867ee80322073ff21607dc117a68888c9f4f659e8765ddcabe0eddd1951?s=96&r=g","caption":"ghtsyl"},"url":"https:\/\/oncubanews.com\/en\/author\/ghtsyltu\/"}]}},"authors":[{"term_id":17270,"user_id":0,"is_guest":1,"slug":"cap-efe","display_name":"EFE","avatar_url":"https:\/\/secure.gravatar.com\/avatar\/?s=96&r=g","0":null,"1":"","2":"","3":"","4":"","5":"","6":"","7":"","8":""}],"_links":{"self":[{"href":"https:\/\/oncubanews.com\/en\/wp-json\/wp\/v2\/posts\/244700","targetHints":{"allow":["GET"]}}],"collection":[{"href":"https:\/\/oncubanews.com\/en\/wp-json\/wp\/v2\/posts"}],"about":[{"href":"https:\/\/oncubanews.com\/en\/wp-json\/wp\/v2\/types\/post"}],"author":[{"embeddable":true,"href":"https:\/\/oncubanews.com\/en\/wp-json\/wp\/v2\/users\/3546"}],"replies":[{"embeddable":true,"href":"https:\/\/oncubanews.com\/en\/wp-json\/wp\/v2\/comments?post=244700"}],"version-history":[{"count":0,"href":"https:\/\/oncubanews.com\/en\/wp-json\/wp\/v2\/posts\/244700\/revisions"}],"wp:featuredmedia":[{"embeddable":true,"href":"https:\/\/oncubanews.com\/en\/wp-json\/wp\/v2\/media\/244702"}],"wp:attachment":[{"href":"https:\/\/oncubanews.com\/en\/wp-json\/wp\/v2\/media?parent=244700"}],"wp:term":[{"taxonomy":"category","embeddable":true,"href":"https:\/\/oncubanews.com\/en\/wp-json\/wp\/v2\/categories?post=244700"},{"taxonomy":"post_tag","embeddable":true,"href":"https:\/\/oncubanews.com\/en\/wp-json\/wp\/v2\/tags?post=244700"},{"taxonomy":"author","embeddable":true,"href":"https:\/\/oncubanews.com\/en\/wp-json\/wp\/v2\/ppma_author?post=244700"}],"curies":[{"name":"wp","href":"https:\/\/api.w.org\/{rel}","templated":true}]}}