
{"id":245074,"date":"2021-10-23T15:04:34","date_gmt":"2021-10-23T19:04:34","guid":{"rendered":"https:\/\/oncubanews.com\/en\/?p=245074"},"modified":"2021-10-23T15:04:34","modified_gmt":"2021-10-23T19:04:34","slug":"cuba-playwright-and-activist-yunior-garcia-responds-to-accredited-foreign-press","status":"publish","type":"post","link":"https:\/\/oncubanews.com\/en\/cuba\/cuba-playwright-and-activist-yunior-garcia-responds-to-accredited-foreign-press\/","title":{"rendered":"Cuba: playwright and activist Yunior Garc\u00eda responds to accredited foreign press"},"content":{"rendered":"<p><span style=\"font-weight: 400;\">Cuban playwright and activist Yunior Garc\u00eda, promoter of the \u201cpeaceful and civic\u201d march called for November 15, whose character <\/span><a href=\"https:\/\/oncubanews.com\/cuba\/cuba-fiscalia-publica-adviertencia-a-organizadores-de-marcha-anunciada-para-noviembre\/?amp\" target=\"_blank\" rel=\"noopener\"><span style=\"font-weight: 400;\">the Cuban prosecutor\u2019s office confirmed yesterday as \u201cillegal,\u201d<\/span><\/a><span style=\"font-weight: 400;\"> responded to questions put by the foreign press accredited on the island. This exchange was published by the Razones de Cuba official platform.<\/span><\/p>\n<p><span style=\"font-weight: 400;\">\u201cIf the Constitution is to be read that way, we are lost, because I know many decent people who voted for that Constitution thinking that it was a Constitution made so that the people could defend themselves from any type of oppression, including oppression from Power; but, if the reading that is going to be made is the opposite, that it is a State that uses the Constitution to protect itself from its own people, we are lost,\u201d he responded to one of the media present.<\/span><\/p>\n<p><iframe loading=\"lazy\" src=\"https:\/\/www.facebook.com\/plugins\/video.php?height=476&amp;href=https%3A%2F%2Fwww.facebook.com%2Frazonesdecuba%2Fvideos%2F1241598806354035%2F&amp;show_text=false&amp;width=267&amp;t=0\" width=\"267\" height=\"476\" frameborder=\"0\" scrolling=\"no\" allowfullscreen=\"allowfullscreen\" data-mce-fragment=\"1\"><\/iframe><\/p>\n<p>&nbsp;<\/p>\n<p><span style=\"font-weight: 400;\">In his words, the march called by the Archipelago space, is based on and contains a civic and peaceful essence, and the intention is to guarantee that it happens that way.<\/span><\/p>\n<p><span style=\"font-weight: 400;\">\u201cWithout violent slogans, without aggressiveness, dressed in white, with songs, with flowers to Mart\u00ed and ending with the national anthem that is everyone\u2019s anthem. That is the march we are calling. To those who call for violence, we tell them that the number one objective it has is to demonstrate against violence.\u201d<\/span><\/p>\n<p><span style=\"font-weight: 400;\">The meeting lasted 10 minutes and Garc\u00eda also referred to matters such as the fact that in the letters presented to the governors when they sought authorization for the march \u201cnowhere is there talk of changing socialism.\u201d<\/span><\/p>\n<p><span style=\"font-weight: 400;\">The meeting took place outside the Attention to Citizens Office of the Havana Provincial Prosecutor\u2019s Office, apparently minutes before the deputy chief prosecutor of the Havana Provincial Prosecutor\u2019s Office, Yahimara Angulo, declared that if the promoters of the march insisted on carrying it out despite the authorities\u2019 negative answer, they will face \u201clegal consequences that would mean promoting and carrying out illegal marches.\u201d<\/span><\/p>\n<blockquote class=\"wp-embedded-content\" data-secret=\"G76N9ek71F\"><p><a href=\"https:\/\/oncubanews.com\/cuba\/cuba-lider-de-archipielago-declara-que-marcharan-en-noviembre-pese-a-la-prohibicion-del-gobierno\/\">Cuba: l\u00edder de Archipi\u00e9lago declara que marchar\u00e1n en noviembre pese a la prohibici\u00f3n del Gobierno<\/a><\/p><\/blockquote>\n<p><iframe loading=\"lazy\" class=\"wp-embedded-content\" sandbox=\"allow-scripts\" security=\"restricted\" style=\"position: absolute; clip: rect(1px, 1px, 1px, 1px);\" title=\"\u00abCuba: l\u00edder de Archipi\u00e9lago declara que marchar\u00e1n en noviembre pese a la prohibici\u00f3n del Gobierno\u00bb \u2014 OnCubaNews\" src=\"https:\/\/oncubanews.com\/cuba\/cuba-lider-de-archipielago-declara-que-marcharan-en-noviembre-pese-a-la-prohibicion-del-gobierno\/embed\/#?secret=cmEc447P99#?secret=G76N9ek71F\" data-secret=\"G76N9ek71F\" width=\"500\" height=\"282\" frameborder=\"0\" marginwidth=\"0\" marginheight=\"0\" scrolling=\"no\"><\/iframe><\/p>\n<p><span style=\"font-weight: 400;\">\u201cCuba\u2019s future agenda has to be a collective construction, it has to be written jointly, it has to be the result of a consensus between different agendas and different ideas. My agenda is pluralism, that could be my agenda. My agenda is a real democracy, that democracy is a tired old story but for me it is the real participation of all citizens in the real reality of their country. And it is obvious that in Cuba there is a group of Cubans who are being discriminated against, who are not allowed to participate, who are stigmatized, demonized by power and that has to end,\u201d Yunior said.<\/span><\/p>\n<p><span style=\"font-weight: 400;\">To the question of one of the reporters regarding calls for violence by some organizations and people who have publicly supported the demonstration and have incited to join in a violent way, the playwright affirmed that the first objective of his call is to demonstrate against violence, \u201ctherefore, whoever is inciting violence, whoever wants to create chaos is not responding to the call that we have made since the first day this march was announced.\u201d\u00a0<\/span><\/p>\n<p><span style=\"font-weight: 400;\">\u201cWe cannot support violence, from one side or the other, violence is reprehensible from any side,\u201d said Yunior, responding to the question of whether they would be willing to do without these people and organizations in their convocation.<\/span><\/p>\n","protected":false},"excerpt":{"rendered":"<p>The Razones de Cuba platform put into circulation a video with the answers given yesterday by playwright Yunior Garc\u00eda to the foreign press accredited on the island<\/p>\n","protected":false},"author":3134,"featured_media":245077,"comment_status":"open","ping_status":"closed","sticky":false,"template":"","format":"standard","meta":{"_acf_changed":false,"footnotes":""},"categories":[13902],"tags":[34404,34383,33441],"ppma_author":[33546],"class_list":["post-245074","post","type-post","status-publish","format-standard","has-post-thumbnail","hentry","category-cuba","tag-15n","tag-july-11","tag-protests-in-cuba"],"acf":[],"yoast_head":"<!-- This site is optimized with the Yoast SEO plugin v27.3 - https:\/\/yoast.com\/product\/yoast-seo-wordpress\/ -->\n<title>Cuba: playwright and activist Yunior Garc\u00eda responds to accredited foreign press | OnCubaNews English<\/title>\n<meta name=\"description\" content=\"The Razones de Cuba platform put into circulation a video with the answers given yesterday by playwright Yunior Garc\u00eda to the foreign press accredited on the island\" \/>\n<meta name=\"robots\" content=\"index, follow, max-snippet:-1, max-image-preview:large, max-video-preview:-1\" \/>\n<link rel=\"canonical\" href=\"https:\/\/oncubanews.com\/en\/cuba\/cuba-playwright-and-activist-yunior-garcia-responds-to-accredited-foreign-press\/\" \/>\n<meta property=\"og:locale\" content=\"en_US\" \/>\n<meta property=\"og:type\" content=\"article\" \/>\n<meta property=\"og:title\" content=\"Cuba: playwright and activist Yunior Garc\u00eda responds to accredited foreign press | OnCubaNews English\" \/>\n<meta property=\"og:description\" content=\"The Razones de Cuba platform put into circulation a video with the answers given yesterday by playwright Yunior Garc\u00eda to the foreign press accredited on the island\" \/>\n<meta property=\"og:url\" content=\"https:\/\/oncubanews.com\/en\/cuba\/cuba-playwright-and-activist-yunior-garcia-responds-to-accredited-foreign-press\/\" \/>\n<meta property=\"og:site_name\" content=\"OnCubaNews English\" \/>\n<meta property=\"article:published_time\" content=\"2021-10-23T19:04:34+00:00\" \/>\n<meta property=\"og:image\" content=\"https:\/\/oncubanews.com\/en\/wp-content\/uploads\/2021\/10\/activista-y-dramaturgo-yunior-garcia-octubre-de-2021-750x528-1.jpg\" \/>\n\t<meta property=\"og:image:width\" content=\"750\" \/>\n\t<meta property=\"og:image:height\" content=\"528\" \/>\n\t<meta property=\"og:image:type\" content=\"image\/jpeg\" \/>\n<meta name=\"author\" content=\"OnCuba Staff\" \/>\n<meta name=\"twitter:card\" content=\"summary_large_image\" \/>\n<meta name=\"twitter:label1\" content=\"Written by\" \/>\n\t<meta name=\"twitter:data1\" content=\"OnCuba Staff\" \/>\n\t<meta name=\"twitter:label2\" content=\"Est. reading time\" \/>\n\t<meta name=\"twitter:data2\" content=\"3 minutes\" \/>\n<script type=\"application\/ld+json\" class=\"yoast-schema-graph\">{\"@context\":\"https:\\\/\\\/schema.org\",\"@graph\":[{\"@type\":\"Article\",\"@id\":\"https:\\\/\\\/oncubanews.com\\\/en\\\/cuba\\\/cuba-playwright-and-activist-yunior-garcia-responds-to-accredited-foreign-press\\\/#article\",\"isPartOf\":{\"@id\":\"https:\\\/\\\/oncubanews.com\\\/en\\\/cuba\\\/cuba-playwright-and-activist-yunior-garcia-responds-to-accredited-foreign-press\\\/\"},\"author\":{\"name\":\"OnCuba Staff\",\"@id\":\"https:\\\/\\\/oncubanews.com\\\/en\\\/#\\\/schema\\\/person\\\/d7171bf311032ab1f557dd8332e714af\"},\"headline\":\"Cuba: playwright and activist Yunior Garc\u00eda responds to accredited foreign press\",\"datePublished\":\"2021-10-23T19:04:34+00:00\",\"mainEntityOfPage\":{\"@id\":\"https:\\\/\\\/oncubanews.com\\\/en\\\/cuba\\\/cuba-playwright-and-activist-yunior-garcia-responds-to-accredited-foreign-press\\\/\"},\"wordCount\":562,\"commentCount\":0,\"image\":{\"@id\":\"https:\\\/\\\/oncubanews.com\\\/en\\\/cuba\\\/cuba-playwright-and-activist-yunior-garcia-responds-to-accredited-foreign-press\\\/#primaryimage\"},\"thumbnailUrl\":\"https:\\\/\\\/oncubanews.com\\\/en\\\/wp-content\\\/uploads\\\/2021\\\/10\\\/activista-y-dramaturgo-yunior-garcia-octubre-de-2021-750x528-1.jpg\",\"keywords\":[\"15N\",\"July 11\",\"protests in Cuba\"],\"articleSection\":[\"Cuba\"],\"inLanguage\":\"en-US\",\"potentialAction\":[{\"@type\":\"CommentAction\",\"name\":\"Comment\",\"target\":[\"https:\\\/\\\/oncubanews.com\\\/en\\\/cuba\\\/cuba-playwright-and-activist-yunior-garcia-responds-to-accredited-foreign-press\\\/#respond\"]}],\"copyrightYear\":\"2021\",\"copyrightHolder\":{\"@id\":\"https:\\\/\\\/oncubanews.com\\\/en\\\/#organization\"}},{\"@type\":\"WebPage\",\"@id\":\"https:\\\/\\\/oncubanews.com\\\/en\\\/cuba\\\/cuba-playwright-and-activist-yunior-garcia-responds-to-accredited-foreign-press\\\/\",\"url\":\"https:\\\/\\\/oncubanews.com\\\/en\\\/cuba\\\/cuba-playwright-and-activist-yunior-garcia-responds-to-accredited-foreign-press\\\/\",\"name\":\"Cuba: playwright and activist Yunior Garc\u00eda responds to accredited foreign press | OnCubaNews English\",\"isPartOf\":{\"@id\":\"https:\\\/\\\/oncubanews.com\\\/en\\\/#website\"},\"primaryImageOfPage\":{\"@id\":\"https:\\\/\\\/oncubanews.com\\\/en\\\/cuba\\\/cuba-playwright-and-activist-yunior-garcia-responds-to-accredited-foreign-press\\\/#primaryimage\"},\"image\":{\"@id\":\"https:\\\/\\\/oncubanews.com\\\/en\\\/cuba\\\/cuba-playwright-and-activist-yunior-garcia-responds-to-accredited-foreign-press\\\/#primaryimage\"},\"thumbnailUrl\":\"https:\\\/\\\/oncubanews.com\\\/en\\\/wp-content\\\/uploads\\\/2021\\\/10\\\/activista-y-dramaturgo-yunior-garcia-octubre-de-2021-750x528-1.jpg\",\"datePublished\":\"2021-10-23T19:04:34+00:00\",\"author\":{\"@id\":\"https:\\\/\\\/oncubanews.com\\\/en\\\/#\\\/schema\\\/person\\\/d7171bf311032ab1f557dd8332e714af\"},\"description\":\"The Razones de Cuba platform put into circulation a video with the answers given yesterday by playwright Yunior Garc\u00eda to the foreign press accredited on the island\",\"breadcrumb\":{\"@id\":\"https:\\\/\\\/oncubanews.com\\\/en\\\/cuba\\\/cuba-playwright-and-activist-yunior-garcia-responds-to-accredited-foreign-press\\\/#breadcrumb\"},\"inLanguage\":\"en-US\",\"potentialAction\":[{\"@type\":\"ReadAction\",\"target\":[\"https:\\\/\\\/oncubanews.com\\\/en\\\/cuba\\\/cuba-playwright-and-activist-yunior-garcia-responds-to-accredited-foreign-press\\\/\"]}]},{\"@type\":\"ImageObject\",\"inLanguage\":\"en-US\",\"@id\":\"https:\\\/\\\/oncubanews.com\\\/en\\\/cuba\\\/cuba-playwright-and-activist-yunior-garcia-responds-to-accredited-foreign-press\\\/#primaryimage\",\"url\":\"https:\\\/\\\/oncubanews.com\\\/en\\\/wp-content\\\/uploads\\\/2021\\\/10\\\/activista-y-dramaturgo-yunior-garcia-octubre-de-2021-750x528-1.jpg\",\"contentUrl\":\"https:\\\/\\\/oncubanews.com\\\/en\\\/wp-content\\\/uploads\\\/2021\\\/10\\\/activista-y-dramaturgo-yunior-garcia-octubre-de-2021-750x528-1.jpg\",\"width\":750,\"height\":528,\"caption\":\"Activist and playwright Yunior Garc\u00eda, one of the promoters of the march announced for November 15. Photo: screenshot of the video published by Razones de Cuba\"},{\"@type\":\"BreadcrumbList\",\"@id\":\"https:\\\/\\\/oncubanews.com\\\/en\\\/cuba\\\/cuba-playwright-and-activist-yunior-garcia-responds-to-accredited-foreign-press\\\/#breadcrumb\",\"itemListElement\":[{\"@type\":\"ListItem\",\"position\":1,\"name\":\"Portada\",\"item\":\"https:\\\/\\\/oncubanews.com\\\/en\\\/\"},{\"@type\":\"ListItem\",\"position\":2,\"name\":\"Cuba: playwright and activist Yunior Garc\u00eda responds to accredited foreign press\"}]},{\"@type\":\"WebSite\",\"@id\":\"https:\\\/\\\/oncubanews.com\\\/en\\\/#website\",\"url\":\"https:\\\/\\\/oncubanews.com\\\/en\\\/\",\"name\":\"OnCubaNews English\",\"description\":\"Revista sobre Cuba\",\"potentialAction\":[{\"@type\":\"SearchAction\",\"target\":{\"@type\":\"EntryPoint\",\"urlTemplate\":\"https:\\\/\\\/oncubanews.com\\\/en\\\/?s={search_term_string}\"},\"query-input\":{\"@type\":\"PropertyValueSpecification\",\"valueRequired\":true,\"valueName\":\"search_term_string\"}}],\"inLanguage\":\"en-US\"},{\"@type\":\"Person\",\"@id\":\"https:\\\/\\\/oncubanews.com\\\/en\\\/#\\\/schema\\\/person\\\/d7171bf311032ab1f557dd8332e714af\",\"name\":\"OnCuba Staff\",\"image\":{\"@type\":\"ImageObject\",\"inLanguage\":\"en-US\",\"@id\":\"https:\\\/\\\/secure.gravatar.com\\\/avatar\\\/4b4c4d6109baadde898bb1af22ea4a4af5f4417b86a5d1800bf17531bfb128fc?s=96&r=g17310096d4dde63ebae0e54fbb19218a\",\"url\":\"https:\\\/\\\/secure.gravatar.com\\\/avatar\\\/4b4c4d6109baadde898bb1af22ea4a4af5f4417b86a5d1800bf17531bfb128fc?s=96&r=g\",\"contentUrl\":\"https:\\\/\\\/secure.gravatar.com\\\/avatar\\\/4b4c4d6109baadde898bb1af22ea4a4af5f4417b86a5d1800bf17531bfb128fc?s=96&r=g\",\"caption\":\"OnCuba Staff\"},\"url\":\"https:\\\/\\\/oncubanews.com\\\/en\\\/author\\\/oncuba-editorial-staff\\\/\"}]}<\/script>\n<!-- \/ Yoast SEO plugin. -->","yoast_head_json":{"title":"Cuba: playwright and activist Yunior Garc\u00eda responds to accredited foreign press | OnCubaNews English","description":"The Razones de Cuba platform put into circulation a video with the answers given yesterday by playwright Yunior Garc\u00eda to the foreign press accredited on the island","robots":{"index":"index","follow":"follow","max-snippet":"max-snippet:-1","max-image-preview":"max-image-preview:large","max-video-preview":"max-video-preview:-1"},"canonical":"https:\/\/oncubanews.com\/en\/cuba\/cuba-playwright-and-activist-yunior-garcia-responds-to-accredited-foreign-press\/","og_locale":"en_US","og_type":"article","og_title":"Cuba: playwright and activist Yunior Garc\u00eda responds to accredited foreign press | OnCubaNews English","og_description":"The Razones de Cuba platform put into circulation a video with the answers given yesterday by playwright Yunior Garc\u00eda to the foreign press accredited on the island","og_url":"https:\/\/oncubanews.com\/en\/cuba\/cuba-playwright-and-activist-yunior-garcia-responds-to-accredited-foreign-press\/","og_site_name":"OnCubaNews English","article_published_time":"2021-10-23T19:04:34+00:00","og_image":[{"width":750,"height":528,"url":"https:\/\/oncubanews.com\/en\/wp-content\/uploads\/2021\/10\/activista-y-dramaturgo-yunior-garcia-octubre-de-2021-750x528-1.jpg","type":"image\/jpeg"}],"author":"OnCuba Staff","twitter_card":"summary_large_image","twitter_misc":{"Written by":"OnCuba Staff","Est. reading time":"3 minutes"},"schema":{"@context":"https:\/\/schema.org","@graph":[{"@type":"Article","@id":"https:\/\/oncubanews.com\/en\/cuba\/cuba-playwright-and-activist-yunior-garcia-responds-to-accredited-foreign-press\/#article","isPartOf":{"@id":"https:\/\/oncubanews.com\/en\/cuba\/cuba-playwright-and-activist-yunior-garcia-responds-to-accredited-foreign-press\/"},"author":{"name":"OnCuba Staff","@id":"https:\/\/oncubanews.com\/en\/#\/schema\/person\/d7171bf311032ab1f557dd8332e714af"},"headline":"Cuba: playwright and activist Yunior Garc\u00eda responds to accredited foreign press","datePublished":"2021-10-23T19:04:34+00:00","mainEntityOfPage":{"@id":"https:\/\/oncubanews.com\/en\/cuba\/cuba-playwright-and-activist-yunior-garcia-responds-to-accredited-foreign-press\/"},"wordCount":562,"commentCount":0,"image":{"@id":"https:\/\/oncubanews.com\/en\/cuba\/cuba-playwright-and-activist-yunior-garcia-responds-to-accredited-foreign-press\/#primaryimage"},"thumbnailUrl":"https:\/\/oncubanews.com\/en\/wp-content\/uploads\/2021\/10\/activista-y-dramaturgo-yunior-garcia-octubre-de-2021-750x528-1.jpg","keywords":["15N","July 11","protests in Cuba"],"articleSection":["Cuba"],"inLanguage":"en-US","potentialAction":[{"@type":"CommentAction","name":"Comment","target":["https:\/\/oncubanews.com\/en\/cuba\/cuba-playwright-and-activist-yunior-garcia-responds-to-accredited-foreign-press\/#respond"]}],"copyrightYear":"2021","copyrightHolder":{"@id":"https:\/\/oncubanews.com\/en\/#organization"}},{"@type":"WebPage","@id":"https:\/\/oncubanews.com\/en\/cuba\/cuba-playwright-and-activist-yunior-garcia-responds-to-accredited-foreign-press\/","url":"https:\/\/oncubanews.com\/en\/cuba\/cuba-playwright-and-activist-yunior-garcia-responds-to-accredited-foreign-press\/","name":"Cuba: playwright and activist Yunior Garc\u00eda responds to accredited foreign press | OnCubaNews English","isPartOf":{"@id":"https:\/\/oncubanews.com\/en\/#website"},"primaryImageOfPage":{"@id":"https:\/\/oncubanews.com\/en\/cuba\/cuba-playwright-and-activist-yunior-garcia-responds-to-accredited-foreign-press\/#primaryimage"},"image":{"@id":"https:\/\/oncubanews.com\/en\/cuba\/cuba-playwright-and-activist-yunior-garcia-responds-to-accredited-foreign-press\/#primaryimage"},"thumbnailUrl":"https:\/\/oncubanews.com\/en\/wp-content\/uploads\/2021\/10\/activista-y-dramaturgo-yunior-garcia-octubre-de-2021-750x528-1.jpg","datePublished":"2021-10-23T19:04:34+00:00","author":{"@id":"https:\/\/oncubanews.com\/en\/#\/schema\/person\/d7171bf311032ab1f557dd8332e714af"},"description":"The Razones de Cuba platform put into circulation a video with the answers given yesterday by playwright Yunior Garc\u00eda to the foreign press accredited on the island","breadcrumb":{"@id":"https:\/\/oncubanews.com\/en\/cuba\/cuba-playwright-and-activist-yunior-garcia-responds-to-accredited-foreign-press\/#breadcrumb"},"inLanguage":"en-US","potentialAction":[{"@type":"ReadAction","target":["https:\/\/oncubanews.com\/en\/cuba\/cuba-playwright-and-activist-yunior-garcia-responds-to-accredited-foreign-press\/"]}]},{"@type":"ImageObject","inLanguage":"en-US","@id":"https:\/\/oncubanews.com\/en\/cuba\/cuba-playwright-and-activist-yunior-garcia-responds-to-accredited-foreign-press\/#primaryimage","url":"https:\/\/oncubanews.com\/en\/wp-content\/uploads\/2021\/10\/activista-y-dramaturgo-yunior-garcia-octubre-de-2021-750x528-1.jpg","contentUrl":"https:\/\/oncubanews.com\/en\/wp-content\/uploads\/2021\/10\/activista-y-dramaturgo-yunior-garcia-octubre-de-2021-750x528-1.jpg","width":750,"height":528,"caption":"Activist and playwright Yunior Garc\u00eda, one of the promoters of the march announced for November 15. Photo: screenshot of the video published by Razones de Cuba"},{"@type":"BreadcrumbList","@id":"https:\/\/oncubanews.com\/en\/cuba\/cuba-playwright-and-activist-yunior-garcia-responds-to-accredited-foreign-press\/#breadcrumb","itemListElement":[{"@type":"ListItem","position":1,"name":"Portada","item":"https:\/\/oncubanews.com\/en\/"},{"@type":"ListItem","position":2,"name":"Cuba: playwright and activist Yunior Garc\u00eda responds to accredited foreign press"}]},{"@type":"WebSite","@id":"https:\/\/oncubanews.com\/en\/#website","url":"https:\/\/oncubanews.com\/en\/","name":"OnCubaNews English","description":"Revista sobre Cuba","potentialAction":[{"@type":"SearchAction","target":{"@type":"EntryPoint","urlTemplate":"https:\/\/oncubanews.com\/en\/?s={search_term_string}"},"query-input":{"@type":"PropertyValueSpecification","valueRequired":true,"valueName":"search_term_string"}}],"inLanguage":"en-US"},{"@type":"Person","@id":"https:\/\/oncubanews.com\/en\/#\/schema\/person\/d7171bf311032ab1f557dd8332e714af","name":"OnCuba Staff","image":{"@type":"ImageObject","inLanguage":"en-US","@id":"https:\/\/secure.gravatar.com\/avatar\/4b4c4d6109baadde898bb1af22ea4a4af5f4417b86a5d1800bf17531bfb128fc?s=96&r=g17310096d4dde63ebae0e54fbb19218a","url":"https:\/\/secure.gravatar.com\/avatar\/4b4c4d6109baadde898bb1af22ea4a4af5f4417b86a5d1800bf17531bfb128fc?s=96&r=g","contentUrl":"https:\/\/secure.gravatar.com\/avatar\/4b4c4d6109baadde898bb1af22ea4a4af5f4417b86a5d1800bf17531bfb128fc?s=96&r=g","caption":"OnCuba Staff"},"url":"https:\/\/oncubanews.com\/en\/author\/oncuba-editorial-staff\/"}]}},"authors":[{"term_id":33546,"user_id":3134,"is_guest":0,"slug":"oncuba-editorial-staff","display_name":"OnCuba Staff","avatar_url":"https:\/\/secure.gravatar.com\/avatar\/4b4c4d6109baadde898bb1af22ea4a4af5f4417b86a5d1800bf17531bfb128fc?s=96&r=g","0":null,"1":"","2":"","3":"","4":"","5":"","6":"","7":"","8":""}],"_links":{"self":[{"href":"https:\/\/oncubanews.com\/en\/wp-json\/wp\/v2\/posts\/245074","targetHints":{"allow":["GET"]}}],"collection":[{"href":"https:\/\/oncubanews.com\/en\/wp-json\/wp\/v2\/posts"}],"about":[{"href":"https:\/\/oncubanews.com\/en\/wp-json\/wp\/v2\/types\/post"}],"author":[{"embeddable":true,"href":"https:\/\/oncubanews.com\/en\/wp-json\/wp\/v2\/users\/3134"}],"replies":[{"embeddable":true,"href":"https:\/\/oncubanews.com\/en\/wp-json\/wp\/v2\/comments?post=245074"}],"version-history":[{"count":0,"href":"https:\/\/oncubanews.com\/en\/wp-json\/wp\/v2\/posts\/245074\/revisions"}],"wp:featuredmedia":[{"embeddable":true,"href":"https:\/\/oncubanews.com\/en\/wp-json\/wp\/v2\/media\/245077"}],"wp:attachment":[{"href":"https:\/\/oncubanews.com\/en\/wp-json\/wp\/v2\/media?parent=245074"}],"wp:term":[{"taxonomy":"category","embeddable":true,"href":"https:\/\/oncubanews.com\/en\/wp-json\/wp\/v2\/categories?post=245074"},{"taxonomy":"post_tag","embeddable":true,"href":"https:\/\/oncubanews.com\/en\/wp-json\/wp\/v2\/tags?post=245074"},{"taxonomy":"author","embeddable":true,"href":"https:\/\/oncubanews.com\/en\/wp-json\/wp\/v2\/ppma_author?post=245074"}],"curies":[{"name":"wp","href":"https:\/\/api.w.org\/{rel}","templated":true}]}}