
{"id":245181,"date":"2021-10-26T15:10:32","date_gmt":"2021-10-26T19:10:32","guid":{"rendered":"https:\/\/oncubanews.com\/en\/?p=245181"},"modified":"2021-10-26T15:10:32","modified_gmt":"2021-10-26T19:10:32","slug":"cuba-opens-with-two-wins-at-belgrade-world-boxing-cup","status":"publish","type":"post","link":"https:\/\/oncubanews.com\/en\/sports\/boxing\/cuba-opens-with-two-wins-at-belgrade-world-boxing-cup\/","title":{"rendered":"Cuba opens with two wins at Belgrade World Boxing Cup"},"content":{"rendered":"<p><span style=\"font-weight: 400;\">Two victories without defeats was the balance of the <\/span><a href=\"https:\/\/oncubanews.com\/en\/tag\/cuban-boxing\" target=\"_blank\" rel=\"noopener\"><span style=\"font-weight: 400;\">Cuban boxing team<\/span><\/a><span style=\"font-weight: 400;\"> on its first day at the World Championship, which is taking place in the city of Belgrade until next November 5.<\/span><\/p>\n<p><span style=\"font-weight: 400;\">Osbel Caballero (57 kg) and Kevin Brown (67 kg) were in charge of the island\u2019s debut in the tournament and achieved their triumphs without complications at the Serbian capital\u2019s Stark Arena.<\/span><\/p>\n<p><span style=\"font-weight: 400;\">Caballero defeated Azeri Umid Rustamov by unanimous vote of the judges (5-0). For this, \u201che relied on his quick entrances and exits to the hitting area, in addition to effectively hitting his repeated straight blows,\u201d according to a report by the Agencia Cubana de Noticias (ACN) news agency, according to which his opponent \u201ccould do very little because of the scarce boxing ABCs shown.\u201d<\/span><\/p>\n<p><span style=\"font-weight: 400;\">In his next fight, Caballero will face Iranian Sajad Mohammed on October 28, who was bye in the first round during the competition draw.<\/span><\/p>\n<blockquote class=\"twitter-tweet\" data-width=\"500\" data-dnt=\"true\" data-twitter-extracted-i1635275277567429906=\"true\">\n<p dir=\"ltr\" lang=\"es\"><a href=\"https:\/\/twitter.com\/hashtag\/Cuba?src=hash&amp;ref_src=twsrc%5Etfw\">#Cuba<\/a>\u00a0celebr\u00f3 dos triunfos en Campeonato Mundial de\u00a0<a href=\"https:\/\/twitter.com\/hashtag\/Boxeo?src=hash&amp;ref_src=twsrc%5Etfw\">#Boxeo<\/a>\u00a0iniciado hoy en\u00a0<a href=\"https:\/\/twitter.com\/hashtag\/Belgrado?src=hash&amp;ref_src=twsrc%5Etfw\">#Belgrado<\/a>, capital de\u00a0<a href=\"https:\/\/twitter.com\/hashtag\/Serbia?src=hash&amp;ref_src=twsrc%5Etfw\">#Serbia<\/a>:<br \/>\n57 kg: Osvel Caballero 5-0 a Umid Rustamov ( AZE )<br \/>\n67 kg: Kevin Brown ABA-1 a Josua Frazer (JAM)<a href=\"https:\/\/twitter.com\/hashtag\/Cuba?src=hash&amp;ref_src=twsrc%5Etfw\">#Cuba<\/a>\u00a0<a href=\"https:\/\/twitter.com\/hashtag\/BoxeoCubano?src=hash&amp;ref_src=twsrc%5Etfw\">#BoxeoCubano<\/a>\u00a0<a href=\"https:\/\/twitter.com\/hashtag\/InderCuba?src=hash&amp;ref_src=twsrc%5Etfw\">#InderCuba<\/a>\u00a0<a href=\"https:\/\/twitter.com\/hashtag\/AIBA?src=hash&amp;ref_src=twsrc%5Etfw\">#AIBA<\/a>\u00a0<a href=\"https:\/\/twitter.com\/AIBA_Boxing?ref_src=twsrc%5Etfw\">@AIBA_Boxing<\/a>\u00a0<a href=\"https:\/\/t.co\/Lxw4OPoSO3\">pic.twitter.com\/Lxw4OPoSO3<\/a><\/p>\n<p>\u2014 JIT Deporte Cubano (@jit_digital)\u00a0<a href=\"https:\/\/twitter.com\/jit_digital\/status\/1452738358606716936?ref_src=twsrc%5Etfw\">October 25, 2021<\/a><\/p><\/blockquote>\n<p><span style=\"font-weight: 400;\">For his part, Brown did not even have to fight to achieve victory, since his rival on Monday, the Jamaican Joshua Frazer, did not appear on the tarp. Thanks to this, he will arrive rested for his next fight, on the 28th, against Shain Boniface, from the Seychelles Islands, \u201cwhom he should beat without major setbacks,\u201d according to the ACN.<\/span><\/p>\n<p><span style=\"font-weight: 400;\">Two other Cuban boxers are scheduled to fight this Tuesday. In the 63.5 kg the Olympic and world champion Andy Cruz will cross gloves with the Panamanian Jonathan Miniel, while in the 75 kg Yoenlis Feliciano Hern\u00e1ndez will face the Brazilian Wanderlei Pereira.<\/span><\/p>\n<p><span style=\"font-weight: 400;\">Cuba is participating in the Belgrade World Boxing Cup with eight boxers, after four of those selected \u2014Yosbany Veit\u00eda, Dainier Per\u00f3, Dami\u00e1n Arce and Billy Rodr\u00edguez \u2014 <\/span><a href=\"https:\/\/oncubanews.com\/deportes\/boxeo\/cuatro-boxeadores-cubanos-se-pierden-el-mundial-por-covid-19\/\" target=\"_blank\" rel=\"noopener\"><span style=\"font-weight: 400;\">tested positive<\/span><\/a><span style=\"font-weight: 400;\"> for COVID-19. In addition, it will also suffer the absence of the stellar Arlen L\u00f3pez, who was dismissed from the team due to a \u201cdecline in his sporting form.\u201d<\/span><\/p>\n<p><span style=\"font-weight: 400;\">This world tournament presents a new format of 13 divisions, instead of the nine present in the Olympic Games, so these absences weigh down the aspiration to recover the scepter by countries in this event. In the previous edition, held in Yekaterinburg, Russia, in 2019, Cuba barely achieved one medal of each color and finished in fourth place by nations.<\/span><\/p>\n","protected":false},"excerpt":{"rendered":"<p>Osbel Caballero (57 kg) and Kevin Brown (67 kg) were in charge of the island\u2019s debut in the tournament and achieved their triumphs without complications at the Serbian capital\u2019s Stark Arena.<\/p>\n","protected":false},"author":3134,"featured_media":245183,"comment_status":"open","ping_status":"closed","sticky":false,"template":"","format":"standard","meta":{"_acf_changed":false,"footnotes":""},"categories":[13927],"tags":[24071,14967],"ppma_author":[33546],"class_list":["post-245181","post","type-post","status-publish","format-standard","has-post-thumbnail","hentry","category-boxing","tag-cuban-boxing","tag-cuban-sports"],"acf":[],"yoast_head":"<!-- This site is optimized with the Yoast SEO plugin v27.3 - https:\/\/yoast.com\/product\/yoast-seo-wordpress\/ -->\n<title>Cuba opens with two wins at Belgrade World Boxing Cup | OnCubaNews English<\/title>\n<meta name=\"description\" content=\"Osbel Caballero (57 kg) and Kevin Brown (67 kg) were in charge of the island\u2019s debut in the tournament and achieved their triumphs without complications at the Serbian capital\u2019s Stark Arena.\" \/>\n<meta name=\"robots\" content=\"index, follow, max-snippet:-1, max-image-preview:large, max-video-preview:-1\" \/>\n<link rel=\"canonical\" href=\"https:\/\/oncubanews.com\/en\/sports\/boxing\/cuba-opens-with-two-wins-at-belgrade-world-boxing-cup\/\" \/>\n<meta property=\"og:locale\" content=\"en_US\" \/>\n<meta property=\"og:type\" content=\"article\" \/>\n<meta property=\"og:title\" content=\"Cuba opens with two wins at Belgrade World Boxing Cup | OnCubaNews English\" \/>\n<meta property=\"og:description\" content=\"Osbel Caballero (57 kg) and Kevin Brown (67 kg) were in charge of the island\u2019s debut in the tournament and achieved their triumphs without complications at the Serbian capital\u2019s Stark Arena.\" \/>\n<meta property=\"og:url\" content=\"https:\/\/oncubanews.com\/en\/sports\/boxing\/cuba-opens-with-two-wins-at-belgrade-world-boxing-cup\/\" \/>\n<meta property=\"og:site_name\" content=\"OnCubaNews English\" \/>\n<meta property=\"article:published_time\" content=\"2021-10-26T19:10:32+00:00\" \/>\n<meta property=\"og:image\" content=\"https:\/\/oncubanews.com\/en\/wp-content\/uploads\/2021\/10\/juegos-panamericanos-lima-2019-3-750x500-1.jpg\" \/>\n\t<meta property=\"og:image:width\" content=\"750\" \/>\n\t<meta property=\"og:image:height\" content=\"500\" \/>\n\t<meta property=\"og:image:type\" content=\"image\/jpeg\" \/>\n<meta name=\"author\" content=\"OnCuba Staff\" \/>\n<meta name=\"twitter:card\" content=\"summary_large_image\" \/>\n<meta name=\"twitter:label1\" content=\"Written by\" \/>\n\t<meta name=\"twitter:data1\" content=\"OnCuba Staff\" \/>\n\t<meta name=\"twitter:label2\" content=\"Est. reading time\" \/>\n\t<meta name=\"twitter:data2\" content=\"2 minutes\" \/>\n<script type=\"application\/ld+json\" class=\"yoast-schema-graph\">{\"@context\":\"https:\\\/\\\/schema.org\",\"@graph\":[{\"@type\":\"Article\",\"@id\":\"https:\\\/\\\/oncubanews.com\\\/en\\\/sports\\\/boxing\\\/cuba-opens-with-two-wins-at-belgrade-world-boxing-cup\\\/#article\",\"isPartOf\":{\"@id\":\"https:\\\/\\\/oncubanews.com\\\/en\\\/sports\\\/boxing\\\/cuba-opens-with-two-wins-at-belgrade-world-boxing-cup\\\/\"},\"author\":{\"name\":\"OnCuba Staff\",\"@id\":\"https:\\\/\\\/oncubanews.com\\\/en\\\/#\\\/schema\\\/person\\\/d7171bf311032ab1f557dd8332e714af\"},\"headline\":\"Cuba opens with two wins at Belgrade World Boxing Cup\",\"datePublished\":\"2021-10-26T19:10:32+00:00\",\"mainEntityOfPage\":{\"@id\":\"https:\\\/\\\/oncubanews.com\\\/en\\\/sports\\\/boxing\\\/cuba-opens-with-two-wins-at-belgrade-world-boxing-cup\\\/\"},\"wordCount\":430,\"commentCount\":0,\"image\":{\"@id\":\"https:\\\/\\\/oncubanews.com\\\/en\\\/sports\\\/boxing\\\/cuba-opens-with-two-wins-at-belgrade-world-boxing-cup\\\/#primaryimage\"},\"thumbnailUrl\":\"https:\\\/\\\/oncubanews.com\\\/en\\\/wp-content\\\/uploads\\\/2021\\\/10\\\/juegos-panamericanos-lima-2019-3-750x500-1.jpg\",\"keywords\":[\"Cuban boxing\",\"Cuban sports\"],\"articleSection\":[\"Boxing\"],\"inLanguage\":\"en-US\",\"potentialAction\":[{\"@type\":\"CommentAction\",\"name\":\"Comment\",\"target\":[\"https:\\\/\\\/oncubanews.com\\\/en\\\/sports\\\/boxing\\\/cuba-opens-with-two-wins-at-belgrade-world-boxing-cup\\\/#respond\"]}],\"copyrightYear\":\"2021\",\"copyrightHolder\":{\"@id\":\"https:\\\/\\\/oncubanews.com\\\/en\\\/#organization\"}},{\"@type\":\"WebPage\",\"@id\":\"https:\\\/\\\/oncubanews.com\\\/en\\\/sports\\\/boxing\\\/cuba-opens-with-two-wins-at-belgrade-world-boxing-cup\\\/\",\"url\":\"https:\\\/\\\/oncubanews.com\\\/en\\\/sports\\\/boxing\\\/cuba-opens-with-two-wins-at-belgrade-world-boxing-cup\\\/\",\"name\":\"Cuba opens with two wins at Belgrade World Boxing Cup | OnCubaNews English\",\"isPartOf\":{\"@id\":\"https:\\\/\\\/oncubanews.com\\\/en\\\/#website\"},\"primaryImageOfPage\":{\"@id\":\"https:\\\/\\\/oncubanews.com\\\/en\\\/sports\\\/boxing\\\/cuba-opens-with-two-wins-at-belgrade-world-boxing-cup\\\/#primaryimage\"},\"image\":{\"@id\":\"https:\\\/\\\/oncubanews.com\\\/en\\\/sports\\\/boxing\\\/cuba-opens-with-two-wins-at-belgrade-world-boxing-cup\\\/#primaryimage\"},\"thumbnailUrl\":\"https:\\\/\\\/oncubanews.com\\\/en\\\/wp-content\\\/uploads\\\/2021\\\/10\\\/juegos-panamericanos-lima-2019-3-750x500-1.jpg\",\"datePublished\":\"2021-10-26T19:10:32+00:00\",\"author\":{\"@id\":\"https:\\\/\\\/oncubanews.com\\\/en\\\/#\\\/schema\\\/person\\\/d7171bf311032ab1f557dd8332e714af\"},\"description\":\"Osbel Caballero (57 kg) and Kevin Brown (67 kg) were in charge of the island\u2019s debut in the tournament and achieved their triumphs without complications at the Serbian capital\u2019s Stark Arena.\",\"breadcrumb\":{\"@id\":\"https:\\\/\\\/oncubanews.com\\\/en\\\/sports\\\/boxing\\\/cuba-opens-with-two-wins-at-belgrade-world-boxing-cup\\\/#breadcrumb\"},\"inLanguage\":\"en-US\",\"potentialAction\":[{\"@type\":\"ReadAction\",\"target\":[\"https:\\\/\\\/oncubanews.com\\\/en\\\/sports\\\/boxing\\\/cuba-opens-with-two-wins-at-belgrade-world-boxing-cup\\\/\"]}]},{\"@type\":\"ImageObject\",\"inLanguage\":\"en-US\",\"@id\":\"https:\\\/\\\/oncubanews.com\\\/en\\\/sports\\\/boxing\\\/cuba-opens-with-two-wins-at-belgrade-world-boxing-cup\\\/#primaryimage\",\"url\":\"https:\\\/\\\/oncubanews.com\\\/en\\\/wp-content\\\/uploads\\\/2021\\\/10\\\/juegos-panamericanos-lima-2019-3-750x500-1.jpg\",\"contentUrl\":\"https:\\\/\\\/oncubanews.com\\\/en\\\/wp-content\\\/uploads\\\/2021\\\/10\\\/juegos-panamericanos-lima-2019-3-750x500-1.jpg\",\"width\":750,\"height\":500,\"caption\":\"Cuban boxer Osvel Caballero celebrates his gold medal in the 56 kg at the Pan American Games in Lima 2019. Photo: Christian Ugarte\\\/EFE\\\/Archive.\"},{\"@type\":\"BreadcrumbList\",\"@id\":\"https:\\\/\\\/oncubanews.com\\\/en\\\/sports\\\/boxing\\\/cuba-opens-with-two-wins-at-belgrade-world-boxing-cup\\\/#breadcrumb\",\"itemListElement\":[{\"@type\":\"ListItem\",\"position\":1,\"name\":\"Portada\",\"item\":\"https:\\\/\\\/oncubanews.com\\\/en\\\/\"},{\"@type\":\"ListItem\",\"position\":2,\"name\":\"Cuba opens with two wins at Belgrade World Boxing Cup\"}]},{\"@type\":\"WebSite\",\"@id\":\"https:\\\/\\\/oncubanews.com\\\/en\\\/#website\",\"url\":\"https:\\\/\\\/oncubanews.com\\\/en\\\/\",\"name\":\"OnCubaNews English\",\"description\":\"Revista sobre Cuba\",\"potentialAction\":[{\"@type\":\"SearchAction\",\"target\":{\"@type\":\"EntryPoint\",\"urlTemplate\":\"https:\\\/\\\/oncubanews.com\\\/en\\\/?s={search_term_string}\"},\"query-input\":{\"@type\":\"PropertyValueSpecification\",\"valueRequired\":true,\"valueName\":\"search_term_string\"}}],\"inLanguage\":\"en-US\"},{\"@type\":\"Person\",\"@id\":\"https:\\\/\\\/oncubanews.com\\\/en\\\/#\\\/schema\\\/person\\\/d7171bf311032ab1f557dd8332e714af\",\"name\":\"OnCuba Staff\",\"image\":{\"@type\":\"ImageObject\",\"inLanguage\":\"en-US\",\"@id\":\"https:\\\/\\\/secure.gravatar.com\\\/avatar\\\/4b4c4d6109baadde898bb1af22ea4a4af5f4417b86a5d1800bf17531bfb128fc?s=96&r=g17310096d4dde63ebae0e54fbb19218a\",\"url\":\"https:\\\/\\\/secure.gravatar.com\\\/avatar\\\/4b4c4d6109baadde898bb1af22ea4a4af5f4417b86a5d1800bf17531bfb128fc?s=96&r=g\",\"contentUrl\":\"https:\\\/\\\/secure.gravatar.com\\\/avatar\\\/4b4c4d6109baadde898bb1af22ea4a4af5f4417b86a5d1800bf17531bfb128fc?s=96&r=g\",\"caption\":\"OnCuba Staff\"},\"url\":\"https:\\\/\\\/oncubanews.com\\\/en\\\/author\\\/oncuba-editorial-staff\\\/\"}]}<\/script>\n<!-- \/ Yoast SEO plugin. -->","yoast_head_json":{"title":"Cuba opens with two wins at Belgrade World Boxing Cup | OnCubaNews English","description":"Osbel Caballero (57 kg) and Kevin Brown (67 kg) were in charge of the island\u2019s debut in the tournament and achieved their triumphs without complications at the Serbian capital\u2019s Stark Arena.","robots":{"index":"index","follow":"follow","max-snippet":"max-snippet:-1","max-image-preview":"max-image-preview:large","max-video-preview":"max-video-preview:-1"},"canonical":"https:\/\/oncubanews.com\/en\/sports\/boxing\/cuba-opens-with-two-wins-at-belgrade-world-boxing-cup\/","og_locale":"en_US","og_type":"article","og_title":"Cuba opens with two wins at Belgrade World Boxing Cup | OnCubaNews English","og_description":"Osbel Caballero (57 kg) and Kevin Brown (67 kg) were in charge of the island\u2019s debut in the tournament and achieved their triumphs without complications at the Serbian capital\u2019s Stark Arena.","og_url":"https:\/\/oncubanews.com\/en\/sports\/boxing\/cuba-opens-with-two-wins-at-belgrade-world-boxing-cup\/","og_site_name":"OnCubaNews English","article_published_time":"2021-10-26T19:10:32+00:00","og_image":[{"width":750,"height":500,"url":"https:\/\/oncubanews.com\/en\/wp-content\/uploads\/2021\/10\/juegos-panamericanos-lima-2019-3-750x500-1.jpg","type":"image\/jpeg"}],"author":"OnCuba Staff","twitter_card":"summary_large_image","twitter_misc":{"Written by":"OnCuba Staff","Est. reading time":"2 minutes"},"schema":{"@context":"https:\/\/schema.org","@graph":[{"@type":"Article","@id":"https:\/\/oncubanews.com\/en\/sports\/boxing\/cuba-opens-with-two-wins-at-belgrade-world-boxing-cup\/#article","isPartOf":{"@id":"https:\/\/oncubanews.com\/en\/sports\/boxing\/cuba-opens-with-two-wins-at-belgrade-world-boxing-cup\/"},"author":{"name":"OnCuba Staff","@id":"https:\/\/oncubanews.com\/en\/#\/schema\/person\/d7171bf311032ab1f557dd8332e714af"},"headline":"Cuba opens with two wins at Belgrade World Boxing Cup","datePublished":"2021-10-26T19:10:32+00:00","mainEntityOfPage":{"@id":"https:\/\/oncubanews.com\/en\/sports\/boxing\/cuba-opens-with-two-wins-at-belgrade-world-boxing-cup\/"},"wordCount":430,"commentCount":0,"image":{"@id":"https:\/\/oncubanews.com\/en\/sports\/boxing\/cuba-opens-with-two-wins-at-belgrade-world-boxing-cup\/#primaryimage"},"thumbnailUrl":"https:\/\/oncubanews.com\/en\/wp-content\/uploads\/2021\/10\/juegos-panamericanos-lima-2019-3-750x500-1.jpg","keywords":["Cuban boxing","Cuban sports"],"articleSection":["Boxing"],"inLanguage":"en-US","potentialAction":[{"@type":"CommentAction","name":"Comment","target":["https:\/\/oncubanews.com\/en\/sports\/boxing\/cuba-opens-with-two-wins-at-belgrade-world-boxing-cup\/#respond"]}],"copyrightYear":"2021","copyrightHolder":{"@id":"https:\/\/oncubanews.com\/en\/#organization"}},{"@type":"WebPage","@id":"https:\/\/oncubanews.com\/en\/sports\/boxing\/cuba-opens-with-two-wins-at-belgrade-world-boxing-cup\/","url":"https:\/\/oncubanews.com\/en\/sports\/boxing\/cuba-opens-with-two-wins-at-belgrade-world-boxing-cup\/","name":"Cuba opens with two wins at Belgrade World Boxing Cup | OnCubaNews English","isPartOf":{"@id":"https:\/\/oncubanews.com\/en\/#website"},"primaryImageOfPage":{"@id":"https:\/\/oncubanews.com\/en\/sports\/boxing\/cuba-opens-with-two-wins-at-belgrade-world-boxing-cup\/#primaryimage"},"image":{"@id":"https:\/\/oncubanews.com\/en\/sports\/boxing\/cuba-opens-with-two-wins-at-belgrade-world-boxing-cup\/#primaryimage"},"thumbnailUrl":"https:\/\/oncubanews.com\/en\/wp-content\/uploads\/2021\/10\/juegos-panamericanos-lima-2019-3-750x500-1.jpg","datePublished":"2021-10-26T19:10:32+00:00","author":{"@id":"https:\/\/oncubanews.com\/en\/#\/schema\/person\/d7171bf311032ab1f557dd8332e714af"},"description":"Osbel Caballero (57 kg) and Kevin Brown (67 kg) were in charge of the island\u2019s debut in the tournament and achieved their triumphs without complications at the Serbian capital\u2019s Stark Arena.","breadcrumb":{"@id":"https:\/\/oncubanews.com\/en\/sports\/boxing\/cuba-opens-with-two-wins-at-belgrade-world-boxing-cup\/#breadcrumb"},"inLanguage":"en-US","potentialAction":[{"@type":"ReadAction","target":["https:\/\/oncubanews.com\/en\/sports\/boxing\/cuba-opens-with-two-wins-at-belgrade-world-boxing-cup\/"]}]},{"@type":"ImageObject","inLanguage":"en-US","@id":"https:\/\/oncubanews.com\/en\/sports\/boxing\/cuba-opens-with-two-wins-at-belgrade-world-boxing-cup\/#primaryimage","url":"https:\/\/oncubanews.com\/en\/wp-content\/uploads\/2021\/10\/juegos-panamericanos-lima-2019-3-750x500-1.jpg","contentUrl":"https:\/\/oncubanews.com\/en\/wp-content\/uploads\/2021\/10\/juegos-panamericanos-lima-2019-3-750x500-1.jpg","width":750,"height":500,"caption":"Cuban boxer Osvel Caballero celebrates his gold medal in the 56 kg at the Pan American Games in Lima 2019. Photo: Christian Ugarte\/EFE\/Archive."},{"@type":"BreadcrumbList","@id":"https:\/\/oncubanews.com\/en\/sports\/boxing\/cuba-opens-with-two-wins-at-belgrade-world-boxing-cup\/#breadcrumb","itemListElement":[{"@type":"ListItem","position":1,"name":"Portada","item":"https:\/\/oncubanews.com\/en\/"},{"@type":"ListItem","position":2,"name":"Cuba opens with two wins at Belgrade World Boxing Cup"}]},{"@type":"WebSite","@id":"https:\/\/oncubanews.com\/en\/#website","url":"https:\/\/oncubanews.com\/en\/","name":"OnCubaNews English","description":"Revista sobre Cuba","potentialAction":[{"@type":"SearchAction","target":{"@type":"EntryPoint","urlTemplate":"https:\/\/oncubanews.com\/en\/?s={search_term_string}"},"query-input":{"@type":"PropertyValueSpecification","valueRequired":true,"valueName":"search_term_string"}}],"inLanguage":"en-US"},{"@type":"Person","@id":"https:\/\/oncubanews.com\/en\/#\/schema\/person\/d7171bf311032ab1f557dd8332e714af","name":"OnCuba Staff","image":{"@type":"ImageObject","inLanguage":"en-US","@id":"https:\/\/secure.gravatar.com\/avatar\/4b4c4d6109baadde898bb1af22ea4a4af5f4417b86a5d1800bf17531bfb128fc?s=96&r=g17310096d4dde63ebae0e54fbb19218a","url":"https:\/\/secure.gravatar.com\/avatar\/4b4c4d6109baadde898bb1af22ea4a4af5f4417b86a5d1800bf17531bfb128fc?s=96&r=g","contentUrl":"https:\/\/secure.gravatar.com\/avatar\/4b4c4d6109baadde898bb1af22ea4a4af5f4417b86a5d1800bf17531bfb128fc?s=96&r=g","caption":"OnCuba Staff"},"url":"https:\/\/oncubanews.com\/en\/author\/oncuba-editorial-staff\/"}]}},"authors":[{"term_id":33546,"user_id":3134,"is_guest":0,"slug":"oncuba-editorial-staff","display_name":"OnCuba Staff","avatar_url":"https:\/\/secure.gravatar.com\/avatar\/4b4c4d6109baadde898bb1af22ea4a4af5f4417b86a5d1800bf17531bfb128fc?s=96&r=g","0":null,"1":"","2":"","3":"","4":"","5":"","6":"","7":"","8":""}],"_links":{"self":[{"href":"https:\/\/oncubanews.com\/en\/wp-json\/wp\/v2\/posts\/245181","targetHints":{"allow":["GET"]}}],"collection":[{"href":"https:\/\/oncubanews.com\/en\/wp-json\/wp\/v2\/posts"}],"about":[{"href":"https:\/\/oncubanews.com\/en\/wp-json\/wp\/v2\/types\/post"}],"author":[{"embeddable":true,"href":"https:\/\/oncubanews.com\/en\/wp-json\/wp\/v2\/users\/3134"}],"replies":[{"embeddable":true,"href":"https:\/\/oncubanews.com\/en\/wp-json\/wp\/v2\/comments?post=245181"}],"version-history":[{"count":0,"href":"https:\/\/oncubanews.com\/en\/wp-json\/wp\/v2\/posts\/245181\/revisions"}],"wp:featuredmedia":[{"embeddable":true,"href":"https:\/\/oncubanews.com\/en\/wp-json\/wp\/v2\/media\/245183"}],"wp:attachment":[{"href":"https:\/\/oncubanews.com\/en\/wp-json\/wp\/v2\/media?parent=245181"}],"wp:term":[{"taxonomy":"category","embeddable":true,"href":"https:\/\/oncubanews.com\/en\/wp-json\/wp\/v2\/categories?post=245181"},{"taxonomy":"post_tag","embeddable":true,"href":"https:\/\/oncubanews.com\/en\/wp-json\/wp\/v2\/tags?post=245181"},{"taxonomy":"author","embeddable":true,"href":"https:\/\/oncubanews.com\/en\/wp-json\/wp\/v2\/ppma_author?post=245181"}],"curies":[{"name":"wp","href":"https:\/\/api.w.org\/{rel}","templated":true}]}}