
{"id":245335,"date":"2021-11-01T10:27:59","date_gmt":"2021-11-01T14:27:59","guid":{"rendered":"https:\/\/oncubanews.com\/en\/?p=245335"},"modified":"2021-11-01T10:27:59","modified_gmt":"2021-11-01T14:27:59","slug":"vulnerability-to-covid-19-genetic-code-or-zip-code","status":"publish","type":"post","link":"https:\/\/oncubanews.com\/en\/opinion\/vulnerability-to-covid-19-genetic-code-or-zip-code\/","title":{"rendered":"Vulnerability to COVID-19: genetic code or zip code?"},"content":{"rendered":"<p><span style=\"font-weight: 400;\">A well-known aphorism states that \u201c<\/span><i><span style=\"font-weight: 400;\">your health cares more about the zip code than the genetic code<\/span><\/i><span style=\"font-weight: 400;\">,\u201d thereby underlining the importance of social factors along with biological factors in the field of medicine. The place where we live, as a reflection of the socio-economic situation in which we get along in life, affects health as much or more than genes. Perhaps it would be more correct to say \u201cgenetic sequence versus census tract\u201d; the recent <\/span><a href=\"https:\/\/oncubanews.com\/en\/coronavirus\/\" target=\"_blank\" rel=\"noopener\"><span style=\"font-weight: 400;\">pandemic<\/span><\/a><span style=\"font-weight: 400;\"> has corroborated this relationship.<\/span><\/p>\n<p><b>The COVID-19 Atlas in Havana.<\/b><\/p>\n<p><span style=\"font-weight: 400;\">The Faculty of Geography of the University of Havana presented at the end of March of this year an exciting atlas \u2014 <\/span><a href=\"http:\/\/www.libreriavirtualcuba.com\" target=\"_blank\" rel=\"noopener\"><span style=\"font-weight: 400;\">Havana: COVID-19 Atlas <\/span><\/a><span style=\"font-weight: 400;\">\u2014, of unquestionable interest not only for health but also in sociology. In seven chapters and 200 pages, about twenty authors and fifteen institutions unfold a descriptive and analytical tour of the first two waves of the pandemic in the city in 2020. The geographic focus constitutes the backbone of the description and of the analyses.<\/span><\/p>\n<p><span style=\"font-weight: 400;\">One of the first things that stands out is the abundance and diversity of the information collected for each of the city\u2019s health areas. Havana is covered by 82 health areas with quite dissimilar characteristics, according to the diversity of the capital\u2019s territory. The areas cover an average of about 27,000 inhabitants, but their size varies depending on the housing density that can range, at the municipal level, from 12 inhabitants per hectare in Habana del Este to 392 in Centro Habana.<\/span><\/p>\n<p><span style=\"font-weight: 400;\">In addition to collecting indicators of risk diseases and demographic data, it ventured into some new fields. For example, under the assumption that it will be more difficult to stay at home in areas of high overcrowding and high temperatures, the latter identified based on the digital processing of images from the thermal infrared sensor (TIRS) of the Landsat 8 satellite. Another innovative example is the analysis of inter-municipal urban mobility patterns based on cell phone traces in the telephone tower network. In fact, the monitoring of mobile phones can provide invaluable information in various fields of study, such as that of daily inter-municipal mobility.<\/span><\/p>\n<p><span style=\"font-weight: 400;\">As a result of the analysis of the available information, vulnerability to COVID-19 could be mapped at the health area scale, taking into account:<\/span><\/p>\n<ul>\n<li style=\"font-weight: 400;\" aria-level=\"1\"><span style=\"font-weight: 400;\">Biological: over 60 years and prevalence of chronic diseases (hypertension, diabetes, asthma&#8230;.)<\/span><\/li>\n<li style=\"font-weight: 400;\" aria-level=\"1\"><span style=\"font-weight: 400;\">Sociodemographic: density, overcrowding, number of precarious neighborhoods, number of services (such as centers that promote transmission).<\/span><\/li>\n<\/ul>\n<p><span style=\"font-weight: 400;\">In the mapping of the results, central municipalities such as Old Havana, Regla and Centro Habana stand out negatively, as well as some peripheral areas in Mariano, 10 de Octubre, Boyeros, La Lisa and San Miguel del Padr\u00f3n.<\/span><\/p>\n<p><span style=\"font-weight: 400;\">The last chapter of <strong>Havana: COVID-19 Atlas <\/strong>is specifically dedicated to vulnerability, the impact of <a href=\"https:\/\/oncubanews.com\/en\/tag\/coronavirus-in-cuba\/\" target=\"_blank\" rel=\"noopener\">COVID-19<\/a> and the resilience to the pandemic. To do this, four dimensions were analyzed and mapped in each health area:<\/span><\/p>\n<ul>\n<li style=\"font-weight: 400;\" aria-level=\"1\"><span style=\"font-weight: 400;\">Vulnerability to chronic diseases (hypertension, diabetes, asthma&#8230;.)<\/span><\/li>\n<li style=\"font-weight: 400;\" aria-level=\"1\"><span style=\"font-weight: 400;\">The incidence of the virus<\/span><\/li>\n<li style=\"font-weight: 400;\" aria-level=\"1\"><span style=\"font-weight: 400;\">Recovery of areas<\/span><\/li>\n<li style=\"font-weight: 400;\" aria-level=\"1\"><span style=\"font-weight: 400;\">The economic and infrastructure vulnerability by census tracts.<\/span><\/li>\n<\/ul>\n<p><span style=\"font-weight: 400;\">This last factor is extracted from the 2012 census information in each of the almost 3,000 districts of the city, of which 299 with high and 355 with very high vulnerability. Together, these two groups represent 22% of the city as a whole. Five indicators are selected from the census information:<\/span><\/p>\n<ul>\n<li style=\"font-weight: 400;\" aria-level=\"1\"><span style=\"font-weight: 400;\">Economic dependence (weight of the non-economically active population over the active one)<\/span><\/li>\n<li style=\"font-weight: 400;\" aria-level=\"1\"><span style=\"font-weight: 400;\">The rate of economic activity<\/span><\/li>\n<li style=\"font-weight: 400;\" aria-level=\"1\"><span style=\"font-weight: 400;\">The presence of precarious neighborhoods (with 50 homes or more) or precarious centers (less than 50), understood as physical precariousness, that is, with insufficient or poor housing and infrastructure.<\/span><\/li>\n<li style=\"font-weight: 400;\" aria-level=\"1\"><span style=\"font-weight: 400;\">The percentage of tenement houses and improvised dwellings over the total dwelling.<\/span><\/li>\n<li style=\"font-weight: 400;\" aria-level=\"1\"><span style=\"font-weight: 400;\">The percentage of homes with water outside the premises.<\/span><\/li>\n<\/ul>\n<p><span style=\"font-weight: 400;\">An economic and social vulnerability map of the province is drawn up with all this at the census tract scale, where a significant dispersion of these vulnerable areas, present in almost all municipalities, is confirmed. Unfortunately, the expected crossing of this level of vulnerability against that of incidence, in order to be able to verify the hypothesis that the incidence should have been higher in these vulnerable areas, does not exist.<\/span><\/p>\n<p><span style=\"font-weight: 400;\">There are only some general conclusions at the level of central, intermediate and peripheral areas or at the municipal level, but the issue is not addressed by vulnerable and non-vulnerable areas, which in fact could constitute the main interest of the study. Failure to do so with this approach may even hide some causal relationships, such as when a higher incidence of COVID-19 is found in black or mixed-race people when in reality it is a relationship between race and poverty; as well as between poverty and greater vulnerability to contagion.<\/span><\/p>\n<p><span style=\"font-weight: 400;\">Seen since October 2021, after having experienced the third and most serious wave of the summer of this year, in a way the atlas becomes an unfinished work. On the one hand, at the end of the statistics collected in November 2020, the study does not take into account the most serious period of the pandemic (which, in addition, presented morbidity and lethality characteristics different from the first waves: greater infections in pediatric ages, a predominance of symptomatic people, etc.). On the other hand, the verification of the hypothesis that related vulnerability with incidence was unfinished. Completion of the investigation with the most recent data would be very welcome.<\/span><\/p>\n<p><b>City and health<\/b><\/p>\n<p><span style=\"font-weight: 400;\">Reading the work will also follow some more general reflections. In the first place, it is appropriate to recall and underline the essential importance of properly adjusting the \u201cfocus\u201d \u2014 the scale \u2014 in the socio-geographic analyses. For example, at a time when Cuba is giving increasingly more importance to \u201cmunicipalization\u201d in the investigative approaches and in the formulation of social and economic policies, the limitation of boundaries can make phenomena such as intermunicipal mobility invisible, or that of the chains of infections where real cases are shown in which a single patient can generate chains of infections throughout the metropolitan territory. Processes that work at that level \u201cdisappear\u201d on smaller scales. At the other extreme, great care must be taken in choosing the geographic framework for statistical analyzes. Excessively large units of analysis can also disguise and hide undeniable realities. It is not the same to analyze vulnerability at the scale of large urban areas (central, intermediate, peripheral) or municipalities, as in smaller areas. At these larger scales, the statistical averages conceal the enormous differences that are found between smaller units such as health areas or census tracts. It is the well-known danger of \u201caverages,\u201d which tend to hide notable differences&#8230;<\/span><\/p>\n<p><span style=\"font-weight: 400;\">In terms of causal relationships, given that COVID-19 is transmitted by close contact, from its inception the main explanatory hypothesis for its greater or lesser incidence was generally population density. Little by little, as the pandemic was studied, this information was relativized and something that had already been repeatedly verified in other analyzes came to the fore: there was a much more explanatory factor constituted by the socioeconomic characteristics of the population and the environment in which they lived. Given the tendency towards territorial grouping of the population by similar socioeconomic levels (by social groups and classes, by national or migratory origin, etc.), a differentiated urban geography is generated that characterizes the territory socially and culturally. With this, the space becomes a powerful social marker.<\/span><\/p>\n<p><span style=\"font-weight: 400;\">One of the most interesting phenomena of Havana\u2019s social geography has been precisely the resounding change that occurred in the capital in the second half of the 20th century towards the homogenization of the different areas of the city in the capitalist stage. Now it was possible to find unhealthy tenement houses and health risk areas in privileged areas such as Vedado or Miramar, while highly qualified professionals could live in areas with difficult urban conditions. With this, the place of residence was losing social status significance. This process, however, has been reversing in the last decade with the emergence of private businesses and the rebirth of a real estate market based on the authorization for the buying and selling of housing. Phenomena of relocation due to socio-professional status and even gentrification processes have been gaining strength and resignifying many areas of the city.<\/span><\/p>\n<blockquote class=\"wp-embedded-content\" data-secret=\"nYmSedgXa9\"><p><a href=\"https:\/\/oncubanews.com\/opinion\/columnas\/la-habana-de-500\/la-habana-como-proyecto\/\">La Habana como proyecto<\/a><\/p><\/blockquote>\n<p><iframe loading=\"lazy\" class=\"wp-embedded-content\" sandbox=\"allow-scripts\" security=\"restricted\" style=\"position: absolute; clip: rect(1px, 1px, 1px, 1px);\" title=\"\u00abLa Habana como proyecto\u00bb \u2014 OnCubaNews\" src=\"https:\/\/oncubanews.com\/opinion\/columnas\/la-habana-de-500\/la-habana-como-proyecto\/embed\/#?secret=HEt58crNOo#?secret=nYmSedgXa9\" data-secret=\"nYmSedgXa9\" width=\"500\" height=\"282\" frameborder=\"0\" marginwidth=\"0\" marginheight=\"0\" scrolling=\"no\"><\/iframe><\/p>\n<p><span style=\"font-weight: 400;\">The urban geography of health is related to this. Today, in a \u201cfirst world\u201d city such as <\/span><a href=\"https:\/\/www.aspb.cat\/docs\/infodistrictes\/\" target=\"_blank\" rel=\"noopener\"><span style=\"font-weight: 400;\">Barcelona<\/span><\/a><span style=\"font-weight: 400;\">, \u200b\u200bthere are particularly striking social and health imbalances between the city\u2019s districts. The differences in life expectancy between areas of the same city reach 10 years, while although there are districts where teenage pregnancy no longer exists, in others it represents up to 36% of the total.<\/span><\/p>\n<p><span style=\"font-weight: 400;\">The same differences found in morbidity between first and third-world countries in treatable diseases such as tuberculosis due to imbalances between prevention mechanisms, early diagnosis and effective treatment possibilities, are also found within the cities. In Barcelona, \u200b\u200bfor example, out of every 10 cases of tuberculosis, four occur in the poorest neighborhoods. And Barcelona is no exception, this can be seen in most cities.<\/span><\/p>\n<p><span style=\"font-weight: 400;\">Even in those societies that enjoy a universal and free healthcare system like ours, living conditions mark the chances of contagion. Living in small and uncomfortable spaces promotes the spread by proximity, both within the home and in the neighborhood (families cannot be kept indoors with a minimum of conditions). They are areas where food intake is often worse, where the remoteness or inexistence of jobs and commercial facilities requires long journeys, increasing the probability of contagion, where the characteristics of the technical infrastructures are much more deficient&#8230; Not all of us are equal in relation to the virus, not only biologically but also socially.<\/span><\/p>\n<p><span style=\"font-weight: 400;\">An important conclusion can be drawn from this: as expert epidemiologist <\/span><a href=\"http:\/\/www.mediagraphic.com\" target=\"_blank\" rel=\"noopener\"><span style=\"font-weight: 400;\">Michael Marmot<\/span><\/a><span style=\"font-weight: 400;\"> says: \u201cIf the main determinants of health are social, so should be the remedies.\u201d Hence the extreme importance of attacking not only biological deficiencies and vulnerabilities but also social, economic and cultural ones. Once again it is shown that health is not only the responsibility of the health system.<\/span><\/p>\n","protected":false},"excerpt":{"rendered":"<p>We are not all the same when faced with the virus, not only biologically but also socially.<\/p>\n","protected":false},"author":3766,"featured_media":245337,"comment_status":"open","ping_status":"closed","sticky":false,"template":"","format":"standard","meta":{"_acf_changed":false,"footnotes":""},"categories":[14135],"tags":[29532,8863],"ppma_author":[34032],"class_list":["post-245335","post","type-post","status-publish","format-standard","has-post-thumbnail","hentry","category-opinion","tag-coronavirus-in-cuba","tag-cuban-society"],"acf":[],"yoast_head":"<!-- This site is optimized with the Yoast SEO plugin v27.3 - https:\/\/yoast.com\/product\/yoast-seo-wordpress\/ -->\n<title>Vulnerability to COVID-19: genetic code or zip code? | OnCubaNews English<\/title>\n<meta name=\"description\" content=\"We are not all the same when faced with the virus, not only biologically but also socially.\" \/>\n<meta name=\"robots\" content=\"index, follow, max-snippet:-1, max-image-preview:large, max-video-preview:-1\" \/>\n<link rel=\"canonical\" href=\"https:\/\/oncubanews.com\/en\/opinion\/vulnerability-to-covid-19-genetic-code-or-zip-code\/\" \/>\n<meta property=\"og:locale\" content=\"en_US\" \/>\n<meta property=\"og:type\" content=\"article\" \/>\n<meta property=\"og:title\" content=\"Vulnerability to COVID-19: genetic code or zip code? | OnCubaNews English\" \/>\n<meta property=\"og:description\" content=\"We are not all the same when faced with the virus, not only biologically but also socially.\" \/>\n<meta property=\"og:url\" content=\"https:\/\/oncubanews.com\/en\/opinion\/vulnerability-to-covid-19-genetic-code-or-zip-code\/\" \/>\n<meta property=\"og:site_name\" content=\"OnCubaNews English\" \/>\n<meta property=\"article:published_time\" content=\"2021-11-01T14:27:59+00:00\" \/>\n<meta property=\"og:image\" content=\"https:\/\/oncubanews.com\/en\/wp-content\/uploads\/2021\/11\/Ninos_otm_1-750x500-1.jpg\" \/>\n\t<meta property=\"og:image:width\" content=\"750\" \/>\n\t<meta property=\"og:image:height\" content=\"500\" \/>\n\t<meta property=\"og:image:type\" content=\"image\/jpeg\" \/>\n<meta name=\"author\" content=\"Carlos Garc\u00eda Pley\u00e1n\" \/>\n<meta name=\"twitter:card\" content=\"summary_large_image\" \/>\n<meta name=\"twitter:label1\" content=\"Written by\" \/>\n\t<meta name=\"twitter:data1\" content=\"Carlos Garc\u00eda Pley\u00e1n\" \/>\n\t<meta name=\"twitter:label2\" content=\"Est. reading time\" \/>\n\t<meta name=\"twitter:data2\" content=\"8 minutes\" \/>\n<script type=\"application\/ld+json\" class=\"yoast-schema-graph\">{\"@context\":\"https:\\\/\\\/schema.org\",\"@graph\":[{\"@type\":\"Article\",\"@id\":\"https:\\\/\\\/oncubanews.com\\\/en\\\/opinion\\\/vulnerability-to-covid-19-genetic-code-or-zip-code\\\/#article\",\"isPartOf\":{\"@id\":\"https:\\\/\\\/oncubanews.com\\\/en\\\/opinion\\\/vulnerability-to-covid-19-genetic-code-or-zip-code\\\/\"},\"author\":{\"name\":\"Carlos Garc\u00eda Pley\u00e1n\",\"@id\":\"https:\\\/\\\/oncubanews.com\\\/en\\\/#\\\/schema\\\/person\\\/f634edcf6cff63166a7173abd57b819c\"},\"headline\":\"Vulnerability to COVID-19: genetic code or zip code?\",\"datePublished\":\"2021-11-01T14:27:59+00:00\",\"mainEntityOfPage\":{\"@id\":\"https:\\\/\\\/oncubanews.com\\\/en\\\/opinion\\\/vulnerability-to-covid-19-genetic-code-or-zip-code\\\/\"},\"wordCount\":1655,\"commentCount\":0,\"image\":{\"@id\":\"https:\\\/\\\/oncubanews.com\\\/en\\\/opinion\\\/vulnerability-to-covid-19-genetic-code-or-zip-code\\\/#primaryimage\"},\"thumbnailUrl\":\"https:\\\/\\\/oncubanews.com\\\/en\\\/wp-content\\\/uploads\\\/2021\\\/11\\\/Ninos_otm_1-750x500-1.jpg\",\"keywords\":[\"coronavirus in Cuba\",\"cuban society\"],\"articleSection\":[\"Opinion\"],\"inLanguage\":\"en-US\",\"potentialAction\":[{\"@type\":\"CommentAction\",\"name\":\"Comment\",\"target\":[\"https:\\\/\\\/oncubanews.com\\\/en\\\/opinion\\\/vulnerability-to-covid-19-genetic-code-or-zip-code\\\/#respond\"]}],\"copyrightYear\":\"2021\",\"copyrightHolder\":{\"@id\":\"https:\\\/\\\/oncubanews.com\\\/en\\\/#organization\"}},{\"@type\":\"WebPage\",\"@id\":\"https:\\\/\\\/oncubanews.com\\\/en\\\/opinion\\\/vulnerability-to-covid-19-genetic-code-or-zip-code\\\/\",\"url\":\"https:\\\/\\\/oncubanews.com\\\/en\\\/opinion\\\/vulnerability-to-covid-19-genetic-code-or-zip-code\\\/\",\"name\":\"Vulnerability to COVID-19: genetic code or zip code? | OnCubaNews English\",\"isPartOf\":{\"@id\":\"https:\\\/\\\/oncubanews.com\\\/en\\\/#website\"},\"primaryImageOfPage\":{\"@id\":\"https:\\\/\\\/oncubanews.com\\\/en\\\/opinion\\\/vulnerability-to-covid-19-genetic-code-or-zip-code\\\/#primaryimage\"},\"image\":{\"@id\":\"https:\\\/\\\/oncubanews.com\\\/en\\\/opinion\\\/vulnerability-to-covid-19-genetic-code-or-zip-code\\\/#primaryimage\"},\"thumbnailUrl\":\"https:\\\/\\\/oncubanews.com\\\/en\\\/wp-content\\\/uploads\\\/2021\\\/11\\\/Ninos_otm_1-750x500-1.jpg\",\"datePublished\":\"2021-11-01T14:27:59+00:00\",\"author\":{\"@id\":\"https:\\\/\\\/oncubanews.com\\\/en\\\/#\\\/schema\\\/person\\\/f634edcf6cff63166a7173abd57b819c\"},\"description\":\"We are not all the same when faced with the virus, not only biologically but also socially.\",\"breadcrumb\":{\"@id\":\"https:\\\/\\\/oncubanews.com\\\/en\\\/opinion\\\/vulnerability-to-covid-19-genetic-code-or-zip-code\\\/#breadcrumb\"},\"inLanguage\":\"en-US\",\"potentialAction\":[{\"@type\":\"ReadAction\",\"target\":[\"https:\\\/\\\/oncubanews.com\\\/en\\\/opinion\\\/vulnerability-to-covid-19-genetic-code-or-zip-code\\\/\"]}]},{\"@type\":\"ImageObject\",\"inLanguage\":\"en-US\",\"@id\":\"https:\\\/\\\/oncubanews.com\\\/en\\\/opinion\\\/vulnerability-to-covid-19-genetic-code-or-zip-code\\\/#primaryimage\",\"url\":\"https:\\\/\\\/oncubanews.com\\\/en\\\/wp-content\\\/uploads\\\/2021\\\/11\\\/Ninos_otm_1-750x500-1.jpg\",\"contentUrl\":\"https:\\\/\\\/oncubanews.com\\\/en\\\/wp-content\\\/uploads\\\/2021\\\/11\\\/Ninos_otm_1-750x500-1.jpg\",\"width\":750,\"height\":500,\"caption\":\"Photo: Otmaro Rodr\u00edguez\"},{\"@type\":\"BreadcrumbList\",\"@id\":\"https:\\\/\\\/oncubanews.com\\\/en\\\/opinion\\\/vulnerability-to-covid-19-genetic-code-or-zip-code\\\/#breadcrumb\",\"itemListElement\":[{\"@type\":\"ListItem\",\"position\":1,\"name\":\"Portada\",\"item\":\"https:\\\/\\\/oncubanews.com\\\/en\\\/\"},{\"@type\":\"ListItem\",\"position\":2,\"name\":\"Vulnerability to COVID-19: genetic code or zip code?\"}]},{\"@type\":\"WebSite\",\"@id\":\"https:\\\/\\\/oncubanews.com\\\/en\\\/#website\",\"url\":\"https:\\\/\\\/oncubanews.com\\\/en\\\/\",\"name\":\"OnCubaNews English\",\"description\":\"Revista sobre Cuba\",\"potentialAction\":[{\"@type\":\"SearchAction\",\"target\":{\"@type\":\"EntryPoint\",\"urlTemplate\":\"https:\\\/\\\/oncubanews.com\\\/en\\\/?s={search_term_string}\"},\"query-input\":{\"@type\":\"PropertyValueSpecification\",\"valueRequired\":true,\"valueName\":\"search_term_string\"}}],\"inLanguage\":\"en-US\"},{\"@type\":\"Person\",\"@id\":\"https:\\\/\\\/oncubanews.com\\\/en\\\/#\\\/schema\\\/person\\\/f634edcf6cff63166a7173abd57b819c\",\"name\":\"Carlos Garc\u00eda Pley\u00e1n\",\"image\":{\"@type\":\"ImageObject\",\"inLanguage\":\"en-US\",\"@id\":\"https:\\\/\\\/oncubanews.com\\\/en\\\/wp-content\\\/uploads\\\/2019\\\/07\\\/pley\u00e1n1-96x96.jpg352848c760f99c101af73ce511be4b01\",\"url\":\"https:\\\/\\\/oncubanews.com\\\/en\\\/wp-content\\\/uploads\\\/2019\\\/07\\\/pley\u00e1n1-96x96.jpg\",\"contentUrl\":\"https:\\\/\\\/oncubanews.com\\\/en\\\/wp-content\\\/uploads\\\/2019\\\/07\\\/pley\u00e1n1-96x96.jpg\",\"caption\":\"Carlos Garc\u00eda Pley\u00e1n\"},\"description\":\"Barcelona, 1946. Soci\u00f3logo cubano. Doctor en ciencias t\u00e9cnicas, profesor e investigador titular. Trabaj\u00f3 durante treinta a\u00f1os en el campo del urbanismo y el ordenamiento territorial en el Instituto de Planificaci\u00f3n F\u00edsica y diez en la Agencia Suiza para el Desarrollo y la Cooperaci\u00f3n, COSUDE. Fue profesor en la Universidad Tecnol\u00f3gica de la Habana y la Universidad Polit\u00e9cnica de Catalu\u00f1a en Barcelona.\",\"url\":\"https:\\\/\\\/oncubanews.com\\\/en\\\/author\\\/cgpleyan1\\\/\"}]}<\/script>\n<!-- \/ Yoast SEO plugin. -->","yoast_head_json":{"title":"Vulnerability to COVID-19: genetic code or zip code? | OnCubaNews English","description":"We are not all the same when faced with the virus, not only biologically but also socially.","robots":{"index":"index","follow":"follow","max-snippet":"max-snippet:-1","max-image-preview":"max-image-preview:large","max-video-preview":"max-video-preview:-1"},"canonical":"https:\/\/oncubanews.com\/en\/opinion\/vulnerability-to-covid-19-genetic-code-or-zip-code\/","og_locale":"en_US","og_type":"article","og_title":"Vulnerability to COVID-19: genetic code or zip code? | OnCubaNews English","og_description":"We are not all the same when faced with the virus, not only biologically but also socially.","og_url":"https:\/\/oncubanews.com\/en\/opinion\/vulnerability-to-covid-19-genetic-code-or-zip-code\/","og_site_name":"OnCubaNews English","article_published_time":"2021-11-01T14:27:59+00:00","og_image":[{"width":750,"height":500,"url":"https:\/\/oncubanews.com\/en\/wp-content\/uploads\/2021\/11\/Ninos_otm_1-750x500-1.jpg","type":"image\/jpeg"}],"author":"Carlos Garc\u00eda Pley\u00e1n","twitter_card":"summary_large_image","twitter_misc":{"Written by":"Carlos Garc\u00eda Pley\u00e1n","Est. reading time":"8 minutes"},"schema":{"@context":"https:\/\/schema.org","@graph":[{"@type":"Article","@id":"https:\/\/oncubanews.com\/en\/opinion\/vulnerability-to-covid-19-genetic-code-or-zip-code\/#article","isPartOf":{"@id":"https:\/\/oncubanews.com\/en\/opinion\/vulnerability-to-covid-19-genetic-code-or-zip-code\/"},"author":{"name":"Carlos Garc\u00eda Pley\u00e1n","@id":"https:\/\/oncubanews.com\/en\/#\/schema\/person\/f634edcf6cff63166a7173abd57b819c"},"headline":"Vulnerability to COVID-19: genetic code or zip code?","datePublished":"2021-11-01T14:27:59+00:00","mainEntityOfPage":{"@id":"https:\/\/oncubanews.com\/en\/opinion\/vulnerability-to-covid-19-genetic-code-or-zip-code\/"},"wordCount":1655,"commentCount":0,"image":{"@id":"https:\/\/oncubanews.com\/en\/opinion\/vulnerability-to-covid-19-genetic-code-or-zip-code\/#primaryimage"},"thumbnailUrl":"https:\/\/oncubanews.com\/en\/wp-content\/uploads\/2021\/11\/Ninos_otm_1-750x500-1.jpg","keywords":["coronavirus in Cuba","cuban society"],"articleSection":["Opinion"],"inLanguage":"en-US","potentialAction":[{"@type":"CommentAction","name":"Comment","target":["https:\/\/oncubanews.com\/en\/opinion\/vulnerability-to-covid-19-genetic-code-or-zip-code\/#respond"]}],"copyrightYear":"2021","copyrightHolder":{"@id":"https:\/\/oncubanews.com\/en\/#organization"}},{"@type":"WebPage","@id":"https:\/\/oncubanews.com\/en\/opinion\/vulnerability-to-covid-19-genetic-code-or-zip-code\/","url":"https:\/\/oncubanews.com\/en\/opinion\/vulnerability-to-covid-19-genetic-code-or-zip-code\/","name":"Vulnerability to COVID-19: genetic code or zip code? | OnCubaNews English","isPartOf":{"@id":"https:\/\/oncubanews.com\/en\/#website"},"primaryImageOfPage":{"@id":"https:\/\/oncubanews.com\/en\/opinion\/vulnerability-to-covid-19-genetic-code-or-zip-code\/#primaryimage"},"image":{"@id":"https:\/\/oncubanews.com\/en\/opinion\/vulnerability-to-covid-19-genetic-code-or-zip-code\/#primaryimage"},"thumbnailUrl":"https:\/\/oncubanews.com\/en\/wp-content\/uploads\/2021\/11\/Ninos_otm_1-750x500-1.jpg","datePublished":"2021-11-01T14:27:59+00:00","author":{"@id":"https:\/\/oncubanews.com\/en\/#\/schema\/person\/f634edcf6cff63166a7173abd57b819c"},"description":"We are not all the same when faced with the virus, not only biologically but also socially.","breadcrumb":{"@id":"https:\/\/oncubanews.com\/en\/opinion\/vulnerability-to-covid-19-genetic-code-or-zip-code\/#breadcrumb"},"inLanguage":"en-US","potentialAction":[{"@type":"ReadAction","target":["https:\/\/oncubanews.com\/en\/opinion\/vulnerability-to-covid-19-genetic-code-or-zip-code\/"]}]},{"@type":"ImageObject","inLanguage":"en-US","@id":"https:\/\/oncubanews.com\/en\/opinion\/vulnerability-to-covid-19-genetic-code-or-zip-code\/#primaryimage","url":"https:\/\/oncubanews.com\/en\/wp-content\/uploads\/2021\/11\/Ninos_otm_1-750x500-1.jpg","contentUrl":"https:\/\/oncubanews.com\/en\/wp-content\/uploads\/2021\/11\/Ninos_otm_1-750x500-1.jpg","width":750,"height":500,"caption":"Photo: Otmaro Rodr\u00edguez"},{"@type":"BreadcrumbList","@id":"https:\/\/oncubanews.com\/en\/opinion\/vulnerability-to-covid-19-genetic-code-or-zip-code\/#breadcrumb","itemListElement":[{"@type":"ListItem","position":1,"name":"Portada","item":"https:\/\/oncubanews.com\/en\/"},{"@type":"ListItem","position":2,"name":"Vulnerability to COVID-19: genetic code or zip code?"}]},{"@type":"WebSite","@id":"https:\/\/oncubanews.com\/en\/#website","url":"https:\/\/oncubanews.com\/en\/","name":"OnCubaNews English","description":"Revista sobre Cuba","potentialAction":[{"@type":"SearchAction","target":{"@type":"EntryPoint","urlTemplate":"https:\/\/oncubanews.com\/en\/?s={search_term_string}"},"query-input":{"@type":"PropertyValueSpecification","valueRequired":true,"valueName":"search_term_string"}}],"inLanguage":"en-US"},{"@type":"Person","@id":"https:\/\/oncubanews.com\/en\/#\/schema\/person\/f634edcf6cff63166a7173abd57b819c","name":"Carlos Garc\u00eda Pley\u00e1n","image":{"@type":"ImageObject","inLanguage":"en-US","@id":"https:\/\/oncubanews.com\/en\/wp-content\/uploads\/2019\/07\/pley\u00e1n1-96x96.jpg352848c760f99c101af73ce511be4b01","url":"https:\/\/oncubanews.com\/en\/wp-content\/uploads\/2019\/07\/pley\u00e1n1-96x96.jpg","contentUrl":"https:\/\/oncubanews.com\/en\/wp-content\/uploads\/2019\/07\/pley\u00e1n1-96x96.jpg","caption":"Carlos Garc\u00eda Pley\u00e1n"},"description":"Barcelona, 1946. Soci\u00f3logo cubano. Doctor en ciencias t\u00e9cnicas, profesor e investigador titular. Trabaj\u00f3 durante treinta a\u00f1os en el campo del urbanismo y el ordenamiento territorial en el Instituto de Planificaci\u00f3n F\u00edsica y diez en la Agencia Suiza para el Desarrollo y la Cooperaci\u00f3n, COSUDE. Fue profesor en la Universidad Tecnol\u00f3gica de la Habana y la Universidad Polit\u00e9cnica de Catalu\u00f1a en Barcelona.","url":"https:\/\/oncubanews.com\/en\/author\/cgpleyan1\/"}]}},"authors":[{"term_id":34032,"user_id":3766,"is_guest":0,"slug":"cgpleyan1","display_name":"Carlos Garc\u00eda Pley\u00e1n","avatar_url":"https:\/\/oncubanews.com\/en\/wp-content\/uploads\/2019\/07\/pley\u00e1n1-96x96.jpg","0":null,"1":"","2":"","3":"","4":"","5":"","6":"","7":"","8":""}],"_links":{"self":[{"href":"https:\/\/oncubanews.com\/en\/wp-json\/wp\/v2\/posts\/245335","targetHints":{"allow":["GET"]}}],"collection":[{"href":"https:\/\/oncubanews.com\/en\/wp-json\/wp\/v2\/posts"}],"about":[{"href":"https:\/\/oncubanews.com\/en\/wp-json\/wp\/v2\/types\/post"}],"author":[{"embeddable":true,"href":"https:\/\/oncubanews.com\/en\/wp-json\/wp\/v2\/users\/3766"}],"replies":[{"embeddable":true,"href":"https:\/\/oncubanews.com\/en\/wp-json\/wp\/v2\/comments?post=245335"}],"version-history":[{"count":0,"href":"https:\/\/oncubanews.com\/en\/wp-json\/wp\/v2\/posts\/245335\/revisions"}],"wp:featuredmedia":[{"embeddable":true,"href":"https:\/\/oncubanews.com\/en\/wp-json\/wp\/v2\/media\/245337"}],"wp:attachment":[{"href":"https:\/\/oncubanews.com\/en\/wp-json\/wp\/v2\/media?parent=245335"}],"wp:term":[{"taxonomy":"category","embeddable":true,"href":"https:\/\/oncubanews.com\/en\/wp-json\/wp\/v2\/categories?post=245335"},{"taxonomy":"post_tag","embeddable":true,"href":"https:\/\/oncubanews.com\/en\/wp-json\/wp\/v2\/tags?post=245335"},{"taxonomy":"author","embeddable":true,"href":"https:\/\/oncubanews.com\/en\/wp-json\/wp\/v2\/ppma_author?post=245335"}],"curies":[{"name":"wp","href":"https:\/\/api.w.org\/{rel}","templated":true}]}}