
{"id":245366,"date":"2021-11-02T15:21:45","date_gmt":"2021-11-02T19:21:45","guid":{"rendered":"https:\/\/oncubanews.com\/en\/?p=245366"},"modified":"2021-11-02T15:21:45","modified_gmt":"2021-11-02T19:21:45","slug":"minister-of-domestic-trade-denies-elimination-of-medical-diets-in-cuba","status":"publish","type":"post","link":"https:\/\/oncubanews.com\/en\/cuba\/minister-of-domestic-trade-denies-elimination-of-medical-diets-in-cuba\/","title":{"rendered":"Minister of domestic trade denies elimination of medical diets in Cuba"},"content":{"rendered":"<p><span style=\"font-weight: 400;\">The head of Cuba\u2019s <a href=\"https:\/\/oncubanews.com\/en\/tag\/cuban-ministry-of-internal-trade\" target=\"_blank\" rel=\"noopener\">Ministry of Domestic Trade (MINCIN)<\/a>, Betsy D\u00edaz Vel\u00e1zquez, <\/span><a href=\"http:\/\/www.acn.cu\/cuba\/86504-ministra-de-comercio-interior-esclarece-situacion-con-dietas-medicas-y-otros-alimentos\" target=\"_blank\" rel=\"noopener\"><span style=\"font-weight: 400;\">assured<\/span><\/a><span style=\"font-weight: 400;\"> the island\u2019s official media that the news that medical diets that are delivered in the country to people with different ailments have been eliminated are false.<\/span><\/p>\n<p><span style=\"font-weight: 400;\">The rumors arose from the months-long delay in the delivery of the foods that make up the diets, which are due to problems with the shipment of the products from the ports of origin, explained the minister.<\/span><\/p>\n<p><span style=\"font-weight: 400;\">As D\u00edaz Vel\u00e1zquez commented to the <\/span><a href=\"http:\/\/www.acn.cu\/cuba\/86504-ministra-de-comercio-interior-esclarece-situacion-con-dietas-medicas-y-otros-alimentos\" target=\"_blank\" rel=\"noopener\"><span style=\"font-weight: 400;\">Agencia Cubana de Noticias (ACN)<\/span><\/a><span style=\"font-weight: 400;\"> news agency, since September, there has been a deficit in imports of powdered milk, which gets to the country from abroad, with which mainly the provinces of Havana, Santiago de Cuba, Holgu\u00edn, Pinar del R\u00edo and Guant\u00e1namo have been affected.<\/span><\/p>\n<p><span style=\"font-weight: 400;\">Due to this situation, the deficit must be maintained and there will be no imported powdered milk in the coming month of November either, according to the minister, who stated that this is a consequence of the fact that due to the U.S. embargo this product is imported from faraway places such as New Zealand.<\/span><\/p>\n<blockquote class=\"twitter-tweet\" data-width=\"500\" data-dnt=\"true\">\n<p lang=\"es\" dir=\"ltr\">\u00bfC\u00f3mo marcha la distribuci\u00f3n de algunos productos a la poblaci\u00f3n de la capital?<a href=\"https:\/\/twitter.com\/hashtag\/ComercioCuba?src=hash&amp;ref_src=twsrc%5Etfw\">#ComercioCuba<\/a> <a href=\"https:\/\/twitter.com\/PresidenciaCuba?ref_src=twsrc%5Etfw\">@PresidenciaCuba<\/a> <a href=\"https:\/\/twitter.com\/MMarreroCruz?ref_src=twsrc%5Etfw\">@MMarreroCruz<\/a> @LuisTFonseca <a href=\"https:\/\/twitter.com\/BetsyDazVelzqu2?ref_src=twsrc%5Etfw\">@BetsyDazVelzqu2<\/a> <br \/>\u2b07\ufe0f\u2b07\ufe0f\u2b07\ufe0f<a href=\"https:\/\/t.co\/HBOzSizkaw\">https:\/\/t.co\/HBOzSizkaw<\/a><\/p>\n<p>&mdash; Comercio Cuba (@MincinCuba) <a href=\"https:\/\/twitter.com\/MincinCuba\/status\/1454176211488358406?ref_src=twsrc%5Etfw\">October 29, 2021<\/a><\/p><\/blockquote>\n<p><script async src=\"https:\/\/platform.twitter.com\/widgets.js\" charset=\"utf-8\"><\/script><\/p>\n<p><span style=\"font-weight: 400;\">The official media added that in October an attempt has been made to ensure milk for children from 0 to 6 years of age, as well as for pregnant women with a medical prescription.<\/span><\/p>\n<p><span style=\"font-weight: 400;\">A similar situation has occurred with other products such as chicken and rice, of which the distribution in several provinces has also been affected. For this, \u201cother alternatives\u201d have been sought and in the coming weeks \u201cthis problem will be gradually resolved,\u201d explained the minister.<\/span><\/p>\n<p><span style=\"font-weight: 400;\">Cuba is going through a severe economic crisis, marked by shortages of basic products and rising inflation, and accentuated by the pandemic and the U.S. sanctions. Faced with this scenario, the island\u2019s authorities have taken a group of measures to increase productivity, which have not yet shown the expected results, and have announced the large-scale reopening of tourism as of mid-November.<\/span><\/p>\n","protected":false},"excerpt":{"rendered":"<p>The rumors arose from the months-long delay in the delivery of the foods that make up the diets, which are due to problems with the shipment of the products from the ports of origin, explained the head of the Ministry of Domestic Trade.<\/p>\n","protected":false},"author":3134,"featured_media":245368,"comment_status":"open","ping_status":"closed","sticky":false,"template":"","format":"standard","meta":{"_acf_changed":false,"footnotes":""},"categories":[13902],"tags":[17927,18961,8859,34406],"ppma_author":[33546],"class_list":["post-245366","post","type-post","status-publish","format-standard","has-post-thumbnail","hentry","category-cuba","tag-commerce-in-cuba","tag-cuban-government","tag-cuban-ministry-of-internal-trade","tag-medical-diet"],"acf":[],"yoast_head":"<!-- This site is optimized with the Yoast SEO plugin v27.3 - https:\/\/yoast.com\/product\/yoast-seo-wordpress\/ -->\n<title>Minister of domestic trade denies elimination of medical diets in Cuba | OnCubaNews English<\/title>\n<meta name=\"description\" content=\"The rumors arose from the months-long delay in the delivery of the foods that make up the diets, which are due to problems with the shipment.\" \/>\n<meta name=\"robots\" content=\"index, follow, max-snippet:-1, max-image-preview:large, max-video-preview:-1\" \/>\n<link rel=\"canonical\" href=\"https:\/\/oncubanews.com\/en\/cuba\/minister-of-domestic-trade-denies-elimination-of-medical-diets-in-cuba\/\" \/>\n<meta property=\"og:locale\" content=\"en_US\" \/>\n<meta property=\"og:type\" content=\"article\" \/>\n<meta property=\"og:title\" content=\"Minister of domestic trade denies elimination of medical diets in Cuba | OnCubaNews English\" \/>\n<meta property=\"og:description\" content=\"The rumors arose from the months-long delay in the delivery of the foods that make up the diets, which are due to problems with the shipment.\" \/>\n<meta property=\"og:url\" content=\"https:\/\/oncubanews.com\/en\/cuba\/minister-of-domestic-trade-denies-elimination-of-medical-diets-in-cuba\/\" \/>\n<meta property=\"og:site_name\" content=\"OnCubaNews English\" \/>\n<meta property=\"article:published_time\" content=\"2021-11-02T19:21:45+00:00\" \/>\n<meta property=\"og:image\" content=\"https:\/\/oncubanews.com\/en\/wp-content\/uploads\/2021\/11\/Leche-de-dieta-cuba-alimentos-mincin-750x437-1.jpg\" \/>\n\t<meta property=\"og:image:width\" content=\"750\" \/>\n\t<meta property=\"og:image:height\" content=\"437\" \/>\n\t<meta property=\"og:image:type\" content=\"image\/jpeg\" \/>\n<meta name=\"author\" content=\"OnCuba Staff\" \/>\n<meta name=\"twitter:card\" content=\"summary_large_image\" \/>\n<meta name=\"twitter:label1\" content=\"Written by\" \/>\n\t<meta name=\"twitter:data1\" content=\"OnCuba Staff\" \/>\n\t<meta name=\"twitter:label2\" content=\"Est. reading time\" \/>\n\t<meta name=\"twitter:data2\" content=\"2 minutes\" \/>\n<script type=\"application\/ld+json\" class=\"yoast-schema-graph\">{\"@context\":\"https:\\\/\\\/schema.org\",\"@graph\":[{\"@type\":\"Article\",\"@id\":\"https:\\\/\\\/oncubanews.com\\\/en\\\/cuba\\\/minister-of-domestic-trade-denies-elimination-of-medical-diets-in-cuba\\\/#article\",\"isPartOf\":{\"@id\":\"https:\\\/\\\/oncubanews.com\\\/en\\\/cuba\\\/minister-of-domestic-trade-denies-elimination-of-medical-diets-in-cuba\\\/\"},\"author\":{\"name\":\"OnCuba Staff\",\"@id\":\"https:\\\/\\\/oncubanews.com\\\/en\\\/#\\\/schema\\\/person\\\/d7171bf311032ab1f557dd8332e714af\"},\"headline\":\"Minister of domestic trade denies elimination of medical diets in Cuba\",\"datePublished\":\"2021-11-02T19:21:45+00:00\",\"mainEntityOfPage\":{\"@id\":\"https:\\\/\\\/oncubanews.com\\\/en\\\/cuba\\\/minister-of-domestic-trade-denies-elimination-of-medical-diets-in-cuba\\\/\"},\"wordCount\":371,\"commentCount\":0,\"image\":{\"@id\":\"https:\\\/\\\/oncubanews.com\\\/en\\\/cuba\\\/minister-of-domestic-trade-denies-elimination-of-medical-diets-in-cuba\\\/#primaryimage\"},\"thumbnailUrl\":\"https:\\\/\\\/oncubanews.com\\\/en\\\/wp-content\\\/uploads\\\/2021\\\/11\\\/Leche-de-dieta-cuba-alimentos-mincin-750x437-1.jpg\",\"keywords\":[\"commerce in Cuba\",\"cuban government\",\"Cuban Ministry of Internal Trade\",\"medical diet\"],\"articleSection\":[\"Cuba\"],\"inLanguage\":\"en-US\",\"potentialAction\":[{\"@type\":\"CommentAction\",\"name\":\"Comment\",\"target\":[\"https:\\\/\\\/oncubanews.com\\\/en\\\/cuba\\\/minister-of-domestic-trade-denies-elimination-of-medical-diets-in-cuba\\\/#respond\"]}],\"copyrightYear\":\"2021\",\"copyrightHolder\":{\"@id\":\"https:\\\/\\\/oncubanews.com\\\/en\\\/#organization\"}},{\"@type\":\"WebPage\",\"@id\":\"https:\\\/\\\/oncubanews.com\\\/en\\\/cuba\\\/minister-of-domestic-trade-denies-elimination-of-medical-diets-in-cuba\\\/\",\"url\":\"https:\\\/\\\/oncubanews.com\\\/en\\\/cuba\\\/minister-of-domestic-trade-denies-elimination-of-medical-diets-in-cuba\\\/\",\"name\":\"Minister of domestic trade denies elimination of medical diets in Cuba | OnCubaNews English\",\"isPartOf\":{\"@id\":\"https:\\\/\\\/oncubanews.com\\\/en\\\/#website\"},\"primaryImageOfPage\":{\"@id\":\"https:\\\/\\\/oncubanews.com\\\/en\\\/cuba\\\/minister-of-domestic-trade-denies-elimination-of-medical-diets-in-cuba\\\/#primaryimage\"},\"image\":{\"@id\":\"https:\\\/\\\/oncubanews.com\\\/en\\\/cuba\\\/minister-of-domestic-trade-denies-elimination-of-medical-diets-in-cuba\\\/#primaryimage\"},\"thumbnailUrl\":\"https:\\\/\\\/oncubanews.com\\\/en\\\/wp-content\\\/uploads\\\/2021\\\/11\\\/Leche-de-dieta-cuba-alimentos-mincin-750x437-1.jpg\",\"datePublished\":\"2021-11-02T19:21:45+00:00\",\"author\":{\"@id\":\"https:\\\/\\\/oncubanews.com\\\/en\\\/#\\\/schema\\\/person\\\/d7171bf311032ab1f557dd8332e714af\"},\"description\":\"The rumors arose from the months-long delay in the delivery of the foods that make up the diets, which are due to problems with the shipment.\",\"breadcrumb\":{\"@id\":\"https:\\\/\\\/oncubanews.com\\\/en\\\/cuba\\\/minister-of-domestic-trade-denies-elimination-of-medical-diets-in-cuba\\\/#breadcrumb\"},\"inLanguage\":\"en-US\",\"potentialAction\":[{\"@type\":\"ReadAction\",\"target\":[\"https:\\\/\\\/oncubanews.com\\\/en\\\/cuba\\\/minister-of-domestic-trade-denies-elimination-of-medical-diets-in-cuba\\\/\"]}]},{\"@type\":\"ImageObject\",\"inLanguage\":\"en-US\",\"@id\":\"https:\\\/\\\/oncubanews.com\\\/en\\\/cuba\\\/minister-of-domestic-trade-denies-elimination-of-medical-diets-in-cuba\\\/#primaryimage\",\"url\":\"https:\\\/\\\/oncubanews.com\\\/en\\\/wp-content\\\/uploads\\\/2021\\\/11\\\/Leche-de-dieta-cuba-alimentos-mincin-750x437-1.jpg\",\"contentUrl\":\"https:\\\/\\\/oncubanews.com\\\/en\\\/wp-content\\\/uploads\\\/2021\\\/11\\\/Leche-de-dieta-cuba-alimentos-mincin-750x437-1.jpg\",\"width\":750,\"height\":437,\"caption\":\"Photo: mincin.gob.cu\"},{\"@type\":\"BreadcrumbList\",\"@id\":\"https:\\\/\\\/oncubanews.com\\\/en\\\/cuba\\\/minister-of-domestic-trade-denies-elimination-of-medical-diets-in-cuba\\\/#breadcrumb\",\"itemListElement\":[{\"@type\":\"ListItem\",\"position\":1,\"name\":\"Portada\",\"item\":\"https:\\\/\\\/oncubanews.com\\\/en\\\/\"},{\"@type\":\"ListItem\",\"position\":2,\"name\":\"Minister of domestic trade denies elimination of medical diets in Cuba\"}]},{\"@type\":\"WebSite\",\"@id\":\"https:\\\/\\\/oncubanews.com\\\/en\\\/#website\",\"url\":\"https:\\\/\\\/oncubanews.com\\\/en\\\/\",\"name\":\"OnCubaNews English\",\"description\":\"Revista sobre Cuba\",\"potentialAction\":[{\"@type\":\"SearchAction\",\"target\":{\"@type\":\"EntryPoint\",\"urlTemplate\":\"https:\\\/\\\/oncubanews.com\\\/en\\\/?s={search_term_string}\"},\"query-input\":{\"@type\":\"PropertyValueSpecification\",\"valueRequired\":true,\"valueName\":\"search_term_string\"}}],\"inLanguage\":\"en-US\"},{\"@type\":\"Person\",\"@id\":\"https:\\\/\\\/oncubanews.com\\\/en\\\/#\\\/schema\\\/person\\\/d7171bf311032ab1f557dd8332e714af\",\"name\":\"OnCuba Staff\",\"image\":{\"@type\":\"ImageObject\",\"inLanguage\":\"en-US\",\"@id\":\"https:\\\/\\\/secure.gravatar.com\\\/avatar\\\/4b4c4d6109baadde898bb1af22ea4a4af5f4417b86a5d1800bf17531bfb128fc?s=96&r=g17310096d4dde63ebae0e54fbb19218a\",\"url\":\"https:\\\/\\\/secure.gravatar.com\\\/avatar\\\/4b4c4d6109baadde898bb1af22ea4a4af5f4417b86a5d1800bf17531bfb128fc?s=96&r=g\",\"contentUrl\":\"https:\\\/\\\/secure.gravatar.com\\\/avatar\\\/4b4c4d6109baadde898bb1af22ea4a4af5f4417b86a5d1800bf17531bfb128fc?s=96&r=g\",\"caption\":\"OnCuba Staff\"},\"url\":\"https:\\\/\\\/oncubanews.com\\\/en\\\/author\\\/oncuba-editorial-staff\\\/\"}]}<\/script>\n<!-- \/ Yoast SEO plugin. -->","yoast_head_json":{"title":"Minister of domestic trade denies elimination of medical diets in Cuba | OnCubaNews English","description":"The rumors arose from the months-long delay in the delivery of the foods that make up the diets, which are due to problems with the shipment.","robots":{"index":"index","follow":"follow","max-snippet":"max-snippet:-1","max-image-preview":"max-image-preview:large","max-video-preview":"max-video-preview:-1"},"canonical":"https:\/\/oncubanews.com\/en\/cuba\/minister-of-domestic-trade-denies-elimination-of-medical-diets-in-cuba\/","og_locale":"en_US","og_type":"article","og_title":"Minister of domestic trade denies elimination of medical diets in Cuba | OnCubaNews English","og_description":"The rumors arose from the months-long delay in the delivery of the foods that make up the diets, which are due to problems with the shipment.","og_url":"https:\/\/oncubanews.com\/en\/cuba\/minister-of-domestic-trade-denies-elimination-of-medical-diets-in-cuba\/","og_site_name":"OnCubaNews English","article_published_time":"2021-11-02T19:21:45+00:00","og_image":[{"width":750,"height":437,"url":"https:\/\/oncubanews.com\/en\/wp-content\/uploads\/2021\/11\/Leche-de-dieta-cuba-alimentos-mincin-750x437-1.jpg","type":"image\/jpeg"}],"author":"OnCuba Staff","twitter_card":"summary_large_image","twitter_misc":{"Written by":"OnCuba Staff","Est. reading time":"2 minutes"},"schema":{"@context":"https:\/\/schema.org","@graph":[{"@type":"Article","@id":"https:\/\/oncubanews.com\/en\/cuba\/minister-of-domestic-trade-denies-elimination-of-medical-diets-in-cuba\/#article","isPartOf":{"@id":"https:\/\/oncubanews.com\/en\/cuba\/minister-of-domestic-trade-denies-elimination-of-medical-diets-in-cuba\/"},"author":{"name":"OnCuba Staff","@id":"https:\/\/oncubanews.com\/en\/#\/schema\/person\/d7171bf311032ab1f557dd8332e714af"},"headline":"Minister of domestic trade denies elimination of medical diets in Cuba","datePublished":"2021-11-02T19:21:45+00:00","mainEntityOfPage":{"@id":"https:\/\/oncubanews.com\/en\/cuba\/minister-of-domestic-trade-denies-elimination-of-medical-diets-in-cuba\/"},"wordCount":371,"commentCount":0,"image":{"@id":"https:\/\/oncubanews.com\/en\/cuba\/minister-of-domestic-trade-denies-elimination-of-medical-diets-in-cuba\/#primaryimage"},"thumbnailUrl":"https:\/\/oncubanews.com\/en\/wp-content\/uploads\/2021\/11\/Leche-de-dieta-cuba-alimentos-mincin-750x437-1.jpg","keywords":["commerce in Cuba","cuban government","Cuban Ministry of Internal Trade","medical diet"],"articleSection":["Cuba"],"inLanguage":"en-US","potentialAction":[{"@type":"CommentAction","name":"Comment","target":["https:\/\/oncubanews.com\/en\/cuba\/minister-of-domestic-trade-denies-elimination-of-medical-diets-in-cuba\/#respond"]}],"copyrightYear":"2021","copyrightHolder":{"@id":"https:\/\/oncubanews.com\/en\/#organization"}},{"@type":"WebPage","@id":"https:\/\/oncubanews.com\/en\/cuba\/minister-of-domestic-trade-denies-elimination-of-medical-diets-in-cuba\/","url":"https:\/\/oncubanews.com\/en\/cuba\/minister-of-domestic-trade-denies-elimination-of-medical-diets-in-cuba\/","name":"Minister of domestic trade denies elimination of medical diets in Cuba | OnCubaNews English","isPartOf":{"@id":"https:\/\/oncubanews.com\/en\/#website"},"primaryImageOfPage":{"@id":"https:\/\/oncubanews.com\/en\/cuba\/minister-of-domestic-trade-denies-elimination-of-medical-diets-in-cuba\/#primaryimage"},"image":{"@id":"https:\/\/oncubanews.com\/en\/cuba\/minister-of-domestic-trade-denies-elimination-of-medical-diets-in-cuba\/#primaryimage"},"thumbnailUrl":"https:\/\/oncubanews.com\/en\/wp-content\/uploads\/2021\/11\/Leche-de-dieta-cuba-alimentos-mincin-750x437-1.jpg","datePublished":"2021-11-02T19:21:45+00:00","author":{"@id":"https:\/\/oncubanews.com\/en\/#\/schema\/person\/d7171bf311032ab1f557dd8332e714af"},"description":"The rumors arose from the months-long delay in the delivery of the foods that make up the diets, which are due to problems with the shipment.","breadcrumb":{"@id":"https:\/\/oncubanews.com\/en\/cuba\/minister-of-domestic-trade-denies-elimination-of-medical-diets-in-cuba\/#breadcrumb"},"inLanguage":"en-US","potentialAction":[{"@type":"ReadAction","target":["https:\/\/oncubanews.com\/en\/cuba\/minister-of-domestic-trade-denies-elimination-of-medical-diets-in-cuba\/"]}]},{"@type":"ImageObject","inLanguage":"en-US","@id":"https:\/\/oncubanews.com\/en\/cuba\/minister-of-domestic-trade-denies-elimination-of-medical-diets-in-cuba\/#primaryimage","url":"https:\/\/oncubanews.com\/en\/wp-content\/uploads\/2021\/11\/Leche-de-dieta-cuba-alimentos-mincin-750x437-1.jpg","contentUrl":"https:\/\/oncubanews.com\/en\/wp-content\/uploads\/2021\/11\/Leche-de-dieta-cuba-alimentos-mincin-750x437-1.jpg","width":750,"height":437,"caption":"Photo: mincin.gob.cu"},{"@type":"BreadcrumbList","@id":"https:\/\/oncubanews.com\/en\/cuba\/minister-of-domestic-trade-denies-elimination-of-medical-diets-in-cuba\/#breadcrumb","itemListElement":[{"@type":"ListItem","position":1,"name":"Portada","item":"https:\/\/oncubanews.com\/en\/"},{"@type":"ListItem","position":2,"name":"Minister of domestic trade denies elimination of medical diets in Cuba"}]},{"@type":"WebSite","@id":"https:\/\/oncubanews.com\/en\/#website","url":"https:\/\/oncubanews.com\/en\/","name":"OnCubaNews English","description":"Revista sobre Cuba","potentialAction":[{"@type":"SearchAction","target":{"@type":"EntryPoint","urlTemplate":"https:\/\/oncubanews.com\/en\/?s={search_term_string}"},"query-input":{"@type":"PropertyValueSpecification","valueRequired":true,"valueName":"search_term_string"}}],"inLanguage":"en-US"},{"@type":"Person","@id":"https:\/\/oncubanews.com\/en\/#\/schema\/person\/d7171bf311032ab1f557dd8332e714af","name":"OnCuba Staff","image":{"@type":"ImageObject","inLanguage":"en-US","@id":"https:\/\/secure.gravatar.com\/avatar\/4b4c4d6109baadde898bb1af22ea4a4af5f4417b86a5d1800bf17531bfb128fc?s=96&r=g17310096d4dde63ebae0e54fbb19218a","url":"https:\/\/secure.gravatar.com\/avatar\/4b4c4d6109baadde898bb1af22ea4a4af5f4417b86a5d1800bf17531bfb128fc?s=96&r=g","contentUrl":"https:\/\/secure.gravatar.com\/avatar\/4b4c4d6109baadde898bb1af22ea4a4af5f4417b86a5d1800bf17531bfb128fc?s=96&r=g","caption":"OnCuba Staff"},"url":"https:\/\/oncubanews.com\/en\/author\/oncuba-editorial-staff\/"}]}},"authors":[{"term_id":33546,"user_id":3134,"is_guest":0,"slug":"oncuba-editorial-staff","display_name":"OnCuba Staff","avatar_url":"https:\/\/secure.gravatar.com\/avatar\/4b4c4d6109baadde898bb1af22ea4a4af5f4417b86a5d1800bf17531bfb128fc?s=96&r=g","0":null,"1":"","2":"","3":"","4":"","5":"","6":"","7":"","8":""}],"_links":{"self":[{"href":"https:\/\/oncubanews.com\/en\/wp-json\/wp\/v2\/posts\/245366","targetHints":{"allow":["GET"]}}],"collection":[{"href":"https:\/\/oncubanews.com\/en\/wp-json\/wp\/v2\/posts"}],"about":[{"href":"https:\/\/oncubanews.com\/en\/wp-json\/wp\/v2\/types\/post"}],"author":[{"embeddable":true,"href":"https:\/\/oncubanews.com\/en\/wp-json\/wp\/v2\/users\/3134"}],"replies":[{"embeddable":true,"href":"https:\/\/oncubanews.com\/en\/wp-json\/wp\/v2\/comments?post=245366"}],"version-history":[{"count":0,"href":"https:\/\/oncubanews.com\/en\/wp-json\/wp\/v2\/posts\/245366\/revisions"}],"wp:featuredmedia":[{"embeddable":true,"href":"https:\/\/oncubanews.com\/en\/wp-json\/wp\/v2\/media\/245368"}],"wp:attachment":[{"href":"https:\/\/oncubanews.com\/en\/wp-json\/wp\/v2\/media?parent=245366"}],"wp:term":[{"taxonomy":"category","embeddable":true,"href":"https:\/\/oncubanews.com\/en\/wp-json\/wp\/v2\/categories?post=245366"},{"taxonomy":"post_tag","embeddable":true,"href":"https:\/\/oncubanews.com\/en\/wp-json\/wp\/v2\/tags?post=245366"},{"taxonomy":"author","embeddable":true,"href":"https:\/\/oncubanews.com\/en\/wp-json\/wp\/v2\/ppma_author?post=245366"}],"curies":[{"name":"wp","href":"https:\/\/api.w.org\/{rel}","templated":true}]}}