
{"id":250987,"date":"2022-03-30T14:15:17","date_gmt":"2022-03-30T18:15:17","guid":{"rendered":"https:\/\/oncubanews.com\/en\/?p=250987"},"modified":"2022-03-30T14:15:17","modified_gmt":"2022-03-30T18:15:17","slug":"international-agency-to-support-cubas-construction-of-photovoltaic-parks","status":"publish","type":"post","link":"https:\/\/oncubanews.com\/en\/cuba\/international-agency-to-support-cubas-construction-of-photovoltaic-parks\/","title":{"rendered":"International agency to support Cuba\u2019s construction of photovoltaic parks"},"content":{"rendered":"<p><span style=\"font-weight: 400;\">The International <\/span><a href=\"https:\/\/oncubanews.com\/en\/tag\/renewable-energy-sources\" target=\"_blank\" rel=\"noopener\"><span style=\"font-weight: 400;\">Renewable Energy <\/span><\/a><span style=\"font-weight: 400;\">\u00a0Agency (IRENA) will support Cuba\u2019s construction of photovoltaic parks, according to official sources.<\/span><\/p>\n<p><span style=\"font-weight: 400;\">Cuban Minister of Energy and Mines Liv\u00e1n Arronte confirmed on Twitter that this agency will provide \u201cfinancial support\u201d to the island \u201cfor the construction of 15 MW in photovoltaic parks,\u201d after holding a meeting with Francesco La Camera, general director of that agency dedicated to contributing with the different nations for the establishment of a sustainable energy model.<\/span><\/p>\n<p><span style=\"font-weight: 400;\">Arronte, who is in Germany participating in an event on the energy transition, did not specify the amount of financial support that Cuba will receive from IRENA, adding that the agency \u201cwill continue to cooperate to change the energy matrix\u201d in the Caribbean country.<\/span><\/p>\n<blockquote class=\"twitter-tweet\" data-width=\"500\" data-dnt=\"true\">\n<p lang=\"es\" dir=\"ltr\">Sostuve amistoso encuentro con Francesco La Camera,  Dir General de la Agencia Internacional de las Energ\u00edas Renovables IRENA. Brindar\u00e1 apoyo financiero a <a href=\"https:\/\/twitter.com\/hashtag\/Cuba?src=hash&amp;ref_src=twsrc%5Etfw\">#Cuba<\/a>  para construcci\u00f3n d 15 MW en parques fotovoltaicos. IRENA continuar\u00e1 cooperando para el cambio d la matriz energ\u00e9tica. <a href=\"https:\/\/t.co\/KgxL7Q9Gor\">pic.twitter.com\/KgxL7Q9Gor<\/a><\/p>\n<p>&mdash; Liv\u00e1n Nicol\u00e1s Arronte Cruz (@arronte_livan) <a href=\"https:\/\/twitter.com\/arronte_livan\/status\/1508778954655678466?ref_src=twsrc%5Etfw\">March 29, 2022<\/a><\/p><\/blockquote>\n<p><script async src=\"https:\/\/platform.twitter.com\/widgets.js\" charset=\"utf-8\"><\/script><\/p>\n<p><span style=\"font-weight: 400;\">As part of his work agenda in Germany, the Cuban minister also spoke with other authorities in the sector such as Dr. Ajay Mathur, director general of the International Solar Alliance, and Dr. Simone Peter, president of the German Federation of Renewable Energies.<\/span><\/p>\n<p><span style=\"font-weight: 400;\">Arronte talked with both of them about Cuba\u2019s program for the development of renewable energy sources and the promotion of projects in this sector that could be developed on the island, the Agencia Cubana de Noticias (ACN) news agency <\/span><a href=\"http:\/\/www.acn.cu\/cuba\/92505-recibira-cuba-apoyo-financiero-para-construccion-de-parques-fotovoltaicos\" target=\"_blank\" rel=\"noopener\"><span style=\"font-weight: 400;\">reported<\/span><\/a><span style=\"font-weight: 400;\">.<\/span><\/p>\n<p><span style=\"font-weight: 400;\">The Cuban minister began a visit to Germany this Monday, invited to participate in the Dialogue on the 2022 Energy Transition. Considered the main event of its kind in the world, it is attended by more than 70 foreign affairs and energy ministers, and more than 20,000 virtual participants from more than 130 states, according to the source.<\/span><\/p>\n<p><span style=\"font-weight: 400;\">For several years, Cuba has carried out a policy for the development of renewable energy, whose goal is to reach 24% of electricity generation from clean sources by 2030. However, according to the ACN, the Cuban authorities recently updated their forecast to 37%, at a time when the country is trying to reduce its dependence on fossil fuels.<\/span><\/p>\n","protected":false},"excerpt":{"rendered":"<p>Cuban Minister of Energy and Mines Liv\u00e1n Arronte confirmed that the International Renewable Energy Agency (IRENA) will provide \u201cfinancial support\u201d to the island \u201cfor the construction of 15 MW in photovoltaic parks,\u201d although he did not specify the amount of said support.<\/p>\n","protected":false},"author":3134,"featured_media":250989,"comment_status":"open","ping_status":"closed","sticky":false,"template":"","format":"standard","meta":{"_acf_changed":false,"footnotes":""},"categories":[13902],"tags":[34103],"ppma_author":[33546],"class_list":["post-250987","post","type-post","status-publish","format-standard","has-post-thumbnail","hentry","category-cuba","tag-renewable-energy-sources"],"acf":[],"yoast_head":"<!-- This site is optimized with the Yoast SEO plugin v27.3 - https:\/\/yoast.com\/product\/yoast-seo-wordpress\/ -->\n<title>International agency to support Cuba\u2019s construction of photovoltaic parks | OnCubaNews English<\/title>\n<meta name=\"description\" content=\"Cuban Minister of Energy and Mines Liv\u00e1n Arronte confirmed that the International Renewable Energy Agency (IRENA) will provide \u201cfinancial support\u201d to the island \u201cfor the construction of 15 MW in photovoltaic parks,\u201d although he did not specify the amount of said support.\" \/>\n<meta name=\"robots\" content=\"index, follow, max-snippet:-1, max-image-preview:large, max-video-preview:-1\" \/>\n<link rel=\"canonical\" href=\"https:\/\/oncubanews.com\/en\/cuba\/international-agency-to-support-cubas-construction-of-photovoltaic-parks\/\" \/>\n<meta property=\"og:locale\" content=\"en_US\" \/>\n<meta property=\"og:type\" content=\"article\" \/>\n<meta property=\"og:title\" content=\"International agency to support Cuba\u2019s construction of photovoltaic parks | OnCubaNews English\" \/>\n<meta property=\"og:description\" content=\"Cuban Minister of Energy and Mines Liv\u00e1n Arronte confirmed that the International Renewable Energy Agency (IRENA) will provide \u201cfinancial support\u201d to the island \u201cfor the construction of 15 MW in photovoltaic parks,\u201d although he did not specify the amount of said support.\" \/>\n<meta property=\"og:url\" content=\"https:\/\/oncubanews.com\/en\/cuba\/international-agency-to-support-cubas-construction-of-photovoltaic-parks\/\" \/>\n<meta property=\"og:site_name\" content=\"OnCubaNews English\" \/>\n<meta property=\"article:published_time\" content=\"2022-03-30T18:15:17+00:00\" \/>\n<meta property=\"og:image\" content=\"https:\/\/oncubanews.com\/en\/wp-content\/uploads\/2022\/03\/Energia-eolica.jpg\" \/>\n\t<meta property=\"og:image:width\" content=\"755\" \/>\n\t<meta property=\"og:image:height\" content=\"490\" \/>\n\t<meta property=\"og:image:type\" content=\"image\/jpeg\" \/>\n<meta name=\"author\" content=\"OnCuba Staff\" \/>\n<meta name=\"twitter:card\" content=\"summary_large_image\" \/>\n<meta name=\"twitter:label1\" content=\"Written by\" \/>\n\t<meta name=\"twitter:data1\" content=\"OnCuba Staff\" \/>\n\t<meta name=\"twitter:label2\" content=\"Est. reading time\" \/>\n\t<meta name=\"twitter:data2\" content=\"2 minutes\" \/>\n<script type=\"application\/ld+json\" class=\"yoast-schema-graph\">{\"@context\":\"https:\\\/\\\/schema.org\",\"@graph\":[{\"@type\":\"Article\",\"@id\":\"https:\\\/\\\/oncubanews.com\\\/en\\\/cuba\\\/international-agency-to-support-cubas-construction-of-photovoltaic-parks\\\/#article\",\"isPartOf\":{\"@id\":\"https:\\\/\\\/oncubanews.com\\\/en\\\/cuba\\\/international-agency-to-support-cubas-construction-of-photovoltaic-parks\\\/\"},\"author\":{\"name\":\"OnCuba Staff\",\"@id\":\"https:\\\/\\\/oncubanews.com\\\/en\\\/#\\\/schema\\\/person\\\/d7171bf311032ab1f557dd8332e714af\"},\"headline\":\"International agency to support Cuba\u2019s construction of photovoltaic parks\",\"datePublished\":\"2022-03-30T18:15:17+00:00\",\"mainEntityOfPage\":{\"@id\":\"https:\\\/\\\/oncubanews.com\\\/en\\\/cuba\\\/international-agency-to-support-cubas-construction-of-photovoltaic-parks\\\/\"},\"wordCount\":352,\"commentCount\":0,\"image\":{\"@id\":\"https:\\\/\\\/oncubanews.com\\\/en\\\/cuba\\\/international-agency-to-support-cubas-construction-of-photovoltaic-parks\\\/#primaryimage\"},\"thumbnailUrl\":\"https:\\\/\\\/oncubanews.com\\\/en\\\/wp-content\\\/uploads\\\/2022\\\/03\\\/Energia-eolica.jpg\",\"keywords\":[\"Renewable Energy Sources\"],\"articleSection\":[\"Cuba\"],\"inLanguage\":\"en-US\",\"potentialAction\":[{\"@type\":\"CommentAction\",\"name\":\"Comment\",\"target\":[\"https:\\\/\\\/oncubanews.com\\\/en\\\/cuba\\\/international-agency-to-support-cubas-construction-of-photovoltaic-parks\\\/#respond\"]}],\"copyrightYear\":\"2022\",\"copyrightHolder\":{\"@id\":\"https:\\\/\\\/oncubanews.com\\\/en\\\/#organization\"}},{\"@type\":\"WebPage\",\"@id\":\"https:\\\/\\\/oncubanews.com\\\/en\\\/cuba\\\/international-agency-to-support-cubas-construction-of-photovoltaic-parks\\\/\",\"url\":\"https:\\\/\\\/oncubanews.com\\\/en\\\/cuba\\\/international-agency-to-support-cubas-construction-of-photovoltaic-parks\\\/\",\"name\":\"International agency to support Cuba\u2019s construction of photovoltaic parks | OnCubaNews English\",\"isPartOf\":{\"@id\":\"https:\\\/\\\/oncubanews.com\\\/en\\\/#website\"},\"primaryImageOfPage\":{\"@id\":\"https:\\\/\\\/oncubanews.com\\\/en\\\/cuba\\\/international-agency-to-support-cubas-construction-of-photovoltaic-parks\\\/#primaryimage\"},\"image\":{\"@id\":\"https:\\\/\\\/oncubanews.com\\\/en\\\/cuba\\\/international-agency-to-support-cubas-construction-of-photovoltaic-parks\\\/#primaryimage\"},\"thumbnailUrl\":\"https:\\\/\\\/oncubanews.com\\\/en\\\/wp-content\\\/uploads\\\/2022\\\/03\\\/Energia-eolica.jpg\",\"datePublished\":\"2022-03-30T18:15:17+00:00\",\"author\":{\"@id\":\"https:\\\/\\\/oncubanews.com\\\/en\\\/#\\\/schema\\\/person\\\/d7171bf311032ab1f557dd8332e714af\"},\"description\":\"Cuban Minister of Energy and Mines Liv\u00e1n Arronte confirmed that the International Renewable Energy Agency (IRENA) will provide \u201cfinancial support\u201d to the island \u201cfor the construction of 15 MW in photovoltaic parks,\u201d although he did not specify the amount of said support.\",\"breadcrumb\":{\"@id\":\"https:\\\/\\\/oncubanews.com\\\/en\\\/cuba\\\/international-agency-to-support-cubas-construction-of-photovoltaic-parks\\\/#breadcrumb\"},\"inLanguage\":\"en-US\",\"potentialAction\":[{\"@type\":\"ReadAction\",\"target\":[\"https:\\\/\\\/oncubanews.com\\\/en\\\/cuba\\\/international-agency-to-support-cubas-construction-of-photovoltaic-parks\\\/\"]}]},{\"@type\":\"ImageObject\",\"inLanguage\":\"en-US\",\"@id\":\"https:\\\/\\\/oncubanews.com\\\/en\\\/cuba\\\/international-agency-to-support-cubas-construction-of-photovoltaic-parks\\\/#primaryimage\",\"url\":\"https:\\\/\\\/oncubanews.com\\\/en\\\/wp-content\\\/uploads\\\/2022\\\/03\\\/Energia-eolica.jpg\",\"contentUrl\":\"https:\\\/\\\/oncubanews.com\\\/en\\\/wp-content\\\/uploads\\\/2022\\\/03\\\/Energia-eolica.jpg\",\"width\":755,\"height\":490,\"caption\":\"Photo: Archive\"},{\"@type\":\"BreadcrumbList\",\"@id\":\"https:\\\/\\\/oncubanews.com\\\/en\\\/cuba\\\/international-agency-to-support-cubas-construction-of-photovoltaic-parks\\\/#breadcrumb\",\"itemListElement\":[{\"@type\":\"ListItem\",\"position\":1,\"name\":\"Portada\",\"item\":\"https:\\\/\\\/oncubanews.com\\\/en\\\/\"},{\"@type\":\"ListItem\",\"position\":2,\"name\":\"International agency to support Cuba\u2019s construction of photovoltaic parks\"}]},{\"@type\":\"WebSite\",\"@id\":\"https:\\\/\\\/oncubanews.com\\\/en\\\/#website\",\"url\":\"https:\\\/\\\/oncubanews.com\\\/en\\\/\",\"name\":\"OnCubaNews English\",\"description\":\"Revista sobre Cuba\",\"potentialAction\":[{\"@type\":\"SearchAction\",\"target\":{\"@type\":\"EntryPoint\",\"urlTemplate\":\"https:\\\/\\\/oncubanews.com\\\/en\\\/?s={search_term_string}\"},\"query-input\":{\"@type\":\"PropertyValueSpecification\",\"valueRequired\":true,\"valueName\":\"search_term_string\"}}],\"inLanguage\":\"en-US\"},{\"@type\":\"Person\",\"@id\":\"https:\\\/\\\/oncubanews.com\\\/en\\\/#\\\/schema\\\/person\\\/d7171bf311032ab1f557dd8332e714af\",\"name\":\"OnCuba Staff\",\"image\":{\"@type\":\"ImageObject\",\"inLanguage\":\"en-US\",\"@id\":\"https:\\\/\\\/secure.gravatar.com\\\/avatar\\\/4b4c4d6109baadde898bb1af22ea4a4af5f4417b86a5d1800bf17531bfb128fc?s=96&r=g17310096d4dde63ebae0e54fbb19218a\",\"url\":\"https:\\\/\\\/secure.gravatar.com\\\/avatar\\\/4b4c4d6109baadde898bb1af22ea4a4af5f4417b86a5d1800bf17531bfb128fc?s=96&r=g\",\"contentUrl\":\"https:\\\/\\\/secure.gravatar.com\\\/avatar\\\/4b4c4d6109baadde898bb1af22ea4a4af5f4417b86a5d1800bf17531bfb128fc?s=96&r=g\",\"caption\":\"OnCuba Staff\"},\"url\":\"https:\\\/\\\/oncubanews.com\\\/en\\\/author\\\/oncuba-editorial-staff\\\/\"}]}<\/script>\n<!-- \/ Yoast SEO plugin. -->","yoast_head_json":{"title":"International agency to support Cuba\u2019s construction of photovoltaic parks | OnCubaNews English","description":"Cuban Minister of Energy and Mines Liv\u00e1n Arronte confirmed that the International Renewable Energy Agency (IRENA) will provide \u201cfinancial support\u201d to the island \u201cfor the construction of 15 MW in photovoltaic parks,\u201d although he did not specify the amount of said support.","robots":{"index":"index","follow":"follow","max-snippet":"max-snippet:-1","max-image-preview":"max-image-preview:large","max-video-preview":"max-video-preview:-1"},"canonical":"https:\/\/oncubanews.com\/en\/cuba\/international-agency-to-support-cubas-construction-of-photovoltaic-parks\/","og_locale":"en_US","og_type":"article","og_title":"International agency to support Cuba\u2019s construction of photovoltaic parks | OnCubaNews English","og_description":"Cuban Minister of Energy and Mines Liv\u00e1n Arronte confirmed that the International Renewable Energy Agency (IRENA) will provide \u201cfinancial support\u201d to the island \u201cfor the construction of 15 MW in photovoltaic parks,\u201d although he did not specify the amount of said support.","og_url":"https:\/\/oncubanews.com\/en\/cuba\/international-agency-to-support-cubas-construction-of-photovoltaic-parks\/","og_site_name":"OnCubaNews English","article_published_time":"2022-03-30T18:15:17+00:00","og_image":[{"width":755,"height":490,"url":"https:\/\/oncubanews.com\/en\/wp-content\/uploads\/2022\/03\/Energia-eolica.jpg","type":"image\/jpeg"}],"author":"OnCuba Staff","twitter_card":"summary_large_image","twitter_misc":{"Written by":"OnCuba Staff","Est. reading time":"2 minutes"},"schema":{"@context":"https:\/\/schema.org","@graph":[{"@type":"Article","@id":"https:\/\/oncubanews.com\/en\/cuba\/international-agency-to-support-cubas-construction-of-photovoltaic-parks\/#article","isPartOf":{"@id":"https:\/\/oncubanews.com\/en\/cuba\/international-agency-to-support-cubas-construction-of-photovoltaic-parks\/"},"author":{"name":"OnCuba Staff","@id":"https:\/\/oncubanews.com\/en\/#\/schema\/person\/d7171bf311032ab1f557dd8332e714af"},"headline":"International agency to support Cuba\u2019s construction of photovoltaic parks","datePublished":"2022-03-30T18:15:17+00:00","mainEntityOfPage":{"@id":"https:\/\/oncubanews.com\/en\/cuba\/international-agency-to-support-cubas-construction-of-photovoltaic-parks\/"},"wordCount":352,"commentCount":0,"image":{"@id":"https:\/\/oncubanews.com\/en\/cuba\/international-agency-to-support-cubas-construction-of-photovoltaic-parks\/#primaryimage"},"thumbnailUrl":"https:\/\/oncubanews.com\/en\/wp-content\/uploads\/2022\/03\/Energia-eolica.jpg","keywords":["Renewable Energy Sources"],"articleSection":["Cuba"],"inLanguage":"en-US","potentialAction":[{"@type":"CommentAction","name":"Comment","target":["https:\/\/oncubanews.com\/en\/cuba\/international-agency-to-support-cubas-construction-of-photovoltaic-parks\/#respond"]}],"copyrightYear":"2022","copyrightHolder":{"@id":"https:\/\/oncubanews.com\/en\/#organization"}},{"@type":"WebPage","@id":"https:\/\/oncubanews.com\/en\/cuba\/international-agency-to-support-cubas-construction-of-photovoltaic-parks\/","url":"https:\/\/oncubanews.com\/en\/cuba\/international-agency-to-support-cubas-construction-of-photovoltaic-parks\/","name":"International agency to support Cuba\u2019s construction of photovoltaic parks | OnCubaNews English","isPartOf":{"@id":"https:\/\/oncubanews.com\/en\/#website"},"primaryImageOfPage":{"@id":"https:\/\/oncubanews.com\/en\/cuba\/international-agency-to-support-cubas-construction-of-photovoltaic-parks\/#primaryimage"},"image":{"@id":"https:\/\/oncubanews.com\/en\/cuba\/international-agency-to-support-cubas-construction-of-photovoltaic-parks\/#primaryimage"},"thumbnailUrl":"https:\/\/oncubanews.com\/en\/wp-content\/uploads\/2022\/03\/Energia-eolica.jpg","datePublished":"2022-03-30T18:15:17+00:00","author":{"@id":"https:\/\/oncubanews.com\/en\/#\/schema\/person\/d7171bf311032ab1f557dd8332e714af"},"description":"Cuban Minister of Energy and Mines Liv\u00e1n Arronte confirmed that the International Renewable Energy Agency (IRENA) will provide \u201cfinancial support\u201d to the island \u201cfor the construction of 15 MW in photovoltaic parks,\u201d although he did not specify the amount of said support.","breadcrumb":{"@id":"https:\/\/oncubanews.com\/en\/cuba\/international-agency-to-support-cubas-construction-of-photovoltaic-parks\/#breadcrumb"},"inLanguage":"en-US","potentialAction":[{"@type":"ReadAction","target":["https:\/\/oncubanews.com\/en\/cuba\/international-agency-to-support-cubas-construction-of-photovoltaic-parks\/"]}]},{"@type":"ImageObject","inLanguage":"en-US","@id":"https:\/\/oncubanews.com\/en\/cuba\/international-agency-to-support-cubas-construction-of-photovoltaic-parks\/#primaryimage","url":"https:\/\/oncubanews.com\/en\/wp-content\/uploads\/2022\/03\/Energia-eolica.jpg","contentUrl":"https:\/\/oncubanews.com\/en\/wp-content\/uploads\/2022\/03\/Energia-eolica.jpg","width":755,"height":490,"caption":"Photo: Archive"},{"@type":"BreadcrumbList","@id":"https:\/\/oncubanews.com\/en\/cuba\/international-agency-to-support-cubas-construction-of-photovoltaic-parks\/#breadcrumb","itemListElement":[{"@type":"ListItem","position":1,"name":"Portada","item":"https:\/\/oncubanews.com\/en\/"},{"@type":"ListItem","position":2,"name":"International agency to support Cuba\u2019s construction of photovoltaic parks"}]},{"@type":"WebSite","@id":"https:\/\/oncubanews.com\/en\/#website","url":"https:\/\/oncubanews.com\/en\/","name":"OnCubaNews English","description":"Revista sobre Cuba","potentialAction":[{"@type":"SearchAction","target":{"@type":"EntryPoint","urlTemplate":"https:\/\/oncubanews.com\/en\/?s={search_term_string}"},"query-input":{"@type":"PropertyValueSpecification","valueRequired":true,"valueName":"search_term_string"}}],"inLanguage":"en-US"},{"@type":"Person","@id":"https:\/\/oncubanews.com\/en\/#\/schema\/person\/d7171bf311032ab1f557dd8332e714af","name":"OnCuba Staff","image":{"@type":"ImageObject","inLanguage":"en-US","@id":"https:\/\/secure.gravatar.com\/avatar\/4b4c4d6109baadde898bb1af22ea4a4af5f4417b86a5d1800bf17531bfb128fc?s=96&r=g17310096d4dde63ebae0e54fbb19218a","url":"https:\/\/secure.gravatar.com\/avatar\/4b4c4d6109baadde898bb1af22ea4a4af5f4417b86a5d1800bf17531bfb128fc?s=96&r=g","contentUrl":"https:\/\/secure.gravatar.com\/avatar\/4b4c4d6109baadde898bb1af22ea4a4af5f4417b86a5d1800bf17531bfb128fc?s=96&r=g","caption":"OnCuba Staff"},"url":"https:\/\/oncubanews.com\/en\/author\/oncuba-editorial-staff\/"}]}},"authors":[{"term_id":33546,"user_id":3134,"is_guest":0,"slug":"oncuba-editorial-staff","display_name":"OnCuba Staff","avatar_url":"https:\/\/secure.gravatar.com\/avatar\/4b4c4d6109baadde898bb1af22ea4a4af5f4417b86a5d1800bf17531bfb128fc?s=96&r=g","0":null,"1":"","2":"","3":"","4":"","5":"","6":"","7":"","8":""}],"_links":{"self":[{"href":"https:\/\/oncubanews.com\/en\/wp-json\/wp\/v2\/posts\/250987","targetHints":{"allow":["GET"]}}],"collection":[{"href":"https:\/\/oncubanews.com\/en\/wp-json\/wp\/v2\/posts"}],"about":[{"href":"https:\/\/oncubanews.com\/en\/wp-json\/wp\/v2\/types\/post"}],"author":[{"embeddable":true,"href":"https:\/\/oncubanews.com\/en\/wp-json\/wp\/v2\/users\/3134"}],"replies":[{"embeddable":true,"href":"https:\/\/oncubanews.com\/en\/wp-json\/wp\/v2\/comments?post=250987"}],"version-history":[{"count":2,"href":"https:\/\/oncubanews.com\/en\/wp-json\/wp\/v2\/posts\/250987\/revisions"}],"predecessor-version":[{"id":250988,"href":"https:\/\/oncubanews.com\/en\/wp-json\/wp\/v2\/posts\/250987\/revisions\/250988"}],"wp:featuredmedia":[{"embeddable":true,"href":"https:\/\/oncubanews.com\/en\/wp-json\/wp\/v2\/media\/250989"}],"wp:attachment":[{"href":"https:\/\/oncubanews.com\/en\/wp-json\/wp\/v2\/media?parent=250987"}],"wp:term":[{"taxonomy":"category","embeddable":true,"href":"https:\/\/oncubanews.com\/en\/wp-json\/wp\/v2\/categories?post=250987"},{"taxonomy":"post_tag","embeddable":true,"href":"https:\/\/oncubanews.com\/en\/wp-json\/wp\/v2\/tags?post=250987"},{"taxonomy":"author","embeddable":true,"href":"https:\/\/oncubanews.com\/en\/wp-json\/wp\/v2\/ppma_author?post=250987"}],"curies":[{"name":"wp","href":"https:\/\/api.w.org\/{rel}","templated":true}]}}