
{"id":251652,"date":"2022-04-16T10:21:02","date_gmt":"2022-04-16T14:21:02","guid":{"rendered":"https:\/\/oncubanews.com\/en\/?p=251652"},"modified":"2022-04-16T10:21:02","modified_gmt":"2022-04-16T14:21:02","slug":"criminal-law-and-social-protest-in-cuba","status":"publish","type":"post","link":"https:\/\/oncubanews.com\/en\/cuba\/criminal-law-and-social-protest-in-cuba\/","title":{"rendered":"Criminal Law and social protest in Cuba"},"content":{"rendered":"<p><span style=\"font-weight: 400;\">Criminal Law responds, by definition, to the needs of order and security. However, humanist perspectives have historically intervened in its field, until today, to seek less damaging solutions and minimize the criminal consequences that involve the alienation of individuals from society.<\/span><\/p>\n<p><span style=\"font-weight: 400;\">In this, there are several criminal principles that seek to limit the power of the State and its right to sanction people. Among them are those of minimal intervention, criminal legality, culpability and non-discrimination. Opposition to the growth of conservative criminal tendencies, opposed to limiting the sanctioning powers of the State, has taken root about them.<\/span><\/p>\n<p><span style=\"font-weight: 400;\">In this conservative logic (penal expansionist) the penal policies and legislative techniques were oriented toward making \u201cflexible\u201d the basic procedural principles and guarantees, to advance the punishment (the increase in crimes that sanction the \u201cdanger\u201d before the \u201cinjury\u201d itself), to toughen sentences and create new criminal types.<\/span><\/p>\n<p><span style=\"font-weight: 400;\">The persistence of criminal expansionist tendencies has been a constant, sometimes even growing, and they are recognizable today in concepts such as \u201c<\/span><a href=\"https:\/\/www.revistaabogacia.com\/populismo-punitivo-critica-del-discurso-penal-moderno\/\" target=\"_blank\" rel=\"noopener\"><span style=\"font-weight: 400;\">punitiveness<\/span><\/a><span style=\"font-weight: 400;\">.\u201d<\/span><\/p>\n<p><span style=\"font-weight: 400;\">The Cuban process after 1959 was inserted, over the years, with ups and downs, in that expansive trend of Criminal Law, although it has been far from being an exclusive problem of the island.<\/span><\/p>\n<p><span style=\"font-weight: 400;\">Also, although it was far from having a Criminal Law<\/span><i><span style=\"font-weight: 400;\"> minimum<\/span><\/i><span style=\"font-weight: 400;\">, there were moments of true progressive reforms in criminal legislation. This was the case of the 1987 Penal Code, which allowed the decriminalization of \u201cinsignificant\u201d behaviors and the limitation of penal sanctions for certain crimes. It was a path that promised to be an alternative to what we now know as punitiveness.<\/span><\/p>\n<p><span style=\"font-weight: 400;\">However, today there are processes in the country that are advancing in a different direction from that time.<\/span><\/p>\n<p><b>Social protest and Criminal Law<\/b><\/p>\n<p><span style=\"font-weight: 400;\">In the international field, the most progressive consensus defends keeping Criminal Law away from social protest. It seeks to minimize the violent legal response to crime with political origins. Criminal Law, an <\/span><i><span style=\"font-weight: 400;\">ultima ratio<\/span><\/i><span style=\"font-weight: 400;\"> Law, particularly at this point, should be the last resort to be used.<\/span><\/p>\n<p><span style=\"font-weight: 400;\">With this, Criminal Law is not deprived of its mission to protect legal assets, but it is stated that not all legal assets must be protected by the criminal order.<\/span><\/p>\n<p><span style=\"font-weight: 400;\">Furthermore, it is affirmed that there are collective legal assets \u2014 such as public debate and the citizen\u2019s ability to challenge the State \u2014 that are better protected when treated outside of Criminal Law. It is also recalled that, due to its repressive nature, Criminal Law has a lack of \u201coriginal\u201d legitimacy, to which is added its limitations in providing social solutions to crime.<\/span><\/p>\n<p><span style=\"font-weight: 400;\">There are other coercive instruments that do not involve the harshness of Criminal Law, and are less interventionist. This is the case of solutions for possible infringing conducts that do not entail serious \u201csocial harm,\u201d typical of the field of Administrative Law (fines), Civil Law, etc.<\/span><\/p>\n<p><span style=\"font-weight: 400;\">With the use of Criminal Law there are always losers: the family, education, society as a whole, the notion of development and the future of the country lose. Its expansive use is a defeat for everyone. Another logic, humanizing, must rule in Criminal Law when imposing sentences.<\/span><\/p>\n<p><span style=\"font-weight: 400;\">With this criterion, the Cuban Penal Code (CPC) establishes that, when adapting the sentence, \u201cthe degree of social danger of the act, the concurrent circumstances in it, both mitigating and aggravating, the motives of the accused, as well as their background, individual characteristics, behavior after the execution of the crime and possibilities of amendment\u201d must be taken into account. (article 47.1)<\/span><\/p>\n<p><span style=\"font-weight: 400;\">The guiding principle of adequacy is the <\/span><i><span style=\"font-weight: 400;\">proportionality of the sentence<\/span><\/i><span style=\"font-weight: 400;\">. The <\/span><i><span style=\"font-weight: 400;\">proportional<\/span><\/i><span style=\"font-weight: 400;\"> sentence is concerned with the importance of the criminal act for society. Also, and very especially, of the <\/span><i><span style=\"font-weight: 400;\">need<\/span><\/i><span style=\"font-weight: 400;\"> for the sentence for the specific individual, that is, if the sentence is suitable and necessary to fulfill its purposes.<\/span><\/p>\n<p><b>The Abel Lescay case<\/b><\/p>\n<p><span style=\"font-weight: 400;\">Let us compare these principles with the case of Abel Lescay (22 years old), a university music student, to whose sentence the authors of this text have had access, who participated in the <\/span><a href=\"https:\/\/oncubanews.com\/tag\/protestas-11-de-julio\/\" target=\"_blank\" rel=\"noopener\"><span style=\"font-weight: 400;\">July 11 protests<\/span><\/a><span style=\"font-weight: 400;\"> (J11) of 2021.<\/span><\/p>\n<p><span style=\"font-weight: 400;\">The sanctioning frameworks for the Lescay case were expanded when assessing: a) the <\/span><i><span style=\"font-weight: 400;\">continued<\/span><\/i><span style=\"font-weight: 400;\"> nature of the crime of contempt in its aggravated modality (that is, from 1 to 3 years of deprivation of liberty); b) a crime of public disorder; and c) a crime of contempt in its simple form, also on an ongoing basis. The joint sanction was six years\u2019 imprisonment.<\/span><\/p>\n<p><span style=\"font-weight: 400;\">To adapt the sanction, the judges made special reference to the <\/span><i><span style=\"font-weight: 400;\">context<\/span><\/i><span style=\"font-weight: 400;\"> in which the events took place: \u201ca complex and difficult epidemiological situation that the country was going through due to the COVID-19 pandemic.\u201d The court understood this circumstance as \u201caggravating.\u201d<\/span><\/p>\n<p><span style=\"font-weight: 400;\">The global situation of the pandemic served as a pretext in many contexts to take measures that went too far, at least, in restricting freedoms and violating procedural guarantees. For this reason, using the pandemic as a justifying resource for judges and legislators has been highly criticized <\/span><a href=\"https:\/\/www.ohchr.org\/es\/2020\/04\/coronavirus-emergency-challenges-justice-system?LangID=S&amp;NewsID=25810\"><span style=\"font-weight: 400;\">by very different actors<\/span><\/a><span style=\"font-weight: 400;\">.<\/span><\/p>\n<p><span style=\"font-weight: 400;\">In the criminal order, with even more reason, the relationship of some events with the pandemic \u2014 a health, economic, social and personal emergency \u2014 cannot be established on general premises that serve as a <\/span><i><span style=\"font-weight: 400;\">sack<\/span><\/i><span style=\"font-weight: 400;\"> for any situation in order to harden the sentences.<\/span><\/p>\n<p><span style=\"font-weight: 400;\">On the other hand, the severity of the sentence for the case of Lescay, in the opinion of the court, was due to the persistence of his conduct, even on the very day of his arrest. For the court, he was the one who \u201cwith the greatest irreverence confronted the police authorities of the territory where he lived.\u201d<\/span><\/p>\n<p><span style=\"font-weight: 400;\">Although in the sentence itself it is recognized that Lescay \u201cstated that he felt sorry (for) his repeated acts and disagreement with his detention,\u201d this does not prevent the court from being told that \u201cit denotes the scant chance that he will amend his behavior with a less stringent sanction than the one established.\u201d<\/span><\/p>\n<p><span style=\"font-weight: 400;\">To highlight this idea, it refers to his \u201csocially maladjusted behavior.\u201d According to the CPC, the social behavior of the individual and the criminal record are vital to adapt the sanction. The limits between a deprivation of liberty sanction and the possibility that it be subsidized by another that does not entail imprisonment (such as correctional work without internment), often depends on assessing social and personal elements.<\/span><\/p>\n<p><span style=\"font-weight: 400;\">In this order, the sentence against Lescay contains contradictory elements. It is stated that in the case of \u201cAbel, Omar and \u00c1ngel, it is a case of a social misconduct, which was confirmed through the complementary investigations and the criminal record certificates regarding their actions.\u201d<\/span><\/p>\n<p><span style=\"font-weight: 400;\">However, Lescay does not have a criminal record, according to the sentence. Where, then, was the weight in concluding that Abel had \u201csocial misconduct\u201d? According to the judges, it rests on an investigation carried out by a \u201ccompetent authority\u201d and \u201cin compliance with the formalities established for these cases.\u201d<\/span><\/p>\n<p><span style=\"font-weight: 400;\">On the contrary, the judges did not offer credibility to three witnesses who \u201cattributed positive behavior of the defendant Abel as a student and in his place of residence.\u201d Nor did they give credit to letters about his positive behavior as a student, sent by the main authorities of the University of the Arts \u2014 ISA \u2014 (Rector, General Secretary, Head of the Composition Department and President of the Federation of University Students) and by the Hermanos Sa\u00edz Association.<\/span><\/p>\n<p><span style=\"font-weight: 400;\">For the court, Lescay\u2019s \u201cimproper social behavior\u201d is compatible with his status as a \u201cgood student and professional.\u201d Given these apparent contradictions, how can one impose a sentence \u2014 at the time of writing this text, the sentence is not yet final, since the appeal is yet to be completed \u2014 of deprivation of liberty?<\/span><\/p>\n<p><span style=\"font-weight: 400;\">What motivations are there to sentence a young man of that age, without a record, to six years in prison for the crimes he is charged with? What motivations can exist for not avoiding the \u201csavagely rational\u201d aspect of Criminal Law and submitting him to prison? Is it possible to conceive that, for the case in question, imprisonment is the only \u201cpossibility of amending his behavior\u201d?<\/span><\/p>\n<p><span style=\"font-weight: 400;\">A possible answer can be found in all the political and judicial mediations with which \u2014 we think that in a mistaken way \u2014 the State is trying to give a response to the political and social moment, so difficult and conflictive, that Cuba is experiencing.<\/span><\/p>\n<p><b>Contempt as a crime<\/b><\/p>\n<p><span style=\"font-weight: 400;\">The facts proven in the Lescay sentence describe conduct constituting various crimes, including a crime of contempt in its aggravated form.<\/span><\/p>\n<p><span style=\"font-weight: 400;\">The <\/span><a href=\"http:\/\/www.parlamentocubano.gob.cu\/index.php\/documento\/codigo-penal-2\/#:~:text=ART%C3%8DCULO%204.-,1.,tratados%20suscritos%20por%20la%20Rep%C3%BAblica.\" target=\"_blank\" rel=\"noopener\"><span style=\"font-weight: 400;\">regulation of aggravated contempt sanctions up to three years to that person who<\/span><\/a><span style=\"font-weight: 400;\"> \u201cthreatens, slanders, defames, insults, injures or in any way outrages or offends,\u201d if the offended is a person who holds one of the highest institutional positions in the country. This description was taken into account in the case of Lescay, for insults against Cuban President Miguel D\u00edaz-Canel Berm\u00fadez, <\/span><a href=\"https:\/\/twitter.com\/i\/status\/1486143684131368960\" target=\"_blank\" rel=\"noopener\"><span style=\"font-weight: 400;\">a fact that can be verified in a video released to the public<\/span><\/a><span style=\"font-weight: 400;\">.<\/span><\/p>\n<p><span style=\"font-weight: 400;\">The sentence against Lescay does not mention the commission by him of acts of physical violence. However, the program Con Filo, on national television, assured that Lescay admitted having thrown stones <\/span><a href=\"https:\/\/youtu.be\/SNABtURvRZg\" target=\"_blank\" rel=\"noopener\"><span style=\"font-weight: 400;\">(\u201csomething that he himself admits,\u201d it was said then, starting at minute 8.40<\/span><\/a><span style=\"font-weight: 400;\">) Con Filo did it, moreover, in the middle of the legal process against Lescay, violating recognized ethical principles in this regard, which demand not using state means to predispose public opinion to a case in progress.<\/span><\/p>\n<p><span style=\"font-weight: 400;\">The sentence imposes most of its sanction for other types of crimes, committed in the absence of physical violence by its commissioner: offenses and disobeying authorities, corresponding to contempt, and public disorder.<\/span><\/p>\n<p><span style=\"font-weight: 400;\">Due to the problems it poses, for at least a couple of decades an international trend has demanded that contempt be decriminalized. <\/span><a href=\"http:\/\/www.justiciaglobal.net\/files\/actividades\/fi_name_recurso.8.pdf\" target=\"_blank\" rel=\"noopener\"><span style=\"font-weight: 400;\">Various criticisms show its incompatibility<\/span><\/a><span style=\"font-weight: 400;\"> with the rights of expression, and claim that it usurps the principle of popular sovereignty, by limiting citizen criticism and protest.<\/span><\/p>\n<p><span style=\"font-weight: 400;\">This has not prevented enabling other protections of the State, and of its representatives, less restrictive for citizens, such as the reply through the media, or the establishment of civil actions for defamation and insults, as Rafael Correa claimed in Ecuador.<\/span><\/p>\n<p><span style=\"font-weight: 400;\">As a criminal type, contempt includes a pre-modern idea, <\/span><a href=\"http:\/\/www.justiciaglobal.net\/files\/actividades\/fi_name_recurso.8.pdf\" target=\"_blank\" rel=\"noopener\"><span style=\"font-weight: 400;\">which ensured that<\/span><\/a><span style=\"font-weight: 400;\"> \u201cState bodies, by the mere fact of being so, were worthy of all the trust and support of the population.\u201d That vision protected the honor of the authorities and sought to let them work \u201ccalmly.\u201d The idea presupposes the culture of secrecy and the notion that the State deserves obedience and even loyalty, a pre-political thesis.<\/span><\/p>\n<p><span style=\"font-weight: 400;\">If sovereignty lies with the people, and public authorities are owed to the sovereign, that protection is an unfair inequality of treatment. Contempt results in protection in favor of the person who should be most exposed to public challenge: the state official.<\/span><\/p>\n<p><span style=\"font-weight: 400;\">These types of protections for authority hinder the development of critical discourses as well as personal rights of expression, conscience and participation. On the other hand, they strengthen the authority of the State, which already has resources of power, decision and information far superior to that of a citizen, or groups of them.<\/span><\/p>\n<p><span style=\"font-weight: 400;\">In Latin America, Argentina was the first country to decriminalize contempt (1993). Other countries started processes that ended up doing so: Paraguay (1997), Costa Rica (2002), Peru (2003), Panama (2007), Nicaragua (2007), Uruguay (2009), Ecuador (2014) and Chile (2001-2005). Others did the same, but through their highest courts of justice, as happened in Honduras (2005), Guatemala (2006) and Bolivia (2012). By 2016, in the region contempt was only penalized, in addition to Cuba, Brazil, El Salvador, the Dominican Republic and Venezuela.<\/span><\/p>\n<p><span style=\"font-weight: 400;\">Of course, this does not make up a very encouraging panorama for social protest on the continent. In addition to the extreme case of the murder of social activists in countries such as Colombia, Honduras or Brazil, <\/span><a href=\"https:\/\/www.cels.org.ar\/protestasocial_AL\/pdf\/protesta_social.pdf\" target=\"_blank\" rel=\"noopener\"><span style=\"font-weight: 400;\">\u00a0a wide repertoire of actions limits the protest and generates various types of damage for the protesters<\/span><\/a><span style=\"font-weight: 400;\">.<\/span><b>1<\/b><span style=\"font-weight: 400;\"> However, the figure of contempt appears less and less within this repressive repertoire.<\/span><\/p>\n<p><span style=\"font-weight: 400;\">For its part, the <\/span><a href=\"https:\/\/www.tsp.gob.cu\/sites\/default\/files\/documentos\/ACP%20EN%20WEB.%2019.01.2022.pdf\" target=\"_blank\" rel=\"noopener\"><span style=\"font-weight: 400;\">new draft of the Cuban Penal Code<\/span><\/a><span style=\"font-weight: 400;\"> preserves contempt. It repeats the sanctioning framework, but increases the institutional positions protected against contempt.<\/span><b>2<\/b><span style=\"font-weight: 400;\"> This draft \u2014 which has not been submitted to a consultation and plebiscite as has been done with the Family Code draft \u2014 has contents of <\/span><i><span style=\"font-weight: 400;\">criminal expansionism<\/span><\/i><span style=\"font-weight: 400;\">, far from the Penal Code <\/span><i><span style=\"font-weight: 400;\">minimum<\/span><\/i><span style=\"font-weight: 400;\">, or the notion of <\/span><i><span style=\"font-weight: 400;\">ultima ratio<\/span><\/i><span style=\"font-weight: 400;\">. Thus, it is far from the humanizing spirit that accompanies progressive notions of Criminal Law, and is in favor of punitiveness.<\/span><\/p>\n<p><b>The regulation of social protest in Cuba and its political context<\/b><\/p>\n<p><span style=\"font-weight: 400;\">The Cuban Constitution protects (art. 56) the rights of assembly, demonstration and association, which in turn limits them to fulfilling \u201clawful and peaceful purposes,\u201d and when they are recognized \u201cby the State, provided that they are exercised with respect for public order and compliance with the provisions established by law.\u201d<\/span><\/p>\n<p><span style=\"font-weight: 400;\">Despite the constitutional mandate of 2019, there is still no law that regulates these rights. The dominant interpretation after 1976 calls for complementary laws to exercise rights, instead of applying the Constitution directly.<\/span><\/p>\n<p><span style=\"font-weight: 400;\">The Constitution does not expressly protect the protest. Even so, protest is a way of exercising the right to demonstrate \u2014 both are often assimilated into international laws and conventions \u2014 with a sense of opposition and vindication that does not require permission in certain situations.<\/span><\/p>\n<p><span style=\"font-weight: 400;\">Without the right to protest, the rest of the rights can become fallacies on paper. The genealogy of this idea is found in the republican, revolutionary and democratic tradition, of popular sovereignty and the right to resist authority, which was recognized by both Karl Marx and Jos\u00e9 Mart\u00ed as well as Fidel Castro on the occasion of the Moncada trial. It is part of the notion of Republic to which the Cuban State is constitutionally bound, and which is also included in international treaties, some of which Cuba has signed, but not ratified.<\/span><\/p>\n<p><span style=\"font-weight: 400;\">The constitutional regulation of demonstration asymmetrically favors the State, the same that would be the object of the protest. In this way, the possibility of criminalizing the protest increases due to the mere fact of treating it as illegal by state authorities, without there being effective channels for the citizenry to challenge such a decision.<\/span><\/p>\n<p><span style=\"font-weight: 400;\">The current regulation on demonstration, even if it can take place, forms a version of protest that could be limited to conditions of \u201ctime, place and manner.\u201d There is no debate in Cuba about the ways in which such limitations can empty the very meaning of a protest, and even make it ineffective.<\/span><\/p>\n<p><span style=\"font-weight: 400;\">Even less is there debate about more radical \u2014 revolutionary \u2014 notions of <\/span><a href=\"https:\/\/redib.org\/Record\/oai_articulo1346036-criminalizaci%C3%B3n-y-regulaci%C3%B3n-de-la-protesta-social-el-fracaso-de-la-teor%C3%ADa-de-la-democracia-deliberativa\" target=\"_blank\" rel=\"noopener\"><span style=\"font-weight: 400;\">protest that understand it as a deinstitutionalized act<\/span><\/a><span style=\"font-weight: 400;\">, which exerts force to pressure the constituted power. There is hardly any recognition of the legitimate space that expressions of disruption should have in the face of the political system. It is a logic that affirms a fact as simple as it is powerful: a worker who throws a stone during a strike does not eliminate the right to strike.<\/span><\/p>\n<p><span style=\"font-weight: 400;\">The U.S. policy of internal interference, with the declared objective of \u201cregime change,\u201d is part of the Cuban context. It is a key variable, insofar as it provides a differential element, which the vast majority of countries do not have, and which crosses the decision space made by the Cuban government.<\/span><\/p>\n<p><span style=\"font-weight: 400;\">This policy \u2014 more than 60 years old \u2014 \u201c<\/span><a href=\"https:\/\/elpais.com\/internacional\/2009\/04\/18\/actualidad\/1240005602_850215.html\" target=\"_blank\" rel=\"noopener\"><span style=\"font-weight: 400;\">has failed in its objectives<\/span><\/a><span style=\"font-weight: 400;\">,\u201d as the Obama administration declared when proposing a \u201cnew beginning\u201d for relations with Cuba. However, it continues to be applied with assumptions and conditionalities that are unacceptable in International Law. However, responding to it with restrictive human rights policies and repressive strategies for differences is part of the problems, not the solutions.<\/span><\/p>\n<p><span style=\"font-weight: 400;\">Any type of arbitrary interference with a sovereign national community is illegitimate.<\/span><b>3<\/b><span style=\"font-weight: 400;\"> Being <\/span><i><span style=\"font-weight: 400;\">confirmed<\/span><\/i><span style=\"font-weight: 400;\"> agents of such arbitrary interference is illegitimate, and challenges the moral imperative that demands the fair exercise of the Law. There are no enforceable democratic participation rights if one is part, <\/span><i><span style=\"font-weight: 400;\">proven by fair law<\/span><\/i><span style=\"font-weight: 400;\">, of a foreign agenda of arbitrary intervention in any sovereign country.<\/span><\/p>\n<p><span style=\"font-weight: 400;\">However, the legitimacy of the state defense has <\/span><i><span style=\"font-weight: 400;\">conditions<\/span><\/i><span style=\"font-weight: 400;\">. Sixty years after 1959, simply invoking the \u201cright of the Revolution \u2014 or of the State \u2014 to defend itself,\u201d without mentioning the correlative duties of the State and the rights of citizens, is to deny, even, strong contents of the Cuban official discourse itself.<\/span><\/p>\n<p><span style=\"font-weight: 400;\">It means ignoring two constitutions and three constitutional reforms approved after 1959. It means rejecting the entire process of institutionalization and the processes in which Cuban citizens have proposed to modify aspects of that political order. To do so now is to go, furthermore, against the constitutional promise of the \u201cSocialist State of Law,\u201d regulated in the current Constitution, but whose realization seems to be a contradiction in itself with respect to the design and practice of the political model.<\/span><\/p>\n<p><b>Other pending debates: justice in the face of the Law<\/b><\/p>\n<p><span style=\"font-weight: 400;\">Other types of political debates remain absent. There is hardly any discussion about the \u201cRights of the excluded\u201d: how people in situations of social deprivation and political exclusion, who experience the violence of poverty and the lack of political representation <\/span><i><span style=\"font-weight: 400;\">through the Law<\/span><\/i><span style=\"font-weight: 400;\">, see their condition reinforced and their victimhood duplicated: because of poverty and because of the legal punishment they receive for protesting against this.<\/span><\/p>\n<p><span style=\"font-weight: 400;\">The official Cuban discourse is oblivious to ideas like these: there is no democracy without space for protest. The appeal to \u201cconsensualism\u201d (\u201cwe are the majority\u201d), and to \u201cconstitutionalism\u201d (\u201cthe protection of the constitutional order\u201d) with which it has explained the judicial response to J11, replicates very restrictive liberal views on democracy, which ignore the conflict as a key to the elaboration of the policy, and reject instances of social dialogue and political channeling of the conflicts.<\/span><\/p>\n<p><span style=\"font-weight: 400;\">Although the official Cuban discourse, notably that of Fidel Castro, located poverty as a violation of human rights, that idea does not apply to the internal scenario that gave rise to J11. Poverty and marginalization are contrary to any strong notion of democracy, and open political rights on the ways in which both can be contested.<\/span><\/p>\n<p><span style=\"font-weight: 400;\">For all these reasons, the transformation of Cuban state behavior around social protest needs to connect dimensions such as social class, gender, skin color, with conditions of poverty and inequality, with the Law; and recognize the popular agenda in demand for rights and space for participation as the core of the democratic elaboration of politics.<\/span><\/p>\n<p><span style=\"font-weight: 400;\">***<\/span><\/p>\n<p><span style=\"font-weight: 400;\">Notes:<\/span><\/p>\n<p><b>1<\/b><span style=\"font-weight: 400;\"> Among them, the criminalization of behaviors; the intervention of the Armed Forces; the abusive police presence in the \u201cpreventive control\u201d of protests; massive, arbitrary and violent arrests; the presence of uniformed police personnel without visible identification and of infiltrated agents; the scant regulation of the use of force; impunity for police violence; surveillance and intelligence work against social movements, etc.<\/span><\/p>\n<p><b>2<\/b><span style=\"font-weight: 400;\"> \u201cIf the act provided for in the previous section is carried out with respect to the President or Vice President of the Republic, the President of the National Assembly of People\u2019s Power, the other members of the Council of State or the Council of Ministers, the deputies of the National Assembly of People\u2019s Power, the President of the People\u2019s Supreme Court, the Attorney General of the Republic, the Comptroller General of the Republic or the President of the National Electoral Council, the sanction is imprisonment for one to three years.\u201d<\/span><\/p>\n<p><b>3<\/b><span style=\"font-weight: 400;\"> Here we use ideas that we wrote earlier <\/span><a href=\"https:\/\/www.sinpermiso.info\/textos\/el-derecho-y-los-derechos-frente-a-la-protesta-y-la-diversidad-sociales-en-cuba\" target=\"_blank\" rel=\"noopener\"><span style=\"font-weight: 400;\">in this text<\/span><\/a><span style=\"font-weight: 400;\">.<\/span><\/p>\n","protected":false},"excerpt":{"rendered":"<p>An analysis about the Abel Lescay case.<\/p>\n","protected":false},"author":80,"featured_media":251654,"comment_status":"open","ping_status":"closed","sticky":false,"template":"","format":"standard","meta":{"_acf_changed":false,"footnotes":""},"categories":[13902,13910],"tags":[34528,34529,19526],"ppma_author":[33569,34058],"class_list":["post-251652","post","type-post","status-publish","format-standard","has-post-thumbnail","hentry","category-cuba","category-politics-in-cuba","tag-11-j-cuba","tag-criminal-law","tag-politics-in-cuba"],"acf":[],"yoast_head":"<!-- This site is optimized with the Yoast SEO plugin v27.3 - https:\/\/yoast.com\/product\/yoast-seo-wordpress\/ -->\n<title>Criminal Law and social protest in Cuba | OnCubaNews English<\/title>\n<meta name=\"description\" content=\"In the international field, the most progressive consensus defends keeping Criminal Law away from social protest.\" \/>\n<meta name=\"robots\" content=\"index, follow, max-snippet:-1, max-image-preview:large, max-video-preview:-1\" \/>\n<link rel=\"canonical\" href=\"https:\/\/oncubanews.com\/en\/cuba\/criminal-law-and-social-protest-in-cuba\/\" \/>\n<meta property=\"og:locale\" content=\"en_US\" \/>\n<meta property=\"og:type\" content=\"article\" \/>\n<meta property=\"og:title\" content=\"Criminal Law and social protest in Cuba | OnCubaNews English\" \/>\n<meta property=\"og:description\" content=\"In the international field, the most progressive consensus defends keeping Criminal Law away from social protest.\" \/>\n<meta property=\"og:url\" content=\"https:\/\/oncubanews.com\/en\/cuba\/criminal-law-and-social-protest-in-cuba\/\" \/>\n<meta property=\"og:site_name\" content=\"OnCubaNews English\" \/>\n<meta property=\"article:published_time\" content=\"2022-04-16T14:21:02+00:00\" \/>\n<meta property=\"og:image\" content=\"https:\/\/oncubanews.com\/en\/wp-content\/uploads\/2022\/04\/DSC_4619-1-1024x576-1.jpg\" \/>\n\t<meta property=\"og:image:width\" content=\"1024\" \/>\n\t<meta property=\"og:image:height\" content=\"576\" \/>\n\t<meta property=\"og:image:type\" content=\"image\/jpeg\" \/>\n<meta name=\"author\" content=\"Julio C\u00e9sar Guanche, Harold Bertot Triana\" \/>\n<meta name=\"twitter:card\" content=\"summary_large_image\" \/>\n<meta name=\"twitter:label1\" content=\"Written by\" \/>\n\t<meta name=\"twitter:data1\" content=\"Julio C\u00e9sar Guanche\" \/>\n\t<meta name=\"twitter:label2\" content=\"Est. reading time\" \/>\n\t<meta name=\"twitter:data2\" content=\"15 minutes\" \/>\n<script type=\"application\/ld+json\" class=\"yoast-schema-graph\">{\"@context\":\"https:\\\/\\\/schema.org\",\"@graph\":[{\"@type\":\"Article\",\"@id\":\"https:\\\/\\\/oncubanews.com\\\/en\\\/cuba\\\/criminal-law-and-social-protest-in-cuba\\\/#article\",\"isPartOf\":{\"@id\":\"https:\\\/\\\/oncubanews.com\\\/en\\\/cuba\\\/criminal-law-and-social-protest-in-cuba\\\/\"},\"author\":{\"name\":\"Julio C\u00e9sar Guanche\",\"@id\":\"https:\\\/\\\/oncubanews.com\\\/en\\\/#\\\/schema\\\/person\\\/4f1a29152c3ffe008e93d35637c06d81\"},\"headline\":\"Criminal Law and social protest in Cuba\",\"datePublished\":\"2022-04-16T14:21:02+00:00\",\"mainEntityOfPage\":{\"@id\":\"https:\\\/\\\/oncubanews.com\\\/en\\\/cuba\\\/criminal-law-and-social-protest-in-cuba\\\/\"},\"wordCount\":3224,\"commentCount\":0,\"image\":{\"@id\":\"https:\\\/\\\/oncubanews.com\\\/en\\\/cuba\\\/criminal-law-and-social-protest-in-cuba\\\/#primaryimage\"},\"thumbnailUrl\":\"https:\\\/\\\/oncubanews.com\\\/en\\\/wp-content\\\/uploads\\\/2022\\\/04\\\/DSC_4619-1-1024x576-1.jpg\",\"keywords\":[\"11 J Cuba\",\"Criminal Law\",\"politics in Cuba\"],\"articleSection\":[\"Cuba\",\"Politics in Cuba\"],\"inLanguage\":\"en-US\",\"potentialAction\":[{\"@type\":\"CommentAction\",\"name\":\"Comment\",\"target\":[\"https:\\\/\\\/oncubanews.com\\\/en\\\/cuba\\\/criminal-law-and-social-protest-in-cuba\\\/#respond\"]}],\"copyrightYear\":\"2022\",\"copyrightHolder\":{\"@id\":\"https:\\\/\\\/oncubanews.com\\\/en\\\/#organization\"}},{\"@type\":\"WebPage\",\"@id\":\"https:\\\/\\\/oncubanews.com\\\/en\\\/cuba\\\/criminal-law-and-social-protest-in-cuba\\\/\",\"url\":\"https:\\\/\\\/oncubanews.com\\\/en\\\/cuba\\\/criminal-law-and-social-protest-in-cuba\\\/\",\"name\":\"Criminal Law and social protest in Cuba | OnCubaNews English\",\"isPartOf\":{\"@id\":\"https:\\\/\\\/oncubanews.com\\\/en\\\/#website\"},\"primaryImageOfPage\":{\"@id\":\"https:\\\/\\\/oncubanews.com\\\/en\\\/cuba\\\/criminal-law-and-social-protest-in-cuba\\\/#primaryimage\"},\"image\":{\"@id\":\"https:\\\/\\\/oncubanews.com\\\/en\\\/cuba\\\/criminal-law-and-social-protest-in-cuba\\\/#primaryimage\"},\"thumbnailUrl\":\"https:\\\/\\\/oncubanews.com\\\/en\\\/wp-content\\\/uploads\\\/2022\\\/04\\\/DSC_4619-1-1024x576-1.jpg\",\"datePublished\":\"2022-04-16T14:21:02+00:00\",\"author\":{\"@id\":\"https:\\\/\\\/oncubanews.com\\\/en\\\/#\\\/schema\\\/person\\\/4f1a29152c3ffe008e93d35637c06d81\"},\"description\":\"In the international field, the most progressive consensus defends keeping Criminal Law away from social protest.\",\"breadcrumb\":{\"@id\":\"https:\\\/\\\/oncubanews.com\\\/en\\\/cuba\\\/criminal-law-and-social-protest-in-cuba\\\/#breadcrumb\"},\"inLanguage\":\"en-US\",\"potentialAction\":[{\"@type\":\"ReadAction\",\"target\":[\"https:\\\/\\\/oncubanews.com\\\/en\\\/cuba\\\/criminal-law-and-social-protest-in-cuba\\\/\"]}]},{\"@type\":\"ImageObject\",\"inLanguage\":\"en-US\",\"@id\":\"https:\\\/\\\/oncubanews.com\\\/en\\\/cuba\\\/criminal-law-and-social-protest-in-cuba\\\/#primaryimage\",\"url\":\"https:\\\/\\\/oncubanews.com\\\/en\\\/wp-content\\\/uploads\\\/2022\\\/04\\\/DSC_4619-1-1024x576-1.jpg\",\"contentUrl\":\"https:\\\/\\\/oncubanews.com\\\/en\\\/wp-content\\\/uploads\\\/2022\\\/04\\\/DSC_4619-1-1024x576-1.jpg\",\"width\":1024,\"height\":576,\"caption\":\"Photo: Julio C\u00e9sar Guanche.\"},{\"@type\":\"BreadcrumbList\",\"@id\":\"https:\\\/\\\/oncubanews.com\\\/en\\\/cuba\\\/criminal-law-and-social-protest-in-cuba\\\/#breadcrumb\",\"itemListElement\":[{\"@type\":\"ListItem\",\"position\":1,\"name\":\"Portada\",\"item\":\"https:\\\/\\\/oncubanews.com\\\/en\\\/\"},{\"@type\":\"ListItem\",\"position\":2,\"name\":\"Criminal Law and social protest in Cuba\"}]},{\"@type\":\"WebSite\",\"@id\":\"https:\\\/\\\/oncubanews.com\\\/en\\\/#website\",\"url\":\"https:\\\/\\\/oncubanews.com\\\/en\\\/\",\"name\":\"OnCubaNews English\",\"description\":\"Revista sobre Cuba\",\"potentialAction\":[{\"@type\":\"SearchAction\",\"target\":{\"@type\":\"EntryPoint\",\"urlTemplate\":\"https:\\\/\\\/oncubanews.com\\\/en\\\/?s={search_term_string}\"},\"query-input\":{\"@type\":\"PropertyValueSpecification\",\"valueRequired\":true,\"valueName\":\"search_term_string\"}}],\"inLanguage\":\"en-US\"},{\"@type\":\"Person\",\"@id\":\"https:\\\/\\\/oncubanews.com\\\/en\\\/#\\\/schema\\\/person\\\/4f1a29152c3ffe008e93d35637c06d81\",\"name\":\"Julio C\u00e9sar Guanche\",\"image\":{\"@type\":\"ImageObject\",\"inLanguage\":\"en-US\",\"@id\":\"https:\\\/\\\/oncubanews.com\\\/wp-content\\\/uploads\\\/2023\\\/09\\\/guanchep-96x96.jpgb03a24b035aecf3a518128f772fe97e4\",\"url\":\"https:\\\/\\\/oncubanews.com\\\/wp-content\\\/uploads\\\/2023\\\/09\\\/guanchep-96x96.jpg\",\"contentUrl\":\"https:\\\/\\\/oncubanews.com\\\/wp-content\\\/uploads\\\/2023\\\/09\\\/guanchep-96x96.jpg\",\"caption\":\"Julio C\u00e9sar Guanche\"},\"description\":\"Profesor e investigador. Ha escrito varios libros y un n\u00famero largo de ensayos y art\u00edculos. Hubiera querido ser trompetista, pero la vida es como es. Siente la misma pasi\u00f3n por el cine, la historia, la m\u00fasica y la cultura popular. Descree, en profundidad, de quien no sepa cocinar. Investiga temas de pol\u00edtica, historia y derecho, pues cada cual se divierte como puede.\",\"url\":\"https:\\\/\\\/oncubanews.com\\\/en\\\/author\\\/juliocesarguanche1\\\/\"}]}<\/script>\n<!-- \/ Yoast SEO plugin. -->","yoast_head_json":{"title":"Criminal Law and social protest in Cuba | OnCubaNews English","description":"In the international field, the most progressive consensus defends keeping Criminal Law away from social protest.","robots":{"index":"index","follow":"follow","max-snippet":"max-snippet:-1","max-image-preview":"max-image-preview:large","max-video-preview":"max-video-preview:-1"},"canonical":"https:\/\/oncubanews.com\/en\/cuba\/criminal-law-and-social-protest-in-cuba\/","og_locale":"en_US","og_type":"article","og_title":"Criminal Law and social protest in Cuba | OnCubaNews English","og_description":"In the international field, the most progressive consensus defends keeping Criminal Law away from social protest.","og_url":"https:\/\/oncubanews.com\/en\/cuba\/criminal-law-and-social-protest-in-cuba\/","og_site_name":"OnCubaNews English","article_published_time":"2022-04-16T14:21:02+00:00","og_image":[{"width":1024,"height":576,"url":"https:\/\/oncubanews.com\/en\/wp-content\/uploads\/2022\/04\/DSC_4619-1-1024x576-1.jpg","type":"image\/jpeg"}],"author":"Julio C\u00e9sar Guanche, Harold Bertot Triana","twitter_card":"summary_large_image","twitter_misc":{"Written by":"Julio C\u00e9sar Guanche","Est. reading time":"15 minutes"},"schema":{"@context":"https:\/\/schema.org","@graph":[{"@type":"Article","@id":"https:\/\/oncubanews.com\/en\/cuba\/criminal-law-and-social-protest-in-cuba\/#article","isPartOf":{"@id":"https:\/\/oncubanews.com\/en\/cuba\/criminal-law-and-social-protest-in-cuba\/"},"author":{"name":"Julio C\u00e9sar Guanche","@id":"https:\/\/oncubanews.com\/en\/#\/schema\/person\/4f1a29152c3ffe008e93d35637c06d81"},"headline":"Criminal Law and social protest in Cuba","datePublished":"2022-04-16T14:21:02+00:00","mainEntityOfPage":{"@id":"https:\/\/oncubanews.com\/en\/cuba\/criminal-law-and-social-protest-in-cuba\/"},"wordCount":3224,"commentCount":0,"image":{"@id":"https:\/\/oncubanews.com\/en\/cuba\/criminal-law-and-social-protest-in-cuba\/#primaryimage"},"thumbnailUrl":"https:\/\/oncubanews.com\/en\/wp-content\/uploads\/2022\/04\/DSC_4619-1-1024x576-1.jpg","keywords":["11 J Cuba","Criminal Law","politics in Cuba"],"articleSection":["Cuba","Politics in Cuba"],"inLanguage":"en-US","potentialAction":[{"@type":"CommentAction","name":"Comment","target":["https:\/\/oncubanews.com\/en\/cuba\/criminal-law-and-social-protest-in-cuba\/#respond"]}],"copyrightYear":"2022","copyrightHolder":{"@id":"https:\/\/oncubanews.com\/en\/#organization"}},{"@type":"WebPage","@id":"https:\/\/oncubanews.com\/en\/cuba\/criminal-law-and-social-protest-in-cuba\/","url":"https:\/\/oncubanews.com\/en\/cuba\/criminal-law-and-social-protest-in-cuba\/","name":"Criminal Law and social protest in Cuba | OnCubaNews English","isPartOf":{"@id":"https:\/\/oncubanews.com\/en\/#website"},"primaryImageOfPage":{"@id":"https:\/\/oncubanews.com\/en\/cuba\/criminal-law-and-social-protest-in-cuba\/#primaryimage"},"image":{"@id":"https:\/\/oncubanews.com\/en\/cuba\/criminal-law-and-social-protest-in-cuba\/#primaryimage"},"thumbnailUrl":"https:\/\/oncubanews.com\/en\/wp-content\/uploads\/2022\/04\/DSC_4619-1-1024x576-1.jpg","datePublished":"2022-04-16T14:21:02+00:00","author":{"@id":"https:\/\/oncubanews.com\/en\/#\/schema\/person\/4f1a29152c3ffe008e93d35637c06d81"},"description":"In the international field, the most progressive consensus defends keeping Criminal Law away from social protest.","breadcrumb":{"@id":"https:\/\/oncubanews.com\/en\/cuba\/criminal-law-and-social-protest-in-cuba\/#breadcrumb"},"inLanguage":"en-US","potentialAction":[{"@type":"ReadAction","target":["https:\/\/oncubanews.com\/en\/cuba\/criminal-law-and-social-protest-in-cuba\/"]}]},{"@type":"ImageObject","inLanguage":"en-US","@id":"https:\/\/oncubanews.com\/en\/cuba\/criminal-law-and-social-protest-in-cuba\/#primaryimage","url":"https:\/\/oncubanews.com\/en\/wp-content\/uploads\/2022\/04\/DSC_4619-1-1024x576-1.jpg","contentUrl":"https:\/\/oncubanews.com\/en\/wp-content\/uploads\/2022\/04\/DSC_4619-1-1024x576-1.jpg","width":1024,"height":576,"caption":"Photo: Julio C\u00e9sar Guanche."},{"@type":"BreadcrumbList","@id":"https:\/\/oncubanews.com\/en\/cuba\/criminal-law-and-social-protest-in-cuba\/#breadcrumb","itemListElement":[{"@type":"ListItem","position":1,"name":"Portada","item":"https:\/\/oncubanews.com\/en\/"},{"@type":"ListItem","position":2,"name":"Criminal Law and social protest in Cuba"}]},{"@type":"WebSite","@id":"https:\/\/oncubanews.com\/en\/#website","url":"https:\/\/oncubanews.com\/en\/","name":"OnCubaNews English","description":"Revista sobre Cuba","potentialAction":[{"@type":"SearchAction","target":{"@type":"EntryPoint","urlTemplate":"https:\/\/oncubanews.com\/en\/?s={search_term_string}"},"query-input":{"@type":"PropertyValueSpecification","valueRequired":true,"valueName":"search_term_string"}}],"inLanguage":"en-US"},{"@type":"Person","@id":"https:\/\/oncubanews.com\/en\/#\/schema\/person\/4f1a29152c3ffe008e93d35637c06d81","name":"Julio C\u00e9sar Guanche","image":{"@type":"ImageObject","inLanguage":"en-US","@id":"https:\/\/oncubanews.com\/wp-content\/uploads\/2023\/09\/guanchep-96x96.jpgb03a24b035aecf3a518128f772fe97e4","url":"https:\/\/oncubanews.com\/wp-content\/uploads\/2023\/09\/guanchep-96x96.jpg","contentUrl":"https:\/\/oncubanews.com\/wp-content\/uploads\/2023\/09\/guanchep-96x96.jpg","caption":"Julio C\u00e9sar Guanche"},"description":"Profesor e investigador. Ha escrito varios libros y un n\u00famero largo de ensayos y art\u00edculos. Hubiera querido ser trompetista, pero la vida es como es. Siente la misma pasi\u00f3n por el cine, la historia, la m\u00fasica y la cultura popular. Descree, en profundidad, de quien no sepa cocinar. Investiga temas de pol\u00edtica, historia y derecho, pues cada cual se divierte como puede.","url":"https:\/\/oncubanews.com\/en\/author\/juliocesarguanche1\/"}]}},"authors":[{"term_id":33569,"user_id":80,"is_guest":0,"slug":"juliocesarguanche1","display_name":"Julio C\u00e9sar Guanche","avatar_url":"https:\/\/oncubanews.com\/wp-content\/uploads\/2023\/09\/guanchep-96x96.jpg","0":null,"1":"","2":"","3":"","4":"","5":"","6":"","7":"","8":""},{"term_id":34058,"user_id":3796,"is_guest":0,"slug":"haroldbertott","display_name":"Harold Bertot Triana","avatar_url":"https:\/\/secure.gravatar.com\/avatar\/fbab4d2850594437934f5ad24f2009947ad621b941a2dc4a563744e856a478a6?s=96&r=g","0":null,"1":"","2":"","3":"","4":"","5":"","6":"","7":"","8":""}],"_links":{"self":[{"href":"https:\/\/oncubanews.com\/en\/wp-json\/wp\/v2\/posts\/251652","targetHints":{"allow":["GET"]}}],"collection":[{"href":"https:\/\/oncubanews.com\/en\/wp-json\/wp\/v2\/posts"}],"about":[{"href":"https:\/\/oncubanews.com\/en\/wp-json\/wp\/v2\/types\/post"}],"author":[{"embeddable":true,"href":"https:\/\/oncubanews.com\/en\/wp-json\/wp\/v2\/users\/80"}],"replies":[{"embeddable":true,"href":"https:\/\/oncubanews.com\/en\/wp-json\/wp\/v2\/comments?post=251652"}],"version-history":[{"count":2,"href":"https:\/\/oncubanews.com\/en\/wp-json\/wp\/v2\/posts\/251652\/revisions"}],"predecessor-version":[{"id":251653,"href":"https:\/\/oncubanews.com\/en\/wp-json\/wp\/v2\/posts\/251652\/revisions\/251653"}],"wp:featuredmedia":[{"embeddable":true,"href":"https:\/\/oncubanews.com\/en\/wp-json\/wp\/v2\/media\/251654"}],"wp:attachment":[{"href":"https:\/\/oncubanews.com\/en\/wp-json\/wp\/v2\/media?parent=251652"}],"wp:term":[{"taxonomy":"category","embeddable":true,"href":"https:\/\/oncubanews.com\/en\/wp-json\/wp\/v2\/categories?post=251652"},{"taxonomy":"post_tag","embeddable":true,"href":"https:\/\/oncubanews.com\/en\/wp-json\/wp\/v2\/tags?post=251652"},{"taxonomy":"author","embeddable":true,"href":"https:\/\/oncubanews.com\/en\/wp-json\/wp\/v2\/ppma_author?post=251652"}],"curies":[{"name":"wp","href":"https:\/\/api.w.org\/{rel}","templated":true}]}}