
{"id":252893,"date":"2022-05-14T11:46:46","date_gmt":"2022-05-14T15:46:46","guid":{"rendered":"https:\/\/oncubanews.com\/en\/?p=252893"},"modified":"2022-05-14T11:46:46","modified_gmt":"2022-05-14T15:46:46","slug":"the-soviets-in-cuba","status":"publish","type":"post","link":"https:\/\/oncubanews.com\/en\/cuba\/the-soviets-in-cuba\/","title":{"rendered":"The Soviets in Cuba (II)"},"content":{"rendered":"<p><span style=\"font-weight: 400;\">Almost a decade after January 1959, the tension between heterodoxy and orthodoxy would be one of the distinctive features of the Cuban landscape. 1968 was a key year in that sense.<\/span><\/p>\n<blockquote class=\"wp-embedded-content\" data-secret=\"dLpCMlVSKw\"><p><a href=\"https:\/\/oncubanews.com\/cuba\/los-sovieticos-en-cuba-i\/\">Los sovi\u00e9ticos en Cuba (I)<\/a><\/p><\/blockquote>\n<p><iframe loading=\"lazy\" class=\"wp-embedded-content\" sandbox=\"allow-scripts\" security=\"restricted\" style=\"position: absolute; clip: rect(1px, 1px, 1px, 1px);\" title=\"\u00abLos sovi\u00e9ticos en Cuba (I)\u00bb \u2014 OnCubaNews\" src=\"https:\/\/oncubanews.com\/cuba\/los-sovieticos-en-cuba-i\/embed\/#?secret=vcUTDKr0SB#?secret=dLpCMlVSKw\" data-secret=\"dLpCMlVSKw\" width=\"500\" height=\"282\" frameborder=\"0\" marginwidth=\"0\" marginheight=\"0\" scrolling=\"no\"><\/iframe><\/p>\n<p><span style=\"font-weight: 400;\">Precisely because of its heresies, the Soviets viewed the Cuban process with distrust and suspicion, or at most as it was from the very beginning: a task of some petty-bourgeois bearded boys who had to be guided along the true path. Guerrilla focus vs. mass struggle. Voluntarism vs. centralized planning. Socialist realism vs. plurality. On this last point, in \u201c<\/span><a href=\"http:\/\/biblioteca.clacso.edu.ar\/clacso\/se\/20191016042156\/el_socialismo_y_el_hombre_en_cuba.pdf\" target=\"_blank\" rel=\"noopener\"><span style=\"font-weight: 400;\">Socialism and Man in Cuba<\/span><\/a><span style=\"font-weight: 400;\">\u201d (1965) Che Guevara had written against any possible tropical Zhdanovism:<\/span><\/p>\n<p><i><span style=\"font-weight: 400;\">In countries that went through a similar process [he refers to those of Eastern Europe, A.P.], attempts were made to combat these tendencies with exaggerated dogmatism. General culture became almost a taboo and a formally exact representation of nature was proclaimed the summum of cultural aspiration, later becoming a mechanical representation of the social reality that was wanted to be shown; the ideal society, almost without conflicts or contradictions, that they sought to create\u2026.<\/span><\/i><\/p>\n<p><i><span style=\"font-weight: 400;\">So simplification is sought, what everyone understands, which is what officials understand. Authentic artistic research is annulled and the problem of general culture is reduced to an appropriation of the socialist present and the dead past (therefore not dangerous). This is how socialist realism was born on the basis of the art of the last century.<\/span><\/i><\/p>\n<p><span style=\"font-weight: 400;\">Concluding the following:<\/span><\/p>\n<p><i><span style=\"font-weight: 400;\">The intention is not to condemn all forms of art after the first half of the 19th century from the pontifical throne of fanatical realism, because it would fall into a Proudhonian error of returning to the past.<\/span><\/i><\/p>\n<figure style=\"width: 960px\" class=\"wp-caption aligncenter\"><img loading=\"lazy\" decoding=\"async\" src=\"https:\/\/oncubanews.com\/wp-content\/uploads\/2022\/03\/Realismo.jpg\" alt=\"Photo: Archive.\" width=\"960\" height=\"640\" \/><figcaption class=\"wp-caption-text\">Photo: Archive.<\/figcaption><\/figure>\n<p><span style=\"font-weight: 400;\">At that time, something was happening in Cuba that almost nobody remembers today: the simultaneous construction of socialism and communism in three small rural towns: <\/span><a href=\"http:\/\/www.cuba.cu\/gobierno\/discursos\/1967\/esp\/f280167e.html\" target=\"_blank\" rel=\"noopener\"><span style=\"font-weight: 400;\">San Andr\u00e9s de Caiguanabo<\/span><\/a><span style=\"font-weight: 400;\">, in the Guaniguanico mountain range, Pinar del R\u00edo; Banao, in Las Villas; and Gran Tierra, in the East. A concrete way of positioning oneself against orthodoxy and an expression that utopia was attainable by other means, far from any Eurocentrism. \u201cNaturally,\u201d a <\/span><a href=\"https:\/\/go.gale.com\/ps\/i.do?id=GALE%7CA219450910&amp;sid=googleScholar&amp;v=2.1&amp;it=r&amp;linkaccess=abs&amp;issn=0123885X&amp;p=IFME&amp;sw=w&amp;userGroupName=anon%7E3f2d23f6\" target=\"_blank\" rel=\"noopener\"><span style=\"font-weight: 400;\">scholar<\/span><\/a><span style=\"font-weight: 400;\">\u00a0observed, \u201cin that attempt at communism the State did not cede its functions to society, but on the contrary, it concentrated all of them.\u201d<\/span><\/p>\n<p><span style=\"font-weight: 400;\">On the other hand, according to Ra\u00fal Castro, towards the end of 1967 the Cuban leaders had in their possession \u201cinformation coming from various sources, all of it reliable, which led us to suppose the existence of a current of ideological opposition to the Party line\u2026. This current did not come precisely from the enemy ranks, but from people who moved within the ranks of the Revolution, acting from supposedly <\/span><a href=\"https:\/\/www.cubaencuentro.com\/cuba\/articulos\/a-la-caza-de-la-microfraccion-48473\"><span style=\"font-weight: 400;\">revolutionary positions<\/span><\/a><span style=\"font-weight: 400;\">.\u201d<\/span><\/p>\n<p><span style=\"font-weight: 400;\">That is what explains the arrest of more than 30 former militants of the Popular Socialist Party, led by An\u00edbal Escalante (1909-1977), former lawyer of sugar leader Jes\u00fas Men\u00e9ndez, former editor of the newspaper <\/span><i><span style=\"font-weight: 400;\">Hoy<\/span><\/i><span style=\"font-weight: 400;\"> and member of the Central Committee, who in 1962 had been relieved of his duties in the process of formation of the Integrated Revolutionary Organizations (ORI) during the fight against sectarianism.<\/span><\/p>\n<p><span style=\"font-weight: 400;\">The process against the microfraction was underway in January 1968 while Fidel Castro was speaking to the intellectuals at the closing of that Cultural Congress in Havana. The micro-fractionalists\u2019 list of objections and criticisms of the guerrilla fighters of the Sierra Maestra were practically the same as those of the Soviet officials: from economic issues such as the lack of knowledge of the law of value and the budgetary financing system, to the excess of volunteer and unpaid work. Nor were the problems of foreign policy left out, especially support for the guerrillas and the training of Latin American combatants in western Cuban mountains.<\/span><\/p>\n<figure style=\"width: 1200px\" class=\"wp-caption aligncenter\"><img loading=\"lazy\" decoding=\"async\" src=\"https:\/\/oncubanews.com\/wp-content\/uploads\/2022\/03\/Fiel-Raul.jpg\" alt=\"Fidel and Raul Castro (1968). Photo: Archive.\" width=\"1200\" height=\"840\" \/><figcaption class=\"wp-caption-text\">Fidel and Raul Castro (1968). Photo: Archive.<\/figcaption><\/figure>\n<p><span style=\"font-weight: 400;\">Two months later, in March 1968, on the university steps on San L\u00e1zaro and L streets, Fidel Castro would speak out for the second time against the Soviet manuals, in a position in keeping with the young professors of the Department of Philosophy of the University of Havana, also creators\/editors of <\/span><i><span style=\"font-weight: 400;\">Pensamiento Cr\u00edtico<\/span><\/i><span style=\"font-weight: 400;\"> (1967-1971), one of the magazines that summarizes the spirit of that entire period.<\/span><\/p>\n<p><span style=\"font-weight: 400;\">He then alluded to the \u201cabyss, the enormous abyss that sometimes mediates between general conceptions and practice, between philosophy and reality.\u201d And he also said: \u201c<\/span><a href=\"http:\/\/www.cuba.cu\/gobierno\/discursos\/1968\/esp\/f130368e.html\" target=\"_blank\" rel=\"noopener\"><span style=\"font-weight: 400;\">the manuals<\/span><\/a><span style=\"font-weight: 400;\"> have been getting outdated, they have been becoming something anachronistic, because they are not capable of saying a single word on many occasions about the problems that the masses should know about.\u201d<\/span><\/p>\n<p><span style=\"font-weight: 400;\">Backed by the Warsaw Pact, but opposed by Romania and Albania, on August 20, 1968, the Soviets invaded Czechoslovakia. On Friday, August 23, three days after the tanks entered Prague, Fidel Castro made a television appearance in which he supported the action: \u201cWe accept the bitter necessity of sending forces to Czechoslovakia and we do not condemn the socialist countries that made that decision,\u201d he said.<\/span><\/p>\n<p><span style=\"font-weight: 400;\">Obviously a change, but:<\/span><\/p>\n<p><i><span style=\"font-weight: 400;\">We wonder whether in the future relations with the communist parties will be based on their positions of principle or will continue to be dominated by unconditionalism, satelism and lackeyism and will only be considered friends those who unconditionally accept everything and are incapable of absolutely disagreeing with anything.<\/span><\/i><\/p>\n<figure style=\"width: 1440px\" class=\"wp-caption aligncenter\"><img loading=\"lazy\" decoding=\"async\" src=\"https:\/\/oncubanews.com\/wp-content\/uploads\/2022\/03\/Checos.jpg\" alt=\"Czechoslovakia, 1968. Photo: Archive.\" width=\"1440\" height=\"810\" \/><figcaption class=\"wp-caption-text\">Czechoslovakia, 1968. Photo: Archive.<\/figcaption><\/figure>\n<p><span style=\"font-weight: 400;\">And with several additional questions, all provocative:<\/span><\/p>\n<p><i><span style=\"font-weight: 400;\">Will the divisions of the Warsaw Pact also be sent to Vietnam if the U.S. imperialists increase their aggression against that country and the people of Vietnam ask for that help\u2026? Will Warsaw Pact divisions be sent to Cuba if the Yankee imperialists attack our country, or even, in the face of the threat of an attack by the Yankee imperialists on our country, if our country requests it?<\/span><\/i><\/p>\n<p><span style=\"font-weight: 400;\">The famous \u201ccritical support\u201d that scholars of the period speak of. \u201cThe KGB believed that Castro would support the protest movement of the Czechs to score points against the USSR, but to its surprise, the Cuban leader condemned the liberalization movement\u201d [of the Czechs, the Prague Spring, A.P], a <\/span><a href=\"https:\/\/www.bbc.co.uk\/bitesize\/guides\/zsfwhv4\/revision\/5\" target=\"_blank\" rel=\"noopener\"><span style=\"font-weight: 400;\">Russian academician<\/span><\/a><span style=\"font-weight: 400;\"> wrote.<\/span><\/p>\n<p><span style=\"font-weight: 400;\">Not only the KGB but also national public opinion. Testimonies of the time assure that the people in the streets expected a condemnation of the invasion due to certain obvious similarities: a small country saw its sovereignty violated by one that was too big. There was indeed a current of empathy towards the Czechs, not only for being heretics and tots, but also for their films \u2014 for example, the musicals <\/span><a href=\"https:\/\/www.youtube.com\/watch?v=-apRSOJmerQ\" target=\"_blank\" rel=\"noopener\"><i><span style=\"font-weight: 400;\">Vals para un mill\u00f3n<\/span><\/i><\/a><i><span style=\"font-weight: 400;\">\u00a0<\/span><\/i><span style=\"font-weight: 400;\">and<\/span><i><span style=\"font-weight: 400;\">\u00a0El amor se cosecha en verano<\/span><\/i><span style=\"font-weight: 400;\"> or the parody of the Old West in <\/span><a href=\"https:\/\/www.youtube.com\/watch?v=lhBVbHQbXm0\" target=\"_blank\" rel=\"noopener\"><i><span style=\"font-weight: 400;\">Lemonade Joe<\/span><\/i><\/a> <span style=\"font-weight: 400;\">\u2014, for the rock and jazz records that were sold at the Casa de la Cultura Checa, on 23 y O, and even for a beer tavern located at San L\u00e1zaro and N streets.<\/span><\/p>\n<p><span style=\"font-weight: 400;\">But the arrow had been thrown. The hour of institutionalization was already arriving.<\/span><\/p>\n<p><i><span style=\"font-weight: 400;\">To be continued\u2026<\/span><\/i><\/p>\n","protected":false},"excerpt":{"rendered":"<p>The micro-fractionalists\u2019 list of objections and criticisms of the guerrilla fighters of the Sierra Maestra were practically the same as those of the Soviet officials.<\/p>\n","protected":false},"author":3462,"featured_media":252895,"comment_status":"open","ping_status":"closed","sticky":false,"template":"","format":"standard","meta":{"_acf_changed":false,"footnotes":""},"categories":[13902,13912],"tags":[22988,14833],"ppma_author":[33935],"class_list":["post-252893","post","type-post","status-publish","format-standard","has-post-thumbnail","hentry","category-cuba","category-cuban-history","tag-cuban-history","tag-cuban-politics"],"acf":[],"yoast_head":"<!-- This site is optimized with the Yoast SEO plugin v27.3 - https:\/\/yoast.com\/product\/yoast-seo-wordpress\/ -->\n<title>The Soviets in Cuba (II) | OnCubaNews English<\/title>\n<meta name=\"description\" content=\"The Soviets viewed the Cuban process with distrust, or at most as it was from the very beginning: a task of some petty-bourgeois bearded boys\" \/>\n<meta name=\"robots\" content=\"index, follow, max-snippet:-1, max-image-preview:large, max-video-preview:-1\" \/>\n<link rel=\"canonical\" href=\"https:\/\/oncubanews.com\/en\/cuba\/the-soviets-in-cuba\/\" \/>\n<meta property=\"og:locale\" content=\"en_US\" \/>\n<meta property=\"og:type\" content=\"article\" \/>\n<meta property=\"og:title\" content=\"The Soviets in Cuba (II) | OnCubaNews English\" \/>\n<meta property=\"og:description\" content=\"The Soviets viewed the Cuban process with distrust, or at most as it was from the very beginning: a task of some petty-bourgeois bearded boys\" \/>\n<meta property=\"og:url\" content=\"https:\/\/oncubanews.com\/en\/cuba\/the-soviets-in-cuba\/\" \/>\n<meta property=\"og:site_name\" content=\"OnCubaNews English\" \/>\n<meta property=\"article:published_time\" content=\"2022-05-14T15:46:46+00:00\" \/>\n<meta property=\"og:image\" content=\"https:\/\/oncubanews.com\/en\/wp-content\/uploads\/2022\/05\/Afiche-1-1024x731-1.jpg\" \/>\n\t<meta property=\"og:image:width\" content=\"1024\" \/>\n\t<meta property=\"og:image:height\" content=\"731\" \/>\n\t<meta property=\"og:image:type\" content=\"image\/jpeg\" \/>\n<meta name=\"author\" content=\"Alfredo Prieto\" \/>\n<meta name=\"twitter:card\" content=\"summary_large_image\" \/>\n<meta name=\"twitter:label1\" content=\"Written by\" \/>\n\t<meta name=\"twitter:data1\" content=\"Alfredo Prieto\" \/>\n\t<meta name=\"twitter:label2\" content=\"Est. reading time\" \/>\n\t<meta name=\"twitter:data2\" content=\"6 minutes\" \/>\n<script type=\"application\/ld+json\" class=\"yoast-schema-graph\">{\"@context\":\"https:\\\/\\\/schema.org\",\"@graph\":[{\"@type\":\"Article\",\"@id\":\"https:\\\/\\\/oncubanews.com\\\/en\\\/cuba\\\/the-soviets-in-cuba\\\/#article\",\"isPartOf\":{\"@id\":\"https:\\\/\\\/oncubanews.com\\\/en\\\/cuba\\\/the-soviets-in-cuba\\\/\"},\"author\":{\"name\":\"Alfredo Prieto\",\"@id\":\"https:\\\/\\\/oncubanews.com\\\/en\\\/#\\\/schema\\\/person\\\/d48f92f9024c8ee23fa3311de3bde1bb\"},\"headline\":\"The Soviets in Cuba (II)\",\"datePublished\":\"2022-05-14T15:46:46+00:00\",\"mainEntityOfPage\":{\"@id\":\"https:\\\/\\\/oncubanews.com\\\/en\\\/cuba\\\/the-soviets-in-cuba\\\/\"},\"wordCount\":1167,\"commentCount\":0,\"image\":{\"@id\":\"https:\\\/\\\/oncubanews.com\\\/en\\\/cuba\\\/the-soviets-in-cuba\\\/#primaryimage\"},\"thumbnailUrl\":\"https:\\\/\\\/oncubanews.com\\\/en\\\/wp-content\\\/uploads\\\/2022\\\/05\\\/Afiche-1-1024x731-1.jpg\",\"keywords\":[\"cuban history\",\"Cuban Politics\"],\"articleSection\":[\"Cuba\",\"Cuban History\"],\"inLanguage\":\"en-US\",\"potentialAction\":[{\"@type\":\"CommentAction\",\"name\":\"Comment\",\"target\":[\"https:\\\/\\\/oncubanews.com\\\/en\\\/cuba\\\/the-soviets-in-cuba\\\/#respond\"]}],\"copyrightYear\":\"2022\",\"copyrightHolder\":{\"@id\":\"https:\\\/\\\/oncubanews.com\\\/en\\\/#organization\"}},{\"@type\":\"WebPage\",\"@id\":\"https:\\\/\\\/oncubanews.com\\\/en\\\/cuba\\\/the-soviets-in-cuba\\\/\",\"url\":\"https:\\\/\\\/oncubanews.com\\\/en\\\/cuba\\\/the-soviets-in-cuba\\\/\",\"name\":\"The Soviets in Cuba (II) | OnCubaNews English\",\"isPartOf\":{\"@id\":\"https:\\\/\\\/oncubanews.com\\\/en\\\/#website\"},\"primaryImageOfPage\":{\"@id\":\"https:\\\/\\\/oncubanews.com\\\/en\\\/cuba\\\/the-soviets-in-cuba\\\/#primaryimage\"},\"image\":{\"@id\":\"https:\\\/\\\/oncubanews.com\\\/en\\\/cuba\\\/the-soviets-in-cuba\\\/#primaryimage\"},\"thumbnailUrl\":\"https:\\\/\\\/oncubanews.com\\\/en\\\/wp-content\\\/uploads\\\/2022\\\/05\\\/Afiche-1-1024x731-1.jpg\",\"datePublished\":\"2022-05-14T15:46:46+00:00\",\"author\":{\"@id\":\"https:\\\/\\\/oncubanews.com\\\/en\\\/#\\\/schema\\\/person\\\/d48f92f9024c8ee23fa3311de3bde1bb\"},\"description\":\"The Soviets viewed the Cuban process with distrust, or at most as it was from the very beginning: a task of some petty-bourgeois bearded boys\",\"breadcrumb\":{\"@id\":\"https:\\\/\\\/oncubanews.com\\\/en\\\/cuba\\\/the-soviets-in-cuba\\\/#breadcrumb\"},\"inLanguage\":\"en-US\",\"potentialAction\":[{\"@type\":\"ReadAction\",\"target\":[\"https:\\\/\\\/oncubanews.com\\\/en\\\/cuba\\\/the-soviets-in-cuba\\\/\"]}]},{\"@type\":\"ImageObject\",\"inLanguage\":\"en-US\",\"@id\":\"https:\\\/\\\/oncubanews.com\\\/en\\\/cuba\\\/the-soviets-in-cuba\\\/#primaryimage\",\"url\":\"https:\\\/\\\/oncubanews.com\\\/en\\\/wp-content\\\/uploads\\\/2022\\\/05\\\/Afiche-1-1024x731-1.jpg\",\"contentUrl\":\"https:\\\/\\\/oncubanews.com\\\/en\\\/wp-content\\\/uploads\\\/2022\\\/05\\\/Afiche-1-1024x731-1.jpg\",\"width\":1024,\"height\":731,\"caption\":\"Soviet poster from the 1960s. Photo: Archive.\"},{\"@type\":\"BreadcrumbList\",\"@id\":\"https:\\\/\\\/oncubanews.com\\\/en\\\/cuba\\\/the-soviets-in-cuba\\\/#breadcrumb\",\"itemListElement\":[{\"@type\":\"ListItem\",\"position\":1,\"name\":\"Portada\",\"item\":\"https:\\\/\\\/oncubanews.com\\\/en\\\/\"},{\"@type\":\"ListItem\",\"position\":2,\"name\":\"The Soviets in Cuba (II)\"}]},{\"@type\":\"WebSite\",\"@id\":\"https:\\\/\\\/oncubanews.com\\\/en\\\/#website\",\"url\":\"https:\\\/\\\/oncubanews.com\\\/en\\\/\",\"name\":\"OnCubaNews English\",\"description\":\"Revista sobre Cuba\",\"potentialAction\":[{\"@type\":\"SearchAction\",\"target\":{\"@type\":\"EntryPoint\",\"urlTemplate\":\"https:\\\/\\\/oncubanews.com\\\/en\\\/?s={search_term_string}\"},\"query-input\":{\"@type\":\"PropertyValueSpecification\",\"valueRequired\":true,\"valueName\":\"search_term_string\"}}],\"inLanguage\":\"en-US\"},{\"@type\":\"Person\",\"@id\":\"https:\\\/\\\/oncubanews.com\\\/en\\\/#\\\/schema\\\/person\\\/d48f92f9024c8ee23fa3311de3bde1bb\",\"name\":\"Alfredo Prieto\",\"image\":{\"@type\":\"ImageObject\",\"inLanguage\":\"en-US\",\"@id\":\"https:\\\/\\\/oncubanews.com\\\/wp-content\\\/uploads\\\/2016\\\/12\\\/Alfredo-Prieto_avatar_1481560104-96x96.jpgdb7880e33c09eaa662b7df867ae2a977\",\"url\":\"https:\\\/\\\/oncubanews.com\\\/wp-content\\\/uploads\\\/2016\\\/12\\\/Alfredo-Prieto_avatar_1481560104-96x96.jpg\",\"contentUrl\":\"https:\\\/\\\/oncubanews.com\\\/wp-content\\\/uploads\\\/2016\\\/12\\\/Alfredo-Prieto_avatar_1481560104-96x96.jpg\",\"caption\":\"Alfredo Prieto\"},\"description\":\"Investigador, editor y periodista. Ha trabajado como Jefe de Redacci\u00f3n de Cuadernos de Nuestra Am\u00e9rica, Caminos, Temas y Cultura y Desarrollo, y ejercido la investigaci\u00f3n y la docencia en varias universidades. Autor de La prensa de los Estados Unidos y la agenda interamericana y El otro en el espejo.\",\"url\":\"https:\\\/\\\/oncubanews.com\\\/en\\\/author\\\/alfredoprieto\\\/\"}]}<\/script>\n<!-- \/ Yoast SEO plugin. -->","yoast_head_json":{"title":"The Soviets in Cuba (II) | OnCubaNews English","description":"The Soviets viewed the Cuban process with distrust, or at most as it was from the very beginning: a task of some petty-bourgeois bearded boys","robots":{"index":"index","follow":"follow","max-snippet":"max-snippet:-1","max-image-preview":"max-image-preview:large","max-video-preview":"max-video-preview:-1"},"canonical":"https:\/\/oncubanews.com\/en\/cuba\/the-soviets-in-cuba\/","og_locale":"en_US","og_type":"article","og_title":"The Soviets in Cuba (II) | OnCubaNews English","og_description":"The Soviets viewed the Cuban process with distrust, or at most as it was from the very beginning: a task of some petty-bourgeois bearded boys","og_url":"https:\/\/oncubanews.com\/en\/cuba\/the-soviets-in-cuba\/","og_site_name":"OnCubaNews English","article_published_time":"2022-05-14T15:46:46+00:00","og_image":[{"width":1024,"height":731,"url":"https:\/\/oncubanews.com\/en\/wp-content\/uploads\/2022\/05\/Afiche-1-1024x731-1.jpg","type":"image\/jpeg"}],"author":"Alfredo Prieto","twitter_card":"summary_large_image","twitter_misc":{"Written by":"Alfredo Prieto","Est. reading time":"6 minutes"},"schema":{"@context":"https:\/\/schema.org","@graph":[{"@type":"Article","@id":"https:\/\/oncubanews.com\/en\/cuba\/the-soviets-in-cuba\/#article","isPartOf":{"@id":"https:\/\/oncubanews.com\/en\/cuba\/the-soviets-in-cuba\/"},"author":{"name":"Alfredo Prieto","@id":"https:\/\/oncubanews.com\/en\/#\/schema\/person\/d48f92f9024c8ee23fa3311de3bde1bb"},"headline":"The Soviets in Cuba (II)","datePublished":"2022-05-14T15:46:46+00:00","mainEntityOfPage":{"@id":"https:\/\/oncubanews.com\/en\/cuba\/the-soviets-in-cuba\/"},"wordCount":1167,"commentCount":0,"image":{"@id":"https:\/\/oncubanews.com\/en\/cuba\/the-soviets-in-cuba\/#primaryimage"},"thumbnailUrl":"https:\/\/oncubanews.com\/en\/wp-content\/uploads\/2022\/05\/Afiche-1-1024x731-1.jpg","keywords":["cuban history","Cuban Politics"],"articleSection":["Cuba","Cuban History"],"inLanguage":"en-US","potentialAction":[{"@type":"CommentAction","name":"Comment","target":["https:\/\/oncubanews.com\/en\/cuba\/the-soviets-in-cuba\/#respond"]}],"copyrightYear":"2022","copyrightHolder":{"@id":"https:\/\/oncubanews.com\/en\/#organization"}},{"@type":"WebPage","@id":"https:\/\/oncubanews.com\/en\/cuba\/the-soviets-in-cuba\/","url":"https:\/\/oncubanews.com\/en\/cuba\/the-soviets-in-cuba\/","name":"The Soviets in Cuba (II) | OnCubaNews English","isPartOf":{"@id":"https:\/\/oncubanews.com\/en\/#website"},"primaryImageOfPage":{"@id":"https:\/\/oncubanews.com\/en\/cuba\/the-soviets-in-cuba\/#primaryimage"},"image":{"@id":"https:\/\/oncubanews.com\/en\/cuba\/the-soviets-in-cuba\/#primaryimage"},"thumbnailUrl":"https:\/\/oncubanews.com\/en\/wp-content\/uploads\/2022\/05\/Afiche-1-1024x731-1.jpg","datePublished":"2022-05-14T15:46:46+00:00","author":{"@id":"https:\/\/oncubanews.com\/en\/#\/schema\/person\/d48f92f9024c8ee23fa3311de3bde1bb"},"description":"The Soviets viewed the Cuban process with distrust, or at most as it was from the very beginning: a task of some petty-bourgeois bearded boys","breadcrumb":{"@id":"https:\/\/oncubanews.com\/en\/cuba\/the-soviets-in-cuba\/#breadcrumb"},"inLanguage":"en-US","potentialAction":[{"@type":"ReadAction","target":["https:\/\/oncubanews.com\/en\/cuba\/the-soviets-in-cuba\/"]}]},{"@type":"ImageObject","inLanguage":"en-US","@id":"https:\/\/oncubanews.com\/en\/cuba\/the-soviets-in-cuba\/#primaryimage","url":"https:\/\/oncubanews.com\/en\/wp-content\/uploads\/2022\/05\/Afiche-1-1024x731-1.jpg","contentUrl":"https:\/\/oncubanews.com\/en\/wp-content\/uploads\/2022\/05\/Afiche-1-1024x731-1.jpg","width":1024,"height":731,"caption":"Soviet poster from the 1960s. Photo: Archive."},{"@type":"BreadcrumbList","@id":"https:\/\/oncubanews.com\/en\/cuba\/the-soviets-in-cuba\/#breadcrumb","itemListElement":[{"@type":"ListItem","position":1,"name":"Portada","item":"https:\/\/oncubanews.com\/en\/"},{"@type":"ListItem","position":2,"name":"The Soviets in Cuba (II)"}]},{"@type":"WebSite","@id":"https:\/\/oncubanews.com\/en\/#website","url":"https:\/\/oncubanews.com\/en\/","name":"OnCubaNews English","description":"Revista sobre Cuba","potentialAction":[{"@type":"SearchAction","target":{"@type":"EntryPoint","urlTemplate":"https:\/\/oncubanews.com\/en\/?s={search_term_string}"},"query-input":{"@type":"PropertyValueSpecification","valueRequired":true,"valueName":"search_term_string"}}],"inLanguage":"en-US"},{"@type":"Person","@id":"https:\/\/oncubanews.com\/en\/#\/schema\/person\/d48f92f9024c8ee23fa3311de3bde1bb","name":"Alfredo Prieto","image":{"@type":"ImageObject","inLanguage":"en-US","@id":"https:\/\/oncubanews.com\/wp-content\/uploads\/2016\/12\/Alfredo-Prieto_avatar_1481560104-96x96.jpgdb7880e33c09eaa662b7df867ae2a977","url":"https:\/\/oncubanews.com\/wp-content\/uploads\/2016\/12\/Alfredo-Prieto_avatar_1481560104-96x96.jpg","contentUrl":"https:\/\/oncubanews.com\/wp-content\/uploads\/2016\/12\/Alfredo-Prieto_avatar_1481560104-96x96.jpg","caption":"Alfredo Prieto"},"description":"Investigador, editor y periodista. Ha trabajado como Jefe de Redacci\u00f3n de Cuadernos de Nuestra Am\u00e9rica, Caminos, Temas y Cultura y Desarrollo, y ejercido la investigaci\u00f3n y la docencia en varias universidades. Autor de La prensa de los Estados Unidos y la agenda interamericana y El otro en el espejo.","url":"https:\/\/oncubanews.com\/en\/author\/alfredoprieto\/"}]}},"authors":[{"term_id":33935,"user_id":3462,"is_guest":0,"slug":"alfredoprieto","display_name":"Alfredo Prieto","avatar_url":"https:\/\/oncubanews.com\/wp-content\/uploads\/2016\/12\/Alfredo-Prieto_avatar_1481560104-96x96.jpg","0":null,"1":"","2":"","3":"","4":"","5":"","6":"","7":"","8":""}],"_links":{"self":[{"href":"https:\/\/oncubanews.com\/en\/wp-json\/wp\/v2\/posts\/252893","targetHints":{"allow":["GET"]}}],"collection":[{"href":"https:\/\/oncubanews.com\/en\/wp-json\/wp\/v2\/posts"}],"about":[{"href":"https:\/\/oncubanews.com\/en\/wp-json\/wp\/v2\/types\/post"}],"author":[{"embeddable":true,"href":"https:\/\/oncubanews.com\/en\/wp-json\/wp\/v2\/users\/3462"}],"replies":[{"embeddable":true,"href":"https:\/\/oncubanews.com\/en\/wp-json\/wp\/v2\/comments?post=252893"}],"version-history":[{"count":2,"href":"https:\/\/oncubanews.com\/en\/wp-json\/wp\/v2\/posts\/252893\/revisions"}],"predecessor-version":[{"id":252894,"href":"https:\/\/oncubanews.com\/en\/wp-json\/wp\/v2\/posts\/252893\/revisions\/252894"}],"wp:featuredmedia":[{"embeddable":true,"href":"https:\/\/oncubanews.com\/en\/wp-json\/wp\/v2\/media\/252895"}],"wp:attachment":[{"href":"https:\/\/oncubanews.com\/en\/wp-json\/wp\/v2\/media?parent=252893"}],"wp:term":[{"taxonomy":"category","embeddable":true,"href":"https:\/\/oncubanews.com\/en\/wp-json\/wp\/v2\/categories?post=252893"},{"taxonomy":"post_tag","embeddable":true,"href":"https:\/\/oncubanews.com\/en\/wp-json\/wp\/v2\/tags?post=252893"},{"taxonomy":"author","embeddable":true,"href":"https:\/\/oncubanews.com\/en\/wp-json\/wp\/v2\/ppma_author?post=252893"}],"curies":[{"name":"wp","href":"https:\/\/api.w.org\/{rel}","templated":true}]}}