
{"id":253607,"date":"2022-05-31T17:29:25","date_gmt":"2022-05-31T21:29:25","guid":{"rendered":"https:\/\/oncubanews.com\/en\/?p=253607"},"modified":"2022-05-31T17:29:25","modified_gmt":"2022-05-31T21:29:25","slug":"cuba-current-migration-crisis-characteristics-and-testimonies-i","status":"publish","type":"post","link":"https:\/\/oncubanews.com\/en\/cuba\/cuba-current-migration-crisis-characteristics-and-testimonies-i\/","title":{"rendered":"Cuba, current migration crisis: characteristics and testimonies (I)"},"content":{"rendered":"<p><span style=\"font-weight: 400;\">Like the winds that come and go, so have been the movements of people who arrive and leave Cuba: people who arrive without wanting to, forced by the context, or wanting it with all their might; others who have left in search of new horizons, driven by privation or forced by different circumstances; and some more who leave and return to leave again&#8230; or stay.\u00a0<\/span><\/p>\n<p><span style=\"font-weight: 400;\">Cuba the archipelago, the largest island in the Caribbean Sea, has been \u2014 and is \u2014 the epicenter of a continuous human movement that comes and goes. That going\/returning, leaving\/coming, is also a consubstantial part of what we call \u201cCuban identity\u201d with its complexity of beliefs, values, and practices that transcend borders <\/span><i><span style=\"font-weight: 400;\">to be<\/span><\/i><span style=\"font-weight: 400;\"> and <\/span><i><span style=\"font-weight: 400;\">express themselves<\/span><\/i><span style=\"font-weight: 400;\"> beyond \u201cthe circumstance of so many islands.\u201d<\/span><\/p>\n<p><span style=\"font-weight: 400;\">The movement of people from Cuba to other countries, especially to the United States, has been commonplace since the 19th century and, after 1959, a trend driven and shaped by the transformations and internal circumstances of the island, the migratory evolution of the Cubans, and especially by the policies and \u201cmoments\u201d of Cuba-United States relations. Its most intense and extreme manifestation has been the emigration, by unconventional routes, of a significant number of people in very short periods of time.<\/span><\/p>\n<p><span style=\"font-weight: 400;\">Today, we are experiencing a new migratory wave that, although it may have trends very similar to the one observed in the context of the reestablishment of diplomatic relations between Cuba and the United States (2015-2017), is taking place in a more complex moment. It is no longer just about arriving by land and irregularly in the United States with all that it entails in terms of risk and vulnerability, but the presence of the <\/span><a href=\"https:\/\/oncubanews.com\/en\/coronavirus\/\" target=\"_blank\" rel=\"noopener\"><b>coronavirus<\/b><\/a><span style=\"font-weight: 400;\">, the United States\u2019 restrictive immigration policies for regular departures of Cubans, the worsening of the internal crisis in the country, and the consequences of the geopolitical chess game of both nations where the migratory movement has been a key piece of the different government agendas,<\/span><strong><sup>1<\/sup><\/strong><span style=\"font-weight: 400;\"> has generated a difficult and insecure scenario for Cuban migrants.<\/span><\/p>\n<p><span style=\"font-weight: 400;\">The Cuban migrants who are currently arriving irregularly in the United States come from almost all the Cuban provinces, have diverse socioeconomic origins and are characterized, for the most part, by having family relationships and ties in the United States that decisively support the carrying out of a long and strenuous journey mobilizing economic, social, information resources, and a long etcetera. Although the trajectory to arrive at the U.S. border is very diverse, the elimination of the visa by Nicaragua since the end of 2021 is one of the most relevant elements that has triggered this profuse migratory flow, which has become an \u201cescape valve\u201d in the face of U.S. migratory pressures and the internal crisis.<\/span><\/p>\n<blockquote class=\"wp-embedded-content\" data-secret=\"dkeNmGypbN\"><p><a href=\"https:\/\/oncubanews.com\/en\/cuba\/migration\/central-american-migratory-route-testimony-of-a-cuban-migrant-i\/\">Central American migratory route: testimony of a Cuban migrant (I)<\/a><\/p><\/blockquote>\n<p><iframe loading=\"lazy\" class=\"wp-embedded-content\" sandbox=\"allow-scripts\" security=\"restricted\" style=\"position: absolute; clip: rect(1px, 1px, 1px, 1px);\" title=\"&#8220;Central American migratory route: testimony of a Cuban migrant (I)&#8221; &#8212; OnCubaNews English\" src=\"https:\/\/oncubanews.com\/en\/cuba\/migration\/central-american-migratory-route-testimony-of-a-cuban-migrant-i\/embed\/#?secret=Q0wejgZdJm#?secret=dkeNmGypbN\" data-secret=\"dkeNmGypbN\" width=\"500\" height=\"282\" frameborder=\"0\" marginwidth=\"0\" marginheight=\"0\" scrolling=\"no\"><\/iframe><\/p>\n<p><span style=\"font-weight: 400;\">But this time, unlike what happened in Camarioca, Mariel or the rafters crisis, the vast majority of migrants do not leave Cuba by sea, although that exit route has also increased in recent times. Currently, itineraries by air to the American continent predominate, especially to Nicaragua, but also to other nations such as Panama, Ecuador, Brazil, etc., to make the journey by land through a variety of countries until reaching the border between Mexico and the United States. Aided by \u201cpolleros\u201d or \u201ccoyotes,\u201d the itineraries of this migration within Mexico are not univocal, but rather bifurcate, change, become disrupted to evade the authorities that have not been bought or due to the increase in border controls and expulsions of migrants in certain areas.<\/span><\/p>\n<p><span style=\"font-weight: 400;\">Thus, the journey from the South to the North Border is made through illegal, insecure routes, and through inhospitable places often controlled by the \u201cnarco\u201d and where migrants are at the mercy of the people who transport and guide them. If you are lucky enough to arrive safely in a U.S. border state after this stressful and exhausting journey, the situation that Cuban migrants may face is usually very diverse, since they are not received \u201cwith great fanfare,\u201d as a Cuban who made the crossing told me.<\/span><\/p>\n<p><span style=\"font-weight: 400;\">Although now it is very unlikely that they will be confined in a U.S. prison as happened in the years after the elimination of the \u201cwet foot-dry foot\u201d policy, or their return to Mexico via the MPP or \u201cQu\u00e9date en M\u00e9xico\u201d<\/span><sup><b>2<\/b><\/sup><span style=\"font-weight: 400;\"> policy to await the appearance before a judge, this does not mean that the border is open, as the Secretary of Homeland Security warned a few days ago,<\/span><sup><b>3<\/b><\/sup><span style=\"font-weight: 400;\"> which is why the expulsion to Mexico or the return to the country of origin will continue to be generalized practices of the immigration policy of this U.S. administration. However, it is necessary to point out that the migration procedure is very disparate and depends on the border region in which the migrants are located, the nationality and the number of migrants to be processed\/seen to, and whether or not there are migration facilities and staff. All this, in practice, translates into a diversity of modalities of processing and \u201cenforcement\u201d of migration in general and especially Cuban migration, which can vary overnight.<\/span><\/p>\n<blockquote class=\"wp-embedded-content\" data-secret=\"YCwKceJhNa\"><p><a href=\"https:\/\/oncubanews.com\/en\/cuba\/migration\/central-american-migratory-route-testimony-of-a-cuban-migrant-ii\/\">Central American migratory route: testimony of a Cuban migrant (II)<\/a><\/p><\/blockquote>\n<p><iframe loading=\"lazy\" class=\"wp-embedded-content\" sandbox=\"allow-scripts\" security=\"restricted\" style=\"position: absolute; clip: rect(1px, 1px, 1px, 1px);\" title=\"&#8220;Central American migratory route: testimony of a Cuban migrant (II)&#8221; &#8212; OnCubaNews English\" src=\"https:\/\/oncubanews.com\/en\/cuba\/migration\/central-american-migratory-route-testimony-of-a-cuban-migrant-ii\/embed\/#?secret=6jCkwwh23q#?secret=YCwKceJhNa\" data-secret=\"YCwKceJhNa\" width=\"500\" height=\"282\" frameborder=\"0\" marginwidth=\"0\" marginheight=\"0\" scrolling=\"no\"><\/iframe><\/p>\n<p><span style=\"font-weight: 400;\">Considering the current situation, the Cuban nationality continues to be \u201cprioritized,\u201d as is also the case with the Nicaraguans or Venezuelans,<\/span><sup><b>4<\/b><\/sup><span style=\"font-weight: 400;\"> but the island\u2019s migrants are not exempt from being processed according to the urgencies and priorities of the United States. Thus, although the most common is that they are granted <\/span><i><span style=\"font-weight: 400;\">parole<\/span><\/i><span style=\"font-weight: 400;\"> or the <\/span><i><span style=\"font-weight: 400;\">I-220A <\/span><\/i><span style=\"font-weight: 400;\">form,<\/span><sup><b>5<\/b><\/sup><span style=\"font-weight: 400;\"> especially if they arrive in \u201cfamily units,\u201d this does not happen with all the compatriots who arrive in U.S. territory. In certain places, such as Texas, and when there is a high number of migrants that exceeds the capacity of the facilities to house them, it has been observed that the immigration authorities use the entire \u201crepertoire\u201d of instruments for migratory regulation, especially \u201cTitle 42,\u201d and they return people to the Mexican side of the border regardless of their nationality, although this does not prevent them from crossing again as many times as necessary to achieve their objective.<\/span><sup><b>6<\/b><\/sup><\/p>\n<p><span style=\"font-weight: 400;\">With this brief account of the context and general trends of migration in recent months, we will begin a series of works on the Cuban migratory wave of the twenties of the 21st century: the reasons for migrating to the United States, its itinerary and migratory experiences. Thanks to the extraordinary kindness and solidarity of the people who shared their difficult and exhausting experiences with us, we can learn about and treasure the experiences, dreams and aspirations of these migrants who were born fundamentally during the \u201cspecial period\u201d and the crisis of the 1990s, although Cubans of different generations participate in this migratory movement. To all of them, thank you very much for offering us your time and stories.<\/span><\/p>\n<p style=\"text-align: left;\"><span style=\"font-weight: 400;\">***<\/span><\/p>\n<p><strong>Notes:<\/strong><\/p>\n<p><sup><b>1<\/b><\/sup><span style=\"font-weight: 400;\"> Either to control the irregular migratory flow coming from the island in the case of the Biden administration, or in order to relax the U.S. economic and political restrictions on the Cuban government.<\/span><\/p>\n<p><span style=\"font-weight: 400;\">On January 25, 2019, the presidents of the United States (Donald Trump) and Mexico (Andr\u00e9s Manuel L\u00f3pez Obrador) launched the &#8220;Stay in Mexico&#8221; or. Under this agreement, US border officials return asylum seekers to Mexico to await the judge&#8217;s decision on their case.<\/span><\/p>\n<p><b>2<\/b><span style=\"font-weight: 400;\"> On January 25, 2019, the presidents of the United States (Donald Trump) and Mexico (Andr\u00e9s Manuel L\u00f3pez Obrador) launched the \u201cQuedate en M\u00e9xico\u201d or MPP (Migrant Protection Protocol). Under this agreement, U.S. border officials return asylum seekers to Mexico to await the judge\u2019s decision on their case. See in this regard <\/span><a href=\"https:\/\/www.hrw.org\/es\/news\/2022\/02\/07\/quedate-en-mexico-informacion-general-y-recursos\" target=\"_blank\" rel=\"noopener\"><b>Human Rights Watch, \u201cQu\u00e9date en M\u00e9xico. Informaci\u00f3n y recursos,\u201d<\/b><\/a><span style=\"font-weight: 400;\"> February 7, 2022.<\/span><\/p>\n<p><sup><b>3<\/b><\/sup><span style=\"font-weight: 400;\"> \u201c<\/span><a href=\"https:\/\/laopinion.com\/2022\/05\/25\/las-fronteras-de-ee-uu-no-estan-abiertas-advierte-el-secretario-mayorkas-a-inmigrantes\/\" target=\"_blank\" rel=\"noopener\"><b>Las fronteras de EE.UU. no est\u00e1n abiertas, advierte el secretario Mayorkas a inmigrantes<\/b><\/a><span style=\"font-weight: 400;\">,\u201d in <\/span><i><span style=\"font-weight: 400;\">La Opinion<\/span><\/i><span style=\"font-weight: 400;\">, May 25, 2022.<\/span><\/p>\n<p><sup><b>4 <\/b><\/sup><span style=\"font-weight: 400;\">Imelda Garc\u00eda, \u201c<\/span><a href=\"https:\/\/www.dallasnews.com\/espanol\/al-dia\/noticias\/2022\/05\/02\/expulsion-de-migrantes-bajo-titulo-42-depende-de-su-nacionalidad\/\" target=\"_blank\" rel=\"noopener\"><b>Expulsi\u00f3n de migrantes bajo T\u00edtulo 42 depende de su nacionalidad<\/b><\/a><span style=\"font-weight: 400;\">,\u201d in <\/span><i><span style=\"font-weight: 400;\">Al DiaDallas<\/span><\/i><span style=\"font-weight: 400;\">, May 2, 2022.<\/span><\/p>\n<p><sup><b>5<\/b><\/sup><span style=\"font-weight: 400;\"> The USCIS (United States Citizenship and Immigration Services) defines on its page that the temporary residence permit \u201cparole,\u201d allows a person who is otherwise inadmissible or ineligible to be admitted to the United States, to travel and remain in the United States for a period of time. In addition, the I-220A form is a permit to be free in the United States but under immigration supervision. Information available at <\/span><a href=\"https:\/\/www.uscis.gov\/in\/forms\/exploremyoptions\/humanitarianparole\" target=\"_blank\" rel=\"noopener\"><b>https:\/\/www.uscis.gov\/in\/forms\/exploremyoptions\/humanitarianparole<\/b><\/a><span style=\"font-weight: 400;\">.<\/span><\/p>\n<p><sup><b>6<\/b><\/sup><span style=\"font-weight: 400;\"> American Immigration Council, \u201c<\/span><a href=\"https:\/\/www.americanimmigrationcouncil.org\/sites\/default\/files\/research\/title_42_expulsions_at_the_border_0.pdf\" target=\"_blank\" rel=\"noopener\"><b>A Guide to Title 42. Expulsions at the Border<\/b><\/a><span style=\"font-weight: 400;\">,\u201d May 2022.<\/span><\/p>\n","protected":false},"excerpt":{"rendered":"<p>We are experiencing a new migratory wave that, although it may have trends very similar to that observed in the context of the reestablishment of diplomatic relations between Cuba and the United States (2015-2017), is taking place at a more complex time.<\/p>\n","protected":false},"author":3134,"featured_media":253609,"comment_status":"open","ping_status":"closed","sticky":false,"template":"","format":"standard","meta":{"_acf_changed":false,"footnotes":""},"categories":[13902,34536],"tags":[29093,34537],"ppma_author":[33546],"class_list":["post-253607","post","type-post","status-publish","format-standard","has-post-thumbnail","hentry","category-cuba","category-migration","tag-cuban-emigration","tag-illegal-emigration"],"acf":[],"yoast_head":"<!-- This site is optimized with the Yoast SEO plugin v27.3 - https:\/\/yoast.com\/product\/yoast-seo-wordpress\/ -->\n<title>Cuba, current migration crisis: characteristics and testimonies (I) | OnCubaNews English<\/title>\n<meta name=\"description\" content=\"We are experiencing a new migratory wave that, although it may have trends very similar to that observed in the context of the reestablishment of diplomatic relations between Cuba and the United States (2015-2017), is taking place at a more complex time.\" \/>\n<meta name=\"robots\" content=\"index, follow, max-snippet:-1, max-image-preview:large, max-video-preview:-1\" \/>\n<link rel=\"canonical\" href=\"https:\/\/oncubanews.com\/en\/cuba\/cuba-current-migration-crisis-characteristics-and-testimonies-i\/\" \/>\n<meta property=\"og:locale\" content=\"en_US\" \/>\n<meta property=\"og:type\" content=\"article\" \/>\n<meta property=\"og:title\" content=\"Cuba, current migration crisis: characteristics and testimonies (I) | OnCubaNews English\" \/>\n<meta property=\"og:description\" content=\"We are experiencing a new migratory wave that, although it may have trends very similar to that observed in the context of the reestablishment of diplomatic relations between Cuba and the United States (2015-2017), is taking place at a more complex time.\" \/>\n<meta property=\"og:url\" content=\"https:\/\/oncubanews.com\/en\/cuba\/cuba-current-migration-crisis-characteristics-and-testimonies-i\/\" \/>\n<meta property=\"og:site_name\" content=\"OnCubaNews English\" \/>\n<meta property=\"article:published_time\" content=\"2022-05-31T21:29:25+00:00\" \/>\n<meta property=\"og:image\" content=\"https:\/\/oncubanews.com\/en\/wp-content\/uploads\/2022\/05\/Cuba-2022-fotos-Kaloian17-de-enero-de-2022-16-750x486-1.jpg\" \/>\n\t<meta property=\"og:image:width\" content=\"750\" \/>\n\t<meta property=\"og:image:height\" content=\"486\" \/>\n\t<meta property=\"og:image:type\" content=\"image\/jpeg\" \/>\n<meta name=\"author\" content=\"OnCuba Staff\" \/>\n<meta name=\"twitter:card\" content=\"summary_large_image\" \/>\n<meta name=\"twitter:label1\" content=\"Written by\" \/>\n\t<meta name=\"twitter:data1\" content=\"OnCuba Staff\" \/>\n\t<meta name=\"twitter:label2\" content=\"Est. reading time\" \/>\n\t<meta name=\"twitter:data2\" content=\"7 minutes\" \/>\n<script type=\"application\/ld+json\" class=\"yoast-schema-graph\">{\"@context\":\"https:\\\/\\\/schema.org\",\"@graph\":[{\"@type\":\"Article\",\"@id\":\"https:\\\/\\\/oncubanews.com\\\/en\\\/cuba\\\/cuba-current-migration-crisis-characteristics-and-testimonies-i\\\/#article\",\"isPartOf\":{\"@id\":\"https:\\\/\\\/oncubanews.com\\\/en\\\/cuba\\\/cuba-current-migration-crisis-characteristics-and-testimonies-i\\\/\"},\"author\":{\"name\":\"OnCuba Staff\",\"@id\":\"https:\\\/\\\/oncubanews.com\\\/en\\\/#\\\/schema\\\/person\\\/d7171bf311032ab1f557dd8332e714af\"},\"headline\":\"Cuba, current migration crisis: characteristics and testimonies (I)\",\"datePublished\":\"2022-05-31T21:29:25+00:00\",\"mainEntityOfPage\":{\"@id\":\"https:\\\/\\\/oncubanews.com\\\/en\\\/cuba\\\/cuba-current-migration-crisis-characteristics-and-testimonies-i\\\/\"},\"wordCount\":1412,\"commentCount\":0,\"image\":{\"@id\":\"https:\\\/\\\/oncubanews.com\\\/en\\\/cuba\\\/cuba-current-migration-crisis-characteristics-and-testimonies-i\\\/#primaryimage\"},\"thumbnailUrl\":\"https:\\\/\\\/oncubanews.com\\\/en\\\/wp-content\\\/uploads\\\/2022\\\/05\\\/Cuba-2022-fotos-Kaloian17-de-enero-de-2022-16-750x486-1.jpg\",\"keywords\":[\"Cuban emigration\",\"illegal emigration\"],\"articleSection\":[\"Cuba\",\"Migration\"],\"inLanguage\":\"en-US\",\"potentialAction\":[{\"@type\":\"CommentAction\",\"name\":\"Comment\",\"target\":[\"https:\\\/\\\/oncubanews.com\\\/en\\\/cuba\\\/cuba-current-migration-crisis-characteristics-and-testimonies-i\\\/#respond\"]}],\"copyrightYear\":\"2022\",\"copyrightHolder\":{\"@id\":\"https:\\\/\\\/oncubanews.com\\\/en\\\/#organization\"}},{\"@type\":\"WebPage\",\"@id\":\"https:\\\/\\\/oncubanews.com\\\/en\\\/cuba\\\/cuba-current-migration-crisis-characteristics-and-testimonies-i\\\/\",\"url\":\"https:\\\/\\\/oncubanews.com\\\/en\\\/cuba\\\/cuba-current-migration-crisis-characteristics-and-testimonies-i\\\/\",\"name\":\"Cuba, current migration crisis: characteristics and testimonies (I) | OnCubaNews English\",\"isPartOf\":{\"@id\":\"https:\\\/\\\/oncubanews.com\\\/en\\\/#website\"},\"primaryImageOfPage\":{\"@id\":\"https:\\\/\\\/oncubanews.com\\\/en\\\/cuba\\\/cuba-current-migration-crisis-characteristics-and-testimonies-i\\\/#primaryimage\"},\"image\":{\"@id\":\"https:\\\/\\\/oncubanews.com\\\/en\\\/cuba\\\/cuba-current-migration-crisis-characteristics-and-testimonies-i\\\/#primaryimage\"},\"thumbnailUrl\":\"https:\\\/\\\/oncubanews.com\\\/en\\\/wp-content\\\/uploads\\\/2022\\\/05\\\/Cuba-2022-fotos-Kaloian17-de-enero-de-2022-16-750x486-1.jpg\",\"datePublished\":\"2022-05-31T21:29:25+00:00\",\"author\":{\"@id\":\"https:\\\/\\\/oncubanews.com\\\/en\\\/#\\\/schema\\\/person\\\/d7171bf311032ab1f557dd8332e714af\"},\"description\":\"We are experiencing a new migratory wave that, although it may have trends very similar to that observed in the context of the reestablishment of diplomatic relations between Cuba and the United States (2015-2017), is taking place at a more complex time.\",\"breadcrumb\":{\"@id\":\"https:\\\/\\\/oncubanews.com\\\/en\\\/cuba\\\/cuba-current-migration-crisis-characteristics-and-testimonies-i\\\/#breadcrumb\"},\"inLanguage\":\"en-US\",\"potentialAction\":[{\"@type\":\"ReadAction\",\"target\":[\"https:\\\/\\\/oncubanews.com\\\/en\\\/cuba\\\/cuba-current-migration-crisis-characteristics-and-testimonies-i\\\/\"]}]},{\"@type\":\"ImageObject\",\"inLanguage\":\"en-US\",\"@id\":\"https:\\\/\\\/oncubanews.com\\\/en\\\/cuba\\\/cuba-current-migration-crisis-characteristics-and-testimonies-i\\\/#primaryimage\",\"url\":\"https:\\\/\\\/oncubanews.com\\\/en\\\/wp-content\\\/uploads\\\/2022\\\/05\\\/Cuba-2022-fotos-Kaloian17-de-enero-de-2022-16-750x486-1.jpg\",\"contentUrl\":\"https:\\\/\\\/oncubanews.com\\\/en\\\/wp-content\\\/uploads\\\/2022\\\/05\\\/Cuba-2022-fotos-Kaloian17-de-enero-de-2022-16-750x486-1.jpg\",\"width\":750,\"height\":486,\"caption\":\"Photo: Kaloian Santos.\"},{\"@type\":\"BreadcrumbList\",\"@id\":\"https:\\\/\\\/oncubanews.com\\\/en\\\/cuba\\\/cuba-current-migration-crisis-characteristics-and-testimonies-i\\\/#breadcrumb\",\"itemListElement\":[{\"@type\":\"ListItem\",\"position\":1,\"name\":\"Portada\",\"item\":\"https:\\\/\\\/oncubanews.com\\\/en\\\/\"},{\"@type\":\"ListItem\",\"position\":2,\"name\":\"Cuba, current migration crisis: characteristics and testimonies (I)\"}]},{\"@type\":\"WebSite\",\"@id\":\"https:\\\/\\\/oncubanews.com\\\/en\\\/#website\",\"url\":\"https:\\\/\\\/oncubanews.com\\\/en\\\/\",\"name\":\"OnCubaNews English\",\"description\":\"Revista sobre Cuba\",\"potentialAction\":[{\"@type\":\"SearchAction\",\"target\":{\"@type\":\"EntryPoint\",\"urlTemplate\":\"https:\\\/\\\/oncubanews.com\\\/en\\\/?s={search_term_string}\"},\"query-input\":{\"@type\":\"PropertyValueSpecification\",\"valueRequired\":true,\"valueName\":\"search_term_string\"}}],\"inLanguage\":\"en-US\"},{\"@type\":\"Person\",\"@id\":\"https:\\\/\\\/oncubanews.com\\\/en\\\/#\\\/schema\\\/person\\\/d7171bf311032ab1f557dd8332e714af\",\"name\":\"OnCuba Staff\",\"image\":{\"@type\":\"ImageObject\",\"inLanguage\":\"en-US\",\"@id\":\"https:\\\/\\\/secure.gravatar.com\\\/avatar\\\/4b4c4d6109baadde898bb1af22ea4a4af5f4417b86a5d1800bf17531bfb128fc?s=96&r=g17310096d4dde63ebae0e54fbb19218a\",\"url\":\"https:\\\/\\\/secure.gravatar.com\\\/avatar\\\/4b4c4d6109baadde898bb1af22ea4a4af5f4417b86a5d1800bf17531bfb128fc?s=96&r=g\",\"contentUrl\":\"https:\\\/\\\/secure.gravatar.com\\\/avatar\\\/4b4c4d6109baadde898bb1af22ea4a4af5f4417b86a5d1800bf17531bfb128fc?s=96&r=g\",\"caption\":\"OnCuba Staff\"},\"url\":\"https:\\\/\\\/oncubanews.com\\\/en\\\/author\\\/oncuba-editorial-staff\\\/\"}]}<\/script>\n<!-- \/ Yoast SEO plugin. -->","yoast_head_json":{"title":"Cuba, current migration crisis: characteristics and testimonies (I) | OnCubaNews English","description":"We are experiencing a new migratory wave that, although it may have trends very similar to that observed in the context of the reestablishment of diplomatic relations between Cuba and the United States (2015-2017), is taking place at a more complex time.","robots":{"index":"index","follow":"follow","max-snippet":"max-snippet:-1","max-image-preview":"max-image-preview:large","max-video-preview":"max-video-preview:-1"},"canonical":"https:\/\/oncubanews.com\/en\/cuba\/cuba-current-migration-crisis-characteristics-and-testimonies-i\/","og_locale":"en_US","og_type":"article","og_title":"Cuba, current migration crisis: characteristics and testimonies (I) | OnCubaNews English","og_description":"We are experiencing a new migratory wave that, although it may have trends very similar to that observed in the context of the reestablishment of diplomatic relations between Cuba and the United States (2015-2017), is taking place at a more complex time.","og_url":"https:\/\/oncubanews.com\/en\/cuba\/cuba-current-migration-crisis-characteristics-and-testimonies-i\/","og_site_name":"OnCubaNews English","article_published_time":"2022-05-31T21:29:25+00:00","og_image":[{"width":750,"height":486,"url":"https:\/\/oncubanews.com\/en\/wp-content\/uploads\/2022\/05\/Cuba-2022-fotos-Kaloian17-de-enero-de-2022-16-750x486-1.jpg","type":"image\/jpeg"}],"author":"OnCuba Staff","twitter_card":"summary_large_image","twitter_misc":{"Written by":"OnCuba Staff","Est. reading time":"7 minutes"},"schema":{"@context":"https:\/\/schema.org","@graph":[{"@type":"Article","@id":"https:\/\/oncubanews.com\/en\/cuba\/cuba-current-migration-crisis-characteristics-and-testimonies-i\/#article","isPartOf":{"@id":"https:\/\/oncubanews.com\/en\/cuba\/cuba-current-migration-crisis-characteristics-and-testimonies-i\/"},"author":{"name":"OnCuba Staff","@id":"https:\/\/oncubanews.com\/en\/#\/schema\/person\/d7171bf311032ab1f557dd8332e714af"},"headline":"Cuba, current migration crisis: characteristics and testimonies (I)","datePublished":"2022-05-31T21:29:25+00:00","mainEntityOfPage":{"@id":"https:\/\/oncubanews.com\/en\/cuba\/cuba-current-migration-crisis-characteristics-and-testimonies-i\/"},"wordCount":1412,"commentCount":0,"image":{"@id":"https:\/\/oncubanews.com\/en\/cuba\/cuba-current-migration-crisis-characteristics-and-testimonies-i\/#primaryimage"},"thumbnailUrl":"https:\/\/oncubanews.com\/en\/wp-content\/uploads\/2022\/05\/Cuba-2022-fotos-Kaloian17-de-enero-de-2022-16-750x486-1.jpg","keywords":["Cuban emigration","illegal emigration"],"articleSection":["Cuba","Migration"],"inLanguage":"en-US","potentialAction":[{"@type":"CommentAction","name":"Comment","target":["https:\/\/oncubanews.com\/en\/cuba\/cuba-current-migration-crisis-characteristics-and-testimonies-i\/#respond"]}],"copyrightYear":"2022","copyrightHolder":{"@id":"https:\/\/oncubanews.com\/en\/#organization"}},{"@type":"WebPage","@id":"https:\/\/oncubanews.com\/en\/cuba\/cuba-current-migration-crisis-characteristics-and-testimonies-i\/","url":"https:\/\/oncubanews.com\/en\/cuba\/cuba-current-migration-crisis-characteristics-and-testimonies-i\/","name":"Cuba, current migration crisis: characteristics and testimonies (I) | OnCubaNews English","isPartOf":{"@id":"https:\/\/oncubanews.com\/en\/#website"},"primaryImageOfPage":{"@id":"https:\/\/oncubanews.com\/en\/cuba\/cuba-current-migration-crisis-characteristics-and-testimonies-i\/#primaryimage"},"image":{"@id":"https:\/\/oncubanews.com\/en\/cuba\/cuba-current-migration-crisis-characteristics-and-testimonies-i\/#primaryimage"},"thumbnailUrl":"https:\/\/oncubanews.com\/en\/wp-content\/uploads\/2022\/05\/Cuba-2022-fotos-Kaloian17-de-enero-de-2022-16-750x486-1.jpg","datePublished":"2022-05-31T21:29:25+00:00","author":{"@id":"https:\/\/oncubanews.com\/en\/#\/schema\/person\/d7171bf311032ab1f557dd8332e714af"},"description":"We are experiencing a new migratory wave that, although it may have trends very similar to that observed in the context of the reestablishment of diplomatic relations between Cuba and the United States (2015-2017), is taking place at a more complex time.","breadcrumb":{"@id":"https:\/\/oncubanews.com\/en\/cuba\/cuba-current-migration-crisis-characteristics-and-testimonies-i\/#breadcrumb"},"inLanguage":"en-US","potentialAction":[{"@type":"ReadAction","target":["https:\/\/oncubanews.com\/en\/cuba\/cuba-current-migration-crisis-characteristics-and-testimonies-i\/"]}]},{"@type":"ImageObject","inLanguage":"en-US","@id":"https:\/\/oncubanews.com\/en\/cuba\/cuba-current-migration-crisis-characteristics-and-testimonies-i\/#primaryimage","url":"https:\/\/oncubanews.com\/en\/wp-content\/uploads\/2022\/05\/Cuba-2022-fotos-Kaloian17-de-enero-de-2022-16-750x486-1.jpg","contentUrl":"https:\/\/oncubanews.com\/en\/wp-content\/uploads\/2022\/05\/Cuba-2022-fotos-Kaloian17-de-enero-de-2022-16-750x486-1.jpg","width":750,"height":486,"caption":"Photo: Kaloian Santos."},{"@type":"BreadcrumbList","@id":"https:\/\/oncubanews.com\/en\/cuba\/cuba-current-migration-crisis-characteristics-and-testimonies-i\/#breadcrumb","itemListElement":[{"@type":"ListItem","position":1,"name":"Portada","item":"https:\/\/oncubanews.com\/en\/"},{"@type":"ListItem","position":2,"name":"Cuba, current migration crisis: characteristics and testimonies (I)"}]},{"@type":"WebSite","@id":"https:\/\/oncubanews.com\/en\/#website","url":"https:\/\/oncubanews.com\/en\/","name":"OnCubaNews English","description":"Revista sobre Cuba","potentialAction":[{"@type":"SearchAction","target":{"@type":"EntryPoint","urlTemplate":"https:\/\/oncubanews.com\/en\/?s={search_term_string}"},"query-input":{"@type":"PropertyValueSpecification","valueRequired":true,"valueName":"search_term_string"}}],"inLanguage":"en-US"},{"@type":"Person","@id":"https:\/\/oncubanews.com\/en\/#\/schema\/person\/d7171bf311032ab1f557dd8332e714af","name":"OnCuba Staff","image":{"@type":"ImageObject","inLanguage":"en-US","@id":"https:\/\/secure.gravatar.com\/avatar\/4b4c4d6109baadde898bb1af22ea4a4af5f4417b86a5d1800bf17531bfb128fc?s=96&r=g17310096d4dde63ebae0e54fbb19218a","url":"https:\/\/secure.gravatar.com\/avatar\/4b4c4d6109baadde898bb1af22ea4a4af5f4417b86a5d1800bf17531bfb128fc?s=96&r=g","contentUrl":"https:\/\/secure.gravatar.com\/avatar\/4b4c4d6109baadde898bb1af22ea4a4af5f4417b86a5d1800bf17531bfb128fc?s=96&r=g","caption":"OnCuba Staff"},"url":"https:\/\/oncubanews.com\/en\/author\/oncuba-editorial-staff\/"}]}},"authors":[{"term_id":33546,"user_id":3134,"is_guest":0,"slug":"oncuba-editorial-staff","display_name":"OnCuba Staff","avatar_url":"https:\/\/secure.gravatar.com\/avatar\/4b4c4d6109baadde898bb1af22ea4a4af5f4417b86a5d1800bf17531bfb128fc?s=96&r=g","0":null,"1":"","2":"","3":"","4":"","5":"","6":"","7":"","8":""}],"_links":{"self":[{"href":"https:\/\/oncubanews.com\/en\/wp-json\/wp\/v2\/posts\/253607","targetHints":{"allow":["GET"]}}],"collection":[{"href":"https:\/\/oncubanews.com\/en\/wp-json\/wp\/v2\/posts"}],"about":[{"href":"https:\/\/oncubanews.com\/en\/wp-json\/wp\/v2\/types\/post"}],"author":[{"embeddable":true,"href":"https:\/\/oncubanews.com\/en\/wp-json\/wp\/v2\/users\/3134"}],"replies":[{"embeddable":true,"href":"https:\/\/oncubanews.com\/en\/wp-json\/wp\/v2\/comments?post=253607"}],"version-history":[{"count":2,"href":"https:\/\/oncubanews.com\/en\/wp-json\/wp\/v2\/posts\/253607\/revisions"}],"predecessor-version":[{"id":253610,"href":"https:\/\/oncubanews.com\/en\/wp-json\/wp\/v2\/posts\/253607\/revisions\/253610"}],"wp:featuredmedia":[{"embeddable":true,"href":"https:\/\/oncubanews.com\/en\/wp-json\/wp\/v2\/media\/253609"}],"wp:attachment":[{"href":"https:\/\/oncubanews.com\/en\/wp-json\/wp\/v2\/media?parent=253607"}],"wp:term":[{"taxonomy":"category","embeddable":true,"href":"https:\/\/oncubanews.com\/en\/wp-json\/wp\/v2\/categories?post=253607"},{"taxonomy":"post_tag","embeddable":true,"href":"https:\/\/oncubanews.com\/en\/wp-json\/wp\/v2\/tags?post=253607"},{"taxonomy":"author","embeddable":true,"href":"https:\/\/oncubanews.com\/en\/wp-json\/wp\/v2\/ppma_author?post=253607"}],"curies":[{"name":"wp","href":"https:\/\/api.w.org\/{rel}","templated":true}]}}