
{"id":256600,"date":"2022-08-16T09:44:05","date_gmt":"2022-08-16T13:44:05","guid":{"rendered":"https:\/\/oncubanews.com\/en\/?p=256600"},"modified":"2022-08-16T09:44:05","modified_gmt":"2022-08-16T13:44:05","slug":"cuban-migrants-among-victims-of-traffic-accident-in-mexico","status":"publish","type":"post","link":"https:\/\/oncubanews.com\/en\/world\/latin-america\/cuban-migrants-among-victims-of-traffic-accident-in-mexico\/","title":{"rendered":"Cuban migrants among victims of traffic accident in Mexico"},"content":{"rendered":"<p><span style=\"font-weight: 400;\">Eight <\/span><a href=\"https:\/\/oncubanews.com\/en\/tag\/illegal-emigration\/\" target=\"_blank\" rel=\"noopener\"><b>migrants<\/b><\/a><span style=\"font-weight: 400;\"> died in a <\/span>traffic accident<span style=\"font-weight: 400;\"> that occurred at dawn this Sunday on the Azumbilla-El Seco highway, Puebla state, <\/span><a href=\"https:\/\/oncubanews.com\/en\/tag\/mexico\/\" target=\"_blank\" rel=\"noopener\"><b>Mexico<\/b><\/a><span style=\"font-weight: 400;\">. One of the victims is a Cuban, and there were 11 wounded from various countries, including Cuba.<\/span><\/p>\n<p><span style=\"font-weight: 400;\">Of the eight deceased, three are minors. According to <\/span><a href=\"https:\/\/www.urbanopuebla.com.mx\/seguridad\/noticia\/89231-tres-ni%C3%B1os-y-5-mujeres,-migrantes-que-murieron-en-carretera-azumbilla-ca%C3%B1ada-morelos.html\" target=\"_blank\" rel=\"noopener\"><b>local media<\/b><\/a><span style=\"font-weight: 400;\">, five deceased had already been identified, all women, one of them 14 years old; two from Ecuador, two Venezuelans and the Cuban Daime Irais Morales Gerez, 30 years old. The 11 injured were from Honduras, Venezuela, Colombia and Cuba. An unidentified five-year-old girl has been orphaned.<\/span><\/p>\n<p>https:\/\/twitter.com\/urbano_noticias\/status\/1558898752429047808?ref_src=twsrc%5Etfw%7Ctwcamp%5Etweetembed%7Ctwterm%5E1558898752429047808%7Ctwgr%5E9e82826a67729f527fc210e5778abc73aa350657%7Ctwcon%5Es1_&#038;ref_url=https%3A%2F%2Foncubanews.com%2Fcuba%2Fmigrantes-cubanos-entre-las-victimas-de-accidente-de-transito-en-mexico%2F<\/p>\n<p><span style=\"font-weight: 400;\">The tragedy originated when a truck, in which they were traveling along the federal highway from the town of Azumbilla to El Seco, overturned, according to local police and a <\/span><a href=\"https:\/\/www.prensa-latina.cu\/2022\/08\/14\/aumentan-a-seis-migrantes-fallecidos-en-accidente-carretero-en-mexico\" target=\"_blank\" rel=\"noopener\"><b>report<\/b><\/a><span style=\"font-weight: 400;\">\u00a0by Prensa Latina (PL) news agency.<\/span><\/p>\n<p><span style=\"font-weight: 400;\">A total of 17 migrants were traveling from the state of Chiapas in a Chevrolet with DNYN 757-D license plate.<\/span><\/p>\n<p><span style=\"font-weight: 400;\">The Cuban consul in Mexico, Miguel \u00c1ngel Moreno, appeared at the scene to participate in the identification of the victims, the Cuban news agency added. The Cuban ambassador to Mexico, Marcos Rodr\u00edguez, also maintains communication with Cuban officials in Puebla and with relatives of that compatriot, the media highlighted.<\/span><\/p>\n<p><span style=\"font-weight: 400;\">The bodies of those who died in the accident were transferred to the facilities of the Forensic Medical Service in Tehuac\u00e1n. The injured migrants received medical care in various hospitals near the site of the tragic event, PL specified.<\/span><\/p>\n<p><span style=\"font-weight: 400;\">Meanwhile, the head of the Cuban <\/span><a href=\"https:\/\/oncubanews.com\/en\/tag\/cuban-ministry-of-foreign-affairs\/\" target=\"_blank\" rel=\"noopener\"><b>Ministry of Foreign Affairs (MINREX)<\/b><\/a><span style=\"font-weight: 400;\">, Bruno Rodr\u00edguez Parrilla, lamented the incident through his Twitter account, and sent his condolences to the families and friends of the victims, and wishes for a speedy recovery for the injured.<\/span><\/p>\n<blockquote class=\"twitter-tweet\" data-width=\"500\" data-dnt=\"true\">\n<p lang=\"es\" dir=\"ltr\">Lamentamos tr\u00e1gico accidente de tr\u00e1nsito ocurrido en el municipio Tehuac\u00e1n, M\u00e9xico, que involucr\u00f3 a migrantes de diferentes nacionalidades, incluidos ciudadanos cubanos<\/p>\n<p>Sentidas condolencias a familiares y allegados de las v\u00edctimas, y deseos de pronta recuperaci\u00f3n a heridos. 1\/3<\/p>\n<p>&mdash; Bruno Rodr\u00edguez P (@BrunoRguezP) <a href=\"https:\/\/twitter.com\/BrunoRguezP\/status\/1558867183387680769?ref_src=twsrc%5Etfw\">August 14, 2022<\/a><\/p><\/blockquote>\n<p><script async src=\"https:\/\/platform.twitter.com\/widgets.js\" charset=\"utf-8\"><\/script><\/p>\n<p><span style=\"font-weight: 400;\">Various aid corporations from Tehuac\u00e1n, Esperanza and Ca\u00f1ada Morelos went to the scene to provide support, as well as the State Police and the National Guard, who cordoned off the area and closed the highway in its two lanes to avoid further mishaps, the newspaper <\/span><i><span style=\"font-weight: 400;\">La Jornada<\/span><\/i><span style=\"font-weight: 400;\"> reported in its web page.<\/span><\/p>\n<p><span style=\"font-weight: 400;\">When looking for data on the vehicle, it was learned that it had been reported as stolen since August 2 in the state of Chiapas, and to date it is unknown if the driver is among the injured or if he fled, a Mexican media noted.<\/span><\/p>\n<p><span style=\"font-weight: 400;\">Thousands of Latin American migrants, including many Cubans, try to reach the southern border of the United States irregularly through Mexican territory with the aim of crossing it and settling in that country.<\/span><\/p>\n<p><span style=\"font-weight: 400;\">According to the most up-to-date figures from the United States Department of Customs and Border Protection, just in the first eight months of the current fiscal year (as of October 2021) 140,602 migrants from the island have arrived in that territory.<\/span><\/p>\n","protected":false},"excerpt":{"rendered":"<p>The tragedy originated when a truck, in which they were traveling along the federal highway from the town of Azumbilla to El Seco, overturned. A Cuban diplomatic official is at the scene of the incident to provide consular assistance to possible affected people from the island.<\/p>\n","protected":false},"author":3134,"featured_media":256602,"comment_status":"open","ping_status":"closed","sticky":false,"template":"","format":"standard","meta":{"_acf_changed":false,"footnotes":""},"categories":[13938],"tags":[34120,34537,3835],"ppma_author":[33546],"class_list":["post-256600","post","type-post","status-publish","format-standard","has-post-thumbnail","hentry","category-latin-america","tag-cuban-ministry-of-foreign-affairs","tag-illegal-emigration","tag-mexico-en"],"acf":[],"yoast_head":"<!-- This site is optimized with the Yoast SEO plugin v27.3 - https:\/\/yoast.com\/product\/yoast-seo-wordpress\/ -->\n<title>Cuban migrants among victims of traffic accident in Mexico | OnCubaNews English<\/title>\n<meta name=\"description\" content=\"The tragedy originated when a truck, in which they were traveling along the federal highway from the town of Azumbilla to El Seco, overturned. A Cuban diplomatic official is at the scene of the incident to provide consular assistance to possible affected people from the island.\" \/>\n<meta name=\"robots\" content=\"index, follow, max-snippet:-1, max-image-preview:large, max-video-preview:-1\" \/>\n<link rel=\"canonical\" href=\"https:\/\/oncubanews.com\/en\/world\/latin-america\/cuban-migrants-among-victims-of-traffic-accident-in-mexico\/\" \/>\n<meta property=\"og:locale\" content=\"en_US\" \/>\n<meta property=\"og:type\" content=\"article\" \/>\n<meta property=\"og:title\" content=\"Cuban migrants among victims of traffic accident in Mexico | OnCubaNews English\" \/>\n<meta property=\"og:description\" content=\"The tragedy originated when a truck, in which they were traveling along the federal highway from the town of Azumbilla to El Seco, overturned. A Cuban diplomatic official is at the scene of the incident to provide consular assistance to possible affected people from the island.\" \/>\n<meta property=\"og:url\" content=\"https:\/\/oncubanews.com\/en\/world\/latin-america\/cuban-migrants-among-victims-of-traffic-accident-in-mexico\/\" \/>\n<meta property=\"og:site_name\" content=\"OnCubaNews English\" \/>\n<meta property=\"article:published_time\" content=\"2022-08-16T13:44:05+00:00\" \/>\n<meta property=\"og:image\" content=\"https:\/\/oncubanews.com\/en\/wp-content\/uploads\/2022\/08\/mueren-6-migrantes-tras-accidente-en-carretera-de-puebla-fuente-twitter-urbano-noticias-750x422-1.jpeg\" \/>\n\t<meta property=\"og:image:width\" content=\"750\" \/>\n\t<meta property=\"og:image:height\" content=\"422\" \/>\n\t<meta property=\"og:image:type\" content=\"image\/jpeg\" \/>\n<meta name=\"author\" content=\"OnCuba Staff\" \/>\n<meta name=\"twitter:card\" content=\"summary_large_image\" \/>\n<meta name=\"twitter:label1\" content=\"Written by\" \/>\n\t<meta name=\"twitter:data1\" content=\"OnCuba Staff\" \/>\n\t<meta name=\"twitter:label2\" content=\"Est. reading time\" \/>\n\t<meta name=\"twitter:data2\" content=\"2 minutes\" \/>\n<script type=\"application\/ld+json\" class=\"yoast-schema-graph\">{\"@context\":\"https:\\\/\\\/schema.org\",\"@graph\":[{\"@type\":\"Article\",\"@id\":\"https:\\\/\\\/oncubanews.com\\\/en\\\/world\\\/latin-america\\\/cuban-migrants-among-victims-of-traffic-accident-in-mexico\\\/#article\",\"isPartOf\":{\"@id\":\"https:\\\/\\\/oncubanews.com\\\/en\\\/world\\\/latin-america\\\/cuban-migrants-among-victims-of-traffic-accident-in-mexico\\\/\"},\"author\":{\"name\":\"OnCuba Staff\",\"@id\":\"https:\\\/\\\/oncubanews.com\\\/en\\\/#\\\/schema\\\/person\\\/d7171bf311032ab1f557dd8332e714af\"},\"headline\":\"Cuban migrants among victims of traffic accident in Mexico\",\"datePublished\":\"2022-08-16T13:44:05+00:00\",\"mainEntityOfPage\":{\"@id\":\"https:\\\/\\\/oncubanews.com\\\/en\\\/world\\\/latin-america\\\/cuban-migrants-among-victims-of-traffic-accident-in-mexico\\\/\"},\"wordCount\":531,\"commentCount\":0,\"image\":{\"@id\":\"https:\\\/\\\/oncubanews.com\\\/en\\\/world\\\/latin-america\\\/cuban-migrants-among-victims-of-traffic-accident-in-mexico\\\/#primaryimage\"},\"thumbnailUrl\":\"https:\\\/\\\/oncubanews.com\\\/en\\\/wp-content\\\/uploads\\\/2022\\\/08\\\/mueren-6-migrantes-tras-accidente-en-carretera-de-puebla-fuente-twitter-urbano-noticias-750x422-1.jpeg\",\"keywords\":[\"Cuban Ministry of Foreign Affairs\",\"illegal emigration\",\"M\u00e9xico\"],\"articleSection\":[\"Latin America\"],\"inLanguage\":\"en-US\",\"potentialAction\":[{\"@type\":\"CommentAction\",\"name\":\"Comment\",\"target\":[\"https:\\\/\\\/oncubanews.com\\\/en\\\/world\\\/latin-america\\\/cuban-migrants-among-victims-of-traffic-accident-in-mexico\\\/#respond\"]}],\"copyrightYear\":\"2022\",\"copyrightHolder\":{\"@id\":\"https:\\\/\\\/oncubanews.com\\\/en\\\/#organization\"}},{\"@type\":\"WebPage\",\"@id\":\"https:\\\/\\\/oncubanews.com\\\/en\\\/world\\\/latin-america\\\/cuban-migrants-among-victims-of-traffic-accident-in-mexico\\\/\",\"url\":\"https:\\\/\\\/oncubanews.com\\\/en\\\/world\\\/latin-america\\\/cuban-migrants-among-victims-of-traffic-accident-in-mexico\\\/\",\"name\":\"Cuban migrants among victims of traffic accident in Mexico | OnCubaNews English\",\"isPartOf\":{\"@id\":\"https:\\\/\\\/oncubanews.com\\\/en\\\/#website\"},\"primaryImageOfPage\":{\"@id\":\"https:\\\/\\\/oncubanews.com\\\/en\\\/world\\\/latin-america\\\/cuban-migrants-among-victims-of-traffic-accident-in-mexico\\\/#primaryimage\"},\"image\":{\"@id\":\"https:\\\/\\\/oncubanews.com\\\/en\\\/world\\\/latin-america\\\/cuban-migrants-among-victims-of-traffic-accident-in-mexico\\\/#primaryimage\"},\"thumbnailUrl\":\"https:\\\/\\\/oncubanews.com\\\/en\\\/wp-content\\\/uploads\\\/2022\\\/08\\\/mueren-6-migrantes-tras-accidente-en-carretera-de-puebla-fuente-twitter-urbano-noticias-750x422-1.jpeg\",\"datePublished\":\"2022-08-16T13:44:05+00:00\",\"author\":{\"@id\":\"https:\\\/\\\/oncubanews.com\\\/en\\\/#\\\/schema\\\/person\\\/d7171bf311032ab1f557dd8332e714af\"},\"description\":\"The tragedy originated when a truck, in which they were traveling along the federal highway from the town of Azumbilla to El Seco, overturned. A Cuban diplomatic official is at the scene of the incident to provide consular assistance to possible affected people from the island.\",\"breadcrumb\":{\"@id\":\"https:\\\/\\\/oncubanews.com\\\/en\\\/world\\\/latin-america\\\/cuban-migrants-among-victims-of-traffic-accident-in-mexico\\\/#breadcrumb\"},\"inLanguage\":\"en-US\",\"potentialAction\":[{\"@type\":\"ReadAction\",\"target\":[\"https:\\\/\\\/oncubanews.com\\\/en\\\/world\\\/latin-america\\\/cuban-migrants-among-victims-of-traffic-accident-in-mexico\\\/\"]}]},{\"@type\":\"ImageObject\",\"inLanguage\":\"en-US\",\"@id\":\"https:\\\/\\\/oncubanews.com\\\/en\\\/world\\\/latin-america\\\/cuban-migrants-among-victims-of-traffic-accident-in-mexico\\\/#primaryimage\",\"url\":\"https:\\\/\\\/oncubanews.com\\\/en\\\/wp-content\\\/uploads\\\/2022\\\/08\\\/mueren-6-migrantes-tras-accidente-en-carretera-de-puebla-fuente-twitter-urbano-noticias-750x422-1.jpeg\",\"contentUrl\":\"https:\\\/\\\/oncubanews.com\\\/en\\\/wp-content\\\/uploads\\\/2022\\\/08\\\/mueren-6-migrantes-tras-accidente-en-carretera-de-puebla-fuente-twitter-urbano-noticias-750x422-1.jpeg\",\"width\":750,\"height\":422,\"caption\":\"Photo: www.noticiero.televisa.com\"},{\"@type\":\"BreadcrumbList\",\"@id\":\"https:\\\/\\\/oncubanews.com\\\/en\\\/world\\\/latin-america\\\/cuban-migrants-among-victims-of-traffic-accident-in-mexico\\\/#breadcrumb\",\"itemListElement\":[{\"@type\":\"ListItem\",\"position\":1,\"name\":\"Portada\",\"item\":\"https:\\\/\\\/oncubanews.com\\\/en\\\/\"},{\"@type\":\"ListItem\",\"position\":2,\"name\":\"Cuban migrants among victims of traffic accident in Mexico\"}]},{\"@type\":\"WebSite\",\"@id\":\"https:\\\/\\\/oncubanews.com\\\/en\\\/#website\",\"url\":\"https:\\\/\\\/oncubanews.com\\\/en\\\/\",\"name\":\"OnCubaNews English\",\"description\":\"Revista sobre Cuba\",\"potentialAction\":[{\"@type\":\"SearchAction\",\"target\":{\"@type\":\"EntryPoint\",\"urlTemplate\":\"https:\\\/\\\/oncubanews.com\\\/en\\\/?s={search_term_string}\"},\"query-input\":{\"@type\":\"PropertyValueSpecification\",\"valueRequired\":true,\"valueName\":\"search_term_string\"}}],\"inLanguage\":\"en-US\"},{\"@type\":\"Person\",\"@id\":\"https:\\\/\\\/oncubanews.com\\\/en\\\/#\\\/schema\\\/person\\\/d7171bf311032ab1f557dd8332e714af\",\"name\":\"OnCuba Staff\",\"image\":{\"@type\":\"ImageObject\",\"inLanguage\":\"en-US\",\"@id\":\"https:\\\/\\\/secure.gravatar.com\\\/avatar\\\/4b4c4d6109baadde898bb1af22ea4a4af5f4417b86a5d1800bf17531bfb128fc?s=96&r=g17310096d4dde63ebae0e54fbb19218a\",\"url\":\"https:\\\/\\\/secure.gravatar.com\\\/avatar\\\/4b4c4d6109baadde898bb1af22ea4a4af5f4417b86a5d1800bf17531bfb128fc?s=96&r=g\",\"contentUrl\":\"https:\\\/\\\/secure.gravatar.com\\\/avatar\\\/4b4c4d6109baadde898bb1af22ea4a4af5f4417b86a5d1800bf17531bfb128fc?s=96&r=g\",\"caption\":\"OnCuba Staff\"},\"url\":\"https:\\\/\\\/oncubanews.com\\\/en\\\/author\\\/oncuba-editorial-staff\\\/\"}]}<\/script>\n<!-- \/ Yoast SEO plugin. -->","yoast_head_json":{"title":"Cuban migrants among victims of traffic accident in Mexico | OnCubaNews English","description":"The tragedy originated when a truck, in which they were traveling along the federal highway from the town of Azumbilla to El Seco, overturned. A Cuban diplomatic official is at the scene of the incident to provide consular assistance to possible affected people from the island.","robots":{"index":"index","follow":"follow","max-snippet":"max-snippet:-1","max-image-preview":"max-image-preview:large","max-video-preview":"max-video-preview:-1"},"canonical":"https:\/\/oncubanews.com\/en\/world\/latin-america\/cuban-migrants-among-victims-of-traffic-accident-in-mexico\/","og_locale":"en_US","og_type":"article","og_title":"Cuban migrants among victims of traffic accident in Mexico | OnCubaNews English","og_description":"The tragedy originated when a truck, in which they were traveling along the federal highway from the town of Azumbilla to El Seco, overturned. A Cuban diplomatic official is at the scene of the incident to provide consular assistance to possible affected people from the island.","og_url":"https:\/\/oncubanews.com\/en\/world\/latin-america\/cuban-migrants-among-victims-of-traffic-accident-in-mexico\/","og_site_name":"OnCubaNews English","article_published_time":"2022-08-16T13:44:05+00:00","og_image":[{"width":750,"height":422,"url":"https:\/\/oncubanews.com\/en\/wp-content\/uploads\/2022\/08\/mueren-6-migrantes-tras-accidente-en-carretera-de-puebla-fuente-twitter-urbano-noticias-750x422-1.jpeg","type":"image\/jpeg"}],"author":"OnCuba Staff","twitter_card":"summary_large_image","twitter_misc":{"Written by":"OnCuba Staff","Est. reading time":"2 minutes"},"schema":{"@context":"https:\/\/schema.org","@graph":[{"@type":"Article","@id":"https:\/\/oncubanews.com\/en\/world\/latin-america\/cuban-migrants-among-victims-of-traffic-accident-in-mexico\/#article","isPartOf":{"@id":"https:\/\/oncubanews.com\/en\/world\/latin-america\/cuban-migrants-among-victims-of-traffic-accident-in-mexico\/"},"author":{"name":"OnCuba Staff","@id":"https:\/\/oncubanews.com\/en\/#\/schema\/person\/d7171bf311032ab1f557dd8332e714af"},"headline":"Cuban migrants among victims of traffic accident in Mexico","datePublished":"2022-08-16T13:44:05+00:00","mainEntityOfPage":{"@id":"https:\/\/oncubanews.com\/en\/world\/latin-america\/cuban-migrants-among-victims-of-traffic-accident-in-mexico\/"},"wordCount":531,"commentCount":0,"image":{"@id":"https:\/\/oncubanews.com\/en\/world\/latin-america\/cuban-migrants-among-victims-of-traffic-accident-in-mexico\/#primaryimage"},"thumbnailUrl":"https:\/\/oncubanews.com\/en\/wp-content\/uploads\/2022\/08\/mueren-6-migrantes-tras-accidente-en-carretera-de-puebla-fuente-twitter-urbano-noticias-750x422-1.jpeg","keywords":["Cuban Ministry of Foreign Affairs","illegal emigration","M\u00e9xico"],"articleSection":["Latin America"],"inLanguage":"en-US","potentialAction":[{"@type":"CommentAction","name":"Comment","target":["https:\/\/oncubanews.com\/en\/world\/latin-america\/cuban-migrants-among-victims-of-traffic-accident-in-mexico\/#respond"]}],"copyrightYear":"2022","copyrightHolder":{"@id":"https:\/\/oncubanews.com\/en\/#organization"}},{"@type":"WebPage","@id":"https:\/\/oncubanews.com\/en\/world\/latin-america\/cuban-migrants-among-victims-of-traffic-accident-in-mexico\/","url":"https:\/\/oncubanews.com\/en\/world\/latin-america\/cuban-migrants-among-victims-of-traffic-accident-in-mexico\/","name":"Cuban migrants among victims of traffic accident in Mexico | OnCubaNews English","isPartOf":{"@id":"https:\/\/oncubanews.com\/en\/#website"},"primaryImageOfPage":{"@id":"https:\/\/oncubanews.com\/en\/world\/latin-america\/cuban-migrants-among-victims-of-traffic-accident-in-mexico\/#primaryimage"},"image":{"@id":"https:\/\/oncubanews.com\/en\/world\/latin-america\/cuban-migrants-among-victims-of-traffic-accident-in-mexico\/#primaryimage"},"thumbnailUrl":"https:\/\/oncubanews.com\/en\/wp-content\/uploads\/2022\/08\/mueren-6-migrantes-tras-accidente-en-carretera-de-puebla-fuente-twitter-urbano-noticias-750x422-1.jpeg","datePublished":"2022-08-16T13:44:05+00:00","author":{"@id":"https:\/\/oncubanews.com\/en\/#\/schema\/person\/d7171bf311032ab1f557dd8332e714af"},"description":"The tragedy originated when a truck, in which they were traveling along the federal highway from the town of Azumbilla to El Seco, overturned. A Cuban diplomatic official is at the scene of the incident to provide consular assistance to possible affected people from the island.","breadcrumb":{"@id":"https:\/\/oncubanews.com\/en\/world\/latin-america\/cuban-migrants-among-victims-of-traffic-accident-in-mexico\/#breadcrumb"},"inLanguage":"en-US","potentialAction":[{"@type":"ReadAction","target":["https:\/\/oncubanews.com\/en\/world\/latin-america\/cuban-migrants-among-victims-of-traffic-accident-in-mexico\/"]}]},{"@type":"ImageObject","inLanguage":"en-US","@id":"https:\/\/oncubanews.com\/en\/world\/latin-america\/cuban-migrants-among-victims-of-traffic-accident-in-mexico\/#primaryimage","url":"https:\/\/oncubanews.com\/en\/wp-content\/uploads\/2022\/08\/mueren-6-migrantes-tras-accidente-en-carretera-de-puebla-fuente-twitter-urbano-noticias-750x422-1.jpeg","contentUrl":"https:\/\/oncubanews.com\/en\/wp-content\/uploads\/2022\/08\/mueren-6-migrantes-tras-accidente-en-carretera-de-puebla-fuente-twitter-urbano-noticias-750x422-1.jpeg","width":750,"height":422,"caption":"Photo: www.noticiero.televisa.com"},{"@type":"BreadcrumbList","@id":"https:\/\/oncubanews.com\/en\/world\/latin-america\/cuban-migrants-among-victims-of-traffic-accident-in-mexico\/#breadcrumb","itemListElement":[{"@type":"ListItem","position":1,"name":"Portada","item":"https:\/\/oncubanews.com\/en\/"},{"@type":"ListItem","position":2,"name":"Cuban migrants among victims of traffic accident in Mexico"}]},{"@type":"WebSite","@id":"https:\/\/oncubanews.com\/en\/#website","url":"https:\/\/oncubanews.com\/en\/","name":"OnCubaNews English","description":"Revista sobre Cuba","potentialAction":[{"@type":"SearchAction","target":{"@type":"EntryPoint","urlTemplate":"https:\/\/oncubanews.com\/en\/?s={search_term_string}"},"query-input":{"@type":"PropertyValueSpecification","valueRequired":true,"valueName":"search_term_string"}}],"inLanguage":"en-US"},{"@type":"Person","@id":"https:\/\/oncubanews.com\/en\/#\/schema\/person\/d7171bf311032ab1f557dd8332e714af","name":"OnCuba Staff","image":{"@type":"ImageObject","inLanguage":"en-US","@id":"https:\/\/secure.gravatar.com\/avatar\/4b4c4d6109baadde898bb1af22ea4a4af5f4417b86a5d1800bf17531bfb128fc?s=96&r=g17310096d4dde63ebae0e54fbb19218a","url":"https:\/\/secure.gravatar.com\/avatar\/4b4c4d6109baadde898bb1af22ea4a4af5f4417b86a5d1800bf17531bfb128fc?s=96&r=g","contentUrl":"https:\/\/secure.gravatar.com\/avatar\/4b4c4d6109baadde898bb1af22ea4a4af5f4417b86a5d1800bf17531bfb128fc?s=96&r=g","caption":"OnCuba Staff"},"url":"https:\/\/oncubanews.com\/en\/author\/oncuba-editorial-staff\/"}]}},"authors":[{"term_id":33546,"user_id":3134,"is_guest":0,"slug":"oncuba-editorial-staff","display_name":"OnCuba Staff","avatar_url":"https:\/\/secure.gravatar.com\/avatar\/4b4c4d6109baadde898bb1af22ea4a4af5f4417b86a5d1800bf17531bfb128fc?s=96&r=g","0":null,"1":"","2":"","3":"","4":"","5":"","6":"","7":"","8":""}],"_links":{"self":[{"href":"https:\/\/oncubanews.com\/en\/wp-json\/wp\/v2\/posts\/256600","targetHints":{"allow":["GET"]}}],"collection":[{"href":"https:\/\/oncubanews.com\/en\/wp-json\/wp\/v2\/posts"}],"about":[{"href":"https:\/\/oncubanews.com\/en\/wp-json\/wp\/v2\/types\/post"}],"author":[{"embeddable":true,"href":"https:\/\/oncubanews.com\/en\/wp-json\/wp\/v2\/users\/3134"}],"replies":[{"embeddable":true,"href":"https:\/\/oncubanews.com\/en\/wp-json\/wp\/v2\/comments?post=256600"}],"version-history":[{"count":2,"href":"https:\/\/oncubanews.com\/en\/wp-json\/wp\/v2\/posts\/256600\/revisions"}],"predecessor-version":[{"id":256603,"href":"https:\/\/oncubanews.com\/en\/wp-json\/wp\/v2\/posts\/256600\/revisions\/256603"}],"wp:featuredmedia":[{"embeddable":true,"href":"https:\/\/oncubanews.com\/en\/wp-json\/wp\/v2\/media\/256602"}],"wp:attachment":[{"href":"https:\/\/oncubanews.com\/en\/wp-json\/wp\/v2\/media?parent=256600"}],"wp:term":[{"taxonomy":"category","embeddable":true,"href":"https:\/\/oncubanews.com\/en\/wp-json\/wp\/v2\/categories?post=256600"},{"taxonomy":"post_tag","embeddable":true,"href":"https:\/\/oncubanews.com\/en\/wp-json\/wp\/v2\/tags?post=256600"},{"taxonomy":"author","embeddable":true,"href":"https:\/\/oncubanews.com\/en\/wp-json\/wp\/v2\/ppma_author?post=256600"}],"curies":[{"name":"wp","href":"https:\/\/api.w.org\/{rel}","templated":true}]}}