
{"id":257008,"date":"2022-08-25T16:21:13","date_gmt":"2022-08-25T20:21:13","guid":{"rendered":"https:\/\/oncubanews.com\/en\/?p=257008"},"modified":"2022-08-25T16:21:13","modified_gmt":"2022-08-25T20:21:13","slug":"manolo-perez-defender-of-cuban-comics","status":"publish","type":"post","link":"https:\/\/oncubanews.com\/en\/culture\/manolo-perez-defender-of-cuban-comics\/","title":{"rendered":"Manolo P\u00e9rez, defender of Cuban comics"},"content":{"rendered":"<p><span style=\"font-weight: 400;\">\u201cThe comic book is in intensive care,\u201d warned Manuel P\u00e9rez Alfaro in 2009 from the pages of <\/span><i><span style=\"font-weight: 400;\">Juventud Rebelde<\/span><\/i><span style=\"font-weight: 400;\"> newspaper. The notification was accompanied by an argument that has been repeated countless times: there were young people eager to publicize their <\/span><a href=\"https:\/\/oncubanews.com\/en\/tag\/cuban-comic-book\/\" target=\"_blank\" rel=\"noopener\"><b>comics<\/b><\/a><span style=\"font-weight: 400;\">, but they did not have a periodic publication that would allow them, therefore, in Cuba the ninth art was in danger of death.<\/span><\/p>\n<p><span style=\"font-weight: 400;\">Now the one who has died is Manolo; his death, at the age of 86, occurred in Havana on August 6 last. His clamor was constant. This is attested to by this fragment of an extensive piece of writing by him in the tabloid <\/span><i><span style=\"font-weight: 400;\">El Mu\u00f1e<\/span><\/i><span style=\"font-weight: 400;\">, regarding the First Ibero-American Meeting of Comics that would be held in the Cuban capital in 1990, of which Manolo was one of its coordinators: \u201cThe national artists who dedicate themselves to cultivating comics are regarded as rare specimens that uselessly waste their faculties.\u201d<\/span><\/p>\n<p><span style=\"font-weight: 400;\">The paradox: this was manifested at the time that the aforementioned tabloid circulated in the country, a publication that hosted works by the youngest; as well as the very popular <\/span><i><span style=\"font-weight: 400;\">C\u00f3micos<\/span><\/i><span style=\"font-weight: 400;\">\u00a0and\u00a0<\/span><i><span style=\"font-weight: 400;\">Pablo<\/span><\/i><span style=\"font-weight: 400;\"> magazines, in which renowned Cuban and foreign cartoonists published, and of which he was a member of the Advisory Council. Who was he referring to, if the creators had printed media, had countless admirers and a national comic book salon?<\/span><\/p>\n<p><span style=\"font-weight: 400;\">The underestimation apparently came from their own ranks, because long before, also in <\/span><i><span style=\"font-weight: 400;\">El Mu\u00f1e<\/span><\/i><span style=\"font-weight: 400;\">, Manolo had pointed out the deep crisis that the Comics Section of the Union of Journalists of Cuba was going through, weak in its informative work and incapable of organizing the aforementioned salon, to the point of heralding its demise.<\/span><\/p>\n<p><span style=\"font-weight: 400;\">Against that he battled, first of all, writing scripts, including V\u00edctor Sierra, Mito Brito, Fefo, the storyteller and Camila. To this was added the pedagogical work, in a duet with Francisco Blanco, to perfect the craft of writing through the Comprehensive Comics Course, which led to the El Mu\u00f1e Workshop, in which kids who stand out today were forged.<\/span><\/p>\n<figure id=\"attachment_257011\" aria-describedby=\"caption-attachment-257011\" style=\"width: 742px\" class=\"wp-caption aligncenter\"><a href=\"https:\/\/oncubanews.com\/en\/wp-content\/uploads\/2022\/08\/b-Portada-de-Comicos.-No.-13-de-1987.-Historieta-Camila-con-guion-de-Manolo-Perez-y-dibujos-de-Orestes-Suarez-742x1024-1.jpg\"><img loading=\"lazy\" decoding=\"async\" class=\"wp-image-257011 size-full\" src=\"https:\/\/oncubanews.com\/en\/wp-content\/uploads\/2022\/08\/b-Portada-de-Comicos.-No.-13-de-1987.-Historieta-Camila-con-guion-de-Manolo-Perez-y-dibujos-de-Orestes-Suarez-742x1024-1.jpg\" alt=\"Cover of \u201cC\u00f3micos\u201d. No. 13 of 1987. Comic Camila, with a script by Manolo P\u00e9rez and drawings by Orestes Su\u00e1rez. Photo: author\u2019s personal archive.\" width=\"742\" height=\"1024\" srcset=\"https:\/\/oncubanews.com\/en\/wp-content\/uploads\/2022\/08\/b-Portada-de-Comicos.-No.-13-de-1987.-Historieta-Camila-con-guion-de-Manolo-Perez-y-dibujos-de-Orestes-Suarez-742x1024-1.jpg 742w, https:\/\/oncubanews.com\/en\/wp-content\/uploads\/2022\/08\/b-Portada-de-Comicos.-No.-13-de-1987.-Historieta-Camila-con-guion-de-Manolo-Perez-y-dibujos-de-Orestes-Suarez-742x1024-1-217x300.jpg 217w\" sizes=\"auto, (max-width: 742px) 100vw, 742px\" \/><\/a><figcaption id=\"caption-attachment-257011\" class=\"wp-caption-text\">Cover of \u201cC\u00f3micos\u201d. No. 13 of 1987. Comic Camila, with a script by Manolo P\u00e9rez and drawings by Orestes Su\u00e1rez. Photo: author\u2019s personal archive.<\/figcaption><\/figure>\n<figure id=\"attachment_257012\" aria-describedby=\"caption-attachment-257012\" style=\"width: 1024px\" class=\"wp-caption aligncenter\"><a href=\"https:\/\/oncubanews.com\/en\/wp-content\/uploads\/2022\/08\/c-Fragmento-de-Camila.-Revista-Comicos-No.-9-de-1989-1024x517-1.jpg\"><img loading=\"lazy\" decoding=\"async\" class=\"wp-image-257012 size-full\" src=\"https:\/\/oncubanews.com\/en\/wp-content\/uploads\/2022\/08\/c-Fragmento-de-Camila.-Revista-Comicos-No.-9-de-1989-1024x517-1.jpg\" alt=\"Fragment of the Camila Comics. \u201cC\u00f3micos\u201d magazine, No. 9 of 1989.\" width=\"1024\" height=\"517\" srcset=\"https:\/\/oncubanews.com\/en\/wp-content\/uploads\/2022\/08\/c-Fragmento-de-Camila.-Revista-Comicos-No.-9-de-1989-1024x517-1.jpg 1024w, https:\/\/oncubanews.com\/en\/wp-content\/uploads\/2022\/08\/c-Fragmento-de-Camila.-Revista-Comicos-No.-9-de-1989-1024x517-1-300x151.jpg 300w, https:\/\/oncubanews.com\/en\/wp-content\/uploads\/2022\/08\/c-Fragmento-de-Camila.-Revista-Comicos-No.-9-de-1989-1024x517-1-768x388.jpg 768w, https:\/\/oncubanews.com\/en\/wp-content\/uploads\/2022\/08\/c-Fragmento-de-Camila.-Revista-Comicos-No.-9-de-1989-1024x517-1-750x379.jpg 750w\" sizes=\"auto, (max-width: 1024px) 100vw, 1024px\" \/><\/a><figcaption id=\"caption-attachment-257012\" class=\"wp-caption-text\">Fragment of the Camila Comics. \u201cC\u00f3micos\u201d magazine, No. 9 of 1989.<\/figcaption><\/figure>\n<p><span style=\"font-weight: 400;\">Manolo indefatigably honored the work of others. From his work as Cultural Director of the <\/span><i><span style=\"font-weight: 400;\">Revista Latinoamericana de Estudios sobre la Historieta<\/span><\/i><span style=\"font-weight: 400;\">\u00a0magazine, he spread the experience of the disappeared P-Ele Group, to which the most significant creators of the guild belonged; just as he recalled the importance of the <\/span><i><span style=\"font-weight: 400;\">\u00a9 L\u00ednea<\/span><\/i><span style=\"font-weight: 400;\"> magazine, which he proposed to rescue, so that Cuban comics would be known outside their borders.<\/span><\/p>\n<figure id=\"attachment_257013\" aria-describedby=\"caption-attachment-257013\" style=\"width: 1024px\" class=\"wp-caption aligncenter\"><a href=\"https:\/\/oncubanews.com\/en\/wp-content\/uploads\/2022\/08\/Manolo-Perez-derecha-junto-a-Orestes-Suarez-en-la-Vitrina-de-Valonia-2013-1024x631-1.jpg\"><img loading=\"lazy\" decoding=\"async\" class=\"size-full wp-image-257013\" src=\"https:\/\/oncubanews.com\/en\/wp-content\/uploads\/2022\/08\/Manolo-Perez-derecha-junto-a-Orestes-Suarez-en-la-Vitrina-de-Valonia-2013-1024x631-1.jpg\" alt=\"\" width=\"1024\" height=\"631\" srcset=\"https:\/\/oncubanews.com\/en\/wp-content\/uploads\/2022\/08\/Manolo-Perez-derecha-junto-a-Orestes-Suarez-en-la-Vitrina-de-Valonia-2013-1024x631-1.jpg 1024w, https:\/\/oncubanews.com\/en\/wp-content\/uploads\/2022\/08\/Manolo-Perez-derecha-junto-a-Orestes-Suarez-en-la-Vitrina-de-Valonia-2013-1024x631-1-300x185.jpg 300w, https:\/\/oncubanews.com\/en\/wp-content\/uploads\/2022\/08\/Manolo-Perez-derecha-junto-a-Orestes-Suarez-en-la-Vitrina-de-Valonia-2013-1024x631-1-768x473.jpg 768w, https:\/\/oncubanews.com\/en\/wp-content\/uploads\/2022\/08\/Manolo-Perez-derecha-junto-a-Orestes-Suarez-en-la-Vitrina-de-Valonia-2013-1024x631-1-750x462.jpg 750w\" sizes=\"auto, (max-width: 1024px) 100vw, 1024px\" \/><\/a><figcaption id=\"caption-attachment-257013\" class=\"wp-caption-text\">Manolo P\u00e9rez (right) together with Orestes Su\u00e1rez in the Valonia Showcase (2013).<\/figcaption><\/figure>\n<p><span style=\"font-weight: 400;\">He was unable to achieve it, but more than a decade later he produced, not without multiple setbacks, a compilation entitled <\/span><i><span style=\"font-weight: 400;\">Contar con arte<\/span><\/i><span style=\"font-weight: 400;\">, which celebrated the 30th anniversary of the Pablo de la Torriente publishing house, in which he had worked since its foundation in 1985. The compilation, simple in its finish but valuable in its content, brought together comic strips by Tulio Raggi, Juan Padr\u00f3n, Virgilio Mart\u00ednez, Cecilio Avil\u00e9s, Roberto Alfonso, Rafael Morante, Luis Lorenzo, Orestes Su\u00e1rez&#8230;.<\/span><\/p>\n<p><span style=\"font-weight: 400;\">Due to his physique and his impetus, Manolo P\u00e9rez seemed like a modern Quixote, only he never lost his mind. He died in the hope that current and future authors would continue to be brought together in installments that would give continuity to the so far only volume of <\/span><i><span style=\"font-weight: 400;\">Contar con arte<\/span><\/i><span style=\"font-weight: 400;\">.<\/span><\/p>\n","protected":false},"excerpt":{"rendered":"<p>At the beginning of August, a tireless Cuban cartoonist passed away in Havana. He was director of ICAIC&#8217;s Animation Studios, a comic scriptwriter and editor of comic publications.<\/p>\n","protected":false},"author":3270,"featured_media":257010,"comment_status":"open","ping_status":"closed","sticky":false,"template":"","format":"standard","meta":{"_acf_changed":false,"footnotes":""},"categories":[33],"tags":[12380,34565,23678],"ppma_author":[33870],"class_list":["post-257008","post","type-post","status-publish","format-standard","has-post-thumbnail","hentry","category-culture","tag-cartoon","tag-cuban-comic-book","tag-visual-arts-in-cuba"],"acf":[],"yoast_head":"<!-- This site is optimized with the Yoast SEO plugin v27.3 - https:\/\/yoast.com\/product\/yoast-seo-wordpress\/ -->\n<title>Manolo P\u00e9rez, defender of Cuban comics | OnCubaNews English<\/title>\n<meta name=\"description\" content=\"At the beginning of August, a tireless Cuban cartoonist passed away in Havana. He was director of ICAIC&#039;s Animation Studios, a comic scriptwriter and editor of comic publications.\" \/>\n<meta name=\"robots\" content=\"index, follow, max-snippet:-1, max-image-preview:large, max-video-preview:-1\" \/>\n<link rel=\"canonical\" href=\"https:\/\/oncubanews.com\/en\/culture\/manolo-perez-defender-of-cuban-comics\/\" \/>\n<meta property=\"og:locale\" content=\"en_US\" \/>\n<meta property=\"og:type\" content=\"article\" \/>\n<meta property=\"og:title\" content=\"Manolo P\u00e9rez, defender of Cuban comics | OnCubaNews English\" \/>\n<meta property=\"og:description\" content=\"At the beginning of August, a tireless Cuban cartoonist passed away in Havana. He was director of ICAIC&#039;s Animation Studios, a comic scriptwriter and editor of comic publications.\" \/>\n<meta property=\"og:url\" content=\"https:\/\/oncubanews.com\/en\/culture\/manolo-perez-defender-of-cuban-comics\/\" \/>\n<meta property=\"og:site_name\" content=\"OnCubaNews English\" \/>\n<meta property=\"article:published_time\" content=\"2022-08-25T20:21:13+00:00\" \/>\n<meta property=\"og:image\" content=\"https:\/\/oncubanews.com\/en\/wp-content\/uploads\/2022\/08\/manolito-Perez-1020x642-1-750x472-1.jpg\" \/>\n\t<meta property=\"og:image:width\" content=\"750\" \/>\n\t<meta property=\"og:image:height\" content=\"472\" \/>\n\t<meta property=\"og:image:type\" content=\"image\/jpeg\" \/>\n<meta name=\"author\" content=\"Arturo Delgado Pruna\" \/>\n<meta name=\"twitter:card\" content=\"summary_large_image\" \/>\n<meta name=\"twitter:label1\" content=\"Written by\" \/>\n\t<meta name=\"twitter:data1\" content=\"Arturo Delgado Pruna\" \/>\n\t<meta name=\"twitter:label2\" content=\"Est. reading time\" \/>\n\t<meta name=\"twitter:data2\" content=\"4 minutes\" \/>\n<script type=\"application\/ld+json\" class=\"yoast-schema-graph\">{\"@context\":\"https:\\\/\\\/schema.org\",\"@graph\":[{\"@type\":\"Article\",\"@id\":\"https:\\\/\\\/oncubanews.com\\\/en\\\/culture\\\/manolo-perez-defender-of-cuban-comics\\\/#article\",\"isPartOf\":{\"@id\":\"https:\\\/\\\/oncubanews.com\\\/en\\\/culture\\\/manolo-perez-defender-of-cuban-comics\\\/\"},\"author\":{\"name\":\"Arturo Delgado Pruna\",\"@id\":\"https:\\\/\\\/oncubanews.com\\\/en\\\/#\\\/schema\\\/person\\\/2632811bb134892ebe0886ae216f79cc\"},\"headline\":\"Manolo P\u00e9rez, defender of Cuban comics\",\"datePublished\":\"2022-08-25T20:21:13+00:00\",\"mainEntityOfPage\":{\"@id\":\"https:\\\/\\\/oncubanews.com\\\/en\\\/culture\\\/manolo-perez-defender-of-cuban-comics\\\/\"},\"wordCount\":624,\"commentCount\":0,\"image\":{\"@id\":\"https:\\\/\\\/oncubanews.com\\\/en\\\/culture\\\/manolo-perez-defender-of-cuban-comics\\\/#primaryimage\"},\"thumbnailUrl\":\"https:\\\/\\\/oncubanews.com\\\/en\\\/wp-content\\\/uploads\\\/2022\\\/08\\\/manolito-Perez-1020x642-1-750x472-1.jpg\",\"keywords\":[\"cartoon\",\"Cuban comic book\",\"visual arts in Cuba\"],\"articleSection\":[\"Culture\"],\"inLanguage\":\"en-US\",\"potentialAction\":[{\"@type\":\"CommentAction\",\"name\":\"Comment\",\"target\":[\"https:\\\/\\\/oncubanews.com\\\/en\\\/culture\\\/manolo-perez-defender-of-cuban-comics\\\/#respond\"]}],\"copyrightYear\":\"2022\",\"copyrightHolder\":{\"@id\":\"https:\\\/\\\/oncubanews.com\\\/en\\\/#organization\"}},{\"@type\":\"WebPage\",\"@id\":\"https:\\\/\\\/oncubanews.com\\\/en\\\/culture\\\/manolo-perez-defender-of-cuban-comics\\\/\",\"url\":\"https:\\\/\\\/oncubanews.com\\\/en\\\/culture\\\/manolo-perez-defender-of-cuban-comics\\\/\",\"name\":\"Manolo P\u00e9rez, defender of Cuban comics | OnCubaNews English\",\"isPartOf\":{\"@id\":\"https:\\\/\\\/oncubanews.com\\\/en\\\/#website\"},\"primaryImageOfPage\":{\"@id\":\"https:\\\/\\\/oncubanews.com\\\/en\\\/culture\\\/manolo-perez-defender-of-cuban-comics\\\/#primaryimage\"},\"image\":{\"@id\":\"https:\\\/\\\/oncubanews.com\\\/en\\\/culture\\\/manolo-perez-defender-of-cuban-comics\\\/#primaryimage\"},\"thumbnailUrl\":\"https:\\\/\\\/oncubanews.com\\\/en\\\/wp-content\\\/uploads\\\/2022\\\/08\\\/manolito-Perez-1020x642-1-750x472-1.jpg\",\"datePublished\":\"2022-08-25T20:21:13+00:00\",\"author\":{\"@id\":\"https:\\\/\\\/oncubanews.com\\\/en\\\/#\\\/schema\\\/person\\\/2632811bb134892ebe0886ae216f79cc\"},\"description\":\"At the beginning of August, a tireless Cuban cartoonist passed away in Havana. He was director of ICAIC's Animation Studios, a comic scriptwriter and editor of comic publications.\",\"breadcrumb\":{\"@id\":\"https:\\\/\\\/oncubanews.com\\\/en\\\/culture\\\/manolo-perez-defender-of-cuban-comics\\\/#breadcrumb\"},\"inLanguage\":\"en-US\",\"potentialAction\":[{\"@type\":\"ReadAction\",\"target\":[\"https:\\\/\\\/oncubanews.com\\\/en\\\/culture\\\/manolo-perez-defender-of-cuban-comics\\\/\"]}]},{\"@type\":\"ImageObject\",\"inLanguage\":\"en-US\",\"@id\":\"https:\\\/\\\/oncubanews.com\\\/en\\\/culture\\\/manolo-perez-defender-of-cuban-comics\\\/#primaryimage\",\"url\":\"https:\\\/\\\/oncubanews.com\\\/en\\\/wp-content\\\/uploads\\\/2022\\\/08\\\/manolito-Perez-1020x642-1-750x472-1.jpg\",\"contentUrl\":\"https:\\\/\\\/oncubanews.com\\\/en\\\/wp-content\\\/uploads\\\/2022\\\/08\\\/manolito-Perez-1020x642-1-750x472-1.jpg\",\"width\":750,\"height\":472,\"caption\":\"Manolo Perez (left). Photo: Taken from Cubaperiodistas.\"},{\"@type\":\"BreadcrumbList\",\"@id\":\"https:\\\/\\\/oncubanews.com\\\/en\\\/culture\\\/manolo-perez-defender-of-cuban-comics\\\/#breadcrumb\",\"itemListElement\":[{\"@type\":\"ListItem\",\"position\":1,\"name\":\"Portada\",\"item\":\"https:\\\/\\\/oncubanews.com\\\/en\\\/\"},{\"@type\":\"ListItem\",\"position\":2,\"name\":\"Manolo P\u00e9rez, defender of Cuban comics\"}]},{\"@type\":\"WebSite\",\"@id\":\"https:\\\/\\\/oncubanews.com\\\/en\\\/#website\",\"url\":\"https:\\\/\\\/oncubanews.com\\\/en\\\/\",\"name\":\"OnCubaNews English\",\"description\":\"Revista sobre Cuba\",\"potentialAction\":[{\"@type\":\"SearchAction\",\"target\":{\"@type\":\"EntryPoint\",\"urlTemplate\":\"https:\\\/\\\/oncubanews.com\\\/en\\\/?s={search_term_string}\"},\"query-input\":{\"@type\":\"PropertyValueSpecification\",\"valueRequired\":true,\"valueName\":\"search_term_string\"}}],\"inLanguage\":\"en-US\"},{\"@type\":\"Person\",\"@id\":\"https:\\\/\\\/oncubanews.com\\\/en\\\/#\\\/schema\\\/person\\\/2632811bb134892ebe0886ae216f79cc\",\"name\":\"Arturo Delgado Pruna\",\"image\":{\"@type\":\"ImageObject\",\"inLanguage\":\"en-US\",\"@id\":\"https:\\\/\\\/secure.gravatar.com\\\/avatar\\\/e65178b43ec3d6683d0d178bcc61621f3b2127b9e0be6a3ed536b7bce1bfa743?s=96&r=gab2b79995c10c4405015badb56237d76\",\"url\":\"https:\\\/\\\/secure.gravatar.com\\\/avatar\\\/e65178b43ec3d6683d0d178bcc61621f3b2127b9e0be6a3ed536b7bce1bfa743?s=96&r=g\",\"contentUrl\":\"https:\\\/\\\/secure.gravatar.com\\\/avatar\\\/e65178b43ec3d6683d0d178bcc61621f3b2127b9e0be6a3ed536b7bce1bfa743?s=96&r=g\",\"caption\":\"Arturo Delgado Pruna\"},\"url\":\"https:\\\/\\\/oncubanews.com\\\/en\\\/author\\\/arturo_delgado\\\/\"}]}<\/script>\n<!-- \/ Yoast SEO plugin. -->","yoast_head_json":{"title":"Manolo P\u00e9rez, defender of Cuban comics | OnCubaNews English","description":"At the beginning of August, a tireless Cuban cartoonist passed away in Havana. He was director of ICAIC's Animation Studios, a comic scriptwriter and editor of comic publications.","robots":{"index":"index","follow":"follow","max-snippet":"max-snippet:-1","max-image-preview":"max-image-preview:large","max-video-preview":"max-video-preview:-1"},"canonical":"https:\/\/oncubanews.com\/en\/culture\/manolo-perez-defender-of-cuban-comics\/","og_locale":"en_US","og_type":"article","og_title":"Manolo P\u00e9rez, defender of Cuban comics | OnCubaNews English","og_description":"At the beginning of August, a tireless Cuban cartoonist passed away in Havana. He was director of ICAIC's Animation Studios, a comic scriptwriter and editor of comic publications.","og_url":"https:\/\/oncubanews.com\/en\/culture\/manolo-perez-defender-of-cuban-comics\/","og_site_name":"OnCubaNews English","article_published_time":"2022-08-25T20:21:13+00:00","og_image":[{"width":750,"height":472,"url":"https:\/\/oncubanews.com\/en\/wp-content\/uploads\/2022\/08\/manolito-Perez-1020x642-1-750x472-1.jpg","type":"image\/jpeg"}],"author":"Arturo Delgado Pruna","twitter_card":"summary_large_image","twitter_misc":{"Written by":"Arturo Delgado Pruna","Est. reading time":"4 minutes"},"schema":{"@context":"https:\/\/schema.org","@graph":[{"@type":"Article","@id":"https:\/\/oncubanews.com\/en\/culture\/manolo-perez-defender-of-cuban-comics\/#article","isPartOf":{"@id":"https:\/\/oncubanews.com\/en\/culture\/manolo-perez-defender-of-cuban-comics\/"},"author":{"name":"Arturo Delgado Pruna","@id":"https:\/\/oncubanews.com\/en\/#\/schema\/person\/2632811bb134892ebe0886ae216f79cc"},"headline":"Manolo P\u00e9rez, defender of Cuban comics","datePublished":"2022-08-25T20:21:13+00:00","mainEntityOfPage":{"@id":"https:\/\/oncubanews.com\/en\/culture\/manolo-perez-defender-of-cuban-comics\/"},"wordCount":624,"commentCount":0,"image":{"@id":"https:\/\/oncubanews.com\/en\/culture\/manolo-perez-defender-of-cuban-comics\/#primaryimage"},"thumbnailUrl":"https:\/\/oncubanews.com\/en\/wp-content\/uploads\/2022\/08\/manolito-Perez-1020x642-1-750x472-1.jpg","keywords":["cartoon","Cuban comic book","visual arts in Cuba"],"articleSection":["Culture"],"inLanguage":"en-US","potentialAction":[{"@type":"CommentAction","name":"Comment","target":["https:\/\/oncubanews.com\/en\/culture\/manolo-perez-defender-of-cuban-comics\/#respond"]}],"copyrightYear":"2022","copyrightHolder":{"@id":"https:\/\/oncubanews.com\/en\/#organization"}},{"@type":"WebPage","@id":"https:\/\/oncubanews.com\/en\/culture\/manolo-perez-defender-of-cuban-comics\/","url":"https:\/\/oncubanews.com\/en\/culture\/manolo-perez-defender-of-cuban-comics\/","name":"Manolo P\u00e9rez, defender of Cuban comics | OnCubaNews English","isPartOf":{"@id":"https:\/\/oncubanews.com\/en\/#website"},"primaryImageOfPage":{"@id":"https:\/\/oncubanews.com\/en\/culture\/manolo-perez-defender-of-cuban-comics\/#primaryimage"},"image":{"@id":"https:\/\/oncubanews.com\/en\/culture\/manolo-perez-defender-of-cuban-comics\/#primaryimage"},"thumbnailUrl":"https:\/\/oncubanews.com\/en\/wp-content\/uploads\/2022\/08\/manolito-Perez-1020x642-1-750x472-1.jpg","datePublished":"2022-08-25T20:21:13+00:00","author":{"@id":"https:\/\/oncubanews.com\/en\/#\/schema\/person\/2632811bb134892ebe0886ae216f79cc"},"description":"At the beginning of August, a tireless Cuban cartoonist passed away in Havana. He was director of ICAIC's Animation Studios, a comic scriptwriter and editor of comic publications.","breadcrumb":{"@id":"https:\/\/oncubanews.com\/en\/culture\/manolo-perez-defender-of-cuban-comics\/#breadcrumb"},"inLanguage":"en-US","potentialAction":[{"@type":"ReadAction","target":["https:\/\/oncubanews.com\/en\/culture\/manolo-perez-defender-of-cuban-comics\/"]}]},{"@type":"ImageObject","inLanguage":"en-US","@id":"https:\/\/oncubanews.com\/en\/culture\/manolo-perez-defender-of-cuban-comics\/#primaryimage","url":"https:\/\/oncubanews.com\/en\/wp-content\/uploads\/2022\/08\/manolito-Perez-1020x642-1-750x472-1.jpg","contentUrl":"https:\/\/oncubanews.com\/en\/wp-content\/uploads\/2022\/08\/manolito-Perez-1020x642-1-750x472-1.jpg","width":750,"height":472,"caption":"Manolo Perez (left). Photo: Taken from Cubaperiodistas."},{"@type":"BreadcrumbList","@id":"https:\/\/oncubanews.com\/en\/culture\/manolo-perez-defender-of-cuban-comics\/#breadcrumb","itemListElement":[{"@type":"ListItem","position":1,"name":"Portada","item":"https:\/\/oncubanews.com\/en\/"},{"@type":"ListItem","position":2,"name":"Manolo P\u00e9rez, defender of Cuban comics"}]},{"@type":"WebSite","@id":"https:\/\/oncubanews.com\/en\/#website","url":"https:\/\/oncubanews.com\/en\/","name":"OnCubaNews English","description":"Revista sobre Cuba","potentialAction":[{"@type":"SearchAction","target":{"@type":"EntryPoint","urlTemplate":"https:\/\/oncubanews.com\/en\/?s={search_term_string}"},"query-input":{"@type":"PropertyValueSpecification","valueRequired":true,"valueName":"search_term_string"}}],"inLanguage":"en-US"},{"@type":"Person","@id":"https:\/\/oncubanews.com\/en\/#\/schema\/person\/2632811bb134892ebe0886ae216f79cc","name":"Arturo Delgado Pruna","image":{"@type":"ImageObject","inLanguage":"en-US","@id":"https:\/\/secure.gravatar.com\/avatar\/e65178b43ec3d6683d0d178bcc61621f3b2127b9e0be6a3ed536b7bce1bfa743?s=96&r=gab2b79995c10c4405015badb56237d76","url":"https:\/\/secure.gravatar.com\/avatar\/e65178b43ec3d6683d0d178bcc61621f3b2127b9e0be6a3ed536b7bce1bfa743?s=96&r=g","contentUrl":"https:\/\/secure.gravatar.com\/avatar\/e65178b43ec3d6683d0d178bcc61621f3b2127b9e0be6a3ed536b7bce1bfa743?s=96&r=g","caption":"Arturo Delgado Pruna"},"url":"https:\/\/oncubanews.com\/en\/author\/arturo_delgado\/"}]}},"authors":[{"term_id":33870,"user_id":3270,"is_guest":0,"slug":"arturo_delgado","display_name":"Arturo Delgado Pruna","avatar_url":"https:\/\/secure.gravatar.com\/avatar\/e65178b43ec3d6683d0d178bcc61621f3b2127b9e0be6a3ed536b7bce1bfa743?s=96&r=g","0":null,"1":"","2":"","3":"","4":"","5":"","6":"","7":"","8":""}],"_links":{"self":[{"href":"https:\/\/oncubanews.com\/en\/wp-json\/wp\/v2\/posts\/257008","targetHints":{"allow":["GET"]}}],"collection":[{"href":"https:\/\/oncubanews.com\/en\/wp-json\/wp\/v2\/posts"}],"about":[{"href":"https:\/\/oncubanews.com\/en\/wp-json\/wp\/v2\/types\/post"}],"author":[{"embeddable":true,"href":"https:\/\/oncubanews.com\/en\/wp-json\/wp\/v2\/users\/3270"}],"replies":[{"embeddable":true,"href":"https:\/\/oncubanews.com\/en\/wp-json\/wp\/v2\/comments?post=257008"}],"version-history":[{"count":2,"href":"https:\/\/oncubanews.com\/en\/wp-json\/wp\/v2\/posts\/257008\/revisions"}],"predecessor-version":[{"id":257015,"href":"https:\/\/oncubanews.com\/en\/wp-json\/wp\/v2\/posts\/257008\/revisions\/257015"}],"wp:featuredmedia":[{"embeddable":true,"href":"https:\/\/oncubanews.com\/en\/wp-json\/wp\/v2\/media\/257010"}],"wp:attachment":[{"href":"https:\/\/oncubanews.com\/en\/wp-json\/wp\/v2\/media?parent=257008"}],"wp:term":[{"taxonomy":"category","embeddable":true,"href":"https:\/\/oncubanews.com\/en\/wp-json\/wp\/v2\/categories?post=257008"},{"taxonomy":"post_tag","embeddable":true,"href":"https:\/\/oncubanews.com\/en\/wp-json\/wp\/v2\/tags?post=257008"},{"taxonomy":"author","embeddable":true,"href":"https:\/\/oncubanews.com\/en\/wp-json\/wp\/v2\/ppma_author?post=257008"}],"curies":[{"name":"wp","href":"https:\/\/api.w.org\/{rel}","templated":true}]}}