
{"id":257653,"date":"2022-09-11T14:05:59","date_gmt":"2022-09-11T18:05:59","guid":{"rendered":"https:\/\/oncubanews.com\/en\/?p=257653"},"modified":"2022-09-11T14:05:59","modified_gmt":"2022-09-11T18:05:59","slug":"can-cuba-retain-the-talents-of-the-last-u-15-world-cup","status":"publish","type":"post","link":"https:\/\/oncubanews.com\/en\/cuba\/sports-cuba\/can-cuba-retain-the-talents-of-the-last-u-15-world-cup\/","title":{"rendered":"Can Cuba retain the talents of the last U-15 World Cup?"},"content":{"rendered":"<p><span style=\"font-weight: 400;\">Twenty young Cuban baseball players altered the pulse of a nation with their great performance in the U-15 Baseball World Championship that ended last weekend in Hermosillo, Mexico, where the Cubans won the silver medal after losing by a minimum difference to the United States in the discussion for the crown.<\/span><\/p>\n<p><span style=\"font-weight: 400;\">Fighting spirit, courage and a lot of desire to have fun on the diamond were the game guidelines of the Caribbean team led by Alexander Urquiola, who managed to overcome the fifth place achieved in the previous edition of the competition, held four years ago in Panama.<\/span><\/p>\n<p><span style=\"font-weight: 400;\">The team knew how to decisively resolve most of the matches and fought to the death, even starring in some comebacks that restored the illusion of the Cuban fans. To add to the satisfaction, several players have shown that they have star caliber if they continue their rise and development.<\/span><\/p>\n<p><span style=\"font-weight: 400;\">For example, catcher Yadian Ruiz, third baseman Alejandro Cruz and reliever Daniel Reyes were included in the tournament\u2019s All Stars, while second baseman and center fielder Jonathan Valle deserved the award for best defensive player in the World Cup.<\/span><\/p>\n<p><span style=\"font-weight: 400;\">This remarkable performance confirmed Cuba\u2019s strength in the U-15 category, one of the few in which it has managed to remain a power in the midst of the structural and systemic crisis that baseball has been experiencing on the island for more than a decade. If we go to the results, in the last five editions of the U-15 World Cups, we have won two titles (2014 and 2016), two runners-up (2012 and 2022) and a fifth place in 2018.<\/span><\/p>\n<figure id=\"attachment_257657\" aria-describedby=\"caption-attachment-257657\" style=\"width: 1000px\" class=\"wp-caption aligncenter\"><a href=\"https:\/\/oncubanews.com\/en\/wp-content\/uploads\/2022\/09\/sub-15_1-1.jpg\"><img loading=\"lazy\" decoding=\"async\" class=\"wp-image-257657 size-full\" src=\"https:\/\/oncubanews.com\/en\/wp-content\/uploads\/2022\/09\/sub-15_1-1.jpg\" alt=\"\" width=\"1000\" height=\"750\" srcset=\"https:\/\/oncubanews.com\/en\/wp-content\/uploads\/2022\/09\/sub-15_1-1.jpg 1000w, https:\/\/oncubanews.com\/en\/wp-content\/uploads\/2022\/09\/sub-15_1-1-300x225.jpg 300w, https:\/\/oncubanews.com\/en\/wp-content\/uploads\/2022\/09\/sub-15_1-1-768x576.jpg 768w, https:\/\/oncubanews.com\/en\/wp-content\/uploads\/2022\/09\/sub-15_1-1-750x563.jpg 750w\" sizes=\"auto, (max-width: 1000px) 100vw, 1000px\" \/><\/a><figcaption id=\"caption-attachment-257657\" class=\"wp-caption-text\">The two defeats against the United States at the closing of the World Cup were hard for the Cuban team, although they never stopped fighting. Photo: Taken from JIT.<\/figcaption><\/figure>\n<p><span style=\"font-weight: 400;\">However, there is a negative point linked to these teams: of the 80 players who participated in the World Cups from 2012 to 2018, 58.7% (47) have left the country. Let\u2019s see in more details.<\/span><\/p>\n<p><span style=\"font-weight: 400;\">* 2012 U-15 World Cup: 12 of the team\u2019s 20 players have left the country. At least nine of them went on to sign professional contracts with Major League organizations. Johan Oviedo, Yordan \u00c1lvarez and Luis Robert have already debuted in MLB.<\/span><\/p>\n<p><span style=\"font-weight: 400;\">* 2014 U-15 World Cup: 11 of the team\u2019s 20 players have left the country. At least seven went on to sign professional contracts with Major League organizations. Pitcher Adri\u00e1n Morej\u00f3n and infielder Miguel Vargas have already made their MLB debuts. Of this 2014 team, one more player (Alfredo Fadraga) was banned for life just a few months ago, after he escaped from the U-23 team\u2019s concentration points at the Pan-American Mexico and was subsequently caught by local authorities.<\/span><\/p>\n<p><span style=\"font-weight: 400;\">* 2016 U-15 World Cup: 13 of the team\u2019s 20 players have left the country. At least ten went on to sign professional contracts with Major League organizations.<\/span><\/p>\n<p><span style=\"font-weight: 400;\">* 2018 U-15 World Cup. 11 of the 20 players no longer have ties to the Cuban sports movement, including an athlete (C\u00e9sar Yanquiel Hern\u00e1ndez) who asked for his dismissal in recent months. At least five players from this group have been regulated by the island\u2019s authorities and have been prevented from leaving the country legally.<\/span><\/p>\n<p><span style=\"font-weight: 400;\">From each of these World Cup editions there are relevant individual stories, very talented players who have managed to develop and multiply their value. As a relevant detail, most of these boys who have taken direct steps to stardom are outside of Cuba.<\/span><\/p>\n<p><span style=\"font-weight: 400;\">* Yordan \u00c1lvarez was the second batter with the best average (.571\/12 hits in 21 at-bats) and the leader in on-base average (.727) at the 2012 U-15 World Cup in Chihuahua, Mexico. He scored 14 runs, drove in ten and was named to the All-Star team for the event. Yordan left Cuba in 2016, signed with the Dodgers and shortly after was traded to the Astros, a franchise with which he has become one of the best hitters in the Major Leagues.<\/span><\/p>\n<p><span style=\"font-weight: 400;\">\/\/\/\/* Also in the 2012 World Cup, several Cuban players stood out among the most outstanding in the tournament, in which they won a silver medal. Pitcher Dannel D\u00edaz (leader in ERA) and position players Yordan \u00c1lvarez, Rangel Ramos and Camilo Quinteiro (slugging leader) made up the All Star of the event. In addition, Alejandro Rivero was the leading in RBI, Jos\u00e9 Amaury Noro\u00f1a was second in runs scored, Luis \u00c1ngel Ramos won two games and did not allow runs. Of these seven players, only Rangel Ramos continues to play in the National Series.<\/span><\/p>\n<p><span style=\"font-weight: 400;\">* L\u00e1zaro Armenteros was the leader in triples and slugging at the 2014 U-15 World Cup, held in Sinaloa, Mexico. Considered one of the best prospects in baseball, he left Cuba in 2015 and the following year he signed with the Oakland Athletics, a franchise in which he remains as a minor league player.<\/span><\/p>\n<p><span style=\"font-weight: 400;\">* Adri\u00e1n Morej\u00f3n had 24 strikeouts in 22 innings of work and led all pitchers at the 2014 U-15 World Cup in these departments. In addition, he was the winner of the gold medal match against the United States and took the honors as the Most Valuable Player of the tournament. The left-hander left Cuba in 2015 and the following year he signed with the San Diego Padres, a franchise with which he continues to pitch in MLB.<\/span><\/p>\n<p><span style=\"font-weight: 400;\">* Ernesto Mart\u00ednez Jr. and Miguel Antonio Vargas were two of the Cuban offensive pillars in the 2014 World Cup. The man from Holguin finished as the leader in doubles, second in hits and home runs and third in RBIs, while the man from the capital scored 15 times (third in the event ) and only struck out three times in 37 official at-bats. Mart\u00ednez Jr. plays today in the branches of the Milwaukee Brewers and Vargas, the third most valued prospect in the Dodgers, has already made his MLB debut.<\/span><\/p>\n<figure id=\"attachment_257658\" aria-describedby=\"caption-attachment-257658\" style=\"width: 1400px\" class=\"wp-caption aligncenter\"><a href=\"https:\/\/oncubanews.com\/en\/wp-content\/uploads\/2022\/09\/1412781276-1.jpg\"><img loading=\"lazy\" decoding=\"async\" class=\"wp-image-257658 size-full\" src=\"https:\/\/oncubanews.com\/en\/wp-content\/uploads\/2022\/09\/1412781276-1.jpg\" alt=\"\" width=\"1400\" height=\"1400\" srcset=\"https:\/\/oncubanews.com\/en\/wp-content\/uploads\/2022\/09\/1412781276-1.jpg 1400w, https:\/\/oncubanews.com\/en\/wp-content\/uploads\/2022\/09\/1412781276-1-300x300.jpg 300w, https:\/\/oncubanews.com\/en\/wp-content\/uploads\/2022\/09\/1412781276-1-1024x1024.jpg 1024w, https:\/\/oncubanews.com\/en\/wp-content\/uploads\/2022\/09\/1412781276-1-150x150.jpg 150w, https:\/\/oncubanews.com\/en\/wp-content\/uploads\/2022\/09\/1412781276-1-768x768.jpg 768w, https:\/\/oncubanews.com\/en\/wp-content\/uploads\/2022\/09\/1412781276-1-75x75.jpg 75w, https:\/\/oncubanews.com\/en\/wp-content\/uploads\/2022\/09\/1412781276-1-350x350.jpg 350w, https:\/\/oncubanews.com\/en\/wp-content\/uploads\/2022\/09\/1412781276-1-750x750.jpg 750w, https:\/\/oncubanews.com\/en\/wp-content\/uploads\/2022\/09\/1412781276-1-1140x1140.jpg 1140w\" sizes=\"auto, (max-width: 1400px) 100vw, 1400px\" \/><\/a><figcaption id=\"caption-attachment-257658\" class=\"wp-caption-text\">Miguel Vargas made his MLB debut in 2022. Photo: Ezra Shaw\/Getty Images.<\/figcaption><\/figure>\n<p><span style=\"font-weight: 400;\">* Malcom N\u00fa\u00f1ez was the leading hitter (.613\/19 hits in 31 at-bats) at the 2016 U-15 World Cup in Iwaki, Japan. He has been playing professionally in the United States since he was 18, and this season he has 21 home runs and 80 RBIs with the Double-A branches of St. Louis and Pittsburgh.<\/span><\/p>\n<p><span style=\"font-weight: 400;\">* Of the top five strikeouts in the 2016 U-15 World Cup, four were Cuban. Edgar Alberto Mart\u00ednez (20), Osiel Rodr\u00edguez (14), Franny Cobos (13) and Ubert Luis Mej\u00edas (13) culminated in the leading positions in this important section. All four left the country and three of them (Edgar, Osiel and Cobos) managed to sign with Major League organizations.<\/span><\/p>\n<p><span style=\"font-weight: 400;\">* Catcher Edgar Yoel Quero was the player with the third highest on-base percentage in the 2018 U-15 World Cup. A switch hitter who is only 19 years old, he is now the third highest-ranked prospect in the Los Angeles Angels, the franchise with which he signed in February 2021. From this team, shortstop Dyan Yamel Jorge also obtained a professional contract with the Colorado Rockies and they rank him as the organization\u2019s 15th prospect.<\/span><\/p>\n<p><span style=\"font-weight: 400;\">* Frank David Gonz\u00e1lez was one of the most consistent Cuban hitters in the 2018 World Cup. He led the team in triples, RBIs and runs scored and finished second in slugging, only surpassed by Kevin Alcolea. Coincidentally, these two players are among the few ranked talents that remain in Cuba, although reports from various sources indicate that they have been regulated and are not allowed to leave the country legally.<\/span><\/p>\n<p><span style=\"font-weight: 400;\">These little capsules leave us with a very clear message: Cuba has not been able to retain its main talents during the last decade. The most worrying thing is that there are no signs that it can do it now with the new generation that has triumphed in Hermosillo, where they achieved one of the most outstanding results for baseball on the Island in any category in recent years.<\/span><\/p>\n<p><span style=\"font-weight: 400;\">In fact, several players who belong to this generation and who were part of the national team at the U-12 World Cup in 2019 are no longer in Cuba, according to data from colleague Francys Romero. Such are the cases of the prospects Cristian S\u00e1ez and Johan Rodr\u00edguez, included in the All Stars of the aforementioned world event in Chinese Taipei three years ago.<\/span><\/p>\n<p><span style=\"font-weight: 400;\">Perhaps this may seem like a pessimistic message in the midst of the celebrations for the world subtitle, but the critical gaze must prevail in the analysis of Cuban baseball if we want to maintain an ascending line of development. The triumphalism and the apparent respite after a victory has already given us enough sticks so that we sit down now to gloat.<\/span><\/p>\n<p><span style=\"font-weight: 400;\">For the national sports entity, the only thing that can change the current scenario is to renegotiate with the Major Leagues in order to achieve a new agreement that regulates the flow of baseball players from the Island to the United States and, therefore, slow down to some extent the Exodus.<\/span><\/p>\n<p><span style=\"font-weight: 400;\">It\u2019s easy to say, but there are many obstacles on the way to achieving the goal, the same ones that forced the cancellation of the previous Agreement in April 2019. One of the main arguments that MLB used three years ago to dismantle the pact that would open the doors to the signing of West Indian players without the need to leave the country, was that the Cuban Federation (FCB) maintained ties with the government of the Island.<\/span><\/p>\n<p><span style=\"font-weight: 400;\">So far, we do not know if there are ongoing negotiations and if the status of FCB as a non-governmental organization is still on the table as the main problem to be solved, but we do know that the future of the recent world runners-up in the U-15 category it is totally conditioned to the revival of the agreement.<\/span><\/p>\n<p><span style=\"font-weight: 400;\">We could theorize in endless pages about the measures to be taken internally that contribute to the development of these boys, but without an Agreement that offers them options to negotiate with Major League organizations, it will be impossible to keep them on the Island. In the current circumstances , Cuba cannot compete with the economic offers and with the possibilities of professional advancement that appear in the Major Leagues.<\/span><\/p>\n","protected":false},"excerpt":{"rendered":"<p>Of the 80 players who represented Cuba in the U-15 World Cups held between 2012 and 2018, more than half have left the country and many have signed professional contracts with Major League organizations.<\/p>\n","protected":false},"author":3602,"featured_media":257656,"comment_status":"open","ping_status":"closed","sticky":false,"template":"","format":"standard","meta":{"_acf_changed":false,"footnotes":""},"categories":[33528],"tags":[14947],"ppma_author":[34019],"class_list":["post-257653","post","type-post","status-publish","format-standard","has-post-thumbnail","hentry","category-sports-cuba","tag-cuban-baseball"],"acf":[],"yoast_head":"<!-- This site is optimized with the Yoast SEO plugin v27.3 - https:\/\/yoast.com\/product\/yoast-seo-wordpress\/ -->\n<title>Can Cuba retain the talents of the last U-15 World Cup? | OnCubaNews English<\/title>\n<meta name=\"description\" content=\"Of the 80 players who represented Cuba in the U-15 World Cups held between 2012 and 2018, more than half have left the country and many have signed professional contracts with Major League organizations.\" \/>\n<meta name=\"robots\" content=\"index, follow, max-snippet:-1, max-image-preview:large, max-video-preview:-1\" \/>\n<link rel=\"canonical\" href=\"https:\/\/oncubanews.com\/en\/cuba\/sports-cuba\/can-cuba-retain-the-talents-of-the-last-u-15-world-cup\/\" \/>\n<meta property=\"og:locale\" content=\"en_US\" \/>\n<meta property=\"og:type\" content=\"article\" \/>\n<meta property=\"og:title\" content=\"Can Cuba retain the talents of the last U-15 World Cup? | OnCubaNews English\" \/>\n<meta property=\"og:description\" content=\"Of the 80 players who represented Cuba in the U-15 World Cups held between 2012 and 2018, more than half have left the country and many have signed professional contracts with Major League organizations.\" \/>\n<meta property=\"og:url\" content=\"https:\/\/oncubanews.com\/en\/cuba\/sports-cuba\/can-cuba-retain-the-talents-of-the-last-u-15-world-cup\/\" \/>\n<meta property=\"og:site_name\" content=\"OnCubaNews English\" \/>\n<meta property=\"article:published_time\" content=\"2022-09-11T18:05:59+00:00\" \/>\n<meta property=\"og:image\" content=\"https:\/\/oncubanews.com\/en\/wp-content\/uploads\/2022\/09\/sub-15-750x563-1.jpg\" \/>\n\t<meta property=\"og:image:width\" content=\"750\" \/>\n\t<meta property=\"og:image:height\" content=\"563\" \/>\n\t<meta property=\"og:image:type\" content=\"image\/jpeg\" \/>\n<meta name=\"author\" content=\"Aliet Arzola Lima\" \/>\n<meta name=\"twitter:card\" content=\"summary_large_image\" \/>\n<meta name=\"twitter:label1\" content=\"Written by\" \/>\n\t<meta name=\"twitter:data1\" content=\"Aliet Arzola Lima\" \/>\n\t<meta name=\"twitter:label2\" content=\"Est. reading time\" \/>\n\t<meta name=\"twitter:data2\" content=\"8 minutes\" \/>\n<script type=\"application\/ld+json\" class=\"yoast-schema-graph\">{\"@context\":\"https:\\\/\\\/schema.org\",\"@graph\":[{\"@type\":\"Article\",\"@id\":\"https:\\\/\\\/oncubanews.com\\\/en\\\/cuba\\\/sports-cuba\\\/can-cuba-retain-the-talents-of-the-last-u-15-world-cup\\\/#article\",\"isPartOf\":{\"@id\":\"https:\\\/\\\/oncubanews.com\\\/en\\\/cuba\\\/sports-cuba\\\/can-cuba-retain-the-talents-of-the-last-u-15-world-cup\\\/\"},\"author\":{\"name\":\"Aliet Arzola Lima\",\"@id\":\"https:\\\/\\\/oncubanews.com\\\/en\\\/#\\\/schema\\\/person\\\/717312a63c5d9bb36b0bc07f31bbdb23\"},\"headline\":\"Can Cuba retain the talents of the last U-15 World Cup?\",\"datePublished\":\"2022-09-11T18:05:59+00:00\",\"mainEntityOfPage\":{\"@id\":\"https:\\\/\\\/oncubanews.com\\\/en\\\/cuba\\\/sports-cuba\\\/can-cuba-retain-the-talents-of-the-last-u-15-world-cup\\\/\"},\"wordCount\":1685,\"commentCount\":0,\"image\":{\"@id\":\"https:\\\/\\\/oncubanews.com\\\/en\\\/cuba\\\/sports-cuba\\\/can-cuba-retain-the-talents-of-the-last-u-15-world-cup\\\/#primaryimage\"},\"thumbnailUrl\":\"https:\\\/\\\/oncubanews.com\\\/en\\\/wp-content\\\/uploads\\\/2022\\\/09\\\/sub-15-750x563-1.jpg\",\"keywords\":[\"Cuban baseball\"],\"articleSection\":[\"Sports\"],\"inLanguage\":\"en-US\",\"potentialAction\":[{\"@type\":\"CommentAction\",\"name\":\"Comment\",\"target\":[\"https:\\\/\\\/oncubanews.com\\\/en\\\/cuba\\\/sports-cuba\\\/can-cuba-retain-the-talents-of-the-last-u-15-world-cup\\\/#respond\"]}],\"copyrightYear\":\"2022\",\"copyrightHolder\":{\"@id\":\"https:\\\/\\\/oncubanews.com\\\/en\\\/#organization\"}},{\"@type\":\"WebPage\",\"@id\":\"https:\\\/\\\/oncubanews.com\\\/en\\\/cuba\\\/sports-cuba\\\/can-cuba-retain-the-talents-of-the-last-u-15-world-cup\\\/\",\"url\":\"https:\\\/\\\/oncubanews.com\\\/en\\\/cuba\\\/sports-cuba\\\/can-cuba-retain-the-talents-of-the-last-u-15-world-cup\\\/\",\"name\":\"Can Cuba retain the talents of the last U-15 World Cup? | OnCubaNews English\",\"isPartOf\":{\"@id\":\"https:\\\/\\\/oncubanews.com\\\/en\\\/#website\"},\"primaryImageOfPage\":{\"@id\":\"https:\\\/\\\/oncubanews.com\\\/en\\\/cuba\\\/sports-cuba\\\/can-cuba-retain-the-talents-of-the-last-u-15-world-cup\\\/#primaryimage\"},\"image\":{\"@id\":\"https:\\\/\\\/oncubanews.com\\\/en\\\/cuba\\\/sports-cuba\\\/can-cuba-retain-the-talents-of-the-last-u-15-world-cup\\\/#primaryimage\"},\"thumbnailUrl\":\"https:\\\/\\\/oncubanews.com\\\/en\\\/wp-content\\\/uploads\\\/2022\\\/09\\\/sub-15-750x563-1.jpg\",\"datePublished\":\"2022-09-11T18:05:59+00:00\",\"author\":{\"@id\":\"https:\\\/\\\/oncubanews.com\\\/en\\\/#\\\/schema\\\/person\\\/717312a63c5d9bb36b0bc07f31bbdb23\"},\"description\":\"Of the 80 players who represented Cuba in the U-15 World Cups held between 2012 and 2018, more than half have left the country and many have signed professional contracts with Major League organizations.\",\"breadcrumb\":{\"@id\":\"https:\\\/\\\/oncubanews.com\\\/en\\\/cuba\\\/sports-cuba\\\/can-cuba-retain-the-talents-of-the-last-u-15-world-cup\\\/#breadcrumb\"},\"inLanguage\":\"en-US\",\"potentialAction\":[{\"@type\":\"ReadAction\",\"target\":[\"https:\\\/\\\/oncubanews.com\\\/en\\\/cuba\\\/sports-cuba\\\/can-cuba-retain-the-talents-of-the-last-u-15-world-cup\\\/\"]}]},{\"@type\":\"ImageObject\",\"inLanguage\":\"en-US\",\"@id\":\"https:\\\/\\\/oncubanews.com\\\/en\\\/cuba\\\/sports-cuba\\\/can-cuba-retain-the-talents-of-the-last-u-15-world-cup\\\/#primaryimage\",\"url\":\"https:\\\/\\\/oncubanews.com\\\/en\\\/wp-content\\\/uploads\\\/2022\\\/09\\\/sub-15-750x563-1.jpg\",\"contentUrl\":\"https:\\\/\\\/oncubanews.com\\\/en\\\/wp-content\\\/uploads\\\/2022\\\/09\\\/sub-15-750x563-1.jpg\",\"width\":750,\"height\":563,\"caption\":\"Cuba has a new generation of talent that will be difficult to retain in the current circumstances. Photo: Taken from JIT.\"},{\"@type\":\"BreadcrumbList\",\"@id\":\"https:\\\/\\\/oncubanews.com\\\/en\\\/cuba\\\/sports-cuba\\\/can-cuba-retain-the-talents-of-the-last-u-15-world-cup\\\/#breadcrumb\",\"itemListElement\":[{\"@type\":\"ListItem\",\"position\":1,\"name\":\"Portada\",\"item\":\"https:\\\/\\\/oncubanews.com\\\/en\\\/\"},{\"@type\":\"ListItem\",\"position\":2,\"name\":\"Can Cuba retain the talents of the last U-15 World Cup?\"}]},{\"@type\":\"WebSite\",\"@id\":\"https:\\\/\\\/oncubanews.com\\\/en\\\/#website\",\"url\":\"https:\\\/\\\/oncubanews.com\\\/en\\\/\",\"name\":\"OnCubaNews English\",\"description\":\"Revista sobre Cuba\",\"potentialAction\":[{\"@type\":\"SearchAction\",\"target\":{\"@type\":\"EntryPoint\",\"urlTemplate\":\"https:\\\/\\\/oncubanews.com\\\/en\\\/?s={search_term_string}\"},\"query-input\":{\"@type\":\"PropertyValueSpecification\",\"valueRequired\":true,\"valueName\":\"search_term_string\"}}],\"inLanguage\":\"en-US\"},{\"@type\":\"Person\",\"@id\":\"https:\\\/\\\/oncubanews.com\\\/en\\\/#\\\/schema\\\/person\\\/717312a63c5d9bb36b0bc07f31bbdb23\",\"name\":\"Aliet Arzola Lima\",\"image\":{\"@type\":\"ImageObject\",\"inLanguage\":\"en-US\",\"@id\":\"https:\\\/\\\/secure.gravatar.com\\\/avatar\\\/e40afd5dbfcceb69afecea510774ca658c11daccc08569adc648ec2f5ff5ee64?s=96&r=gfdadef7cbf62d8a9fe166abafaeeda67\",\"url\":\"https:\\\/\\\/secure.gravatar.com\\\/avatar\\\/e40afd5dbfcceb69afecea510774ca658c11daccc08569adc648ec2f5ff5ee64?s=96&r=g\",\"contentUrl\":\"https:\\\/\\\/secure.gravatar.com\\\/avatar\\\/e40afd5dbfcceb69afecea510774ca658c11daccc08569adc648ec2f5ff5ee64?s=96&r=g\",\"caption\":\"Aliet Arzola Lima\"},\"description\":\"---\",\"url\":\"https:\\\/\\\/oncubanews.com\\\/en\\\/author\\\/aliet-arzola\\\/\"}]}<\/script>\n<!-- \/ Yoast SEO plugin. -->","yoast_head_json":{"title":"Can Cuba retain the talents of the last U-15 World Cup? | OnCubaNews English","description":"Of the 80 players who represented Cuba in the U-15 World Cups held between 2012 and 2018, more than half have left the country and many have signed professional contracts with Major League organizations.","robots":{"index":"index","follow":"follow","max-snippet":"max-snippet:-1","max-image-preview":"max-image-preview:large","max-video-preview":"max-video-preview:-1"},"canonical":"https:\/\/oncubanews.com\/en\/cuba\/sports-cuba\/can-cuba-retain-the-talents-of-the-last-u-15-world-cup\/","og_locale":"en_US","og_type":"article","og_title":"Can Cuba retain the talents of the last U-15 World Cup? | OnCubaNews English","og_description":"Of the 80 players who represented Cuba in the U-15 World Cups held between 2012 and 2018, more than half have left the country and many have signed professional contracts with Major League organizations.","og_url":"https:\/\/oncubanews.com\/en\/cuba\/sports-cuba\/can-cuba-retain-the-talents-of-the-last-u-15-world-cup\/","og_site_name":"OnCubaNews English","article_published_time":"2022-09-11T18:05:59+00:00","og_image":[{"width":750,"height":563,"url":"https:\/\/oncubanews.com\/en\/wp-content\/uploads\/2022\/09\/sub-15-750x563-1.jpg","type":"image\/jpeg"}],"author":"Aliet Arzola Lima","twitter_card":"summary_large_image","twitter_misc":{"Written by":"Aliet Arzola Lima","Est. reading time":"8 minutes"},"schema":{"@context":"https:\/\/schema.org","@graph":[{"@type":"Article","@id":"https:\/\/oncubanews.com\/en\/cuba\/sports-cuba\/can-cuba-retain-the-talents-of-the-last-u-15-world-cup\/#article","isPartOf":{"@id":"https:\/\/oncubanews.com\/en\/cuba\/sports-cuba\/can-cuba-retain-the-talents-of-the-last-u-15-world-cup\/"},"author":{"name":"Aliet Arzola Lima","@id":"https:\/\/oncubanews.com\/en\/#\/schema\/person\/717312a63c5d9bb36b0bc07f31bbdb23"},"headline":"Can Cuba retain the talents of the last U-15 World Cup?","datePublished":"2022-09-11T18:05:59+00:00","mainEntityOfPage":{"@id":"https:\/\/oncubanews.com\/en\/cuba\/sports-cuba\/can-cuba-retain-the-talents-of-the-last-u-15-world-cup\/"},"wordCount":1685,"commentCount":0,"image":{"@id":"https:\/\/oncubanews.com\/en\/cuba\/sports-cuba\/can-cuba-retain-the-talents-of-the-last-u-15-world-cup\/#primaryimage"},"thumbnailUrl":"https:\/\/oncubanews.com\/en\/wp-content\/uploads\/2022\/09\/sub-15-750x563-1.jpg","keywords":["Cuban baseball"],"articleSection":["Sports"],"inLanguage":"en-US","potentialAction":[{"@type":"CommentAction","name":"Comment","target":["https:\/\/oncubanews.com\/en\/cuba\/sports-cuba\/can-cuba-retain-the-talents-of-the-last-u-15-world-cup\/#respond"]}],"copyrightYear":"2022","copyrightHolder":{"@id":"https:\/\/oncubanews.com\/en\/#organization"}},{"@type":"WebPage","@id":"https:\/\/oncubanews.com\/en\/cuba\/sports-cuba\/can-cuba-retain-the-talents-of-the-last-u-15-world-cup\/","url":"https:\/\/oncubanews.com\/en\/cuba\/sports-cuba\/can-cuba-retain-the-talents-of-the-last-u-15-world-cup\/","name":"Can Cuba retain the talents of the last U-15 World Cup? | OnCubaNews English","isPartOf":{"@id":"https:\/\/oncubanews.com\/en\/#website"},"primaryImageOfPage":{"@id":"https:\/\/oncubanews.com\/en\/cuba\/sports-cuba\/can-cuba-retain-the-talents-of-the-last-u-15-world-cup\/#primaryimage"},"image":{"@id":"https:\/\/oncubanews.com\/en\/cuba\/sports-cuba\/can-cuba-retain-the-talents-of-the-last-u-15-world-cup\/#primaryimage"},"thumbnailUrl":"https:\/\/oncubanews.com\/en\/wp-content\/uploads\/2022\/09\/sub-15-750x563-1.jpg","datePublished":"2022-09-11T18:05:59+00:00","author":{"@id":"https:\/\/oncubanews.com\/en\/#\/schema\/person\/717312a63c5d9bb36b0bc07f31bbdb23"},"description":"Of the 80 players who represented Cuba in the U-15 World Cups held between 2012 and 2018, more than half have left the country and many have signed professional contracts with Major League organizations.","breadcrumb":{"@id":"https:\/\/oncubanews.com\/en\/cuba\/sports-cuba\/can-cuba-retain-the-talents-of-the-last-u-15-world-cup\/#breadcrumb"},"inLanguage":"en-US","potentialAction":[{"@type":"ReadAction","target":["https:\/\/oncubanews.com\/en\/cuba\/sports-cuba\/can-cuba-retain-the-talents-of-the-last-u-15-world-cup\/"]}]},{"@type":"ImageObject","inLanguage":"en-US","@id":"https:\/\/oncubanews.com\/en\/cuba\/sports-cuba\/can-cuba-retain-the-talents-of-the-last-u-15-world-cup\/#primaryimage","url":"https:\/\/oncubanews.com\/en\/wp-content\/uploads\/2022\/09\/sub-15-750x563-1.jpg","contentUrl":"https:\/\/oncubanews.com\/en\/wp-content\/uploads\/2022\/09\/sub-15-750x563-1.jpg","width":750,"height":563,"caption":"Cuba has a new generation of talent that will be difficult to retain in the current circumstances. Photo: Taken from JIT."},{"@type":"BreadcrumbList","@id":"https:\/\/oncubanews.com\/en\/cuba\/sports-cuba\/can-cuba-retain-the-talents-of-the-last-u-15-world-cup\/#breadcrumb","itemListElement":[{"@type":"ListItem","position":1,"name":"Portada","item":"https:\/\/oncubanews.com\/en\/"},{"@type":"ListItem","position":2,"name":"Can Cuba retain the talents of the last U-15 World Cup?"}]},{"@type":"WebSite","@id":"https:\/\/oncubanews.com\/en\/#website","url":"https:\/\/oncubanews.com\/en\/","name":"OnCubaNews English","description":"Revista sobre Cuba","potentialAction":[{"@type":"SearchAction","target":{"@type":"EntryPoint","urlTemplate":"https:\/\/oncubanews.com\/en\/?s={search_term_string}"},"query-input":{"@type":"PropertyValueSpecification","valueRequired":true,"valueName":"search_term_string"}}],"inLanguage":"en-US"},{"@type":"Person","@id":"https:\/\/oncubanews.com\/en\/#\/schema\/person\/717312a63c5d9bb36b0bc07f31bbdb23","name":"Aliet Arzola Lima","image":{"@type":"ImageObject","inLanguage":"en-US","@id":"https:\/\/secure.gravatar.com\/avatar\/e40afd5dbfcceb69afecea510774ca658c11daccc08569adc648ec2f5ff5ee64?s=96&r=gfdadef7cbf62d8a9fe166abafaeeda67","url":"https:\/\/secure.gravatar.com\/avatar\/e40afd5dbfcceb69afecea510774ca658c11daccc08569adc648ec2f5ff5ee64?s=96&r=g","contentUrl":"https:\/\/secure.gravatar.com\/avatar\/e40afd5dbfcceb69afecea510774ca658c11daccc08569adc648ec2f5ff5ee64?s=96&r=g","caption":"Aliet Arzola Lima"},"description":"---","url":"https:\/\/oncubanews.com\/en\/author\/aliet-arzola\/"}]}},"authors":[{"term_id":34019,"user_id":3602,"is_guest":0,"slug":"aliet-arzola","display_name":"Aliet Arzola Lima","avatar_url":"https:\/\/secure.gravatar.com\/avatar\/e40afd5dbfcceb69afecea510774ca658c11daccc08569adc648ec2f5ff5ee64?s=96&r=g","0":null,"1":"","2":"","3":"","4":"","5":"","6":"","7":"","8":""}],"_links":{"self":[{"href":"https:\/\/oncubanews.com\/en\/wp-json\/wp\/v2\/posts\/257653","targetHints":{"allow":["GET"]}}],"collection":[{"href":"https:\/\/oncubanews.com\/en\/wp-json\/wp\/v2\/posts"}],"about":[{"href":"https:\/\/oncubanews.com\/en\/wp-json\/wp\/v2\/types\/post"}],"author":[{"embeddable":true,"href":"https:\/\/oncubanews.com\/en\/wp-json\/wp\/v2\/users\/3602"}],"replies":[{"embeddable":true,"href":"https:\/\/oncubanews.com\/en\/wp-json\/wp\/v2\/comments?post=257653"}],"version-history":[{"count":2,"href":"https:\/\/oncubanews.com\/en\/wp-json\/wp\/v2\/posts\/257653\/revisions"}],"predecessor-version":[{"id":257659,"href":"https:\/\/oncubanews.com\/en\/wp-json\/wp\/v2\/posts\/257653\/revisions\/257659"}],"wp:featuredmedia":[{"embeddable":true,"href":"https:\/\/oncubanews.com\/en\/wp-json\/wp\/v2\/media\/257656"}],"wp:attachment":[{"href":"https:\/\/oncubanews.com\/en\/wp-json\/wp\/v2\/media?parent=257653"}],"wp:term":[{"taxonomy":"category","embeddable":true,"href":"https:\/\/oncubanews.com\/en\/wp-json\/wp\/v2\/categories?post=257653"},{"taxonomy":"post_tag","embeddable":true,"href":"https:\/\/oncubanews.com\/en\/wp-json\/wp\/v2\/tags?post=257653"},{"taxonomy":"author","embeddable":true,"href":"https:\/\/oncubanews.com\/en\/wp-json\/wp\/v2\/ppma_author?post=257653"}],"curies":[{"name":"wp","href":"https:\/\/api.w.org\/{rel}","templated":true}]}}