
{"id":259995,"date":"2022-11-07T17:16:30","date_gmt":"2022-11-07T22:16:30","guid":{"rendered":"https:\/\/oncubanews.com\/en\/?p=259995"},"modified":"2022-11-07T17:16:30","modified_gmt":"2022-11-07T22:16:30","slug":"juan-antonio-garcia-borrero-god-laughs-at-us-when-he-sees-us-think","status":"publish","type":"post","link":"https:\/\/oncubanews.com\/en\/culture\/juan-antonio-garcia-borrero-god-laughs-at-us-when-he-sees-us-think\/","title":{"rendered":"Juan Antonio Garc\u00eda Borrero: \u201cGod laughs at us when he sees us think\u201d"},"content":{"rendered":"<p>Juan Antonio knows everything about Cuban cinema. Or almost everything: for example, he does not remember the name of each one of the projectionists who have passed through the Yara movie theater since its foundation, nor the price of popcorn in the 1950s, when this imposing installation was called Radiocentro. About everything else, you can ask him.<\/p>\n<p>Between 1993 and 2015 he coordinated the National Workshops on Film Criticism, the most important theoretical event for specialists in the sector. In his curricular synthesis it is stated that the <em>Gu\u00eda cr\u00edtica del cine cubano de ficci\u00f3n<\/em>, of his authorship, \u201cis considered at the moment the most ambitious research on the seventh art on the island, registering for the first time in a volume the silent production, pre-revolutionary and revolutionary talky, including the productions of the creative film clubs, the Film Workshop of the Hermanos Sa\u00edz Association, the San Antonio de los Ba\u00f1os International Film School, the Film Studios of the Revolutionary Armed Forces, the Film Studios of Television, among others.\u201d This volume earned him the Literary Critics Award in 2002, an award that he would receive again in 2004 for the book <em>La edad de la herej\u00eda<\/em>; and in 2010, for <em>Otras maneras de pensar el cine cubano<\/em>.<\/p>\n<p>Juani is a lovable guy, easily accessible and, at the same time, a solid intellectual and a thinker of the national reality. In 2006, the Fundaci\u00f3n Carolina de Madrid awarded him one of the prizes it allocates to Latin America to support its research. For his part, the Alejo Carpentier Foundation awarded him the Raz\u00f3n de ser Award for his Tom\u00e1s Guti\u00e9rrez Alea biography project, a text that, perfectionist as he is, he has not finished delivering to the print shop.<\/p>\n<p>Otherwise, Juan Antonio Garc\u00eda Borrero (1964) lives and works in Camag\u00fcey, his hometown. Between blackouts and lines of many hours, he tries to continue his enormous tasks, convinced that safeguarding the history of Cuban cinema is his mission in life.<\/p>\n<p><strong><em>What is your professional training?<\/em><\/strong><\/p>\n<p>I have a Law Degree from the University of Camag\u00fcey. I graduated in 1987, but I did little practice as a lawyer, since in 1990 I started working at the Provincial Film Center of Camag\u00fcey, an institution where I still work. It seems incredible to me that I have remained in the same place for more than thirty years, especially in these times where labor nomadism is becoming more and more natural. Anyway, I have never renounced the career I studied. On the contrary. It has helped me a lot to defend my ideas and what I consider my rights.<\/p>\n<figure id=\"attachment_259998\" aria-describedby=\"caption-attachment-259998\" style=\"width: 355px\" class=\"wp-caption aligncenter\"><a href=\"https:\/\/oncubanews.com\/en\/wp-content\/uploads\/2022\/11\/1-1.jpg\"><img loading=\"lazy\" decoding=\"async\" class=\"wp-image-259998 size-full\" src=\"https:\/\/oncubanews.com\/en\/wp-content\/uploads\/2022\/11\/1-1.jpg\" alt=\"\" width=\"355\" height=\"532\" srcset=\"https:\/\/oncubanews.com\/en\/wp-content\/uploads\/2022\/11\/1-1.jpg 355w, https:\/\/oncubanews.com\/en\/wp-content\/uploads\/2022\/11\/1-1-200x300.jpg 200w\" sizes=\"auto, (max-width: 355px) 100vw, 355px\" \/><\/a><figcaption id=\"caption-attachment-259998\" class=\"wp-caption-text\">In Santa Clara, circa 2019. All photos have been taken from the Digital Encyclopedia of Cuban Audiovisual (ENDAC).<\/figcaption><\/figure>\n<p><strong><em>How did you discover cinema? How does this become passion, first; and then, field for the exercise of historiography and criticism?<\/em><\/strong><\/p>\n<p>I associate the discovery with my mother, who took me to the Teatro Principal in my city to see the film <em>The Vikings<\/em>, by Richard Fleischer. I guess there\u2019s a lot of fantasy in that, because before that I had to meet the matinee cartoons at the America movie theater. But the image of my mother accompanying me to see that movie by Kirk Douglas and Tony Curtis is recurrent. From then on, I remember everything as if I were living my own life sitting in a movie theater. I remember copying in the notebooks I used in the M\u00e1ximo G\u00f3mez B\u00e1ez Vocational School the titles of the movies I saw, with the names of the actors and actresses, which I learned by heart. One day I discovered that in the city there was a person named Luciano Castillo, who was in charge of something they called \u201ccinema club,\u201d and who wrote in the newspaper <em>Adelante<\/em> comments about the films that were projected in the Guerrero movie theater, as part of the cycles programmed by the Cinematheque of Cuba. That was essential for my training, no longer as a cinephile (which I had in my veins), but as someone who is interested in discovering just what is behind what that simple cinephilia does not let us see, because it is just emotion. Every time I have the opportunity I repeat it, because it is my way of showing gratitude: I have had four great teachers in this personal interest in building my own world when approaching the audiovisual phenomenon: Luciano Castillo, who introduced me to the universe of cinema as art; Julio Garc\u00eda-Espinosa, who planted in me the vice of rethinking everything based on critical thinking; Ana L\u00f3pez, who taught me that, beyond the island, there is a greater Cuba; and Desiderio Navarro, the person who most definitely encouraged me to take seriously the creative use of new technologies for cultural promotion.<\/p>\n<p><strong><em>What were the movie theaters like in your childhood? Any favorite one?<\/em><\/strong><\/p>\n<p>That question is cruel, because it reminds me that I was born into a world that no longer exists. I could describe what the movie theaters of my childhood were like in the physical order, but \u201cgoing to the movies\u201d (as my generation did) was much more than sitting in a dark room to enjoy a story. The movies, and this is something studied by the \u201cNew Cinema History\u201d and everything that has to do with the \u201cculture of the screen,\u201d were the great pretext for meeting friends and enemies in the same space, and, with the excuse of seeing a movie, fall in love, or show dislike for what we did not like. I feel that we were more \u201creal,\u201d and therefore closer to the real dramas that haunt us as individuals. In Camag\u00fcey, at the time I started working at the Provincial Film Center, nine movie theaters were still operating. My favorite was the Guerrero movie theater, because it was where the Cinematheque was programmed and, in general, art and essay cinema. Although going to Casablanca, when a movie was being released, was a real party, especially when the queues reached the other corner, as happened with <em>La Bella del Alhambra,<\/em> or before with <em>La vida sigue igual<\/em>, which perhaps is the most box-office film that has been shown in Camag\u00fcey.<\/p>\n<figure id=\"attachment_259999\" aria-describedby=\"caption-attachment-259999\" style=\"width: 683px\" class=\"wp-caption aligncenter\"><a href=\"https:\/\/oncubanews.com\/en\/wp-content\/uploads\/2022\/11\/3-683x1024-1.jpg\"><img loading=\"lazy\" decoding=\"async\" class=\"wp-image-259999 size-full\" src=\"https:\/\/oncubanews.com\/en\/wp-content\/uploads\/2022\/11\/3-683x1024-1.jpg\" alt=\"\" width=\"683\" height=\"1024\" srcset=\"https:\/\/oncubanews.com\/en\/wp-content\/uploads\/2022\/11\/3-683x1024-1.jpg 683w, https:\/\/oncubanews.com\/en\/wp-content\/uploads\/2022\/11\/3-683x1024-1-200x300.jpg 200w\" sizes=\"auto, (max-width: 683px) 100vw, 683px\" \/><\/a><figcaption id=\"caption-attachment-259999\" class=\"wp-caption-text\">In the Callej\u00f3n de los Milagros, Camag\u00fcey, 2022.<\/figcaption><\/figure>\n<p><strong><em>When did you first participate in the International New Latin American Film Festival? How did you live that experience? Anything in particular that has had a remarkable significance for you?<\/em><\/strong><\/p>\n<p>For those of us who live in the provinces, the International New Latin American Film Festival continues to be something exceptional. Not only because of the films you can see in a unique environment, but also because of the opportunities to exchange with professionals that you would otherwise never be close to. Now I could not specify which was my first festival. Perhaps it coincided with my entry to the Provincial Film Center in Camag\u00fcey, as head of the Promotion Department, which allowed me to receive aid for accommodation, transportation, etc. From the beginning the Festival seemed magical to me, but I had not yet had the opportunity to visit other festivals in the world, and discover that with this one in Havana there was something exceptional in terms of public response. A lot of movie theaters where, even with a journalist\u2019s credential, you have to figure out how to get into certain screenings. It was something really extravagant.<\/p>\n<figure id=\"attachment_260000\" aria-describedby=\"caption-attachment-260000\" style=\"width: 1000px\" class=\"wp-caption aligncenter\"><a href=\"https:\/\/oncubanews.com\/en\/wp-content\/uploads\/2022\/11\/2-1-1.jpg\"><img loading=\"lazy\" decoding=\"async\" class=\"wp-image-260000 size-full\" src=\"https:\/\/oncubanews.com\/en\/wp-content\/uploads\/2022\/11\/2-1-1.jpg\" alt=\"\" width=\"1000\" height=\"563\" srcset=\"https:\/\/oncubanews.com\/en\/wp-content\/uploads\/2022\/11\/2-1-1.jpg 1000w, https:\/\/oncubanews.com\/en\/wp-content\/uploads\/2022\/11\/2-1-1-300x169.jpg 300w, https:\/\/oncubanews.com\/en\/wp-content\/uploads\/2022\/11\/2-1-1-768x432.jpg 768w, https:\/\/oncubanews.com\/en\/wp-content\/uploads\/2022\/11\/2-1-1-750x422.jpg 750w\" sizes=\"auto, (max-width: 1000px) 100vw, 1000px\" \/><\/a><figcaption id=\"caption-attachment-260000\" class=\"wp-caption-text\">Photoshoot of the documentary \u201cSimulacro\u201d (2018), by Laura Batista.<\/figcaption><\/figure>\n<p><strong><em>You have participated in universities and international congresses with lectures and presentations on Cuban cinema. Is there a real interest in the aesthetic category of our cinema or is the public that attends these events more motivated to learn how life is lived in Cuba?<\/em><\/strong><\/p>\n<p>There is everything. There are people who resort to cinema made by Cubans to get an idea of \u200b\u200bhow life is lived in Cuba. But there is also a remarkable group of scholars who have managed to create a large body of ideas. I remember that at some point I commented that Cuban cinema was much better studied outside Cuba than inside Cuba. In countries like the United States, the United Kingdom and France, for example, you can find a lot of research that, unfortunately, is not yet known or discussed in our country. Today things have changed, and you can already find a vast bibliography within Cuba in which a growing theoretical maturity is revealed, but the debate on the ideas that preceded us remains pending. Above all, the ideas that circulate in the academic circles, which are the ones that originated in these countries that I mentioned to you.<\/p>\n<p><strong><em>I see that one of your books is titled <\/em><\/strong><strong>Cine cubano de los sesenta: mito y realidad<em>. Is it a myth that the 1960s gave rise to some of the most notable films in our history: <\/em>Las doce sillas<em> (Tit\u00f3n, 1962), <\/em>Cicl\u00f3n<em> (Santiago \u00c1lvarez, 1963), <\/em>Hanoi, martes 13<em> (Santiago \u00c1lvarez, 1965), <\/em>Now<em> (Santiago \u00c1lvarez, 1965), <\/em>Muerte de un bur\u00f3crata<em> (Tit\u00f3n, 1966), <\/em>Manuela<em> (Sol\u00e1s, 1966), <\/em>La hora de los hornos<em> (Santiago \u00c1lvarez, 1966), <\/em>Las Aventuras de Juan Quin Quin<em> (Julio Garc\u00eda Espinosa, 1967), <\/em>Memories of Underdevelopment<em> (Tit\u00f3n, 1968), <\/em>Luc\u00eda<em> (Sol\u00e1s, 1968).\u2026 How to explain such a creative explosion in such a short time, when the national cinematography was at the dawn of the industry?<\/em><\/strong><\/p>\n<p>That is precisely one of the paradoxes that I have tried to discuss in that book you mention. The Cuban cinema of the 1960s made by the ICAIC was accompanying one of the political processes that has most impacted the imaginary of that 20th century: the revolution led by Fidel Castro. And it is assumed that when ICAIC was born it had much of an experiment, like the revolution itself. As a result, the documentary school was able to stand out, but not fiction cinema, which only achieved what are still our great classics towards the end of the decade (specifically around 1968): <em>Memories of Underdevelopment<\/em>, <em>Luc\u00eda, Las aventuras de Juan Quin Quin,\u00a0<\/em>and\u00a0<em>La primera carga al machete<\/em>. Now, insisting on granting the character of a \u201cprodigious decade\u201d to what, by obligation, had to respond to learning, is almost a request for principles where the providential would be explaining the magnitude of what has been achieved. And that does not leave me satisfied, because the approach to cinema is supposed to be multidimensional, and not from idealism and teleology, but from rigorous observation.<\/p>\n<figure id=\"attachment_260001\" aria-describedby=\"caption-attachment-260001\" style=\"width: 960px\" class=\"wp-caption aligncenter\"><a href=\"https:\/\/oncubanews.com\/en\/wp-content\/uploads\/2022\/11\/5-1.jpg\"><img loading=\"lazy\" decoding=\"async\" class=\"wp-image-260001 size-full\" src=\"https:\/\/oncubanews.com\/en\/wp-content\/uploads\/2022\/11\/5-1.jpg\" alt=\"\" width=\"960\" height=\"640\" srcset=\"https:\/\/oncubanews.com\/en\/wp-content\/uploads\/2022\/11\/5-1.jpg 960w, https:\/\/oncubanews.com\/en\/wp-content\/uploads\/2022\/11\/5-1-300x200.jpg 300w, https:\/\/oncubanews.com\/en\/wp-content\/uploads\/2022\/11\/5-1-768x512.jpg 768w, https:\/\/oncubanews.com\/en\/wp-content\/uploads\/2022\/11\/5-1-750x500.jpg 750w\" sizes=\"auto, (max-width: 960px) 100vw, 960px\" \/><\/a><figcaption id=\"caption-attachment-260001\" class=\"wp-caption-text\">With Tom\u00e1s Guti\u00e9rrez Alea (Tit\u00f3n) during the filming in Camag\u00fcey of some sequences of the film \u201cGuantanamera\u201d in 1995.<\/figcaption><\/figure>\n<p><strong><em>Tell us briefly about the Digital Encyclopedia of the Cuban Audiovisual (ENDAC). Its gestation, its ups and downs, its current state. Do you think it could become your life\u2019s work?<\/em><\/strong><\/p>\n<p>The <a href=\"https:\/\/endac.org\/\"><strong>Enciclopedia Digital del Audiovisual Cubano<\/strong><\/a> (Digital Encyclopedia of the Cuban Audiovisual), as a platform, is in a good moment. It\u2019s wrong for me to say it, but I think it\u2019s the only place where you can find the same information about silent movies in Cuba, the pre-revolutionary films, the ones made after 1959, inside or outside the island, or information about the movie theaters, publications, the technologies used, socialization spaces such as film clubs or festivals. What is making the difference in terms of ENDAC is the proposal that it makes of what I call \u201cthe nation\u2019s audiovisual body,\u201d which would be much more than those stories of \u201cnational cinema\u201d that have dominated and continue to dominate up to now. in our studies on the Cuban audiovisual. For me, the \u201caudiovisual body of the nation\u201d is a kind of Borgean Aleph that allows us to bring together, and at the same time radiate, all that infinite diversity of practices associated with the production and consumption of moving pictures linked to Cuba. Personally, it has been a kind of Copernican revolution, insofar as it has allowed me to appreciate this production (with all its modalities) through the transnational approach, articulating the diverse in a single platform that, however, could not be more flexible. While in other places iron borders are being established (ICAIC, Young Cinema, Diaspora Cinema, etc.), here what we want is to abolish that feeling that, to go from one place to another, you have to go through customs, with the cultural police asking for the documentation that identifies you (that is, labels you). On the other hand, the most interesting thing about the ENDAC is that it will always be under permanent construction. I think that more than a database it is a knowledge base. Sure, it will work better to the extent that others contribute to its growth; but, unfortunately, our relationship with the Digital Humanities is still precarious. This is a project that is online thanks to the support of Alex Halkin, director of the Americas Media Initiative, who one day decided to support it, because here in Cuba I never found institutional support, and today I continue to update it independently from Los Coquitos, a community away from the urban center of Camag\u00fcey. I wish I could find at some point the support that allows me to dedicate all my strength to it, because, obviously, a project of this type cannot be sustained with good intentions alone.<\/p>\n<p><strong><em>How does cinema participate in the construction of identity? What is stable and what is mutating in the construction of identity? Can Cuban cinema be compared with Mexican or Argentine cinema, which in the last century contributed to creating national stereotypes that are still used today?<\/em><\/strong><\/p>\n<p>Here I could return to some of the issues that I mentioned in the previous answer. For me, identity is something that is constantly under construction, because there are Cubans who, in the midst of the snow, continue to assume that they belong to that imagined community that we call Cuba. For me, <em>El Super<\/em> (1979), by Le\u00f3n Ichaso and Orlando Jim\u00e9nez Leal, is as Cuban as <em>Memories of Underdevelopment<\/em>. And although these filmmakers have had to insert themselves into a foreign context, deal with a language that they do not master at the beginning, and with cultural practices that have nothing to do with their own, they continue to build that Cubanness that I prefer to associate with mystery, instead of offering definitions that impoverish or imprison it conceptually.<\/p>\n<p><strong><em>Has the Cuban public lost its predilection for its cinema?<\/em><\/strong><\/p>\n<p>I prefer to be cautious when answering that. I would lack scientific tools to prove one thing or the other, but if I let myself be carried away by impressionism, I think not. Although something is real: now the Cuban public does not have greater autonomy to access the cinema they want, and obviously, the audiovisual that Cubans make has very few resources compared to those used by the dominant cinema when it comes to promoting itself.<\/p>\n<p><strong><em>Are you still working on the biography of Tom\u00e1s Guti\u00e9rrez Alea? Obstacles? Incitements?<\/em><\/strong><\/p>\n<p>I finished a first version that is 800 pages long, but I\u2019m still not satisfied. I never wanted it to be used as a biography, but rather an intellectual biography that allows us to examine the time that Tit\u00f3n lived through, from the most diverse angles. I have published a first part thanks to Oriente publishers, and some fragments on my social networks. But I still haven\u2019t decided to deliver what\u2019s ready.<\/p>\n<figure id=\"attachment_260002\" aria-describedby=\"caption-attachment-260002\" style=\"width: 200px\" class=\"wp-caption aligncenter\"><a href=\"https:\/\/oncubanews.com\/en\/wp-content\/uploads\/2022\/11\/6-1.jpg\"><img loading=\"lazy\" decoding=\"async\" class=\"size-full wp-image-260002\" src=\"https:\/\/oncubanews.com\/en\/wp-content\/uploads\/2022\/11\/6-1.jpg\" alt=\"\" width=\"200\" height=\"300\" \/><\/a><figcaption id=\"caption-attachment-260002\" class=\"wp-caption-text\">Book cover.<\/figcaption><\/figure>\n<figure id=\"attachment_260003\" aria-describedby=\"caption-attachment-260003\" style=\"width: 209px\" class=\"wp-caption aligncenter\"><a href=\"https:\/\/oncubanews.com\/en\/wp-content\/uploads\/2022\/11\/7-1.jpg\"><img loading=\"lazy\" decoding=\"async\" class=\"size-full wp-image-260003\" src=\"https:\/\/oncubanews.com\/en\/wp-content\/uploads\/2022\/11\/7-1.jpg\" alt=\"\" width=\"209\" height=\"300\" \/><\/a><figcaption id=\"caption-attachment-260003\" class=\"wp-caption-text\">Book cover.<\/figcaption><\/figure>\n<figure id=\"attachment_260004\" aria-describedby=\"caption-attachment-260004\" style=\"width: 188px\" class=\"wp-caption aligncenter\"><a href=\"https:\/\/oncubanews.com\/en\/wp-content\/uploads\/2022\/11\/8-1.jpg\"><img loading=\"lazy\" decoding=\"async\" class=\"size-full wp-image-260004\" src=\"https:\/\/oncubanews.com\/en\/wp-content\/uploads\/2022\/11\/8-1.jpg\" alt=\"\" width=\"188\" height=\"300\" \/><\/a><figcaption id=\"caption-attachment-260004\" class=\"wp-caption-text\">Book cover.<\/figcaption><\/figure>\n<p><strong><em>In the future, will it be possible to fully understand how we Cubans were in these last six decades without dusting off the audiovisual archives produced in the country?<\/em><\/strong><\/p>\n<p>But I would not speak only of six decades. The entire history of that cinema made by Cubans since the cinematographer arrived on the island at the hands of Gabriel Veyre, has been describing how we have been, or how we have wanted to be. Sometimes even by default. It is then necessary to preserve all that set of images and encourage critical thinking that examines them in depth.<\/p>\n<p><strong><em>How do you imagine yourself ten years from now?<\/em><\/strong><\/p>\n<p>Well, I\u2019ve always considered myself a tragic optimist. That means that every day I wake up with the feeling that I woke up alive by a pure miracle, and immediately, grateful, I start working on what I like, which is writing, especially about Cuban cinema. So, if I get there, I\u2019ll probably be surprised at the same thing: writing. I don\u2019t know where, but what I can\u2019t imagine is doing something else. Of course, there is that old proverb that I like so much: \u201cGod laughs at us when he sees us think.\u201d<\/p>\n","protected":false},"excerpt":{"rendered":"<p>Juani is a lovable guy, easily accessible and, at the same time, a solid intellectual and a thinker of the national reality.<\/p>\n","protected":false},"author":3770,"featured_media":259997,"comment_status":"open","ping_status":"closed","sticky":false,"template":"","format":"standard","meta":{"_acf_changed":false,"footnotes":""},"categories":[13921,33],"tags":[14978,34588],"ppma_author":[34037],"class_list":["post-259995","post","type-post","status-publish","format-standard","has-post-thumbnail","hentry","category-cinema","category-culture","tag-cuban-cinema","tag-juan-antonio-garcia-borrero"],"acf":[],"yoast_head":"<!-- This site is optimized with the Yoast SEO plugin v27.3 - https:\/\/yoast.com\/product\/yoast-seo-wordpress\/ -->\n<title>Juan Antonio Garc\u00eda Borrero: \u201cGod laughs at us when he sees us think\u201d | OnCubaNews English<\/title>\n<meta name=\"description\" content=\"Juani is a lovable guy, easily accessible and, at the same time, a solid intellectual and a thinker of the national reality.\" \/>\n<meta name=\"robots\" content=\"index, follow, max-snippet:-1, max-image-preview:large, max-video-preview:-1\" \/>\n<link rel=\"canonical\" href=\"https:\/\/oncubanews.com\/en\/culture\/juan-antonio-garcia-borrero-god-laughs-at-us-when-he-sees-us-think\/\" \/>\n<meta property=\"og:locale\" content=\"en_US\" \/>\n<meta property=\"og:type\" content=\"article\" \/>\n<meta property=\"og:title\" content=\"Juan Antonio Garc\u00eda Borrero: \u201cGod laughs at us when he sees us think\u201d | OnCubaNews English\" \/>\n<meta property=\"og:description\" content=\"Juani is a lovable guy, easily accessible and, at the same time, a solid intellectual and a thinker of the national reality.\" \/>\n<meta property=\"og:url\" content=\"https:\/\/oncubanews.com\/en\/culture\/juan-antonio-garcia-borrero-god-laughs-at-us-when-he-sees-us-think\/\" \/>\n<meta property=\"og:site_name\" content=\"OnCubaNews English\" \/>\n<meta property=\"article:published_time\" content=\"2022-11-07T22:16:30+00:00\" \/>\n<meta property=\"og:image\" content=\"https:\/\/oncubanews.com\/en\/wp-content\/uploads\/2022\/11\/4-1.jpg\" \/>\n\t<meta property=\"og:image:width\" content=\"720\" \/>\n\t<meta property=\"og:image:height\" content=\"576\" \/>\n\t<meta property=\"og:image:type\" content=\"image\/jpeg\" \/>\n<meta name=\"author\" content=\"Alex Fleites\" \/>\n<meta name=\"twitter:card\" content=\"summary_large_image\" \/>\n<meta name=\"twitter:label1\" content=\"Written by\" \/>\n\t<meta name=\"twitter:data1\" content=\"Alex Fleites\" \/>\n\t<meta name=\"twitter:label2\" content=\"Est. reading time\" \/>\n\t<meta name=\"twitter:data2\" content=\"14 minutes\" \/>\n<script type=\"application\/ld+json\" class=\"yoast-schema-graph\">{\"@context\":\"https:\\\/\\\/schema.org\",\"@graph\":[{\"@type\":\"Article\",\"@id\":\"https:\\\/\\\/oncubanews.com\\\/en\\\/culture\\\/juan-antonio-garcia-borrero-god-laughs-at-us-when-he-sees-us-think\\\/#article\",\"isPartOf\":{\"@id\":\"https:\\\/\\\/oncubanews.com\\\/en\\\/culture\\\/juan-antonio-garcia-borrero-god-laughs-at-us-when-he-sees-us-think\\\/\"},\"author\":{\"name\":\"Alex Fleites\",\"@id\":\"https:\\\/\\\/oncubanews.com\\\/en\\\/#\\\/schema\\\/person\\\/cb04d1f85ac3ee88a3878440dfda7c04\"},\"headline\":\"Juan Antonio Garc\u00eda Borrero: \u201cGod laughs at us when he sees us think\u201d\",\"datePublished\":\"2022-11-07T22:16:30+00:00\",\"mainEntityOfPage\":{\"@id\":\"https:\\\/\\\/oncubanews.com\\\/en\\\/culture\\\/juan-antonio-garcia-borrero-god-laughs-at-us-when-he-sees-us-think\\\/\"},\"wordCount\":2836,\"commentCount\":0,\"image\":{\"@id\":\"https:\\\/\\\/oncubanews.com\\\/en\\\/culture\\\/juan-antonio-garcia-borrero-god-laughs-at-us-when-he-sees-us-think\\\/#primaryimage\"},\"thumbnailUrl\":\"https:\\\/\\\/oncubanews.com\\\/en\\\/wp-content\\\/uploads\\\/2022\\\/11\\\/4-1.jpg\",\"keywords\":[\"cuban cinema\",\"Juan Antonio Garc\u00eda Borrero\"],\"articleSection\":[\"Cinema\",\"Culture\"],\"inLanguage\":\"en-US\",\"potentialAction\":[{\"@type\":\"CommentAction\",\"name\":\"Comment\",\"target\":[\"https:\\\/\\\/oncubanews.com\\\/en\\\/culture\\\/juan-antonio-garcia-borrero-god-laughs-at-us-when-he-sees-us-think\\\/#respond\"]}],\"copyrightYear\":\"2022\",\"copyrightHolder\":{\"@id\":\"https:\\\/\\\/oncubanews.com\\\/en\\\/#organization\"}},{\"@type\":\"WebPage\",\"@id\":\"https:\\\/\\\/oncubanews.com\\\/en\\\/culture\\\/juan-antonio-garcia-borrero-god-laughs-at-us-when-he-sees-us-think\\\/\",\"url\":\"https:\\\/\\\/oncubanews.com\\\/en\\\/culture\\\/juan-antonio-garcia-borrero-god-laughs-at-us-when-he-sees-us-think\\\/\",\"name\":\"Juan Antonio Garc\u00eda Borrero: \u201cGod laughs at us when he sees us think\u201d | OnCubaNews English\",\"isPartOf\":{\"@id\":\"https:\\\/\\\/oncubanews.com\\\/en\\\/#website\"},\"primaryImageOfPage\":{\"@id\":\"https:\\\/\\\/oncubanews.com\\\/en\\\/culture\\\/juan-antonio-garcia-borrero-god-laughs-at-us-when-he-sees-us-think\\\/#primaryimage\"},\"image\":{\"@id\":\"https:\\\/\\\/oncubanews.com\\\/en\\\/culture\\\/juan-antonio-garcia-borrero-god-laughs-at-us-when-he-sees-us-think\\\/#primaryimage\"},\"thumbnailUrl\":\"https:\\\/\\\/oncubanews.com\\\/en\\\/wp-content\\\/uploads\\\/2022\\\/11\\\/4-1.jpg\",\"datePublished\":\"2022-11-07T22:16:30+00:00\",\"author\":{\"@id\":\"https:\\\/\\\/oncubanews.com\\\/en\\\/#\\\/schema\\\/person\\\/cb04d1f85ac3ee88a3878440dfda7c04\"},\"description\":\"Juani is a lovable guy, easily accessible and, at the same time, a solid intellectual and a thinker of the national reality.\",\"breadcrumb\":{\"@id\":\"https:\\\/\\\/oncubanews.com\\\/en\\\/culture\\\/juan-antonio-garcia-borrero-god-laughs-at-us-when-he-sees-us-think\\\/#breadcrumb\"},\"inLanguage\":\"en-US\",\"potentialAction\":[{\"@type\":\"ReadAction\",\"target\":[\"https:\\\/\\\/oncubanews.com\\\/en\\\/culture\\\/juan-antonio-garcia-borrero-god-laughs-at-us-when-he-sees-us-think\\\/\"]}]},{\"@type\":\"ImageObject\",\"inLanguage\":\"en-US\",\"@id\":\"https:\\\/\\\/oncubanews.com\\\/en\\\/culture\\\/juan-antonio-garcia-borrero-god-laughs-at-us-when-he-sees-us-think\\\/#primaryimage\",\"url\":\"https:\\\/\\\/oncubanews.com\\\/en\\\/wp-content\\\/uploads\\\/2022\\\/11\\\/4-1.jpg\",\"contentUrl\":\"https:\\\/\\\/oncubanews.com\\\/en\\\/wp-content\\\/uploads\\\/2022\\\/11\\\/4-1.jpg\",\"width\":720,\"height\":576,\"caption\":\"At the 13th Nicol\u00e1s Guill\u00e9n International Colloquium, presenting the webpage of the Digital Encyclopedia of Cuban Audiovisual dedicated to the poet. Camag\u00fcey, July 2022.\"},{\"@type\":\"BreadcrumbList\",\"@id\":\"https:\\\/\\\/oncubanews.com\\\/en\\\/culture\\\/juan-antonio-garcia-borrero-god-laughs-at-us-when-he-sees-us-think\\\/#breadcrumb\",\"itemListElement\":[{\"@type\":\"ListItem\",\"position\":1,\"name\":\"Portada\",\"item\":\"https:\\\/\\\/oncubanews.com\\\/en\\\/\"},{\"@type\":\"ListItem\",\"position\":2,\"name\":\"Juan Antonio Garc\u00eda Borrero: \u201cGod laughs at us when he sees us think\u201d\"}]},{\"@type\":\"WebSite\",\"@id\":\"https:\\\/\\\/oncubanews.com\\\/en\\\/#website\",\"url\":\"https:\\\/\\\/oncubanews.com\\\/en\\\/\",\"name\":\"OnCubaNews English\",\"description\":\"Revista sobre Cuba\",\"potentialAction\":[{\"@type\":\"SearchAction\",\"target\":{\"@type\":\"EntryPoint\",\"urlTemplate\":\"https:\\\/\\\/oncubanews.com\\\/en\\\/?s={search_term_string}\"},\"query-input\":{\"@type\":\"PropertyValueSpecification\",\"valueRequired\":true,\"valueName\":\"search_term_string\"}}],\"inLanguage\":\"en-US\"},{\"@type\":\"Person\",\"@id\":\"https:\\\/\\\/oncubanews.com\\\/en\\\/#\\\/schema\\\/person\\\/cb04d1f85ac3ee88a3878440dfda7c04\",\"name\":\"Alex Fleites\",\"image\":{\"@type\":\"ImageObject\",\"inLanguage\":\"en-US\",\"@id\":\"https:\\\/\\\/oncubanews.com\\\/wp-content\\\/uploads\\\/2023\\\/02\\\/alex-fleites-1-96x96.png5a0f0d5dc6c0ba86228d2ce99679b064\",\"url\":\"https:\\\/\\\/oncubanews.com\\\/wp-content\\\/uploads\\\/2023\\\/02\\\/alex-fleites-1-96x96.png\",\"contentUrl\":\"https:\\\/\\\/oncubanews.com\\\/wp-content\\\/uploads\\\/2023\\\/02\\\/alex-fleites-1-96x96.png\",\"caption\":\"Alex Fleites\"},\"description\":\"Poeta, curador de arte y editor afincado en La Habana.\",\"url\":\"https:\\\/\\\/oncubanews.com\\\/en\\\/author\\\/alexfleites1\\\/\"}]}<\/script>\n<!-- \/ Yoast SEO plugin. -->","yoast_head_json":{"title":"Juan Antonio Garc\u00eda Borrero: \u201cGod laughs at us when he sees us think\u201d | OnCubaNews English","description":"Juani is a lovable guy, easily accessible and, at the same time, a solid intellectual and a thinker of the national reality.","robots":{"index":"index","follow":"follow","max-snippet":"max-snippet:-1","max-image-preview":"max-image-preview:large","max-video-preview":"max-video-preview:-1"},"canonical":"https:\/\/oncubanews.com\/en\/culture\/juan-antonio-garcia-borrero-god-laughs-at-us-when-he-sees-us-think\/","og_locale":"en_US","og_type":"article","og_title":"Juan Antonio Garc\u00eda Borrero: \u201cGod laughs at us when he sees us think\u201d | OnCubaNews English","og_description":"Juani is a lovable guy, easily accessible and, at the same time, a solid intellectual and a thinker of the national reality.","og_url":"https:\/\/oncubanews.com\/en\/culture\/juan-antonio-garcia-borrero-god-laughs-at-us-when-he-sees-us-think\/","og_site_name":"OnCubaNews English","article_published_time":"2022-11-07T22:16:30+00:00","og_image":[{"width":720,"height":576,"url":"https:\/\/oncubanews.com\/en\/wp-content\/uploads\/2022\/11\/4-1.jpg","type":"image\/jpeg"}],"author":"Alex Fleites","twitter_card":"summary_large_image","twitter_misc":{"Written by":"Alex Fleites","Est. reading time":"14 minutes"},"schema":{"@context":"https:\/\/schema.org","@graph":[{"@type":"Article","@id":"https:\/\/oncubanews.com\/en\/culture\/juan-antonio-garcia-borrero-god-laughs-at-us-when-he-sees-us-think\/#article","isPartOf":{"@id":"https:\/\/oncubanews.com\/en\/culture\/juan-antonio-garcia-borrero-god-laughs-at-us-when-he-sees-us-think\/"},"author":{"name":"Alex Fleites","@id":"https:\/\/oncubanews.com\/en\/#\/schema\/person\/cb04d1f85ac3ee88a3878440dfda7c04"},"headline":"Juan Antonio Garc\u00eda Borrero: \u201cGod laughs at us when he sees us think\u201d","datePublished":"2022-11-07T22:16:30+00:00","mainEntityOfPage":{"@id":"https:\/\/oncubanews.com\/en\/culture\/juan-antonio-garcia-borrero-god-laughs-at-us-when-he-sees-us-think\/"},"wordCount":2836,"commentCount":0,"image":{"@id":"https:\/\/oncubanews.com\/en\/culture\/juan-antonio-garcia-borrero-god-laughs-at-us-when-he-sees-us-think\/#primaryimage"},"thumbnailUrl":"https:\/\/oncubanews.com\/en\/wp-content\/uploads\/2022\/11\/4-1.jpg","keywords":["cuban cinema","Juan Antonio Garc\u00eda Borrero"],"articleSection":["Cinema","Culture"],"inLanguage":"en-US","potentialAction":[{"@type":"CommentAction","name":"Comment","target":["https:\/\/oncubanews.com\/en\/culture\/juan-antonio-garcia-borrero-god-laughs-at-us-when-he-sees-us-think\/#respond"]}],"copyrightYear":"2022","copyrightHolder":{"@id":"https:\/\/oncubanews.com\/en\/#organization"}},{"@type":"WebPage","@id":"https:\/\/oncubanews.com\/en\/culture\/juan-antonio-garcia-borrero-god-laughs-at-us-when-he-sees-us-think\/","url":"https:\/\/oncubanews.com\/en\/culture\/juan-antonio-garcia-borrero-god-laughs-at-us-when-he-sees-us-think\/","name":"Juan Antonio Garc\u00eda Borrero: \u201cGod laughs at us when he sees us think\u201d | OnCubaNews English","isPartOf":{"@id":"https:\/\/oncubanews.com\/en\/#website"},"primaryImageOfPage":{"@id":"https:\/\/oncubanews.com\/en\/culture\/juan-antonio-garcia-borrero-god-laughs-at-us-when-he-sees-us-think\/#primaryimage"},"image":{"@id":"https:\/\/oncubanews.com\/en\/culture\/juan-antonio-garcia-borrero-god-laughs-at-us-when-he-sees-us-think\/#primaryimage"},"thumbnailUrl":"https:\/\/oncubanews.com\/en\/wp-content\/uploads\/2022\/11\/4-1.jpg","datePublished":"2022-11-07T22:16:30+00:00","author":{"@id":"https:\/\/oncubanews.com\/en\/#\/schema\/person\/cb04d1f85ac3ee88a3878440dfda7c04"},"description":"Juani is a lovable guy, easily accessible and, at the same time, a solid intellectual and a thinker of the national reality.","breadcrumb":{"@id":"https:\/\/oncubanews.com\/en\/culture\/juan-antonio-garcia-borrero-god-laughs-at-us-when-he-sees-us-think\/#breadcrumb"},"inLanguage":"en-US","potentialAction":[{"@type":"ReadAction","target":["https:\/\/oncubanews.com\/en\/culture\/juan-antonio-garcia-borrero-god-laughs-at-us-when-he-sees-us-think\/"]}]},{"@type":"ImageObject","inLanguage":"en-US","@id":"https:\/\/oncubanews.com\/en\/culture\/juan-antonio-garcia-borrero-god-laughs-at-us-when-he-sees-us-think\/#primaryimage","url":"https:\/\/oncubanews.com\/en\/wp-content\/uploads\/2022\/11\/4-1.jpg","contentUrl":"https:\/\/oncubanews.com\/en\/wp-content\/uploads\/2022\/11\/4-1.jpg","width":720,"height":576,"caption":"At the 13th Nicol\u00e1s Guill\u00e9n International Colloquium, presenting the webpage of the Digital Encyclopedia of Cuban Audiovisual dedicated to the poet. Camag\u00fcey, July 2022."},{"@type":"BreadcrumbList","@id":"https:\/\/oncubanews.com\/en\/culture\/juan-antonio-garcia-borrero-god-laughs-at-us-when-he-sees-us-think\/#breadcrumb","itemListElement":[{"@type":"ListItem","position":1,"name":"Portada","item":"https:\/\/oncubanews.com\/en\/"},{"@type":"ListItem","position":2,"name":"Juan Antonio Garc\u00eda Borrero: \u201cGod laughs at us when he sees us think\u201d"}]},{"@type":"WebSite","@id":"https:\/\/oncubanews.com\/en\/#website","url":"https:\/\/oncubanews.com\/en\/","name":"OnCubaNews English","description":"Revista sobre Cuba","potentialAction":[{"@type":"SearchAction","target":{"@type":"EntryPoint","urlTemplate":"https:\/\/oncubanews.com\/en\/?s={search_term_string}"},"query-input":{"@type":"PropertyValueSpecification","valueRequired":true,"valueName":"search_term_string"}}],"inLanguage":"en-US"},{"@type":"Person","@id":"https:\/\/oncubanews.com\/en\/#\/schema\/person\/cb04d1f85ac3ee88a3878440dfda7c04","name":"Alex Fleites","image":{"@type":"ImageObject","inLanguage":"en-US","@id":"https:\/\/oncubanews.com\/wp-content\/uploads\/2023\/02\/alex-fleites-1-96x96.png5a0f0d5dc6c0ba86228d2ce99679b064","url":"https:\/\/oncubanews.com\/wp-content\/uploads\/2023\/02\/alex-fleites-1-96x96.png","contentUrl":"https:\/\/oncubanews.com\/wp-content\/uploads\/2023\/02\/alex-fleites-1-96x96.png","caption":"Alex Fleites"},"description":"Poeta, curador de arte y editor afincado en La Habana.","url":"https:\/\/oncubanews.com\/en\/author\/alexfleites1\/"}]}},"authors":[{"term_id":34037,"user_id":3770,"is_guest":0,"slug":"alexfleites1","display_name":"Alex Fleites","avatar_url":"https:\/\/oncubanews.com\/wp-content\/uploads\/2023\/02\/alex-fleites-1-96x96.png","0":null,"1":"","2":"","3":"","4":"","5":"","6":"","7":"","8":""}],"_links":{"self":[{"href":"https:\/\/oncubanews.com\/en\/wp-json\/wp\/v2\/posts\/259995","targetHints":{"allow":["GET"]}}],"collection":[{"href":"https:\/\/oncubanews.com\/en\/wp-json\/wp\/v2\/posts"}],"about":[{"href":"https:\/\/oncubanews.com\/en\/wp-json\/wp\/v2\/types\/post"}],"author":[{"embeddable":true,"href":"https:\/\/oncubanews.com\/en\/wp-json\/wp\/v2\/users\/3770"}],"replies":[{"embeddable":true,"href":"https:\/\/oncubanews.com\/en\/wp-json\/wp\/v2\/comments?post=259995"}],"version-history":[{"count":2,"href":"https:\/\/oncubanews.com\/en\/wp-json\/wp\/v2\/posts\/259995\/revisions"}],"predecessor-version":[{"id":260005,"href":"https:\/\/oncubanews.com\/en\/wp-json\/wp\/v2\/posts\/259995\/revisions\/260005"}],"wp:featuredmedia":[{"embeddable":true,"href":"https:\/\/oncubanews.com\/en\/wp-json\/wp\/v2\/media\/259997"}],"wp:attachment":[{"href":"https:\/\/oncubanews.com\/en\/wp-json\/wp\/v2\/media?parent=259995"}],"wp:term":[{"taxonomy":"category","embeddable":true,"href":"https:\/\/oncubanews.com\/en\/wp-json\/wp\/v2\/categories?post=259995"},{"taxonomy":"post_tag","embeddable":true,"href":"https:\/\/oncubanews.com\/en\/wp-json\/wp\/v2\/tags?post=259995"},{"taxonomy":"author","embeddable":true,"href":"https:\/\/oncubanews.com\/en\/wp-json\/wp\/v2\/ppma_author?post=259995"}],"curies":[{"name":"wp","href":"https:\/\/api.w.org\/{rel}","templated":true}]}}